{"id":922934,"date":"2022-01-19T00:00:00","date_gmt":"2022-01-19T03:00:00","guid":{"rendered":"https:\/\/www.estrategiaconcursos.com.br\/blog\/?p=922934"},"modified":"2023-03-02T16:22:43","modified_gmt":"2023-03-02T19:22:43","slug":"concurso-pgm-presidente-prudente","status":"publish","type":"post","link":"https:\/\/www.estrategiaconcursos.com.br\/blog\/concurso-pgm-presidente-prudente\/","title":{"rendered":"Concurso PGM Presidente Prudente: inscri\u00e7\u00f5es encerradas"},"content":{"rendered":"\n<p><strong>Est\u00e3o encerradas as inscri\u00e7\u00f5es do <a href=\"https:\/\/youtu.be\/euR2DXQrb70\" target=\"_blank\" rel=\"noreferrer noopener\">concurso PGM Presidente Prudente<\/a>. <\/strong>A sele\u00e7\u00e3o ser\u00e1 composta por prova objetiva, de car\u00e1ter eliminat\u00f3rio e classificat\u00f3rio e prova pr\u00e1tico-profissional. A aplica\u00e7\u00e3o est\u00e1 prevista para o dia\u00a0<strong>6 de mar\u00e7o de 2022.<\/strong><\/p>\n\n\n\n<p>O certame oferta <strong>uma vaga para o cargo de Procurador Municipal<\/strong>, com sal\u00e1rio inicial de R$ 8.189,93, por 40h de trabalho. <\/p>\n\n\n\n<ul class=\"wp-block-list\">\n<li><strong>Concurso PGM Presidente Prudente<\/strong><\/li>\n\n\n\n<li><strong>Status:<\/strong> inscri\u00e7\u00f5es encerradas<\/li>\n\n\n\n<li><strong>Banca:&nbsp;<\/strong>Vunesp<\/li>\n\n\n\n<li><strong>Vagas:&nbsp;<\/strong>1<\/li>\n\n\n\n<li><strong>Sal\u00e1rio inicial:<\/strong>&nbsp;R$ 8.189,93<\/li>\n\n\n\n<li><a href=\"https:\/\/dhg1h5j42swfq.cloudfront.net\/2021\/12\/06073425\/pgm-presidente-prudente-sp.pdf\" target=\"_blank\" rel=\"noreferrer noopener\">Edital PGM Presidente Prudente<\/a><\/li>\n<\/ul>\n\n\n\n<p>A validade do concurso ser\u00e1 de dois anos, com possibilidade de prorroga\u00e7\u00e3o por igual per\u00edodo. Enquanto o resultado final estiver v\u00e1lido, a prefeitura poder\u00e1 convocar aprovados para suprir a necessidade de novos servidores.<\/p>\n\n\n\n<div class=\"container\" id=\"boxes\">\n  <div class=\"row\">\n\n    <div class=\"col-sm\">\n      <div class=\"banner-ecj\" id=\"box-assinatura\">\n        <h3 class=\"titulo-assinatura\">Curso para PGM Presidente Prudente <\/h3>\n        <p class=\"subtitulo-assinatura\">Cursos focados no edital do concurso<\/p>\n        <div class=\"box-botao\">\n          <a class=\"btn-assinatura\" target=\"_blank\" href=\"https:\/\/www.estrategiaconcursos.com.br\/cursosPorConcurso\/pgm-presidente-prudente-sp\/\" role=\"button\" rel=\"noopener noreferrer\">Conhe\u00e7a mais<\/a>\n        <\/div>\n      <\/div>\n     \n    <\/div>\n\n  <\/div>\n<\/div>\n\n\n\n<ul class=\"wp-block-list\">\n<li><a href=\"#atual\">Situa\u00e7\u00e3o atual<\/a><\/li>\n\n\n\n<li><a href=\"#carreira\">Carreira<\/a><ul><li><a href=\"#cargo\">Cargos e Vagas<\/a><\/li><\/ul>\n<ul class=\"wp-block-list\">\n<li><a href=\"#salario\">Sal\u00e1rios e Benef\u00edcios<\/a> <\/li>\n\n\n\n<li><a href=\"#requisito\">Requisito<\/a><\/li>\n\n\n\n<li><a href=\"#atribui\u00e7\u00e3o\">Atribui\u00e7\u00f5es do cargo<\/a><\/li>\n<\/ul>\n<\/li>\n\n\n\n<li><a href=\"#etapa\">Etapas do concurso<\/a> <\/li>\n\n\n\n<li><a href=\"#curso\">Cursos e Assinaturas<\/a><\/li>\n\n\n\n<li><a href=\"#ficha\">Ficha T\u00e9cnica<\/a><\/li>\n<\/ul>\n\n\n\n<h2 class=\"wp-block-heading\" id=\"atual\">Concurso PGM Presidente Prudente: situa\u00e7\u00e3o atual<\/h2>\n\n\n\n<p class=\"has-background\" style=\"background-color:#f7c539\"><strong>Inscri\u00e7\u00e3o: <s>17\/12\/2021 a 19\/01\/2022<\/s><br \/>Taxa: R$ 82,20<br \/>Prova:<\/strong> <strong>06\/03\/2022<\/strong><\/p>\n\n\n\n<h2 class=\"wp-block-heading\" id=\"carreira\">Concurso PGM Presidente Prudente: carreira<\/h2>\n\n\n\n<h3 class=\"wp-block-heading\" id=\"cargo\">Cargos e Vagas<\/h3>\n\n\n\n<ul class=\"wp-block-list\">\n<li>Procurador Municipal &#8211; 1 vagas<\/li>\n<\/ul>\n\n\n\n<h3 class=\"wp-block-heading\" id=\"salario\">Sal\u00e1rios e Benef\u00edcios <\/h3>\n\n\n\n<p>Procurador Municipal &#8211; R$ 8.189,93<\/p>\n\n\n\n<h3 class=\"wp-block-heading\" id=\"requisito\">Requisitos <\/h3>\n\n\n\n<p>Ensino Superior Completo em Direito e Registro no respectivo Conselho de Classe (OAB).<\/p>\n\n\n\n<h3 class=\"wp-block-heading\" id=\"atribui\u00e7\u00e3o\">Atribui\u00e7\u00f5es do cargo<\/h3>\n\n\n\n<ul class=\"wp-block-list\">\n<li>Representar o Munic\u00edpio em ju\u00edzo;<\/li>\n\n\n\n<li>Receber cita\u00e7\u00f5es, intima\u00e7\u00f5es e notifica\u00e7\u00f5es;<\/li>\n\n\n\n<li>Acompanhar o tr\u00e2mite processual, comparecendo em audi\u00eancias como representantes do Munic\u00edpio;<\/li>\n\n\n\n<li>Ajuizar a\u00e7\u00f5es contra terceiros e apresentar peti\u00e7\u00f5es em processos em geral;<\/li>\n\n\n\n<li>Apresentar recursos at\u00e9 a \u00faltima inst\u00e2ncia poss\u00edvel, junto aos Tribunais; desistir, transigir, firmar compromisso e<\/li>\n\n\n\n<li>confessar nas a\u00e7\u00f5es de interesse do Munic\u00edpio, autorizados pelo Prefeito Municipal;<\/li>\n\n\n\n<li>Representar o Munic\u00edpio junto ao Tribunal de Contas do Estado;<\/li>\n\n\n\n<li>Elaborar minutas de contratos, conv\u00eanios ou outros termos;<\/li>\n\n\n\n<li>Exarar parecer sobre a legalidade dos atos da administra\u00e7\u00e3o municipal;<\/li>\n\n\n\n<li>Estudar, analisar e interpretar dispositivos legais;<\/li>\n\n\n\n<li>Preparar informa\u00e7\u00f5es e pareceres em processos e expedientes diversos;<\/li>\n\n\n\n<li>Assessorar a Administra\u00e7\u00e3o Municipal em quest\u00f5es t\u00e9cnicas de Direito;<\/li>\n\n\n\n<li>Elaborar projetos de lei e suas mensagens, bem como decretos, portarias e atos normativos em geral;<\/li>\n\n\n\n<li>Desenvolver outras atividades correlatas e\/ou que venham a ser designadas por portaria do Secret\u00e1rio da pasta<\/li>\n<\/ul>\n\n\n\n<h2 class=\"wp-block-heading\" id=\"etapa\">Concurso PGM Presidente Prudente: etapas<\/h2>\n\n\n\n<h3 class=\"wp-block-heading\">Prova Objetiva<\/h3>\n\n\n\n<figure class=\"wp-block-image aligncenter size-full is-resized\"><img loading=\"lazy\" decoding=\"async\" src=\"https:\/\/dhg1h5j42swfq.cloudfront.net\/2021\/12\/06072329\/image-110.png\" alt=\"\" class=\"wp-image-922975\" width=\"840\" height=\"114\" srcset=\"https:\/\/dhg1h5j42swfq.cloudfront.net\/2021\/12\/06072329\/image-110.png 871w, https:\/\/dhg1h5j42swfq.cloudfront.net\/2021\/12\/06072329\/image-110-300x41.png 300w, https:\/\/dhg1h5j42swfq.cloudfront.net\/2021\/12\/06072329\/image-110-768x105.png 768w, https:\/\/dhg1h5j42swfq.cloudfront.net\/2021\/12\/06072329\/image-110-610x83.png 610w\" sizes=\"auto, (max-width: 840px) 100vw, 840px\" \/><\/figure>\n\n\n\n<p><strong>CONHECIMENTOS ESPEC\u00cdFICOS<\/strong><\/p>\n\n\n\n<ul class=\"wp-block-list\">\n<li>Direito Constitucional<\/li>\n\n\n\n<li>Direito Administrativo<\/li>\n\n\n\n<li>Direito Civil<\/li>\n\n\n\n<li>Direito Processual Civil<\/li>\n\n\n\n<li>Direitos Difusos e Coletivos<\/li>\n\n\n\n<li>Direito Tribut\u00e1rio e Financeiro<\/li>\n\n\n\n<li>Direito do Trabalho e Direito Processual do Trabalho<\/li>\n\n\n\n<li>Legisla\u00e7\u00e3o Municipal<\/li>\n<\/ul>\n\n\n\n<h3 class=\"wp-block-heading\">Prova Pr\u00e1tico-Profissional <\/h3>\n\n\n\n<p>A prova pr\u00e1tico-profissional ser\u00e1 aplicada no mesmo per\u00edodo da prova objetiva com a dura\u00e7\u00e3o total de 5<br \/>horas.<\/p>\n\n\n\n<p>Na prova pr\u00e1tico-profissional ser\u00e3o analisados o conhecimento t\u00e9cnico e a capacidade te\u00f3rico-pr\u00e1tica do candidato em desenvolver a pe\u00e7a apresentada com clareza, coer\u00eancia e objetividade. Ser\u00e3o avaliadas, ainda, a organiza\u00e7\u00e3o do texto, a an\u00e1lise e s\u00edntese dos fatos examinados, a adequa\u00e7\u00e3o de legisla\u00e7\u00e3o e dom\u00ednio da norma padr\u00e3o. <\/p>\n\n\n\n<p>Ser\u00e1 levado em conta o racioc\u00ednio jur\u00eddico, a fundamenta\u00e7\u00e3o e a sua consist\u00eancia, a capacidade de interpreta\u00e7\u00e3o e exposi\u00e7\u00e3o e a t\u00e9cnica profissional demonstrada.<\/p>\n\n\n\n<h2 class=\"has-text-align-center wp-block-heading\" id=\"h-quer-saber-tudo-sobre-concursos-previstos-confira-nossos-artigos\">Quer saber tudo sobre concursos previstos?<br \/>Confira nossos artigos!<\/h2>\n\n\n\n<ul class=\"wp-block-list\">\n<li><a href=\"https:\/\/www.estrategiaconcursos.com.br\/blog\/concursos-abertos\/\" target=\"_blank\" rel=\"noreferrer noopener\">Concursos abertos<\/a><\/li>\n\n\n\n<li><a href=\"https:\/\/www.estrategiaconcursos.com.br\/blog\/concursos-2022\/\" target=\"_blank\" rel=\"noreferrer noopener\">Concursos 2022<\/a><\/li>\n<\/ul>\n\n\n\n<h2 class=\"has-text-align-center wp-block-heading\" id=\"curso\">Quer estudar para a PGM Presidente Prudente?<\/h2>\n\n\n\n<div class=\"container\" id=\"boxes\">\n  <div class=\"row\">\n\n    <div class=\"col-sm\">\n      <div class=\"banner-ecj\" id=\"box-assinatura\">\n        <h3 class=\"titulo-assinatura\">Curso para PGM Presidente Prudente <\/h3>\n        <p class=\"subtitulo-assinatura\">Cursos focados no edital do concurso<\/p>\n        <div class=\"box-botao\">\n          <a class=\"btn-assinatura\" target=\"_blank\" href=\"https:\/\/www.estrategiaconcursos.com.br\/cursosPorConcurso\/pgm-presidente-prudente-sp\/\" role=\"button\" rel=\"noopener noreferrer\">Conhe\u00e7a mais<\/a>\n        <\/div>\n      <\/div>\n      \n    <\/div>\n\n  <\/div>\n<\/div>\n\n\n\n<div class=\"container\" id=\"boxes\">\n  <div class=\"row\">\n\n    <div class=\"col-sm\">\n      <div class=\"banner-ecj\" id=\"box-assinatura\">\n        <h3 class=\"titulo-assinatura\">Assinatura Jur\u00eddica <\/h3>\n        <p class=\"subtitulo-assinatura\">Conhe\u00e7a os planos<\/p>\n        <div class=\"box-botao\">\n          <a class=\"btn-assinatura\" target=\"_blank\" href=\"https:\/\/www.estrategiaconcursos.com.br\/assinaturas-ecj\/\" role=\"button\" rel=\"noopener noreferrer\">Conhe\u00e7a mais<\/a>\n        <\/div>\n      <\/div>\n      \n    <\/div>\n\n  <\/div>\n<\/div>\n\n\n\n<figure class=\"wp-block-image size-large is-resized\"><img loading=\"lazy\" decoding=\"async\" src=\"https:\/\/dhg1h5j42swfq.cloudfront.net\/2021\/07\/09123111\/ficha-tecnica-3-1024x632.png\" alt=\"\" class=\"wp-image-791156\" width=\"188\" height=\"116\" srcset=\"https:\/\/dhg1h5j42swfq.cloudfront.net\/2021\/07\/09123111\/ficha-tecnica-3-1024x632.png 1024w, https:\/\/dhg1h5j42swfq.cloudfront.net\/2021\/07\/09123111\/ficha-tecnica-3-300x185.png 300w, https:\/\/dhg1h5j42swfq.cloudfront.net\/2021\/07\/09123111\/ficha-tecnica-3-768x474.png 768w, https:\/\/dhg1h5j42swfq.cloudfront.net\/2021\/07\/09123111\/ficha-tecnica-3-1536x948.png 1536w, https:\/\/dhg1h5j42swfq.cloudfront.net\/2021\/07\/09123111\/ficha-tecnica-3-610x377.png 610w, https:\/\/dhg1h5j42swfq.cloudfront.net\/2021\/07\/09123111\/ficha-tecnica-3.png 1571w\" sizes=\"auto, (max-width: 188px) 100vw, 188px\" \/><\/figure>\n\n\n\n<h3 class=\"wp-block-heading\" id=\"ficha\"><strong>Informa\u00e7\u00f5es sobre o&nbsp;<\/strong>concurso PGM Presidente Prudente<\/h3>\n\n\n\n<p>\u25ba<strong>Vagas<\/strong>: 1 vaga<br \/>\u25ba<strong>Cargos<\/strong>: Procurador<br \/>\u25ba<strong>Banca<\/strong>: VUNESP<br \/>\u25ba<strong>Escolaridade<\/strong>: N\u00edvel Superior<br \/>\u25ba <strong>Edital<\/strong>:<a href=\"https:\/\/dhg1h5j42swfq.cloudfront.net\/2021\/12\/06073425\/pgm-presidente-prudente-sp.pdf\" target=\"_blank\" rel=\"noreferrer noopener\"> Edital 2021<\/a><\/p>\n","protected":false},"excerpt":{"rendered":"<p>Est\u00e3o encerradas as inscri\u00e7\u00f5es do concurso PGM Presidente Prudente. A sele\u00e7\u00e3o ser\u00e1 composta por prova objetiva, de car\u00e1ter eliminat\u00f3rio e classificat\u00f3rio e prova pr\u00e1tico-profissional. A aplica\u00e7\u00e3o est\u00e1 prevista para o dia\u00a06 de mar\u00e7o de 2022. O certame oferta uma vaga para o cargo de Procurador Municipal, com sal\u00e1rio inicial de R$ 8.189,93, por 40h de [&hellip;]<\/p>\n","protected":false},"author":1,"featured_media":950890,"comment_status":"open","ping_status":"closed","sticky":false,"template":"","format":"standard","meta":{"post_tipo":"news_page","footnotes":""},"categories":[220196],"tags":[],"tax_estado":[219989],"class_list":["post-922934","post","type-post","status-publish","format-standard","has-post-thumbnail","hentry","category-procuradorias","tax_estado-sp"],"acf":[],"yoast_head":"<!-- This site is optimized with the Yoast SEO Premium plugin v27.2 (Yoast SEO v27.2) - https:\/\/yoast.com\/product\/yoast-seo-premium-wordpress\/ -->\n<title>Concurso PGM Presidente Prudente: inscri\u00e7\u00f5es encerradas<\/title>\n<meta name=\"description\" content=\"Concurso PGM Presidente Prudente: inscri\u00e7\u00f5es encerradas! Edital oferta 1 vaga para Procurador. Saiba mais neste artigo.\" \/>\n<meta name=\"robots\" content=\"index, follow, max-snippet:-1, max-image-preview:large, max-video-preview:-1\" \/>\n<link rel=\"canonical\" href=\"https:\/\/www.estrategiaconcursos.com.br\/blog\/concurso-pgm-presidente-prudente\/\" \/>\n<meta property=\"og:locale\" content=\"pt_BR\" \/>\n<meta property=\"og:type\" content=\"article\" \/>\n<meta property=\"og:title\" content=\"Concurso PGM Presidente Prudente: inscri\u00e7\u00f5es encerradas\" \/>\n<meta property=\"og:description\" content=\"Concurso PGM Presidente Prudente: inscri\u00e7\u00f5es encerradas! Edital oferta 1 vaga para Procurador. Saiba mais neste artigo.\" \/>\n<meta property=\"og:url\" content=\"https:\/\/www.estrategiaconcursos.com.br\/blog\/concurso-pgm-presidente-prudente\/\" \/>\n<meta property=\"og:site_name\" content=\"Estrat\u00e9gia Concursos\" \/>\n<meta property=\"article:author\" content=\"https:\/\/www.facebook.com\/EstrategiaConcursos\" \/>\n<meta property=\"article:published_time\" content=\"2022-01-19T03:00:00+00:00\" \/>\n<meta property=\"article:modified_time\" content=\"2023-03-02T19:22:43+00:00\" \/>\n<meta property=\"og:image\" content=\"https:\/\/dhg1h5j42swfq.cloudfront.net\/2022\/01\/20090259\/concurso-da-prefeitura-de-presidente-prudente-sp-2021-1200x720-1.webp\" \/>\n\t<meta property=\"og:image:width\" content=\"1200\" \/>\n\t<meta property=\"og:image:height\" content=\"720\" \/>\n\t<meta property=\"og:image:type\" content=\"image\/webp\" \/>\n<meta name=\"author\" content=\"Coordena\u00e7\u00e3o\" \/>\n<meta name=\"twitter:card\" content=\"summary_large_image\" \/>\n<meta name=\"twitter:creator\" content=\"@EstratConcursos\" \/>\n<meta name=\"twitter:site\" content=\"@EstratConcursos\" \/>\n<meta name=\"twitter:label1\" content=\"Escrito por\" \/>\n\t<meta name=\"twitter:data1\" content=\"Coordena\u00e7\u00e3o\" \/>\n\t<meta name=\"twitter:label2\" content=\"Est. tempo de leitura\" \/>\n\t<meta name=\"twitter:data2\" content=\"4 minutos\" \/>\n<script type=\"application\/ld+json\" class=\"yoast-schema-graph\">{\"@context\":\"https:\/\/schema.org\",\"@graph\":[{\"@type\":\"NewsArticle\",\"@id\":\"https:\/\/www.estrategiaconcursos.com.br\/blog\/concurso-pgm-presidente-prudente\/#article\",\"isPartOf\":{\"@id\":\"https:\/\/www.estrategiaconcursos.com.br\/blog\/concurso-pgm-presidente-prudente\/\"},\"author\":{\"name\":\"Coordena\u00e7\u00e3o\",\"@id\":\"https:\/\/www.estrategiaconcursos.com.br\/blog\/#\/schema\/person\/b4a388c97673c5f483d72185668afa1f\"},\"headline\":\"Concurso PGM Presidente Prudente: inscri\u00e7\u00f5es encerradas\",\"datePublished\":\"2022-01-19T03:00:00+00:00\",\"dateModified\":\"2023-03-02T19:22:43+00:00\",\"mainEntityOfPage\":{\"@id\":\"https:\/\/www.estrategiaconcursos.com.br\/blog\/concurso-pgm-presidente-prudente\/\"},\"wordCount\":605,\"commentCount\":0,\"publisher\":{\"@id\":\"https:\/\/www.estrategiaconcursos.com.br\/blog\/#organization\"},\"image\":{\"@id\":\"https:\/\/www.estrategiaconcursos.com.br\/blog\/concurso-pgm-presidente-prudente\/#primaryimage\"},\"thumbnailUrl\":\"https:\/\/dhg1h5j42swfq.cloudfront.net\/2022\/01\/20090259\/concurso-da-prefeitura-de-presidente-prudente-sp-2021-1200x720-1.webp\",\"articleSection\":[\"Jur\u00eddico - Procuradorias\"],\"inLanguage\":\"pt-BR\",\"potentialAction\":[{\"@type\":\"CommentAction\",\"name\":\"Comment\",\"target\":[\"https:\/\/www.estrategiaconcursos.com.br\/blog\/concurso-pgm-presidente-prudente\/#respond\"]}],\"copyrightYear\":\"2022\",\"copyrightHolder\":{\"@id\":\"https:\/\/www.estrategiaconcursos.com.br\/blog\/#organization\"}},{\"@type\":\"WebPage\",\"@id\":\"https:\/\/www.estrategiaconcursos.com.br\/blog\/concurso-pgm-presidente-prudente\/\",\"url\":\"https:\/\/www.estrategiaconcursos.com.br\/blog\/concurso-pgm-presidente-prudente\/\",\"name\":\"Concurso PGM Presidente Prudente: inscri\u00e7\u00f5es encerradas\",\"isPartOf\":{\"@id\":\"https:\/\/www.estrategiaconcursos.com.br\/blog\/#website\"},\"primaryImageOfPage\":{\"@id\":\"https:\/\/www.estrategiaconcursos.com.br\/blog\/concurso-pgm-presidente-prudente\/#primaryimage\"},\"image\":{\"@id\":\"https:\/\/www.estrategiaconcursos.com.br\/blog\/concurso-pgm-presidente-prudente\/#primaryimage\"},\"thumbnailUrl\":\"https:\/\/dhg1h5j42swfq.cloudfront.net\/2022\/01\/20090259\/concurso-da-prefeitura-de-presidente-prudente-sp-2021-1200x720-1.webp\",\"datePublished\":\"2022-01-19T03:00:00+00:00\",\"dateModified\":\"2023-03-02T19:22:43+00:00\",\"description\":\"Concurso PGM Presidente Prudente: inscri\u00e7\u00f5es encerradas! Edital oferta 1 vaga para Procurador. Saiba mais neste artigo.\",\"breadcrumb\":{\"@id\":\"https:\/\/www.estrategiaconcursos.com.br\/blog\/concurso-pgm-presidente-prudente\/#breadcrumb\"},\"inLanguage\":\"pt-BR\",\"potentialAction\":[{\"@type\":\"ReadAction\",\"target\":[\"https:\/\/www.estrategiaconcursos.com.br\/blog\/concurso-pgm-presidente-prudente\/\"]}]},{\"@type\":\"ImageObject\",\"inLanguage\":\"pt-BR\",\"@id\":\"https:\/\/www.estrategiaconcursos.com.br\/blog\/concurso-pgm-presidente-prudente\/#primaryimage\",\"url\":\"https:\/\/dhg1h5j42swfq.cloudfront.net\/2022\/01\/20090259\/concurso-da-prefeitura-de-presidente-prudente-sp-2021-1200x720-1.webp\",\"contentUrl\":\"https:\/\/dhg1h5j42swfq.cloudfront.net\/2022\/01\/20090259\/concurso-da-prefeitura-de-presidente-prudente-sp-2021-1200x720-1.webp\",\"width\":1200,\"height\":720},{\"@type\":\"BreadcrumbList\",\"@id\":\"https:\/\/www.estrategiaconcursos.com.br\/blog\/concurso-pgm-presidente-prudente\/#breadcrumb\",\"itemListElement\":[{\"@type\":\"ListItem\",\"position\":1,\"name\":\"In\u00edcio\",\"item\":\"https:\/\/www.estrategiaconcursos.com.br\/blog\/\"},{\"@type\":\"ListItem\",\"position\":2,\"name\":\"Concurso PGM Presidente Prudente: inscri\u00e7\u00f5es encerradas\"}]},{\"@type\":\"WebSite\",\"@id\":\"https:\/\/www.estrategiaconcursos.com.br\/blog\/#website\",\"url\":\"https:\/\/www.estrategiaconcursos.com.br\/blog\/\",\"name\":\"Estrat\u00e9gia Concursos\",\"description\":\"O blog da Estrat\u00e9gia Concursos traz not\u00edcias sobre concursos e artigos de professores oferecendo cursos para concursos (pdf + videaulas) no site.\",\"publisher\":{\"@id\":\"https:\/\/www.estrategiaconcursos.com.br\/blog\/#organization\"},\"potentialAction\":[{\"@type\":\"SearchAction\",\"target\":{\"@type\":\"EntryPoint\",\"urlTemplate\":\"https:\/\/www.estrategiaconcursos.com.br\/blog\/?s={search_term_string}\"},\"query-input\":{\"@type\":\"PropertyValueSpecification\",\"valueRequired\":true,\"valueName\":\"search_term_string\"}}],\"inLanguage\":\"pt-BR\"},{\"@type\":\"Organization\",\"@id\":\"https:\/\/www.estrategiaconcursos.com.br\/blog\/#organization\",\"name\":\"Estrat\u00e9gia Concursos\",\"url\":\"https:\/\/www.estrategiaconcursos.com.br\/blog\/\",\"logo\":{\"@type\":\"ImageObject\",\"inLanguage\":\"pt-BR\",\"@id\":\"https:\/\/www.estrategiaconcursos.com.br\/blog\/#\/schema\/logo\/image\/\",\"url\":\"https:\/\/dhg1h5j42swfq.cloudfront.net\/2025\/06\/03203428\/logo_concursos-1.jpg\",\"contentUrl\":\"https:\/\/dhg1h5j42swfq.cloudfront.net\/2025\/06\/03203428\/logo_concursos-1.jpg\",\"width\":230,\"height\":60,\"caption\":\"Estrat\u00e9gia Concursos\"},\"image\":{\"@id\":\"https:\/\/www.estrategiaconcursos.com.br\/blog\/#\/schema\/logo\/image\/\"},\"sameAs\":[\"https:\/\/x.com\/EstratConcursos\"]},{\"@type\":\"Person\",\"@id\":\"https:\/\/www.estrategiaconcursos.com.br\/blog\/#\/schema\/person\/b4a388c97673c5f483d72185668afa1f\",\"name\":\"Coordena\u00e7\u00e3o\",\"image\":{\"@type\":\"ImageObject\",\"inLanguage\":\"pt-BR\",\"@id\":\"https:\/\/secure.gravatar.com\/avatar\/b720319e4c9a967eb58678d110f4fe35452fc5d5f97b202bac7b8acceb18c6ad?s=96&d=mm&r=g\",\"url\":\"https:\/\/secure.gravatar.com\/avatar\/b720319e4c9a967eb58678d110f4fe35452fc5d5f97b202bac7b8acceb18c6ad?s=96&d=mm&r=g\",\"contentUrl\":\"https:\/\/secure.gravatar.com\/avatar\/b720319e4c9a967eb58678d110f4fe35452fc5d5f97b202bac7b8acceb18c6ad?s=96&d=mm&r=g\",\"caption\":\"Coordena\u00e7\u00e3o\"},\"sameAs\":[\"https:\/\/www.facebook.com\/EstrategiaConcursos\",\"https:\/\/x.com\/EstratConcursos\"],\"url\":\"https:\/\/www.estrategiaconcursos.com.br\/blog\/author\/estrategia2013\/\"}]}<\/script>\n<!-- \/ Yoast SEO Premium plugin. -->","yoast_head_json":{"title":"Concurso PGM Presidente Prudente: inscri\u00e7\u00f5es encerradas","description":"Concurso PGM Presidente Prudente: inscri\u00e7\u00f5es encerradas! Edital oferta 1 vaga para Procurador. Saiba mais neste artigo.","robots":{"index":"index","follow":"follow","max-snippet":"max-snippet:-1","max-image-preview":"max-image-preview:large","max-video-preview":"max-video-preview:-1"},"canonical":"https:\/\/www.estrategiaconcursos.com.br\/blog\/concurso-pgm-presidente-prudente\/","og_locale":"pt_BR","og_type":"article","og_title":"Concurso PGM Presidente Prudente: inscri\u00e7\u00f5es encerradas","og_description":"Concurso PGM Presidente Prudente: inscri\u00e7\u00f5es encerradas! Edital oferta 1 vaga para Procurador. Saiba mais neste artigo.","og_url":"https:\/\/www.estrategiaconcursos.com.br\/blog\/concurso-pgm-presidente-prudente\/","og_site_name":"Estrat\u00e9gia Concursos","article_author":"https:\/\/www.facebook.com\/EstrategiaConcursos","article_published_time":"2022-01-19T03:00:00+00:00","article_modified_time":"2023-03-02T19:22:43+00:00","og_image":[{"width":1200,"height":720,"url":"https:\/\/dhg1h5j42swfq.cloudfront.net\/2022\/01\/20090259\/concurso-da-prefeitura-de-presidente-prudente-sp-2021-1200x720-1.webp","type":"image\/webp"}],"author":"Coordena\u00e7\u00e3o","twitter_card":"summary_large_image","twitter_creator":"@EstratConcursos","twitter_site":"@EstratConcursos","twitter_misc":{"Escrito por":"Coordena\u00e7\u00e3o","Est. tempo de leitura":"4 minutos"},"schema":{"@context":"https:\/\/schema.org","@graph":[{"@type":"NewsArticle","@id":"https:\/\/www.estrategiaconcursos.com.br\/blog\/concurso-pgm-presidente-prudente\/#article","isPartOf":{"@id":"https:\/\/www.estrategiaconcursos.com.br\/blog\/concurso-pgm-presidente-prudente\/"},"author":{"name":"Coordena\u00e7\u00e3o","@id":"https:\/\/www.estrategiaconcursos.com.br\/blog\/#\/schema\/person\/b4a388c97673c5f483d72185668afa1f"},"headline":"Concurso PGM Presidente Prudente: inscri\u00e7\u00f5es encerradas","datePublished":"2022-01-19T03:00:00+00:00","dateModified":"2023-03-02T19:22:43+00:00","mainEntityOfPage":{"@id":"https:\/\/www.estrategiaconcursos.com.br\/blog\/concurso-pgm-presidente-prudente\/"},"wordCount":605,"commentCount":0,"publisher":{"@id":"https:\/\/www.estrategiaconcursos.com.br\/blog\/#organization"},"image":{"@id":"https:\/\/www.estrategiaconcursos.com.br\/blog\/concurso-pgm-presidente-prudente\/#primaryimage"},"thumbnailUrl":"https:\/\/dhg1h5j42swfq.cloudfront.net\/2022\/01\/20090259\/concurso-da-prefeitura-de-presidente-prudente-sp-2021-1200x720-1.webp","articleSection":["Jur\u00eddico - Procuradorias"],"inLanguage":"pt-BR","potentialAction":[{"@type":"CommentAction","name":"Comment","target":["https:\/\/www.estrategiaconcursos.com.br\/blog\/concurso-pgm-presidente-prudente\/#respond"]}],"copyrightYear":"2022","copyrightHolder":{"@id":"https:\/\/www.estrategiaconcursos.com.br\/blog\/#organization"}},{"@type":"WebPage","@id":"https:\/\/www.estrategiaconcursos.com.br\/blog\/concurso-pgm-presidente-prudente\/","url":"https:\/\/www.estrategiaconcursos.com.br\/blog\/concurso-pgm-presidente-prudente\/","name":"Concurso PGM Presidente Prudente: inscri\u00e7\u00f5es encerradas","isPartOf":{"@id":"https:\/\/www.estrategiaconcursos.com.br\/blog\/#website"},"primaryImageOfPage":{"@id":"https:\/\/www.estrategiaconcursos.com.br\/blog\/concurso-pgm-presidente-prudente\/#primaryimage"},"image":{"@id":"https:\/\/www.estrategiaconcursos.com.br\/blog\/concurso-pgm-presidente-prudente\/#primaryimage"},"thumbnailUrl":"https:\/\/dhg1h5j42swfq.cloudfront.net\/2022\/01\/20090259\/concurso-da-prefeitura-de-presidente-prudente-sp-2021-1200x720-1.webp","datePublished":"2022-01-19T03:00:00+00:00","dateModified":"2023-03-02T19:22:43+00:00","description":"Concurso PGM Presidente Prudente: inscri\u00e7\u00f5es encerradas! Edital oferta 1 vaga para Procurador. Saiba mais neste artigo.","breadcrumb":{"@id":"https:\/\/www.estrategiaconcursos.com.br\/blog\/concurso-pgm-presidente-prudente\/#breadcrumb"},"inLanguage":"pt-BR","potentialAction":[{"@type":"ReadAction","target":["https:\/\/www.estrategiaconcursos.com.br\/blog\/concurso-pgm-presidente-prudente\/"]}]},{"@type":"ImageObject","inLanguage":"pt-BR","@id":"https:\/\/www.estrategiaconcursos.com.br\/blog\/concurso-pgm-presidente-prudente\/#primaryimage","url":"https:\/\/dhg1h5j42swfq.cloudfront.net\/2022\/01\/20090259\/concurso-da-prefeitura-de-presidente-prudente-sp-2021-1200x720-1.webp","contentUrl":"https:\/\/dhg1h5j42swfq.cloudfront.net\/2022\/01\/20090259\/concurso-da-prefeitura-de-presidente-prudente-sp-2021-1200x720-1.webp","width":1200,"height":720},{"@type":"BreadcrumbList","@id":"https:\/\/www.estrategiaconcursos.com.br\/blog\/concurso-pgm-presidente-prudente\/#breadcrumb","itemListElement":[{"@type":"ListItem","position":1,"name":"In\u00edcio","item":"https:\/\/www.estrategiaconcursos.com.br\/blog\/"},{"@type":"ListItem","position":2,"name":"Concurso PGM Presidente Prudente: inscri\u00e7\u00f5es encerradas"}]},{"@type":"WebSite","@id":"https:\/\/www.estrategiaconcursos.com.br\/blog\/#website","url":"https:\/\/www.estrategiaconcursos.com.br\/blog\/","name":"Estrat\u00e9gia Concursos","description":"O blog da Estrat\u00e9gia Concursos traz not\u00edcias sobre concursos e artigos de professores oferecendo cursos para concursos (pdf + videaulas) no site.","publisher":{"@id":"https:\/\/www.estrategiaconcursos.com.br\/blog\/#organization"},"potentialAction":[{"@type":"SearchAction","target":{"@type":"EntryPoint","urlTemplate":"https:\/\/www.estrategiaconcursos.com.br\/blog\/?s={search_term_string}"},"query-input":{"@type":"PropertyValueSpecification","valueRequired":true,"valueName":"search_term_string"}}],"inLanguage":"pt-BR"},{"@type":"Organization","@id":"https:\/\/www.estrategiaconcursos.com.br\/blog\/#organization","name":"Estrat\u00e9gia Concursos","url":"https:\/\/www.estrategiaconcursos.com.br\/blog\/","logo":{"@type":"ImageObject","inLanguage":"pt-BR","@id":"https:\/\/www.estrategiaconcursos.com.br\/blog\/#\/schema\/logo\/image\/","url":"https:\/\/dhg1h5j42swfq.cloudfront.net\/2025\/06\/03203428\/logo_concursos-1.jpg","contentUrl":"https:\/\/dhg1h5j42swfq.cloudfront.net\/2025\/06\/03203428\/logo_concursos-1.jpg","width":230,"height":60,"caption":"Estrat\u00e9gia Concursos"},"image":{"@id":"https:\/\/www.estrategiaconcursos.com.br\/blog\/#\/schema\/logo\/image\/"},"sameAs":["https:\/\/x.com\/EstratConcursos"]},{"@type":"Person","@id":"https:\/\/www.estrategiaconcursos.com.br\/blog\/#\/schema\/person\/b4a388c97673c5f483d72185668afa1f","name":"Coordena\u00e7\u00e3o","image":{"@type":"ImageObject","inLanguage":"pt-BR","@id":"https:\/\/secure.gravatar.com\/avatar\/b720319e4c9a967eb58678d110f4fe35452fc5d5f97b202bac7b8acceb18c6ad?s=96&d=mm&r=g","url":"https:\/\/secure.gravatar.com\/avatar\/b720319e4c9a967eb58678d110f4fe35452fc5d5f97b202bac7b8acceb18c6ad?s=96&d=mm&r=g","contentUrl":"https:\/\/secure.gravatar.com\/avatar\/b720319e4c9a967eb58678d110f4fe35452fc5d5f97b202bac7b8acceb18c6ad?s=96&d=mm&r=g","caption":"Coordena\u00e7\u00e3o"},"sameAs":["https:\/\/www.facebook.com\/EstrategiaConcursos","https:\/\/x.com\/EstratConcursos"],"url":"https:\/\/www.estrategiaconcursos.com.br\/blog\/author\/estrategia2013\/"}]}},"_links":{"self":[{"href":"https:\/\/www.estrategiaconcursos.com.br\/blog\/wp-json\/wp\/v2\/posts\/922934","targetHints":{"allow":["GET"]}}],"collection":[{"href":"https:\/\/www.estrategiaconcursos.com.br\/blog\/wp-json\/wp\/v2\/posts"}],"about":[{"href":"https:\/\/www.estrategiaconcursos.com.br\/blog\/wp-json\/wp\/v2\/types\/post"}],"author":[{"embeddable":true,"href":"https:\/\/www.estrategiaconcursos.com.br\/blog\/wp-json\/wp\/v2\/users\/1"}],"replies":[{"embeddable":true,"href":"https:\/\/www.estrategiaconcursos.com.br\/blog\/wp-json\/wp\/v2\/comments?post=922934"}],"version-history":[{"count":38,"href":"https:\/\/www.estrategiaconcursos.com.br\/blog\/wp-json\/wp\/v2\/posts\/922934\/revisions"}],"predecessor-version":[{"id":1180501,"href":"https:\/\/www.estrategiaconcursos.com.br\/blog\/wp-json\/wp\/v2\/posts\/922934\/revisions\/1180501"}],"wp:featuredmedia":[{"embeddable":true,"href":"https:\/\/www.estrategiaconcursos.com.br\/blog\/wp-json\/wp\/v2\/media\/950890"}],"wp:attachment":[{"href":"https:\/\/www.estrategiaconcursos.com.br\/blog\/wp-json\/wp\/v2\/media?parent=922934"}],"wp:term":[{"taxonomy":"category","embeddable":true,"href":"https:\/\/www.estrategiaconcursos.com.br\/blog\/wp-json\/wp\/v2\/categories?post=922934"},{"taxonomy":"post_tag","embeddable":true,"href":"https:\/\/www.estrategiaconcursos.com.br\/blog\/wp-json\/wp\/v2\/tags?post=922934"},{"taxonomy":"tax_estado","embeddable":true,"href":"https:\/\/www.estrategiaconcursos.com.br\/blog\/wp-json\/wp\/v2\/tax_estado?post=922934"}],"curies":[{"name":"wp","href":"https:\/\/api.w.org\/{rel}","templated":true}]}}