{"id":922466,"date":"2021-12-08T09:30:00","date_gmt":"2021-12-08T12:30:00","guid":{"rendered":"https:\/\/www.estrategiaconcursos.com.br\/blog\/?p=922466"},"modified":"2021-12-08T09:27:47","modified_gmt":"2021-12-08T12:27:47","slug":"lei-responsabilidade-fiscal-iss-bh","status":"publish","type":"post","link":"https:\/\/www.estrategiaconcursos.com.br\/blog\/lei-responsabilidade-fiscal-iss-bh\/","title":{"rendered":"T\u00f3picos da Lei de Responsabilidade Fiscal para o ISS-BH"},"content":{"rendered":"\n<p class=\"has-medium-font-size\">Confira neste artigo os <strong>T\u00f3picos da Lei de Responsabilidade Fiscal<\/strong> para o concurso de Auditor Fiscal do&nbsp;<a href=\"https:\/\/www.estrategiaconcursos.com.br\/curso\/iss-belo-horizonte-auditor-fiscal-de-tributos-pacote-2021-pos-edital\/\" target=\"_blank\" rel=\"noreferrer noopener\"><strong>ISS-BH<\/strong><\/a>.<\/p>\n\n\n\n<div class=\"wp-block-image\"><figure class=\"aligncenter size-full is-resized\"><img loading=\"lazy\" decoding=\"async\" src=\"https:\/\/dhg1h5j42swfq.cloudfront.net\/2017\/05\/22163100\/LRF.jpg\" alt=\"Lei de Responsabilidade Fiscal para o ISS-BH\" class=\"wp-image-74921\" width=\"310\" height=\"199\"\/><figcaption>Lei de Responsabilidade Fiscal para o ISS-BH<\/figcaption><\/figure><\/div>\n\n\n\n<p>Ol\u00e1, pessoal! Tudo bem com voc\u00eas?<\/p>\n\n\n\n<p>O&nbsp;<strong><a href=\"https:\/\/www.estrategiaconcursos.com.br\/blog\/concurso-iss-belo-horizonte\/\" target=\"_blank\" rel=\"noreferrer noopener\">concurso do ISS BH<\/a><\/strong>&nbsp;(Belo Horizonte) est\u00e1 cada dia mais perto. Como est\u00e1 a sua prepara\u00e7\u00e3o?<\/p>\n\n\n\n<p>Este certame est\u00e1 ofertando<strong>&nbsp;14 vagas<\/strong>&nbsp;para o cargo de<strong>&nbsp;Auditor Fiscal de Tributos Municipais<\/strong>, com uma remunera\u00e7\u00e3o inicial de&nbsp;<strong>R$ 15.022,52,<\/strong>&nbsp;al\u00e9m de gratifica\u00e7\u00f5es vari\u00e1veis por cumprimento de metas tribut\u00e1rias.<\/p>\n\n\n\n<p>Com o objetivo de auxiliar os concurseiros que ir\u00e3o prestar este certame do ISS-BH, preparamos uma an\u00e1lise sobre os <strong><span class=\"has-inline-color has-vivid-cyan-blue-color\">T\u00f3picos da Lei de Responsabilidade Fiscal (LRF).<\/span><\/strong><\/p>\n\n\n\n<h2 class=\"wp-block-heading\" id=\"h-a-cria-o-da-lei-de-responsabilidade-fiscal\"><span class=\"has-inline-color has-vivid-cyan-blue-color\">A cria\u00e7\u00e3o da Lei de Responsabilidade Fiscal<\/span><\/h2>\n\n\n\n<p>A Lei de Responsabilidade Fiscal (LRF) foi criada em 2000 com o intuito de estabelecer <strong>normas de finan\u00e7as p\u00fablicas <\/strong>voltadas para a <strong>responsabilidade na gest\u00e3o fiscal.<\/strong><\/p>\n\n\n\n<p>Antigamente, nos anos 80 e 90, principalmente na transi\u00e7\u00e3o entre o governo militar e civil, era comum haver crises econ\u00f4micas, as quais levavam ao descontrole inflacion\u00e1rio e das contas p\u00fablicas.<\/p>\n\n\n\n<p>Assim, governantes se sentiam for\u00e7ados a realizarem elevados gastos p\u00fablicos para resolver os problemas da \u00e9poca. Entretanto, muitos desses gastos<strong> comprometiam as receitas p\u00fablicas futuras<\/strong>, uma vez que era comum os gastos serem maiores do que a arrecada\u00e7\u00e3o do Estado.<\/p>\n\n\n\n<p>Desse modo, a publica\u00e7\u00e3o da LRF buscou dar um<strong> &#8220;basta&#8221; na irresponsabilidade fiscal <\/strong>dos gestores p\u00fablicos, impondo <strong>limites aos gastos<\/strong>, de modo a <strong>impedir o desequil\u00edbrio <\/strong>das contas p\u00fablicas, al\u00e9m de trazer elementos de <strong>transpar\u00eancia fiscal<\/strong>, bem como <strong>responsabiliza\u00e7\u00f5es <\/strong>para aqueles que descumprirem tais medidas.<\/p>\n\n\n\n<h2 class=\"wp-block-heading\" id=\"h-objetivos-e-princ-pios-da-lei-de-responsabilidade-fiscal\"><span class=\"has-inline-color has-vivid-cyan-blue-color\">Objetivos e Princ\u00edpios da Lei de Responsabilidade Fiscal<\/span><\/h2>\n\n\n\n<p>Como vimos acima, o <strong>principal objetivo<\/strong> da LRF \u00e9 buscar a<strong> responsabilidade na gest\u00e3o fiscal <\/strong>por meio de normas de finan\u00e7as p\u00fablicas.<\/p>\n\n\n\n<p>Al\u00e9m disso, ela procura fornecer meios para a <strong>preven\u00e7\u00e3o <\/strong>de riscos capazes de <strong>afetar o equil\u00edbrio das contas p\u00fablicas<\/strong>; para a <strong>corre\u00e7\u00e3o de desvios <\/strong>capazes de afetar o equil\u00edbrio das contas p\u00fablicas; para o cumprimento de <strong>metas <\/strong>de resultados entre receitas e despesas; bem como para a <strong>obedi\u00eancia aos limites<\/strong> de gastos.<\/p>\n\n\n\n<p>Essa lei se baseia em alguns <strong><span class=\"has-inline-color has-vivid-cyan-blue-color\">princ\u00edpios<\/span><\/strong>, os quais norteiam a sua aplica\u00e7\u00e3o. S\u00e3o eles:<\/p>\n\n\n\n<ul class=\"wp-block-list\"><li><strong>Planejamento<\/strong>: o qual permite determinar os objetivos a alcan\u00e7ar e as a\u00e7\u00f5es a serem realizadas, de modo a compatibiliz\u00e1-las com os meios dispon\u00edveis para a sua execu\u00e7\u00e3o.<\/li><li><strong>Transpar\u00eancia<\/strong>: a qual exige que todos os atos praticados pela administra\u00e7\u00e3o p\u00fablica possuam publicidade, de modo que haja a ampla presta\u00e7\u00e3o de contas em diversos meios.<\/li><li><strong>Controle<\/strong>: permite que haja o gerenciamento do risco por meio de a\u00e7\u00f5es fiscalizadoras, bem como pela imposi\u00e7\u00e3o de prazos e limites na gest\u00e3o p\u00fablica, al\u00e9m de san\u00e7\u00f5es em caso de descumprimento.<\/li><li><strong>Responsabiliza\u00e7\u00e3o<\/strong>: \u00e9 a obriga\u00e7\u00e3o que o poder p\u00fablico possui de prestar contas e responder por suas a\u00e7\u00f5es, no caso de descumprimentos legais.<\/li><\/ul>\n\n\n\n<h2 class=\"wp-block-heading\" id=\"h-limites-para-a-despesa-de-pessoal-na-lrf\"><span class=\"has-inline-color has-vivid-cyan-blue-color\">Limites para a Despesa de Pessoal na LRF<\/span><\/h2>\n\n\n\n<p>Como j\u00e1 citado, um dos meios utilizados para <strong>evitar o descontrole das contas p\u00fablicas<\/strong>, de modo a manter o seu <strong>equil\u00edbrio<\/strong>, s\u00e3o os <strong>limites aos gastos p\u00fablicos<\/strong>. Sendo que um desses limites est\u00e1 relacionado \u00e0s<strong> despesas com pessoal.<\/strong><\/p>\n\n\n\n<p>De acordo com a pr\u00f3pria Lei de Responsabilidade Fiscal, a<strong> despesa total com pessoal<\/strong> \u00e9 o <strong>somat\u00f3rio <\/strong>dos gastos do ente da Federa\u00e7\u00e3o com os<strong> ativos, os inativos e os pensionistas,<\/strong> relativos a mandatos eletivos, cargos, fun\u00e7\u00f5es ou empregos, civis, militares e de membros de Poder, com quaisquer esp\u00e9cies remunerat\u00f3rias, tais como vencimentos e vantagens, fixas e vari\u00e1veis, subs\u00eddios, proventos da aposentadoria, reformas e pens\u00f5es, inclusive adicionais, gratifica\u00e7\u00f5es, horas extras e vantagens pessoais de qualquer natureza, bem como encargos sociais e contribui\u00e7\u00f5es recolhidas pelo ente \u00e0s entidades de previd\u00eancia.<\/p>\n\n\n\n<h3 class=\"wp-block-heading\" id=\"h-receita-corrente-l-quida-na-lrf\"><span class=\"has-inline-color has-vivid-cyan-blue-color\">Receita Corrente L\u00edquida na LRF<\/span><\/h3>\n\n\n\n<p>Assim, com o objetivo de <strong>frear o aumento desordenado de gastos<\/strong> para pagamentos de funcion\u00e1rios, foram criados limites m\u00e1ximos <strong>percentuais<\/strong>, em rela\u00e7\u00e3o \u00e0<strong> receita corrente l\u00edquida<\/strong>, para que cada gestor possa gastar com a remunera\u00e7\u00e3o de pessoal.<\/p>\n\n\n\n<p>Por\u00e9m, o que \u00e9 Receita Corrente L\u00edquida (RCL)?<\/p>\n\n\n\n<p>Bom, a <strong>RCL<\/strong> \u00e9 o <strong>somat\u00f3rio <\/strong>das <strong>receitas <\/strong>tribut\u00e1rias, de contribui\u00e7\u00f5es, patrimoniais, industriais, agropecu\u00e1rias, de servi\u00e7os, transfer\u00eancias correntes e outras receitas tamb\u00e9m correntes, <strong>deduzidos<\/strong>:<\/p>\n\n\n\n<ul class=\"wp-block-list\"><li><strong>Na Uni\u00e3o: <\/strong>os valores transferidos aos estados e munic\u00edpios por determina\u00e7\u00e3o constitucional ou legal, e as contribui\u00e7\u00f5es relacionadas \u00e0 seguridade social;<\/li><li><strong>Nos Estados: <\/strong>as parcelas entregues aos Munic\u00edpios por determina\u00e7\u00e3o constitucional;<\/li><li><strong>Na Uni\u00e3o, nos Estados e nos Munic\u00edpios: <\/strong>a contribui\u00e7\u00e3o dos servidores para o custeio do seu sistema de previd\u00eancia e assist\u00eancia social.<\/li><\/ul>\n\n\n\n<p>Al\u00e9m disso, a receita corrente l\u00edquida ser\u00e1 apurada somando-se as receitas arrecadadas no <strong>m\u00eas em refer\u00eancia e nos onze anteriores<\/strong>, exclu\u00eddas as duplicidades.<\/p>\n\n\n\n<h3 class=\"wp-block-heading\" id=\"h-limites-de-gastos-com-pessoal\"><span class=\"has-inline-color has-vivid-cyan-blue-color\">Limites de gastos com pessoal<\/span><\/h3>\n\n\n\n<p>Agora que j\u00e1 analisamos os conceitos introdut\u00f3rios das despesas com pessoal, vamos aprender agora quais s\u00e3o os <strong>limites <\/strong>para<strong> cada ente federativo<\/strong> em rela\u00e7\u00e3o aos gastos com pessoal.<\/p>\n\n\n\n<p>Desse modo, a despesa total com pessoal, em cada per\u00edodo de apura\u00e7\u00e3o e em cada ente da Federa\u00e7\u00e3o<strong>, n\u00e3o poder\u00e1 exceder <\/strong>os seguintes percentuais da <strong>receita corrente l\u00edquida:<\/strong><\/p>\n\n\n\n<ul class=\"wp-block-list\"><li><strong>50%:<\/strong> Uni\u00e3o;<\/li><li><strong>60%:<\/strong> Estados;<\/li><li><strong>60%:<\/strong> Munic\u00edpios.<\/li><\/ul>\n\n\n\n<p>Entretanto, algumas despesas ser\u00e3o <strong>exclu\u00eddas <\/strong>para o c\u00e1lculo dos limites acima, ou seja, n\u00e3o entrar\u00e3o na conta de gastos com pessoal as seguintes despesas:<\/p>\n\n\n\n<ul class=\"wp-block-list\"><li>de <strong>indeniza\u00e7\u00e3o <\/strong>por demiss\u00e3o de servidores ou empregados;<\/li><li>relativas a incentivos \u00e0 <strong>demiss\u00e3o volunt\u00e1ria<a href=\"http:\/\/www.planalto.gov.br\/ccivil_03\/Constituicao\/Constituicao.htm#art169\"><em>;<\/em><\/a><\/strong><\/li><li>decorrentes de <strong>decis\u00e3o judicial<\/strong> e da compet\u00eancia de per\u00edodo anterior ao da apura\u00e7\u00e3o;<\/li><li>com<strong> inativos e pensionistas,<\/strong> ainda que pagas por interm\u00e9dio de unidade gestora \u00fanica,&nbsp;quanto \u00e0 parcela custeada por recursos provenientes da arrecada\u00e7\u00e3o de contribui\u00e7\u00f5es dos segurados, bem como&nbsp;as provenientes de transfer\u00eancias destinadas a promover o equil\u00edbrio atuarial do regime de previd\u00eancia.<\/li><\/ul>\n\n\n\n<p>As porcentagens dos limites globais citadas acima ser\u00e3o repartidas <strong>entre os poderes<\/strong> (executivo, legislativo e judici\u00e1rio) dos entes federativos. Desse modo, a reparti\u00e7\u00e3o n\u00e3o poder\u00e1 exceder os seguintes percentuais:<\/p>\n\n\n\n<figure class=\"wp-block-table is-style-stripes\"><table><thead><tr><th class=\"has-text-align-center\" data-align=\"center\">Esfera Federal: 50%<\/th><th class=\"has-text-align-center\" data-align=\"center\">Esfera Estadual: 60%<\/th><th class=\"has-text-align-center\" data-align=\"center\">Esfera Municipal: 60%<\/th><\/tr><\/thead><tbody><tr><td class=\"has-text-align-center\" data-align=\"center\">2,5%: Legislativo e TCU<\/td><td class=\"has-text-align-center\" data-align=\"center\">3%: Legislativo e TCE<\/td><td class=\"has-text-align-center\" data-align=\"center\">6%: Legislativo e TCM<\/td><\/tr><tr><td class=\"has-text-align-center\" data-align=\"center\">6%: Judici\u00e1rio<\/td><td class=\"has-text-align-center\" data-align=\"center\">6%: Judici\u00e1rio<\/td><td class=\"has-text-align-center\" data-align=\"center\">54%: Executivo<\/td><\/tr><tr><td class=\"has-text-align-center\" data-align=\"center\">40,9%: Executivo<\/td><td class=\"has-text-align-center\" data-align=\"center\">49%: Executivo<\/td><\/tr><tr><td class=\"has-text-align-center\" data-align=\"center\">0,6: MPU<\/td><td class=\"has-text-align-center\" data-align=\"center\">2%: MPE<\/td><td class=\"has-text-align-center\" data-align=\"center\"><\/td><\/tr><\/tbody><\/table><\/figure>\n\n\n\n<p><strong><span class=\"has-inline-color has-vivid-red-color\">A SABER:<\/span><\/strong> N\u00e3o h\u00e1 reparti\u00e7\u00e3o para o Poder Judici\u00e1rio na esfera municipal simplesmente porque n\u00e3o h\u00e1 Poder Judici\u00e1rio nos munic\u00edpios.<\/p>\n\n\n\n<h3 class=\"wp-block-heading\" id=\"h-limite-de-alerta\"><span class=\"has-inline-color has-vivid-cyan-blue-color\">Limite de Alerta<\/span><\/h3>\n\n\n\n<p>Quando a <strong>despesa total com pessoal<\/strong> chega ao patamar de <strong>90%<\/strong> <strong>do limite permitido,<\/strong> o Tribunal de Contas correspondente ir\u00e1 alertar o ente federativo respons\u00e1vel.<\/p>\n\n\n\n<p>Por isso \u00e9 chamado de limite de alerta, uma vez que n\u00e3o h\u00e1 nenhuma san\u00e7\u00e3o ao atingir esse limite, sendo apenas uma medida de precau\u00e7\u00e3o.<\/p>\n\n\n\n<h3 class=\"wp-block-heading\" id=\"h-limite-prudencial\"><span class=\"has-inline-color has-vivid-cyan-blue-color\">Limite Prudencial<\/span><\/h3>\n\n\n\n<p>Por sua vez, o limite prudencial ocorre quando a despesa total com pessoal exceder a<strong> 95% do limite permitido.<\/strong><\/p>\n\n\n\n<p>Desse modo, diferentemente do limite de alerta, quando o limite prudencial \u00e9 ultrapassado, ser\u00e3o impostas diversas <strong>veda\u00e7\u00f5es <\/strong>para o Poder ou \u00f3rg\u00e3o que ultrapassar tal percentual, como a proibi\u00e7\u00e3o de:<\/p>\n\n\n\n<ul class=\"wp-block-list\"><li>Concess\u00e3o de <strong>vantagem, aumento, reajuste <\/strong>ou adequa\u00e7\u00e3o de remunera\u00e7\u00e3o a qualquer t\u00edtulo, salvo os derivados de senten\u00e7a judicial ou de determina\u00e7\u00e3o legal ou contratual, ressalvada a revis\u00e3o geral anual, sempre na mesma data e sem distin\u00e7\u00e3o de \u00edndices;<\/li><li><strong>Cria\u00e7\u00e3o de cargo,<\/strong> emprego ou fun\u00e7\u00e3o p\u00fablica;<\/li><li>Altera\u00e7\u00e3o de estrutura de carreira que implique <strong>aumento de despesa;<\/strong><\/li><li><strong>Provimento de cargo p\u00fablico<\/strong>, admiss\u00e3o ou contrata\u00e7\u00e3o de pessoal a qualquer t\u00edtulo, <strong>ressalvada <\/strong>a reposi\u00e7\u00e3o decorrente de <strong>aposentadoria <\/strong>ou <strong>falecimento <\/strong>de servidores das \u00e1reas de <strong>educa\u00e7\u00e3o, sa\u00fade e seguran\u00e7a<\/strong>;<\/li><li>Contrata\u00e7\u00e3o de<strong> hora extra<\/strong>, salvo no caso das situa\u00e7\u00f5es previstas na LDO e no caso de convoca\u00e7\u00e3o extraordin\u00e1ria do Congresso Nacional.<\/li><\/ul>\n\n\n\n<h3 class=\"wp-block-heading\" id=\"h-limite-ultrapassado\"><span class=\"has-inline-color has-vivid-cyan-blue-color\">Limite Ultrapassado<\/span><\/h3>\n\n\n\n<p>Por fim, este limite ocorrer\u00e1 quando os gastos com pessoal<strong> excederem os limites determinados <\/strong>para cada ente federativo, os quais vimos anteriormente.<\/p>\n\n\n\n<p>Desse modo, quando isso acontecer, o percentual excedente ter\u00e1 de ser<strong> eliminado nos 2 quadrimestres seguintes<\/strong>, sendo pelo menos<strong> 1\/3 <\/strong>de todo o percentual no <strong>primeiro <\/strong>quadrimestre. Para realizar tais redu\u00e7\u00f5es, poder\u00e3o ser adotadas as seguintes medidas:<\/p>\n\n\n\n<ul class=\"wp-block-list\"><li>Redu\u00e7\u00e3o em pelo menos <strong>20%<\/strong> das despesas com cargos em<strong> comiss\u00e3o e fun\u00e7\u00f5es de confian\u00e7a;<\/strong><\/li><li>Exonera\u00e7\u00e3o dos servidores<strong> n\u00e3o est\u00e1veis;<\/strong><\/li><li>Exonera\u00e7\u00e3o de servidor <strong>est\u00e1vel<\/strong>, caso as medidas anteriores n\u00e3o sejam suficientes. &nbsp;<\/li><\/ul>\n\n\n\n<p>Assim, caso o ente <strong>n\u00e3o consiga alcan\u00e7ar a redu\u00e7\u00e3o<\/strong> disposta acima, no prazo estabelecido, o Poder ou \u00f3rg\u00e3o <strong>n\u00e3o poder\u00e1,<\/strong> enquanto perdurar o excesso:<\/p>\n\n\n\n<ul class=\"wp-block-list\"><li>Receber <strong>transfer\u00eancias volunt\u00e1rias<\/strong>, ressalvadas as destinadas \u00e0 sa\u00fade, \u00e0 educa\u00e7\u00e3o e \u00e0 assist\u00eancia social;<\/li><li>Obter <strong>garantia<\/strong>, direta ou indireta, de outro ente;<\/li><li>Contratar <strong>opera\u00e7\u00f5es de cr\u00e9dito, <\/strong>ressalvadas as destinadas ao pagamento da d\u00edvida mobili\u00e1ria e as que visem \u00e0 redu\u00e7\u00e3o das despesas com pessoal.<\/li><\/ul>\n\n\n\n<p><strong><span class=\"has-inline-color has-vivid-red-color\">PARA FIXAR:<\/span><\/strong><\/p>\n\n\n\n<p><strong>Limite de Alerta<\/strong>: 90%;<\/p>\n\n\n\n<p><strong>Limite Prudencial: <\/strong>95%;<\/p>\n\n\n\n<p><strong>Limite Ultrapassado:<\/strong> ultrapassar o limite da RCL.<\/p>\n\n\n\n<h2 class=\"wp-block-heading\" id=\"h-mecanismos-de-transpar-ncia-da-gest-o-fiscal\"><span class=\"has-inline-color has-vivid-cyan-blue-color\">Mecanismos de Transpar\u00eancia da Gest\u00e3o Fiscal<\/span><\/h2>\n\n\n\n<p>Finalizando o nosso artigo da Lei de Responsabilidade Fiscal para o ISS-BH, iremos dispor sobre os mecanismos de transpar\u00eancia da gest\u00e3o fiscal.<\/p>\n\n\n\n<p>Como citamos no in\u00edcio deste artigo, a transpar\u00eancia \u00e9 um dos princ\u00edpios da LRF.<\/p>\n\n\n\n<p>Desse modo, ela trouxe diversos<strong> instrumentos e mecanismos <\/strong>que devem ser utilizados para dar <strong>transpar\u00eancia <\/strong>\u00e0 gest\u00e3o fiscal dos administradores p\u00fablicos.<\/p>\n\n\n\n<p>Esses instrumentos, aos quais ser\u00e3o dados <strong>ampla divulga\u00e7\u00e3o<\/strong>, s\u00e3o os planos <strong>(PPA)<\/strong>, or\u00e7amentos <strong>(LOA)<\/strong> e leis de diretrizes or\u00e7ament\u00e1rias<strong> (LDO);<\/strong> as presta\u00e7\u00f5es de contas e o respectivo parecer pr\u00e9vio; o Relat\u00f3rio Resumido da Execu\u00e7\u00e3o Or\u00e7ament\u00e1ria <strong>(RREO) <\/strong>e o Relat\u00f3rio de Gest\u00e3o Fiscal <strong>(RGF);<\/strong> e as vers\u00f5es simplificadas desses documentos.<\/p>\n\n\n\n<p>De maneira simplificada, iremos definir cada um dos instrumentos acima:<\/p>\n\n\n\n<ul class=\"wp-block-list\"><li><strong><span class=\"has-inline-color has-vivid-cyan-blue-color\">PPA<\/span><\/strong>: O plano plurianual estabelecer\u00e1, de forma regionalizada, as <strong>diretrizes, objetivos e metas<\/strong> da administra\u00e7\u00e3o p\u00fablica federal para as despesas de capital e outras delas decorrentes e para as relativas aos programas de dura\u00e7\u00e3o continuada;<\/li><li><strong><span class=\"has-inline-color has-vivid-cyan-blue-color\">LDO<\/span><\/strong>: A lei de diretrizes or\u00e7ament\u00e1rias compreender\u00e1 as<strong> metas e prioridades<\/strong> da administra\u00e7\u00e3o p\u00fablica federal, estabelecer\u00e1 as diretrizes de pol\u00edtica fiscal e respectivas metas, em conson\u00e2ncia com trajet\u00f3ria sustent\u00e1vel da d\u00edvida p\u00fablica, orientar\u00e1 a elabora\u00e7\u00e3o da lei or\u00e7ament\u00e1ria anual, dispor\u00e1 sobre as altera\u00e7\u00f5es na legisla\u00e7\u00e3o tribut\u00e1ria e estabelecer\u00e1 a pol\u00edtica de aplica\u00e7\u00e3o das ag\u00eancias financeiras oficiais de fomento.<\/li><li><strong><span class=\"has-inline-color has-vivid-cyan-blue-color\">LOA<\/span><\/strong>: A lei or\u00e7ament\u00e1ria anual \u00e9 o <strong>or\u00e7amento <\/strong>p\u00fablico, o qual estabelece a previs\u00e3o da receita e a fixa\u00e7\u00e3o da despesa do ente federativo.<\/li><li><strong><span class=\"has-inline-color has-vivid-cyan-blue-color\">RREO<\/span><\/strong>: O Relat\u00f3rio Resumido da Execu\u00e7\u00e3o Or\u00e7ament\u00e1ria \u00e9 um documento publicado pelo Poder Executivo, em at\u00e9 trinta dias ap\u00f3s o encerramento de cada <strong>bimestre<\/strong>, que permite o acompanhamento e an\u00e1lise do desempenho das a\u00e7\u00f5es governamentais, como os demonstrativos da execu\u00e7\u00e3o das receitas e despesas;<\/li><li><strong><span class=\"has-inline-color has-vivid-cyan-blue-color\">RGF<\/span><\/strong>: O relat\u00f3rio de Gest\u00e3o Fiscal \u00e9 o documento publicado ao final de cada <strong>quadrimestre <\/strong>pelos titulares dos Poderes e \u00f3rg\u00e3os, cujo objetivo \u00e9 o controle, o monitoramento e a publicidade do cumprimento, por parte dos entes federativos, dos limites estabelecidos pela LRF.<\/li><\/ul>\n\n\n\n<h2 class=\"wp-block-heading\" id=\"h-finalizando\"><span class=\"has-inline-color has-vivid-cyan-blue-color\">Finalizando<\/span><\/h2>\n\n\n\n<p>Bom, pessoal! Chegamos ao fim da nossa an\u00e1lise dos T\u00f3picos da Lei de Responsabilidade Fiscal (Lei 101\/00), para o concurso do ISS-BH.<\/p>\n\n\n\n<p>Este artigo foi apenas um pequeno resumo de alguns pontos da lei. Por\u00e9m, salientamos a import\u00e2ncia do estudo completo desta norma.<\/p>\n\n\n\n<p>Caso deseje se aprofundar no assunto atrav\u00e9s de&nbsp;<strong>aulas completas e detalhadas com os melhores professores do mercado,<\/strong>&nbsp;acesse o site do&nbsp;<strong>Estrat\u00e9gia Concursos<\/strong>&nbsp;e d\u00ea uma conferida no nosso&nbsp;<a href=\"https:\/\/www.estrategiaconcursos.com.br\/curso\/iss-belo-horizonte-auditor-fiscal-de-tributos-pacote-2021-pos-edital\/\" target=\"_blank\" rel=\"noreferrer noopener\">curso completo para Auditor Fiscal de BH<\/a><strong>.&nbsp;<\/strong><\/p>\n\n\n\n<p>Conhe\u00e7a tamb\u00e9m o&nbsp;<a href=\"https:\/\/questoes.estrategiaconcursos.com.br\/\" target=\"_blank\" rel=\"noreferrer noopener\">Sistema de Quest\u00f5es do Estrat\u00e9gia<\/a>. Afinal, a \u00fanica maneira de&nbsp;<strong>consolidar o conte\u00fado&nbsp;<\/strong>de maneira satisfat\u00f3ria \u00e9 atrav\u00e9s da&nbsp;<strong>resolu\u00e7\u00e3o de quest\u00f5es.<\/strong><\/p>\n\n\n\n<p>Bons estudos a todos e at\u00e9 a pr\u00f3xima!<\/p>\n\n\n\n<h2 class=\"has-text-align-center wp-block-heading\" id=\"h-cursos-e-assinaturas\">Cursos e Assinaturas <\/h2>\n\n\n\n<p>Prepare-se com o melhor material e com quem mais aprova em Concursos P\u00fablicos em todo o pa\u00eds!<\/p>\n\n\n\n<div class=\"container\" id=\"boxes\">\n  <div class=\"row\">\n    <div class=\"col-sm\">\n      <div class=\"estrategia\" id=\"box-assinatura\">\n        <h3 class=\"titulo-assinatura\">Assinatura de Concursos<\/h3>\n        <p class=\"subtitulo-assinatura\">Assinatura de 1 ano ou 2 anos<\/p>\n        <div class=\"box-botao\">\n          <a class=\"btn-assinatura\" target=\"_blank\" href=\"https:\/\/www.estrategiaconcursos.com.br\/assinaturas\/\" role=\"button\" rel=\"noopener noreferrer\">ASSINE AGORA<\/a>\n        <\/div>\n      <\/div>\n      <p class=\"texto-auxiliar\"><\/p>\n    <\/div>\n    <div class=\"col-sm\">\n      <div class=\"questoes\" id=\"box-assinatura\">\n        <h3 class=\"titulo-assinatura\">Sistema de Quest\u00f5es<\/h3>\n        <p class=\"subtitulo-assinatura\">Assinatura de 1 ano ou 2 anos\n<\/p>\n        <div class=\"box-botao\">\n          <a class=\"btn-assinatura\" target=\"_blank\" href=\"https:\/\/www.estrategiaconcursos.com.br\/cursosPorConcurso\/sistema-de-questoes\/#\/\" role=\"button\" rel=\"noopener noreferrer\">ASSINE AGORA<\/a>\n        <\/div>\n      <\/div>\n      <p class=\"texto-auxiliar\"><\/p>\n    <\/div>\n  <\/div>\n<\/div>\n\n\n\n<div class=\"container\" id=\"boxes\">\n  <div class=\"row\">\n\n    <div class=\"col-sm\" id=\"boxes-concursos\">\n      <div style=\"background-color: #005DAD;\" class=\"conteudo-concursos\" id=\"box-concursos\">\n        <h3 class=\"titulo-assinatura\">Concursos Abertos<\/h3>\n        <p class=\"subtitulo-assinatura\">mais de 15 mil vagas<\/p>\n        <div class=\"box-botao\">\n          <a class=\"btn-assinatura\" target=\"_blank\" href=\"https:\/\/www.estrategiaconcursos.com.br\/blog\/concursos-abertos\/\" role=\"button\" rel=\"noopener noreferrer\">Conhe\u00e7a Agora<\/a>\n        <\/div>\n      <\/div>\n    <\/div>\n\n    \n\n    <div class=\"col-sm\" id=\"boxes-concursos\">\n      <div style=\"background-color: #419FF0;\" class=\"conteudo-concursos\" id=\"box-concursos\">\n        <h3 class=\"titulo-assinatura\">Concursos 2021<\/h3>\n        <p class=\"subtitulo-assinatura\">mais de 17 mil vagas<\/p>\n        <div class=\"box-botao\">\n          <a class=\"btn-assinatura\" target=\"_blank\" href=\"https:\/\/www.estrategiaconcursos.com.br\/blog\/concursos-2021\/\" role=\"button\" rel=\"noopener noreferrer\">Conhe\u00e7a Agora<\/a>\n        <\/div>\n      <\/div>\n    <\/div>\n\n  <\/div>\n<\/div>\n","protected":false},"excerpt":{"rendered":"<p>Confira neste artigo os T\u00f3picos da Lei de Responsabilidade Fiscal para o concurso de Auditor Fiscal do&nbsp;ISS-BH. Ol\u00e1, pessoal! Tudo bem com voc\u00eas? O&nbsp;concurso do ISS BH&nbsp;(Belo Horizonte) est\u00e1 cada dia mais perto. Como est\u00e1 a sua prepara\u00e7\u00e3o? Este certame est\u00e1 ofertando&nbsp;14 vagas&nbsp;para o cargo de&nbsp;Auditor Fiscal de Tributos Municipais, com uma remunera\u00e7\u00e3o inicial de&nbsp;R$ [&hellip;]<\/p>\n","protected":false},"author":1976,"featured_media":74921,"comment_status":"open","ping_status":"closed","sticky":false,"template":"","format":"standard","meta":{"post_tipo":"article","footnotes":""},"categories":[1,220183],"tags":[],"tax_estado":[219974],"class_list":["post-922466","post","type-post","status-publish","format-standard","has-post-thumbnail","hentry","category-cursos-e-concursos","category-fiscal-municipal","tax_estado-mg"],"acf":[],"yoast_head":"<!-- This site is optimized with the Yoast SEO Premium plugin v27.2 (Yoast SEO v27.2) - https:\/\/yoast.com\/product\/yoast-seo-premium-wordpress\/ -->\n<title>T\u00f3picos da Lei de Responsabilidade Fiscal para o ISS-BH<\/title>\n<meta name=\"description\" content=\"Confira neste artigo os principais T\u00f3picos da Lei de Responsabilidade Fiscal, na Lei 101\/00, para o concurso de Auditor Fiscal do\u00a0ISS-BH.\" \/>\n<meta name=\"robots\" content=\"index, follow, max-snippet:-1, max-image-preview:large, max-video-preview:-1\" \/>\n<link rel=\"canonical\" href=\"https:\/\/www.estrategiaconcursos.com.br\/blog\/lei-responsabilidade-fiscal-iss-bh\/\" \/>\n<meta property=\"og:locale\" content=\"pt_BR\" \/>\n<meta property=\"og:type\" content=\"article\" \/>\n<meta property=\"og:title\" content=\"T\u00f3picos da Lei de Responsabilidade Fiscal para o ISS-BH\" \/>\n<meta property=\"og:description\" content=\"Confira neste artigo os principais T\u00f3picos da Lei de Responsabilidade Fiscal, na Lei 101\/00, para o concurso de Auditor Fiscal do\u00a0ISS-BH.\" \/>\n<meta property=\"og:url\" content=\"https:\/\/www.estrategiaconcursos.com.br\/blog\/lei-responsabilidade-fiscal-iss-bh\/\" \/>\n<meta property=\"og:site_name\" content=\"Estrat\u00e9gia Concursos\" \/>\n<meta property=\"article:published_time\" content=\"2021-12-08T12:30:00+00:00\" \/>\n<meta property=\"og:image\" content=\"https:\/\/dhg1h5j42swfq.cloudfront.net\/2017\/05\/22163100\/LRF.jpg\" \/>\n\t<meta property=\"og:image:width\" content=\"280\" \/>\n\t<meta property=\"og:image:height\" content=\"180\" \/>\n\t<meta property=\"og:image:type\" content=\"image\/jpeg\" \/>\n<meta name=\"author\" content=\"Kassio Henrique Sobral Rocha\" \/>\n<meta name=\"twitter:card\" content=\"summary_large_image\" \/>\n<meta name=\"twitter:creator\" content=\"@EstratConcursos\" \/>\n<meta name=\"twitter:site\" content=\"@EstratConcursos\" \/>\n<meta name=\"twitter:label1\" content=\"Escrito por\" \/>\n\t<meta name=\"twitter:data1\" content=\"Kassio Henrique Sobral Rocha\" \/>\n\t<meta name=\"twitter:label2\" content=\"Est. tempo de leitura\" \/>\n\t<meta name=\"twitter:data2\" content=\"9 minutos\" \/>\n<script type=\"application\/ld+json\" class=\"yoast-schema-graph\">{\"@context\":\"https:\/\/schema.org\",\"@graph\":[{\"@type\":\"NewsArticle\",\"@id\":\"https:\/\/www.estrategiaconcursos.com.br\/blog\/lei-responsabilidade-fiscal-iss-bh\/#article\",\"isPartOf\":{\"@id\":\"https:\/\/www.estrategiaconcursos.com.br\/blog\/lei-responsabilidade-fiscal-iss-bh\/\"},\"author\":{\"name\":\"Kassio Henrique Sobral Rocha\",\"@id\":\"https:\/\/www.estrategiaconcursos.com.br\/blog\/#\/schema\/person\/f0c830e07cfe11c231c0ea5dbb036df5\"},\"headline\":\"T\u00f3picos da Lei de Responsabilidade Fiscal para o ISS-BH\",\"datePublished\":\"2021-12-08T12:30:00+00:00\",\"mainEntityOfPage\":{\"@id\":\"https:\/\/www.estrategiaconcursos.com.br\/blog\/lei-responsabilidade-fiscal-iss-bh\/\"},\"wordCount\":2141,\"commentCount\":0,\"publisher\":{\"@id\":\"https:\/\/www.estrategiaconcursos.com.br\/blog\/#organization\"},\"image\":{\"@id\":\"https:\/\/www.estrategiaconcursos.com.br\/blog\/lei-responsabilidade-fiscal-iss-bh\/#primaryimage\"},\"thumbnailUrl\":\"https:\/\/dhg1h5j42swfq.cloudfront.net\/2017\/05\/22163100\/LRF.jpg\",\"articleSection\":[\"Concursos P\u00fablicos\",\"Fiscal - Municipal (ISS)\"],\"inLanguage\":\"pt-BR\",\"potentialAction\":[{\"@type\":\"CommentAction\",\"name\":\"Comment\",\"target\":[\"https:\/\/www.estrategiaconcursos.com.br\/blog\/lei-responsabilidade-fiscal-iss-bh\/#respond\"]}],\"copyrightYear\":\"2021\",\"copyrightHolder\":{\"@id\":\"https:\/\/www.estrategiaconcursos.com.br\/blog\/#organization\"}},{\"@type\":\"WebPage\",\"@id\":\"https:\/\/www.estrategiaconcursos.com.br\/blog\/lei-responsabilidade-fiscal-iss-bh\/\",\"url\":\"https:\/\/www.estrategiaconcursos.com.br\/blog\/lei-responsabilidade-fiscal-iss-bh\/\",\"name\":\"T\u00f3picos da Lei de Responsabilidade Fiscal para o ISS-BH\",\"isPartOf\":{\"@id\":\"https:\/\/www.estrategiaconcursos.com.br\/blog\/#website\"},\"primaryImageOfPage\":{\"@id\":\"https:\/\/www.estrategiaconcursos.com.br\/blog\/lei-responsabilidade-fiscal-iss-bh\/#primaryimage\"},\"image\":{\"@id\":\"https:\/\/www.estrategiaconcursos.com.br\/blog\/lei-responsabilidade-fiscal-iss-bh\/#primaryimage\"},\"thumbnailUrl\":\"https:\/\/dhg1h5j42swfq.cloudfront.net\/2017\/05\/22163100\/LRF.jpg\",\"datePublished\":\"2021-12-08T12:30:00+00:00\",\"description\":\"Confira neste artigo os principais T\u00f3picos da Lei de Responsabilidade Fiscal, na Lei 101\/00, para o concurso de Auditor Fiscal do\u00a0ISS-BH.\",\"breadcrumb\":{\"@id\":\"https:\/\/www.estrategiaconcursos.com.br\/blog\/lei-responsabilidade-fiscal-iss-bh\/#breadcrumb\"},\"inLanguage\":\"pt-BR\",\"potentialAction\":[{\"@type\":\"ReadAction\",\"target\":[\"https:\/\/www.estrategiaconcursos.com.br\/blog\/lei-responsabilidade-fiscal-iss-bh\/\"]}]},{\"@type\":\"ImageObject\",\"inLanguage\":\"pt-BR\",\"@id\":\"https:\/\/www.estrategiaconcursos.com.br\/blog\/lei-responsabilidade-fiscal-iss-bh\/#primaryimage\",\"url\":\"https:\/\/dhg1h5j42swfq.cloudfront.net\/2017\/05\/22163100\/LRF.jpg\",\"contentUrl\":\"https:\/\/dhg1h5j42swfq.cloudfront.net\/2017\/05\/22163100\/LRF.jpg\",\"width\":280,\"height\":180,\"caption\":\"Princ\u00edpios e Objetivos da LRF\"},{\"@type\":\"BreadcrumbList\",\"@id\":\"https:\/\/www.estrategiaconcursos.com.br\/blog\/lei-responsabilidade-fiscal-iss-bh\/#breadcrumb\",\"itemListElement\":[{\"@type\":\"ListItem\",\"position\":1,\"name\":\"In\u00edcio\",\"item\":\"https:\/\/www.estrategiaconcursos.com.br\/blog\/\"},{\"@type\":\"ListItem\",\"position\":2,\"name\":\"T\u00f3picos da Lei de Responsabilidade Fiscal para o ISS-BH\"}]},{\"@type\":\"WebSite\",\"@id\":\"https:\/\/www.estrategiaconcursos.com.br\/blog\/#website\",\"url\":\"https:\/\/www.estrategiaconcursos.com.br\/blog\/\",\"name\":\"Estrat\u00e9gia Concursos\",\"description\":\"O blog da Estrat\u00e9gia Concursos traz not\u00edcias sobre concursos e artigos de professores oferecendo cursos para concursos (pdf + videaulas) no site.\",\"publisher\":{\"@id\":\"https:\/\/www.estrategiaconcursos.com.br\/blog\/#organization\"},\"potentialAction\":[{\"@type\":\"SearchAction\",\"target\":{\"@type\":\"EntryPoint\",\"urlTemplate\":\"https:\/\/www.estrategiaconcursos.com.br\/blog\/?s={search_term_string}\"},\"query-input\":{\"@type\":\"PropertyValueSpecification\",\"valueRequired\":true,\"valueName\":\"search_term_string\"}}],\"inLanguage\":\"pt-BR\"},{\"@type\":\"Organization\",\"@id\":\"https:\/\/www.estrategiaconcursos.com.br\/blog\/#organization\",\"name\":\"Estrat\u00e9gia Concursos\",\"url\":\"https:\/\/www.estrategiaconcursos.com.br\/blog\/\",\"logo\":{\"@type\":\"ImageObject\",\"inLanguage\":\"pt-BR\",\"@id\":\"https:\/\/www.estrategiaconcursos.com.br\/blog\/#\/schema\/logo\/image\/\",\"url\":\"https:\/\/dhg1h5j42swfq.cloudfront.net\/2025\/06\/03203428\/logo_concursos-1.jpg\",\"contentUrl\":\"https:\/\/dhg1h5j42swfq.cloudfront.net\/2025\/06\/03203428\/logo_concursos-1.jpg\",\"width\":230,\"height\":60,\"caption\":\"Estrat\u00e9gia Concursos\"},\"image\":{\"@id\":\"https:\/\/www.estrategiaconcursos.com.br\/blog\/#\/schema\/logo\/image\/\"},\"sameAs\":[\"https:\/\/x.com\/EstratConcursos\"]},{\"@type\":\"Person\",\"@id\":\"https:\/\/www.estrategiaconcursos.com.br\/blog\/#\/schema\/person\/f0c830e07cfe11c231c0ea5dbb036df5\",\"name\":\"Kassio Henrique Sobral Rocha\",\"image\":{\"@type\":\"ImageObject\",\"inLanguage\":\"pt-BR\",\"@id\":\"https:\/\/secure.gravatar.com\/avatar\/d10350cbdad043facd8ec77a377f86f9026afee3348e463b04854fd4490ce759?s=96&d=mm&r=g\",\"url\":\"https:\/\/secure.gravatar.com\/avatar\/d10350cbdad043facd8ec77a377f86f9026afee3348e463b04854fd4490ce759?s=96&d=mm&r=g\",\"contentUrl\":\"https:\/\/secure.gravatar.com\/avatar\/d10350cbdad043facd8ec77a377f86f9026afee3348e463b04854fd4490ce759?s=96&d=mm&r=g\",\"caption\":\"Kassio Henrique Sobral Rocha\"},\"url\":\"https:\/\/www.estrategiaconcursos.com.br\/blog\/author\/kassio-rochayahoo-com-br\/\"}]}<\/script>\n<!-- \/ Yoast SEO Premium plugin. -->","yoast_head_json":{"title":"T\u00f3picos da Lei de Responsabilidade Fiscal para o ISS-BH","description":"Confira neste artigo os principais T\u00f3picos da Lei de Responsabilidade Fiscal, na Lei 101\/00, para o concurso de Auditor Fiscal do\u00a0ISS-BH.","robots":{"index":"index","follow":"follow","max-snippet":"max-snippet:-1","max-image-preview":"max-image-preview:large","max-video-preview":"max-video-preview:-1"},"canonical":"https:\/\/www.estrategiaconcursos.com.br\/blog\/lei-responsabilidade-fiscal-iss-bh\/","og_locale":"pt_BR","og_type":"article","og_title":"T\u00f3picos da Lei de Responsabilidade Fiscal para o ISS-BH","og_description":"Confira neste artigo os principais T\u00f3picos da Lei de Responsabilidade Fiscal, na Lei 101\/00, para o concurso de Auditor Fiscal do\u00a0ISS-BH.","og_url":"https:\/\/www.estrategiaconcursos.com.br\/blog\/lei-responsabilidade-fiscal-iss-bh\/","og_site_name":"Estrat\u00e9gia Concursos","article_published_time":"2021-12-08T12:30:00+00:00","og_image":[{"width":280,"height":180,"url":"https:\/\/dhg1h5j42swfq.cloudfront.net\/2017\/05\/22163100\/LRF.jpg","type":"image\/jpeg"}],"author":"Kassio Henrique Sobral Rocha","twitter_card":"summary_large_image","twitter_creator":"@EstratConcursos","twitter_site":"@EstratConcursos","twitter_misc":{"Escrito por":"Kassio Henrique Sobral Rocha","Est. tempo de leitura":"9 minutos"},"schema":{"@context":"https:\/\/schema.org","@graph":[{"@type":"NewsArticle","@id":"https:\/\/www.estrategiaconcursos.com.br\/blog\/lei-responsabilidade-fiscal-iss-bh\/#article","isPartOf":{"@id":"https:\/\/www.estrategiaconcursos.com.br\/blog\/lei-responsabilidade-fiscal-iss-bh\/"},"author":{"name":"Kassio Henrique Sobral Rocha","@id":"https:\/\/www.estrategiaconcursos.com.br\/blog\/#\/schema\/person\/f0c830e07cfe11c231c0ea5dbb036df5"},"headline":"T\u00f3picos da Lei de Responsabilidade Fiscal para o ISS-BH","datePublished":"2021-12-08T12:30:00+00:00","mainEntityOfPage":{"@id":"https:\/\/www.estrategiaconcursos.com.br\/blog\/lei-responsabilidade-fiscal-iss-bh\/"},"wordCount":2141,"commentCount":0,"publisher":{"@id":"https:\/\/www.estrategiaconcursos.com.br\/blog\/#organization"},"image":{"@id":"https:\/\/www.estrategiaconcursos.com.br\/blog\/lei-responsabilidade-fiscal-iss-bh\/#primaryimage"},"thumbnailUrl":"https:\/\/dhg1h5j42swfq.cloudfront.net\/2017\/05\/22163100\/LRF.jpg","articleSection":["Concursos P\u00fablicos","Fiscal - Municipal (ISS)"],"inLanguage":"pt-BR","potentialAction":[{"@type":"CommentAction","name":"Comment","target":["https:\/\/www.estrategiaconcursos.com.br\/blog\/lei-responsabilidade-fiscal-iss-bh\/#respond"]}],"copyrightYear":"2021","copyrightHolder":{"@id":"https:\/\/www.estrategiaconcursos.com.br\/blog\/#organization"}},{"@type":"WebPage","@id":"https:\/\/www.estrategiaconcursos.com.br\/blog\/lei-responsabilidade-fiscal-iss-bh\/","url":"https:\/\/www.estrategiaconcursos.com.br\/blog\/lei-responsabilidade-fiscal-iss-bh\/","name":"T\u00f3picos da Lei de Responsabilidade Fiscal para o ISS-BH","isPartOf":{"@id":"https:\/\/www.estrategiaconcursos.com.br\/blog\/#website"},"primaryImageOfPage":{"@id":"https:\/\/www.estrategiaconcursos.com.br\/blog\/lei-responsabilidade-fiscal-iss-bh\/#primaryimage"},"image":{"@id":"https:\/\/www.estrategiaconcursos.com.br\/blog\/lei-responsabilidade-fiscal-iss-bh\/#primaryimage"},"thumbnailUrl":"https:\/\/dhg1h5j42swfq.cloudfront.net\/2017\/05\/22163100\/LRF.jpg","datePublished":"2021-12-08T12:30:00+00:00","description":"Confira neste artigo os principais T\u00f3picos da Lei de Responsabilidade Fiscal, na Lei 101\/00, para o concurso de Auditor Fiscal do\u00a0ISS-BH.","breadcrumb":{"@id":"https:\/\/www.estrategiaconcursos.com.br\/blog\/lei-responsabilidade-fiscal-iss-bh\/#breadcrumb"},"inLanguage":"pt-BR","potentialAction":[{"@type":"ReadAction","target":["https:\/\/www.estrategiaconcursos.com.br\/blog\/lei-responsabilidade-fiscal-iss-bh\/"]}]},{"@type":"ImageObject","inLanguage":"pt-BR","@id":"https:\/\/www.estrategiaconcursos.com.br\/blog\/lei-responsabilidade-fiscal-iss-bh\/#primaryimage","url":"https:\/\/dhg1h5j42swfq.cloudfront.net\/2017\/05\/22163100\/LRF.jpg","contentUrl":"https:\/\/dhg1h5j42swfq.cloudfront.net\/2017\/05\/22163100\/LRF.jpg","width":280,"height":180,"caption":"Princ\u00edpios e Objetivos da LRF"},{"@type":"BreadcrumbList","@id":"https:\/\/www.estrategiaconcursos.com.br\/blog\/lei-responsabilidade-fiscal-iss-bh\/#breadcrumb","itemListElement":[{"@type":"ListItem","position":1,"name":"In\u00edcio","item":"https:\/\/www.estrategiaconcursos.com.br\/blog\/"},{"@type":"ListItem","position":2,"name":"T\u00f3picos da Lei de Responsabilidade Fiscal para o ISS-BH"}]},{"@type":"WebSite","@id":"https:\/\/www.estrategiaconcursos.com.br\/blog\/#website","url":"https:\/\/www.estrategiaconcursos.com.br\/blog\/","name":"Estrat\u00e9gia Concursos","description":"O blog da Estrat\u00e9gia Concursos traz not\u00edcias sobre concursos e artigos de professores oferecendo cursos para concursos (pdf + videaulas) no site.","publisher":{"@id":"https:\/\/www.estrategiaconcursos.com.br\/blog\/#organization"},"potentialAction":[{"@type":"SearchAction","target":{"@type":"EntryPoint","urlTemplate":"https:\/\/www.estrategiaconcursos.com.br\/blog\/?s={search_term_string}"},"query-input":{"@type":"PropertyValueSpecification","valueRequired":true,"valueName":"search_term_string"}}],"inLanguage":"pt-BR"},{"@type":"Organization","@id":"https:\/\/www.estrategiaconcursos.com.br\/blog\/#organization","name":"Estrat\u00e9gia Concursos","url":"https:\/\/www.estrategiaconcursos.com.br\/blog\/","logo":{"@type":"ImageObject","inLanguage":"pt-BR","@id":"https:\/\/www.estrategiaconcursos.com.br\/blog\/#\/schema\/logo\/image\/","url":"https:\/\/dhg1h5j42swfq.cloudfront.net\/2025\/06\/03203428\/logo_concursos-1.jpg","contentUrl":"https:\/\/dhg1h5j42swfq.cloudfront.net\/2025\/06\/03203428\/logo_concursos-1.jpg","width":230,"height":60,"caption":"Estrat\u00e9gia Concursos"},"image":{"@id":"https:\/\/www.estrategiaconcursos.com.br\/blog\/#\/schema\/logo\/image\/"},"sameAs":["https:\/\/x.com\/EstratConcursos"]},{"@type":"Person","@id":"https:\/\/www.estrategiaconcursos.com.br\/blog\/#\/schema\/person\/f0c830e07cfe11c231c0ea5dbb036df5","name":"Kassio Henrique Sobral Rocha","image":{"@type":"ImageObject","inLanguage":"pt-BR","@id":"https:\/\/secure.gravatar.com\/avatar\/d10350cbdad043facd8ec77a377f86f9026afee3348e463b04854fd4490ce759?s=96&d=mm&r=g","url":"https:\/\/secure.gravatar.com\/avatar\/d10350cbdad043facd8ec77a377f86f9026afee3348e463b04854fd4490ce759?s=96&d=mm&r=g","contentUrl":"https:\/\/secure.gravatar.com\/avatar\/d10350cbdad043facd8ec77a377f86f9026afee3348e463b04854fd4490ce759?s=96&d=mm&r=g","caption":"Kassio Henrique Sobral Rocha"},"url":"https:\/\/www.estrategiaconcursos.com.br\/blog\/author\/kassio-rochayahoo-com-br\/"}]}},"_links":{"self":[{"href":"https:\/\/www.estrategiaconcursos.com.br\/blog\/wp-json\/wp\/v2\/posts\/922466","targetHints":{"allow":["GET"]}}],"collection":[{"href":"https:\/\/www.estrategiaconcursos.com.br\/blog\/wp-json\/wp\/v2\/posts"}],"about":[{"href":"https:\/\/www.estrategiaconcursos.com.br\/blog\/wp-json\/wp\/v2\/types\/post"}],"author":[{"embeddable":true,"href":"https:\/\/www.estrategiaconcursos.com.br\/blog\/wp-json\/wp\/v2\/users\/1976"}],"replies":[{"embeddable":true,"href":"https:\/\/www.estrategiaconcursos.com.br\/blog\/wp-json\/wp\/v2\/comments?post=922466"}],"version-history":[{"count":21,"href":"https:\/\/www.estrategiaconcursos.com.br\/blog\/wp-json\/wp\/v2\/posts\/922466\/revisions"}],"predecessor-version":[{"id":922631,"href":"https:\/\/www.estrategiaconcursos.com.br\/blog\/wp-json\/wp\/v2\/posts\/922466\/revisions\/922631"}],"wp:featuredmedia":[{"embeddable":true,"href":"https:\/\/www.estrategiaconcursos.com.br\/blog\/wp-json\/wp\/v2\/media\/74921"}],"wp:attachment":[{"href":"https:\/\/www.estrategiaconcursos.com.br\/blog\/wp-json\/wp\/v2\/media?parent=922466"}],"wp:term":[{"taxonomy":"category","embeddable":true,"href":"https:\/\/www.estrategiaconcursos.com.br\/blog\/wp-json\/wp\/v2\/categories?post=922466"},{"taxonomy":"post_tag","embeddable":true,"href":"https:\/\/www.estrategiaconcursos.com.br\/blog\/wp-json\/wp\/v2\/tags?post=922466"},{"taxonomy":"tax_estado","embeddable":true,"href":"https:\/\/www.estrategiaconcursos.com.br\/blog\/wp-json\/wp\/v2\/tax_estado?post=922466"}],"curies":[{"name":"wp","href":"https:\/\/api.w.org\/{rel}","templated":true}]}}