{"id":922176,"date":"2025-07-08T11:11:00","date_gmt":"2025-07-08T14:11:00","guid":{"rendered":"https:\/\/www.estrategiaconcursos.com.br\/blog\/?p=922176"},"modified":"2025-10-27T11:34:26","modified_gmt":"2025-10-27T14:34:26","slug":"concurso-mp-rr","status":"publish","type":"post","link":"https:\/\/www.estrategiaconcursos.com.br\/blog\/concurso-mp-rr\/","title":{"rendered":"Concurso MP RR: certame v\u00e1lido at\u00e9 abril de 2027"},"content":{"rendered":"\n<p>O &nbsp;prazo de validade do concurso <strong>MP RR<\/strong> (<a href=\"https:\/\/www.estrategiaconcursos.com.br\/cursosPorConcurso\/mp-rr-ministerio-publico-do-estado-de-roraima-servidores\/\" target=\"_blank\" rel=\"noreferrer noopener\">Minist\u00e9rio P\u00fablico de Roraima<\/a>) vai at\u00e9 abril de 2027. E segundo o dados do portal da transpar\u00eancia, a pasta est\u00e1 com <strong>51 cargos vagos <\/strong>para servidores!<\/p>\n\n\n\n<ul class=\"wp-block-list\">\n<li><a href=\"#h-cargos-vagos-2025\">Divis\u00e3o exata de vagas por cargo<\/a>.<\/li>\n<\/ul>\n\n\n\n<p>A <strong>\u00faltima sele\u00e7\u00e3o foi realizada em 2022 e contemplou 33 vagas imediatas<\/strong> para cargos de n\u00edveis <strong>m\u00e9dio e superior <\/strong>de forma\u00e7\u00e3o para o cargo de <strong>T\u00e9cnico Administrativo (TAE).<\/strong><\/p>\n\n\n\n<p>Os candidatos foram avaliados por provas objetivas em 23 de outubro de 2022. Confira abaixo os resultados dispon\u00edveis:<\/p>\n\n\n\n<ul class=\"wp-block-list\">\n<li><a href=\"https:\/\/www.institutoaocp.org.br\/concursos\/474\" target=\"_blank\" rel=\"noreferrer noopener\">Resultados do concurso MP RR de 2022<\/a>.<\/li>\n<\/ul>\n\n\n\n<p>Confira mais informa\u00e7\u00f5es no decorrer do artigo!<\/p>\n\n\n\n<ul id=\"block-ee678516-e9d1-48bd-b327-7b9acd55f0fd\" class=\"wp-block-list has-black-color has-very-light-gray-to-cyan-bluish-gray-gradient-background has-text-color has-background\">\n<li><strong>Concurso MP RR &#8211; Servidor<\/strong><\/li>\n\n\n\n<li><strong>Status:<\/strong> v\u00e1lido at\u00e9 abril de 2027<\/li>\n\n\n\n<li><strong>Banca:<\/strong> <a href=\"https:\/\/www.institutoaocp.org.br\/concursos\/474\" target=\"_blank\" rel=\"noreferrer noopener\">Instituto AOCP<\/a><\/li>\n\n\n\n<li><strong>Vagas<\/strong>:&nbsp;33<\/li>\n\n\n\n<li><strong>Sal\u00e1rios:&nbsp;<\/strong>de R$ 4.628,76 a R$ 9.257,37<\/li>\n\n\n\n<li><strong>Edital: <a href=\"https:\/\/dhg1h5j42swfq.cloudfront.net\/2021\/12\/03211145\/ed_1_2008_mpe_rr_administrativo_abt_final1form.pdf\" target=\"_blank\" rel=\"noreferrer noopener nofollow\"><\/a><a href=\"https:\/\/dhg1h5j42swfq.cloudfront.net\/2022\/08\/02062430\/mp-rr-edital-2022.pdf\" target=\"_blank\" rel=\"noreferrer noopener\">MP RR<\/a><\/strong><\/li>\n<\/ul>\n\n\n\n<p>Confira todos os detalhes do concurso MP RR com a equipe do Estrat\u00e9gia Concursos!<\/p>\n\n\n\n<div class=\"container\" id=\"boxes\">\n  <div class=\"row\">\n\n    <div class=\"col-sm\">\n      <div class=\"banner-tribunal\" id=\"box-assinatura\">\n        <h3 class=\"titulo-assinatura\">Curso MP RR<\/h3>\n        <p class=\"subtitulo-assinatura\">Conhe\u00e7a os cursos<\/p>\n        <div class=\"box-botao\">\n          <a class=\"btn-assinatura\" target=\"_blank\" href=\"https:\/\/www.estrategiaconcursos.com.br\/cursosPorConcurso\/mp-rr-ministerio-publico-do-estado-de-roraima-servidores\/\" rel=\"noopener\">Conhe\u00e7a mais<\/a>\n        <\/div>\n      <\/div>\n      <p class=\"texto-auxiliar\">Prepare-se com o melhor material e com quem mais aprova em Concursos P\u00fablicos em todo o pa\u00eds.<\/p>\n    <\/div>\n\n  <\/div>\n<\/div>\n\n\n\n<ul id=\"indice\" class=\"wp-block-list\">\n<li><a href=\"#principais\"><strong>Principais datas<\/strong><\/a>\n<ul class=\"wp-block-list\">\n<li><a href=\"#h-cargos-vagos-2025\"><strong>Cargos vagos<\/strong><\/a><\/li>\n<\/ul>\n<\/li>\n\n\n\n<li><strong><a href=\"#carreira\">Carreira<\/a><\/strong>\n<ul class=\"wp-block-list\">\n<li><strong><a href=\"#cargos\">Cargos e vagas<\/a><\/strong><\/li>\n\n\n\n<li><a href=\"#remuneratoria\"><strong>Estrutura<\/strong> <strong>Remunerat\u00f3ria<\/strong><\/a><\/li>\n<\/ul>\n<\/li>\n<\/ul>\n\n\n\n<ul class=\"wp-block-list\">\n<li><a href=\"#requisitos\"><strong>Requisitos <\/strong><\/a><\/li>\n\n\n\n<li><a href=\"#etapas\"><strong>Etapas de prova<\/strong><\/a>\n<ul class=\"wp-block-list\">\n<li><a href=\"#objetiva\"><strong>Objetiva<\/strong><\/a><\/li>\n\n\n\n<li><a href=\"#discursiva\"><strong>Discursiva<\/strong><\/a><\/li>\n\n\n\n<li><a href=\"#titulos\"><strong>T\u00edtulos<\/strong><\/a><\/li>\n<\/ul>\n<\/li>\n<\/ul>\n\n\n\n<ul class=\"wp-block-list\">\n<li><a href=\"#estrategico\"><strong>Edital Estrat\u00e9gico<\/strong><\/a><\/li>\n<\/ul>\n\n\n\n<ul id=\"indice\" class=\"wp-block-list\">\n<li><strong><a href=\"#ultimo\">\u00daltimo Concurso<\/a><\/strong>\n<ul class=\"wp-block-list\">\n<li><strong><a href=\"#etapas\">Etapas do concurso<\/a><\/strong><\/li>\n<\/ul>\n<\/li>\n\n\n\n<li><strong><a href=\"#cursos\" target=\"_blank\" rel=\"noreferrer noopener\">Cursos e assinaturas<\/a><\/strong><\/li>\n\n\n\n<li><strong><a href=\"#ficha\">Ficha t\u00e9cnica do concurso<\/a><\/strong><\/li>\n<\/ul>\n\n\n\n<h2 class=\"wp-block-heading\" id=\"atual\">Concurso MP RR: situa\u00e7\u00e3o atual<\/h2>\n\n\n\n<h3 class=\"wp-block-heading\" id=\"h-cargos-vagos-em-2025\">Cargos vagos em 2025<\/h3>\n\n\n\n<p>De acordo com dados do portal da transpar\u00eancia do MP RR s\u00e3o<strong> 51 cargos vagos<\/strong> para servidores. Confira a divis\u00e3o:<\/p>\n\n\n\n<figure class=\"wp-block-table is-style-stripes\"><table class=\"has-very-light-gray-to-cyan-bluish-gray-gradient-background has-background has-fixed-layout\"><thead><tr><th>CARGOS<\/th><th class=\"has-text-align-center\" data-align=\"center\">VAGAS<\/th><\/tr><\/thead><tbody><tr><td>COORDENADOR DE ESTAT\u00cdSTICA E GEST\u00c3O ESTRAT\u00c9GICA<\/td><td class=\"has-text-align-center\" data-align=\"center\">1<\/td><\/tr><tr><td>COORDENADOR ADJUNTO DO N\u00daCLEO DE SA\u00daDE OCUPACIONAL E PREVEN\u00c7\u00c3O<\/td><td class=\"has-text-align-center\" data-align=\"center\">1<\/td><\/tr><tr><td>ASSESSOR CONT\u00c1BIL<\/td><td class=\"has-text-align-center\" data-align=\"center\">2<\/td><\/tr><tr><td>ASSESSOR JUR\u00cdDICO DE PROMOTORIA<\/td><td class=\"has-text-align-center\" data-align=\"center\">11<\/td><\/tr><tr><td>CHEFE DE GABINETE DO CORREGEDOR GERAL<\/td><td class=\"has-text-align-center\" data-align=\"center\">1<\/td><\/tr><tr><td>CHEFE DE CERIMONIAL<\/td><td class=\"has-text-align-center\" data-align=\"center\">1<\/td><\/tr><tr><td>CHEFE DE GABINETE DE COORDENADORIA<\/td><td class=\"has-text-align-center\" data-align=\"center\">1<\/td><\/tr><tr><td>CHEFE DE SE\u00c7\u00c3O<\/td><td class=\"has-text-align-center\" data-align=\"center\">1<\/td><\/tr><tr><td>ASSESSOR T\u00c9CNICO<\/td><td class=\"has-text-align-center\" data-align=\"center\">6<\/td><\/tr><tr><td>ASSESSOR ADMINISTRATIVO<\/td><td class=\"has-text-align-center\" data-align=\"center\">2<\/td><\/tr><tr><td>MP\/FC-III<\/td><td class=\"has-text-align-center\" data-align=\"center\">2<\/td><\/tr><tr><td>MP\/FC-IV<\/td><td class=\"has-text-align-center\" data-align=\"center\">2<\/td><\/tr><tr><td>MP\/FC-V<\/td><td class=\"has-text-align-center\" data-align=\"center\">13<\/td><\/tr><tr><td>ASSESSOR JUR\u00cdDICO<\/td><td class=\"has-text-align-center\" data-align=\"center\">7<\/td><\/tr><\/tbody><\/table><figcaption class=\"wp-element-caption\">Cargos vagos no MP RR<\/figcaption><\/figure>\n\n\n\n<h3 class=\"wp-block-heading\" id=\"edital-retificado\">Edital retificado<\/h3>\n\n\n\n<h4 class=\"wp-block-heading\">Segunda retifica\u00e7\u00e3o<\/h4>\n\n\n\n<p>De acordo com o novo documento publicado pela banca no dia 17 de agosto, foram observadas altera\u00e7\u00f5es nos requisitos para solicita\u00e7\u00e3o de isen\u00e7\u00e3o da taxa de inscri\u00e7\u00e3o do certame.<\/p>\n\n\n\n<p>Agora, os candidatos que se encaixam nas condi\u00e7\u00f5es de <strong>Doador de Medula \u00d3ssea<\/strong> e <strong>Eleitor convocado e<\/strong> <strong>nomeado<\/strong> poder\u00e3o realizar a solicita\u00e7\u00e3o de isen\u00e7\u00e3o da taxa entre via internet no per\u00edodo das 09h00min do dia <strong>17\/08\/2022<\/strong> \u00e0s 18h00min do dia <strong>20\/08\/2022<\/strong>.<\/p>\n\n\n\n<p>Ressalta-se que o candidato interessado em obter a isen\u00e7\u00e3o dever\u00e1 apresentar no ato da inscri\u00e7\u00e3o os documentos que comprovam o servi\u00e7o prestado e o registro oficial.<\/p>\n\n\n\n<p>Confira abaixo o documento completo!<\/p>\n\n\n\n<ul class=\"wp-block-list\">\n<li><a href=\"https:\/\/dhg1h5j42swfq.cloudfront.net\/2022\/08\/18151246\/ed_03_retif_mprr.pdf\" target=\"_blank\" rel=\"noreferrer noopener nofollow\">2\u00aa Retifica\u00e7\u00e3o<\/a>.<\/li>\n<\/ul>\n\n\n\n<h4 class=\"wp-block-heading\">Primeira retifica\u00e7\u00e3o<\/h4>\n\n\n\n<p>Foi publicado o edital retificado do concurso para servidores do MP RR. O documento divulgado no dia <strong>03 de agosto<\/strong> pela banca organizadora do certame, o Instituto AOCP, aponta altera\u00e7\u00f5es no conte\u00fado das provas objetivas para os cargos de n\u00edveis m\u00e9dio e superior.<\/p>\n\n\n\n<p>Al\u00e9m disso, foi modificado o conte\u00fado program\u00e1tico de conhecimentos espec\u00edficos para o cargo de T\u00e9cnico Administrativo. Confira abaixo o documento completo!<\/p>\n\n\n\n<ul class=\"wp-block-list\">\n<li><a href=\"https:\/\/dhg1h5j42swfq.cloudfront.net\/2022\/08\/03183256\/ed_02_retif_mprr.pdf\" target=\"_blank\" rel=\"noreferrer noopener nofollow\">1\u00aa Retifica\u00e7\u00e3o<\/a>.<\/li>\n<\/ul>\n\n\n\n<h2 class=\"wp-block-heading\" id=\"carreira\">Carreira no MP RR<\/h2>\n\n\n\n<h3 class=\"wp-block-heading\" id=\"h-cargos-e-vagas\">Cargos e vagas <\/h3>\n\n\n\n<p>As oportunidades s\u00e3o para os seguintes cargos e especialidades:<\/p>\n\n\n\n<h3 class=\"wp-block-heading\" id=\"nivel-medio\">N\u00edvel m\u00e9dio<\/h3>\n\n\n\n<ul class=\"wp-block-list\">\n<li>Tecnologia da informa\u00e7\u00e3o:<strong>&nbsp;3 ampla \/ 1 PCDs \/ 1 cotas<\/strong>; e<\/li>\n\n\n\n<li>Apoio T\u00e9cnico-Administrativo:&nbsp;<strong>16 ampla \/ 1 PCDs \/ 3 cotas<\/strong>.<\/li>\n<\/ul>\n\n\n\n<h3 class=\"wp-block-heading\" id=\"nivel-superior\">N\u00edvel Superior <\/h3>\n\n\n\n<ul class=\"wp-block-list\">\n<li>Analista \u2013 Arquiteto:&nbsp;<strong>1 vaga ampla<\/strong>;<\/li>\n\n\n\n<li>Analista \u2013 Assistente Social:&nbsp;<strong>2 vagas ampla<\/strong>;<\/li>\n\n\n\n<li>Analista \u2013 Engenheiro Civil:&nbsp;<strong>1 vaga ampla<\/strong>;<\/li>\n\n\n\n<li>Analista \u2013 Pedagogo:&nbsp;<strong>1 vaga ampla<\/strong>;<\/li>\n\n\n\n<li>Analista \u2013 Psic\u00f3logo:&nbsp;<strong>2 vagas ampla<\/strong>; e<\/li>\n\n\n\n<li>Analista \u2013 Desenvolvimento de Sistemas\/Suporte e Infraestrutura\/Seguran\u00e7a da Informa\u00e7\u00e3o:&nbsp;<strong>1 vaga ampla<\/strong>.<\/li>\n<\/ul>\n\n\n\n<h3 class=\"wp-block-heading\" id=\"remuneratoria\">Estrutura Remunerat\u00f3ria<\/h3>\n\n\n\n<p>Conforme informado no edital, os aprovados no concurso MP RR far\u00e3o jus aos seguintes sal\u00e1rios iniciais:<\/p>\n\n\n\n<ul class=\"wp-block-list\">\n<li>Cargos de n\u00edveis m\u00e9dio\/t\u00e9cnico:&nbsp;<strong>R$ 4.628,76<\/strong>; e<\/li>\n\n\n\n<li>Cargos de n\u00edvel superior:&nbsp;<strong>R$ 9.257,37<\/strong>.<\/li>\n<\/ul>\n\n\n\n<p>As remunera\u00e7\u00f5es e plano de carreira para os cargos se d\u00e1 da seguinte forma no \u00f3rg\u00e3o: <\/p>\n\n\n\n<figure class=\"wp-block-image aligncenter size-full is-resized\"><img loading=\"lazy\" decoding=\"async\" width=\"767\" height=\"402\" src=\"https:\/\/dhg1h5j42swfq.cloudfront.net\/2021\/12\/03211630\/image-84.png\" alt=\"Tabela remunerat\u00f3rio dos cargos do MP RR\" class=\"wp-image-922248\" style=\"width:850px;height:446px\" srcset=\"https:\/\/dhg1h5j42swfq.cloudfront.net\/2021\/12\/03211630\/image-84.png 767w, https:\/\/dhg1h5j42swfq.cloudfront.net\/2021\/12\/03211630\/image-84-300x157.png 300w, https:\/\/dhg1h5j42swfq.cloudfront.net\/2021\/12\/03211630\/image-84-610x320.png 610w\" sizes=\"auto, (max-width: 767px) 100vw, 767px\" \/><\/figure>\n\n\n\n<h2 class=\"wp-block-heading\" id=\"h-concurso-mp-rr-requisitos\">Concurso MP RR: requisitos<\/h2>\n\n\n\n<p>Os candidatos interessados nas oportunidades devem ter aten\u00e7\u00e3o aos seguintes requisitos: <\/p>\n\n\n\n<ul id=\"block-7d1f1511-ac9f-4101-b220-f078e6382748\" class=\"wp-block-list\">\n<li><strong>Tecnologia da informa\u00e7\u00e3o<\/strong>\n<ul class=\"wp-block-list\">\n<li><strong>Escolaridade<\/strong>: N\u00edvel M\u00e9dio completo;<\/li>\n\n\n\n<li><strong>Habilita\u00e7\u00e3o Legal Espec\u00edfica<\/strong>: certificado de conclus\u00e3o de curso t\u00e9cnico na \u00e1rea de Tecnologia da Informa\u00e7\u00e3o, devidamente reconhecido.<\/li>\n<\/ul>\n<\/li>\n\n\n\n<li><strong>Apoio T\u00e9cnico-Administrativo<\/strong>\n<ul class=\"wp-block-list\">\n<li><strong>Escolaridade<\/strong>: N\u00edvel M\u00e9dio completo;<\/li>\n\n\n\n<li><strong>Habilita\u00e7\u00e3o Legal Espec\u00edfica<\/strong>: n\u00e3o exigida<\/li>\n<\/ul>\n<\/li>\n\n\n\n<li><strong>Analista \u2013 Arquiteto<\/strong>\n<ul class=\"wp-block-list\">\n<li><strong>Escolaridade<\/strong>: Curso superior completo, em n\u00edvel de gradua\u00e7\u00e3o;<\/li>\n\n\n\n<li><strong>Habilita\u00e7\u00e3o Legal Espec\u00edfica<\/strong>: Curso superior em Arquitetura ou em Arquitetura e Urbanismo, devidamente reconhecido; Registro Profissional no \u00d3rg\u00e3o de Classe Competente.<\/li>\n<\/ul>\n<\/li>\n\n\n\n<li><strong>Analista \u2013 Assistente Social<\/strong>\n<ul class=\"wp-block-list\">\n<li><strong>Escolaridade<\/strong>: Curso superior completo, em n\u00edvel de gradua\u00e7\u00e3o;<\/li>\n\n\n\n<li><strong>Habilita\u00e7\u00e3o Legal Espec\u00edfica<\/strong>: Curso superior em Servi\u00e7o Social, devidamente reconhecido; Registro Profissional no \u00d3rg\u00e3o de Classe Competente.<\/li>\n<\/ul>\n<\/li>\n\n\n\n<li><strong>Analista \u2013 Engenheiro Civil<\/strong>\n<ul class=\"wp-block-list\">\n<li><strong>Escolaridade<\/strong>: Curso superior completo, em n\u00edvel de gradua\u00e7\u00e3o;<\/li>\n\n\n\n<li><strong>Habilita\u00e7\u00e3o Legal Espec\u00edfica<\/strong>: Curso superior na \u00e1rea de Engenharia Civil, devidamente reconhecido; Registro Profissional no \u00d3rg\u00e3o de Classe Competente.<\/li>\n<\/ul>\n<\/li>\n\n\n\n<li><strong>Analista \u2013 Pedagogo<\/strong>\n<ul class=\"wp-block-list\">\n<li><strong>Escolaridade<\/strong>: Curso superior completo, em n\u00edvel de gradua\u00e7\u00e3o;<\/li>\n\n\n\n<li><strong>Habilita\u00e7\u00e3o Legal Espec\u00edfica<\/strong>: Curso superior em Pedagogia, devidamente reconhecido.<\/li>\n<\/ul>\n<\/li>\n\n\n\n<li><strong>Analista \u2013 Psic\u00f3logo<\/strong>\n<ul class=\"wp-block-list\">\n<li><strong>Escolaridade<\/strong>: Curso superior completo, em n\u00edvel de gradua\u00e7\u00e3o;<\/li>\n\n\n\n<li><strong>Habilita\u00e7\u00e3o Legal Espec\u00edfica<\/strong>: Curso superior em Psicologia, devidamente reconhecido; Registro Profissional no \u00d3rg\u00e3o de Classe Competente.<\/li>\n<\/ul>\n<\/li>\n\n\n\n<li><strong>Analista \u2013 Desenvolvimento de Sistemas\/Suporte e Infraestrutura\/Seguran\u00e7a da Informa\u00e7\u00e3o<\/strong>\n<ul class=\"wp-block-list\">\n<li><strong>Escolaridade<\/strong>: Curso de gradua\u00e7\u00e3o de n\u00edvel superior na \u00e1rea de Tecnologia da Informa\u00e7\u00e3o, devidamente reconhecido.<\/li>\n<\/ul>\n<\/li>\n<\/ul>\n\n\n\n<h2 class=\"wp-block-heading\" id=\"concurso-mp-rr-etapas-de-provas\">Concurso MP RR: etapas de provas <\/h2>\n\n\n\n<p>Os candidatos foram avaliados em at\u00e9 3 etapas, sendo:<\/p>\n\n\n\n<ul class=\"wp-block-list\">\n<li>Prova objetiva, de car\u00e1ter eliminat\u00f3rio e classificat\u00f3rio;<\/li>\n\n\n\n<li>Prova discursiva, de car\u00e1ter eliminat\u00f3rio e classificat\u00f3rio; e<\/li>\n\n\n\n<li>Provas de t\u00edtulos (somente para cargos de n\u00edvel superior).<\/li>\n<\/ul>\n\n\n\n<p>As provas objetiva e discursiva foram aplicadas no dia 23 de outubro de 2022, nos seguintes per\u00edodos:<\/p>\n\n\n\n<ul class=\"wp-block-list\">\n<li>Turno da manh\u00e3: cargos de Analista; e<\/li>\n\n\n\n<li>Turno da tarde: cargos de T\u00e9cnico.<\/li>\n<\/ul>\n\n\n\n<h3 class=\"wp-block-heading\" id=\"h-prova-objetiva\">Prova objetiva<\/h3>\n\n\n\n<p>A prova objetiva contou com 120 quest\u00f5es de m\u00faltipla escolha. Cada quest\u00e3o conter\u00e1 5 alternativas (A, B, C, D e E) e apenas uma \u00fanica alternativa correta. Foram cobradas as seguintes disciplinas dos candidatos de n\u00edvel m\u00e9dio e superior:<\/p>\n\n\n\n<ul class=\"wp-block-list\">\n<li>L\u00edngua Portuguesa: 15 quest\u00f5es;<\/li>\n\n\n\n<li>Racioc\u00ednio L\u00f3gico e Matem\u00e1tico: 15 quest\u00f5es;<\/li>\n\n\n\n<li>Atualidades: 15 quest\u00f5es;<\/li>\n\n\n\n<li>Legisla\u00e7\u00e3o Estadual e Legisla\u00e7\u00e3o Federal: 15 quest\u00f5es;<\/li>\n\n\n\n<li>No\u00e7\u00f5es de Direito Administrativo e Direito Constitucional: 20 quest\u00f5es; e<\/li>\n\n\n\n<li>Conhecimento espec\u00edfico do cargo desejado: 40 quest\u00f5es.<\/li>\n<\/ul>\n\n\n\n<p>Ao todo, as provas objetivas valer\u00e3o 120 pontos. Ser\u00e1 considerado aprovado o candidato que obtiver, no m\u00ednimo, 60% ou mais dos pontos da prova objetiva.<\/p>\n\n\n\n<h3 class=\"wp-block-heading\" id=\"h-prova-discursiva\">Prova discursiva <\/h3>\n\n\n\n<p>A prova discursiva consistiu na produ\u00e7\u00e3o de reda\u00e7\u00e3o acerca de temas atuais no contexto no Minist\u00e9rio P\u00fablico. O candidato disp\u00f4s de 30 linhas para elaborar a reda\u00e7\u00e3o.<\/p>\n\n\n\n<p>Para ser considerado aprovado, o candidato deveria obter, no m\u00ednimo, 60% (equivalente a 6 pontos) ou mais do total da pontua\u00e7\u00e3o prevista para a prova discursiva (valor total de 100%).<\/p>\n\n\n\n<p>Foram avaliados os seguintes crit\u00e9rios:<\/p>\n\n\n\n<figure class=\"wp-block-image\"><img decoding=\"async\" src=\"https:\/\/cdn.direcaoconcursos.com.br\/uploads\/2022\/08\/image-14-1024x342.png\" alt=\"Concurso MP RR: crit\u00e9rio prova discursiva \" class=\"wp-image-209124\"\/><\/figure>\n\n\n\n<h3 class=\"wp-block-heading\" id=\"h-prova-de-titulos\">Prova de t\u00edtulos<\/h3>\n\n\n\n<p>Foi aplicada somente para os candidatos aos cargos de n\u00edvel superior. Esta etapa ser\u00e1 apenas classificat\u00f3ria.<\/p>\n\n\n\n<p>A prova de t\u00edtulos foi realizada na data  de 9\/1\/2023. Foi utilizada a seguinte tabela para a avalia\u00e7\u00e3o de t\u00edtulos:<\/p>\n\n\n\n<figure class=\"wp-block-image\"><img decoding=\"async\" src=\"https:\/\/cdn.direcaoconcursos.com.br\/uploads\/2022\/08\/image-16-1024x468.png\" alt=\"Concurso MP RR: prova de t\u00edtulos \" class=\"wp-image-209128\"\/><figcaption class=\"wp-element-caption\">Concurso MP RR: prova de t\u00edtulos <\/figcaption><\/figure>\n\n\n\n<h2 class=\"wp-block-heading\" id=\"concurso-mp-rr-edital-estrategico\">Concurso MP RR: Edital Estrat\u00e9gico <\/h2>\n\n\n\n<p>O Edital Estrat\u00e9gico te ajuda acompanhar o seu desempenho atrav\u00e9s de gr\u00e1ficos, garantindo uma vis\u00e3o completa das mat\u00e9rias que necessitam de mais revis\u00f5es.<\/p>\n\n\n\n<p>O registro de cada tarefa \u00e9 feito para cada assunto exigido no conte\u00fado program\u00e1tico do edital. A partir das informa\u00e7\u00f5es preenchidas pelo aluno, uma \u201caba\u201d do Edital Estrat\u00e9gico ir\u00e1 demonstrar a progress\u00e3o em cada tarefa e assunto.<\/p>\n\n\n\n<p>A edi\u00e7\u00e3o poder\u00e1 ser realizada apenas na 3\u00aa aba, relativa ao preenchimento do progresso nas disciplinas. Caso voc\u00ea queira fazer outras modifica\u00e7\u00f5es no arquivo, \u00e9 s\u00f3 usar a&nbsp;senha \u201cadmin\u201d&nbsp;na op\u00e7\u00e3o&nbsp;<em><strong>desproteger<\/strong><\/em>&nbsp;planilha do Excel. Baixe agora mesmo: <\/p>\n\n\n\n<ul class=\"wp-block-list\">\n<li><a href=\"https:\/\/dhg1h5j42swfq.cloudfront.net\/2022\/08\/03115908\/edital-estrategico_mp-rr_tecnico-administrativo.xlsx\" target=\"_blank\" rel=\"noreferrer noopener nofollow\">Edital Estrat\u00e9gico &#8211; T\u00e9cnico Administrativo <\/a><\/li>\n\n\n\n<li><a href=\"https:\/\/dhg1h5j42swfq.cloudfront.net\/2022\/08\/03120003\/edital-estrategico_mp-rr_tecnologia-da-informacao.xlsx\" target=\"_blank\" rel=\"noreferrer noopener nofollow\">Edital Estrat\u00e9gico &#8211; Tecnologia da Informa\u00e7\u00e3o <\/a><\/li>\n\n\n\n<li><a href=\"https:\/\/dhg1h5j42swfq.cloudfront.net\/2022\/08\/03120054\/edital-estrategico_mp-rr_desenvolvimento-de-sistema.xlsx\" target=\"_blank\" rel=\"noreferrer noopener nofollow\">Edital Estrat\u00e9gico &#8211; Desenvolvimento de sistema <\/a><\/li>\n<\/ul>\n\n\n\n<h2 class=\"wp-block-heading\" id=\"ultimo\">\u00daltimo concurso MP RR<\/h2>\n\n\n\n<p>O \u00faltimo concurso MP PR, cujo edital foi publicado em <strong>2007<\/strong>, foi organizado pelo CESPE\/UnB e as taxas de inscri\u00e7\u00e3o cobradas se deram nos valores de:<\/p>\n\n\n\n<p>a) R$ 75,00 para os cargos de n\u00edvel superior;<br \/>b) R$ 53,00 para os cargos de n\u00edvel m\u00e9dio;<br \/>c) R$ 38,00 para os cargos de n\u00edvel fundamental incompleto.<\/p>\n\n\n\n<h3 class=\"wp-block-heading\" id=\"etapas\">Etapas de provas<\/h3>\n\n\n\n<p>Foram aplicadas provas objetivas, de car\u00e1ter eliminat\u00f3rio e classificat\u00f3rio, para todos os cargos, e prova discursiva, de car\u00e1ter eliminat\u00f3rio e classificat\u00f3rio, somente para os cargos de Assistente Administrativo, de Oficial de Dilig\u00eancia e de Oficial de Promotoria; bem como prova pr\u00e1tica de dire\u00e7\u00e3o, de car\u00e1ter eliminat\u00f3rio, somente para o cargo de Motorista.<\/p>\n\n\n\n<h4 class=\"wp-block-heading\" id=\"prova-objetiva\">Prova Objetiva<\/h4>\n\n\n\n<p>As provas objetivas para os cargos de n\u00edvel superior, de n\u00edvel fundamental e de n\u00edvel fundamental incompleto tiveram a dura\u00e7\u00e3o de 3 horas e 30 minutos, no turno da manh\u00e3. As provas objetivas para os cargos de n\u00edvel m\u00e9dio, exceto para os cargos de Assistente Administrativo, de Oficial de Dilig\u00eancia e de Oficial de Promotoria, tiveram a dura\u00e7\u00e3o de 3 horas e 30 minutos e foram aplicadas no turno da tarde.<\/p>\n\n\n\n<p>J\u00e1 as provas objetivas e a prova discursiva para os cargos de Assistente Administrativo, de Oficial de Dilig\u00eancia e de Oficial de Promotoria tiveram a dura\u00e7\u00e3o de 4 horas e 30 minutos e foram aplicadas no turno da tarde.<\/p>\n\n\n\n<figure class=\"wp-block-image aligncenter size-full\"><img loading=\"lazy\" decoding=\"async\" width=\"663\" height=\"533\" src=\"https:\/\/dhg1h5j42swfq.cloudfront.net\/2021\/12\/03221556\/image-88.png\" alt=\"Tabela de detalhes da prova objetiva do edital de 2007\" class=\"wp-image-922340\" srcset=\"https:\/\/dhg1h5j42swfq.cloudfront.net\/2021\/12\/03221556\/image-88.png 663w, https:\/\/dhg1h5j42swfq.cloudfront.net\/2021\/12\/03221556\/image-88-300x241.png 300w, https:\/\/dhg1h5j42swfq.cloudfront.net\/2021\/12\/03221556\/image-88-610x490.png 610w\" sizes=\"auto, (max-width: 663px) 100vw, 663px\" \/><\/figure>\n\n\n\n<p>A nota em cada item das provas objetivas, feita com base nas marca\u00e7\u00f5es da folha de respostas, seria igual a: 1,00 ponto, caso a resposta do candidato estivesse em concord\u00e2ncia com o gabarito oficial definitivo das provas; 1,00 ponto negativo, caso a resposta do candidato estivesse em discord\u00e2ncia com o gabarito; 0,00 ponto, caso n\u00e3o houvesse marca\u00e7\u00e3o ou marca\u00e7\u00e3o dupla (C e E).<\/p>\n\n\n\n<p>Foram reprovados nas provas objetivas e eliminados do concurso p\u00fablico os candidatos aos cargos de n\u00edvel superior e de n\u00edvel m\u00e9dio que se enquadrassem em pelo menos um dos itens a seguir:<\/p>\n\n\n\n<ul class=\"wp-block-list\">\n<li>nota inferior a 7,00 pontos na prova objetiva de Conhecimentos B\u00e1sicos (P1);<\/li>\n\n\n\n<li>nota inferior a 6,00 pontos na prova objetiva de Conhecimentos Complementares (P2);<\/li>\n\n\n\n<li>nota inferior a 16,00 pontos na prova objetiva de Conhecimentos Espec\u00edficos (P3);<\/li>\n\n\n\n<li>nota inferior a 36,00 pontos no conjunto das provas objetivas.<\/li>\n<\/ul>\n\n\n\n<p>Foram reprovados nas provas objetivas e eliminados do concurso p\u00fablico os candidatos aos cargos de n\u00edvel fundamental que se enquadrassem em pelo menos um dos itens a seguir:<\/p>\n\n\n\n<ul class=\"wp-block-list\">\n<li>nota inferior a 10,00 pontos na prova objetiva de Conhecimentos B\u00e1sicos (P1);<\/li>\n\n\n\n<li>nota inferior a 15,00 pontos na prova objetiva de Conhecimentos Espec\u00edficos (P2);<\/li>\n\n\n\n<li>nota inferior a 30,00 pontos no conjunto das provas objetivas.<\/li>\n<\/ul>\n\n\n\n<p>Foram reprovados na provas objetiva e eliminados do concurso p\u00fablico os candidatos aos cargos de n\u00edvel fundamental incompleto que obtivessem nota inferior a 30,00 pontos na prova objetiva de Conhecimentos Gerais (P1).<\/p>\n\n\n\n<h4 class=\"wp-block-heading\" id=\"prova-discursiva\">Prova Discursiva<\/h4>\n\n\n\n<p>A prova discursiva valeu 10,00 pontos e consistiu na elabora\u00e7\u00e3o de texto, acerca de mat\u00e9rias no edital. Ela tinha o objetivo de avaliar o conte\u00fado \u2013 conhecimento do tema, a capacidade de express\u00e3o na modalidade escrita e o uso das normas do registro formal culto da L\u00edngua Portuguesa. O candidato dever\u00e1 produzir, com base em tema s formulados pela banca examinadora, texto narrativo, dissertativo ou descritivo, primando pela coer\u00eancia e pela coes\u00e3o.<\/p>\n\n\n\n<p>A prova discursiva foi avaliada segundo os crit\u00e9rios a seguir: <\/p>\n\n\n\n<ul class=\"wp-block-list\">\n<li>a apresenta\u00e7\u00e3o e a estrutura textuais e o desenvolvimento do tema totalizaram a nota relativa ao dom\u00ednio do conte\u00fado (NC), cuja pontua\u00e7\u00e3o m\u00e1xima seria limitada ao valor de 10,00 pontos;<\/li>\n\n\n\n<li>a avalia\u00e7\u00e3o do dom\u00ednio da modalidade escrita totalizou o n\u00famero de erros (NE) do candidato, considerando-se aspectos tais como: pontua\u00e7\u00e3o, morfossintaxe e propriedade vocabular;<\/li>\n\n\n\n<li>foi computado o n\u00famero total de linhas (TL) efetivamente escritas pelo candidato;<\/li>\n\n\n\n<li>foi desconsiderado, para efeito de avalia\u00e7\u00e3o, qualquer fragmento de texto que for escrito fora do local apropriado e\/ou que ultrapassasse a extens\u00e3o m\u00e1xima de linhas estabelecida no caderno de provas;<\/li>\n\n\n\n<li>foi calculada, ent\u00e3o, para cada candidato, a nota na prova discursiva (NPD), como sendo igual a NC menos duas vezes o resultado do quociente NE\/ TL;<\/li>\n\n\n\n<li>se NPD fosse menor que zero, ent\u00e3o considerar-se-\u00e1 NPD = zero.<\/li>\n<\/ul>\n\n\n\n<p>Foi eliminado do concurso p\u00fablico o candidato que obtivesse NPD &lt; 5,00 pontos na prova discursiva.<\/p>\n\n\n\n<h4 class=\"wp-block-heading\" id=\"prova-de-direcao\">Prova de Dire\u00e7\u00e3o <\/h4>\n\n\n\n<p>Foram convocados para a prova pr\u00e1tica de dire\u00e7\u00e3o os candidatos aos cargos de Motorista aprovados na prova objetiva e classificados em at\u00e9 cinco vezes o n\u00famero de vagas previsto no edital, respeitados os empates na \u00faltima posi\u00e7\u00e3o.<\/p>\n\n\n\n<p>Os candidatos ao cargo de Motorista convocados para a prova pr\u00e1tica de dire\u00e7\u00e3o, obrigatoriamente, deveriam comparecer para a realiza\u00e7\u00e3o da referida prova portando Carteira Nacional de Habilita\u00e7\u00e3o categoria, no m\u00ednimo, C. <\/p>\n\n\n\n<p>Para a prova pr\u00e1tica de dire\u00e7\u00e3o poderia ser utilizado um ve\u00edculo de passeio. Ela consistiu de verifica\u00e7\u00e3o da pr\u00e1tica de dire\u00e7\u00e3o, em percurso a ser determinado por ocasi\u00e3o da realiza\u00e7\u00e3o da prova, seguindo em \u00e1rea urbana aberta a outros ve\u00edculos. <\/p>\n\n\n\n<p>O tempo de dura\u00e7\u00e3o da prova pr\u00e1tica de dire\u00e7\u00e3o n\u00e3o deveria exceder 30 minutos, contados a partir da entrada do candidato e dos examinadores no ve\u00edculo at\u00e9 o desligamento do ve\u00edculo pelo candidato, salvo ocorr\u00eancia de fatos que, independentemente da atua\u00e7\u00e3o do candidato, for\u00e7assem a ultrapassagem do tempo inicialmente previsto.<\/p>\n\n\n\n<h2 class=\"wp-block-heading has-text-align-center\" id=\"h-quer-saber-tudo-sobre-concursos-previstos-confira-nossos-artigos\">Quer saber tudo sobre concursos previstos?<br \/>Confira nossos artigos!<\/h2>\n\n\n\n<ul class=\"wp-block-list\">\n<li><a href=\"https:\/\/www.estrategiaconcursos.com.br\/blog\/concursos-abertos\/\" target=\"_blank\" rel=\"noreferrer noopener\">Concursos abertos<\/a><\/li>\n\n\n\n<li><a href=\"https:\/\/www.estrategiaconcursos.com.br\/blog\/concursos-mp\/\">Concursos MP<\/a><\/li>\n\n\n\n<li><a href=\"https:\/\/www.estrategiaconcursos.com.br\/blog\/concursos-2025\/\" target=\"_blank\" rel=\"noreferrer noopener\">Concursos 2025<\/a><\/li>\n\n\n\n<li><a href=\"https:\/\/www.estrategiaconcursos.com.br\/blog\/concursos-2026\/\">Concursos 2026<\/a><\/li>\n<\/ul>\n\n\n\n<h2 class=\"wp-block-heading has-text-align-center\" id=\"cursos\"><em>Quer estudar para Concurso MP RR?<\/em><\/h2>\n\n\n\n<div class=\"container\" id=\"boxes\">\n  <div class=\"row\">\n\n    <div class=\"col-sm\">\n      <div class=\"banner-tribunal\" id=\"box-assinatura\">\n        <h3 class=\"titulo-assinatura\">Curso MP RR<\/h3>\n        <p class=\"subtitulo-assinatura\">Conhe\u00e7a os cursos<\/p>\n        <div class=\"box-botao\">\n          <a class=\"btn-assinatura\" target=\"_blank\" href=\"https:\/\/www.estrategiaconcursos.com.br\/cursosPorConcurso\/mp-rr-ministerio-publico-do-estado-de-roraima-servidores\/\" rel=\"noopener\">Conhe\u00e7a mais<\/a>\n        <\/div>\n      <\/div>\n      <p class=\"texto-auxiliar\">Prepare-se com o melhor material e com quem mais aprova em Concursos P\u00fablicos em todo o pa\u00eds.<\/p>\n    <\/div>\n\n  <\/div>\n<\/div>\n\n\n\n<div class=\"container\" id=\"boxes\">\n  <div class=\"row\">\n\n    <div class=\"col-sm\">\n      <div class=\"estrategia\" id=\"box-assinatura\">\n        <h3 class=\"titulo-assinatura\">Assinaturas<\/h3>\n        <p class=\"subtitulo-assinatura\">Assinatura de 1 ano ou 2 anos<\/p>\n        <div class=\"box-botao\">\n          <a class=\"btn-assinatura\" target=\"_blank\" href=\"https:\/\/www.estrategiaconcursos.com.br\/assinaturas\/\" role=\"button\" rel=\"noopener noreferrer\">ASSINE AGORA<\/a>\n        <\/div>\n      <\/div>\n     \n    <\/div><\/div><\/div>\n\n\n\n<figure class=\"wp-block-image size-large is-resized\"><img loading=\"lazy\" decoding=\"async\" width=\"1024\" height=\"632\" src=\"https:\/\/dhg1h5j42swfq.cloudfront.net\/2021\/04\/06114602\/ficha-tecnica-61-1024x632.png\" alt=\"\" class=\"wp-image-708374\" style=\"aspect-ratio:1.6204379562043796;width:292px;height:auto\" srcset=\"https:\/\/dhg1h5j42swfq.cloudfront.net\/2021\/04\/06114602\/ficha-tecnica-61-1024x632.png 1024w, https:\/\/dhg1h5j42swfq.cloudfront.net\/2021\/04\/06114602\/ficha-tecnica-61-300x185.png 300w, https:\/\/dhg1h5j42swfq.cloudfront.net\/2021\/04\/06114602\/ficha-tecnica-61-768x474.png 768w, https:\/\/dhg1h5j42swfq.cloudfront.net\/2021\/04\/06114602\/ficha-tecnica-61-1536x948.png 1536w, https:\/\/dhg1h5j42swfq.cloudfront.net\/2021\/04\/06114602\/ficha-tecnica-61-610x377.png 610w, https:\/\/dhg1h5j42swfq.cloudfront.net\/2021\/04\/06114602\/ficha-tecnica-61.png 1571w\" sizes=\"auto, (max-width: 1024px) 100vw, 1024px\" \/><\/figure>\n\n\n\n<p id=\"ficha\"><strong>Informa\u00e7\u00f5es do concurso MP RR<\/strong> <strong>Servidor<\/strong><\/p>\n\n\n\n<ul id=\"block-46dd482c-33cf-409c-8762-75c111403f14\" class=\"wp-block-list\">\n<li><strong>Provas<\/strong>: <s>23 de outubro de 2022<\/s><\/li>\n\n\n\n<li><strong>Vagas<\/strong>: 33<\/li>\n\n\n\n<li><strong>Cargos<\/strong>: analista e t\u00e9cnico<\/li>\n\n\n\n<li><strong>Banca<\/strong>: Instituto AOCP<\/li>\n\n\n\n<li><strong>Escolaridade<\/strong>: m\u00e9dio e superior<\/li>\n\n\n\n<li><strong>Edital<\/strong>:&nbsp;<a href=\"https:\/\/dhg1h5j42swfq.cloudfront.net\/2022\/08\/02062430\/mp-rr-edital-2022.pdf\" target=\"_blank\" rel=\"noreferrer noopener\">MP RR 2022<\/a> <\/li>\n<\/ul>\n\n\n\n<p><br \/><\/p>\n","protected":false},"excerpt":{"rendered":"<p>O &nbsp;prazo de validade do concurso MP RR (Minist\u00e9rio P\u00fablico de Roraima) vai at\u00e9 abril de 2027. E segundo o dados do portal da transpar\u00eancia, a pasta est\u00e1 com 51 cargos vagos para servidores! A \u00faltima sele\u00e7\u00e3o foi realizada em 2022 e contemplou 33 vagas imediatas para cargos de n\u00edveis m\u00e9dio e superior de forma\u00e7\u00e3o [&hellip;]<\/p>\n","protected":false},"author":1,"featured_media":1092590,"comment_status":"open","ping_status":"closed","sticky":false,"template":"","format":"standard","meta":{"post_tipo":"news_page","footnotes":""},"categories":[1984],"tags":[],"tax_estado":[219985],"class_list":["post-922176","post","type-post","status-publish","format-standard","has-post-thumbnail","hentry","category-tribunais","tax_estado-rr"],"acf":[],"yoast_head":"<!-- This site is optimized with the Yoast SEO Premium plugin v27.2 (Yoast SEO v27.2) - https:\/\/yoast.com\/product\/yoast-seo-premium-wordpress\/ -->\n<title>Concurso MP RR: certame v\u00e1lido at\u00e9 abril de 2027<\/title>\n<meta name=\"description\" content=\"Concurso MP RR: \u00f3rg\u00e3o conta com 51 cargos vagos para servidores! \u00daltimo edital ofertou 33 vagas para os cargos de Analista e T\u00e9cnico.\" \/>\n<meta name=\"robots\" content=\"index, follow, max-snippet:-1, max-image-preview:large, max-video-preview:-1\" \/>\n<link rel=\"canonical\" href=\"https:\/\/www.estrategiaconcursos.com.br\/blog\/concurso-mp-rr\/\" \/>\n<meta property=\"og:locale\" content=\"pt_BR\" \/>\n<meta property=\"og:type\" content=\"article\" \/>\n<meta property=\"og:title\" content=\"Concurso MP RR: certame v\u00e1lido at\u00e9 abril de 2027\" \/>\n<meta property=\"og:description\" content=\"Concurso MP RR: \u00f3rg\u00e3o conta com 51 cargos vagos para servidores! \u00daltimo edital ofertou 33 vagas para os cargos de Analista e T\u00e9cnico.\" \/>\n<meta property=\"og:url\" content=\"https:\/\/www.estrategiaconcursos.com.br\/blog\/concurso-mp-rr\/\" \/>\n<meta property=\"og:site_name\" content=\"Estrat\u00e9gia Concursos\" \/>\n<meta property=\"article:author\" content=\"https:\/\/www.facebook.com\/EstrategiaConcursos\" \/>\n<meta property=\"article:published_time\" content=\"2025-07-08T14:11:00+00:00\" \/>\n<meta property=\"article:modified_time\" content=\"2025-10-27T14:34:26+00:00\" \/>\n<meta property=\"og:image\" content=\"https:\/\/dhg1h5j42swfq.cloudfront.net\/2022\/08\/10110319\/mp_rr.jpg\" \/>\n\t<meta property=\"og:image:width\" content=\"768\" \/>\n\t<meta property=\"og:image:height\" content=\"432\" \/>\n\t<meta property=\"og:image:type\" content=\"image\/jpeg\" \/>\n<meta name=\"author\" content=\"Coordena\u00e7\u00e3o\" \/>\n<meta name=\"twitter:card\" content=\"summary_large_image\" \/>\n<meta name=\"twitter:creator\" content=\"@EstratConcursos\" \/>\n<meta name=\"twitter:site\" content=\"@EstratConcursos\" \/>\n<meta name=\"twitter:label1\" content=\"Escrito por\" \/>\n\t<meta name=\"twitter:data1\" content=\"Coordena\u00e7\u00e3o\" \/>\n\t<meta name=\"twitter:label2\" content=\"Est. tempo de leitura\" \/>\n\t<meta name=\"twitter:data2\" content=\"13 minutos\" \/>\n<script type=\"application\/ld+json\" class=\"yoast-schema-graph\">{\"@context\":\"https:\/\/schema.org\",\"@graph\":[{\"@type\":\"NewsArticle\",\"@id\":\"https:\/\/www.estrategiaconcursos.com.br\/blog\/concurso-mp-rr\/#article\",\"isPartOf\":{\"@id\":\"https:\/\/www.estrategiaconcursos.com.br\/blog\/concurso-mp-rr\/\"},\"author\":{\"name\":\"Coordena\u00e7\u00e3o\",\"@id\":\"https:\/\/www.estrategiaconcursos.com.br\/blog\/#\/schema\/person\/b4a388c97673c5f483d72185668afa1f\"},\"headline\":\"Concurso MP RR: certame v\u00e1lido at\u00e9 abril de 2027\",\"datePublished\":\"2025-07-08T14:11:00+00:00\",\"dateModified\":\"2025-10-27T14:34:26+00:00\",\"mainEntityOfPage\":{\"@id\":\"https:\/\/www.estrategiaconcursos.com.br\/blog\/concurso-mp-rr\/\"},\"wordCount\":2374,\"commentCount\":0,\"publisher\":{\"@id\":\"https:\/\/www.estrategiaconcursos.com.br\/blog\/#organization\"},\"image\":{\"@id\":\"https:\/\/www.estrategiaconcursos.com.br\/blog\/concurso-mp-rr\/#primaryimage\"},\"thumbnailUrl\":\"https:\/\/dhg1h5j42swfq.cloudfront.net\/2022\/08\/10110319\/mp_rr.jpg\",\"articleSection\":[\"Tribunais\"],\"inLanguage\":\"pt-BR\",\"potentialAction\":[{\"@type\":\"CommentAction\",\"name\":\"Comment\",\"target\":[\"https:\/\/www.estrategiaconcursos.com.br\/blog\/concurso-mp-rr\/#respond\"]}],\"copyrightYear\":\"2025\",\"copyrightHolder\":{\"@id\":\"https:\/\/www.estrategiaconcursos.com.br\/blog\/#organization\"}},{\"@type\":\"WebPage\",\"@id\":\"https:\/\/www.estrategiaconcursos.com.br\/blog\/concurso-mp-rr\/\",\"url\":\"https:\/\/www.estrategiaconcursos.com.br\/blog\/concurso-mp-rr\/\",\"name\":\"Concurso MP RR: certame v\u00e1lido at\u00e9 abril de 2027\",\"isPartOf\":{\"@id\":\"https:\/\/www.estrategiaconcursos.com.br\/blog\/#website\"},\"primaryImageOfPage\":{\"@id\":\"https:\/\/www.estrategiaconcursos.com.br\/blog\/concurso-mp-rr\/#primaryimage\"},\"image\":{\"@id\":\"https:\/\/www.estrategiaconcursos.com.br\/blog\/concurso-mp-rr\/#primaryimage\"},\"thumbnailUrl\":\"https:\/\/dhg1h5j42swfq.cloudfront.net\/2022\/08\/10110319\/mp_rr.jpg\",\"datePublished\":\"2025-07-08T14:11:00+00:00\",\"dateModified\":\"2025-10-27T14:34:26+00:00\",\"description\":\"Concurso MP RR: \u00f3rg\u00e3o conta com 51 cargos vagos para servidores! \u00daltimo edital ofertou 33 vagas para os cargos de Analista e T\u00e9cnico.\",\"breadcrumb\":{\"@id\":\"https:\/\/www.estrategiaconcursos.com.br\/blog\/concurso-mp-rr\/#breadcrumb\"},\"inLanguage\":\"pt-BR\",\"potentialAction\":[{\"@type\":\"ReadAction\",\"target\":[\"https:\/\/www.estrategiaconcursos.com.br\/blog\/concurso-mp-rr\/\"]}]},{\"@type\":\"ImageObject\",\"inLanguage\":\"pt-BR\",\"@id\":\"https:\/\/www.estrategiaconcursos.com.br\/blog\/concurso-mp-rr\/#primaryimage\",\"url\":\"https:\/\/dhg1h5j42swfq.cloudfront.net\/2022\/08\/10110319\/mp_rr.jpg\",\"contentUrl\":\"https:\/\/dhg1h5j42swfq.cloudfront.net\/2022\/08\/10110319\/mp_rr.jpg\",\"width\":768,\"height\":432},{\"@type\":\"BreadcrumbList\",\"@id\":\"https:\/\/www.estrategiaconcursos.com.br\/blog\/concurso-mp-rr\/#breadcrumb\",\"itemListElement\":[{\"@type\":\"ListItem\",\"position\":1,\"name\":\"In\u00edcio\",\"item\":\"https:\/\/www.estrategiaconcursos.com.br\/blog\/\"},{\"@type\":\"ListItem\",\"position\":2,\"name\":\"Concurso MP RR: certame v\u00e1lido at\u00e9 abril de 2027\"}]},{\"@type\":\"WebSite\",\"@id\":\"https:\/\/www.estrategiaconcursos.com.br\/blog\/#website\",\"url\":\"https:\/\/www.estrategiaconcursos.com.br\/blog\/\",\"name\":\"Estrat\u00e9gia Concursos\",\"description\":\"O blog da Estrat\u00e9gia Concursos traz not\u00edcias sobre concursos e artigos de professores oferecendo cursos para concursos (pdf + videaulas) no site.\",\"publisher\":{\"@id\":\"https:\/\/www.estrategiaconcursos.com.br\/blog\/#organization\"},\"potentialAction\":[{\"@type\":\"SearchAction\",\"target\":{\"@type\":\"EntryPoint\",\"urlTemplate\":\"https:\/\/www.estrategiaconcursos.com.br\/blog\/?s={search_term_string}\"},\"query-input\":{\"@type\":\"PropertyValueSpecification\",\"valueRequired\":true,\"valueName\":\"search_term_string\"}}],\"inLanguage\":\"pt-BR\"},{\"@type\":\"Organization\",\"@id\":\"https:\/\/www.estrategiaconcursos.com.br\/blog\/#organization\",\"name\":\"Estrat\u00e9gia Concursos\",\"url\":\"https:\/\/www.estrategiaconcursos.com.br\/blog\/\",\"logo\":{\"@type\":\"ImageObject\",\"inLanguage\":\"pt-BR\",\"@id\":\"https:\/\/www.estrategiaconcursos.com.br\/blog\/#\/schema\/logo\/image\/\",\"url\":\"https:\/\/dhg1h5j42swfq.cloudfront.net\/2025\/06\/03203428\/logo_concursos-1.jpg\",\"contentUrl\":\"https:\/\/dhg1h5j42swfq.cloudfront.net\/2025\/06\/03203428\/logo_concursos-1.jpg\",\"width\":230,\"height\":60,\"caption\":\"Estrat\u00e9gia Concursos\"},\"image\":{\"@id\":\"https:\/\/www.estrategiaconcursos.com.br\/blog\/#\/schema\/logo\/image\/\"},\"sameAs\":[\"https:\/\/x.com\/EstratConcursos\"]},{\"@type\":\"Person\",\"@id\":\"https:\/\/www.estrategiaconcursos.com.br\/blog\/#\/schema\/person\/b4a388c97673c5f483d72185668afa1f\",\"name\":\"Coordena\u00e7\u00e3o\",\"image\":{\"@type\":\"ImageObject\",\"inLanguage\":\"pt-BR\",\"@id\":\"https:\/\/secure.gravatar.com\/avatar\/b720319e4c9a967eb58678d110f4fe35452fc5d5f97b202bac7b8acceb18c6ad?s=96&d=mm&r=g\",\"url\":\"https:\/\/secure.gravatar.com\/avatar\/b720319e4c9a967eb58678d110f4fe35452fc5d5f97b202bac7b8acceb18c6ad?s=96&d=mm&r=g\",\"contentUrl\":\"https:\/\/secure.gravatar.com\/avatar\/b720319e4c9a967eb58678d110f4fe35452fc5d5f97b202bac7b8acceb18c6ad?s=96&d=mm&r=g\",\"caption\":\"Coordena\u00e7\u00e3o\"},\"sameAs\":[\"https:\/\/www.facebook.com\/EstrategiaConcursos\",\"https:\/\/x.com\/EstratConcursos\"],\"url\":\"https:\/\/www.estrategiaconcursos.com.br\/blog\/author\/estrategia2013\/\"}]}<\/script>\n<!-- \/ Yoast SEO Premium plugin. -->","yoast_head_json":{"title":"Concurso MP RR: certame v\u00e1lido at\u00e9 abril de 2027","description":"Concurso MP RR: \u00f3rg\u00e3o conta com 51 cargos vagos para servidores! \u00daltimo edital ofertou 33 vagas para os cargos de Analista e T\u00e9cnico.","robots":{"index":"index","follow":"follow","max-snippet":"max-snippet:-1","max-image-preview":"max-image-preview:large","max-video-preview":"max-video-preview:-1"},"canonical":"https:\/\/www.estrategiaconcursos.com.br\/blog\/concurso-mp-rr\/","og_locale":"pt_BR","og_type":"article","og_title":"Concurso MP RR: certame v\u00e1lido at\u00e9 abril de 2027","og_description":"Concurso MP RR: \u00f3rg\u00e3o conta com 51 cargos vagos para servidores! \u00daltimo edital ofertou 33 vagas para os cargos de Analista e T\u00e9cnico.","og_url":"https:\/\/www.estrategiaconcursos.com.br\/blog\/concurso-mp-rr\/","og_site_name":"Estrat\u00e9gia Concursos","article_author":"https:\/\/www.facebook.com\/EstrategiaConcursos","article_published_time":"2025-07-08T14:11:00+00:00","article_modified_time":"2025-10-27T14:34:26+00:00","og_image":[{"width":768,"height":432,"url":"https:\/\/dhg1h5j42swfq.cloudfront.net\/2022\/08\/10110319\/mp_rr.jpg","type":"image\/jpeg"}],"author":"Coordena\u00e7\u00e3o","twitter_card":"summary_large_image","twitter_creator":"@EstratConcursos","twitter_site":"@EstratConcursos","twitter_misc":{"Escrito por":"Coordena\u00e7\u00e3o","Est. tempo de leitura":"13 minutos"},"schema":{"@context":"https:\/\/schema.org","@graph":[{"@type":"NewsArticle","@id":"https:\/\/www.estrategiaconcursos.com.br\/blog\/concurso-mp-rr\/#article","isPartOf":{"@id":"https:\/\/www.estrategiaconcursos.com.br\/blog\/concurso-mp-rr\/"},"author":{"name":"Coordena\u00e7\u00e3o","@id":"https:\/\/www.estrategiaconcursos.com.br\/blog\/#\/schema\/person\/b4a388c97673c5f483d72185668afa1f"},"headline":"Concurso MP RR: certame v\u00e1lido at\u00e9 abril de 2027","datePublished":"2025-07-08T14:11:00+00:00","dateModified":"2025-10-27T14:34:26+00:00","mainEntityOfPage":{"@id":"https:\/\/www.estrategiaconcursos.com.br\/blog\/concurso-mp-rr\/"},"wordCount":2374,"commentCount":0,"publisher":{"@id":"https:\/\/www.estrategiaconcursos.com.br\/blog\/#organization"},"image":{"@id":"https:\/\/www.estrategiaconcursos.com.br\/blog\/concurso-mp-rr\/#primaryimage"},"thumbnailUrl":"https:\/\/dhg1h5j42swfq.cloudfront.net\/2022\/08\/10110319\/mp_rr.jpg","articleSection":["Tribunais"],"inLanguage":"pt-BR","potentialAction":[{"@type":"CommentAction","name":"Comment","target":["https:\/\/www.estrategiaconcursos.com.br\/blog\/concurso-mp-rr\/#respond"]}],"copyrightYear":"2025","copyrightHolder":{"@id":"https:\/\/www.estrategiaconcursos.com.br\/blog\/#organization"}},{"@type":"WebPage","@id":"https:\/\/www.estrategiaconcursos.com.br\/blog\/concurso-mp-rr\/","url":"https:\/\/www.estrategiaconcursos.com.br\/blog\/concurso-mp-rr\/","name":"Concurso MP RR: certame v\u00e1lido at\u00e9 abril de 2027","isPartOf":{"@id":"https:\/\/www.estrategiaconcursos.com.br\/blog\/#website"},"primaryImageOfPage":{"@id":"https:\/\/www.estrategiaconcursos.com.br\/blog\/concurso-mp-rr\/#primaryimage"},"image":{"@id":"https:\/\/www.estrategiaconcursos.com.br\/blog\/concurso-mp-rr\/#primaryimage"},"thumbnailUrl":"https:\/\/dhg1h5j42swfq.cloudfront.net\/2022\/08\/10110319\/mp_rr.jpg","datePublished":"2025-07-08T14:11:00+00:00","dateModified":"2025-10-27T14:34:26+00:00","description":"Concurso MP RR: \u00f3rg\u00e3o conta com 51 cargos vagos para servidores! \u00daltimo edital ofertou 33 vagas para os cargos de Analista e T\u00e9cnico.","breadcrumb":{"@id":"https:\/\/www.estrategiaconcursos.com.br\/blog\/concurso-mp-rr\/#breadcrumb"},"inLanguage":"pt-BR","potentialAction":[{"@type":"ReadAction","target":["https:\/\/www.estrategiaconcursos.com.br\/blog\/concurso-mp-rr\/"]}]},{"@type":"ImageObject","inLanguage":"pt-BR","@id":"https:\/\/www.estrategiaconcursos.com.br\/blog\/concurso-mp-rr\/#primaryimage","url":"https:\/\/dhg1h5j42swfq.cloudfront.net\/2022\/08\/10110319\/mp_rr.jpg","contentUrl":"https:\/\/dhg1h5j42swfq.cloudfront.net\/2022\/08\/10110319\/mp_rr.jpg","width":768,"height":432},{"@type":"BreadcrumbList","@id":"https:\/\/www.estrategiaconcursos.com.br\/blog\/concurso-mp-rr\/#breadcrumb","itemListElement":[{"@type":"ListItem","position":1,"name":"In\u00edcio","item":"https:\/\/www.estrategiaconcursos.com.br\/blog\/"},{"@type":"ListItem","position":2,"name":"Concurso MP RR: certame v\u00e1lido at\u00e9 abril de 2027"}]},{"@type":"WebSite","@id":"https:\/\/www.estrategiaconcursos.com.br\/blog\/#website","url":"https:\/\/www.estrategiaconcursos.com.br\/blog\/","name":"Estrat\u00e9gia Concursos","description":"O blog da Estrat\u00e9gia Concursos traz not\u00edcias sobre concursos e artigos de professores oferecendo cursos para concursos (pdf + videaulas) no site.","publisher":{"@id":"https:\/\/www.estrategiaconcursos.com.br\/blog\/#organization"},"potentialAction":[{"@type":"SearchAction","target":{"@type":"EntryPoint","urlTemplate":"https:\/\/www.estrategiaconcursos.com.br\/blog\/?s={search_term_string}"},"query-input":{"@type":"PropertyValueSpecification","valueRequired":true,"valueName":"search_term_string"}}],"inLanguage":"pt-BR"},{"@type":"Organization","@id":"https:\/\/www.estrategiaconcursos.com.br\/blog\/#organization","name":"Estrat\u00e9gia Concursos","url":"https:\/\/www.estrategiaconcursos.com.br\/blog\/","logo":{"@type":"ImageObject","inLanguage":"pt-BR","@id":"https:\/\/www.estrategiaconcursos.com.br\/blog\/#\/schema\/logo\/image\/","url":"https:\/\/dhg1h5j42swfq.cloudfront.net\/2025\/06\/03203428\/logo_concursos-1.jpg","contentUrl":"https:\/\/dhg1h5j42swfq.cloudfront.net\/2025\/06\/03203428\/logo_concursos-1.jpg","width":230,"height":60,"caption":"Estrat\u00e9gia Concursos"},"image":{"@id":"https:\/\/www.estrategiaconcursos.com.br\/blog\/#\/schema\/logo\/image\/"},"sameAs":["https:\/\/x.com\/EstratConcursos"]},{"@type":"Person","@id":"https:\/\/www.estrategiaconcursos.com.br\/blog\/#\/schema\/person\/b4a388c97673c5f483d72185668afa1f","name":"Coordena\u00e7\u00e3o","image":{"@type":"ImageObject","inLanguage":"pt-BR","@id":"https:\/\/secure.gravatar.com\/avatar\/b720319e4c9a967eb58678d110f4fe35452fc5d5f97b202bac7b8acceb18c6ad?s=96&d=mm&r=g","url":"https:\/\/secure.gravatar.com\/avatar\/b720319e4c9a967eb58678d110f4fe35452fc5d5f97b202bac7b8acceb18c6ad?s=96&d=mm&r=g","contentUrl":"https:\/\/secure.gravatar.com\/avatar\/b720319e4c9a967eb58678d110f4fe35452fc5d5f97b202bac7b8acceb18c6ad?s=96&d=mm&r=g","caption":"Coordena\u00e7\u00e3o"},"sameAs":["https:\/\/www.facebook.com\/EstrategiaConcursos","https:\/\/x.com\/EstratConcursos"],"url":"https:\/\/www.estrategiaconcursos.com.br\/blog\/author\/estrategia2013\/"}]}},"_links":{"self":[{"href":"https:\/\/www.estrategiaconcursos.com.br\/blog\/wp-json\/wp\/v2\/posts\/922176","targetHints":{"allow":["GET"]}}],"collection":[{"href":"https:\/\/www.estrategiaconcursos.com.br\/blog\/wp-json\/wp\/v2\/posts"}],"about":[{"href":"https:\/\/www.estrategiaconcursos.com.br\/blog\/wp-json\/wp\/v2\/types\/post"}],"author":[{"embeddable":true,"href":"https:\/\/www.estrategiaconcursos.com.br\/blog\/wp-json\/wp\/v2\/users\/1"}],"replies":[{"embeddable":true,"href":"https:\/\/www.estrategiaconcursos.com.br\/blog\/wp-json\/wp\/v2\/comments?post=922176"}],"version-history":[{"count":75,"href":"https:\/\/www.estrategiaconcursos.com.br\/blog\/wp-json\/wp\/v2\/posts\/922176\/revisions"}],"predecessor-version":[{"id":1661280,"href":"https:\/\/www.estrategiaconcursos.com.br\/blog\/wp-json\/wp\/v2\/posts\/922176\/revisions\/1661280"}],"wp:featuredmedia":[{"embeddable":true,"href":"https:\/\/www.estrategiaconcursos.com.br\/blog\/wp-json\/wp\/v2\/media\/1092590"}],"wp:attachment":[{"href":"https:\/\/www.estrategiaconcursos.com.br\/blog\/wp-json\/wp\/v2\/media?parent=922176"}],"wp:term":[{"taxonomy":"category","embeddable":true,"href":"https:\/\/www.estrategiaconcursos.com.br\/blog\/wp-json\/wp\/v2\/categories?post=922176"},{"taxonomy":"post_tag","embeddable":true,"href":"https:\/\/www.estrategiaconcursos.com.br\/blog\/wp-json\/wp\/v2\/tags?post=922176"},{"taxonomy":"tax_estado","embeddable":true,"href":"https:\/\/www.estrategiaconcursos.com.br\/blog\/wp-json\/wp\/v2\/tax_estado?post=922176"}],"curies":[{"name":"wp","href":"https:\/\/api.w.org\/{rel}","templated":true}]}}