{"id":920818,"date":"2021-12-02T14:10:24","date_gmt":"2021-12-02T17:10:24","guid":{"rendered":"https:\/\/www.estrategiaconcursos.com.br\/blog\/?p=920818"},"modified":"2023-02-01T10:40:28","modified_gmt":"2023-02-01T13:40:28","slug":"reta-final-ibama-para-todos-os-cargos","status":"publish","type":"post","link":"https:\/\/www.estrategiaconcursos.com.br\/blog\/reta-final-ibama-para-todos-os-cargos\/","title":{"rendered":"Reta Final IBAMA &#8211; Para Todos os Cargos \u2013 P\u00f3s-Edital"},"content":{"rendered":"\n<p><em><strong>Aten\u00e7\u00e3o, estrategistas!<\/strong><\/em><\/p>\n\n\n\n<p>J\u00e1 est\u00e3o abertas as <a href=\"https:\/\/www.estrategiaconcursos.com.br\/blog\/concurso-ibama\/\" target=\"_blank\" rel=\"noreferrer noopener\">inscri\u00e7\u00f5es<\/a> para o concurso <strong>IBAMA<\/strong> e, a fim de te preparar para essa prova t\u00e3o concorrida, planejamos uma reta final de estudos para TODOS OS CARGOS!<\/p>\n\n\n\n<p>A prova ser\u00e1 realizada dia <strong>30\/01<\/strong> e, at\u00e9 l\u00e1, queremos te mostrar que passar em concurso p\u00fablico n\u00e3o \u00e9 dif\u00edcil. Com o Estrat\u00e9gia, voc\u00ea tem acesso a aulas com os <strong>melhores professores<\/strong>, <strong>conte\u00fados exclusivos<\/strong> e muita, mas muita <strong>resolu\u00e7\u00e3o<\/strong> <strong>de exerc\u00edcios<\/strong> para chegar afiad\u00edssimo no dia da prova!<\/p>\n\n\n\n<p>Quer saber mais? O nosso evento <strong>Reta Final IBAMA &#8211; Para Todos os Cargos<\/strong> <strong>\u2013 P\u00f3s-Edital<\/strong> \u00e9 <strong>GRATUITO<\/strong>, e teve in\u00edcio no dia<strong> 01\/12<\/strong>. As aulas acontecer\u00e3o de segunda a sexta, sempre \u00e0s <strong>19h<\/strong>!<\/p>\n\n\n\n<p>Confira abaixo as disciplinas oferecidas e os respectivos professores:<\/p>\n\n\n\n<figure class=\"wp-block-table aligncenter is-style-stripes\"><table class=\"has-background\" style=\"background-color:#dff3ff\"><thead><tr><th class=\"has-text-align-center\" data-align=\"center\">Disciplina<\/th><th class=\"has-text-align-center\" data-align=\"center\">Professor<\/th><\/tr><\/thead><tbody><tr><td class=\"has-text-align-center\" data-align=\"center\">L\u00edngua Portuguesa<\/td><td class=\"has-text-align-center\" data-align=\"center\">Adriana Figueiredo<\/td><\/tr><tr><td class=\"has-text-align-center\" data-align=\"center\">\u00c9tica No Servi\u00e7o P\u00fablico<\/td><td class=\"has-text-align-center\" data-align=\"center\">Th\u00e1llius Moraes<\/td><\/tr><tr><td class=\"has-text-align-center\" data-align=\"center\">Legisla\u00e7\u00e3o Geral E Do Setor De Meio Ambiente<\/td><td class=\"has-text-align-center\" data-align=\"center\">Rosenval J\u00fanior<\/td><\/tr><tr><td class=\"has-text-align-center\" data-align=\"center\">Legisla\u00e7\u00e3o Geral E Do Setor De Meio Ambiente<\/td><td class=\"has-text-align-center\" data-align=\"center\">Andr\u00e9 Rocha<\/td><\/tr><tr><td class=\"has-text-align-center\" data-align=\"center\">Atos de Improbidade e Processo Administrativo<\/td><td class=\"has-text-align-center\" data-align=\"center\">Ant\u00f4nio Daud&nbsp;<\/td><\/tr><\/tbody><\/table><\/figure>\n\n\n\n<p>Te esperamos l\u00e1!<\/p>\n\n\n\n<p class=\"has-text-align-center\"><em>Para mais informa\u00e7\u00f5es sobre o concurso IBAMA, acesse o link abaixo<\/em><\/p>\n\n\n\n<p class=\"has-text-align-center has-background has-medium-font-size\" style=\"background-color:#cddae4\"><strong>Saiba mais: <a href=\"https:\/\/www.estrategiaconcursos.com.br\/blog\/concurso-ibama\/\" target=\"_blank\" rel=\"noreferrer noopener\">concurso IBAMA<\/a><\/strong><\/p>\n\n\n\n<hr class=\"wp-block-separator has-css-opacity\"\/>\n\n\n\n<h2 class=\"has-text-align-center wp-block-heading\" id=\"cursos-assinatura\"><strong><em>Quer estudar para concurso Ibama?<\/em><\/strong><\/h2>\n\n\n\n<div class=\"container\" id=\"boxes\">\n  <div class=\"row\">\n\n    <div class=\"col-sm\">\n      <div class=\"banner-estrategia\" id=\"box-assinatura\">\n        <h3 class=\"titulo-assinatura\">Cursos para IBAMA<\/h3>\n        <p class=\"subtitulo-assinatura\">Estude conosco<\/p>\n        <div class=\"box-botao\">\n          <a class=\"btn-assinatura\" target=\"_blank\" href=\"https:\/\/www.estrategiaconcursos.com.br\/cursosPorConcurso\/ibama-analista-61\/\" role=\"button\" rel=\"noopener noreferrer\">Conhe\u00e7a os cursos<\/a>\n        <\/div>\n      <\/div>\n     \n    <\/div>\n\n  <\/div>\n<\/div>\n\n\n\n<div class=\"container\" id=\"boxes\">\n  <div class=\"row\">\n\n    <div class=\"col-sm\">\n      <div class=\"estrategia\" id=\"box-assinatura\">\n        <h3 class=\"titulo-assinatura\">Assinatura Concursos<\/h3>\n        <p class=\"subtitulo-assinatura\">Assinatura de 1 ano ou 2 anos<\/p>\n        <div class=\"box-botao\">\n          <a class=\"btn-assinatura\" target=\"_blank\" href=\"https:\/\/www.estrategiaconcursos.com.br\/assinaturas\/\" role=\"button\" rel=\"noopener noreferrer\">ASSINE AGORA<\/a>\n        <\/div>\n      <\/div><\/div><\/div><\/div>\n\n\n\n<h2 class=\"has-text-align-center wp-block-heading\">Quer saber tudo sobre concursos previstos?<br \/>Confira nossos artigos!<\/h2>\n\n\n\n<ul class=\"wp-block-list\">\n<li><a target=\"_blank\" href=\"https:\/\/www.estrategiaconcursos.com.br\/blog\/concursos-abertos\/\" rel=\"noreferrer noopener\">Concursos abertos<\/a><\/li>\n\n\n\n<li><a target=\"_blank\" href=\"https:\/\/www.estrategiaconcursos.com.br\/blog\/concursos-2021\/\" rel=\"noreferrer noopener\">Concursos 2021<\/a><\/li>\n\n\n\n<li><a target=\"_blank\" href=\"https:\/\/www.estrategiaconcursos.com.br\/blog\/concursos-2022\/\" rel=\"noreferrer noopener\">Concursos 2022<\/a><\/li>\n<\/ul>\n","protected":false},"excerpt":{"rendered":"<p>Aten\u00e7\u00e3o, estrategistas! J\u00e1 est\u00e3o abertas as inscri\u00e7\u00f5es para o concurso IBAMA e, a fim de te preparar para essa prova t\u00e3o concorrida, planejamos uma reta final de estudos para TODOS OS CARGOS! A prova ser\u00e1 realizada dia 30\/01 e, at\u00e9 l\u00e1, queremos te mostrar que passar em concurso p\u00fablico n\u00e3o \u00e9 dif\u00edcil. Com o Estrat\u00e9gia, [&hellip;]<\/p>\n","protected":false},"author":73,"featured_media":731068,"comment_status":"open","ping_status":"closed","sticky":false,"template":"","format":"standard","meta":{"post_tipo":"news","footnotes":""},"categories":[214992,220219],"tags":[],"tax_estado":[219963],"class_list":["post-920818","post","type-post","status-publish","format-standard","has-post-thumbnail","hentry","category-concursos-administrativos","category-noticias","tax_estado-concursos-federais"],"acf":[],"yoast_head":"<!-- This site is optimized with the Yoast SEO Premium plugin v27.2 (Yoast SEO v27.2) - https:\/\/yoast.com\/product\/yoast-seo-premium-wordpress\/ -->\n<title>Reta Final IBAMA - Para Todos os Cargos \u2013 P\u00f3s-Edital<\/title>\n<meta name=\"description\" content=\"Professores do Estrat\u00e9gia ministram o &quot;Reta Final IBAMA - Para Todos os Cargos \u2013 P\u00f3s-Edital&quot;, de segunda a sexta, \u00e0s 19h. N\u00e3o perca!\" \/>\n<meta name=\"robots\" content=\"index, follow, max-snippet:-1, max-image-preview:large, max-video-preview:-1\" \/>\n<link rel=\"canonical\" href=\"https:\/\/www.estrategiaconcursos.com.br\/blog\/reta-final-ibama-para-todos-os-cargos\/\" \/>\n<meta property=\"og:locale\" content=\"pt_BR\" \/>\n<meta property=\"og:type\" content=\"article\" \/>\n<meta property=\"og:title\" content=\"Reta Final IBAMA - Para Todos os Cargos \u2013 P\u00f3s-Edital\" \/>\n<meta property=\"og:description\" content=\"Professores do Estrat\u00e9gia ministram o &quot;Reta Final IBAMA - Para Todos os Cargos \u2013 P\u00f3s-Edital&quot;, de segunda a sexta, \u00e0s 19h. N\u00e3o perca!\" \/>\n<meta property=\"og:url\" content=\"https:\/\/www.estrategiaconcursos.com.br\/blog\/reta-final-ibama-para-todos-os-cargos\/\" \/>\n<meta property=\"og:site_name\" content=\"Estrat\u00e9gia Concursos\" \/>\n<meta property=\"article:author\" content=\"https:\/\/www.facebook.com\/rosenvaljr\" \/>\n<meta property=\"article:published_time\" content=\"2021-12-02T17:10:24+00:00\" \/>\n<meta property=\"article:modified_time\" content=\"2023-02-01T13:40:28+00:00\" \/>\n<meta property=\"og:image\" content=\"https:\/\/dhg1h5j42swfq.cloudfront.net\/2021\/05\/04154828\/ibama.jpg\" \/>\n\t<meta property=\"og:image:width\" content=\"768\" \/>\n\t<meta property=\"og:image:height\" content=\"432\" \/>\n\t<meta property=\"og:image:type\" content=\"image\/jpeg\" \/>\n<meta name=\"author\" content=\"Rosenval J\u00fanior\" \/>\n<meta name=\"twitter:card\" content=\"summary_large_image\" \/>\n<meta name=\"twitter:creator\" content=\"@EstratConcursos\" \/>\n<meta name=\"twitter:site\" content=\"@EstratConcursos\" \/>\n<meta name=\"twitter:label1\" content=\"Escrito por\" \/>\n\t<meta name=\"twitter:data1\" content=\"Rosenval J\u00fanior\" \/>\n\t<meta name=\"twitter:label2\" content=\"Est. tempo de leitura\" \/>\n\t<meta name=\"twitter:data2\" content=\"1 minuto\" \/>\n<script type=\"application\/ld+json\" class=\"yoast-schema-graph\">{\"@context\":\"https:\/\/schema.org\",\"@graph\":[{\"@type\":\"NewsArticle\",\"@id\":\"https:\/\/www.estrategiaconcursos.com.br\/blog\/reta-final-ibama-para-todos-os-cargos\/#article\",\"isPartOf\":{\"@id\":\"https:\/\/www.estrategiaconcursos.com.br\/blog\/reta-final-ibama-para-todos-os-cargos\/\"},\"author\":{\"name\":\"Rosenval J\u00fanior\",\"@id\":\"https:\/\/www.estrategiaconcursos.com.br\/blog\/#\/schema\/person\/3489eb8fb39ff11193689cf7762b03b0\"},\"headline\":\"Reta Final IBAMA &#8211; Para Todos os Cargos \u2013 P\u00f3s-Edital\",\"datePublished\":\"2021-12-02T17:10:24+00:00\",\"dateModified\":\"2023-02-01T13:40:28+00:00\",\"mainEntityOfPage\":{\"@id\":\"https:\/\/www.estrategiaconcursos.com.br\/blog\/reta-final-ibama-para-todos-os-cargos\/\"},\"wordCount\":247,\"commentCount\":0,\"publisher\":{\"@id\":\"https:\/\/www.estrategiaconcursos.com.br\/blog\/#organization\"},\"image\":{\"@id\":\"https:\/\/www.estrategiaconcursos.com.br\/blog\/reta-final-ibama-para-todos-os-cargos\/#primaryimage\"},\"thumbnailUrl\":\"https:\/\/dhg1h5j42swfq.cloudfront.net\/2021\/05\/04154828\/ibama.jpg\",\"articleSection\":[\"Executivo (Administrativa)\",\"\u00daltimas not\u00edcias\"],\"inLanguage\":\"pt-BR\",\"potentialAction\":[{\"@type\":\"CommentAction\",\"name\":\"Comment\",\"target\":[\"https:\/\/www.estrategiaconcursos.com.br\/blog\/reta-final-ibama-para-todos-os-cargos\/#respond\"]}],\"copyrightYear\":\"2021\",\"copyrightHolder\":{\"@id\":\"https:\/\/www.estrategiaconcursos.com.br\/blog\/#organization\"}},{\"@type\":\"WebPage\",\"@id\":\"https:\/\/www.estrategiaconcursos.com.br\/blog\/reta-final-ibama-para-todos-os-cargos\/\",\"url\":\"https:\/\/www.estrategiaconcursos.com.br\/blog\/reta-final-ibama-para-todos-os-cargos\/\",\"name\":\"Reta Final IBAMA - Para Todos os Cargos \u2013 P\u00f3s-Edital\",\"isPartOf\":{\"@id\":\"https:\/\/www.estrategiaconcursos.com.br\/blog\/#website\"},\"primaryImageOfPage\":{\"@id\":\"https:\/\/www.estrategiaconcursos.com.br\/blog\/reta-final-ibama-para-todos-os-cargos\/#primaryimage\"},\"image\":{\"@id\":\"https:\/\/www.estrategiaconcursos.com.br\/blog\/reta-final-ibama-para-todos-os-cargos\/#primaryimage\"},\"thumbnailUrl\":\"https:\/\/dhg1h5j42swfq.cloudfront.net\/2021\/05\/04154828\/ibama.jpg\",\"datePublished\":\"2021-12-02T17:10:24+00:00\",\"dateModified\":\"2023-02-01T13:40:28+00:00\",\"description\":\"Professores do Estrat\u00e9gia ministram o \\\"Reta Final IBAMA - Para Todos os Cargos \u2013 P\u00f3s-Edital\\\", de segunda a sexta, \u00e0s 19h. N\u00e3o perca!\",\"breadcrumb\":{\"@id\":\"https:\/\/www.estrategiaconcursos.com.br\/blog\/reta-final-ibama-para-todos-os-cargos\/#breadcrumb\"},\"inLanguage\":\"pt-BR\",\"potentialAction\":[{\"@type\":\"ReadAction\",\"target\":[\"https:\/\/www.estrategiaconcursos.com.br\/blog\/reta-final-ibama-para-todos-os-cargos\/\"]}]},{\"@type\":\"ImageObject\",\"inLanguage\":\"pt-BR\",\"@id\":\"https:\/\/www.estrategiaconcursos.com.br\/blog\/reta-final-ibama-para-todos-os-cargos\/#primaryimage\",\"url\":\"https:\/\/dhg1h5j42swfq.cloudfront.net\/2021\/05\/04154828\/ibama.jpg\",\"contentUrl\":\"https:\/\/dhg1h5j42swfq.cloudfront.net\/2021\/05\/04154828\/ibama.jpg\",\"width\":768,\"height\":432,\"caption\":\"Concurso do IBAMA!\"},{\"@type\":\"BreadcrumbList\",\"@id\":\"https:\/\/www.estrategiaconcursos.com.br\/blog\/reta-final-ibama-para-todos-os-cargos\/#breadcrumb\",\"itemListElement\":[{\"@type\":\"ListItem\",\"position\":1,\"name\":\"In\u00edcio\",\"item\":\"https:\/\/www.estrategiaconcursos.com.br\/blog\/\"},{\"@type\":\"ListItem\",\"position\":2,\"name\":\"Reta Final IBAMA &#8211; Para Todos os Cargos \u2013 P\u00f3s-Edital\"}]},{\"@type\":\"WebSite\",\"@id\":\"https:\/\/www.estrategiaconcursos.com.br\/blog\/#website\",\"url\":\"https:\/\/www.estrategiaconcursos.com.br\/blog\/\",\"name\":\"Estrat\u00e9gia Concursos\",\"description\":\"O blog da Estrat\u00e9gia Concursos traz not\u00edcias sobre concursos e artigos de professores oferecendo cursos para concursos (pdf + videaulas) no site.\",\"publisher\":{\"@id\":\"https:\/\/www.estrategiaconcursos.com.br\/blog\/#organization\"},\"potentialAction\":[{\"@type\":\"SearchAction\",\"target\":{\"@type\":\"EntryPoint\",\"urlTemplate\":\"https:\/\/www.estrategiaconcursos.com.br\/blog\/?s={search_term_string}\"},\"query-input\":{\"@type\":\"PropertyValueSpecification\",\"valueRequired\":true,\"valueName\":\"search_term_string\"}}],\"inLanguage\":\"pt-BR\"},{\"@type\":\"Organization\",\"@id\":\"https:\/\/www.estrategiaconcursos.com.br\/blog\/#organization\",\"name\":\"Estrat\u00e9gia Concursos\",\"url\":\"https:\/\/www.estrategiaconcursos.com.br\/blog\/\",\"logo\":{\"@type\":\"ImageObject\",\"inLanguage\":\"pt-BR\",\"@id\":\"https:\/\/www.estrategiaconcursos.com.br\/blog\/#\/schema\/logo\/image\/\",\"url\":\"https:\/\/dhg1h5j42swfq.cloudfront.net\/2025\/06\/03203428\/logo_concursos-1.jpg\",\"contentUrl\":\"https:\/\/dhg1h5j42swfq.cloudfront.net\/2025\/06\/03203428\/logo_concursos-1.jpg\",\"width\":230,\"height\":60,\"caption\":\"Estrat\u00e9gia Concursos\"},\"image\":{\"@id\":\"https:\/\/www.estrategiaconcursos.com.br\/blog\/#\/schema\/logo\/image\/\"},\"sameAs\":[\"https:\/\/x.com\/EstratConcursos\"]},{\"@type\":\"Person\",\"@id\":\"https:\/\/www.estrategiaconcursos.com.br\/blog\/#\/schema\/person\/3489eb8fb39ff11193689cf7762b03b0\",\"name\":\"Rosenval J\u00fanior\",\"image\":{\"@type\":\"ImageObject\",\"inLanguage\":\"pt-BR\",\"@id\":\"https:\/\/secure.gravatar.com\/avatar\/dc38e7bcadccb99c8a28b35b027bdc6b8b6a65ee938a25ed335e3e31eed462e0?s=96&d=mm&r=g\",\"url\":\"https:\/\/secure.gravatar.com\/avatar\/dc38e7bcadccb99c8a28b35b027bdc6b8b6a65ee938a25ed335e3e31eed462e0?s=96&d=mm&r=g\",\"contentUrl\":\"https:\/\/secure.gravatar.com\/avatar\/dc38e7bcadccb99c8a28b35b027bdc6b8b6a65ee938a25ed335e3e31eed462e0?s=96&d=mm&r=g\",\"caption\":\"Rosenval J\u00fanior\"},\"description\":\"Graduado pela Universidade Federal de Vi\u00e7osa - UFV. P\u00f3s-graduado em Direito Ambiental. Graduado tamb\u00e9m em Gest\u00e3o Ambiental, com tr\u00eas especializa\u00e7\u00f5es na \u00e1rea ambiental. Mestrando em Engenharia Ambiental. Servidor p\u00fablico do Minist\u00e9rio da Justi\u00e7a e professor de Direito Ambiental, Meio Ambiente, Direito Agr\u00e1rio e Direito Urban\u00edstico para concursos p\u00fablicos. Professor de Direito Ambiental para o Exame de Ordem. Aprovado em 15 concursos p\u00fablicos na \u00e1rea de Meio Ambiente como Analista Ambiental do Instituto Brasileiro do Meio Ambiente e dos Recursos Naturais Renov\u00e1veis - IBAMA; Analista Pericial - Especialidade Engenharia Florestal do Minist\u00e9rio P\u00fablico da Uni\u00e3o - MPU; Analista de Infraestrutura - \u00c1rea de Especializa\u00e7\u00e3o Ambiental do Departamento Nacional de Infraestrutura de Transportes - DNIT; Especialista em Regula\u00e7\u00e3o - \u00c1rea Engenharia Ambiental e Engenharia Florestal, com \u00eanfase em Meio Ambiente da Ag\u00eancia Nacional de Transportes Terrestres - ANTT; Consultor Legislativo em Meio Ambiente e Direito Ambiental, Organiza\u00e7\u00e3o Territorial, Desenvolvimento Urbano e Regional da C\u00e2mara dos Deputados; entre outros. Autor do livro \\\"Direito Ambiental para Concursos e Exame de Ordem\\\", Editora Juru\u00e1. Iniciou sua carreira no servi\u00e7o p\u00fablico federal em 2006, quando obteve aprova\u00e7\u00e3o em 1\u00b0 lugar para o cargo de engenheiro florestal da Casa Civil da Presid\u00eancia da Rep\u00fablica\/Arquivo Nacional. Alguns concursos em que foi aprovado: 1\u00b0 lugar para Analista do Minist\u00e9rio P\u00fablico de MG; 1\u00ba lugar para Engenheiro da Casa Civil da Presid\u00eancia da Rep\u00fablica; 1\u00b0 lugar para T\u00e9cnico em Recursos Naturais \u2013 n\u00edvel II \u2013 \u00c1rea Engenharia Florestal do IDAF; 2\u00b0 lugar para Analista Pericial do Minist\u00e9rio P\u00fablico da Uni\u00e3o - MPU; 2\u00b0 lugar para Analista em Reforma e Desenvolvimento Agr\u00e1rio do INCRA; 7\u00ba lugar Engenheiro J\u00fanior da Caixa Econ\u00f4mica Federal; 10\u00ba lugar para Analista Ambiental do Instituto Estadual de Florestas - IEF\/MG; 6\u00ba lugar para Analista de Infraestrutura (\u00c1rea de Especializa\u00e7\u00e3o Ambiental) do Departamento Nacional de Infraestrutura de Transportes \u2013 DNIT (Prova objetiva e discursiva); 2\u00b0 lugar para Perito Criminal da Pol\u00edcia Civil do Estado do Rio de Janeiro \u2013PCERJ (Resultado na Prova objetiva, TAF, Avalia\u00e7\u00e3o M\u00e9dica, e Psicot\u00e9cnico); 10\u00ba lugar para Perito Criminal da Pol\u00edcia Federal \u2013 DPF \u2013 \u00c1rea 9 (Resultado definitivo na prova objetiva e discursiva); 2\u00b0 lugar para Analista Ambiental do Instituto Brasileiro do Meio Ambiente e dos Recursos Naturais Renov\u00e1veis \u2013 IBAMA (Prova objetiva e discursiva); 1\u00b0 lugar para Especialista em Regula\u00e7\u00e3o Engenharia Ambiental e Engenharia Florestal (com \u00eanfase em meio ambiente) da Ag\u00eancia Nacional de Transportes Terrestres - ANTT (Resultado da prova objetiva, discursiva e de t\u00edtulos); 10\u00ba lugar para Consultor Legislativo em Meio Ambiente e Direito Ambiental, Organiza\u00e7\u00e3o Territorial, Desenvolvimento Urbano e Regional da C\u00e2mara dos Deputados. (Resultado da prova objetiva, discursiva e de t\u00edtulos) Entre em contato comigo pelo facebook e pelo Youtube. Basta colocar na busca: Rosenval J\u00fanior. Ou copiar e colar o endere\u00e7o: www.facebook.com\/rosenvaljr Acesse o meu site e saiba mais: www.aprendadireitoambiental.com.br\",\"sameAs\":[\"http:\/\/www.aprendadireitoambiental.com.br\",\"https:\/\/www.facebook.com\/rosenvaljr\"],\"url\":\"https:\/\/www.estrategiaconcursos.com.br\/blog\/author\/rosenvaljuniorestrategiaconcursos-com-br\/\"}]}<\/script>\n<!-- \/ Yoast SEO Premium plugin. -->","yoast_head_json":{"title":"Reta Final IBAMA - Para Todos os Cargos \u2013 P\u00f3s-Edital","description":"Professores do Estrat\u00e9gia ministram o \"Reta Final IBAMA - Para Todos os Cargos \u2013 P\u00f3s-Edital\", de segunda a sexta, \u00e0s 19h. N\u00e3o perca!","robots":{"index":"index","follow":"follow","max-snippet":"max-snippet:-1","max-image-preview":"max-image-preview:large","max-video-preview":"max-video-preview:-1"},"canonical":"https:\/\/www.estrategiaconcursos.com.br\/blog\/reta-final-ibama-para-todos-os-cargos\/","og_locale":"pt_BR","og_type":"article","og_title":"Reta Final IBAMA - Para Todos os Cargos \u2013 P\u00f3s-Edital","og_description":"Professores do Estrat\u00e9gia ministram o \"Reta Final IBAMA - Para Todos os Cargos \u2013 P\u00f3s-Edital\", de segunda a sexta, \u00e0s 19h. N\u00e3o perca!","og_url":"https:\/\/www.estrategiaconcursos.com.br\/blog\/reta-final-ibama-para-todos-os-cargos\/","og_site_name":"Estrat\u00e9gia Concursos","article_author":"https:\/\/www.facebook.com\/rosenvaljr","article_published_time":"2021-12-02T17:10:24+00:00","article_modified_time":"2023-02-01T13:40:28+00:00","og_image":[{"width":768,"height":432,"url":"https:\/\/dhg1h5j42swfq.cloudfront.net\/2021\/05\/04154828\/ibama.jpg","type":"image\/jpeg"}],"author":"Rosenval J\u00fanior","twitter_card":"summary_large_image","twitter_creator":"@EstratConcursos","twitter_site":"@EstratConcursos","twitter_misc":{"Escrito por":"Rosenval J\u00fanior","Est. tempo de leitura":"1 minuto"},"schema":{"@context":"https:\/\/schema.org","@graph":[{"@type":"NewsArticle","@id":"https:\/\/www.estrategiaconcursos.com.br\/blog\/reta-final-ibama-para-todos-os-cargos\/#article","isPartOf":{"@id":"https:\/\/www.estrategiaconcursos.com.br\/blog\/reta-final-ibama-para-todos-os-cargos\/"},"author":{"name":"Rosenval J\u00fanior","@id":"https:\/\/www.estrategiaconcursos.com.br\/blog\/#\/schema\/person\/3489eb8fb39ff11193689cf7762b03b0"},"headline":"Reta Final IBAMA &#8211; Para Todos os Cargos \u2013 P\u00f3s-Edital","datePublished":"2021-12-02T17:10:24+00:00","dateModified":"2023-02-01T13:40:28+00:00","mainEntityOfPage":{"@id":"https:\/\/www.estrategiaconcursos.com.br\/blog\/reta-final-ibama-para-todos-os-cargos\/"},"wordCount":247,"commentCount":0,"publisher":{"@id":"https:\/\/www.estrategiaconcursos.com.br\/blog\/#organization"},"image":{"@id":"https:\/\/www.estrategiaconcursos.com.br\/blog\/reta-final-ibama-para-todos-os-cargos\/#primaryimage"},"thumbnailUrl":"https:\/\/dhg1h5j42swfq.cloudfront.net\/2021\/05\/04154828\/ibama.jpg","articleSection":["Executivo (Administrativa)","\u00daltimas not\u00edcias"],"inLanguage":"pt-BR","potentialAction":[{"@type":"CommentAction","name":"Comment","target":["https:\/\/www.estrategiaconcursos.com.br\/blog\/reta-final-ibama-para-todos-os-cargos\/#respond"]}],"copyrightYear":"2021","copyrightHolder":{"@id":"https:\/\/www.estrategiaconcursos.com.br\/blog\/#organization"}},{"@type":"WebPage","@id":"https:\/\/www.estrategiaconcursos.com.br\/blog\/reta-final-ibama-para-todos-os-cargos\/","url":"https:\/\/www.estrategiaconcursos.com.br\/blog\/reta-final-ibama-para-todos-os-cargos\/","name":"Reta Final IBAMA - Para Todos os Cargos \u2013 P\u00f3s-Edital","isPartOf":{"@id":"https:\/\/www.estrategiaconcursos.com.br\/blog\/#website"},"primaryImageOfPage":{"@id":"https:\/\/www.estrategiaconcursos.com.br\/blog\/reta-final-ibama-para-todos-os-cargos\/#primaryimage"},"image":{"@id":"https:\/\/www.estrategiaconcursos.com.br\/blog\/reta-final-ibama-para-todos-os-cargos\/#primaryimage"},"thumbnailUrl":"https:\/\/dhg1h5j42swfq.cloudfront.net\/2021\/05\/04154828\/ibama.jpg","datePublished":"2021-12-02T17:10:24+00:00","dateModified":"2023-02-01T13:40:28+00:00","description":"Professores do Estrat\u00e9gia ministram o \"Reta Final IBAMA - Para Todos os Cargos \u2013 P\u00f3s-Edital\", de segunda a sexta, \u00e0s 19h. N\u00e3o perca!","breadcrumb":{"@id":"https:\/\/www.estrategiaconcursos.com.br\/blog\/reta-final-ibama-para-todos-os-cargos\/#breadcrumb"},"inLanguage":"pt-BR","potentialAction":[{"@type":"ReadAction","target":["https:\/\/www.estrategiaconcursos.com.br\/blog\/reta-final-ibama-para-todos-os-cargos\/"]}]},{"@type":"ImageObject","inLanguage":"pt-BR","@id":"https:\/\/www.estrategiaconcursos.com.br\/blog\/reta-final-ibama-para-todos-os-cargos\/#primaryimage","url":"https:\/\/dhg1h5j42swfq.cloudfront.net\/2021\/05\/04154828\/ibama.jpg","contentUrl":"https:\/\/dhg1h5j42swfq.cloudfront.net\/2021\/05\/04154828\/ibama.jpg","width":768,"height":432,"caption":"Concurso do IBAMA!"},{"@type":"BreadcrumbList","@id":"https:\/\/www.estrategiaconcursos.com.br\/blog\/reta-final-ibama-para-todos-os-cargos\/#breadcrumb","itemListElement":[{"@type":"ListItem","position":1,"name":"In\u00edcio","item":"https:\/\/www.estrategiaconcursos.com.br\/blog\/"},{"@type":"ListItem","position":2,"name":"Reta Final IBAMA &#8211; Para Todos os Cargos \u2013 P\u00f3s-Edital"}]},{"@type":"WebSite","@id":"https:\/\/www.estrategiaconcursos.com.br\/blog\/#website","url":"https:\/\/www.estrategiaconcursos.com.br\/blog\/","name":"Estrat\u00e9gia Concursos","description":"O blog da Estrat\u00e9gia Concursos traz not\u00edcias sobre concursos e artigos de professores oferecendo cursos para concursos (pdf + videaulas) no site.","publisher":{"@id":"https:\/\/www.estrategiaconcursos.com.br\/blog\/#organization"},"potentialAction":[{"@type":"SearchAction","target":{"@type":"EntryPoint","urlTemplate":"https:\/\/www.estrategiaconcursos.com.br\/blog\/?s={search_term_string}"},"query-input":{"@type":"PropertyValueSpecification","valueRequired":true,"valueName":"search_term_string"}}],"inLanguage":"pt-BR"},{"@type":"Organization","@id":"https:\/\/www.estrategiaconcursos.com.br\/blog\/#organization","name":"Estrat\u00e9gia Concursos","url":"https:\/\/www.estrategiaconcursos.com.br\/blog\/","logo":{"@type":"ImageObject","inLanguage":"pt-BR","@id":"https:\/\/www.estrategiaconcursos.com.br\/blog\/#\/schema\/logo\/image\/","url":"https:\/\/dhg1h5j42swfq.cloudfront.net\/2025\/06\/03203428\/logo_concursos-1.jpg","contentUrl":"https:\/\/dhg1h5j42swfq.cloudfront.net\/2025\/06\/03203428\/logo_concursos-1.jpg","width":230,"height":60,"caption":"Estrat\u00e9gia Concursos"},"image":{"@id":"https:\/\/www.estrategiaconcursos.com.br\/blog\/#\/schema\/logo\/image\/"},"sameAs":["https:\/\/x.com\/EstratConcursos"]},{"@type":"Person","@id":"https:\/\/www.estrategiaconcursos.com.br\/blog\/#\/schema\/person\/3489eb8fb39ff11193689cf7762b03b0","name":"Rosenval J\u00fanior","image":{"@type":"ImageObject","inLanguage":"pt-BR","@id":"https:\/\/secure.gravatar.com\/avatar\/dc38e7bcadccb99c8a28b35b027bdc6b8b6a65ee938a25ed335e3e31eed462e0?s=96&d=mm&r=g","url":"https:\/\/secure.gravatar.com\/avatar\/dc38e7bcadccb99c8a28b35b027bdc6b8b6a65ee938a25ed335e3e31eed462e0?s=96&d=mm&r=g","contentUrl":"https:\/\/secure.gravatar.com\/avatar\/dc38e7bcadccb99c8a28b35b027bdc6b8b6a65ee938a25ed335e3e31eed462e0?s=96&d=mm&r=g","caption":"Rosenval J\u00fanior"},"description":"Graduado pela Universidade Federal de Vi\u00e7osa - UFV. P\u00f3s-graduado em Direito Ambiental. Graduado tamb\u00e9m em Gest\u00e3o Ambiental, com tr\u00eas especializa\u00e7\u00f5es na \u00e1rea ambiental. Mestrando em Engenharia Ambiental. Servidor p\u00fablico do Minist\u00e9rio da Justi\u00e7a e professor de Direito Ambiental, Meio Ambiente, Direito Agr\u00e1rio e Direito Urban\u00edstico para concursos p\u00fablicos. Professor de Direito Ambiental para o Exame de Ordem. Aprovado em 15 concursos p\u00fablicos na \u00e1rea de Meio Ambiente como Analista Ambiental do Instituto Brasileiro do Meio Ambiente e dos Recursos Naturais Renov\u00e1veis - IBAMA; Analista Pericial - Especialidade Engenharia Florestal do Minist\u00e9rio P\u00fablico da Uni\u00e3o - MPU; Analista de Infraestrutura - \u00c1rea de Especializa\u00e7\u00e3o Ambiental do Departamento Nacional de Infraestrutura de Transportes - DNIT; Especialista em Regula\u00e7\u00e3o - \u00c1rea Engenharia Ambiental e Engenharia Florestal, com \u00eanfase em Meio Ambiente da Ag\u00eancia Nacional de Transportes Terrestres - ANTT; Consultor Legislativo em Meio Ambiente e Direito Ambiental, Organiza\u00e7\u00e3o Territorial, Desenvolvimento Urbano e Regional da C\u00e2mara dos Deputados; entre outros. Autor do livro \"Direito Ambiental para Concursos e Exame de Ordem\", Editora Juru\u00e1. Iniciou sua carreira no servi\u00e7o p\u00fablico federal em 2006, quando obteve aprova\u00e7\u00e3o em 1\u00b0 lugar para o cargo de engenheiro florestal da Casa Civil da Presid\u00eancia da Rep\u00fablica\/Arquivo Nacional. Alguns concursos em que foi aprovado: 1\u00b0 lugar para Analista do Minist\u00e9rio P\u00fablico de MG; 1\u00ba lugar para Engenheiro da Casa Civil da Presid\u00eancia da Rep\u00fablica; 1\u00b0 lugar para T\u00e9cnico em Recursos Naturais \u2013 n\u00edvel II \u2013 \u00c1rea Engenharia Florestal do IDAF; 2\u00b0 lugar para Analista Pericial do Minist\u00e9rio P\u00fablico da Uni\u00e3o - MPU; 2\u00b0 lugar para Analista em Reforma e Desenvolvimento Agr\u00e1rio do INCRA; 7\u00ba lugar Engenheiro J\u00fanior da Caixa Econ\u00f4mica Federal; 10\u00ba lugar para Analista Ambiental do Instituto Estadual de Florestas - IEF\/MG; 6\u00ba lugar para Analista de Infraestrutura (\u00c1rea de Especializa\u00e7\u00e3o Ambiental) do Departamento Nacional de Infraestrutura de Transportes \u2013 DNIT (Prova objetiva e discursiva); 2\u00b0 lugar para Perito Criminal da Pol\u00edcia Civil do Estado do Rio de Janeiro \u2013PCERJ (Resultado na Prova objetiva, TAF, Avalia\u00e7\u00e3o M\u00e9dica, e Psicot\u00e9cnico); 10\u00ba lugar para Perito Criminal da Pol\u00edcia Federal \u2013 DPF \u2013 \u00c1rea 9 (Resultado definitivo na prova objetiva e discursiva); 2\u00b0 lugar para Analista Ambiental do Instituto Brasileiro do Meio Ambiente e dos Recursos Naturais Renov\u00e1veis \u2013 IBAMA (Prova objetiva e discursiva); 1\u00b0 lugar para Especialista em Regula\u00e7\u00e3o Engenharia Ambiental e Engenharia Florestal (com \u00eanfase em meio ambiente) da Ag\u00eancia Nacional de Transportes Terrestres - ANTT (Resultado da prova objetiva, discursiva e de t\u00edtulos); 10\u00ba lugar para Consultor Legislativo em Meio Ambiente e Direito Ambiental, Organiza\u00e7\u00e3o Territorial, Desenvolvimento Urbano e Regional da C\u00e2mara dos Deputados. (Resultado da prova objetiva, discursiva e de t\u00edtulos) Entre em contato comigo pelo facebook e pelo Youtube. Basta colocar na busca: Rosenval J\u00fanior. Ou copiar e colar o endere\u00e7o: www.facebook.com\/rosenvaljr Acesse o meu site e saiba mais: www.aprendadireitoambiental.com.br","sameAs":["http:\/\/www.aprendadireitoambiental.com.br","https:\/\/www.facebook.com\/rosenvaljr"],"url":"https:\/\/www.estrategiaconcursos.com.br\/blog\/author\/rosenvaljuniorestrategiaconcursos-com-br\/"}]}},"_links":{"self":[{"href":"https:\/\/www.estrategiaconcursos.com.br\/blog\/wp-json\/wp\/v2\/posts\/920818","targetHints":{"allow":["GET"]}}],"collection":[{"href":"https:\/\/www.estrategiaconcursos.com.br\/blog\/wp-json\/wp\/v2\/posts"}],"about":[{"href":"https:\/\/www.estrategiaconcursos.com.br\/blog\/wp-json\/wp\/v2\/types\/post"}],"author":[{"embeddable":true,"href":"https:\/\/www.estrategiaconcursos.com.br\/blog\/wp-json\/wp\/v2\/users\/73"}],"replies":[{"embeddable":true,"href":"https:\/\/www.estrategiaconcursos.com.br\/blog\/wp-json\/wp\/v2\/comments?post=920818"}],"version-history":[{"count":5,"href":"https:\/\/www.estrategiaconcursos.com.br\/blog\/wp-json\/wp\/v2\/posts\/920818\/revisions"}],"predecessor-version":[{"id":1162698,"href":"https:\/\/www.estrategiaconcursos.com.br\/blog\/wp-json\/wp\/v2\/posts\/920818\/revisions\/1162698"}],"wp:featuredmedia":[{"embeddable":true,"href":"https:\/\/www.estrategiaconcursos.com.br\/blog\/wp-json\/wp\/v2\/media\/731068"}],"wp:attachment":[{"href":"https:\/\/www.estrategiaconcursos.com.br\/blog\/wp-json\/wp\/v2\/media?parent=920818"}],"wp:term":[{"taxonomy":"category","embeddable":true,"href":"https:\/\/www.estrategiaconcursos.com.br\/blog\/wp-json\/wp\/v2\/categories?post=920818"},{"taxonomy":"post_tag","embeddable":true,"href":"https:\/\/www.estrategiaconcursos.com.br\/blog\/wp-json\/wp\/v2\/tags?post=920818"},{"taxonomy":"tax_estado","embeddable":true,"href":"https:\/\/www.estrategiaconcursos.com.br\/blog\/wp-json\/wp\/v2\/tax_estado?post=920818"}],"curies":[{"name":"wp","href":"https:\/\/api.w.org\/{rel}","templated":true}]}}