{"id":920176,"date":"2021-12-02T14:57:00","date_gmt":"2021-12-02T17:57:00","guid":{"rendered":"https:\/\/www.estrategiaconcursos.com.br\/blog\/?p=920176"},"modified":"2021-12-02T10:51:51","modified_gmt":"2021-12-02T13:51:51","slug":"reta-final-ibama-analista-administrativo","status":"publish","type":"post","link":"https:\/\/www.estrategiaconcursos.com.br\/blog\/reta-final-ibama-analista-administrativo\/","title":{"rendered":"Reta Final IBAMA &#8211; Analista Administrativo \u2013 P\u00f3s-Edital"},"content":{"rendered":"\n<p><em><strong>Aten\u00e7\u00e3o, estrategistas!<\/strong><\/em><\/p>\n\n\n\n<p>Preparamos em evento mais que especial para voc\u00ea, <strong>Analista Administrativo<\/strong>, que almeja uma vaga no concurso do <strong>IBAMA<\/strong>!<\/p>\n\n\n\n<p>A partir do dia <strong>01\/12<\/strong>, vamos ministrar aulas de diversas disciplinas com foco em teoria e resolu\u00e7\u00e3o de exerc\u00edcios para te ajudar a realizar o sonho de passar em um dos concursos mais concorridos do Brasil.<\/p>\n\n\n\n<p>Confira abaixo o nome das disciplinas oferecidas e seus respectivos professores:<\/p>\n\n\n\n<figure class=\"wp-block-table aligncenter is-style-stripes\"><table><thead><tr><th class=\"has-text-align-center\" data-align=\"center\">Disciplina<\/th><th class=\"has-text-align-center\" data-align=\"center\">Professor<\/th><\/tr><\/thead><tbody><tr><td class=\"has-text-align-center\" data-align=\"center\">Administra\u00e7\u00e3o Geral<\/td><td class=\"has-text-align-center\" data-align=\"center\">Stefan Fantini<\/td><\/tr><tr><td class=\"has-text-align-center\" data-align=\"center\">Administra\u00e7\u00e3o P\u00fablica<\/td><td class=\"has-text-align-center\" data-align=\"center\">Elisabete Moreira<\/td><\/tr><tr><td class=\"has-text-align-center\" data-align=\"center\">Administra\u00e7\u00e3o Or\u00e7ament\u00e1ria, Financeira <br \/>E Or\u00e7amento P\u00fablico<\/td><td class=\"has-text-align-center\" data-align=\"center\">Luciana Marinho<\/td><\/tr><tr><td class=\"has-text-align-center\" data-align=\"center\">Contabilidade P\u00fablica<\/td><td class=\"has-text-align-center\" data-align=\"center\">Gilmar Possati<\/td><\/tr><tr><td class=\"has-text-align-center\" data-align=\"center\">Gest\u00e3o De Pessoas<\/td><td class=\"has-text-align-center\" data-align=\"center\">Stefan Fantini<\/td><\/tr><tr><td class=\"has-text-align-center\" data-align=\"center\">Matem\u00e1tica Financeira<\/td><td class=\"has-text-align-center\" data-align=\"center\">Brunno Lima<\/td><\/tr><tr><td class=\"has-text-align-center\" data-align=\"center\">No\u00e7\u00f5es De Tecnologia Da Informa\u00e7\u00e3o<\/td><td class=\"has-text-align-center\" data-align=\"center\">Raphael Lacerda<\/td><\/tr><tr><td class=\"has-text-align-center\" data-align=\"center\">Lei Geral De Prote\u00e7\u00e3o De Dados Pessoais<\/td><td class=\"has-text-align-center\" data-align=\"center\">Paulo Sousa<\/td><\/tr><tr><td class=\"has-text-align-center\" data-align=\"center\">No\u00e7\u00f5es De Direito Constitucional<\/td><td class=\"has-text-align-center\" data-align=\"center\">Nelma Fontana<\/td><\/tr><tr><td class=\"has-text-align-center\" data-align=\"center\">No\u00e7\u00f5es De Direito Administrativo<\/td><td class=\"has-text-align-center\" data-align=\"center\">Herbert Almeida<\/td><\/tr><tr><td class=\"has-text-align-center\" data-align=\"center\">No\u00e7\u00f5es De Direito Ambiental<\/td><td class=\"has-text-align-center\" data-align=\"center\">Rosenval J\u00fanior<\/td><\/tr><tr><td class=\"has-text-align-center\" data-align=\"center\">No\u00e7\u00f5es De Regula\u00e7\u00e3o<\/td><td class=\"has-text-align-center\" data-align=\"center\">Celso Natale<\/td><\/tr><\/tbody><\/table><\/figure>\n\n\n\n<p>Nossas aulas acontecer\u00e3o de <strong>segunda a sexta<\/strong>, sempre a partir das <strong>8h30<\/strong>, via <a href=\"https:\/\/www.youtube.com\/c\/EstrategiaConcursosBrasil\" target=\"_blank\" rel=\"noreferrer noopener\">Youtube<\/a>!<\/p>\n\n\n\n<p>Vale lembrar que as inscri\u00e7\u00f5es para o concurso IBAMA est\u00e3o abertas e v\u00e3o at\u00e9 o dia 20\/12. A inscri\u00e7\u00e3o deve ser feita no site da banca organizadora, o <a href=\"https:\/\/www.cebraspe.org.br\/concursos\/IBAMA_21\" target=\"_blank\" rel=\"noreferrer noopener\">Cebraspe<\/a>.<\/p>\n\n\n\n<p class=\"has-text-align-center\"><em>Acesse o link abaixo e confira informa\u00e7\u00f5es exclusivas sobre IBAMA:<\/em><\/p>\n\n\n\n<p class=\"has-text-align-center has-light-green-cyan-background-color has-background\" style=\"font-size:clamp(14.642px, 0.915rem + ((1vw - 3.2px) * 0.721), 22px);\"><strong>Saiba mais: <a href=\"https:\/\/www.estrategiaconcursos.com.br\/blog\/concurso-ibama\" target=\"_blank\" rel=\"noreferrer noopener\">IBAMA<\/a><\/strong><\/p>\n\n\n\n<hr class=\"wp-block-separator\"\/>\n\n\n\n<h2 class=\"has-text-align-center wp-block-heading\" id=\"cursos-assinatura\">Quer estudar para o concurso IBAMA?<\/h2>\n\n\n\n<div class=\"container\" id=\"boxes\">\n  <div class=\"row\">\n\n    <div class=\"col-sm\">\n      <div class=\"banner-estrategia\" id=\"box-assinatura\">\n        <h3 class=\"titulo-assinatura\">Cursos para IBAMA<\/h3>\n        <p class=\"subtitulo-assinatura\">Estude conosco<\/p>\n        <div class=\"box-botao\">\n          <a class=\"btn-assinatura\" target=\"_blank\" href=\"https:\/\/www.estrategiaconcursos.com.br\/cursosPorConcurso\/ibama-analista-61\/\" role=\"button\" rel=\"noopener noreferrer\">Conhe\u00e7a os cursos<\/a>\n        <\/div>\n      <\/div>\n     \n    <\/div>\n\n  <\/div>\n<\/div>\n\n\n\n<div class=\"container\" id=\"boxes\">\n  <div class=\"row\">\n\n    <div class=\"col-sm\">\n      <div class=\"estrategia\" id=\"box-assinatura\">\n        <h3 class=\"titulo-assinatura\">Assinatura Concursos<\/h3>\n        <p class=\"subtitulo-assinatura\">Assinatura de 1 ano ou 2 anos<\/p>\n        <div class=\"box-botao\">\n          <a class=\"btn-assinatura\" target=\"_blank\" href=\"https:\/\/www.estrategiaconcursos.com.br\/assinaturas\/\" role=\"button\" rel=\"noopener noreferrer\">ASSINE AGORA<\/a>\n        <\/div>\n      <\/div>\n     \n    <\/div><\/div><\/div>\n\n\n\n<h2 class=\"has-text-align-center wp-block-heading\">Quer saber tudo sobre concursos previstos?<br \/>Confira nossos artigos!<\/h2>\n\n\n\n<ul class=\"wp-block-list\"><li><a target=\"_blank\" href=\"https:\/\/www.estrategiaconcursos.com.br\/blog\/concursos-abertos\/\" rel=\"noreferrer noopener\">Concursos abertos<\/a><\/li><li><a target=\"_blank\" href=\"https:\/\/www.estrategiaconcursos.com.br\/blog\/concursos-2021\/\" rel=\"noreferrer noopener\">Concursos 2021<\/a><\/li><li><a target=\"_blank\" href=\"https:\/\/www.estrategiaconcursos.com.br\/blog\/concursos-2022\/\" rel=\"noreferrer noopener\">Concursos 2022<\/a><\/li><\/ul>\n","protected":false},"excerpt":{"rendered":"<p>Aten\u00e7\u00e3o, estrategistas! Preparamos em evento mais que especial para voc\u00ea, Analista Administrativo, que almeja uma vaga no concurso do IBAMA! A partir do dia 01\/12, vamos ministrar aulas de diversas disciplinas com foco em teoria e resolu\u00e7\u00e3o de exerc\u00edcios para te ajudar a realizar o sonho de passar em um dos concursos mais concorridos do [&hellip;]<\/p>\n","protected":false},"author":147,"featured_media":731068,"comment_status":"open","ping_status":"closed","sticky":false,"template":"","format":"standard","meta":{"post_tipo":"news","footnotes":""},"categories":[214992,220219],"tags":[],"tax_estado":[219963],"class_list":["post-920176","post","type-post","status-publish","format-standard","has-post-thumbnail","hentry","category-concursos-administrativos","category-noticias","tax_estado-concursos-federais"],"acf":[],"yoast_head":"<!-- This site is optimized with the Yoast SEO Premium plugin v27.2 (Yoast SEO v27.2) - https:\/\/yoast.com\/product\/yoast-seo-premium-wordpress\/ -->\n<title>Reta Final IBAMA - Analista Administrativo \u2013 P\u00f3s-Edital<\/title>\n<meta name=\"description\" content=\"Os professores do Estrat\u00e9gia ministram evento para a Reta Final do IBAMA. De segunda \u00e0 sexta, a partir das 8h30, no canal do YouTube.\" \/>\n<meta name=\"robots\" content=\"index, follow, max-snippet:-1, max-image-preview:large, max-video-preview:-1\" \/>\n<link rel=\"canonical\" href=\"https:\/\/www.estrategiaconcursos.com.br\/blog\/reta-final-ibama-analista-administrativo\/\" \/>\n<meta property=\"og:locale\" content=\"pt_BR\" \/>\n<meta property=\"og:type\" content=\"article\" \/>\n<meta property=\"og:title\" content=\"Reta Final IBAMA - Analista Administrativo \u2013 P\u00f3s-Edital\" \/>\n<meta property=\"og:description\" content=\"Os professores do Estrat\u00e9gia ministram evento para a Reta Final do IBAMA. De segunda \u00e0 sexta, a partir das 8h30, no canal do YouTube.\" \/>\n<meta property=\"og:url\" content=\"https:\/\/www.estrategiaconcursos.com.br\/blog\/reta-final-ibama-analista-administrativo\/\" \/>\n<meta property=\"og:site_name\" content=\"Estrat\u00e9gia Concursos\" \/>\n<meta property=\"article:published_time\" content=\"2021-12-02T17:57:00+00:00\" \/>\n<meta property=\"og:image\" content=\"https:\/\/dhg1h5j42swfq.cloudfront.net\/2021\/05\/04154828\/ibama.jpg\" \/>\n\t<meta property=\"og:image:width\" content=\"768\" \/>\n\t<meta property=\"og:image:height\" content=\"432\" \/>\n\t<meta property=\"og:image:type\" content=\"image\/jpeg\" \/>\n<meta name=\"author\" content=\"Gilmar Possati\" \/>\n<meta name=\"twitter:card\" content=\"summary_large_image\" \/>\n<meta name=\"twitter:creator\" content=\"@EstratConcursos\" \/>\n<meta name=\"twitter:site\" content=\"@EstratConcursos\" \/>\n<meta name=\"twitter:label1\" content=\"Escrito por\" \/>\n\t<meta name=\"twitter:data1\" content=\"Gilmar Possati\" \/>\n\t<meta name=\"twitter:label2\" content=\"Est. tempo de leitura\" \/>\n\t<meta name=\"twitter:data2\" content=\"2 minutos\" \/>\n<script type=\"application\/ld+json\" class=\"yoast-schema-graph\">{\"@context\":\"https:\/\/schema.org\",\"@graph\":[{\"@type\":\"NewsArticle\",\"@id\":\"https:\/\/www.estrategiaconcursos.com.br\/blog\/reta-final-ibama-analista-administrativo\/#article\",\"isPartOf\":{\"@id\":\"https:\/\/www.estrategiaconcursos.com.br\/blog\/reta-final-ibama-analista-administrativo\/\"},\"author\":{\"name\":\"Gilmar Possati\",\"@id\":\"https:\/\/www.estrategiaconcursos.com.br\/blog\/#\/schema\/person\/9660a35d48e0e0be2d64dd4af75e4bc0\"},\"headline\":\"Reta Final IBAMA &#8211; Analista Administrativo \u2013 P\u00f3s-Edital\",\"datePublished\":\"2021-12-02T17:57:00+00:00\",\"mainEntityOfPage\":{\"@id\":\"https:\/\/www.estrategiaconcursos.com.br\/blog\/reta-final-ibama-analista-administrativo\/\"},\"wordCount\":265,\"commentCount\":0,\"publisher\":{\"@id\":\"https:\/\/www.estrategiaconcursos.com.br\/blog\/#organization\"},\"image\":{\"@id\":\"https:\/\/www.estrategiaconcursos.com.br\/blog\/reta-final-ibama-analista-administrativo\/#primaryimage\"},\"thumbnailUrl\":\"https:\/\/dhg1h5j42swfq.cloudfront.net\/2021\/05\/04154828\/ibama.jpg\",\"articleSection\":[\"Executivo (Administrativa)\",\"\u00daltimas not\u00edcias\"],\"inLanguage\":\"pt-BR\",\"potentialAction\":[{\"@type\":\"CommentAction\",\"name\":\"Comment\",\"target\":[\"https:\/\/www.estrategiaconcursos.com.br\/blog\/reta-final-ibama-analista-administrativo\/#respond\"]}],\"copyrightYear\":\"2021\",\"copyrightHolder\":{\"@id\":\"https:\/\/www.estrategiaconcursos.com.br\/blog\/#organization\"}},{\"@type\":\"WebPage\",\"@id\":\"https:\/\/www.estrategiaconcursos.com.br\/blog\/reta-final-ibama-analista-administrativo\/\",\"url\":\"https:\/\/www.estrategiaconcursos.com.br\/blog\/reta-final-ibama-analista-administrativo\/\",\"name\":\"Reta Final IBAMA - Analista Administrativo \u2013 P\u00f3s-Edital\",\"isPartOf\":{\"@id\":\"https:\/\/www.estrategiaconcursos.com.br\/blog\/#website\"},\"primaryImageOfPage\":{\"@id\":\"https:\/\/www.estrategiaconcursos.com.br\/blog\/reta-final-ibama-analista-administrativo\/#primaryimage\"},\"image\":{\"@id\":\"https:\/\/www.estrategiaconcursos.com.br\/blog\/reta-final-ibama-analista-administrativo\/#primaryimage\"},\"thumbnailUrl\":\"https:\/\/dhg1h5j42swfq.cloudfront.net\/2021\/05\/04154828\/ibama.jpg\",\"datePublished\":\"2021-12-02T17:57:00+00:00\",\"description\":\"Os professores do Estrat\u00e9gia ministram evento para a Reta Final do IBAMA. De segunda \u00e0 sexta, a partir das 8h30, no canal do YouTube.\",\"breadcrumb\":{\"@id\":\"https:\/\/www.estrategiaconcursos.com.br\/blog\/reta-final-ibama-analista-administrativo\/#breadcrumb\"},\"inLanguage\":\"pt-BR\",\"potentialAction\":[{\"@type\":\"ReadAction\",\"target\":[\"https:\/\/www.estrategiaconcursos.com.br\/blog\/reta-final-ibama-analista-administrativo\/\"]}]},{\"@type\":\"ImageObject\",\"inLanguage\":\"pt-BR\",\"@id\":\"https:\/\/www.estrategiaconcursos.com.br\/blog\/reta-final-ibama-analista-administrativo\/#primaryimage\",\"url\":\"https:\/\/dhg1h5j42swfq.cloudfront.net\/2021\/05\/04154828\/ibama.jpg\",\"contentUrl\":\"https:\/\/dhg1h5j42swfq.cloudfront.net\/2021\/05\/04154828\/ibama.jpg\",\"width\":768,\"height\":432,\"caption\":\"Concurso do IBAMA!\"},{\"@type\":\"BreadcrumbList\",\"@id\":\"https:\/\/www.estrategiaconcursos.com.br\/blog\/reta-final-ibama-analista-administrativo\/#breadcrumb\",\"itemListElement\":[{\"@type\":\"ListItem\",\"position\":1,\"name\":\"In\u00edcio\",\"item\":\"https:\/\/www.estrategiaconcursos.com.br\/blog\/\"},{\"@type\":\"ListItem\",\"position\":2,\"name\":\"Reta Final IBAMA &#8211; Analista Administrativo \u2013 P\u00f3s-Edital\"}]},{\"@type\":\"WebSite\",\"@id\":\"https:\/\/www.estrategiaconcursos.com.br\/blog\/#website\",\"url\":\"https:\/\/www.estrategiaconcursos.com.br\/blog\/\",\"name\":\"Estrat\u00e9gia Concursos\",\"description\":\"O blog da Estrat\u00e9gia Concursos traz not\u00edcias sobre concursos e artigos de professores oferecendo cursos para concursos (pdf + videaulas) no site.\",\"publisher\":{\"@id\":\"https:\/\/www.estrategiaconcursos.com.br\/blog\/#organization\"},\"potentialAction\":[{\"@type\":\"SearchAction\",\"target\":{\"@type\":\"EntryPoint\",\"urlTemplate\":\"https:\/\/www.estrategiaconcursos.com.br\/blog\/?s={search_term_string}\"},\"query-input\":{\"@type\":\"PropertyValueSpecification\",\"valueRequired\":true,\"valueName\":\"search_term_string\"}}],\"inLanguage\":\"pt-BR\"},{\"@type\":\"Organization\",\"@id\":\"https:\/\/www.estrategiaconcursos.com.br\/blog\/#organization\",\"name\":\"Estrat\u00e9gia Concursos\",\"url\":\"https:\/\/www.estrategiaconcursos.com.br\/blog\/\",\"logo\":{\"@type\":\"ImageObject\",\"inLanguage\":\"pt-BR\",\"@id\":\"https:\/\/www.estrategiaconcursos.com.br\/blog\/#\/schema\/logo\/image\/\",\"url\":\"https:\/\/dhg1h5j42swfq.cloudfront.net\/2025\/06\/03203428\/logo_concursos-1.jpg\",\"contentUrl\":\"https:\/\/dhg1h5j42swfq.cloudfront.net\/2025\/06\/03203428\/logo_concursos-1.jpg\",\"width\":230,\"height\":60,\"caption\":\"Estrat\u00e9gia Concursos\"},\"image\":{\"@id\":\"https:\/\/www.estrategiaconcursos.com.br\/blog\/#\/schema\/logo\/image\/\"},\"sameAs\":[\"https:\/\/x.com\/EstratConcursos\"]},{\"@type\":\"Person\",\"@id\":\"https:\/\/www.estrategiaconcursos.com.br\/blog\/#\/schema\/person\/9660a35d48e0e0be2d64dd4af75e4bc0\",\"name\":\"Gilmar Possati\",\"image\":{\"@type\":\"ImageObject\",\"inLanguage\":\"pt-BR\",\"@id\":\"https:\/\/secure.gravatar.com\/avatar\/e9ab3ac77ba7f458bfef2113ea7deb36e4cbb955307f2f888d0dac0cafa0e752?s=96&d=mm&r=g\",\"url\":\"https:\/\/secure.gravatar.com\/avatar\/e9ab3ac77ba7f458bfef2113ea7deb36e4cbb955307f2f888d0dac0cafa0e752?s=96&d=mm&r=g\",\"contentUrl\":\"https:\/\/secure.gravatar.com\/avatar\/e9ab3ac77ba7f458bfef2113ea7deb36e4cbb955307f2f888d0dac0cafa0e752?s=96&d=mm&r=g\",\"caption\":\"Gilmar Possati\"},\"url\":\"https:\/\/www.estrategiaconcursos.com.br\/blog\/author\/gilmarpossatiestrategiaconcursos-com-br\/\"}]}<\/script>\n<!-- \/ Yoast SEO Premium plugin. -->","yoast_head_json":{"title":"Reta Final IBAMA - Analista Administrativo \u2013 P\u00f3s-Edital","description":"Os professores do Estrat\u00e9gia ministram evento para a Reta Final do IBAMA. De segunda \u00e0 sexta, a partir das 8h30, no canal do YouTube.","robots":{"index":"index","follow":"follow","max-snippet":"max-snippet:-1","max-image-preview":"max-image-preview:large","max-video-preview":"max-video-preview:-1"},"canonical":"https:\/\/www.estrategiaconcursos.com.br\/blog\/reta-final-ibama-analista-administrativo\/","og_locale":"pt_BR","og_type":"article","og_title":"Reta Final IBAMA - Analista Administrativo \u2013 P\u00f3s-Edital","og_description":"Os professores do Estrat\u00e9gia ministram evento para a Reta Final do IBAMA. De segunda \u00e0 sexta, a partir das 8h30, no canal do YouTube.","og_url":"https:\/\/www.estrategiaconcursos.com.br\/blog\/reta-final-ibama-analista-administrativo\/","og_site_name":"Estrat\u00e9gia Concursos","article_published_time":"2021-12-02T17:57:00+00:00","og_image":[{"width":768,"height":432,"url":"https:\/\/dhg1h5j42swfq.cloudfront.net\/2021\/05\/04154828\/ibama.jpg","type":"image\/jpeg"}],"author":"Gilmar Possati","twitter_card":"summary_large_image","twitter_creator":"@EstratConcursos","twitter_site":"@EstratConcursos","twitter_misc":{"Escrito por":"Gilmar Possati","Est. tempo de leitura":"2 minutos"},"schema":{"@context":"https:\/\/schema.org","@graph":[{"@type":"NewsArticle","@id":"https:\/\/www.estrategiaconcursos.com.br\/blog\/reta-final-ibama-analista-administrativo\/#article","isPartOf":{"@id":"https:\/\/www.estrategiaconcursos.com.br\/blog\/reta-final-ibama-analista-administrativo\/"},"author":{"name":"Gilmar Possati","@id":"https:\/\/www.estrategiaconcursos.com.br\/blog\/#\/schema\/person\/9660a35d48e0e0be2d64dd4af75e4bc0"},"headline":"Reta Final IBAMA &#8211; Analista Administrativo \u2013 P\u00f3s-Edital","datePublished":"2021-12-02T17:57:00+00:00","mainEntityOfPage":{"@id":"https:\/\/www.estrategiaconcursos.com.br\/blog\/reta-final-ibama-analista-administrativo\/"},"wordCount":265,"commentCount":0,"publisher":{"@id":"https:\/\/www.estrategiaconcursos.com.br\/blog\/#organization"},"image":{"@id":"https:\/\/www.estrategiaconcursos.com.br\/blog\/reta-final-ibama-analista-administrativo\/#primaryimage"},"thumbnailUrl":"https:\/\/dhg1h5j42swfq.cloudfront.net\/2021\/05\/04154828\/ibama.jpg","articleSection":["Executivo (Administrativa)","\u00daltimas not\u00edcias"],"inLanguage":"pt-BR","potentialAction":[{"@type":"CommentAction","name":"Comment","target":["https:\/\/www.estrategiaconcursos.com.br\/blog\/reta-final-ibama-analista-administrativo\/#respond"]}],"copyrightYear":"2021","copyrightHolder":{"@id":"https:\/\/www.estrategiaconcursos.com.br\/blog\/#organization"}},{"@type":"WebPage","@id":"https:\/\/www.estrategiaconcursos.com.br\/blog\/reta-final-ibama-analista-administrativo\/","url":"https:\/\/www.estrategiaconcursos.com.br\/blog\/reta-final-ibama-analista-administrativo\/","name":"Reta Final IBAMA - Analista Administrativo \u2013 P\u00f3s-Edital","isPartOf":{"@id":"https:\/\/www.estrategiaconcursos.com.br\/blog\/#website"},"primaryImageOfPage":{"@id":"https:\/\/www.estrategiaconcursos.com.br\/blog\/reta-final-ibama-analista-administrativo\/#primaryimage"},"image":{"@id":"https:\/\/www.estrategiaconcursos.com.br\/blog\/reta-final-ibama-analista-administrativo\/#primaryimage"},"thumbnailUrl":"https:\/\/dhg1h5j42swfq.cloudfront.net\/2021\/05\/04154828\/ibama.jpg","datePublished":"2021-12-02T17:57:00+00:00","description":"Os professores do Estrat\u00e9gia ministram evento para a Reta Final do IBAMA. De segunda \u00e0 sexta, a partir das 8h30, no canal do YouTube.","breadcrumb":{"@id":"https:\/\/www.estrategiaconcursos.com.br\/blog\/reta-final-ibama-analista-administrativo\/#breadcrumb"},"inLanguage":"pt-BR","potentialAction":[{"@type":"ReadAction","target":["https:\/\/www.estrategiaconcursos.com.br\/blog\/reta-final-ibama-analista-administrativo\/"]}]},{"@type":"ImageObject","inLanguage":"pt-BR","@id":"https:\/\/www.estrategiaconcursos.com.br\/blog\/reta-final-ibama-analista-administrativo\/#primaryimage","url":"https:\/\/dhg1h5j42swfq.cloudfront.net\/2021\/05\/04154828\/ibama.jpg","contentUrl":"https:\/\/dhg1h5j42swfq.cloudfront.net\/2021\/05\/04154828\/ibama.jpg","width":768,"height":432,"caption":"Concurso do IBAMA!"},{"@type":"BreadcrumbList","@id":"https:\/\/www.estrategiaconcursos.com.br\/blog\/reta-final-ibama-analista-administrativo\/#breadcrumb","itemListElement":[{"@type":"ListItem","position":1,"name":"In\u00edcio","item":"https:\/\/www.estrategiaconcursos.com.br\/blog\/"},{"@type":"ListItem","position":2,"name":"Reta Final IBAMA &#8211; Analista Administrativo \u2013 P\u00f3s-Edital"}]},{"@type":"WebSite","@id":"https:\/\/www.estrategiaconcursos.com.br\/blog\/#website","url":"https:\/\/www.estrategiaconcursos.com.br\/blog\/","name":"Estrat\u00e9gia Concursos","description":"O blog da Estrat\u00e9gia Concursos traz not\u00edcias sobre concursos e artigos de professores oferecendo cursos para concursos (pdf + videaulas) no site.","publisher":{"@id":"https:\/\/www.estrategiaconcursos.com.br\/blog\/#organization"},"potentialAction":[{"@type":"SearchAction","target":{"@type":"EntryPoint","urlTemplate":"https:\/\/www.estrategiaconcursos.com.br\/blog\/?s={search_term_string}"},"query-input":{"@type":"PropertyValueSpecification","valueRequired":true,"valueName":"search_term_string"}}],"inLanguage":"pt-BR"},{"@type":"Organization","@id":"https:\/\/www.estrategiaconcursos.com.br\/blog\/#organization","name":"Estrat\u00e9gia Concursos","url":"https:\/\/www.estrategiaconcursos.com.br\/blog\/","logo":{"@type":"ImageObject","inLanguage":"pt-BR","@id":"https:\/\/www.estrategiaconcursos.com.br\/blog\/#\/schema\/logo\/image\/","url":"https:\/\/dhg1h5j42swfq.cloudfront.net\/2025\/06\/03203428\/logo_concursos-1.jpg","contentUrl":"https:\/\/dhg1h5j42swfq.cloudfront.net\/2025\/06\/03203428\/logo_concursos-1.jpg","width":230,"height":60,"caption":"Estrat\u00e9gia Concursos"},"image":{"@id":"https:\/\/www.estrategiaconcursos.com.br\/blog\/#\/schema\/logo\/image\/"},"sameAs":["https:\/\/x.com\/EstratConcursos"]},{"@type":"Person","@id":"https:\/\/www.estrategiaconcursos.com.br\/blog\/#\/schema\/person\/9660a35d48e0e0be2d64dd4af75e4bc0","name":"Gilmar Possati","image":{"@type":"ImageObject","inLanguage":"pt-BR","@id":"https:\/\/secure.gravatar.com\/avatar\/e9ab3ac77ba7f458bfef2113ea7deb36e4cbb955307f2f888d0dac0cafa0e752?s=96&d=mm&r=g","url":"https:\/\/secure.gravatar.com\/avatar\/e9ab3ac77ba7f458bfef2113ea7deb36e4cbb955307f2f888d0dac0cafa0e752?s=96&d=mm&r=g","contentUrl":"https:\/\/secure.gravatar.com\/avatar\/e9ab3ac77ba7f458bfef2113ea7deb36e4cbb955307f2f888d0dac0cafa0e752?s=96&d=mm&r=g","caption":"Gilmar Possati"},"url":"https:\/\/www.estrategiaconcursos.com.br\/blog\/author\/gilmarpossatiestrategiaconcursos-com-br\/"}]}},"_links":{"self":[{"href":"https:\/\/www.estrategiaconcursos.com.br\/blog\/wp-json\/wp\/v2\/posts\/920176","targetHints":{"allow":["GET"]}}],"collection":[{"href":"https:\/\/www.estrategiaconcursos.com.br\/blog\/wp-json\/wp\/v2\/posts"}],"about":[{"href":"https:\/\/www.estrategiaconcursos.com.br\/blog\/wp-json\/wp\/v2\/types\/post"}],"author":[{"embeddable":true,"href":"https:\/\/www.estrategiaconcursos.com.br\/blog\/wp-json\/wp\/v2\/users\/147"}],"replies":[{"embeddable":true,"href":"https:\/\/www.estrategiaconcursos.com.br\/blog\/wp-json\/wp\/v2\/comments?post=920176"}],"version-history":[{"count":7,"href":"https:\/\/www.estrategiaconcursos.com.br\/blog\/wp-json\/wp\/v2\/posts\/920176\/revisions"}],"predecessor-version":[{"id":920727,"href":"https:\/\/www.estrategiaconcursos.com.br\/blog\/wp-json\/wp\/v2\/posts\/920176\/revisions\/920727"}],"wp:featuredmedia":[{"embeddable":true,"href":"https:\/\/www.estrategiaconcursos.com.br\/blog\/wp-json\/wp\/v2\/media\/731068"}],"wp:attachment":[{"href":"https:\/\/www.estrategiaconcursos.com.br\/blog\/wp-json\/wp\/v2\/media?parent=920176"}],"wp:term":[{"taxonomy":"category","embeddable":true,"href":"https:\/\/www.estrategiaconcursos.com.br\/blog\/wp-json\/wp\/v2\/categories?post=920176"},{"taxonomy":"post_tag","embeddable":true,"href":"https:\/\/www.estrategiaconcursos.com.br\/blog\/wp-json\/wp\/v2\/tags?post=920176"},{"taxonomy":"tax_estado","embeddable":true,"href":"https:\/\/www.estrategiaconcursos.com.br\/blog\/wp-json\/wp\/v2\/tax_estado?post=920176"}],"curies":[{"name":"wp","href":"https:\/\/api.w.org\/{rel}","templated":true}]}}