{"id":919208,"date":"2021-12-14T10:10:00","date_gmt":"2021-12-14T13:10:00","guid":{"rendered":"https:\/\/www.estrategiaconcursos.com.br\/blog\/?p=919208"},"modified":"2025-11-13T11:40:05","modified_gmt":"2025-11-13T14:40:05","slug":"edital-ibge-agente-coordenador","status":"publish","type":"post","link":"https:\/\/www.estrategiaconcursos.com.br\/blog\/edital-ibge-agente-coordenador\/","title":{"rendered":"Editais IBGE: publicados para 1.812 vagas!"},"content":{"rendered":"\n<p>Foram publicados os editais do <em><strong>processo seletivo IBGE<\/strong><\/em> para os cargos de Agente Censit\u00e1rio de Administra\u00e7\u00e3o e Inform\u00e1tica, 1.781 vagas e Coordenador Censit\u00e1rio de \u00c1rea, 31 vagas! <\/p>\n\n\n\n<p>Sob organiza\u00e7\u00e3o do <strong><a href=\"https:\/\/www.ibfc.org.br\/menus\/inscricoes_online\" target=\"_blank\" rel=\"noreferrer noopener\">IBFC<\/a><\/strong>, as inscri\u00e7\u00f5es podem ser feitas entre os dias 14 de dezembro de 2021 e 10 de janeiro de 2022. A taxa foi fixada em <strong>R$ 44,00 <\/strong>para Agente e <strong>R$ 66,00 <\/strong>para Coordenador.<\/p>\n\n\n\n<ul id=\"block-ee678516-e9d1-48bd-b327-7b9acd55f0fd\" class=\"has-white-color has-midnight-gradient-background has-text-color has-background wp-block-list\"><li><strong>IBGE &#8211; Instituto Brasileiro de Geografia e Estat\u00edstica<\/strong><\/li><li><strong>Status:<\/strong>&nbsp;Editais publicados<\/li><li><strong>Banca:&nbsp;<\/strong>IBFC<\/li><li><strong>Vagas:&nbsp;<\/strong>1.812 <\/li><li><strong>Sal\u00e1rio inicial:<\/strong>&nbsp;R$ 1.700,00 e R$ 3.677,27<\/li><li><strong>Editais: <\/strong><a href=\"https:\/\/dhg1h5j42swfq.cloudfront.net\/2021\/12\/14100636\/9674f48bad160d98f30fdb6f1400045c.pdf\" target=\"_blank\" rel=\"noreferrer noopener nofollow\">Edital Agente<\/a> | <a href=\"https:\/\/dhg1h5j42swfq.cloudfront.net\/2021\/12\/14100640\/fc1de7762bd54b74cb6c6ca63098690d.pdf\" target=\"_blank\" rel=\"noreferrer noopener nofollow\">Edital Coordenador<\/a><\/li><\/ul>\n\n\n\n<div id=\"boxes\" class=\"container\">\n<div class=\"row\">\n<div class=\"col-sm\">\n<div id=\"box-assinatura\" class=\"banner-adm\">\n<h3 class=\"titulo-assinatura\">Curso IBGE<\/h3>\n<p class=\"subtitulo-assinatura\">Conhe\u00e7a os cursos<\/p>\n<div class=\"box-botao\"><a class=\"btn-assinatura\" role=\"button\" href=\"https:\/\/www.estrategiaconcursos.com.br\/cursosPorConcurso\/ibge-204\/\" target=\"_blank\" rel=\"noopener noreferrer\">Conhe\u00e7a mais<\/a><\/div>\n<\/div>\n<\/div>\n<\/div>\n<\/div>\n\n\n\n<h2 class=\"wp-block-heading\" id=\"datas\">Principais datas edital IBGE<\/h2>\n\n\n\n<p class=\"has-background\" style=\"background-color:#e7f5fe\"><strong>Inscri\u00e7\u00f5es:<\/strong> 14\/12\/2021 a 10\/01\/2022<br \/><strong>Isen\u00e7\u00e3o da taxa: <\/strong>14\/12\/2021 a 10\/01\/2022 <strong><br \/>Pagamento da taxa: <\/strong>at\u00e9 11\/01\/2022<strong><br \/>Data da prova:<\/strong> 20\/02\/2022 (13h \u00e0s 17h)<\/p>\n\n\n\n<h2 class=\"wp-block-heading\">An\u00e1lise de edital IBGE<\/h2>\n\n\n\n<p>Participe da transmiss\u00e3o do evento &#8220;Processo Seletivo IBGE: An\u00e1lise de Edital com 1.812 vagas!&#8221;, hoje, a partir das 11h30, atrav\u00e9s do nosso canal no Youtube. <strong>AO VIVO e gratuitamente!!<\/strong><\/p>\n\n\n<figure class=\"wp-block-embed-youtube wp-block-embed is-type-video is-provider-youtube wp-embed-aspect-16-9 wp-has-aspect-ratio lyte-align aligncenter\"><div class=\"lyte-wrapper\" style=\"width:853px;max-width:100%;margin:5px;\"><div class=\"lyMe\" id=\"WYL_STlXvRZiPI0\"><div id=\"lyte_STlXvRZiPI0\" data-src=\"\/\/i.ytimg.com\/vi\/STlXvRZiPI0\/hqdefault.jpg\" class=\"pL\"><div class=\"tC\"><div class=\"tT\"><\/div><\/div><div class=\"play\"><\/div><div class=\"ctrl\"><div class=\"Lctrl\"><\/div><div class=\"Rctrl\"><\/div><\/div><\/div><noscript><a href=\"https:\/\/youtu.be\/STlXvRZiPI0\" rel=\"nofollow\"><img loading=\"lazy\" decoding=\"async\" src=\"https:\/\/i.ytimg.com\/vi\/STlXvRZiPI0\/0.jpg\" alt=\"YouTube video thumbnail\" width=\"853\" height=\"460\" \/><br \/>Assista a este v\u00eddeo no YouTube<\/a><\/noscript><\/div><\/div><div class=\"lL\" style=\"max-width:100%;width:853px;margin:5px;\"><\/div><figcaption><\/figcaption><\/figure>\n\n\n<h2 class=\"wp-block-heading\" id=\"vagas\">Distribui\u00e7\u00e3o das vagas edital IBGE<\/h2>\n\n\n\n<figure class=\"wp-block-table is-style-stripes\"><table class=\"has-background has-fixed-layout\" style=\"background-color:#e7f5fe\"><thead><tr><th class=\"has-text-align-center\" data-align=\"center\">Fun\u00e7\u00f5es<\/th><th class=\"has-text-align-center\" data-align=\"center\">Vagas<\/th><th class=\"has-text-align-center\" data-align=\"center\">Sal\u00e1rio<\/th><th class=\"has-text-align-center\" data-align=\"center\">Escolaridade<\/th><\/tr><\/thead><tbody><tr><td class=\"has-text-align-center\" data-align=\"center\"> Agente Censit\u00e1rio de Administra\u00e7\u00e3o e Inform\u00e1tica <\/td><td class=\"has-text-align-center\" data-align=\"center\">1.781<\/td><td class=\"has-text-align-center\" data-align=\"center\">R$ 1.700,00 (40h)<\/td><td class=\"has-text-align-center\" data-align=\"center\">Ensino m\u00e9dio<\/td><\/tr><tr><td class=\"has-text-align-center\" data-align=\"center\"> Coordenador Censit\u00e1rio de \u00c1rea <\/td><td class=\"has-text-align-center\" data-align=\"center\">31<\/td><td class=\"has-text-align-center\" data-align=\"center\">R$ 3.677,27 (40h) <\/td><td class=\"has-text-align-center\" data-align=\"center\">Ensino m\u00e9dio + CNH B<\/td><\/tr><\/tbody><\/table><\/figure>\n\n\n\n<p>O contratado far\u00e1 jus tamb\u00e9m ao aux\u00edlio alimenta\u00e7\u00e3o, aux\u00edlio transporte, aux\u00edlio pr\u00e9-escolar, f\u00e9rias e 13\u00ba proporcional.<\/p>\n\n\n\n<h2 class=\"wp-block-heading\" id=\"atribuicoes\">Edital IBGE: atribui\u00e7\u00f5es<\/h2>\n\n\n\n<h3 class=\"wp-block-heading\"><em>O que faz um Agente Censit\u00e1rio de Administra\u00e7\u00e3o e Inform\u00e1tica &#8211; ACAI?<\/em><\/h3>\n\n\n\n<ul class=\"wp-block-list\"><li>Adotar as provid\u00eancias relativas \u00e0 contrata\u00e7\u00e3o, prorroga\u00e7\u00e3o de contratos e desligamento de Recenseadores; <\/li><li>Colaborar na organiza\u00e7\u00e3o e na administra\u00e7\u00e3o dos Postos de Coleta de sua Coordena\u00e7\u00e3o de Sub\u00e1rea; <\/li><li>Auxiliar a Coordena\u00e7\u00e3o Estadual de Inform\u00e1tica no preparo, instala\u00e7\u00e3o e configura\u00e7\u00e3o de equipamentos de inform\u00e1tica, pontos de rede (dados e voz) hardwares e softwares nos Postos de Coleta e Sub\u00e1rea; <\/li><li>Subsidiar o coordenador de inform\u00e1tica, coordenador de recursos humanos, coordenador da sub\u00e1rea ou seu superior imediato, prestando suporte na instala\u00e7\u00e3o e manuten\u00e7\u00e3o da infraestrutura necess\u00e1ria ao funcionamento dos recursos de inform\u00e1tica;<\/li><li>Entre outras. <\/li><\/ul>\n\n\n\n<h3 class=\"wp-block-heading\" id=\"block-fa69bdaa-5197-41a0-a6c2-3235dc73b8cd\">O que faz um <em>Coordenador Censit\u00e1rio de \u00c1rea &#8211; CCA<\/em>?<\/h3>\n\n\n\n<ul class=\"wp-block-list\"><li>Responder por quest\u00f5es t\u00e9cnicas, administrativas e operacionais, conforme orienta\u00e7\u00f5es institucionais e de seu superior do quadro de pessoal efetivo do IBGE;<\/li><li>Acompanhar os trabalhos das equipes das coordena\u00e7\u00f5es nacionais e estaduais de supervis\u00e3o e implementar as orienta\u00e7\u00f5es recebidas; <\/li><li>Adotar as provid\u00eancias relativas \u00e0 contrata\u00e7\u00e3o, prorroga\u00e7\u00e3o de contratos e desligamento das fun\u00e7\u00f5es de Coordenador<\/li><li>Censit\u00e1rio de Sub\u00e1rea; <\/li><li>Observar rigorosamente as normas administrativas, as orienta\u00e7\u00f5es t\u00e9cnicas e os prazos estabelecidos;<\/li><li>Entre outras.<\/li><\/ul>\n\n\n\n<h2 class=\"wp-block-heading\">Etapas de avalia\u00e7\u00e3o<\/h2>\n\n\n\n<p>A Prova Objetiva, de car\u00e1ter eliminat\u00f3rio e classificat\u00f3rio, ser\u00e1 composta por 60 quest\u00f5es de m\u00faltipla escolha, com 05 alternativas cada.<\/p>\n\n\n\n<p><em><strong>Agente Censit\u00e1rio:<\/strong><\/em><\/p>\n\n\n\n<div class=\"wp-block-image\"><figure class=\"aligncenter size-full\"><img loading=\"lazy\" decoding=\"async\" width=\"494\" height=\"134\" src=\"https:\/\/dhg1h5j42swfq.cloudfront.net\/2021\/12\/14101340\/image-251.png\" alt=\"\" class=\"wp-image-928917\" srcset=\"https:\/\/dhg1h5j42swfq.cloudfront.net\/2021\/12\/14101340\/image-251.png 494w, https:\/\/dhg1h5j42swfq.cloudfront.net\/2021\/12\/14101340\/image-251-300x81.png 300w\" sizes=\"auto, (max-width: 494px) 100vw, 494px\" \/><\/figure><\/div>\n\n\n\n<p><strong><em>Coordenador Censit\u00e1rio de \u00c1rea:  <\/em><\/strong><\/p>\n\n\n\n<div class=\"wp-block-image\"><figure class=\"aligncenter size-full\"><img loading=\"lazy\" decoding=\"async\" width=\"494\" height=\"134\" src=\"https:\/\/dhg1h5j42swfq.cloudfront.net\/2021\/12\/14101457\/image-252.png\" alt=\"\" class=\"wp-image-928921\" srcset=\"https:\/\/dhg1h5j42swfq.cloudfront.net\/2021\/12\/14101457\/image-252.png 494w, https:\/\/dhg1h5j42swfq.cloudfront.net\/2021\/12\/14101457\/image-252-300x81.png 300w\" sizes=\"auto, (max-width: 494px) 100vw, 494px\" \/><\/figure><\/div>\n\n\n\n<p>Ser\u00e1 considerado aprovado na Prova Objetiva o candidato que, cumulativamente:<\/p>\n\n\n\n<ul class=\"wp-block-list\"><li><strong>a) <\/strong>acertar, no m\u00ednimo, 30% do total da prova; e<\/li><li><strong>b) <\/strong>acertar, no m\u00ednimo, 1 quest\u00e3o de cada disciplina.<\/li><\/ul>\n\n\n\n<h2 class=\"wp-block-heading\">Dura\u00e7\u00e3o dos contratos<\/h2>\n\n\n\n<p>Para <strong>Coordenador<\/strong>, a previs\u00e3o de dura\u00e7\u00e3o do contrato, \u00e9 de<strong> at\u00e9 7 meses<\/strong>, podendo ser prorrogado, com base nas necessidades de conclus\u00e3o das atividades do Censo Demogr\u00e1fico 2022 e na disponibilidade de recursos or\u00e7ament\u00e1rios.<\/p>\n\n\n\n<p>J\u00e1 para <strong>Agente<\/strong>, a previs\u00e3o \u00e9 de at\u00e9 5 meses, tamb\u00e9m podendo ser prorrogado conforme as necessidades de conclus\u00e3o do Censo 2022 e na disponibilidade de recursos or\u00e7ament\u00e1rios.<\/p>\n\n\n\n<p class=\"has-text-align-center has-luminous-vivid-amber-background-color has-background has-medium-font-size\"><strong>Mais informa\u00e7\u00f5es: <a href=\"https:\/\/www.estrategiaconcursos.com.br\/blog\/concurso-ibge-2\/\" target=\"_blank\" rel=\"noreferrer noopener\">concurso IBGE<\/a><\/strong><\/p>\n\n\n\n<hr class=\"wp-block-separator\" id=\"block-d7a8eae3-afaf-4488-aade-77cfb34c15d0\"\/>\n\n\n\n<h2 class=\"has-text-align-center wp-block-heading\" id=\"assinatura-e-cursos\"><strong>Quer estudar para o edital IBGE?<\/strong><\/h2>\n\n\n\n<div id=\"boxes\" class=\"container\">\n<div class=\"row\">\n<div class=\"col-sm\">\n<div id=\"box-assinatura\" class=\"banner-adm\">\n<h3 class=\"titulo-assinatura\">Curso IBGE<\/h3>\n<p class=\"subtitulo-assinatura\">Conhe\u00e7a os cursos<\/p>\n<div class=\"box-botao\"><a class=\"btn-assinatura\" role=\"button\" href=\"https:\/\/www.estrategiaconcursos.com.br\/cursosPorConcurso\/ibge-204\/\" target=\"_blank\" rel=\"noopener noreferrer\">Conhe\u00e7a mais<\/a><\/div>\n<\/div>\n<\/div>\n<\/div>\n<\/div>\n\n\n\n<div class=\"container\" id=\"boxes\">\n  <div class=\"row\">\n\n    <div class=\"col-sm\">\n      <div class=\"estrategia\" id=\"box-assinatura\">\n        <h3 class=\"titulo-assinatura\">Assinatura Concursos<\/h3>\n        <p class=\"subtitulo-assinatura\">Assinatura de 1 ano ou 2 anos<\/p>\n        <div class=\"box-botao\">\n          <a class=\"btn-assinatura\" target=\"_blank\" href=\"https:\/\/www.estrategiaconcursos.com.br\/assinaturas\/\" role=\"button\" rel=\"noopener noreferrer\">ASSINE AGORA<\/a>\n        <\/div>\n      <\/div><\/div><\/div><\/div>\n\n\n\n<h2 class=\"has-text-align-center wp-block-heading\" id=\"h-quer-saber-tudo-sobre-concursos-previstos-confira-nossos-artigos\">Quer saber tudo sobre concursos previstos?<br \/>Confira nossos artigos!<\/h2>\n\n\n\n<ul class=\"wp-block-list\"><li><a href=\"https:\/\/www.estrategiaconcursos.com.br\/blog\/concursos-abertos\/\" target=\"_blank\" rel=\"noreferrer noopener\">Concursos abertos<\/a><\/li><li><a href=\"https:\/\/www.estrategiaconcursos.com.br\/blog\/concursos-2021\/\" target=\"_blank\" rel=\"noreferrer noopener\">Concursos 2021<\/a><\/li><li><a href=\"https:\/\/www.estrategiaconcursos.com.br\/blog\/concursos-2022\/\" target=\"_blank\" rel=\"noreferrer noopener\">Concursos 2022<\/a><\/li><\/ul>\n\n\n\n<figure class=\"wp-block-image size-large is-resized\" id=\"block-33b353de-afbf-444f-850f-7ff67d98a3a0\"><img loading=\"lazy\" decoding=\"async\" src=\"https:\/\/dhg1h5j42swfq.cloudfront.net\/2020\/12\/27121704\/ficha-tecnica-1024x632.png\" alt=\"Ficha t\u00e9cnica concurso IBGE\" class=\"wp-image-702891\" width=\"254\" height=\"156\" srcset=\"https:\/\/dhg1h5j42swfq.cloudfront.net\/2020\/12\/27121704\/ficha-tecnica-1024x632.png 1024w, https:\/\/dhg1h5j42swfq.cloudfront.net\/2020\/12\/27121704\/ficha-tecnica-300x185.png 300w, https:\/\/dhg1h5j42swfq.cloudfront.net\/2020\/12\/27121704\/ficha-tecnica-768x474.png 768w, https:\/\/dhg1h5j42swfq.cloudfront.net\/2020\/12\/27121704\/ficha-tecnica-1536x948.png 1536w, https:\/\/dhg1h5j42swfq.cloudfront.net\/2020\/12\/27121704\/ficha-tecnica-610x377.png 610w, https:\/\/dhg1h5j42swfq.cloudfront.net\/2020\/12\/27121704\/ficha-tecnica.png 1571w\" sizes=\"auto, (max-width: 254px) 100vw, 254px\" \/><\/figure>\n\n\n\n<h3 class=\"wp-block-heading\" id=\"ficha-tecnica\"><strong>Informa\u00e7\u00f5es do edital IBGE<\/strong><\/h3>\n\n\n\n<ul class=\"wp-block-list\" id=\"block-8db68d8f-0115-4f20-833a-486bc61aa9d1\"><li><strong>Data da prova:<\/strong> 20\/02\/2022<\/li><li><strong>Vagas<\/strong>: 1.812<\/li><li><strong>Cargos<\/strong>: Agente Censit\u00e1rio de Administra\u00e7\u00e3o e Inform\u00e1tica e Coordenador Censit\u00e1rio da \u00c1rea<\/li><li><strong>Escolaridade: <\/strong>N\u00edvel m\u00e9dio<\/li><li><strong>Banca<\/strong>: IBFC&nbsp;<\/li><li><strong>Editais: <\/strong><a href=\"https:\/\/dhg1h5j42swfq.cloudfront.net\/2021\/12\/14100636\/9674f48bad160d98f30fdb6f1400045c.pdf\" target=\"_blank\" rel=\"noreferrer noopener nofollow\">Edital Agente<\/a> | <a href=\"https:\/\/dhg1h5j42swfq.cloudfront.net\/2021\/12\/14100640\/fc1de7762bd54b74cb6c6ca63098690d.pdf\" target=\"_blank\" rel=\"noreferrer noopener nofollow\">Edital Coordenador<\/a><\/li><\/ul>\n","protected":false},"excerpt":{"rendered":"<p>Foram publicados os editais do processo seletivo IBGE para os cargos de Agente Censit\u00e1rio de Administra\u00e7\u00e3o e Inform\u00e1tica, 1.781 vagas e Coordenador Censit\u00e1rio de \u00c1rea, 31 vagas! Sob organiza\u00e7\u00e3o do IBFC, as inscri\u00e7\u00f5es podem ser feitas entre os dias 14 de dezembro de 2021 e 10 de janeiro de 2022. A taxa foi fixada em [&hellip;]<\/p>\n","protected":false},"author":2018,"featured_media":865452,"comment_status":"open","ping_status":"closed","sticky":false,"template":"","format":"standard","meta":{"post_tipo":"news","footnotes":""},"categories":[214992,220219],"tags":[],"tax_estado":[219963],"class_list":["post-919208","post","type-post","status-publish","format-standard","has-post-thumbnail","hentry","category-concursos-administrativos","category-noticias","tax_estado-concursos-federais"],"acf":[],"yoast_head":"<!-- This site is optimized with the Yoast SEO Premium plugin v27.2 (Yoast SEO v27.2) - https:\/\/yoast.com\/product\/yoast-seo-premium-wordpress\/ -->\n<title>Editais IBGE: publicados para 1.812 vagas!<\/title>\n<meta name=\"description\" content=\"Foi publicado o extrato de edital do concurso IBGE para Agente Censit\u00e1rio de Administra\u00e7\u00e3o e Inform\u00e1tica e Coordenador Censit\u00e1rio da \u00c1rea.\" \/>\n<meta name=\"robots\" content=\"index, follow, max-snippet:-1, max-image-preview:large, max-video-preview:-1\" \/>\n<link rel=\"canonical\" href=\"https:\/\/www.estrategiaconcursos.com.br\/blog\/edital-ibge-agente-coordenador\/\" \/>\n<meta property=\"og:locale\" content=\"pt_BR\" \/>\n<meta property=\"og:type\" content=\"article\" \/>\n<meta property=\"og:title\" content=\"Editais IBGE: publicados para 1.812 vagas!\" \/>\n<meta property=\"og:description\" content=\"Foi publicado o extrato de edital do concurso IBGE para Agente Censit\u00e1rio de Administra\u00e7\u00e3o e Inform\u00e1tica e Coordenador Censit\u00e1rio da \u00c1rea.\" \/>\n<meta property=\"og:url\" content=\"https:\/\/www.estrategiaconcursos.com.br\/blog\/edital-ibge-agente-coordenador\/\" \/>\n<meta property=\"og:site_name\" content=\"Estrat\u00e9gia Concursos\" \/>\n<meta property=\"article:published_time\" content=\"2021-12-14T13:10:00+00:00\" \/>\n<meta property=\"article:modified_time\" content=\"2025-11-13T14:40:05+00:00\" \/>\n<meta property=\"og:image\" content=\"https:\/\/dhg1h5j42swfq.cloudfront.net\/2021\/09\/20152411\/saiu-edital-1-2-4.jpg\" \/>\n\t<meta property=\"og:image:width\" content=\"1200\" \/>\n\t<meta property=\"og:image:height\" content=\"628\" \/>\n\t<meta property=\"og:image:type\" content=\"image\/jpeg\" \/>\n<meta name=\"author\" content=\"B\u00e1rbara Carvalho Santos\" \/>\n<meta name=\"twitter:card\" content=\"summary_large_image\" \/>\n<meta name=\"twitter:creator\" content=\"@EstratConcursos\" \/>\n<meta name=\"twitter:site\" content=\"@EstratConcursos\" \/>\n<meta name=\"twitter:label1\" content=\"Escrito por\" \/>\n\t<meta name=\"twitter:data1\" content=\"B\u00e1rbara Carvalho Santos\" \/>\n\t<meta name=\"twitter:label2\" content=\"Est. tempo de leitura\" \/>\n\t<meta name=\"twitter:data2\" content=\"4 minutos\" \/>\n<script type=\"application\/ld+json\" class=\"yoast-schema-graph\">{\"@context\":\"https:\/\/schema.org\",\"@graph\":[{\"@type\":\"NewsArticle\",\"@id\":\"https:\/\/www.estrategiaconcursos.com.br\/blog\/edital-ibge-agente-coordenador\/#article\",\"isPartOf\":{\"@id\":\"https:\/\/www.estrategiaconcursos.com.br\/blog\/edital-ibge-agente-coordenador\/\"},\"author\":{\"name\":\"B\u00e1rbara Carvalho Santos\",\"@id\":\"https:\/\/www.estrategiaconcursos.com.br\/blog\/#\/schema\/person\/e3882259fa157d54c44c21f4ee4e0e60\"},\"headline\":\"Editais IBGE: publicados para 1.812 vagas!\",\"datePublished\":\"2021-12-14T13:10:00+00:00\",\"dateModified\":\"2025-11-13T14:40:05+00:00\",\"mainEntityOfPage\":{\"@id\":\"https:\/\/www.estrategiaconcursos.com.br\/blog\/edital-ibge-agente-coordenador\/\"},\"wordCount\":669,\"commentCount\":0,\"publisher\":{\"@id\":\"https:\/\/www.estrategiaconcursos.com.br\/blog\/#organization\"},\"image\":{\"@id\":\"https:\/\/www.estrategiaconcursos.com.br\/blog\/edital-ibge-agente-coordenador\/#primaryimage\"},\"thumbnailUrl\":\"https:\/\/dhg1h5j42swfq.cloudfront.net\/2021\/09\/20152411\/saiu-edital-1-2-4.jpg\",\"articleSection\":[\"Executivo (Administrativa)\",\"\u00daltimas not\u00edcias\"],\"inLanguage\":\"pt-BR\",\"potentialAction\":[{\"@type\":\"CommentAction\",\"name\":\"Comment\",\"target\":[\"https:\/\/www.estrategiaconcursos.com.br\/blog\/edital-ibge-agente-coordenador\/#respond\"]}],\"copyrightYear\":\"2021\",\"copyrightHolder\":{\"@id\":\"https:\/\/www.estrategiaconcursos.com.br\/blog\/#organization\"}},{\"@type\":\"WebPage\",\"@id\":\"https:\/\/www.estrategiaconcursos.com.br\/blog\/edital-ibge-agente-coordenador\/\",\"url\":\"https:\/\/www.estrategiaconcursos.com.br\/blog\/edital-ibge-agente-coordenador\/\",\"name\":\"Editais IBGE: publicados para 1.812 vagas!\",\"isPartOf\":{\"@id\":\"https:\/\/www.estrategiaconcursos.com.br\/blog\/#website\"},\"primaryImageOfPage\":{\"@id\":\"https:\/\/www.estrategiaconcursos.com.br\/blog\/edital-ibge-agente-coordenador\/#primaryimage\"},\"image\":{\"@id\":\"https:\/\/www.estrategiaconcursos.com.br\/blog\/edital-ibge-agente-coordenador\/#primaryimage\"},\"thumbnailUrl\":\"https:\/\/dhg1h5j42swfq.cloudfront.net\/2021\/09\/20152411\/saiu-edital-1-2-4.jpg\",\"datePublished\":\"2021-12-14T13:10:00+00:00\",\"dateModified\":\"2025-11-13T14:40:05+00:00\",\"description\":\"Foi publicado o extrato de edital do concurso IBGE para Agente Censit\u00e1rio de Administra\u00e7\u00e3o e Inform\u00e1tica e Coordenador Censit\u00e1rio da \u00c1rea.\",\"breadcrumb\":{\"@id\":\"https:\/\/www.estrategiaconcursos.com.br\/blog\/edital-ibge-agente-coordenador\/#breadcrumb\"},\"inLanguage\":\"pt-BR\",\"potentialAction\":[{\"@type\":\"ReadAction\",\"target\":[\"https:\/\/www.estrategiaconcursos.com.br\/blog\/edital-ibge-agente-coordenador\/\"]}]},{\"@type\":\"ImageObject\",\"inLanguage\":\"pt-BR\",\"@id\":\"https:\/\/www.estrategiaconcursos.com.br\/blog\/edital-ibge-agente-coordenador\/#primaryimage\",\"url\":\"https:\/\/dhg1h5j42swfq.cloudfront.net\/2021\/09\/20152411\/saiu-edital-1-2-4.jpg\",\"contentUrl\":\"https:\/\/dhg1h5j42swfq.cloudfront.net\/2021\/09\/20152411\/saiu-edital-1-2-4.jpg\",\"width\":1200,\"height\":628,\"caption\":\"concurso educa\u00e7\u00e3o mongagu\u00e1\"},{\"@type\":\"BreadcrumbList\",\"@id\":\"https:\/\/www.estrategiaconcursos.com.br\/blog\/edital-ibge-agente-coordenador\/#breadcrumb\",\"itemListElement\":[{\"@type\":\"ListItem\",\"position\":1,\"name\":\"In\u00edcio\",\"item\":\"https:\/\/www.estrategiaconcursos.com.br\/blog\/\"},{\"@type\":\"ListItem\",\"position\":2,\"name\":\"Editais IBGE: publicados para 1.812 vagas!\"}]},{\"@type\":\"WebSite\",\"@id\":\"https:\/\/www.estrategiaconcursos.com.br\/blog\/#website\",\"url\":\"https:\/\/www.estrategiaconcursos.com.br\/blog\/\",\"name\":\"Estrat\u00e9gia Concursos\",\"description\":\"O blog da Estrat\u00e9gia Concursos traz not\u00edcias sobre concursos e artigos de professores oferecendo cursos para concursos (pdf + videaulas) no site.\",\"publisher\":{\"@id\":\"https:\/\/www.estrategiaconcursos.com.br\/blog\/#organization\"},\"potentialAction\":[{\"@type\":\"SearchAction\",\"target\":{\"@type\":\"EntryPoint\",\"urlTemplate\":\"https:\/\/www.estrategiaconcursos.com.br\/blog\/?s={search_term_string}\"},\"query-input\":{\"@type\":\"PropertyValueSpecification\",\"valueRequired\":true,\"valueName\":\"search_term_string\"}}],\"inLanguage\":\"pt-BR\"},{\"@type\":\"Organization\",\"@id\":\"https:\/\/www.estrategiaconcursos.com.br\/blog\/#organization\",\"name\":\"Estrat\u00e9gia Concursos\",\"url\":\"https:\/\/www.estrategiaconcursos.com.br\/blog\/\",\"logo\":{\"@type\":\"ImageObject\",\"inLanguage\":\"pt-BR\",\"@id\":\"https:\/\/www.estrategiaconcursos.com.br\/blog\/#\/schema\/logo\/image\/\",\"url\":\"https:\/\/dhg1h5j42swfq.cloudfront.net\/2025\/06\/03203428\/logo_concursos-1.jpg\",\"contentUrl\":\"https:\/\/dhg1h5j42swfq.cloudfront.net\/2025\/06\/03203428\/logo_concursos-1.jpg\",\"width\":230,\"height\":60,\"caption\":\"Estrat\u00e9gia Concursos\"},\"image\":{\"@id\":\"https:\/\/www.estrategiaconcursos.com.br\/blog\/#\/schema\/logo\/image\/\"},\"sameAs\":[\"https:\/\/x.com\/EstratConcursos\"]},{\"@type\":\"Person\",\"@id\":\"https:\/\/www.estrategiaconcursos.com.br\/blog\/#\/schema\/person\/e3882259fa157d54c44c21f4ee4e0e60\",\"name\":\"B\u00e1rbara Carvalho Santos\",\"image\":{\"@type\":\"ImageObject\",\"inLanguage\":\"pt-BR\",\"@id\":\"https:\/\/secure.gravatar.com\/avatar\/353300f73140f779692b9be2b39f434d1341e4e34c7f55bd5a990fe29ef352eb?s=96&d=mm&r=g\",\"url\":\"https:\/\/secure.gravatar.com\/avatar\/353300f73140f779692b9be2b39f434d1341e4e34c7f55bd5a990fe29ef352eb?s=96&d=mm&r=g\",\"contentUrl\":\"https:\/\/secure.gravatar.com\/avatar\/353300f73140f779692b9be2b39f434d1341e4e34c7f55bd5a990fe29ef352eb?s=96&d=mm&r=g\",\"caption\":\"B\u00e1rbara Carvalho Santos\"},\"description\":\"M\u00e3e e jornalista formada pela UNIP, possui ampla experi\u00eancia na cobertura de entretenimento em grandes ve\u00edculos, como o site da CNN, RedeTV! e Estrat\u00e9gia Educacional. Atuou tamb\u00e9m em ag\u00eancias de marketing, produtoras musicais e assessorias de imprensa, com foco especial no trabalho com personalidades p\u00fablicas. Atualmente, integra a equipe do Estrat\u00e9gia Concursos, onde \u00e9 respons\u00e1vel pela produ\u00e7\u00e3o de conte\u00fados estrat\u00e9gicos voltados para o setor de concursos p\u00fablicos, com destaque para a \u00e1rea fiscal, gest\u00e3o, controle, concursos administrativos e Minist\u00e9rios participantes do CNU, al\u00e9m de diversos \u00f3rg\u00e3os federais. Tem como miss\u00e3o transformar informa\u00e7\u00f5es complexas em conte\u00fados acess\u00edveis, relevantes e de alto valor para quem sonha com uma carreira no servi\u00e7o p\u00fablico.\",\"url\":\"https:\/\/www.estrategiaconcursos.com.br\/blog\/author\/barbara-santos\/\"}]}<\/script>\n<!-- \/ Yoast SEO Premium plugin. -->","yoast_head_json":{"title":"Editais IBGE: publicados para 1.812 vagas!","description":"Foi publicado o extrato de edital do concurso IBGE para Agente Censit\u00e1rio de Administra\u00e7\u00e3o e Inform\u00e1tica e Coordenador Censit\u00e1rio da \u00c1rea.","robots":{"index":"index","follow":"follow","max-snippet":"max-snippet:-1","max-image-preview":"max-image-preview:large","max-video-preview":"max-video-preview:-1"},"canonical":"https:\/\/www.estrategiaconcursos.com.br\/blog\/edital-ibge-agente-coordenador\/","og_locale":"pt_BR","og_type":"article","og_title":"Editais IBGE: publicados para 1.812 vagas!","og_description":"Foi publicado o extrato de edital do concurso IBGE para Agente Censit\u00e1rio de Administra\u00e7\u00e3o e Inform\u00e1tica e Coordenador Censit\u00e1rio da \u00c1rea.","og_url":"https:\/\/www.estrategiaconcursos.com.br\/blog\/edital-ibge-agente-coordenador\/","og_site_name":"Estrat\u00e9gia Concursos","article_published_time":"2021-12-14T13:10:00+00:00","article_modified_time":"2025-11-13T14:40:05+00:00","og_image":[{"width":1200,"height":628,"url":"https:\/\/dhg1h5j42swfq.cloudfront.net\/2021\/09\/20152411\/saiu-edital-1-2-4.jpg","type":"image\/jpeg"}],"author":"B\u00e1rbara Carvalho Santos","twitter_card":"summary_large_image","twitter_creator":"@EstratConcursos","twitter_site":"@EstratConcursos","twitter_misc":{"Escrito por":"B\u00e1rbara Carvalho Santos","Est. tempo de leitura":"4 minutos"},"schema":{"@context":"https:\/\/schema.org","@graph":[{"@type":"NewsArticle","@id":"https:\/\/www.estrategiaconcursos.com.br\/blog\/edital-ibge-agente-coordenador\/#article","isPartOf":{"@id":"https:\/\/www.estrategiaconcursos.com.br\/blog\/edital-ibge-agente-coordenador\/"},"author":{"name":"B\u00e1rbara Carvalho Santos","@id":"https:\/\/www.estrategiaconcursos.com.br\/blog\/#\/schema\/person\/e3882259fa157d54c44c21f4ee4e0e60"},"headline":"Editais IBGE: publicados para 1.812 vagas!","datePublished":"2021-12-14T13:10:00+00:00","dateModified":"2025-11-13T14:40:05+00:00","mainEntityOfPage":{"@id":"https:\/\/www.estrategiaconcursos.com.br\/blog\/edital-ibge-agente-coordenador\/"},"wordCount":669,"commentCount":0,"publisher":{"@id":"https:\/\/www.estrategiaconcursos.com.br\/blog\/#organization"},"image":{"@id":"https:\/\/www.estrategiaconcursos.com.br\/blog\/edital-ibge-agente-coordenador\/#primaryimage"},"thumbnailUrl":"https:\/\/dhg1h5j42swfq.cloudfront.net\/2021\/09\/20152411\/saiu-edital-1-2-4.jpg","articleSection":["Executivo (Administrativa)","\u00daltimas not\u00edcias"],"inLanguage":"pt-BR","potentialAction":[{"@type":"CommentAction","name":"Comment","target":["https:\/\/www.estrategiaconcursos.com.br\/blog\/edital-ibge-agente-coordenador\/#respond"]}],"copyrightYear":"2021","copyrightHolder":{"@id":"https:\/\/www.estrategiaconcursos.com.br\/blog\/#organization"}},{"@type":"WebPage","@id":"https:\/\/www.estrategiaconcursos.com.br\/blog\/edital-ibge-agente-coordenador\/","url":"https:\/\/www.estrategiaconcursos.com.br\/blog\/edital-ibge-agente-coordenador\/","name":"Editais IBGE: publicados para 1.812 vagas!","isPartOf":{"@id":"https:\/\/www.estrategiaconcursos.com.br\/blog\/#website"},"primaryImageOfPage":{"@id":"https:\/\/www.estrategiaconcursos.com.br\/blog\/edital-ibge-agente-coordenador\/#primaryimage"},"image":{"@id":"https:\/\/www.estrategiaconcursos.com.br\/blog\/edital-ibge-agente-coordenador\/#primaryimage"},"thumbnailUrl":"https:\/\/dhg1h5j42swfq.cloudfront.net\/2021\/09\/20152411\/saiu-edital-1-2-4.jpg","datePublished":"2021-12-14T13:10:00+00:00","dateModified":"2025-11-13T14:40:05+00:00","description":"Foi publicado o extrato de edital do concurso IBGE para Agente Censit\u00e1rio de Administra\u00e7\u00e3o e Inform\u00e1tica e Coordenador Censit\u00e1rio da \u00c1rea.","breadcrumb":{"@id":"https:\/\/www.estrategiaconcursos.com.br\/blog\/edital-ibge-agente-coordenador\/#breadcrumb"},"inLanguage":"pt-BR","potentialAction":[{"@type":"ReadAction","target":["https:\/\/www.estrategiaconcursos.com.br\/blog\/edital-ibge-agente-coordenador\/"]}]},{"@type":"ImageObject","inLanguage":"pt-BR","@id":"https:\/\/www.estrategiaconcursos.com.br\/blog\/edital-ibge-agente-coordenador\/#primaryimage","url":"https:\/\/dhg1h5j42swfq.cloudfront.net\/2021\/09\/20152411\/saiu-edital-1-2-4.jpg","contentUrl":"https:\/\/dhg1h5j42swfq.cloudfront.net\/2021\/09\/20152411\/saiu-edital-1-2-4.jpg","width":1200,"height":628,"caption":"concurso educa\u00e7\u00e3o mongagu\u00e1"},{"@type":"BreadcrumbList","@id":"https:\/\/www.estrategiaconcursos.com.br\/blog\/edital-ibge-agente-coordenador\/#breadcrumb","itemListElement":[{"@type":"ListItem","position":1,"name":"In\u00edcio","item":"https:\/\/www.estrategiaconcursos.com.br\/blog\/"},{"@type":"ListItem","position":2,"name":"Editais IBGE: publicados para 1.812 vagas!"}]},{"@type":"WebSite","@id":"https:\/\/www.estrategiaconcursos.com.br\/blog\/#website","url":"https:\/\/www.estrategiaconcursos.com.br\/blog\/","name":"Estrat\u00e9gia Concursos","description":"O blog da Estrat\u00e9gia Concursos traz not\u00edcias sobre concursos e artigos de professores oferecendo cursos para concursos (pdf + videaulas) no site.","publisher":{"@id":"https:\/\/www.estrategiaconcursos.com.br\/blog\/#organization"},"potentialAction":[{"@type":"SearchAction","target":{"@type":"EntryPoint","urlTemplate":"https:\/\/www.estrategiaconcursos.com.br\/blog\/?s={search_term_string}"},"query-input":{"@type":"PropertyValueSpecification","valueRequired":true,"valueName":"search_term_string"}}],"inLanguage":"pt-BR"},{"@type":"Organization","@id":"https:\/\/www.estrategiaconcursos.com.br\/blog\/#organization","name":"Estrat\u00e9gia Concursos","url":"https:\/\/www.estrategiaconcursos.com.br\/blog\/","logo":{"@type":"ImageObject","inLanguage":"pt-BR","@id":"https:\/\/www.estrategiaconcursos.com.br\/blog\/#\/schema\/logo\/image\/","url":"https:\/\/dhg1h5j42swfq.cloudfront.net\/2025\/06\/03203428\/logo_concursos-1.jpg","contentUrl":"https:\/\/dhg1h5j42swfq.cloudfront.net\/2025\/06\/03203428\/logo_concursos-1.jpg","width":230,"height":60,"caption":"Estrat\u00e9gia Concursos"},"image":{"@id":"https:\/\/www.estrategiaconcursos.com.br\/blog\/#\/schema\/logo\/image\/"},"sameAs":["https:\/\/x.com\/EstratConcursos"]},{"@type":"Person","@id":"https:\/\/www.estrategiaconcursos.com.br\/blog\/#\/schema\/person\/e3882259fa157d54c44c21f4ee4e0e60","name":"B\u00e1rbara Carvalho Santos","image":{"@type":"ImageObject","inLanguage":"pt-BR","@id":"https:\/\/secure.gravatar.com\/avatar\/353300f73140f779692b9be2b39f434d1341e4e34c7f55bd5a990fe29ef352eb?s=96&d=mm&r=g","url":"https:\/\/secure.gravatar.com\/avatar\/353300f73140f779692b9be2b39f434d1341e4e34c7f55bd5a990fe29ef352eb?s=96&d=mm&r=g","contentUrl":"https:\/\/secure.gravatar.com\/avatar\/353300f73140f779692b9be2b39f434d1341e4e34c7f55bd5a990fe29ef352eb?s=96&d=mm&r=g","caption":"B\u00e1rbara Carvalho Santos"},"description":"M\u00e3e e jornalista formada pela UNIP, possui ampla experi\u00eancia na cobertura de entretenimento em grandes ve\u00edculos, como o site da CNN, RedeTV! e Estrat\u00e9gia Educacional. Atuou tamb\u00e9m em ag\u00eancias de marketing, produtoras musicais e assessorias de imprensa, com foco especial no trabalho com personalidades p\u00fablicas. Atualmente, integra a equipe do Estrat\u00e9gia Concursos, onde \u00e9 respons\u00e1vel pela produ\u00e7\u00e3o de conte\u00fados estrat\u00e9gicos voltados para o setor de concursos p\u00fablicos, com destaque para a \u00e1rea fiscal, gest\u00e3o, controle, concursos administrativos e Minist\u00e9rios participantes do CNU, al\u00e9m de diversos \u00f3rg\u00e3os federais. Tem como miss\u00e3o transformar informa\u00e7\u00f5es complexas em conte\u00fados acess\u00edveis, relevantes e de alto valor para quem sonha com uma carreira no servi\u00e7o p\u00fablico.","url":"https:\/\/www.estrategiaconcursos.com.br\/blog\/author\/barbara-santos\/"}]}},"_links":{"self":[{"href":"https:\/\/www.estrategiaconcursos.com.br\/blog\/wp-json\/wp\/v2\/posts\/919208","targetHints":{"allow":["GET"]}}],"collection":[{"href":"https:\/\/www.estrategiaconcursos.com.br\/blog\/wp-json\/wp\/v2\/posts"}],"about":[{"href":"https:\/\/www.estrategiaconcursos.com.br\/blog\/wp-json\/wp\/v2\/types\/post"}],"author":[{"embeddable":true,"href":"https:\/\/www.estrategiaconcursos.com.br\/blog\/wp-json\/wp\/v2\/users\/2018"}],"replies":[{"embeddable":true,"href":"https:\/\/www.estrategiaconcursos.com.br\/blog\/wp-json\/wp\/v2\/comments?post=919208"}],"version-history":[{"count":22,"href":"https:\/\/www.estrategiaconcursos.com.br\/blog\/wp-json\/wp\/v2\/posts\/919208\/revisions"}],"predecessor-version":[{"id":929881,"href":"https:\/\/www.estrategiaconcursos.com.br\/blog\/wp-json\/wp\/v2\/posts\/919208\/revisions\/929881"}],"wp:featuredmedia":[{"embeddable":true,"href":"https:\/\/www.estrategiaconcursos.com.br\/blog\/wp-json\/wp\/v2\/media\/865452"}],"wp:attachment":[{"href":"https:\/\/www.estrategiaconcursos.com.br\/blog\/wp-json\/wp\/v2\/media?parent=919208"}],"wp:term":[{"taxonomy":"category","embeddable":true,"href":"https:\/\/www.estrategiaconcursos.com.br\/blog\/wp-json\/wp\/v2\/categories?post=919208"},{"taxonomy":"post_tag","embeddable":true,"href":"https:\/\/www.estrategiaconcursos.com.br\/blog\/wp-json\/wp\/v2\/tags?post=919208"},{"taxonomy":"tax_estado","embeddable":true,"href":"https:\/\/www.estrategiaconcursos.com.br\/blog\/wp-json\/wp\/v2\/tax_estado?post=919208"}],"curies":[{"name":"wp","href":"https:\/\/api.w.org\/{rel}","templated":true}]}}