{"id":919148,"date":"2021-12-23T08:17:00","date_gmt":"2021-12-23T11:17:00","guid":{"rendered":"https:\/\/www.estrategiaconcursos.com.br\/blog\/?p=919148"},"modified":"2022-08-09T21:48:35","modified_gmt":"2022-08-10T00:48:35","slug":"direito-ambiental-analista-juridico-spgg","status":"publish","type":"post","link":"https:\/\/www.estrategiaconcursos.com.br\/blog\/direito-ambiental-analista-juridico-spgg\/","title":{"rendered":"Direito Ambiental para Analista Jur\u00eddico SPGG-RS"},"content":{"rendered":"\n<p>Saiba quais os principais assuntos dentro do Direito Ambiental previsto no edital do concurso da Secretaria de Planejamento, Governan\u00e7a e Gest\u00e3o &#8211; SPGG, do Estado do Rio Grande do Sul.<\/p>\n\n\n\n<h2 class=\"wp-block-heading\" id=\"h-direito-ambiental-spgg\"><strong>Direito Ambiental &#8211; SPGG<\/strong><\/h2>\n\n\n\n<p>Ol\u00e1, concurseiros!<\/p>\n\n\n\n<p>Coisa boa \u00e9 receber not\u00edcia de edital aberto, n\u00e3o \u00e9 mesmo? E 2021 foi um ano promissor para quem almeja ingressar em cargos p\u00fablicos.<\/p>\n\n\n\n<p>E a bola da vez \u00e9 a Secretaria de Planejamento, Governan\u00e7a e Gest\u00e3o do Rio Grande do Sul, com oferta de vagas em v\u00e1rias \u00e1reas para analistas t\u00e9cnico-cient\u00edficos do Estado, e aqui abordaremos o conte\u00fado de Direito Ambiental especificamente voltado para o edital da SPGG.<\/p>\n\n\n\n<p>Segundo o edital, o conte\u00fado de Direito Ambiental para a prova \u00e9:<\/p>\n\n\n\n<p><strong>1. &nbsp; &nbsp; &nbsp; A prote\u00e7\u00e3o do meio ambiente na Constitui\u00e7\u00e3o Federal e na Constitui\u00e7\u00e3o do Estado do Rio Grande do Sul;<\/strong><\/p>\n\n\n\n<p><strong>2. &nbsp; &nbsp; &nbsp; Compet\u00eancia em mat\u00e9ria ambiental;<\/strong><\/p>\n\n\n\n<p><strong>3. &nbsp; &nbsp; &nbsp; Princ\u00edpios de Direito Ambiental;<\/strong><\/p>\n\n\n\n<p><strong>4. &nbsp; &nbsp; &nbsp; Normas de coopera\u00e7\u00e3o para os entes federados em mat\u00e9ria ambiental;<\/strong><\/p>\n\n\n\n<p><strong>5. &nbsp; &nbsp; &nbsp; Lei Complementar n\u00ba. 140\/11;<\/strong><\/p>\n\n\n\n<p><strong>6. &nbsp; &nbsp; &nbsp; Poder de Pol\u00edcia Ambiental;<\/strong><\/p>\n\n\n\n<p><strong>7. &nbsp; &nbsp; &nbsp; Da pol\u00edtica nacional do meio ambiente;<\/strong><\/p>\n\n\n\n<p><strong>8. &nbsp; &nbsp; &nbsp; Lei Federal n\u00ba. 6.938\/81;<\/strong><\/p>\n\n\n\n<p><strong>9. &nbsp; &nbsp; &nbsp; Sistema Nacional de Meio Ambiente;<\/strong><\/p>\n\n\n\n<p><strong>10. &nbsp; &nbsp; Instrumentos da Pol\u00edtica Nacional do Meio Ambiente;<\/strong><\/p>\n\n\n\n<p><strong>11. &nbsp;   Licenciamento Ambiental;<\/strong><\/p>\n\n\n\n<p><strong>12. &nbsp; &nbsp;Estudo de Impacto ambiental e relat\u00f3rio de impacto ambiental;<\/strong><\/p>\n\n\n\n<p><strong>13. &nbsp;  Responsabilidade pelo dano ambiental;<\/strong><\/p>\n\n\n\n<p><strong>14. &nbsp; Responsabilidade administrativa, civil e criminal;<\/strong><\/p>\n\n\n\n<p><strong>15. &nbsp; Infra\u00e7\u00f5es e san\u00e7\u00f5es administrativas ambientais.<\/strong><\/p>\n\n\n\n<p>Apesar de parecer extenso, o assunto n\u00e3o \u00e9 um bicho de sete cabe\u00e7as. Trata-se de legisla\u00e7\u00f5es referentes \u00e0 garantia de prote\u00e7\u00e3o do meio ambiente e o papel dos entes em colabora\u00e7\u00e3o e o dever de defend\u00ea-lo.<\/p>\n\n\n\n<p>No presente artigo iremos destacar os assuntos mais prov\u00e1veis de serem cobrados em prova, em raz\u00e3o de estarem em pautas nacionais e mundiais atuais.<\/p>\n\n\n\n<figure class=\"wp-block-image size-full\"><img loading=\"lazy\" decoding=\"async\" width=\"1000\" height=\"599\" src=\"https:\/\/dhg1h5j42swfq.cloudfront.net\/2021\/12\/12193925\/largo_dos_acorianos_2.jpg\" alt=\"Direito Ambiental - SPGG\" class=\"wp-image-927534\" srcset=\"https:\/\/dhg1h5j42swfq.cloudfront.net\/2021\/12\/12193925\/largo_dos_acorianos_2.jpg 1000w, https:\/\/dhg1h5j42swfq.cloudfront.net\/2021\/12\/12193925\/largo_dos_acorianos_2-300x180.jpg 300w, https:\/\/dhg1h5j42swfq.cloudfront.net\/2021\/12\/12193925\/largo_dos_acorianos_2-768x460.jpg 768w, https:\/\/dhg1h5j42swfq.cloudfront.net\/2021\/12\/12193925\/largo_dos_acorianos_2-610x365.jpg 610w\" sizes=\"auto, (max-width: 1000px) 100vw, 1000px\" \/><figcaption>Analista Jur\u00cddico &#8211; SPGG<\/figcaption><\/figure>\n\n\n\n<p>Vamos l\u00e1!!<\/p>\n\n\n\n<h2 class=\"wp-block-heading\"><strong>A prote\u00e7\u00e3o do meio ambiente na Constitui\u00e7\u00e3o Federal e na Constitui\u00e7\u00e3o do Estado do Rio Grande do Sul<\/strong><\/h2>\n\n\n\n<p>A primeira coisa que se deve conhecer \u00e9 quais os artigos da CF que tratam da prote\u00e7\u00e3o do meio ambiente.<\/p>\n\n\n\n<p>&nbsp;Inicia-se no Cap\u00edtulo VI da CF com o <a href=\"https:\/\/www.jusbrasil.com.br\/topicos\/10645661\/artigo-225-da-constituicao-federal-de-1988\">art. 225<\/a> que diz:<\/p>\n\n\n\n<blockquote class=\"wp-block-quote is-layout-flow wp-block-quote-is-layout-flow\"><p><em>Todos t\u00eam direito ao meio ambiente ecologicamente equilibrado, bem de uso comum do povo e essencial \u00e0 sadia qualidade de vida, impondo-se ao Poder P\u00fablico e \u00e0 coletividade o dever de defend\u00ea-lo e preserv\u00e1-lo para as presentes e futuras gera\u00e7\u00f5es.<\/em><\/p><\/blockquote>\n\n\n\n<p>Nos incisos seguintes possui as atribui\u00e7\u00f5es as quais os entes devem dar efetividade \u00e0 preserva\u00e7\u00e3o do meio ambiente.<\/p>\n\n\n\n<p>S\u00e3o 7 incisos e todos iniciam com verbos do tipo: <strong>preservar, definir, exigir, controlar, promover e proteger.<\/strong><\/p>\n\n\n\n<p>A leitura da lei seca \u00e9 requisito essencial para melhor compreens\u00e3o do conte\u00fado, uma vez que ele versa em sua totalidade sobre as legisla\u00e7\u00f5es pertencentes a mat\u00e9ria.<\/p>\n\n\n\n<p>&nbsp;&nbsp;No \u00a7 3 exp\u00f5e que independentemente da obriga\u00e7\u00e3o de reparar os danos causados, \u00e0s condutas e atividades consideradas lesivas ao meio ambiente sujeitar\u00e3o os infratores, pessoas f\u00edsicas ou jur\u00eddicas, a san\u00e7\u00f5es penais e administrativas.<\/p>\n\n\n\n<p>Outro par\u00e1grafo queridinho pelas bancas \u00e9 o 4\u00ba, onde delimita como patrim\u00f4nio nacional a Floresta Amaz\u00f4nica brasileira, a Mata Atl\u00e2ntica, a Serra do Mar, o Pantanal Mato-Grossense e a Zona Costeira. Gravem isso!!<\/p>\n\n\n\n<p>O par\u00e1grafo \u00a7 5\u00ba tamb\u00e9m merece aten\u00e7\u00e3o &#8211; S\u00e3o indispon\u00edveis as terras devolutas ou arrecadadas pelos Estados, por a\u00e7\u00f5es discriminat\u00f3rias, necess\u00e1rias \u00e0 prote\u00e7\u00e3o dos ecossistemas naturais.<\/p>\n\n\n\n<p>H\u00e1 que se falar ainda do par\u00e1grafo 7\u00ba que foi acrescentado pela EC 96\/2017:<\/p>\n\n\n\n<blockquote class=\"wp-block-quote is-layout-flow wp-block-quote-is-layout-flow\"><p><em>Para fins do disposto na parte final do inciso VII do \u00a7 1\u00ba deste artigo, n\u00e3o se consideram cru\u00e9is as pr\u00e1ticas desportivas que utilizem animais, desde que sejam manifesta\u00e7\u00f5es culturais, conforme o \u00a7 1\u00ba do art. 215 nesta Constitui\u00e7\u00e3o Federal, registradas como bem de natureza imaterial integrante do patrim\u00f4nio cultural brasileiro, devendo ser regulamentadas por lei espec\u00edfica que assegure o bem-estar dos animais envolvidos.<\/em><\/p><\/blockquote>\n\n\n\n<p>Para quem n\u00e3o se lembra, o referido par\u00e1grafo foi uma rea\u00e7\u00e3o pol\u00edtica \u00e0 declara\u00e7\u00e3o de inconstitucionalidade da Lei 15293\/2013 do Estado do Cear\u00e1, e busca garantir a constitucionalidade da Lei Federal 13.364\/2016, que elevou o rodeio e a Vaquejada ao n\u00edvel de manifesta\u00e7\u00e3o cultural nacional e patrim\u00f4nio cultural imaterial do pa\u00eds.<\/p>\n\n\n\n<h2 class=\"wp-block-heading\"><strong>Compet\u00eancia em mat\u00e9ria ambiental<\/strong> &#8211; <strong>Direito<\/strong> <strong>Ambiental SPGG<\/strong> <\/h2>\n\n\n\n<p>A compet\u00eancia ambiental nada mais \u00e9 que o resultado da coopera\u00e7\u00e3o entre todos os entes federativos no que se refere \u00e0s normas ambientais.<\/p>\n\n\n\n<p>SISNAMA \u00e9 a sigla para Sistema Nacional do Meio Ambiente, que \u00e9 o conjunto de \u00f3rg\u00e3os p\u00fablicos (da Uni\u00e3o, de estados, de munic\u00edpios, do Distrito Federal e de territ\u00f3rios, bem como \u00f3rg\u00e3os n\u00e3o-governamentais institu\u00eddos pelo poder p\u00fablico) respons\u00e1veis pela prote\u00e7\u00e3o ambiental no Brasil.<\/p>\n\n\n\n<p>\u00c9 um sistema porque todos os \u00f3rg\u00e3os que o comp\u00f5em atuam sob os mesmos princ\u00edpios e diretrizes, cada um exercendo a sua fun\u00e7\u00e3o para alcan\u00e7ar o mesmo objetivo: a defesa do meio ambiente ecologicamente equilibrado.<\/p>\n\n\n\n<p>Os entes federativos atuam ao mesmo tempo em defesa do meio ambiente, por exemplo, do sistema florestal brasileiro.<\/p>\n\n\n\n<p>Isso ocorre por emanar a ideia que \u00e9 de interesse de todo o pa\u00eds, envolvendo seus entes federativos, a total prote\u00e7\u00e3o do meio ambiente.<\/p>\n\n\n\n<p>Quanto ao direito ambiental, a Uni\u00e3o, os Estados-membros, o Distrito Federal e os munic\u00edpios legislam <strong>CONCORRENTEMENTE<\/strong> sobre a mat\u00e9ria.<\/p>\n\n\n\n<p>A compet\u00eancia administrativa, tamb\u00e9m chamada compet\u00eancia material, caracteriza-se por seu car\u00e1ter pol\u00edtico-executivo. Refere-se ao poder de pol\u00edcia ambiental do Estado.<\/p>\n\n\n\n<p>No que diz respeito \u00e0 compet\u00eancia legislativa, os Estados-membros, os Munic\u00edpios e o Distrito Federal, ter\u00e3o compet\u00eancia plena para legislar.<\/p>\n\n\n\n<p><strong><span class=\"has-inline-color has-vivid-cyan-blue-color\">A reparti\u00e7\u00e3o de compet\u00eancia ocorre da seguinte forma:<\/span><\/strong><\/p>\n\n\n\n<p><strong>A Uni\u00e3o legislar\u00e1 sobre norma de interesse nacional;<\/strong><\/p>\n\n\n\n<p><strong>Os Estados s\u00e3o respons\u00e1veis por normas de interesse regional;<\/strong><\/p>\n\n\n\n<p><strong>Os munic\u00edpios, por fim, ser\u00e3o respons\u00e1veis por legislar sobre norma de interesse local.<\/strong><\/p>\n\n\n\n<p>Pelo princ\u00edpio da predomin\u00e2ncia dos interesses, \u00e0 \u201cUni\u00e3o caber\u00e1 as mat\u00e9rias com interesse nacional, ao passo que aos Estados caber\u00e3o as de interesse regional, enquanto que, aos munic\u00edpios tocar\u00e3o as compet\u00eancias legislativas de interesse local\u201d.<\/p>\n\n\n\n<p>As normas gerais n\u00e3o podem ser revogadas pela legisla\u00e7\u00e3o estadual ou municipal, pois s\u00e3o considerados princ\u00edpios e fundamentos de uma determinada mat\u00e9ria legislada.<\/p>\n\n\n\n<h2 class=\"wp-block-heading\"><strong>Princ\u00edpios de Direito Ambiental<\/strong> &#8211;<strong> SPGG<\/strong><\/h2>\n\n\n\n<p>Falando dos princ\u00edpios de Direito Ambiental, estes s\u00e3o frutos do direito internacional ambiental, a partir das confer\u00eancias ambientais internacionais.<\/p>\n\n\n\n<p>&nbsp;Por exemplo, a Confer\u00eancia de Estocolmo (1972), a C\u00fapula da Terra ou Confer\u00eancia do Rio (1992) e a Conven\u00e7\u00e3o Quadro das Na\u00e7\u00f5es Unidas Sobre as Mudan\u00e7as do Clima (1992).<\/p>\n\n\n\n<p>Os princ\u00edpios do direito ambiental foram elaborados para dar legitimidade jur\u00eddica aos Estados a criarem pol\u00edticas p\u00fablicas voltadas \u00e0 prote\u00e7\u00e3o ambiental.<\/p>\n\n\n\n<p>Os principais princ\u00edpios s\u00e3o:<\/p>\n\n\n\n<p><strong>Princ\u00edpio da Preven\u00e7\u00e3o:<\/strong> Esse princ\u00edpio exige que todas as atividades em que j\u00e1 se tem base cient\u00edfica para prever os danos ambientais sejam impedidas ou interrompidas antes que o dano se concretize. Est\u00e1 previsto de forma impl\u00edcita no art. 225 da CF.<\/p>\n\n\n\n<p><strong>Princ\u00edpio Da Precau\u00e7\u00e3o: <\/strong>Esse princ\u00edpio incide quando n\u00e3o se tem a certeza do dano, mas h\u00e1 elementos suficientes para indicar a probabilidade de sua ocorr\u00eancia. Est\u00e1 previsto na Declara\u00e7\u00e3o do Rio (ECO\/1992), no princ\u00edpio 15:<\/p>\n\n\n\n<p><em>Com o fim de proteger o meio ambiente, o princ\u00edpio da precau\u00e7\u00e3o dever\u00e1 ser amplamente observado pelos Estados, de acordo com suas capacidades. Quando houver amea\u00e7a de danos graves ou irrevers\u00edveis, a aus\u00eancia de certeza cient\u00edfica absoluta n\u00e3o ser\u00e1 utilizada como raz\u00e3o para o adiamento de medidas economicamente vi\u00e1veis para prevenir a degrada\u00e7\u00e3o ambiental.<\/em><\/p>\n\n\n\n<p><strong>Princ\u00edpio do Desenvolvimento Sustent\u00e1vel:<\/strong> Provavelmente seja o mais controverso dos princ\u00edpios do direito ambiental devido ao seu alto grau de abstra\u00e7\u00e3o, n\u00e3o obrigatoriedade, ou at\u00e9 mesmo se discute se \u00e9 realmente um princ\u00edpio ou um conceito.<\/p>\n\n\n\n<p>Isso se d\u00e1 porque este princ\u00edpio determina que as atividades que possam comprometer o equil\u00edbrio do ecossistema adotem as melhores pr\u00e1ticas de gest\u00e3o ambiental, impedindo a degrada\u00e7\u00e3o e evitando o esgotamento.<\/p>\n\n\n\n<p>Tamb\u00e9m est\u00e1 impl\u00edcito no artigo 225, combinado com o artigo 170, VI, ambos da Constitui\u00e7\u00e3o Federal.<\/p>\n\n\n\n<p>No \u00e2mbito nacional, o desenvolvimento sustent\u00e1vel foi previsto pela primeira vez na lei 6.938\/81 (Pol\u00edtica Nacional de Meio Ambiente). Dois artigos citam o princ\u00edpio do art. 2\u00ba e art. 4, inc. I.<\/p>\n\n\n\n<p><strong>Princ\u00edpio da Informa\u00e7\u00e3o Ambiental: <\/strong>Tem como objetivo garantir que a popula\u00e7\u00e3o tenha pleno conhecimento das quest\u00f5es relacionadas ao meio ambiente e assim, possam formar opini\u00e3o sobre os problemas ambientais.<\/p>\n\n\n\n<p>Este princ\u00edpio \u00e9 previsto pela Lei n\u00ba 10650\/2003, chamada de \u201cLei de Acesso \u00e0 Informa\u00e7\u00e3o Ambiental\u201d, que assegura o acesso de qualquer cidad\u00e3o \u00e0s informa\u00e7\u00f5es ambientais existentes e sua respectiva publica\u00e7\u00e3o no di\u00e1rio oficial.<\/p>\n\n\n\n<p><strong>Princ\u00edpio da Participa\u00e7\u00e3o P\u00fablica: <\/strong>Esse princ\u00edpio \u00e9 previsto na Declara\u00e7\u00e3o do Rio de 1992, no princ\u00edpio 10. Posteriormente, foi editada a Conven\u00e7\u00e3o Aarhus, de 1998, na Dinamarca, que regula o direito \u00e0 participa\u00e7\u00e3o social no campo internacional.<\/p>\n\n\n\n<p>De acordo com a Conven\u00e7\u00e3o Aarhus, o processo de participa\u00e7\u00e3o p\u00fablica se d\u00e1 de tr\u00eas maneiras:<\/p>\n\n\n\n<ul class=\"wp-block-list\"><li> Acesso \u00e0 informa\u00e7\u00e3o;<\/li><\/ul>\n\n\n\n<ul class=\"wp-block-list\"><li> Participa\u00e7\u00e3o P\u00fablica nas Tomadas de Decis\u00f5es;<\/li><\/ul>\n\n\n\n<ul class=\"wp-block-list\"><li> Acesso \u00e0 Justi\u00e7a.<\/li><\/ul>\n\n\n\n<p><strong>Princ\u00edpio do Poluidor Pagador: <\/strong>Esse princ\u00edpio consta na Declara\u00e7\u00e3o do Rio de 1992, no princ\u00edpio 16, que inspirou o \u00a7 1\u00ba, do artigo 14, da Lei 6938\/1981 que prev\u00ea que \u00e9 o poluidor, independente de culpa, obrigado a reparar os danos.<\/p>\n\n\n\n<p><strong>Gest\u00e3o Ambiental Descentralizada, Democr\u00e1tica e Eficiente: <\/strong>As compet\u00eancias ambientais s\u00e3o repartidas por todos os entes federativos, que dever\u00e3o cooperar harmonicamente na sua eficiente realiza\u00e7\u00e3o, contando com o apoio da sociedade, que dever\u00e1 participar ativamente da gest\u00e3o ambiental.<\/p>\n\n\n\n<p><strong>Princ\u00edpio Do Usu\u00e1rio-Pagador: <\/strong>Este princ\u00edpio \u00e9 previsto na Lei n\u00ba 6938\/81, ele afirma que aquele que utilizar recursos ambientais com fins econ\u00f4micos ou utilizar de forma privativa recursos escassos deve pagar uma contribui\u00e7\u00e3o financeira \u00e0 coletividade.<\/p>\n\n\n\n<p><strong>Fun\u00e7\u00e3o socioambiental da propriedade:<\/strong> as normas ambientais conformam e limitam o exerc\u00edcio do direito de propriedade a fim de preservar o meio ambiental.<\/p>\n\n\n\n<p>&nbsp;Esses s\u00e3o os princ\u00edpios mais conhecidos e indispens\u00e1veis na prepara\u00e7\u00e3o para a prova da SPGG &#8211; Analista Jur\u00eddico.<\/p>\n\n\n\n<h2 class=\"wp-block-heading\"><strong>Poder de Pol\u00edcia Ambiental<\/strong> <\/h2>\n\n\n\n<p>Hely Lopes Meirelles define o poder de pol\u00edcia como a faculdade de que disp\u00f5e a Administra\u00e7\u00e3o P\u00fablica para condicionar e restringir o uso e gozo de bens, atividades e direitos individuais, em benef\u00edcio da coletividade ou do pr\u00f3prio Estado.<\/p>\n\n\n\n<p>Um dos princ\u00edpios da Pol\u00edtica Nacional de Meio Ambiente introduzida pela Lei 6.938\/81 \u00e9 exatamente a a\u00e7\u00e3o governamental na manuten\u00e7\u00e3o do equil\u00edbrio ecol\u00f3gico, considerando o meio ambiente como um patrim\u00f4nio p\u00fablico a ser necessariamente assegurado e protegido, tendo em vista o uso coletivo.<\/p>\n\n\n\n<p>Os atos de pol\u00edcia em mat\u00e9ria ambiental s\u00e3o instrumentos da Pol\u00edtica Nacional do Meio Ambiente e como exemplo tem-se as san\u00e7\u00f5es penais e administrativas derivadas de condutas e atividades lesivas ao meio ambiente.<\/p>\n\n\n\n<p><strong>O Poder de Pol\u00edcia Ambiental instrumentaliza-se, por meio do auto de infra\u00e7\u00e3o, com a imposi\u00e7\u00e3o das medidas elencadas no artigo 3\u00ba do Decreto 6.514\/2008:<\/strong><\/p>\n\n\n\n<p><mark style=\"background-color:rgba(0, 0, 0, 0)\" class=\"has-inline-color has-vivid-purple-color\">Advert\u00eancia, multa, apreens\u00e3o dos animais, produtos e subprodutos da fauna e flora e demais produtos e subprodutos objeto da infra\u00e7\u00e3o, instrumentos, petrechos, equipamentos ou ve\u00edculos de qualquer natureza utilizados na infra\u00e7\u00e3o, destrui\u00e7\u00e3o ou inutiliza\u00e7\u00e3o do produto; suspens\u00e3o de venda e fabrica\u00e7\u00e3o do produto; embargo de obra ou atividade e suas respectivas \u00e1reas; demoli\u00e7\u00e3o de obra; suspens\u00e3o parcial ou total das atividades e restritiva de direitos.<\/mark><\/p>\n\n\n\n<h2 class=\"wp-block-heading\"><strong>Da pol\u00edtica nacional do meio ambiente<\/strong> &#8211; <strong>Direito<\/strong> <strong>Ambiental &#8211;<\/strong> <strong>SPGG<\/strong> <\/h2>\n\n\n\n<p>A Pol\u00edtica Nacional de Meio Ambiente tem a finalidade regulamentar as v\u00e1rias atividades que envolvam o meio ambiente, para que haja preserva\u00e7\u00e3o, melhoria e recupera\u00e7\u00e3o da qualidade ambiental.<\/p>\n\n\n\n<p>As suas diretrizes e instrumentos buscam a prote\u00e7\u00e3o ambiental e asseguram \u00e0 popula\u00e7\u00e3o condi\u00e7\u00f5es prop\u00edcias para seu desenvolvimento social e econ\u00f4mico<strong>.<\/strong><\/p>\n\n\n\n<p>A Pol\u00edtica Nacional de Meio Ambiente \u00e9 regulamentada pela<a href=\"http:\/\/www.planalto.gov.br\/ccivil_03\/leis\/l6938.htm\"> <strong>Lei n\u00ba 6.938, de 31 de agosto de 1981.<\/strong><\/a><\/p>\n\n\n\n<p>A Pol\u00edtica estabelece diretrizes e instrumentos que orientam as empresas nas melhores pr\u00e1ticas para o gerenciamento de atividades que de alguma forma interferem no meio ambiente.<\/p>\n\n\n\n<p>Os objetivos da PNMA s\u00e3o: preserva\u00e7\u00e3o, melhoria e recupera\u00e7\u00e3o da qualidade ambiental.<\/p>\n\n\n\n<p><strong>A Pol\u00edtica Nacional do Meio Ambiente tem como objetivo:<\/strong><\/p>\n\n\n\n<ul class=\"wp-block-list\"><li>conciliar o desenvolvimento econ\u00f4mico e social com a preserva\u00e7\u00e3o da qualidade do meio ambiente e do equil\u00edbrio  ecol\u00f3gico;<\/li><\/ul>\n\n\n\n<ul class=\"wp-block-list\"><li>definir \u00e1reas priorit\u00e1rias de a\u00e7\u00e3o governamental relativa \u00e0 preserva\u00e7\u00e3o ambiental;<\/li><\/ul>\n\n\n\n<ul class=\"wp-block-list\"><li>estabelecer crit\u00e9rios e padr\u00f5es de qualidade ambiental e de normas relativas ao uso e manejo de recursos ambientais;<\/li><\/ul>\n\n\n\n<ul class=\"wp-block-list\"><li>desenvolver tecnologias para o uso racional de recursos ambientais;<\/li><\/ul>\n\n\n\n<ul class=\"wp-block-list\"><li>divulgar tecnologias de manejo do meio ambiente;<\/li><\/ul>\n\n\n\n<ul class=\"wp-block-list\"><li>divulgar dados e informa\u00e7\u00f5es ambientais;<\/li><\/ul>\n\n\n\n<ul class=\"wp-block-list\"><li>formar uma consci\u00eancia p\u00fablica sobre a necessidade de preserva\u00e7\u00e3o da qualidade ambiental e do equil\u00edbrio ecol\u00f3gico;<\/li><\/ul>\n\n\n\n<ul class=\"wp-block-list\"><li>preservar e restaurar os recursos ambientais atrav\u00e9s da utiliza\u00e7\u00e3o racional dos recursos naturais;<\/li><\/ul>\n\n\n\n<ul class=\"wp-block-list\"><li>impor ao poluidor e ao predador a obriga\u00e7\u00e3o de recuperar e\/ou indenizar os danos causados;<\/li><\/ul>\n\n\n\n<ul class=\"wp-block-list\"><li>impor aos usu\u00e1rios uma contribui\u00e7\u00e3o pela utiliza\u00e7\u00e3o de recursos ambientais com fins econ\u00f4micos.<\/li><\/ul>\n\n\n\n<h2 class=\"wp-block-heading\"><strong>Responsabilidade pelo dano ambiental, administrativa, civil e criminal, infra\u00e7\u00f5es e san\u00e7\u00f5es administrativas ambientais<\/strong><\/h2>\n\n\n\n<p>O direito ambiental atua em tr\u00eas esferas: preventiva (administrativa), reparat\u00f3ria (civil) e repressiva (penal), e elas ocorrem por causa da degrada\u00e7\u00e3o do meio ambiente e de suas caracter\u00edsticas.<\/p>\n\n\n\n<p>A transforma\u00e7\u00e3o adversa das caracter\u00edsticas do meio ambiente \u00e9 considerada pela lei como a degrada\u00e7\u00e3o da qualidade ambiental (Lei 6.938, de 1981, art. 3o, II), a qual pode comprometer a atmosfera, hidrosfera e litosfera.<\/p>\n\n\n\n<p>A melhor defini\u00e7\u00e3o de polui\u00e7\u00e3o encontra-se na Lei 6<strong>.938, de 1981<\/strong> que disp\u00f5e sobre a <strong>Pol\u00edtica Nacional do Meio Ambiente<\/strong>, no art. 3o que a considera como degrada\u00e7\u00e3o da qualidade ambiental resultante de atividades que, direta ou indiretamente:<\/p>\n\n\n\n<p><strong>a) <\/strong>prejudique, a sa\u00fade, a seguran\u00e7a e o bem-estar da popula\u00e7\u00e3o;<\/p>\n\n\n\n<p><strong>b) <\/strong>criem condi\u00e7\u00f5es adversas \u00e0s atividades sociais e econ\u00f4micas;<\/p>\n\n\n\n<p><strong>c) <\/strong>afetem desfavoravelmente a biota;<\/p>\n\n\n\n<p><strong>d) <\/strong>afetem as condi\u00e7\u00f5es est\u00e9ticas ou sanit\u00e1rias do meio ambiente;<\/p>\n\n\n\n<p><strong>e) <\/strong>lancem mat\u00e9rias ou energia em desacordo com os padr\u00f5es ambientais estabelecidos.<\/p>\n\n\n\n<p>A responsabilidade nos danos ambientais, al\u00e9m de objetiva, \u00e9 integral e solid\u00e1ria.<\/p>\n\n\n\n<p>Qualquer medida tendente a afastar as regras da responsabilidade objetiva e da repara\u00e7\u00e3o integral \u00e9 adversa ao ordenamento jur\u00eddico p\u00e1trio, bastando que a atividade do agente seja potencialmente degradante para sua implica\u00e7\u00e3o nas malhas da responsabilidade.<\/p>\n\n\n\n<p>Entre os tipos de repara\u00e7\u00e3o, encontram-se a indeniza\u00e7\u00e3o (para o que se cogita cria\u00e7\u00e3o de fundos especiais) e a recomposi\u00e7\u00e3o ou reconstitui\u00e7\u00e3o do meio ambiente degradado (Constitui\u00e7\u00e3o Federal, art. 225, par\u00e1grafo 2\u00ba).<\/p>\n\n\n\n<h3 class=\"wp-block-heading\"><strong>Responsabilidade Administrativa \u2013 Car\u00e1ter preventivo do Direito Ambiental<\/strong><\/h3>\n\n\n\n<p>De grande import\u00e2ncia dentro do Direito Ambiental para a SPGG, est\u00e1 a Lei 9.605\/98 que ficou conhecida como Lei de Crimes Ambientais, que disp\u00f5e sobre a responsabilidade administrativa ambiental nos artigos 70 a 76.<\/p>\n\n\n\n<p>O caput do artigo 70 da citada lei define infra\u00e7\u00e3o administrativa ambiental como \u201ctoda a\u00e7\u00e3o ou omiss\u00e3o que viole as regras jur\u00eddicas de uso, gozo, promo\u00e7\u00e3o, prote\u00e7\u00e3o e recupera\u00e7\u00e3o do meio ambiente\u201d.<\/p>\n\n\n\n<p>O Decreto 6.514\/08 que disp\u00f5e sobre as infra\u00e7\u00f5es e san\u00e7\u00f5es administrativas ao meio ambiente, regulamentou as san\u00e7\u00f5es administrativas previstas nesse dispositivo legal como sendo as puni\u00e7\u00f5es para as infra\u00e7\u00f5es administrativas ambientais, sem preju\u00edzo da aplica\u00e7\u00e3o de outras penalidades legalmente estabelecidas.<\/p>\n\n\n\n<p><strong><span class=\"has-inline-color has-vivid-red-color\">O referido decreto enquadra as infra\u00e7\u00f5es administrativas ambientais nos artigos 24 a 93 na seguinte ordem:<\/span><\/strong><\/p>\n\n\n\n<p><strong>a) Das infra\u00e7\u00f5es contra a fauna: artigos 24 a 42;<\/strong><\/p>\n\n\n\n<p><strong>b) Das infra\u00e7\u00f5es contra a flora: artigos 43 a 60-A;<\/strong><\/p>\n\n\n\n<p><strong>c) Das infra\u00e7\u00f5es relativas \u00e0 polui\u00e7\u00e3o e outras infra\u00e7\u00f5es ambientais: artigos 61 a 71-A;<\/strong><\/p>\n\n\n\n<p><strong>d) Das infra\u00e7\u00f5es contra o ordenamento urbano e o patrim\u00f4nio cultural: artigos 72 a 75;<\/strong><\/p>\n\n\n\n<p><strong>e) Das infra\u00e7\u00f5es administrativas contra a Administra\u00e7\u00e3o Ambiental: artigos 76 a 83; e<\/strong><\/p>\n\n\n\n<p><strong>f) Das infra\u00e7\u00f5es cometidas exclusivamente em Unidades de Conserva\u00e7\u00e3o: artigos 84 a 93.<\/strong><\/p>\n\n\n\n<h3 class=\"wp-block-heading\"><strong>Responsabilidade C\u00edvel \u2013 Car\u00e1ter Reparat\u00f3rio<\/strong><\/h3>\n\n\n\n<p>O meio ambiente \u00e9 bem jur\u00eddico objeto de prote\u00e7\u00e3o pelo sistema de responsabiliza\u00e7\u00e3o civil enquanto bem de uso comum do povo, indispon\u00edvel, indivis\u00edvel e inapropri\u00e1vel, sendo a repara\u00e7\u00e3o dos danos independente de culpa.<\/p>\n\n\n\n<p>A responsabilidade objetiva ambiental significa que quem danificar o ambiente tem o dever jur\u00eddico de repar\u00e1-lo.<\/p>\n\n\n\n<p>O artigo 14, par\u00e1grafo 1\u00ba da Lei n. 6.938 de 1981, estabelece que o poluidor \u00e9 obrigado a indenizar ou reparar os danos causados ao meio ambiente e a terceiros, independentemente da exist\u00eancia de culpa, o que n\u00e3o impede a aplica\u00e7\u00e3o das demais penalidades.<\/p>\n\n\n\n<h3 class=\"wp-block-heading\"><strong>Responsabilidade Penal Ambiental \u2013 Car\u00e1ter Repressivo<\/strong><\/h3>\n\n\n\n<p>O meio ambiente \u00e9 bem jur\u00eddico de dif\u00edcil, por vezes imposs\u00edvel, repara\u00e7\u00e3o. O sujeito passivo n\u00e3o \u00e9 um indiv\u00edduo, como no estelionato ou nas les\u00f5es corporais. \u00c9 toda a coletividade. O alcance \u00e9 maior.<\/p>\n\n\n\n<p>&nbsp;Tudo deve ser feito para criminalizar as condutas nocivas, a fim de que o bem jur\u00eddico, que na maioria das vezes \u00e9 de valor incalcul\u00e1vel, seja protegido.<\/p>\n\n\n\n<p>As infra\u00e7\u00f5es penais contra o meio ambiente s\u00e3o de natureza p\u00fablica incondicionada. Assim, cabe ao Minist\u00e9rio P\u00fablico propor a a\u00e7\u00e3o penal pertinente, na forma prevista no C\u00f3digo de Processo Penal.<\/p>\n\n\n\n<p>Aplicam-se, entretanto, as disposi\u00e7\u00f5es previstas no art. 89 da Lei 9.099\/95, aos crimes de menor potencial ofensivo, nos termos expressos dos arts. 27 e 28 da Lei 9.605\/98.<\/p>\n\n\n\n<p>A lei Ambiental separou os crimes segundo os objetos de tutela, da seguinte forma:<\/p>\n\n\n\n<ul class=\"wp-block-list\"><li> crimes contra a fauna (arts. 29-37);<\/li><\/ul>\n\n\n\n<ul class=\"wp-block-list\"><li> crimes contra a flora (arts. 38-53); polui\u00e7\u00e3o e outros crimes (arts. 54-61);<\/li><\/ul>\n\n\n\n<ul class=\"wp-block-list\"><li> crimes contra a Administra\u00e7\u00e3o Ambiental (arts. 66-69).<\/li><\/ul>\n\n\n\n<p>Outro ponto importante nessa lei \u00e9 que no art. 3\u00ba, o legislador tornou expressa a responsabilidade penal das pessoas jur\u00eddicas, e essa modifica\u00e7\u00e3o rompe com a tradi\u00e7\u00e3o do Direito Penal brasileiro, fundada no car\u00e1ter subjetivo da responsabilidade.<\/p>\n\n\n\n<p>A prote\u00e7\u00e3o ambiental n\u00e3o pode ser tarefa exclusiva do Estado, seja atrav\u00e9s dos \u00d3rg\u00e3os do Poder Executivo, seja atrav\u00e9s do Poder Judici\u00e1rio, mas de todos, ou seja, os indiv\u00edduos, a sociedade civil, conjuntamente s\u00e3o obrigados a garantir, com responsabilidade, o direito de as gera\u00e7\u00f5es presentes e futuras usufru\u00edrem de um meio ambiente ecologicamente equilibrado.<\/p>\n\n\n\n<h2 class=\"wp-block-heading\"><strong>Considera\u00e7\u00f5es Finais<\/strong> &#8211; <strong>Direito<\/strong> <strong>Ambiental SPGG<\/strong><\/h2>\n\n\n\n<p>Chegamos ao final de mais um artigo. O objetivo aqui foi delinear os principais conte\u00fados dentro do direito Ambiental para a SPGG.<\/p>\n\n\n\n<p>Ressalta-se que o Estrat\u00e9gia Concursos tem o curso completo para o <a href=\"https:\/\/www.estrategiaconcursos.com.br\/curso\/spgg-rs-analista-juridico-pacote-2021-pos-edital\/\">concurso da SPGG<\/a>, assim como, oferece as mat\u00e9rias isoladas de acordo com sua necessidade.<\/p>\n\n\n\n<p>Espero que aproveitem a leitura, e tenham uma excelente prova!<\/p>\n\n\n\n<p>At\u00e9 a pr\u00f3xima pessoal!<\/p>\n\n\n\n<h2 class=\"has-text-align-center wp-block-heading\" id=\"h-cursos-e-assinaturas\">Cursos e Assinaturas<\/h2>\n\n\n\n<p class=\"has-text-align-center\" id=\"h-quer-saber-tudo-sobre-concursos-previstos\"><strong>Quer saber tudo sobre concursos previstos?<\/strong><\/p>\n\n\n\n<p class=\"has-text-align-center\"><strong>Confira nossos artigos!<\/strong><\/p>\n\n\n\n<p class=\"has-text-align-center has-white-color has-vivid-purple-background-color has-text-color has-background\"><a href=\"https:\/\/www.estrategiaconcursos.com.br\/blog\/concursos-abertos\/\" target=\"_blank\" rel=\"noreferrer noopener\">Concursos abertos<\/a><\/p>\n\n\n\n<p class=\"has-text-align-center has-white-color has-vivid-purple-background-color has-text-color has-background\"><a href=\"https:\/\/www.estrategiaconcursos.com.br\/blog\/concursos-2022\/\" target=\"_blank\" rel=\"noreferrer noopener\">Concursos 2022<\/a><\/p>\n\n\n\n<h3 class=\"wp-block-heading\" id=\"assinatura-de-concursos\">Assinatura de Concursos<\/h3>\n\n\n\n<p>Assinatura de 1 ano ou 2 anos<a href=\"https:\/\/www.estrategiaconcursos.com.br\/assinaturas\/\" target=\"_blank\" rel=\"noreferrer noopener\">ASSINE AGORA<\/a><\/p>\n\n\n\n<p>Agora, confira as vagas e oportunidades dos&nbsp;<strong>concursos 2023<\/strong>&nbsp;navegando atrav\u00e9s do \u00edndice abaixo:<\/p>\n\n\n\n<h2 class=\"wp-block-heading\" id=\"concursos-e-vagas-previstas-para-2023\">Concursos e vagas previstas para 2023:<\/h2>\n\n\n\n<ul class=\"wp-block-list\" id=\"indice\"><li><a href=\"https:\/\/www.estrategiaconcursos.com.br\/blog\/concursos-2023\/#policial\">Concursos Policiais<\/a><\/li><li><a href=\"https:\/\/www.estrategiaconcursos.com.br\/blog\/concursos-2023\/#fiscal\">Concursos Fiscais<\/a><\/li><li><a href=\"https:\/\/www.estrategiaconcursos.com.br\/blog\/concursos-2023\/#controle\">Concursos Controle<\/a><\/li><li><a href=\"https:\/\/www.estrategiaconcursos.com.br\/blog\/concursos-2023\/#tribunais\">Concursos Tribunais<\/a><\/li><li><a href=\"https:\/\/www.estrategiaconcursos.com.br\/blog\/concursos-2023\/#ministerios-publicos\">Concursos em Minist\u00e9rios P\u00fablicos<\/a><\/li><li><a href=\"https:\/\/www.estrategiaconcursos.com.br\/blog\/concursos-2023\/#defensorias-publicas\">Concursos em Defensorias<\/a><\/li><li><a href=\"https:\/\/www.estrategiaconcursos.com.br\/blog\/concursos-2023\/#legislativa\">Concursos Legislativos<\/a><\/li><li><a href=\"https:\/\/www.estrategiaconcursos.com.br\/blog\/concursos-2023\/#saude\">Concursos da \u00e1rea da Sa\u00fade<\/a><\/li><li><a href=\"https:\/\/www.estrategiaconcursos.com.br\/blog\/concursos-2023\/#bancaria\">Concursos da \u00e1rea banc\u00e1ria<\/a><\/li><li><a href=\"https:\/\/www.estrategiaconcursos.com.br\/blog\/concursos-2023\/#educacao\">Concursos da \u00e1rea da Educa\u00e7\u00e3o<\/a><\/li><li><a href=\"https:\/\/www.estrategiaconcursos.com.br\/blog\/concursos-2023\/#prefeituras\">Concursos para Prefeituras<\/a><\/li><li><a href=\"https:\/\/www.estrategiaconcursos.com.br\/blog\/concursos-2023\/#outros\">Concursos outras oportunidades<\/a><\/li><li><a href=\"https:\/\/www.estrategiaconcursos.com.br\/blog\/concursos-2023\/#concursos-estado\">Concursos 2023 por Estado<\/a><\/li><\/ul>\n\n\n\n<p><br \/><\/p>\n","protected":false},"excerpt":{"rendered":"<p>Saiba quais os principais assuntos dentro do Direito Ambiental previsto no edital do concurso da Secretaria de Planejamento, Governan\u00e7a e Gest\u00e3o &#8211; SPGG, do Estado do Rio Grande do Sul. Direito Ambiental &#8211; SPGG Ol\u00e1, concurseiros! Coisa boa \u00e9 receber not\u00edcia de edital aberto, n\u00e3o \u00e9 mesmo? E 2021 foi um ano promissor para quem [&hellip;]<\/p>\n","protected":false},"author":1914,"featured_media":927535,"comment_status":"open","ping_status":"closed","sticky":false,"template":"","format":"standard","meta":{"post_tipo":"article","footnotes":""},"categories":[1,2185],"tags":[],"tax_estado":[219986],"class_list":["post-919148","post","type-post","status-publish","format-standard","has-post-thumbnail","hentry","category-cursos-e-concursos","category-carreiras-juridicas","tax_estado-rs"],"acf":[],"yoast_head":"<!-- This site is optimized with the Yoast SEO Premium plugin v27.2 (Yoast SEO v27.2) - https:\/\/yoast.com\/product\/yoast-seo-premium-wordpress\/ -->\n<title>Direito Ambiental SPGG: Resumo para Analista Jur\u00eddico<\/title>\n<meta name=\"description\" content=\"Saiba quais os principais assuntos dentro do conte\u00fado de Direito Ambiental previsto no edital do concurso da SPGG - RS, Analista Jur\u00eddico.\" \/>\n<meta name=\"robots\" content=\"index, follow, max-snippet:-1, max-image-preview:large, max-video-preview:-1\" \/>\n<link rel=\"canonical\" href=\"https:\/\/www.estrategiaconcursos.com.br\/blog\/direito-ambiental-analista-juridico-spgg\/\" \/>\n<meta property=\"og:locale\" content=\"pt_BR\" \/>\n<meta property=\"og:type\" content=\"article\" \/>\n<meta property=\"og:title\" content=\"Direito Ambiental para Analista Jur\u00eddico SPGG-RS\" \/>\n<meta property=\"og:description\" content=\"Saiba quais os principais assuntos dentro do conte\u00fado de Direito Ambiental previsto no edital do concurso da SPGG - RS, Analista Jur\u00eddico.\" \/>\n<meta property=\"og:url\" content=\"https:\/\/www.estrategiaconcursos.com.br\/blog\/direito-ambiental-analista-juridico-spgg\/\" \/>\n<meta property=\"og:site_name\" content=\"Estrat\u00e9gia Concursos\" \/>\n<meta property=\"article:published_time\" content=\"2021-12-23T11:17:00+00:00\" \/>\n<meta property=\"article:modified_time\" content=\"2022-08-10T00:48:35+00:00\" \/>\n<meta property=\"og:image\" content=\"https:\/\/dhg1h5j42swfq.cloudfront.net\/2021\/12\/12194043\/largo_dos_acorianos_2-1.jpg\" \/>\n\t<meta property=\"og:image:width\" content=\"1000\" \/>\n\t<meta property=\"og:image:height\" content=\"599\" \/>\n\t<meta property=\"og:image:type\" content=\"image\/jpeg\" \/>\n<meta name=\"author\" content=\"Gisele Belo Canto\" \/>\n<meta name=\"twitter:card\" content=\"summary_large_image\" \/>\n<meta name=\"twitter:creator\" content=\"@EstratConcursos\" \/>\n<meta name=\"twitter:site\" content=\"@EstratConcursos\" \/>\n<meta name=\"twitter:label1\" content=\"Escrito por\" \/>\n\t<meta name=\"twitter:data1\" content=\"Gisele Belo Canto\" \/>\n\t<meta name=\"twitter:label2\" content=\"Est. tempo de leitura\" \/>\n\t<meta name=\"twitter:data2\" content=\"14 minutos\" \/>\n<script type=\"application\/ld+json\" class=\"yoast-schema-graph\">{\"@context\":\"https:\/\/schema.org\",\"@graph\":[{\"@type\":\"NewsArticle\",\"@id\":\"https:\/\/www.estrategiaconcursos.com.br\/blog\/direito-ambiental-analista-juridico-spgg\/#article\",\"isPartOf\":{\"@id\":\"https:\/\/www.estrategiaconcursos.com.br\/blog\/direito-ambiental-analista-juridico-spgg\/\"},\"author\":{\"name\":\"Gisele Belo Canto\",\"@id\":\"https:\/\/www.estrategiaconcursos.com.br\/blog\/#\/schema\/person\/fcabad88fb5f77e6eb2dbf49c6b2d62c\"},\"headline\":\"Direito Ambiental para Analista Jur\u00eddico SPGG-RS\",\"datePublished\":\"2021-12-23T11:17:00+00:00\",\"dateModified\":\"2022-08-10T00:48:35+00:00\",\"mainEntityOfPage\":{\"@id\":\"https:\/\/www.estrategiaconcursos.com.br\/blog\/direito-ambiental-analista-juridico-spgg\/\"},\"wordCount\":3339,\"commentCount\":0,\"publisher\":{\"@id\":\"https:\/\/www.estrategiaconcursos.com.br\/blog\/#organization\"},\"image\":{\"@id\":\"https:\/\/www.estrategiaconcursos.com.br\/blog\/direito-ambiental-analista-juridico-spgg\/#primaryimage\"},\"thumbnailUrl\":\"https:\/\/dhg1h5j42swfq.cloudfront.net\/2021\/12\/12194043\/largo_dos_acorianos_2-1.jpg\",\"articleSection\":[\"Concursos P\u00fablicos\",\"Jur\u00eddico\"],\"inLanguage\":\"pt-BR\",\"potentialAction\":[{\"@type\":\"CommentAction\",\"name\":\"Comment\",\"target\":[\"https:\/\/www.estrategiaconcursos.com.br\/blog\/direito-ambiental-analista-juridico-spgg\/#respond\"]}],\"copyrightYear\":\"2021\",\"copyrightHolder\":{\"@id\":\"https:\/\/www.estrategiaconcursos.com.br\/blog\/#organization\"}},{\"@type\":\"WebPage\",\"@id\":\"https:\/\/www.estrategiaconcursos.com.br\/blog\/direito-ambiental-analista-juridico-spgg\/\",\"url\":\"https:\/\/www.estrategiaconcursos.com.br\/blog\/direito-ambiental-analista-juridico-spgg\/\",\"name\":\"Direito Ambiental SPGG: Resumo para Analista Jur\u00eddico\",\"isPartOf\":{\"@id\":\"https:\/\/www.estrategiaconcursos.com.br\/blog\/#website\"},\"primaryImageOfPage\":{\"@id\":\"https:\/\/www.estrategiaconcursos.com.br\/blog\/direito-ambiental-analista-juridico-spgg\/#primaryimage\"},\"image\":{\"@id\":\"https:\/\/www.estrategiaconcursos.com.br\/blog\/direito-ambiental-analista-juridico-spgg\/#primaryimage\"},\"thumbnailUrl\":\"https:\/\/dhg1h5j42swfq.cloudfront.net\/2021\/12\/12194043\/largo_dos_acorianos_2-1.jpg\",\"datePublished\":\"2021-12-23T11:17:00+00:00\",\"dateModified\":\"2022-08-10T00:48:35+00:00\",\"description\":\"Saiba quais os principais assuntos dentro do conte\u00fado de Direito Ambiental previsto no edital do concurso da SPGG - RS, Analista Jur\u00eddico.\",\"breadcrumb\":{\"@id\":\"https:\/\/www.estrategiaconcursos.com.br\/blog\/direito-ambiental-analista-juridico-spgg\/#breadcrumb\"},\"inLanguage\":\"pt-BR\",\"potentialAction\":[{\"@type\":\"ReadAction\",\"target\":[\"https:\/\/www.estrategiaconcursos.com.br\/blog\/direito-ambiental-analista-juridico-spgg\/\"]}]},{\"@type\":\"ImageObject\",\"inLanguage\":\"pt-BR\",\"@id\":\"https:\/\/www.estrategiaconcursos.com.br\/blog\/direito-ambiental-analista-juridico-spgg\/#primaryimage\",\"url\":\"https:\/\/dhg1h5j42swfq.cloudfront.net\/2021\/12\/12194043\/largo_dos_acorianos_2-1.jpg\",\"contentUrl\":\"https:\/\/dhg1h5j42swfq.cloudfront.net\/2021\/12\/12194043\/largo_dos_acorianos_2-1.jpg\",\"width\":1000,\"height\":599,\"caption\":\"Analista Jur\u00cddico - SPGG\"},{\"@type\":\"BreadcrumbList\",\"@id\":\"https:\/\/www.estrategiaconcursos.com.br\/blog\/direito-ambiental-analista-juridico-spgg\/#breadcrumb\",\"itemListElement\":[{\"@type\":\"ListItem\",\"position\":1,\"name\":\"In\u00edcio\",\"item\":\"https:\/\/www.estrategiaconcursos.com.br\/blog\/\"},{\"@type\":\"ListItem\",\"position\":2,\"name\":\"Direito Ambiental para Analista Jur\u00eddico SPGG-RS\"}]},{\"@type\":\"WebSite\",\"@id\":\"https:\/\/www.estrategiaconcursos.com.br\/blog\/#website\",\"url\":\"https:\/\/www.estrategiaconcursos.com.br\/blog\/\",\"name\":\"Estrat\u00e9gia Concursos\",\"description\":\"O blog da Estrat\u00e9gia Concursos traz not\u00edcias sobre concursos e artigos de professores oferecendo cursos para concursos (pdf + videaulas) no site.\",\"publisher\":{\"@id\":\"https:\/\/www.estrategiaconcursos.com.br\/blog\/#organization\"},\"potentialAction\":[{\"@type\":\"SearchAction\",\"target\":{\"@type\":\"EntryPoint\",\"urlTemplate\":\"https:\/\/www.estrategiaconcursos.com.br\/blog\/?s={search_term_string}\"},\"query-input\":{\"@type\":\"PropertyValueSpecification\",\"valueRequired\":true,\"valueName\":\"search_term_string\"}}],\"inLanguage\":\"pt-BR\"},{\"@type\":\"Organization\",\"@id\":\"https:\/\/www.estrategiaconcursos.com.br\/blog\/#organization\",\"name\":\"Estrat\u00e9gia Concursos\",\"url\":\"https:\/\/www.estrategiaconcursos.com.br\/blog\/\",\"logo\":{\"@type\":\"ImageObject\",\"inLanguage\":\"pt-BR\",\"@id\":\"https:\/\/www.estrategiaconcursos.com.br\/blog\/#\/schema\/logo\/image\/\",\"url\":\"https:\/\/dhg1h5j42swfq.cloudfront.net\/2025\/06\/03203428\/logo_concursos-1.jpg\",\"contentUrl\":\"https:\/\/dhg1h5j42swfq.cloudfront.net\/2025\/06\/03203428\/logo_concursos-1.jpg\",\"width\":230,\"height\":60,\"caption\":\"Estrat\u00e9gia Concursos\"},\"image\":{\"@id\":\"https:\/\/www.estrategiaconcursos.com.br\/blog\/#\/schema\/logo\/image\/\"},\"sameAs\":[\"https:\/\/x.com\/EstratConcursos\"]},{\"@type\":\"Person\",\"@id\":\"https:\/\/www.estrategiaconcursos.com.br\/blog\/#\/schema\/person\/fcabad88fb5f77e6eb2dbf49c6b2d62c\",\"name\":\"Gisele Belo Canto\",\"image\":{\"@type\":\"ImageObject\",\"inLanguage\":\"pt-BR\",\"@id\":\"https:\/\/secure.gravatar.com\/avatar\/394724be6aee496c46a4bd16a01d3defd0c8fcaf4f4fc495b5c6da88e0b3fe74?s=96&d=mm&r=g\",\"url\":\"https:\/\/secure.gravatar.com\/avatar\/394724be6aee496c46a4bd16a01d3defd0c8fcaf4f4fc495b5c6da88e0b3fe74?s=96&d=mm&r=g\",\"contentUrl\":\"https:\/\/secure.gravatar.com\/avatar\/394724be6aee496c46a4bd16a01d3defd0c8fcaf4f4fc495b5c6da88e0b3fe74?s=96&d=mm&r=g\",\"caption\":\"Gisele Belo Canto\"},\"url\":\"https:\/\/www.estrategiaconcursos.com.br\/blog\/author\/giselecanto25hotmail-com\/\"}]}<\/script>\n<!-- \/ Yoast SEO Premium plugin. -->","yoast_head_json":{"title":"Direito Ambiental SPGG: Resumo para Analista Jur\u00eddico","description":"Saiba quais os principais assuntos dentro do conte\u00fado de Direito Ambiental previsto no edital do concurso da SPGG - RS, Analista Jur\u00eddico.","robots":{"index":"index","follow":"follow","max-snippet":"max-snippet:-1","max-image-preview":"max-image-preview:large","max-video-preview":"max-video-preview:-1"},"canonical":"https:\/\/www.estrategiaconcursos.com.br\/blog\/direito-ambiental-analista-juridico-spgg\/","og_locale":"pt_BR","og_type":"article","og_title":"Direito Ambiental para Analista Jur\u00eddico SPGG-RS","og_description":"Saiba quais os principais assuntos dentro do conte\u00fado de Direito Ambiental previsto no edital do concurso da SPGG - RS, Analista Jur\u00eddico.","og_url":"https:\/\/www.estrategiaconcursos.com.br\/blog\/direito-ambiental-analista-juridico-spgg\/","og_site_name":"Estrat\u00e9gia Concursos","article_published_time":"2021-12-23T11:17:00+00:00","article_modified_time":"2022-08-10T00:48:35+00:00","og_image":[{"width":1000,"height":599,"url":"https:\/\/dhg1h5j42swfq.cloudfront.net\/2021\/12\/12194043\/largo_dos_acorianos_2-1.jpg","type":"image\/jpeg"}],"author":"Gisele Belo Canto","twitter_card":"summary_large_image","twitter_creator":"@EstratConcursos","twitter_site":"@EstratConcursos","twitter_misc":{"Escrito por":"Gisele Belo Canto","Est. tempo de leitura":"14 minutos"},"schema":{"@context":"https:\/\/schema.org","@graph":[{"@type":"NewsArticle","@id":"https:\/\/www.estrategiaconcursos.com.br\/blog\/direito-ambiental-analista-juridico-spgg\/#article","isPartOf":{"@id":"https:\/\/www.estrategiaconcursos.com.br\/blog\/direito-ambiental-analista-juridico-spgg\/"},"author":{"name":"Gisele Belo Canto","@id":"https:\/\/www.estrategiaconcursos.com.br\/blog\/#\/schema\/person\/fcabad88fb5f77e6eb2dbf49c6b2d62c"},"headline":"Direito Ambiental para Analista Jur\u00eddico SPGG-RS","datePublished":"2021-12-23T11:17:00+00:00","dateModified":"2022-08-10T00:48:35+00:00","mainEntityOfPage":{"@id":"https:\/\/www.estrategiaconcursos.com.br\/blog\/direito-ambiental-analista-juridico-spgg\/"},"wordCount":3339,"commentCount":0,"publisher":{"@id":"https:\/\/www.estrategiaconcursos.com.br\/blog\/#organization"},"image":{"@id":"https:\/\/www.estrategiaconcursos.com.br\/blog\/direito-ambiental-analista-juridico-spgg\/#primaryimage"},"thumbnailUrl":"https:\/\/dhg1h5j42swfq.cloudfront.net\/2021\/12\/12194043\/largo_dos_acorianos_2-1.jpg","articleSection":["Concursos P\u00fablicos","Jur\u00eddico"],"inLanguage":"pt-BR","potentialAction":[{"@type":"CommentAction","name":"Comment","target":["https:\/\/www.estrategiaconcursos.com.br\/blog\/direito-ambiental-analista-juridico-spgg\/#respond"]}],"copyrightYear":"2021","copyrightHolder":{"@id":"https:\/\/www.estrategiaconcursos.com.br\/blog\/#organization"}},{"@type":"WebPage","@id":"https:\/\/www.estrategiaconcursos.com.br\/blog\/direito-ambiental-analista-juridico-spgg\/","url":"https:\/\/www.estrategiaconcursos.com.br\/blog\/direito-ambiental-analista-juridico-spgg\/","name":"Direito Ambiental SPGG: Resumo para Analista Jur\u00eddico","isPartOf":{"@id":"https:\/\/www.estrategiaconcursos.com.br\/blog\/#website"},"primaryImageOfPage":{"@id":"https:\/\/www.estrategiaconcursos.com.br\/blog\/direito-ambiental-analista-juridico-spgg\/#primaryimage"},"image":{"@id":"https:\/\/www.estrategiaconcursos.com.br\/blog\/direito-ambiental-analista-juridico-spgg\/#primaryimage"},"thumbnailUrl":"https:\/\/dhg1h5j42swfq.cloudfront.net\/2021\/12\/12194043\/largo_dos_acorianos_2-1.jpg","datePublished":"2021-12-23T11:17:00+00:00","dateModified":"2022-08-10T00:48:35+00:00","description":"Saiba quais os principais assuntos dentro do conte\u00fado de Direito Ambiental previsto no edital do concurso da SPGG - RS, Analista Jur\u00eddico.","breadcrumb":{"@id":"https:\/\/www.estrategiaconcursos.com.br\/blog\/direito-ambiental-analista-juridico-spgg\/#breadcrumb"},"inLanguage":"pt-BR","potentialAction":[{"@type":"ReadAction","target":["https:\/\/www.estrategiaconcursos.com.br\/blog\/direito-ambiental-analista-juridico-spgg\/"]}]},{"@type":"ImageObject","inLanguage":"pt-BR","@id":"https:\/\/www.estrategiaconcursos.com.br\/blog\/direito-ambiental-analista-juridico-spgg\/#primaryimage","url":"https:\/\/dhg1h5j42swfq.cloudfront.net\/2021\/12\/12194043\/largo_dos_acorianos_2-1.jpg","contentUrl":"https:\/\/dhg1h5j42swfq.cloudfront.net\/2021\/12\/12194043\/largo_dos_acorianos_2-1.jpg","width":1000,"height":599,"caption":"Analista Jur\u00cddico - SPGG"},{"@type":"BreadcrumbList","@id":"https:\/\/www.estrategiaconcursos.com.br\/blog\/direito-ambiental-analista-juridico-spgg\/#breadcrumb","itemListElement":[{"@type":"ListItem","position":1,"name":"In\u00edcio","item":"https:\/\/www.estrategiaconcursos.com.br\/blog\/"},{"@type":"ListItem","position":2,"name":"Direito Ambiental para Analista Jur\u00eddico SPGG-RS"}]},{"@type":"WebSite","@id":"https:\/\/www.estrategiaconcursos.com.br\/blog\/#website","url":"https:\/\/www.estrategiaconcursos.com.br\/blog\/","name":"Estrat\u00e9gia Concursos","description":"O blog da Estrat\u00e9gia Concursos traz not\u00edcias sobre concursos e artigos de professores oferecendo cursos para concursos (pdf + videaulas) no site.","publisher":{"@id":"https:\/\/www.estrategiaconcursos.com.br\/blog\/#organization"},"potentialAction":[{"@type":"SearchAction","target":{"@type":"EntryPoint","urlTemplate":"https:\/\/www.estrategiaconcursos.com.br\/blog\/?s={search_term_string}"},"query-input":{"@type":"PropertyValueSpecification","valueRequired":true,"valueName":"search_term_string"}}],"inLanguage":"pt-BR"},{"@type":"Organization","@id":"https:\/\/www.estrategiaconcursos.com.br\/blog\/#organization","name":"Estrat\u00e9gia Concursos","url":"https:\/\/www.estrategiaconcursos.com.br\/blog\/","logo":{"@type":"ImageObject","inLanguage":"pt-BR","@id":"https:\/\/www.estrategiaconcursos.com.br\/blog\/#\/schema\/logo\/image\/","url":"https:\/\/dhg1h5j42swfq.cloudfront.net\/2025\/06\/03203428\/logo_concursos-1.jpg","contentUrl":"https:\/\/dhg1h5j42swfq.cloudfront.net\/2025\/06\/03203428\/logo_concursos-1.jpg","width":230,"height":60,"caption":"Estrat\u00e9gia Concursos"},"image":{"@id":"https:\/\/www.estrategiaconcursos.com.br\/blog\/#\/schema\/logo\/image\/"},"sameAs":["https:\/\/x.com\/EstratConcursos"]},{"@type":"Person","@id":"https:\/\/www.estrategiaconcursos.com.br\/blog\/#\/schema\/person\/fcabad88fb5f77e6eb2dbf49c6b2d62c","name":"Gisele Belo Canto","image":{"@type":"ImageObject","inLanguage":"pt-BR","@id":"https:\/\/secure.gravatar.com\/avatar\/394724be6aee496c46a4bd16a01d3defd0c8fcaf4f4fc495b5c6da88e0b3fe74?s=96&d=mm&r=g","url":"https:\/\/secure.gravatar.com\/avatar\/394724be6aee496c46a4bd16a01d3defd0c8fcaf4f4fc495b5c6da88e0b3fe74?s=96&d=mm&r=g","contentUrl":"https:\/\/secure.gravatar.com\/avatar\/394724be6aee496c46a4bd16a01d3defd0c8fcaf4f4fc495b5c6da88e0b3fe74?s=96&d=mm&r=g","caption":"Gisele Belo Canto"},"url":"https:\/\/www.estrategiaconcursos.com.br\/blog\/author\/giselecanto25hotmail-com\/"}]}},"_links":{"self":[{"href":"https:\/\/www.estrategiaconcursos.com.br\/blog\/wp-json\/wp\/v2\/posts\/919148","targetHints":{"allow":["GET"]}}],"collection":[{"href":"https:\/\/www.estrategiaconcursos.com.br\/blog\/wp-json\/wp\/v2\/posts"}],"about":[{"href":"https:\/\/www.estrategiaconcursos.com.br\/blog\/wp-json\/wp\/v2\/types\/post"}],"author":[{"embeddable":true,"href":"https:\/\/www.estrategiaconcursos.com.br\/blog\/wp-json\/wp\/v2\/users\/1914"}],"replies":[{"embeddable":true,"href":"https:\/\/www.estrategiaconcursos.com.br\/blog\/wp-json\/wp\/v2\/comments?post=919148"}],"version-history":[{"count":16,"href":"https:\/\/www.estrategiaconcursos.com.br\/blog\/wp-json\/wp\/v2\/posts\/919148\/revisions"}],"predecessor-version":[{"id":1075024,"href":"https:\/\/www.estrategiaconcursos.com.br\/blog\/wp-json\/wp\/v2\/posts\/919148\/revisions\/1075024"}],"wp:featuredmedia":[{"embeddable":true,"href":"https:\/\/www.estrategiaconcursos.com.br\/blog\/wp-json\/wp\/v2\/media\/927535"}],"wp:attachment":[{"href":"https:\/\/www.estrategiaconcursos.com.br\/blog\/wp-json\/wp\/v2\/media?parent=919148"}],"wp:term":[{"taxonomy":"category","embeddable":true,"href":"https:\/\/www.estrategiaconcursos.com.br\/blog\/wp-json\/wp\/v2\/categories?post=919148"},{"taxonomy":"post_tag","embeddable":true,"href":"https:\/\/www.estrategiaconcursos.com.br\/blog\/wp-json\/wp\/v2\/tags?post=919148"},{"taxonomy":"tax_estado","embeddable":true,"href":"https:\/\/www.estrategiaconcursos.com.br\/blog\/wp-json\/wp\/v2\/tax_estado?post=919148"}],"curies":[{"name":"wp","href":"https:\/\/api.w.org\/{rel}","templated":true}]}}