{"id":918556,"date":"2021-12-21T10:00:00","date_gmt":"2021-12-21T13:00:00","guid":{"rendered":"https:\/\/www.estrategiaconcursos.com.br\/blog\/?p=918556"},"modified":"2025-01-24T10:24:10","modified_gmt":"2025-01-24T13:24:10","slug":"edital-ibama-2021","status":"publish","type":"post","link":"https:\/\/www.estrategiaconcursos.com.br\/blog\/edital-ibama-2021\/","title":{"rendered":"Edital IBAMA: inscri\u00e7\u00f5es encerradas; Saiba mais!"},"content":{"rendered":"\n<p>Est\u00e3o encerradas as inscri\u00e7\u00f5es do edital IBAMA para provimento de <strong>568 vagas<\/strong> nos cargos de <strong>Analista Ambienta<\/strong>l (<a href=\"https:\/\/www.estrategiaconcursos.com.br\/curso\/ibama-analista-ambiental-tema-1-licenciamento-ambiental-pacote-2021-pos-edital\/\" target=\"_blank\" rel=\"noreferrer noopener\">Tema 01<\/a>, <a href=\"https:\/\/www.estrategiaconcursos.com.br\/curso\/ibama-analista-ambiental-tema-2-recuperacao-ambiental-pacote-2021-pos-edital\/\" target=\"_blank\" rel=\"noreferrer noopener\">Tema 02<\/a> e <a href=\"https:\/\/www.estrategiaconcursos.com.br\/curso\/ibama-analista-ambiental-tema-3-gestao-protecao-e-controle-pacote-2021-pos-edital\/\" target=\"_blank\" rel=\"noreferrer noopener\">Tema 03<\/a>), <a href=\"https:\/\/www.estrategiaconcursos.com.br\/curso\/ibama-analista-administrativo-pacote-2021-pos-edital\/\" target=\"_blank\" rel=\"noreferrer noopener\"><strong>Analista Administrativo <\/strong>(n\u00edvel superior)<\/a> e <a href=\"https:\/\/www.estrategiaconcursos.com.br\/curso\/ibama-tecnico-ambiental-pacote-2021-pos-edital\/\" target=\"_blank\" rel=\"noreferrer noopener\"><strong>T\u00e9cnico Ambiental<\/strong> (n\u00edvel m\u00e9dio)<\/a><strong>.<\/strong><\/p>\n\n\n\n<p>Os interessados em participar da sele\u00e7\u00e3o tiveram que se inscrever atrav\u00e9s do site da banca, o <a href=\"https:\/\/www.cebraspe.org.br\/concursos\/IBAMA_21\" target=\"_blank\" rel=\"noreferrer noopener\">Cebraspe<\/a>. Ap\u00f3s a inscri\u00e7\u00e3o, o candidato teve que efetuar o pagamento da<strong> <\/strong>taxa, no valor de R$ 70,00 ou R$ 102,00, a depender do cargo. <\/p>\n\n\n\n<p>Vale lembrar as oportunidades ofertadas neste certame oferecem sal\u00e1rios entre <span style=\"font-size: revert; color: initial;\"><strong>R$ 4.063,34<\/strong><\/span> (T\u00e9cnico) e <strong>R$<\/strong> <strong>8.547,64 <\/strong>(Analista)!<\/p>\n\n\n\n<ul class=\"has-pale-ocean-gradient-background has-background wp-block-list\"><li><strong>Edital IBAMA<\/strong><\/li><li><strong>Status<\/strong>: Em andamento<\/li><li><strong>Vagas<\/strong>: 568<\/li><li><strong>Sal\u00e1rio Inicial:<\/strong> R$ 4.063,34 e R$ 8.547,64 <\/li><li><strong>Edital:<\/strong> <a href=\"https:\/\/dhg1h5j42swfq.cloudfront.net\/2021\/11\/29193840\/ed_1_2021_ibama_abertura-1.pdf\" target=\"_blank\" rel=\"noreferrer noopener nofollow\">Concurso IBAMA 2021<\/a><\/li><\/ul>\n\n\n\n<p>As <strong>provas objetiva e discursiva <\/strong>foram marcadas para o dia<strong> 30 de janeiro de 2022<\/strong> e ser\u00e3o realizadas nas capitais dos 26 estados da Federa\u00e7\u00e3o e no Distrito Federal.<\/p>\n\n\n<figure class=\"wp-block-embed-youtube wp-block-embed is-type-video is-provider-youtube wp-embed-aspect-16-9 wp-has-aspect-ratio lyte-align aligncenter\"><div class=\"lyte-wrapper\" style=\"width:853px;max-width:100%;margin:5px;\"><div class=\"lyMe\" id=\"WYL_KlR8XI6CLt8\"><div id=\"lyte_KlR8XI6CLt8\" data-src=\"\/\/i.ytimg.com\/vi\/KlR8XI6CLt8\/hqdefault.jpg\" class=\"pL\"><div class=\"tC\"><div class=\"tT\"><\/div><\/div><div class=\"play\"><\/div><div class=\"ctrl\"><div class=\"Lctrl\"><\/div><div class=\"Rctrl\"><\/div><\/div><\/div><noscript><a href=\"https:\/\/youtu.be\/KlR8XI6CLt8\" rel=\"nofollow\"><img loading=\"lazy\" decoding=\"async\" src=\"https:\/\/i.ytimg.com\/vi\/KlR8XI6CLt8\/0.jpg\" alt=\"YouTube video thumbnail\" width=\"853\" height=\"460\" \/><br \/>Assista a este v\u00eddeo no YouTube<\/a><\/noscript><\/div><\/div><div class=\"lL\" style=\"max-width:100%;width:853px;margin:5px;\"><\/div><figcaption><\/figcaption><\/figure>\n\n\n<h2 class=\"wp-block-heading\" id=\"h-principais-datas-do-edital-ibama\">Principais datas do edital&nbsp;IBAMA:<\/h2>\n\n\n\n<p class=\"has-background\" style=\"background-color:#b4ffe1\"><strong>Inscri\u00e7\u00f5es<\/strong>: <s>1\u00ba a 20\/12\/2021<\/s><br \/><strong>Isen\u00e7\u00e3o da taxa<\/strong>: 05\/01\/2022<br \/><strong>Taxas: <\/strong>R$ 70,00 (T\u00e9cnico) \/ R$ 102,00 (Analista)<br \/><strong>Prova<\/strong>s: 30\/01\/2022<\/p>\n\n\n\n<h2 class=\"wp-block-heading\">Cargos, vagas e remunera\u00e7\u00e3o do edital IBAMA: <\/h2>\n\n\n\n<div class=\"wp-block-image\"><figure class=\"aligncenter size-full\"><img loading=\"lazy\" decoding=\"async\" width=\"711\" height=\"337\" src=\"https:\/\/dhg1h5j42swfq.cloudfront.net\/2021\/11\/29194655\/image-640.png\" alt=\"vagas edital ibama\" class=\"wp-image-918578\" srcset=\"https:\/\/dhg1h5j42swfq.cloudfront.net\/2021\/11\/29194655\/image-640.png 711w, https:\/\/dhg1h5j42swfq.cloudfront.net\/2021\/11\/29194655\/image-640-300x142.png 300w, https:\/\/dhg1h5j42swfq.cloudfront.net\/2021\/11\/29194655\/image-640-610x289.png 610w\" sizes=\"auto, (max-width: 711px) 100vw, 711px\" \/><\/figure><\/div>\n\n\n\n<div class=\"wp-block-image\"><figure class=\"aligncenter size-full\"><img loading=\"lazy\" decoding=\"async\" width=\"707\" height=\"660\" src=\"https:\/\/dhg1h5j42swfq.cloudfront.net\/2021\/11\/29194742\/image-641.png\" alt=\"vagas edital ibama\" class=\"wp-image-918580\" srcset=\"https:\/\/dhg1h5j42swfq.cloudfront.net\/2021\/11\/29194742\/image-641.png 707w, https:\/\/dhg1h5j42swfq.cloudfront.net\/2021\/11\/29194742\/image-641-300x280.png 300w, https:\/\/dhg1h5j42swfq.cloudfront.net\/2021\/11\/29194742\/image-641-610x569.png 610w\" sizes=\"auto, (max-width: 707px) 100vw, 707px\" \/><\/figure><\/div>\n\n\n\n<p>Ainda segundo o edital, <strong>o sal\u00e1rio dos pr\u00f3ximos aprovados do IBAMA s\u00e3o:<\/strong><\/p>\n\n\n\n<ul class=\"wp-block-list\" id=\"block-af3df66c-d8ab-49ab-91b1-0d7d8fd91c54\"><li><strong>ANALISTA AMBIENTAL e ANALISTA ADMINISTRATIVO<\/strong><ul><li>(j\u00e1 inclu\u00eddos GDAEM e aux\u00edlio-alimenta\u00e7\u00e3o): R$ 8.547,64<\/li><\/ul><\/li><li><strong>T\u00c9CNICO AMBIENTAL<\/strong><ul><li>(j\u00e1 inclu\u00eddos GDAEM e aux\u00edlio-alimenta\u00e7\u00e3o): R$ 4.063,34 <\/li><\/ul><\/li><\/ul>\n\n\n\n<h3 class=\"wp-block-heading\">Requisitos <\/h3>\n\n\n\n<ul class=\"wp-block-list\"><li><strong>ANALISTA AMBIENTAL<\/strong><ul><li>diploma, devidamente registrado, de conclus\u00e3o de curso de gradua\u00e7\u00e3o em n\u00edvel superior, fornecido por institui\u00e7\u00e3o de ensino superior reconhecida pelo (MEC).<\/li><\/ul><\/li><\/ul>\n\n\n\n<ul class=\"wp-block-list\"><li><strong>ANALISTA ADMINISTRATIVO<\/strong><ul><li>diploma, devidamente registrado, de conclus\u00e3o de curso de gradua\u00e7\u00e3o em n\u00edvel superior, fornecido por institui\u00e7\u00e3o de ensino superior reconhecida pelo Minist\u00e9rio da Educa\u00e7\u00e3o (MEC).<\/li><\/ul><\/li><\/ul>\n\n\n\n<ul class=\"wp-block-list\"><li><strong>T\u00c9CNICO AMBIENTAL<\/strong><ul><li>certificado, devidamente registrado, de conclus\u00e3o de ensino m\u00e9dio ou curso t\u00e9cnico equivalente, expedido por institui\u00e7\u00e3o de ensino reconhecida pelo \u00f3rg\u00e3o competente.<\/li><\/ul><\/li><\/ul>\n\n\n\n<h2 class=\"wp-block-heading\">Etapas do edital&nbsp;IBAMA<\/h2>\n\n\n\n<ul class=\"wp-block-list\"><li><strong>Prova Objetiva<\/strong><\/li><li><strong>Prova Discursiva<\/strong><\/li><\/ul>\n\n\n\n<p>As provas objetivas e a prova discursiva para os cargos de <strong>Analista Administrativo<\/strong> e de <strong>Analista Ambiental <\/strong>ter\u00e3o a dura\u00e7\u00e3o de <strong>4 horas e 30 minutos<\/strong> e ser\u00e3o aplicadas no turno da <strong>manh\u00e3<\/strong>.<\/p>\n\n\n\n<p>As provas objetivas e a prova discursiva para o cargo de <strong>T\u00e9cnico Ambiental<\/strong> ter\u00e3o a dura\u00e7\u00e3o de <strong>4 horas e 30 minutos<\/strong> e ser\u00e3o aplicadas no turno da <strong>tarde<\/strong><\/p>\n\n\n\n<div class=\"wp-block-image\"><figure class=\"aligncenter size-full\"><img loading=\"lazy\" decoding=\"async\" width=\"710\" height=\"365\" src=\"https:\/\/dhg1h5j42swfq.cloudfront.net\/2021\/11\/29195256\/image-644.png\" alt=\"\" class=\"wp-image-918589\" srcset=\"https:\/\/dhg1h5j42swfq.cloudfront.net\/2021\/11\/29195256\/image-644.png 710w, https:\/\/dhg1h5j42swfq.cloudfront.net\/2021\/11\/29195256\/image-644-300x154.png 300w, https:\/\/dhg1h5j42swfq.cloudfront.net\/2021\/11\/29195256\/image-644-610x314.png 610w\" sizes=\"auto, (max-width: 710px) 100vw, 710px\" \/><\/figure><\/div>\n\n\n\n<h3 class=\"wp-block-heading\">Prova Objetiva<\/h3>\n\n\n\n<p>As provas objetivas, de car\u00e1ter eliminat\u00f3rio e classificat\u00f3rio, valer\u00e3o 120,00 ponto.<\/p>\n\n\n\n<p>Ser\u00e1 reprovado nas provas objetivas e eliminado do concurso p\u00fablico o candidato que se enquadrar em pelo menos um dos itens a seguir: <\/p>\n\n\n\n<ul class=\"wp-block-list\"><li>a) obtiver nota inferior a 10,00 pontos na prova objetiva de conhecimentos b\u00e1sicos P1;<\/li><li>b) obtiver nota inferior a 21,00 pontos na prova objetiva de conhecimentos espec\u00edficos P2;<\/li><li>c) obtiver nota inferior a 36,00 pontos no conjunto das provas objetivas.<\/li><\/ul>\n\n\n\n<h3 class=\"wp-block-heading\">Prova Discursiva<\/h3>\n\n\n\n<p>A prova discursiva valer\u00e1 30,00 pontos e consistir\u00e1 de:<\/p>\n\n\n\n<ul class=\"wp-block-list\"><li><strong>a) para o Cargo 1:<\/strong> Analista Administrativo: reda\u00e7\u00e3o de texto dissertativo, de at\u00e9 30 linhas, a respeito de temas relacionados a conhecimentos espec\u00edficos;<\/li><li><strong>b) para os Cargos 2, 3 e 4:<\/strong> Analista Ambiental: reda\u00e7\u00e3o de texto dissertativo, de at\u00e9 30 linhas, abordando objeto(s) de conhecimentos espec\u00edficos de acordo com o Tema escolhido (TEMA 1, TEMA 2 OU TEMA 3); e<\/li><li><strong>c) para o Cargo 5:<\/strong> T\u00e9cnico Ambiental: reda\u00e7\u00e3o de texto dissertativo, de at\u00e9 30 linhas, a respeito de temas relacionados a atualidades. <\/li><\/ul>\n\n\n\n<h2 class=\"wp-block-heading\">Edital Estrat\u00e9gico&nbsp;IBAMA: baixe gratuitamente<\/h2>\n\n\n\n<p><strong>O que \u00e9 o Edital Estrat\u00e9gico?<\/strong>&nbsp;Trata-se de uma planilha com recursos para ajud\u00e1-los no registro das diferentes tarefas de estudo: teoria, revis\u00e3o e exerc\u00edcios. O registro de cada tarefa ser\u00e1 feito para cada assunto exigido no conte\u00fado program\u00e1tico do edital.<\/p>\n\n\n\n<ul class=\"wp-block-list\"><li><a href=\"https:\/\/docs.google.com\/spreadsheets\/d\/1xUkOhnR3DwIl0-gr776AqsoI6BFchobW\/edit?usp=sharing&amp;ouid=117192946593289605908&amp;rtpof=true&amp;sd=true\" target=\"_blank\" rel=\"noreferrer noopener nofollow\"><strong>T\u00e9cnico Ambiental<\/strong><\/a><\/li><li><a href=\"https:\/\/docs.google.com\/spreadsheets\/d\/1Oy_iQJUR3oEbGq6bk-TN5ie73FasW9hD\/edit?usp=sharing&amp;ouid=117192946593289605908&amp;rtpof=true&amp;sd=true\" target=\"_blank\" rel=\"noreferrer noopener nofollow\"><strong>Analista Administrativo<\/strong><\/a><\/li><\/ul>\n\n\n\n<h2 class=\"wp-block-heading\" id=\"vade\">Vade Mecum IBAMA<\/h2>\n\n\n\n<p>Nosso Vade Mecum traz uma compila\u00e7\u00e3o das principais normas do concurso. Esse material de consulta pode ser utilizado em toda a sua prepara\u00e7\u00e3o, sendo o seu companheiro sempre que voc\u00ea estiver assistindo nossas videoaulas ou lendo os nossos livros digitais (PDFs).<\/p>\n\n\n\n<ul class=\"wp-block-list\"><li><strong><a href=\"https:\/\/gratis.estrategiaconcursos.com.br\/vade-mecum-ibama\/\" target=\"_blank\" rel=\"noreferrer noopener\">Vade M\u00e9cum IBAMA<\/a><\/strong><\/li><\/ul>\n\n\n\n<p class=\"has-text-align-center\"><em>Acesse o link abaixo e confira informa\u00e7\u00f5es exclusivas sobre IBAMA:<\/em><\/p>\n\n\n\n<p class=\"has-text-align-center has-light-green-cyan-background-color has-background\" style=\"font-size:clamp(14.642px, 0.915rem + ((1vw - 3.2px) * 0.721), 22px);\"><strong>Saiba mais: <a href=\"https:\/\/www.estrategiaconcursos.com.br\/blog\/concurso-ibama\" target=\"_blank\" rel=\"noreferrer noopener\">IBAMA<\/a><\/strong><\/p>\n\n\n\n<hr class=\"wp-block-separator\"\/>\n\n\n\n<h2 class=\"has-text-align-center wp-block-heading\" id=\"cursos-assinatura\">Quer estudar para o concurso IBAMA?<\/h2>\n\n\n\n<div class=\"container\" id=\"boxes\">\n  <div class=\"row\">\n\n    <div class=\"col-sm\">\n      <div class=\"banner-estrategia\" id=\"box-assinatura\">\n        <h3 class=\"titulo-assinatura\">Cursos para IBAMA<\/h3>\n        <p class=\"subtitulo-assinatura\">Estude conosco<\/p>\n        <div class=\"box-botao\">\n          <a class=\"btn-assinatura\" target=\"_blank\" href=\"https:\/\/www.estrategiaconcursos.com.br\/cursosPorConcurso\/ibama-analista-61\/\" role=\"button\" rel=\"noopener noreferrer\">Conhe\u00e7a os cursos<\/a>\n        <\/div>\n      <\/div>\n     \n    <\/div>\n\n  <\/div>\n<\/div>\n\n\n\n<div class=\"container\" id=\"boxes\">\n  <div class=\"row\">\n\n    <div class=\"col-sm\">\n      <div class=\"estrategia\" id=\"box-assinatura\">\n        <h3 class=\"titulo-assinatura\">Assinatura Concursos<\/h3>\n        <p class=\"subtitulo-assinatura\">Assinatura de 1 ano ou 2 anos<\/p>\n        <div class=\"box-botao\">\n          <a class=\"btn-assinatura\" target=\"_blank\" href=\"https:\/\/www.estrategiaconcursos.com.br\/assinaturas\/\" role=\"button\" rel=\"noopener noreferrer\">ASSINE AGORA<\/a>\n        <\/div>\n      <\/div>\n     \n    <\/div><\/div><\/div>\n\n\n\n<h2 class=\"has-text-align-center wp-block-heading\">Quer saber tudo sobre concursos previstos?<br \/>Confira nossos artigos!<\/h2>\n\n\n\n<ul class=\"wp-block-list\"><li><a target=\"_blank\" href=\"https:\/\/www.estrategiaconcursos.com.br\/blog\/concursos-abertos\/\" rel=\"noreferrer noopener\">Concursos abertos<\/a><\/li><li><a target=\"_blank\" href=\"https:\/\/www.estrategiaconcursos.com.br\/blog\/concursos-2022\/\" rel=\"noreferrer noopener\">Concursos 2022<\/a><\/li><\/ul>\n\n\n\n<figure class=\"wp-block-image size-large is-resized\"><img loading=\"lazy\" decoding=\"async\" src=\"https:\/\/dhg1h5j42swfq.cloudfront.net\/2021\/03\/30102029\/ficha-tecnica-8-1024x632.png\" alt=\"Informa\u00e7\u00f5es do edital IBAMA\" class=\"wp-image-704293\" width=\"225\" height=\"139\" srcset=\"https:\/\/dhg1h5j42swfq.cloudfront.net\/2021\/03\/30102029\/ficha-tecnica-8-1024x632.png 1024w, https:\/\/dhg1h5j42swfq.cloudfront.net\/2021\/03\/30102029\/ficha-tecnica-8-300x185.png 300w, https:\/\/dhg1h5j42swfq.cloudfront.net\/2021\/03\/30102029\/ficha-tecnica-8-768x474.png 768w, https:\/\/dhg1h5j42swfq.cloudfront.net\/2021\/03\/30102029\/ficha-tecnica-8-1536x948.png 1536w, https:\/\/dhg1h5j42swfq.cloudfront.net\/2021\/03\/30102029\/ficha-tecnica-8-610x377.png 610w, https:\/\/dhg1h5j42swfq.cloudfront.net\/2021\/03\/30102029\/ficha-tecnica-8.png 1571w\" sizes=\"auto, (max-width: 225px) 100vw, 225px\" \/><\/figure>\n\n\n\n<h3 class=\"wp-block-heading\" id=\"ficha\">\u2666 Informa\u00e7\u00f5es do edital IBAMA<\/h3>\n\n\n\n<ul class=\"wp-block-list\"><li><strong>Data da prova<\/strong>: 30\/01\/2022<\/li><li><strong>Vagas<\/strong>: 568<\/li><li><strong>Cargos<\/strong>: Analista Ambiental, Analista Administrativo e T\u00e9cnico Ambiental<\/li><li><strong>Banca<\/strong>: Cebraspe<\/li><li><strong>Escolaridade<\/strong>: N\u00edvel m\u00e9dio e superior<\/li><li><strong>Edital: <\/strong><a href=\"https:\/\/dhg1h5j42swfq.cloudfront.net\/2021\/11\/29193840\/ed_1_2021_ibama_abertura-1.pdf\" target=\"_blank\" rel=\"noreferrer noopener nofollow\">Concurso IBAMA 2021<\/a><\/li><\/ul>\n","protected":false},"excerpt":{"rendered":"<p>Est\u00e3o encerradas as inscri\u00e7\u00f5es do edital IBAMA para provimento de 568 vagas nos cargos de Analista Ambiental (Tema 01, Tema 02 e Tema 03), Analista Administrativo (n\u00edvel superior) e T\u00e9cnico Ambiental (n\u00edvel m\u00e9dio). Os interessados em participar da sele\u00e7\u00e3o tiveram que se inscrever atrav\u00e9s do site da banca, o Cebraspe. Ap\u00f3s a inscri\u00e7\u00e3o, o candidato [&hellip;]<\/p>\n","protected":false},"author":659,"featured_media":731068,"comment_status":"open","ping_status":"closed","sticky":false,"template":"","format":"standard","meta":{"post_tipo":"news","footnotes":""},"categories":[214992,220219],"tags":[],"tax_estado":[219963],"class_list":["post-918556","post","type-post","status-publish","format-standard","has-post-thumbnail","hentry","category-concursos-administrativos","category-noticias","tax_estado-concursos-federais"],"acf":[],"yoast_head":"<!-- This site is optimized with the Yoast SEO Premium plugin v27.2 (Yoast SEO v27.2) - https:\/\/yoast.com\/product\/yoast-seo-premium-wordpress\/ -->\n<title>Edital IBAMA: inscri\u00e7\u00f5es encerradas; Saiba mais!<\/title>\n<meta name=\"description\" content=\"Edital IBAMA: inscri\u00e7\u00f5es encerradas no dia 20 de dezembro!! S\u00e3o ofertadas 568 vagas para cargos de n\u00edvel m\u00e9dio e superior.\" \/>\n<meta name=\"robots\" content=\"index, follow, max-snippet:-1, max-image-preview:large, max-video-preview:-1\" \/>\n<link rel=\"canonical\" href=\"https:\/\/www.estrategiaconcursos.com.br\/blog\/edital-ibama-2021\/\" \/>\n<meta property=\"og:locale\" content=\"pt_BR\" \/>\n<meta property=\"og:type\" content=\"article\" \/>\n<meta property=\"og:title\" content=\"Edital IBAMA: inscri\u00e7\u00f5es encerradas; Saiba mais!\" \/>\n<meta property=\"og:description\" content=\"Edital IBAMA: inscri\u00e7\u00f5es encerradas no dia 20 de dezembro!! S\u00e3o ofertadas 568 vagas para cargos de n\u00edvel m\u00e9dio e superior.\" \/>\n<meta property=\"og:url\" content=\"https:\/\/www.estrategiaconcursos.com.br\/blog\/edital-ibama-2021\/\" \/>\n<meta property=\"og:site_name\" content=\"Estrat\u00e9gia Concursos\" \/>\n<meta property=\"article:published_time\" content=\"2021-12-21T13:00:00+00:00\" \/>\n<meta property=\"article:modified_time\" content=\"2025-01-24T13:24:10+00:00\" \/>\n<meta property=\"og:image\" content=\"https:\/\/dhg1h5j42swfq.cloudfront.net\/2021\/05\/04154828\/ibama.jpg\" \/>\n\t<meta property=\"og:image:width\" content=\"768\" \/>\n\t<meta property=\"og:image:height\" content=\"432\" \/>\n\t<meta property=\"og:image:type\" content=\"image\/jpeg\" \/>\n<meta name=\"author\" content=\"Camila Leite\" \/>\n<meta name=\"twitter:card\" content=\"summary_large_image\" \/>\n<meta name=\"twitter:creator\" content=\"@EstratConcursos\" \/>\n<meta name=\"twitter:site\" content=\"@EstratConcursos\" \/>\n<meta name=\"twitter:label1\" content=\"Escrito por\" \/>\n\t<meta name=\"twitter:data1\" content=\"Camila Leite\" \/>\n\t<meta name=\"twitter:label2\" content=\"Est. tempo de leitura\" \/>\n\t<meta name=\"twitter:data2\" content=\"4 minutos\" \/>\n<script type=\"application\/ld+json\" class=\"yoast-schema-graph\">{\"@context\":\"https:\/\/schema.org\",\"@graph\":[{\"@type\":\"NewsArticle\",\"@id\":\"https:\/\/www.estrategiaconcursos.com.br\/blog\/edital-ibama-2021\/#article\",\"isPartOf\":{\"@id\":\"https:\/\/www.estrategiaconcursos.com.br\/blog\/edital-ibama-2021\/\"},\"author\":{\"name\":\"Camila Leite\",\"@id\":\"https:\/\/www.estrategiaconcursos.com.br\/blog\/#\/schema\/person\/84ecdc6eb58d3cf1689bf76c5cd8fb38\"},\"headline\":\"Edital IBAMA: inscri\u00e7\u00f5es encerradas; Saiba mais!\",\"datePublished\":\"2021-12-21T13:00:00+00:00\",\"dateModified\":\"2025-01-24T13:24:10+00:00\",\"mainEntityOfPage\":{\"@id\":\"https:\/\/www.estrategiaconcursos.com.br\/blog\/edital-ibama-2021\/\"},\"wordCount\":746,\"commentCount\":0,\"publisher\":{\"@id\":\"https:\/\/www.estrategiaconcursos.com.br\/blog\/#organization\"},\"image\":{\"@id\":\"https:\/\/www.estrategiaconcursos.com.br\/blog\/edital-ibama-2021\/#primaryimage\"},\"thumbnailUrl\":\"https:\/\/dhg1h5j42swfq.cloudfront.net\/2021\/05\/04154828\/ibama.jpg\",\"articleSection\":[\"Executivo (Administrativa)\",\"\u00daltimas not\u00edcias\"],\"inLanguage\":\"pt-BR\",\"potentialAction\":[{\"@type\":\"CommentAction\",\"name\":\"Comment\",\"target\":[\"https:\/\/www.estrategiaconcursos.com.br\/blog\/edital-ibama-2021\/#respond\"]}],\"copyrightYear\":\"2021\",\"copyrightHolder\":{\"@id\":\"https:\/\/www.estrategiaconcursos.com.br\/blog\/#organization\"}},{\"@type\":\"WebPage\",\"@id\":\"https:\/\/www.estrategiaconcursos.com.br\/blog\/edital-ibama-2021\/\",\"url\":\"https:\/\/www.estrategiaconcursos.com.br\/blog\/edital-ibama-2021\/\",\"name\":\"Edital IBAMA: inscri\u00e7\u00f5es encerradas; Saiba mais!\",\"isPartOf\":{\"@id\":\"https:\/\/www.estrategiaconcursos.com.br\/blog\/#website\"},\"primaryImageOfPage\":{\"@id\":\"https:\/\/www.estrategiaconcursos.com.br\/blog\/edital-ibama-2021\/#primaryimage\"},\"image\":{\"@id\":\"https:\/\/www.estrategiaconcursos.com.br\/blog\/edital-ibama-2021\/#primaryimage\"},\"thumbnailUrl\":\"https:\/\/dhg1h5j42swfq.cloudfront.net\/2021\/05\/04154828\/ibama.jpg\",\"datePublished\":\"2021-12-21T13:00:00+00:00\",\"dateModified\":\"2025-01-24T13:24:10+00:00\",\"description\":\"Edital IBAMA: inscri\u00e7\u00f5es encerradas no dia 20 de dezembro!! S\u00e3o ofertadas 568 vagas para cargos de n\u00edvel m\u00e9dio e superior.\",\"breadcrumb\":{\"@id\":\"https:\/\/www.estrategiaconcursos.com.br\/blog\/edital-ibama-2021\/#breadcrumb\"},\"inLanguage\":\"pt-BR\",\"potentialAction\":[{\"@type\":\"ReadAction\",\"target\":[\"https:\/\/www.estrategiaconcursos.com.br\/blog\/edital-ibama-2021\/\"]}]},{\"@type\":\"ImageObject\",\"inLanguage\":\"pt-BR\",\"@id\":\"https:\/\/www.estrategiaconcursos.com.br\/blog\/edital-ibama-2021\/#primaryimage\",\"url\":\"https:\/\/dhg1h5j42swfq.cloudfront.net\/2021\/05\/04154828\/ibama.jpg\",\"contentUrl\":\"https:\/\/dhg1h5j42swfq.cloudfront.net\/2021\/05\/04154828\/ibama.jpg\",\"width\":768,\"height\":432,\"caption\":\"Concurso do IBAMA!\"},{\"@type\":\"BreadcrumbList\",\"@id\":\"https:\/\/www.estrategiaconcursos.com.br\/blog\/edital-ibama-2021\/#breadcrumb\",\"itemListElement\":[{\"@type\":\"ListItem\",\"position\":1,\"name\":\"In\u00edcio\",\"item\":\"https:\/\/www.estrategiaconcursos.com.br\/blog\/\"},{\"@type\":\"ListItem\",\"position\":2,\"name\":\"Edital IBAMA: inscri\u00e7\u00f5es encerradas; Saiba mais!\"}]},{\"@type\":\"WebSite\",\"@id\":\"https:\/\/www.estrategiaconcursos.com.br\/blog\/#website\",\"url\":\"https:\/\/www.estrategiaconcursos.com.br\/blog\/\",\"name\":\"Estrat\u00e9gia Concursos\",\"description\":\"O blog da Estrat\u00e9gia Concursos traz not\u00edcias sobre concursos e artigos de professores oferecendo cursos para concursos (pdf + videaulas) no site.\",\"publisher\":{\"@id\":\"https:\/\/www.estrategiaconcursos.com.br\/blog\/#organization\"},\"potentialAction\":[{\"@type\":\"SearchAction\",\"target\":{\"@type\":\"EntryPoint\",\"urlTemplate\":\"https:\/\/www.estrategiaconcursos.com.br\/blog\/?s={search_term_string}\"},\"query-input\":{\"@type\":\"PropertyValueSpecification\",\"valueRequired\":true,\"valueName\":\"search_term_string\"}}],\"inLanguage\":\"pt-BR\"},{\"@type\":\"Organization\",\"@id\":\"https:\/\/www.estrategiaconcursos.com.br\/blog\/#organization\",\"name\":\"Estrat\u00e9gia Concursos\",\"url\":\"https:\/\/www.estrategiaconcursos.com.br\/blog\/\",\"logo\":{\"@type\":\"ImageObject\",\"inLanguage\":\"pt-BR\",\"@id\":\"https:\/\/www.estrategiaconcursos.com.br\/blog\/#\/schema\/logo\/image\/\",\"url\":\"https:\/\/dhg1h5j42swfq.cloudfront.net\/2025\/06\/03203428\/logo_concursos-1.jpg\",\"contentUrl\":\"https:\/\/dhg1h5j42swfq.cloudfront.net\/2025\/06\/03203428\/logo_concursos-1.jpg\",\"width\":230,\"height\":60,\"caption\":\"Estrat\u00e9gia Concursos\"},\"image\":{\"@id\":\"https:\/\/www.estrategiaconcursos.com.br\/blog\/#\/schema\/logo\/image\/\"},\"sameAs\":[\"https:\/\/x.com\/EstratConcursos\"]},{\"@type\":\"Person\",\"@id\":\"https:\/\/www.estrategiaconcursos.com.br\/blog\/#\/schema\/person\/84ecdc6eb58d3cf1689bf76c5cd8fb38\",\"name\":\"Camila Leite\",\"image\":{\"@type\":\"ImageObject\",\"inLanguage\":\"pt-BR\",\"@id\":\"https:\/\/secure.gravatar.com\/avatar\/f2f8faef639c8a2bfb7fb909912a56917f4c3a0aed064500168e2fb8ea55cf61?s=96&d=mm&r=g\",\"url\":\"https:\/\/secure.gravatar.com\/avatar\/f2f8faef639c8a2bfb7fb909912a56917f4c3a0aed064500168e2fb8ea55cf61?s=96&d=mm&r=g\",\"contentUrl\":\"https:\/\/secure.gravatar.com\/avatar\/f2f8faef639c8a2bfb7fb909912a56917f4c3a0aed064500168e2fb8ea55cf61?s=96&d=mm&r=g\",\"caption\":\"Camila Leite\"},\"description\":\"Formada em Design Gr\u00e1fico e em Propaganda e Marketing pela UNIP, integra a equipe de jornalismo do Estrat\u00e9gia Concursos desde 2018. Ao longo dos anos, construiu uma s\u00f3lida experi\u00eancia na produ\u00e7\u00e3o de conte\u00fado informativo e relevante para concurseiros. Desde 2020, atua na cobertura das \u00e1reas Fiscal \u2014 com \u00eanfase nas Secretarias de Fazenda (Sefaz) das regi\u00f5es Sul e Sudeste \u2014, al\u00e9m da cobertura de concursos federais, como CNU, Petrobras, CGU, Receita Federal, ag\u00eancias reguladoras (Anvisa, ANAC, entre outras) e INSS. Mant\u00e9m contato direto com os principais \u00f3rg\u00e3os p\u00fablicos, acompanhando editais, atualiza\u00e7\u00f5es e movimenta\u00e7\u00f5es importantes para os candidatos.\",\"sameAs\":[\"https:\/\/www.linkedin.com\/in\/camila-pinheiro-leite-9ba135b6\/\"],\"url\":\"https:\/\/www.estrategiaconcursos.com.br\/blog\/author\/camila-leiteestrategiaconcursos-com-br\/\"}]}<\/script>\n<!-- \/ Yoast SEO Premium plugin. -->","yoast_head_json":{"title":"Edital IBAMA: inscri\u00e7\u00f5es encerradas; Saiba mais!","description":"Edital IBAMA: inscri\u00e7\u00f5es encerradas no dia 20 de dezembro!! S\u00e3o ofertadas 568 vagas para cargos de n\u00edvel m\u00e9dio e superior.","robots":{"index":"index","follow":"follow","max-snippet":"max-snippet:-1","max-image-preview":"max-image-preview:large","max-video-preview":"max-video-preview:-1"},"canonical":"https:\/\/www.estrategiaconcursos.com.br\/blog\/edital-ibama-2021\/","og_locale":"pt_BR","og_type":"article","og_title":"Edital IBAMA: inscri\u00e7\u00f5es encerradas; Saiba mais!","og_description":"Edital IBAMA: inscri\u00e7\u00f5es encerradas no dia 20 de dezembro!! S\u00e3o ofertadas 568 vagas para cargos de n\u00edvel m\u00e9dio e superior.","og_url":"https:\/\/www.estrategiaconcursos.com.br\/blog\/edital-ibama-2021\/","og_site_name":"Estrat\u00e9gia Concursos","article_published_time":"2021-12-21T13:00:00+00:00","article_modified_time":"2025-01-24T13:24:10+00:00","og_image":[{"width":768,"height":432,"url":"https:\/\/dhg1h5j42swfq.cloudfront.net\/2021\/05\/04154828\/ibama.jpg","type":"image\/jpeg"}],"author":"Camila Leite","twitter_card":"summary_large_image","twitter_creator":"@EstratConcursos","twitter_site":"@EstratConcursos","twitter_misc":{"Escrito por":"Camila Leite","Est. tempo de leitura":"4 minutos"},"schema":{"@context":"https:\/\/schema.org","@graph":[{"@type":"NewsArticle","@id":"https:\/\/www.estrategiaconcursos.com.br\/blog\/edital-ibama-2021\/#article","isPartOf":{"@id":"https:\/\/www.estrategiaconcursos.com.br\/blog\/edital-ibama-2021\/"},"author":{"name":"Camila Leite","@id":"https:\/\/www.estrategiaconcursos.com.br\/blog\/#\/schema\/person\/84ecdc6eb58d3cf1689bf76c5cd8fb38"},"headline":"Edital IBAMA: inscri\u00e7\u00f5es encerradas; Saiba mais!","datePublished":"2021-12-21T13:00:00+00:00","dateModified":"2025-01-24T13:24:10+00:00","mainEntityOfPage":{"@id":"https:\/\/www.estrategiaconcursos.com.br\/blog\/edital-ibama-2021\/"},"wordCount":746,"commentCount":0,"publisher":{"@id":"https:\/\/www.estrategiaconcursos.com.br\/blog\/#organization"},"image":{"@id":"https:\/\/www.estrategiaconcursos.com.br\/blog\/edital-ibama-2021\/#primaryimage"},"thumbnailUrl":"https:\/\/dhg1h5j42swfq.cloudfront.net\/2021\/05\/04154828\/ibama.jpg","articleSection":["Executivo (Administrativa)","\u00daltimas not\u00edcias"],"inLanguage":"pt-BR","potentialAction":[{"@type":"CommentAction","name":"Comment","target":["https:\/\/www.estrategiaconcursos.com.br\/blog\/edital-ibama-2021\/#respond"]}],"copyrightYear":"2021","copyrightHolder":{"@id":"https:\/\/www.estrategiaconcursos.com.br\/blog\/#organization"}},{"@type":"WebPage","@id":"https:\/\/www.estrategiaconcursos.com.br\/blog\/edital-ibama-2021\/","url":"https:\/\/www.estrategiaconcursos.com.br\/blog\/edital-ibama-2021\/","name":"Edital IBAMA: inscri\u00e7\u00f5es encerradas; Saiba mais!","isPartOf":{"@id":"https:\/\/www.estrategiaconcursos.com.br\/blog\/#website"},"primaryImageOfPage":{"@id":"https:\/\/www.estrategiaconcursos.com.br\/blog\/edital-ibama-2021\/#primaryimage"},"image":{"@id":"https:\/\/www.estrategiaconcursos.com.br\/blog\/edital-ibama-2021\/#primaryimage"},"thumbnailUrl":"https:\/\/dhg1h5j42swfq.cloudfront.net\/2021\/05\/04154828\/ibama.jpg","datePublished":"2021-12-21T13:00:00+00:00","dateModified":"2025-01-24T13:24:10+00:00","description":"Edital IBAMA: inscri\u00e7\u00f5es encerradas no dia 20 de dezembro!! S\u00e3o ofertadas 568 vagas para cargos de n\u00edvel m\u00e9dio e superior.","breadcrumb":{"@id":"https:\/\/www.estrategiaconcursos.com.br\/blog\/edital-ibama-2021\/#breadcrumb"},"inLanguage":"pt-BR","potentialAction":[{"@type":"ReadAction","target":["https:\/\/www.estrategiaconcursos.com.br\/blog\/edital-ibama-2021\/"]}]},{"@type":"ImageObject","inLanguage":"pt-BR","@id":"https:\/\/www.estrategiaconcursos.com.br\/blog\/edital-ibama-2021\/#primaryimage","url":"https:\/\/dhg1h5j42swfq.cloudfront.net\/2021\/05\/04154828\/ibama.jpg","contentUrl":"https:\/\/dhg1h5j42swfq.cloudfront.net\/2021\/05\/04154828\/ibama.jpg","width":768,"height":432,"caption":"Concurso do IBAMA!"},{"@type":"BreadcrumbList","@id":"https:\/\/www.estrategiaconcursos.com.br\/blog\/edital-ibama-2021\/#breadcrumb","itemListElement":[{"@type":"ListItem","position":1,"name":"In\u00edcio","item":"https:\/\/www.estrategiaconcursos.com.br\/blog\/"},{"@type":"ListItem","position":2,"name":"Edital IBAMA: inscri\u00e7\u00f5es encerradas; Saiba mais!"}]},{"@type":"WebSite","@id":"https:\/\/www.estrategiaconcursos.com.br\/blog\/#website","url":"https:\/\/www.estrategiaconcursos.com.br\/blog\/","name":"Estrat\u00e9gia Concursos","description":"O blog da Estrat\u00e9gia Concursos traz not\u00edcias sobre concursos e artigos de professores oferecendo cursos para concursos (pdf + videaulas) no site.","publisher":{"@id":"https:\/\/www.estrategiaconcursos.com.br\/blog\/#organization"},"potentialAction":[{"@type":"SearchAction","target":{"@type":"EntryPoint","urlTemplate":"https:\/\/www.estrategiaconcursos.com.br\/blog\/?s={search_term_string}"},"query-input":{"@type":"PropertyValueSpecification","valueRequired":true,"valueName":"search_term_string"}}],"inLanguage":"pt-BR"},{"@type":"Organization","@id":"https:\/\/www.estrategiaconcursos.com.br\/blog\/#organization","name":"Estrat\u00e9gia Concursos","url":"https:\/\/www.estrategiaconcursos.com.br\/blog\/","logo":{"@type":"ImageObject","inLanguage":"pt-BR","@id":"https:\/\/www.estrategiaconcursos.com.br\/blog\/#\/schema\/logo\/image\/","url":"https:\/\/dhg1h5j42swfq.cloudfront.net\/2025\/06\/03203428\/logo_concursos-1.jpg","contentUrl":"https:\/\/dhg1h5j42swfq.cloudfront.net\/2025\/06\/03203428\/logo_concursos-1.jpg","width":230,"height":60,"caption":"Estrat\u00e9gia Concursos"},"image":{"@id":"https:\/\/www.estrategiaconcursos.com.br\/blog\/#\/schema\/logo\/image\/"},"sameAs":["https:\/\/x.com\/EstratConcursos"]},{"@type":"Person","@id":"https:\/\/www.estrategiaconcursos.com.br\/blog\/#\/schema\/person\/84ecdc6eb58d3cf1689bf76c5cd8fb38","name":"Camila Leite","image":{"@type":"ImageObject","inLanguage":"pt-BR","@id":"https:\/\/secure.gravatar.com\/avatar\/f2f8faef639c8a2bfb7fb909912a56917f4c3a0aed064500168e2fb8ea55cf61?s=96&d=mm&r=g","url":"https:\/\/secure.gravatar.com\/avatar\/f2f8faef639c8a2bfb7fb909912a56917f4c3a0aed064500168e2fb8ea55cf61?s=96&d=mm&r=g","contentUrl":"https:\/\/secure.gravatar.com\/avatar\/f2f8faef639c8a2bfb7fb909912a56917f4c3a0aed064500168e2fb8ea55cf61?s=96&d=mm&r=g","caption":"Camila Leite"},"description":"Formada em Design Gr\u00e1fico e em Propaganda e Marketing pela UNIP, integra a equipe de jornalismo do Estrat\u00e9gia Concursos desde 2018. Ao longo dos anos, construiu uma s\u00f3lida experi\u00eancia na produ\u00e7\u00e3o de conte\u00fado informativo e relevante para concurseiros. Desde 2020, atua na cobertura das \u00e1reas Fiscal \u2014 com \u00eanfase nas Secretarias de Fazenda (Sefaz) das regi\u00f5es Sul e Sudeste \u2014, al\u00e9m da cobertura de concursos federais, como CNU, Petrobras, CGU, Receita Federal, ag\u00eancias reguladoras (Anvisa, ANAC, entre outras) e INSS. Mant\u00e9m contato direto com os principais \u00f3rg\u00e3os p\u00fablicos, acompanhando editais, atualiza\u00e7\u00f5es e movimenta\u00e7\u00f5es importantes para os candidatos.","sameAs":["https:\/\/www.linkedin.com\/in\/camila-pinheiro-leite-9ba135b6\/"],"url":"https:\/\/www.estrategiaconcursos.com.br\/blog\/author\/camila-leiteestrategiaconcursos-com-br\/"}]}},"_links":{"self":[{"href":"https:\/\/www.estrategiaconcursos.com.br\/blog\/wp-json\/wp\/v2\/posts\/918556","targetHints":{"allow":["GET"]}}],"collection":[{"href":"https:\/\/www.estrategiaconcursos.com.br\/blog\/wp-json\/wp\/v2\/posts"}],"about":[{"href":"https:\/\/www.estrategiaconcursos.com.br\/blog\/wp-json\/wp\/v2\/types\/post"}],"author":[{"embeddable":true,"href":"https:\/\/www.estrategiaconcursos.com.br\/blog\/wp-json\/wp\/v2\/users\/659"}],"replies":[{"embeddable":true,"href":"https:\/\/www.estrategiaconcursos.com.br\/blog\/wp-json\/wp\/v2\/comments?post=918556"}],"version-history":[{"count":29,"href":"https:\/\/www.estrategiaconcursos.com.br\/blog\/wp-json\/wp\/v2\/posts\/918556\/revisions"}],"predecessor-version":[{"id":933566,"href":"https:\/\/www.estrategiaconcursos.com.br\/blog\/wp-json\/wp\/v2\/posts\/918556\/revisions\/933566"}],"wp:featuredmedia":[{"embeddable":true,"href":"https:\/\/www.estrategiaconcursos.com.br\/blog\/wp-json\/wp\/v2\/media\/731068"}],"wp:attachment":[{"href":"https:\/\/www.estrategiaconcursos.com.br\/blog\/wp-json\/wp\/v2\/media?parent=918556"}],"wp:term":[{"taxonomy":"category","embeddable":true,"href":"https:\/\/www.estrategiaconcursos.com.br\/blog\/wp-json\/wp\/v2\/categories?post=918556"},{"taxonomy":"post_tag","embeddable":true,"href":"https:\/\/www.estrategiaconcursos.com.br\/blog\/wp-json\/wp\/v2\/tags?post=918556"},{"taxonomy":"tax_estado","embeddable":true,"href":"https:\/\/www.estrategiaconcursos.com.br\/blog\/wp-json\/wp\/v2\/tax_estado?post=918556"}],"curies":[{"name":"wp","href":"https:\/\/api.w.org\/{rel}","templated":true}]}}