{"id":91817,"date":"2020-07-08T09:30:00","date_gmt":"2020-07-08T12:30:00","guid":{"rendered":"https:\/\/www.estrategiaconcursos.com.br\/blog\/?p=91817"},"modified":"2022-09-12T16:07:58","modified_gmt":"2022-09-12T19:07:58","slug":"uma-historia-improvavel-de-aprovacoes","status":"publish","type":"post","link":"https:\/\/www.estrategiaconcursos.com.br\/blog\/uma-historia-improvavel-de-aprovacoes\/","title":{"rendered":"Como fui aprovado em 3 concursos da \u00e1rea fiscal: uma hist\u00f3ria improv\u00e1vel (c\/ entrevista)"},"content":{"rendered":"\n<div class=\"wp-block-group is-layout-flow wp-block-group-is-layout-flow\">\n<div class=\"wp-block-group is-layout-flow wp-block-group-is-layout-flow\">\n<p><span style=\"font-family: arial, helvetica, sans-serif\">Se voc\u00ea acha que vai ler uma hist\u00f3ria de uma pessoa de foco, f\u00e9 e organiza\u00e7\u00e3o, pode parar por aqui.<\/span><\/p>\n\n\n\n<p><span style=\"font-family: arial, helvetica, sans-serif\">Talvez o m\u00e1ximo que possa lhe oferecer seja um depoimento de um rapaz disperso, inseguro e ca\u00f3tico que teve que trazer essas qualidades para sua vida \u2013 <span style=\"text-decoration: underline\"><strong>por completa falta de op\u00e7\u00e3o<\/strong><\/span>.<\/span><\/p>\n\n\n\n<h2 class=\"wp-block-heading\" id=\"h-o-inicio-de-uma-longa-jornada\">O In\u00edcio de uma longa jornada<\/h2>\n\n\n\n<p><span style=\"font-family: arial, helvetica, sans-serif\">Desde crian\u00e7a, sempre tive uma habilidade para enxergar padr\u00f5es e projetar o futuro.<\/span><\/p>\n\n\n\n<p><span style=\"font-family: arial, helvetica, sans-serif\">Passei minha inf\u00e2ncia entre duas vidas (pais separados) que n\u00e3o apresentavam muitas op\u00e7\u00f5es de dias melhores. Passava uma semana no morro e outra no asfalto. Ambas em um sub\u00farbio carioca, que hoje \u00e9 um reduto do tr\u00e1fico de drogas.<\/span><\/p>\n\n\n\n<p><span style=\"font-family: arial, helvetica, sans-serif\">Logo cedo entendi o recado: livros, aqui vou eu! E mirei no concurso do Col\u00e9gio Militar do RJ&#8230;<\/span><\/p>\n\n\n\n<p><span style=\"font-family: arial, helvetica, sans-serif\">Dediquei uma verdadeira &#8220;eternidade&#8221; de um ver\u00e3o de f\u00e9rias aos livros. Mas a vida n\u00e3o tardou a me passar o primeiro recado: &#8220;estudar n\u00e3o \u00e9 t\u00e3o simples, neguinho&#8221;.<\/span><\/p>\n\n\n\n<p><span style=\"font-family: arial, helvetica, sans-serif\">Esperan\u00e7oso, abri minha prova de matem\u00e1tica vi algo errado: passei mais da metade da prova tentando decifrar um erro de digita\u00e7\u00e3o que se repetiu por v\u00e1rias quest\u00f5es. Pronto, n\u00e3o era um erro, era o s\u00edmbolo do metro quadrado \u2013 \u201cmuito prazer\u201d.<\/span><\/p>\n\n\n\n<p><span style=\"font-family: arial, helvetica, sans-serif\">Foi a primeira de muitas reprova\u00e7\u00f5es de minha vida.<\/span><\/p>\n\n\n\n<p><span style=\"font-family: arial, helvetica, sans-serif\">At\u00e9 que cheguei \u00e0 7\u00aa s\u00e9rie convicto de que deveria estudar MUITO para entrar no Col\u00e9gio Naval, da Marinha do Brasil.<\/span><\/p>\n\n\n\n<p><span style=\"font-family: arial, helvetica, sans-serif\">E naquele esp\u00edrito de boa vontade e pouca organiza\u00e7\u00e3o, minha f\u00e9 em dias melhores foi se esvaindo ao tentar resolver quest\u00f5es de concursos anteriores.<\/span><\/p>\n\n\n\n<h2 class=\"wp-block-heading\" id=\"h-conhece-te-a-ti-mesmo\">Conhece-te a ti mesmo<\/h2>\n\n\n\n<p><span style=\"font-family: arial, helvetica, sans-serif\">At\u00e9 que um dia, em um gesto doloroso de humildade, reconheci que fui mal alfabetizado. E mergulhei, na biblioteca p\u00fablica estadual, em apostilas pr\u00e9-vestibulares que me realfabetizaram desde as opera\u00e7\u00f5es mais b\u00e1sicas de conjuntos e separa\u00e7\u00e3o sil\u00e1bica at\u00e9 equa\u00e7\u00f5es mais complexas.<\/span><\/p>\n\n\n\n<p><span style=\"font-family: arial, helvetica, sans-serif\">Dessa vez, foram alguns meses de imers\u00e3o que resultaram na minha aprova\u00e7\u00e3o na turma especial de um cursinho preparat\u00f3rio tradicional, e dali para frente a coisa engrenou.<\/span><\/p>\n\n\n\n<p><span style=\"font-family: arial, helvetica, sans-serif\">Faz <strong>toda a diferen\u00e7a<\/strong> estar cercado de bons professores, materiais e de uma metodologia <span style=\"text-decoration: underline\">eficaz<\/span>.<\/span><\/p>\n\n\n\n<p><span style=\"font-family: arial, helvetica, sans-serif\">Uma prova disso \u00e9 que, em 1996, aos 13 anos fui aprovado no concurso nacional mais concorrido da minha faixa et\u00e1ria &#8211; o t\u00e3o desejado Col\u00e9gio Naval!<\/span><\/p>\n\n\n\n<p><span style=\"font-family: arial, helvetica, sans-serif\">Mas na Marinha minha desorganiza\u00e7\u00e3o e dificuldade em cumprir hor\u00e1rios foram aos poucos me trazendo a consci\u00eancia de que talvez essa n\u00e3o fosse a melhor carreira para mim&#8230;rs<\/span><\/p>\n\n\n\n<p><span style=\"font-family: arial, helvetica, sans-serif\">Foi ent\u00e3o que em 2002, ainda na Marinha (aspirante da Escola Naval) comecei a folhear os primeiros materiais da carreira fiscal. Entrei em uma turma de &#8220;Fiscal B\u00e1sico&#8221; e terminei em 2003, mas parei os estudos por mais de um ano, at\u00e9 que em 2004 retornei aos \u201celementos do ato administrativo\u201d com toda nostalgia de quem j\u00e1 ouviu falar sobre&#8230;rs<\/span><\/p>\n\n\n\n<p><span style=\"font-family: arial, helvetica, sans-serif\">Enfim, conciliar trabalho com estudos n\u00e3o \u00e9 f\u00e1cil para ningu\u00e9m, sobretudo para um oficial rec\u00e9m-formado da Marinha (a qual considera a vida fora do trabalho apenas um detalhe perto de tantas tarefas atribu\u00eddas a um Segundo-Tenente).<\/span><\/p>\n\n\n\n<p><span style=\"font-family: arial, helvetica, sans-serif\">Nessa \u00e9poca, apesar de n\u00e3o conseguir tempo para estudar eu ainda mantinha interesse em um novo concurso, foi ent\u00e3o que aproveitei para explorar os assuntos da mente. Pratiquei Yoga e li muito sobre medita\u00e7\u00e3o, alimenta\u00e7\u00e3o para o c\u00e9rebro, memoriza\u00e7\u00e3o e toda sorte de livros que me permitissem acalmar e expandir os potenciais de minha agitada mente.<\/span><\/p>\n\n\n\n<h2 class=\"wp-block-heading\" id=\"h-na-area-fiscal\">Na \u00c1rea Fiscal<\/h2>\n\n\n\n<p><span style=\"font-family: arial, helvetica, sans-serif\">Aos trancos e barrancos, me inscrevi em alguns concursos da carreira fiscal, mas o trabalho conspirava contra. Desde a escala de servi\u00e7o, at\u00e9 as diversas viagens do navio. O simples gesto de fazer a prova j\u00e1 seria uma vit\u00f3ria&#8230;<\/span><\/p>\n\n\n\n<p><span style=\"font-family: arial, helvetica, sans-serif\">E dessa fase atribulada guardo as mais diversas &#8220;trag\u00e9dias&#8221; de um concurseiro&#8230; as quais hoje saboreio com muito humor.<\/span><\/p>\n\n\n\n<p><span style=\"font-family: arial, helvetica, sans-serif\">Desde viagens at\u00e9 Manaus que eu sequer terminei de preencher o cart\u00e3o-resposta (SEFAZ-AM), passando por diversas reprova\u00e7\u00f5es por 1 quest\u00e3o (SEFAZ-MG, SEFAZ-RS, SEFAZ-RJ) at\u00e9 bebedeiras frustradas em que dei por certa minha aprova\u00e7\u00e3o (ISS-SP)&#8230;<\/span><\/p>\n\n\n\n<p><span style=\"font-family: arial, helvetica, sans-serif\">Mas, enfim, mais uma vez minha leitura de padr\u00f5es veio \u00e0 tona: na Marinha eu n\u00e3o conseguiria passar para fiscal.<\/span><\/p>\n\n\n\n<p><span style=\"font-family: arial, helvetica, sans-serif\">E foi ent\u00e3o que abri meu cora\u00e7\u00e3o a toda esp\u00e9cie de concurso. E f<\/span>ui aprovado em um concurso <span style=\"font-family: arial, helvetica, sans-serif\">para Agente Administrativo do Minist\u00e9rio da Sa\u00fade<\/span>.<span style=\"font-family: arial, helvetica, sans-serif\"> <\/span>C<span style=\"font-family: arial, helvetica, sans-serif\">uja jornada era de 30 horas semanais (mas era remunerado com menos da metade do sal\u00e1rio que eu recebia nas For\u00e7as Armadas)<\/span><\/p>\n\n\n\n<h2 class=\"wp-block-heading\" id=\"h-apostando-todas-as-fichas\">Apostando todas as fichas<\/h2>\n\n\n\n<p><span style=\"font-family: arial, helvetica, sans-serif\">Ent\u00e3o <\/span>m<span style=\"font-family: arial, helvetica, sans-serif\">inha posse no cargo foi em Abril de 2006, onde desempenhei atribui\u00e7\u00f5es em uma farm\u00e1cia hospitalar com toda a alegria<\/span>. <span style=\"font-family: arial, helvetica, sans-serif\">Apesar de ser uma fun\u00e7\u00e3o bem menos pomposa que a de um oficial de marinha.<\/span><\/p>\n\n\n\n<p><span style=\"font-family: arial, helvetica, sans-serif\">Agora estava armado meu pr\u00f3prio circo &#8220;concurseiro do fim do mundo&#8221;. <\/span><\/p>\n\n\n\n<p><span style=\"font-family: arial, helvetica, sans-serif\">Q<\/span>uando &#8211; ap\u00f3s<span style=\"font-family: arial, helvetica, sans-serif\"> vender meu carro e alugar uma quitinete na zona portu\u00e1ria do C<\/span>entro do <span style=\"font-family: arial, helvetica, sans-serif\">Rio de Janeiro<\/span> &#8211; s\u00f3 me restaram os estudos. <\/p>\n\n\n\n<p><span style=\"font-family: arial, helvetica, sans-serif\">Mas confesso que senti medo depois de um tempo estudando, entretanto todas as minhas fichas j\u00e1 estavam apostadas sobre o tabuleiro &#8211; <span style=\"text-decoration: underline\"><strong>n\u00e3o havia retorno<\/strong><\/span>.&nbsp;<\/span><\/p>\n\n\n\n<p><span style=\"font-family: arial, helvetica, sans-serif\">Passei por uma temporada extenuante de 7 meses intensos de estudos, quando me tornei de fato competitivo. Nesse momento utilizei todo o conhecimento e experi\u00eancia adquiridos sobre os atalhos e possibilidades da mente.<\/span><\/p>\n\n\n\n<p>E foi assim que e<span style=\"font-family: arial, helvetica, sans-serif\">ntrei de cabe\u00e7a nos <\/span><strong>simulados<\/strong><span style=\"font-family: arial, helvetica, sans-serif\">. <\/span><\/p>\n\n\n\n<p><span style=\"font-family: arial, helvetica, sans-serif\">No in\u00edcio, meu nome figurava entre os \u00faltimos colocados, e ap\u00f3s melhorar meu rendimento, e conseguir durante algumas rodadas as primeiras coloca\u00e7\u00f5es&#8230; a<\/span>t\u00e9 que <span style=\"font-family: arial, helvetica, sans-serif\">minha hora chegou: <strong>fui aprovado <span style=\"text-decoration: underline\">como Auditor Fiscal na SEFAZ-CE!<\/span><\/strong><\/span><\/p>\n\n\n\n<h3 class=\"wp-block-heading\" id=\"h-novo-reves\">Novo rev\u00e9s<\/h3>\n\n\n\n<p><span style=\"font-family: arial, helvetica, sans-serif\">Mas outra temporada de erros se sucedeu ap\u00f3s essa fat\u00eddica not\u00edcia. Doei todo o material, me desliguei de tudo que pudesse me conectar aos concursos&#8230;muito antes da nomea\u00e7\u00e3o. A qual s\u00f3 ocorreu ap\u00f3s longos 2 anos e meio.<\/span><\/p>\n\n\n\n<p><span style=\"font-family: arial, helvetica, sans-serif\">Entretanto na \u00e9poca me dediquei levianamente \u00e0 cultura e arte cariocas, em detrimento da enxurrada de concursos que passavam diante de mim.<\/span><\/p>\n\n\n\n<p><span style=\"font-family: arial, helvetica, sans-serif\">E o mais curioso \u00e9 que quando fui finalmente nomeado Auditor Fiscal do Cear\u00e1, j\u00e1 havia retomado (mais uma vez) aos estudos&#8230;<\/span><\/p>\n\n\n\n<p><span style=\"font-family: arial, helvetica, sans-serif\">At\u00e9 que, enfim, fui lotado em um posto fiscal do interior de pouco movimento, fato que me permitiu entrar em outro profundo mergulho nos estudos. <\/span><\/p>\n\n\n\n<p><span style=\"font-family: arial, helvetica, sans-serif\">E como quem j\u00e1 conhece o caminho da batalha, minha hist\u00f3ria teve outra reviravolta: fui aprovado como auditor fiscal no ISS-RJ (prefeitura) e SEFAZ-RJ (estado) e <\/span><strong>convocado para tomar posse em ambos!<\/strong><\/p>\n\n\n\n<h2 class=\"wp-block-heading\" id=\"h-novos-ciclos\">Novos Ciclos<\/h2>\n\n\n\n<p><span style=\"font-family: arial, helvetica, sans-serif\">E num dia <strong>inesquec\u00edvel<\/strong>, sa\u00ed da maternidade (ap\u00f3s o nascimento do meu primeiro filho) para assinar o termo de posse no Estado (SEFAZ-RJ), onde hoje trabalho como o <strong>homem mais feliz <span style=\"text-decoration: underline\">do mundo<\/span><\/strong>.<\/span><\/p>\n\n\n\n<p>Al\u00e9m disso, agora no <a href=\"https:\/\/www.estrategiaconcursos.com.br\/cursosPorConcurso\/coaching-382\/\">Coaching do Estrat\u00e9gia<\/a> tenho a oportunidade de compartilhar dessa experi\u00eancia com dezenas de alunos e ajud\u00e1-los a fazer essa mesma travessia.<\/p>\n\n\n\n<p><span style=\"font-family: arial, helvetica, sans-serif\">Enfim, aquele neguinho que tinha tudo para ter uma vida muito dura, acreditou que tudo poderia ser diferente \u2013 e foi.<\/span><\/p>\n\n\n\n<figure class=\"wp-block-gallery has-nested-images columns-default is-cropped wp-block-gallery-1 is-layout-flex wp-block-gallery-is-layout-flex\">\n<figure class=\"wp-block-image size-large\"><img loading=\"lazy\" decoding=\"async\" width=\"768\" height=\"1024\" data-id=\"539188\" src=\"https:\/\/dhg1h5j42swfq.cloudfront.net\/2020\/07\/08092341\/Foto-de-Rafael-Moreno-SEFAZ-RJ-1-1-768x1024.jpeg\" alt=\"\" class=\"wp-image-539188\" srcset=\"https:\/\/dhg1h5j42swfq.cloudfront.net\/2020\/07\/08092341\/Foto-de-Rafael-Moreno-SEFAZ-RJ-1-1-768x1024.jpeg 768w, https:\/\/dhg1h5j42swfq.cloudfront.net\/2020\/07\/08092341\/Foto-de-Rafael-Moreno-SEFAZ-RJ-1-1-225x300.jpeg 225w, https:\/\/dhg1h5j42swfq.cloudfront.net\/2020\/07\/08092341\/Foto-de-Rafael-Moreno-SEFAZ-RJ-1-1-610x813.jpeg 610w, https:\/\/dhg1h5j42swfq.cloudfront.net\/2020\/07\/08092341\/Foto-de-Rafael-Moreno-SEFAZ-RJ-1-1.jpeg 960w\" sizes=\"auto, (max-width: 768px) 100vw, 768px\" \/><figcaption>Foto no local de trabalho atual na SEFAZ-RJ<\/figcaption><\/figure>\n<\/figure>\n\n\n\n<p><span style=\"font-family: arial, helvetica, sans-serif\"><mark style=\"background-color:rgba(0, 0, 0, 0)\" class=\"has-inline-color has-vivid-purple-color\"><strong>E voc\u00ea, que vida escolher\u00e1?<\/strong><\/mark><\/span> Assista a entrevista realizada no <a href=\"https:\/\/www.youtube.com\/channel\/UChvwkhC3eHxJsVxW_ItDjdA\" target=\"_blank\" rel=\"noreferrer noopener\">Canal do Estrat\u00e9gia Concursos<\/a>, onde trago outros detalhes dessa improv\u00e1vel hist\u00f3ria.<\/p>\n\n\n\n<h6 class=\"wp-block-heading\" id=\"h-\">&nbsp;<\/h6>\n\n\n\n<figure class=\"wp-block-image alignleft size-large\"><img loading=\"lazy\" decoding=\"async\" width=\"420\" height=\"177\" src=\"https:\/\/dhg1h5j42swfq.cloudfront.net\/2020\/07\/08002608\/assinatura-nova-logo.jpg\" alt=\"coach Rafael Moreno\" class=\"wp-image-539127\" srcset=\"https:\/\/dhg1h5j42swfq.cloudfront.net\/2020\/07\/08002608\/assinatura-nova-logo.jpg 420w, https:\/\/dhg1h5j42swfq.cloudfront.net\/2020\/07\/08002608\/assinatura-nova-logo-300x126.jpg 300w\" sizes=\"auto, (max-width: 420px) 100vw, 420px\" \/><\/figure>\n<\/div>\n<\/div>\n\n\n\n<p><\/p>\n","protected":false},"excerpt":{"rendered":"<p>Se voc\u00ea acha que vai ler uma hist\u00f3ria de uma pessoa de foco, f\u00e9 e organiza\u00e7\u00e3o, pode parar por aqui. Talvez o m\u00e1ximo que possa lhe oferecer seja um depoimento de um rapaz disperso, inseguro e ca\u00f3tico que teve que trazer essas qualidades para sua vida \u2013 por completa falta de op\u00e7\u00e3o. O In\u00edcio de [&hellip;]<\/p>\n","protected":false},"author":534,"featured_media":539181,"comment_status":"open","ping_status":"open","sticky":false,"template":"","format":"standard","meta":{"post_tipo":"article","footnotes":""},"categories":[1,1983],"tags":[629,834,40,484],"tax_estado":[219968],"class_list":["post-91817","post","type-post","status-publish","format-standard","has-post-thumbnail","hentry","category-cursos-e-concursos","category-fiscal-estadual","tag-auditor-fiscal","tag-coaching","tag-concurso","tag-receita-federal","tax_estado-ba"],"acf":[],"yoast_head":"<!-- This site is optimized with the Yoast SEO Premium plugin v27.2 (Yoast SEO v27.2) - https:\/\/yoast.com\/product\/yoast-seo-premium-wordpress\/ -->\n<title>Como fui aprovado em 3 concursos da \u00e1rea fiscal: uma hist\u00f3ria improv\u00e1vel (c\/ entrevista) Uma hist\u00f3ria de motiva\u00e7\u00e3o<\/title>\n<meta name=\"description\" content=\"Disperso, estudante mediano e de classe m\u00e9dia baixa - aprovado em 03 concursos da \u00c1rea Fiscal. Conhe\u00e7a essa hist\u00f3ria de supera\u00e7\u00e3o improv\u00e1vel.\" \/>\n<meta name=\"robots\" content=\"index, follow, max-snippet:-1, max-image-preview:large, max-video-preview:-1\" \/>\n<link rel=\"canonical\" href=\"https:\/\/www.estrategiaconcursos.com.br\/blog\/uma-historia-improvavel-de-aprovacoes\/\" \/>\n<meta property=\"og:locale\" content=\"pt_BR\" \/>\n<meta property=\"og:type\" content=\"article\" \/>\n<meta property=\"og:title\" content=\"Como fui aprovado em 3 concursos da \u00e1rea fiscal: uma hist\u00f3ria improv\u00e1vel (c\/ entrevista)\" \/>\n<meta property=\"og:description\" content=\"Disperso, estudante mediano e de classe m\u00e9dia baixa - aprovado em 03 concursos da \u00c1rea Fiscal. Conhe\u00e7a essa hist\u00f3ria de supera\u00e7\u00e3o improv\u00e1vel.\" \/>\n<meta property=\"og:url\" content=\"https:\/\/www.estrategiaconcursos.com.br\/blog\/uma-historia-improvavel-de-aprovacoes\/\" \/>\n<meta property=\"og:site_name\" content=\"Estrat\u00e9gia Concursos\" \/>\n<meta property=\"article:published_time\" content=\"2020-07-08T12:30:00+00:00\" \/>\n<meta property=\"article:modified_time\" content=\"2022-09-12T19:07:58+00:00\" \/>\n<meta property=\"og:image\" content=\"https:\/\/dhg1h5j42swfq.cloudfront.net\/2020\/07\/08092040\/Foto-de-Rafael-Moreno-SEFAZ-RJ.jpeg\" \/>\n\t<meta property=\"og:image:width\" content=\"960\" \/>\n\t<meta property=\"og:image:height\" content=\"1280\" \/>\n\t<meta property=\"og:image:type\" content=\"image\/jpeg\" \/>\n<meta name=\"author\" content=\"Rafael Moreno\" \/>\n<meta name=\"twitter:card\" content=\"summary_large_image\" \/>\n<meta name=\"twitter:creator\" content=\"@EstratConcursos\" \/>\n<meta name=\"twitter:site\" content=\"@EstratConcursos\" \/>\n<meta name=\"twitter:label1\" content=\"Escrito por\" \/>\n\t<meta name=\"twitter:data1\" content=\"Rafael Moreno\" \/>\n\t<meta name=\"twitter:label2\" content=\"Est. tempo de leitura\" \/>\n\t<meta name=\"twitter:data2\" content=\"6 minutos\" \/>\n<script type=\"application\/ld+json\" class=\"yoast-schema-graph\">{\"@context\":\"https:\/\/schema.org\",\"@graph\":[{\"@type\":\"NewsArticle\",\"@id\":\"https:\/\/www.estrategiaconcursos.com.br\/blog\/uma-historia-improvavel-de-aprovacoes\/#article\",\"isPartOf\":{\"@id\":\"https:\/\/www.estrategiaconcursos.com.br\/blog\/uma-historia-improvavel-de-aprovacoes\/\"},\"author\":{\"name\":\"Rafael Moreno\",\"@id\":\"https:\/\/www.estrategiaconcursos.com.br\/blog\/#\/schema\/person\/e7388a69da1f5508c2c816299f7e669e\"},\"headline\":\"Como fui aprovado em 3 concursos da \u00e1rea fiscal: uma hist\u00f3ria improv\u00e1vel (c\/ entrevista)\",\"datePublished\":\"2020-07-08T12:30:00+00:00\",\"dateModified\":\"2022-09-12T19:07:58+00:00\",\"mainEntityOfPage\":{\"@id\":\"https:\/\/www.estrategiaconcursos.com.br\/blog\/uma-historia-improvavel-de-aprovacoes\/\"},\"wordCount\":1241,\"commentCount\":110,\"publisher\":{\"@id\":\"https:\/\/www.estrategiaconcursos.com.br\/blog\/#organization\"},\"image\":{\"@id\":\"https:\/\/www.estrategiaconcursos.com.br\/blog\/uma-historia-improvavel-de-aprovacoes\/#primaryimage\"},\"thumbnailUrl\":\"https:\/\/dhg1h5j42swfq.cloudfront.net\/2020\/07\/08092040\/Foto-de-Rafael-Moreno-SEFAZ-RJ.jpeg\",\"keywords\":[\"Auditor-Fiscal\",\"coaching\",\"Concurso\",\"Receita Federal\"],\"articleSection\":[\"Concursos P\u00fablicos\",\"Fiscal - Estadual (ICMS)\"],\"inLanguage\":\"pt-BR\",\"potentialAction\":[{\"@type\":\"CommentAction\",\"name\":\"Comment\",\"target\":[\"https:\/\/www.estrategiaconcursos.com.br\/blog\/uma-historia-improvavel-de-aprovacoes\/#respond\"]}],\"copyrightYear\":\"2020\",\"copyrightHolder\":{\"@id\":\"https:\/\/www.estrategiaconcursos.com.br\/blog\/#organization\"}},{\"@type\":\"WebPage\",\"@id\":\"https:\/\/www.estrategiaconcursos.com.br\/blog\/uma-historia-improvavel-de-aprovacoes\/\",\"url\":\"https:\/\/www.estrategiaconcursos.com.br\/blog\/uma-historia-improvavel-de-aprovacoes\/\",\"name\":\"Como fui aprovado em 3 concursos da \u00e1rea fiscal: uma hist\u00f3ria improv\u00e1vel (c\/ entrevista) Uma hist\u00f3ria de motiva\u00e7\u00e3o\",\"isPartOf\":{\"@id\":\"https:\/\/www.estrategiaconcursos.com.br\/blog\/#website\"},\"primaryImageOfPage\":{\"@id\":\"https:\/\/www.estrategiaconcursos.com.br\/blog\/uma-historia-improvavel-de-aprovacoes\/#primaryimage\"},\"image\":{\"@id\":\"https:\/\/www.estrategiaconcursos.com.br\/blog\/uma-historia-improvavel-de-aprovacoes\/#primaryimage\"},\"thumbnailUrl\":\"https:\/\/dhg1h5j42swfq.cloudfront.net\/2020\/07\/08092040\/Foto-de-Rafael-Moreno-SEFAZ-RJ.jpeg\",\"datePublished\":\"2020-07-08T12:30:00+00:00\",\"dateModified\":\"2022-09-12T19:07:58+00:00\",\"description\":\"Disperso, estudante mediano e de classe m\u00e9dia baixa - aprovado em 03 concursos da \u00c1rea Fiscal. Conhe\u00e7a essa hist\u00f3ria de supera\u00e7\u00e3o improv\u00e1vel.\",\"breadcrumb\":{\"@id\":\"https:\/\/www.estrategiaconcursos.com.br\/blog\/uma-historia-improvavel-de-aprovacoes\/#breadcrumb\"},\"inLanguage\":\"pt-BR\",\"potentialAction\":[{\"@type\":\"ReadAction\",\"target\":[\"https:\/\/www.estrategiaconcursos.com.br\/blog\/uma-historia-improvavel-de-aprovacoes\/\"]}]},{\"@type\":\"ImageObject\",\"inLanguage\":\"pt-BR\",\"@id\":\"https:\/\/www.estrategiaconcursos.com.br\/blog\/uma-historia-improvavel-de-aprovacoes\/#primaryimage\",\"url\":\"https:\/\/dhg1h5j42swfq.cloudfront.net\/2020\/07\/08092040\/Foto-de-Rafael-Moreno-SEFAZ-RJ.jpeg\",\"contentUrl\":\"https:\/\/dhg1h5j42swfq.cloudfront.net\/2020\/07\/08092040\/Foto-de-Rafael-Moreno-SEFAZ-RJ.jpeg\",\"width\":960,\"height\":1280,\"caption\":\"aprovado em 03 concursos da \u00e1rea fiscal\"},{\"@type\":\"BreadcrumbList\",\"@id\":\"https:\/\/www.estrategiaconcursos.com.br\/blog\/uma-historia-improvavel-de-aprovacoes\/#breadcrumb\",\"itemListElement\":[{\"@type\":\"ListItem\",\"position\":1,\"name\":\"In\u00edcio\",\"item\":\"https:\/\/www.estrategiaconcursos.com.br\/blog\/\"},{\"@type\":\"ListItem\",\"position\":2,\"name\":\"Como fui aprovado em 3 concursos da \u00e1rea fiscal: uma hist\u00f3ria improv\u00e1vel (c\/ entrevista)\"}]},{\"@type\":\"WebSite\",\"@id\":\"https:\/\/www.estrategiaconcursos.com.br\/blog\/#website\",\"url\":\"https:\/\/www.estrategiaconcursos.com.br\/blog\/\",\"name\":\"Estrat\u00e9gia Concursos\",\"description\":\"O blog da Estrat\u00e9gia Concursos traz not\u00edcias sobre concursos e artigos de professores oferecendo cursos para concursos (pdf + videaulas) no site.\",\"publisher\":{\"@id\":\"https:\/\/www.estrategiaconcursos.com.br\/blog\/#organization\"},\"potentialAction\":[{\"@type\":\"SearchAction\",\"target\":{\"@type\":\"EntryPoint\",\"urlTemplate\":\"https:\/\/www.estrategiaconcursos.com.br\/blog\/?s={search_term_string}\"},\"query-input\":{\"@type\":\"PropertyValueSpecification\",\"valueRequired\":true,\"valueName\":\"search_term_string\"}}],\"inLanguage\":\"pt-BR\"},{\"@type\":\"Organization\",\"@id\":\"https:\/\/www.estrategiaconcursos.com.br\/blog\/#organization\",\"name\":\"Estrat\u00e9gia Concursos\",\"url\":\"https:\/\/www.estrategiaconcursos.com.br\/blog\/\",\"logo\":{\"@type\":\"ImageObject\",\"inLanguage\":\"pt-BR\",\"@id\":\"https:\/\/www.estrategiaconcursos.com.br\/blog\/#\/schema\/logo\/image\/\",\"url\":\"https:\/\/dhg1h5j42swfq.cloudfront.net\/2025\/06\/03203428\/logo_concursos-1.jpg\",\"contentUrl\":\"https:\/\/dhg1h5j42swfq.cloudfront.net\/2025\/06\/03203428\/logo_concursos-1.jpg\",\"width\":230,\"height\":60,\"caption\":\"Estrat\u00e9gia Concursos\"},\"image\":{\"@id\":\"https:\/\/www.estrategiaconcursos.com.br\/blog\/#\/schema\/logo\/image\/\"},\"sameAs\":[\"https:\/\/x.com\/EstratConcursos\"]},{\"@type\":\"Person\",\"@id\":\"https:\/\/www.estrategiaconcursos.com.br\/blog\/#\/schema\/person\/e7388a69da1f5508c2c816299f7e669e\",\"name\":\"Rafael Moreno\",\"image\":{\"@type\":\"ImageObject\",\"inLanguage\":\"pt-BR\",\"@id\":\"https:\/\/secure.gravatar.com\/avatar\/305b63f80e249de5405d98b04961e3ace740f8a49f13213c670766f0f2e7460f?s=96&d=mm&r=g\",\"url\":\"https:\/\/secure.gravatar.com\/avatar\/305b63f80e249de5405d98b04961e3ace740f8a49f13213c670766f0f2e7460f?s=96&d=mm&r=g\",\"contentUrl\":\"https:\/\/secure.gravatar.com\/avatar\/305b63f80e249de5405d98b04961e3ace740f8a49f13213c670766f0f2e7460f?s=96&d=mm&r=g\",\"caption\":\"Rafael Moreno\"},\"url\":\"https:\/\/www.estrategiaconcursos.com.br\/blog\/author\/rafaelmorenoestrategiaconcursos-com-br\/\"}]}<\/script>\n<!-- \/ Yoast SEO Premium plugin. -->","yoast_head_json":{"title":"Como fui aprovado em 3 concursos da \u00e1rea fiscal: uma hist\u00f3ria improv\u00e1vel (c\/ entrevista) Uma hist\u00f3ria de motiva\u00e7\u00e3o","description":"Disperso, estudante mediano e de classe m\u00e9dia baixa - aprovado em 03 concursos da \u00c1rea Fiscal. Conhe\u00e7a essa hist\u00f3ria de supera\u00e7\u00e3o improv\u00e1vel.","robots":{"index":"index","follow":"follow","max-snippet":"max-snippet:-1","max-image-preview":"max-image-preview:large","max-video-preview":"max-video-preview:-1"},"canonical":"https:\/\/www.estrategiaconcursos.com.br\/blog\/uma-historia-improvavel-de-aprovacoes\/","og_locale":"pt_BR","og_type":"article","og_title":"Como fui aprovado em 3 concursos da \u00e1rea fiscal: uma hist\u00f3ria improv\u00e1vel (c\/ entrevista)","og_description":"Disperso, estudante mediano e de classe m\u00e9dia baixa - aprovado em 03 concursos da \u00c1rea Fiscal. Conhe\u00e7a essa hist\u00f3ria de supera\u00e7\u00e3o improv\u00e1vel.","og_url":"https:\/\/www.estrategiaconcursos.com.br\/blog\/uma-historia-improvavel-de-aprovacoes\/","og_site_name":"Estrat\u00e9gia Concursos","article_published_time":"2020-07-08T12:30:00+00:00","article_modified_time":"2022-09-12T19:07:58+00:00","og_image":[{"width":960,"height":1280,"url":"https:\/\/dhg1h5j42swfq.cloudfront.net\/2020\/07\/08092040\/Foto-de-Rafael-Moreno-SEFAZ-RJ.jpeg","type":"image\/jpeg"}],"author":"Rafael Moreno","twitter_card":"summary_large_image","twitter_creator":"@EstratConcursos","twitter_site":"@EstratConcursos","twitter_misc":{"Escrito por":"Rafael Moreno","Est. tempo de leitura":"6 minutos"},"schema":{"@context":"https:\/\/schema.org","@graph":[{"@type":"NewsArticle","@id":"https:\/\/www.estrategiaconcursos.com.br\/blog\/uma-historia-improvavel-de-aprovacoes\/#article","isPartOf":{"@id":"https:\/\/www.estrategiaconcursos.com.br\/blog\/uma-historia-improvavel-de-aprovacoes\/"},"author":{"name":"Rafael Moreno","@id":"https:\/\/www.estrategiaconcursos.com.br\/blog\/#\/schema\/person\/e7388a69da1f5508c2c816299f7e669e"},"headline":"Como fui aprovado em 3 concursos da \u00e1rea fiscal: uma hist\u00f3ria improv\u00e1vel (c\/ entrevista)","datePublished":"2020-07-08T12:30:00+00:00","dateModified":"2022-09-12T19:07:58+00:00","mainEntityOfPage":{"@id":"https:\/\/www.estrategiaconcursos.com.br\/blog\/uma-historia-improvavel-de-aprovacoes\/"},"wordCount":1241,"commentCount":110,"publisher":{"@id":"https:\/\/www.estrategiaconcursos.com.br\/blog\/#organization"},"image":{"@id":"https:\/\/www.estrategiaconcursos.com.br\/blog\/uma-historia-improvavel-de-aprovacoes\/#primaryimage"},"thumbnailUrl":"https:\/\/dhg1h5j42swfq.cloudfront.net\/2020\/07\/08092040\/Foto-de-Rafael-Moreno-SEFAZ-RJ.jpeg","keywords":["Auditor-Fiscal","coaching","Concurso","Receita Federal"],"articleSection":["Concursos P\u00fablicos","Fiscal - Estadual (ICMS)"],"inLanguage":"pt-BR","potentialAction":[{"@type":"CommentAction","name":"Comment","target":["https:\/\/www.estrategiaconcursos.com.br\/blog\/uma-historia-improvavel-de-aprovacoes\/#respond"]}],"copyrightYear":"2020","copyrightHolder":{"@id":"https:\/\/www.estrategiaconcursos.com.br\/blog\/#organization"}},{"@type":"WebPage","@id":"https:\/\/www.estrategiaconcursos.com.br\/blog\/uma-historia-improvavel-de-aprovacoes\/","url":"https:\/\/www.estrategiaconcursos.com.br\/blog\/uma-historia-improvavel-de-aprovacoes\/","name":"Como fui aprovado em 3 concursos da \u00e1rea fiscal: uma hist\u00f3ria improv\u00e1vel (c\/ entrevista) Uma hist\u00f3ria de motiva\u00e7\u00e3o","isPartOf":{"@id":"https:\/\/www.estrategiaconcursos.com.br\/blog\/#website"},"primaryImageOfPage":{"@id":"https:\/\/www.estrategiaconcursos.com.br\/blog\/uma-historia-improvavel-de-aprovacoes\/#primaryimage"},"image":{"@id":"https:\/\/www.estrategiaconcursos.com.br\/blog\/uma-historia-improvavel-de-aprovacoes\/#primaryimage"},"thumbnailUrl":"https:\/\/dhg1h5j42swfq.cloudfront.net\/2020\/07\/08092040\/Foto-de-Rafael-Moreno-SEFAZ-RJ.jpeg","datePublished":"2020-07-08T12:30:00+00:00","dateModified":"2022-09-12T19:07:58+00:00","description":"Disperso, estudante mediano e de classe m\u00e9dia baixa - aprovado em 03 concursos da \u00c1rea Fiscal. Conhe\u00e7a essa hist\u00f3ria de supera\u00e7\u00e3o improv\u00e1vel.","breadcrumb":{"@id":"https:\/\/www.estrategiaconcursos.com.br\/blog\/uma-historia-improvavel-de-aprovacoes\/#breadcrumb"},"inLanguage":"pt-BR","potentialAction":[{"@type":"ReadAction","target":["https:\/\/www.estrategiaconcursos.com.br\/blog\/uma-historia-improvavel-de-aprovacoes\/"]}]},{"@type":"ImageObject","inLanguage":"pt-BR","@id":"https:\/\/www.estrategiaconcursos.com.br\/blog\/uma-historia-improvavel-de-aprovacoes\/#primaryimage","url":"https:\/\/dhg1h5j42swfq.cloudfront.net\/2020\/07\/08092040\/Foto-de-Rafael-Moreno-SEFAZ-RJ.jpeg","contentUrl":"https:\/\/dhg1h5j42swfq.cloudfront.net\/2020\/07\/08092040\/Foto-de-Rafael-Moreno-SEFAZ-RJ.jpeg","width":960,"height":1280,"caption":"aprovado em 03 concursos da \u00e1rea fiscal"},{"@type":"BreadcrumbList","@id":"https:\/\/www.estrategiaconcursos.com.br\/blog\/uma-historia-improvavel-de-aprovacoes\/#breadcrumb","itemListElement":[{"@type":"ListItem","position":1,"name":"In\u00edcio","item":"https:\/\/www.estrategiaconcursos.com.br\/blog\/"},{"@type":"ListItem","position":2,"name":"Como fui aprovado em 3 concursos da \u00e1rea fiscal: uma hist\u00f3ria improv\u00e1vel (c\/ entrevista)"}]},{"@type":"WebSite","@id":"https:\/\/www.estrategiaconcursos.com.br\/blog\/#website","url":"https:\/\/www.estrategiaconcursos.com.br\/blog\/","name":"Estrat\u00e9gia Concursos","description":"O blog da Estrat\u00e9gia Concursos traz not\u00edcias sobre concursos e artigos de professores oferecendo cursos para concursos (pdf + videaulas) no site.","publisher":{"@id":"https:\/\/www.estrategiaconcursos.com.br\/blog\/#organization"},"potentialAction":[{"@type":"SearchAction","target":{"@type":"EntryPoint","urlTemplate":"https:\/\/www.estrategiaconcursos.com.br\/blog\/?s={search_term_string}"},"query-input":{"@type":"PropertyValueSpecification","valueRequired":true,"valueName":"search_term_string"}}],"inLanguage":"pt-BR"},{"@type":"Organization","@id":"https:\/\/www.estrategiaconcursos.com.br\/blog\/#organization","name":"Estrat\u00e9gia Concursos","url":"https:\/\/www.estrategiaconcursos.com.br\/blog\/","logo":{"@type":"ImageObject","inLanguage":"pt-BR","@id":"https:\/\/www.estrategiaconcursos.com.br\/blog\/#\/schema\/logo\/image\/","url":"https:\/\/dhg1h5j42swfq.cloudfront.net\/2025\/06\/03203428\/logo_concursos-1.jpg","contentUrl":"https:\/\/dhg1h5j42swfq.cloudfront.net\/2025\/06\/03203428\/logo_concursos-1.jpg","width":230,"height":60,"caption":"Estrat\u00e9gia Concursos"},"image":{"@id":"https:\/\/www.estrategiaconcursos.com.br\/blog\/#\/schema\/logo\/image\/"},"sameAs":["https:\/\/x.com\/EstratConcursos"]},{"@type":"Person","@id":"https:\/\/www.estrategiaconcursos.com.br\/blog\/#\/schema\/person\/e7388a69da1f5508c2c816299f7e669e","name":"Rafael Moreno","image":{"@type":"ImageObject","inLanguage":"pt-BR","@id":"https:\/\/secure.gravatar.com\/avatar\/305b63f80e249de5405d98b04961e3ace740f8a49f13213c670766f0f2e7460f?s=96&d=mm&r=g","url":"https:\/\/secure.gravatar.com\/avatar\/305b63f80e249de5405d98b04961e3ace740f8a49f13213c670766f0f2e7460f?s=96&d=mm&r=g","contentUrl":"https:\/\/secure.gravatar.com\/avatar\/305b63f80e249de5405d98b04961e3ace740f8a49f13213c670766f0f2e7460f?s=96&d=mm&r=g","caption":"Rafael Moreno"},"url":"https:\/\/www.estrategiaconcursos.com.br\/blog\/author\/rafaelmorenoestrategiaconcursos-com-br\/"}]}},"_links":{"self":[{"href":"https:\/\/www.estrategiaconcursos.com.br\/blog\/wp-json\/wp\/v2\/posts\/91817","targetHints":{"allow":["GET"]}}],"collection":[{"href":"https:\/\/www.estrategiaconcursos.com.br\/blog\/wp-json\/wp\/v2\/posts"}],"about":[{"href":"https:\/\/www.estrategiaconcursos.com.br\/blog\/wp-json\/wp\/v2\/types\/post"}],"author":[{"embeddable":true,"href":"https:\/\/www.estrategiaconcursos.com.br\/blog\/wp-json\/wp\/v2\/users\/534"}],"replies":[{"embeddable":true,"href":"https:\/\/www.estrategiaconcursos.com.br\/blog\/wp-json\/wp\/v2\/comments?post=91817"}],"version-history":[{"count":25,"href":"https:\/\/www.estrategiaconcursos.com.br\/blog\/wp-json\/wp\/v2\/posts\/91817\/revisions"}],"predecessor-version":[{"id":1093288,"href":"https:\/\/www.estrategiaconcursos.com.br\/blog\/wp-json\/wp\/v2\/posts\/91817\/revisions\/1093288"}],"wp:featuredmedia":[{"embeddable":true,"href":"https:\/\/www.estrategiaconcursos.com.br\/blog\/wp-json\/wp\/v2\/media\/539181"}],"wp:attachment":[{"href":"https:\/\/www.estrategiaconcursos.com.br\/blog\/wp-json\/wp\/v2\/media?parent=91817"}],"wp:term":[{"taxonomy":"category","embeddable":true,"href":"https:\/\/www.estrategiaconcursos.com.br\/blog\/wp-json\/wp\/v2\/categories?post=91817"},{"taxonomy":"post_tag","embeddable":true,"href":"https:\/\/www.estrategiaconcursos.com.br\/blog\/wp-json\/wp\/v2\/tags?post=91817"},{"taxonomy":"tax_estado","embeddable":true,"href":"https:\/\/www.estrategiaconcursos.com.br\/blog\/wp-json\/wp\/v2\/tax_estado?post=91817"}],"curies":[{"name":"wp","href":"https:\/\/api.w.org\/{rel}","templated":true}]}}