{"id":915517,"date":"2021-11-30T10:00:00","date_gmt":"2021-11-30T13:00:00","guid":{"rendered":"https:\/\/www.estrategiaconcursos.com.br\/blog\/?p=915517"},"modified":"2021-11-29T11:19:07","modified_gmt":"2021-11-29T14:19:07","slug":"concursos-abertos-e-autorizados-novembro-2021","status":"publish","type":"post","link":"https:\/\/www.estrategiaconcursos.com.br\/blog\/concursos-abertos-e-autorizados-novembro-2021\/","title":{"rendered":"Concursos abertos e autorizados em NOVEMBRO de 2021!"},"content":{"rendered":"\n<p>Mais um m\u00eas chegando ao fim e j\u00e1 come\u00e7amos a olhar para as oportunidades previstas para <a href=\"https:\/\/www.estrategiaconcursos.com.br\/blog\/concursos-2022\/\" target=\"_blank\" rel=\"noreferrer noopener\">2022<\/a>. Mas fique atento, pois muitas novidades est\u00e3o sendo divulgadas, o que vai ocasionar em diversos editais nos pr\u00f3ximos meses.<\/p>\n\n\n\n<p>Ao longo das \u00faltimas semanas, tivemos movimenta\u00e7\u00f5es importantes em concursos que j\u00e1 estavam no radar, como forma\u00e7\u00e3o de Comiss\u00e3o e defini\u00e7\u00e3o de banca. Al\u00e9m disso tamb\u00e9m foram autorizadas novas sele\u00e7\u00f5es.<\/p>\n\n\n\n<p>Se voc\u00ea quer ficar bem informado sobre tudo o que aconteceu durante novembro de 2021, reunimos aqui&nbsp;<strong>os concursos mais quentes e que podem entrar na sua lista de op\u00e7\u00f5es<\/strong>. <\/p>\n\n\n\n<ul class=\"wp-block-list\" id=\"block-761d9a7e-2811-4f09-bf3e-3fe7e8c3d741\"><li><a href=\"#publicados\"><strong>Editais publicados<\/strong><\/a><\/li><li><strong><a href=\"#autorizados\">Editais autorizados<\/a><\/strong><\/li><\/ul>\n\n\n\n<div class=\"container\" id=\"boxes\">\n  <div class=\"row\">\n\n    <div class=\"col-sm\">\n      <div class=\"estrategia\" id=\"box-assinatura\">\n        <h3 class=\"titulo-assinatura\">Assinatura Concursos<\/h3>\n        <p class=\"subtitulo-assinatura\">Assinatura de 1 ano ou 2 anos<\/p>\n        <div class=\"box-botao\">\n          <a class=\"btn-assinatura\" target=\"_blank\" href=\"https:\/\/www.estrategiaconcursos.com.br\/assinaturas\/\" role=\"button\" rel=\"noopener noreferrer\">ASSINE AGORA<\/a>\n        <\/div>\n      <\/div><\/div><\/div><\/div>\n\n\n\n<h2 class=\"has-background wp-block-heading\" id=\"publicados\" style=\"background-color:#d5bcec\">Editais publicados em novembro<\/h2>\n\n\n\n<h3 class=\"wp-block-heading\"><a href=\"https:\/\/www.estrategiaconcursos.com.br\/blog\/concurso-tce-sc\/\" target=\"_blank\" rel=\"noreferrer noopener\">Concurso TCE SC<\/a><\/h3>\n\n\n\n<ul class=\"wp-block-list\"><li><strong>Banca<\/strong>: Cebraspe<\/li><li><strong>Per\u00edodo de inscri\u00e7\u00f5es<\/strong>: 19\/11 a 20\/12\/2021<\/li><li><strong>Data da prova:<\/strong>&nbsp;06\/03\/2022<\/li><li><strong>Vagas:<\/strong>&nbsp;40 + 120 CR<\/li><li><strong>Cargo:<\/strong>&nbsp;Auditor Fiscal de Controle Externo<\/li><li><strong>Remunera\u00e7\u00e3o:&nbsp;<\/strong>at\u00e9 R$ 15.206,65<\/li><li><strong>Edital<\/strong>:&nbsp;<a href=\"https:\/\/dhg1h5j42swfq.cloudfront.net\/2021\/11\/10111533\/ed_1_2020_tce_sc_abertura.pdf\" target=\"_blank\" rel=\"noreferrer noopener nofollow\">Edital Auditor (2021)<\/a><\/li><li><strong>Curso:<\/strong>&nbsp;<a href=\"https:\/\/www.estrategiaconcursos.com.br\/cursosPorConcurso\/tce-sc-tribunal-de-contas-de-santa-catarina-374\/\" target=\"_blank\" rel=\"noreferrer noopener\">TCE SC<\/a><\/li><\/ul>\n\n\n\n<h3 class=\"wp-block-heading\"><a href=\"https:\/\/www.estrategiaconcursos.com.br\/blog\/concurso-igp-sc\/\" target=\"_blank\" rel=\"noreferrer noopener\">Concurso IGP SC<\/a><\/h3>\n\n\n\n<ul class=\"wp-block-list\"><li><strong>Banca<\/strong>: FEPESE<\/li><li><strong>Per\u00edodo de inscri\u00e7\u00f5es<\/strong>: 26\/11 a 27\/12\/2021<\/li><li><strong>Data da prova:<\/strong>&nbsp;30\/01\/2022<\/li><li><strong>Vagas:<\/strong>&nbsp;70<\/li><li><strong>Cargo:<\/strong>&nbsp;Auxiliar M\u00e9dico-Legal<\/li><li><strong>Remunera\u00e7\u00e3o:&nbsp;<\/strong>R$ 4.581,90<\/li><li><strong>Edital<\/strong>:&nbsp;<a href=\"https:\/\/dhg1h5j42swfq.cloudfront.net\/2021\/11\/22214005\/2021_igp_ed_001.pdf\" target=\"_blank\" rel=\"noreferrer noopener nofollow\">IGP SC 2021<\/a><\/li><li><strong>Curso:<\/strong>&nbsp;<a href=\"https:\/\/www.estrategiaconcursos.com.br\/cursosPorConcurso\/instituto-geral-de-pericias-de-santa-catarina-igp-sc\/\" target=\"_blank\" rel=\"noreferrer noopener\">IGP SC<\/a><\/li><\/ul>\n\n\n\n<h3 class=\"wp-block-heading\"><a href=\"https:\/\/www.estrategiaconcursos.com.br\/blog\/concurso-brigada-militar-rs\/\" target=\"_blank\" rel=\"noreferrer noopener\">Concurso Brigada Militar RS<\/a><\/h3>\n\n\n\n<ul class=\"wp-block-list\"><li><strong>Banca<\/strong>: Fundatec<\/li><li><strong>Per\u00edodo de inscri\u00e7\u00f5es<\/strong>: 30\/11 a 30\/12\/2021<\/li><li><strong>Data da prova:<\/strong>&nbsp;30\/01\/2022<\/li><li><strong>Vagas:<\/strong>&nbsp;4.000<\/li><li><strong>Cargo:<\/strong>&nbsp;Soldado<\/li><li><strong>Remunera\u00e7\u00e3o:&nbsp;<\/strong>R$ 4.689,23<\/li><li><strong>Edital<\/strong>:&nbsp;<a href=\"https:\/\/dhg1h5j42swfq.cloudfront.net\/2021\/11\/24141101\/objetiva-financas-1.pdf\" target=\"_blank\" rel=\"noreferrer noopener nofollow\">Soldado 2021<\/a><\/li><li><strong>Curso:<\/strong>&nbsp;<a href=\"https:\/\/www.estrategiaconcursos.com.br\/curso\/pm-rs-soldado-da-brigada-militar-pacote-2021-pos-edital\/\" target=\"_blank\" rel=\"noreferrer noopener\">Brigada RS<\/a><\/li><\/ul>\n\n\n\n<h3 class=\"wp-block-heading\"><a href=\"https:\/\/www.estrategiaconcursos.com.br\/blog\/concurso-telebras\/\" target=\"_blank\" rel=\"noreferrer noopener\">Concurso Telebras<\/a>&nbsp;(DF e RJ)<\/h3>\n\n\n\n<ul class=\"wp-block-list\"><li><strong>Banca<\/strong>: Cebraspe<\/li><li><strong>Per\u00edodo de inscri\u00e7\u00f5es<\/strong>: 07 a 27\/12\/2021<\/li><li><strong>Data da prova:<\/strong>&nbsp;20\/02\/2022<\/li><li><strong>Vagas:<\/strong>&nbsp;09 + 1.152 CR<\/li><li><strong>Cargo:<\/strong>&nbsp;Especialista e T\u00e9cnico em Gest\u00e3o de Telecomunica\u00e7\u00f5es<\/li><li><strong>Remunera\u00e7\u00e3o:&nbsp;<\/strong>R$ 3.305,23 e R$ 8.766,57<\/li><li><strong>Edital<\/strong>:&nbsp;<a href=\"https:\/\/dhg1h5j42swfq.cloudfront.net\/2021\/11\/25103710\/saude.pdf\" target=\"_blank\" rel=\"noreferrer noopener\"><\/a><a href=\"https:\/\/dhg1h5j42swfq.cloudfront.net\/2021\/11\/26062837\/edital-telebras.pdf\" target=\"_blank\" rel=\"noreferrer noopener nofollow\">Telebras 2021<\/a><\/li><li><strong>Curso:<\/strong>&nbsp;<a href=\"https:\/\/www.estrategiaconcursos.com.br\/cursosPorConcurso\/telebras-128\/\" target=\"_blank\" rel=\"noreferrer noopener\">Telebras<\/a><\/li><\/ul>\n\n\n\n<h3 class=\"wp-block-heading\"><a href=\"https:\/\/www.estrategiaconcursos.com.br\/blog\/concurso-ses-rs\/\" target=\"_blank\" rel=\"noreferrer noopener\">Concurso SES RS<\/a><\/h3>\n\n\n\n<ul class=\"wp-block-list\"><li><strong>Banca<\/strong>: FAURG&nbsp;<\/li><li><strong>Per\u00edodo de inscri\u00e7\u00f5es<\/strong>: 05 de novembro a 06 de dezembro de 2021<\/li><li><strong>Data da prova:<\/strong>&nbsp;09 de janeiro de 2022<\/li><li><strong>Vagas:<\/strong>&nbsp;922<\/li><li><strong>Cargos:<\/strong>&nbsp;Especialistas em Sa\u00fade e T\u00e9cnicos em Sa\u00fade<\/li><li><strong>Remunera\u00e7\u00e3o:&nbsp;<\/strong>R$ 1.070,21 e R$ 3.473,34<\/li><li><strong>Editais<\/strong>:&nbsp;<a href=\"https:\/\/dhg1h5j42swfq.cloudfront.net\/2021\/11\/05175059\/20211105174145_edital-de-abertura-n_15_2021-final.pdf\" target=\"_blank\" rel=\"noreferrer noopener nofollow\">Edital SES-RS 2021<\/a><\/li><li><strong>Curso:<\/strong>&nbsp;<a href=\"https:\/\/www.estrategiaconcursos.com.br\/cursosPorConcurso\/secretaria-de-saude-do-rio-grande-do-sul-ses-rs\/\" target=\"_blank\" rel=\"noreferrer noopener\">SES RS<\/a><\/li><\/ul>\n\n\n\n<h3 class=\"wp-block-heading\"><a href=\"https:\/\/www.estrategiaconcursos.com.br\/blog\/concurso-ministerio-da-justica\/\" target=\"_blank\" rel=\"noreferrer noopener\">Concurso Minist\u00e9rio da Justi\u00e7a<\/a><\/h3>\n\n\n\n<ul class=\"wp-block-list\"><li><strong>Banca<\/strong>: Cebraspe<\/li><li><strong>Per\u00edodo de inscri\u00e7\u00f5es<\/strong>: 08 a 17\/11\/2021<\/li><li><strong>Data da prova:<\/strong>&nbsp;19\/12\/2021<\/li><li><strong>Vagas:<\/strong>&nbsp;66<\/li><li><strong>Cargo:<\/strong>&nbsp;T\u00e9cnico Especializado<\/li><li><strong>Remunera\u00e7\u00e3o:&nbsp;<\/strong>R$ 6.130,00<\/li><li><strong>Edital<\/strong>:&nbsp;<a href=\"https:\/\/dhg1h5j42swfq.cloudfront.net\/2021\/11\/08103441\/ed_39_mj_pss_21_abertura.pdf\" target=\"_blank\" rel=\"noreferrer noopener nofollow\">Edital MDJ 2021<\/a><\/li><li><strong>Curso:<\/strong>&nbsp;<a href=\"https:\/\/www.estrategiaconcursos.com.br\/cursosPorConcurso\/ministerio-da-justica-172\/\" target=\"_blank\" rel=\"noreferrer noopener\">Minist\u00e9rio da Justi\u00e7a<\/a><\/li><\/ul>\n\n\n\n<h3 class=\"wp-block-heading\"><a href=\"https:\/\/www.estrategiaconcursos.com.br\/blog\/concurso-dpe-am\/\" target=\"_blank\" rel=\"noreferrer noopener\">Concurso DPE AM<\/a><\/h3>\n\n\n\n<ul class=\"wp-block-list\"><li><strong>Banca<\/strong>: FCC<\/li><li><strong>Per\u00edodo de inscri\u00e7\u00f5es<\/strong>: 29\/11 a 29\/12\/2021<\/li><li><strong>Data da prova:<\/strong>&nbsp;06\/02\/2022<\/li><li><strong>Vagas:<\/strong>&nbsp;03<\/li><li><strong>Cargo:<\/strong>&nbsp;Assistente T\u00e9cnico de Defensoria e Analista Jur\u00eddico de Defensoria<\/li><li><strong>Remunera\u00e7\u00e3o:&nbsp;<\/strong>R$ 3.531,95 a R$ 6.000,00<\/li><li><strong>Edital<\/strong>:&nbsp;<a href=\"https:\/\/dhg1h5j42swfq.cloudfront.net\/2021\/11\/24203625\/edital_de_abertura_de_inscricoes.pdf\" target=\"_blank\" rel=\"noreferrer noopener nofollow\">DPE AM 2021<\/a><\/li><li><strong>Curso:<\/strong>&nbsp;<a href=\"https:\/\/www.estrategiaconcursos.com.br\/cursosPorConcurso\/dpe-am\/\" target=\"_blank\" rel=\"noreferrer noopener\">DPE AM<\/a><\/li><\/ul>\n\n\n\n<h3 class=\"wp-block-heading\"><a href=\"https:\/\/www.estrategiaconcursos.com.br\/blog\/concurso-dpe-se-defensor\/\" target=\"_blank\" rel=\"noreferrer noopener\">Concurso DPE SE Defensor<\/a><\/h3>\n\n\n\n<ul class=\"wp-block-list\"><li><strong>Banca<\/strong>: Cebraspe<\/li><li><strong>Per\u00edodo de inscri\u00e7\u00f5es<\/strong>: 29\/11 a 28\/12\/2021<\/li><li><strong>Data da prova:<\/strong>&nbsp;10\/04\/2022<\/li><li><strong>Vagas:<\/strong>&nbsp;6<\/li><li><strong>Cargo:<\/strong>&nbsp;Defensor P\u00fablico<\/li><li><strong>Remunera\u00e7\u00e3o:&nbsp;<\/strong>R$ 16.761,68<\/li><li><strong>Edital<\/strong>:&nbsp;<a href=\"https:\/\/dhg1h5j42swfq.cloudfront.net\/2021\/11\/24072905\/dpe-se-1.pdf\" target=\"_blank\" rel=\"noreferrer noopener nofollow\">Edital DPE SE Defensor<\/a><\/li><li><strong>Curso:<\/strong>&nbsp;<a href=\"https:\/\/www.estrategiaconcursos.com.br\/cursosPorConcurso\/dpe-se-defensoria-publica-de-sergipe-defensor-publico\/\" target=\"_blank\" rel=\"noreferrer noopener\">DPE SE<\/a><\/li><\/ul>\n\n\n\n<h3 class=\"wp-block-heading\"><a href=\"https:\/\/www.estrategiaconcursos.com.br\/blog\/concurso-pge-ro-procurador\/\" target=\"_blank\" rel=\"noreferrer noopener\">Concurso PGE RO Procurador<\/a><\/h3>\n\n\n\n<ul class=\"wp-block-list\"><li><strong>Banca<\/strong>: Cebraspe<\/li><li><strong>Per\u00edodo de inscri\u00e7\u00f5es<\/strong>: 18\/11 a 10\/12\/2021<\/li><li><strong>Data da prova:<\/strong>&nbsp;06\/02\/2022<\/li><li><strong>Vagas:<\/strong>&nbsp;05<\/li><li><strong>Cargo:<\/strong>&nbsp;Procurador do Estado Substituto<\/li><li><strong>Remunera\u00e7\u00e3o:&nbsp;<\/strong>R$ 24.166,51<\/li><li><strong>Edital<\/strong>:&nbsp;<a href=\"https:\/\/dhg1h5j42swfq.cloudfront.net\/2021\/11\/10150051\/ed_5_pge_ro_abt.pdf\" target=\"_blank\" rel=\"noreferrer noopener nofollow\">Edital PGE RO<\/a><\/li><li><strong>Curso:<\/strong>&nbsp;<a href=\"https:\/\/www.estrategiaconcursos.com.br\/cursosPorConcurso\/pge-ro-procurador-do-estado-de-rondonia\/\" target=\"_blank\" rel=\"noreferrer noopener\">PGE RO<\/a><\/li><\/ul>\n\n\n\n<h3 class=\"wp-block-heading\"><a href=\"https:\/\/www.estrategiaconcursos.com.br\/blog\/concurso-mp-to-promotor\/\" target=\"_blank\" rel=\"noreferrer noopener\">Concurso MP TO Promotor<\/a><\/h3>\n\n\n\n<ul class=\"wp-block-list\"><li><strong>Banca<\/strong>: Cebraspe<\/li><li><strong>Per\u00edodo de inscri\u00e7\u00f5es<\/strong>: 16\/11 a 15\/12\/221<\/li><li><strong>Data da prova:<\/strong>&nbsp;29 e 30\/01\/2022<\/li><li><strong>Vagas:<\/strong>&nbsp;07<\/li><li><strong>Cargo:<\/strong>&nbsp;Promotor de Justi\u00e7a Substituto<\/li><li><strong>Remunera\u00e7\u00e3o:&nbsp;<\/strong>R$ 28.884,20<\/li><li><strong>Edital<\/strong>:&nbsp;<a href=\"https:\/\/dhg1h5j42swfq.cloudfront.net\/2021\/11\/12170251\/edital_mp_to_promotor.pdf\" target=\"_blank\" rel=\"noreferrer noopener nofollow\">Edital MP TO<\/a><\/li><li><strong>Curso:<\/strong>&nbsp;<a href=\"https:\/\/www.estrategiaconcursos.com.br\/cursos\/concurso\/\" target=\"_blank\" rel=\"noreferrer noopener\">MP TO<\/a><\/li><\/ul>\n\n\n\n<h3 class=\"wp-block-heading\"><a href=\"https:\/\/www.estrategiaconcursos.com.br\/blog\/concurso-mp-sp-promotor\/\" target=\"_blank\" rel=\"noreferrer noopener\">Concurso MP SP Promotor<\/a><\/h3>\n\n\n\n<ul class=\"wp-block-list\"><li><strong>Banca<\/strong>: MP SP<\/li><li><strong>Per\u00edodo de inscri\u00e7\u00f5es<\/strong>: 10\/11 a 09\/12\/2021<\/li><li><strong>Data da prova:<\/strong>&nbsp;a definir<\/li><li><strong>Vagas:<\/strong>&nbsp;125<\/li><li><strong>Cargo:<\/strong>&nbsp;Promotor de Justi\u00e7a Substituto<\/li><li><strong>Remunera\u00e7\u00e3o:&nbsp;<\/strong>R$ 28.883,97<\/li><li><strong>Edital<\/strong>:&nbsp;<a href=\"http:\/\/www.imprensaoficial.com.br\/DO\/BuscaDO2001Documento_11_4.aspx?link=%2f2021%2fexecutivo+secao+i%2fnovembro%2f09%2fpag_0069_c7ec39eb68e7978884fe4f6665ed8b3b.pdf&amp;pagina=69&amp;data=09\/11\/2021&amp;caderno=Executivo%20I&amp;paginaordenacao=100069\" target=\"_blank\" rel=\"noreferrer noopener\">Edital MP SP 2021<\/a><\/li><li><strong>Curso:<\/strong>&nbsp;<a href=\"https:\/\/www.estrategiaconcursos.com.br\/cursosPorConcurso\/ministerio-publico-de-sao-paulo-mp-sp-promotor\/\" target=\"_blank\" rel=\"noreferrer noopener\">MP SP<\/a><\/li><\/ul>\n\n\n\n<h3 class=\"wp-block-heading\"><a href=\"https:\/\/www.estrategiaconcursos.com.br\/blog\/concurso-tj-sp-cartorios\/\" target=\"_blank\" rel=\"noreferrer noopener\">Concurso Cart\u00f3rio SP<\/a><\/h3>\n\n\n\n<ul class=\"wp-block-list\"><li><strong>Banca<\/strong>: Vunesp<\/li><li><strong>Per\u00edodo de inscri\u00e7\u00f5es<\/strong>: 13\/12\/2021 a 20\/01\/2022<\/li><li><strong>Data da prova:<\/strong>&nbsp;13 e&nbsp;20\/03\/2022<\/li><li><strong>Vagas:<\/strong>&nbsp;195<\/li><li><strong>Cargo:<\/strong>&nbsp;Not\u00e1rio ou Registrador<\/li><li><strong>Remunera\u00e7\u00e3o:&nbsp;<\/strong>13 sal\u00e1rios m\u00ednimos mensais<\/li><li><strong>Edital<\/strong>:&nbsp;<a href=\"https:\/\/dhg1h5j42swfq.cloudfront.net\/2021\/11\/09075049\/edital-12o-concurso-sp.pdf\" target=\"_blank\" rel=\"noreferrer noopener nofollow\">Edital Cart\u00f3rio SP<\/a><\/li><li><strong>Curso:<\/strong>&nbsp;<a href=\"https:\/\/www.estrategiaconcursos.com.br\/cursosPorConcurso\/cursos-para-cartorios-do-tj-sp\/\" target=\"_blank\" rel=\"noreferrer noopener\">Cart\u00f3rio SP<\/a><\/li><\/ul>\n\n\n\n<h2 class=\"has-background wp-block-heading\" id=\"autorizados\" style=\"background-color:#d5bcec\">Editais autorizados em novembro<\/h2>\n\n\n\n<h3 class=\"wp-block-heading\" id=\"h-concurso-anm\"><a href=\"https:\/\/www.estrategiaconcursos.com.br\/blog\/concurso-anm\/\" target=\"_blank\" rel=\"noreferrer noopener\">Concurso ANM<\/a><\/h3>\n\n\n\n<p>&nbsp;A banca do certame j\u00e1 foi definida: o&nbsp;Cebraspe. Com isso, foi divulgado tamb\u00e9m o&nbsp;Projeto B\u00e1sico, documento que serve de base para contrata\u00e7\u00e3o da organizadora e que traz alguns detalhes pr\u00e9vios sobre a sele\u00e7\u00e3o.<\/p>\n\n\n\n<ul class=\"wp-block-list\"><li><strong>Status:<\/strong>&nbsp;Banca definida (Cebraspe)<\/li><li><strong>Cargo:<\/strong> Especialista em Recursos Minerais<\/li><li><strong>Forma\u00e7\u00e3o:&nbsp;<\/strong>N\u00edvel superior<\/li><li><strong>Vagas<\/strong>: 40<\/li><li><strong>Sal\u00e1rio:<\/strong>&nbsp;R$ 12.797,61<\/li><li><a href=\"https:\/\/www.estrategiaconcursos.com.br\/cursosPorConcurso\/agencia-nacional-de-mineracao-anm\/\" target=\"_blank\" rel=\"noreferrer noopener\">Curso para ANM<\/a><\/li><\/ul>\n\n\n\n<h3 class=\"wp-block-heading\" id=\"h-concurso-cgu\"><a href=\"https:\/\/www.estrategiaconcursos.com.br\/blog\/concurso-cgu\/\" target=\"_blank\" rel=\"noreferrer noopener\">Concurso CGU<\/a><\/h3>\n\n\n\n<p>Foi publicado o extrato de contrato que oficializa a&nbsp;FGV&nbsp;como banca organizadora. Com isso, o edital j\u00e1 pode sair a qualquer momento!<\/p>\n\n\n\n<ul class=\"wp-block-list\"><li><strong>Status:<\/strong>&nbsp;Banca definida (<a href=\"https:\/\/www.estrategiaconcursos.com.br\/blog\/fgv-concursos-2021\/\" target=\"_blank\" rel=\"noreferrer noopener\">FGV<\/a>)<\/li><li><strong>Cargo:<\/strong> Auditor e T\u00e9cnico Federal de Finan\u00e7as e Controle<\/li><li><strong>Forma\u00e7\u00e3o:&nbsp;<\/strong>N\u00edvel m\u00e9dio e superior<\/li><li><strong>Vagas<\/strong>: 375<\/li><li><strong>Sal\u00e1rio:<\/strong>&nbsp;R$ 7.283,31 e R$ 19.197,06<\/li><li><a href=\"https:\/\/www.estrategiaconcursos.com.br\/cursosPorConcurso\/controladoria-geral-da-uniao-cgu\/\" target=\"_blank\" rel=\"noreferrer noopener\">Curso para CGU<\/a><\/li><\/ul>\n\n\n\n<h3 class=\"wp-block-heading\" id=\"h-concurso-ibama\"><a href=\"https:\/\/www.estrategiaconcursos.com.br\/blog\/concurso-ibama\/\" target=\"_blank\" rel=\"noreferrer noopener\">Concurso IBAMA<\/a><\/h3>\n\n\n\n<p>Foi publicada a dispensa de licita\u00e7\u00e3o que oficializa a escolha do&nbsp;Cebraspe&nbsp;como banca. Al\u00e9m disso, tamb\u00e9m foi autorizada a redu\u00e7\u00e3o do prazo para 2 meses, entre edital e prova. <\/p>\n\n\n\n<ul class=\"wp-block-list\"><li><strong>Status:<\/strong>&nbsp;Banca definida (Cebraspe)<\/li><li><strong>Cargo:<\/strong> Analista Ambiental, Analista Administrativo e T\u00e9cnico Ambiental<\/li><li><strong>Forma\u00e7\u00e3o:&nbsp;<\/strong>N\u00edvel m\u00e9dio e superior<\/li><li><strong>Vagas<\/strong>: 568<\/li><li><strong>Sal\u00e1rio:<\/strong>&nbsp;R$ 4.036,34 e R$ 8.547,64<\/li><li><a href=\"https:\/\/www.estrategiaconcursos.com.br\/cursosPorConcurso\/ibama-analista-61\/\" target=\"_blank\" rel=\"noreferrer noopener\">Curso para IBAMA<\/a><\/li><\/ul>\n\n\n\n<h3 class=\"wp-block-heading\" id=\"h-concurso-ibge\"><a href=\"https:\/\/www.estrategiaconcursos.com.br\/blog\/concurso-ibge-2\/\" target=\"_blank\" rel=\"noreferrer noopener\">Concurso IBGE<\/a><\/h3>\n\n\n\n<p>Nova banca organizadora \u00e9 anunciada. Al\u00e9m disso, n\u00famero de vagas aumento de 204.307 para&nbsp;206.891.<\/p>\n\n\n\n<ul class=\"wp-block-list\"><li><strong>Status:<\/strong>&nbsp;Banca definida (FGV)<\/li><li><strong>Cargo:<\/strong> Agente Censit\u00e1rio Municipal, Agente Censit\u00e1rio Supervisor e Recenseador<\/li><li><strong>Forma\u00e7\u00e3o:&nbsp;<\/strong>N\u00edvel fundamental e <a href=\"https:\/\/www.estrategiaconcursos.com.br\/blog\/concursos-nivel-medio-2021\/\" target=\"_blank\" rel=\"noreferrer noopener\">m\u00e9dio<\/a><\/li><li><strong>Vagas<\/strong>: 206.891<\/li><li><strong>Sal\u00e1rio:<\/strong>&nbsp;R$ 1.700,00 a R$ 2.100,00<\/li><li><a href=\"https:\/\/www.estrategiaconcursos.com.br\/cursosPorConcurso\/ibge-204\/\" target=\"_blank\" rel=\"noreferrer noopener\">Curso para IBGE<\/a><\/li><\/ul>\n\n\n\n<h3 class=\"wp-block-heading\" id=\"h-concurso-alema\"><a href=\"https:\/\/www.estrategiaconcursos.com.br\/blog\/concurso-alema\/\" target=\"_blank\" rel=\"noreferrer noopener\">Concurso ALEMA<\/a><\/h3>\n\n\n\n<p>A Funda\u00e7\u00e3o Centro Estadual de Estat\u00edsticas, Pesquisas e Forma\u00e7\u00e3o de Servidores P\u00fablicos do Rio de Janeiro foi definida, por&nbsp;dispensa de licita\u00e7\u00e3o, como a banca organizadora do pr\u00f3ximo&nbsp;concurso.<\/p>\n\n\n\n<ul class=\"wp-block-list\"><li><strong>Status:<\/strong>&nbsp;Banca definida (CEPERJ)<\/li><li><strong>Cargo:<\/strong> a definir<\/li><li><strong>Forma\u00e7\u00e3o:&nbsp;<\/strong>a definir<\/li><li><strong>Vagas<\/strong>: a definir<\/li><li><strong>Sal\u00e1rio:<\/strong>&nbsp;R$ 1.212,64 a R$ 12.599,69<\/li><li><a href=\"https:\/\/www.estrategiaconcursos.com.br\/cursosPorConcurso\/assembleia-legislativa-do-maranhao-alma\/\" target=\"_blank\" rel=\"noreferrer noopener\">Curso para ALEMA<\/a><\/li><\/ul>\n\n\n\n<h3 class=\"wp-block-heading\" id=\"h-concurso-gcm-vila-velha-es\"><a href=\"https:\/\/www.estrategiaconcursos.com.br\/blog\/concurso-guarda-vila-velha\/\" target=\"_blank\" rel=\"noreferrer noopener\">Concurso GCM Vila Velha<\/a> (ES)<\/h3>\n\n\n\n<p> Um dia ap\u00f3s ser anunciado pelo prefeito Arnaldinho Bogo, o&nbsp;concurso para Guarda Municipal de Vila Velha&nbsp;teve sua&nbsp;Comiss\u00e3o&nbsp;institu\u00edda. <\/p>\n\n\n\n<ul class=\"wp-block-list\"><li><strong>Status:<\/strong>&nbsp;Comiss\u00e3o formada<\/li><li><strong>Cargo:<\/strong> Guarda Civil Municipal<\/li><li><strong>Forma\u00e7\u00e3o:&nbsp;<\/strong>N\u00edvel m\u00e9dio<\/li><li><strong>Vagas<\/strong>: 60&nbsp;+ 60 CR<\/li><li><strong>Sal\u00e1rio:<\/strong>&nbsp;a definir<\/li><li><a href=\"https:\/\/www.estrategiaconcursos.com.br\/cursosPorConcurso\/prefeitura-municipal-de-vila-velha-es\/\" target=\"_blank\" rel=\"noreferrer noopener\">Curso para CGM Vila Velha<\/a><\/li><\/ul>\n\n\n\n<h3 class=\"wp-block-heading\" id=\"h-concurso-gcm-manaus-am\"><a href=\"https:\/\/www.estrategiaconcursos.com.br\/blog\/concurso-guarda-de-manaus\/\" target=\"_blank\" rel=\"noreferrer noopener\">Concurso GCM Manaus<\/a> (AM)<\/h3>\n\n\n\n<p>O prefeito do munic\u00edpio de Manaus, David Almeida, anunciou a realiza\u00e7\u00e3o de um novo&nbsp;concurso da Guarda Municipal&nbsp;com a oferta de&nbsp;200 vagas. A previs\u00e3o \u00e9 de que o edital seja publicado em&nbsp;janeiro de 2022.<\/p>\n\n\n\n<ul class=\"wp-block-list\"><li><strong>Status:<\/strong>&nbsp;Anunciado&nbsp;<\/li><li><strong>Cargo:<\/strong> Guarda Civil Municipal<\/li><li><strong>Forma\u00e7\u00e3o:&nbsp;<\/strong>N\u00edvel m\u00e9dio<\/li><li><strong>Vagas<\/strong>: 200<\/li><li><strong>Sal\u00e1rio:<\/strong>&nbsp;a definir<\/li><li><a href=\"https:\/\/www.estrategiaconcursos.com.br\/cursosPorConcurso\/guarda-municipal-de-manaus\/\" target=\"_blank\" rel=\"noreferrer noopener\">Curso para CGM Manaus<\/a><\/li><\/ul>\n\n\n\n<h3 class=\"wp-block-heading\" id=\"h-concurso-pc-ba\"><a href=\"https:\/\/www.estrategiaconcursos.com.br\/blog\/concurso-pc-ba\/\" target=\"_blank\" rel=\"noreferrer noopener\">Concurso PC BA<\/a><\/h3>\n\n\n\n<p>Foi publicada a Portaria que constitui a comiss\u00e3o para o novo certame. A previs\u00e3o \u00e9 que sejam ofertadas&nbsp;1.000 vagas&nbsp;para Delegado, Escriv\u00e3o e Investigador.<\/p>\n\n\n\n<ul class=\"wp-block-list\"><li><strong>Status:<\/strong>&nbsp;Comiss\u00e3o formada<\/li><li><strong>Cargo:<\/strong> Delegado, Escriv\u00e3o e Investigador<\/li><li><strong>Forma\u00e7\u00e3o:&nbsp;<\/strong>N\u00edvel superior<\/li><li><strong>Vagas<\/strong>: 1.000<\/li><li><strong>Sal\u00e1rio:<\/strong>&nbsp;R$ 1.128,06 a R$ 4.593,72 (+ gratifica\u00e7\u00f5es)<\/li><li><a href=\"https:\/\/www.estrategiaconcursos.com.br\/cursosPorConcurso\/policia-civil-ba\/\/\" target=\"_blank\" rel=\"noreferrer noopener\">Curso para PC BA<\/a><\/li><\/ul>\n\n\n\n<h3 class=\"wp-block-heading\" id=\"h-concurso-pm-es\"><a href=\"https:\/\/www.estrategiaconcursos.com.br\/blog\/concurso-pm-es\/\" target=\"_blank\" rel=\"noreferrer noopener\">Concurso PM ES<\/a><\/h3>\n\n\n\n<p>O governo do Esp\u00edrito Santo anunciou a amplia\u00e7\u00e3o do n\u00famero de vagas ofertadas! Antes prevendo 671 oportunidades, agora\u00a0ser\u00e3o oferecidas 1.111 vagas. <\/p>\n\n\n\n<p>Al\u00e9m disso, ap\u00f3s contatar algumas das principais bancas organizadoras do pa\u00eds, a corpora\u00e7\u00e3o recebeu proposta apenas das empresas AOCP, IBADE e IDECAN.<\/p>\n\n\n\n<ul class=\"wp-block-list\"><li><strong>Status:<\/strong>\u00a0Comiss\u00e3o formada<\/li><li><strong>Cargo:<\/strong> Soldados, Oficiais e M\u00fasicos<\/li><li><strong>Forma\u00e7\u00e3o:\u00a0<\/strong>N\u00edvel m\u00e9dio e superior<\/li><li><strong>Vagas<\/strong>: 1.111<\/li><li><strong>Sal\u00e1rio:<\/strong>\u00a0R$ 1.366,07 a R$ 8.011,62<\/li><li><a href=\"https:\/\/www.estrategiaconcursos.com.br\/cursosPorConcurso\/policia-militar-de-sao-paulo-pm-sp\/\" target=\"_blank\" rel=\"noreferrer noopener\">Curso para PM ES<\/a><\/li><\/ul>\n\n\n\n<h3 class=\"wp-block-heading\" id=\"h-concurso-pm-sp-1\"><a href=\"https:\/\/www.estrategiaconcursos.com.br\/blog\/concurso-pm-sp-2\/\" target=\"_blank\" rel=\"noreferrer noopener\">Concurso PM SP<\/a><\/h3>\n\n\n\n<p>Foi autorizado mais um&nbsp;concurso para a <a href=\"https:\/\/www.estrategiaconcursos.com.br\/blog\/concursos-de-policia\/\" target=\"_blank\" rel=\"noreferrer noopener\">Pol\u00edcia<\/a> Militar de S\u00e3o Paulo,&nbsp;dessa vez, para preenchimento de 220 vagas de Aluno-Oficial.<\/p>\n\n\n\n<ul class=\"wp-block-list\"><li><strong>Status:<\/strong>&nbsp;Autorizado<\/li><li><strong>Cargo:<\/strong> Aluno-Oficial<\/li><li><strong>Forma\u00e7\u00e3o:&nbsp;<\/strong>N\u00edvel m\u00e9dio<\/li><li><strong>Vagas<\/strong>: 220<\/li><li><strong>Sal\u00e1rio:<\/strong>&nbsp;R$ 3.116,76<\/li><li><a href=\"https:\/\/www.estrategiaconcursos.com.br\/cursosPorConcurso\/policia-militar-de-sao-paulo-pm-sp\/\" target=\"_blank\" rel=\"noreferrer noopener\">Curso para PM SP<\/a><\/li><\/ul>\n\n\n\n<h3 class=\"wp-block-heading\" id=\"h-concurso-pm-rn\"><a href=\"https:\/\/www.estrategiaconcursos.com.br\/blog\/concurso-pm-rn\/\" target=\"_blank\" rel=\"noreferrer noopener\">Concurso PM RN<\/a><\/h3>\n\n\n\n<p>O pr\u00f3ximo&nbsp;concurso&nbsp;j\u00e1 tem banca organizadora definida: o&nbsp;Instituto Consulplan. Entretanto, o documento n\u00e3o menciona quais&nbsp;cargos&nbsp;e quantas&nbsp;vagas&nbsp;ser\u00e3o ofertadas. <\/p>\n\n\n\n<ul class=\"wp-block-list\"><li><strong>Status:<\/strong>&nbsp;Banca definida (Instituto<strong> <\/strong>Consulplan)<\/li><li><strong>Cargo:<\/strong> a definir<\/li><li><strong>Forma\u00e7\u00e3o:<\/strong> a definir<\/li><li><strong>Vagas<\/strong>: a definir<\/li><li><strong>Sal\u00e1rio:<\/strong>&nbsp; a definir<\/li><li><a href=\"https:\/\/www.estrategiaconcursos.com.br\/cursosPorConcurso\/policia-militar-rn\/\" target=\"_blank\" rel=\"noreferrer noopener\">Curso para PM RN<\/a><\/li><\/ul>\n\n\n\n<h3 class=\"wp-block-heading\" id=\"h-concursos-am-seguran-a-ssp-pm-pc-detran-cbm\">Concursos AM Seguran\u00e7a (<a href=\"https:\/\/www.estrategiaconcursos.com.br\/blog\/concurso-ssp-am\/\" target=\"_blank\" rel=\"noreferrer noopener\">SSP<\/a>, <a href=\"https:\/\/www.estrategiaconcursos.com.br\/blog\/concurso-pm-am\/\" target=\"_blank\" rel=\"noreferrer noopener\">PM<\/a>, <a href=\"https:\/\/www.estrategiaconcursos.com.br\/blog\/concurso-pc-am\/\" target=\"_blank\" rel=\"noreferrer noopener\">PC<\/a>, <a href=\"https:\/\/www.estrategiaconcursos.com.br\/blog\/concurso-DETRAN-am\/\" target=\"_blank\" rel=\"noreferrer noopener\">Detran<\/a>, <a href=\"https:\/\/www.estrategiaconcursos.com.br\/blog\/concurso-bombeiro-am\/\" target=\"_blank\" rel=\"noreferrer noopener\">CBM<\/a>)<\/h3>\n\n\n\n<p>FGV \u00e9 definida como banca organizadora dos concursos da \u00e1rea de seguran\u00e7a p\u00fablico no <a href=\"https:\/\/www.estrategiaconcursos.com.br\/blog\/concursos-am\/\" target=\"_blank\" rel=\"noreferrer noopener\">Amazonas<\/a>.<\/p>\n\n\n\n<ul class=\"wp-block-list\"><li><strong>Status:<\/strong>&nbsp;Banca definida (FGV)<\/li><li><strong>Cargo:<\/strong> V\u00e1rios<\/li><li><strong>Forma\u00e7\u00e3o:&nbsp;<\/strong>N\u00edvel fundamental, m\u00e9dio e superior<\/li><li><strong>Vagas<\/strong>: 2.525<\/li><li><strong>Sal\u00e1rio:<\/strong>&nbsp;R$ 1.350,19 a R$ 12.468,18<\/li><li><strong>Curso para<\/strong> <a href=\"https:\/\/www.estrategiaconcursos.com.br\/cursos\/concurso\/\" target=\"_blank\" rel=\"noreferrer noopener\">SSP<\/a> | <a href=\"https:\/\/www.estrategiaconcursos.com.br\/cursosPorConcurso\/policia-militar-do-amazonas-pm-am\/\" target=\"_blank\" rel=\"noreferrer noopener\">PM<\/a> | <a href=\"https:\/\/www.estrategiaconcursos.com.br\/cursosPorConcurso\/policia-civil-de-amazonas-pc-am\/\" target=\"_blank\" rel=\"noreferrer noopener\">PC<\/a> | <a href=\"https:\/\/www.estrategiaconcursos.com.br\/cursosPorConcurso\/departamento-de-transito-do-amazonas-detran-am\/\" target=\"_blank\" rel=\"noreferrer noopener\">Detran<\/a> | <a href=\"https:\/\/www.estrategiaconcursos.com.br\/cursosPorConcurso\/corpo-de-bombeiros-militar-do-amazonas-cbm-am\/\" target=\"_blank\" rel=\"noreferrer noopener\">CBM<\/a><\/li><\/ul>\n\n\n\n<h3 class=\"wp-block-heading\" id=\"h-concursos-go-goinfra-e-sead-go\">Concursos GO (<a href=\"https:\/\/www.estrategiaconcursos.com.br\/blog\/concurso-goinfra\/\" target=\"_blank\" rel=\"noreferrer noopener\">Goinfra<\/a> e <a href=\"https:\/\/www.estrategiaconcursos.com.br\/blog\/concurso-sead-go\/\" target=\"_blank\" rel=\"noreferrer noopener\">SEAD GO<\/a>)<\/h3>\n\n\n\n<p>Foi assinada a&nbsp;autoriza\u00e7\u00e3o&nbsp;para realiza\u00e7\u00e3o de novos concursos para a Secretaria de Estado da Administra\u00e7\u00e3o e Ag\u00eancia Goiana de Infraestrutura e Transportes.<\/p>\n\n\n\n<ul class=\"wp-block-list\"><li><strong>Status:<\/strong>&nbsp;Autorizados<\/li><li><strong>Cargo:<\/strong> Gestor de Engenharia | Analista (v\u00e1rias especialidades)<\/li><li><strong>Forma\u00e7\u00e3o:&nbsp;<\/strong>N\u00edvel superior<\/li><li><strong>Vagas<\/strong>: 10 | 329<\/li><li><strong>Sal\u00e1rio:<\/strong>&nbsp;R$ 11.700,00 | R$ 4.838,66 + aux\u00edlio alimenta\u00e7\u00e3o de R$ 500<\/li><li><a href=\"https:\/\/www.estrategiaconcursos.com.br\/cursos\/concurso\/\" target=\"_blank\" rel=\"noreferrer noopener\">Curso para<strong> <\/strong>concursos<\/a><\/li><\/ul>\n\n\n\n<h3 class=\"wp-block-heading\" id=\"h-concurso-semec-teresina-pi\"><a href=\"https:\/\/www.estrategiaconcursos.com.br\/blog\/concurso-semec-teresina\/\" target=\"_blank\" rel=\"noreferrer noopener\">Concurso SEMEC Teresina<\/a> (PI)<\/h3>\n\n\n\n<p>O prefeito de <a href=\"https:\/\/www.estrategiaconcursos.com.br\/blog\/concursos-piaui\/\" target=\"_blank\" rel=\"noreferrer noopener\">Teresina<\/a> Dr. Pessoa, autorizou a forma\u00e7\u00e3o de uma&nbsp;comiss\u00e3o&nbsp;que ir\u00e1 analisar como vai se dar o novo&nbsp;concurso<em>.<\/em> O certame visa a contrata\u00e7\u00e3o de&nbsp;1.114&nbsp;professores efetivos e&nbsp;27 vagas&nbsp;para psic\u00f3logos, assistentes sociais e nutricionistas.<\/p>\n\n\n\n<ul class=\"wp-block-list\"><li><strong>Status:<\/strong>&nbsp;Autorizado<\/li><li><strong>Cargo:<\/strong> Professor, Psic\u00f3logo, Assistente Social e Nutricionista<\/li><li><strong>Forma\u00e7\u00e3o:&nbsp;<\/strong>N\u00edvel superior<\/li><li><strong>Vagas<\/strong>: 1.141<\/li><li><strong>Sal\u00e1rio:<\/strong>&nbsp;R$ 2.400,00 a R$ 4.800,00<\/li><li><a href=\"https:\/\/www.estrategiaconcursos.com.br\/cursosPorConcurso\/secretaria-municipal-de-educacao-de-teresina-semec-teresina\/\" target=\"_blank\" rel=\"noreferrer noopener\">Curso para SEMEC Teresina<\/a><\/li><\/ul>\n\n\n\n<h3 class=\"wp-block-heading\" id=\"h-concurso-sedu-es\"><a href=\"https:\/\/www.estrategiaconcursos.com.br\/blog\/concurso-sedu-es\/\" target=\"_blank\" rel=\"noreferrer noopener\">Concurso Sedu ES<\/a><\/h3>\n\n\n\n<p>A&nbsp;comiss\u00e3o organizadora do certame&nbsp;j\u00e1 foi formada e s\u00e3o previstas 1.500 vagas para Professor e Agente de Suporte Educacional.<\/p>\n\n\n\n<ul class=\"wp-block-list\"><li><strong>Status:<\/strong>&nbsp;Comiss\u00e3o formada<\/li><li><strong>Cargo:<\/strong> Professor e Agente de Suporte Educacional<\/li><li><strong>Forma\u00e7\u00e3o:&nbsp;<\/strong>N\u00edvel superior<\/li><li><strong>Vagas<\/strong>: 1.500<\/li><li><strong>Sal\u00e1rio:<\/strong>&nbsp;a definir<\/li><li><a href=\"https:\/\/www.estrategiaconcursos.com.br\/cursosPorConcurso\/sedu-es\/\" target=\"_blank\" rel=\"noreferrer noopener\">Curso para Sedu ES<\/a><\/li><\/ul>\n\n\n\n<h3 class=\"wp-block-heading\" id=\"h-concurso-sme-sp\"><a href=\"https:\/\/www.estrategiaconcursos.com.br\/blog\/concurso-SME-SP\/\" target=\"_blank\" rel=\"noreferrer noopener\">Concurso SME SP<\/a><\/h3>\n\n\n\n<p>Ser\u00e3o ofertadas&nbsp;3.250 vagas,&nbsp;sendo&nbsp;1.270 <a href=\"https:\/\/www.estrategiaconcursos.com.br\/blog\/concursos-educacao-2021\/\" target=\"_blank\" rel=\"noreferrer noopener\">professores<\/a> para atua\u00e7\u00e3o na educa\u00e7\u00e3o infantil e ensino fundamental I. O segundo dever\u00e1 nomear&nbsp;1.980 docentes para atuarem no ensino fundamental II e no ensino m\u00e9dio.<\/p>\n\n\n\n<ul class=\"wp-block-list\"><li><strong>Status:<\/strong>&nbsp;Autorizado<\/li><li><strong>Cargo:<\/strong> Professor<\/li><li><strong>Forma\u00e7\u00e3o:&nbsp;<\/strong>N\u00edvel superior<\/li><li><strong>Vagas<\/strong>: 1.270 + 1.980<\/li><li><strong>Sal\u00e1rio:<\/strong>&nbsp;R$ 2.379,56 a R$ 2.874,48<\/li><li><a href=\"https:\/\/www.estrategiaconcursos.com.br\/cursosPorConcurso\/secretaria-municipal-de-educacao-de-sao-paulo-sme-sp\/\" target=\"_blank\" rel=\"noreferrer noopener\">Curso para SME SP<\/a><\/li><\/ul>\n\n\n\n<h3 class=\"wp-block-heading\" id=\"h-concurso-sergipe-contador\"><a href=\"https:\/\/www.estrategiaconcursos.com.br\/blog\/concurso-contador-sergipe\/\" target=\"_blank\" rel=\"noreferrer noopener\">Concurso Sergipe Contador<\/a><\/h3>\n\n\n\n<p>Foi autorizado o envio de projeto \u00e0 <a href=\"https:\/\/www.estrategiaconcursos.com.br\/blog\/concursos-legislativos-2021\/\" target=\"_blank\" rel=\"noreferrer noopener\">Assembleia Legislativa<\/a> de Sergipe, alterando a atual legisla\u00e7\u00e3o para a cria\u00e7\u00e3o de&nbsp;43 novos cargos de contador. <\/p>\n\n\n\n<p>Dessa forma, ser\u00e1 poss\u00edvel realizar concurso para 55 vagas, preenchendo os quadros da Administra\u00e7\u00e3o Direta, do Poder Executivo Estadual.<\/p>\n\n\n\n<ul class=\"wp-block-list\"><li><strong>Status:<\/strong>&nbsp;Banca definida<\/li><li><strong>Cargo:<\/strong> Contador<\/li><li><strong>Forma\u00e7\u00e3o:&nbsp;<\/strong>n\u00edvel superior<\/li><li><strong>Vagas<\/strong>: 55<\/li><li><strong>Sal\u00e1rio:<\/strong>&nbsp;a definir<\/li><li><a href=\"https:\/\/www.estrategiaconcursos.com.br\/cursosPorMateria\/contabilidade-958\/\" target=\"_blank\" rel=\"noreferrer noopener\">Curso para Contabilidade<\/a><\/li><\/ul>\n\n\n\n<h3 class=\"wp-block-heading\" id=\"h-concurso-tj-rs\"><a href=\"https:\/\/www.estrategiaconcursos.com.br\/blog\/concurso-tj-rs\/\" target=\"_blank\" rel=\"noreferrer noopener\">Concurso TJ RS<\/a><\/h3>\n\n\n\n<p>Por meio de&nbsp;dispensa de licita\u00e7\u00e3o, o IBADE foi escolhido como respons\u00e1vel pelo novo concurso TJ RS! S\u00e3o previstas vagas para os cargos de Oficial de Justi\u00e7a e Analista de Servi\u00e7o Social. <\/p>\n\n\n\n<ul class=\"wp-block-list\"><li><strong>Status:<\/strong>&nbsp;Banca definida (IBADE)<\/li><li><strong>Cargo:<\/strong> Oficial de Justi\u00e7a e Analista do Servi\u00e7o Social<\/li><li><strong>Forma\u00e7\u00e3o:&nbsp;<\/strong>N\u00edvel superior<\/li><li><strong>Vagas<\/strong>: 28<\/li><li><strong>Sal\u00e1rio:<\/strong>&nbsp;R$ 4.712,55 e R$ 6.912,07<\/li><li><a href=\"https:\/\/www.estrategiaconcursos.com.br\/cursosPorConcurso\/tribunal-de-justica-do-rio-grande-do-sul-tj-rs\/\" target=\"_blank\" rel=\"noreferrer noopener\">Curso para TJ SC<\/a><\/li><\/ul>\n\n\n\n<h3 class=\"wp-block-heading\" id=\"h-concurso-sefaz-se\"><a href=\"https:\/\/www.estrategiaconcursos.com.br\/blog\/concurso-sefaz-se\/\" target=\"_blank\" rel=\"noreferrer noopener\">Concurso Sefaz SE<\/a><\/h3>\n\n\n\n<p>Cebraspe foi definido como banca organizadora da sele\u00e7\u00e3o. Ser\u00e3o ofertadas vagas imediatas e em cadastro reserva.<\/p>\n\n\n\n<ul class=\"wp-block-list\"><li><strong>Status:<\/strong>\u00a0Banca definida (Cebraspe)<\/li><li><strong>Cargo:<\/strong> Auditor T\u00e9cnico de Tributos<\/li><li><strong>Forma\u00e7\u00e3o:\u00a0<\/strong>N\u00edvel superior<\/li><li><strong>Vagas<\/strong>: 10 + 40 CR<\/li><li><strong>Sal\u00e1rio:<\/strong>\u00a0R$ 9.400,00<\/li><li><a href=\"https:\/\/www.estrategiaconcursos.com.br\/cursosPorConcurso\/secretaria-da-fazenda-de-sergipe-sefaz-se\/\" target=\"_blank\" rel=\"noreferrer noopener\">Curso para Sefaz SE<\/a><\/li><\/ul>\n\n\n\n<h3 class=\"wp-block-heading\" id=\"h-concurso-sefaz-am-1\"><a href=\"https:\/\/www.estrategiaconcursos.com.br\/blog\/concurso-sefaz-am\/\" target=\"_blank\" rel=\"noreferrer noopener\">Concurso Sefaz AM<\/a><\/h3>\n\n\n\n<p>Foi institu\u00edda a comiss\u00e3o organizadora do novo&nbsp;concurso. O grupo ser\u00e1 respons\u00e1vel por planejar, organizar, orientar e acompanhar a execu\u00e7\u00e3o de todas as fases necess\u00e1ria \u00e0 realiza\u00e7\u00e3o do certame.<\/p>\n\n\n\n<p>Al\u00e9m disso, foi sancionada a Lei que altera o Plano de Cargos, Carreiras e Remunera\u00e7\u00e3o da Secretaria da Fazenda do Amazonas. Essa aprova\u00e7\u00e3o \u00e9 um importante passo para o prosseguimento do&nbsp;concurso.<\/p>\n\n\n\n<ul class=\"wp-block-list\"><li><strong>Status:<\/strong>&nbsp;Comiss\u00e3o formada<\/li><li><strong>Cargo:<\/strong> Auditor Fiscal<\/li><li><strong>Forma\u00e7\u00e3o:&nbsp;<\/strong>n\u00edvel superior<\/li><li><strong>Vagas<\/strong>:a definir<\/li><li><strong>Sal\u00e1rio:<\/strong>&nbsp;mais de R$ 20 mil (Transpar\u00eancia)<\/li><li><a href=\"https:\/\/www.estrategiaconcursos.com.br\/cursosPorConcurso\/sefaz-am-247\/\" target=\"_blank\" rel=\"noreferrer noopener\">Curso para Sefaz AM<\/a><\/li><\/ul>\n\n\n\n<h3 class=\"wp-block-heading\" id=\"h-concurso-sefaz-mt\"><a href=\"https:\/\/www.estrategiaconcursos.com.br\/blog\/concurso-sefaz-mt\/\" target=\"_blank\" rel=\"noreferrer noopener\">Concurso Sefaz MT<\/a><\/h3>\n\n\n\n<p>J\u00e1 est\u00e1 em estudos e com previs\u00e3o para 2022, o novo concurso da <a href=\"https:\/\/www.estrategiaconcursos.com.br\/blog\/concursos-fiscais-2021\/\" target=\"_blank\" rel=\"noreferrer noopener\">Secretaria da Fazenda<\/a>.<\/p>\n\n\n\n<ul class=\"wp-block-list\"><li><strong>Status:<\/strong>&nbsp;Anunciado\/Previsto para 2022<\/li><li><strong>Cargo:<\/strong> Fiscal de Tributos Estaduais<\/li><li><strong>Forma\u00e7\u00e3o:&nbsp;<\/strong>N\u00edvel superior<\/li><li><strong>Vagas<\/strong>:<strong>&nbsp;<\/strong>a definir<\/li><li><strong>Sal\u00e1rio:<\/strong>&nbsp;R$ 26.559,20<\/li><li><a href=\"https:\/\/www.estrategiaconcursos.com.br\/cursosPorConcurso\/secretaria-da-fazenda-do-mato-grosso-sefaz-mt\/\" target=\"_blank\" rel=\"noreferrer noopener\">Curso para Sefaz MT<\/a><\/li><\/ul>\n\n\n\n<h3 class=\"wp-block-heading\" id=\"h-concurso-iamspe-sp\"><a href=\"https:\/\/www.estrategiaconcursos.com.br\/blog\/concurso-iamspe\/\" target=\"_blank\" rel=\"noreferrer noopener\">Concurso IAMSPE<\/a> (SP)<\/h3>\n\n\n\n<p>Um novo&nbsp;concurso foi autorizado! De acordo com Despacho do governador publicado no Di\u00e1rio Oficial, foram autorizadas 114 vagas para o cargo de T\u00e9cnico de Enfermagem.<\/p>\n\n\n\n<ul class=\"wp-block-list\"><li><strong>Status:<\/strong>&nbsp;Autorizado<\/li><li><strong>Cargo:<\/strong> T\u00e9cnico de Enfermagem<\/li><li><strong>Forma\u00e7\u00e3o:&nbsp;<\/strong>N\u00edvel m\u00e9dio\/t\u00e9cnico<\/li><li><strong>Vagas<\/strong>: 114<\/li><li><strong>Sal\u00e1rio:<\/strong>&nbsp;R$ 1.996,53 (\u00faltimo edital)<\/li><li><a href=\"https:\/\/www.estrategiaconcursos.com.br\/cursosPorConcurso\/cursos-da-saude\/\" target=\"_blank\" rel=\"noreferrer noopener\">Curso para Iamspe<\/a><\/li><\/ul>\n\n\n\n<div id=\"block-5b9c70ac-6d97-42b7-9ed2-67d600e9f292\" class=\"wp-block-image\"><figure class=\"aligncenter is-resized\"><img loading=\"lazy\" decoding=\"async\" src=\"https:\/\/dhg1h5j42swfq.cloudfront.net\/2020\/09\/18141901\/Coruja_Concursos%404x-506x1024.png\" alt=\"Concursos abertos e autorizados em novembro! Confira!\" width=\"37\" height=\"75\"\/><\/figure><\/div>\n\n\n\n<p class=\"has-text-align-center\" id=\"block-992d9298-a276-4acf-8016-7191979b60c4\"><em>E para garantir a t\u00e3o sonhada vaga, \u00e9 preciso se preparar com um material de alta qualidade. Que tal aproveitar e j\u00e1 assinar um dos nosso cursos? Certeza que voc\u00ea vai figurar na lista dos <a href=\"https:\/\/www.estrategiaconcursos.com.br\/blog\/estrategia-concursos-lider-em-aprovacao-nos-principais-certames\/\" target=\"_blank\" rel=\"noreferrer noopener\">primeiros aprovados<\/a>!<\/em><\/p>\n\n\n\n<div class=\"container\" id=\"boxes\">\n  <div class=\"row\">\n\n    <div class=\"col-sm\">\n      <div class=\"estrategia\" id=\"box-assinatura\">\n        <h3 class=\"titulo-assinatura\">Assinatura Concursos<\/h3>\n        <p class=\"subtitulo-assinatura\">Assinatura de 1 ano ou 2 anos<\/p>\n        <div class=\"box-botao\">\n          <a class=\"btn-assinatura\" target=\"_blank\" href=\"https:\/\/www.estrategiaconcursos.com.br\/assinaturas\/\" role=\"button\" rel=\"noopener noreferrer\">ASSINE AGORA<\/a>\n        <\/div>\n      <\/div>\n     \n    <\/div><\/div><\/div>\n\n\n\n<h2 class=\"has-text-align-center wp-block-heading\" id=\"h-quer-saber-tudo-sobre-concursos-previstos-confira-nossos-artigos\">Quer saber tudo sobre concursos previstos?<br \/>Confira nossos artigos!<\/h2>\n\n\n\n<ul class=\"wp-block-list\"><li><a href=\"https:\/\/www.estrategiaconcursos.com.br\/blog\/concursos-abertos\/\" target=\"_blank\" rel=\"noreferrer noopener\">Concursos abertos<\/a><\/li><li><a href=\"https:\/\/www.estrategiaconcursos.com.br\/blog\/concursos-2021\/\" target=\"_blank\" rel=\"noreferrer noopener\">Concursos 2021<\/a><\/li><li><a href=\"https:\/\/www.estrategiaconcursos.com.br\/blog\/concursos-2022\/\" target=\"_blank\" rel=\"noreferrer noopener\">Concursos 2022<\/a><\/li><\/ul>\n","protected":false},"excerpt":{"rendered":"<p>Mais um m\u00eas chegando ao fim e j\u00e1 come\u00e7amos a olhar para as oportunidades previstas para 2022. Mas fique atento, pois muitas novidades est\u00e3o sendo divulgadas, o que vai ocasionar em diversos editais nos pr\u00f3ximos meses. Ao longo das \u00faltimas semanas, tivemos movimenta\u00e7\u00f5es importantes em concursos que j\u00e1 estavam no radar, como forma\u00e7\u00e3o de Comiss\u00e3o [&hellip;]<\/p>\n","protected":false},"author":659,"featured_media":872508,"comment_status":"open","ping_status":"closed","sticky":false,"template":"","format":"standard","meta":{"post_tipo":"news","footnotes":""},"categories":[1,220219],"tags":[],"tax_estado":[219963],"class_list":["post-915517","post","type-post","status-publish","format-standard","has-post-thumbnail","hentry","category-cursos-e-concursos","category-noticias","tax_estado-concursos-federais"],"acf":[],"yoast_head":"<!-- This site is optimized with the Yoast SEO Premium plugin v27.2 (Yoast SEO v27.2) - https:\/\/yoast.com\/product\/yoast-seo-premium-wordpress\/ -->\n<title>Concursos abertos e autorizados em NOVEMBRO de 2021!<\/title>\n<meta name=\"description\" content=\"O \u00faltimo m\u00eas foi intenso para os concurseiros de todas as \u00e1reas. Confira os melhores concursos autorizados e com editais abertos em novembro.\" \/>\n<meta name=\"robots\" content=\"index, follow, max-snippet:-1, max-image-preview:large, max-video-preview:-1\" \/>\n<link rel=\"canonical\" href=\"https:\/\/www.estrategiaconcursos.com.br\/blog\/concursos-abertos-e-autorizados-novembro-2021\/\" \/>\n<meta property=\"og:locale\" content=\"pt_BR\" \/>\n<meta property=\"og:type\" content=\"article\" \/>\n<meta property=\"og:title\" content=\"Concursos abertos e autorizados em NOVEMBRO de 2021!\" \/>\n<meta property=\"og:description\" content=\"O \u00faltimo m\u00eas foi intenso para os concurseiros de todas as \u00e1reas. Confira os melhores concursos autorizados e com editais abertos em novembro.\" \/>\n<meta property=\"og:url\" content=\"https:\/\/www.estrategiaconcursos.com.br\/blog\/concursos-abertos-e-autorizados-novembro-2021\/\" \/>\n<meta property=\"og:site_name\" content=\"Estrat\u00e9gia Concursos\" \/>\n<meta property=\"article:published_time\" content=\"2021-11-30T13:00:00+00:00\" \/>\n<meta property=\"og:image\" content=\"https:\/\/dhg1h5j42swfq.cloudfront.net\/2021\/09\/28162031\/concursos-2021.jpg\" \/>\n\t<meta property=\"og:image:width\" content=\"1200\" \/>\n\t<meta property=\"og:image:height\" content=\"628\" \/>\n\t<meta property=\"og:image:type\" content=\"image\/jpeg\" \/>\n<meta name=\"author\" content=\"Camila Leite\" \/>\n<meta name=\"twitter:card\" content=\"summary_large_image\" \/>\n<meta name=\"twitter:creator\" content=\"@EstratConcursos\" \/>\n<meta name=\"twitter:site\" content=\"@EstratConcursos\" \/>\n<meta name=\"twitter:label1\" content=\"Escrito por\" \/>\n\t<meta name=\"twitter:data1\" content=\"Camila Leite\" \/>\n\t<meta name=\"twitter:label2\" content=\"Est. tempo de leitura\" \/>\n\t<meta name=\"twitter:data2\" content=\"9 minutos\" \/>\n<script type=\"application\/ld+json\" class=\"yoast-schema-graph\">{\"@context\":\"https:\/\/schema.org\",\"@graph\":[{\"@type\":\"NewsArticle\",\"@id\":\"https:\/\/www.estrategiaconcursos.com.br\/blog\/concursos-abertos-e-autorizados-novembro-2021\/#article\",\"isPartOf\":{\"@id\":\"https:\/\/www.estrategiaconcursos.com.br\/blog\/concursos-abertos-e-autorizados-novembro-2021\/\"},\"author\":{\"name\":\"Camila Leite\",\"@id\":\"https:\/\/www.estrategiaconcursos.com.br\/blog\/#\/schema\/person\/84ecdc6eb58d3cf1689bf76c5cd8fb38\"},\"headline\":\"Concursos abertos e autorizados em NOVEMBRO de 2021!\",\"datePublished\":\"2021-11-30T13:00:00+00:00\",\"mainEntityOfPage\":{\"@id\":\"https:\/\/www.estrategiaconcursos.com.br\/blog\/concursos-abertos-e-autorizados-novembro-2021\/\"},\"wordCount\":2095,\"commentCount\":0,\"publisher\":{\"@id\":\"https:\/\/www.estrategiaconcursos.com.br\/blog\/#organization\"},\"image\":{\"@id\":\"https:\/\/www.estrategiaconcursos.com.br\/blog\/concursos-abertos-e-autorizados-novembro-2021\/#primaryimage\"},\"thumbnailUrl\":\"https:\/\/dhg1h5j42swfq.cloudfront.net\/2021\/09\/28162031\/concursos-2021.jpg\",\"articleSection\":[\"Concursos P\u00fablicos\",\"\u00daltimas not\u00edcias\"],\"inLanguage\":\"pt-BR\",\"potentialAction\":[{\"@type\":\"CommentAction\",\"name\":\"Comment\",\"target\":[\"https:\/\/www.estrategiaconcursos.com.br\/blog\/concursos-abertos-e-autorizados-novembro-2021\/#respond\"]}],\"copyrightYear\":\"2021\",\"copyrightHolder\":{\"@id\":\"https:\/\/www.estrategiaconcursos.com.br\/blog\/#organization\"}},{\"@type\":\"WebPage\",\"@id\":\"https:\/\/www.estrategiaconcursos.com.br\/blog\/concursos-abertos-e-autorizados-novembro-2021\/\",\"url\":\"https:\/\/www.estrategiaconcursos.com.br\/blog\/concursos-abertos-e-autorizados-novembro-2021\/\",\"name\":\"Concursos abertos e autorizados em NOVEMBRO de 2021!\",\"isPartOf\":{\"@id\":\"https:\/\/www.estrategiaconcursos.com.br\/blog\/#website\"},\"primaryImageOfPage\":{\"@id\":\"https:\/\/www.estrategiaconcursos.com.br\/blog\/concursos-abertos-e-autorizados-novembro-2021\/#primaryimage\"},\"image\":{\"@id\":\"https:\/\/www.estrategiaconcursos.com.br\/blog\/concursos-abertos-e-autorizados-novembro-2021\/#primaryimage\"},\"thumbnailUrl\":\"https:\/\/dhg1h5j42swfq.cloudfront.net\/2021\/09\/28162031\/concursos-2021.jpg\",\"datePublished\":\"2021-11-30T13:00:00+00:00\",\"description\":\"O \u00faltimo m\u00eas foi intenso para os concurseiros de todas as \u00e1reas. Confira os melhores concursos autorizados e com editais abertos em novembro.\",\"breadcrumb\":{\"@id\":\"https:\/\/www.estrategiaconcursos.com.br\/blog\/concursos-abertos-e-autorizados-novembro-2021\/#breadcrumb\"},\"inLanguage\":\"pt-BR\",\"potentialAction\":[{\"@type\":\"ReadAction\",\"target\":[\"https:\/\/www.estrategiaconcursos.com.br\/blog\/concursos-abertos-e-autorizados-novembro-2021\/\"]}]},{\"@type\":\"ImageObject\",\"inLanguage\":\"pt-BR\",\"@id\":\"https:\/\/www.estrategiaconcursos.com.br\/blog\/concursos-abertos-e-autorizados-novembro-2021\/#primaryimage\",\"url\":\"https:\/\/dhg1h5j42swfq.cloudfront.net\/2021\/09\/28162031\/concursos-2021.jpg\",\"contentUrl\":\"https:\/\/dhg1h5j42swfq.cloudfront.net\/2021\/09\/28162031\/concursos-2021.jpg\",\"width\":1200,\"height\":628,\"caption\":\"concursos\"},{\"@type\":\"BreadcrumbList\",\"@id\":\"https:\/\/www.estrategiaconcursos.com.br\/blog\/concursos-abertos-e-autorizados-novembro-2021\/#breadcrumb\",\"itemListElement\":[{\"@type\":\"ListItem\",\"position\":1,\"name\":\"In\u00edcio\",\"item\":\"https:\/\/www.estrategiaconcursos.com.br\/blog\/\"},{\"@type\":\"ListItem\",\"position\":2,\"name\":\"Concursos abertos e autorizados em NOVEMBRO de 2021!\"}]},{\"@type\":\"WebSite\",\"@id\":\"https:\/\/www.estrategiaconcursos.com.br\/blog\/#website\",\"url\":\"https:\/\/www.estrategiaconcursos.com.br\/blog\/\",\"name\":\"Estrat\u00e9gia Concursos\",\"description\":\"O blog da Estrat\u00e9gia Concursos traz not\u00edcias sobre concursos e artigos de professores oferecendo cursos para concursos (pdf + videaulas) no site.\",\"publisher\":{\"@id\":\"https:\/\/www.estrategiaconcursos.com.br\/blog\/#organization\"},\"potentialAction\":[{\"@type\":\"SearchAction\",\"target\":{\"@type\":\"EntryPoint\",\"urlTemplate\":\"https:\/\/www.estrategiaconcursos.com.br\/blog\/?s={search_term_string}\"},\"query-input\":{\"@type\":\"PropertyValueSpecification\",\"valueRequired\":true,\"valueName\":\"search_term_string\"}}],\"inLanguage\":\"pt-BR\"},{\"@type\":\"Organization\",\"@id\":\"https:\/\/www.estrategiaconcursos.com.br\/blog\/#organization\",\"name\":\"Estrat\u00e9gia Concursos\",\"url\":\"https:\/\/www.estrategiaconcursos.com.br\/blog\/\",\"logo\":{\"@type\":\"ImageObject\",\"inLanguage\":\"pt-BR\",\"@id\":\"https:\/\/www.estrategiaconcursos.com.br\/blog\/#\/schema\/logo\/image\/\",\"url\":\"https:\/\/dhg1h5j42swfq.cloudfront.net\/2025\/06\/03203428\/logo_concursos-1.jpg\",\"contentUrl\":\"https:\/\/dhg1h5j42swfq.cloudfront.net\/2025\/06\/03203428\/logo_concursos-1.jpg\",\"width\":230,\"height\":60,\"caption\":\"Estrat\u00e9gia Concursos\"},\"image\":{\"@id\":\"https:\/\/www.estrategiaconcursos.com.br\/blog\/#\/schema\/logo\/image\/\"},\"sameAs\":[\"https:\/\/x.com\/EstratConcursos\"]},{\"@type\":\"Person\",\"@id\":\"https:\/\/www.estrategiaconcursos.com.br\/blog\/#\/schema\/person\/84ecdc6eb58d3cf1689bf76c5cd8fb38\",\"name\":\"Camila Leite\",\"image\":{\"@type\":\"ImageObject\",\"inLanguage\":\"pt-BR\",\"@id\":\"https:\/\/secure.gravatar.com\/avatar\/f2f8faef639c8a2bfb7fb909912a56917f4c3a0aed064500168e2fb8ea55cf61?s=96&d=mm&r=g\",\"url\":\"https:\/\/secure.gravatar.com\/avatar\/f2f8faef639c8a2bfb7fb909912a56917f4c3a0aed064500168e2fb8ea55cf61?s=96&d=mm&r=g\",\"contentUrl\":\"https:\/\/secure.gravatar.com\/avatar\/f2f8faef639c8a2bfb7fb909912a56917f4c3a0aed064500168e2fb8ea55cf61?s=96&d=mm&r=g\",\"caption\":\"Camila Leite\"},\"description\":\"Formada em Design Gr\u00e1fico e em Propaganda e Marketing pela UNIP, integra a equipe de jornalismo do Estrat\u00e9gia Concursos desde 2018. Ao longo dos anos, construiu uma s\u00f3lida experi\u00eancia na produ\u00e7\u00e3o de conte\u00fado informativo e relevante para concurseiros. Desde 2020, atua na cobertura das \u00e1reas Fiscal \u2014 com \u00eanfase nas Secretarias de Fazenda (Sefaz) das regi\u00f5es Sul e Sudeste \u2014, al\u00e9m da cobertura de concursos federais, como CNU, Petrobras, CGU, Receita Federal, ag\u00eancias reguladoras (Anvisa, ANAC, entre outras) e INSS. Mant\u00e9m contato direto com os principais \u00f3rg\u00e3os p\u00fablicos, acompanhando editais, atualiza\u00e7\u00f5es e movimenta\u00e7\u00f5es importantes para os candidatos.\",\"sameAs\":[\"https:\/\/www.linkedin.com\/in\/camila-pinheiro-leite-9ba135b6\/\"],\"url\":\"https:\/\/www.estrategiaconcursos.com.br\/blog\/author\/camila-leiteestrategiaconcursos-com-br\/\"}]}<\/script>\n<!-- \/ Yoast SEO Premium plugin. -->","yoast_head_json":{"title":"Concursos abertos e autorizados em NOVEMBRO de 2021!","description":"O \u00faltimo m\u00eas foi intenso para os concurseiros de todas as \u00e1reas. Confira os melhores concursos autorizados e com editais abertos em novembro.","robots":{"index":"index","follow":"follow","max-snippet":"max-snippet:-1","max-image-preview":"max-image-preview:large","max-video-preview":"max-video-preview:-1"},"canonical":"https:\/\/www.estrategiaconcursos.com.br\/blog\/concursos-abertos-e-autorizados-novembro-2021\/","og_locale":"pt_BR","og_type":"article","og_title":"Concursos abertos e autorizados em NOVEMBRO de 2021!","og_description":"O \u00faltimo m\u00eas foi intenso para os concurseiros de todas as \u00e1reas. Confira os melhores concursos autorizados e com editais abertos em novembro.","og_url":"https:\/\/www.estrategiaconcursos.com.br\/blog\/concursos-abertos-e-autorizados-novembro-2021\/","og_site_name":"Estrat\u00e9gia Concursos","article_published_time":"2021-11-30T13:00:00+00:00","og_image":[{"width":1200,"height":628,"url":"https:\/\/dhg1h5j42swfq.cloudfront.net\/2021\/09\/28162031\/concursos-2021.jpg","type":"image\/jpeg"}],"author":"Camila Leite","twitter_card":"summary_large_image","twitter_creator":"@EstratConcursos","twitter_site":"@EstratConcursos","twitter_misc":{"Escrito por":"Camila Leite","Est. tempo de leitura":"9 minutos"},"schema":{"@context":"https:\/\/schema.org","@graph":[{"@type":"NewsArticle","@id":"https:\/\/www.estrategiaconcursos.com.br\/blog\/concursos-abertos-e-autorizados-novembro-2021\/#article","isPartOf":{"@id":"https:\/\/www.estrategiaconcursos.com.br\/blog\/concursos-abertos-e-autorizados-novembro-2021\/"},"author":{"name":"Camila Leite","@id":"https:\/\/www.estrategiaconcursos.com.br\/blog\/#\/schema\/person\/84ecdc6eb58d3cf1689bf76c5cd8fb38"},"headline":"Concursos abertos e autorizados em NOVEMBRO de 2021!","datePublished":"2021-11-30T13:00:00+00:00","mainEntityOfPage":{"@id":"https:\/\/www.estrategiaconcursos.com.br\/blog\/concursos-abertos-e-autorizados-novembro-2021\/"},"wordCount":2095,"commentCount":0,"publisher":{"@id":"https:\/\/www.estrategiaconcursos.com.br\/blog\/#organization"},"image":{"@id":"https:\/\/www.estrategiaconcursos.com.br\/blog\/concursos-abertos-e-autorizados-novembro-2021\/#primaryimage"},"thumbnailUrl":"https:\/\/dhg1h5j42swfq.cloudfront.net\/2021\/09\/28162031\/concursos-2021.jpg","articleSection":["Concursos P\u00fablicos","\u00daltimas not\u00edcias"],"inLanguage":"pt-BR","potentialAction":[{"@type":"CommentAction","name":"Comment","target":["https:\/\/www.estrategiaconcursos.com.br\/blog\/concursos-abertos-e-autorizados-novembro-2021\/#respond"]}],"copyrightYear":"2021","copyrightHolder":{"@id":"https:\/\/www.estrategiaconcursos.com.br\/blog\/#organization"}},{"@type":"WebPage","@id":"https:\/\/www.estrategiaconcursos.com.br\/blog\/concursos-abertos-e-autorizados-novembro-2021\/","url":"https:\/\/www.estrategiaconcursos.com.br\/blog\/concursos-abertos-e-autorizados-novembro-2021\/","name":"Concursos abertos e autorizados em NOVEMBRO de 2021!","isPartOf":{"@id":"https:\/\/www.estrategiaconcursos.com.br\/blog\/#website"},"primaryImageOfPage":{"@id":"https:\/\/www.estrategiaconcursos.com.br\/blog\/concursos-abertos-e-autorizados-novembro-2021\/#primaryimage"},"image":{"@id":"https:\/\/www.estrategiaconcursos.com.br\/blog\/concursos-abertos-e-autorizados-novembro-2021\/#primaryimage"},"thumbnailUrl":"https:\/\/dhg1h5j42swfq.cloudfront.net\/2021\/09\/28162031\/concursos-2021.jpg","datePublished":"2021-11-30T13:00:00+00:00","description":"O \u00faltimo m\u00eas foi intenso para os concurseiros de todas as \u00e1reas. Confira os melhores concursos autorizados e com editais abertos em novembro.","breadcrumb":{"@id":"https:\/\/www.estrategiaconcursos.com.br\/blog\/concursos-abertos-e-autorizados-novembro-2021\/#breadcrumb"},"inLanguage":"pt-BR","potentialAction":[{"@type":"ReadAction","target":["https:\/\/www.estrategiaconcursos.com.br\/blog\/concursos-abertos-e-autorizados-novembro-2021\/"]}]},{"@type":"ImageObject","inLanguage":"pt-BR","@id":"https:\/\/www.estrategiaconcursos.com.br\/blog\/concursos-abertos-e-autorizados-novembro-2021\/#primaryimage","url":"https:\/\/dhg1h5j42swfq.cloudfront.net\/2021\/09\/28162031\/concursos-2021.jpg","contentUrl":"https:\/\/dhg1h5j42swfq.cloudfront.net\/2021\/09\/28162031\/concursos-2021.jpg","width":1200,"height":628,"caption":"concursos"},{"@type":"BreadcrumbList","@id":"https:\/\/www.estrategiaconcursos.com.br\/blog\/concursos-abertos-e-autorizados-novembro-2021\/#breadcrumb","itemListElement":[{"@type":"ListItem","position":1,"name":"In\u00edcio","item":"https:\/\/www.estrategiaconcursos.com.br\/blog\/"},{"@type":"ListItem","position":2,"name":"Concursos abertos e autorizados em NOVEMBRO de 2021!"}]},{"@type":"WebSite","@id":"https:\/\/www.estrategiaconcursos.com.br\/blog\/#website","url":"https:\/\/www.estrategiaconcursos.com.br\/blog\/","name":"Estrat\u00e9gia Concursos","description":"O blog da Estrat\u00e9gia Concursos traz not\u00edcias sobre concursos e artigos de professores oferecendo cursos para concursos (pdf + videaulas) no site.","publisher":{"@id":"https:\/\/www.estrategiaconcursos.com.br\/blog\/#organization"},"potentialAction":[{"@type":"SearchAction","target":{"@type":"EntryPoint","urlTemplate":"https:\/\/www.estrategiaconcursos.com.br\/blog\/?s={search_term_string}"},"query-input":{"@type":"PropertyValueSpecification","valueRequired":true,"valueName":"search_term_string"}}],"inLanguage":"pt-BR"},{"@type":"Organization","@id":"https:\/\/www.estrategiaconcursos.com.br\/blog\/#organization","name":"Estrat\u00e9gia Concursos","url":"https:\/\/www.estrategiaconcursos.com.br\/blog\/","logo":{"@type":"ImageObject","inLanguage":"pt-BR","@id":"https:\/\/www.estrategiaconcursos.com.br\/blog\/#\/schema\/logo\/image\/","url":"https:\/\/dhg1h5j42swfq.cloudfront.net\/2025\/06\/03203428\/logo_concursos-1.jpg","contentUrl":"https:\/\/dhg1h5j42swfq.cloudfront.net\/2025\/06\/03203428\/logo_concursos-1.jpg","width":230,"height":60,"caption":"Estrat\u00e9gia Concursos"},"image":{"@id":"https:\/\/www.estrategiaconcursos.com.br\/blog\/#\/schema\/logo\/image\/"},"sameAs":["https:\/\/x.com\/EstratConcursos"]},{"@type":"Person","@id":"https:\/\/www.estrategiaconcursos.com.br\/blog\/#\/schema\/person\/84ecdc6eb58d3cf1689bf76c5cd8fb38","name":"Camila Leite","image":{"@type":"ImageObject","inLanguage":"pt-BR","@id":"https:\/\/secure.gravatar.com\/avatar\/f2f8faef639c8a2bfb7fb909912a56917f4c3a0aed064500168e2fb8ea55cf61?s=96&d=mm&r=g","url":"https:\/\/secure.gravatar.com\/avatar\/f2f8faef639c8a2bfb7fb909912a56917f4c3a0aed064500168e2fb8ea55cf61?s=96&d=mm&r=g","contentUrl":"https:\/\/secure.gravatar.com\/avatar\/f2f8faef639c8a2bfb7fb909912a56917f4c3a0aed064500168e2fb8ea55cf61?s=96&d=mm&r=g","caption":"Camila Leite"},"description":"Formada em Design Gr\u00e1fico e em Propaganda e Marketing pela UNIP, integra a equipe de jornalismo do Estrat\u00e9gia Concursos desde 2018. Ao longo dos anos, construiu uma s\u00f3lida experi\u00eancia na produ\u00e7\u00e3o de conte\u00fado informativo e relevante para concurseiros. Desde 2020, atua na cobertura das \u00e1reas Fiscal \u2014 com \u00eanfase nas Secretarias de Fazenda (Sefaz) das regi\u00f5es Sul e Sudeste \u2014, al\u00e9m da cobertura de concursos federais, como CNU, Petrobras, CGU, Receita Federal, ag\u00eancias reguladoras (Anvisa, ANAC, entre outras) e INSS. Mant\u00e9m contato direto com os principais \u00f3rg\u00e3os p\u00fablicos, acompanhando editais, atualiza\u00e7\u00f5es e movimenta\u00e7\u00f5es importantes para os candidatos.","sameAs":["https:\/\/www.linkedin.com\/in\/camila-pinheiro-leite-9ba135b6\/"],"url":"https:\/\/www.estrategiaconcursos.com.br\/blog\/author\/camila-leiteestrategiaconcursos-com-br\/"}]}},"_links":{"self":[{"href":"https:\/\/www.estrategiaconcursos.com.br\/blog\/wp-json\/wp\/v2\/posts\/915517","targetHints":{"allow":["GET"]}}],"collection":[{"href":"https:\/\/www.estrategiaconcursos.com.br\/blog\/wp-json\/wp\/v2\/posts"}],"about":[{"href":"https:\/\/www.estrategiaconcursos.com.br\/blog\/wp-json\/wp\/v2\/types\/post"}],"author":[{"embeddable":true,"href":"https:\/\/www.estrategiaconcursos.com.br\/blog\/wp-json\/wp\/v2\/users\/659"}],"replies":[{"embeddable":true,"href":"https:\/\/www.estrategiaconcursos.com.br\/blog\/wp-json\/wp\/v2\/comments?post=915517"}],"version-history":[{"count":12,"href":"https:\/\/www.estrategiaconcursos.com.br\/blog\/wp-json\/wp\/v2\/posts\/915517\/revisions"}],"predecessor-version":[{"id":917904,"href":"https:\/\/www.estrategiaconcursos.com.br\/blog\/wp-json\/wp\/v2\/posts\/915517\/revisions\/917904"}],"wp:featuredmedia":[{"embeddable":true,"href":"https:\/\/www.estrategiaconcursos.com.br\/blog\/wp-json\/wp\/v2\/media\/872508"}],"wp:attachment":[{"href":"https:\/\/www.estrategiaconcursos.com.br\/blog\/wp-json\/wp\/v2\/media?parent=915517"}],"wp:term":[{"taxonomy":"category","embeddable":true,"href":"https:\/\/www.estrategiaconcursos.com.br\/blog\/wp-json\/wp\/v2\/categories?post=915517"},{"taxonomy":"post_tag","embeddable":true,"href":"https:\/\/www.estrategiaconcursos.com.br\/blog\/wp-json\/wp\/v2\/tags?post=915517"},{"taxonomy":"tax_estado","embeddable":true,"href":"https:\/\/www.estrategiaconcursos.com.br\/blog\/wp-json\/wp\/v2\/tax_estado?post=915517"}],"curies":[{"name":"wp","href":"https:\/\/api.w.org\/{rel}","templated":true}]}}