{"id":914963,"date":"2021-12-28T00:00:00","date_gmt":"2021-12-28T03:00:00","guid":{"rendered":"https:\/\/www.estrategiaconcursos.com.br\/blog\/?p=914963"},"modified":"2021-12-29T10:02:10","modified_gmt":"2021-12-29T13:02:10","slug":"edital-dpe-se-defensor","status":"publish","type":"post","link":"https:\/\/www.estrategiaconcursos.com.br\/blog\/edital-dpe-se-defensor\/","title":{"rendered":"Edital DPE SE Defensor: inscri\u00e7\u00f5es encerradas! 6 vagas!"},"content":{"rendered":"\n<p><strong>Est\u00e3o encerradas as inscri\u00e7\u00f5es do concurso DPE SE Defensor<\/strong>. A <strong>prova objetiva<\/strong> est\u00e1 prevista para <strong>13\/03\/2022<\/strong> e as <strong>provas escritas para 10\/04\/2022<\/strong>.  <\/p>\n\n\n\n<ul id=\"block-ee678516-e9d1-48bd-b327-7b9acd55f0fd\" class=\"has-luminous-vivid-amber-to-luminous-vivid-orange-gradient-background has-background wp-block-list\"><li><strong>Concurso DPE SE<\/strong><\/li><li><strong>Status:<\/strong>\u00a0inscri\u00e7\u00f5es encerradas<\/li><li><strong>Banca:\u00a0<\/strong>Cebraspe<\/li><li><strong>Vagas:\u00a0<\/strong>6<\/li><li><strong>Sal\u00e1rio inicial:<\/strong>\u00a0R$ 16.761,68<\/li><li><a href=\"https:\/\/dhg1h5j42swfq.cloudfront.net\/2021\/11\/24072905\/dpe-se-1.pdf\" target=\"_blank\" rel=\"noreferrer noopener nofollow\">Edital publicado<\/a> <\/li><\/ul>\n\n\n\n<p><strong>O edital do concurso DPE SE Defensor oferta<\/strong> <strong>6 vagas para Defensor p\u00fablico<\/strong> substituto com requisitos em bacharel em Direito, inscri\u00e7\u00e3o na Ordem dos Advogados do Brasil (OAB) e dois anos de pr\u00e1tica forense. <strong>A remunera\u00e7\u00e3o oferecida \u00e9 de&nbsp;R$ 16.761,68<\/strong>.<\/p>\n\n\n\n<div class=\"container\" id=\"boxes\">\n  <div class=\"row\">\n\n    <div class=\"col-sm\">\n      <div class=\"banner-ecj\" id=\"box-assinatura\">\n        <h3 class=\"titulo-assinatura\">Curso para DPE SE Defensor <\/h3>\n        <p class=\"subtitulo-assinatura\">Cursos focados no edital do concurso<\/p>\n        <div class=\"box-botao\">\n          <a class=\"btn-assinatura\" target=\"_blank\" href=\"https:\/\/www.estrategiaconcursos.com.br\/cursosPorConcurso\/dpe-se-defensoria-publica-de-sergipe-defensor-publico\/\" role=\"button\" rel=\"noopener noreferrer\">Conhe\u00e7a mais<\/a>\n        <\/div>\n      <\/div>\n      <p class=\"texto-auxiliar\">Prepare-se com o melhor material e com quem mais aprova em concursos em todo o pa\u00eds. \n<\/p>\n    <\/div>\n\n  <\/div>\n<\/div>\n\n\n\n<h2 class=\"wp-block-heading\" id=\"atual\">Edital DPE SE: Situa\u00e7\u00e3o atual <\/h2>\n\n\n\n<p class=\"has-background\" style=\"background-color:#d0d0d0\"><strong>Inscri\u00e7\u00e3o: <s>29\/11 a 28\/12\/2021<\/s><br \/>Taxa: R$ 250,00<br \/>Prova Objetiva: 13\/03\/2022<\/strong><br \/><strong>Prova Escrita:<\/strong> 10\/04\/2022<\/p>\n\n\n\n<h4 class=\"wp-block-heading\" id=\"comiss\u00e3o\">Comiss\u00e3o <\/h4>\n\n\n\n<p>Os nomes dos membros da comiss\u00e3o de trabalho respons\u00e1vel pelo IV Concurso P\u00fablico de Provimento na Carreira de&nbsp;<strong>Defensor P\u00fablico<\/strong> foram divulgados. Confira abaixo:<\/p>\n\n\n\n<ul class=\"wp-block-list\"><li><strong>Presidente:<\/strong> Luciv\u00e2nia Guimar\u00e3es Salles Barreto;<\/li><li><strong>Membros titulares:<\/strong> Andreza Tavares Almeida Rolim, Carolina D\u2019Avila Melo Brugno, Liza Monte Alegre Tavares Andrade, Marcos Feitosa Lima e Roberta Gouveia Donald Alves.<\/li><li><strong>Membros suplentes:<\/strong> Luciano Gomes de Mello J\u00fanior e Matheus Pacheco Franco.<\/li><li><strong>Representante do Minist\u00e9rio P\u00fablico:<\/strong> Sandro Luiz da Costa.<\/li><li><strong>Representante da OAB\/SE:<\/strong> Dalmo de Figueiredo Vasconcelos Bezerra.<\/li><\/ul>\n\n\n\n<h2 class=\"wp-block-heading\" id=\"carreira\">Edital DPE SE: Carreira<\/h2>\n\n\n\n<h4 class=\"wp-block-heading\" id=\"cargo\">Cargos e Vagas<\/h4>\n\n\n\n<ul class=\"wp-block-list\"><li><strong>&nbsp;Defensor P\u00fablico Substituto &#8211; 6 vagas<\/strong><\/li><\/ul>\n\n\n\n<h4 class=\"wp-block-heading\" id=\"remunera\u00e7\u00e3o-se\">Sal\u00e1rios e Benef\u00edcios: Tabela de vencimento<\/h4>\n\n\n\n<figure class=\"wp-block-table is-style-stripes\"><table><tbody><tr><td><strong>Defensor P\u00fablico<\/strong><\/td><td><strong>Vencimento<\/strong><\/td><\/tr><tr><td>1\u00aa Categoria<\/td><td>R$ 33.250,98<\/td><\/tr><tr><td>2\u00aa Categoria<\/td><td>R$ 28.913,90<\/td><\/tr><tr><td>Defensor Substituto<\/td><td>R$ 25.142,52<\/td><\/tr><tr><td>Defensor Substituto Ingresso<\/td><td>R$ 16.761,68<\/td><\/tr><\/tbody><\/table><figcaption>LC 317 de 07\/12\/2018<\/figcaption><\/figure>\n\n\n\n<h4 class=\"wp-block-heading\" id=\"requisitos-concurso-dpe-se\">Requisitos <\/h4>\n\n\n\n<p>Para ingressar na carreira da Defensoria P\u00fablica do Estado de Sergipe os candidatos devem cumprir os requisitos elencados no artigo 59 da Lei Complementar 183\/2010:<\/p>\n\n\n\n<ul class=\"wp-block-list\"><li>Bacharelado em Direito<\/li><li>Inscri\u00e7\u00e3o na OAB<\/li><li>Comprova\u00e7\u00e3o de 2 anos de <strong>pr\u00e1tica forense<\/strong>.<\/li><\/ul>\n\n\n\n<h4 class=\"wp-block-heading\">Pr\u00e1tica forense<\/h4>\n\n\n\n<p>Considera-se como pr\u00e1tica forense, o tempo de advocacia e o exerc\u00edcio profissional de consultoria, assessoria, cumprimento de est\u00e1gio oficialmente regulamentado e o desempenho de cargo, emprego ou fun\u00e7\u00e3o de atividades eminentemente jur\u00eddicas, comprovada, mediante certid\u00e3o.<\/p>\n\n\n\n<h2 class=\"wp-block-heading\" id=\"prova-dpe-se\">Etapas de provas do edital DPE SE<\/h2>\n\n\n\n<p>De acordo com o regulamento, o concurso dever\u00e1 ser composto por cinco etapas, sendo estas:<\/p>\n\n\n\n<p><em>I) Provas objetivas &#8211; eliminat\u00f3rio e classificat\u00f3rio;<br \/>II) Provas escritas espec\u00edficas &#8211; eliminat\u00f3rias e classificat\u00f3rias;<br \/>III) Prova Oral- eliminat\u00f3ria e classificat\u00f3ria;<br \/>IV) Prova de Tribuna &#8211; classificat\u00f3ria;<br \/>V) Prova de T\u00edtulos- classificat\u00f3ria.<\/em><\/p>\n\n\n\n<h4 class=\"wp-block-heading\" id=\"materias-dpe-se\">Quais mat\u00e9rias ser\u00e3o cobradas no concurso?<\/h4>\n\n\n\n<p>O documento divulgado trouxe ainda a lista de disciplinas que o edital deve abordar. Segundo ele, os candidatos ser\u00e3o avaliados em doze \u00e1reas do Direito. Confira a lista abaixo:<\/p>\n\n\n\n<p><em>Direito Constitucional<\/em><br \/><em>Direito Civil<\/em><br \/><em>Direito Processual Civil<\/em><br \/><em>Direito Penal<\/em><br \/><em>Direito Processual Penal<\/em><br \/><em>Direito Administrativo<\/em><br \/><em>Direitos Humanos<\/em><br \/><em>Direitos Difusos e coletivos<\/em><br \/><em>Direito de Execu\u00e7\u00e3o Penal&nbsp;<\/em><br \/><em>Direito do Consumidor<\/em><br \/><em>Direito do Idoso<\/em><br \/><em>Direito da Crian\u00e7a e do Adolescente<\/em><br \/><em>Princ\u00edpios Institucionais e Legisla\u00e7\u00e3o da Defensoria P\u00fablica&nbsp; &nbsp;<\/em><\/p>\n\n\n\n<h4 class=\"wp-block-heading\" id=\"discursiva-dpe-se\">Provas Discursivas<\/h4>\n\n\n\n<p>A segunda etapa do concurso, composta por provas objetivas, deve consistir em duas avalia\u00e7\u00f5es:<\/p>\n\n\n\n<p><strong>1 \u00aa parte:&nbsp;<\/strong>Pe\u00e7a processual na mat\u00e9ria c\u00edvel abrangendo as \u00e1reas de Direito Civil, Processual Civil e\/ou Administrativo;<br \/><strong>2 \u00aa parte: <\/strong>Quest\u00f5es sobre&nbsp;Direito Civil, Processual Civil, Direito Administrativo, Direitos Humanos, Direitos do Consumidor, Difusos e Coletivos, Direito da Crian\u00e7a e do adolescente, Princ\u00edpios institucionais e legisla\u00e7\u00e3o e defensoria p\u00fablica.<\/p>\n\n\n\n<p><span style=\"font-size: 14pt;\"><strong>Prova 3 (Discursiva espec\u00edfica)<\/strong><\/span><\/p>\n\n\n\n<p><strong>1 \u00aa parte:&nbsp;<\/strong>Pe\u00e7a processual na mat\u00e9ria penal abrangendo as \u00e1reas de Direito Penal, Processual Penal, Execu\u00e7\u00e3o Penal e\/ou Constitucional ;<br \/><strong>2 \u00aa parte: <\/strong>Quest\u00f5es sobre Direito Penal, Processual Penal e\/ou&nbsp; Constitucional e\/ou Direito da Crian\u00e7a e do adolescente.<\/p>\n\n\n\n<h4 class=\"wp-block-heading\" id=\"oral-dpe-se\">Prova oral<\/h4>\n\n\n\n<ul class=\"wp-block-list\"><li>Grupo I: Direito Civil e Direito Processual Civil<\/li><li>Grupo II: Direito Penal e Direito Processual Penal<\/li><li>Grupo III: Direito Constitucional e Direito Administrativo<\/li><li>Grupo IV: Legisla\u00e7\u00e3o da Defensoria P\u00fablica<\/li><\/ul>\n\n\n\n<h4 class=\"wp-block-heading\" id=\"titulos-dpe-se\">Avalia\u00e7\u00e3o de T\u00edtulos<\/h4>\n\n\n\n<div class=\"wp-block-image\"><figure class=\"aligncenter size-full is-resized\"><img loading=\"lazy\" decoding=\"async\" src=\"https:\/\/dhg1h5j42swfq.cloudfront.net\/2021\/11\/24072730\/image-510.png\" alt=\"\" class=\"wp-image-914942\" width=\"425\" height=\"397\" srcset=\"https:\/\/dhg1h5j42swfq.cloudfront.net\/2021\/11\/24072730\/image-510.png 498w, https:\/\/dhg1h5j42swfq.cloudfront.net\/2021\/11\/24072730\/image-510-300x280.png 300w\" sizes=\"auto, (max-width: 425px) 100vw, 425px\" \/><figcaption>DPE SE Defensor: tabela de t\u00edtulos<\/figcaption><\/figure><\/div>\n\n\n\n<div class=\"wp-block-image\"><figure class=\"aligncenter size-full is-resized\"><img loading=\"lazy\" decoding=\"async\" src=\"https:\/\/dhg1h5j42swfq.cloudfront.net\/2021\/11\/24072751\/image-511.png\" alt=\"\" class=\"wp-image-914943\" width=\"454\" height=\"44\" srcset=\"https:\/\/dhg1h5j42swfq.cloudfront.net\/2021\/11\/24072751\/image-511.png 629w, https:\/\/dhg1h5j42swfq.cloudfront.net\/2021\/11\/24072751\/image-511-300x29.png 300w, https:\/\/dhg1h5j42swfq.cloudfront.net\/2021\/11\/24072751\/image-511-610x59.png 610w\" sizes=\"auto, (max-width: 454px) 100vw, 454px\" \/><figcaption>Defensor SE: Tabela de T\u00edtulos<\/figcaption><\/figure><\/div>\n\n\n\n<h2 class=\"wp-block-heading\" id=\"ultimo-dpe-se\">\u00daltimo edital DPE SE<\/h2>\n\n\n\n<p>O Estado do Sergipe realizou certame para sua Defensoria pela \u00faltima vez no ano de 2012. Na ocasi\u00e3o, o concurso foi organizado pela banca Cespe e ofertou 10 vagas mais cadastro de reserva para o cargo de Defensor.<\/p>\n\n\n\n<p><\/p>\n\n\n\n<h2 class=\"has-text-align-center wp-block-heading\" id=\"h-quer-saber-tudo-sobre-concursos-previstos-confira-nossos-artigos\">Quer saber tudo sobre concursos previstos?<br \/>Confira nossos artigos!<\/h2>\n\n\n\n<ul class=\"wp-block-list\"><li><a href=\"https:\/\/www.estrategiaconcursos.com.br\/blog\/concursos-abertos\/\" target=\"_blank\" rel=\"noreferrer noopener\">Concursos abertos<\/a><\/li><li><a href=\"https:\/\/www.estrategiaconcursos.com.br\/blog\/concursos-2021\/\" target=\"_blank\" rel=\"noreferrer noopener\">Concursos 2021<\/a><\/li><li><a href=\"https:\/\/www.estrategiaconcursos.com.br\/blog\/concursos-2022\/\" target=\"_blank\" rel=\"noreferrer noopener\">Concursos 2022<\/a><\/li><\/ul>\n\n\n\n<div class=\"container\" id=\"boxes\">\n  <div class=\"row\">\n\n    <div class=\"col-sm\">\n      <div class=\"banner-ecj\" id=\"box-assinatura\">\n        <h3 class=\"titulo-assinatura\">Curso para DPE SE Defensor <\/h3>\n        <p class=\"subtitulo-assinatura\">Cursos focados no edital do concurso<\/p>\n        <div class=\"box-botao\">\n          <a class=\"btn-assinatura\" target=\"_blank\" href=\"https:\/\/www.estrategiaconcursos.com.br\/cursosPorConcurso\/dpe-se-defensoria-publica-de-sergipe-defensor-publico\/\" role=\"button\" rel=\"noopener noreferrer\">Conhe\u00e7a mais<\/a>\n        <\/div>\n      <\/div>\n      <p class=\"texto-auxiliar\">Prepare-se com o melhor material e com quem mais aprova em concursos em todo o pa\u00eds. \n<\/p>\n    <\/div>\n\n  <\/div>\n<\/div>\n\n\n\n<div class=\"container\" id=\"boxes\">\n  <div class=\"row\">\n\n    <div class=\"col-sm\">\n      <div class=\"banner-ecj\" id=\"box-assinatura\">\n        <h3 class=\"titulo-assinatura\">Assinatura Jur\u00eddica <\/h3>\n        <p class=\"subtitulo-assinatura\">Conhe\u00e7a os planos<\/p>\n        <div class=\"box-botao\">\n          <a class=\"btn-assinatura\" target=\"_blank\" href=\"https:\/\/www.estrategiaconcursos.com.br\/assinaturas-ecj\/\" role=\"button\" rel=\"noopener noreferrer\">Conhe\u00e7a mais<\/a>\n        <\/div>\n      <\/div>\n      <p class=\"texto-auxiliar\">Prepare-se com o melhor material e com quem mais aprova em Concursos P\u00fablicos em todo o pa\u00eds. \n<\/p>\n    <\/div>\n\n  <\/div>\n<\/div>\n\n\n\n<figure class=\"wp-block-image is-resized\"><img loading=\"lazy\" decoding=\"async\" src=\"https:\/\/dhg1h5j42swfq.cloudfront.net\/2021\/04\/05154617\/ficha-tecnica-12-1024x632.png\" alt=\"\" class=\"wp-image-707675\" width=\"203\" height=\"125\" srcset=\"https:\/\/dhg1h5j42swfq.cloudfront.net\/2021\/04\/05154617\/ficha-tecnica-12-1024x632.png 1024w, https:\/\/dhg1h5j42swfq.cloudfront.net\/2021\/04\/05154617\/ficha-tecnica-12-300x185.png 300w, https:\/\/dhg1h5j42swfq.cloudfront.net\/2021\/04\/05154617\/ficha-tecnica-12-768x474.png 768w, https:\/\/dhg1h5j42swfq.cloudfront.net\/2021\/04\/05154617\/ficha-tecnica-12-1536x948.png 1536w, https:\/\/dhg1h5j42swfq.cloudfront.net\/2021\/04\/05154617\/ficha-tecnica-12-610x377.png 610w, https:\/\/dhg1h5j42swfq.cloudfront.net\/2021\/04\/05154617\/ficha-tecnica-12.png 1571w\" sizes=\"auto, (max-width: 203px) 100vw, 203px\" \/><\/figure>\n\n\n\n<p id=\"ficha\"><strong>\u25baInforma\u00e7\u00f5es do Edital DPE SE Defensor<\/strong><\/p>\n\n\n\n<p>\u25ba<strong>Data<\/strong>: 13\/03\/2022<br \/>\u25ba<strong>Vagas<\/strong>: 6<br \/>\u25ba<strong>Cargos<\/strong>: Defensor P\u00fablico<br \/>\u25ba<strong>Lota\u00e7\u00f5es<\/strong>: Sergipe<br \/>\u25ba<strong>Banca<\/strong>: CEBRASPE<br \/>\u25ba<strong>Escolaridade<\/strong>: N\u00edvel Superior<\/p>\n","protected":false},"excerpt":{"rendered":"<p>Est\u00e3o encerradas as inscri\u00e7\u00f5es do concurso DPE SE Defensor. A prova objetiva est\u00e1 prevista para 13\/03\/2022 e as provas escritas para 10\/04\/2022. Concurso DPE SE Status:\u00a0inscri\u00e7\u00f5es encerradas Banca:\u00a0Cebraspe Vagas:\u00a06 Sal\u00e1rio inicial:\u00a0R$ 16.761,68 Edital publicado O edital do concurso DPE SE Defensor oferta 6 vagas para Defensor p\u00fablico substituto com requisitos em bacharel em Direito, inscri\u00e7\u00e3o [&hellip;]<\/p>\n","protected":false},"author":1,"featured_media":167080,"comment_status":"open","ping_status":"closed","sticky":false,"template":"","format":"standard","meta":{"post_tipo":"news","footnotes":""},"categories":[220193],"tags":[],"tax_estado":[219988],"class_list":["post-914963","post","type-post","status-publish","format-standard","has-post-thumbnail","hentry","category-defensoria-publica","tax_estado-se"],"acf":[],"yoast_head":"<!-- This site is optimized with the Yoast SEO Premium plugin v27.2 (Yoast SEO v27.2) - https:\/\/yoast.com\/product\/yoast-seo-premium-wordpress\/ -->\n<title>Edital DPE SE Defensor: inscri\u00e7\u00f5es encerradas! 6 vagas!<\/title>\n<meta name=\"description\" content=\"Edital DPE SE Defensor: inscri\u00e7\u00f5es encerradas! S\u00e3o ofertadas 6 vagas para Defensor P\u00fablico Substituto! Saiba mais neste artigo.\" \/>\n<meta name=\"robots\" content=\"index, follow, max-snippet:-1, max-image-preview:large, max-video-preview:-1\" \/>\n<link rel=\"canonical\" href=\"https:\/\/www.estrategiaconcursos.com.br\/blog\/edital-dpe-se-defensor\/\" \/>\n<meta property=\"og:locale\" content=\"pt_BR\" \/>\n<meta property=\"og:type\" content=\"article\" \/>\n<meta property=\"og:title\" content=\"Edital DPE SE Defensor: inscri\u00e7\u00f5es encerradas! 6 vagas!\" \/>\n<meta property=\"og:description\" content=\"Edital DPE SE Defensor: inscri\u00e7\u00f5es encerradas! S\u00e3o ofertadas 6 vagas para Defensor P\u00fablico Substituto! Saiba mais neste artigo.\" \/>\n<meta property=\"og:url\" content=\"https:\/\/www.estrategiaconcursos.com.br\/blog\/edital-dpe-se-defensor\/\" \/>\n<meta property=\"og:site_name\" content=\"Estrat\u00e9gia Concursos\" \/>\n<meta property=\"article:author\" content=\"https:\/\/www.facebook.com\/EstrategiaConcursos\" \/>\n<meta property=\"article:published_time\" content=\"2021-12-28T03:00:00+00:00\" \/>\n<meta property=\"article:modified_time\" content=\"2021-12-29T13:02:10+00:00\" \/>\n<meta property=\"og:image\" content=\"https:\/\/dhg1h5j42swfq.cloudfront.net\/2019\/02\/20121640\/concurso-dpe-se.jpeg\" \/>\n\t<meta property=\"og:image:width\" content=\"560\" \/>\n\t<meta property=\"og:image:height\" content=\"315\" \/>\n\t<meta property=\"og:image:type\" content=\"image\/jpeg\" \/>\n<meta name=\"author\" content=\"Coordena\u00e7\u00e3o\" \/>\n<meta name=\"twitter:card\" content=\"summary_large_image\" \/>\n<meta name=\"twitter:creator\" content=\"@EstratConcursos\" \/>\n<meta name=\"twitter:site\" content=\"@EstratConcursos\" \/>\n<meta name=\"twitter:label1\" content=\"Escrito por\" \/>\n\t<meta name=\"twitter:data1\" content=\"Coordena\u00e7\u00e3o\" \/>\n\t<meta name=\"twitter:label2\" content=\"Est. tempo de leitura\" \/>\n\t<meta name=\"twitter:data2\" content=\"5 minutos\" \/>\n<script type=\"application\/ld+json\" class=\"yoast-schema-graph\">{\"@context\":\"https:\/\/schema.org\",\"@graph\":[{\"@type\":\"NewsArticle\",\"@id\":\"https:\/\/www.estrategiaconcursos.com.br\/blog\/edital-dpe-se-defensor\/#article\",\"isPartOf\":{\"@id\":\"https:\/\/www.estrategiaconcursos.com.br\/blog\/edital-dpe-se-defensor\/\"},\"author\":{\"name\":\"Coordena\u00e7\u00e3o\",\"@id\":\"https:\/\/www.estrategiaconcursos.com.br\/blog\/#\/schema\/person\/b4a388c97673c5f483d72185668afa1f\"},\"headline\":\"Edital DPE SE Defensor: inscri\u00e7\u00f5es encerradas! 6 vagas!\",\"datePublished\":\"2021-12-28T03:00:00+00:00\",\"dateModified\":\"2021-12-29T13:02:10+00:00\",\"mainEntityOfPage\":{\"@id\":\"https:\/\/www.estrategiaconcursos.com.br\/blog\/edital-dpe-se-defensor\/\"},\"wordCount\":813,\"commentCount\":0,\"publisher\":{\"@id\":\"https:\/\/www.estrategiaconcursos.com.br\/blog\/#organization\"},\"image\":{\"@id\":\"https:\/\/www.estrategiaconcursos.com.br\/blog\/edital-dpe-se-defensor\/#primaryimage\"},\"thumbnailUrl\":\"https:\/\/dhg1h5j42swfq.cloudfront.net\/2019\/02\/20121640\/concurso-dpe-se.jpeg\",\"articleSection\":[\"Jur\u00eddico - Defensoria P\u00fablica\"],\"inLanguage\":\"pt-BR\",\"potentialAction\":[{\"@type\":\"CommentAction\",\"name\":\"Comment\",\"target\":[\"https:\/\/www.estrategiaconcursos.com.br\/blog\/edital-dpe-se-defensor\/#respond\"]}],\"copyrightYear\":\"2021\",\"copyrightHolder\":{\"@id\":\"https:\/\/www.estrategiaconcursos.com.br\/blog\/#organization\"}},{\"@type\":\"WebPage\",\"@id\":\"https:\/\/www.estrategiaconcursos.com.br\/blog\/edital-dpe-se-defensor\/\",\"url\":\"https:\/\/www.estrategiaconcursos.com.br\/blog\/edital-dpe-se-defensor\/\",\"name\":\"Edital DPE SE Defensor: inscri\u00e7\u00f5es encerradas! 6 vagas!\",\"isPartOf\":{\"@id\":\"https:\/\/www.estrategiaconcursos.com.br\/blog\/#website\"},\"primaryImageOfPage\":{\"@id\":\"https:\/\/www.estrategiaconcursos.com.br\/blog\/edital-dpe-se-defensor\/#primaryimage\"},\"image\":{\"@id\":\"https:\/\/www.estrategiaconcursos.com.br\/blog\/edital-dpe-se-defensor\/#primaryimage\"},\"thumbnailUrl\":\"https:\/\/dhg1h5j42swfq.cloudfront.net\/2019\/02\/20121640\/concurso-dpe-se.jpeg\",\"datePublished\":\"2021-12-28T03:00:00+00:00\",\"dateModified\":\"2021-12-29T13:02:10+00:00\",\"description\":\"Edital DPE SE Defensor: inscri\u00e7\u00f5es encerradas! S\u00e3o ofertadas 6 vagas para Defensor P\u00fablico Substituto! Saiba mais neste artigo.\",\"breadcrumb\":{\"@id\":\"https:\/\/www.estrategiaconcursos.com.br\/blog\/edital-dpe-se-defensor\/#breadcrumb\"},\"inLanguage\":\"pt-BR\",\"potentialAction\":[{\"@type\":\"ReadAction\",\"target\":[\"https:\/\/www.estrategiaconcursos.com.br\/blog\/edital-dpe-se-defensor\/\"]}]},{\"@type\":\"ImageObject\",\"inLanguage\":\"pt-BR\",\"@id\":\"https:\/\/www.estrategiaconcursos.com.br\/blog\/edital-dpe-se-defensor\/#primaryimage\",\"url\":\"https:\/\/dhg1h5j42swfq.cloudfront.net\/2019\/02\/20121640\/concurso-dpe-se.jpeg\",\"contentUrl\":\"https:\/\/dhg1h5j42swfq.cloudfront.net\/2019\/02\/20121640\/concurso-dpe-se.jpeg\",\"width\":560,\"height\":315,\"caption\":\"concurso dpe se\"},{\"@type\":\"BreadcrumbList\",\"@id\":\"https:\/\/www.estrategiaconcursos.com.br\/blog\/edital-dpe-se-defensor\/#breadcrumb\",\"itemListElement\":[{\"@type\":\"ListItem\",\"position\":1,\"name\":\"In\u00edcio\",\"item\":\"https:\/\/www.estrategiaconcursos.com.br\/blog\/\"},{\"@type\":\"ListItem\",\"position\":2,\"name\":\"Edital DPE SE Defensor: inscri\u00e7\u00f5es encerradas! 6 vagas!\"}]},{\"@type\":\"WebSite\",\"@id\":\"https:\/\/www.estrategiaconcursos.com.br\/blog\/#website\",\"url\":\"https:\/\/www.estrategiaconcursos.com.br\/blog\/\",\"name\":\"Estrat\u00e9gia Concursos\",\"description\":\"O blog da Estrat\u00e9gia Concursos traz not\u00edcias sobre concursos e artigos de professores oferecendo cursos para concursos (pdf + videaulas) no site.\",\"publisher\":{\"@id\":\"https:\/\/www.estrategiaconcursos.com.br\/blog\/#organization\"},\"potentialAction\":[{\"@type\":\"SearchAction\",\"target\":{\"@type\":\"EntryPoint\",\"urlTemplate\":\"https:\/\/www.estrategiaconcursos.com.br\/blog\/?s={search_term_string}\"},\"query-input\":{\"@type\":\"PropertyValueSpecification\",\"valueRequired\":true,\"valueName\":\"search_term_string\"}}],\"inLanguage\":\"pt-BR\"},{\"@type\":\"Organization\",\"@id\":\"https:\/\/www.estrategiaconcursos.com.br\/blog\/#organization\",\"name\":\"Estrat\u00e9gia Concursos\",\"url\":\"https:\/\/www.estrategiaconcursos.com.br\/blog\/\",\"logo\":{\"@type\":\"ImageObject\",\"inLanguage\":\"pt-BR\",\"@id\":\"https:\/\/www.estrategiaconcursos.com.br\/blog\/#\/schema\/logo\/image\/\",\"url\":\"https:\/\/dhg1h5j42swfq.cloudfront.net\/2025\/06\/03203428\/logo_concursos-1.jpg\",\"contentUrl\":\"https:\/\/dhg1h5j42swfq.cloudfront.net\/2025\/06\/03203428\/logo_concursos-1.jpg\",\"width\":230,\"height\":60,\"caption\":\"Estrat\u00e9gia Concursos\"},\"image\":{\"@id\":\"https:\/\/www.estrategiaconcursos.com.br\/blog\/#\/schema\/logo\/image\/\"},\"sameAs\":[\"https:\/\/x.com\/EstratConcursos\"]},{\"@type\":\"Person\",\"@id\":\"https:\/\/www.estrategiaconcursos.com.br\/blog\/#\/schema\/person\/b4a388c97673c5f483d72185668afa1f\",\"name\":\"Coordena\u00e7\u00e3o\",\"image\":{\"@type\":\"ImageObject\",\"inLanguage\":\"pt-BR\",\"@id\":\"https:\/\/secure.gravatar.com\/avatar\/b720319e4c9a967eb58678d110f4fe35452fc5d5f97b202bac7b8acceb18c6ad?s=96&d=mm&r=g\",\"url\":\"https:\/\/secure.gravatar.com\/avatar\/b720319e4c9a967eb58678d110f4fe35452fc5d5f97b202bac7b8acceb18c6ad?s=96&d=mm&r=g\",\"contentUrl\":\"https:\/\/secure.gravatar.com\/avatar\/b720319e4c9a967eb58678d110f4fe35452fc5d5f97b202bac7b8acceb18c6ad?s=96&d=mm&r=g\",\"caption\":\"Coordena\u00e7\u00e3o\"},\"sameAs\":[\"https:\/\/www.facebook.com\/EstrategiaConcursos\",\"https:\/\/x.com\/EstratConcursos\"],\"url\":\"https:\/\/www.estrategiaconcursos.com.br\/blog\/author\/estrategia2013\/\"}]}<\/script>\n<!-- \/ Yoast SEO Premium plugin. -->","yoast_head_json":{"title":"Edital DPE SE Defensor: inscri\u00e7\u00f5es encerradas! 6 vagas!","description":"Edital DPE SE Defensor: inscri\u00e7\u00f5es encerradas! S\u00e3o ofertadas 6 vagas para Defensor P\u00fablico Substituto! Saiba mais neste artigo.","robots":{"index":"index","follow":"follow","max-snippet":"max-snippet:-1","max-image-preview":"max-image-preview:large","max-video-preview":"max-video-preview:-1"},"canonical":"https:\/\/www.estrategiaconcursos.com.br\/blog\/edital-dpe-se-defensor\/","og_locale":"pt_BR","og_type":"article","og_title":"Edital DPE SE Defensor: inscri\u00e7\u00f5es encerradas! 6 vagas!","og_description":"Edital DPE SE Defensor: inscri\u00e7\u00f5es encerradas! S\u00e3o ofertadas 6 vagas para Defensor P\u00fablico Substituto! Saiba mais neste artigo.","og_url":"https:\/\/www.estrategiaconcursos.com.br\/blog\/edital-dpe-se-defensor\/","og_site_name":"Estrat\u00e9gia Concursos","article_author":"https:\/\/www.facebook.com\/EstrategiaConcursos","article_published_time":"2021-12-28T03:00:00+00:00","article_modified_time":"2021-12-29T13:02:10+00:00","og_image":[{"width":560,"height":315,"url":"https:\/\/dhg1h5j42swfq.cloudfront.net\/2019\/02\/20121640\/concurso-dpe-se.jpeg","type":"image\/jpeg"}],"author":"Coordena\u00e7\u00e3o","twitter_card":"summary_large_image","twitter_creator":"@EstratConcursos","twitter_site":"@EstratConcursos","twitter_misc":{"Escrito por":"Coordena\u00e7\u00e3o","Est. tempo de leitura":"5 minutos"},"schema":{"@context":"https:\/\/schema.org","@graph":[{"@type":"NewsArticle","@id":"https:\/\/www.estrategiaconcursos.com.br\/blog\/edital-dpe-se-defensor\/#article","isPartOf":{"@id":"https:\/\/www.estrategiaconcursos.com.br\/blog\/edital-dpe-se-defensor\/"},"author":{"name":"Coordena\u00e7\u00e3o","@id":"https:\/\/www.estrategiaconcursos.com.br\/blog\/#\/schema\/person\/b4a388c97673c5f483d72185668afa1f"},"headline":"Edital DPE SE Defensor: inscri\u00e7\u00f5es encerradas! 6 vagas!","datePublished":"2021-12-28T03:00:00+00:00","dateModified":"2021-12-29T13:02:10+00:00","mainEntityOfPage":{"@id":"https:\/\/www.estrategiaconcursos.com.br\/blog\/edital-dpe-se-defensor\/"},"wordCount":813,"commentCount":0,"publisher":{"@id":"https:\/\/www.estrategiaconcursos.com.br\/blog\/#organization"},"image":{"@id":"https:\/\/www.estrategiaconcursos.com.br\/blog\/edital-dpe-se-defensor\/#primaryimage"},"thumbnailUrl":"https:\/\/dhg1h5j42swfq.cloudfront.net\/2019\/02\/20121640\/concurso-dpe-se.jpeg","articleSection":["Jur\u00eddico - Defensoria P\u00fablica"],"inLanguage":"pt-BR","potentialAction":[{"@type":"CommentAction","name":"Comment","target":["https:\/\/www.estrategiaconcursos.com.br\/blog\/edital-dpe-se-defensor\/#respond"]}],"copyrightYear":"2021","copyrightHolder":{"@id":"https:\/\/www.estrategiaconcursos.com.br\/blog\/#organization"}},{"@type":"WebPage","@id":"https:\/\/www.estrategiaconcursos.com.br\/blog\/edital-dpe-se-defensor\/","url":"https:\/\/www.estrategiaconcursos.com.br\/blog\/edital-dpe-se-defensor\/","name":"Edital DPE SE Defensor: inscri\u00e7\u00f5es encerradas! 6 vagas!","isPartOf":{"@id":"https:\/\/www.estrategiaconcursos.com.br\/blog\/#website"},"primaryImageOfPage":{"@id":"https:\/\/www.estrategiaconcursos.com.br\/blog\/edital-dpe-se-defensor\/#primaryimage"},"image":{"@id":"https:\/\/www.estrategiaconcursos.com.br\/blog\/edital-dpe-se-defensor\/#primaryimage"},"thumbnailUrl":"https:\/\/dhg1h5j42swfq.cloudfront.net\/2019\/02\/20121640\/concurso-dpe-se.jpeg","datePublished":"2021-12-28T03:00:00+00:00","dateModified":"2021-12-29T13:02:10+00:00","description":"Edital DPE SE Defensor: inscri\u00e7\u00f5es encerradas! S\u00e3o ofertadas 6 vagas para Defensor P\u00fablico Substituto! Saiba mais neste artigo.","breadcrumb":{"@id":"https:\/\/www.estrategiaconcursos.com.br\/blog\/edital-dpe-se-defensor\/#breadcrumb"},"inLanguage":"pt-BR","potentialAction":[{"@type":"ReadAction","target":["https:\/\/www.estrategiaconcursos.com.br\/blog\/edital-dpe-se-defensor\/"]}]},{"@type":"ImageObject","inLanguage":"pt-BR","@id":"https:\/\/www.estrategiaconcursos.com.br\/blog\/edital-dpe-se-defensor\/#primaryimage","url":"https:\/\/dhg1h5j42swfq.cloudfront.net\/2019\/02\/20121640\/concurso-dpe-se.jpeg","contentUrl":"https:\/\/dhg1h5j42swfq.cloudfront.net\/2019\/02\/20121640\/concurso-dpe-se.jpeg","width":560,"height":315,"caption":"concurso dpe se"},{"@type":"BreadcrumbList","@id":"https:\/\/www.estrategiaconcursos.com.br\/blog\/edital-dpe-se-defensor\/#breadcrumb","itemListElement":[{"@type":"ListItem","position":1,"name":"In\u00edcio","item":"https:\/\/www.estrategiaconcursos.com.br\/blog\/"},{"@type":"ListItem","position":2,"name":"Edital DPE SE Defensor: inscri\u00e7\u00f5es encerradas! 6 vagas!"}]},{"@type":"WebSite","@id":"https:\/\/www.estrategiaconcursos.com.br\/blog\/#website","url":"https:\/\/www.estrategiaconcursos.com.br\/blog\/","name":"Estrat\u00e9gia Concursos","description":"O blog da Estrat\u00e9gia Concursos traz not\u00edcias sobre concursos e artigos de professores oferecendo cursos para concursos (pdf + videaulas) no site.","publisher":{"@id":"https:\/\/www.estrategiaconcursos.com.br\/blog\/#organization"},"potentialAction":[{"@type":"SearchAction","target":{"@type":"EntryPoint","urlTemplate":"https:\/\/www.estrategiaconcursos.com.br\/blog\/?s={search_term_string}"},"query-input":{"@type":"PropertyValueSpecification","valueRequired":true,"valueName":"search_term_string"}}],"inLanguage":"pt-BR"},{"@type":"Organization","@id":"https:\/\/www.estrategiaconcursos.com.br\/blog\/#organization","name":"Estrat\u00e9gia Concursos","url":"https:\/\/www.estrategiaconcursos.com.br\/blog\/","logo":{"@type":"ImageObject","inLanguage":"pt-BR","@id":"https:\/\/www.estrategiaconcursos.com.br\/blog\/#\/schema\/logo\/image\/","url":"https:\/\/dhg1h5j42swfq.cloudfront.net\/2025\/06\/03203428\/logo_concursos-1.jpg","contentUrl":"https:\/\/dhg1h5j42swfq.cloudfront.net\/2025\/06\/03203428\/logo_concursos-1.jpg","width":230,"height":60,"caption":"Estrat\u00e9gia Concursos"},"image":{"@id":"https:\/\/www.estrategiaconcursos.com.br\/blog\/#\/schema\/logo\/image\/"},"sameAs":["https:\/\/x.com\/EstratConcursos"]},{"@type":"Person","@id":"https:\/\/www.estrategiaconcursos.com.br\/blog\/#\/schema\/person\/b4a388c97673c5f483d72185668afa1f","name":"Coordena\u00e7\u00e3o","image":{"@type":"ImageObject","inLanguage":"pt-BR","@id":"https:\/\/secure.gravatar.com\/avatar\/b720319e4c9a967eb58678d110f4fe35452fc5d5f97b202bac7b8acceb18c6ad?s=96&d=mm&r=g","url":"https:\/\/secure.gravatar.com\/avatar\/b720319e4c9a967eb58678d110f4fe35452fc5d5f97b202bac7b8acceb18c6ad?s=96&d=mm&r=g","contentUrl":"https:\/\/secure.gravatar.com\/avatar\/b720319e4c9a967eb58678d110f4fe35452fc5d5f97b202bac7b8acceb18c6ad?s=96&d=mm&r=g","caption":"Coordena\u00e7\u00e3o"},"sameAs":["https:\/\/www.facebook.com\/EstrategiaConcursos","https:\/\/x.com\/EstratConcursos"],"url":"https:\/\/www.estrategiaconcursos.com.br\/blog\/author\/estrategia2013\/"}]}},"_links":{"self":[{"href":"https:\/\/www.estrategiaconcursos.com.br\/blog\/wp-json\/wp\/v2\/posts\/914963","targetHints":{"allow":["GET"]}}],"collection":[{"href":"https:\/\/www.estrategiaconcursos.com.br\/blog\/wp-json\/wp\/v2\/posts"}],"about":[{"href":"https:\/\/www.estrategiaconcursos.com.br\/blog\/wp-json\/wp\/v2\/types\/post"}],"author":[{"embeddable":true,"href":"https:\/\/www.estrategiaconcursos.com.br\/blog\/wp-json\/wp\/v2\/users\/1"}],"replies":[{"embeddable":true,"href":"https:\/\/www.estrategiaconcursos.com.br\/blog\/wp-json\/wp\/v2\/comments?post=914963"}],"version-history":[{"count":9,"href":"https:\/\/www.estrategiaconcursos.com.br\/blog\/wp-json\/wp\/v2\/posts\/914963\/revisions"}],"predecessor-version":[{"id":936843,"href":"https:\/\/www.estrategiaconcursos.com.br\/blog\/wp-json\/wp\/v2\/posts\/914963\/revisions\/936843"}],"wp:featuredmedia":[{"embeddable":true,"href":"https:\/\/www.estrategiaconcursos.com.br\/blog\/wp-json\/wp\/v2\/media\/167080"}],"wp:attachment":[{"href":"https:\/\/www.estrategiaconcursos.com.br\/blog\/wp-json\/wp\/v2\/media?parent=914963"}],"wp:term":[{"taxonomy":"category","embeddable":true,"href":"https:\/\/www.estrategiaconcursos.com.br\/blog\/wp-json\/wp\/v2\/categories?post=914963"},{"taxonomy":"post_tag","embeddable":true,"href":"https:\/\/www.estrategiaconcursos.com.br\/blog\/wp-json\/wp\/v2\/tags?post=914963"},{"taxonomy":"tax_estado","embeddable":true,"href":"https:\/\/www.estrategiaconcursos.com.br\/blog\/wp-json\/wp\/v2\/tax_estado?post=914963"}],"curies":[{"name":"wp","href":"https:\/\/api.w.org\/{rel}","templated":true}]}}