{"id":9149,"date":"2012-10-12T18:23:41","date_gmt":"2012-10-12T18:23:41","guid":{"rendered":"https:\/\/www.estrategiaconcursos.com.br\/blog\/aos-companheiros-e-companheiras-de-ti-classificados-para-a-segunda-fase-da-receita-4\/"},"modified":"2018-09-28T18:30:14","modified_gmt":"2018-09-28T21:30:14","slug":"aos-companheiros-e-companheiras-de-ti-classificados-para-a-segunda-fase-da-receita-4","status":"publish","type":"post","link":"https:\/\/www.estrategiaconcursos.com.br\/blog\/aos-companheiros-e-companheiras-de-ti-classificados-para-a-segunda-fase-da-receita-4\/","title":{"rendered":"Aos companheiros e companheiras de TI classificados para a segunda fase da Receita"},"content":{"rendered":"<p>Ol\u00e1 meus alunos!<\/p>\n<div><\/div>\n<div>Estou profundamente feliz em saber que muitos de voc\u00eas est\u00e3o classificados para a segunda fase da Receita Federal. V\u00e1rios, inclusive, com a pontua\u00e7\u00e3o elevada, e bem pr\u00f3ximos da classifica\u00e7\u00e3o efetiva dentro das vagas. Espero que a prepara\u00e7\u00e3o tenha continuado desde o t\u00e9rmino da prova objetiva.<\/div>\n<div><\/div>\n<div>Caso n\u00e3o tenham observado, eu escrevi dois artigos com dicas para a prova discursiva.<\/div>\n<div><\/div>\n<div><a href=\"http:\/\/www.estrategiaconcursos.com.br\/artigo\/2650-informatica-para-receita-federal-dicas-para-a-discursiva\">http:\/\/www.estrategiaconcursos.com.br\/artigo\/2650-informatica-para-receita-federal-dicas-para-a-discursiva<\/a><\/div>\n<div><\/div>\n<div><a href=\"http:\/\/www.estrategiaconcursos.com.br\/artigo\/2677-informatica-para-a-receita-federal-dicas-para-a-prova-discursiva-2\">http:\/\/www.estrategiaconcursos.com.br\/artigo\/2677-informatica-para-a-receita-federal-dicas-para-a-prova-discursiva-2<\/a><\/div>\n<div><\/div>\n<div><\/div>\n<div>Tamb\u00e9m sei que v\u00e1rios est\u00e3o matriculados para a prova do ICMS\/PR, a ser realizada na mesma data, 21 de outubro. Uma verdadeira pena.<\/div>\n<div><\/div>\n<div>Entretanto, a decis\u00e3o a ser tomada, sobre a qual das provas comparecer, \u00e9 de foro \u00edntimo. Coloquem os pr\u00f3s e contras na balan\u00e7a, a diferen\u00e7a salarial, a cidade onde morar, a expectativa (ou n\u00e3o) de convoca\u00e7\u00e3o de excedentes. A posi\u00e7\u00e3o na classifica\u00e7\u00e3o tamb\u00e9m \u00e9 um referencial importante, sendo at\u00e9 mesmo um fator de indecis\u00e3o. Uma nota elevada pode deix\u00e1-lo confiante para partir para a prova com remunera\u00e7\u00e3o mais elevada, ao passo que uma pontua\u00e7\u00e3o menor pode faz\u00ea-lo preferir a prova do ICMS\/PR. Mas vai que a discursiva \u00e9 sobre um assunto que voc\u00ea domina?<\/div>\n<div><\/div>\n<div>Complicado, meus amigos. Como j\u00e1 dito antes, \u00e9 uma decis\u00e3o de foro \u00edntimo.<\/div>\n<div><\/div>\n<div>Aproveitem o feriado para refletir (e estudar!).<\/div>\n<div><\/div>\n<div>Grande abra\u00e7o.<\/div>\n<div><\/div>\n","protected":false},"excerpt":{"rendered":"<p>Ol\u00e1 meus alunos! Estou profundamente feliz em saber que muitos de voc\u00eas est\u00e3o classificados para a segunda fase da Receita Federal. V\u00e1rios, inclusive, com a pontua\u00e7\u00e3o elevada, e bem pr\u00f3ximos da classifica\u00e7\u00e3o efetiva dentro das vagas. Espero que a prepara\u00e7\u00e3o tenha continuado desde o t\u00e9rmino da prova objetiva. Caso n\u00e3o tenham observado, eu escrevi dois [&hellip;]<\/p>\n","protected":false},"author":48,"featured_media":0,"comment_status":"open","ping_status":"open","sticky":false,"template":"","format":"standard","meta":{"post_tipo":"article","footnotes":""},"categories":[1],"tags":[],"tax_estado":[],"class_list":["post-9149","post","type-post","status-publish","format-standard","hentry","category-cursos-e-concursos"],"acf":[],"yoast_head":"<!-- This site is optimized with the Yoast SEO Premium plugin v27.2 (Yoast SEO v27.2) - https:\/\/yoast.com\/product\/yoast-seo-premium-wordpress\/ -->\n<title>Aos companheiros e companheiras de TI classificados para a segunda fase da Receita<\/title>\n<meta name=\"robots\" content=\"index, follow, max-snippet:-1, max-image-preview:large, max-video-preview:-1\" \/>\n<link rel=\"canonical\" href=\"https:\/\/www.estrategiaconcursos.com.br\/blog\/aos-companheiros-e-companheiras-de-ti-classificados-para-a-segunda-fase-da-receita-4\/\" \/>\n<meta property=\"og:locale\" content=\"pt_BR\" \/>\n<meta property=\"og:type\" content=\"article\" \/>\n<meta property=\"og:title\" content=\"Aos companheiros e companheiras de TI classificados para a segunda fase da Receita\" \/>\n<meta property=\"og:description\" content=\"Ol\u00e1 meus alunos! Estou profundamente feliz em saber que muitos de voc\u00eas est\u00e3o classificados para a segunda fase da Receita Federal. V\u00e1rios, inclusive, com a pontua\u00e7\u00e3o elevada, e bem pr\u00f3ximos da classifica\u00e7\u00e3o efetiva dentro das vagas. Espero que a prepara\u00e7\u00e3o tenha continuado desde o t\u00e9rmino da prova objetiva. Caso n\u00e3o tenham observado, eu escrevi dois [&hellip;]\" \/>\n<meta property=\"og:url\" content=\"https:\/\/www.estrategiaconcursos.com.br\/blog\/aos-companheiros-e-companheiras-de-ti-classificados-para-a-segunda-fase-da-receita-4\/\" \/>\n<meta property=\"og:site_name\" content=\"Estrat\u00e9gia Concursos\" \/>\n<meta property=\"article:published_time\" content=\"2012-10-12T18:23:41+00:00\" \/>\n<meta property=\"article:modified_time\" content=\"2018-09-28T21:30:14+00:00\" \/>\n<meta name=\"author\" content=\"Coordena\u00e7\u00e3o\" \/>\n<meta name=\"twitter:card\" content=\"summary_large_image\" \/>\n<meta name=\"twitter:creator\" content=\"@EstratConcursos\" \/>\n<meta name=\"twitter:site\" content=\"@EstratConcursos\" \/>\n<meta name=\"twitter:label1\" content=\"Escrito por\" \/>\n\t<meta name=\"twitter:data1\" content=\"Coordena\u00e7\u00e3o\" \/>\n\t<meta name=\"twitter:label2\" content=\"Est. tempo de leitura\" \/>\n\t<meta name=\"twitter:data2\" content=\"1 minuto\" \/>\n<script type=\"application\/ld+json\" class=\"yoast-schema-graph\">{\"@context\":\"https:\/\/schema.org\",\"@graph\":[{\"@type\":\"NewsArticle\",\"@id\":\"https:\/\/www.estrategiaconcursos.com.br\/blog\/aos-companheiros-e-companheiras-de-ti-classificados-para-a-segunda-fase-da-receita-4\/#article\",\"isPartOf\":{\"@id\":\"https:\/\/www.estrategiaconcursos.com.br\/blog\/aos-companheiros-e-companheiras-de-ti-classificados-para-a-segunda-fase-da-receita-4\/\"},\"author\":{\"name\":\"Coordena\u00e7\u00e3o\",\"@id\":\"https:\/\/www.estrategiaconcursos.com.br\/blog\/#\/schema\/person\/cdad40b5818eb228a838461fcd656da7\"},\"headline\":\"Aos companheiros e companheiras de TI classificados para a segunda fase da Receita\",\"datePublished\":\"2012-10-12T18:23:41+00:00\",\"dateModified\":\"2018-09-28T21:30:14+00:00\",\"mainEntityOfPage\":{\"@id\":\"https:\/\/www.estrategiaconcursos.com.br\/blog\/aos-companheiros-e-companheiras-de-ti-classificados-para-a-segunda-fase-da-receita-4\/\"},\"wordCount\":253,\"commentCount\":0,\"publisher\":{\"@id\":\"https:\/\/www.estrategiaconcursos.com.br\/blog\/#organization\"},\"articleSection\":[\"Concursos P\u00fablicos\"],\"inLanguage\":\"pt-BR\",\"potentialAction\":[{\"@type\":\"CommentAction\",\"name\":\"Comment\",\"target\":[\"https:\/\/www.estrategiaconcursos.com.br\/blog\/aos-companheiros-e-companheiras-de-ti-classificados-para-a-segunda-fase-da-receita-4\/#respond\"]}],\"copyrightYear\":\"2012\",\"copyrightHolder\":{\"@id\":\"https:\/\/www.estrategiaconcursos.com.br\/blog\/#organization\"}},{\"@type\":\"WebPage\",\"@id\":\"https:\/\/www.estrategiaconcursos.com.br\/blog\/aos-companheiros-e-companheiras-de-ti-classificados-para-a-segunda-fase-da-receita-4\/\",\"url\":\"https:\/\/www.estrategiaconcursos.com.br\/blog\/aos-companheiros-e-companheiras-de-ti-classificados-para-a-segunda-fase-da-receita-4\/\",\"name\":\"Aos companheiros e companheiras de TI classificados para a segunda fase da Receita\",\"isPartOf\":{\"@id\":\"https:\/\/www.estrategiaconcursos.com.br\/blog\/#website\"},\"datePublished\":\"2012-10-12T18:23:41+00:00\",\"dateModified\":\"2018-09-28T21:30:14+00:00\",\"breadcrumb\":{\"@id\":\"https:\/\/www.estrategiaconcursos.com.br\/blog\/aos-companheiros-e-companheiras-de-ti-classificados-para-a-segunda-fase-da-receita-4\/#breadcrumb\"},\"inLanguage\":\"pt-BR\",\"potentialAction\":[{\"@type\":\"ReadAction\",\"target\":[\"https:\/\/www.estrategiaconcursos.com.br\/blog\/aos-companheiros-e-companheiras-de-ti-classificados-para-a-segunda-fase-da-receita-4\/\"]}]},{\"@type\":\"BreadcrumbList\",\"@id\":\"https:\/\/www.estrategiaconcursos.com.br\/blog\/aos-companheiros-e-companheiras-de-ti-classificados-para-a-segunda-fase-da-receita-4\/#breadcrumb\",\"itemListElement\":[{\"@type\":\"ListItem\",\"position\":1,\"name\":\"In\u00edcio\",\"item\":\"https:\/\/www.estrategiaconcursos.com.br\/blog\/\"},{\"@type\":\"ListItem\",\"position\":2,\"name\":\"Aos companheiros e companheiras de TI classificados para a segunda fase da Receita\"}]},{\"@type\":\"WebSite\",\"@id\":\"https:\/\/www.estrategiaconcursos.com.br\/blog\/#website\",\"url\":\"https:\/\/www.estrategiaconcursos.com.br\/blog\/\",\"name\":\"Estrat\u00e9gia Concursos\",\"description\":\"O blog da Estrat\u00e9gia Concursos traz not\u00edcias sobre concursos e artigos de professores oferecendo cursos para concursos (pdf + videaulas) no site.\",\"publisher\":{\"@id\":\"https:\/\/www.estrategiaconcursos.com.br\/blog\/#organization\"},\"potentialAction\":[{\"@type\":\"SearchAction\",\"target\":{\"@type\":\"EntryPoint\",\"urlTemplate\":\"https:\/\/www.estrategiaconcursos.com.br\/blog\/?s={search_term_string}\"},\"query-input\":{\"@type\":\"PropertyValueSpecification\",\"valueRequired\":true,\"valueName\":\"search_term_string\"}}],\"inLanguage\":\"pt-BR\"},{\"@type\":\"Organization\",\"@id\":\"https:\/\/www.estrategiaconcursos.com.br\/blog\/#organization\",\"name\":\"Estrat\u00e9gia Concursos\",\"url\":\"https:\/\/www.estrategiaconcursos.com.br\/blog\/\",\"logo\":{\"@type\":\"ImageObject\",\"inLanguage\":\"pt-BR\",\"@id\":\"https:\/\/www.estrategiaconcursos.com.br\/blog\/#\/schema\/logo\/image\/\",\"url\":\"https:\/\/dhg1h5j42swfq.cloudfront.net\/2025\/06\/03203428\/logo_concursos-1.jpg\",\"contentUrl\":\"https:\/\/dhg1h5j42swfq.cloudfront.net\/2025\/06\/03203428\/logo_concursos-1.jpg\",\"width\":230,\"height\":60,\"caption\":\"Estrat\u00e9gia Concursos\"},\"image\":{\"@id\":\"https:\/\/www.estrategiaconcursos.com.br\/blog\/#\/schema\/logo\/image\/\"},\"sameAs\":[\"https:\/\/x.com\/EstratConcursos\"]},{\"@type\":\"Person\",\"@id\":\"https:\/\/www.estrategiaconcursos.com.br\/blog\/#\/schema\/person\/cdad40b5818eb228a838461fcd656da7\",\"name\":\"Coordena\u00e7\u00e3o\",\"image\":{\"@type\":\"ImageObject\",\"inLanguage\":\"pt-BR\",\"@id\":\"https:\/\/secure.gravatar.com\/avatar\/a413b22da0f5009c634f6c4586a2dbe5207074fd5becd88db5183b8069ef25e4?s=96&d=mm&r=g\",\"url\":\"https:\/\/secure.gravatar.com\/avatar\/a413b22da0f5009c634f6c4586a2dbe5207074fd5becd88db5183b8069ef25e4?s=96&d=mm&r=g\",\"contentUrl\":\"https:\/\/secure.gravatar.com\/avatar\/a413b22da0f5009c634f6c4586a2dbe5207074fd5becd88db5183b8069ef25e4?s=96&d=mm&r=g\",\"caption\":\"Coordena\u00e7\u00e3o\"},\"url\":\"https:\/\/www.estrategiaconcursos.com.br\/blog\/author\/contatoestrategiaconcursos-com-br\/\"}]}<\/script>\n<!-- \/ Yoast SEO Premium plugin. -->","yoast_head_json":{"title":"Aos companheiros e companheiras de TI classificados para a segunda fase da Receita","robots":{"index":"index","follow":"follow","max-snippet":"max-snippet:-1","max-image-preview":"max-image-preview:large","max-video-preview":"max-video-preview:-1"},"canonical":"https:\/\/www.estrategiaconcursos.com.br\/blog\/aos-companheiros-e-companheiras-de-ti-classificados-para-a-segunda-fase-da-receita-4\/","og_locale":"pt_BR","og_type":"article","og_title":"Aos companheiros e companheiras de TI classificados para a segunda fase da Receita","og_description":"Ol\u00e1 meus alunos! Estou profundamente feliz em saber que muitos de voc\u00eas est\u00e3o classificados para a segunda fase da Receita Federal. V\u00e1rios, inclusive, com a pontua\u00e7\u00e3o elevada, e bem pr\u00f3ximos da classifica\u00e7\u00e3o efetiva dentro das vagas. Espero que a prepara\u00e7\u00e3o tenha continuado desde o t\u00e9rmino da prova objetiva. Caso n\u00e3o tenham observado, eu escrevi dois [&hellip;]","og_url":"https:\/\/www.estrategiaconcursos.com.br\/blog\/aos-companheiros-e-companheiras-de-ti-classificados-para-a-segunda-fase-da-receita-4\/","og_site_name":"Estrat\u00e9gia Concursos","article_published_time":"2012-10-12T18:23:41+00:00","article_modified_time":"2018-09-28T21:30:14+00:00","author":"Coordena\u00e7\u00e3o","twitter_card":"summary_large_image","twitter_creator":"@EstratConcursos","twitter_site":"@EstratConcursos","twitter_misc":{"Escrito por":"Coordena\u00e7\u00e3o","Est. tempo de leitura":"1 minuto"},"schema":{"@context":"https:\/\/schema.org","@graph":[{"@type":"NewsArticle","@id":"https:\/\/www.estrategiaconcursos.com.br\/blog\/aos-companheiros-e-companheiras-de-ti-classificados-para-a-segunda-fase-da-receita-4\/#article","isPartOf":{"@id":"https:\/\/www.estrategiaconcursos.com.br\/blog\/aos-companheiros-e-companheiras-de-ti-classificados-para-a-segunda-fase-da-receita-4\/"},"author":{"name":"Coordena\u00e7\u00e3o","@id":"https:\/\/www.estrategiaconcursos.com.br\/blog\/#\/schema\/person\/cdad40b5818eb228a838461fcd656da7"},"headline":"Aos companheiros e companheiras de TI classificados para a segunda fase da Receita","datePublished":"2012-10-12T18:23:41+00:00","dateModified":"2018-09-28T21:30:14+00:00","mainEntityOfPage":{"@id":"https:\/\/www.estrategiaconcursos.com.br\/blog\/aos-companheiros-e-companheiras-de-ti-classificados-para-a-segunda-fase-da-receita-4\/"},"wordCount":253,"commentCount":0,"publisher":{"@id":"https:\/\/www.estrategiaconcursos.com.br\/blog\/#organization"},"articleSection":["Concursos P\u00fablicos"],"inLanguage":"pt-BR","potentialAction":[{"@type":"CommentAction","name":"Comment","target":["https:\/\/www.estrategiaconcursos.com.br\/blog\/aos-companheiros-e-companheiras-de-ti-classificados-para-a-segunda-fase-da-receita-4\/#respond"]}],"copyrightYear":"2012","copyrightHolder":{"@id":"https:\/\/www.estrategiaconcursos.com.br\/blog\/#organization"}},{"@type":"WebPage","@id":"https:\/\/www.estrategiaconcursos.com.br\/blog\/aos-companheiros-e-companheiras-de-ti-classificados-para-a-segunda-fase-da-receita-4\/","url":"https:\/\/www.estrategiaconcursos.com.br\/blog\/aos-companheiros-e-companheiras-de-ti-classificados-para-a-segunda-fase-da-receita-4\/","name":"Aos companheiros e companheiras de TI classificados para a segunda fase da Receita","isPartOf":{"@id":"https:\/\/www.estrategiaconcursos.com.br\/blog\/#website"},"datePublished":"2012-10-12T18:23:41+00:00","dateModified":"2018-09-28T21:30:14+00:00","breadcrumb":{"@id":"https:\/\/www.estrategiaconcursos.com.br\/blog\/aos-companheiros-e-companheiras-de-ti-classificados-para-a-segunda-fase-da-receita-4\/#breadcrumb"},"inLanguage":"pt-BR","potentialAction":[{"@type":"ReadAction","target":["https:\/\/www.estrategiaconcursos.com.br\/blog\/aos-companheiros-e-companheiras-de-ti-classificados-para-a-segunda-fase-da-receita-4\/"]}]},{"@type":"BreadcrumbList","@id":"https:\/\/www.estrategiaconcursos.com.br\/blog\/aos-companheiros-e-companheiras-de-ti-classificados-para-a-segunda-fase-da-receita-4\/#breadcrumb","itemListElement":[{"@type":"ListItem","position":1,"name":"In\u00edcio","item":"https:\/\/www.estrategiaconcursos.com.br\/blog\/"},{"@type":"ListItem","position":2,"name":"Aos companheiros e companheiras de TI classificados para a segunda fase da Receita"}]},{"@type":"WebSite","@id":"https:\/\/www.estrategiaconcursos.com.br\/blog\/#website","url":"https:\/\/www.estrategiaconcursos.com.br\/blog\/","name":"Estrat\u00e9gia Concursos","description":"O blog da Estrat\u00e9gia Concursos traz not\u00edcias sobre concursos e artigos de professores oferecendo cursos para concursos (pdf + videaulas) no site.","publisher":{"@id":"https:\/\/www.estrategiaconcursos.com.br\/blog\/#organization"},"potentialAction":[{"@type":"SearchAction","target":{"@type":"EntryPoint","urlTemplate":"https:\/\/www.estrategiaconcursos.com.br\/blog\/?s={search_term_string}"},"query-input":{"@type":"PropertyValueSpecification","valueRequired":true,"valueName":"search_term_string"}}],"inLanguage":"pt-BR"},{"@type":"Organization","@id":"https:\/\/www.estrategiaconcursos.com.br\/blog\/#organization","name":"Estrat\u00e9gia Concursos","url":"https:\/\/www.estrategiaconcursos.com.br\/blog\/","logo":{"@type":"ImageObject","inLanguage":"pt-BR","@id":"https:\/\/www.estrategiaconcursos.com.br\/blog\/#\/schema\/logo\/image\/","url":"https:\/\/dhg1h5j42swfq.cloudfront.net\/2025\/06\/03203428\/logo_concursos-1.jpg","contentUrl":"https:\/\/dhg1h5j42swfq.cloudfront.net\/2025\/06\/03203428\/logo_concursos-1.jpg","width":230,"height":60,"caption":"Estrat\u00e9gia Concursos"},"image":{"@id":"https:\/\/www.estrategiaconcursos.com.br\/blog\/#\/schema\/logo\/image\/"},"sameAs":["https:\/\/x.com\/EstratConcursos"]},{"@type":"Person","@id":"https:\/\/www.estrategiaconcursos.com.br\/blog\/#\/schema\/person\/cdad40b5818eb228a838461fcd656da7","name":"Coordena\u00e7\u00e3o","image":{"@type":"ImageObject","inLanguage":"pt-BR","@id":"https:\/\/secure.gravatar.com\/avatar\/a413b22da0f5009c634f6c4586a2dbe5207074fd5becd88db5183b8069ef25e4?s=96&d=mm&r=g","url":"https:\/\/secure.gravatar.com\/avatar\/a413b22da0f5009c634f6c4586a2dbe5207074fd5becd88db5183b8069ef25e4?s=96&d=mm&r=g","contentUrl":"https:\/\/secure.gravatar.com\/avatar\/a413b22da0f5009c634f6c4586a2dbe5207074fd5becd88db5183b8069ef25e4?s=96&d=mm&r=g","caption":"Coordena\u00e7\u00e3o"},"url":"https:\/\/www.estrategiaconcursos.com.br\/blog\/author\/contatoestrategiaconcursos-com-br\/"}]}},"_links":{"self":[{"href":"https:\/\/www.estrategiaconcursos.com.br\/blog\/wp-json\/wp\/v2\/posts\/9149","targetHints":{"allow":["GET"]}}],"collection":[{"href":"https:\/\/www.estrategiaconcursos.com.br\/blog\/wp-json\/wp\/v2\/posts"}],"about":[{"href":"https:\/\/www.estrategiaconcursos.com.br\/blog\/wp-json\/wp\/v2\/types\/post"}],"author":[{"embeddable":true,"href":"https:\/\/www.estrategiaconcursos.com.br\/blog\/wp-json\/wp\/v2\/users\/48"}],"replies":[{"embeddable":true,"href":"https:\/\/www.estrategiaconcursos.com.br\/blog\/wp-json\/wp\/v2\/comments?post=9149"}],"version-history":[{"count":1,"href":"https:\/\/www.estrategiaconcursos.com.br\/blog\/wp-json\/wp\/v2\/posts\/9149\/revisions"}],"predecessor-version":[{"id":144190,"href":"https:\/\/www.estrategiaconcursos.com.br\/blog\/wp-json\/wp\/v2\/posts\/9149\/revisions\/144190"}],"wp:attachment":[{"href":"https:\/\/www.estrategiaconcursos.com.br\/blog\/wp-json\/wp\/v2\/media?parent=9149"}],"wp:term":[{"taxonomy":"category","embeddable":true,"href":"https:\/\/www.estrategiaconcursos.com.br\/blog\/wp-json\/wp\/v2\/categories?post=9149"},{"taxonomy":"post_tag","embeddable":true,"href":"https:\/\/www.estrategiaconcursos.com.br\/blog\/wp-json\/wp\/v2\/tags?post=9149"},{"taxonomy":"tax_estado","embeddable":true,"href":"https:\/\/www.estrategiaconcursos.com.br\/blog\/wp-json\/wp\/v2\/tax_estado?post=9149"}],"curies":[{"name":"wp","href":"https:\/\/api.w.org\/{rel}","templated":true}]}}