{"id":914362,"date":"2021-11-30T00:00:00","date_gmt":"2021-11-30T03:00:00","guid":{"rendered":"https:\/\/blog-estrategia.mystagingwebsite.com\/blog\/?p=914362"},"modified":"2021-12-01T08:19:52","modified_gmt":"2021-12-01T11:19:52","slug":"pss-semed-ms","status":"publish","type":"post","link":"https:\/\/www.estrategiaconcursos.com.br\/blog\/pss-semed-ms\/","title":{"rendered":"PSS SEMED MS: inscri\u00e7\u00f5es encerradas! Prova em 12\/12"},"content":{"rendered":"\n<p class=\"wp-block-paragraph\"><strong>Est\u00e3o encerradas as inscri\u00e7\u00f5es do PSS SEMED MS.<\/strong> As <strong>provas escritas<\/strong> ser\u00e3o aplicadas na data prov\u00e1vel de <strong>12 de dezembro de 2021<\/strong>. <strong>O edital do PSS SEMED MS oferta<\/strong> vagas para contrata\u00e7\u00e3o tempor\u00e1ria de professores. <\/p>\n\n\n\n<ul class=\"has-pale-cyan-blue-background-color has-background wp-block-list\"><li><strong>PSS SEMED MS <\/strong><\/li><li><strong>Status:<\/strong>\u00a0edital publicado\/inscri\u00e7\u00f5es encerradas<\/li><li><strong>Banca<\/strong>: MS Concursos<\/li><li><strong>Edital: <\/strong><a href=\"https:\/\/dhg1h5j42swfq.cloudfront.net\/2021\/11\/23125144\/eyjjb2rpz29kaweioii3odu2in0_10.pdf\" target=\"_blank\" rel=\"noreferrer noopener nofollow\">Edital SEMED MS 2021<\/a><\/li><\/ul>\n\n\n\n<div class=\"container\" id=\"boxes\">\n  <div class=\"row\">\n\n    <div class=\"col-sm\">\n      <div class=\"banner-estrategia\" id=\"box-assinatura\">\n        <h3 class=\"titulo-assinatura\">PSS SEMED MS<\/h3>\n        <p class=\"subtitulo-assinatura\">Conhe\u00e7a os cursos<\/p>\n        <div class=\"box-botao\">\n          <a class=\"btn-assinatura\" target=\"_blank\" href=\"https:\/\/www.estrategiaconcursos.com.br\/blog\/cursos\/concurso\/\" role=\"button\" rel=\"noopener noreferrer\">Conhe\u00e7a mais<\/a>\n        <\/div>\n      <\/div>\n      <p class=\"texto-auxiliar\">Prepare-se com o melhor material e com quem mais aprova em Concursos P\u00fablicos em todo o pa\u00eds.<\/p>\n    <\/div>\n\n  <\/div>\n<\/div>\n\n\n\n<ul class=\"wp-block-list\" id=\"indice\"><li><strong><a href=\"#atual\">Situa\u00e7\u00e3o atual<\/a><\/strong><ul><li><a href=\"#informacoes\">Principais informa\u00e7\u00f5es<\/a><\/li><\/ul><\/li><li><a href=\"#provas\"><strong>Etapas de Provas<\/strong><\/a><ul><li><a href=\"#inscricoes\">Inscri\u00e7\u00f5es<\/a> <\/li><li><a href=\"#escrita\">Avalia\u00e7\u00e3o escrita<\/a><\/li><li><a href=\"#curricular\">An\u00e1lise curricular<\/a><\/li><\/ul><\/li><li><strong><a href=\"#cursos\">Cursos e assinaturas<\/a><\/strong><\/li><li><strong><a href=\"#ficha-tecnica\">Ficha t\u00e9cnica do concurso<\/a><\/strong><\/li><\/ul>\n\n\n\n<h2 class=\"wp-block-heading\" id=\"atual\">PSS SEMED MS: situa\u00e7\u00e3o atual<\/h2>\n\n\n\n<h3 class=\"wp-block-heading\" id=\"informacoes\">Principais informa\u00e7\u00f5es <\/h3>\n\n\n\n<p class=\"has-very-light-gray-background-color has-background wp-block-paragraph\"><strong>Inscri\u00e7\u00e3o<\/strong>:<s> 24 a 30 de novembro de 2021<\/s><br \/><strong>Homologa\u00e7\u00e3o dos inscritos<\/strong>: 8 de dezembro de 2021<br \/><strong>Provas<\/strong>: 12 de dezembro de 2021<\/p>\n\n\n\n<h2 class=\"wp-block-heading\" id=\"provas\">Etapas de provas do PSS SEMED MS<\/h2>\n\n\n\n<p class=\"wp-block-paragraph\">O processo seletivo para professores tempor\u00e1rios da REME MS ocorrer\u00e1 nas seguintes etapas:<\/p>\n\n\n\n<p class=\"wp-block-paragraph\">a) etapa 1 &#8211; inscri\u00e7\u00e3o on-line, de car\u00e1ter eliminat\u00f3rio;<br \/>b) etapa 2 &#8211; avalia\u00e7\u00e3o escrita, de car\u00e1ter eliminat\u00f3rio<br \/>c) etapa 3 &#8211; an\u00e1lise curricular, de car\u00e1ter classificat\u00f3rio.<\/p>\n\n\n\n<h3 class=\"wp-block-heading\" id=\"inscricoes\">Inscri\u00e7\u00f5es<\/h3>\n\n\n\n<p class=\"wp-block-paragraph\">As inscri\u00e7\u00f5es ser\u00e3o realizadas de 24 de novembro de 2021 at\u00e9 \u00e0s 23h59min do dia 30 de novembro de 2021, conforme hor\u00e1rio oficial de Mato Grosso do Sul. <\/p>\n\n\n\n<p class=\"wp-block-paragraph\">Para realizar a inscri\u00e7\u00e3o, o candidato dever\u00e1 estar ciente de todas as informa\u00e7\u00f5es sobre este processo seletivo.<\/p>\n\n\n\n<p class=\"wp-block-paragraph\">Para efetivar a inscri\u00e7\u00e3o, devem-se realizar os seguintes procedimentos:<br \/>a) acessar o site www.msconcursos.com.br e realizar cadastro;<br \/>b) clicar no link processo seletivo para professores tempor\u00e1rios da REME;<br \/>c) selecionar o link \u201cInscri\u00e7\u00f5es\u201d;<br \/>d) selecionar o componente curricular ou etapa de ensino pretendido, conforme a forma\u00e7\u00e3o acad\u00eamica e quadro constante no anexo II a este Edital;<br \/>f) preencher a ficha de inscri\u00e7\u00e3o;<br \/>g) concordar com as normas deste Edital;<br \/>h) confirmar os dados, os quais devem ser preenchidos corretamente, sob pena de elimina\u00e7\u00e3o do processo seletivo.<\/p>\n\n\n\n<h3 class=\"wp-block-heading\" id=\"escrita\">Avalia\u00e7\u00e3o escrita<\/h3>\n\n\n\n<p class=\"wp-block-paragraph\">O processo seletivo constar\u00e1 de avalia\u00e7\u00f5es escritas objetivas, espec\u00edficas, conforme o componente curricular ou etapa de ensino para o qual o candidato se inscreveu, com a seguinte organiza\u00e7\u00e3o:<\/p>\n\n\n\n<figure class=\"wp-block-table is-style-stripes\"><table class=\"has-fixed-layout\"><tbody><tr><td><strong>AVALIA\u00c7\u00c3O<\/strong><\/td><td><strong>QUANTITATIVO DE QUEST\u00d5ES<\/strong><\/td><td><strong>PESO<\/strong><\/td><td><strong>PONTOS<\/strong><\/td><\/tr><tr><td>Conhecimentos espec\u00edficos<\/td><td>10<\/td><td>4<\/td><td>40<\/td><\/tr><tr><td>Conhecimentos pedag\u00f3gicos e legisla\u00e7\u00e3o<\/td><td>20<\/td><td>2<\/td><td>40<\/td><\/tr><tr><td>L\u00edngua Portuguesa<\/td><td>10<\/td><td>2<\/td><td>20<\/td><\/tr><tr><td><strong>Total<\/strong><\/td><td><strong>40<\/strong><\/td><td><strong>&#8211;<\/strong><\/td><td><strong>100<\/strong><\/td><\/tr><\/tbody><\/table><\/figure>\n\n\n\n<p class=\"wp-block-paragraph\">A dura\u00e7\u00e3o total da avalia\u00e7\u00e3o ser\u00e1 de <strong>tr\u00eas horas<\/strong>.<\/p>\n\n\n\n<h3 class=\"wp-block-heading\" id=\"curricular\">An\u00e1lise curricular<\/h3>\n\n\n\n<figure class=\"wp-block-table is-style-stripes\"><table><tbody><tr><td class=\"has-text-align-center\" data-align=\"center\"><strong> T\u00cdTULO<\/strong><\/td><td class=\"has-text-align-center\" data-align=\"center\"><strong>VALOR UNIT\u00c1RIO<\/strong><\/td><td class=\"has-text-align-center\" data-align=\"center\"><strong>VALOR<\/strong> <strong>M\u00c1XIMO<\/strong><\/td><\/tr><tr><td class=\"has-text-align-center\" data-align=\"center\">Doutorado<\/td><td class=\"has-text-align-center\" data-align=\"center\">3,5<\/td><td class=\"has-text-align-center\" data-align=\"center\">3,5<\/td><\/tr><tr><td class=\"has-text-align-center\" data-align=\"center\">Mestrado<\/td><td class=\"has-text-align-center\" data-align=\"center\">2,5<\/td><td class=\"has-text-align-center\" data-align=\"center\">2,5<\/td><\/tr><tr><td class=\"has-text-align-center\" data-align=\"center\">P\u00f3s-gradua\u00e7\u00e3o<\/td><td class=\"has-text-align-center\" data-align=\"center\">2<\/td><td class=\"has-text-align-center\" data-align=\"center\">2<\/td><\/tr><tr><td class=\"has-text-align-center\" data-align=\"center\">Cursos na \u00e1rea da educa\u00e7\u00e3o<\/td><td class=\"has-text-align-center\" data-align=\"center\">0,5<\/td><td class=\"has-text-align-center\" data-align=\"center\">1,5<\/td><\/tr><tr><td class=\"has-text-align-center\" data-align=\"center\">Ministrante de cursos<\/td><td class=\"has-text-align-center\" data-align=\"center\">0,5<\/td><td class=\"has-text-align-center\" data-align=\"center\">1,0<\/td><\/tr><tr><td class=\"has-text-align-center\" data-align=\"center\">Experi\u00eancia docente na educa\u00e7\u00e3o b\u00e1sica<\/td><td class=\"has-text-align-center\" data-align=\"center\">2,0<\/td><td class=\"has-text-align-center\" data-align=\"center\">2,0<\/td><\/tr><tr><td class=\"has-text-align-center\" data-align=\"center\">Efetivo na REME <\/td><td class=\"has-text-align-center\" data-align=\"center\">2,0<\/td><td class=\"has-text-align-center\" data-align=\"center\">2,0<\/td><\/tr><\/tbody><\/table><\/figure>\n\n\n\n<p class=\"wp-block-paragraph\">A classifica\u00e7\u00e3o dos candidatos ser\u00e1 realizada pela ordem decrescente conforme a nota final obtida no Processo Seletivo. A nota final ser\u00e1 obtida por meio da soma das notas da avalia\u00e7\u00e3o escrita e an\u00e1lise curricular.<\/p>\n\n\n\n<p class=\"wp-block-paragraph\">Na hip\u00f3tese de igualdade de nota final, o desempate dar-se-\u00e1 com observ\u00e2ncia dos seguintes crit\u00e9rios:<br \/>a) maior pontua\u00e7\u00e3o na prova de Conhecimentos Espec\u00edficos;<br \/>b) maior pontua\u00e7\u00e3o na prova de Conhecimentos Pedag\u00f3gicos;<br \/>c) maior pontua\u00e7\u00e3o na prova de L\u00edngua Portuguesa;<br \/>d) maior titula\u00e7\u00e3o na \u00c1rea da Educa\u00e7\u00e3o;<br \/>e) ser efetivo da REME;<br \/>f) maior idade.<\/p>\n\n\n\n<h2 class=\"has-text-align-center wp-block-heading\" id=\"cursos\">Quer saber tudo sobre concursos previstos?<br \/><strong>Confira nossos artigos!<\/strong><\/h2>\n\n\n\n<ul class=\"wp-block-list\"><li><a href=\"https:\/\/www.estrategiaconcursos.com.br\/blog\/concursos-abertos\/\" target=\"_blank\" rel=\"noreferrer noopener\">Concursos abertos<\/a><\/li><li><a href=\"https:\/\/www.estrategiaconcursos.com.br\/blog\/concursos-2021\/\" target=\"_blank\" rel=\"noreferrer noopener\">Concursos 2021<\/a><\/li><li><a href=\"https:\/\/www.estrategiaconcursos.com.br\/blog\/concursos-2022\/\" target=\"_blank\" rel=\"noreferrer noopener\">Concursos 2022<\/a><\/li><\/ul>\n\n\n\n<h2 class=\"has-text-align-center wp-block-heading\" id=\"cursos\"><strong><em>Cursos e assinaturas<\/em><\/strong><\/h2>\n\n\n\n<p class=\"has-text-align-center wp-block-paragraph\"><em><strong>Gostou desta oportunidade e deseja come\u00e7ar se preparar agora mesmo? <\/strong><\/em><br \/><em><strong>Ent\u00e3o, confira os nossos cursos e comece a estudar para o PSS SEMED MS<\/strong><\/em><\/p>\n\n\n\n<div class=\"container\" id=\"boxes\">\n  <div class=\"row\">\n\n    <div class=\"col-sm\">\n      <div class=\"banner-estrategia\" id=\"box-assinatura\">\n        <h3 class=\"titulo-assinatura\">PSS SEMED MS<\/h3>\n        <p class=\"subtitulo-assinatura\">Conhe\u00e7a os cursos<\/p>\n        <div class=\"box-botao\">\n          <a class=\"btn-assinatura\" target=\"_blank\" href=\"https:\/\/www.estrategiaconcursos.com.br\/blog\/cursos\/concurso\/\" role=\"button\" rel=\"noopener noreferrer\">Conhe\u00e7a mais<\/a>\n        <\/div>\n      <\/div>\n      <p class=\"texto-auxiliar\">Prepare-se com o melhor material e com quem mais aprova em Concursos P\u00fablicos em todo o pa\u00eds.<\/p>\n    <\/div>\n\n  <\/div>\n<\/div>\n\n\n\n<div class=\"container\" id=\"boxes\">\n  <div class=\"row\">\n\n    <div class=\"col-sm\">\n      <div class=\"estrategia\" id=\"box-assinatura\">\n        <h3 class=\"titulo-assinatura\">Assinatura Concursos<\/h3>\n        <p class=\"subtitulo-assinatura\">Assinatura de 1 ano ou 2 anos<\/p>\n        <div class=\"box-botao\">\n          <a class=\"btn-assinatura\" target=\"_blank\" href=\"https:\/\/www.estrategiaconcursos.com.br\/blog\/assinaturas\/\" role=\"button\" rel=\"noopener noreferrer\">ASSINE AGORA<\/a>\n        <\/div>\n      <\/div>\n     \n    <\/div><\/div><\/div>\n\n\n\n<figure class=\"wp-block-image size-large is-resized\"><img loading=\"lazy\" decoding=\"async\" src=\"https:\/\/www.estrategiaconcursos.com.br\/blog\/wp-content\/uploads\/2021\/03\/ficha-tecnica-1-3-1024x632.png\" alt=\"\" class=\"wp-image-705057\" width=\"176\" height=\"109\" srcset=\"https:\/\/dhg1h5j42swfq.cloudfront.net\/2021\/03\/31093931\/ficha-tecnica-1-3-1024x632.png 1024w, https:\/\/dhg1h5j42swfq.cloudfront.net\/2021\/03\/31093931\/ficha-tecnica-1-3-300x185.png 300w, https:\/\/dhg1h5j42swfq.cloudfront.net\/2021\/03\/31093931\/ficha-tecnica-1-3-768x474.png 768w, https:\/\/dhg1h5j42swfq.cloudfront.net\/2021\/03\/31093931\/ficha-tecnica-1-3-1536x948.png 1536w, https:\/\/dhg1h5j42swfq.cloudfront.net\/2021\/03\/31093931\/ficha-tecnica-1-3-610x377.png 610w, https:\/\/dhg1h5j42swfq.cloudfront.net\/2021\/03\/31093931\/ficha-tecnica-1-3.png 1571w\" sizes=\"auto, (max-width: 176px) 100vw, 176px\" \/><\/figure>\n\n\n\n<h3 class=\"wp-block-heading\" id=\"ficha-tecnica\">Informa\u00e7\u00f5es sobre o PSS SEMED MS <\/h3>\n\n\n\n<p class=\"wp-block-paragraph\">\u25ba<strong>Data da prova<\/strong>: 12\/12\/2021<br \/>\u25ba<strong>Cargos:<\/strong>&nbsp;Professor <br \/>\u25ba<strong>Banca<\/strong>: MS Concursos <br \/>\u25ba<strong>Edital:&nbsp;<\/strong><a style=\"font-size: revert;\" href=\"https:\/\/dhg1h5j42swfq.cloudfront.net\/2021\/11\/23125144\/eyjjb2rpz29kaweioii3odu2in0_10.pdf\" target=\"_blank\" rel=\"noreferrer noopener nofollow\">Edital SEMED MS 2021<\/a> <\/p>\n","protected":false},"excerpt":{"rendered":"<p>Est\u00e3o encerradas as inscri\u00e7\u00f5es do PSS SEMED MS. As provas escritas ser\u00e3o aplicadas na data prov\u00e1vel de 12 de dezembro de 2021. O edital do PSS SEMED MS oferta vagas para contrata\u00e7\u00e3o tempor\u00e1ria de professores. PSS SEMED MS Status:\u00a0edital publicado\/inscri\u00e7\u00f5es encerradas Banca: MS Concursos Edital: Edital SEMED MS 2021 PSS SEMED MS Conhe\u00e7a os cursos [&hellip;]<\/p>\n","protected":false},"author":1,"featured_media":914389,"comment_status":"open","ping_status":"closed","sticky":false,"template":"","format":"standard","meta":{"_acf_changed":false,"post_tipo":"news","footnotes":""},"categories":[3766],"tags":[],"tax_estado":[219975],"class_list":["post-914362","post","type-post","status-publish","format-standard","has-post-thumbnail","hentry","category-educacional","tax_estado-ms"],"acf":[],"yoast_head":"<!-- This site is optimized with the Yoast SEO Premium plugin v28.1 (Yoast SEO v28.1) - https:\/\/yoast.com\/product\/yoast-seo-premium-wordpress\/ -->\n<title>PSS SEMED MS: inscri\u00e7\u00f5es encerradas! Prova em 12\/12<\/title>\n<meta name=\"description\" content=\"PSS SEMED MS: inscri\u00e7\u00f5es encerradas! Vagas para professores tempor\u00e1rios com provas escritas previstas para serem realizadas em 12 de dezembro!\" \/>\n<meta name=\"robots\" content=\"index, follow, max-snippet:-1, max-image-preview:large, max-video-preview:-1\" \/>\n<link rel=\"canonical\" href=\"https:\/\/www.estrategiaconcursos.com.br\/blog\/pss-semed-ms\/\" \/>\n<meta property=\"og:locale\" content=\"pt_BR\" \/>\n<meta property=\"og:type\" content=\"article\" \/>\n<meta property=\"og:title\" content=\"PSS SEMED MS: inscri\u00e7\u00f5es encerradas! Prova em 12\/12\" \/>\n<meta property=\"og:description\" content=\"PSS SEMED MS: inscri\u00e7\u00f5es encerradas! Vagas para professores tempor\u00e1rios com provas escritas previstas para serem realizadas em 12 de dezembro!\" \/>\n<meta property=\"og:url\" content=\"https:\/\/www.estrategiaconcursos.com.br\/blog\/pss-semed-ms\/\" \/>\n<meta property=\"og:site_name\" content=\"Estrat\u00e9gia Concursos\" \/>\n<meta property=\"article:author\" content=\"https:\/\/www.facebook.com\/EstrategiaConcursos\" \/>\n<meta property=\"article:published_time\" content=\"2021-11-30T03:00:00+00:00\" \/>\n<meta property=\"article:modified_time\" content=\"2021-12-01T11:19:52+00:00\" \/>\n<meta property=\"og:image\" content=\"https:\/\/dhg1h5j42swfq.cloudfront.net\/2021\/11\/23123827\/4q0fmug33vfi.jpg\" \/>\n\t<meta property=\"og:image:width\" content=\"640\" \/>\n\t<meta property=\"og:image:height\" content=\"505\" \/>\n\t<meta property=\"og:image:type\" content=\"image\/jpeg\" \/>\n<meta name=\"author\" content=\"Coordena\u00e7\u00e3o\" \/>\n<meta name=\"twitter:card\" content=\"summary_large_image\" \/>\n<meta name=\"twitter:creator\" content=\"@EstratConcursos\" \/>\n<meta name=\"twitter:site\" content=\"@EstratConcursos\" \/>\n<meta name=\"twitter:label1\" content=\"Escrito por\" \/>\n\t<meta name=\"twitter:data1\" content=\"Coordena\u00e7\u00e3o\" \/>\n\t<meta name=\"twitter:label2\" content=\"Est. tempo de leitura\" \/>\n\t<meta name=\"twitter:data2\" content=\"3 minutos\" \/>\n<script type=\"application\/ld+json\" class=\"yoast-schema-graph\">{\"@context\":\"https:\\\/\\\/schema.org\",\"@graph\":[{\"@type\":\"NewsArticle\",\"@id\":\"https:\\\/\\\/www.estrategiaconcursos.com.br\\\/blog\\\/pss-semed-ms\\\/#article\",\"isPartOf\":{\"@id\":\"https:\\\/\\\/www.estrategiaconcursos.com.br\\\/blog\\\/pss-semed-ms\\\/\"},\"author\":{\"name\":\"Coordena\u00e7\u00e3o\",\"@id\":\"https:\\\/\\\/blog-estrategia.mystagingwebsite.com\\\/#\\\/schema\\\/person\\\/b4a388c97673c5f483d72185668afa1f\"},\"headline\":\"PSS SEMED MS: inscri\u00e7\u00f5es encerradas! Prova em 12\\\/12\",\"datePublished\":\"2021-11-30T03:00:00+00:00\",\"dateModified\":\"2021-12-01T11:19:52+00:00\",\"mainEntityOfPage\":{\"@id\":\"https:\\\/\\\/www.estrategiaconcursos.com.br\\\/blog\\\/pss-semed-ms\\\/\"},\"wordCount\":648,\"commentCount\":0,\"publisher\":{\"@id\":\"https:\\\/\\\/blog-estrategia.mystagingwebsite.com\\\/#organization\"},\"image\":{\"@id\":\"https:\\\/\\\/www.estrategiaconcursos.com.br\\\/blog\\\/pss-semed-ms\\\/#primaryimage\"},\"thumbnailUrl\":\"https:\\\/\\\/dhg1h5j42swfq.cloudfront.net\\\/2021\\\/11\\\/23123827\\\/4q0fmug33vfi.jpg\",\"articleSection\":[\"Educa\u00e7\u00e3o\"],\"inLanguage\":\"pt-BR\",\"potentialAction\":[{\"@type\":\"CommentAction\",\"name\":\"Comment\",\"target\":[\"https:\\\/\\\/www.estrategiaconcursos.com.br\\\/blog\\\/pss-semed-ms\\\/#respond\"]}],\"copyrightYear\":\"2021\",\"copyrightHolder\":{\"@id\":\"https:\\\/\\\/www.estrategiaconcursos.com.br\\\/blog\\\/#organization\"}},{\"@type\":\"WebPage\",\"@id\":\"https:\\\/\\\/www.estrategiaconcursos.com.br\\\/blog\\\/pss-semed-ms\\\/\",\"url\":\"https:\\\/\\\/www.estrategiaconcursos.com.br\\\/blog\\\/pss-semed-ms\\\/\",\"name\":\"PSS SEMED MS: inscri\u00e7\u00f5es encerradas! Prova em 12\\\/12\",\"isPartOf\":{\"@id\":\"https:\\\/\\\/blog-estrategia.mystagingwebsite.com\\\/#website\"},\"primaryImageOfPage\":{\"@id\":\"https:\\\/\\\/www.estrategiaconcursos.com.br\\\/blog\\\/pss-semed-ms\\\/#primaryimage\"},\"image\":{\"@id\":\"https:\\\/\\\/www.estrategiaconcursos.com.br\\\/blog\\\/pss-semed-ms\\\/#primaryimage\"},\"thumbnailUrl\":\"https:\\\/\\\/dhg1h5j42swfq.cloudfront.net\\\/2021\\\/11\\\/23123827\\\/4q0fmug33vfi.jpg\",\"datePublished\":\"2021-11-30T03:00:00+00:00\",\"dateModified\":\"2021-12-01T11:19:52+00:00\",\"description\":\"PSS SEMED MS: inscri\u00e7\u00f5es encerradas! Vagas para professores tempor\u00e1rios com provas escritas previstas para serem realizadas em 12 de dezembro!\",\"breadcrumb\":{\"@id\":\"https:\\\/\\\/www.estrategiaconcursos.com.br\\\/blog\\\/pss-semed-ms\\\/#breadcrumb\"},\"inLanguage\":\"pt-BR\",\"potentialAction\":[{\"@type\":\"ReadAction\",\"target\":[\"https:\\\/\\\/www.estrategiaconcursos.com.br\\\/blog\\\/pss-semed-ms\\\/\"]}]},{\"@type\":\"ImageObject\",\"inLanguage\":\"pt-BR\",\"@id\":\"https:\\\/\\\/www.estrategiaconcursos.com.br\\\/blog\\\/pss-semed-ms\\\/#primaryimage\",\"url\":\"https:\\\/\\\/dhg1h5j42swfq.cloudfront.net\\\/2021\\\/11\\\/23123827\\\/4q0fmug33vfi.jpg\",\"contentUrl\":\"https:\\\/\\\/dhg1h5j42swfq.cloudfront.net\\\/2021\\\/11\\\/23123827\\\/4q0fmug33vfi.jpg\",\"width\":640,\"height\":505,\"caption\":\"PSS SEMED MS\"},{\"@type\":\"BreadcrumbList\",\"@id\":\"https:\\\/\\\/www.estrategiaconcursos.com.br\\\/blog\\\/pss-semed-ms\\\/#breadcrumb\",\"itemListElement\":[{\"@type\":\"ListItem\",\"position\":1,\"name\":\"In\u00edcio\",\"item\":\"https:\\\/\\\/blog-estrategia.mystagingwebsite.com\\\/\"},{\"@type\":\"ListItem\",\"position\":2,\"name\":\"PSS SEMED MS: inscri\u00e7\u00f5es encerradas! Prova em 12\\\/12\"}]},{\"@type\":\"WebSite\",\"@id\":\"https:\\\/\\\/blog-estrategia.mystagingwebsite.com\\\/#website\",\"url\":\"https:\\\/\\\/blog-estrategia.mystagingwebsite.com\\\/\",\"name\":\"Estrat\u00e9gia Concursos\",\"description\":\"O blog da Estrat\u00e9gia Concursos traz not\u00edcias sobre concursos e artigos de professores oferecendo cursos para concursos (pdf + videaulas) no site.\",\"publisher\":{\"@id\":\"https:\\\/\\\/blog-estrategia.mystagingwebsite.com\\\/#organization\"},\"potentialAction\":[{\"@type\":\"SearchAction\",\"target\":{\"@type\":\"EntryPoint\",\"urlTemplate\":\"https:\\\/\\\/blog-estrategia.mystagingwebsite.com\\\/?s={search_term_string}\"},\"query-input\":{\"@type\":\"PropertyValueSpecification\",\"valueRequired\":true,\"valueName\":\"search_term_string\"}}],\"inLanguage\":\"pt-BR\"},{\"@type\":\"Organization\",\"@id\":\"https:\\\/\\\/blog-estrategia.mystagingwebsite.com\\\/#organization\",\"name\":\"Estrat\u00e9gia Concursos\",\"url\":\"https:\\\/\\\/blog-estrategia.mystagingwebsite.com\\\/\",\"logo\":{\"@type\":\"ImageObject\",\"inLanguage\":\"pt-BR\",\"@id\":\"https:\\\/\\\/blog-estrategia.mystagingwebsite.com\\\/#\\\/schema\\\/logo\\\/image\\\/\",\"url\":\"https:\\\/\\\/dhg1h5j42swfq.cloudfront.net\\\/2025\\\/06\\\/03203428\\\/logo_concursos-1.jpg\",\"contentUrl\":\"https:\\\/\\\/dhg1h5j42swfq.cloudfront.net\\\/2025\\\/06\\\/03203428\\\/logo_concursos-1.jpg\",\"width\":230,\"height\":60,\"caption\":\"Estrat\u00e9gia Concursos\"},\"image\":{\"@id\":\"https:\\\/\\\/blog-estrategia.mystagingwebsite.com\\\/#\\\/schema\\\/logo\\\/image\\\/\"},\"sameAs\":[\"https:\\\/\\\/x.com\\\/EstratConcursos\"]},{\"@type\":\"Person\",\"@id\":\"https:\\\/\\\/blog-estrategia.mystagingwebsite.com\\\/#\\\/schema\\\/person\\\/b4a388c97673c5f483d72185668afa1f\",\"name\":\"Coordena\u00e7\u00e3o\",\"image\":{\"@type\":\"ImageObject\",\"inLanguage\":\"pt-BR\",\"@id\":\"https:\\\/\\\/secure.gravatar.com\\\/avatar\\\/b720319e4c9a967eb58678d110f4fe35452fc5d5f97b202bac7b8acceb18c6ad?s=96&d=mm&r=g\",\"url\":\"https:\\\/\\\/secure.gravatar.com\\\/avatar\\\/b720319e4c9a967eb58678d110f4fe35452fc5d5f97b202bac7b8acceb18c6ad?s=96&d=mm&r=g\",\"contentUrl\":\"https:\\\/\\\/secure.gravatar.com\\\/avatar\\\/b720319e4c9a967eb58678d110f4fe35452fc5d5f97b202bac7b8acceb18c6ad?s=96&d=mm&r=g\",\"caption\":\"Coordena\u00e7\u00e3o\"},\"sameAs\":[\"https:\\\/\\\/www.facebook.com\\\/EstrategiaConcursos\",\"https:\\\/\\\/x.com\\\/EstratConcursos\"],\"url\":\"https:\\\/\\\/www.estrategiaconcursos.com.br\\\/blog\\\/author\\\/estrategia2013\\\/\"}]}<\/script>\n<!-- \/ Yoast SEO Premium plugin. -->","yoast_head_json":{"title":"PSS SEMED MS: inscri\u00e7\u00f5es encerradas! Prova em 12\/12","description":"PSS SEMED MS: inscri\u00e7\u00f5es encerradas! Vagas para professores tempor\u00e1rios com provas escritas previstas para serem realizadas em 12 de dezembro!","robots":{"index":"index","follow":"follow","max-snippet":"max-snippet:-1","max-image-preview":"max-image-preview:large","max-video-preview":"max-video-preview:-1"},"canonical":"https:\/\/www.estrategiaconcursos.com.br\/blog\/pss-semed-ms\/","og_locale":"pt_BR","og_type":"article","og_title":"PSS SEMED MS: inscri\u00e7\u00f5es encerradas! Prova em 12\/12","og_description":"PSS SEMED MS: inscri\u00e7\u00f5es encerradas! Vagas para professores tempor\u00e1rios com provas escritas previstas para serem realizadas em 12 de dezembro!","og_url":"https:\/\/www.estrategiaconcursos.com.br\/blog\/pss-semed-ms\/","og_site_name":"Estrat\u00e9gia Concursos","article_author":"https:\/\/www.facebook.com\/EstrategiaConcursos","article_published_time":"2021-11-30T03:00:00+00:00","article_modified_time":"2021-12-01T11:19:52+00:00","og_image":[{"width":640,"height":505,"url":"https:\/\/dhg1h5j42swfq.cloudfront.net\/2021\/11\/23123827\/4q0fmug33vfi.jpg","type":"image\/jpeg"}],"author":"Coordena\u00e7\u00e3o","twitter_card":"summary_large_image","twitter_creator":"@EstratConcursos","twitter_site":"@EstratConcursos","twitter_misc":{"Escrito por":"Coordena\u00e7\u00e3o","Est. tempo de leitura":"3 minutos"},"schema":{"@context":"https:\/\/schema.org","@graph":[{"@type":"NewsArticle","@id":"https:\/\/www.estrategiaconcursos.com.br\/blog\/pss-semed-ms\/#article","isPartOf":{"@id":"https:\/\/www.estrategiaconcursos.com.br\/blog\/pss-semed-ms\/"},"author":{"name":"Coordena\u00e7\u00e3o","@id":"https:\/\/blog-estrategia.mystagingwebsite.com\/#\/schema\/person\/b4a388c97673c5f483d72185668afa1f"},"headline":"PSS SEMED MS: inscri\u00e7\u00f5es encerradas! Prova em 12\/12","datePublished":"2021-11-30T03:00:00+00:00","dateModified":"2021-12-01T11:19:52+00:00","mainEntityOfPage":{"@id":"https:\/\/www.estrategiaconcursos.com.br\/blog\/pss-semed-ms\/"},"wordCount":648,"commentCount":0,"publisher":{"@id":"https:\/\/blog-estrategia.mystagingwebsite.com\/#organization"},"image":{"@id":"https:\/\/www.estrategiaconcursos.com.br\/blog\/pss-semed-ms\/#primaryimage"},"thumbnailUrl":"https:\/\/dhg1h5j42swfq.cloudfront.net\/2021\/11\/23123827\/4q0fmug33vfi.jpg","articleSection":["Educa\u00e7\u00e3o"],"inLanguage":"pt-BR","potentialAction":[{"@type":"CommentAction","name":"Comment","target":["https:\/\/www.estrategiaconcursos.com.br\/blog\/pss-semed-ms\/#respond"]}],"copyrightYear":"2021","copyrightHolder":{"@id":"https:\/\/www.estrategiaconcursos.com.br\/blog\/#organization"}},{"@type":"WebPage","@id":"https:\/\/www.estrategiaconcursos.com.br\/blog\/pss-semed-ms\/","url":"https:\/\/www.estrategiaconcursos.com.br\/blog\/pss-semed-ms\/","name":"PSS SEMED MS: inscri\u00e7\u00f5es encerradas! Prova em 12\/12","isPartOf":{"@id":"https:\/\/blog-estrategia.mystagingwebsite.com\/#website"},"primaryImageOfPage":{"@id":"https:\/\/www.estrategiaconcursos.com.br\/blog\/pss-semed-ms\/#primaryimage"},"image":{"@id":"https:\/\/www.estrategiaconcursos.com.br\/blog\/pss-semed-ms\/#primaryimage"},"thumbnailUrl":"https:\/\/dhg1h5j42swfq.cloudfront.net\/2021\/11\/23123827\/4q0fmug33vfi.jpg","datePublished":"2021-11-30T03:00:00+00:00","dateModified":"2021-12-01T11:19:52+00:00","description":"PSS SEMED MS: inscri\u00e7\u00f5es encerradas! Vagas para professores tempor\u00e1rios com provas escritas previstas para serem realizadas em 12 de dezembro!","breadcrumb":{"@id":"https:\/\/www.estrategiaconcursos.com.br\/blog\/pss-semed-ms\/#breadcrumb"},"inLanguage":"pt-BR","potentialAction":[{"@type":"ReadAction","target":["https:\/\/www.estrategiaconcursos.com.br\/blog\/pss-semed-ms\/"]}]},{"@type":"ImageObject","inLanguage":"pt-BR","@id":"https:\/\/www.estrategiaconcursos.com.br\/blog\/pss-semed-ms\/#primaryimage","url":"https:\/\/dhg1h5j42swfq.cloudfront.net\/2021\/11\/23123827\/4q0fmug33vfi.jpg","contentUrl":"https:\/\/dhg1h5j42swfq.cloudfront.net\/2021\/11\/23123827\/4q0fmug33vfi.jpg","width":640,"height":505,"caption":"PSS SEMED MS"},{"@type":"BreadcrumbList","@id":"https:\/\/www.estrategiaconcursos.com.br\/blog\/pss-semed-ms\/#breadcrumb","itemListElement":[{"@type":"ListItem","position":1,"name":"In\u00edcio","item":"https:\/\/blog-estrategia.mystagingwebsite.com\/"},{"@type":"ListItem","position":2,"name":"PSS SEMED MS: inscri\u00e7\u00f5es encerradas! Prova em 12\/12"}]},{"@type":"WebSite","@id":"https:\/\/blog-estrategia.mystagingwebsite.com\/#website","url":"https:\/\/blog-estrategia.mystagingwebsite.com\/","name":"Estrat\u00e9gia Concursos","description":"O blog da Estrat\u00e9gia Concursos traz not\u00edcias sobre concursos e artigos de professores oferecendo cursos para concursos (pdf + videaulas) no site.","publisher":{"@id":"https:\/\/blog-estrategia.mystagingwebsite.com\/#organization"},"potentialAction":[{"@type":"SearchAction","target":{"@type":"EntryPoint","urlTemplate":"https:\/\/blog-estrategia.mystagingwebsite.com\/?s={search_term_string}"},"query-input":{"@type":"PropertyValueSpecification","valueRequired":true,"valueName":"search_term_string"}}],"inLanguage":"pt-BR"},{"@type":"Organization","@id":"https:\/\/blog-estrategia.mystagingwebsite.com\/#organization","name":"Estrat\u00e9gia Concursos","url":"https:\/\/blog-estrategia.mystagingwebsite.com\/","logo":{"@type":"ImageObject","inLanguage":"pt-BR","@id":"https:\/\/blog-estrategia.mystagingwebsite.com\/#\/schema\/logo\/image\/","url":"https:\/\/dhg1h5j42swfq.cloudfront.net\/2025\/06\/03203428\/logo_concursos-1.jpg","contentUrl":"https:\/\/dhg1h5j42swfq.cloudfront.net\/2025\/06\/03203428\/logo_concursos-1.jpg","width":230,"height":60,"caption":"Estrat\u00e9gia Concursos"},"image":{"@id":"https:\/\/blog-estrategia.mystagingwebsite.com\/#\/schema\/logo\/image\/"},"sameAs":["https:\/\/x.com\/EstratConcursos"]},{"@type":"Person","@id":"https:\/\/blog-estrategia.mystagingwebsite.com\/#\/schema\/person\/b4a388c97673c5f483d72185668afa1f","name":"Coordena\u00e7\u00e3o","image":{"@type":"ImageObject","inLanguage":"pt-BR","@id":"https:\/\/secure.gravatar.com\/avatar\/b720319e4c9a967eb58678d110f4fe35452fc5d5f97b202bac7b8acceb18c6ad?s=96&d=mm&r=g","url":"https:\/\/secure.gravatar.com\/avatar\/b720319e4c9a967eb58678d110f4fe35452fc5d5f97b202bac7b8acceb18c6ad?s=96&d=mm&r=g","contentUrl":"https:\/\/secure.gravatar.com\/avatar\/b720319e4c9a967eb58678d110f4fe35452fc5d5f97b202bac7b8acceb18c6ad?s=96&d=mm&r=g","caption":"Coordena\u00e7\u00e3o"},"sameAs":["https:\/\/www.facebook.com\/EstrategiaConcursos","https:\/\/x.com\/EstratConcursos"],"url":"https:\/\/www.estrategiaconcursos.com.br\/blog\/author\/estrategia2013\/"}]}},"_links":{"self":[{"href":"https:\/\/www.estrategiaconcursos.com.br\/blog\/wp-json\/wp\/v2\/posts\/914362","targetHints":{"allow":["GET"]}}],"collection":[{"href":"https:\/\/www.estrategiaconcursos.com.br\/blog\/wp-json\/wp\/v2\/posts"}],"about":[{"href":"https:\/\/www.estrategiaconcursos.com.br\/blog\/wp-json\/wp\/v2\/types\/post"}],"author":[{"embeddable":true,"href":"https:\/\/www.estrategiaconcursos.com.br\/blog\/wp-json\/wp\/v2\/users\/1"}],"replies":[{"embeddable":true,"href":"https:\/\/www.estrategiaconcursos.com.br\/blog\/wp-json\/wp\/v2\/comments?post=914362"}],"version-history":[{"count":0,"href":"https:\/\/www.estrategiaconcursos.com.br\/blog\/wp-json\/wp\/v2\/posts\/914362\/revisions"}],"wp:featuredmedia":[{"embeddable":true,"href":"https:\/\/www.estrategiaconcursos.com.br\/blog\/wp-json\/wp\/v2\/media\/914389"}],"wp:attachment":[{"href":"https:\/\/www.estrategiaconcursos.com.br\/blog\/wp-json\/wp\/v2\/media?parent=914362"}],"wp:term":[{"taxonomy":"category","embeddable":true,"href":"https:\/\/www.estrategiaconcursos.com.br\/blog\/wp-json\/wp\/v2\/categories?post=914362"},{"taxonomy":"post_tag","embeddable":true,"href":"https:\/\/www.estrategiaconcursos.com.br\/blog\/wp-json\/wp\/v2\/tags?post=914362"},{"taxonomy":"tax_estado","embeddable":true,"href":"https:\/\/www.estrategiaconcursos.com.br\/blog\/wp-json\/wp\/v2\/tax_estado?post=914362"}],"curies":[{"name":"wp","href":"https:\/\/api.w.org\/{rel}","templated":true}]}}