{"id":912696,"date":"2021-11-22T09:00:00","date_gmt":"2021-11-22T12:00:00","guid":{"rendered":"https:\/\/www.estrategiaconcursos.com.br\/blog\/?p=912696"},"modified":"2021-11-26T19:09:09","modified_gmt":"2021-11-26T22:09:09","slug":"carta-aos-assinantes-056","status":"publish","type":"post","link":"https:\/\/www.estrategiaconcursos.com.br\/blog\/carta-aos-assinantes-056\/","title":{"rendered":"Carta aos Assinantes do Estrat\u00e9gia Concursos &#8211; 056"},"content":{"rendered":"\n<p class=\"has-text-align-right has-luminous-vivid-amber-background-color has-background\"><em>Confira, em nossa <strong>quinquag\u00e9sima sexta carta aos assinantes<\/strong>, a nossa programa\u00e7\u00e3o semanal, as novidades do nosso Sistema de Quest\u00f5es e as principais movimenta\u00e7\u00f5es de concursos.<\/em><\/p>\n\n\n\n<p>Ol\u00e1, pessoal. Tudo bem?<\/p>\n\n\n\n<p><strong>Prof. Diego Cerqueira <\/strong>por aqui, em nossa <strong><span class=\"has-inline-color has-vivid-purple-color\">quinquag\u00e9sima sexta carta aos Assinantes<\/span><\/strong> do Estrat\u00e9gia Concursos.<\/p>\n\n\n\n<p>Gostaria de iniciar essa carta com um recado especial aos alunos que est\u00e3o se preparando para o concurso do TJ RJ. Na \u00faltima semana demos in\u00edcio ao <strong><span class=\"has-inline-color has-vivid-purple-color\">Sprint Final TJ RJ | O Caminho da Aprova\u00e7\u00e3o<\/span><\/strong>. Trata-se de uma verdadeira jornada, que se iniciou no \u00faltimo <strong>dia 18\/11 e vai at\u00e9 o dia 05\/12<\/strong>. Reunimos os nossos melhores professores e eles v\u00e3o guiar voc\u00ea at\u00e9 o dia da prova! Ser\u00e3o diversos eventos, entre <strong>simulados, Hora da Verdade, Revis\u00e3o Antecipada, Apostas Finais, Revis\u00f5es de V\u00e9spera<\/strong>, al\u00e9m do nosso tradicional <strong>Gabarito Extraoficial<\/strong>. Al\u00e9m disso, ser\u00e3o disponibilizados <strong>artigos comentados, e-books e materiais gratuitos<\/strong> para auxiliar voc\u00ea na prepara\u00e7\u00e3o nessa reta final.<\/p>\n\n\n\n<p><em>Inscreva-se na \u00c1rea do Candidato e fique por dentro de tudo que estamos preparando.<\/em><\/p>\n\n\n\n<p class=\"has-text-align-center has-pale-cyan-blue-background-color has-background\"><a href=\"https:\/\/gratis.estrategiaconcursos.com.br\/area-do-candidato-tj-rj\/\">\u00c1REA DO CANDIDATO TJ RJ<\/a><\/p>\n\n\n\n<p><em>Agora, vamos conferir os principais eventos que est\u00e3o programados para a semana?<\/em><\/p>\n\n\n\n<h2 class=\"wp-block-heading\" id=\"block-4e630988-3107-4743-a323-28e776d8b4ad\"><strong>Programa\u00e7\u00e3o Semanal<\/strong> &#8211; Carta aos Assinantes<\/h2>\n\n\n\n<p id=\"block-6d01e560-d5a2-4aae-8daf-5fa1c6a245e0\"><strong><span class=\"has-inline-color has-vivid-purple-color\">1. <strong>SIMULADOS<\/strong><\/span><\/strong><\/p>\n\n\n\n<ul class=\"wp-block-list\"><li><strong>Simulado Final TJ RJ \u2013 T\u00e9cnico de Atividade Judici\u00e1ria \u2013 P\u00f3s-Edital &nbsp;\u2013 <\/strong>27 de novembro (<a href=\"https:\/\/gratis.estrategiaconcursos.com.br\/area-do-candidato-tj-rj\/\">Participe<\/a>)<\/li><li><strong>3\u00ba Simulado TJ GO \u2013 Analista Judici\u00e1rio \u2013 Apoio Judici\u00e1rio e Administrativo &#8211; P\u00f3s-Edital&nbsp;\u2013 <\/strong>27 de novembro (<a href=\"https:\/\/gratis.estrategiaconcursos.com.br\/area-do-candidato-tj-go\/\">Participe<\/a>)<\/li><li><strong>3\u00ba Simulado SEFAZ-SC &#8211; P\u00f3s-Edital \u2013 <\/strong>27 de novembro (<a href=\"https:\/\/gratis.estrategiaconcursos.com.br\/area-do-candidato-sefaz-sc\/\">Participe<\/a>)<\/li><li><strong>4\u00ba Simulado PCERJ &#8211; Inspetor e Investigador &#8211; P\u00f3s-Edital \u2013 <\/strong>27 de novembro (<a href=\"https:\/\/gratis.estrategiaconcursos.com.br\/area-do-candidato-pcerj\/\">Participe<\/a>)<\/li><li><strong>Simulado Final TJ RJ \u2013 Analista Judici\u00e1rio: sem especialidade &#8211; P\u00f3s-Edital \u2013 <\/strong>27 de novembro (<a href=\"https:\/\/gratis.estrategiaconcursos.com.br\/area-do-candidato-tj-rj\/\">Participe<\/a>)<\/li><li><strong>Simulado Final TJ RJ \u2013 Analista Judici\u00e1rio: Analista Judici\u00e1rio &#8211; Execu\u00e7\u00e3o de mandados &#8211; P\u00f3s-Edital \u2013 <\/strong>27 de novembro (<a href=\"https:\/\/gratis.estrategiaconcursos.com.br\/area-do-candidato-tj-rj\/\">Participe<\/a>)<\/li><li><strong>1\u00ba Simulado ISS BH \u2013 Auditor Fiscal de Tributos Municipais &#8211; P\u00f3s-Edital \u2013 <\/strong>27 de novembro (<a href=\"https:\/\/gratis.estrategiaconcursos.com.br\/simulado-iss-bh-auditor-fiscal-tributos-municipais\/\">Participe<\/a>)<\/li><li><strong>2\u00ba Simulado do SQ para PC MG (Cargos: Investigador e Escriv\u00e3o) \u2013 <\/strong>27 de novembro (<a href=\"https:\/\/gratis.estrategiaconcursos.com.br\/area-do-candidato-pc-mg\/\">Participe<\/a>)<\/li><li><strong>Simulado III &#8211; 2\u00aa Fase OAB &#8211; XXXIII Exame [OAB] \u2013 <\/strong>27 de novembro (<a href=\"https:\/\/gratis.estrategiaconcursos.com.br\/xxxiii-exame-da-oab-2-fase\/\">Participe<\/a>)<\/li><\/ul>\n\n\n\n<p id=\"block-2461c527-d3b5-41c2-95eb-35e35a7ea148\"><span class=\"has-inline-color has-vivid-purple-color\"><strong>2. <\/strong><\/span><strong><span class=\"has-inline-color has-vivid-purple-color\">ESTRAT\u00c9GIA CONCURSOS &#8211; Webin\u00e1rios<\/span><\/strong><\/p>\n\n\n\n<ul class=\"wp-block-list\"><li><strong>Hora da Verdade TJ RJ \u2013 <\/strong>22 de novembro (<a href=\"https:\/\/gratis.estrategiaconcursos.com.br\/area-do-candidato-tj-rj\/\">Defina o Lembrete<\/a>)<\/li><li><strong>Reta Final SEDF: Qu\u00edmica \u2013 <\/strong>22 de novembro (<a href=\"https:\/\/gratis.estrategiaconcursos.com.br\/reta-final-sedf\/\">Defina o Lembrete<\/a>)<\/li><li><strong>Concurso PC MS: Passo Estrat\u00e9gico de Revis\u00e3o \u2013 <\/strong>22 de novembro (<a href=\"https:\/\/youtu.be\/MP2Ikib_wQ4\">Defina o Lembrete<\/a>)<\/li><li><strong>Reta Final IFCE: Engenharia de Produ\u00e7\u00e3o \u2013 <\/strong>23 de novembro (<a href=\"https:\/\/youtu.be\/uxDgBlPyHQ0\">Defina o Lembrete<\/a>)<\/li><li><strong>Reta Final IFCE: Biologia \u2013 <\/strong>23 de novembro (<a href=\"https:\/\/youtu.be\/AS5nBH77Fxg\">Defina o Lembrete<\/a>)<\/li><li><strong>Dia do Engenheiro Eletricista: Conhe\u00e7a os melhores concursos para 2022 \u2013 <\/strong>23 de novembro (<a href=\"https:\/\/youtu.be\/RSWNlYZjQEY\">Defina o Lembrete<\/a>)<\/li><li><strong>Reta Final IFCE: Engenharia Civil \u2013 <\/strong>24 de novembro (<a href=\"https:\/\/youtu.be\/3Gzllu3lnJc\">Defina o Lembrete<\/a>)<\/li><li><strong>Concursos na \u00e1rea de Educa\u00e7\u00e3o: os mais aguardados para 2022 \u2013 <\/strong>25 de novembro (<a href=\"https:\/\/youtu.be\/ly_TV__FW2U\">Defina o Lembrete<\/a>)<\/li><li><strong>Nutri\u00e7\u00e3o para a Prefeitura de Blumenau &#8211; Resolu\u00e7\u00e3o de Quest\u00f5es FURB \u2013 <\/strong>25 de novembro (<a href=\"https:\/\/youtu.be\/p7wM-C5cOfI\">Defina o Lembrete<\/a>)<\/li><li><strong>Reta Final SEDF: Hist\u00f3ria \u2013 <\/strong>26 de novembro (<a href=\"https:\/\/youtu.be\/kHol1yvqTFQ\">Defina o Lembrete<\/a>)<\/li><li><strong>Reta Final IFCE: Engenharia de Seguran\u00e7a do Trabalho \u2013 <\/strong>27 de novembro (<a href=\"https:\/\/youtu.be\/6uHBH3AydKw\">Defina o Lembrete<\/a>)<\/li><li><strong>Jornada de Quest\u00f5es FUNDATEC para PGE RS &#8211; P\u00f3s-Edital \u2013 <\/strong>27 de novembro (<a href=\"https:\/\/youtu.be\/fkC6LPkFTQY\">Defina o Lembrete<\/a>)<\/li><li><strong>Prefeitura de Paul\u00ednia &#8211; Revis\u00e3o Final para Cirurgi\u00e3o Dentista Plantonista \u2013 <\/strong>27 de novembro (<a href=\"https:\/\/youtu.be\/mLFMlqeZADQ\">Defina o Lembrete<\/a>)<\/li><\/ul>\n\n\n\n<p><strong><span class=\"has-inline-color has-vivid-purple-color\">3. <strong>ESTRAT\u00c9GIA CARREIRA JUR\u00cdDICA \u2013 Webin\u00e1rios<\/strong><\/span><\/strong><\/p>\n\n\n\n<ul class=\"wp-block-list\"><li><strong>A Nova Lei de Improbidade Administrativa Esquematizada por Assuntos \u2013 <\/strong>22 de novembro (<a href=\"https:\/\/youtu.be\/3wGqO6yRck4\">Defina o Lembrete<\/a>)<\/li><li><strong>Juiz TJ SP &#8211; Como responder \u00e0s quest\u00f5es discursivas \u2013 <\/strong>22 de novembro (<a href=\"https:\/\/youtu.be\/074guM6pVMI\">Defina o Lembrete<\/a>)<\/li><li><strong>1\u00aa Maratona de Pe\u00e7as Pr\u00e1ticas Penais &#8211; Delegado PC-PB \u2013 <\/strong>27 de novembro (<a href=\"https:\/\/gratis.estrategiaconcursos.com.br\/area-do-candidato-delegado-da-pc-pb\/\">Defina o Lembrete<\/a>)<\/li><li><strong>Rodadas de Quest\u00f5es | Cart\u00f3rios do TJ SP \u2013 <\/strong>27 de novembro (<a href=\"https:\/\/gratis.estrategiaconcursos.com.br\/area-do-candidato-cartorios-do-tj-sp\">Defina o Lembrete<\/a>)<strong><\/strong><\/li><\/ul>\n\n\n\n<h2 class=\"wp-block-heading\" id=\"block-544baa21-48b3-40a4-9b25-7e4ba69d9430\"><strong>Sistema de Quest\u00f5es do Estrat\u00e9gia<\/strong> &#8211; Carta aos Assinantes<\/h2>\n\n\n\n<p>Na semana passada tivemos a atualiza\u00e7\u00e3o das <strong><span class=\"has-inline-color has-vivid-purple-color\">Quest\u00f5es In\u00e9ditas para a PC MG<\/span><\/strong>. A equipe do Sistema de Quest\u00f5es do Estrat\u00e9gia Concursos preparou cadernos de Quest\u00f5es In\u00e9ditas para PC-MG abordando os principais t\u00f3picos da <strong>Lei Org\u00e2nica da Pol\u00edcia Civil do Estado de Minas Gerais<\/strong> prevista no edital. O Sistema de Quest\u00f5es j\u00e1 conta com <strong>cerca de 270 quest\u00f5es in\u00e9ditas<\/strong> cadastradas para te auxiliar no estudo dessa disciplina:<\/p>\n\n\n\n<ul class=\"wp-block-list\"><li>cerca de 190 sobre a Lei Complementar 129\/13<\/li><li>cerca de 80 sobre a Lei 5.406\/69<\/li><\/ul>\n\n\n\n<p><em>Acesse abaixo o artigo do nosso blog e confira os cadernos de quest\u00f5es dispon\u00edveis!<\/em><\/p>\n\n\n\n<p class=\"has-text-align-center has-pale-cyan-blue-background-color has-background\"><a href=\"https:\/\/www.estrategiaconcursos.com.br\/blog\/questoes-ineditas-pc-mg\/\">QUEST\u00d5ES IN\u00c9DITAS PC MG<\/a><\/p>\n\n\n\n<p>Al\u00e9m disso, no s\u00e1bado, dia 27\/11, teremos o <strong><span class=\"has-inline-color has-vivid-purple-color\">2\u00ba Simulado do SQ para PC MG<\/span><\/strong>, cargos de Investigador e Escriv\u00e3o. O Simulado ser\u00e1 composto por <strong>60 quest\u00f5es in\u00e9ditas<\/strong> e ser\u00e1 realizado pelo Sistema de Quest\u00f5es, com <strong>acesso liberado para todos<\/strong>. J\u00e1 sabemos da import\u00e2ncia da resolu\u00e7\u00e3o de quest\u00f5es para fixar os conte\u00fados estudados. Ent\u00e3o, n\u00e3o fique de fora!<\/p>\n\n\n\n<p><em>Inscreva-se na \u00c1rea do Candidato PC MG e turbine a sua prepara\u00e7\u00e3o.<\/em><\/p>\n\n\n\n<p class=\"has-text-align-center has-pale-cyan-blue-background-color has-background\"><a href=\"https:\/\/gratis.estrategiaconcursos.com.br\/area-do-candidato-pc-mg\/\">\u00c1REA DO CANDIDATO PC MG<\/a><\/p>\n\n\n\n<h2 class=\"wp-block-heading\" id=\"block-70e62fc5-ea6c-4280-9c1f-64e4fe8a4c23\"><strong>Agora, vamos ver as principais movimenta\u00e7\u00f5es de concursos da \u00faltima semana?<\/strong><\/h2>\n\n\n\n<ul class=\"wp-block-list\"><li><a href=\"https:\/\/www.estrategiaconcursos.com.br\/blog\/concurso-cgu\/\">CGU<\/a>: Foi publicado no Di\u00e1rio Oficial da Uni\u00e3o desta sexta-feira, 19 de novembro, o extrato de contrato que oficializa a Funda\u00e7\u00e3o Get\u00falio Vargas (FGV) como banca organizadora do concurso CGU. O edital ir\u00e1 ofertar 375 vagas para os cargos de Auditor e T\u00e9cnico. Os sal\u00e1rios iniciais ficam entre R$ 7.283,31 (T\u00e9cnico) e R$ 19.197,06 (Auditor). Al\u00e9m disso, as oportunidades ser\u00e3o distribu\u00eddas entre as seguintes localidades: Bras\u00edlia\/DF, Rio Branco\/AC, Manaus\/AM, Bel\u00e9m\/PA, Porto Velho\/RO, Boa Vista\/RR e Palmas\/TO. Inclusive, haver\u00e1 aplica\u00e7\u00e3o da prova tamb\u00e9m em uma capital nas demais regi\u00f5es, sendo elas: Porto Alegre (Sul), S\u00e3o Paulo (Sudeste) e Recife (Nordeste). A previs\u00e3o \u00e9 de que as provas ocorram em fevereiro de 2022.<\/li><\/ul>\n\n\n\n<ul class=\"wp-block-list\"><li><a href=\"https:\/\/www.estrategiaconcursos.com.br\/blog\/concurso-sefaz-am\/\">SEFAZ AM<\/a>: Foi sancionada e publicada a Lei N.\u00ba 5.693\/2021 que altera o Plano de Cargos, Carreiras e Remunera\u00e7\u00e3o da Secretaria da Fazenda do Amazonas. Essa aprova\u00e7\u00e3o \u00e9 um importante passo para o prosseguimento do concurso Sefaz AM, uma vez que era necess\u00e1ria uma reorganiza\u00e7\u00e3o na carreira. Com isso, a Comiss\u00e3o organizadora, formada desde agosto, poder\u00e1 prosseguir com as atividades do certame, incluindo os estudos acerca do quantitativo de vagas e cargos a serem ofertados. Segundo informa\u00e7\u00f5es do pr\u00f3prio \u00f3rg\u00e3o, atualmente, existem 1.363 cargos vagos no quadro de pessoal.<\/li><\/ul>\n\n\n\n<ul class=\"wp-block-list\"><li><a href=\"https:\/\/www.estrategiaconcursos.com.br\/blog\/concurso-sefaz-pr\/\">SEFAZ PR<\/a>: A comiss\u00e3o do concurso Sefaz PR segue finalizando alguns importantes estudos acerca do novo edital. A informa\u00e7\u00e3o \u00e9 do Diretor-Geral do \u00f3rg\u00e3o, Eduardo Castro. De acordo com o mesmo, depois dos estudos feitos pelo grupo, o processo deve passar pelas Diretorias de Or\u00e7amento, Tesouro e Contabilidade, Grupo Or\u00e7ament\u00e1rio e Financeiro Setorial da Sefaz, SEAP, PGE e Comiss\u00e3o de Pol\u00edtica Salarial. Apesar de todas as etapas que o concurso ainda precisa passar, a Secretaria de Fazenda do Estado garantiu que est\u00e1 tentando acelerar o processo. A previs\u00e3o \u00e9 de que o edital possa sair em 2022.<\/li><\/ul>\n\n\n\n<ul class=\"wp-block-list\"><li><a href=\"https:\/\/www.estrategiaconcursos.com.br\/blog\/concurso-icmbio\/\">ICMBio<\/a>: A Minuta de Contrato com o Cebraspe, para fins de organiza\u00e7\u00e3o e realiza\u00e7\u00e3o do concurso ICMBio, foi encaminhada para an\u00e1lise e, caso seja aprovada, ser\u00e1 oficialmente assinada. Vale lembrar que, ao menos, seis bancas foram convidadas para a licita\u00e7\u00e3o, sendo elas: Cebraspe, Cesgranrio, FCC, FGV, IADES e IBFC. Al\u00e9m disso, j\u00e1 existe uma Comiss\u00e3o respons\u00e1vel pelo certame. A previs\u00e3o era de que o grupo fosse anunciado em outubro, no entanto, houve um atraso na publica\u00e7\u00e3o do documento, o que deve ocorrer em momento oportuno. O certame ofertar\u00e1, no total, 171 vagas, para oportunidades de n\u00edveis m\u00e9dio e superior, para as fun\u00e7\u00f5es de Analista Ambiental e T\u00e9cnico Ambiental.<\/li><\/ul>\n\n\n\n<ul class=\"wp-block-list\"><li><a href=\"https:\/\/www.estrategiaconcursos.com.br\/blog\/concursos-go-autorizadas-selecoes-para-goinfra-e-sead\/\">Goinfra e SEAD<\/a>: Foi realizada na manh\u00e3 desta quarta-feira, 17 de novembro, a assinatura da autoriza\u00e7\u00e3o dos concursos Goinfra (Ag\u00eancia Goiana de Infraestrutura e Transportes) e SEAD (Secretaria de Estado da Administra\u00e7\u00e3o). A expectativa \u00e9 que as sele\u00e7\u00f5es sejam realizadas em 2022, visto que ambas constam no or\u00e7amento (LOA GO) para o pr\u00f3ximo ano. O aval foi dado durante visita do governador, Ronaldo Caiado, ao Anexo Universit\u00e1rio da Sead, pr\u00e9dio que est\u00e1 em funcionamento desde a metade do primeiro semestre deste ano.<\/li><\/ul>\n\n\n\n<ul class=\"wp-block-list\"><li>Concursos Seguran\u00e7a P\u00fablica AM (<a href=\"https:\/\/www.estrategiaconcursos.com.br\/blog\/concurso-pc-am\/\">PC<\/a>, <a href=\"https:\/\/www.estrategiaconcursos.com.br\/blog\/concurso-pm-am\/\">PM<\/a>, <a href=\"https:\/\/www.estrategiaconcursos.com.br\/blog\/concurso-bombeiro-am\/\">Bombeiros<\/a> e <a href=\"https:\/\/www.estrategiaconcursos.com.br\/blog\/concurso-ssp-am\/\">SSP<\/a>): Com editais previstos para serem publicados ainda neste m\u00eas de novembro, a contrata\u00e7\u00e3o da Funda\u00e7\u00e3o Getulio Vargas (FGV) como banca organizadora dos concursos para Seguran\u00e7a P\u00fablica do Amazonas foi efetivada por Dispensa de Licita\u00e7\u00e3o. De acordo com o projeto b\u00e1sico, as 2.315 oportunidades ser\u00e3o distribu\u00eddas entre os concursos para Pol\u00edcia Civil, Pol\u00edcia Militar, Corpo de Bombeiros e Secretaria de Estado de Seguran\u00e7a P\u00fablica do Amazonas.<\/li><\/ul>\n\n\n\n<ul class=\"wp-block-list\"><li><a href=\"https:\/\/www.estrategiaconcursos.com.br\/blog\/concurso-oficiais-smv\/\">Guarda de Manaus<\/a>: O prefeito do munic\u00edpio de Manaus, David Almeida, anunciou a realiza\u00e7\u00e3o de um novo concurso da Guarda Municipal com a oferta de 200 vagas. A previs\u00e3o \u00e9 de que o edital seja publicado em janeiro de 2022.<\/li><\/ul>\n\n\n\n<ul class=\"wp-block-list\"><li><a href=\"https:\/\/www.estrategiaconcursos.com.br\/blog\/concurso-oficiais-smv\/\">SMV Oficiais (Marinha)<\/a>: Foram publicados os novos editais de processo seletivo para o Servi\u00e7o Militar Volunt\u00e1rio para o cargo de Oficial da Marinha. No total, s\u00e3o ofertadas 440 vagas para n\u00edvel superior distribu\u00eddas entre nove distritos. Os interessados em concorrer a uma das vagas podem se inscrever de 10 de novembro a 5 de dezembro, conforme distrito desejado. A aplica\u00e7\u00e3o das provas ocorre em janeiro e fevereiro de 2022.<\/li><\/ul>\n\n\n\n<ul class=\"wp-block-list\"><li><a href=\"https:\/\/www.estrategiaconcursos.com.br\/blog\/concurso-iamspe\/\">IAMSPE SP<\/a>: Um novo concurso IAMSPE SP foi autorizado! De acordo com Despacho do governador publicado no Di\u00e1rio Oficial, foram autorizadas 114 vagas para o cargo de T\u00e9cnico de Enfermagem.<\/li><\/ul>\n\n\n\n<ul class=\"wp-block-list\"><li><a href=\"https:\/\/www.estrategiaconcursos.com.br\/blog\/concurso-juiz-federal-trf3\/\">TRF3<\/a>: O Desembargador Federal Paulo Fontes, decidiu cancelar as datas de provas do concurso para Juiz Federal Substituto do Tribunal Regional Federal da 3\u00aa Regi\u00e3o, com remunera\u00e7\u00e3o inicial de R$ 32.004,65. De acordo com o mandat\u00e1rio, novas datas ser\u00e3o divulgadas em breve. As inscri\u00e7\u00f5es est\u00e3o abertas at\u00e9 o dia 23 de novembro ao custo de R$ 220,00. Para concorrer ao cargo \u00e9 necess\u00e1rio ser bacharel em Direito e ter, na ocasi\u00e3o da inscri\u00e7\u00e3o definitiva, 03 anos de atividade jur\u00eddica, exercida ap\u00f3s a obten\u00e7\u00e3o do grau de bacharel.<\/li><\/ul>\n\n\n\n<ul class=\"wp-block-list\"><li><a href=\"https:\/\/www.estrategiaconcursos.com.br\/blog\/concurso-dpe-ce-defensor\/\">DPE CE<\/a>: A Comiss\u00e3o do novo concurso para Defensor P\u00fablico do Cear\u00e1 e a Funda\u00e7\u00e3o Carlos Chagas, banca do certame, realizaram uma reuni\u00e3o para tratar sobre os principais pontos do edital. De acordo com o \u00f3rg\u00e3o, o documento ser\u00e1 publicado em breve. Ainda n\u00e3o foi divulgado o n\u00famero de vagas do edital, mas com a aprova\u00e7\u00e3o do PLC pela Assembleia, a DPE CE pode preencher at\u00e9 117 cargos de Defensor que est\u00e3o vagos. A remunera\u00e7\u00e3o inicial \u00e9 de R$ 26.127,17. A carreira exige bacharelado em Direito e 2 anos de pr\u00e1tica jur\u00eddica.<\/li><\/ul>\n\n\n\n<ul class=\"wp-block-list\"><li><a href=\"https:\/\/www.estrategiaconcursos.com.br\/blog\/concurso-dpe-mt-defensor\/\">DPE MT<\/a>: Foi publicado o regulamento do concurso para Defensor P\u00fablico do Mato Grosso. O documento trouxe informa\u00e7\u00f5es importantes sobre as etapas do novo edital. Est\u00e3o previstas 30 vagas para a classe inicial da carreira de Defensor P\u00fablico no Estado, com remunera\u00e7\u00e3o inicial de R$ 23.266,76. Para concorrer \u00e0 vaga, \u00e9 necess\u00e1rio que o candidato tenha conclu\u00eddo o curso de bacharelado em Direito, possua, na data da posse, inscri\u00e7\u00e3o na OAB e comprove o m\u00ednimo de 03 anos de atividade jur\u00eddica.<\/li><\/ul>\n\n\n\n<ul class=\"wp-block-list\"><li><a href=\"https:\/\/www.estrategiaconcursos.com.br\/blog\/concurso-tj-rs\/\">TJ RS<\/a>: Por meio de dispensa de licita\u00e7\u00e3o, o IBADE foi escolhido como respons\u00e1vel pelo novo concurso que ofertar\u00e1 28 vagas para os cargos de Oficial de Justi\u00e7a e Analista de Servi\u00e7o Social, com n\u00edvel superior de forma\u00e7\u00e3o e iniciais de at\u00e9 R$ 4.712,55 e R$ 6.912,07, no Tribunal de Justi\u00e7a do Rio Grande do Sul.<\/li><\/ul>\n\n\n\n<ul class=\"wp-block-list\"><li><a href=\"https:\/\/www.estrategiaconcursos.com.br\/blog\/concurso-mpcm-pa\/\">MPCM PA<\/a>: Foi publicado o edital do concurso para o Minist\u00e9rio P\u00fablico de Contas dos Munic\u00edpios do Estado do Par\u00e1. S\u00e3o ofertadas 2 vagas para o cargo de Subprocurador, com remunera\u00e7\u00e3o inicial de R$ 33.689,11. A organiza\u00e7\u00e3o do certame \u00e9 feita pelo Cebraspe. As inscri\u00e7\u00f5es podem ser realizadas entre os dias 25\/11\/2021 e 07\/01\/2022. A taxa foi fixada em R$ 300,00. A prova objetiva est\u00e1 prevista para o dia 20 de mar\u00e7o de 2022. O candidato deve possuir diploma de conclus\u00e3o de curso de bacharelado em Direito e, no m\u00ednimo, tr\u00eas anos de atividade jur\u00eddica, desempenhada ap\u00f3s a obten\u00e7\u00e3o do grau de bacharel.<\/li><\/ul>\n\n\n\n<ul class=\"wp-block-list\"><li><a href=\"https:\/\/www.estrategiaconcursos.com.br\/blog\/concurso-crmv-ms\/\">CRMV MS<\/a>: Foi publicado o edital do concurso que oferta 140 vagas para cargos de n\u00edveis m\u00e9dio e superior no Conselho Regional de Medicina Veterin\u00e1ria do Mato Grosso do Sul, com remunera\u00e7\u00f5es que variam entre R$ 2.217,45 e R$ 8.035,06. A organiza\u00e7\u00e3o da sele\u00e7\u00e3o \u00e9 feita pelo Quadrix. As inscri\u00e7\u00f5es podem ser feitas entre os dias 16\/11 e 13\/12\/2021. As taxas foram fixadas em R$ 48,00 para n\u00edvel m\u00e9dio e R$ 55,00 para n\u00edvel superior. A prova objetiva est\u00e1 prevista para o dia 30 de janeiro de 2022, no turno da tarde.<\/li><\/ul>\n\n\n\n<ul class=\"wp-block-list\"><li><a href=\"https:\/\/www.estrategiaconcursos.com.br\/blog\/concurso-creci-ro\/\">CRECI RO<\/a>: Foi publicado o edital do concurso para o Conselho Regional de Corretores de Im\u00f3veis de Rond\u00f4nia. S\u00e3o ofertadas 100 vagas para cargos com forma\u00e7\u00e3o em n\u00edvel m\u00e9dio, com remunera\u00e7\u00f5es que variam entre R$ 1.237,68 e R$ 1.959,66. As inscri\u00e7\u00f5es podem ser feitas entre os dias 16 de novembro e 13 de dezembro pelo Instituto Quadrix. A taxa foi fixada em R$ 60,00 para todos os cargos. As provas ter\u00e3o a dura\u00e7\u00e3o de 3 horas e 30 minutos e ser\u00e3o aplicadas na data prov\u00e1vel de 30 de janeiro de 2022, no turno da tarde.<\/li><\/ul>\n\n\n\n<p>Desejo a todos uma excelente semana de estudos!<\/p>\n\n\n\n<p>Abra\u00e7os,<\/p>\n\n\n\n<p><strong>Prof. Diego Cerqueira<\/strong><\/p>\n","protected":false},"excerpt":{"rendered":"<p>Confira, em nossa quinquag\u00e9sima sexta carta aos assinantes, a nossa programa\u00e7\u00e3o semanal, as novidades do nosso Sistema de Quest\u00f5es e as principais movimenta\u00e7\u00f5es de concursos. Ol\u00e1, pessoal. Tudo bem? Prof. Diego Cerqueira por aqui, em nossa quinquag\u00e9sima sexta carta aos Assinantes do Estrat\u00e9gia Concursos. Gostaria de iniciar essa carta com um recado especial aos alunos [&hellip;]<\/p>\n","protected":false},"author":1789,"featured_media":912700,"comment_status":"open","ping_status":"closed","sticky":false,"template":"","format":"standard","meta":{"post_tipo":"article","footnotes":""},"categories":[1],"tags":[],"tax_estado":[219964,219965,219966,219967,219968,219969,219963,219970,219971,219972,219973,219974,219975,219976,219977,219978,219979,219980,219981,219982,219983,219984,219985,219986,219987,219988,219989,219990],"class_list":["post-912696","post","type-post","status-publish","format-standard","has-post-thumbnail","hentry","category-cursos-e-concursos","tax_estado-ac","tax_estado-al","tax_estado-am","tax_estado-ap","tax_estado-ba","tax_estado-ce","tax_estado-concursos-federais","tax_estado-df","tax_estado-es","tax_estado-go","tax_estado-ma","tax_estado-mg","tax_estado-ms","tax_estado-mt","tax_estado-pa","tax_estado-pb","tax_estado-pe","tax_estado-pi","tax_estado-pr","tax_estado-rj","tax_estado-rn","tax_estado-ro","tax_estado-rr","tax_estado-rs","tax_estado-sc","tax_estado-se","tax_estado-sp","tax_estado-to"],"acf":[],"yoast_head":"<!-- This site is optimized with the Yoast SEO Premium plugin v27.2 (Yoast SEO v27.2) - https:\/\/yoast.com\/product\/yoast-seo-premium-wordpress\/ -->\n<title>Carta aos Assinantes do Estrat\u00e9gia Concursos - 056<\/title>\n<meta name=\"description\" content=\"Confira, em nossa 56\u00aa carta aos assinantes, a nossa programa\u00e7\u00e3o semanal, as novidades do nosso SQ e as principais movimenta\u00e7\u00f5es de concursos.\" \/>\n<meta name=\"robots\" content=\"index, follow, max-snippet:-1, max-image-preview:large, max-video-preview:-1\" \/>\n<link rel=\"canonical\" href=\"https:\/\/www.estrategiaconcursos.com.br\/blog\/carta-aos-assinantes-056\/\" \/>\n<meta property=\"og:locale\" content=\"pt_BR\" \/>\n<meta property=\"og:type\" content=\"article\" \/>\n<meta property=\"og:title\" content=\"Carta aos Assinantes do Estrat\u00e9gia Concursos - 056\" \/>\n<meta property=\"og:description\" content=\"Confira, em nossa 56\u00aa carta aos assinantes, a nossa programa\u00e7\u00e3o semanal, as novidades do nosso SQ e as principais movimenta\u00e7\u00f5es de concursos.\" \/>\n<meta property=\"og:url\" content=\"https:\/\/www.estrategiaconcursos.com.br\/blog\/carta-aos-assinantes-056\/\" \/>\n<meta property=\"og:site_name\" content=\"Estrat\u00e9gia Concursos\" \/>\n<meta property=\"article:published_time\" content=\"2021-11-22T12:00:00+00:00\" \/>\n<meta property=\"article:modified_time\" content=\"2021-11-26T22:09:09+00:00\" \/>\n<meta property=\"og:image\" content=\"https:\/\/dhg1h5j42swfq.cloudfront.net\/2021\/11\/19195527\/imagem-carta-aos-assinantes-2.png\" \/>\n\t<meta property=\"og:image:width\" content=\"800\" \/>\n\t<meta property=\"og:image:height\" content=\"450\" \/>\n\t<meta property=\"og:image:type\" content=\"image\/png\" \/>\n<meta name=\"author\" content=\"Coordena\u00e7\u00e3o Estrat\u00e9gia\" \/>\n<meta name=\"twitter:card\" content=\"summary_large_image\" \/>\n<meta name=\"twitter:creator\" content=\"@EstratConcursos\" \/>\n<meta name=\"twitter:site\" content=\"@EstratConcursos\" \/>\n<meta name=\"twitter:label1\" content=\"Escrito por\" \/>\n\t<meta name=\"twitter:data1\" content=\"Coordena\u00e7\u00e3o Estrat\u00e9gia\" \/>\n\t<meta name=\"twitter:label2\" content=\"Est. tempo de leitura\" \/>\n\t<meta name=\"twitter:data2\" content=\"10 minutos\" \/>\n<script type=\"application\/ld+json\" class=\"yoast-schema-graph\">{\"@context\":\"https:\/\/schema.org\",\"@graph\":[{\"@type\":\"NewsArticle\",\"@id\":\"https:\/\/www.estrategiaconcursos.com.br\/blog\/carta-aos-assinantes-056\/#article\",\"isPartOf\":{\"@id\":\"https:\/\/www.estrategiaconcursos.com.br\/blog\/carta-aos-assinantes-056\/\"},\"author\":{\"name\":\"Coordena\u00e7\u00e3o Estrat\u00e9gia\",\"@id\":\"https:\/\/www.estrategiaconcursos.com.br\/blog\/#\/schema\/person\/ba5fab3b1fa4a358429e37bc50f74021\"},\"headline\":\"Carta aos Assinantes do Estrat\u00e9gia Concursos &#8211; 056\",\"datePublished\":\"2021-11-22T12:00:00+00:00\",\"dateModified\":\"2021-11-26T22:09:09+00:00\",\"mainEntityOfPage\":{\"@id\":\"https:\/\/www.estrategiaconcursos.com.br\/blog\/carta-aos-assinantes-056\/\"},\"wordCount\":2221,\"commentCount\":0,\"publisher\":{\"@id\":\"https:\/\/www.estrategiaconcursos.com.br\/blog\/#organization\"},\"image\":{\"@id\":\"https:\/\/www.estrategiaconcursos.com.br\/blog\/carta-aos-assinantes-056\/#primaryimage\"},\"thumbnailUrl\":\"https:\/\/dhg1h5j42swfq.cloudfront.net\/2021\/11\/19195527\/imagem-carta-aos-assinantes-2.png\",\"articleSection\":[\"Concursos P\u00fablicos\"],\"inLanguage\":\"pt-BR\",\"potentialAction\":[{\"@type\":\"CommentAction\",\"name\":\"Comment\",\"target\":[\"https:\/\/www.estrategiaconcursos.com.br\/blog\/carta-aos-assinantes-056\/#respond\"]}],\"copyrightYear\":\"2021\",\"copyrightHolder\":{\"@id\":\"https:\/\/www.estrategiaconcursos.com.br\/blog\/#organization\"}},{\"@type\":\"WebPage\",\"@id\":\"https:\/\/www.estrategiaconcursos.com.br\/blog\/carta-aos-assinantes-056\/\",\"url\":\"https:\/\/www.estrategiaconcursos.com.br\/blog\/carta-aos-assinantes-056\/\",\"name\":\"Carta aos Assinantes do Estrat\u00e9gia Concursos - 056\",\"isPartOf\":{\"@id\":\"https:\/\/www.estrategiaconcursos.com.br\/blog\/#website\"},\"primaryImageOfPage\":{\"@id\":\"https:\/\/www.estrategiaconcursos.com.br\/blog\/carta-aos-assinantes-056\/#primaryimage\"},\"image\":{\"@id\":\"https:\/\/www.estrategiaconcursos.com.br\/blog\/carta-aos-assinantes-056\/#primaryimage\"},\"thumbnailUrl\":\"https:\/\/dhg1h5j42swfq.cloudfront.net\/2021\/11\/19195527\/imagem-carta-aos-assinantes-2.png\",\"datePublished\":\"2021-11-22T12:00:00+00:00\",\"dateModified\":\"2021-11-26T22:09:09+00:00\",\"description\":\"Confira, em nossa 56\u00aa carta aos assinantes, a nossa programa\u00e7\u00e3o semanal, as novidades do nosso SQ e as principais movimenta\u00e7\u00f5es de concursos.\",\"breadcrumb\":{\"@id\":\"https:\/\/www.estrategiaconcursos.com.br\/blog\/carta-aos-assinantes-056\/#breadcrumb\"},\"inLanguage\":\"pt-BR\",\"potentialAction\":[{\"@type\":\"ReadAction\",\"target\":[\"https:\/\/www.estrategiaconcursos.com.br\/blog\/carta-aos-assinantes-056\/\"]}]},{\"@type\":\"ImageObject\",\"inLanguage\":\"pt-BR\",\"@id\":\"https:\/\/www.estrategiaconcursos.com.br\/blog\/carta-aos-assinantes-056\/#primaryimage\",\"url\":\"https:\/\/dhg1h5j42swfq.cloudfront.net\/2021\/11\/19195527\/imagem-carta-aos-assinantes-2.png\",\"contentUrl\":\"https:\/\/dhg1h5j42swfq.cloudfront.net\/2021\/11\/19195527\/imagem-carta-aos-assinantes-2.png\",\"width\":800,\"height\":450,\"caption\":\"Carta aos assinantes\"},{\"@type\":\"BreadcrumbList\",\"@id\":\"https:\/\/www.estrategiaconcursos.com.br\/blog\/carta-aos-assinantes-056\/#breadcrumb\",\"itemListElement\":[{\"@type\":\"ListItem\",\"position\":1,\"name\":\"In\u00edcio\",\"item\":\"https:\/\/www.estrategiaconcursos.com.br\/blog\/\"},{\"@type\":\"ListItem\",\"position\":2,\"name\":\"Carta aos Assinantes do Estrat\u00e9gia Concursos &#8211; 056\"}]},{\"@type\":\"WebSite\",\"@id\":\"https:\/\/www.estrategiaconcursos.com.br\/blog\/#website\",\"url\":\"https:\/\/www.estrategiaconcursos.com.br\/blog\/\",\"name\":\"Estrat\u00e9gia Concursos\",\"description\":\"O blog da Estrat\u00e9gia Concursos traz not\u00edcias sobre concursos e artigos de professores oferecendo cursos para concursos (pdf + videaulas) no site.\",\"publisher\":{\"@id\":\"https:\/\/www.estrategiaconcursos.com.br\/blog\/#organization\"},\"potentialAction\":[{\"@type\":\"SearchAction\",\"target\":{\"@type\":\"EntryPoint\",\"urlTemplate\":\"https:\/\/www.estrategiaconcursos.com.br\/blog\/?s={search_term_string}\"},\"query-input\":{\"@type\":\"PropertyValueSpecification\",\"valueRequired\":true,\"valueName\":\"search_term_string\"}}],\"inLanguage\":\"pt-BR\"},{\"@type\":\"Organization\",\"@id\":\"https:\/\/www.estrategiaconcursos.com.br\/blog\/#organization\",\"name\":\"Estrat\u00e9gia Concursos\",\"url\":\"https:\/\/www.estrategiaconcursos.com.br\/blog\/\",\"logo\":{\"@type\":\"ImageObject\",\"inLanguage\":\"pt-BR\",\"@id\":\"https:\/\/www.estrategiaconcursos.com.br\/blog\/#\/schema\/logo\/image\/\",\"url\":\"https:\/\/dhg1h5j42swfq.cloudfront.net\/2025\/06\/03203428\/logo_concursos-1.jpg\",\"contentUrl\":\"https:\/\/dhg1h5j42swfq.cloudfront.net\/2025\/06\/03203428\/logo_concursos-1.jpg\",\"width\":230,\"height\":60,\"caption\":\"Estrat\u00e9gia Concursos\"},\"image\":{\"@id\":\"https:\/\/www.estrategiaconcursos.com.br\/blog\/#\/schema\/logo\/image\/\"},\"sameAs\":[\"https:\/\/x.com\/EstratConcursos\"]},{\"@type\":\"Person\",\"@id\":\"https:\/\/www.estrategiaconcursos.com.br\/blog\/#\/schema\/person\/ba5fab3b1fa4a358429e37bc50f74021\",\"name\":\"Coordena\u00e7\u00e3o Estrat\u00e9gia\",\"image\":{\"@type\":\"ImageObject\",\"inLanguage\":\"pt-BR\",\"@id\":\"https:\/\/secure.gravatar.com\/avatar\/adff33ff18541ba37c900dd2b1e82dbfb0fe33d873b92636b4827a8da462feb3?s=96&d=mm&r=g\",\"url\":\"https:\/\/secure.gravatar.com\/avatar\/adff33ff18541ba37c900dd2b1e82dbfb0fe33d873b92636b4827a8da462feb3?s=96&d=mm&r=g\",\"contentUrl\":\"https:\/\/secure.gravatar.com\/avatar\/adff33ff18541ba37c900dd2b1e82dbfb0fe33d873b92636b4827a8da462feb3?s=96&d=mm&r=g\",\"caption\":\"Coordena\u00e7\u00e3o Estrat\u00e9gia\"},\"url\":\"https:\/\/www.estrategiaconcursos.com.br\/blog\/author\/victor-tanakaaestrategiaconcursos-com-br\/\"}]}<\/script>\n<!-- \/ Yoast SEO Premium plugin. -->","yoast_head_json":{"title":"Carta aos Assinantes do Estrat\u00e9gia Concursos - 056","description":"Confira, em nossa 56\u00aa carta aos assinantes, a nossa programa\u00e7\u00e3o semanal, as novidades do nosso SQ e as principais movimenta\u00e7\u00f5es de concursos.","robots":{"index":"index","follow":"follow","max-snippet":"max-snippet:-1","max-image-preview":"max-image-preview:large","max-video-preview":"max-video-preview:-1"},"canonical":"https:\/\/www.estrategiaconcursos.com.br\/blog\/carta-aos-assinantes-056\/","og_locale":"pt_BR","og_type":"article","og_title":"Carta aos Assinantes do Estrat\u00e9gia Concursos - 056","og_description":"Confira, em nossa 56\u00aa carta aos assinantes, a nossa programa\u00e7\u00e3o semanal, as novidades do nosso SQ e as principais movimenta\u00e7\u00f5es de concursos.","og_url":"https:\/\/www.estrategiaconcursos.com.br\/blog\/carta-aos-assinantes-056\/","og_site_name":"Estrat\u00e9gia Concursos","article_published_time":"2021-11-22T12:00:00+00:00","article_modified_time":"2021-11-26T22:09:09+00:00","og_image":[{"width":800,"height":450,"url":"https:\/\/dhg1h5j42swfq.cloudfront.net\/2021\/11\/19195527\/imagem-carta-aos-assinantes-2.png","type":"image\/png"}],"author":"Coordena\u00e7\u00e3o Estrat\u00e9gia","twitter_card":"summary_large_image","twitter_creator":"@EstratConcursos","twitter_site":"@EstratConcursos","twitter_misc":{"Escrito por":"Coordena\u00e7\u00e3o Estrat\u00e9gia","Est. tempo de leitura":"10 minutos"},"schema":{"@context":"https:\/\/schema.org","@graph":[{"@type":"NewsArticle","@id":"https:\/\/www.estrategiaconcursos.com.br\/blog\/carta-aos-assinantes-056\/#article","isPartOf":{"@id":"https:\/\/www.estrategiaconcursos.com.br\/blog\/carta-aos-assinantes-056\/"},"author":{"name":"Coordena\u00e7\u00e3o Estrat\u00e9gia","@id":"https:\/\/www.estrategiaconcursos.com.br\/blog\/#\/schema\/person\/ba5fab3b1fa4a358429e37bc50f74021"},"headline":"Carta aos Assinantes do Estrat\u00e9gia Concursos &#8211; 056","datePublished":"2021-11-22T12:00:00+00:00","dateModified":"2021-11-26T22:09:09+00:00","mainEntityOfPage":{"@id":"https:\/\/www.estrategiaconcursos.com.br\/blog\/carta-aos-assinantes-056\/"},"wordCount":2221,"commentCount":0,"publisher":{"@id":"https:\/\/www.estrategiaconcursos.com.br\/blog\/#organization"},"image":{"@id":"https:\/\/www.estrategiaconcursos.com.br\/blog\/carta-aos-assinantes-056\/#primaryimage"},"thumbnailUrl":"https:\/\/dhg1h5j42swfq.cloudfront.net\/2021\/11\/19195527\/imagem-carta-aos-assinantes-2.png","articleSection":["Concursos P\u00fablicos"],"inLanguage":"pt-BR","potentialAction":[{"@type":"CommentAction","name":"Comment","target":["https:\/\/www.estrategiaconcursos.com.br\/blog\/carta-aos-assinantes-056\/#respond"]}],"copyrightYear":"2021","copyrightHolder":{"@id":"https:\/\/www.estrategiaconcursos.com.br\/blog\/#organization"}},{"@type":"WebPage","@id":"https:\/\/www.estrategiaconcursos.com.br\/blog\/carta-aos-assinantes-056\/","url":"https:\/\/www.estrategiaconcursos.com.br\/blog\/carta-aos-assinantes-056\/","name":"Carta aos Assinantes do Estrat\u00e9gia Concursos - 056","isPartOf":{"@id":"https:\/\/www.estrategiaconcursos.com.br\/blog\/#website"},"primaryImageOfPage":{"@id":"https:\/\/www.estrategiaconcursos.com.br\/blog\/carta-aos-assinantes-056\/#primaryimage"},"image":{"@id":"https:\/\/www.estrategiaconcursos.com.br\/blog\/carta-aos-assinantes-056\/#primaryimage"},"thumbnailUrl":"https:\/\/dhg1h5j42swfq.cloudfront.net\/2021\/11\/19195527\/imagem-carta-aos-assinantes-2.png","datePublished":"2021-11-22T12:00:00+00:00","dateModified":"2021-11-26T22:09:09+00:00","description":"Confira, em nossa 56\u00aa carta aos assinantes, a nossa programa\u00e7\u00e3o semanal, as novidades do nosso SQ e as principais movimenta\u00e7\u00f5es de concursos.","breadcrumb":{"@id":"https:\/\/www.estrategiaconcursos.com.br\/blog\/carta-aos-assinantes-056\/#breadcrumb"},"inLanguage":"pt-BR","potentialAction":[{"@type":"ReadAction","target":["https:\/\/www.estrategiaconcursos.com.br\/blog\/carta-aos-assinantes-056\/"]}]},{"@type":"ImageObject","inLanguage":"pt-BR","@id":"https:\/\/www.estrategiaconcursos.com.br\/blog\/carta-aos-assinantes-056\/#primaryimage","url":"https:\/\/dhg1h5j42swfq.cloudfront.net\/2021\/11\/19195527\/imagem-carta-aos-assinantes-2.png","contentUrl":"https:\/\/dhg1h5j42swfq.cloudfront.net\/2021\/11\/19195527\/imagem-carta-aos-assinantes-2.png","width":800,"height":450,"caption":"Carta aos assinantes"},{"@type":"BreadcrumbList","@id":"https:\/\/www.estrategiaconcursos.com.br\/blog\/carta-aos-assinantes-056\/#breadcrumb","itemListElement":[{"@type":"ListItem","position":1,"name":"In\u00edcio","item":"https:\/\/www.estrategiaconcursos.com.br\/blog\/"},{"@type":"ListItem","position":2,"name":"Carta aos Assinantes do Estrat\u00e9gia Concursos &#8211; 056"}]},{"@type":"WebSite","@id":"https:\/\/www.estrategiaconcursos.com.br\/blog\/#website","url":"https:\/\/www.estrategiaconcursos.com.br\/blog\/","name":"Estrat\u00e9gia Concursos","description":"O blog da Estrat\u00e9gia Concursos traz not\u00edcias sobre concursos e artigos de professores oferecendo cursos para concursos (pdf + videaulas) no site.","publisher":{"@id":"https:\/\/www.estrategiaconcursos.com.br\/blog\/#organization"},"potentialAction":[{"@type":"SearchAction","target":{"@type":"EntryPoint","urlTemplate":"https:\/\/www.estrategiaconcursos.com.br\/blog\/?s={search_term_string}"},"query-input":{"@type":"PropertyValueSpecification","valueRequired":true,"valueName":"search_term_string"}}],"inLanguage":"pt-BR"},{"@type":"Organization","@id":"https:\/\/www.estrategiaconcursos.com.br\/blog\/#organization","name":"Estrat\u00e9gia Concursos","url":"https:\/\/www.estrategiaconcursos.com.br\/blog\/","logo":{"@type":"ImageObject","inLanguage":"pt-BR","@id":"https:\/\/www.estrategiaconcursos.com.br\/blog\/#\/schema\/logo\/image\/","url":"https:\/\/dhg1h5j42swfq.cloudfront.net\/2025\/06\/03203428\/logo_concursos-1.jpg","contentUrl":"https:\/\/dhg1h5j42swfq.cloudfront.net\/2025\/06\/03203428\/logo_concursos-1.jpg","width":230,"height":60,"caption":"Estrat\u00e9gia Concursos"},"image":{"@id":"https:\/\/www.estrategiaconcursos.com.br\/blog\/#\/schema\/logo\/image\/"},"sameAs":["https:\/\/x.com\/EstratConcursos"]},{"@type":"Person","@id":"https:\/\/www.estrategiaconcursos.com.br\/blog\/#\/schema\/person\/ba5fab3b1fa4a358429e37bc50f74021","name":"Coordena\u00e7\u00e3o Estrat\u00e9gia","image":{"@type":"ImageObject","inLanguage":"pt-BR","@id":"https:\/\/secure.gravatar.com\/avatar\/adff33ff18541ba37c900dd2b1e82dbfb0fe33d873b92636b4827a8da462feb3?s=96&d=mm&r=g","url":"https:\/\/secure.gravatar.com\/avatar\/adff33ff18541ba37c900dd2b1e82dbfb0fe33d873b92636b4827a8da462feb3?s=96&d=mm&r=g","contentUrl":"https:\/\/secure.gravatar.com\/avatar\/adff33ff18541ba37c900dd2b1e82dbfb0fe33d873b92636b4827a8da462feb3?s=96&d=mm&r=g","caption":"Coordena\u00e7\u00e3o Estrat\u00e9gia"},"url":"https:\/\/www.estrategiaconcursos.com.br\/blog\/author\/victor-tanakaaestrategiaconcursos-com-br\/"}]}},"_links":{"self":[{"href":"https:\/\/www.estrategiaconcursos.com.br\/blog\/wp-json\/wp\/v2\/posts\/912696","targetHints":{"allow":["GET"]}}],"collection":[{"href":"https:\/\/www.estrategiaconcursos.com.br\/blog\/wp-json\/wp\/v2\/posts"}],"about":[{"href":"https:\/\/www.estrategiaconcursos.com.br\/blog\/wp-json\/wp\/v2\/types\/post"}],"author":[{"embeddable":true,"href":"https:\/\/www.estrategiaconcursos.com.br\/blog\/wp-json\/wp\/v2\/users\/1789"}],"replies":[{"embeddable":true,"href":"https:\/\/www.estrategiaconcursos.com.br\/blog\/wp-json\/wp\/v2\/comments?post=912696"}],"version-history":[{"count":3,"href":"https:\/\/www.estrategiaconcursos.com.br\/blog\/wp-json\/wp\/v2\/posts\/912696\/revisions"}],"predecessor-version":[{"id":912701,"href":"https:\/\/www.estrategiaconcursos.com.br\/blog\/wp-json\/wp\/v2\/posts\/912696\/revisions\/912701"}],"wp:featuredmedia":[{"embeddable":true,"href":"https:\/\/www.estrategiaconcursos.com.br\/blog\/wp-json\/wp\/v2\/media\/912700"}],"wp:attachment":[{"href":"https:\/\/www.estrategiaconcursos.com.br\/blog\/wp-json\/wp\/v2\/media?parent=912696"}],"wp:term":[{"taxonomy":"category","embeddable":true,"href":"https:\/\/www.estrategiaconcursos.com.br\/blog\/wp-json\/wp\/v2\/categories?post=912696"},{"taxonomy":"post_tag","embeddable":true,"href":"https:\/\/www.estrategiaconcursos.com.br\/blog\/wp-json\/wp\/v2\/tags?post=912696"},{"taxonomy":"tax_estado","embeddable":true,"href":"https:\/\/www.estrategiaconcursos.com.br\/blog\/wp-json\/wp\/v2\/tax_estado?post=912696"}],"curies":[{"name":"wp","href":"https:\/\/api.w.org\/{rel}","templated":true}]}}