{"id":912265,"date":"2025-11-11T05:50:00","date_gmt":"2025-11-11T08:50:00","guid":{"rendered":"https:\/\/www.estrategiaconcursos.com.br\/blog\/?p=912265"},"modified":"2025-11-11T09:06:49","modified_gmt":"2025-11-11T12:06:49","slug":"concurso-furg-rs","status":"publish","type":"post","link":"https:\/\/www.estrategiaconcursos.com.br\/blog\/concurso-furg-rs\/","title":{"rendered":"Concurso FURG RS: edital \u00e9 HOMOLOGADO; confira!"},"content":{"rendered":"\n<p>A <a href=\"https:\/\/www.estrategiaconcursos.com.br\/blog\/concurso-furg\/\" target=\"_blank\" rel=\"noreferrer noopener\">Universidade Federal do Rio Grande<\/a> publicou novo edital com a oferta de <strong>13 vagas<\/strong> para provimento de dois cargos na carreira de servidor <strong>T\u00e9cnico-Administrativo em Educa\u00e7\u00e3o<\/strong>, s\u00e3o eles:<\/p>\n\n\n\n<ul class=\"wp-block-list\">\n<li>Muse\u00f3logo; e<\/li>\n\n\n\n<li>T\u00e9cnico em Assuntos Educacionais.<\/li>\n<\/ul>\n\n\n\n<p>As oportunidades s\u00e3o de n\u00edvel superior de forma\u00e7\u00e3o. Os aprovados ter\u00e3o sal\u00e1rio inicial de <strong>R$ 4.967,04 <\/strong>e aux\u00edlio alimenta\u00e7\u00e3o no valor de R$ 1.000,00, al\u00e9m de percentuais de incentivo \u00e0 qualifica\u00e7\u00e3o e \u00e0 progress\u00e3o.<\/p>\n\n\n\n<p>As <strong>inscri\u00e7\u00f5es<\/strong> foram realizadas <strong>das 9h do dia 20 de agosto at\u00e9 \u00e0s 23h59 do dia 09 de setembro<\/strong>, exclusivamente pela Internet, no endere\u00e7o eletr\u00f4nico da <a href=\"http:\/\/progep.furg.br\/bin\/edital\/index.php\" target=\"_blank\" rel=\"noreferrer noopener\">FURG<\/a>. A taxa de participa\u00e7\u00e3o ficou fixada em R$ 140,00.<\/p>\n\n\n\n<ul class=\"wp-block-list has-electric-grass-gradient-background has-background\">\n<li><strong>Concurso FURG &#8211; TAE (n\u00edvel superior) <\/strong><\/li>\n\n\n\n<li><strong>Status:<\/strong> provas em 30\/11<\/li>\n\n\n\n<li><strong>Banca:<\/strong> FURG<\/li>\n\n\n\n<li><strong>Vagas:<\/strong> 13<\/li>\n\n\n\n<li><strong>Escolaridade:<\/strong> Superior <\/li>\n\n\n\n<li><strong>Sal\u00e1rios:<\/strong> R$ 4.967,04 + benef\u00edcios <\/li>\n\n\n\n<li><strong>Edital:<\/strong> <a href=\"https:\/\/www.in.gov.br\/en\/web\/dou\/-\/edital-n-17-de-8-de-agosto-de-2025-648212563\" target=\"_blank\" rel=\"noreferrer noopener\">FURG TAE 2025 (superior)<\/a><\/li>\n<\/ul>\n\n\n\n<p>J\u00e1 o concurso da Universidade Federal do Rio Grande (FURG), publicado em mar\u00e7o deste ano, cuja oferta foi para T\u00e9cnico-Administrativo em Educa\u00e7\u00e3o (TAE) quanto para F\u00edsico e Qu\u00edmico, foi <strong>homologado<\/strong>.<\/p>\n\n\n\n<ul class=\"wp-block-list\">\n<li><a href=\"https:\/\/dhg1h5j42swfq.cloudfront.net\/2025\/08\/11054729\/edital-no-19-de-7-de-novembro-de-2025-edital-no-19-de-7-de-novembro-de-2025-dou-imprensa-nacional.pdf\" target=\"_blank\" rel=\"noreferrer noopener nofollow\">Classifica\u00e7\u00e3o final<\/a>.<\/li>\n<\/ul>\n\n\n\n<p>Foram oferecidas&nbsp;<strong>7 vagas de n\u00edvel m\u00e9dio<\/strong>&nbsp;para a especialidade de Assistente em Administra\u00e7\u00e3o, com sal\u00e1rio inicial de&nbsp;<strong>R$ 3.029,90<\/strong>&nbsp;e&nbsp;<strong>aux\u00edlio-alimenta\u00e7\u00e3o de R$ 1.000,00<\/strong>. <\/p>\n\n\n\n<p>Al\u00e9m disso, o certame trouxe&nbsp;<strong>2 vagas de n\u00edvel superior<\/strong>&nbsp;para os cargos de&nbsp;<strong>F\u00edsico e Qu\u00edmico<\/strong>, com remunera\u00e7\u00e3o de&nbsp;<strong>R$ 4.967,04<\/strong>&nbsp;e&nbsp;<strong>aux\u00edlio-alimenta\u00e7\u00e3o de R$ 1.000,00<\/strong>. <\/p>\n\n\n\n<ul class=\"wp-block-list has-electric-grass-gradient-background has-background\">\n<li><strong>Concurso FURG &#8211; TAE (n\u00edvel m\u00e9dio) \/ F\u00edsico e Qu\u00edmico<\/strong><\/li>\n\n\n\n<li><strong>Status:<\/strong> homologado<\/li>\n\n\n\n<li><strong>Banca:<\/strong> FURG<\/li>\n\n\n\n<li><strong>Vagas:<\/strong> 7 TAE | 2 F\u00edsico e Qu\u00edmico<\/li>\n\n\n\n<li><strong>Escolaridade:<\/strong> Superior <\/li>\n\n\n\n<li><strong>Sal\u00e1rios TAE:<\/strong> R$ 3.029,90 e aux\u00edlio alimenta\u00e7\u00e3o no valor de R$1.000,00<\/li>\n\n\n\n<li><strong>Sal\u00e1rios F\u00edsico e Qu\u00edmico: <\/strong> R$4.967,04 e aux\u00edlio alimenta\u00e7\u00e3o no valor de R$1.000,00<\/li>\n\n\n\n<li><strong>Edital:<\/strong> <a href=\"https:\/\/dhg1h5j42swfq.cloudfront.net\/2025\/03\/10112655\/edital_de_abertura_n_02_2025_1670703-1.pdf\">FURG TAE (m\u00e9dio)<\/a><\/li>\n\n\n\n<li><strong>Edital:<\/strong> <a href=\"https:\/\/www.in.gov.br\/en\/web\/dou\/-\/edital-n-1-de-25-de-fevereiro-de-2025-615295372\" target=\"_blank\" rel=\"noreferrer noopener\">FURG F\u00edsico e Qu\u00edmico<\/a><\/li>\n<\/ul>\n\n\n\n<div class=\"col-sm\">\n      <div class=\"banner-estrategia\" id=\"box-assinatura\">\n        <h3 class=\"titulo-assinatura\">Cursos FURG RS<\/h3>\n        <p class=\"subtitulo-assinatura\">Conhe\u00e7a os cursos<\/p>\n        <div class=\"box-botao\">\n          <a class=\"btn-assinatura\" target=\"_blank\" href=\"https:\/\/www.estrategiaconcursos.com.br\/cursosPorConcurso\/universidade-federal-do-rio-grande-furg\/\" role=\"button\" rel=\"noopener noreferrer\">Conhe\u00e7a mais<\/a>\n        <\/div>\n      <\/div>\n      \n    <\/div>\n\n\n\n<p>Confira todas as informa\u00e7\u00f5es sobre o edital atrav\u00e9s do \u00edndice abaixo!<\/p>\n\n\n\n<ul class=\"wp-block-list\">\n<li><strong><a href=\"#atual-2\">Situa\u00e7\u00e3o atual<\/a><\/strong>\n<ul class=\"wp-block-list\">\n<li><a href=\"#datas-2024\"><strong>Principais datas<\/strong><\/a><\/li>\n<\/ul>\n<\/li>\n\n\n\n<li><strong><a href=\"#cargos-2024\">Cargos, vagas e sal\u00e1rios<\/a><\/strong><\/li>\n\n\n\n<li><strong><a href=\"#etapas-2024\">Etapas e provas<\/a><\/strong><\/li>\n\n\n\n<li><strong><a href=\"#cursos\">Cursos e Assinaturas<\/a><\/strong><\/li>\n\n\n\n<li><strong><a href=\"#ficha\">Ficha T\u00e9cnica<\/a><\/strong><\/li>\n<\/ul>\n\n\n\n<h2 class=\"wp-block-heading\" id=\"h-concurso-furg-rs-situacao-atual\">Concurso FURG RS: situa\u00e7\u00e3o atual<\/h2>\n\n\n\n<h3 class=\"wp-block-heading\" id=\"datas-2024\">Principais datas &#8211; n\u00edvel m\u00e9dio<\/h3>\n\n\n\n<ul style=\"background-color:#00d10a24\" class=\"wp-block-list has-background\">\n<li><strong>Inscri\u00e7\u00f5es<\/strong>: <s>de 17\/03 a 7\/04<\/s><\/li>\n\n\n\n<li><strong>Prova<\/strong>: <s>25\/05\/2025<\/s><\/li>\n<\/ul>\n\n\n\n<h3 class=\"wp-block-heading\" id=\"datas-2024\">Principais datas &#8211; F\u00edsico e Qu\u00edmico<\/h3>\n\n\n\n<ul style=\"background-color:#00d10a24\" class=\"wp-block-list has-background\">\n<li><strong>Inscri\u00e7\u00f5es<\/strong>: <s>de 06\/03\/2025 a 25\/03\/2025<\/s><\/li>\n\n\n\n<li><strong>Prova<\/strong>:<s> 15\/06\/2025<\/s><\/li>\n<\/ul>\n\n\n\n<h3 class=\"wp-block-heading\" id=\"datas-2024\">Principais datas &#8211; n\u00edvel superior <\/h3>\n\n\n\n<ul style=\"background-color:#00d10a24\" class=\"wp-block-list has-background\">\n<li><strong>Inscri\u00e7\u00f5es<\/strong>: <s>de 20\/08 a 09\/09<\/s><\/li>\n\n\n\n<li><strong>Prova<\/strong>: 30\/11\/2025<\/li>\n<\/ul>\n\n\n\n<h2 class=\"wp-block-heading\" id=\"cargos-2024\">Cargos, vagas e sal\u00e1rios do concurso FURG RS<\/h2>\n\n\n\n<h3 class=\"wp-block-heading\" id=\"h-nivel-medio\">N\u00edvel m\u00e9dio <\/h3>\n\n\n\n<figure class=\"wp-block-table is-style-stripes\"><table class=\"has-electric-grass-gradient-background has-background\"><thead><tr><th>CARGOS<\/th><th class=\"has-text-align-center\" data-align=\"center\">VAGAS<\/th><th class=\"has-text-align-center\" data-align=\"center\">SAL\u00c1RIO<\/th><\/tr><\/thead><tbody><tr><td>Assistente em Administra\u00e7\u00e3o<\/td><td class=\"has-text-align-center\" data-align=\"center\">07<\/td><td class=\"has-text-align-center\" data-align=\"center\">R$3.029,90<\/td><\/tr><\/tbody><\/table><figcaption class=\"wp-element-caption\">Cargos, vagas e sal\u00e1rios para n\u00edvel m\u00e9dio<\/figcaption><\/figure>\n\n\n\n<h3 class=\"wp-block-heading\" id=\"h-fisico-e-quimico\">F\u00edsico e Qu\u00edmico<\/h3>\n\n\n\n<figure class=\"wp-block-table is-style-stripes\"><table class=\"has-electric-grass-gradient-background has-background\"><thead><tr><th>CARGOS<\/th><th class=\"has-text-align-center\" data-align=\"center\">VAGAS<\/th><th class=\"has-text-align-center\" data-align=\"center\">SAL\u00c1RIO<\/th><\/tr><\/thead><tbody><tr><td>F\u00edsico<\/td><td class=\"has-text-align-center\" data-align=\"center\">01<\/td><td class=\"has-text-align-center\" data-align=\"center\">R$ 4.967,04<\/td><\/tr><tr><td>Qu\u00edmico<\/td><td class=\"has-text-align-center\" data-align=\"center\">01<\/td><td class=\"has-text-align-center\" data-align=\"center\">R$ 4.967,04<\/td><\/tr><\/tbody><\/table><figcaption class=\"wp-element-caption\">Cargos, vagas e sal\u00e1rios para n\u00edvel superior<\/figcaption><\/figure>\n\n\n\n<h3 class=\"wp-block-heading\" id=\"h-nivel-superior\">N\u00edvel superior <\/h3>\n\n\n\n<figure class=\"wp-block-table is-style-stripes\"><table class=\"has-electric-grass-gradient-background has-background\"><thead><tr><th>CARGOS<\/th><th class=\"has-text-align-center\" data-align=\"center\">VAGAS<\/th><th class=\"has-text-align-center\" data-align=\"center\">SAL\u00c1RIO<\/th><\/tr><\/thead><tbody><tr><td>Muse\u00f3logo<\/td><td class=\"has-text-align-center\" data-align=\"center\">01<\/td><td class=\"has-text-align-center\" data-align=\"center\">R$ 4.967,04<\/td><\/tr><tr><td>T\u00e9cnico em Assuntos Educacionai<\/td><td class=\"has-text-align-center\" data-align=\"center\">12<\/td><td class=\"has-text-align-center\" data-align=\"center\">R$ 4.967,04<\/td><\/tr><\/tbody><\/table><figcaption class=\"wp-element-caption\">Cargos, vagas e sal\u00e1rios para n\u00edvel superior<\/figcaption><\/figure>\n\n\n\n<p>O aprovado receber\u00e1 aux\u00edlio alimenta\u00e7\u00e3o no valor de R$ 1.000,00, mais percentuais de incentivo \u00e0 qualifica\u00e7\u00e3o e \u00e0 capacita\u00e7\u00e3o.<\/p>\n\n\n\n<h2 class=\"wp-block-heading\" id=\"etapas-2024\">Etapas e provas do concurso FURG RS<\/h2>\n\n\n\n<h3 class=\"wp-block-heading\" id=\"h-nivel-medio-0\">N\u00edvel m\u00e9dio <\/h3>\n\n\n\n<p>Os candidatos foram avaliados no dia 25 de maio por meio de prova objetiva, de car\u00e1ter eliminat\u00f3rio e classificat\u00f3rio.<\/p>\n\n\n\n<p>As provas objetivas foram compostas por 50 quest\u00f5es de m\u00faltipla escolha, onde cada uma das quest\u00f5es teve 5 alternativas, das quais apenas uma seria a correta:<\/p>\n\n\n\n<ul class=\"wp-block-list\">\n<li>L\u00edngua Portuguesa: 15 quest\u00f5es;<\/li>\n\n\n\n<li>Direito e Legisla\u00e7\u00e3o: 15 quest\u00f5es;<\/li>\n\n\n\n<li>Inform\u00e1tica: 10 quest\u00f5es;<\/li>\n\n\n\n<li>Racioc\u00ednio L\u00f3gico: 10 quest\u00f5es.<\/li>\n<\/ul>\n\n\n\n<h3 class=\"wp-block-heading\" id=\"h-fisico-e-quimico-0\">F\u00edsico e Qu\u00edmico<\/h3>\n\n\n\n<p>Os candidatos foram avaliados por meio de prova objetiva, aplicada no dia 15 de junho. Al\u00e9m disso, houve avalia\u00e7\u00e3o de t\u00edtulos.<\/p>\n\n\n\n<p>A prova objetiva, de car\u00e1ter eliminat\u00f3rio e peso 6, consistiu em 25 quest\u00f5es de conhecimento espec\u00edfico.<\/p>\n\n\n\n<p>As quest\u00f5es eram de m\u00faltipla escolha, com cinco alternativas, das quais apenas uma era correta, e valiam 0,4 (quatro d\u00e9cimos) de ponto, totalizando 10 (dez) pontos.<\/p>\n\n\n\n<p>Somente foi admitido \u00e0 fase seguinte (da 1\u00aa para a 2\u00aa) o candidato que obteve nota igual ou superior a 6 (seis) pontos e que esteve classificado at\u00e9 o n\u00famero m\u00e1ximo de candidatos indicado na tabela, incluindo os empatados na \u00faltima posi\u00e7\u00e3o.<\/p>\n\n\n\n<p>A prova de t\u00edtulos, de car\u00e1ter classificat\u00f3rio e peso 4, foi analisada conforme os crit\u00e9rios exigidos no edital.<\/p>\n\n\n\n<h3 class=\"wp-block-heading\" id=\"h-nivel-superior-0\">N\u00edvel superior <\/h3>\n\n\n\n<p>A prova te\u00f3rica est\u00e1 prevista para ser realizada no dia 30 de novembro, na cidade de Rio Grande\/RS. <\/p>\n\n\n\n<p>A avalia\u00e7\u00e3o te\u00f3rica, de car\u00e1ter eliminat\u00f3rio, com peso 6, consistir\u00e1 de uma prova objetiva, composta de 25 quest\u00f5es, de conhecimento espec\u00edfico. <\/p>\n\n\n\n<p>Cada uma das quest\u00f5es ter\u00e1 cinco alternativas, das quais apenas uma ser\u00e1 correta, e valer\u00e1 0,4 ponto, totalizando 10  pontos.<\/p>\n\n\n\n<p>Somente ser\u00e1 admitido \u00e0 fase seguinte (da 1\u00aa para a 2\u00aa) o candidato que obtiver nota igual ou superior a 6 pontos e estiver classificado at\u00e9 o n\u00famero m\u00e1ximo de candidatos indicado na tabela abaixo e os empatados na \u00faltima posi\u00e7\u00e3o.<\/p>\n\n\n\n<h2 class=\"wp-block-heading\" id=\"h-ultimo-concurso-furg-rs\">\u00daltimo concurso FURG RS<\/h2>\n\n\n\n<p>O \u00faltimo concurso FURG ofertou uma vaga para T\u00e9cnico de Tecnologia da Informa\u00e7\u00e3o com sal\u00e1rio de<strong> R$ 2.667,19<\/strong>. O aprovado recebe aux\u00edlio alimenta\u00e7\u00e3o no valor de R$ 1.000,00, mais percentuais de incentivo \u00e0 qualifica\u00e7\u00e3o e \u00e0 capacita\u00e7\u00e3o.<\/p>\n\n\n\n<p>Os candidatos foram avaliados por meio das seguintes etapas:<\/p>\n\n\n\n<ul class=\"wp-block-list\">\n<li>Prova Objetiva; e<\/li>\n\n\n\n<li>Prova de T\u00edtulos.<\/li>\n<\/ul>\n\n\n\n<p>A data da prova foi no dia 29 de setembro de 2024.<\/p>\n\n\n\n<p>A sele\u00e7\u00e3o dos candidatos inscritos no edital FURG se deu mediante aplica\u00e7\u00e3o das seguintes etapas:<\/p>\n\n\n\n<ul class=\"wp-block-list\">\n<li>Prova te\u00f3rica \u2013 eliminat\u00f3rio e classificat\u00f3rio;<\/li>\n\n\n\n<li>Prova de T\u00edtulos \u2013 classificat\u00f3rio.<\/li>\n<\/ul>\n\n\n\n<p>A prova objetiva foi aplicada no dia 20 de outubro de 2024.<\/p>\n\n\n\n<hr class=\"wp-block-separator has-css-opacity\"\/>\n\n\n\n<h2 class=\"wp-block-heading has-text-align-center\" id=\"h-quer-saber-tudo-sobre-concursos-previstos-confira-nossos-artigos\">Quer saber tudo sobre concursos previstos?<br \/>Confira nossos artigos!<\/h2>\n\n\n\n<ul class=\"wp-block-list\">\n<li><a href=\"https:\/\/www.estrategiaconcursos.com.br\/blog\/concursos-abertos\/\" target=\"_blank\" rel=\"noreferrer noopener\">Concursos abertos<\/a><\/li>\n\n\n\n<li><a href=\"https:\/\/www.estrategiaconcursos.com.br\/blog\/concursos-educacao\/\">Concursos educa\u00e7\u00e3o<\/a><\/li>\n\n\n\n<li><a href=\"https:\/\/www.estrategiaconcursos.com.br\/blog\/concursos-2025\/\">Concursos 2025<\/a><\/li>\n\n\n\n<li><a href=\"https:\/\/www.estrategiaconcursos.com.br\/blog\/concursos-2026\/\">Concursos 2026<\/a><\/li>\n<\/ul>\n\n\n\n<h2 class=\"wp-block-heading has-text-align-center\" id=\"cursos\">Quer estudar para o concurso FURG RS?<\/h2>\n\n\n\n<p class=\"has-text-align-center\">Gostou desta oportunidade e deseja come\u00e7ar se preparar agora mesmo? <br \/>Ent\u00e3o, confira os nossos cursos e comece a estudar para FURG RS:<\/p>\n\n\n\n<div class=\"col-sm\">\n      <div class=\"banner-estrategia\" id=\"box-assinatura\">\n        <h3 class=\"titulo-assinatura\">Cursos FURG RS<\/h3>\n        <p class=\"subtitulo-assinatura\">Conhe\u00e7a os cursos<\/p>\n        <div class=\"box-botao\">\n          <a class=\"btn-assinatura\" target=\"_blank\" href=\"https:\/\/www.estrategiaconcursos.com.br\/cursosPorConcurso\/universidade-federal-do-rio-grande-furg\/\" role=\"button\" rel=\"noopener noreferrer\">Conhe\u00e7a mais<\/a>\n        <\/div>\n      <\/div>\n     \n    <\/div>\n\n\n\n<div class=\"container\" id=\"boxes\">\n  <div class=\"row\">\n\n    <div class=\"col-sm\">\n      <div class=\"estrategia\" id=\"box-assinatura\">\n        <h3 class=\"titulo-assinatura\">Assinatura Concursos<\/h3>\n        <p class=\"subtitulo-assinatura\">Assinatura de 1 ano ou 2 anos<\/p>\n        <div class=\"box-botao\">\n          <a class=\"btn-assinatura\" target=\"_blank\" href=\"https:\/\/www.estrategiaconcursos.com.br\/assinaturas\/\" role=\"button\" rel=\"noopener noreferrer\">ASSINE AGORA<\/a>\n        <\/div>\n      <\/div>\n     \n    <\/div><\/div><\/div>\n\n\n\n<figure class=\"wp-block-image size-large is-resized\"><img loading=\"lazy\" decoding=\"async\" width=\"1024\" height=\"632\" src=\"https:\/\/dhg1h5j42swfq.cloudfront.net\/2021\/04\/05171352\/ficha-tecnica-33-1024x632.png\" alt=\"Concurso FURG\" class=\"wp-image-707823\" style=\"width:272px;height:167px\" srcset=\"https:\/\/dhg1h5j42swfq.cloudfront.net\/2021\/04\/05171352\/ficha-tecnica-33-1024x632.png 1024w, https:\/\/dhg1h5j42swfq.cloudfront.net\/2021\/04\/05171352\/ficha-tecnica-33-300x185.png 300w, https:\/\/dhg1h5j42swfq.cloudfront.net\/2021\/04\/05171352\/ficha-tecnica-33-768x474.png 768w, https:\/\/dhg1h5j42swfq.cloudfront.net\/2021\/04\/05171352\/ficha-tecnica-33-1536x948.png 1536w, https:\/\/dhg1h5j42swfq.cloudfront.net\/2021\/04\/05171352\/ficha-tecnica-33-610x377.png 610w, https:\/\/dhg1h5j42swfq.cloudfront.net\/2021\/04\/05171352\/ficha-tecnica-33.png 1571w\" sizes=\"auto, (max-width: 1024px) 100vw, 1024px\" \/><\/figure>\n\n\n\n<h4 class=\"wp-block-heading\" id=\"informacoes-do-concurso-furg-rs-2022\">Informa\u00e7\u00f5es do concurso FURG RS &#8211; F\u00edsico e Qu\u00edmico<\/h4>\n\n\n\n<ul class=\"wp-block-list\">\n<li><strong>Provas:<\/strong> <s>15\/06\/2025<\/s><\/li>\n\n\n\n<li><strong>Cargos:<\/strong> Qu\u00edmico e F\u00edsico <\/li>\n\n\n\n<li><strong>Banca<\/strong>: comiss\u00e3o pr\u00f3pria<\/li>\n\n\n\n<li><strong>Escolaridade<\/strong>: Superior<\/li>\n\n\n\n<li><strong>Edital:<\/strong> <a href=\"https:\/\/www.in.gov.br\/en\/web\/dou\/-\/edital-n-1-de-25-de-fevereiro-de-2025-615295372\" target=\"_blank\" rel=\"noreferrer noopener\">FURG F\u00edsico e Qu\u00edmico<\/a><\/li>\n<\/ul>\n\n\n\n<h4 class=\"wp-block-heading\" id=\"informacoes-do-concurso-furg-rs-2022\">Informa\u00e7\u00f5es do concurso FURG RS &#8211; TAE<\/h4>\n\n\n\n<ul class=\"wp-block-list\">\n<li><strong>Provas:<\/strong> <s>25\/05\/2025<\/s><\/li>\n\n\n\n<li><strong>Cargos:<\/strong> T\u00e9cnico-Administrativo em Educa\u00e7\u00e3o<\/li>\n\n\n\n<li><strong>Banca<\/strong>: comiss\u00e3o pr\u00f3pria<\/li>\n\n\n\n<li><strong>Escolaridade<\/strong>: M\u00e9dio<\/li>\n\n\n\n<li><strong>Edital:<\/strong> <a href=\"https:\/\/dhg1h5j42swfq.cloudfront.net\/2025\/03\/10112655\/edital_de_abertura_n_02_2025_1670703-1.pdf\" target=\"_blank\" rel=\"noreferrer noopener nofollow\">FURG TAE (m\u00e9dio)<\/a><\/li>\n<\/ul>\n\n\n\n<h4 class=\"wp-block-heading\" id=\"informacoes-do-concurso-furg-rs-2022\">Informa\u00e7\u00f5es do concurso FURG RS &#8211; TAE n\u00edvel superior <\/h4>\n\n\n\n<ul class=\"wp-block-list\">\n<li><strong>Provas:<\/strong> 30\/11\/2025<\/li>\n\n\n\n<li><strong>Cargos:<\/strong> T\u00e9cnico-Administrativo em Educa\u00e7\u00e3o<\/li>\n\n\n\n<li><strong>Banca<\/strong>: comiss\u00e3o pr\u00f3pria<\/li>\n\n\n\n<li><strong>Escolaridade<\/strong>: superior <\/li>\n\n\n\n<li><strong>Edital:<\/strong> <a href=\"https:\/\/www.in.gov.br\/en\/web\/dou\/-\/edital-n-17-de-8-de-agosto-de-2025-648212563\" target=\"_blank\" rel=\"noreferrer noopener\">FURG TAE (superior)<\/a><\/li>\n<\/ul>\n","protected":false},"excerpt":{"rendered":"<p>A Universidade Federal do Rio Grande publicou novo edital com a oferta de 13 vagas para provimento de dois cargos na carreira de servidor T\u00e9cnico-Administrativo em Educa\u00e7\u00e3o, s\u00e3o eles: As oportunidades s\u00e3o de n\u00edvel superior de forma\u00e7\u00e3o. Os aprovados ter\u00e3o sal\u00e1rio inicial de R$ 4.967,04 e aux\u00edlio alimenta\u00e7\u00e3o no valor de R$ 1.000,00, al\u00e9m de [&hellip;]<\/p>\n","protected":false},"author":1,"featured_media":698696,"comment_status":"open","ping_status":"closed","sticky":false,"template":"","format":"standard","meta":{"post_tipo":"news_page","footnotes":""},"categories":[3766],"tags":[],"tax_estado":[219986],"class_list":["post-912265","post","type-post","status-publish","format-standard","has-post-thumbnail","hentry","category-educacional","tax_estado-rs"],"acf":[],"yoast_head":"<!-- This site is optimized with the Yoast SEO Premium plugin v27.2 (Yoast SEO v27.2) - https:\/\/yoast.com\/product\/yoast-seo-premium-wordpress\/ -->\n<title>Concurso FURG RS: edital \u00e9 HOMOLOGADO; confira!<\/title>\n<meta name=\"description\" content=\"Concurso FURG RS: edital para TAE, de n\u00edvel superior, est\u00e1 com as inscri\u00e7\u00f5es encerradas e ter\u00e1 provas em 30\/11.\" \/>\n<meta name=\"robots\" content=\"index, follow, max-snippet:-1, max-image-preview:large, max-video-preview:-1\" \/>\n<link rel=\"canonical\" href=\"https:\/\/www.estrategiaconcursos.com.br\/blog\/concurso-furg-rs\/\" \/>\n<meta property=\"og:locale\" content=\"pt_BR\" \/>\n<meta property=\"og:type\" content=\"article\" \/>\n<meta property=\"og:title\" content=\"Concurso FURG RS: edital \u00e9 HOMOLOGADO; confira!\" \/>\n<meta property=\"og:description\" content=\"Concurso FURG RS: edital para TAE, de n\u00edvel superior, est\u00e1 com as inscri\u00e7\u00f5es encerradas e ter\u00e1 provas em 30\/11.\" \/>\n<meta property=\"og:url\" content=\"https:\/\/www.estrategiaconcursos.com.br\/blog\/concurso-furg-rs\/\" \/>\n<meta property=\"og:site_name\" content=\"Estrat\u00e9gia Concursos\" \/>\n<meta property=\"article:author\" content=\"https:\/\/www.facebook.com\/EstrategiaConcursos\" \/>\n<meta property=\"article:published_time\" content=\"2025-11-11T08:50:00+00:00\" \/>\n<meta property=\"article:modified_time\" content=\"2025-11-11T12:06:49+00:00\" \/>\n<meta property=\"og:image\" content=\"https:\/\/dhg1h5j42swfq.cloudfront.net\/2021\/02\/22172036\/concursos-educacao.jpg\" \/>\n\t<meta property=\"og:image:width\" content=\"1200\" \/>\n\t<meta property=\"og:image:height\" content=\"628\" \/>\n\t<meta property=\"og:image:type\" content=\"image\/jpeg\" \/>\n<meta name=\"author\" content=\"Coordena\u00e7\u00e3o\" \/>\n<meta name=\"twitter:card\" content=\"summary_large_image\" \/>\n<meta name=\"twitter:creator\" content=\"@EstratConcursos\" \/>\n<meta name=\"twitter:site\" content=\"@EstratConcursos\" \/>\n<meta name=\"twitter:label1\" content=\"Escrito por\" \/>\n\t<meta name=\"twitter:data1\" content=\"Coordena\u00e7\u00e3o\" \/>\n\t<meta name=\"twitter:label2\" content=\"Est. tempo de leitura\" \/>\n\t<meta name=\"twitter:data2\" content=\"7 minutos\" \/>\n<script type=\"application\/ld+json\" class=\"yoast-schema-graph\">{\"@context\":\"https:\/\/schema.org\",\"@graph\":[{\"@type\":\"NewsArticle\",\"@id\":\"https:\/\/www.estrategiaconcursos.com.br\/blog\/concurso-furg-rs\/#article\",\"isPartOf\":{\"@id\":\"https:\/\/www.estrategiaconcursos.com.br\/blog\/concurso-furg-rs\/\"},\"author\":{\"name\":\"Coordena\u00e7\u00e3o\",\"@id\":\"https:\/\/www.estrategiaconcursos.com.br\/blog\/#\/schema\/person\/b4a388c97673c5f483d72185668afa1f\"},\"headline\":\"Concurso FURG RS: edital \u00e9 HOMOLOGADO; confira!\",\"datePublished\":\"2025-11-11T08:50:00+00:00\",\"dateModified\":\"2025-11-11T12:06:49+00:00\",\"mainEntityOfPage\":{\"@id\":\"https:\/\/www.estrategiaconcursos.com.br\/blog\/concurso-furg-rs\/\"},\"wordCount\":1095,\"commentCount\":0,\"publisher\":{\"@id\":\"https:\/\/www.estrategiaconcursos.com.br\/blog\/#organization\"},\"image\":{\"@id\":\"https:\/\/www.estrategiaconcursos.com.br\/blog\/concurso-furg-rs\/#primaryimage\"},\"thumbnailUrl\":\"https:\/\/dhg1h5j42swfq.cloudfront.net\/2021\/02\/22172036\/concursos-educacao.jpg\",\"articleSection\":[\"Educa\u00e7\u00e3o\"],\"inLanguage\":\"pt-BR\",\"potentialAction\":[{\"@type\":\"CommentAction\",\"name\":\"Comment\",\"target\":[\"https:\/\/www.estrategiaconcursos.com.br\/blog\/concurso-furg-rs\/#respond\"]}],\"copyrightYear\":\"2025\",\"copyrightHolder\":{\"@id\":\"https:\/\/www.estrategiaconcursos.com.br\/blog\/#organization\"}},{\"@type\":\"WebPage\",\"@id\":\"https:\/\/www.estrategiaconcursos.com.br\/blog\/concurso-furg-rs\/\",\"url\":\"https:\/\/www.estrategiaconcursos.com.br\/blog\/concurso-furg-rs\/\",\"name\":\"Concurso FURG RS: edital \u00e9 HOMOLOGADO; confira!\",\"isPartOf\":{\"@id\":\"https:\/\/www.estrategiaconcursos.com.br\/blog\/#website\"},\"primaryImageOfPage\":{\"@id\":\"https:\/\/www.estrategiaconcursos.com.br\/blog\/concurso-furg-rs\/#primaryimage\"},\"image\":{\"@id\":\"https:\/\/www.estrategiaconcursos.com.br\/blog\/concurso-furg-rs\/#primaryimage\"},\"thumbnailUrl\":\"https:\/\/dhg1h5j42swfq.cloudfront.net\/2021\/02\/22172036\/concursos-educacao.jpg\",\"datePublished\":\"2025-11-11T08:50:00+00:00\",\"dateModified\":\"2025-11-11T12:06:49+00:00\",\"description\":\"Concurso FURG RS: edital para TAE, de n\u00edvel superior, est\u00e1 com as inscri\u00e7\u00f5es encerradas e ter\u00e1 provas em 30\/11.\",\"breadcrumb\":{\"@id\":\"https:\/\/www.estrategiaconcursos.com.br\/blog\/concurso-furg-rs\/#breadcrumb\"},\"inLanguage\":\"pt-BR\",\"potentialAction\":[{\"@type\":\"ReadAction\",\"target\":[\"https:\/\/www.estrategiaconcursos.com.br\/blog\/concurso-furg-rs\/\"]}]},{\"@type\":\"ImageObject\",\"inLanguage\":\"pt-BR\",\"@id\":\"https:\/\/www.estrategiaconcursos.com.br\/blog\/concurso-furg-rs\/#primaryimage\",\"url\":\"https:\/\/dhg1h5j42swfq.cloudfront.net\/2021\/02\/22172036\/concursos-educacao.jpg\",\"contentUrl\":\"https:\/\/dhg1h5j42swfq.cloudfront.net\/2021\/02\/22172036\/concursos-educacao.jpg\",\"width\":1200,\"height\":628,\"caption\":\"educa\u00e7\u00e3o\"},{\"@type\":\"BreadcrumbList\",\"@id\":\"https:\/\/www.estrategiaconcursos.com.br\/blog\/concurso-furg-rs\/#breadcrumb\",\"itemListElement\":[{\"@type\":\"ListItem\",\"position\":1,\"name\":\"In\u00edcio\",\"item\":\"https:\/\/www.estrategiaconcursos.com.br\/blog\/\"},{\"@type\":\"ListItem\",\"position\":2,\"name\":\"Concurso FURG RS: edital \u00e9 HOMOLOGADO; confira!\"}]},{\"@type\":\"WebSite\",\"@id\":\"https:\/\/www.estrategiaconcursos.com.br\/blog\/#website\",\"url\":\"https:\/\/www.estrategiaconcursos.com.br\/blog\/\",\"name\":\"Estrat\u00e9gia Concursos\",\"description\":\"O blog da Estrat\u00e9gia Concursos traz not\u00edcias sobre concursos e artigos de professores oferecendo cursos para concursos (pdf + videaulas) no site.\",\"publisher\":{\"@id\":\"https:\/\/www.estrategiaconcursos.com.br\/blog\/#organization\"},\"potentialAction\":[{\"@type\":\"SearchAction\",\"target\":{\"@type\":\"EntryPoint\",\"urlTemplate\":\"https:\/\/www.estrategiaconcursos.com.br\/blog\/?s={search_term_string}\"},\"query-input\":{\"@type\":\"PropertyValueSpecification\",\"valueRequired\":true,\"valueName\":\"search_term_string\"}}],\"inLanguage\":\"pt-BR\"},{\"@type\":\"Organization\",\"@id\":\"https:\/\/www.estrategiaconcursos.com.br\/blog\/#organization\",\"name\":\"Estrat\u00e9gia Concursos\",\"url\":\"https:\/\/www.estrategiaconcursos.com.br\/blog\/\",\"logo\":{\"@type\":\"ImageObject\",\"inLanguage\":\"pt-BR\",\"@id\":\"https:\/\/www.estrategiaconcursos.com.br\/blog\/#\/schema\/logo\/image\/\",\"url\":\"https:\/\/dhg1h5j42swfq.cloudfront.net\/2025\/06\/03203428\/logo_concursos-1.jpg\",\"contentUrl\":\"https:\/\/dhg1h5j42swfq.cloudfront.net\/2025\/06\/03203428\/logo_concursos-1.jpg\",\"width\":230,\"height\":60,\"caption\":\"Estrat\u00e9gia Concursos\"},\"image\":{\"@id\":\"https:\/\/www.estrategiaconcursos.com.br\/blog\/#\/schema\/logo\/image\/\"},\"sameAs\":[\"https:\/\/x.com\/EstratConcursos\"]},{\"@type\":\"Person\",\"@id\":\"https:\/\/www.estrategiaconcursos.com.br\/blog\/#\/schema\/person\/b4a388c97673c5f483d72185668afa1f\",\"name\":\"Coordena\u00e7\u00e3o\",\"image\":{\"@type\":\"ImageObject\",\"inLanguage\":\"pt-BR\",\"@id\":\"https:\/\/secure.gravatar.com\/avatar\/b720319e4c9a967eb58678d110f4fe35452fc5d5f97b202bac7b8acceb18c6ad?s=96&d=mm&r=g\",\"url\":\"https:\/\/secure.gravatar.com\/avatar\/b720319e4c9a967eb58678d110f4fe35452fc5d5f97b202bac7b8acceb18c6ad?s=96&d=mm&r=g\",\"contentUrl\":\"https:\/\/secure.gravatar.com\/avatar\/b720319e4c9a967eb58678d110f4fe35452fc5d5f97b202bac7b8acceb18c6ad?s=96&d=mm&r=g\",\"caption\":\"Coordena\u00e7\u00e3o\"},\"sameAs\":[\"https:\/\/www.facebook.com\/EstrategiaConcursos\",\"https:\/\/x.com\/EstratConcursos\"],\"url\":\"https:\/\/www.estrategiaconcursos.com.br\/blog\/author\/estrategia2013\/\"}]}<\/script>\n<!-- \/ Yoast SEO Premium plugin. -->","yoast_head_json":{"title":"Concurso FURG RS: edital \u00e9 HOMOLOGADO; confira!","description":"Concurso FURG RS: edital para TAE, de n\u00edvel superior, est\u00e1 com as inscri\u00e7\u00f5es encerradas e ter\u00e1 provas em 30\/11.","robots":{"index":"index","follow":"follow","max-snippet":"max-snippet:-1","max-image-preview":"max-image-preview:large","max-video-preview":"max-video-preview:-1"},"canonical":"https:\/\/www.estrategiaconcursos.com.br\/blog\/concurso-furg-rs\/","og_locale":"pt_BR","og_type":"article","og_title":"Concurso FURG RS: edital \u00e9 HOMOLOGADO; confira!","og_description":"Concurso FURG RS: edital para TAE, de n\u00edvel superior, est\u00e1 com as inscri\u00e7\u00f5es encerradas e ter\u00e1 provas em 30\/11.","og_url":"https:\/\/www.estrategiaconcursos.com.br\/blog\/concurso-furg-rs\/","og_site_name":"Estrat\u00e9gia Concursos","article_author":"https:\/\/www.facebook.com\/EstrategiaConcursos","article_published_time":"2025-11-11T08:50:00+00:00","article_modified_time":"2025-11-11T12:06:49+00:00","og_image":[{"width":1200,"height":628,"url":"https:\/\/dhg1h5j42swfq.cloudfront.net\/2021\/02\/22172036\/concursos-educacao.jpg","type":"image\/jpeg"}],"author":"Coordena\u00e7\u00e3o","twitter_card":"summary_large_image","twitter_creator":"@EstratConcursos","twitter_site":"@EstratConcursos","twitter_misc":{"Escrito por":"Coordena\u00e7\u00e3o","Est. tempo de leitura":"7 minutos"},"schema":{"@context":"https:\/\/schema.org","@graph":[{"@type":"NewsArticle","@id":"https:\/\/www.estrategiaconcursos.com.br\/blog\/concurso-furg-rs\/#article","isPartOf":{"@id":"https:\/\/www.estrategiaconcursos.com.br\/blog\/concurso-furg-rs\/"},"author":{"name":"Coordena\u00e7\u00e3o","@id":"https:\/\/www.estrategiaconcursos.com.br\/blog\/#\/schema\/person\/b4a388c97673c5f483d72185668afa1f"},"headline":"Concurso FURG RS: edital \u00e9 HOMOLOGADO; confira!","datePublished":"2025-11-11T08:50:00+00:00","dateModified":"2025-11-11T12:06:49+00:00","mainEntityOfPage":{"@id":"https:\/\/www.estrategiaconcursos.com.br\/blog\/concurso-furg-rs\/"},"wordCount":1095,"commentCount":0,"publisher":{"@id":"https:\/\/www.estrategiaconcursos.com.br\/blog\/#organization"},"image":{"@id":"https:\/\/www.estrategiaconcursos.com.br\/blog\/concurso-furg-rs\/#primaryimage"},"thumbnailUrl":"https:\/\/dhg1h5j42swfq.cloudfront.net\/2021\/02\/22172036\/concursos-educacao.jpg","articleSection":["Educa\u00e7\u00e3o"],"inLanguage":"pt-BR","potentialAction":[{"@type":"CommentAction","name":"Comment","target":["https:\/\/www.estrategiaconcursos.com.br\/blog\/concurso-furg-rs\/#respond"]}],"copyrightYear":"2025","copyrightHolder":{"@id":"https:\/\/www.estrategiaconcursos.com.br\/blog\/#organization"}},{"@type":"WebPage","@id":"https:\/\/www.estrategiaconcursos.com.br\/blog\/concurso-furg-rs\/","url":"https:\/\/www.estrategiaconcursos.com.br\/blog\/concurso-furg-rs\/","name":"Concurso FURG RS: edital \u00e9 HOMOLOGADO; confira!","isPartOf":{"@id":"https:\/\/www.estrategiaconcursos.com.br\/blog\/#website"},"primaryImageOfPage":{"@id":"https:\/\/www.estrategiaconcursos.com.br\/blog\/concurso-furg-rs\/#primaryimage"},"image":{"@id":"https:\/\/www.estrategiaconcursos.com.br\/blog\/concurso-furg-rs\/#primaryimage"},"thumbnailUrl":"https:\/\/dhg1h5j42swfq.cloudfront.net\/2021\/02\/22172036\/concursos-educacao.jpg","datePublished":"2025-11-11T08:50:00+00:00","dateModified":"2025-11-11T12:06:49+00:00","description":"Concurso FURG RS: edital para TAE, de n\u00edvel superior, est\u00e1 com as inscri\u00e7\u00f5es encerradas e ter\u00e1 provas em 30\/11.","breadcrumb":{"@id":"https:\/\/www.estrategiaconcursos.com.br\/blog\/concurso-furg-rs\/#breadcrumb"},"inLanguage":"pt-BR","potentialAction":[{"@type":"ReadAction","target":["https:\/\/www.estrategiaconcursos.com.br\/blog\/concurso-furg-rs\/"]}]},{"@type":"ImageObject","inLanguage":"pt-BR","@id":"https:\/\/www.estrategiaconcursos.com.br\/blog\/concurso-furg-rs\/#primaryimage","url":"https:\/\/dhg1h5j42swfq.cloudfront.net\/2021\/02\/22172036\/concursos-educacao.jpg","contentUrl":"https:\/\/dhg1h5j42swfq.cloudfront.net\/2021\/02\/22172036\/concursos-educacao.jpg","width":1200,"height":628,"caption":"educa\u00e7\u00e3o"},{"@type":"BreadcrumbList","@id":"https:\/\/www.estrategiaconcursos.com.br\/blog\/concurso-furg-rs\/#breadcrumb","itemListElement":[{"@type":"ListItem","position":1,"name":"In\u00edcio","item":"https:\/\/www.estrategiaconcursos.com.br\/blog\/"},{"@type":"ListItem","position":2,"name":"Concurso FURG RS: edital \u00e9 HOMOLOGADO; confira!"}]},{"@type":"WebSite","@id":"https:\/\/www.estrategiaconcursos.com.br\/blog\/#website","url":"https:\/\/www.estrategiaconcursos.com.br\/blog\/","name":"Estrat\u00e9gia Concursos","description":"O blog da Estrat\u00e9gia Concursos traz not\u00edcias sobre concursos e artigos de professores oferecendo cursos para concursos (pdf + videaulas) no site.","publisher":{"@id":"https:\/\/www.estrategiaconcursos.com.br\/blog\/#organization"},"potentialAction":[{"@type":"SearchAction","target":{"@type":"EntryPoint","urlTemplate":"https:\/\/www.estrategiaconcursos.com.br\/blog\/?s={search_term_string}"},"query-input":{"@type":"PropertyValueSpecification","valueRequired":true,"valueName":"search_term_string"}}],"inLanguage":"pt-BR"},{"@type":"Organization","@id":"https:\/\/www.estrategiaconcursos.com.br\/blog\/#organization","name":"Estrat\u00e9gia Concursos","url":"https:\/\/www.estrategiaconcursos.com.br\/blog\/","logo":{"@type":"ImageObject","inLanguage":"pt-BR","@id":"https:\/\/www.estrategiaconcursos.com.br\/blog\/#\/schema\/logo\/image\/","url":"https:\/\/dhg1h5j42swfq.cloudfront.net\/2025\/06\/03203428\/logo_concursos-1.jpg","contentUrl":"https:\/\/dhg1h5j42swfq.cloudfront.net\/2025\/06\/03203428\/logo_concursos-1.jpg","width":230,"height":60,"caption":"Estrat\u00e9gia Concursos"},"image":{"@id":"https:\/\/www.estrategiaconcursos.com.br\/blog\/#\/schema\/logo\/image\/"},"sameAs":["https:\/\/x.com\/EstratConcursos"]},{"@type":"Person","@id":"https:\/\/www.estrategiaconcursos.com.br\/blog\/#\/schema\/person\/b4a388c97673c5f483d72185668afa1f","name":"Coordena\u00e7\u00e3o","image":{"@type":"ImageObject","inLanguage":"pt-BR","@id":"https:\/\/secure.gravatar.com\/avatar\/b720319e4c9a967eb58678d110f4fe35452fc5d5f97b202bac7b8acceb18c6ad?s=96&d=mm&r=g","url":"https:\/\/secure.gravatar.com\/avatar\/b720319e4c9a967eb58678d110f4fe35452fc5d5f97b202bac7b8acceb18c6ad?s=96&d=mm&r=g","contentUrl":"https:\/\/secure.gravatar.com\/avatar\/b720319e4c9a967eb58678d110f4fe35452fc5d5f97b202bac7b8acceb18c6ad?s=96&d=mm&r=g","caption":"Coordena\u00e7\u00e3o"},"sameAs":["https:\/\/www.facebook.com\/EstrategiaConcursos","https:\/\/x.com\/EstratConcursos"],"url":"https:\/\/www.estrategiaconcursos.com.br\/blog\/author\/estrategia2013\/"}]}},"_links":{"self":[{"href":"https:\/\/www.estrategiaconcursos.com.br\/blog\/wp-json\/wp\/v2\/posts\/912265","targetHints":{"allow":["GET"]}}],"collection":[{"href":"https:\/\/www.estrategiaconcursos.com.br\/blog\/wp-json\/wp\/v2\/posts"}],"about":[{"href":"https:\/\/www.estrategiaconcursos.com.br\/blog\/wp-json\/wp\/v2\/types\/post"}],"author":[{"embeddable":true,"href":"https:\/\/www.estrategiaconcursos.com.br\/blog\/wp-json\/wp\/v2\/users\/1"}],"replies":[{"embeddable":true,"href":"https:\/\/www.estrategiaconcursos.com.br\/blog\/wp-json\/wp\/v2\/comments?post=912265"}],"version-history":[{"count":113,"href":"https:\/\/www.estrategiaconcursos.com.br\/blog\/wp-json\/wp\/v2\/posts\/912265\/revisions"}],"predecessor-version":[{"id":1668445,"href":"https:\/\/www.estrategiaconcursos.com.br\/blog\/wp-json\/wp\/v2\/posts\/912265\/revisions\/1668445"}],"wp:featuredmedia":[{"embeddable":true,"href":"https:\/\/www.estrategiaconcursos.com.br\/blog\/wp-json\/wp\/v2\/media\/698696"}],"wp:attachment":[{"href":"https:\/\/www.estrategiaconcursos.com.br\/blog\/wp-json\/wp\/v2\/media?parent=912265"}],"wp:term":[{"taxonomy":"category","embeddable":true,"href":"https:\/\/www.estrategiaconcursos.com.br\/blog\/wp-json\/wp\/v2\/categories?post=912265"},{"taxonomy":"post_tag","embeddable":true,"href":"https:\/\/www.estrategiaconcursos.com.br\/blog\/wp-json\/wp\/v2\/tags?post=912265"},{"taxonomy":"tax_estado","embeddable":true,"href":"https:\/\/www.estrategiaconcursos.com.br\/blog\/wp-json\/wp\/v2\/tax_estado?post=912265"}],"curies":[{"name":"wp","href":"https:\/\/api.w.org\/{rel}","templated":true}]}}