{"id":91132,"date":"2017-10-03T16:50:42","date_gmt":"2017-10-03T19:50:42","guid":{"rendered":"https:\/\/www.estrategiaconcursos.com.br\/blog\/?p=91132"},"modified":"2017-10-03T16:50:42","modified_gmt":"2017-10-03T19:50:42","slug":"breves-comentarios-sobre-polemica-questao-de-direito-empresarial-responsabilidade-do-administrador-judicial-abordada-na-prova-da-dpu","status":"publish","type":"post","link":"https:\/\/www.estrategiaconcursos.com.br\/blog\/breves-comentarios-sobre-polemica-questao-de-direito-empresarial-responsabilidade-do-administrador-judicial-abordada-na-prova-da-dpu\/","title":{"rendered":"Breves coment\u00e1rios sobre a pol\u00eamica quest\u00e3o de Direito Empresarial (responsabilidade do administrador judicial) abordada na prova da DPU."},"content":{"rendered":"<p>Quest\u00e3o DPU &#8211; CEBRASPE &#8211; 2017 &#8211; <strong>O administrador judicial ser\u00e1 respons\u00e1vel solid\u00e1rio pelo pagamentos dos tributos quando for imposs\u00edvel o cumprimento da obriga\u00e7\u00e3o principal pela massa falida<\/strong>.<\/p>\n<p style=\"text-align: justify\"><span style=\"font-family: verdana, geneva, sans-serif;font-size: 10pt\">A assertiva cobrou certa interdisciplinariedade entre as disciplinas de Direito Empresarial e Direito Tribut\u00e1rio. Quanto \u00e0 responsabilidade do administrador judicial vamos lembrar do que foi dito em aula, e frisar que s\u00f3 existir\u00e1 responsabilidade se o administrador tiver participado da situa\u00e7\u00e3o que configura o fato gerador do tributo ou tiver indevidamente se omitido.<\/span><br \/>\n<span style=\"font-family: verdana, geneva, sans-serif;font-size: 10pt\"> N\u00e3o \u00e9 correto afirmarmos que sempre haver\u00e1 responsabilidade do administrador judicial por todo e qualquer tributo da sociedade empres\u00e1ria!<\/span><br \/>\n<span style=\"font-family: verdana, geneva, sans-serif;font-size: 10pt\"> Sabemos que existem outros cr\u00e9ditos que preferem ao tribut\u00e1rio, sobretudo na fal\u00eancia, conforme disp\u00f5e o art. 186, do CTN. Em tais casos, na eventualidade de n\u00e3o restarem bens e direitos da massa falida para responder pelos cr\u00e9ditos tribut\u00e1rios, seria o administrador judicial respons\u00e1vel mesmo assim?<\/span><br \/>\n<span style=\"font-family: verdana, geneva, sans-serif;font-size: 10pt\"> Vamos l\u00e1! O art. 134, do CTN traz situa\u00e7\u00f5es de transfer\u00eancia da responsabilidade tribut\u00e1ria para terceira pessoa, mas na condi\u00e7\u00e3o de respons\u00e1vel solid\u00e1rio com o contribuinte origin\u00e1rio. Vejamos:<\/span><\/p>\n<p style=\"text-align: justify;padding-left: 30px\">\n<span style=\"font-family: verdana, geneva, sans-serif;font-size: 8pt\"> Art. 134 &#8211; Nos casos de impossibilidade de exig\u00eancia do cumprimento da obriga\u00e7\u00e3o principal pelo contribuinte, respondem solidariamente com este nos atos em que intervierem ou pelas omiss\u00f5es de que forem respons\u00e1veis:<\/span><br \/>\n<span style=\"font-family: verdana, geneva, sans-serif;font-size: 8pt\"> I &#8211; os pais, pelos tributos devidos por seus filhos menores;<\/span><br \/>\n<span style=\"font-family: verdana, geneva, sans-serif;font-size: 8pt\"> II &#8211; os tutores e curadores, pelos tributos devidos por seus tutelados ou curatelados;<\/span><br \/>\n<span style=\"font-family: verdana, geneva, sans-serif;font-size: 8pt\"> III &#8211; os administradores de bens de terceiros, pelos tributos devidos por estes;<\/span><br \/>\n<span style=\"font-family: verdana, geneva, sans-serif;font-size: 8pt\"> IV &#8211; o inventariante, pelos tributos devidos pelo esp\u00f3lio;<\/span><br \/>\n<span style=\"font-family: verdana, geneva, sans-serif;font-size: 8pt\"> V &#8211; o s\u00edndico e o comiss\u00e1rio, pelos tributos devidos pela massa falida ou pelo concordat\u00e1rio;<\/span><br \/>\n<span style=\"font-family: verdana, geneva, sans-serif;font-size: 8pt\"> VI &#8211; os tabeli\u00e3es, escriv\u00e3es e demais serventu\u00e1rios de of\u00edcio, pelos tributos devidos sobre os atos praticados por eles, ou perante eles, em raz\u00e3o do seu of\u00edcio;<\/span><br \/>\n<span style=\"font-family: verdana, geneva, sans-serif;font-size: 8pt\"> VII &#8211; os s\u00f3cios, no caso de liquida\u00e7\u00e3o de sociedade de pessoas.<\/span><br \/>\n<span style=\"font-family: verdana, geneva, sans-serif;font-size: 8pt\"> Par\u00e1grafo \u00fanico. O disposto neste artigo s\u00f3 se aplica, em mat\u00e9ria de penalidades, \u00e0s de car\u00e1ter morat\u00f3rio.<\/span><\/p>\n<p style=\"text-align: justify\"><span style=\"font-family: verdana, geneva, sans-serif;font-size: 10pt\">O art. 135, do CTN, por sua vez, contempla a possibilidade de transfer\u00eancia da responsabilidade tribut\u00e1ria para terceiras pessoas, nos seguintes termos:<\/span><\/p>\n<p style=\"text-align: justify;padding-left: 30px\">\n<span style=\"font-family: verdana, geneva, sans-serif;font-size: 8pt\"> Art. 135 &#8211; S\u00e3o pessoalmente respons\u00e1veis pelos cr\u00e9ditos correspondentes a obriga\u00e7\u00f5es tribut\u00e1rias resultantes de atos praticados com excesso de poderes ou infra\u00e7\u00e3o de lei, contrato social ou estatutos:<\/span><br \/>\n<span style=\"font-family: verdana, geneva, sans-serif;font-size: 8pt\"> I &#8211; as pessoas referidas no artigo anterior;<\/span><br \/>\n<span style=\"font-family: verdana, geneva, sans-serif;font-size: 8pt\"> II &#8211; os mandat\u00e1rios, prepostos e empregados;<\/span><br \/>\n<span style=\"font-family: verdana, geneva, sans-serif;font-size: 8pt\"> III &#8211; os diretores, gerentes ou representantes de pessoas jur\u00eddicas de direito privado.<\/span><\/p>\n<p style=\"text-align: justify\"><span style=\"font-family: verdana, geneva, sans-serif;font-size: 10pt\">Pois bem.<\/span><br \/>\n<span style=\"font-family: verdana, geneva, sans-serif;font-size: 10pt\"> Inicialmente, se for feita uma leitura apressada do inciso III do art. 134 com o inciso III do art. 135, ambos do CTN, pode parecer que o s\u00f3cio ou administrador judicial ser\u00e1 sempre respons\u00e1vel solid\u00e1rio pelos d\u00e9bitos da pessoa jur\u00eddica contribuinte, caso seja imposs\u00edvel exigir desta pessoa jur\u00eddica o cumprimento da obriga\u00e7\u00e3o tribut\u00e1ria. Contudo, tal conclus\u00e3o decorre de apressada leitura dos mencionados dispositivos legais.<\/span><br \/>\n<span style=\"font-family: verdana, geneva, sans-serif;font-size: 10pt\"> Como temos conhecimento, o legislador previu hip\u00f3teses em que, excepcionalmente, pode o magistrado decretar a despersonaliza\u00e7\u00e3o da pessoa jur\u00eddica, de tal modo a fazer com que seus membros respondam por obriga\u00e7\u00f5es n\u00e3o cumpridas pela sociedade.<\/span><br \/>\n<span style=\"font-family: verdana, geneva, sans-serif;font-size: 10pt\"> Caso o princ\u00edpio da individualiza\u00e7\u00e3o da pessoa jur\u00eddica n\u00e3o tivesse efeito no campo das obriga\u00e7\u00f5es tribut\u00e1rias, n\u00e3o teria sentido a exist\u00eancia dos dispositivos mencionados, pois, \u00e0 toda evid\u00eancia, consubstanciam uma exce\u00e7\u00e3o \u00e0 regra geral inserta no pr\u00f3prio C\u00f3digo. Ou seja: a regra geral \u00e9 a de que o contribuinte \u00e9 o primeiro respons\u00e1vel pelo pagamento do tributo gerado por alguma a\u00e7\u00e3o que este praticou. A exce\u00e7\u00e3o \u00e9 que tal responsabilidade pode ser transferida para terceiro, no caso o administrador judicial.<\/span><br \/>\n<span style=\"font-family: verdana, geneva, sans-serif;font-size: 10pt\"> Seguindo a necessidade de limita\u00e7\u00e3o de tal responsabilidade, a Corte Cidad\u00e3, por meio de sua Primeira Se\u00e7\u00e3o, entendeu que:<\/span><\/p>\n<p style=\"text-align: justify;padding-left: 30px\">\n<span style=\"font-family: verdana, geneva, sans-serif;font-size: 8pt\"> TRIBUT\u00c1RIO E PROCESSUAL CIVIL. EXECU\u00c7\u00c3O FISCAL. RESPONSABILIDADE DE S\u00d3CIO-GERENTE. LIMITES. ART. 135, III, DO CTN. PRECEDENTES.<\/span><br \/>\n<span style=\"font-family: verdana, geneva, sans-serif;font-size: 8pt\"> 1. Os bens do s\u00f3cio de uma pessoa jur\u00eddica comercial n\u00e3o respondem, em car\u00e1ter solid\u00e1rio, por d\u00edvidas fiscais assumidas pela sociedade.<\/span><br \/>\n<span style=\"font-family: verdana, geneva, sans-serif;font-size: 8pt\"> A responsabilidade tribut\u00e1ria imposta por s\u00f3cio-gerente, administrador, diretor ou equivalente s\u00f3 se caracteriza quando h\u00e1 dissolu\u00e7\u00e3o irregular da sociedade ou se comprova infra\u00e7\u00e3o \u00e0 lei praticada pelo dirigente.<\/span><br \/>\n<span style=\"font-family: verdana, geneva, sans-serif;font-size: 8pt\"> 2. Em qualquer esp\u00e9cie de sociedade comercial, \u00e9 o patrim\u00f4nio social que responde sempre e integralmente pelas d\u00edvidas sociais. Os diretores n\u00e3o respondem pessoalmente pelas obriga\u00e7\u00f5es contra\u00eddas em nome da sociedade, mas respondem para com esta e para com terceiros solid\u00e1ria e ilimitadamente pelo excesso de mandato e pelos atos praticados com viola\u00e7\u00e3o do estatuto ou lei (art. 158, I e II, da Lei n\u00ba 6.404\/76).<\/span><br \/>\n<span style=\"font-family: verdana, geneva, sans-serif;font-size: 8pt\"> 3. De acordo com o nosso ordenamento jur\u00eddico-tribut\u00e1rio, os s\u00f3cios (diretores, gerentes ou representantes da pessoa jur\u00eddica) s\u00e3o respons\u00e1veis, por substitui\u00e7\u00e3o, pelos cr\u00e9ditos correspondentes a obriga\u00e7\u00f5es tribut\u00e1rias resultantes da pr\u00e1tica de ato ou fato eivado de excesso de poderes ou com infra\u00e7\u00e3o de lei, contrato social ou estatutos, nos termos do art. 135, III, do CTN.<\/span><br \/>\n<span style=\"font-family: verdana, geneva, sans-serif;font-size: 8pt\"> 4. O simples inadimplemento n\u00e3o caracteriza infra\u00e7\u00e3o legal. Inexistindo prova de que se tenha agido com excesso de poderes, ou infra\u00e7\u00e3o de contrato social ou estatutos, n\u00e3o h\u00e1 falar-se em responsabilidade tribut\u00e1ria do ex-s\u00f3cio a esse t\u00edtulo ou a t\u00edtulo de infra\u00e7\u00e3o legal. Inexist\u00eancia de responsabilidade tribut\u00e1ria do ex-s\u00f3cio.<\/span><br \/>\n<span style=\"font-family: verdana, geneva, sans-serif;font-size: 8pt\"> 5. Precedentes desta Corte Superior.<\/span><br \/>\n<span style=\"font-family: verdana, geneva, sans-serif;font-size: 8pt\"> 6. Embargos de Diverg\u00eancia rejeitados. (ERESP 174532, Rel. Min. Jos\u00e9 Delgado, DJ de 20\/08\/2001)<\/span><\/p>\n<p>&nbsp;<\/p>\n<p style=\"text-align: justify\"><span style=\"font-family: verdana, geneva, sans-serif;font-size: 10pt\">Percebemos, portanto, a partir desse julgado, que n\u00e3o h\u00e1 espa\u00e7o para a pretens\u00e3o de se responsabilizar os administradores judiciais por simples inadimplemento de tributos que foram gerados pela pessoa jur\u00eddica em suas opera\u00e7\u00f5es regulares e legais.<\/span><br \/>\n<span style=\"font-family: verdana, geneva, sans-serif;font-size: 10pt\"> Qualquer iniciativa nesse sentido dever\u00e1 ser afastada!<\/span><br \/>\n<span style=\"font-family: verdana, geneva, sans-serif;font-size: 10pt\"> Portanto, fiquemos atentos, pois o gabarito considerou a assertiva como CORRETA, mas \u00e9 pass\u00edvel de anula\u00e7\u00e3o.<\/span><br \/>\n<span style=\"font-family: verdana, geneva, sans-serif;font-size: 10pt\"> Bons estudos e at\u00e9 a pr\u00f3xima!<\/span><\/p>\n","protected":false},"excerpt":{"rendered":"<p>Quest\u00e3o DPU &#8211; CEBRASPE &#8211; 2017 &#8211; O administrador judicial ser\u00e1 respons\u00e1vel solid\u00e1rio pelo pagamentos dos tributos quando for imposs\u00edvel o cumprimento da obriga\u00e7\u00e3o principal pela massa falida. A assertiva cobrou certa interdisciplinariedade entre as disciplinas de Direito Empresarial e Direito Tribut\u00e1rio. Quanto \u00e0 responsabilidade do administrador judicial vamos lembrar do que foi dito em [&hellip;]<\/p>\n","protected":false},"author":180,"featured_media":0,"comment_status":"open","ping_status":"open","sticky":false,"template":"","format":"standard","meta":{"post_tipo":"article","footnotes":""},"categories":[1,2185],"tags":[2982,550,2981,535,2980],"tax_estado":[],"class_list":["post-91132","post","type-post","status-publish","format-standard","hentry","category-cursos-e-concursos","category-carreiras-juridicas","tag-administrador-judicial","tag-direito-empresarial","tag-direito-falimentar","tag-direito-tributario","tag-responsabilidade-do-administrador-judicial"],"acf":[],"yoast_head":"<!-- This site is optimized with the Yoast SEO Premium plugin v27.2 (Yoast SEO v27.2) - https:\/\/yoast.com\/product\/yoast-seo-premium-wordpress\/ -->\n<title>Breves coment\u00e1rios sobre a pol\u00eamica quest\u00e3o de Direito Empresarial (responsabilidade do administrador judicial) abordada na prova da DPU.<\/title>\n<meta name=\"robots\" content=\"index, follow, max-snippet:-1, max-image-preview:large, max-video-preview:-1\" \/>\n<link rel=\"canonical\" href=\"https:\/\/www.estrategiaconcursos.com.br\/blog\/breves-comentarios-sobre-polemica-questao-de-direito-empresarial-responsabilidade-do-administrador-judicial-abordada-na-prova-da-dpu\/\" \/>\n<meta property=\"og:locale\" content=\"pt_BR\" \/>\n<meta property=\"og:type\" content=\"article\" \/>\n<meta property=\"og:title\" content=\"Breves coment\u00e1rios sobre a pol\u00eamica quest\u00e3o de Direito Empresarial (responsabilidade do administrador judicial) abordada na prova da DPU.\" \/>\n<meta property=\"og:description\" content=\"Quest\u00e3o DPU &#8211; CEBRASPE &#8211; 2017 &#8211; O administrador judicial ser\u00e1 respons\u00e1vel solid\u00e1rio pelo pagamentos dos tributos quando for imposs\u00edvel o cumprimento da obriga\u00e7\u00e3o principal pela massa falida. A assertiva cobrou certa interdisciplinariedade entre as disciplinas de Direito Empresarial e Direito Tribut\u00e1rio. Quanto \u00e0 responsabilidade do administrador judicial vamos lembrar do que foi dito em [&hellip;]\" \/>\n<meta property=\"og:url\" content=\"https:\/\/www.estrategiaconcursos.com.br\/blog\/breves-comentarios-sobre-polemica-questao-de-direito-empresarial-responsabilidade-do-administrador-judicial-abordada-na-prova-da-dpu\/\" \/>\n<meta property=\"og:site_name\" content=\"Estrat\u00e9gia Concursos\" \/>\n<meta property=\"article:author\" content=\"https:\/\/www.facebook.com\/ricardo.s.torques\" \/>\n<meta property=\"article:published_time\" content=\"2017-10-03T19:50:42+00:00\" \/>\n<meta name=\"author\" content=\"Ricardo Torques\" \/>\n<meta name=\"twitter:card\" content=\"summary_large_image\" \/>\n<meta name=\"twitter:creator\" content=\"@EstratConcursos\" \/>\n<meta name=\"twitter:site\" content=\"@EstratConcursos\" \/>\n<meta name=\"twitter:label1\" content=\"Escrito por\" \/>\n\t<meta name=\"twitter:data1\" content=\"Ricardo Torques\" \/>\n\t<meta name=\"twitter:label2\" content=\"Est. tempo de leitura\" \/>\n\t<meta name=\"twitter:data2\" content=\"5 minutos\" \/>\n<script type=\"application\/ld+json\" class=\"yoast-schema-graph\">{\"@context\":\"https:\/\/schema.org\",\"@graph\":[{\"@type\":\"NewsArticle\",\"@id\":\"https:\/\/www.estrategiaconcursos.com.br\/blog\/breves-comentarios-sobre-polemica-questao-de-direito-empresarial-responsabilidade-do-administrador-judicial-abordada-na-prova-da-dpu\/#article\",\"isPartOf\":{\"@id\":\"https:\/\/www.estrategiaconcursos.com.br\/blog\/breves-comentarios-sobre-polemica-questao-de-direito-empresarial-responsabilidade-do-administrador-judicial-abordada-na-prova-da-dpu\/\"},\"author\":{\"name\":\"Ricardo Torques\",\"@id\":\"https:\/\/www.estrategiaconcursos.com.br\/blog\/#\/schema\/person\/aa39cf5ddb518e5bdce27c35788405e2\"},\"headline\":\"Breves coment\u00e1rios sobre a pol\u00eamica quest\u00e3o de Direito Empresarial (responsabilidade do administrador judicial) abordada na prova da DPU.\",\"datePublished\":\"2017-10-03T19:50:42+00:00\",\"mainEntityOfPage\":{\"@id\":\"https:\/\/www.estrategiaconcursos.com.br\/blog\/breves-comentarios-sobre-polemica-questao-de-direito-empresarial-responsabilidade-do-administrador-judicial-abordada-na-prova-da-dpu\/\"},\"wordCount\":1054,\"commentCount\":0,\"publisher\":{\"@id\":\"https:\/\/www.estrategiaconcursos.com.br\/blog\/#organization\"},\"keywords\":[\"administrador judicial\",\"Direito Empresarial\",\"direito falimentar\",\"Direito Tribut\u00e1rio\",\"responsabilidade do administrador judicial\"],\"articleSection\":[\"Concursos P\u00fablicos\",\"Jur\u00eddico\"],\"inLanguage\":\"pt-BR\",\"potentialAction\":[{\"@type\":\"CommentAction\",\"name\":\"Comment\",\"target\":[\"https:\/\/www.estrategiaconcursos.com.br\/blog\/breves-comentarios-sobre-polemica-questao-de-direito-empresarial-responsabilidade-do-administrador-judicial-abordada-na-prova-da-dpu\/#respond\"]}],\"copyrightYear\":\"2017\",\"copyrightHolder\":{\"@id\":\"https:\/\/www.estrategiaconcursos.com.br\/blog\/#organization\"}},{\"@type\":\"WebPage\",\"@id\":\"https:\/\/www.estrategiaconcursos.com.br\/blog\/breves-comentarios-sobre-polemica-questao-de-direito-empresarial-responsabilidade-do-administrador-judicial-abordada-na-prova-da-dpu\/\",\"url\":\"https:\/\/www.estrategiaconcursos.com.br\/blog\/breves-comentarios-sobre-polemica-questao-de-direito-empresarial-responsabilidade-do-administrador-judicial-abordada-na-prova-da-dpu\/\",\"name\":\"Breves coment\u00e1rios sobre a pol\u00eamica quest\u00e3o de Direito Empresarial (responsabilidade do administrador judicial) abordada na prova da DPU.\",\"isPartOf\":{\"@id\":\"https:\/\/www.estrategiaconcursos.com.br\/blog\/#website\"},\"datePublished\":\"2017-10-03T19:50:42+00:00\",\"breadcrumb\":{\"@id\":\"https:\/\/www.estrategiaconcursos.com.br\/blog\/breves-comentarios-sobre-polemica-questao-de-direito-empresarial-responsabilidade-do-administrador-judicial-abordada-na-prova-da-dpu\/#breadcrumb\"},\"inLanguage\":\"pt-BR\",\"potentialAction\":[{\"@type\":\"ReadAction\",\"target\":[\"https:\/\/www.estrategiaconcursos.com.br\/blog\/breves-comentarios-sobre-polemica-questao-de-direito-empresarial-responsabilidade-do-administrador-judicial-abordada-na-prova-da-dpu\/\"]}]},{\"@type\":\"BreadcrumbList\",\"@id\":\"https:\/\/www.estrategiaconcursos.com.br\/blog\/breves-comentarios-sobre-polemica-questao-de-direito-empresarial-responsabilidade-do-administrador-judicial-abordada-na-prova-da-dpu\/#breadcrumb\",\"itemListElement\":[{\"@type\":\"ListItem\",\"position\":1,\"name\":\"In\u00edcio\",\"item\":\"https:\/\/www.estrategiaconcursos.com.br\/blog\/\"},{\"@type\":\"ListItem\",\"position\":2,\"name\":\"Breves coment\u00e1rios sobre a pol\u00eamica quest\u00e3o de Direito Empresarial (responsabilidade do administrador judicial) abordada na prova da DPU.\"}]},{\"@type\":\"WebSite\",\"@id\":\"https:\/\/www.estrategiaconcursos.com.br\/blog\/#website\",\"url\":\"https:\/\/www.estrategiaconcursos.com.br\/blog\/\",\"name\":\"Estrat\u00e9gia Concursos\",\"description\":\"O blog da Estrat\u00e9gia Concursos traz not\u00edcias sobre concursos e artigos de professores oferecendo cursos para concursos (pdf + videaulas) no site.\",\"publisher\":{\"@id\":\"https:\/\/www.estrategiaconcursos.com.br\/blog\/#organization\"},\"potentialAction\":[{\"@type\":\"SearchAction\",\"target\":{\"@type\":\"EntryPoint\",\"urlTemplate\":\"https:\/\/www.estrategiaconcursos.com.br\/blog\/?s={search_term_string}\"},\"query-input\":{\"@type\":\"PropertyValueSpecification\",\"valueRequired\":true,\"valueName\":\"search_term_string\"}}],\"inLanguage\":\"pt-BR\"},{\"@type\":\"Organization\",\"@id\":\"https:\/\/www.estrategiaconcursos.com.br\/blog\/#organization\",\"name\":\"Estrat\u00e9gia Concursos\",\"url\":\"https:\/\/www.estrategiaconcursos.com.br\/blog\/\",\"logo\":{\"@type\":\"ImageObject\",\"inLanguage\":\"pt-BR\",\"@id\":\"https:\/\/www.estrategiaconcursos.com.br\/blog\/#\/schema\/logo\/image\/\",\"url\":\"https:\/\/dhg1h5j42swfq.cloudfront.net\/2025\/06\/03203428\/logo_concursos-1.jpg\",\"contentUrl\":\"https:\/\/dhg1h5j42swfq.cloudfront.net\/2025\/06\/03203428\/logo_concursos-1.jpg\",\"width\":230,\"height\":60,\"caption\":\"Estrat\u00e9gia Concursos\"},\"image\":{\"@id\":\"https:\/\/www.estrategiaconcursos.com.br\/blog\/#\/schema\/logo\/image\/\"},\"sameAs\":[\"https:\/\/x.com\/EstratConcursos\"]},{\"@type\":\"Person\",\"@id\":\"https:\/\/www.estrategiaconcursos.com.br\/blog\/#\/schema\/person\/aa39cf5ddb518e5bdce27c35788405e2\",\"name\":\"Ricardo Torques\",\"image\":{\"@type\":\"ImageObject\",\"inLanguage\":\"pt-BR\",\"@id\":\"https:\/\/secure.gravatar.com\/avatar\/ce9ac6c3cff25fe86d15ed568ebc64d1724baf5c0693133bcb1f6073f712f92a?s=96&d=mm&r=g\",\"url\":\"https:\/\/secure.gravatar.com\/avatar\/ce9ac6c3cff25fe86d15ed568ebc64d1724baf5c0693133bcb1f6073f712f92a?s=96&d=mm&r=g\",\"contentUrl\":\"https:\/\/secure.gravatar.com\/avatar\/ce9ac6c3cff25fe86d15ed568ebc64d1724baf5c0693133bcb1f6073f712f92a?s=96&d=mm&r=g\",\"caption\":\"Ricardo Torques\"},\"sameAs\":[\"https:\/\/www.facebook.com\/ricardo.s.torques\"],\"url\":\"https:\/\/www.estrategiaconcursos.com.br\/blog\/author\/ricardotorquesestrategiaconcursos-com-br\/\"}]}<\/script>\n<!-- \/ Yoast SEO Premium plugin. -->","yoast_head_json":{"title":"Breves coment\u00e1rios sobre a pol\u00eamica quest\u00e3o de Direito Empresarial (responsabilidade do administrador judicial) abordada na prova da DPU.","robots":{"index":"index","follow":"follow","max-snippet":"max-snippet:-1","max-image-preview":"max-image-preview:large","max-video-preview":"max-video-preview:-1"},"canonical":"https:\/\/www.estrategiaconcursos.com.br\/blog\/breves-comentarios-sobre-polemica-questao-de-direito-empresarial-responsabilidade-do-administrador-judicial-abordada-na-prova-da-dpu\/","og_locale":"pt_BR","og_type":"article","og_title":"Breves coment\u00e1rios sobre a pol\u00eamica quest\u00e3o de Direito Empresarial (responsabilidade do administrador judicial) abordada na prova da DPU.","og_description":"Quest\u00e3o DPU &#8211; CEBRASPE &#8211; 2017 &#8211; O administrador judicial ser\u00e1 respons\u00e1vel solid\u00e1rio pelo pagamentos dos tributos quando for imposs\u00edvel o cumprimento da obriga\u00e7\u00e3o principal pela massa falida. A assertiva cobrou certa interdisciplinariedade entre as disciplinas de Direito Empresarial e Direito Tribut\u00e1rio. Quanto \u00e0 responsabilidade do administrador judicial vamos lembrar do que foi dito em [&hellip;]","og_url":"https:\/\/www.estrategiaconcursos.com.br\/blog\/breves-comentarios-sobre-polemica-questao-de-direito-empresarial-responsabilidade-do-administrador-judicial-abordada-na-prova-da-dpu\/","og_site_name":"Estrat\u00e9gia Concursos","article_author":"https:\/\/www.facebook.com\/ricardo.s.torques","article_published_time":"2017-10-03T19:50:42+00:00","author":"Ricardo Torques","twitter_card":"summary_large_image","twitter_creator":"@EstratConcursos","twitter_site":"@EstratConcursos","twitter_misc":{"Escrito por":"Ricardo Torques","Est. tempo de leitura":"5 minutos"},"schema":{"@context":"https:\/\/schema.org","@graph":[{"@type":"NewsArticle","@id":"https:\/\/www.estrategiaconcursos.com.br\/blog\/breves-comentarios-sobre-polemica-questao-de-direito-empresarial-responsabilidade-do-administrador-judicial-abordada-na-prova-da-dpu\/#article","isPartOf":{"@id":"https:\/\/www.estrategiaconcursos.com.br\/blog\/breves-comentarios-sobre-polemica-questao-de-direito-empresarial-responsabilidade-do-administrador-judicial-abordada-na-prova-da-dpu\/"},"author":{"name":"Ricardo Torques","@id":"https:\/\/www.estrategiaconcursos.com.br\/blog\/#\/schema\/person\/aa39cf5ddb518e5bdce27c35788405e2"},"headline":"Breves coment\u00e1rios sobre a pol\u00eamica quest\u00e3o de Direito Empresarial (responsabilidade do administrador judicial) abordada na prova da DPU.","datePublished":"2017-10-03T19:50:42+00:00","mainEntityOfPage":{"@id":"https:\/\/www.estrategiaconcursos.com.br\/blog\/breves-comentarios-sobre-polemica-questao-de-direito-empresarial-responsabilidade-do-administrador-judicial-abordada-na-prova-da-dpu\/"},"wordCount":1054,"commentCount":0,"publisher":{"@id":"https:\/\/www.estrategiaconcursos.com.br\/blog\/#organization"},"keywords":["administrador judicial","Direito Empresarial","direito falimentar","Direito Tribut\u00e1rio","responsabilidade do administrador judicial"],"articleSection":["Concursos P\u00fablicos","Jur\u00eddico"],"inLanguage":"pt-BR","potentialAction":[{"@type":"CommentAction","name":"Comment","target":["https:\/\/www.estrategiaconcursos.com.br\/blog\/breves-comentarios-sobre-polemica-questao-de-direito-empresarial-responsabilidade-do-administrador-judicial-abordada-na-prova-da-dpu\/#respond"]}],"copyrightYear":"2017","copyrightHolder":{"@id":"https:\/\/www.estrategiaconcursos.com.br\/blog\/#organization"}},{"@type":"WebPage","@id":"https:\/\/www.estrategiaconcursos.com.br\/blog\/breves-comentarios-sobre-polemica-questao-de-direito-empresarial-responsabilidade-do-administrador-judicial-abordada-na-prova-da-dpu\/","url":"https:\/\/www.estrategiaconcursos.com.br\/blog\/breves-comentarios-sobre-polemica-questao-de-direito-empresarial-responsabilidade-do-administrador-judicial-abordada-na-prova-da-dpu\/","name":"Breves coment\u00e1rios sobre a pol\u00eamica quest\u00e3o de Direito Empresarial (responsabilidade do administrador judicial) abordada na prova da DPU.","isPartOf":{"@id":"https:\/\/www.estrategiaconcursos.com.br\/blog\/#website"},"datePublished":"2017-10-03T19:50:42+00:00","breadcrumb":{"@id":"https:\/\/www.estrategiaconcursos.com.br\/blog\/breves-comentarios-sobre-polemica-questao-de-direito-empresarial-responsabilidade-do-administrador-judicial-abordada-na-prova-da-dpu\/#breadcrumb"},"inLanguage":"pt-BR","potentialAction":[{"@type":"ReadAction","target":["https:\/\/www.estrategiaconcursos.com.br\/blog\/breves-comentarios-sobre-polemica-questao-de-direito-empresarial-responsabilidade-do-administrador-judicial-abordada-na-prova-da-dpu\/"]}]},{"@type":"BreadcrumbList","@id":"https:\/\/www.estrategiaconcursos.com.br\/blog\/breves-comentarios-sobre-polemica-questao-de-direito-empresarial-responsabilidade-do-administrador-judicial-abordada-na-prova-da-dpu\/#breadcrumb","itemListElement":[{"@type":"ListItem","position":1,"name":"In\u00edcio","item":"https:\/\/www.estrategiaconcursos.com.br\/blog\/"},{"@type":"ListItem","position":2,"name":"Breves coment\u00e1rios sobre a pol\u00eamica quest\u00e3o de Direito Empresarial (responsabilidade do administrador judicial) abordada na prova da DPU."}]},{"@type":"WebSite","@id":"https:\/\/www.estrategiaconcursos.com.br\/blog\/#website","url":"https:\/\/www.estrategiaconcursos.com.br\/blog\/","name":"Estrat\u00e9gia Concursos","description":"O blog da Estrat\u00e9gia Concursos traz not\u00edcias sobre concursos e artigos de professores oferecendo cursos para concursos (pdf + videaulas) no site.","publisher":{"@id":"https:\/\/www.estrategiaconcursos.com.br\/blog\/#organization"},"potentialAction":[{"@type":"SearchAction","target":{"@type":"EntryPoint","urlTemplate":"https:\/\/www.estrategiaconcursos.com.br\/blog\/?s={search_term_string}"},"query-input":{"@type":"PropertyValueSpecification","valueRequired":true,"valueName":"search_term_string"}}],"inLanguage":"pt-BR"},{"@type":"Organization","@id":"https:\/\/www.estrategiaconcursos.com.br\/blog\/#organization","name":"Estrat\u00e9gia Concursos","url":"https:\/\/www.estrategiaconcursos.com.br\/blog\/","logo":{"@type":"ImageObject","inLanguage":"pt-BR","@id":"https:\/\/www.estrategiaconcursos.com.br\/blog\/#\/schema\/logo\/image\/","url":"https:\/\/dhg1h5j42swfq.cloudfront.net\/2025\/06\/03203428\/logo_concursos-1.jpg","contentUrl":"https:\/\/dhg1h5j42swfq.cloudfront.net\/2025\/06\/03203428\/logo_concursos-1.jpg","width":230,"height":60,"caption":"Estrat\u00e9gia Concursos"},"image":{"@id":"https:\/\/www.estrategiaconcursos.com.br\/blog\/#\/schema\/logo\/image\/"},"sameAs":["https:\/\/x.com\/EstratConcursos"]},{"@type":"Person","@id":"https:\/\/www.estrategiaconcursos.com.br\/blog\/#\/schema\/person\/aa39cf5ddb518e5bdce27c35788405e2","name":"Ricardo Torques","image":{"@type":"ImageObject","inLanguage":"pt-BR","@id":"https:\/\/secure.gravatar.com\/avatar\/ce9ac6c3cff25fe86d15ed568ebc64d1724baf5c0693133bcb1f6073f712f92a?s=96&d=mm&r=g","url":"https:\/\/secure.gravatar.com\/avatar\/ce9ac6c3cff25fe86d15ed568ebc64d1724baf5c0693133bcb1f6073f712f92a?s=96&d=mm&r=g","contentUrl":"https:\/\/secure.gravatar.com\/avatar\/ce9ac6c3cff25fe86d15ed568ebc64d1724baf5c0693133bcb1f6073f712f92a?s=96&d=mm&r=g","caption":"Ricardo Torques"},"sameAs":["https:\/\/www.facebook.com\/ricardo.s.torques"],"url":"https:\/\/www.estrategiaconcursos.com.br\/blog\/author\/ricardotorquesestrategiaconcursos-com-br\/"}]}},"_links":{"self":[{"href":"https:\/\/www.estrategiaconcursos.com.br\/blog\/wp-json\/wp\/v2\/posts\/91132","targetHints":{"allow":["GET"]}}],"collection":[{"href":"https:\/\/www.estrategiaconcursos.com.br\/blog\/wp-json\/wp\/v2\/posts"}],"about":[{"href":"https:\/\/www.estrategiaconcursos.com.br\/blog\/wp-json\/wp\/v2\/types\/post"}],"author":[{"embeddable":true,"href":"https:\/\/www.estrategiaconcursos.com.br\/blog\/wp-json\/wp\/v2\/users\/180"}],"replies":[{"embeddable":true,"href":"https:\/\/www.estrategiaconcursos.com.br\/blog\/wp-json\/wp\/v2\/comments?post=91132"}],"version-history":[{"count":2,"href":"https:\/\/www.estrategiaconcursos.com.br\/blog\/wp-json\/wp\/v2\/posts\/91132\/revisions"}],"predecessor-version":[{"id":91303,"href":"https:\/\/www.estrategiaconcursos.com.br\/blog\/wp-json\/wp\/v2\/posts\/91132\/revisions\/91303"}],"wp:attachment":[{"href":"https:\/\/www.estrategiaconcursos.com.br\/blog\/wp-json\/wp\/v2\/media?parent=91132"}],"wp:term":[{"taxonomy":"category","embeddable":true,"href":"https:\/\/www.estrategiaconcursos.com.br\/blog\/wp-json\/wp\/v2\/categories?post=91132"},{"taxonomy":"post_tag","embeddable":true,"href":"https:\/\/www.estrategiaconcursos.com.br\/blog\/wp-json\/wp\/v2\/tags?post=91132"},{"taxonomy":"tax_estado","embeddable":true,"href":"https:\/\/www.estrategiaconcursos.com.br\/blog\/wp-json\/wp\/v2\/tax_estado?post=91132"}],"curies":[{"name":"wp","href":"https:\/\/api.w.org\/{rel}","templated":true}]}}