{"id":911171,"date":"2023-05-19T08:30:00","date_gmt":"2023-05-19T11:30:00","guid":{"rendered":"https:\/\/www.estrategiaconcursos.com.br\/blog\/?p=911171"},"modified":"2023-05-19T13:48:20","modified_gmt":"2023-05-19T16:48:20","slug":"concurso-cref-sc","status":"publish","type":"post","link":"https:\/\/www.estrategiaconcursos.com.br\/blog\/concurso-cref-sc\/","title":{"rendered":"Concurso CREF SC: resultado final divulgado!"},"content":{"rendered":"\n<p><strong>Foi publicado o resultado <\/strong>final para o concurso do Conselho Regional de Educa\u00e7\u00e3o F\u00edsica de Santa Catarina (CREF SC). A lista de aprovados pode ser conferida no link abaixo:<\/p>\n\n\n\n<ul class=\"wp-block-list\">\n<li><a href=\"https:\/\/www.quadrix.org.br\/web\/visualizar.html?file=https:\/\/www.quadrix.org.br\/Archives\/General\/25262\/27846\/28923\/71CD0B0EE8FA\/1_CREF-3_concurso_publico_2022_resultado_final.pdf\" target=\"_blank\" rel=\"noreferrer noopener\"><strong>Resultado final CREF SC<\/strong><\/a><\/li>\n<\/ul>\n\n\n\n<p>As provas objetivas foram aplicadas no dia 12 de fevereiro e foram ofertadas 5 vagas imediatas, ale&#8217;m de cadastro de reserva, para n\u00edvel m\u00e9dio e superior.<\/p>\n\n\n\n<p>As lota\u00e7\u00f5es estar\u00e3o distribu\u00eddas entre as cidades de Florian\u00f3polis, Blumenau, Ca\u00e7ador, Chapec\u00f3, Crici\u00fama, Joinville e Lages.<\/p>\n\n\n\n<ul id=\"block-ee678516-e9d1-48bd-b327-7b9acd55f0fd\" class=\"has-very-light-gray-to-cyan-bluish-gray-gradient-background has-background wp-block-list\">\n<li><strong>Concurso CREF SC<\/strong><\/li>\n\n\n\n<li><strong>Status:<\/strong>\u00a0resultado final divulgado <\/li>\n\n\n\n<li><strong>Banca:&nbsp;<\/strong>Quadrix<\/li>\n\n\n\n<li><strong>Vagas:<\/strong> 5 + CR<\/li>\n\n\n\n<li><strong>Sal\u00e1rio inicial:<\/strong>\u00a0R$ 4.003,86 at\u00e9 R$ 6.576,32<\/li>\n\n\n\n<li><a href=\"https:\/\/www.quadrix.org.br\/web\/visualizar.html?file=https:\/\/www.quadrix.org.br\/Archives\/General\/25262\/27846\/27848\/1A50305CD197\/2_CREF_3_concurso_publico_2022_edital_1_abertura.pdf\" target=\"_blank\" rel=\"noreferrer noopener\">Link do edital<\/a><\/li>\n<\/ul>\n\n\n\n<div class=\"col-sm\">\n      <div class=\"banner-estrategia\" id=\"box-assinatura\">\n        <h3 class=\"titulo-assinatura\">Cursos para o concurso CREF SC<\/h3>\n        <p class=\"subtitulo-assinatura\">Conhe\u00e7a os cursos<\/p>\n        <div class=\"box-botao\">\n          <a class=\"btn-assinatura\" target=\"_blank\" rel=\"noopener\">Conhe\u00e7a mais<\/a>\n        <\/div>\n      <\/div>\n      <p class=\"texto-auxiliar\">Prepare-se com o melhor material e com quem mais aprova em Concursos P\u00fablicos em todo o pa\u00eds.<\/p>\n    <\/div>\n\n\n\n<ul class=\"wp-block-list\">\n<li><a href=\"#atual\">Cargos e vagas<\/a><\/li>\n\n\n\n<li><a href=\"#carreira\">Carreira<\/a><\/li>\n\n\n\n<li><a href=\"#ULTIMO\">\u00daltimo concurso <\/a><\/li>\n\n\n\n<li><a href=\"#etapas\">Etapas do \u00faltimo concurso<\/a><\/li>\n\n\n\n<li><a href=\"#cursos\">Cursos e Assinaturas<\/a><\/li>\n\n\n\n<li><a href=\"#ficha\">Ficha T\u00e9cnica<\/a><\/li>\n<\/ul>\n\n\n\n<h2 class=\"wp-block-heading\" id=\"atual\">Concurso CREF SC: cargos e vagas<\/h2>\n\n\n\n<p><strong>Assistente Administrativo<\/strong><br \/>Vagas: 1 + 39 CR<br \/>Jornada de trabalho: 40 horas semanais<br \/>Requisitos: Certificado, devidamente registrado, de conclus\u00e3o de curso de n\u00edvel m\u00e9dio, expedido por institui\u00e7\u00e3o de ensino reconhecida pelo Minist\u00e9rio da Educa\u00e7\u00e3o (MEC).<br \/>Atribui\u00e7\u00f5es: Executar atividades administrativas prestando assist\u00eancia e atendimento aos demais departamentos, \u00e0s pessoas f\u00edsicas e jur\u00eddicas no \u00e2mbito do CREF3-SC, executando tarefas de apoio administrativo, observando as regras e procedimentos estabelecidos, a fim de garantir um servi\u00e7o \u00e1gil e de qualidade, de acordo com as diretrizes do Conselho. Executar atividades administrativas necess\u00e1rias para a aquisi\u00e7\u00e3o e contrata\u00e7\u00e3o de bens e servi\u00e7os, emitindo, organizando e encaminhando documenta\u00e7\u00f5es relacionadas a processos licitat\u00f3rios e de contratos, atendendo os requisitos estabelecidos e visando o cumprimento dos dispositivos legais pertinentes.<\/p>\n\n\n\n<p><strong>Administrador<\/strong><br \/>Vagas: 20 CR<br \/>Jornada de trabalho: 40 horas semanais<br \/>Requisitos: Diploma ou certificado, devidamente registrado, de conclus\u00e3o de curso de gradua\u00e7\u00e3o de n\u00edvel superior em Administra\u00e7\u00e3o,<br \/>fornecido por institui\u00e7\u00e3o de ensino reconhecida pelo Minist\u00e9rio da Educa\u00e7\u00e3o (MEC). Registro ativo e adimplente no Conselho Regional<br \/>de Contabilidade (CRA).<br \/>Atribui\u00e7\u00f5es: Planejar, elaborar, organizar e controlar processos de trabalho do CREF3-SC, gerindo a execu\u00e7\u00e3o das atividades nas diversas \u00e1reas de atua\u00e7\u00e3o e interface, monitorando, avaliando e acompanhando as a\u00e7\u00f5es, promovendo a gest\u00e3o dos projetos e processos, com vistas a alcan\u00e7ar os objetivos gerais do Conselho e atender adequadamente \u00e0s demandas dos profissionais, com agilidade e efici\u00eancia.<\/p>\n\n\n\n<p><strong>Advogado&nbsp;<\/strong><br \/>Vagas: 25 CR<br \/>Jornada de trabalho: 40 horas semanais<br \/>Requisitos: Diploma ou certificado, devidamente registrado, de conclus\u00e3o de curso de gradua\u00e7\u00e3o de n\u00edvel superior em Direito, fornecido por institui\u00e7\u00e3o de ensino reconhecida pelo Minist\u00e9rio da Educa\u00e7\u00e3o (MEC). Registro ativo e adimplente na Ordem dos Advogados do Brasil (OAB). Regime de dedica\u00e7\u00e3o exclusiva ao CREF3\/SC, de acordo com o art. 20 da Lei n\u00ba 8.906\/1994.<br \/>Atribui\u00e7\u00f5es: Prestar servi\u00e7os jur\u00eddicos e promover a defesa dos interesses do Conselho, de modo a garantir que todos os procedimentos sejam realizados com a estrita observ\u00e2ncia dos princ\u00edpios e normas da legisla\u00e7\u00e3o vigente e dos prazos estabelecidos, garantindo assim a legalidade das a\u00e7\u00f5es, maior seguran\u00e7a jur\u00eddica nos processos decis\u00f3rios, bem como o cumprimento das diretrizes do Conselho.<\/p>\n\n\n\n<p><strong>Agente de Orienta\u00e7\u00e3o e Fiscaliza\u00e7\u00e3o&nbsp;<\/strong><br \/>Vagas: 2 + 48 CR<br \/>Jornada de trabalho: 40 horas semanais<br \/>Requisitos: Diploma ou certificado, devidamente registrado, de conclus\u00e3o de curso de gradua\u00e7\u00e3o de n\u00edvel superior em Educa\u00e7\u00e3o F\u00edsica \u2013 Bacharelado ou Licenciatura, fornecido por institui\u00e7\u00e3o de ensino reconhecida pelo Minist\u00e9rio da Educa\u00e7\u00e3o (MEC). Registro ativo e adimplente no Conselho Regional de Educa\u00e7\u00e3o F\u00edsica (CREF). Carteira Nacional de Habilita\u00e7\u00e3o Categoria \u201cB\u201d, conforme arts. 143 e 147 do C\u00f3digo Nacional de Tr\u00e2nsito e Resolu\u00e7\u00f5es 168\/2004 e 285\/2008, do CONTRAN, com pontua\u00e7\u00e3o que permita, nos termos da legisla\u00e7\u00e3o de tr\u00e2nsito, o pleno exerc\u00edcio do direito de dirigir.<br \/>Atribui\u00e7\u00f5es: Realizar a fiscaliza\u00e7\u00e3o do exerc\u00edcio profissional na \u00e1rea de Educa\u00e7\u00e3o F\u00edsica, atrav\u00e9s de dilig\u00eancias fiscalizat\u00f3rias onde houver a oferta de atividades pr\u00f3prias da Educa\u00e7\u00e3o F\u00edsica, a fim de que seja devidamente verificada a regularidade de pessoas f\u00edsicas e jur\u00eddicas. Observar o cumprimento da legisla\u00e7\u00e3o para defender a sociedade no que tange \u00e0 oferta de atividades f\u00edsicas, garantindo que as pessoas sejam atendidas por profissionais habilitados, e para fazer cumprir as diretrizes do Conselho no tocante \u00e0 defesa do exerc\u00edcio da profiss\u00e3o.<\/p>\n\n\n\n<p><strong>Analista de Orienta\u00e7\u00e3o e Fiscaliza\u00e7\u00e3o<\/strong><br \/>Vagas: 1 + 34 CR<br \/>Jornada de trabalho: 40 horas semanais<br \/>Requisitos: Diploma ou certificado, devidamente registrado, de conclus\u00e3o de curso de gradua\u00e7\u00e3o de n\u00edvel superior em Educa\u00e7\u00e3o F\u00edsica \u2013 Bacharelado ou Licenciatura, fornecido por institui\u00e7\u00e3o de ensino reconhecida pelo Minist\u00e9rio da Educa\u00e7\u00e3o (MEC). Registro ativo e adimplente no Conselho Regional de Educa\u00e7\u00e3o F\u00edsica (CREF).<br \/>Atribui\u00e7\u00f5es: Realizar a an\u00e1lise de documentos, de pareceres t\u00e9cnicos, de estudos, of\u00edcios, atendimentos e consultas acerca da regularidade do exerc\u00edcio da profiss\u00e3o, assegurando o atingimento dos objetivos do Conselho e para garantir \u00e0 sociedade o direito constitucional de ser atendida na \u00e1rea de atividades f\u00edsicas por profissionais de Educa\u00e7\u00e3o F\u00edsica que estejam em estrita conson\u00e2ncia com as diretrizes legais, sempre embasado nos princ\u00edpios da administra\u00e7\u00e3o p\u00fablica.<\/p>\n\n\n\n<p><strong>Analista de Tecnologia da Informa\u00e7\u00e3o&nbsp;<\/strong><br \/>Vagas: 40 CR<br \/>Jornada de trabalho: 40 horas semanais<br \/>Requisitos: Diploma ou certificado, devidamente registrado, de conclus\u00e3o de curso de gradua\u00e7\u00e3o de n\u00edvel superior em Tecnologia da Informa\u00e7\u00e3o, ou curso de denomina\u00e7\u00e3o e conte\u00fado equivalentes, em grau de bacharel ou tecn\u00f3logo, fornecido por institui\u00e7\u00e3o de ensino reconhecida pelo Minist\u00e9rio da Educa\u00e7\u00e3o (MEC).<br \/>Atribui\u00e7\u00f5es: Analisar e projetar solu\u00e7\u00f5es de tecnologia da informa\u00e7\u00e3o, identificando a necessidade do cliente interno, dimensionando requisitos e funcionalidades dos sistemas, administrando e estabelecem padr\u00f5es para ambiente de TI, elaborando o planejamento e execu\u00e7\u00e3o de testes dos sistemas, prestando suporte t\u00e9cnico, elaborando documenta\u00e7\u00e3o t\u00e9cnica e pesquisando inova\u00e7\u00f5es tecnol\u00f3gicas visando melhorar a efici\u00eancia dos processos internos.<\/p>\n\n\n\n<p><strong>Analista Jur\u00eddico<\/strong><br \/>Vagas: 25 CR<br \/>Jornada de trabalho: 40 horas semanais<br \/>Requisitos: Diploma ou certificado, devidamente registrado, de conclus\u00e3o de curso de gradua\u00e7\u00e3o de n\u00edvel superior em Direito, fornecido por institui\u00e7\u00e3o de ensino reconhecida pelo Minist\u00e9rio da Educa\u00e7\u00e3o (MEC).<br \/>Atribui\u00e7\u00f5es: Fornecer assist\u00eancia aos advogados em quest\u00f5es jur\u00eddicas e\/ou administrativas, acompanhando processos administrativos e judiciais, zelando pelos interesses do Conselho na manuten\u00e7\u00e3o e integridade dos seus bens, preservando interesses individuais e coletivos, dentro dos princ\u00edpios \u00e9ticos e morais, de forma a contribuir para o fortalecimento do objeto-fim da entidade.<\/p>\n\n\n\n<p><strong>Contador<\/strong><br \/>Vagas: 1 + 24 CR<br \/>Jornada de trabalho: 40 horas semanais<br \/>Requisitos: Diploma ou certificado, devidamente registrado, de conclus\u00e3o de curso de gradua\u00e7\u00e3o de n\u00edvel superior em Ci\u00eancias Cont\u00e1beis, fornecido por institui\u00e7\u00e3o de ensino reconhecida pelo Minist\u00e9rio da Educa\u00e7\u00e3o (MEC). Registro ativo e adimplente no Conselho Regional de Contabilidade (CRC).<br \/>Atribui\u00e7\u00f5es: Administrar os tributos da entidade, registrando atos e fatos cont\u00e1beis, controlando o ativo permanente, gerenciando custos, administrando o departamento pessoal, preparando obriga\u00e7\u00f5es acess\u00f3rias, administrando o registro dos livros nos \u00f3rg\u00e3os apropriados, elaborando demonstra\u00e7\u00f5es cont\u00e1beis, prestando informa\u00e7\u00f5es gerenciais, atendendo solicita\u00e7\u00f5es de \u00f3rg\u00e3os fiscalizadores e primando pela correta gest\u00e3o dos recursos financeiros do Conselho.<\/p>\n\n\n\n<p><strong>Jornalista<\/strong><br \/>Vagas: 20 CR<br \/>Jornada de trabalho: 25 horas semanais<br \/>Requisitos: Diploma ou certificado, devidamente registrado, de conclus\u00e3o de curso de gradua\u00e7\u00e3o de n\u00edvel superior em Jornalismo ou Comunica\u00e7\u00e3o Social com habilita\u00e7\u00e3o em Jornalismo, fornecido por institui\u00e7\u00e3o de ensino superior reconhecida pelo Minist\u00e9rio da Educa\u00e7\u00e3o (MEC).<br \/>Atribui\u00e7\u00f5es: Receber e divulgar informa\u00e7\u00f5es do CREF3-SC utilizando-se dos meios de comunica\u00e7\u00e3o dispon\u00edveis, a fim de divulgar as a\u00e7\u00f5es do Conselho promovendo maior integra\u00e7\u00e3o dos p\u00fablicos de interesse e assegurando a dissemina\u00e7\u00e3o da informa\u00e7\u00e3o clara, precisa, e simples, para que o conte\u00fado chegue aos profissionais e \u00e0 sociedade de forma correta.<\/p>\n\n\n\n<h2 class=\"wp-block-heading\" id=\"carreira\">Concurso CREF SC: carreira<\/h2>\n\n\n\n<ul class=\"wp-block-list\">\n<li>Assistente Administrativo: R$ 4.003,86<\/li>\n\n\n\n<li>Administrador: R$ 4.951,22<\/li>\n\n\n\n<li>Advogado: R$ 6.423,53<\/li>\n\n\n\n<li>Agente de Orienta\u00e7\u00e3o e Fiscaliza\u00e7\u00e3o: R$ 6.576,32<\/li>\n\n\n\n<li>Analista de Orienta\u00e7\u00e3o e Fiscaliza\u00e7\u00e3o: R$ 5.935,07<\/li>\n\n\n\n<li>Analista de Tecnologia da Informa\u00e7\u00e3o: R$5.360,42<\/li>\n\n\n\n<li>Analista Jur\u00eddico: R$ 4.401,75<\/li>\n\n\n\n<li>Contador: R$ 5.227,07<\/li>\n\n\n\n<li>Jornalista: R$ 3.709,39<\/li>\n<\/ul>\n\n\n\n<p>O CREF3\/SC oferecer\u00e1 aos candidatos admitidos por meio deste concurso p\u00fablico, desde que preenchidos os requisitos legais, os principais benef\u00edcios descritos no Plano de Cargos e Sal\u00e1rios (PCCS):<\/p>\n\n\n\n<ul class=\"wp-block-list\">\n<li>Vale Refei\u00e7\u00e3o\/Alimenta\u00e7\u00e3o;<\/li>\n\n\n\n<li>Plano de Sa\u00fade (de acordo com o descrito no PCCS);<\/li>\n\n\n\n<li>Plano Odontol\u00f3gico (de acordo com o descrito no PCCS); e<\/li>\n\n\n\n<li>Vale transporte, conforme legisla\u00e7\u00e3o.<\/li>\n<\/ul>\n\n\n\n<h2 class=\"wp-block-heading\" id=\"ULTIMO\">\u00daltimo concurso <\/h2>\n\n\n\n<p>O \u00faltimo concurso CREF SC ocorreu em 2016, organizado pela IOBV. Na \u00e9poca, foram ofertadas para os cargos de:<\/p>\n\n\n\n<ul class=\"wp-block-list\">\n<li>auxiliar de manuten\u00e7\u00e3o e limpeza,<\/li>\n\n\n\n<li>assistente administrativo,<\/li>\n\n\n\n<li>agente de orienta\u00e7\u00e3o e fiscaliza\u00e7\u00e3o,<\/li>\n\n\n\n<li>administrador,<\/li>\n\n\n\n<li>advogado,<\/li>\n\n\n\n<li>assistente jur\u00eddico,<\/li>\n\n\n\n<li>contador,<\/li>\n\n\n\n<li>jornalista e<\/li>\n\n\n\n<li>t\u00e9cnico de n\u00edvel superior.<\/li>\n<\/ul>\n\n\n\n<p>Os sal\u00e1rios variavam de R$ 1.100 at\u00e9 R$ 4.780,87 em jornadas de trabalho de 40 horas semanais.<\/p>\n\n\n\n<h3 class=\"wp-block-heading\" id=\"etapas\">Etapas do \u00faltimo concurso<\/h3>\n\n\n\n<p>Os candidatos foram avaliados por meio de provas objetivas, de reda\u00e7\u00e3o e de t\u00edtulos. <\/p>\n\n\n\n<p>Nas provas objetivas, foram cobrados os conte\u00fados de l\u00edngua portuguesa, matem\u00e1tica, inform\u00e1tica, legisla\u00e7\u00e3o relacionada ao sistema CONFEF\/CREFs e conhecimentos espec\u00edficos relacionados aos cargos.<\/p>\n\n\n\n<h2 class=\"wp-block-heading has-text-align-center\" id=\"cursos\">Quer saber tudo sobre concursos previstos?<br \/><strong>Confira nossos artigos!<\/strong><\/h2>\n\n\n\n<ul class=\"wp-block-list\">\n<li><a href=\"https:\/\/www.estrategiaconcursos.com.br\/blog\/concursos-abertos\/\" target=\"_blank\" rel=\"noreferrer noopener\">Concursos abertos<\/a><\/li>\n\n\n\n<li><a href=\"https:\/\/www.estrategiaconcursos.com.br\/blog\/concursos-2023\/\" target=\"_blank\" rel=\"noreferrer noopener\">Concursos 2023<\/a><\/li>\n\n\n\n<li><a href=\"https:\/\/www.estrategiaconcursos.com.br\/blog\/concursos-2022\/\" target=\"_blank\" rel=\"noreferrer noopener\">Concursos 2022<\/a><\/li>\n<\/ul>\n\n\n\n<h2 class=\"wp-block-heading has-text-align-center\" id=\"CURSOS\">Quer estudar para o concurso?<\/h2>\n\n\n\n<div class=\"col-sm\">\n      <div class=\"banner-estrategia\" id=\"box-assinatura\">\n        <h3 class=\"titulo-assinatura\">Cursos para o concurso CREF SC<\/h3>\n        <p class=\"subtitulo-assinatura\">Conhe\u00e7a os cursos<\/p>\n        <div class=\"box-botao\">\n          <a class=\"btn-assinatura\" target=\"_blank\" rel=\"noopener\">Conhe\u00e7a mais<\/a>\n        <\/div>\n      <\/div>\n      <p class=\"texto-auxiliar\">Prepare-se com o melhor material e com quem mais aprova em Concursos P\u00fablicos em todo o pa\u00eds.<\/p>\n    <\/div>\n\n\n\n<div class=\"container\" id=\"boxes\">\n  <div class=\"row\">\n\n    <div class=\"col-sm\">\n      <div class=\"estrategia\" id=\"box-assinatura\">\n        <h3 class=\"titulo-assinatura\">Assinatura Concursos<\/h3>\n        <p class=\"subtitulo-assinatura\">Assinatura de 1 ano ou 2 anos<\/p>\n        <div class=\"box-botao\">\n          <a class=\"btn-assinatura\" target=\"_blank\" href=\"https:\/\/www.estrategiaconcursos.com.br\/assinaturas\/\" role=\"button\" rel=\"noopener noreferrer\">ASSINE AGORA<\/a>\n        <\/div>\n      <\/div>\n     \n    <\/div><\/div><\/div>\n\n\n\n<figure class=\"wp-block-image size-large is-resized\"><img loading=\"lazy\" decoding=\"async\" src=\"https:\/\/dhg1h5j42swfq.cloudfront.net\/2021\/04\/05171352\/ficha-tecnica-33-1024x632.png\" alt=\"\" class=\"wp-image-707823\" width=\"217\" height=\"133\" srcset=\"https:\/\/dhg1h5j42swfq.cloudfront.net\/2021\/04\/05171352\/ficha-tecnica-33-1024x632.png 1024w, https:\/\/dhg1h5j42swfq.cloudfront.net\/2021\/04\/05171352\/ficha-tecnica-33-300x185.png 300w, https:\/\/dhg1h5j42swfq.cloudfront.net\/2021\/04\/05171352\/ficha-tecnica-33-768x474.png 768w, https:\/\/dhg1h5j42swfq.cloudfront.net\/2021\/04\/05171352\/ficha-tecnica-33-1536x948.png 1536w, https:\/\/dhg1h5j42swfq.cloudfront.net\/2021\/04\/05171352\/ficha-tecnica-33-610x377.png 610w, https:\/\/dhg1h5j42swfq.cloudfront.net\/2021\/04\/05171352\/ficha-tecnica-33.png 1571w\" sizes=\"auto, (max-width: 217px) 100vw, 217px\" \/><\/figure>\n\n\n\n<h4 class=\"wp-block-heading\" id=\"FICHA\"><strong>Informa\u00e7\u00f5es sobre o <\/strong>concurso <\/h4>\n\n\n\n<p>\u25ba<strong>Data prevista para prova<\/strong>: 12 de fevereiro <br \/>\u25ba<strong>Vagas<\/strong>: 5 + CR<br \/>\u25ba<strong>Cargos<\/strong>: diversos<br \/>\u25ba<strong>Banca<\/strong>: Quadrix<br \/>\u25ba<strong>Escolaridade<\/strong>: n\u00edvel m\u00e9dio e superior<\/p>\n\n\n\n<p><a href=\"https:\/\/www.quadrix.org.br\/web\/visualizar.html?file=https:\/\/www.quadrix.org.br\/Archives\/General\/25262\/27846\/27848\/1A50305CD197\/2_CREF_3_concurso_publico_2022_edital_1_abertura.pdf\" target=\"_blank\" rel=\"noreferrer noopener\">Link do edital<\/a><br \/><\/p>\n","protected":false},"excerpt":{"rendered":"<p>Foi publicado o resultado final para o concurso do Conselho Regional de Educa\u00e7\u00e3o F\u00edsica de Santa Catarina (CREF SC). A lista de aprovados pode ser conferida no link abaixo: As provas objetivas foram aplicadas no dia 12 de fevereiro e foram ofertadas 5 vagas imediatas, ale&#8217;m de cadastro de reserva, para n\u00edvel m\u00e9dio e superior. [&hellip;]<\/p>\n","protected":false},"author":1,"featured_media":911222,"comment_status":"open","ping_status":"closed","sticky":false,"template":"","format":"standard","meta":{"post_tipo":"news_page","footnotes":""},"categories":[214992],"tags":[],"tax_estado":[219987],"class_list":["post-911171","post","type-post","status-publish","format-standard","has-post-thumbnail","hentry","category-concursos-administrativos","tax_estado-sc"],"acf":[],"yoast_head":"<!-- This site is optimized with the Yoast SEO Premium plugin v27.2 (Yoast SEO v27.2) - https:\/\/yoast.com\/product\/yoast-seo-premium-wordpress\/ -->\n<title>Concurso CREF SC: resultado final divulgado!<\/title>\n<meta name=\"description\" content=\"Concurso CREF SC: o Instituto Quadrix foi oficializado como banca organizadora do certame. Saiba mais informa\u00e7\u00f5es aqui!\" \/>\n<meta name=\"robots\" content=\"index, follow, max-snippet:-1, max-image-preview:large, max-video-preview:-1\" \/>\n<link rel=\"canonical\" href=\"https:\/\/www.estrategiaconcursos.com.br\/blog\/concurso-cref-sc\/\" \/>\n<meta property=\"og:locale\" content=\"pt_BR\" \/>\n<meta property=\"og:type\" content=\"article\" \/>\n<meta property=\"og:title\" content=\"Concurso CREF SC: resultado final divulgado!\" \/>\n<meta property=\"og:description\" content=\"Concurso CREF SC: o Instituto Quadrix foi oficializado como banca organizadora do certame. Saiba mais informa\u00e7\u00f5es aqui!\" \/>\n<meta property=\"og:url\" content=\"https:\/\/www.estrategiaconcursos.com.br\/blog\/concurso-cref-sc\/\" \/>\n<meta property=\"og:site_name\" content=\"Estrat\u00e9gia Concursos\" \/>\n<meta property=\"article:author\" content=\"https:\/\/www.facebook.com\/EstrategiaConcursos\" \/>\n<meta property=\"article:published_time\" content=\"2023-05-19T11:30:00+00:00\" \/>\n<meta property=\"article:modified_time\" content=\"2023-05-19T16:48:20+00:00\" \/>\n<meta property=\"og:image\" content=\"https:\/\/dhg1h5j42swfq.cloudfront.net\/2021\/11\/18082806\/cref3-sc.jpg\" \/>\n\t<meta property=\"og:image:width\" content=\"2048\" \/>\n\t<meta property=\"og:image:height\" content=\"1310\" \/>\n\t<meta property=\"og:image:type\" content=\"image\/jpeg\" \/>\n<meta name=\"author\" content=\"Coordena\u00e7\u00e3o\" \/>\n<meta name=\"twitter:card\" content=\"summary_large_image\" \/>\n<meta name=\"twitter:creator\" content=\"@EstratConcursos\" \/>\n<meta name=\"twitter:site\" content=\"@EstratConcursos\" \/>\n<meta name=\"twitter:label1\" content=\"Escrito por\" \/>\n\t<meta name=\"twitter:data1\" content=\"Coordena\u00e7\u00e3o\" \/>\n\t<meta name=\"twitter:label2\" content=\"Est. tempo de leitura\" \/>\n\t<meta name=\"twitter:data2\" content=\"3 minutos\" \/>\n<script type=\"application\/ld+json\" class=\"yoast-schema-graph\">{\"@context\":\"https:\/\/schema.org\",\"@graph\":[{\"@type\":\"NewsArticle\",\"@id\":\"https:\/\/www.estrategiaconcursos.com.br\/blog\/concurso-cref-sc\/#article\",\"isPartOf\":{\"@id\":\"https:\/\/www.estrategiaconcursos.com.br\/blog\/concurso-cref-sc\/\"},\"author\":{\"name\":\"Coordena\u00e7\u00e3o\",\"@id\":\"https:\/\/www.estrategiaconcursos.com.br\/blog\/#\/schema\/person\/b4a388c97673c5f483d72185668afa1f\"},\"headline\":\"Concurso CREF SC: resultado final divulgado!\",\"datePublished\":\"2023-05-19T11:30:00+00:00\",\"dateModified\":\"2023-05-19T16:48:20+00:00\",\"mainEntityOfPage\":{\"@id\":\"https:\/\/www.estrategiaconcursos.com.br\/blog\/concurso-cref-sc\/\"},\"wordCount\":1659,\"commentCount\":0,\"publisher\":{\"@id\":\"https:\/\/www.estrategiaconcursos.com.br\/blog\/#organization\"},\"image\":{\"@id\":\"https:\/\/www.estrategiaconcursos.com.br\/blog\/concurso-cref-sc\/#primaryimage\"},\"thumbnailUrl\":\"https:\/\/dhg1h5j42swfq.cloudfront.net\/2021\/11\/18082806\/cref3-sc.jpg\",\"articleSection\":[\"Executivo (Administrativa)\"],\"inLanguage\":\"pt-BR\",\"potentialAction\":[{\"@type\":\"CommentAction\",\"name\":\"Comment\",\"target\":[\"https:\/\/www.estrategiaconcursos.com.br\/blog\/concurso-cref-sc\/#respond\"]}],\"copyrightYear\":\"2023\",\"copyrightHolder\":{\"@id\":\"https:\/\/www.estrategiaconcursos.com.br\/blog\/#organization\"}},{\"@type\":\"WebPage\",\"@id\":\"https:\/\/www.estrategiaconcursos.com.br\/blog\/concurso-cref-sc\/\",\"url\":\"https:\/\/www.estrategiaconcursos.com.br\/blog\/concurso-cref-sc\/\",\"name\":\"Concurso CREF SC: resultado final divulgado!\",\"isPartOf\":{\"@id\":\"https:\/\/www.estrategiaconcursos.com.br\/blog\/#website\"},\"primaryImageOfPage\":{\"@id\":\"https:\/\/www.estrategiaconcursos.com.br\/blog\/concurso-cref-sc\/#primaryimage\"},\"image\":{\"@id\":\"https:\/\/www.estrategiaconcursos.com.br\/blog\/concurso-cref-sc\/#primaryimage\"},\"thumbnailUrl\":\"https:\/\/dhg1h5j42swfq.cloudfront.net\/2021\/11\/18082806\/cref3-sc.jpg\",\"datePublished\":\"2023-05-19T11:30:00+00:00\",\"dateModified\":\"2023-05-19T16:48:20+00:00\",\"description\":\"Concurso CREF SC: o Instituto Quadrix foi oficializado como banca organizadora do certame. Saiba mais informa\u00e7\u00f5es aqui!\",\"breadcrumb\":{\"@id\":\"https:\/\/www.estrategiaconcursos.com.br\/blog\/concurso-cref-sc\/#breadcrumb\"},\"inLanguage\":\"pt-BR\",\"potentialAction\":[{\"@type\":\"ReadAction\",\"target\":[\"https:\/\/www.estrategiaconcursos.com.br\/blog\/concurso-cref-sc\/\"]}]},{\"@type\":\"ImageObject\",\"inLanguage\":\"pt-BR\",\"@id\":\"https:\/\/www.estrategiaconcursos.com.br\/blog\/concurso-cref-sc\/#primaryimage\",\"url\":\"https:\/\/dhg1h5j42swfq.cloudfront.net\/2021\/11\/18082806\/cref3-sc.jpg\",\"contentUrl\":\"https:\/\/dhg1h5j42swfq.cloudfront.net\/2021\/11\/18082806\/cref3-sc.jpg\",\"width\":2048,\"height\":1310},{\"@type\":\"BreadcrumbList\",\"@id\":\"https:\/\/www.estrategiaconcursos.com.br\/blog\/concurso-cref-sc\/#breadcrumb\",\"itemListElement\":[{\"@type\":\"ListItem\",\"position\":1,\"name\":\"In\u00edcio\",\"item\":\"https:\/\/www.estrategiaconcursos.com.br\/blog\/\"},{\"@type\":\"ListItem\",\"position\":2,\"name\":\"Concurso CREF SC: resultado final divulgado!\"}]},{\"@type\":\"WebSite\",\"@id\":\"https:\/\/www.estrategiaconcursos.com.br\/blog\/#website\",\"url\":\"https:\/\/www.estrategiaconcursos.com.br\/blog\/\",\"name\":\"Estrat\u00e9gia Concursos\",\"description\":\"O blog da Estrat\u00e9gia Concursos traz not\u00edcias sobre concursos e artigos de professores oferecendo cursos para concursos (pdf + videaulas) no site.\",\"publisher\":{\"@id\":\"https:\/\/www.estrategiaconcursos.com.br\/blog\/#organization\"},\"potentialAction\":[{\"@type\":\"SearchAction\",\"target\":{\"@type\":\"EntryPoint\",\"urlTemplate\":\"https:\/\/www.estrategiaconcursos.com.br\/blog\/?s={search_term_string}\"},\"query-input\":{\"@type\":\"PropertyValueSpecification\",\"valueRequired\":true,\"valueName\":\"search_term_string\"}}],\"inLanguage\":\"pt-BR\"},{\"@type\":\"Organization\",\"@id\":\"https:\/\/www.estrategiaconcursos.com.br\/blog\/#organization\",\"name\":\"Estrat\u00e9gia Concursos\",\"url\":\"https:\/\/www.estrategiaconcursos.com.br\/blog\/\",\"logo\":{\"@type\":\"ImageObject\",\"inLanguage\":\"pt-BR\",\"@id\":\"https:\/\/www.estrategiaconcursos.com.br\/blog\/#\/schema\/logo\/image\/\",\"url\":\"https:\/\/dhg1h5j42swfq.cloudfront.net\/2025\/06\/03203428\/logo_concursos-1.jpg\",\"contentUrl\":\"https:\/\/dhg1h5j42swfq.cloudfront.net\/2025\/06\/03203428\/logo_concursos-1.jpg\",\"width\":230,\"height\":60,\"caption\":\"Estrat\u00e9gia Concursos\"},\"image\":{\"@id\":\"https:\/\/www.estrategiaconcursos.com.br\/blog\/#\/schema\/logo\/image\/\"},\"sameAs\":[\"https:\/\/x.com\/EstratConcursos\"]},{\"@type\":\"Person\",\"@id\":\"https:\/\/www.estrategiaconcursos.com.br\/blog\/#\/schema\/person\/b4a388c97673c5f483d72185668afa1f\",\"name\":\"Coordena\u00e7\u00e3o\",\"image\":{\"@type\":\"ImageObject\",\"inLanguage\":\"pt-BR\",\"@id\":\"https:\/\/secure.gravatar.com\/avatar\/b720319e4c9a967eb58678d110f4fe35452fc5d5f97b202bac7b8acceb18c6ad?s=96&d=mm&r=g\",\"url\":\"https:\/\/secure.gravatar.com\/avatar\/b720319e4c9a967eb58678d110f4fe35452fc5d5f97b202bac7b8acceb18c6ad?s=96&d=mm&r=g\",\"contentUrl\":\"https:\/\/secure.gravatar.com\/avatar\/b720319e4c9a967eb58678d110f4fe35452fc5d5f97b202bac7b8acceb18c6ad?s=96&d=mm&r=g\",\"caption\":\"Coordena\u00e7\u00e3o\"},\"sameAs\":[\"https:\/\/www.facebook.com\/EstrategiaConcursos\",\"https:\/\/x.com\/EstratConcursos\"],\"url\":\"https:\/\/www.estrategiaconcursos.com.br\/blog\/author\/estrategia2013\/\"}]}<\/script>\n<!-- \/ Yoast SEO Premium plugin. -->","yoast_head_json":{"title":"Concurso CREF SC: resultado final divulgado!","description":"Concurso CREF SC: o Instituto Quadrix foi oficializado como banca organizadora do certame. Saiba mais informa\u00e7\u00f5es aqui!","robots":{"index":"index","follow":"follow","max-snippet":"max-snippet:-1","max-image-preview":"max-image-preview:large","max-video-preview":"max-video-preview:-1"},"canonical":"https:\/\/www.estrategiaconcursos.com.br\/blog\/concurso-cref-sc\/","og_locale":"pt_BR","og_type":"article","og_title":"Concurso CREF SC: resultado final divulgado!","og_description":"Concurso CREF SC: o Instituto Quadrix foi oficializado como banca organizadora do certame. Saiba mais informa\u00e7\u00f5es aqui!","og_url":"https:\/\/www.estrategiaconcursos.com.br\/blog\/concurso-cref-sc\/","og_site_name":"Estrat\u00e9gia Concursos","article_author":"https:\/\/www.facebook.com\/EstrategiaConcursos","article_published_time":"2023-05-19T11:30:00+00:00","article_modified_time":"2023-05-19T16:48:20+00:00","og_image":[{"width":2048,"height":1310,"url":"https:\/\/dhg1h5j42swfq.cloudfront.net\/2021\/11\/18082806\/cref3-sc.jpg","type":"image\/jpeg"}],"author":"Coordena\u00e7\u00e3o","twitter_card":"summary_large_image","twitter_creator":"@EstratConcursos","twitter_site":"@EstratConcursos","twitter_misc":{"Escrito por":"Coordena\u00e7\u00e3o","Est. tempo de leitura":"3 minutos"},"schema":{"@context":"https:\/\/schema.org","@graph":[{"@type":"NewsArticle","@id":"https:\/\/www.estrategiaconcursos.com.br\/blog\/concurso-cref-sc\/#article","isPartOf":{"@id":"https:\/\/www.estrategiaconcursos.com.br\/blog\/concurso-cref-sc\/"},"author":{"name":"Coordena\u00e7\u00e3o","@id":"https:\/\/www.estrategiaconcursos.com.br\/blog\/#\/schema\/person\/b4a388c97673c5f483d72185668afa1f"},"headline":"Concurso CREF SC: resultado final divulgado!","datePublished":"2023-05-19T11:30:00+00:00","dateModified":"2023-05-19T16:48:20+00:00","mainEntityOfPage":{"@id":"https:\/\/www.estrategiaconcursos.com.br\/blog\/concurso-cref-sc\/"},"wordCount":1659,"commentCount":0,"publisher":{"@id":"https:\/\/www.estrategiaconcursos.com.br\/blog\/#organization"},"image":{"@id":"https:\/\/www.estrategiaconcursos.com.br\/blog\/concurso-cref-sc\/#primaryimage"},"thumbnailUrl":"https:\/\/dhg1h5j42swfq.cloudfront.net\/2021\/11\/18082806\/cref3-sc.jpg","articleSection":["Executivo (Administrativa)"],"inLanguage":"pt-BR","potentialAction":[{"@type":"CommentAction","name":"Comment","target":["https:\/\/www.estrategiaconcursos.com.br\/blog\/concurso-cref-sc\/#respond"]}],"copyrightYear":"2023","copyrightHolder":{"@id":"https:\/\/www.estrategiaconcursos.com.br\/blog\/#organization"}},{"@type":"WebPage","@id":"https:\/\/www.estrategiaconcursos.com.br\/blog\/concurso-cref-sc\/","url":"https:\/\/www.estrategiaconcursos.com.br\/blog\/concurso-cref-sc\/","name":"Concurso CREF SC: resultado final divulgado!","isPartOf":{"@id":"https:\/\/www.estrategiaconcursos.com.br\/blog\/#website"},"primaryImageOfPage":{"@id":"https:\/\/www.estrategiaconcursos.com.br\/blog\/concurso-cref-sc\/#primaryimage"},"image":{"@id":"https:\/\/www.estrategiaconcursos.com.br\/blog\/concurso-cref-sc\/#primaryimage"},"thumbnailUrl":"https:\/\/dhg1h5j42swfq.cloudfront.net\/2021\/11\/18082806\/cref3-sc.jpg","datePublished":"2023-05-19T11:30:00+00:00","dateModified":"2023-05-19T16:48:20+00:00","description":"Concurso CREF SC: o Instituto Quadrix foi oficializado como banca organizadora do certame. Saiba mais informa\u00e7\u00f5es aqui!","breadcrumb":{"@id":"https:\/\/www.estrategiaconcursos.com.br\/blog\/concurso-cref-sc\/#breadcrumb"},"inLanguage":"pt-BR","potentialAction":[{"@type":"ReadAction","target":["https:\/\/www.estrategiaconcursos.com.br\/blog\/concurso-cref-sc\/"]}]},{"@type":"ImageObject","inLanguage":"pt-BR","@id":"https:\/\/www.estrategiaconcursos.com.br\/blog\/concurso-cref-sc\/#primaryimage","url":"https:\/\/dhg1h5j42swfq.cloudfront.net\/2021\/11\/18082806\/cref3-sc.jpg","contentUrl":"https:\/\/dhg1h5j42swfq.cloudfront.net\/2021\/11\/18082806\/cref3-sc.jpg","width":2048,"height":1310},{"@type":"BreadcrumbList","@id":"https:\/\/www.estrategiaconcursos.com.br\/blog\/concurso-cref-sc\/#breadcrumb","itemListElement":[{"@type":"ListItem","position":1,"name":"In\u00edcio","item":"https:\/\/www.estrategiaconcursos.com.br\/blog\/"},{"@type":"ListItem","position":2,"name":"Concurso CREF SC: resultado final divulgado!"}]},{"@type":"WebSite","@id":"https:\/\/www.estrategiaconcursos.com.br\/blog\/#website","url":"https:\/\/www.estrategiaconcursos.com.br\/blog\/","name":"Estrat\u00e9gia Concursos","description":"O blog da Estrat\u00e9gia Concursos traz not\u00edcias sobre concursos e artigos de professores oferecendo cursos para concursos (pdf + videaulas) no site.","publisher":{"@id":"https:\/\/www.estrategiaconcursos.com.br\/blog\/#organization"},"potentialAction":[{"@type":"SearchAction","target":{"@type":"EntryPoint","urlTemplate":"https:\/\/www.estrategiaconcursos.com.br\/blog\/?s={search_term_string}"},"query-input":{"@type":"PropertyValueSpecification","valueRequired":true,"valueName":"search_term_string"}}],"inLanguage":"pt-BR"},{"@type":"Organization","@id":"https:\/\/www.estrategiaconcursos.com.br\/blog\/#organization","name":"Estrat\u00e9gia Concursos","url":"https:\/\/www.estrategiaconcursos.com.br\/blog\/","logo":{"@type":"ImageObject","inLanguage":"pt-BR","@id":"https:\/\/www.estrategiaconcursos.com.br\/blog\/#\/schema\/logo\/image\/","url":"https:\/\/dhg1h5j42swfq.cloudfront.net\/2025\/06\/03203428\/logo_concursos-1.jpg","contentUrl":"https:\/\/dhg1h5j42swfq.cloudfront.net\/2025\/06\/03203428\/logo_concursos-1.jpg","width":230,"height":60,"caption":"Estrat\u00e9gia Concursos"},"image":{"@id":"https:\/\/www.estrategiaconcursos.com.br\/blog\/#\/schema\/logo\/image\/"},"sameAs":["https:\/\/x.com\/EstratConcursos"]},{"@type":"Person","@id":"https:\/\/www.estrategiaconcursos.com.br\/blog\/#\/schema\/person\/b4a388c97673c5f483d72185668afa1f","name":"Coordena\u00e7\u00e3o","image":{"@type":"ImageObject","inLanguage":"pt-BR","@id":"https:\/\/secure.gravatar.com\/avatar\/b720319e4c9a967eb58678d110f4fe35452fc5d5f97b202bac7b8acceb18c6ad?s=96&d=mm&r=g","url":"https:\/\/secure.gravatar.com\/avatar\/b720319e4c9a967eb58678d110f4fe35452fc5d5f97b202bac7b8acceb18c6ad?s=96&d=mm&r=g","contentUrl":"https:\/\/secure.gravatar.com\/avatar\/b720319e4c9a967eb58678d110f4fe35452fc5d5f97b202bac7b8acceb18c6ad?s=96&d=mm&r=g","caption":"Coordena\u00e7\u00e3o"},"sameAs":["https:\/\/www.facebook.com\/EstrategiaConcursos","https:\/\/x.com\/EstratConcursos"],"url":"https:\/\/www.estrategiaconcursos.com.br\/blog\/author\/estrategia2013\/"}]}},"_links":{"self":[{"href":"https:\/\/www.estrategiaconcursos.com.br\/blog\/wp-json\/wp\/v2\/posts\/911171","targetHints":{"allow":["GET"]}}],"collection":[{"href":"https:\/\/www.estrategiaconcursos.com.br\/blog\/wp-json\/wp\/v2\/posts"}],"about":[{"href":"https:\/\/www.estrategiaconcursos.com.br\/blog\/wp-json\/wp\/v2\/types\/post"}],"author":[{"embeddable":true,"href":"https:\/\/www.estrategiaconcursos.com.br\/blog\/wp-json\/wp\/v2\/users\/1"}],"replies":[{"embeddable":true,"href":"https:\/\/www.estrategiaconcursos.com.br\/blog\/wp-json\/wp\/v2\/comments?post=911171"}],"version-history":[{"count":36,"href":"https:\/\/www.estrategiaconcursos.com.br\/blog\/wp-json\/wp\/v2\/posts\/911171\/revisions"}],"predecessor-version":[{"id":1219073,"href":"https:\/\/www.estrategiaconcursos.com.br\/blog\/wp-json\/wp\/v2\/posts\/911171\/revisions\/1219073"}],"wp:featuredmedia":[{"embeddable":true,"href":"https:\/\/www.estrategiaconcursos.com.br\/blog\/wp-json\/wp\/v2\/media\/911222"}],"wp:attachment":[{"href":"https:\/\/www.estrategiaconcursos.com.br\/blog\/wp-json\/wp\/v2\/media?parent=911171"}],"wp:term":[{"taxonomy":"category","embeddable":true,"href":"https:\/\/www.estrategiaconcursos.com.br\/blog\/wp-json\/wp\/v2\/categories?post=911171"},{"taxonomy":"post_tag","embeddable":true,"href":"https:\/\/www.estrategiaconcursos.com.br\/blog\/wp-json\/wp\/v2\/tags?post=911171"},{"taxonomy":"tax_estado","embeddable":true,"href":"https:\/\/www.estrategiaconcursos.com.br\/blog\/wp-json\/wp\/v2\/tax_estado?post=911171"}],"curies":[{"name":"wp","href":"https:\/\/api.w.org\/{rel}","templated":true}]}}