{"id":91082,"date":"2017-10-02T09:03:22","date_gmt":"2017-10-02T12:03:22","guid":{"rendered":"https:\/\/www.estrategiaconcursos.com.br\/blog\/?p=91082"},"modified":"2017-10-02T09:04:41","modified_gmt":"2017-10-02T12:04:41","slug":"gabarito-extraoficial-nocoes-de-direito-direitos-humanos-agepen-ce-2017","status":"publish","type":"post","link":"https:\/\/www.estrategiaconcursos.com.br\/blog\/gabarito-extraoficial-nocoes-de-direito-direitos-humanos-agepen-ce-2017\/","title":{"rendered":"Gabarito Extraoficial &#8211; No\u00e7\u00f5es de Direito \/ Direitos Humanos &#8211; Agepen-CE 2017"},"content":{"rendered":"<p style=\"text-align: justify\">Ol\u00e1, pessoal! Tudo bem?<\/p>\n<p style=\"text-align: justify\">Nesse domingo (01\/10), tivemos o concurso do AGEPEN-CE (2017), organizado pela AOCP.<\/p>\n<p style=\"text-align: justify\">Abaixo, comento as quest\u00f5es das provas de <strong>No\u00e7\u00f5es de Direito \/ Direitos Humanos e Cidadania<\/strong> que est\u00e3o relacionadas ao Direito Constitucional.<\/p>\n<p style=\"text-align: justify\">Espero que voc\u00eas tenham se sa\u00eddo muito bem na prova!<\/p>\n<p style=\"text-align: justify\">Grande abra\u00e7o,<\/p>\n<p style=\"text-align: justify\">Ricardo Vale<\/p>\n<p style=\"text-align: justify\"><strong>P.S:<\/strong> Sigam-me no Instagram para dicas di\u00e1rias de Direito Constitucional:<\/p>\n<p style=\"text-align: justify\"><a href=\"https:\/\/www.instagram.com\/profricardovale\/\">https:\/\/www.instagram.com\/profricardovale\/<\/a><\/p>\n<p>&nbsp;<\/p>\n<p style=\"text-align: center\"><span style=\"color: #0000ff\"><strong>NO\u00c7\u00d5ES DE DIREITO<\/strong><\/span><\/p>\n<p style=\"text-align: justify\"><strong>19 \u2013 (AOCP \/ Agepen-CE \u2013 2017) Assinale a alternativa INCORRETA a respeito da disciplina constitucional da administra\u00e7\u00e3o p\u00fablica.<\/strong><\/p>\n<p style=\"text-align: justify\">a) As fun\u00e7\u00f5es, os cargos e os empregos p\u00fablicos s\u00e3o acess\u00edveis aos brasileiros que preencham os requisitos estabelecidos em lei, assim como aos estrangeiros, na forma da lei.<\/p>\n<p style=\"text-align: justify\">b) O prazo de validade do concurso p\u00fablico ser\u00e1 de at\u00e9 dois anos, prorrog\u00e1vel uma vez, por igual per\u00edodo.<\/p>\n<p style=\"text-align: justify\">c) \u00c9 garantido, ao servidor p\u00fablico civil, o direito \u00e0 livre associa\u00e7\u00e3o sindical.<\/p>\n<p style=\"text-align: justify\">d) \u00c9 vedada toda e qualquer acumula\u00e7\u00e3o remunerada de cargos p\u00fablicos.<\/p>\n<p style=\"text-align: justify\"><strong>Coment\u00e1rios:<\/strong><\/p>\n<p style=\"text-align: justify\">Letra A: correta. \u00c9 o que determina o art. 37, I, da Constitui\u00e7\u00e3o, que garante o acesso tanto dos brasileiros quanto aos estrangeiros, na forma da lei, \u00e0s fun\u00e7\u00f5es, aos cargos e aos empregos p\u00fablicos.<\/p>\n<p style=\"text-align: justify\">Letra B: correta. Trata-se da literalidade do inciso III do art. 37, da CF\/88.<\/p>\n<p style=\"text-align: justify\">Letra C: correta. \u00c9 o que determina o inciso VI do art. 37 da Constitui\u00e7\u00e3o, que confere aos servidores p\u00fablicos civis o direito \u00e0 associa\u00e7\u00e3o sindical.<\/p>\n<p style=\"text-align: justify\">Letra D: errada. A Carta Magna admite a acumula\u00e7\u00e3o remunerada de cargos p\u00fablicos em alguns casos, desde que haja compatibilidade de hor\u00e1rios:<\/p>\n<p style=\"padding-left: 30px;text-align: justify\"><strong><em>Art. 37, XVI<\/em><\/strong><em> &#8211; \u00e9 vedada a acumula\u00e7\u00e3o remunerada de cargos p\u00fablicos, exceto, quando houver compatibilidade de hor\u00e1rios, observado em qualquer caso o disposto no inciso XI:<\/em><\/p>\n<p style=\"padding-left: 30px;text-align: justify\"><strong><em>a)<\/em><\/strong><em> a de dois cargos de professor;<\/em><\/p>\n<p style=\"padding-left: 30px;text-align: justify\"><strong><em>b)<\/em><\/strong><em> a de um cargo de professor com outro t\u00e9cnico ou cient\u00edfico; <\/em><\/p>\n<p style=\"padding-left: 30px;text-align: justify\"><strong><em>c)<\/em><\/strong><em> a de dois cargos ou empregos privativos de profissionais de sa\u00fade, com profiss\u00f5es regulamentadas (&#8230;).<\/em><\/p>\n<p style=\"text-align: justify\">O gabarito \u00e9 a letra D.<\/p>\n<p style=\"text-align: center\"><span style=\"color: #0000ff\"><strong>DIREITOS HUMANOS E CIDADANIA<\/strong><\/span><\/p>\n<p style=\"text-align: justify\"><strong>20 \u2013 (AOCP \/ Agepen-CE \u2013 2017) Assinale a alternativa correta acerca do estado de defesa e do estado de s\u00edtio, conforme disposto na Constitui\u00e7\u00e3o Federal.<\/strong><\/p>\n<p style=\"text-align: justify\">a) O Presidente da Rep\u00fablica pode decretar estado de defesa por tempo indeterminado.<\/p>\n<p style=\"text-align: justify\">b) Na vig\u00eancia do estado de defesa, a pris\u00e3o por crime contra o Estado s\u00f3 pode ser determinada pelo juiz competente.<\/p>\n<p style=\"text-align: justify\">c) O Presidente da Rep\u00fablica pode, independentemente de autoriza\u00e7\u00e3o do Congresso, decretar o estado de s\u00edtio.<\/p>\n<p style=\"text-align: justify\">d) O decreto do estado de s\u00edtio indicar\u00e1 sua dura\u00e7\u00e3o, as normas necess\u00e1rias a sua execu\u00e7\u00e3o e as garantias constitucionais que ficar\u00e3o suspensas, e, depois de publicado, o Presidente da Rep\u00fablica designar\u00e1 o executor das medidas espec\u00edficas e as \u00e1reas abrangidas.<\/p>\n<p style=\"text-align: justify\"><strong>Coment\u00e1rios:<\/strong><\/p>\n<p style=\"text-align: justify\">Letra A: errada. O estado de defesa s\u00f3 pode ser decretado por <strong><em>tempo determinado<\/em><\/strong>. Nesse sentido, o art. 136, \u00a7 1\u00ba, da Constitui\u00e7\u00e3o, disp\u00f5e que \u201co decreto que instituir o estado de defesa determinar\u00e1 o tempo de sua dura\u00e7\u00e3o\u201d.<\/p>\n<p style=\"text-align: justify\">Letra B: errada. Na vig\u00eancia do estado de defesa a pris\u00e3o por crime contra o Estado, <strong><em>determinada pelo executor da medida<\/em><\/strong>, ser\u00e1 por este comunicada imediatamente ao juiz competente, que a relaxar\u00e1, se n\u00e3o for legal, facultado ao preso requerer exame de corpo de delito \u00e0 autoridade policial (art. 136, \u00a7 3\u00ba, I, CF).<\/p>\n<p style=\"text-align: justify\">Letra C: errada. O Presidente da Rep\u00fablica pode, ouvidos o Conselho da Rep\u00fablica e o Conselho de Defesa Nacional, <strong><em>solicitar ao Congresso Nacional autoriza\u00e7\u00e3o para decretar o estado de s\u00edtio<\/em><\/strong>, nos casos previstos pela Constitui\u00e7\u00e3o (art. 137, CF).<\/p>\n<p style=\"text-align: justify\">Letra D: correta. \u00c9 o que prev\u00ea o art. 138 da Constitui\u00e7\u00e3o.<\/p>\n<p style=\"text-align: justify\"><strong>28 \u2013 (AOCP \/ Agepen-CE \u2013 2017) Referente aos direitos e \u00e0s garantias fundamentais previstos na Constitui\u00e7\u00e3o Federal, assinale a alternativa correta.<\/strong><\/p>\n<p style=\"text-align: justify\">a) A autoridade p\u00fablica somente pode penetrar em um domic\u00edlio com ordem judicial e desde que durante o dia.<\/p>\n<p style=\"text-align: justify\">b) \u00c9 plena a liberdade de associa\u00e7\u00e3o para quaisquer fins, inclusive a de car\u00e1ter paramilitar.<\/p>\n<p style=\"text-align: justify\">c) Constitui crime inafian\u00e7\u00e1vel e imprescrit\u00edvel a a\u00e7\u00e3o de grupos armados, civis ou militares, contra a ordem constitucional e o Estado Democr\u00e1tico.<\/p>\n<p style=\"text-align: justify\">d) Nenhum brasileiro, nato ou naturalizado, ser\u00e1 extraditado.<\/p>\n<p style=\"text-align: justify\"><strong>Coment\u00e1rios:<\/strong><\/p>\n<p style=\"text-align: justify\">Letra A: errada. O ingresso na \u201ccasa\u201d de um indiv\u00edduo poder\u00e1 ocorrer nas <strong><em>seguintes situa\u00e7\u00f5es<\/em> <\/strong>(art. 5<sup>o<\/sup>, XI, CF):<\/p>\n<p style=\"padding-left: 30px;text-align: justify\"><strong>a)<\/strong> Com o consentimento do morador;<\/p>\n<p style=\"padding-left: 30px;text-align: justify\"><strong>b)<\/strong> Sem o consentimento do morador, sob <strong><em>ordem judicial<\/em><\/strong>, apenas <strong><em>durante o dia<\/em>;<\/strong><\/p>\n<p style=\"padding-left: 30px;text-align: justify\"><strong>c) <\/strong>A <strong><em>qualquer hora<\/em><\/strong>, sem consentimento do indiv\u00edduo, em caso de <strong><em>flagrante delito ou desastre, ou, ainda, para prestar socorro<\/em><\/strong>.<\/p>\n<p style=\"text-align: justify\">Letra B: errada. A Carta Magna veda a associa\u00e7\u00e3o de car\u00e1ter paramilitar (art. 5<sup>o<\/sup>, XVII, CF).<\/p>\n<p style=\"text-align: justify\">Letra C: correta. \u00c9 o que determina o inciso XLIV do art. 5<sup>o<\/sup> da CF\/88.<\/p>\n<p style=\"text-align: justify\">Letra D: errada. Somente a extradi\u00e7\u00e3o do brasileiro nato \u00e9 vedada de modo absoluto. A Carta Magna determina que \u201cnenhum brasileiro ser\u00e1 extraditado, <strong><em>salvo o naturalizado<\/em><\/strong>, em caso de crime comum, praticado antes da naturaliza\u00e7\u00e3o, ou de comprovado envolvimento em tr\u00e1fico il\u00edcito de entorpecentes e drogas afins, na forma da lei\u201d (art. 5<sup>o<\/sup>, LI, CF).<\/p>\n<p style=\"text-align: justify\">O gabarito \u00e9 a letra C.<\/p>\n<p style=\"text-align: justify\"><strong>29 \u2013 (AOCP \/ Agepen-CE \u2013 2017) \u00c9\/s\u00e3o direito(s) dos trabalhadores urbanos e rurais, previsto(s) expressamente na Constitui\u00e7\u00e3o Federal:<\/strong><\/p>\n<p style=\"text-align: justify\">a) sal\u00e1rio m\u00ednimo, fixado em lei complementar, nacionalmente unificado, capaz de atender a suas necessidades vitais b\u00e1sicas e \u00e0s de sua fam\u00edlia com moradia, alimenta\u00e7\u00e3o, educa\u00e7\u00e3o, sa\u00fade, lazer, vestu\u00e1rio, higiene, transporte e previd\u00eancia social, com reajustes semestrais que lhe preservem o poder aquisitivo, sendo vedada sua vincula\u00e7\u00e3o para qualquer fim.<\/p>\n<p style=\"text-align: justify\">b) prote\u00e7\u00e3o em face da automa\u00e7\u00e3o, na forma da lei.<\/p>\n<p style=\"text-align: justify\">c) salario m\u00ednimo, fixado em norma infralegal, regionalmente unificado, capaz de atender a suas necessidades vitais b\u00e1sicas e \u00e0s de sua fam\u00edlia com moradia, alimenta\u00e7\u00e3o, educa\u00e7\u00e3o, sa\u00fade, lazer, vestu\u00e1rio, higiene, transporte e previd\u00eancia social, com reajustes anuais que lhe preservem o poder aquisitivo, sendo vedada sua vincula\u00e7\u00e3o para qualquer fim.<\/p>\n<p style=\"text-align: justify\">d) licen\u00e7a \u00e0 gestante, sem preju\u00edzo do emprego e do salario, com a dura\u00e7\u00e3o de cento e oitenta dias.<\/p>\n<p style=\"text-align: justify\"><strong>Coment\u00e1rios:<\/strong><\/p>\n<p style=\"text-align: justify\">Letra A: errada. \u00c9 direito dos trabalhadores o sal\u00e1rio m\u00ednimo, fixado em <strong><em>lei<\/em><\/strong>, nacionalmente unificado, capaz de atender a suas necessidades vitais b\u00e1sicas e \u00e0s de sua fam\u00edlia com moradia, alimenta\u00e7\u00e3o, educa\u00e7\u00e3o, sa\u00fade, lazer, vestu\u00e1rio, higiene, transporte e previd\u00eancia social, com reajustes <strong><em>peri\u00f3dicos<\/em><\/strong> que lhe preservem o poder aquisitivo, sendo vedada sua vincula\u00e7\u00e3o para qualquer fim (art. 7<sup>o<\/sup>, IV, CF).<\/p>\n<p style=\"text-align: justify\">Letra B: correta. \u00c9 o que disp\u00f5e o inciso XXVII do art. 7<sup>o<\/sup> da Constitui\u00e7\u00e3o.<\/p>\n<p style=\"text-align: justify\">Letra C: errada. O examinador tem uma certa paix\u00e3o pelo direito ao sal\u00e1rio m\u00ednimo (risos). Segundo a CF\/88, \u00e9 direito dos trabalhadores o sal\u00e1rio m\u00ednimo, fixado em <strong><em>lei<\/em><\/strong>, <strong><em>nacionalmente<\/em><\/strong> unificado, capaz de atender a suas necessidades vitais b\u00e1sicas e \u00e0s de sua fam\u00edlia com moradia, alimenta\u00e7\u00e3o, educa\u00e7\u00e3o, sa\u00fade, lazer, vestu\u00e1rio, higiene, transporte e previd\u00eancia social, com reajustes <strong><em>peri\u00f3dicos<\/em><\/strong> que lhe preservem o poder aquisitivo, sendo vedada sua vincula\u00e7\u00e3o para qualquer fim (art. 7<sup>o<\/sup>, IV, CF).<\/p>\n<p style=\"text-align: justify\">Letra D: errada. A Carta Magna assegura a licen\u00e7a \u00e0 gestante, sem preju\u00edzo do emprego e do sal\u00e1rio, com a dura\u00e7\u00e3o de cento e vinte dias (art. 7<sup>o<\/sup>, XVIII, CF).<\/p>\n<p style=\"text-align: justify\"><strong>33 \u2013 (AOCP \/ Agepen-CE \u2013 2017) De acordo com as disposi\u00e7\u00f5es acerca da nacionalidade, constantes na Constitui\u00e7\u00e3o Federal, assinale a alternativa correta.<\/strong><\/p>\n<p style=\"text-align: justify\">a) Os nascidos na Rep\u00fablica Federativa do Brasil, de pais estrangeiros que estejam a servi\u00e7o do seu pa\u00eds s\u00e3o brasileiros natos.<\/p>\n<p style=\"text-align: justify\">b) Os nascidos no estrangeiro de pai brasileiro ou m\u00e3e brasileira, que estejam a servi\u00e7o da Rep\u00fablica Federativa do Brasil, somente s\u00e3o brasileiros natos se forem registrados em reparti\u00e7\u00e3o brasileira competente ou vierem a residir na Rep\u00fablica Federativa do Brasil e optarem, em qualquer tempo, depois de atingida a maioridade, pela nacionalidade brasileira.<\/p>\n<p style=\"text-align: justify\">c) S\u00e3o brasileiros naturalizados os estrangeiros de qualquer nacionalidade residentes na Rep\u00fablica Federativa do Brasil h\u00e1 dez anos ininterruptos e sem condena\u00e7\u00e3o penal, desde que requeiram a nacionalidade brasileira.<\/p>\n<p style=\"text-align: justify\">d) S\u00e3o brasileiros natos os nascidos no estrangeiro de pai brasileiro ou de m\u00e3e brasileira, desde que sejam registrados em reparti\u00e7\u00e3o brasileira competente ou venham a residir na Rep\u00fablica Federativa do Brasil e optem, em qualquer tempo, depois de atingida a maioridade, pela nacionalidade brasileira.<\/p>\n<p style=\"text-align: justify\"><strong>Coment\u00e1rios:<\/strong><\/p>\n<p style=\"text-align: justify\">Letra A: errada. Os nascidos na Rep\u00fablica Federativa do Brasil nessa situa\u00e7\u00e3o s\u00e3o estrangeiros. Vejamos o que disp\u00f5e o art. 12, I, da CF\/88:<\/p>\n<p style=\"padding-left: 30px;text-align: justify\"><strong><em>Art. 12.<\/em><\/strong><em> S\u00e3o brasileiros:<\/em><\/p>\n<p style=\"padding-left: 30px;text-align: justify\"><strong><em>I <\/em><\/strong><em>&#8211; natos:<\/em><\/p>\n<p style=\"padding-left: 30px;text-align: justify\"><strong><em>a)<\/em><\/strong><em> os nascidos na Rep\u00fablica Federativa do Brasil, ainda que de pais estrangeiros, <strong>desde que estes n\u00e3o estejam a servi\u00e7o de seu pa\u00eds<\/strong> (&#8230;).<\/em><\/p>\n<p style=\"text-align: justify\">Letra B: errada. Nessa situa\u00e7\u00e3o, a Carta Magna n\u00e3o exige o registro em reparti\u00e7\u00e3o brasileira competente ou a resid\u00eancia no Brasil e op\u00e7\u00e3o pela nacionalidade brasileira ap\u00f3s a maioridade:<\/p>\n<p style=\"padding-left: 30px;text-align: justify\"><strong><em>Art. 12.<\/em><\/strong> S\u00e3o brasileiros:<\/p>\n<p style=\"padding-left: 30px;text-align: justify\"><strong>I<\/strong> \u2013 natos:<\/p>\n<p style=\"padding-left: 30px;text-align: justify\">(&#8230;)<\/p>\n<p style=\"padding-left: 30px;text-align: justify\"><strong>b)<\/strong> os nascidos no estrangeiro, de pai brasileiro ou m\u00e3e brasileira, desde que qualquer deles esteja a servi\u00e7o da Rep\u00fablica Federativa do Brasil (&#8230;).<\/p>\n<p style=\"text-align: justify\">Letra C: errada. Nesse caso, a Constitui\u00e7\u00e3o exige a resid\u00eancia na na Rep\u00fablica Federativa do Brasil h\u00e1 <strong><em>quinze<\/em><\/strong> anos ininterruptos e sem condena\u00e7\u00e3o penal como condi\u00e7\u00e3o para aquisi\u00e7\u00e3o da nacionalidade brasileira (art. 12, II, \u201cb\u201d, CF).<\/p>\n<p style=\"text-align: justify\">Letra D: correta. \u00c9 o que disp\u00f5e o art. 12, I, \u201cc\u201d, da CF\/88.<\/p>\n<p style=\"text-align: justify\">O gabarito \u00e9 a letra D.<\/p>\n<p style=\"text-align: justify\"><strong>34 &#8211; (AOCP \/ Agepen-CE \u2013 2017) \u00c9 correto afirmar que s\u00e3o condi\u00e7\u00f5es para elegibilidade, previstas expressamente na Constitui\u00e7\u00e3o Federal, dentre outras:<\/strong><\/p>\n<p style=\"text-align: justify\">a) a nacionalidade brasileira, o alistamento eleitoral e a idade m\u00ednima de trinta anos para Senador.<\/p>\n<p style=\"text-align: justify\">b) o domic\u00edlio eleitoral na circunscri\u00e7\u00e3o, a inexist\u00eancia de condena\u00e7\u00e3o por decis\u00e3o de \u00f3rg\u00e3o colegiado e a idade m\u00ednima de trinta anos para Governador.<\/p>\n<p style=\"text-align: justify\">c) a filia\u00e7\u00e3o partid\u00e1ria, o alistamento eleitoral e a idade m\u00ednima de dezoito anos para Vereador.<\/p>\n<p style=\"text-align: justify\">d) o pleno exerc\u00edcio dos direitos pol\u00edticos, a filia\u00e7\u00e3o partid\u00e1ria e a idade m\u00ednima de vinte e um anos para Vereador<\/p>\n<p style=\"text-align: justify\"><strong>Coment\u00e1rios:<\/strong><\/p>\n<p style=\"text-align: justify\">Letra A: errada. A idade m\u00ednima para o cargo de Senador \u00e9 de 35 anos.<\/p>\n<p style=\"text-align: justify\">Letra B: errada. N\u00e3o \u00e9 condi\u00e7\u00e3o de elegibilidade a inexist\u00eancia de condena\u00e7\u00e3o por decis\u00e3o de \u00f3rg\u00e3o colegiado.<\/p>\n<p style=\"text-align: justify\">Letra C: correta. \u00c9 isso mesmo. Dentre as condi\u00e7\u00f5es de elegibilidade, est\u00e3o a filia\u00e7\u00e3o partid\u00e1ria, o alistamento eleitoral e a idade m\u00ednima de 18 anos para Vereador.<\/p>\n<p style=\"text-align: justify\">Letra D: errada. A idade m\u00ednima para o cargo de Vereador \u00e9 18 anos.<\/p>\n<p style=\"text-align: justify\">O gabarito \u00e9 a letra C.<\/p>\n<p style=\"text-align: justify\"><strong>36 &#8211; (AOCP \/ Agepen-CE \u2013 2017) De acordo com a Constitui\u00e7\u00e3o Federal, assinale a alternativa que N\u00c3O apresenta uma hip\u00f3tese de perda ou suspens\u00e3o dos direitos pol\u00edticos.<\/strong><\/p>\n<p style=\"text-align: justify\">a) Cancelamento da naturaliza\u00e7\u00e3o por senten\u00e7a transitada em julgado.<\/p>\n<p style=\"text-align: justify\">b) Incapacidade civil relativa.<\/p>\n<p style=\"text-align: justify\">c) Condena\u00e7\u00e3o criminal transitada em julgado, enquanto durarem seus efeitos.<\/p>\n<p style=\"text-align: justify\">d) Improbidade administrativa.<\/p>\n<p style=\"text-align: justify\"><strong>Coment\u00e1rios: <\/strong><\/p>\n<p style=\"text-align: justify\">As hip\u00f3teses de perda ou suspens\u00e3o dos direitos pol\u00edticos est\u00e3o elencadas no art. 15, CF\/88:<\/p>\n<p style=\"padding-left: 30px;text-align: justify\"><strong>Art. 15.<\/strong> \u00c9 vedada a cassa\u00e7\u00e3o de direitos pol\u00edticos, cuja perda ou suspens\u00e3o s\u00f3 se dar\u00e1 nos casos de:<\/p>\n<p style=\"padding-left: 30px;text-align: justify\"><strong>I &#8211;<\/strong> cancelamento da naturaliza\u00e7\u00e3o por senten\u00e7a transitada em julgado;<\/p>\n<p style=\"padding-left: 30px;text-align: justify\"><strong>II <\/strong>&#8211; incapacidade civil absoluta;<\/p>\n<p style=\"padding-left: 30px;text-align: justify\"><strong>III <\/strong>&#8211; condena\u00e7\u00e3o criminal transitada em julgado, enquanto durarem seus efeitos;<\/p>\n<p style=\"padding-left: 30px;text-align: justify\"><strong>IV &#8211;<\/strong> recusa de cumprir obriga\u00e7\u00e3o a todos imposta ou presta\u00e7\u00e3o alternativa, nos termos do art. 5\u00ba, VIII;<\/p>\n<p style=\"padding-left: 30px;text-align: justify\"><strong>V &#8211;<\/strong> improbidade administrativa, nos termos do art. 37, \u00a7 4\u00ba.<\/p>\n<p style=\"text-align: justify\">A incapacidade civil relativa n\u00e3o \u00e9 hip\u00f3tese de perda ou suspens\u00e3o dos direitos pol\u00edticos.<\/p>\n<p style=\"text-align: justify\">O gabarito \u00e9 a letra B.<\/p>\n<p style=\"text-align: justify\"><strong>37 \u2013 (AOCP \/ Agepen-CE \u2013 2017) De acordo com a Constitui\u00e7\u00e3o Federal, o profissional, na qualidade de agente penitenci\u00e1rio,<\/strong><\/p>\n<p style=\"text-align: justify\">a) n\u00e3o poder\u00e1 acumular, de forma remunerada, nenhum outro cargo p\u00fablico com o seu.<\/p>\n<p style=\"text-align: justify\">b) poder\u00e1 acumular o seu cargo, de forma remunerada, com um cargo p\u00fablico de t\u00e9cnico ou cient\u00edfico.<\/p>\n<p style=\"text-align: justify\">c) poder\u00e1 acumular o seu cargo, de forma remunerada, com cargo ou emprego p\u00fablico privativo de profissional de sa\u00fade.<\/p>\n<p style=\"text-align: justify\">d) poder\u00e1 acumular o seu cargo, de forma remunerada, com um cargo p\u00fablico de professor.<\/p>\n<p style=\"text-align: justify\"><strong>Coment\u00e1rios: <\/strong><\/p>\n<p style=\"text-align: justify\">A CF\/88 autoriza, em certos casos, a <strong><em>acumula\u00e7\u00e3o remunerada<\/em><\/strong> de cargos p\u00fablicos:<\/p>\n<p style=\"padding-left: 30px;text-align: justify\"><strong>a)<\/strong> a de dois cargos de professor;<\/p>\n<p style=\"padding-left: 30px;text-align: justify\"><strong>b)<\/strong> a de um cargo de professor com outro t\u00e9cnico ou cient\u00edfico;<\/p>\n<p style=\"padding-left: 30px;text-align: justify\"><strong>c)<\/strong> a de dois cargos ou empregos privativos de profissionais de sa\u00fade, com profiss\u00f5es regulamentadas.<\/p>\n<p style=\"text-align: justify\">O cargo de agente penitenci\u00e1rio \u00e9 um cargo t\u00e9cnico ou cient\u00edfico, que pode ser acumulado com o cargo p\u00fablico de professor.<\/p>\n<p style=\"text-align: justify\">O gabarito \u00e9 a letra D.<\/p>\n<p style=\"text-align: justify\"><strong>38 \u2013 (AOCP \/ Agepen-CE \u2013 2017) Acerca das disposi\u00e7\u00f5es contidas no texto da Constitui\u00e7\u00e3o Federal, assinale a alternativa correta.<\/strong><\/p>\n<p style=\"text-align: justify\">a) Os valores sociais do trabalho e da livre iniciativa consistem em um dos objetivos fundamentais da Rep\u00fablica Federativa do Brasil, assim previstos expressamente na Constitui\u00e7\u00e3o Federal.<\/p>\n<p style=\"text-align: justify\">b) \u00c9 livre a manifesta\u00e7\u00e3o do pensamento, sendo garantido o direito ao anonimato.<\/p>\n<p style=\"text-align: justify\">c) O pluralismo pol\u00edtico \u00e9 um dos princ\u00edpios previstos de maneira expressa na Constitui\u00e7\u00e3o, que regem as rela\u00e7\u00f5es internacionais da Rep\u00fablica Federativa do Brasil.<\/p>\n<p style=\"text-align: justify\">d) A inviolabilidade do domic\u00edlio, prevista de forma expressa no texto constitucional, \u00e9 excepcionada no caso de flagrante delito ou desastre.<\/p>\n<p style=\"text-align: justify\"><strong>Coment\u00e1rios: <\/strong><\/p>\n<p style=\"text-align: justify\">Letra A: errada. Os valores sociais do trabalho e da livre iniciativa s\u00e3o <strong><em>fundamentos<\/em><\/strong> da Rep\u00fablica Federativa do Brasil.<\/p>\n<p style=\"text-align: justify\">Letra B: errada. \u00c9 livre a manifesta\u00e7\u00e3o do pensamento, sendo <strong><em>vedado o anonimato<\/em><\/strong>.<\/p>\n<p style=\"text-align: justify\">Letra C: errada. O pluralismo pol\u00edtico \u00e9 um <strong><em>fundamento<\/em><\/strong> da Rep\u00fablica Federativa do Brasil.<\/p>\n<p style=\"text-align: justify\">Letra D: correta. A inviolabilidade do domic\u00edlio \u00e9 excepcionada nas seguintes situa\u00e7\u00f5es: i) flagrante delito; ii) desastre; iii) presta\u00e7\u00e3o de socorro e; iv) mediante ordem judicial.<\/p>\n<p style=\"text-align: justify\">O gabarito \u00e9 a letra D.<\/p>\n<p>&nbsp;<\/p>\n","protected":false},"excerpt":{"rendered":"<p>Ol\u00e1, pessoal! Tudo bem? Nesse domingo (01\/10), tivemos o concurso do AGEPEN-CE (2017), organizado pela AOCP. Abaixo, comento as quest\u00f5es das provas de No\u00e7\u00f5es de Direito \/ Direitos Humanos e Cidadania que est\u00e3o relacionadas ao Direito Constitucional. Espero que voc\u00eas tenham se sa\u00eddo muito bem na prova! Grande abra\u00e7o, Ricardo Vale P.S: Sigam-me no Instagram [&hellip;]<\/p>\n","protected":false},"author":26,"featured_media":0,"comment_status":"open","ping_status":"open","sticky":false,"template":"","format":"standard","meta":{"post_tipo":"article","footnotes":""},"categories":[1],"tags":[],"tax_estado":[],"class_list":["post-91082","post","type-post","status-publish","format-standard","hentry","category-cursos-e-concursos"],"acf":[],"yoast_head":"<!-- This site is optimized with the Yoast SEO Premium plugin v27.2 (Yoast SEO v27.2) - https:\/\/yoast.com\/product\/yoast-seo-premium-wordpress\/ -->\n<title>Gabarito Extraoficial - No\u00e7\u00f5es de Direito \/ Direitos Humanos - Agepen-CE 2017<\/title>\n<meta name=\"robots\" content=\"index, follow, max-snippet:-1, max-image-preview:large, max-video-preview:-1\" \/>\n<link rel=\"canonical\" href=\"https:\/\/www.estrategiaconcursos.com.br\/blog\/gabarito-extraoficial-nocoes-de-direito-direitos-humanos-agepen-ce-2017\/\" \/>\n<meta property=\"og:locale\" content=\"pt_BR\" \/>\n<meta property=\"og:type\" content=\"article\" \/>\n<meta property=\"og:title\" content=\"Gabarito Extraoficial - No\u00e7\u00f5es de Direito \/ Direitos Humanos - Agepen-CE 2017\" \/>\n<meta property=\"og:description\" content=\"Ol\u00e1, pessoal! Tudo bem? Nesse domingo (01\/10), tivemos o concurso do AGEPEN-CE (2017), organizado pela AOCP. Abaixo, comento as quest\u00f5es das provas de No\u00e7\u00f5es de Direito \/ Direitos Humanos e Cidadania que est\u00e3o relacionadas ao Direito Constitucional. Espero que voc\u00eas tenham se sa\u00eddo muito bem na prova! Grande abra\u00e7o, Ricardo Vale P.S: Sigam-me no Instagram [&hellip;]\" \/>\n<meta property=\"og:url\" content=\"https:\/\/www.estrategiaconcursos.com.br\/blog\/gabarito-extraoficial-nocoes-de-direito-direitos-humanos-agepen-ce-2017\/\" \/>\n<meta property=\"og:site_name\" content=\"Estrat\u00e9gia Concursos\" \/>\n<meta property=\"article:author\" content=\"https:\/\/www.facebook.com\/rvale01\" \/>\n<meta property=\"article:published_time\" content=\"2017-10-02T12:03:22+00:00\" \/>\n<meta property=\"article:modified_time\" content=\"2017-10-02T12:04:41+00:00\" \/>\n<meta name=\"author\" content=\"Ricardo Vale\" \/>\n<meta name=\"twitter:card\" content=\"summary_large_image\" \/>\n<meta name=\"twitter:creator\" content=\"@https:\/\/twitter.com\/EstratConcursos\" \/>\n<meta name=\"twitter:site\" content=\"@EstratConcursos\" \/>\n<meta name=\"twitter:label1\" content=\"Escrito por\" \/>\n\t<meta name=\"twitter:data1\" content=\"Ricardo Vale\" \/>\n\t<meta name=\"twitter:label2\" content=\"Est. tempo de leitura\" \/>\n\t<meta name=\"twitter:data2\" content=\"12 minutos\" \/>\n<script type=\"application\/ld+json\" class=\"yoast-schema-graph\">{\"@context\":\"https:\/\/schema.org\",\"@graph\":[{\"@type\":\"NewsArticle\",\"@id\":\"https:\/\/www.estrategiaconcursos.com.br\/blog\/gabarito-extraoficial-nocoes-de-direito-direitos-humanos-agepen-ce-2017\/#article\",\"isPartOf\":{\"@id\":\"https:\/\/www.estrategiaconcursos.com.br\/blog\/gabarito-extraoficial-nocoes-de-direito-direitos-humanos-agepen-ce-2017\/\"},\"author\":{\"name\":\"Ricardo Vale\",\"@id\":\"https:\/\/www.estrategiaconcursos.com.br\/blog\/#\/schema\/person\/c32e47dba2159cafe7796a9569a6ff7e\"},\"headline\":\"Gabarito Extraoficial &#8211; No\u00e7\u00f5es de Direito \/ Direitos Humanos &#8211; Agepen-CE 2017\",\"datePublished\":\"2017-10-02T12:03:22+00:00\",\"dateModified\":\"2017-10-02T12:04:41+00:00\",\"mainEntityOfPage\":{\"@id\":\"https:\/\/www.estrategiaconcursos.com.br\/blog\/gabarito-extraoficial-nocoes-de-direito-direitos-humanos-agepen-ce-2017\/\"},\"wordCount\":2374,\"commentCount\":0,\"publisher\":{\"@id\":\"https:\/\/www.estrategiaconcursos.com.br\/blog\/#organization\"},\"articleSection\":[\"Concursos P\u00fablicos\"],\"inLanguage\":\"pt-BR\",\"potentialAction\":[{\"@type\":\"CommentAction\",\"name\":\"Comment\",\"target\":[\"https:\/\/www.estrategiaconcursos.com.br\/blog\/gabarito-extraoficial-nocoes-de-direito-direitos-humanos-agepen-ce-2017\/#respond\"]}],\"copyrightYear\":\"2017\",\"copyrightHolder\":{\"@id\":\"https:\/\/www.estrategiaconcursos.com.br\/blog\/#organization\"}},{\"@type\":\"WebPage\",\"@id\":\"https:\/\/www.estrategiaconcursos.com.br\/blog\/gabarito-extraoficial-nocoes-de-direito-direitos-humanos-agepen-ce-2017\/\",\"url\":\"https:\/\/www.estrategiaconcursos.com.br\/blog\/gabarito-extraoficial-nocoes-de-direito-direitos-humanos-agepen-ce-2017\/\",\"name\":\"Gabarito Extraoficial - No\u00e7\u00f5es de Direito \/ Direitos Humanos - Agepen-CE 2017\",\"isPartOf\":{\"@id\":\"https:\/\/www.estrategiaconcursos.com.br\/blog\/#website\"},\"datePublished\":\"2017-10-02T12:03:22+00:00\",\"dateModified\":\"2017-10-02T12:04:41+00:00\",\"breadcrumb\":{\"@id\":\"https:\/\/www.estrategiaconcursos.com.br\/blog\/gabarito-extraoficial-nocoes-de-direito-direitos-humanos-agepen-ce-2017\/#breadcrumb\"},\"inLanguage\":\"pt-BR\",\"potentialAction\":[{\"@type\":\"ReadAction\",\"target\":[\"https:\/\/www.estrategiaconcursos.com.br\/blog\/gabarito-extraoficial-nocoes-de-direito-direitos-humanos-agepen-ce-2017\/\"]}]},{\"@type\":\"BreadcrumbList\",\"@id\":\"https:\/\/www.estrategiaconcursos.com.br\/blog\/gabarito-extraoficial-nocoes-de-direito-direitos-humanos-agepen-ce-2017\/#breadcrumb\",\"itemListElement\":[{\"@type\":\"ListItem\",\"position\":1,\"name\":\"In\u00edcio\",\"item\":\"https:\/\/www.estrategiaconcursos.com.br\/blog\/\"},{\"@type\":\"ListItem\",\"position\":2,\"name\":\"Gabarito Extraoficial &#8211; No\u00e7\u00f5es de Direito \/ Direitos Humanos &#8211; Agepen-CE 2017\"}]},{\"@type\":\"WebSite\",\"@id\":\"https:\/\/www.estrategiaconcursos.com.br\/blog\/#website\",\"url\":\"https:\/\/www.estrategiaconcursos.com.br\/blog\/\",\"name\":\"Estrat\u00e9gia Concursos\",\"description\":\"O blog da Estrat\u00e9gia Concursos traz not\u00edcias sobre concursos e artigos de professores oferecendo cursos para concursos (pdf + videaulas) no site.\",\"publisher\":{\"@id\":\"https:\/\/www.estrategiaconcursos.com.br\/blog\/#organization\"},\"potentialAction\":[{\"@type\":\"SearchAction\",\"target\":{\"@type\":\"EntryPoint\",\"urlTemplate\":\"https:\/\/www.estrategiaconcursos.com.br\/blog\/?s={search_term_string}\"},\"query-input\":{\"@type\":\"PropertyValueSpecification\",\"valueRequired\":true,\"valueName\":\"search_term_string\"}}],\"inLanguage\":\"pt-BR\"},{\"@type\":\"Organization\",\"@id\":\"https:\/\/www.estrategiaconcursos.com.br\/blog\/#organization\",\"name\":\"Estrat\u00e9gia Concursos\",\"url\":\"https:\/\/www.estrategiaconcursos.com.br\/blog\/\",\"logo\":{\"@type\":\"ImageObject\",\"inLanguage\":\"pt-BR\",\"@id\":\"https:\/\/www.estrategiaconcursos.com.br\/blog\/#\/schema\/logo\/image\/\",\"url\":\"https:\/\/dhg1h5j42swfq.cloudfront.net\/2025\/06\/03203428\/logo_concursos-1.jpg\",\"contentUrl\":\"https:\/\/dhg1h5j42swfq.cloudfront.net\/2025\/06\/03203428\/logo_concursos-1.jpg\",\"width\":230,\"height\":60,\"caption\":\"Estrat\u00e9gia Concursos\"},\"image\":{\"@id\":\"https:\/\/www.estrategiaconcursos.com.br\/blog\/#\/schema\/logo\/image\/\"},\"sameAs\":[\"https:\/\/x.com\/EstratConcursos\"]},{\"@type\":\"Person\",\"@id\":\"https:\/\/www.estrategiaconcursos.com.br\/blog\/#\/schema\/person\/c32e47dba2159cafe7796a9569a6ff7e\",\"name\":\"Ricardo Vale\",\"image\":{\"@type\":\"ImageObject\",\"inLanguage\":\"pt-BR\",\"@id\":\"https:\/\/secure.gravatar.com\/avatar\/e5a5658c798bb49dd53314263f59f38c192d73370fb65839a372c2ae9027be74?s=96&d=mm&r=g\",\"url\":\"https:\/\/secure.gravatar.com\/avatar\/e5a5658c798bb49dd53314263f59f38c192d73370fb65839a372c2ae9027be74?s=96&d=mm&r=g\",\"contentUrl\":\"https:\/\/secure.gravatar.com\/avatar\/e5a5658c798bb49dd53314263f59f38c192d73370fb65839a372c2ae9027be74?s=96&d=mm&r=g\",\"caption\":\"Ricardo Vale\"},\"sameAs\":[\"https:\/\/www.facebook.com\/rvale01\",\"https:\/\/x.com\/https:\/\/twitter.com\/EstratConcursos\"],\"url\":\"https:\/\/www.estrategiaconcursos.com.br\/blog\/author\/ricardovaleestrategiaconcursos-com-br\/\"}]}<\/script>\n<!-- \/ Yoast SEO Premium plugin. -->","yoast_head_json":{"title":"Gabarito Extraoficial - No\u00e7\u00f5es de Direito \/ Direitos Humanos - Agepen-CE 2017","robots":{"index":"index","follow":"follow","max-snippet":"max-snippet:-1","max-image-preview":"max-image-preview:large","max-video-preview":"max-video-preview:-1"},"canonical":"https:\/\/www.estrategiaconcursos.com.br\/blog\/gabarito-extraoficial-nocoes-de-direito-direitos-humanos-agepen-ce-2017\/","og_locale":"pt_BR","og_type":"article","og_title":"Gabarito Extraoficial - No\u00e7\u00f5es de Direito \/ Direitos Humanos - Agepen-CE 2017","og_description":"Ol\u00e1, pessoal! Tudo bem? Nesse domingo (01\/10), tivemos o concurso do AGEPEN-CE (2017), organizado pela AOCP. Abaixo, comento as quest\u00f5es das provas de No\u00e7\u00f5es de Direito \/ Direitos Humanos e Cidadania que est\u00e3o relacionadas ao Direito Constitucional. Espero que voc\u00eas tenham se sa\u00eddo muito bem na prova! Grande abra\u00e7o, Ricardo Vale P.S: Sigam-me no Instagram [&hellip;]","og_url":"https:\/\/www.estrategiaconcursos.com.br\/blog\/gabarito-extraoficial-nocoes-de-direito-direitos-humanos-agepen-ce-2017\/","og_site_name":"Estrat\u00e9gia Concursos","article_author":"https:\/\/www.facebook.com\/rvale01","article_published_time":"2017-10-02T12:03:22+00:00","article_modified_time":"2017-10-02T12:04:41+00:00","author":"Ricardo Vale","twitter_card":"summary_large_image","twitter_creator":"@https:\/\/twitter.com\/EstratConcursos","twitter_site":"@EstratConcursos","twitter_misc":{"Escrito por":"Ricardo Vale","Est. tempo de leitura":"12 minutos"},"schema":{"@context":"https:\/\/schema.org","@graph":[{"@type":"NewsArticle","@id":"https:\/\/www.estrategiaconcursos.com.br\/blog\/gabarito-extraoficial-nocoes-de-direito-direitos-humanos-agepen-ce-2017\/#article","isPartOf":{"@id":"https:\/\/www.estrategiaconcursos.com.br\/blog\/gabarito-extraoficial-nocoes-de-direito-direitos-humanos-agepen-ce-2017\/"},"author":{"name":"Ricardo Vale","@id":"https:\/\/www.estrategiaconcursos.com.br\/blog\/#\/schema\/person\/c32e47dba2159cafe7796a9569a6ff7e"},"headline":"Gabarito Extraoficial &#8211; No\u00e7\u00f5es de Direito \/ Direitos Humanos &#8211; Agepen-CE 2017","datePublished":"2017-10-02T12:03:22+00:00","dateModified":"2017-10-02T12:04:41+00:00","mainEntityOfPage":{"@id":"https:\/\/www.estrategiaconcursos.com.br\/blog\/gabarito-extraoficial-nocoes-de-direito-direitos-humanos-agepen-ce-2017\/"},"wordCount":2374,"commentCount":0,"publisher":{"@id":"https:\/\/www.estrategiaconcursos.com.br\/blog\/#organization"},"articleSection":["Concursos P\u00fablicos"],"inLanguage":"pt-BR","potentialAction":[{"@type":"CommentAction","name":"Comment","target":["https:\/\/www.estrategiaconcursos.com.br\/blog\/gabarito-extraoficial-nocoes-de-direito-direitos-humanos-agepen-ce-2017\/#respond"]}],"copyrightYear":"2017","copyrightHolder":{"@id":"https:\/\/www.estrategiaconcursos.com.br\/blog\/#organization"}},{"@type":"WebPage","@id":"https:\/\/www.estrategiaconcursos.com.br\/blog\/gabarito-extraoficial-nocoes-de-direito-direitos-humanos-agepen-ce-2017\/","url":"https:\/\/www.estrategiaconcursos.com.br\/blog\/gabarito-extraoficial-nocoes-de-direito-direitos-humanos-agepen-ce-2017\/","name":"Gabarito Extraoficial - No\u00e7\u00f5es de Direito \/ Direitos Humanos - Agepen-CE 2017","isPartOf":{"@id":"https:\/\/www.estrategiaconcursos.com.br\/blog\/#website"},"datePublished":"2017-10-02T12:03:22+00:00","dateModified":"2017-10-02T12:04:41+00:00","breadcrumb":{"@id":"https:\/\/www.estrategiaconcursos.com.br\/blog\/gabarito-extraoficial-nocoes-de-direito-direitos-humanos-agepen-ce-2017\/#breadcrumb"},"inLanguage":"pt-BR","potentialAction":[{"@type":"ReadAction","target":["https:\/\/www.estrategiaconcursos.com.br\/blog\/gabarito-extraoficial-nocoes-de-direito-direitos-humanos-agepen-ce-2017\/"]}]},{"@type":"BreadcrumbList","@id":"https:\/\/www.estrategiaconcursos.com.br\/blog\/gabarito-extraoficial-nocoes-de-direito-direitos-humanos-agepen-ce-2017\/#breadcrumb","itemListElement":[{"@type":"ListItem","position":1,"name":"In\u00edcio","item":"https:\/\/www.estrategiaconcursos.com.br\/blog\/"},{"@type":"ListItem","position":2,"name":"Gabarito Extraoficial &#8211; No\u00e7\u00f5es de Direito \/ Direitos Humanos &#8211; Agepen-CE 2017"}]},{"@type":"WebSite","@id":"https:\/\/www.estrategiaconcursos.com.br\/blog\/#website","url":"https:\/\/www.estrategiaconcursos.com.br\/blog\/","name":"Estrat\u00e9gia Concursos","description":"O blog da Estrat\u00e9gia Concursos traz not\u00edcias sobre concursos e artigos de professores oferecendo cursos para concursos (pdf + videaulas) no site.","publisher":{"@id":"https:\/\/www.estrategiaconcursos.com.br\/blog\/#organization"},"potentialAction":[{"@type":"SearchAction","target":{"@type":"EntryPoint","urlTemplate":"https:\/\/www.estrategiaconcursos.com.br\/blog\/?s={search_term_string}"},"query-input":{"@type":"PropertyValueSpecification","valueRequired":true,"valueName":"search_term_string"}}],"inLanguage":"pt-BR"},{"@type":"Organization","@id":"https:\/\/www.estrategiaconcursos.com.br\/blog\/#organization","name":"Estrat\u00e9gia Concursos","url":"https:\/\/www.estrategiaconcursos.com.br\/blog\/","logo":{"@type":"ImageObject","inLanguage":"pt-BR","@id":"https:\/\/www.estrategiaconcursos.com.br\/blog\/#\/schema\/logo\/image\/","url":"https:\/\/dhg1h5j42swfq.cloudfront.net\/2025\/06\/03203428\/logo_concursos-1.jpg","contentUrl":"https:\/\/dhg1h5j42swfq.cloudfront.net\/2025\/06\/03203428\/logo_concursos-1.jpg","width":230,"height":60,"caption":"Estrat\u00e9gia Concursos"},"image":{"@id":"https:\/\/www.estrategiaconcursos.com.br\/blog\/#\/schema\/logo\/image\/"},"sameAs":["https:\/\/x.com\/EstratConcursos"]},{"@type":"Person","@id":"https:\/\/www.estrategiaconcursos.com.br\/blog\/#\/schema\/person\/c32e47dba2159cafe7796a9569a6ff7e","name":"Ricardo Vale","image":{"@type":"ImageObject","inLanguage":"pt-BR","@id":"https:\/\/secure.gravatar.com\/avatar\/e5a5658c798bb49dd53314263f59f38c192d73370fb65839a372c2ae9027be74?s=96&d=mm&r=g","url":"https:\/\/secure.gravatar.com\/avatar\/e5a5658c798bb49dd53314263f59f38c192d73370fb65839a372c2ae9027be74?s=96&d=mm&r=g","contentUrl":"https:\/\/secure.gravatar.com\/avatar\/e5a5658c798bb49dd53314263f59f38c192d73370fb65839a372c2ae9027be74?s=96&d=mm&r=g","caption":"Ricardo Vale"},"sameAs":["https:\/\/www.facebook.com\/rvale01","https:\/\/x.com\/https:\/\/twitter.com\/EstratConcursos"],"url":"https:\/\/www.estrategiaconcursos.com.br\/blog\/author\/ricardovaleestrategiaconcursos-com-br\/"}]}},"_links":{"self":[{"href":"https:\/\/www.estrategiaconcursos.com.br\/blog\/wp-json\/wp\/v2\/posts\/91082","targetHints":{"allow":["GET"]}}],"collection":[{"href":"https:\/\/www.estrategiaconcursos.com.br\/blog\/wp-json\/wp\/v2\/posts"}],"about":[{"href":"https:\/\/www.estrategiaconcursos.com.br\/blog\/wp-json\/wp\/v2\/types\/post"}],"author":[{"embeddable":true,"href":"https:\/\/www.estrategiaconcursos.com.br\/blog\/wp-json\/wp\/v2\/users\/26"}],"replies":[{"embeddable":true,"href":"https:\/\/www.estrategiaconcursos.com.br\/blog\/wp-json\/wp\/v2\/comments?post=91082"}],"version-history":[{"count":2,"href":"https:\/\/www.estrategiaconcursos.com.br\/blog\/wp-json\/wp\/v2\/posts\/91082\/revisions"}],"predecessor-version":[{"id":91084,"href":"https:\/\/www.estrategiaconcursos.com.br\/blog\/wp-json\/wp\/v2\/posts\/91082\/revisions\/91084"}],"wp:attachment":[{"href":"https:\/\/www.estrategiaconcursos.com.br\/blog\/wp-json\/wp\/v2\/media?parent=91082"}],"wp:term":[{"taxonomy":"category","embeddable":true,"href":"https:\/\/www.estrategiaconcursos.com.br\/blog\/wp-json\/wp\/v2\/categories?post=91082"},{"taxonomy":"post_tag","embeddable":true,"href":"https:\/\/www.estrategiaconcursos.com.br\/blog\/wp-json\/wp\/v2\/tags?post=91082"},{"taxonomy":"tax_estado","embeddable":true,"href":"https:\/\/www.estrategiaconcursos.com.br\/blog\/wp-json\/wp\/v2\/tax_estado?post=91082"}],"curies":[{"name":"wp","href":"https:\/\/api.w.org\/{rel}","templated":true}]}}