{"id":91033,"date":"2017-10-01T15:53:58","date_gmt":"2017-10-01T18:53:58","guid":{"rendered":"https:\/\/www.estrategiaconcursos.com.br\/blog\/?p=91033"},"modified":"2017-10-01T20:16:02","modified_gmt":"2017-10-01T23:16:02","slug":"prova-de-direitos-humanos-agepen-ce-gabarito-extraoficial","status":"publish","type":"post","link":"https:\/\/www.estrategiaconcursos.com.br\/blog\/prova-de-direitos-humanos-agepen-ce-gabarito-extraoficial\/","title":{"rendered":"Prova de Direitos Humanos &#8211; AGEPEN-CE (Gabarito EXTRAOFICIAL)"},"content":{"rendered":"<p>Ol\u00e1 pessoal, finalizamos a an\u00e1lise das quest\u00f5es aplicadas na prova de hoje para Agente Penitenci\u00e1rio do Cear\u00e1 (AGEPEN-CE) em Direitos Humanos.<\/p>\n<p><span style=\"text-decoration: underline; color: #0000ff;\"><strong>ASSISTA A CORRE\u00c7\u00c3O AO VIVO:\u00a0<\/strong><\/span><\/p>\n<p>https:\/\/youtu.be\/ST9zCQDoHZU<\/p>\n<p>&nbsp;<\/p>\n<p>N\u00e3o identificamos maiores problemas em rela\u00e7\u00e3o \u00e0s quest\u00f5es, com exce\u00e7\u00e3o de uma das quest\u00f5es, conforme voc\u00ea ver\u00e1 nos coment\u00e1rio.<\/p>\n<p>No restante a prova foi tranquila e tenho convic\u00e7\u00e3o de que nossos alunos obtiveram excelente aproveitamento. Inclusive, das quatro quest\u00f5es de Direitos Humanos, tr\u00eas delas poder\u00edamos resolver t\u00e3o somente com a revis\u00e3o de v\u00e9spera de ontem :) Isso mesmo! Caso deseje, \u00e9 s\u00f3 conferir:<\/p>\n<div class=\"lyte-wrapper\" style=\"width:853px;max-width:100%;margin:5px;\"><div class=\"lyMe\" id=\"WYL_shXm9RNLNL0\"><div id=\"lyte_shXm9RNLNL0\" data-src=\"\/\/i.ytimg.com\/vi\/shXm9RNLNL0\/hqdefault.jpg\" class=\"pL\"><div class=\"tC\"><div class=\"tT\"><\/div><\/div><div class=\"play\"><\/div><div class=\"ctrl\"><div class=\"Lctrl\"><\/div><div class=\"Rctrl\"><\/div><\/div><\/div><noscript><a href=\"https:\/\/youtu.be\/shXm9RNLNL0\" rel=\"nofollow\"><img loading=\"lazy\" decoding=\"async\" src=\"https:\/\/i.ytimg.com\/vi\/shXm9RNLNL0\/0.jpg\" alt=\"YouTube video thumbnail\" width=\"853\" height=\"460\" \/><br \/>Assista a este v\u00eddeo no YouTube<\/a><\/noscript><\/div><\/div><div class=\"lL\" style=\"max-width:100%;width:853px;margin:5px;\"><\/div><\/p>\n<p>Antes de prosseguir, gostaria de divulgar meu perfil do Instagram. Lembre de me seguir ;)<\/p>\n<p><a href=\"http:\/\/www.instagram.com\/proftorques\/\" target=\"_blank\" rel=\"noopener\">www.instagram.com\/proftorques\/<\/a><\/p>\n<p>Vamos \u00e0s quest\u00f5es?!<\/p>\n<p>&#8212;<\/p>\n<p><strong>31.<\/strong> Informe se \u00e9 verdadeiro (V) ou falso (F) o que se afirma a seguir, acerca da Carta das Na\u00e7\u00f5es unidas de 1945, e assinale a alternativa correta.<\/p>\n<p>( ) \u00c9 um dos prop\u00f3sitos das Na\u00e7\u00f5es Unidas desenvolver rela\u00e7\u00f5es amistosas entre as na\u00e7\u00f5es, baseadas no respeito ao princ\u00edpio de igualdade de direitos e de autodetermina\u00e7\u00e3o dos povos, e tomar outras medidas apropriadas ao fortalecimento da paz universal.<\/p>\n<p>( ) \u00c9 um dos prop\u00f3sitos das Na\u00e7\u00f5es Unidas manter a paz e a seguran\u00e7a internacionais e, para esse fim, tomar, individualmente, medidas paliativas para evitar amea\u00e7as a paz e reprimir os atos de agress\u00e3o ou outra qualquer ruptura de paz e chegar, por meios b\u00e9licos em conformidade com os princ\u00edpios da justi\u00e7a e do direito internacional, a algum ajuste ou solu\u00e7\u00e3o das controv\u00e9rsias ou situa\u00e7\u00f5es que possam levar a uma perpetra\u00e7\u00e3o da paz.<\/p>\n<p>( ) \u00c9 um dos prop\u00f3sitos das Na\u00e7\u00f5es Unidas conseguir uma coopera\u00e7\u00e3o internacional para resolver os problemas internacionais de car\u00e1ter econ\u00f4mico, social, cultural ou humanit\u00e1rio e para promover e estimular o respeito aos direitos humanos e \u00e0s liberdades fundamentais para todos, sem distin\u00e7\u00e3o de ra\u00e7a, sexo, l\u00edngua ou religi\u00e3o.<\/p>\n<p>A) V \u2013 V \u2013 F<\/p>\n<p>B) F \u2013 F \u2013 V<\/p>\n<p>C) V \u2013 F \u2013 V<\/p>\n<p>D) F \u2013 V \u2013 F<\/p>\n<p><strong>Coment\u00e1rios<\/strong><\/p>\n<p>O primeiro item est\u00e1 VERDADEIRO, pois respeita o artigo 1, 2, da Carta das Na\u00e7\u00f5es Unidas.<\/p>\n<p>O segundo item est\u00e1 FALSO, pois primeiramente os Estados devem agir coletivamente, e n\u00e3o de forma individual. Al\u00e9m disso, ao contr\u00e1rio do afirmado, devem usados meios pac\u00edficos para a solu\u00e7\u00e3o de conflitos.<\/p>\n<p>O terceiro item est\u00e1 VERDADEIRO, pois respeita o art. 1, 3, da Carta das Na\u00e7\u00f5es Unidas.<\/p>\n<p>Logo, a alternativa C \u00e9 a correta e gabarito da quest\u00e3o.<\/p>\n<p>&#8212;<\/p>\n<p><strong>31<\/strong>. Durante o exerc\u00edcio da fun\u00e7\u00e3o, um agente penitenci\u00e1rio se depara com dois presos com exig\u00eancias peculiares em rela\u00e7\u00e3o \u00e0 alimenta\u00e7\u00e3o. O primeiro, por quest\u00f5es religiosas, n\u00e3o ingere prote\u00edna animal e o segundo, por prescri\u00e7\u00e3o m\u00e9dica, n\u00e3o pode consumir leite e derivados. Acerca dessa situa\u00e7\u00e3o hipot\u00e9tica e tendo em vista as garantias a pessoa em priva\u00e7\u00e3o de liberdade, assinale a alternativa correta.<\/p>\n<p>A) Nenhuma das necessidades dos dois pre\u00e7os citados pelo precisa ser observada pelo estado, pois ambos, por estarem cumprindo pena n\u00e3o tem direito a receber alimenta\u00e7\u00e3o diferenciada.<\/p>\n<p>B) Apenas o pre\u00e7o que depende de alimenta\u00e7\u00e3o espec\u00edfica por prescri\u00e7\u00e3o m\u00e9dica deve ter a sua necessidade observada.<\/p>\n<p>C) O primeiro preso pode, em virtude de aplica\u00e7\u00e3o de medida disciplinar, ser compelido a ingerir prote\u00ednas animal, dado que sua restri\u00e7\u00e3o decorre de uma mera op\u00e7\u00e3o religiosa, n\u00e3o advindo deste tipo de alimenta\u00e7\u00e3o, qualquer preju\u00edzo a sua sa\u00fade.<\/p>\n<p>D) Ambas as necessidades mencionadas no enunciado devem ser observadas pelo estado durante o cumprimento das penas.<\/p>\n<p>Coment\u00e1rios<\/p>\n<p>Essa quest\u00e3o cobrou conhecimento espec\u00edfico, reportando-se aos \u201cPrinc\u00edpios e Boas Pr\u00e1ticas para a Prote\u00e7\u00e3o das Pessoas Privadas de Liberdade nas Am\u00e9ricas\u201d. Trata-se de documento do sistema regional de Direitos Humanos. Confirma o Princ\u00edpio XI:<\/p>\n<p>\u201cAlimenta\u00e7\u00e3o e \u00e1gua pot\u00e1vel<\/p>\n<p>Alimenta\u00e7\u00e3o As pessoas privadas de liberdade ter\u00e3o direito a receber alimenta\u00e7\u00e3o que atenda, em quantidade, qualidade e condi\u00e7\u00f5es de higiene, a uma nutri\u00e7\u00e3o adequada e suficiente e leve em considera\u00e7\u00e3o as quest\u00f5es culturais e religiosas dessas pessoas bem como as necessidades ou dietas especiais determinadas por crit\u00e9rios m\u00e9dicos. Essa alimenta\u00e7\u00e3o ser\u00e1 oferecida em hor\u00e1rios regulares e sua suspens\u00e3o ou limita\u00e7\u00e3o, como medida disciplinar, dever\u00e1 ser proibida por lei.\u201d<\/p>\n<p>Nesse contexto, a <strong>alternativa D<\/strong> \u00e9 a correta e gabarito da quest\u00e3o.<\/p>\n<p>Mesmo n\u00e3o conhecendo expressamente o dispositivo internacional, \u00e9 poss\u00edvel, seria poss\u00edvel com l\u00f3gica e razoabilidade acertar a presente quest\u00e3o.<\/p>\n<p>De todo modo, em nosso sentir, devido \u00e0 delimita\u00e7\u00e3o do edital, seria mais interessante que a banca especificasse os tratados e documentos internacionais que poderia exigir em prova. Ainda mais quando cita, explicitamente, a Declara\u00e7\u00e3o Universal dos Direitos, a Carta das Na\u00e7\u00f5es Unidas e a Conven\u00e7\u00e3o contra o Genoc\u00eddio. Porque n\u00e3o constar expressamente os Princ\u00edpios e Boas Pr\u00e1ticas para a Prote\u00e7\u00e3o das Pessoas Privadas de Liberdade nas Am\u00e9ricas. Isso gera inseguran\u00e7a e falta objetividade.<\/p>\n<p>&#8212;<\/p>\n<p><strong>32.<\/strong> De acordo com a conven\u00e7\u00e3o para a preven\u00e7\u00e3o e a repress\u00e3o do crime de genoc\u00eddio, assinale a alternativa INCORRETA.<\/p>\n<p>a) O ato de causar les\u00e3o grave a integridade f\u00edsica ou mental de membros de grupo nacional, \u00e9tnico, racial ou religioso constituir genoc\u00eddio que somente deve ser a apenas caso praticado por integrantes do governo.<\/p>\n<p>b) Entende-se por genoc\u00eddio, dentre outros atos, efetuar a transfer\u00eancia de crian\u00e7as de um grupo nacional \u00e9tnico, racial ou religioso para outro grupo, com a inten\u00e7\u00e3o de destruir o grupo no todo ou em parte<\/p>\n<p>c) Adotar medidas destinadas a impedir os nascimentos no seio de grupo nacional, \u00e9tnico, racial ou religioso constitui ato de genoc\u00eddio.<\/p>\n<p>d) As pessoas que tiverem cometido o genoc\u00eddio ser\u00e3o punidas sejam governistas, funcion\u00e1rios ou particulares.<\/p>\n<p>Coment\u00e1rios<\/p>\n<p>A alternativa A \u00e9 a incorreta e \u00e9 o gabarito da quest\u00e3o, pois o genoc\u00eddio n\u00e3o ser\u00e1 praticado apenas por integrantes do governo. Veja o que afirmam os arts. 3\u00ba e 4\u00ba da Conven\u00e7\u00e3o para a Preven\u00e7\u00e3o e a Repress\u00e3o do Crime e Genoc\u00eddio:<\/p>\n<p>\u201cArt. 3\u00ba &#8211; Ser\u00e3o punidos os seguintes atos:<\/p>\n<p>(a) o genoc\u00eddio;<\/p>\n<p>(b) o conluio para cometer o genoc\u00eddio;<\/p>\n<p>(c) a incita\u00e7\u00e3o direta e p\u00fablica a cometer o genoc\u00eddio;<\/p>\n<p>(d) a tentativa de genoc\u00eddio;<\/p>\n<p>(e) a cumplicidade no genoc\u00eddio.<\/p>\n<p>Art. 4\u00ba &#8211; As pessoas que tiverem cometido o genoc\u00eddio ou qualquer dos outros atos enumerados do art. III ser\u00e3o punidas, sejam governantes, funcion\u00e1rios ou particulares.\u201d<\/p>\n<p>Em raz\u00e3o do acima afirmado, a alternativa D est\u00e1 correta.<\/p>\n<p>As alternativas B e C est\u00e3o corretas e reproduzem as al\u00edneas \u201cd\u201d e \u201ce\u201d, respectivamente, do art. 1\u00ba da Conven\u00e7\u00e3o.<\/p>\n<p>&#8212;<\/p>\n<p><strong>35<\/strong>. Acerca do que disp\u00f5e a Declara\u00e7\u00e3o Universal dos Direitos Humanos, informe se \u00e9 verdadeiro (V) ou falso (F) o que se afirma seguir e assinale alternativa com a sequ\u00eancia correta.<\/p>\n<p>(\u00a0 ) Todo ser humano tem o direito a sa\u00edda e ao regresso de qualquer pa\u00eds.<\/p>\n<p>(\u00a0 ) Todo ser humano, v\u00edtima de persegui\u00e7\u00e3o legitimamente motivada por crimes de direito comum, tem o direito de procurar de gozar asilo em outros pa\u00edses.<\/p>\n<p>(\u00a0 ) Todo ser humano tem direito \u00e0 liberdade de locomo\u00e7\u00e3o e resid\u00eancia dentro das fronteiras de cada estado.<\/p>\n<p>A) V \u2013 F \u2013 V<\/p>\n<p>B) F \u2013 V \u2013 F<\/p>\n<p>C) F \u2013 V \u2013 V<\/p>\n<p>D) F \u2013 F \u2013 V<\/p>\n<p>Coment\u00e1rios<\/p>\n<p>O primeiro item est\u00e1 VERDADEIRO, em face do que prev\u00ea o artigo 13, 2, da DUDH.<\/p>\n<p>O segundo item est\u00e1 FALSO, pois s\u00e3o duas as exce\u00e7\u00f5es nas quais a persegui\u00e7\u00e3o ser\u00e1 leg\u00edtima: a) pr\u00e1tica de crime de comuns; e b) atos contr\u00e1rios aos prop\u00f3sitos das Na\u00e7\u00f5es Unidas.<\/p>\n<p>O terceiro item est\u00e1 VERDADEIRO, em face do que prev\u00ea o artigo 13, 1, da DUDH.<\/p>\n<p>Logo, a alternativa A \u00e9 a correta e gabarito da quest\u00e3o.<\/p>\n<p>&#8212;<\/p>\n<h3><b>Semana Policial Ao Vivo e Gratuita<\/b><\/h3>\n<p><img decoding=\"async\" src=\"blob:https:\/\/web.whatsapp.com\/9de80771-b06e-4716-a2fb-0d14232d2891\" \/><a href=\"https:\/\/www.estrategiaconcursos.com.br\/gratis\/semana-policial-ao-vivo\/\"><img loading=\"lazy\" decoding=\"async\" class=\"aligncenter wp-image-91062 size-large\" src=\"https:\/\/dhg1h5j42swfq.cloudfront.net\/2017\/10\/01201132\/WhatsApp-Image-2017-10-01-at-20.08.41.jpeg\" alt=\"semana policial \" width=\"1024\" height=\"256\" srcset=\"https:\/\/dhg1h5j42swfq.cloudfront.net\/2017\/10\/01201132\/WhatsApp-Image-2017-10-01-at-20.08.41.jpeg 1200w, https:\/\/dhg1h5j42swfq.cloudfront.net\/2017\/10\/01201132\/WhatsApp-Image-2017-10-01-at-20.08.41.jpeg 300w, https:\/\/dhg1h5j42swfq.cloudfront.net\/2017\/10\/01201132\/WhatsApp-Image-2017-10-01-at-20.08.41.jpeg 768w, https:\/\/dhg1h5j42swfq.cloudfront.net\/2017\/10\/01201132\/WhatsApp-Image-2017-10-01-at-20.08.41.jpeg 1024w, https:\/\/dhg1h5j42swfq.cloudfront.net\/2017\/10\/01201132\/WhatsApp-Image-2017-10-01-at-20.08.41.jpeg 610w\" sizes=\"auto, (max-width: 1024px) 100vw, 1024px\" \/><\/a><\/p>\n<p>Esta Semana Policial foi feita especialmente para voc\u00ea que estuda para a \u00e1rea policial. Conhe\u00e7a um pouco mais sobre os concursos da PF e PRF, saiba quais s\u00e3o os pr\u00f3ximos concursos e prepare-se com Estrat\u00e9gia.<\/p>\n<ul>\n<li><strong>02\u00a0de outubro \u00e0s 19h &#8211;\u00a0Raio-X da \u00c1rea Policial\u00a0<\/strong><\/li>\n<li><b>03 de outubro \u00e0s 19h &#8211;\u00a0An\u00e1lise detalhada PF e PRF\u00a0<\/b><\/li>\n<li><strong>04 de outubro \u00e0s 19 &#8211;\u00a0Como estudar para as carreiras Policiais\u00a0<\/strong><\/li>\n<\/ul>\n<p>Inscreva-se para a\u00a0Semana Policial Ao Vivo\u00a0e prepare-se #ComEstrat\u00e9gia<\/p>\n<p><script type=\"text\/javascript\" src=\"https:\/\/ax182.infusionsoft.com\/app\/form\/iframe\/1266654a08f2f3e61afa6153de5b1faa\"><\/script><\/p>\n<p>&nbsp;<\/p>\n<p>Forte abra\u00e7o!<\/p>\n<p>Qualquer d\u00favida, me escrava: rst.estrategia@gmail.com.<\/p>\n<p><a href=\"https:\/\/www.facebook.com\/direitoshumanosparaconcursos\/\" target=\"_blank\" rel=\"noopener\">https:\/\/www.facebook.com\/direitoshumanosparaconcursos\/<\/a><\/p>\n","protected":false},"excerpt":{"rendered":"<p>Ol\u00e1 pessoal, finalizamos a an\u00e1lise das quest\u00f5es aplicadas na prova de hoje para Agente Penitenci\u00e1rio do Cear\u00e1 (AGEPEN-CE) em Direitos Humanos. ASSISTA A CORRE\u00c7\u00c3O AO VIVO:\u00a0 https:\/\/youtu.be\/ST9zCQDoHZU &nbsp; N\u00e3o identificamos maiores problemas em rela\u00e7\u00e3o \u00e0s quest\u00f5es, com exce\u00e7\u00e3o de uma das quest\u00f5es, conforme voc\u00ea ver\u00e1 nos coment\u00e1rio. No restante a prova foi tranquila e tenho [&hellip;]<\/p>\n","protected":false},"author":180,"featured_media":91037,"comment_status":"open","ping_status":"open","sticky":false,"template":"","format":"standard","meta":{"post_tipo":"article","footnotes":""},"categories":[],"tags":[2734,525,1245],"tax_estado":[],"class_list":["post-91033","post","type-post","status-publish","format-standard","has-post-thumbnail","hentry","tag-agepen-ce","tag-direitos-humanos","tag-gabarito-extraoficial"],"acf":[],"yoast_head":"<!-- This site is optimized with the Yoast SEO Premium plugin v27.2 (Yoast SEO v27.2) - https:\/\/yoast.com\/product\/yoast-seo-premium-wordpress\/ -->\n<title>Prova de Direitos Humanos - AGEPEN-CE (Gabarito EXTRAOFICIAL)<\/title>\n<meta name=\"robots\" content=\"index, follow, max-snippet:-1, max-image-preview:large, max-video-preview:-1\" \/>\n<link rel=\"canonical\" href=\"https:\/\/www.estrategiaconcursos.com.br\/blog\/prova-de-direitos-humanos-agepen-ce-gabarito-extraoficial\/\" \/>\n<meta property=\"og:locale\" content=\"pt_BR\" \/>\n<meta property=\"og:type\" content=\"article\" \/>\n<meta property=\"og:title\" content=\"Prova de Direitos Humanos - AGEPEN-CE (Gabarito EXTRAOFICIAL)\" \/>\n<meta property=\"og:description\" content=\"Ol\u00e1 pessoal, finalizamos a an\u00e1lise das quest\u00f5es aplicadas na prova de hoje para Agente Penitenci\u00e1rio do Cear\u00e1 (AGEPEN-CE) em Direitos Humanos. ASSISTA A CORRE\u00c7\u00c3O AO VIVO:\u00a0 https:\/\/youtu.be\/ST9zCQDoHZU &nbsp; N\u00e3o identificamos maiores problemas em rela\u00e7\u00e3o \u00e0s quest\u00f5es, com exce\u00e7\u00e3o de uma das quest\u00f5es, conforme voc\u00ea ver\u00e1 nos coment\u00e1rio. No restante a prova foi tranquila e tenho [&hellip;]\" \/>\n<meta property=\"og:url\" content=\"https:\/\/www.estrategiaconcursos.com.br\/blog\/prova-de-direitos-humanos-agepen-ce-gabarito-extraoficial\/\" \/>\n<meta property=\"og:site_name\" content=\"Estrat\u00e9gia Concursos\" \/>\n<meta property=\"article:author\" content=\"https:\/\/www.facebook.com\/ricardo.s.torques\" \/>\n<meta property=\"article:published_time\" content=\"2017-10-01T18:53:58+00:00\" \/>\n<meta property=\"article:modified_time\" content=\"2017-10-01T23:16:02+00:00\" \/>\n<meta property=\"og:image\" content=\"https:\/\/dhg1h5j42swfq.cloudfront.net\/2017\/10\/01155333\/agepen-ce.png\" \/>\n\t<meta property=\"og:image:width\" content=\"1920\" \/>\n\t<meta property=\"og:image:height\" content=\"1080\" \/>\n\t<meta property=\"og:image:type\" content=\"image\/png\" \/>\n<meta name=\"author\" content=\"Ricardo Torques\" \/>\n<meta name=\"twitter:card\" content=\"summary_large_image\" \/>\n<meta name=\"twitter:creator\" content=\"@EstratConcursos\" \/>\n<meta name=\"twitter:site\" content=\"@EstratConcursos\" \/>\n<meta name=\"twitter:label1\" content=\"Escrito por\" \/>\n\t<meta name=\"twitter:data1\" content=\"Ricardo Torques\" \/>\n\t<meta name=\"twitter:label2\" content=\"Est. tempo de leitura\" \/>\n\t<meta name=\"twitter:data2\" content=\"7 minutos\" \/>\n<script type=\"application\/ld+json\" class=\"yoast-schema-graph\">{\"@context\":\"https:\/\/schema.org\",\"@graph\":[{\"@type\":\"NewsArticle\",\"@id\":\"https:\/\/www.estrategiaconcursos.com.br\/blog\/prova-de-direitos-humanos-agepen-ce-gabarito-extraoficial\/#article\",\"isPartOf\":{\"@id\":\"https:\/\/www.estrategiaconcursos.com.br\/blog\/prova-de-direitos-humanos-agepen-ce-gabarito-extraoficial\/\"},\"author\":{\"name\":\"Ricardo Torques\",\"@id\":\"https:\/\/www.estrategiaconcursos.com.br\/blog\/#\/schema\/person\/aa39cf5ddb518e5bdce27c35788405e2\"},\"headline\":\"Prova de Direitos Humanos &#8211; AGEPEN-CE (Gabarito EXTRAOFICIAL)\",\"datePublished\":\"2017-10-01T18:53:58+00:00\",\"dateModified\":\"2017-10-01T23:16:02+00:00\",\"mainEntityOfPage\":{\"@id\":\"https:\/\/www.estrategiaconcursos.com.br\/blog\/prova-de-direitos-humanos-agepen-ce-gabarito-extraoficial\/\"},\"wordCount\":1484,\"commentCount\":1,\"publisher\":{\"@id\":\"https:\/\/www.estrategiaconcursos.com.br\/blog\/#organization\"},\"image\":{\"@id\":\"https:\/\/www.estrategiaconcursos.com.br\/blog\/prova-de-direitos-humanos-agepen-ce-gabarito-extraoficial\/#primaryimage\"},\"thumbnailUrl\":\"https:\/\/dhg1h5j42swfq.cloudfront.net\/2017\/10\/01155333\/agepen-ce.png\",\"keywords\":[\"agepen-ce\",\"Direitos Humanos\",\"Gabarito Extraoficial\"],\"inLanguage\":\"pt-BR\",\"potentialAction\":[{\"@type\":\"CommentAction\",\"name\":\"Comment\",\"target\":[\"https:\/\/www.estrategiaconcursos.com.br\/blog\/prova-de-direitos-humanos-agepen-ce-gabarito-extraoficial\/#respond\"]}],\"copyrightYear\":\"2017\",\"copyrightHolder\":{\"@id\":\"https:\/\/www.estrategiaconcursos.com.br\/blog\/#organization\"}},{\"@type\":\"WebPage\",\"@id\":\"https:\/\/www.estrategiaconcursos.com.br\/blog\/prova-de-direitos-humanos-agepen-ce-gabarito-extraoficial\/\",\"url\":\"https:\/\/www.estrategiaconcursos.com.br\/blog\/prova-de-direitos-humanos-agepen-ce-gabarito-extraoficial\/\",\"name\":\"Prova de Direitos Humanos - AGEPEN-CE (Gabarito EXTRAOFICIAL)\",\"isPartOf\":{\"@id\":\"https:\/\/www.estrategiaconcursos.com.br\/blog\/#website\"},\"primaryImageOfPage\":{\"@id\":\"https:\/\/www.estrategiaconcursos.com.br\/blog\/prova-de-direitos-humanos-agepen-ce-gabarito-extraoficial\/#primaryimage\"},\"image\":{\"@id\":\"https:\/\/www.estrategiaconcursos.com.br\/blog\/prova-de-direitos-humanos-agepen-ce-gabarito-extraoficial\/#primaryimage\"},\"thumbnailUrl\":\"https:\/\/dhg1h5j42swfq.cloudfront.net\/2017\/10\/01155333\/agepen-ce.png\",\"datePublished\":\"2017-10-01T18:53:58+00:00\",\"dateModified\":\"2017-10-01T23:16:02+00:00\",\"breadcrumb\":{\"@id\":\"https:\/\/www.estrategiaconcursos.com.br\/blog\/prova-de-direitos-humanos-agepen-ce-gabarito-extraoficial\/#breadcrumb\"},\"inLanguage\":\"pt-BR\",\"potentialAction\":[{\"@type\":\"ReadAction\",\"target\":[\"https:\/\/www.estrategiaconcursos.com.br\/blog\/prova-de-direitos-humanos-agepen-ce-gabarito-extraoficial\/\"]}]},{\"@type\":\"ImageObject\",\"inLanguage\":\"pt-BR\",\"@id\":\"https:\/\/www.estrategiaconcursos.com.br\/blog\/prova-de-direitos-humanos-agepen-ce-gabarito-extraoficial\/#primaryimage\",\"url\":\"https:\/\/dhg1h5j42swfq.cloudfront.net\/2017\/10\/01155333\/agepen-ce.png\",\"contentUrl\":\"https:\/\/dhg1h5j42swfq.cloudfront.net\/2017\/10\/01155333\/agepen-ce.png\",\"width\":1920,\"height\":1080},{\"@type\":\"BreadcrumbList\",\"@id\":\"https:\/\/www.estrategiaconcursos.com.br\/blog\/prova-de-direitos-humanos-agepen-ce-gabarito-extraoficial\/#breadcrumb\",\"itemListElement\":[{\"@type\":\"ListItem\",\"position\":1,\"name\":\"In\u00edcio\",\"item\":\"https:\/\/www.estrategiaconcursos.com.br\/blog\/\"},{\"@type\":\"ListItem\",\"position\":2,\"name\":\"Prova de Direitos Humanos &#8211; AGEPEN-CE (Gabarito EXTRAOFICIAL)\"}]},{\"@type\":\"WebSite\",\"@id\":\"https:\/\/www.estrategiaconcursos.com.br\/blog\/#website\",\"url\":\"https:\/\/www.estrategiaconcursos.com.br\/blog\/\",\"name\":\"Estrat\u00e9gia Concursos\",\"description\":\"O blog da Estrat\u00e9gia Concursos traz not\u00edcias sobre concursos e artigos de professores oferecendo cursos para concursos (pdf + videaulas) no site.\",\"publisher\":{\"@id\":\"https:\/\/www.estrategiaconcursos.com.br\/blog\/#organization\"},\"potentialAction\":[{\"@type\":\"SearchAction\",\"target\":{\"@type\":\"EntryPoint\",\"urlTemplate\":\"https:\/\/www.estrategiaconcursos.com.br\/blog\/?s={search_term_string}\"},\"query-input\":{\"@type\":\"PropertyValueSpecification\",\"valueRequired\":true,\"valueName\":\"search_term_string\"}}],\"inLanguage\":\"pt-BR\"},{\"@type\":\"Organization\",\"@id\":\"https:\/\/www.estrategiaconcursos.com.br\/blog\/#organization\",\"name\":\"Estrat\u00e9gia Concursos\",\"url\":\"https:\/\/www.estrategiaconcursos.com.br\/blog\/\",\"logo\":{\"@type\":\"ImageObject\",\"inLanguage\":\"pt-BR\",\"@id\":\"https:\/\/www.estrategiaconcursos.com.br\/blog\/#\/schema\/logo\/image\/\",\"url\":\"https:\/\/dhg1h5j42swfq.cloudfront.net\/2025\/06\/03203428\/logo_concursos-1.jpg\",\"contentUrl\":\"https:\/\/dhg1h5j42swfq.cloudfront.net\/2025\/06\/03203428\/logo_concursos-1.jpg\",\"width\":230,\"height\":60,\"caption\":\"Estrat\u00e9gia Concursos\"},\"image\":{\"@id\":\"https:\/\/www.estrategiaconcursos.com.br\/blog\/#\/schema\/logo\/image\/\"},\"sameAs\":[\"https:\/\/x.com\/EstratConcursos\"]},{\"@type\":\"Person\",\"@id\":\"https:\/\/www.estrategiaconcursos.com.br\/blog\/#\/schema\/person\/aa39cf5ddb518e5bdce27c35788405e2\",\"name\":\"Ricardo Torques\",\"image\":{\"@type\":\"ImageObject\",\"inLanguage\":\"pt-BR\",\"@id\":\"https:\/\/secure.gravatar.com\/avatar\/ce9ac6c3cff25fe86d15ed568ebc64d1724baf5c0693133bcb1f6073f712f92a?s=96&d=mm&r=g\",\"url\":\"https:\/\/secure.gravatar.com\/avatar\/ce9ac6c3cff25fe86d15ed568ebc64d1724baf5c0693133bcb1f6073f712f92a?s=96&d=mm&r=g\",\"contentUrl\":\"https:\/\/secure.gravatar.com\/avatar\/ce9ac6c3cff25fe86d15ed568ebc64d1724baf5c0693133bcb1f6073f712f92a?s=96&d=mm&r=g\",\"caption\":\"Ricardo Torques\"},\"sameAs\":[\"https:\/\/www.facebook.com\/ricardo.s.torques\"],\"url\":\"https:\/\/www.estrategiaconcursos.com.br\/blog\/author\/ricardotorquesestrategiaconcursos-com-br\/\"}]}<\/script>\n<!-- \/ Yoast SEO Premium plugin. -->","yoast_head_json":{"title":"Prova de Direitos Humanos - AGEPEN-CE (Gabarito EXTRAOFICIAL)","robots":{"index":"index","follow":"follow","max-snippet":"max-snippet:-1","max-image-preview":"max-image-preview:large","max-video-preview":"max-video-preview:-1"},"canonical":"https:\/\/www.estrategiaconcursos.com.br\/blog\/prova-de-direitos-humanos-agepen-ce-gabarito-extraoficial\/","og_locale":"pt_BR","og_type":"article","og_title":"Prova de Direitos Humanos - AGEPEN-CE (Gabarito EXTRAOFICIAL)","og_description":"Ol\u00e1 pessoal, finalizamos a an\u00e1lise das quest\u00f5es aplicadas na prova de hoje para Agente Penitenci\u00e1rio do Cear\u00e1 (AGEPEN-CE) em Direitos Humanos. ASSISTA A CORRE\u00c7\u00c3O AO VIVO:\u00a0 https:\/\/youtu.be\/ST9zCQDoHZU &nbsp; N\u00e3o identificamos maiores problemas em rela\u00e7\u00e3o \u00e0s quest\u00f5es, com exce\u00e7\u00e3o de uma das quest\u00f5es, conforme voc\u00ea ver\u00e1 nos coment\u00e1rio. No restante a prova foi tranquila e tenho [&hellip;]","og_url":"https:\/\/www.estrategiaconcursos.com.br\/blog\/prova-de-direitos-humanos-agepen-ce-gabarito-extraoficial\/","og_site_name":"Estrat\u00e9gia Concursos","article_author":"https:\/\/www.facebook.com\/ricardo.s.torques","article_published_time":"2017-10-01T18:53:58+00:00","article_modified_time":"2017-10-01T23:16:02+00:00","og_image":[{"width":1920,"height":1080,"url":"https:\/\/dhg1h5j42swfq.cloudfront.net\/2017\/10\/01155333\/agepen-ce.png","type":"image\/png"}],"author":"Ricardo Torques","twitter_card":"summary_large_image","twitter_creator":"@EstratConcursos","twitter_site":"@EstratConcursos","twitter_misc":{"Escrito por":"Ricardo Torques","Est. tempo de leitura":"7 minutos"},"schema":{"@context":"https:\/\/schema.org","@graph":[{"@type":"NewsArticle","@id":"https:\/\/www.estrategiaconcursos.com.br\/blog\/prova-de-direitos-humanos-agepen-ce-gabarito-extraoficial\/#article","isPartOf":{"@id":"https:\/\/www.estrategiaconcursos.com.br\/blog\/prova-de-direitos-humanos-agepen-ce-gabarito-extraoficial\/"},"author":{"name":"Ricardo Torques","@id":"https:\/\/www.estrategiaconcursos.com.br\/blog\/#\/schema\/person\/aa39cf5ddb518e5bdce27c35788405e2"},"headline":"Prova de Direitos Humanos &#8211; AGEPEN-CE (Gabarito EXTRAOFICIAL)","datePublished":"2017-10-01T18:53:58+00:00","dateModified":"2017-10-01T23:16:02+00:00","mainEntityOfPage":{"@id":"https:\/\/www.estrategiaconcursos.com.br\/blog\/prova-de-direitos-humanos-agepen-ce-gabarito-extraoficial\/"},"wordCount":1484,"commentCount":1,"publisher":{"@id":"https:\/\/www.estrategiaconcursos.com.br\/blog\/#organization"},"image":{"@id":"https:\/\/www.estrategiaconcursos.com.br\/blog\/prova-de-direitos-humanos-agepen-ce-gabarito-extraoficial\/#primaryimage"},"thumbnailUrl":"https:\/\/dhg1h5j42swfq.cloudfront.net\/2017\/10\/01155333\/agepen-ce.png","keywords":["agepen-ce","Direitos Humanos","Gabarito Extraoficial"],"inLanguage":"pt-BR","potentialAction":[{"@type":"CommentAction","name":"Comment","target":["https:\/\/www.estrategiaconcursos.com.br\/blog\/prova-de-direitos-humanos-agepen-ce-gabarito-extraoficial\/#respond"]}],"copyrightYear":"2017","copyrightHolder":{"@id":"https:\/\/www.estrategiaconcursos.com.br\/blog\/#organization"}},{"@type":"WebPage","@id":"https:\/\/www.estrategiaconcursos.com.br\/blog\/prova-de-direitos-humanos-agepen-ce-gabarito-extraoficial\/","url":"https:\/\/www.estrategiaconcursos.com.br\/blog\/prova-de-direitos-humanos-agepen-ce-gabarito-extraoficial\/","name":"Prova de Direitos Humanos - AGEPEN-CE (Gabarito EXTRAOFICIAL)","isPartOf":{"@id":"https:\/\/www.estrategiaconcursos.com.br\/blog\/#website"},"primaryImageOfPage":{"@id":"https:\/\/www.estrategiaconcursos.com.br\/blog\/prova-de-direitos-humanos-agepen-ce-gabarito-extraoficial\/#primaryimage"},"image":{"@id":"https:\/\/www.estrategiaconcursos.com.br\/blog\/prova-de-direitos-humanos-agepen-ce-gabarito-extraoficial\/#primaryimage"},"thumbnailUrl":"https:\/\/dhg1h5j42swfq.cloudfront.net\/2017\/10\/01155333\/agepen-ce.png","datePublished":"2017-10-01T18:53:58+00:00","dateModified":"2017-10-01T23:16:02+00:00","breadcrumb":{"@id":"https:\/\/www.estrategiaconcursos.com.br\/blog\/prova-de-direitos-humanos-agepen-ce-gabarito-extraoficial\/#breadcrumb"},"inLanguage":"pt-BR","potentialAction":[{"@type":"ReadAction","target":["https:\/\/www.estrategiaconcursos.com.br\/blog\/prova-de-direitos-humanos-agepen-ce-gabarito-extraoficial\/"]}]},{"@type":"ImageObject","inLanguage":"pt-BR","@id":"https:\/\/www.estrategiaconcursos.com.br\/blog\/prova-de-direitos-humanos-agepen-ce-gabarito-extraoficial\/#primaryimage","url":"https:\/\/dhg1h5j42swfq.cloudfront.net\/2017\/10\/01155333\/agepen-ce.png","contentUrl":"https:\/\/dhg1h5j42swfq.cloudfront.net\/2017\/10\/01155333\/agepen-ce.png","width":1920,"height":1080},{"@type":"BreadcrumbList","@id":"https:\/\/www.estrategiaconcursos.com.br\/blog\/prova-de-direitos-humanos-agepen-ce-gabarito-extraoficial\/#breadcrumb","itemListElement":[{"@type":"ListItem","position":1,"name":"In\u00edcio","item":"https:\/\/www.estrategiaconcursos.com.br\/blog\/"},{"@type":"ListItem","position":2,"name":"Prova de Direitos Humanos &#8211; AGEPEN-CE (Gabarito EXTRAOFICIAL)"}]},{"@type":"WebSite","@id":"https:\/\/www.estrategiaconcursos.com.br\/blog\/#website","url":"https:\/\/www.estrategiaconcursos.com.br\/blog\/","name":"Estrat\u00e9gia Concursos","description":"O blog da Estrat\u00e9gia Concursos traz not\u00edcias sobre concursos e artigos de professores oferecendo cursos para concursos (pdf + videaulas) no site.","publisher":{"@id":"https:\/\/www.estrategiaconcursos.com.br\/blog\/#organization"},"potentialAction":[{"@type":"SearchAction","target":{"@type":"EntryPoint","urlTemplate":"https:\/\/www.estrategiaconcursos.com.br\/blog\/?s={search_term_string}"},"query-input":{"@type":"PropertyValueSpecification","valueRequired":true,"valueName":"search_term_string"}}],"inLanguage":"pt-BR"},{"@type":"Organization","@id":"https:\/\/www.estrategiaconcursos.com.br\/blog\/#organization","name":"Estrat\u00e9gia Concursos","url":"https:\/\/www.estrategiaconcursos.com.br\/blog\/","logo":{"@type":"ImageObject","inLanguage":"pt-BR","@id":"https:\/\/www.estrategiaconcursos.com.br\/blog\/#\/schema\/logo\/image\/","url":"https:\/\/dhg1h5j42swfq.cloudfront.net\/2025\/06\/03203428\/logo_concursos-1.jpg","contentUrl":"https:\/\/dhg1h5j42swfq.cloudfront.net\/2025\/06\/03203428\/logo_concursos-1.jpg","width":230,"height":60,"caption":"Estrat\u00e9gia Concursos"},"image":{"@id":"https:\/\/www.estrategiaconcursos.com.br\/blog\/#\/schema\/logo\/image\/"},"sameAs":["https:\/\/x.com\/EstratConcursos"]},{"@type":"Person","@id":"https:\/\/www.estrategiaconcursos.com.br\/blog\/#\/schema\/person\/aa39cf5ddb518e5bdce27c35788405e2","name":"Ricardo Torques","image":{"@type":"ImageObject","inLanguage":"pt-BR","@id":"https:\/\/secure.gravatar.com\/avatar\/ce9ac6c3cff25fe86d15ed568ebc64d1724baf5c0693133bcb1f6073f712f92a?s=96&d=mm&r=g","url":"https:\/\/secure.gravatar.com\/avatar\/ce9ac6c3cff25fe86d15ed568ebc64d1724baf5c0693133bcb1f6073f712f92a?s=96&d=mm&r=g","contentUrl":"https:\/\/secure.gravatar.com\/avatar\/ce9ac6c3cff25fe86d15ed568ebc64d1724baf5c0693133bcb1f6073f712f92a?s=96&d=mm&r=g","caption":"Ricardo Torques"},"sameAs":["https:\/\/www.facebook.com\/ricardo.s.torques"],"url":"https:\/\/www.estrategiaconcursos.com.br\/blog\/author\/ricardotorquesestrategiaconcursos-com-br\/"}]}},"_links":{"self":[{"href":"https:\/\/www.estrategiaconcursos.com.br\/blog\/wp-json\/wp\/v2\/posts\/91033","targetHints":{"allow":["GET"]}}],"collection":[{"href":"https:\/\/www.estrategiaconcursos.com.br\/blog\/wp-json\/wp\/v2\/posts"}],"about":[{"href":"https:\/\/www.estrategiaconcursos.com.br\/blog\/wp-json\/wp\/v2\/types\/post"}],"author":[{"embeddable":true,"href":"https:\/\/www.estrategiaconcursos.com.br\/blog\/wp-json\/wp\/v2\/users\/180"}],"replies":[{"embeddable":true,"href":"https:\/\/www.estrategiaconcursos.com.br\/blog\/wp-json\/wp\/v2\/comments?post=91033"}],"version-history":[{"count":3,"href":"https:\/\/www.estrategiaconcursos.com.br\/blog\/wp-json\/wp\/v2\/posts\/91033\/revisions"}],"predecessor-version":[{"id":91067,"href":"https:\/\/www.estrategiaconcursos.com.br\/blog\/wp-json\/wp\/v2\/posts\/91033\/revisions\/91067"}],"wp:featuredmedia":[{"embeddable":true,"href":"https:\/\/www.estrategiaconcursos.com.br\/blog\/wp-json\/wp\/v2\/media\/91037"}],"wp:attachment":[{"href":"https:\/\/www.estrategiaconcursos.com.br\/blog\/wp-json\/wp\/v2\/media?parent=91033"}],"wp:term":[{"taxonomy":"category","embeddable":true,"href":"https:\/\/www.estrategiaconcursos.com.br\/blog\/wp-json\/wp\/v2\/categories?post=91033"},{"taxonomy":"post_tag","embeddable":true,"href":"https:\/\/www.estrategiaconcursos.com.br\/blog\/wp-json\/wp\/v2\/tags?post=91033"},{"taxonomy":"tax_estado","embeddable":true,"href":"https:\/\/www.estrategiaconcursos.com.br\/blog\/wp-json\/wp\/v2\/tax_estado?post=91033"}],"curies":[{"name":"wp","href":"https:\/\/api.w.org\/{rel}","templated":true}]}}