{"id":91030,"date":"2017-10-02T09:25:37","date_gmt":"2017-10-02T12:25:37","guid":{"rendered":"https:\/\/www.estrategiaconcursos.com.br\/blog\/?p=91030"},"modified":"2017-10-02T09:21:38","modified_gmt":"2017-10-02T12:21:38","slug":"gabarito-preliminar-agepence-conhecimentos-especificos-com-recurso","status":"publish","type":"post","link":"https:\/\/www.estrategiaconcursos.com.br\/blog\/gabarito-preliminar-agepence-conhecimentos-especificos-com-recurso\/","title":{"rendered":"Gabarito Preliminar AGEPEN\/CE &#8211; Conhecimentos Espec\u00edficos [SUGEST\u00c3O DE RECURSO]"},"content":{"rendered":"<p><strong>Gabarito Preliminar AGEPEN\/CE &#8211; Conhecimentos Espec\u00edficos [COM RECURSO]<br \/>\n<\/strong><\/p>\n<p>Ol\u00e1, amigos!<\/p>\n<p>Para quem n\u00e3o me conhece ainda, meu nome \u00e9 <strong>Marcos Gir\u00e3o<\/strong> e sou professor aqui do Estrat\u00e9gia Concursos, lecionando as Leis Penais Especiais e a Legisla\u00e7\u00e3o Espec\u00edfica para concursos P\u00fablicos.<\/p>\n<p><span style=\"text-decoration: underline;color: #ff0000\"><strong>ASSISTA A CORRE\u00c7\u00c3O AO VIVO<\/strong><\/span>:<\/p>\n<p>https:\/\/youtu.be\/ST9zCQDoHZU<\/p>\n<p>Para o certame<strong> AGEPEN\/CE 2017<\/strong>, fiquei respons\u00e1vel por ministrar a parte de CONHECIMENTOS ESPEC\u00cdFICOS para o cargo de Agente Penitenci\u00e1rio! Vamos aqui, portanto, passar o nosso gabarito preliminar das <strong>provas <\/strong>aplicadas neste domingo, pelo <strong>Instituto AOCP<\/strong>.<\/p>\n<p>Vou comentar aqui as quest\u00f5es que apareceram na prova sobre o tema e ela exigiram exatamente conhecimento das normas acima. A resposta para elas <strong>constava tamb\u00e9m no nosso material que estava cheio de quest\u00f5es in\u00e9ditas bem parecida com essa da prova!\u00a0 Nossos alunos vibraram muito!!!!!<\/strong><\/p>\n<p>Bom, ent\u00e3o vamos aos coment\u00e1rios delas!<\/p>\n<p><strong><span style=\"text-decoration: underline;color: #993366\">PROVA 02:<br \/>\n<\/span><\/strong><\/p>\n<p><em><strong>49. Considerando as obriga\u00e7\u00f5es e proibi\u00e7\u00f5es impostas&#8230;<\/strong><\/em><\/p>\n<p>Gab: <span style=\"color: #0000ff\"><strong>D <\/strong><\/span>(art. 192, V, Lei CE n\u00ba 9.826\/74)\u00a0 &#8211; <span style=\"color: #0000ff\"><strong>SEM RECURSO<\/strong><\/span><\/p>\n<p><strong><em>50. Um funcion\u00e1rio p\u00fablico do Estado do Cear\u00e1&#8230;<\/em><\/strong><\/p>\n<p>Gab: <span style=\"color: #0000ff\"><strong>D<\/strong> <\/span>(art. 199, VII, Lei CE n\u00ba 9.826\/74 ) <span style=\"color: #0000ff\">&#8211; <strong>SEM RECURSO<\/strong><\/span><\/p>\n<p><strong><em>51. A Lei Estadual do Cear\u00e1 n\u00ba 9.8267\/74 afirma que a sinsdic\u00e2ncia&#8230;<\/em><\/strong><\/p>\n<p>Gab: <span style=\"color: #0000ff\">A<\/span> (art. 029, \u00a75\u00ba, Lei CE n\u00ba 9.826\/74 ) <span style=\"color: #0000ff\">&#8211; <strong>SEM RECURSO<\/strong><\/span><\/p>\n<p><strong><em>52. Em rela\u00e7\u00e3o ao inqu\u00e9rito administrativo do Servidor&#8230;<\/em><\/strong><\/p>\n<p>Gab: <strong><span style=\"color: #0000ff\">C<\/span><\/strong> (art. 220, Lei CE n\u00ba 9.826\/74 ) &#8211;<span style=\"color: #0000ff\"> <strong>SEM RECURSO<\/strong><\/span><\/p>\n<p><strong><em>53. Determinado indiv\u00edduo praticou fato&#8230;<\/em><\/strong><\/p>\n<p>Gab: <span style=\"color: #0000ff\"><strong>C<\/strong><\/span> (art. 14, Portaria SEJUS\/CE n\u00ba 1.220\/14 ) <span style=\"color: #0000ff\">&#8211; <strong>SEM RECURSO<\/strong><\/span><\/p>\n<p><strong><em>54. Em conformidade com o Regimento Geral&#8230;<\/em><\/strong><\/p>\n<p>Itens II e III corretos (ART. 143, IV e art. 147)<\/p>\n<p>Gab: <span style=\"color: #0000ff\"><strong>B\u00a0\u00a0\u00a0 &#8211; SEM RECURSO<br \/>\n<\/strong><\/span><\/p>\n<p><strong><em>55. Em rela\u00e7\u00e3o \u00e0 assist\u00eancia ao preso&#8230;<\/em><\/strong><\/p>\n<p>Gab: <span style=\"color: #0000ff\"><strong>C<\/strong><\/span> (art. 114, Portaria SEJUS\/CE n\u00ba 1.220\/14 ) <span style=\"color: #0000ff\">&#8211; <strong>SEM RECURSO<\/strong><\/span><\/p>\n<p><strong><em>56. Considerando que um determinado estabelecimento prisional&#8230;<\/em><\/strong><\/p>\n<p>Gab: <span style=\"color: #0000ff\"><strong>B<\/strong><\/span> (art. 8\u00ba, \u00a72\u00ba, Portaria SEJUS\/CE n\u00ba 1.220\/14 ) <span style=\"color: #0000ff\">&#8211; <strong>SEM RECURSO<\/strong><\/span><\/p>\n<p>57. Referente ao trabalho desempenhado pelo preso&#8230;<\/p>\n<p>Gab: <span style=\"color: #0000ff\"><strong>B<\/strong><\/span> (art. 175, Portaria SEJUS\/CE n\u00ba 1.220\/14 )<span style=\"color: #0000ff\"> &#8211; <strong>SEM RECURSO<\/strong><\/span><\/p>\n<p><strong><em>58. Ao regras a carreira penitenci\u00e1ria, a Lei Estadual do Cear\u00e1 <span style=\"text-decoration: underline;color: #ff0000\">n\u00ba 14.528\/09<\/span>&#8230;<\/em><\/strong><\/p>\n<p>O gabarito seria letra A,<span style=\"color: #000000\"> <strong>MAS A GRAFIA ERRADA DA NORMA NO ENUNCIADO PREJUDICOU A AN\u00c1LISE DOS CANDIDATOS. DEVE SER ANULADA!! A LEI CITADA DEVERIA TER SIDO A LEI ESTADUAL N\u00ba 14.582\/09.<br \/>\n<\/strong><\/span><\/p>\n<p><strong><em>59. Em conformidade com o contido na Lei Estadual do Cear\u00e1 <span style=\"text-decoration: underline;color: #ff0000\">n\u00ba 14.528\/09<\/span>&#8230;<\/em><\/strong><\/p>\n<p>O gabarito seria letra A, <span style=\"color: #000000\"><strong>MAS A GRAFIA ERRADA DA NORMA NO ENUNCIADO PREJUDICOU A AN\u00c1LISE DOS CANDIDATOS. DEVE SER ANULADA!! <\/strong><strong>A LEI CITADA DEVERIA TER SIDO A LEI ESTADUAL N\u00ba 14.582\/09.<\/strong><\/span><\/p>\n<p><strong><span style=\"text-decoration: underline;color: #800080\">MODELO DE RECURSO QUEST\u00d5ES 58 E 59<\/span>:<\/strong><\/p>\n<p><span style=\"color: #ff0000\"><em>&#8220;Senhor elaborador, o enunciado da quest\u00e3o cobrou conhecimentos da Lei Estadual n\u00ba14.528\/09, lei esta que <b>DENOMINA S\u00cdLVIO GERALDO FIGUEIREDO FROTA O CENTRO DE ESPECIALIDADES ODONTOL\u00d3GICAS \u2013 CEO, NO MUNIC\u00cdPIO DE CRATE\u00daS, norma n\u00e3o cobrada no conte\u00fado program\u00e1tico da parte de Conhecimentos Espec\u00edficos do Edital AGEPEN\/CE 2017. Como n\u00e3o foi cobrada, ou houve erro de grafia no enunciado, tal fato prejudicou o julgamento dos candidatos, pedindo-se, portanto, a ANULA\u00c7\u00c3O DA QUEST\u00c3O.&#8221;<\/b><\/em><\/span><\/p>\n<p><strong><em>60. Conforme o Estatuto dos Funcion\u00e1rios P\u00fablicos Civis&#8230;<\/em><\/strong><\/p>\n<p>O gabarito seria letra C, <span style=\"color: #000000\"><strong>MAS OS ITENS I E II EXIGIRAM CONHECIMENTOS DE PROVIMENTO DE CARGOS, T\u00cdTULO II DO ESTATUTO, N\u00c3O COBRADOS PELO EDITAL!! <\/strong>O Edital pede apenas: &#8220;<strong>Direitos, deveres e regime disciplinar dos Funcion\u00e1rios P\u00fablicos Civis do Estado do Cear\u00e1&#8221; , ou seja, os T\u00edtulos IV e VI da citada norma.<\/strong><\/span><\/p>\n<p><strong><span style=\"text-decoration: underline\"><span style=\"color: #993366;text-decoration: underline\">MODELO DE RECURSO QUEST\u00c3O 60<\/span><\/span>:<\/strong><\/p>\n<p><span style=\"color: #ff0000\"><strong><em>&#8220;Senhor elaborador, os itens I e II da quest\u00e3o cobraram conhecimentos constantes no T\u00edtulo II, &#8220;Do Provimento de Cargos&#8221;, da Lei Estadual n\u00ba 9.826\/74), Estatuto dos Funcion\u00e1rios P\u00fablicos Civis do Estado do Cear\u00e1. No conte\u00fado program\u00e1tico da parte de Conhecimentos Espec\u00edficos do Edital AGEPEN\/CE 2017 foi exigido os conhecimentos dos seguintes assuntos do referido Estatuto: &#8220;Direitos, deveres e regime disciplinar dos Funcion\u00e1rios P\u00fablicos Civis do Estado do Cear\u00e1&#8221; , ou seja, os T\u00edtulos IV e VI da citada norma. Dessa forma, os itens I e II, ao cobrarem conte\u00fado presente no T\u00edtulo II do Estatuto,\u00a0 extrapolaram conte\u00fado cobrado no edital, o que se pede a ANULA\u00c7\u00c3O DA QUEST\u00c3O.&#8221;<\/em><\/strong><\/span><\/p>\n<p>Bom, \u00e9 isso!<\/p>\n<p>Espero ter ajudado!<\/p>\n<h3><b>Semana Policial Ao Vivo e Gratuita<\/b><\/h3>\n<p><img decoding=\"async\" src=\"https:\/\/web.whatsapp.com\/9de80771-b06e-4716-a2fb-0d14232d2891\" \/><a href=\"https:\/\/www.estrategiaconcursos.com.br\/gratis\/semana-policial-ao-vivo\/\"><img loading=\"lazy\" decoding=\"async\" class=\"aligncenter wp-image-91062 size-large\" src=\"https:\/\/dhg1h5j42swfq.cloudfront.net\/2017\/10\/01201132\/WhatsApp-Image-2017-10-01-at-20.08.41.jpeg\" alt=\"semana policial \" width=\"1024\" height=\"256\" srcset=\"https:\/\/dhg1h5j42swfq.cloudfront.net\/2017\/10\/01201132\/WhatsApp-Image-2017-10-01-at-20.08.41.jpeg 1200w, https:\/\/dhg1h5j42swfq.cloudfront.net\/2017\/10\/01201132\/WhatsApp-Image-2017-10-01-at-20.08.41.jpeg 300w, https:\/\/dhg1h5j42swfq.cloudfront.net\/2017\/10\/01201132\/WhatsApp-Image-2017-10-01-at-20.08.41.jpeg 768w, https:\/\/dhg1h5j42swfq.cloudfront.net\/2017\/10\/01201132\/WhatsApp-Image-2017-10-01-at-20.08.41.jpeg 1024w, https:\/\/dhg1h5j42swfq.cloudfront.net\/2017\/10\/01201132\/WhatsApp-Image-2017-10-01-at-20.08.41.jpeg 610w\" sizes=\"auto, (max-width: 1024px) 100vw, 1024px\" \/><\/a><\/p>\n<p>Esta Semana Policial foi feita especialmente para voc\u00ea que estuda para a \u00e1rea policial. Conhe\u00e7a um pouco mais sobre os concursos da PF e PRF, saiba quais s\u00e3o os pr\u00f3ximos concursos e prepare-se com Estrat\u00e9gia.<\/p>\n<ul>\n<li><strong>02\u00a0de outubro \u00e0s 19h &#8211;\u00a0Raio-X da \u00c1rea Policial\u00a0<\/strong><\/li>\n<li><b>03 de outubro \u00e0s 19h &#8211;\u00a0An\u00e1lise detalhada PF e PRF\u00a0<\/b><\/li>\n<li><strong>04 de outubro \u00e0s 19 &#8211;\u00a0Como estudar para as carreiras Policiais\u00a0<\/strong><\/li>\n<\/ul>\n<p>Inscreva-se para a\u00a0Semana Policial Ao Vivo\u00a0e prepare-se #ComEstrat\u00e9gia<\/p>\n<p>&nbsp;<\/p>\n<p>E se quiserem falar comigo, <strong>tirar d\u00favidas<\/strong> e ter <strong>acesso a dicas e conte\u00fados gratuitos<\/strong>, acesse nossas redes sociais:<\/p>\n<p><strong>Email: professormarcosgiraoestrategia@gmail.com<\/strong><\/p>\n<p><strong><a href=\"https:\/\/www.facebook.com\/ProfMarcosGirao\">Fanpage do Prof. Marcos Gir\u00e3o<\/a><\/strong><\/p>\n<p><strong><a href=\"https:\/\/www.youtube.com\/channel\/UCsjAzxopmLjgmxkeR1Lo6wQ\">Canal do Youtube &#8211; Prof. Marcos Gir\u00e3o<\/a><\/strong><\/p>\n<p><strong><a href=\"http:\/\/www.periscope.tv\/profmarcosgirao\">Periscope &#8211; Prof. Marcos Gir\u00e3o<\/a><\/strong><\/p>\n<p><strong>Instagram: @profmarcosgirao<\/strong><\/p>\n<p>Grande abra\u00e7o e bons estudos!<\/p>\n<p>&nbsp;<\/p>\n","protected":false},"excerpt":{"rendered":"<p>Gabarito Preliminar AGEPEN\/CE &#8211; Conhecimentos Espec\u00edficos [COM RECURSO] Ol\u00e1, amigos! Para quem n\u00e3o me conhece ainda, meu nome \u00e9 Marcos Gir\u00e3o e sou professor aqui do Estrat\u00e9gia Concursos, lecionando as Leis Penais Especiais e a Legisla\u00e7\u00e3o Espec\u00edfica para concursos P\u00fablicos. ASSISTA A CORRE\u00c7\u00c3O AO VIVO: https:\/\/youtu.be\/ST9zCQDoHZU Para o certame AGEPEN\/CE 2017, fiquei respons\u00e1vel por ministrar [&hellip;]<\/p>\n","protected":false},"author":248,"featured_media":0,"comment_status":"open","ping_status":"open","sticky":false,"template":"","format":"standard","meta":{"post_tipo":"article","footnotes":""},"categories":[1],"tags":[2973],"tax_estado":[],"class_list":["post-91030","post","type-post","status-publish","format-standard","hentry","category-cursos-e-concursos","tag-gabarito-agepence"],"acf":[],"yoast_head":"<!-- This site is optimized with the Yoast SEO Premium plugin v27.2 (Yoast SEO v27.2) - https:\/\/yoast.com\/product\/yoast-seo-premium-wordpress\/ -->\n<title>Gabarito Preliminar AGEPEN\/CE - Conhecimentos Espec\u00edficos [SUGEST\u00c3O DE RECURSO]<\/title>\n<meta name=\"robots\" content=\"index, follow, max-snippet:-1, max-image-preview:large, max-video-preview:-1\" \/>\n<link rel=\"canonical\" href=\"https:\/\/www.estrategiaconcursos.com.br\/blog\/gabarito-preliminar-agepence-conhecimentos-especificos-com-recurso\/\" \/>\n<meta property=\"og:locale\" content=\"pt_BR\" \/>\n<meta property=\"og:type\" content=\"article\" \/>\n<meta property=\"og:title\" content=\"Gabarito Preliminar AGEPEN\/CE - Conhecimentos Espec\u00edficos [SUGEST\u00c3O DE RECURSO]\" \/>\n<meta property=\"og:description\" content=\"Gabarito Preliminar AGEPEN\/CE &#8211; Conhecimentos Espec\u00edficos [COM RECURSO] Ol\u00e1, amigos! Para quem n\u00e3o me conhece ainda, meu nome \u00e9 Marcos Gir\u00e3o e sou professor aqui do Estrat\u00e9gia Concursos, lecionando as Leis Penais Especiais e a Legisla\u00e7\u00e3o Espec\u00edfica para concursos P\u00fablicos. ASSISTA A CORRE\u00c7\u00c3O AO VIVO: https:\/\/youtu.be\/ST9zCQDoHZU Para o certame AGEPEN\/CE 2017, fiquei respons\u00e1vel por ministrar [&hellip;]\" \/>\n<meta property=\"og:url\" content=\"https:\/\/www.estrategiaconcursos.com.br\/blog\/gabarito-preliminar-agepence-conhecimentos-especificos-com-recurso\/\" \/>\n<meta property=\"og:site_name\" content=\"Estrat\u00e9gia Concursos\" \/>\n<meta property=\"article:published_time\" content=\"2017-10-02T12:25:37+00:00\" \/>\n<meta property=\"og:image\" content=\"https:\/\/web.whatsapp.com\/9de80771-b06e-4716-a2fb-0d14232d2891\" \/>\n<meta name=\"author\" content=\"Marcos Gir\u00e3o\" \/>\n<meta name=\"twitter:card\" content=\"summary_large_image\" \/>\n<meta name=\"twitter:creator\" content=\"@EstratConcursos\" \/>\n<meta name=\"twitter:site\" content=\"@EstratConcursos\" \/>\n<meta name=\"twitter:label1\" content=\"Escrito por\" \/>\n\t<meta name=\"twitter:data1\" content=\"Marcos Gir\u00e3o\" \/>\n\t<meta name=\"twitter:label2\" content=\"Est. tempo de leitura\" \/>\n\t<meta name=\"twitter:data2\" content=\"4 minutos\" \/>\n<script type=\"application\/ld+json\" class=\"yoast-schema-graph\">{\"@context\":\"https:\/\/schema.org\",\"@graph\":[{\"@type\":\"NewsArticle\",\"@id\":\"https:\/\/www.estrategiaconcursos.com.br\/blog\/gabarito-preliminar-agepence-conhecimentos-especificos-com-recurso\/#article\",\"isPartOf\":{\"@id\":\"https:\/\/www.estrategiaconcursos.com.br\/blog\/gabarito-preliminar-agepence-conhecimentos-especificos-com-recurso\/\"},\"author\":{\"name\":\"Marcos Gir\u00e3o\",\"@id\":\"https:\/\/www.estrategiaconcursos.com.br\/blog\/#\/schema\/person\/6be195b7a02a8ca214472b848686bb37\"},\"headline\":\"Gabarito Preliminar AGEPEN\/CE &#8211; Conhecimentos Espec\u00edficos [SUGEST\u00c3O DE RECURSO]\",\"datePublished\":\"2017-10-02T12:25:37+00:00\",\"mainEntityOfPage\":{\"@id\":\"https:\/\/www.estrategiaconcursos.com.br\/blog\/gabarito-preliminar-agepence-conhecimentos-especificos-com-recurso\/\"},\"wordCount\":838,\"commentCount\":0,\"publisher\":{\"@id\":\"https:\/\/www.estrategiaconcursos.com.br\/blog\/#organization\"},\"image\":{\"@id\":\"https:\/\/www.estrategiaconcursos.com.br\/blog\/gabarito-preliminar-agepence-conhecimentos-especificos-com-recurso\/#primaryimage\"},\"thumbnailUrl\":\"https:\/\/web.whatsapp.com\/9de80771-b06e-4716-a2fb-0d14232d2891\",\"keywords\":[\"GABARITO AGEPEN\/CE\"],\"articleSection\":[\"Concursos P\u00fablicos\"],\"inLanguage\":\"pt-BR\",\"potentialAction\":[{\"@type\":\"CommentAction\",\"name\":\"Comment\",\"target\":[\"https:\/\/www.estrategiaconcursos.com.br\/blog\/gabarito-preliminar-agepence-conhecimentos-especificos-com-recurso\/#respond\"]}],\"copyrightYear\":\"2017\",\"copyrightHolder\":{\"@id\":\"https:\/\/www.estrategiaconcursos.com.br\/blog\/#organization\"}},{\"@type\":\"WebPage\",\"@id\":\"https:\/\/www.estrategiaconcursos.com.br\/blog\/gabarito-preliminar-agepence-conhecimentos-especificos-com-recurso\/\",\"url\":\"https:\/\/www.estrategiaconcursos.com.br\/blog\/gabarito-preliminar-agepence-conhecimentos-especificos-com-recurso\/\",\"name\":\"Gabarito Preliminar AGEPEN\/CE - Conhecimentos Espec\u00edficos [SUGEST\u00c3O DE RECURSO]\",\"isPartOf\":{\"@id\":\"https:\/\/www.estrategiaconcursos.com.br\/blog\/#website\"},\"primaryImageOfPage\":{\"@id\":\"https:\/\/www.estrategiaconcursos.com.br\/blog\/gabarito-preliminar-agepence-conhecimentos-especificos-com-recurso\/#primaryimage\"},\"image\":{\"@id\":\"https:\/\/www.estrategiaconcursos.com.br\/blog\/gabarito-preliminar-agepence-conhecimentos-especificos-com-recurso\/#primaryimage\"},\"thumbnailUrl\":\"https:\/\/web.whatsapp.com\/9de80771-b06e-4716-a2fb-0d14232d2891\",\"datePublished\":\"2017-10-02T12:25:37+00:00\",\"breadcrumb\":{\"@id\":\"https:\/\/www.estrategiaconcursos.com.br\/blog\/gabarito-preliminar-agepence-conhecimentos-especificos-com-recurso\/#breadcrumb\"},\"inLanguage\":\"pt-BR\",\"potentialAction\":[{\"@type\":\"ReadAction\",\"target\":[\"https:\/\/www.estrategiaconcursos.com.br\/blog\/gabarito-preliminar-agepence-conhecimentos-especificos-com-recurso\/\"]}]},{\"@type\":\"ImageObject\",\"inLanguage\":\"pt-BR\",\"@id\":\"https:\/\/www.estrategiaconcursos.com.br\/blog\/gabarito-preliminar-agepence-conhecimentos-especificos-com-recurso\/#primaryimage\",\"url\":\"https:\/\/web.whatsapp.com\/9de80771-b06e-4716-a2fb-0d14232d2891\",\"contentUrl\":\"https:\/\/web.whatsapp.com\/9de80771-b06e-4716-a2fb-0d14232d2891\"},{\"@type\":\"BreadcrumbList\",\"@id\":\"https:\/\/www.estrategiaconcursos.com.br\/blog\/gabarito-preliminar-agepence-conhecimentos-especificos-com-recurso\/#breadcrumb\",\"itemListElement\":[{\"@type\":\"ListItem\",\"position\":1,\"name\":\"In\u00edcio\",\"item\":\"https:\/\/www.estrategiaconcursos.com.br\/blog\/\"},{\"@type\":\"ListItem\",\"position\":2,\"name\":\"Gabarito Preliminar AGEPEN\/CE &#8211; Conhecimentos Espec\u00edficos [SUGEST\u00c3O DE RECURSO]\"}]},{\"@type\":\"WebSite\",\"@id\":\"https:\/\/www.estrategiaconcursos.com.br\/blog\/#website\",\"url\":\"https:\/\/www.estrategiaconcursos.com.br\/blog\/\",\"name\":\"Estrat\u00e9gia Concursos\",\"description\":\"O blog da Estrat\u00e9gia Concursos traz not\u00edcias sobre concursos e artigos de professores oferecendo cursos para concursos (pdf + videaulas) no site.\",\"publisher\":{\"@id\":\"https:\/\/www.estrategiaconcursos.com.br\/blog\/#organization\"},\"potentialAction\":[{\"@type\":\"SearchAction\",\"target\":{\"@type\":\"EntryPoint\",\"urlTemplate\":\"https:\/\/www.estrategiaconcursos.com.br\/blog\/?s={search_term_string}\"},\"query-input\":{\"@type\":\"PropertyValueSpecification\",\"valueRequired\":true,\"valueName\":\"search_term_string\"}}],\"inLanguage\":\"pt-BR\"},{\"@type\":\"Organization\",\"@id\":\"https:\/\/www.estrategiaconcursos.com.br\/blog\/#organization\",\"name\":\"Estrat\u00e9gia Concursos\",\"url\":\"https:\/\/www.estrategiaconcursos.com.br\/blog\/\",\"logo\":{\"@type\":\"ImageObject\",\"inLanguage\":\"pt-BR\",\"@id\":\"https:\/\/www.estrategiaconcursos.com.br\/blog\/#\/schema\/logo\/image\/\",\"url\":\"https:\/\/dhg1h5j42swfq.cloudfront.net\/2025\/06\/03203428\/logo_concursos-1.jpg\",\"contentUrl\":\"https:\/\/dhg1h5j42swfq.cloudfront.net\/2025\/06\/03203428\/logo_concursos-1.jpg\",\"width\":230,\"height\":60,\"caption\":\"Estrat\u00e9gia Concursos\"},\"image\":{\"@id\":\"https:\/\/www.estrategiaconcursos.com.br\/blog\/#\/schema\/logo\/image\/\"},\"sameAs\":[\"https:\/\/x.com\/EstratConcursos\"]},{\"@type\":\"Person\",\"@id\":\"https:\/\/www.estrategiaconcursos.com.br\/blog\/#\/schema\/person\/6be195b7a02a8ca214472b848686bb37\",\"name\":\"Marcos Gir\u00e3o\",\"image\":{\"@type\":\"ImageObject\",\"inLanguage\":\"pt-BR\",\"@id\":\"https:\/\/secure.gravatar.com\/avatar\/ac5b9a36e2c99a8280e07b5763e3b764471d5b861c47521bfd2edffdfbb06fbd?s=96&d=mm&r=g\",\"url\":\"https:\/\/secure.gravatar.com\/avatar\/ac5b9a36e2c99a8280e07b5763e3b764471d5b861c47521bfd2edffdfbb06fbd?s=96&d=mm&r=g\",\"contentUrl\":\"https:\/\/secure.gravatar.com\/avatar\/ac5b9a36e2c99a8280e07b5763e3b764471d5b861c47521bfd2edffdfbb06fbd?s=96&d=mm&r=g\",\"caption\":\"Marcos Gir\u00e3o\"},\"url\":\"https:\/\/www.estrategiaconcursos.com.br\/blog\/author\/marcosgiraoestrategiaconcursos-com-br\/\"}]}<\/script>\n<!-- \/ Yoast SEO Premium plugin. -->","yoast_head_json":{"title":"Gabarito Preliminar AGEPEN\/CE - Conhecimentos Espec\u00edficos [SUGEST\u00c3O DE RECURSO]","robots":{"index":"index","follow":"follow","max-snippet":"max-snippet:-1","max-image-preview":"max-image-preview:large","max-video-preview":"max-video-preview:-1"},"canonical":"https:\/\/www.estrategiaconcursos.com.br\/blog\/gabarito-preliminar-agepence-conhecimentos-especificos-com-recurso\/","og_locale":"pt_BR","og_type":"article","og_title":"Gabarito Preliminar AGEPEN\/CE - Conhecimentos Espec\u00edficos [SUGEST\u00c3O DE RECURSO]","og_description":"Gabarito Preliminar AGEPEN\/CE &#8211; Conhecimentos Espec\u00edficos [COM RECURSO] Ol\u00e1, amigos! Para quem n\u00e3o me conhece ainda, meu nome \u00e9 Marcos Gir\u00e3o e sou professor aqui do Estrat\u00e9gia Concursos, lecionando as Leis Penais Especiais e a Legisla\u00e7\u00e3o Espec\u00edfica para concursos P\u00fablicos. ASSISTA A CORRE\u00c7\u00c3O AO VIVO: https:\/\/youtu.be\/ST9zCQDoHZU Para o certame AGEPEN\/CE 2017, fiquei respons\u00e1vel por ministrar [&hellip;]","og_url":"https:\/\/www.estrategiaconcursos.com.br\/blog\/gabarito-preliminar-agepence-conhecimentos-especificos-com-recurso\/","og_site_name":"Estrat\u00e9gia Concursos","article_published_time":"2017-10-02T12:25:37+00:00","og_image":[{"url":"https:\/\/web.whatsapp.com\/9de80771-b06e-4716-a2fb-0d14232d2891","type":"","width":"","height":""}],"author":"Marcos Gir\u00e3o","twitter_card":"summary_large_image","twitter_creator":"@EstratConcursos","twitter_site":"@EstratConcursos","twitter_misc":{"Escrito por":"Marcos Gir\u00e3o","Est. tempo de leitura":"4 minutos"},"schema":{"@context":"https:\/\/schema.org","@graph":[{"@type":"NewsArticle","@id":"https:\/\/www.estrategiaconcursos.com.br\/blog\/gabarito-preliminar-agepence-conhecimentos-especificos-com-recurso\/#article","isPartOf":{"@id":"https:\/\/www.estrategiaconcursos.com.br\/blog\/gabarito-preliminar-agepence-conhecimentos-especificos-com-recurso\/"},"author":{"name":"Marcos Gir\u00e3o","@id":"https:\/\/www.estrategiaconcursos.com.br\/blog\/#\/schema\/person\/6be195b7a02a8ca214472b848686bb37"},"headline":"Gabarito Preliminar AGEPEN\/CE &#8211; Conhecimentos Espec\u00edficos [SUGEST\u00c3O DE RECURSO]","datePublished":"2017-10-02T12:25:37+00:00","mainEntityOfPage":{"@id":"https:\/\/www.estrategiaconcursos.com.br\/blog\/gabarito-preliminar-agepence-conhecimentos-especificos-com-recurso\/"},"wordCount":838,"commentCount":0,"publisher":{"@id":"https:\/\/www.estrategiaconcursos.com.br\/blog\/#organization"},"image":{"@id":"https:\/\/www.estrategiaconcursos.com.br\/blog\/gabarito-preliminar-agepence-conhecimentos-especificos-com-recurso\/#primaryimage"},"thumbnailUrl":"https:\/\/web.whatsapp.com\/9de80771-b06e-4716-a2fb-0d14232d2891","keywords":["GABARITO AGEPEN\/CE"],"articleSection":["Concursos P\u00fablicos"],"inLanguage":"pt-BR","potentialAction":[{"@type":"CommentAction","name":"Comment","target":["https:\/\/www.estrategiaconcursos.com.br\/blog\/gabarito-preliminar-agepence-conhecimentos-especificos-com-recurso\/#respond"]}],"copyrightYear":"2017","copyrightHolder":{"@id":"https:\/\/www.estrategiaconcursos.com.br\/blog\/#organization"}},{"@type":"WebPage","@id":"https:\/\/www.estrategiaconcursos.com.br\/blog\/gabarito-preliminar-agepence-conhecimentos-especificos-com-recurso\/","url":"https:\/\/www.estrategiaconcursos.com.br\/blog\/gabarito-preliminar-agepence-conhecimentos-especificos-com-recurso\/","name":"Gabarito Preliminar AGEPEN\/CE - Conhecimentos Espec\u00edficos [SUGEST\u00c3O DE RECURSO]","isPartOf":{"@id":"https:\/\/www.estrategiaconcursos.com.br\/blog\/#website"},"primaryImageOfPage":{"@id":"https:\/\/www.estrategiaconcursos.com.br\/blog\/gabarito-preliminar-agepence-conhecimentos-especificos-com-recurso\/#primaryimage"},"image":{"@id":"https:\/\/www.estrategiaconcursos.com.br\/blog\/gabarito-preliminar-agepence-conhecimentos-especificos-com-recurso\/#primaryimage"},"thumbnailUrl":"https:\/\/web.whatsapp.com\/9de80771-b06e-4716-a2fb-0d14232d2891","datePublished":"2017-10-02T12:25:37+00:00","breadcrumb":{"@id":"https:\/\/www.estrategiaconcursos.com.br\/blog\/gabarito-preliminar-agepence-conhecimentos-especificos-com-recurso\/#breadcrumb"},"inLanguage":"pt-BR","potentialAction":[{"@type":"ReadAction","target":["https:\/\/www.estrategiaconcursos.com.br\/blog\/gabarito-preliminar-agepence-conhecimentos-especificos-com-recurso\/"]}]},{"@type":"ImageObject","inLanguage":"pt-BR","@id":"https:\/\/www.estrategiaconcursos.com.br\/blog\/gabarito-preliminar-agepence-conhecimentos-especificos-com-recurso\/#primaryimage","url":"https:\/\/web.whatsapp.com\/9de80771-b06e-4716-a2fb-0d14232d2891","contentUrl":"https:\/\/web.whatsapp.com\/9de80771-b06e-4716-a2fb-0d14232d2891"},{"@type":"BreadcrumbList","@id":"https:\/\/www.estrategiaconcursos.com.br\/blog\/gabarito-preliminar-agepence-conhecimentos-especificos-com-recurso\/#breadcrumb","itemListElement":[{"@type":"ListItem","position":1,"name":"In\u00edcio","item":"https:\/\/www.estrategiaconcursos.com.br\/blog\/"},{"@type":"ListItem","position":2,"name":"Gabarito Preliminar AGEPEN\/CE &#8211; Conhecimentos Espec\u00edficos [SUGEST\u00c3O DE RECURSO]"}]},{"@type":"WebSite","@id":"https:\/\/www.estrategiaconcursos.com.br\/blog\/#website","url":"https:\/\/www.estrategiaconcursos.com.br\/blog\/","name":"Estrat\u00e9gia Concursos","description":"O blog da Estrat\u00e9gia Concursos traz not\u00edcias sobre concursos e artigos de professores oferecendo cursos para concursos (pdf + videaulas) no site.","publisher":{"@id":"https:\/\/www.estrategiaconcursos.com.br\/blog\/#organization"},"potentialAction":[{"@type":"SearchAction","target":{"@type":"EntryPoint","urlTemplate":"https:\/\/www.estrategiaconcursos.com.br\/blog\/?s={search_term_string}"},"query-input":{"@type":"PropertyValueSpecification","valueRequired":true,"valueName":"search_term_string"}}],"inLanguage":"pt-BR"},{"@type":"Organization","@id":"https:\/\/www.estrategiaconcursos.com.br\/blog\/#organization","name":"Estrat\u00e9gia Concursos","url":"https:\/\/www.estrategiaconcursos.com.br\/blog\/","logo":{"@type":"ImageObject","inLanguage":"pt-BR","@id":"https:\/\/www.estrategiaconcursos.com.br\/blog\/#\/schema\/logo\/image\/","url":"https:\/\/dhg1h5j42swfq.cloudfront.net\/2025\/06\/03203428\/logo_concursos-1.jpg","contentUrl":"https:\/\/dhg1h5j42swfq.cloudfront.net\/2025\/06\/03203428\/logo_concursos-1.jpg","width":230,"height":60,"caption":"Estrat\u00e9gia Concursos"},"image":{"@id":"https:\/\/www.estrategiaconcursos.com.br\/blog\/#\/schema\/logo\/image\/"},"sameAs":["https:\/\/x.com\/EstratConcursos"]},{"@type":"Person","@id":"https:\/\/www.estrategiaconcursos.com.br\/blog\/#\/schema\/person\/6be195b7a02a8ca214472b848686bb37","name":"Marcos Gir\u00e3o","image":{"@type":"ImageObject","inLanguage":"pt-BR","@id":"https:\/\/secure.gravatar.com\/avatar\/ac5b9a36e2c99a8280e07b5763e3b764471d5b861c47521bfd2edffdfbb06fbd?s=96&d=mm&r=g","url":"https:\/\/secure.gravatar.com\/avatar\/ac5b9a36e2c99a8280e07b5763e3b764471d5b861c47521bfd2edffdfbb06fbd?s=96&d=mm&r=g","contentUrl":"https:\/\/secure.gravatar.com\/avatar\/ac5b9a36e2c99a8280e07b5763e3b764471d5b861c47521bfd2edffdfbb06fbd?s=96&d=mm&r=g","caption":"Marcos Gir\u00e3o"},"url":"https:\/\/www.estrategiaconcursos.com.br\/blog\/author\/marcosgiraoestrategiaconcursos-com-br\/"}]}},"_links":{"self":[{"href":"https:\/\/www.estrategiaconcursos.com.br\/blog\/wp-json\/wp\/v2\/posts\/91030","targetHints":{"allow":["GET"]}}],"collection":[{"href":"https:\/\/www.estrategiaconcursos.com.br\/blog\/wp-json\/wp\/v2\/posts"}],"about":[{"href":"https:\/\/www.estrategiaconcursos.com.br\/blog\/wp-json\/wp\/v2\/types\/post"}],"author":[{"embeddable":true,"href":"https:\/\/www.estrategiaconcursos.com.br\/blog\/wp-json\/wp\/v2\/users\/248"}],"replies":[{"embeddable":true,"href":"https:\/\/www.estrategiaconcursos.com.br\/blog\/wp-json\/wp\/v2\/comments?post=91030"}],"version-history":[{"count":8,"href":"https:\/\/www.estrategiaconcursos.com.br\/blog\/wp-json\/wp\/v2\/posts\/91030\/revisions"}],"predecessor-version":[{"id":91087,"href":"https:\/\/www.estrategiaconcursos.com.br\/blog\/wp-json\/wp\/v2\/posts\/91030\/revisions\/91087"}],"wp:attachment":[{"href":"https:\/\/www.estrategiaconcursos.com.br\/blog\/wp-json\/wp\/v2\/media?parent=91030"}],"wp:term":[{"taxonomy":"category","embeddable":true,"href":"https:\/\/www.estrategiaconcursos.com.br\/blog\/wp-json\/wp\/v2\/categories?post=91030"},{"taxonomy":"post_tag","embeddable":true,"href":"https:\/\/www.estrategiaconcursos.com.br\/blog\/wp-json\/wp\/v2\/tags?post=91030"},{"taxonomy":"tax_estado","embeddable":true,"href":"https:\/\/www.estrategiaconcursos.com.br\/blog\/wp-json\/wp\/v2\/tax_estado?post=91030"}],"curies":[{"name":"wp","href":"https:\/\/api.w.org\/{rel}","templated":true}]}}