{"id":909457,"date":"2021-11-16T18:30:00","date_gmt":"2021-11-16T21:30:00","guid":{"rendered":"https:\/\/www.estrategiaconcursos.com.br\/blog\/?p=909457"},"modified":"2023-01-31T09:35:06","modified_gmt":"2023-01-31T12:35:06","slug":"cartorios-do-tjsp-intensivo","status":"publish","type":"post","link":"https:\/\/www.estrategiaconcursos.com.br\/blog\/cartorios-do-tjsp-intensivo\/","title":{"rendered":"Cart\u00f3rios do TJSP: Intensivo para refor\u00e7ar a prepara\u00e7\u00e3o"},"content":{"rendered":"\n<p>Desenvolva sua prepara\u00e7\u00e3o para o concurso Cart\u00f3rios do TJSP a partir desta ter\u00e7a-feira, 16 de novembro, com uma aula completa sobre Registro de Im\u00f3veis. Veja abaixo a programa\u00e7\u00e3o completa: <\/p>\n\n\n\n<h2 class=\"wp-block-heading\">Cart\u00f3rios do TJSP: cronograma<\/h2>\n\n\n\n<figure class=\"wp-block-table is-style-stripes\"><table class=\"has-luminous-vivid-amber-background-color has-background\"><tbody><tr><td class=\"has-text-align-center\" data-align=\"center\"><strong>Disciplina<\/strong><\/td><td class=\"has-text-align-center\" data-align=\"center\"><strong>Professor<\/strong><\/td><td class=\"has-text-align-center\" data-align=\"center\"><strong>Data<\/strong><\/td><td class=\"has-text-align-center\" data-align=\"center\"><strong>Hor\u00e1rio<\/strong><\/td><\/tr><tr><td class=\"has-text-align-center\" data-align=\"center\">Registro de Im\u00f3veis<\/td><td class=\"has-text-align-center\" data-align=\"center\">Gustavo Arruda<\/td><td class=\"has-text-align-center\" data-align=\"center\">16\/11\/21<\/td><td class=\"has-text-align-center\" data-align=\"center\">19:00 \u00e0s 22:30<\/td><\/tr><tr><td class=\"has-text-align-center\" data-align=\"center\">Tabelionato de Protestos<\/td><td class=\"has-text-align-center\" data-align=\"center\">Adriano \u00c1lvares<\/td><td class=\"has-text-align-center\" data-align=\"center\">17\/11\/21<\/td><td class=\"has-text-align-center\" data-align=\"center\">19:00 \u00e0s 22:30<\/td><\/tr><tr><td class=\"has-text-align-center\" data-align=\"center\">Tabelionato de Protestos<\/td><td class=\"has-text-align-center\" data-align=\"center\">Adriano \u00c1lvares<\/td><td class=\"has-text-align-center\" data-align=\"center\">18\/11\/21<\/td><td class=\"has-text-align-center\" data-align=\"center\">19:00 \u00e0s 22:30<\/td><\/tr><tr><td class=\"has-text-align-center\" data-align=\"center\">Tabelionato de Notas<\/td><td class=\"has-text-align-center\" data-align=\"center\">Maria Fernanda Dalmaz<\/td><td class=\"has-text-align-center\" data-align=\"center\">19\/11\/21<\/td><td class=\"has-text-align-center\" data-align=\"center\">19:00 \u00e0s 22:30<\/td><\/tr><tr><td class=\"has-text-align-center\" data-align=\"center\">Registro de Im\u00f3veis<\/td><td class=\"has-text-align-center\" data-align=\"center\">Gustavo Arruda<\/td><td class=\"has-text-align-center\" data-align=\"center\">22\/11\/21<\/td><td class=\"has-text-align-center\" data-align=\"center\">19:00 \u00e0s 22:30<\/td><\/tr><tr><td class=\"has-text-align-center\" data-align=\"center\">Registro de T\u00edtulos e Documentos<\/td><td class=\"has-text-align-center\" data-align=\"center\">Adriano \u00c1lvares<\/td><td class=\"has-text-align-center\" data-align=\"center\">23\/11\/21<\/td><td class=\"has-text-align-center\" data-align=\"center\">19:00 \u00e0s 22:30<\/td><\/tr><tr><td class=\"has-text-align-center\" data-align=\"center\">Registro Civil das Pessoas Jur\u00eddicas<\/td><td class=\"has-text-align-center\" data-align=\"center\">Paloma Berttotti<\/td><td class=\"has-text-align-center\" data-align=\"center\">24\/11\/21<\/td><td class=\"has-text-align-center\" data-align=\"center\">19:00 \u00e0s 22:30<\/td><\/tr><tr><td class=\"has-text-align-center\" data-align=\"center\">Direito Civil<\/td><td class=\"has-text-align-center\" data-align=\"center\">Paulo Sousa<\/td><td class=\"has-text-align-center\" data-align=\"center\">25\/11\/21<\/td><td class=\"has-text-align-center\" data-align=\"center\">14:00 \u00e0s 17:30<\/td><\/tr><tr><td class=\"has-text-align-center\" data-align=\"center\">Tabelionato de Notas<\/td><td class=\"has-text-align-center\" data-align=\"center\">Maria Fernanda Dalmaz<\/td><td class=\"has-text-align-center\" data-align=\"center\">25\/11\/21<\/td><td class=\"has-text-align-center\" data-align=\"center\">19:00 \u00e0s 22:30<\/td><\/tr><tr><td class=\"has-text-align-center\" data-align=\"center\">Registro Civil das Pessoas Naturais<\/td><td class=\"has-text-align-center\" data-align=\"center\">Juliana Chev\u00f4nica<\/td><td class=\"has-text-align-center\" data-align=\"center\">26\/11\/21<\/td><td class=\"has-text-align-center\" data-align=\"center\">19:00 \u00e0s 22:30<\/td><\/tr><tr><td class=\"has-text-align-center\" data-align=\"center\">Registro de Im\u00f3veis<\/td><td class=\"has-text-align-center\" data-align=\"center\">Adriano \u00c1lvares<\/td><td class=\"has-text-align-center\" data-align=\"center\">30\/11\/21<\/td><td class=\"has-text-align-center\" data-align=\"center\">19:00 \u00e0s 22:30<\/td><\/tr><tr><td class=\"has-text-align-center\" data-align=\"center\">Registro de Im\u00f3veis<\/td><td class=\"has-text-align-center\" data-align=\"center\">Adriano \u00c1lvares<\/td><td class=\"has-text-align-center\" data-align=\"center\">01\/12\/21<\/td><td class=\"has-text-align-center\" data-align=\"center\">19:00 \u00e0s 22:30<\/td><\/tr><tr><td class=\"has-text-align-center\" data-align=\"center\">Registro de Im\u00f3veis<\/td><td class=\"has-text-align-center\" data-align=\"center\">Andrea Schmidt<\/td><td class=\"has-text-align-center\" data-align=\"center\">02\/12\/21<\/td><td class=\"has-text-align-center\" data-align=\"center\">19:00 \u00e0s 22:30<\/td><\/tr><tr><td class=\"has-text-align-center\" data-align=\"center\">Registro de Im\u00f3veis<\/td><td class=\"has-text-align-center\" data-align=\"center\">Andrea Schmidt<\/td><td class=\"has-text-align-center\" data-align=\"center\">03\/12\/21<\/td><td class=\"has-text-align-center\" data-align=\"center\">19:00 \u00e0s 22:30<\/td><\/tr><tr><td class=\"has-text-align-center\" data-align=\"center\">Direito Civil<\/td><td class=\"has-text-align-center\" data-align=\"center\">Paulo Sousa<\/td><td class=\"has-text-align-center\" data-align=\"center\">08\/12\/21<\/td><td class=\"has-text-align-center\" data-align=\"center\">08:30 \u00e0s 12:00<\/td><\/tr><tr><td class=\"has-text-align-center\" data-align=\"center\">Teoria Geral dos Atos Notariais e Registrais<\/td><td class=\"has-text-align-center\" data-align=\"center\">Juliana Chev\u00f4nica<\/td><td class=\"has-text-align-center\" data-align=\"center\">09\/12\/21<\/td><td class=\"has-text-align-center\" data-align=\"center\">19:00 \u00e0s 22:30<\/td><\/tr><tr><td class=\"has-text-align-center\" data-align=\"center\">Registro Civil das Pessoas Naturais<\/td><td class=\"has-text-align-center\" data-align=\"center\">Paloma Berttotti<\/td><td class=\"has-text-align-center\" data-align=\"center\">10\/12\/21<\/td><td class=\"has-text-align-center\" data-align=\"center\">19:00 \u00e0s 22:30<\/td><\/tr><tr><td class=\"has-text-align-center\" data-align=\"center\">Teoria Geral dos Atos Notariais e Registrais<\/td><td class=\"has-text-align-center\" data-align=\"center\">Juliana Chev\u00f4nica<\/td><td class=\"has-text-align-center\" data-align=\"center\">15\/12\/21<\/td><td class=\"has-text-align-center\" data-align=\"center\">19:00 \u00e0s 22:30<\/td><\/tr><tr><td class=\"has-text-align-center\" data-align=\"center\">Tabelionato de Notas<\/td><td class=\"has-text-align-center\" data-align=\"center\">Maria Fernanda Dalmaz<\/td><td class=\"has-text-align-center\" data-align=\"center\">16\/12\/21<\/td><td class=\"has-text-align-center\" data-align=\"center\">19:00 \u00e0s 22:30<\/td><\/tr><tr><td class=\"has-text-align-center\" data-align=\"center\">Registro Civil das Pessoas Naturais<\/td><td class=\"has-text-align-center\" data-align=\"center\">Paloma Berttotti<\/td><td class=\"has-text-align-center\" data-align=\"center\">17\/12\/21<\/td><td class=\"has-text-align-center\" data-align=\"center\">19:00 \u00e0s 22:30<\/td><\/tr><\/tbody><\/table><\/figure>\n\n\n\n<h3 class=\"wp-block-heading\">Cart\u00f3rios do TJSP: curiosidades<\/h3>\n\n\n\n<p>Para ingressar na atividade de Not\u00e1rio ou Registrador \u00e9 necess\u00e1rio ser&nbsp;<strong>bacharel em Direito<\/strong>&nbsp;ou comprovar o&nbsp;<strong>exerc\u00edcio de atividade notarial ou de registro pelo prazo m\u00ednimo de 10 anos.<\/strong><\/p>\n\n\n\n<p>Caso o candidato concorra ao crit\u00e9rio de&nbsp;<strong>remo\u00e7\u00e3o<\/strong>, \u00e9 ainda necess\u00e1rio ser titular de delega\u00e7\u00e3o de servi\u00e7o notarial ou de registro por pelo menos&nbsp;<strong>dois anos<\/strong>.<\/p>\n\n\n\n<p class=\"has-text-align-center has-luminous-vivid-amber-background-color has-background has-medium-font-size\"><strong>Saiba mais: <a href=\"https:\/\/cj.estrategia.com\/portal\/concurso-tj-sp-cartorios\/\" target=\"_blank\" rel=\"noreferrer noopener\">concurso Cart\u00f3rio SP<\/a><\/strong><\/p>\n\n\n\n<h2 class=\"has-text-align-center wp-block-heading\" id=\"h-quer-saber-tudo-sobre-concursos-previstos-confira-nossos-artigos\">Quer saber tudo sobre concursos previstos?<br \/>Confira nossos artigos!<\/h2>\n\n\n\n<ul class=\"wp-block-list\">\n<li><a href=\"https:\/\/www.estrategiaconcursos.com.br\/blog\/concursos-abertos\/\" target=\"_blank\" rel=\"noreferrer noopener\">Concursos abertos<\/a><\/li>\n\n\n\n<li><a href=\"https:\/\/www.estrategiaconcursos.com.br\/blog\/concursos-2023\/\" target=\"_blank\" rel=\"noreferrer noopener\">Concursos 2023<\/a><\/li>\n<\/ul>\n\n\n\n<h2 class=\"has-text-align-center wp-block-heading\" id=\"cursos\">Cart\u00f3rios do TJSP: Cursos <\/h2>\n\n\n\n<div class=\"container\" id=\"boxes\">\n  <div class=\"row\">\n\n    <div class=\"col-sm\">\n      <div class=\"banner-ecj\" id=\"box-assinatura\">\n        <h3 class=\"titulo-assinatura\">Curso para Cart\u00f3rio SP <\/h3>\n        <p class=\"subtitulo-assinatura\">Cursos focados no edital do concurso<\/p>\n        <div class=\"box-botao\">\n          <a class=\"btn-assinatura\" target=\"_blank\" href=\"https:\/\/www.estrategiaconcursos.com.br\/cursosPorConcurso\/promocao-pacote-para-cartorios-do-tj-sp\/\" role=\"button\" rel=\"noopener noreferrer\">Conhe\u00e7a mais<\/a>\n        <\/div>\n      <\/div>\n      <p class=\"texto-auxiliar\">Prepare-se com o melhor material e com quem mais aprova em concursos de Cart\u00f3rios em todo o pa\u00eds. \n<\/p>\n    <\/div>\n\n  <\/div>\n<\/div>\n\n\n\n<div class=\"container\" id=\"boxes\">\n  <div class=\"row\">\n\n    <div class=\"col-sm\">\n      <div class=\"banner-ecj\" id=\"box-assinatura\">\n        <h3 class=\"titulo-assinatura\">Assinatura Jur\u00eddica <\/h3>\n        <p class=\"subtitulo-assinatura\">Conhe\u00e7a os planos<\/p>\n        <div class=\"box-botao\">\n          <a class=\"btn-assinatura\" target=\"_blank\" href=\"https:\/\/www.estrategiaconcursos.com.br\/assinaturas-ecj\/\" role=\"button\" rel=\"noopener noreferrer\">Conhe\u00e7a mais<\/a>\n        <\/div>\n      <\/div>\n      <p class=\"texto-auxiliar\">Prepare-se com o melhor material e com quem mais aprova em Concursos P\u00fablicos em todo o pa\u00eds. \n<\/p>\n    <\/div>\n\n  <\/div>\n<\/div>\n","protected":false},"excerpt":{"rendered":"<p>Desenvolva sua prepara\u00e7\u00e3o para o concurso Cart\u00f3rios do TJSP a partir desta ter\u00e7a-feira, 16 de novembro, com uma aula completa sobre Registro de Im\u00f3veis. Veja abaixo a programa\u00e7\u00e3o completa: Cart\u00f3rios do TJSP: cronograma Disciplina Professor Data Hor\u00e1rio Registro de Im\u00f3veis Gustavo Arruda 16\/11\/21 19:00 \u00e0s 22:30 Tabelionato de Protestos Adriano \u00c1lvares 17\/11\/21 19:00 \u00e0s 22:30 [&hellip;]<\/p>\n","protected":false},"author":1,"featured_media":647966,"comment_status":"open","ping_status":"closed","sticky":false,"template":"","format":"standard","meta":{"post_tipo":"news","footnotes":""},"categories":[1],"tags":[],"tax_estado":[219989],"class_list":["post-909457","post","type-post","status-publish","format-standard","has-post-thumbnail","hentry","category-cursos-e-concursos","tax_estado-sp"],"acf":[],"yoast_head":"<!-- This site is optimized with the Yoast SEO Premium plugin v27.2 (Yoast SEO v27.2) - https:\/\/yoast.com\/product\/yoast-seo-premium-wordpress\/ -->\n<title>Cart\u00f3rios do TJSP: Intensivo para refor\u00e7ar a prepara\u00e7\u00e3o<\/title>\n<meta name=\"description\" content=\"Cart\u00f3rios do TJSP: reforce seus estudos para sele\u00e7\u00e3o. Saiba mais informa\u00e7\u00f5es neste artigo!\" \/>\n<meta name=\"robots\" content=\"index, follow, max-snippet:-1, max-image-preview:large, max-video-preview:-1\" \/>\n<link rel=\"canonical\" href=\"https:\/\/www.estrategiaconcursos.com.br\/blog\/cartorios-do-tjsp-intensivo\/\" \/>\n<meta property=\"og:locale\" content=\"pt_BR\" \/>\n<meta property=\"og:type\" content=\"article\" \/>\n<meta property=\"og:title\" content=\"Cart\u00f3rios do TJSP: Intensivo para refor\u00e7ar a prepara\u00e7\u00e3o\" \/>\n<meta property=\"og:description\" content=\"Cart\u00f3rios do TJSP: reforce seus estudos para sele\u00e7\u00e3o. Saiba mais informa\u00e7\u00f5es neste artigo!\" \/>\n<meta property=\"og:url\" content=\"https:\/\/www.estrategiaconcursos.com.br\/blog\/cartorios-do-tjsp-intensivo\/\" \/>\n<meta property=\"og:site_name\" content=\"Estrat\u00e9gia Concursos\" \/>\n<meta property=\"article:author\" content=\"https:\/\/www.facebook.com\/EstrategiaConcursos\" \/>\n<meta property=\"article:published_time\" content=\"2021-11-16T21:30:00+00:00\" \/>\n<meta property=\"article:modified_time\" content=\"2023-01-31T12:35:06+00:00\" \/>\n<meta property=\"og:image\" content=\"https:\/\/dhg1h5j42swfq.cloudfront.net\/2021\/01\/11172553\/jornalismo_26-04.jpg\" \/>\n\t<meta property=\"og:image:width\" content=\"1200\" \/>\n\t<meta property=\"og:image:height\" content=\"628\" \/>\n\t<meta property=\"og:image:type\" content=\"image\/jpeg\" \/>\n<meta name=\"author\" content=\"Coordena\u00e7\u00e3o\" \/>\n<meta name=\"twitter:card\" content=\"summary_large_image\" \/>\n<meta name=\"twitter:creator\" content=\"@EstratConcursos\" \/>\n<meta name=\"twitter:site\" content=\"@EstratConcursos\" \/>\n<meta name=\"twitter:label1\" content=\"Escrito por\" \/>\n\t<meta name=\"twitter:data1\" content=\"Coordena\u00e7\u00e3o\" \/>\n\t<meta name=\"twitter:label2\" content=\"Est. tempo de leitura\" \/>\n\t<meta name=\"twitter:data2\" content=\"2 minutos\" \/>\n<script type=\"application\/ld+json\" class=\"yoast-schema-graph\">{\"@context\":\"https:\/\/schema.org\",\"@graph\":[{\"@type\":\"NewsArticle\",\"@id\":\"https:\/\/www.estrategiaconcursos.com.br\/blog\/cartorios-do-tjsp-intensivo\/#article\",\"isPartOf\":{\"@id\":\"https:\/\/www.estrategiaconcursos.com.br\/blog\/cartorios-do-tjsp-intensivo\/\"},\"author\":{\"name\":\"Coordena\u00e7\u00e3o\",\"@id\":\"https:\/\/www.estrategiaconcursos.com.br\/blog\/#\/schema\/person\/b4a388c97673c5f483d72185668afa1f\"},\"headline\":\"Cart\u00f3rios do TJSP: Intensivo para refor\u00e7ar a prepara\u00e7\u00e3o\",\"datePublished\":\"2021-11-16T21:30:00+00:00\",\"dateModified\":\"2023-01-31T12:35:06+00:00\",\"mainEntityOfPage\":{\"@id\":\"https:\/\/www.estrategiaconcursos.com.br\/blog\/cartorios-do-tjsp-intensivo\/\"},\"wordCount\":362,\"commentCount\":0,\"publisher\":{\"@id\":\"https:\/\/www.estrategiaconcursos.com.br\/blog\/#organization\"},\"image\":{\"@id\":\"https:\/\/www.estrategiaconcursos.com.br\/blog\/cartorios-do-tjsp-intensivo\/#primaryimage\"},\"thumbnailUrl\":\"https:\/\/dhg1h5j42swfq.cloudfront.net\/2021\/01\/11172553\/jornalismo_26-04.jpg\",\"articleSection\":[\"Concursos P\u00fablicos\"],\"inLanguage\":\"pt-BR\",\"potentialAction\":[{\"@type\":\"CommentAction\",\"name\":\"Comment\",\"target\":[\"https:\/\/www.estrategiaconcursos.com.br\/blog\/cartorios-do-tjsp-intensivo\/#respond\"]}],\"copyrightYear\":\"2021\",\"copyrightHolder\":{\"@id\":\"https:\/\/www.estrategiaconcursos.com.br\/blog\/#organization\"}},{\"@type\":\"WebPage\",\"@id\":\"https:\/\/www.estrategiaconcursos.com.br\/blog\/cartorios-do-tjsp-intensivo\/\",\"url\":\"https:\/\/www.estrategiaconcursos.com.br\/blog\/cartorios-do-tjsp-intensivo\/\",\"name\":\"Cart\u00f3rios do TJSP: Intensivo para refor\u00e7ar a prepara\u00e7\u00e3o\",\"isPartOf\":{\"@id\":\"https:\/\/www.estrategiaconcursos.com.br\/blog\/#website\"},\"primaryImageOfPage\":{\"@id\":\"https:\/\/www.estrategiaconcursos.com.br\/blog\/cartorios-do-tjsp-intensivo\/#primaryimage\"},\"image\":{\"@id\":\"https:\/\/www.estrategiaconcursos.com.br\/blog\/cartorios-do-tjsp-intensivo\/#primaryimage\"},\"thumbnailUrl\":\"https:\/\/dhg1h5j42swfq.cloudfront.net\/2021\/01\/11172553\/jornalismo_26-04.jpg\",\"datePublished\":\"2021-11-16T21:30:00+00:00\",\"dateModified\":\"2023-01-31T12:35:06+00:00\",\"description\":\"Cart\u00f3rios do TJSP: reforce seus estudos para sele\u00e7\u00e3o. Saiba mais informa\u00e7\u00f5es neste artigo!\",\"breadcrumb\":{\"@id\":\"https:\/\/www.estrategiaconcursos.com.br\/blog\/cartorios-do-tjsp-intensivo\/#breadcrumb\"},\"inLanguage\":\"pt-BR\",\"potentialAction\":[{\"@type\":\"ReadAction\",\"target\":[\"https:\/\/www.estrategiaconcursos.com.br\/blog\/cartorios-do-tjsp-intensivo\/\"]}]},{\"@type\":\"ImageObject\",\"inLanguage\":\"pt-BR\",\"@id\":\"https:\/\/www.estrategiaconcursos.com.br\/blog\/cartorios-do-tjsp-intensivo\/#primaryimage\",\"url\":\"https:\/\/dhg1h5j42swfq.cloudfront.net\/2021\/01\/11172553\/jornalismo_26-04.jpg\",\"contentUrl\":\"https:\/\/dhg1h5j42swfq.cloudfront.net\/2021\/01\/11172553\/jornalismo_26-04.jpg\",\"width\":1200,\"height\":628,\"caption\":\"Cart\u00f3rios SP\"},{\"@type\":\"BreadcrumbList\",\"@id\":\"https:\/\/www.estrategiaconcursos.com.br\/blog\/cartorios-do-tjsp-intensivo\/#breadcrumb\",\"itemListElement\":[{\"@type\":\"ListItem\",\"position\":1,\"name\":\"In\u00edcio\",\"item\":\"https:\/\/www.estrategiaconcursos.com.br\/blog\/\"},{\"@type\":\"ListItem\",\"position\":2,\"name\":\"Cart\u00f3rios do TJSP: Intensivo para refor\u00e7ar a prepara\u00e7\u00e3o\"}]},{\"@type\":\"WebSite\",\"@id\":\"https:\/\/www.estrategiaconcursos.com.br\/blog\/#website\",\"url\":\"https:\/\/www.estrategiaconcursos.com.br\/blog\/\",\"name\":\"Estrat\u00e9gia Concursos\",\"description\":\"O blog da Estrat\u00e9gia Concursos traz not\u00edcias sobre concursos e artigos de professores oferecendo cursos para concursos (pdf + videaulas) no site.\",\"publisher\":{\"@id\":\"https:\/\/www.estrategiaconcursos.com.br\/blog\/#organization\"},\"potentialAction\":[{\"@type\":\"SearchAction\",\"target\":{\"@type\":\"EntryPoint\",\"urlTemplate\":\"https:\/\/www.estrategiaconcursos.com.br\/blog\/?s={search_term_string}\"},\"query-input\":{\"@type\":\"PropertyValueSpecification\",\"valueRequired\":true,\"valueName\":\"search_term_string\"}}],\"inLanguage\":\"pt-BR\"},{\"@type\":\"Organization\",\"@id\":\"https:\/\/www.estrategiaconcursos.com.br\/blog\/#organization\",\"name\":\"Estrat\u00e9gia Concursos\",\"url\":\"https:\/\/www.estrategiaconcursos.com.br\/blog\/\",\"logo\":{\"@type\":\"ImageObject\",\"inLanguage\":\"pt-BR\",\"@id\":\"https:\/\/www.estrategiaconcursos.com.br\/blog\/#\/schema\/logo\/image\/\",\"url\":\"https:\/\/dhg1h5j42swfq.cloudfront.net\/2025\/06\/03203428\/logo_concursos-1.jpg\",\"contentUrl\":\"https:\/\/dhg1h5j42swfq.cloudfront.net\/2025\/06\/03203428\/logo_concursos-1.jpg\",\"width\":230,\"height\":60,\"caption\":\"Estrat\u00e9gia Concursos\"},\"image\":{\"@id\":\"https:\/\/www.estrategiaconcursos.com.br\/blog\/#\/schema\/logo\/image\/\"},\"sameAs\":[\"https:\/\/x.com\/EstratConcursos\"]},{\"@type\":\"Person\",\"@id\":\"https:\/\/www.estrategiaconcursos.com.br\/blog\/#\/schema\/person\/b4a388c97673c5f483d72185668afa1f\",\"name\":\"Coordena\u00e7\u00e3o\",\"image\":{\"@type\":\"ImageObject\",\"inLanguage\":\"pt-BR\",\"@id\":\"https:\/\/secure.gravatar.com\/avatar\/b720319e4c9a967eb58678d110f4fe35452fc5d5f97b202bac7b8acceb18c6ad?s=96&d=mm&r=g\",\"url\":\"https:\/\/secure.gravatar.com\/avatar\/b720319e4c9a967eb58678d110f4fe35452fc5d5f97b202bac7b8acceb18c6ad?s=96&d=mm&r=g\",\"contentUrl\":\"https:\/\/secure.gravatar.com\/avatar\/b720319e4c9a967eb58678d110f4fe35452fc5d5f97b202bac7b8acceb18c6ad?s=96&d=mm&r=g\",\"caption\":\"Coordena\u00e7\u00e3o\"},\"sameAs\":[\"https:\/\/www.facebook.com\/EstrategiaConcursos\",\"https:\/\/x.com\/EstratConcursos\"],\"url\":\"https:\/\/www.estrategiaconcursos.com.br\/blog\/author\/estrategia2013\/\"}]}<\/script>\n<!-- \/ Yoast SEO Premium plugin. -->","yoast_head_json":{"title":"Cart\u00f3rios do TJSP: Intensivo para refor\u00e7ar a prepara\u00e7\u00e3o","description":"Cart\u00f3rios do TJSP: reforce seus estudos para sele\u00e7\u00e3o. Saiba mais informa\u00e7\u00f5es neste artigo!","robots":{"index":"index","follow":"follow","max-snippet":"max-snippet:-1","max-image-preview":"max-image-preview:large","max-video-preview":"max-video-preview:-1"},"canonical":"https:\/\/www.estrategiaconcursos.com.br\/blog\/cartorios-do-tjsp-intensivo\/","og_locale":"pt_BR","og_type":"article","og_title":"Cart\u00f3rios do TJSP: Intensivo para refor\u00e7ar a prepara\u00e7\u00e3o","og_description":"Cart\u00f3rios do TJSP: reforce seus estudos para sele\u00e7\u00e3o. Saiba mais informa\u00e7\u00f5es neste artigo!","og_url":"https:\/\/www.estrategiaconcursos.com.br\/blog\/cartorios-do-tjsp-intensivo\/","og_site_name":"Estrat\u00e9gia Concursos","article_author":"https:\/\/www.facebook.com\/EstrategiaConcursos","article_published_time":"2021-11-16T21:30:00+00:00","article_modified_time":"2023-01-31T12:35:06+00:00","og_image":[{"width":1200,"height":628,"url":"https:\/\/dhg1h5j42swfq.cloudfront.net\/2021\/01\/11172553\/jornalismo_26-04.jpg","type":"image\/jpeg"}],"author":"Coordena\u00e7\u00e3o","twitter_card":"summary_large_image","twitter_creator":"@EstratConcursos","twitter_site":"@EstratConcursos","twitter_misc":{"Escrito por":"Coordena\u00e7\u00e3o","Est. tempo de leitura":"2 minutos"},"schema":{"@context":"https:\/\/schema.org","@graph":[{"@type":"NewsArticle","@id":"https:\/\/www.estrategiaconcursos.com.br\/blog\/cartorios-do-tjsp-intensivo\/#article","isPartOf":{"@id":"https:\/\/www.estrategiaconcursos.com.br\/blog\/cartorios-do-tjsp-intensivo\/"},"author":{"name":"Coordena\u00e7\u00e3o","@id":"https:\/\/www.estrategiaconcursos.com.br\/blog\/#\/schema\/person\/b4a388c97673c5f483d72185668afa1f"},"headline":"Cart\u00f3rios do TJSP: Intensivo para refor\u00e7ar a prepara\u00e7\u00e3o","datePublished":"2021-11-16T21:30:00+00:00","dateModified":"2023-01-31T12:35:06+00:00","mainEntityOfPage":{"@id":"https:\/\/www.estrategiaconcursos.com.br\/blog\/cartorios-do-tjsp-intensivo\/"},"wordCount":362,"commentCount":0,"publisher":{"@id":"https:\/\/www.estrategiaconcursos.com.br\/blog\/#organization"},"image":{"@id":"https:\/\/www.estrategiaconcursos.com.br\/blog\/cartorios-do-tjsp-intensivo\/#primaryimage"},"thumbnailUrl":"https:\/\/dhg1h5j42swfq.cloudfront.net\/2021\/01\/11172553\/jornalismo_26-04.jpg","articleSection":["Concursos P\u00fablicos"],"inLanguage":"pt-BR","potentialAction":[{"@type":"CommentAction","name":"Comment","target":["https:\/\/www.estrategiaconcursos.com.br\/blog\/cartorios-do-tjsp-intensivo\/#respond"]}],"copyrightYear":"2021","copyrightHolder":{"@id":"https:\/\/www.estrategiaconcursos.com.br\/blog\/#organization"}},{"@type":"WebPage","@id":"https:\/\/www.estrategiaconcursos.com.br\/blog\/cartorios-do-tjsp-intensivo\/","url":"https:\/\/www.estrategiaconcursos.com.br\/blog\/cartorios-do-tjsp-intensivo\/","name":"Cart\u00f3rios do TJSP: Intensivo para refor\u00e7ar a prepara\u00e7\u00e3o","isPartOf":{"@id":"https:\/\/www.estrategiaconcursos.com.br\/blog\/#website"},"primaryImageOfPage":{"@id":"https:\/\/www.estrategiaconcursos.com.br\/blog\/cartorios-do-tjsp-intensivo\/#primaryimage"},"image":{"@id":"https:\/\/www.estrategiaconcursos.com.br\/blog\/cartorios-do-tjsp-intensivo\/#primaryimage"},"thumbnailUrl":"https:\/\/dhg1h5j42swfq.cloudfront.net\/2021\/01\/11172553\/jornalismo_26-04.jpg","datePublished":"2021-11-16T21:30:00+00:00","dateModified":"2023-01-31T12:35:06+00:00","description":"Cart\u00f3rios do TJSP: reforce seus estudos para sele\u00e7\u00e3o. Saiba mais informa\u00e7\u00f5es neste artigo!","breadcrumb":{"@id":"https:\/\/www.estrategiaconcursos.com.br\/blog\/cartorios-do-tjsp-intensivo\/#breadcrumb"},"inLanguage":"pt-BR","potentialAction":[{"@type":"ReadAction","target":["https:\/\/www.estrategiaconcursos.com.br\/blog\/cartorios-do-tjsp-intensivo\/"]}]},{"@type":"ImageObject","inLanguage":"pt-BR","@id":"https:\/\/www.estrategiaconcursos.com.br\/blog\/cartorios-do-tjsp-intensivo\/#primaryimage","url":"https:\/\/dhg1h5j42swfq.cloudfront.net\/2021\/01\/11172553\/jornalismo_26-04.jpg","contentUrl":"https:\/\/dhg1h5j42swfq.cloudfront.net\/2021\/01\/11172553\/jornalismo_26-04.jpg","width":1200,"height":628,"caption":"Cart\u00f3rios SP"},{"@type":"BreadcrumbList","@id":"https:\/\/www.estrategiaconcursos.com.br\/blog\/cartorios-do-tjsp-intensivo\/#breadcrumb","itemListElement":[{"@type":"ListItem","position":1,"name":"In\u00edcio","item":"https:\/\/www.estrategiaconcursos.com.br\/blog\/"},{"@type":"ListItem","position":2,"name":"Cart\u00f3rios do TJSP: Intensivo para refor\u00e7ar a prepara\u00e7\u00e3o"}]},{"@type":"WebSite","@id":"https:\/\/www.estrategiaconcursos.com.br\/blog\/#website","url":"https:\/\/www.estrategiaconcursos.com.br\/blog\/","name":"Estrat\u00e9gia Concursos","description":"O blog da Estrat\u00e9gia Concursos traz not\u00edcias sobre concursos e artigos de professores oferecendo cursos para concursos (pdf + videaulas) no site.","publisher":{"@id":"https:\/\/www.estrategiaconcursos.com.br\/blog\/#organization"},"potentialAction":[{"@type":"SearchAction","target":{"@type":"EntryPoint","urlTemplate":"https:\/\/www.estrategiaconcursos.com.br\/blog\/?s={search_term_string}"},"query-input":{"@type":"PropertyValueSpecification","valueRequired":true,"valueName":"search_term_string"}}],"inLanguage":"pt-BR"},{"@type":"Organization","@id":"https:\/\/www.estrategiaconcursos.com.br\/blog\/#organization","name":"Estrat\u00e9gia Concursos","url":"https:\/\/www.estrategiaconcursos.com.br\/blog\/","logo":{"@type":"ImageObject","inLanguage":"pt-BR","@id":"https:\/\/www.estrategiaconcursos.com.br\/blog\/#\/schema\/logo\/image\/","url":"https:\/\/dhg1h5j42swfq.cloudfront.net\/2025\/06\/03203428\/logo_concursos-1.jpg","contentUrl":"https:\/\/dhg1h5j42swfq.cloudfront.net\/2025\/06\/03203428\/logo_concursos-1.jpg","width":230,"height":60,"caption":"Estrat\u00e9gia Concursos"},"image":{"@id":"https:\/\/www.estrategiaconcursos.com.br\/blog\/#\/schema\/logo\/image\/"},"sameAs":["https:\/\/x.com\/EstratConcursos"]},{"@type":"Person","@id":"https:\/\/www.estrategiaconcursos.com.br\/blog\/#\/schema\/person\/b4a388c97673c5f483d72185668afa1f","name":"Coordena\u00e7\u00e3o","image":{"@type":"ImageObject","inLanguage":"pt-BR","@id":"https:\/\/secure.gravatar.com\/avatar\/b720319e4c9a967eb58678d110f4fe35452fc5d5f97b202bac7b8acceb18c6ad?s=96&d=mm&r=g","url":"https:\/\/secure.gravatar.com\/avatar\/b720319e4c9a967eb58678d110f4fe35452fc5d5f97b202bac7b8acceb18c6ad?s=96&d=mm&r=g","contentUrl":"https:\/\/secure.gravatar.com\/avatar\/b720319e4c9a967eb58678d110f4fe35452fc5d5f97b202bac7b8acceb18c6ad?s=96&d=mm&r=g","caption":"Coordena\u00e7\u00e3o"},"sameAs":["https:\/\/www.facebook.com\/EstrategiaConcursos","https:\/\/x.com\/EstratConcursos"],"url":"https:\/\/www.estrategiaconcursos.com.br\/blog\/author\/estrategia2013\/"}]}},"_links":{"self":[{"href":"https:\/\/www.estrategiaconcursos.com.br\/blog\/wp-json\/wp\/v2\/posts\/909457","targetHints":{"allow":["GET"]}}],"collection":[{"href":"https:\/\/www.estrategiaconcursos.com.br\/blog\/wp-json\/wp\/v2\/posts"}],"about":[{"href":"https:\/\/www.estrategiaconcursos.com.br\/blog\/wp-json\/wp\/v2\/types\/post"}],"author":[{"embeddable":true,"href":"https:\/\/www.estrategiaconcursos.com.br\/blog\/wp-json\/wp\/v2\/users\/1"}],"replies":[{"embeddable":true,"href":"https:\/\/www.estrategiaconcursos.com.br\/blog\/wp-json\/wp\/v2\/comments?post=909457"}],"version-history":[{"count":7,"href":"https:\/\/www.estrategiaconcursos.com.br\/blog\/wp-json\/wp\/v2\/posts\/909457\/revisions"}],"predecessor-version":[{"id":1161659,"href":"https:\/\/www.estrategiaconcursos.com.br\/blog\/wp-json\/wp\/v2\/posts\/909457\/revisions\/1161659"}],"wp:featuredmedia":[{"embeddable":true,"href":"https:\/\/www.estrategiaconcursos.com.br\/blog\/wp-json\/wp\/v2\/media\/647966"}],"wp:attachment":[{"href":"https:\/\/www.estrategiaconcursos.com.br\/blog\/wp-json\/wp\/v2\/media?parent=909457"}],"wp:term":[{"taxonomy":"category","embeddable":true,"href":"https:\/\/www.estrategiaconcursos.com.br\/blog\/wp-json\/wp\/v2\/categories?post=909457"},{"taxonomy":"post_tag","embeddable":true,"href":"https:\/\/www.estrategiaconcursos.com.br\/blog\/wp-json\/wp\/v2\/tags?post=909457"},{"taxonomy":"tax_estado","embeddable":true,"href":"https:\/\/www.estrategiaconcursos.com.br\/blog\/wp-json\/wp\/v2\/tax_estado?post=909457"}],"curies":[{"name":"wp","href":"https:\/\/api.w.org\/{rel}","templated":true}]}}