{"id":908734,"date":"2021-11-25T08:35:00","date_gmt":"2021-11-25T11:35:00","guid":{"rendered":"https:\/\/www.estrategiaconcursos.com.br\/blog\/?p=908734"},"modified":"2021-11-25T18:17:03","modified_gmt":"2021-11-25T21:17:03","slug":"pmsp-soldado-topicos-importantes-sobre-a-colocacao-pronominal","status":"publish","type":"post","link":"https:\/\/www.estrategiaconcursos.com.br\/blog\/pmsp-soldado-topicos-importantes-sobre-a-colocacao-pronominal\/","title":{"rendered":"PMSP &#8211; Soldado: t\u00f3picos importantes sobre a coloca\u00e7\u00e3o pronominal"},"content":{"rendered":"\n<p><em>Aprenda as principais regras de coloca\u00e7\u00e3o pronominal (pr\u00f3clise, mes\u00f3clise e \u00eanclise) para se sair bem na prova da PMSP para o cargo de Soldado<\/em><\/p>\n\n\n\n<p><\/p>\n\n\n\n<p>Ol\u00e1, queridos, tudo bem?<\/p>\n\n\n\n<p><\/p>\n\n\n\n<p>Est\u00e3o abertas as inscri\u00e7\u00f5es para o concurso p\u00fablico da PMSP para o cargo de Soldado PM de 2\u00aa Classe do Quadro de Pra\u00e7as de Pol\u00edcia Militar (QPPM). \u00c9 poss\u00edvel realizar a candidatura, at\u00e9 08 de dezembro, pelo site da <strong><a href=\"https:\/\/www.vunesp.com.br\/?b=concurso\">Vunesp<\/a><\/strong>, a banca examinadora. Este texto pretende ajudar voc\u00ea a compreender os t\u00f3picos importantes sobre a coloca\u00e7\u00e3o pronominal e que fazem parte do conte\u00fado do edital de L\u00edngua Portuguesa.<\/p>\n\n\n\n<figure class=\"wp-block-image size-full\"><img loading=\"lazy\" decoding=\"async\" width=\"839\" height=\"418\" src=\"https:\/\/dhg1h5j42swfq.cloudfront.net\/2021\/11\/14150552\/pmspsoldado.png\" alt=\"como estudar os t\u00f3picos importantes sobre coloca\u00e7\u00e3o pronominal\n\" class=\"wp-image-908756\" srcset=\"https:\/\/dhg1h5j42swfq.cloudfront.net\/2021\/11\/14150552\/pmspsoldado.png 839w, https:\/\/dhg1h5j42swfq.cloudfront.net\/2021\/11\/14150552\/pmspsoldado-300x149.png 300w, https:\/\/dhg1h5j42swfq.cloudfront.net\/2021\/11\/14150552\/pmspsoldado-768x383.png 768w, https:\/\/dhg1h5j42swfq.cloudfront.net\/2021\/11\/14150552\/pmspsoldado-610x304.png 610w\" sizes=\"auto, (max-width: 839px) 100vw, 839px\" \/><\/figure>\n\n\n\n<h2 class=\"wp-block-heading\" id=\"h-do-que-se-trata-a-coloca-o-na-l-ngua-portuguesa\">Do que se trata a \u201ccoloca\u00e7\u00e3o\u201d na L\u00edngua Portuguesa?<\/h2>\n\n\n\n<p>Na sintaxe, entende-se como \u201ccoloca\u00e7\u00e3o\u201d a ordem em que as palavras s\u00e3o concatenadas na frase ou senten\u00e7a, isto \u00e9, como aparecem os termos dentro de uma ora\u00e7\u00e3o ou de ora\u00e7\u00f5es dentro do per\u00edodo. Na quest\u00e3o pronominal, existem regras que interferem na posi\u00e7\u00e3o em que os pronomes aparecerem na frase. Eles podem vir antes, no meio ou depois dos verbos que preveem, respectivamente, os casos de <strong>pr\u00f3clise<\/strong>, <strong>mes\u00f3clise<\/strong> e <strong>\u00eanclise<\/strong>.<\/p>\n\n\n\n<h2 class=\"wp-block-heading\" id=\"h-as-principais-regras-sobre-a-coloca-o-pronominal-que-podem-vir-na-prova-da-pmsp-soldado\">As principais regras sobre a coloca\u00e7\u00e3o pronominal que podem vir na prova da PMSP &#8211; Soldado<\/h2>\n\n\n\n<p><\/p>\n\n\n\n<p>Nesta se\u00e7\u00e3o, pretende-se apresentar 6 (seis) regras valiosas que comp\u00f5em os estudos sobre a coloca\u00e7\u00e3o pronominal. 3 (tr\u00eas) delas referem-se a casos de pr\u00f3clise, 1 (uma), de mes\u00f3clise e, 2 (duas), de \u00eanclise.<\/p>\n\n\n\n<p><\/p>\n\n\n\n<h3 class=\"wp-block-heading\" id=\"h-1-n-o-se-inicia-per-odo-por-pronome-obl-quo-tono-um-caso-de-nclise\">1. N\u00e3o se inicia per\u00edodo por pronome obl\u00edquo \u00e1tono: um caso de \u00eanclise <\/h3>\n\n\n\n<p>O que isso quer dizer? Primeiro, saiba que os pronomes obl\u00edquos \u00e1tonos s\u00e3o representados por <em>me, te, se, o, a, lhe, nos, vos, se, os, as, lhes<\/em>. Conhecendo isso, passamos \u00e0 reflex\u00e3o desses pronomes em rela\u00e7\u00e3o ao verbo.<\/p>\n\n\n\n<figure class=\"wp-block-table\"><table><tbody><tr><td>1\u00aa pessoa do singular &nbsp;<\/td><td>me<\/td><\/tr><tr><td>2\u00aa pessoa do singular &nbsp;<\/td><td>&nbsp;te<\/td><\/tr><tr><td>3\u00aa pessoa do singular &nbsp;<\/td><td>se, o, a, lhe<\/td><\/tr><tr><td>1\u00aa pessoa do plural &nbsp;<\/td><td>nos<\/td><\/tr><tr><td>2\u00aa pessoa do plural &nbsp;<\/td><td>vos<\/td><\/tr><tr><td>3\u00aa pessoa do plural &nbsp;<\/td><td>se, os, as, lhes &nbsp;<\/td><\/tr><\/tbody><\/table><figcaption>As pessoas do discurso e os seus respectivos pronomes obl\u00edquos \u00e1tonos<\/figcaption><\/figure>\n\n\n\n<p>Neste t\u00f3pico, h\u00e1 um contraponto entre a fala e a escrita. Em geral, empregamos <strong>na fala<\/strong> apenas <strong>a pr\u00f3clise<\/strong>, mas isso, <strong>para a gram\u00e1tica <em>tradicional<\/em><\/strong>, \u00e9 inaceit\u00e1vel, devendo-se utilizar <strong>a \u00eanclise<\/strong>. Como esta nos interessa para as provas, entenda que em in\u00edcio de frase\/per\u00edodo\/senten\u00e7a, essa lista de pronomes \u00e1tonos n\u00e3o podem ocorrer. Veja o exemplo retirado da Moderna Gram\u00e1tica Portuguesa, de Evanildo Bechara (2009, p. 490).<\/p>\n\n\n\n<p>\u201cSentei-<em>me<\/em>, enquanto Virg\u00edlia, calada, fazia estalar as unhas\u201d [MA. 1, 125].<\/p>\n\n\n\n<p>Perceba que na l\u00edngua falada, utilizamos \u201c<em>me*<\/em> sentei, enquanto Virg\u00edlia&#8230;\u201d, concorda? No entanto, considera-se essa escrita como agramatical (eis o motivo do asterisco, ok?), na medida em que desobedece \u00e0 regra deste t\u00f3pico. Assim, atente-se ao pronome obl\u00edquo \u00e1tono e a sua posi\u00e7\u00e3o em rela\u00e7\u00e3o ao verbo que o acompanha. Em outras palavras, esse pronome dever\u00e1 aparecer, nesse sentido, sempre ap\u00f3s o verbo. Cabe ressaltar, contudo, que h\u00e1 casos em que o pronome ocupar\u00e1 a posi\u00e7\u00e3o de pr\u00f3clise, como na pr\u00f3xima se\u00e7\u00e3o.<\/p>\n\n\n\n<p><\/p>\n\n\n\n<h3 class=\"wp-block-heading\" id=\"h-2-os-adv-rbios-e-as-palavras-com-sentido-negativo-o-dever-de-uso-da-pr-clise\">2. Os adv\u00e9rbios e as palavras com <em>sentido<\/em> negativo: o dever de uso da pr\u00f3clise<\/h3>\n\n\n\n<p>Na L\u00edngua Portuguesa, algumas palavras s\u00e3o consideradas \u201catrativas de pronomes\u201d, frequentemente, elas est\u00e3o contidas na classe dos adv\u00e9rbios e palavras que indiquem nega\u00e7\u00e3o. Nesse sentido, n\u00e3o se pode pospor pronome \u00e1tono a verbo modificado diretamente por adv\u00e9rbio ou precedido de palavra de sentido negativo.<\/p>\n\n\n\n<p>Estes 03 (tr\u00eas) exemplos, retirados da Moderna Gram\u00e1tica Portuguesa, de Evanildo Bechara (2009, p. 491), ilustram o conceito explicitado:<\/p>\n\n\n\n<p>&nbsp;\u201c<strong>N\u00e3o<\/strong> <em>me<\/em> parece; acho os versos perfeitos\u201d [MA. 1, 69].<\/p>\n\n\n\n<p><strong>Sempre<\/strong> <em>me<\/em> recebiam bem.<\/p>\n\n\n\n<p><strong>Ningu\u00e9m<\/strong> <em>lhe<\/em> disse a verdade.<\/p>\n\n\n\n<p>Neste t\u00f3pico, cabe ressaltar que, por palavra de <em>sentido<\/em> negativo, entende-se, n\u00e3o s\u00f3 a palavra \u201cn\u00e3o\u201d, mas todas as outras que expressam ideia de obje\u00e7\u00e3o, contrariedade ou nega\u00e7\u00e3o. Nesse grupo, incluem-se: <em>nem<\/em>, <em>nenhum<\/em>, <em>nada<\/em>, <em>jamais<\/em>, <em>nunca<\/em>, <em>ningu\u00e9m<\/em>. Esse tipo de observa\u00e7\u00e3o \u00e9 importante e pode ser cobrado na prova da PMSP \u2013 Soldado.<\/p>\n\n\n\n<p><\/p>\n\n\n\n<h3 class=\"wp-block-heading\" id=\"h-3-o-uso-do-ger-ndio-em-ora-es-reduzidas-um-caso-de-nclise\">3. O uso do ger\u00fandio em ora\u00e7\u00f5es reduzidas: um caso de \u00eanclise<\/h3>\n\n\n\n<p>Quando o verbo estiver no <strong>ger\u00fandio<\/strong>, isso significa que ele aparecer\u00e1 com a termina\u00e7\u00e3o \u2013<em>ndo<\/em>. Nesse caso, deve-se usar o pronome depois do verbo, isto \u00e9, ocorre-se <strong>um caso de \u00eanclise<\/strong>. Rocha Lima (2020) traz os seguintes exemplos:<\/p>\n\n\n\n<p>Cumprimentou os presentes, <strong>retirando<\/strong>&#8211;<em>se<\/em> mudo como entrara.<\/p>\n\n\n\n<p>O professor entregou o pr\u00eamio ao filho, <strong>abra\u00e7ando<\/strong>&#8211;<em>o<\/em> com emo\u00e7\u00e3o.<\/p>\n\n\n\n<p>Quanto a esse t\u00f3pico, existem duas observa\u00e7\u00f5es importantes a serem feitas que modificam o cen\u00e1rio exposto acima. H\u00e1 duas exce\u00e7\u00f5es \u00e0 regra do ger\u00fandio, isto \u00e9, apesar de existir o verbo no ger\u00fandio, ser\u00e1 obrigat\u00f3ria a <em>pr\u00f3clise<\/em>. Assim, utiliza-se o pronome antes do verbo em constru\u00e7\u00f5es de ora\u00e7\u00f5es subordinadas gerundivas quando:<\/p>\n\n\n\n<ul class=\"wp-block-list\"><li>Vier precedido de preposi\u00e7\u00e3o expletiva \u2013<em>em<\/em>:<\/li><\/ul>\n\n\n\n<p><strong>Em<\/strong> <em>se<\/em> tratando de um caso urgente, nada o retinha em casa (CEGALLA, 2008, p. 542)<\/p>\n\n\n\n<ul class=\"wp-block-list\"><li>For modificado por adv\u00e9rbio:<\/li><\/ul>\n\n\n\n<p><strong>N\u00e3o<\/strong> <em>nos<\/em> provando essa grave den\u00fancia, a testemunha ser\u00e1 processada. (ROCHA LIMA, 2020, p. 547)<\/p>\n\n\n\n<p><\/p>\n\n\n\n<h3 class=\"wp-block-heading\" id=\"h-4-o-uso-dos-pronomes-ou-adv-rbios-interrogativos-em-ora-es-interrogativas-caso-obrigat-rio-de-pr-clise\">4. O uso dos pronomes ou adv\u00e9rbios interrogativos em ora\u00e7\u00f5es interrogativas: caso obrigat\u00f3rio de pr\u00f3clise<\/h3>\n\n\n\n<p>N\u00e3o \u00e9 dif\u00edcil aplicar esta regra, visto que, comumente, conhecemos os <strong>pronomes<\/strong> e os <strong>adv\u00e9rbios<\/strong> <strong>interrogativos<\/strong>, porque os usamos com certa frequ\u00eancia no cotidiano. Nesse sentido, por se aproximar da fala, os alunos tendem a reconhecer essa regra com mais facilidade, o que n\u00e3o significa que n\u00e3o estejam presentes nas provas, tal como pode aparecer na \u201cPMSP &#8211; Soldado: t\u00f3picos importantes sobre a coloca\u00e7\u00e3o pronominal\u201d.<\/p>\n\n\n\n<p>Veja esta lista que cont\u00e9m pronomes e adv\u00e9rbios interrogativos comuns em provas: <em>por que<\/em>, <em>como<\/em>, <em>quando<\/em>, <em>que<\/em>, <em>onde<\/em>, <em>quando<\/em>,<em> quem<\/em>, <em>acaso<\/em>.&nbsp; Portanto, havendo a ocorr\u00eancia de uma dessas palavras no in\u00edcio da frase, aplica-se a pr\u00f3clise. Rocha Lima (2020, p. 545) ilustra, em sua Gram\u00e1tica Normativa da L\u00edngua Portuguesa com estes exemplos:<\/p>\n\n\n\n<p><strong>Quem<\/strong> <em>o<\/em> obrigou a sair?<\/p>\n\n\n\n<p><strong>Por que <\/strong><em>te<\/em> afliges tanto?<\/p>\n\n\n\n<p><\/p>\n\n\n\n<h3 class=\"wp-block-heading\" id=\"h-5-o-uso-do-verbo-no-partic-pio-caso-de-pr-clise\">5. O uso do verbo no partic\u00edpio: caso de pr\u00f3clise<\/h3>\n\n\n\n<p>Quanto \u00e0 parte do edital da prova da PMSP &#8211; Soldado: t\u00f3picos importantes sobre a coloca\u00e7\u00e3o pronominal, cabe ressaltar o uso do verbo no partic\u00edpio. Esse, em sua forma regular, aparece com as termina\u00e7\u00f5es \u2013<em>ado<\/em>, \u2013<em>ido<\/em>. Em casos de ocorr\u00eancia do partic\u00edpio, imp\u00f5e-se a pr\u00f3clise. Uma dica para guardar essa regra \u00e9 a letra inicial <em>P <\/em>em ambas (P-artic\u00edpio pede P-r\u00f3clise), ok?<\/p>\n\n\n\n<p>Por exemplo:<\/p>\n\n\n\n<p>Eu tinha<em>-lhe <\/em>falado sobre o andamento do processo ontem \u00e0 noite.<\/p>\n\n\n\n<p><\/p>\n\n\n\n<h3 class=\"wp-block-heading\" id=\"h-6-o-verbo-no-futuro-do-pret-rito-e-do-presente-um-caso-cl-ssico-de-mes-clise-nos-t-picos-importantes-sobre-a-coloca-o-pronominal\">6. O verbo no futuro do pret\u00e9rito e do presente: um caso cl\u00e1ssico de mes\u00f3clise nos t\u00f3picos importantes sobre a coloca\u00e7\u00e3o pronominal <\/h3>\n\n\n\n<p>Conforme Cegalla (2008), intercalam-se as varia\u00e7\u00f5es pronominais \u00e1tonas nos casos em que o verbo estiver no futuro do pret\u00e9rito ou do presente. Veja este fluxograma:<\/p>\n\n\n\n<div class=\"wp-block-image\"><figure class=\"aligncenter size-full\"><img loading=\"lazy\" decoding=\"async\" width=\"600\" height=\"287\" src=\"https:\/\/dhg1h5j42swfq.cloudfront.net\/2021\/11\/14150126\/tabelafuturo.png\" alt=\"como estudar os t\u00f3picos sobre coloca\u00e7\u00e3o pronominal\" class=\"wp-image-908748\" srcset=\"https:\/\/dhg1h5j42swfq.cloudfront.net\/2021\/11\/14150126\/tabelafuturo.png 600w, https:\/\/dhg1h5j42swfq.cloudfront.net\/2021\/11\/14150126\/tabelafuturo-300x144.png 300w\" sizes=\"auto, (max-width: 600px) 100vw, 600px\" \/><figcaption> Fluxograma do modo indicativo e seus respectivos tempos verbais <\/figcaption><\/figure><\/div>\n\n\n\n<p>Nesta se\u00e7\u00e3o, referimo-nos ao <em>modo<\/em> indicativo e ao <em>tempo<\/em> futuro (do presente ou do pret\u00e9rito). Temos, assim, exemplos, que atuam, respectivamente, como ilustradores do que foi mencionado:<\/p>\n\n\n\n<p><em>Realizar-se-\u00e1<\/em>, em maio, uma reuni\u00e3o de prefeitos. (CEGALLA, 2008, p. 541)<\/p>\n\n\n\n<p>Por este processo, <em>ter-se-iam<\/em> obtido melhores resultados. (CEGALLA, 2008, p. 541)<\/p>\n\n\n\n<p>Nesses exemplos, as formas \u201crealizar-se-\u00e1\u201d e \u201cter-se-iam\u201d aparecem em mes\u00f3clise, por indicarem, respectivamente, o futuro do presente (sin\u00f4nimo de <em>ser\u00e1 realizada<\/em>) e o futuro do pret\u00e9rito (sin\u00f4nimo de <em>teriam<\/em>). Cabe ressaltar, contudo, que se houver palavra atrativa, imp\u00f5e-se a pr\u00f3clise, isto \u00e9, o pronome vem antes do verbo, est\u00e1 bem?<\/p>\n\n\n\n<p><\/p>\n\n\n\n<h2 class=\"wp-block-heading\" id=\"h-como-revisar-os-t-picos-importantes-sobre-a-coloca-o-pronominal-para-pmsp-soldado\">Como revisar os t\u00f3picos importantes sobre a coloca\u00e7\u00e3o pronominal para PMSP &#8211; Soldado<\/h2>\n\n\n\n<p>Diante de tudo isso que foi exposto, n\u00e3o deixe de revisar essas 6 (seis) regras principais sobre o assunto da coloca\u00e7\u00e3o pronominal. Esse \u00e9 um t\u00f3pico recorrente em provas, portanto, fique de olho na revis\u00e3o deste tema.<\/p>\n\n\n\n<p><strong>Casos de pr\u00f3clise:<\/strong><\/p>\n\n\n\n<ul class=\"wp-block-list\"><li>Os adv\u00e9rbios e as palavras com <em>sentido<\/em> negativo;<\/li><li>O uso dos pronomes ou adv\u00e9rbios interrogativos em ora\u00e7\u00f5es interrogativas;<\/li><li>O uso do verbo no partic\u00edpio.<\/li><\/ul>\n\n\n\n<p><strong>Casos de \u00eanclise:<\/strong><\/p>\n\n\n\n<ul class=\"wp-block-list\"><li>N\u00e3o se inicia per\u00edodo por pronome obl\u00edquo \u00e1tono;<\/li><li>O uso do ger\u00fandio em ora\u00e7\u00f5es reduzidas.<\/li><\/ul>\n\n\n\n<p><strong>Caso de mes\u00f3clise:<\/strong><\/p>\n\n\n\n<ul class=\"wp-block-list\"><li>O verbo no futuro do pret\u00e9rito e do presente.<\/li><\/ul>\n\n\n\n<p>Neste texto, esperamos ter ajudado voc\u00ea a compreender melhor as regras para os casos de pr\u00f3clise, mes\u00f3clise e \u00eanclise. Conhe\u00e7a os cursos oferecidos pelo <a href=\"https:\/\/www.estrategiaconcursos.com.br\/cursosPorConcurso\/policia-militar-de-sao-paulo-pm-sp\/\">Estrat\u00e9gia Concursos<\/a> que orientam voc\u00ea rumo \u00e0 aprova\u00e7\u00e3o.<\/p>\n\n\n\n<p>Um abra\u00e7o,<\/p>\n\n\n\n<p>Igor Alc\u00e2ntara.<\/p>\n\n\n\n<p><\/p>\n\n\n\n<h2 class=\"has-text-align-center wp-block-heading\" id=\"h-quer-saber-tudo-sobre-concursos-previstos-confira-nossos-artigos\">Quer saber tudo sobre concursos previstos?<br \/>Confira nossos artigos!<\/h2>\n\n\n\n<ul class=\"wp-block-list\"><li><a href=\"https:\/\/www.estrategiaconcursos.com.br\/blog\/concursos-abertos\/\" target=\"_blank\" rel=\"noreferrer noopener\">Concursos abertos<\/a><\/li><li><a href=\"https:\/\/www.estrategiaconcursos.com.br\/blog\/concursos-2021\/\" target=\"_blank\" rel=\"noreferrer noopener\">Concursos 2021<\/a><\/li><li><a href=\"https:\/\/www.estrategiaconcursos.com.br\/blog\/concursos-2022\/\" target=\"_blank\" rel=\"noreferrer noopener\">Concursos 2022<\/a><\/li><\/ul>\n\n\n\n<p><\/p>\n\n\n\n<div class=\"container\" id=\"boxes\">\n  <div class=\"row\">\n\n    <div class=\"col-sm\">\n      <div class=\"estrategia\" id=\"box-assinatura\">\n        <h3 class=\"titulo-assinatura\">Assinatura de Concursos<\/h3>\n        <p class=\"subtitulo-assinatura\">Assinatura de 1 ano ou 2 anos<\/p>\n        <div class=\"box-botao\">\n          <a class=\"btn-assinatura\" target=\"_blank\" href=\"https:\/\/www.estrategiaconcursos.com.br\/assinaturas\/\" role=\"button\" rel=\"noopener noreferrer\">ASSINE AGORA<\/a>\n        <\/div>\n      <\/div>\n     \n    <\/div><\/div><\/div>\n\n\n\n<p><\/p>\n\n\n\n\n\n\n\n\n\n\n<p><\/p>\n","protected":false},"excerpt":{"rendered":"<p>Aprenda as principais regras de coloca\u00e7\u00e3o pronominal (pr\u00f3clise, mes\u00f3clise e \u00eanclise) para se sair bem na prova da PMSP para o cargo de Soldado Ol\u00e1, queridos, tudo bem? Est\u00e3o abertas as inscri\u00e7\u00f5es para o concurso p\u00fablico da PMSP para o cargo de Soldado PM de 2\u00aa Classe do Quadro de Pra\u00e7as de Pol\u00edcia Militar (QPPM). [&hellip;]<\/p>\n","protected":false},"author":1824,"featured_media":908756,"comment_status":"open","ping_status":"closed","sticky":false,"template":"","format":"standard","meta":{"post_tipo":"article","footnotes":""},"categories":[1],"tags":[],"tax_estado":[219989],"class_list":["post-908734","post","type-post","status-publish","format-standard","has-post-thumbnail","hentry","category-cursos-e-concursos","tax_estado-sp"],"acf":[],"yoast_head":"<!-- This site is optimized with the Yoast SEO Premium plugin v27.2 (Yoast SEO v27.2) - https:\/\/yoast.com\/product\/yoast-seo-premium-wordpress\/ -->\n<title>PMSP - Soldado: t\u00f3picos importantes sobre a coloca\u00e7\u00e3o pronominal<\/title>\n<meta name=\"description\" content=\"Aprenda as principais regras de coloca\u00e7\u00e3o pronominal (pr\u00f3clise, mes\u00f3clise e \u00eanclise) para se sair bem na prova da PMSP - Soldado\" \/>\n<meta name=\"robots\" content=\"index, follow, max-snippet:-1, max-image-preview:large, max-video-preview:-1\" \/>\n<link rel=\"canonical\" href=\"https:\/\/www.estrategiaconcursos.com.br\/blog\/pmsp-soldado-topicos-importantes-sobre-a-colocacao-pronominal\/\" \/>\n<meta property=\"og:locale\" content=\"pt_BR\" \/>\n<meta property=\"og:type\" content=\"article\" \/>\n<meta property=\"og:title\" content=\"PMSP - Soldado: t\u00f3picos importantes sobre a coloca\u00e7\u00e3o pronominal\" \/>\n<meta property=\"og:description\" content=\"Aprenda as principais regras de coloca\u00e7\u00e3o pronominal (pr\u00f3clise, mes\u00f3clise e \u00eanclise) para se sair bem na prova da PMSP - Soldado\" \/>\n<meta property=\"og:url\" content=\"https:\/\/www.estrategiaconcursos.com.br\/blog\/pmsp-soldado-topicos-importantes-sobre-a-colocacao-pronominal\/\" \/>\n<meta property=\"og:site_name\" content=\"Estrat\u00e9gia Concursos\" \/>\n<meta property=\"article:published_time\" content=\"2021-11-25T11:35:00+00:00\" \/>\n<meta property=\"article:modified_time\" content=\"2021-11-25T21:17:03+00:00\" \/>\n<meta property=\"og:image\" content=\"https:\/\/dhg1h5j42swfq.cloudfront.net\/2021\/11\/14150552\/pmspsoldado.png\" \/>\n\t<meta property=\"og:image:width\" content=\"839\" \/>\n\t<meta property=\"og:image:height\" content=\"418\" \/>\n\t<meta property=\"og:image:type\" content=\"image\/png\" \/>\n<meta name=\"author\" content=\"Igor dos Reis Alc\u00e2ntara\" \/>\n<meta name=\"twitter:card\" content=\"summary_large_image\" \/>\n<meta name=\"twitter:creator\" content=\"@EstratConcursos\" \/>\n<meta name=\"twitter:site\" content=\"@EstratConcursos\" \/>\n<meta name=\"twitter:label1\" content=\"Escrito por\" \/>\n\t<meta name=\"twitter:data1\" content=\"Igor dos Reis Alc\u00e2ntara\" \/>\n\t<meta name=\"twitter:label2\" content=\"Est. tempo de leitura\" \/>\n\t<meta name=\"twitter:data2\" content=\"7 minutos\" \/>\n<script type=\"application\/ld+json\" class=\"yoast-schema-graph\">{\"@context\":\"https:\/\/schema.org\",\"@graph\":[{\"@type\":\"NewsArticle\",\"@id\":\"https:\/\/www.estrategiaconcursos.com.br\/blog\/pmsp-soldado-topicos-importantes-sobre-a-colocacao-pronominal\/#article\",\"isPartOf\":{\"@id\":\"https:\/\/www.estrategiaconcursos.com.br\/blog\/pmsp-soldado-topicos-importantes-sobre-a-colocacao-pronominal\/\"},\"author\":{\"name\":\"Igor dos Reis Alc\u00e2ntara\",\"@id\":\"https:\/\/www.estrategiaconcursos.com.br\/blog\/#\/schema\/person\/a03ed37b064faae3805c9e0ada54bc37\"},\"headline\":\"PMSP &#8211; Soldado: t\u00f3picos importantes sobre a coloca\u00e7\u00e3o pronominal\",\"datePublished\":\"2021-11-25T11:35:00+00:00\",\"dateModified\":\"2021-11-25T21:17:03+00:00\",\"mainEntityOfPage\":{\"@id\":\"https:\/\/www.estrategiaconcursos.com.br\/blog\/pmsp-soldado-topicos-importantes-sobre-a-colocacao-pronominal\/\"},\"wordCount\":1477,\"commentCount\":0,\"publisher\":{\"@id\":\"https:\/\/www.estrategiaconcursos.com.br\/blog\/#organization\"},\"image\":{\"@id\":\"https:\/\/www.estrategiaconcursos.com.br\/blog\/pmsp-soldado-topicos-importantes-sobre-a-colocacao-pronominal\/#primaryimage\"},\"thumbnailUrl\":\"https:\/\/dhg1h5j42swfq.cloudfront.net\/2021\/11\/14150552\/pmspsoldado.png\",\"articleSection\":[\"Concursos P\u00fablicos\"],\"inLanguage\":\"pt-BR\",\"potentialAction\":[{\"@type\":\"CommentAction\",\"name\":\"Comment\",\"target\":[\"https:\/\/www.estrategiaconcursos.com.br\/blog\/pmsp-soldado-topicos-importantes-sobre-a-colocacao-pronominal\/#respond\"]}],\"copyrightYear\":\"2021\",\"copyrightHolder\":{\"@id\":\"https:\/\/www.estrategiaconcursos.com.br\/blog\/#organization\"}},{\"@type\":\"WebPage\",\"@id\":\"https:\/\/www.estrategiaconcursos.com.br\/blog\/pmsp-soldado-topicos-importantes-sobre-a-colocacao-pronominal\/\",\"url\":\"https:\/\/www.estrategiaconcursos.com.br\/blog\/pmsp-soldado-topicos-importantes-sobre-a-colocacao-pronominal\/\",\"name\":\"PMSP - Soldado: t\u00f3picos importantes sobre a coloca\u00e7\u00e3o pronominal\",\"isPartOf\":{\"@id\":\"https:\/\/www.estrategiaconcursos.com.br\/blog\/#website\"},\"primaryImageOfPage\":{\"@id\":\"https:\/\/www.estrategiaconcursos.com.br\/blog\/pmsp-soldado-topicos-importantes-sobre-a-colocacao-pronominal\/#primaryimage\"},\"image\":{\"@id\":\"https:\/\/www.estrategiaconcursos.com.br\/blog\/pmsp-soldado-topicos-importantes-sobre-a-colocacao-pronominal\/#primaryimage\"},\"thumbnailUrl\":\"https:\/\/dhg1h5j42swfq.cloudfront.net\/2021\/11\/14150552\/pmspsoldado.png\",\"datePublished\":\"2021-11-25T11:35:00+00:00\",\"dateModified\":\"2021-11-25T21:17:03+00:00\",\"description\":\"Aprenda as principais regras de coloca\u00e7\u00e3o pronominal (pr\u00f3clise, mes\u00f3clise e \u00eanclise) para se sair bem na prova da PMSP - Soldado\",\"breadcrumb\":{\"@id\":\"https:\/\/www.estrategiaconcursos.com.br\/blog\/pmsp-soldado-topicos-importantes-sobre-a-colocacao-pronominal\/#breadcrumb\"},\"inLanguage\":\"pt-BR\",\"potentialAction\":[{\"@type\":\"ReadAction\",\"target\":[\"https:\/\/www.estrategiaconcursos.com.br\/blog\/pmsp-soldado-topicos-importantes-sobre-a-colocacao-pronominal\/\"]}]},{\"@type\":\"ImageObject\",\"inLanguage\":\"pt-BR\",\"@id\":\"https:\/\/www.estrategiaconcursos.com.br\/blog\/pmsp-soldado-topicos-importantes-sobre-a-colocacao-pronominal\/#primaryimage\",\"url\":\"https:\/\/dhg1h5j42swfq.cloudfront.net\/2021\/11\/14150552\/pmspsoldado.png\",\"contentUrl\":\"https:\/\/dhg1h5j42swfq.cloudfront.net\/2021\/11\/14150552\/pmspsoldado.png\",\"width\":839,\"height\":418,\"caption\":\"como estudar os t\u00f3picos importantes sobre a coloca\u00e7\u00e3o pronominal\"},{\"@type\":\"BreadcrumbList\",\"@id\":\"https:\/\/www.estrategiaconcursos.com.br\/blog\/pmsp-soldado-topicos-importantes-sobre-a-colocacao-pronominal\/#breadcrumb\",\"itemListElement\":[{\"@type\":\"ListItem\",\"position\":1,\"name\":\"In\u00edcio\",\"item\":\"https:\/\/www.estrategiaconcursos.com.br\/blog\/\"},{\"@type\":\"ListItem\",\"position\":2,\"name\":\"PMSP &#8211; Soldado: t\u00f3picos importantes sobre a coloca\u00e7\u00e3o pronominal\"}]},{\"@type\":\"WebSite\",\"@id\":\"https:\/\/www.estrategiaconcursos.com.br\/blog\/#website\",\"url\":\"https:\/\/www.estrategiaconcursos.com.br\/blog\/\",\"name\":\"Estrat\u00e9gia Concursos\",\"description\":\"O blog da Estrat\u00e9gia Concursos traz not\u00edcias sobre concursos e artigos de professores oferecendo cursos para concursos (pdf + videaulas) no site.\",\"publisher\":{\"@id\":\"https:\/\/www.estrategiaconcursos.com.br\/blog\/#organization\"},\"potentialAction\":[{\"@type\":\"SearchAction\",\"target\":{\"@type\":\"EntryPoint\",\"urlTemplate\":\"https:\/\/www.estrategiaconcursos.com.br\/blog\/?s={search_term_string}\"},\"query-input\":{\"@type\":\"PropertyValueSpecification\",\"valueRequired\":true,\"valueName\":\"search_term_string\"}}],\"inLanguage\":\"pt-BR\"},{\"@type\":\"Organization\",\"@id\":\"https:\/\/www.estrategiaconcursos.com.br\/blog\/#organization\",\"name\":\"Estrat\u00e9gia Concursos\",\"url\":\"https:\/\/www.estrategiaconcursos.com.br\/blog\/\",\"logo\":{\"@type\":\"ImageObject\",\"inLanguage\":\"pt-BR\",\"@id\":\"https:\/\/www.estrategiaconcursos.com.br\/blog\/#\/schema\/logo\/image\/\",\"url\":\"https:\/\/dhg1h5j42swfq.cloudfront.net\/2025\/06\/03203428\/logo_concursos-1.jpg\",\"contentUrl\":\"https:\/\/dhg1h5j42swfq.cloudfront.net\/2025\/06\/03203428\/logo_concursos-1.jpg\",\"width\":230,\"height\":60,\"caption\":\"Estrat\u00e9gia Concursos\"},\"image\":{\"@id\":\"https:\/\/www.estrategiaconcursos.com.br\/blog\/#\/schema\/logo\/image\/\"},\"sameAs\":[\"https:\/\/x.com\/EstratConcursos\"]},{\"@type\":\"Person\",\"@id\":\"https:\/\/www.estrategiaconcursos.com.br\/blog\/#\/schema\/person\/a03ed37b064faae3805c9e0ada54bc37\",\"name\":\"Igor dos Reis Alc\u00e2ntara\",\"image\":{\"@type\":\"ImageObject\",\"inLanguage\":\"pt-BR\",\"@id\":\"https:\/\/secure.gravatar.com\/avatar\/75d3adec3d28ffd8ee68304a518d6bbe576a13860d422049c63ca932baa6531b?s=96&d=mm&r=g\",\"url\":\"https:\/\/secure.gravatar.com\/avatar\/75d3adec3d28ffd8ee68304a518d6bbe576a13860d422049c63ca932baa6531b?s=96&d=mm&r=g\",\"contentUrl\":\"https:\/\/secure.gravatar.com\/avatar\/75d3adec3d28ffd8ee68304a518d6bbe576a13860d422049c63ca932baa6531b?s=96&d=mm&r=g\",\"caption\":\"Igor dos Reis Alc\u00e2ntara\"},\"url\":\"https:\/\/www.estrategiaconcursos.com.br\/blog\/author\/igor-dalcantaragmail-com\/\"}]}<\/script>\n<!-- \/ Yoast SEO Premium plugin. -->","yoast_head_json":{"title":"PMSP - Soldado: t\u00f3picos importantes sobre a coloca\u00e7\u00e3o pronominal","description":"Aprenda as principais regras de coloca\u00e7\u00e3o pronominal (pr\u00f3clise, mes\u00f3clise e \u00eanclise) para se sair bem na prova da PMSP - Soldado","robots":{"index":"index","follow":"follow","max-snippet":"max-snippet:-1","max-image-preview":"max-image-preview:large","max-video-preview":"max-video-preview:-1"},"canonical":"https:\/\/www.estrategiaconcursos.com.br\/blog\/pmsp-soldado-topicos-importantes-sobre-a-colocacao-pronominal\/","og_locale":"pt_BR","og_type":"article","og_title":"PMSP - Soldado: t\u00f3picos importantes sobre a coloca\u00e7\u00e3o pronominal","og_description":"Aprenda as principais regras de coloca\u00e7\u00e3o pronominal (pr\u00f3clise, mes\u00f3clise e \u00eanclise) para se sair bem na prova da PMSP - Soldado","og_url":"https:\/\/www.estrategiaconcursos.com.br\/blog\/pmsp-soldado-topicos-importantes-sobre-a-colocacao-pronominal\/","og_site_name":"Estrat\u00e9gia Concursos","article_published_time":"2021-11-25T11:35:00+00:00","article_modified_time":"2021-11-25T21:17:03+00:00","og_image":[{"width":839,"height":418,"url":"https:\/\/dhg1h5j42swfq.cloudfront.net\/2021\/11\/14150552\/pmspsoldado.png","type":"image\/png"}],"author":"Igor dos Reis Alc\u00e2ntara","twitter_card":"summary_large_image","twitter_creator":"@EstratConcursos","twitter_site":"@EstratConcursos","twitter_misc":{"Escrito por":"Igor dos Reis Alc\u00e2ntara","Est. tempo de leitura":"7 minutos"},"schema":{"@context":"https:\/\/schema.org","@graph":[{"@type":"NewsArticle","@id":"https:\/\/www.estrategiaconcursos.com.br\/blog\/pmsp-soldado-topicos-importantes-sobre-a-colocacao-pronominal\/#article","isPartOf":{"@id":"https:\/\/www.estrategiaconcursos.com.br\/blog\/pmsp-soldado-topicos-importantes-sobre-a-colocacao-pronominal\/"},"author":{"name":"Igor dos Reis Alc\u00e2ntara","@id":"https:\/\/www.estrategiaconcursos.com.br\/blog\/#\/schema\/person\/a03ed37b064faae3805c9e0ada54bc37"},"headline":"PMSP &#8211; Soldado: t\u00f3picos importantes sobre a coloca\u00e7\u00e3o pronominal","datePublished":"2021-11-25T11:35:00+00:00","dateModified":"2021-11-25T21:17:03+00:00","mainEntityOfPage":{"@id":"https:\/\/www.estrategiaconcursos.com.br\/blog\/pmsp-soldado-topicos-importantes-sobre-a-colocacao-pronominal\/"},"wordCount":1477,"commentCount":0,"publisher":{"@id":"https:\/\/www.estrategiaconcursos.com.br\/blog\/#organization"},"image":{"@id":"https:\/\/www.estrategiaconcursos.com.br\/blog\/pmsp-soldado-topicos-importantes-sobre-a-colocacao-pronominal\/#primaryimage"},"thumbnailUrl":"https:\/\/dhg1h5j42swfq.cloudfront.net\/2021\/11\/14150552\/pmspsoldado.png","articleSection":["Concursos P\u00fablicos"],"inLanguage":"pt-BR","potentialAction":[{"@type":"CommentAction","name":"Comment","target":["https:\/\/www.estrategiaconcursos.com.br\/blog\/pmsp-soldado-topicos-importantes-sobre-a-colocacao-pronominal\/#respond"]}],"copyrightYear":"2021","copyrightHolder":{"@id":"https:\/\/www.estrategiaconcursos.com.br\/blog\/#organization"}},{"@type":"WebPage","@id":"https:\/\/www.estrategiaconcursos.com.br\/blog\/pmsp-soldado-topicos-importantes-sobre-a-colocacao-pronominal\/","url":"https:\/\/www.estrategiaconcursos.com.br\/blog\/pmsp-soldado-topicos-importantes-sobre-a-colocacao-pronominal\/","name":"PMSP - Soldado: t\u00f3picos importantes sobre a coloca\u00e7\u00e3o pronominal","isPartOf":{"@id":"https:\/\/www.estrategiaconcursos.com.br\/blog\/#website"},"primaryImageOfPage":{"@id":"https:\/\/www.estrategiaconcursos.com.br\/blog\/pmsp-soldado-topicos-importantes-sobre-a-colocacao-pronominal\/#primaryimage"},"image":{"@id":"https:\/\/www.estrategiaconcursos.com.br\/blog\/pmsp-soldado-topicos-importantes-sobre-a-colocacao-pronominal\/#primaryimage"},"thumbnailUrl":"https:\/\/dhg1h5j42swfq.cloudfront.net\/2021\/11\/14150552\/pmspsoldado.png","datePublished":"2021-11-25T11:35:00+00:00","dateModified":"2021-11-25T21:17:03+00:00","description":"Aprenda as principais regras de coloca\u00e7\u00e3o pronominal (pr\u00f3clise, mes\u00f3clise e \u00eanclise) para se sair bem na prova da PMSP - Soldado","breadcrumb":{"@id":"https:\/\/www.estrategiaconcursos.com.br\/blog\/pmsp-soldado-topicos-importantes-sobre-a-colocacao-pronominal\/#breadcrumb"},"inLanguage":"pt-BR","potentialAction":[{"@type":"ReadAction","target":["https:\/\/www.estrategiaconcursos.com.br\/blog\/pmsp-soldado-topicos-importantes-sobre-a-colocacao-pronominal\/"]}]},{"@type":"ImageObject","inLanguage":"pt-BR","@id":"https:\/\/www.estrategiaconcursos.com.br\/blog\/pmsp-soldado-topicos-importantes-sobre-a-colocacao-pronominal\/#primaryimage","url":"https:\/\/dhg1h5j42swfq.cloudfront.net\/2021\/11\/14150552\/pmspsoldado.png","contentUrl":"https:\/\/dhg1h5j42swfq.cloudfront.net\/2021\/11\/14150552\/pmspsoldado.png","width":839,"height":418,"caption":"como estudar os t\u00f3picos importantes sobre a coloca\u00e7\u00e3o pronominal"},{"@type":"BreadcrumbList","@id":"https:\/\/www.estrategiaconcursos.com.br\/blog\/pmsp-soldado-topicos-importantes-sobre-a-colocacao-pronominal\/#breadcrumb","itemListElement":[{"@type":"ListItem","position":1,"name":"In\u00edcio","item":"https:\/\/www.estrategiaconcursos.com.br\/blog\/"},{"@type":"ListItem","position":2,"name":"PMSP &#8211; Soldado: t\u00f3picos importantes sobre a coloca\u00e7\u00e3o pronominal"}]},{"@type":"WebSite","@id":"https:\/\/www.estrategiaconcursos.com.br\/blog\/#website","url":"https:\/\/www.estrategiaconcursos.com.br\/blog\/","name":"Estrat\u00e9gia Concursos","description":"O blog da Estrat\u00e9gia Concursos traz not\u00edcias sobre concursos e artigos de professores oferecendo cursos para concursos (pdf + videaulas) no site.","publisher":{"@id":"https:\/\/www.estrategiaconcursos.com.br\/blog\/#organization"},"potentialAction":[{"@type":"SearchAction","target":{"@type":"EntryPoint","urlTemplate":"https:\/\/www.estrategiaconcursos.com.br\/blog\/?s={search_term_string}"},"query-input":{"@type":"PropertyValueSpecification","valueRequired":true,"valueName":"search_term_string"}}],"inLanguage":"pt-BR"},{"@type":"Organization","@id":"https:\/\/www.estrategiaconcursos.com.br\/blog\/#organization","name":"Estrat\u00e9gia Concursos","url":"https:\/\/www.estrategiaconcursos.com.br\/blog\/","logo":{"@type":"ImageObject","inLanguage":"pt-BR","@id":"https:\/\/www.estrategiaconcursos.com.br\/blog\/#\/schema\/logo\/image\/","url":"https:\/\/dhg1h5j42swfq.cloudfront.net\/2025\/06\/03203428\/logo_concursos-1.jpg","contentUrl":"https:\/\/dhg1h5j42swfq.cloudfront.net\/2025\/06\/03203428\/logo_concursos-1.jpg","width":230,"height":60,"caption":"Estrat\u00e9gia Concursos"},"image":{"@id":"https:\/\/www.estrategiaconcursos.com.br\/blog\/#\/schema\/logo\/image\/"},"sameAs":["https:\/\/x.com\/EstratConcursos"]},{"@type":"Person","@id":"https:\/\/www.estrategiaconcursos.com.br\/blog\/#\/schema\/person\/a03ed37b064faae3805c9e0ada54bc37","name":"Igor dos Reis Alc\u00e2ntara","image":{"@type":"ImageObject","inLanguage":"pt-BR","@id":"https:\/\/secure.gravatar.com\/avatar\/75d3adec3d28ffd8ee68304a518d6bbe576a13860d422049c63ca932baa6531b?s=96&d=mm&r=g","url":"https:\/\/secure.gravatar.com\/avatar\/75d3adec3d28ffd8ee68304a518d6bbe576a13860d422049c63ca932baa6531b?s=96&d=mm&r=g","contentUrl":"https:\/\/secure.gravatar.com\/avatar\/75d3adec3d28ffd8ee68304a518d6bbe576a13860d422049c63ca932baa6531b?s=96&d=mm&r=g","caption":"Igor dos Reis Alc\u00e2ntara"},"url":"https:\/\/www.estrategiaconcursos.com.br\/blog\/author\/igor-dalcantaragmail-com\/"}]}},"_links":{"self":[{"href":"https:\/\/www.estrategiaconcursos.com.br\/blog\/wp-json\/wp\/v2\/posts\/908734","targetHints":{"allow":["GET"]}}],"collection":[{"href":"https:\/\/www.estrategiaconcursos.com.br\/blog\/wp-json\/wp\/v2\/posts"}],"about":[{"href":"https:\/\/www.estrategiaconcursos.com.br\/blog\/wp-json\/wp\/v2\/types\/post"}],"author":[{"embeddable":true,"href":"https:\/\/www.estrategiaconcursos.com.br\/blog\/wp-json\/wp\/v2\/users\/1824"}],"replies":[{"embeddable":true,"href":"https:\/\/www.estrategiaconcursos.com.br\/blog\/wp-json\/wp\/v2\/comments?post=908734"}],"version-history":[{"count":39,"href":"https:\/\/www.estrategiaconcursos.com.br\/blog\/wp-json\/wp\/v2\/posts\/908734\/revisions"}],"predecessor-version":[{"id":919294,"href":"https:\/\/www.estrategiaconcursos.com.br\/blog\/wp-json\/wp\/v2\/posts\/908734\/revisions\/919294"}],"wp:featuredmedia":[{"embeddable":true,"href":"https:\/\/www.estrategiaconcursos.com.br\/blog\/wp-json\/wp\/v2\/media\/908756"}],"wp:attachment":[{"href":"https:\/\/www.estrategiaconcursos.com.br\/blog\/wp-json\/wp\/v2\/media?parent=908734"}],"wp:term":[{"taxonomy":"category","embeddable":true,"href":"https:\/\/www.estrategiaconcursos.com.br\/blog\/wp-json\/wp\/v2\/categories?post=908734"},{"taxonomy":"post_tag","embeddable":true,"href":"https:\/\/www.estrategiaconcursos.com.br\/blog\/wp-json\/wp\/v2\/tags?post=908734"},{"taxonomy":"tax_estado","embeddable":true,"href":"https:\/\/www.estrategiaconcursos.com.br\/blog\/wp-json\/wp\/v2\/tax_estado?post=908734"}],"curies":[{"name":"wp","href":"https:\/\/api.w.org\/{rel}","templated":true}]}}