{"id":908436,"date":"2022-02-05T11:00:00","date_gmt":"2022-02-05T14:00:00","guid":{"rendered":"https:\/\/www.estrategiaconcursos.com.br\/blog\/?p=908436"},"modified":"2023-02-23T16:12:23","modified_gmt":"2023-02-23T19:12:23","slug":"edital-ssp-am","status":"publish","type":"post","link":"https:\/\/www.estrategiaconcursos.com.br\/blog\/edital-ssp-am\/","title":{"rendered":"Edital SSP AM: Inscri\u00e7\u00f5es encerradas para 150 vagas"},"content":{"rendered":"\n<p>O <strong>edital SSP AM<\/strong> (concurso da Secretaria de Seguran\u00e7a P\u00fablica do Amazonas) est\u00e1 com suas inscri\u00e7\u00f5es encerradas! Os interessados puderam se inscrever at\u00e9 o dia 4 de fevereiro de 2022, no site da banca organizadora, <a href=\"https:\/\/conhecimento.fgv.br\/concursos\/sspam21\" target=\"_blank\" rel=\"noreferrer noopener\">FGV<\/a>. As taxas foram definidas em:<\/p>\n\n\n\n<ul class=\"wp-block-list\">\n<li><strong>T\u00e9cnico de N\u00edvel Superior:<\/strong> R$ 82,94<\/li>\n\n\n\n<li><strong>Assistente Operacional:<\/strong> R$ 40,50<\/li>\n<\/ul>\n\n\n\n<p>A sele\u00e7\u00e3o oferece aos candidatos <strong>150 vagas<\/strong> distribu\u00eddas entre os cargos de <span style=\"font-size: revert; color: initial;\">T\u00e9cnico de N\u00edvel Superior<\/span> e<span style=\"font-size: revert; color: initial;\"> Assistente Operacional<\/span>. As oportunidades s\u00e3o de n\u00edvel m\u00e9dio e superior de forma\u00e7\u00e3o, com sal\u00e1rios iniciais que variam de <span style=\"font-size: revert; color: initial;\"><strong>R$ 1.350,19 a R$ 2.764,68<\/strong><\/span>.<\/p>\n\n\n\n<ul class=\"wp-block-list\">\n<li><strong style=\"background-color: initial; color: initial;\">Banca:<\/strong><span style=\"background-color: initial; color: initial;\"> FGV<\/span><\/li>\n\n\n\n<li><strong>Vagas:<\/strong> 150<\/li>\n\n\n\n<li><strong>Cargos<\/strong>: T\u00e9cnico de n\u00edvel superior e Assistente operacional<\/li>\n\n\n\n<li><strong>Sal\u00e1rio inicial:<\/strong> R$1.350,16 a R$ 2.764,68<\/li>\n\n\n\n<li><strong>Edital<\/strong>: <a href=\"https:\/\/dhg1h5j42swfq.cloudfront.net\/2021\/12\/03182107\/edital_ssp_03-12_definitivo.pdf\" target=\"_blank\" rel=\"noreferrer noopener nofollow\">SSP AM<\/a> | <a href=\"https:\/\/dhg1h5j42swfq.cloudfront.net\/2021\/12\/11111247\/retificacao_-_01_ssp_am.pdf\" target=\"_blank\" rel=\"noreferrer noopener nofollow\">1\u00aa retifica\u00e7\u00e3o<\/a> | <a href=\"https:\/\/dhg1h5j42swfq.cloudfront.net\/2022\/01\/12085255\/retificacao_-_02_ssp_am.pdf\" target=\"_blank\" rel=\"noreferrer noopener nofollow\">2\u00aa retifica\u00e7\u00e3o<\/a><\/li>\n<\/ul>\n\n\n\n<h2 class=\"wp-block-heading\" id=\"datas\">Principais datas do <a href=\"https:\/\/youtu.be\/hDpE1b88CD4\" target=\"_blank\" rel=\"noreferrer noopener\">edital SSP AM<\/a><\/h2>\n\n\n\n<ul class=\"wp-block-list\">\n<li><strong>Inscri\u00e7\u00f5es<\/strong>: <s>13 de dezembro a 11 de janeiro de 2022<\/s> | <s>1\u00ba a 04 de fevereiro<\/s> <\/li>\n\n\n\n<li><strong>Isen\u00e7\u00e3o da taxa<\/strong>: <s>13 a 15 de dezembro de 2021<\/s><\/li>\n\n\n\n<li><strong>\u00daltimo dia para pagamento<\/strong>: <s>12 de janeiro de 2022<\/s> | <s>04 de fevereiro<\/s> <\/li>\n\n\n\n<li><strong>Prova<\/strong>: 13 de mar\u00e7o de 2022<\/li>\n<\/ul>\n\n\n\n<h2 class=\"wp-block-heading\" id=\"cargos-vagas\">Cargos e vagas do edital SSP AM <\/h2>\n\n\n\n<figure class=\"wp-block-table is-style-stripes\"><table class=\"has-background has-fixed-layout\" style=\"background-color:#e7f5fe\"><thead><tr><th class=\"has-text-align-center\" data-align=\"center\">CARGOS<\/th><th class=\"has-text-align-center\" data-align=\"center\">VAGAS<\/th><th class=\"has-text-align-center\" data-align=\"center\">SAL\u00c1RIO<\/th><\/tr><\/thead><tbody><tr><td class=\"has-text-align-center\" data-align=\"center\"><a href=\"https:\/\/www.estrategiaconcursos.com.br\/curso\/ssp-am-tecnico-de-nivel-superior-pacote-2021-pos-edital\/\" target=\"_blank\" rel=\"noreferrer noopener\">T\u00e9cnico de N\u00edvel Superior<\/a><\/td><td class=\"has-text-align-center\" data-align=\"center\">10<\/td><td class=\"has-text-align-center\" data-align=\"center\">R$ 2.764,68<\/td><\/tr><tr><td class=\"has-text-align-center\" data-align=\"center\"><a href=\"https:\/\/www.estrategiaconcursos.com.br\/curso\/ssp-am-assistente-operacional-pacote-2021-pos-edital\/\" target=\"_blank\" rel=\"noreferrer noopener\">Assistente Operacional<\/a><\/td><td class=\"has-text-align-center\" data-align=\"center\">140<\/td><td class=\"has-text-align-center\" data-align=\"center\">R$ 1.350,19<\/td><\/tr><\/tbody><\/table><\/figure>\n\n\n\n<p><strong>Assistente Operacional<\/strong>: Diploma, devidamente registrado, de conclus\u00e3o de N\u00edvel M\u00e9dio, fornecido por institui\u00e7\u00e3o de Ensino, reconhecido pelo Minist\u00e9rio de Educa\u00e7\u00e3o \u2013 MEC, comprovado por meio de apresenta\u00e7\u00e3o de original e c\u00f3pia do respectivo documento. <\/p>\n\n\n\n<p><strong>T\u00e9cnico de N\u00edvel Superior<\/strong>: Diploma, devidamente registrado, de conclus\u00e3o de N\u00edvel Superior, fornecido por institui\u00e7\u00e3o de Ensino, reconhecido pelo Minist\u00e9rio de Educa\u00e7\u00e3o \u2013 MEC, comprovado por meio de apresenta\u00e7\u00e3o de original e c\u00f3pia do respectivo documento. <\/p>\n\n\n\n<h2 class=\"wp-block-heading\" id=\"etapas\">Etapas e provas do edital SSP AM<\/h2>\n\n\n\n<p> A sele\u00e7\u00e3o dos candidatos inscritos no edital SSP AM se dar\u00e1 mediante aplica\u00e7\u00e3o das seguintes etapas: <\/p>\n\n\n\n<ul class=\"wp-block-list\">\n<li>Prova objetiva \u2013 eliminat\u00f3rio e classificat\u00f3rio;<\/li>\n\n\n\n<li>Exame de Sa\u00fade &#8211; eliminat\u00f3rio;<\/li>\n\n\n\n<li>Avalia\u00e7\u00e3o Psicol\u00f3gica &#8211; eliminat\u00f3rio;<\/li>\n\n\n\n<li>Prova de T\u00edtulos &#8211; classificat\u00f3rio (somente para T\u00e9cnico de N\u00edvel Superior);<\/li>\n\n\n\n<li>Sindic\u00e2ncia de Vida Pregressa e Investiga\u00e7\u00e3o Social &#8211; eliminat\u00f3rio<\/li>\n<\/ul>\n\n\n\n<h3 class=\"wp-block-heading\" id=\"objetiva\">Provas Objetivas<\/h3>\n\n\n\n<p>A <strong>Prova Objetiva<\/strong> de m\u00faltipla escolha para o cargo de <strong>T\u00e9cnico de N\u00edvel Superior<\/strong> ser\u00e1 realizada na cidade de Manaus- AM, no dia <strong>13 de mar\u00e7o de 2022<\/strong>, <strong>das 13h \u00e0s 17h<\/strong>, segundo o hor\u00e1rio oficial da cidade de Manaus-AM.<\/p>\n\n\n\n<p>J\u00e1 para o cargo de <strong>Assistente Operacional<\/strong>, ser\u00e1 realizada na cidade de Manaus-AM, no dia <strong>13 de mar\u00e7o de 2022<\/strong>, <strong>das 13h \u00e0s 16h30<\/strong>, segundo hor\u00e1rio oficial de Manaus-AM.<\/p>\n\n\n\n<p>Para o cargo de T\u00e9cnico de N\u00edvel Superior, a Prova Objetiva ser\u00e1 composta por 70 quest\u00f5es de m\u00faltipla escolha, numeradas sequencialmente, com 5 alternativas e apenas uma resposta correta.<\/p>\n\n\n\n<figure class=\"wp-block-image aligncenter size-full\"><img loading=\"lazy\" decoding=\"async\" width=\"493\" height=\"154\" src=\"https:\/\/dhg1h5j42swfq.cloudfront.net\/2021\/12\/03183111\/image-68.png\" alt=\"\" class=\"wp-image-922011\" srcset=\"https:\/\/dhg1h5j42swfq.cloudfront.net\/2021\/12\/03183111\/image-68.png 493w, https:\/\/dhg1h5j42swfq.cloudfront.net\/2021\/12\/03183111\/image-68-300x94.png 300w\" sizes=\"auto, (max-width: 493px) 100vw, 493px\" \/><\/figure>\n\n\n\n<p>Para o cargo de Assistente Operacional, a Prova Objetiva ser\u00e1 composta por 60 quest\u00f5es de m\u00faltipla escolha, numeradas sequencialmente, com 5 alternativas e apenas uma resposta correta.<\/p>\n\n\n\n<figure class=\"wp-block-image aligncenter size-full\"><img loading=\"lazy\" decoding=\"async\" width=\"491\" height=\"119\" src=\"https:\/\/dhg1h5j42swfq.cloudfront.net\/2021\/12\/03183150\/image-69.png\" alt=\"\" class=\"wp-image-922013\" srcset=\"https:\/\/dhg1h5j42swfq.cloudfront.net\/2021\/12\/03183150\/image-69.png 491w, https:\/\/dhg1h5j42swfq.cloudfront.net\/2021\/12\/03183150\/image-69-300x73.png 300w\" sizes=\"auto, (max-width: 491px) 100vw, 491px\" \/><\/figure>\n\n\n\n<h3 class=\"wp-block-heading\" id=\"oral\">Exame de Sa\u00fade<\/h3>\n\n\n\n<p>O Exame de Sa\u00fade, de car\u00e1ter eliminat\u00f3rio, objetiva aferir se o candidato goza de boa sa\u00fade f\u00edsica e ps\u00edquica para suportar os exerc\u00edcios a que ser\u00e1 submetido para desempenhar as atribui\u00e7\u00f5es t\u00edpicas do cargo.<\/p>\n\n\n\n<p>Somente os candidatos classificados e que estejam at\u00e9 o triplo de vagas previstas, ap\u00f3s resultado da Prova Objetiva, ser\u00e3o convocados para os exames m\u00e9dicos, que ser\u00e3o realizados na cidade de Manaus\/AM, em local e data a serem divulgados em edital pr\u00f3prio.<\/p>\n\n\n\n<h3 class=\"wp-block-heading\" id=\"titulos\">Avalia\u00e7\u00e3o Psicol\u00f3gica<\/h3>\n\n\n\n<p>A avalia\u00e7\u00e3o psicol\u00f3gica tem como objetivo aprovar os candidatos que possuam capacidade de racioc\u00ednio, habilidades espec\u00edficas e caracter\u00edsticas de personalidade compat\u00edveis com a multiplicidade, periculosidade e sociabilidade das atribui\u00e7\u00f5es dos cargos.<\/p>\n\n\n\n<p>Ser\u00e3o convocados para participar da avalia\u00e7\u00e3o psicol\u00f3gica do edital SSP AM os candidatos aprovados nas fases anteriores do concurso, respeitados os empates na \u00faltima coloca\u00e7\u00e3o e a reserva de vagas para os candidatos com defici\u00eancia.<\/p>\n\n\n\n<h3 class=\"wp-block-heading\" id=\"titulos\">Sindic\u00e2ncia de Vida Pregressa e Investiga\u00e7\u00e3o Social<\/h3>\n\n\n\n<p>A Sindic\u00e2ncia de Vida Pregressa e Investiga\u00e7\u00e3o Social se destina a examinar o perfil social do candidato sobre a vida pregressa e atual, no \u00e2mbito social, funcional, civil e criminal e a eventual exist\u00eancia de incompatibilidade pessoal deste para o exerc\u00edcio das fun\u00e7\u00f5es inerentes aos cargos.<\/p>\n\n\n\n<h3 class=\"wp-block-heading\" id=\"titulos\">Avalia\u00e7\u00e3o de T\u00edtulos<\/h3>\n\n\n\n<p>A Avalia\u00e7\u00e3o de T\u00edtulos tem car\u00e1ter classificat\u00f3rio e ser\u00e1 aplicada somente para o cargo de T\u00e9cnico de N\u00edvel Superior do edital SSP AM. <\/p>\n\n\n\n<p>Essa Avalia\u00e7\u00e3o valer\u00e1, no m\u00e1ximo, 6 pontos, ainda que a soma dos valores dos t\u00edtulos apresentados possa superar esse valor.<\/p>\n\n\n\n<figure class=\"wp-block-image aligncenter size-full\"><img loading=\"lazy\" decoding=\"async\" width=\"598\" height=\"349\" src=\"https:\/\/dhg1h5j42swfq.cloudfront.net\/2022\/01\/12085540\/image-215.png\" alt=\"\" class=\"wp-image-945211\" srcset=\"https:\/\/dhg1h5j42swfq.cloudfront.net\/2022\/01\/12085540\/image-215.png 598w, https:\/\/dhg1h5j42swfq.cloudfront.net\/2022\/01\/12085540\/image-215-300x175.png 300w\" sizes=\"auto, (max-width: 598px) 100vw, 598px\" \/><figcaption class=\"wp-element-caption\"> T\u00edtulos do concurso SSP AM <\/figcaption><\/figure>\n\n\n\n<hr class=\"wp-block-separator has-css-opacity is-style-wide is-style-wide--1\"\/>\n\n\n\n<h2 class=\"has-text-align-center wp-block-heading\" id=\"cursos-assinatura\">Quer estudar para o edital SSP AM?<\/h2>\n\n\n\n<div class=\"container\" id=\"boxes\">\n  <div class=\"row\"> \n\n    <div class=\"col-sm\">\n      <div class=\"banner-adm\" id=\"box-assinatura\">\n        <h3 class=\"titulo-assinatura\">Edital SSP AM<\/h3>\n        <p class=\"subtitulo-assinatura\">Conhe\u00e7a os cursos<\/p>\n        <div class=\"box-botao\">\n          <a class=\"btn-assinatura\" target=\"_blank\" href=\"https:\/\/www.estrategiaconcursos.com.br\/cursosPorConcurso\/secretaria-de-seguranca-publica-do-amazonas-ssp-am\/\" role=\"button\" rel=\"noopener noreferrer\">Conhe\u00e7a mais<\/a>\n        <\/div>\n      <\/div>\n     \n\n  <\/div>\n<\/div><\/div>\n\n\n\n<div class=\"container\" id=\"boxes\">\n  <div class=\"row\">\n\n    <div class=\"col-sm\">\n      <div class=\"estrategia\" id=\"box-assinatura\">\n        <h3 class=\"titulo-assinatura\">Assinatura Concursos<\/h3>\n        <p class=\"subtitulo-assinatura\">Assinatura de 1 ano ou 2 anos<\/p>\n        <div class=\"box-botao\">\n          <a class=\"btn-assinatura\" target=\"_blank\" href=\"https:\/\/www.estrategiaconcursos.com.br\/assinaturas\/\" role=\"button\" rel=\"noopener noreferrer\">ASSINE AGORA<\/a>\n        <\/div>\n      <\/div><\/div><\/div><\/div>\n\n\n\n<h2 class=\"has-text-align-center wp-block-heading\" id=\"h-quer-saber-tudo-sobre-concursos-previstos-confira-nossos-artigos\">Quer saber tudo sobre concursos previstos?<br \/>Confira  nossos artigos!<\/h2>\n\n\n\n<ul class=\"wp-block-list\">\n<li><a href=\"https:\/\/www.estrategiaconcursos.com.br\/blog\/concursos-abertos\/\" target=\"_blank\" rel=\"noreferrer noopener\">Concursos abertos<\/a><\/li>\n\n\n\n<li><a href=\"https:\/\/www.estrategiaconcursos.com.br\/blog\/concursos-2022\/\" target=\"_blank\" rel=\"noreferrer noopener\">Concursos 2022<\/a><\/li>\n<\/ul>\n\n\n\n<figure class=\"wp-block-image size-large is-resized\"><img loading=\"lazy\" decoding=\"async\" src=\"https:\/\/dhg1h5j42swfq.cloudfront.net\/2025\/06\/27101122\/ficha-tecnica-1-1024x632.png\" alt=\"Informa\u00e7\u00f5es do edital SSP AM\" class=\"wp-image-702728\" width=\"269\" height=\"166\" srcset=\"https:\/\/dhg1h5j42swfq.cloudfront.net\/2025\/06\/27101122\/ficha-tecnica-1-1024x632.png 1024w, https:\/\/dhg1h5j42swfq.cloudfront.net\/2025\/06\/27101122\/ficha-tecnica-1-300x185.png 300w, https:\/\/dhg1h5j42swfq.cloudfront.net\/2025\/06\/27101122\/ficha-tecnica-1-768x474.png 768w, https:\/\/dhg1h5j42swfq.cloudfront.net\/2025\/06\/27101122\/ficha-tecnica-1-1536x948.png 1536w, https:\/\/dhg1h5j42swfq.cloudfront.net\/2025\/06\/27101122\/ficha-tecnica-1-610x377.png 610w, https:\/\/dhg1h5j42swfq.cloudfront.net\/2025\/06\/27101122\/ficha-tecnica-1.png 1571w\" sizes=\"auto, (max-width: 269px) 100vw, 269px\" \/><\/figure>\n\n\n\n<h3 class=\"wp-block-heading\" id=\"block-ba1614b5-988b-41ef-892d-f4c9f7e9dd42\">Informa\u00e7\u00f5es do edital SSP AM<\/h3>\n\n\n\n<ul class=\"wp-block-list\">\n<li><strong style=\"color: initial;\">Provas<\/strong><span style=\"color: initial;\">: 13\/03\/2022<\/span><\/li>\n\n\n\n<li><strong>Vagas<\/strong>: 150<\/li>\n\n\n\n<li><strong>Cargos<\/strong>: T\u00e9cnico de N\u00edvel Superior e Assistente Operacional<\/li>\n\n\n\n<li><strong>Banca<\/strong>: FGV<\/li>\n\n\n\n<li><strong>Escolaridade<\/strong>: n\u00edvel m\u00e9dio e superior<\/li>\n\n\n\n<li><strong>Edital<\/strong>:&nbsp;<a href=\"https:\/\/dhg1h5j42swfq.cloudfront.net\/2021\/12\/03182107\/edital_ssp_03-12_definitivo.pdf\" target=\"_blank\" rel=\"noreferrer noopener nofollow\">SSP AM-2021<\/a> | <a href=\"https:\/\/dhg1h5j42swfq.cloudfront.net\/2021\/12\/11111247\/retificacao_-_01_ssp_am.pdf\" target=\"_blank\" rel=\"noreferrer noopener nofollow\">1\u00aa retifica\u00e7\u00e3o<\/a> | <a href=\"https:\/\/dhg1h5j42swfq.cloudfront.net\/2022\/01\/12085255\/retificacao_-_02_ssp_am.pdf\" target=\"_blank\" rel=\"noreferrer noopener nofollow\">2\u00aa retifica\u00e7\u00e3o<\/a><\/li>\n<\/ul>\n","protected":false},"excerpt":{"rendered":"<p>O edital SSP AM (concurso da Secretaria de Seguran\u00e7a P\u00fablica do Amazonas) est\u00e1 com suas inscri\u00e7\u00f5es encerradas! Os interessados puderam se inscrever at\u00e9 o dia 4 de fevereiro de 2022, no site da banca organizadora, FGV. As taxas foram definidas em: A sele\u00e7\u00e3o oferece aos candidatos 150 vagas distribu\u00eddas entre os cargos de T\u00e9cnico de [&hellip;]<\/p>\n","protected":false},"author":2041,"featured_media":853648,"comment_status":"open","ping_status":"closed","sticky":false,"template":"","format":"standard","meta":{"post_tipo":"news","footnotes":""},"categories":[214992,220219],"tags":[],"tax_estado":[219966],"class_list":["post-908436","post","type-post","status-publish","format-standard","has-post-thumbnail","hentry","category-concursos-administrativos","category-noticias","tax_estado-am"],"acf":[],"yoast_head":"<!-- This site is optimized with the Yoast SEO Premium plugin v27.2 (Yoast SEO v27.2) - https:\/\/yoast.com\/product\/yoast-seo-premium-wordpress\/ -->\n<title>Edital SSP AM: Inscri\u00e7\u00f5es encerradas para 150 vagas<\/title>\n<meta name=\"description\" content=\"Edital SSP AM \u00e9 publicado com a oferta de 150 vagas para cargos de n\u00edvel m\u00e9dio e superior. Inscri\u00e7\u00f5es encerradas e provas em mar\u00e7o!\" \/>\n<meta name=\"robots\" content=\"index, follow, max-snippet:-1, max-image-preview:large, max-video-preview:-1\" \/>\n<link rel=\"canonical\" href=\"https:\/\/www.estrategiaconcursos.com.br\/blog\/edital-ssp-am\/\" \/>\n<meta property=\"og:locale\" content=\"pt_BR\" \/>\n<meta property=\"og:type\" content=\"article\" \/>\n<meta property=\"og:title\" content=\"Edital SSP AM: Inscri\u00e7\u00f5es encerradas para 150 vagas\" \/>\n<meta property=\"og:description\" content=\"Edital SSP AM \u00e9 publicado com a oferta de 150 vagas para cargos de n\u00edvel m\u00e9dio e superior. Inscri\u00e7\u00f5es encerradas e provas em mar\u00e7o!\" \/>\n<meta property=\"og:url\" content=\"https:\/\/www.estrategiaconcursos.com.br\/blog\/edital-ssp-am\/\" \/>\n<meta property=\"og:site_name\" content=\"Estrat\u00e9gia Concursos\" \/>\n<meta property=\"article:published_time\" content=\"2022-02-05T14:00:00+00:00\" \/>\n<meta property=\"article:modified_time\" content=\"2023-02-23T19:12:23+00:00\" \/>\n<meta property=\"og:image\" content=\"https:\/\/dhg1h5j42swfq.cloudfront.net\/2021\/09\/03155650\/ssp-am.jpg\" \/>\n\t<meta property=\"og:image:width\" content=\"768\" \/>\n\t<meta property=\"og:image:height\" content=\"432\" \/>\n\t<meta property=\"og:image:type\" content=\"image\/jpeg\" \/>\n<meta name=\"author\" content=\"Thiago Cavalcante Gomes\" \/>\n<meta name=\"twitter:card\" content=\"summary_large_image\" \/>\n<meta name=\"twitter:creator\" content=\"@EstratConcursos\" \/>\n<meta name=\"twitter:site\" content=\"@EstratConcursos\" \/>\n<meta name=\"twitter:label1\" content=\"Escrito por\" \/>\n\t<meta name=\"twitter:data1\" content=\"Thiago Cavalcante Gomes\" \/>\n\t<meta name=\"twitter:label2\" content=\"Est. tempo de leitura\" \/>\n\t<meta name=\"twitter:data2\" content=\"6 minutos\" \/>\n<script type=\"application\/ld+json\" class=\"yoast-schema-graph\">{\"@context\":\"https:\/\/schema.org\",\"@graph\":[{\"@type\":\"NewsArticle\",\"@id\":\"https:\/\/www.estrategiaconcursos.com.br\/blog\/edital-ssp-am\/#article\",\"isPartOf\":{\"@id\":\"https:\/\/www.estrategiaconcursos.com.br\/blog\/edital-ssp-am\/\"},\"author\":{\"name\":\"Thiago Cavalcante Gomes\",\"@id\":\"https:\/\/www.estrategiaconcursos.com.br\/blog\/#\/schema\/person\/4970184533d0a3ffa5b0299ae0a2b21f\"},\"headline\":\"Edital SSP AM: Inscri\u00e7\u00f5es encerradas para 150 vagas\",\"datePublished\":\"2022-02-05T14:00:00+00:00\",\"dateModified\":\"2023-02-23T19:12:23+00:00\",\"mainEntityOfPage\":{\"@id\":\"https:\/\/www.estrategiaconcursos.com.br\/blog\/edital-ssp-am\/\"},\"wordCount\":853,\"commentCount\":0,\"publisher\":{\"@id\":\"https:\/\/www.estrategiaconcursos.com.br\/blog\/#organization\"},\"image\":{\"@id\":\"https:\/\/www.estrategiaconcursos.com.br\/blog\/edital-ssp-am\/#primaryimage\"},\"thumbnailUrl\":\"https:\/\/dhg1h5j42swfq.cloudfront.net\/2021\/09\/03155650\/ssp-am.jpg\",\"articleSection\":[\"Executivo (Administrativa)\",\"\u00daltimas not\u00edcias\"],\"inLanguage\":\"pt-BR\",\"potentialAction\":[{\"@type\":\"CommentAction\",\"name\":\"Comment\",\"target\":[\"https:\/\/www.estrategiaconcursos.com.br\/blog\/edital-ssp-am\/#respond\"]}],\"copyrightYear\":\"2022\",\"copyrightHolder\":{\"@id\":\"https:\/\/www.estrategiaconcursos.com.br\/blog\/#organization\"}},{\"@type\":\"WebPage\",\"@id\":\"https:\/\/www.estrategiaconcursos.com.br\/blog\/edital-ssp-am\/\",\"url\":\"https:\/\/www.estrategiaconcursos.com.br\/blog\/edital-ssp-am\/\",\"name\":\"Edital SSP AM: Inscri\u00e7\u00f5es encerradas para 150 vagas\",\"isPartOf\":{\"@id\":\"https:\/\/www.estrategiaconcursos.com.br\/blog\/#website\"},\"primaryImageOfPage\":{\"@id\":\"https:\/\/www.estrategiaconcursos.com.br\/blog\/edital-ssp-am\/#primaryimage\"},\"image\":{\"@id\":\"https:\/\/www.estrategiaconcursos.com.br\/blog\/edital-ssp-am\/#primaryimage\"},\"thumbnailUrl\":\"https:\/\/dhg1h5j42swfq.cloudfront.net\/2021\/09\/03155650\/ssp-am.jpg\",\"datePublished\":\"2022-02-05T14:00:00+00:00\",\"dateModified\":\"2023-02-23T19:12:23+00:00\",\"description\":\"Edital SSP AM \u00e9 publicado com a oferta de 150 vagas para cargos de n\u00edvel m\u00e9dio e superior. Inscri\u00e7\u00f5es encerradas e provas em mar\u00e7o!\",\"breadcrumb\":{\"@id\":\"https:\/\/www.estrategiaconcursos.com.br\/blog\/edital-ssp-am\/#breadcrumb\"},\"inLanguage\":\"pt-BR\",\"potentialAction\":[{\"@type\":\"ReadAction\",\"target\":[\"https:\/\/www.estrategiaconcursos.com.br\/blog\/edital-ssp-am\/\"]}]},{\"@type\":\"ImageObject\",\"inLanguage\":\"pt-BR\",\"@id\":\"https:\/\/www.estrategiaconcursos.com.br\/blog\/edital-ssp-am\/#primaryimage\",\"url\":\"https:\/\/dhg1h5j42swfq.cloudfront.net\/2021\/09\/03155650\/ssp-am.jpg\",\"contentUrl\":\"https:\/\/dhg1h5j42swfq.cloudfront.net\/2021\/09\/03155650\/ssp-am.jpg\",\"width\":768,\"height\":432,\"caption\":\"SSP AM\"},{\"@type\":\"BreadcrumbList\",\"@id\":\"https:\/\/www.estrategiaconcursos.com.br\/blog\/edital-ssp-am\/#breadcrumb\",\"itemListElement\":[{\"@type\":\"ListItem\",\"position\":1,\"name\":\"In\u00edcio\",\"item\":\"https:\/\/www.estrategiaconcursos.com.br\/blog\/\"},{\"@type\":\"ListItem\",\"position\":2,\"name\":\"Edital SSP AM: Inscri\u00e7\u00f5es encerradas para 150 vagas\"}]},{\"@type\":\"WebSite\",\"@id\":\"https:\/\/www.estrategiaconcursos.com.br\/blog\/#website\",\"url\":\"https:\/\/www.estrategiaconcursos.com.br\/blog\/\",\"name\":\"Estrat\u00e9gia Concursos\",\"description\":\"O blog da Estrat\u00e9gia Concursos traz not\u00edcias sobre concursos e artigos de professores oferecendo cursos para concursos (pdf + videaulas) no site.\",\"publisher\":{\"@id\":\"https:\/\/www.estrategiaconcursos.com.br\/blog\/#organization\"},\"potentialAction\":[{\"@type\":\"SearchAction\",\"target\":{\"@type\":\"EntryPoint\",\"urlTemplate\":\"https:\/\/www.estrategiaconcursos.com.br\/blog\/?s={search_term_string}\"},\"query-input\":{\"@type\":\"PropertyValueSpecification\",\"valueRequired\":true,\"valueName\":\"search_term_string\"}}],\"inLanguage\":\"pt-BR\"},{\"@type\":\"Organization\",\"@id\":\"https:\/\/www.estrategiaconcursos.com.br\/blog\/#organization\",\"name\":\"Estrat\u00e9gia Concursos\",\"url\":\"https:\/\/www.estrategiaconcursos.com.br\/blog\/\",\"logo\":{\"@type\":\"ImageObject\",\"inLanguage\":\"pt-BR\",\"@id\":\"https:\/\/www.estrategiaconcursos.com.br\/blog\/#\/schema\/logo\/image\/\",\"url\":\"https:\/\/dhg1h5j42swfq.cloudfront.net\/2025\/06\/03203428\/logo_concursos-1.jpg\",\"contentUrl\":\"https:\/\/dhg1h5j42swfq.cloudfront.net\/2025\/06\/03203428\/logo_concursos-1.jpg\",\"width\":230,\"height\":60,\"caption\":\"Estrat\u00e9gia Concursos\"},\"image\":{\"@id\":\"https:\/\/www.estrategiaconcursos.com.br\/blog\/#\/schema\/logo\/image\/\"},\"sameAs\":[\"https:\/\/x.com\/EstratConcursos\"]},{\"@type\":\"Person\",\"@id\":\"https:\/\/www.estrategiaconcursos.com.br\/blog\/#\/schema\/person\/4970184533d0a3ffa5b0299ae0a2b21f\",\"name\":\"Thiago Cavalcante Gomes\",\"image\":{\"@type\":\"ImageObject\",\"inLanguage\":\"pt-BR\",\"@id\":\"https:\/\/secure.gravatar.com\/avatar\/?s=96&d=mm&r=g\",\"url\":\"https:\/\/secure.gravatar.com\/avatar\/?s=96&d=mm&r=g\",\"contentUrl\":\"https:\/\/secure.gravatar.com\/avatar\/?s=96&d=mm&r=g\",\"caption\":\"Thiago Cavalcante Gomes\"},\"url\":\"https:\/\/www.estrategiaconcursos.com.br\/blog\/author\/thiago-gomes\/\"}]}<\/script>\n<!-- \/ Yoast SEO Premium plugin. -->","yoast_head_json":{"title":"Edital SSP AM: Inscri\u00e7\u00f5es encerradas para 150 vagas","description":"Edital SSP AM \u00e9 publicado com a oferta de 150 vagas para cargos de n\u00edvel m\u00e9dio e superior. Inscri\u00e7\u00f5es encerradas e provas em mar\u00e7o!","robots":{"index":"index","follow":"follow","max-snippet":"max-snippet:-1","max-image-preview":"max-image-preview:large","max-video-preview":"max-video-preview:-1"},"canonical":"https:\/\/www.estrategiaconcursos.com.br\/blog\/edital-ssp-am\/","og_locale":"pt_BR","og_type":"article","og_title":"Edital SSP AM: Inscri\u00e7\u00f5es encerradas para 150 vagas","og_description":"Edital SSP AM \u00e9 publicado com a oferta de 150 vagas para cargos de n\u00edvel m\u00e9dio e superior. Inscri\u00e7\u00f5es encerradas e provas em mar\u00e7o!","og_url":"https:\/\/www.estrategiaconcursos.com.br\/blog\/edital-ssp-am\/","og_site_name":"Estrat\u00e9gia Concursos","article_published_time":"2022-02-05T14:00:00+00:00","article_modified_time":"2023-02-23T19:12:23+00:00","og_image":[{"width":768,"height":432,"url":"https:\/\/dhg1h5j42swfq.cloudfront.net\/2021\/09\/03155650\/ssp-am.jpg","type":"image\/jpeg"}],"author":"Thiago Cavalcante Gomes","twitter_card":"summary_large_image","twitter_creator":"@EstratConcursos","twitter_site":"@EstratConcursos","twitter_misc":{"Escrito por":"Thiago Cavalcante Gomes","Est. tempo de leitura":"6 minutos"},"schema":{"@context":"https:\/\/schema.org","@graph":[{"@type":"NewsArticle","@id":"https:\/\/www.estrategiaconcursos.com.br\/blog\/edital-ssp-am\/#article","isPartOf":{"@id":"https:\/\/www.estrategiaconcursos.com.br\/blog\/edital-ssp-am\/"},"author":{"name":"Thiago Cavalcante Gomes","@id":"https:\/\/www.estrategiaconcursos.com.br\/blog\/#\/schema\/person\/4970184533d0a3ffa5b0299ae0a2b21f"},"headline":"Edital SSP AM: Inscri\u00e7\u00f5es encerradas para 150 vagas","datePublished":"2022-02-05T14:00:00+00:00","dateModified":"2023-02-23T19:12:23+00:00","mainEntityOfPage":{"@id":"https:\/\/www.estrategiaconcursos.com.br\/blog\/edital-ssp-am\/"},"wordCount":853,"commentCount":0,"publisher":{"@id":"https:\/\/www.estrategiaconcursos.com.br\/blog\/#organization"},"image":{"@id":"https:\/\/www.estrategiaconcursos.com.br\/blog\/edital-ssp-am\/#primaryimage"},"thumbnailUrl":"https:\/\/dhg1h5j42swfq.cloudfront.net\/2021\/09\/03155650\/ssp-am.jpg","articleSection":["Executivo (Administrativa)","\u00daltimas not\u00edcias"],"inLanguage":"pt-BR","potentialAction":[{"@type":"CommentAction","name":"Comment","target":["https:\/\/www.estrategiaconcursos.com.br\/blog\/edital-ssp-am\/#respond"]}],"copyrightYear":"2022","copyrightHolder":{"@id":"https:\/\/www.estrategiaconcursos.com.br\/blog\/#organization"}},{"@type":"WebPage","@id":"https:\/\/www.estrategiaconcursos.com.br\/blog\/edital-ssp-am\/","url":"https:\/\/www.estrategiaconcursos.com.br\/blog\/edital-ssp-am\/","name":"Edital SSP AM: Inscri\u00e7\u00f5es encerradas para 150 vagas","isPartOf":{"@id":"https:\/\/www.estrategiaconcursos.com.br\/blog\/#website"},"primaryImageOfPage":{"@id":"https:\/\/www.estrategiaconcursos.com.br\/blog\/edital-ssp-am\/#primaryimage"},"image":{"@id":"https:\/\/www.estrategiaconcursos.com.br\/blog\/edital-ssp-am\/#primaryimage"},"thumbnailUrl":"https:\/\/dhg1h5j42swfq.cloudfront.net\/2021\/09\/03155650\/ssp-am.jpg","datePublished":"2022-02-05T14:00:00+00:00","dateModified":"2023-02-23T19:12:23+00:00","description":"Edital SSP AM \u00e9 publicado com a oferta de 150 vagas para cargos de n\u00edvel m\u00e9dio e superior. Inscri\u00e7\u00f5es encerradas e provas em mar\u00e7o!","breadcrumb":{"@id":"https:\/\/www.estrategiaconcursos.com.br\/blog\/edital-ssp-am\/#breadcrumb"},"inLanguage":"pt-BR","potentialAction":[{"@type":"ReadAction","target":["https:\/\/www.estrategiaconcursos.com.br\/blog\/edital-ssp-am\/"]}]},{"@type":"ImageObject","inLanguage":"pt-BR","@id":"https:\/\/www.estrategiaconcursos.com.br\/blog\/edital-ssp-am\/#primaryimage","url":"https:\/\/dhg1h5j42swfq.cloudfront.net\/2021\/09\/03155650\/ssp-am.jpg","contentUrl":"https:\/\/dhg1h5j42swfq.cloudfront.net\/2021\/09\/03155650\/ssp-am.jpg","width":768,"height":432,"caption":"SSP AM"},{"@type":"BreadcrumbList","@id":"https:\/\/www.estrategiaconcursos.com.br\/blog\/edital-ssp-am\/#breadcrumb","itemListElement":[{"@type":"ListItem","position":1,"name":"In\u00edcio","item":"https:\/\/www.estrategiaconcursos.com.br\/blog\/"},{"@type":"ListItem","position":2,"name":"Edital SSP AM: Inscri\u00e7\u00f5es encerradas para 150 vagas"}]},{"@type":"WebSite","@id":"https:\/\/www.estrategiaconcursos.com.br\/blog\/#website","url":"https:\/\/www.estrategiaconcursos.com.br\/blog\/","name":"Estrat\u00e9gia Concursos","description":"O blog da Estrat\u00e9gia Concursos traz not\u00edcias sobre concursos e artigos de professores oferecendo cursos para concursos (pdf + videaulas) no site.","publisher":{"@id":"https:\/\/www.estrategiaconcursos.com.br\/blog\/#organization"},"potentialAction":[{"@type":"SearchAction","target":{"@type":"EntryPoint","urlTemplate":"https:\/\/www.estrategiaconcursos.com.br\/blog\/?s={search_term_string}"},"query-input":{"@type":"PropertyValueSpecification","valueRequired":true,"valueName":"search_term_string"}}],"inLanguage":"pt-BR"},{"@type":"Organization","@id":"https:\/\/www.estrategiaconcursos.com.br\/blog\/#organization","name":"Estrat\u00e9gia Concursos","url":"https:\/\/www.estrategiaconcursos.com.br\/blog\/","logo":{"@type":"ImageObject","inLanguage":"pt-BR","@id":"https:\/\/www.estrategiaconcursos.com.br\/blog\/#\/schema\/logo\/image\/","url":"https:\/\/dhg1h5j42swfq.cloudfront.net\/2025\/06\/03203428\/logo_concursos-1.jpg","contentUrl":"https:\/\/dhg1h5j42swfq.cloudfront.net\/2025\/06\/03203428\/logo_concursos-1.jpg","width":230,"height":60,"caption":"Estrat\u00e9gia Concursos"},"image":{"@id":"https:\/\/www.estrategiaconcursos.com.br\/blog\/#\/schema\/logo\/image\/"},"sameAs":["https:\/\/x.com\/EstratConcursos"]},{"@type":"Person","@id":"https:\/\/www.estrategiaconcursos.com.br\/blog\/#\/schema\/person\/4970184533d0a3ffa5b0299ae0a2b21f","name":"Thiago Cavalcante Gomes","image":{"@type":"ImageObject","inLanguage":"pt-BR","@id":"https:\/\/secure.gravatar.com\/avatar\/?s=96&d=mm&r=g","url":"https:\/\/secure.gravatar.com\/avatar\/?s=96&d=mm&r=g","contentUrl":"https:\/\/secure.gravatar.com\/avatar\/?s=96&d=mm&r=g","caption":"Thiago Cavalcante Gomes"},"url":"https:\/\/www.estrategiaconcursos.com.br\/blog\/author\/thiago-gomes\/"}]}},"_links":{"self":[{"href":"https:\/\/www.estrategiaconcursos.com.br\/blog\/wp-json\/wp\/v2\/posts\/908436","targetHints":{"allow":["GET"]}}],"collection":[{"href":"https:\/\/www.estrategiaconcursos.com.br\/blog\/wp-json\/wp\/v2\/posts"}],"about":[{"href":"https:\/\/www.estrategiaconcursos.com.br\/blog\/wp-json\/wp\/v2\/types\/post"}],"author":[{"embeddable":true,"href":"https:\/\/www.estrategiaconcursos.com.br\/blog\/wp-json\/wp\/v2\/users\/2041"}],"replies":[{"embeddable":true,"href":"https:\/\/www.estrategiaconcursos.com.br\/blog\/wp-json\/wp\/v2\/comments?post=908436"}],"version-history":[{"count":21,"href":"https:\/\/www.estrategiaconcursos.com.br\/blog\/wp-json\/wp\/v2\/posts\/908436\/revisions"}],"predecessor-version":[{"id":1176508,"href":"https:\/\/www.estrategiaconcursos.com.br\/blog\/wp-json\/wp\/v2\/posts\/908436\/revisions\/1176508"}],"wp:featuredmedia":[{"embeddable":true,"href":"https:\/\/www.estrategiaconcursos.com.br\/blog\/wp-json\/wp\/v2\/media\/853648"}],"wp:attachment":[{"href":"https:\/\/www.estrategiaconcursos.com.br\/blog\/wp-json\/wp\/v2\/media?parent=908436"}],"wp:term":[{"taxonomy":"category","embeddable":true,"href":"https:\/\/www.estrategiaconcursos.com.br\/blog\/wp-json\/wp\/v2\/categories?post=908436"},{"taxonomy":"post_tag","embeddable":true,"href":"https:\/\/www.estrategiaconcursos.com.br\/blog\/wp-json\/wp\/v2\/tags?post=908436"},{"taxonomy":"tax_estado","embeddable":true,"href":"https:\/\/www.estrategiaconcursos.com.br\/blog\/wp-json\/wp\/v2\/tax_estado?post=908436"}],"curies":[{"name":"wp","href":"https:\/\/api.w.org\/{rel}","templated":true}]}}