{"id":9077,"date":"2012-09-29T00:32:01","date_gmt":"2012-09-29T00:32:01","guid":{"rendered":"https:\/\/www.estrategiaconcursos.com.br\/blog\/prova-comentada-da-receita-federal-2012-constitucional-4\/"},"modified":"2019-11-08T15:42:31","modified_gmt":"2019-11-08T18:42:31","slug":"prova-comentada-da-receita-federal-2012-constitucional-4","status":"publish","type":"post","link":"https:\/\/www.estrategiaconcursos.com.br\/blog\/prova-comentada-da-receita-federal-2012-constitucional-4\/","title":{"rendered":"Prova Comentada da Receita Federal 2012 (Constitucional)"},"content":{"rendered":"<div align=\"justify\">A\u00ed Galerinha,<\/p>\n<p>Prova boa! Sim, boa &#8220;pra&#8221; quem? &#8220;Pra&#8221; minha sogra que fez o concurso, e eu torci tanto por ela.<\/p>\n<p>Deixando a sogra de lado, a prova foi diferente. A sorte \u00e9 que mais da metade das quest\u00f5es eram conhecidas, algumas, inclusive, j\u00e1 aplicadas no ano de 2012, ou pela ESAF, ou pelo CESPE.<\/p>\n<p>Vou postar apenas duas quest\u00f5es de Direito Constitucional.<\/p>\n<p>Abs. forte a todos,<\/p>\n<p>Cyonil Borges.<\/p>\n<p><!-- [if gte mso 9]><xml>\n <o:officedocumentsettings>\n  <o:allowpng><\/o:allowpng>\n <\/o:officedocumentsettings>\n<\/xml>< ![endif]--><\/p>\n<p class=\"MsoNormal\" style=\"margin-bottom: .0001pt; text-align: justify; line-height: normal; mso-layout-grid-align: none; text-autospace: none;\"><span style=\"font-size: 14.0pt; font-family: 'Verdana','sans-serif'; mso-bidi-font-family: Arial;\">1 &#8211; O Estudo da Teoria Geral da Constitui\u00e7\u00e3o revela que a Constitui\u00e7\u00e3o<br \/>\ndos Estados Unidos se ocupa da defini\u00e7\u00e3o da estrutura do Estado, funcionamento<br \/>\ne rela\u00e7\u00e3o entre os Poderes, entre outros dispositivos. Por sua vez, a Constitui\u00e7\u00e3o<br \/>\nda Rep\u00fablica Federativa do Brasil de 1988 \u00e9 detalhista e minuciosa. Ambas,<br \/>\nentretanto, se submetem a processo mais dificultoso de emenda constitucional.<\/span><\/p>\n<p class=\"MsoNormal\" style=\"margin-bottom: .0001pt; text-align: justify; line-height: normal; mso-layout-grid-align: none; text-autospace: none;\"><span style=\"font-size: 14.0pt; font-family: 'Verdana','sans-serif'; mso-bidi-font-family: Arial;\">Considerando a classifica\u00e7\u00e3o das constitui\u00e7\u00f5es e tomando-se como<br \/>\nverdadeiras essas observa\u00e7\u00f5es, sobre uma e outra Constitui\u00e7\u00e3o, \u00e9 poss\u00edvel afi<br \/>\nrmar que<\/span><\/p>\n<p class=\"MsoNormal\" style=\"margin-bottom: .0001pt; text-align: justify; line-height: normal; mso-layout-grid-align: none; text-autospace: none;\"><span style=\"font-size: 14.0pt; font-family: 'Verdana','sans-serif'; mso-bidi-font-family: Arial;\">a) a Constitui\u00e7\u00e3o da Rep\u00fablica Federativa do Brasil de 1988 \u00e9 escrita,<br \/>\nanal\u00edtica e r\u00edgida, a dos Estados Unidos, r\u00edgida, sint\u00e9tica e negativa.<\/span><\/p>\n<p class=\"MsoNormal\" style=\"margin-bottom: .0001pt; text-align: justify; line-height: normal; mso-layout-grid-align: none; text-autospace: none;\"><span style=\"font-size: 14.0pt; font-family: 'Verdana','sans-serif'; mso-bidi-font-family: Arial;\">b) a Constitui\u00e7\u00e3o da Rep\u00fablica Federativa do Brasil de 1988 \u00e9 do tipo<br \/>\nhist\u00f3rica, r\u00edgida, outorgada e a dos Estados Unidos r\u00edgida, sint\u00e9tica.<\/span><\/p>\n<p class=\"MsoNormal\" style=\"margin-bottom: .0001pt; text-align: justify; line-height: normal; mso-layout-grid-align: none; text-autospace: none;\"><span style=\"font-size: 14.0pt; font-family: 'Verdana','sans-serif'; mso-bidi-font-family: Arial;\">c) a Constitui\u00e7\u00e3o dos Estados Unidos \u00e9 do tipo consuetudin\u00e1ria, fl<br \/>\nex\u00edvel e a da Rep\u00fablica Federativa do Brasil de 1988 \u00e9 escrita, r\u00edgida e<br \/>\ndetalhista.<\/span><\/p>\n<p class=\"MsoNormal\" style=\"margin-bottom: .0001pt; text-align: justify; line-height: normal; mso-layout-grid-align: none; text-autospace: none;\"><span style=\"font-size: 14.0pt; font-family: 'Verdana','sans-serif'; mso-bidi-font-family: Arial;\">d) a Constitui\u00e7\u00e3o dos Estados Unidos \u00e9 anal\u00edtica, r\u00edgida e a da<br \/>\nRep\u00fablica Federativa do Brasil de 1988 \u00e9 hist\u00f3rica e consuetudin\u00e1ria.<\/span><\/p>\n<p class=\"MsoNormal\" style=\"margin-bottom: .0001pt; text-align: justify; line-height: normal; mso-layout-grid-align: none; text-autospace: none;\"><span style=\"font-size: 14.0pt; font-family: 'Verdana','sans-serif'; mso-bidi-font-family: Arial;\">e) a Constitui\u00e7\u00e3o da Rep\u00fablica Federativa do Brasil de 1988 \u00e9<br \/>\ndemocr\u00e1tica, promulgada e fl ex\u00edvel, a dos Estados Unidos, r\u00edgida, sint\u00e9tica e<br \/>\ndemocr\u00e1tica.<\/span><\/p>\n<p class=\"MsoNormal\" style=\"margin-bottom: .0001pt; text-align: justify; line-height: normal; mso-layout-grid-align: none; text-autospace: none;\"><span style=\"font-size: 14.0pt; font-family: 'Verdana','sans-serif'; mso-bidi-font-family: Arial;\">\u00a0<\/span><\/p>\n<p class=\"MsoNormal\" style=\"margin-bottom: .0001pt; text-align: justify; line-height: normal; mso-layout-grid-align: none; text-autospace: none;\"><span style=\"font-size: 14.0pt; font-family: 'Verdana','sans-serif'; mso-bidi-font-family: Arial;\">Coment\u00e1rios:<\/span><\/p>\n<p class=\"MsoNormal\" style=\"margin-bottom: .0001pt; text-align: justify; line-height: normal; mso-layout-grid-align: none; text-autospace: none;\"><span style=\"font-size: 14.0pt; font-family: 'Verdana','sans-serif'; mso-bidi-font-family: Arial;\">\u00a0<\/span><\/p>\n<p class=\"MsoNormal\" style=\"margin-bottom: .0001pt; text-align: justify; line-height: normal; mso-layout-grid-align: none; text-autospace: none;\"><b style=\"mso-bidi-font-weight: normal;\"><u><span style=\"font-size: 14.0pt; font-family: 'Verdana','sans-serif'; mso-bidi-font-family: Arial;\">A resposta \u00e9<br \/>\nletra A<\/span><\/u><\/b><span style=\"font-size: 14.0pt; font-family: 'Verdana','sans-serif'; mso-bidi-font-family: Arial;\">.<\/span><\/p>\n<p class=\"MsoNormal\" style=\"margin-bottom: .0001pt; text-align: justify; line-height: normal; mso-layout-grid-align: none; text-autospace: none;\"><span style=\"font-size: 14.0pt; font-family: 'Verdana','sans-serif'; mso-bidi-font-family: Arial;\">\u00a0<\/span><\/p>\n<p class=\"MsoNormal\" style=\"margin-bottom: .0001pt; text-align: justify; line-height: normal; mso-layout-grid-align: none; text-autospace: none;\"><span style=\"font-size: 14.0pt; font-family: 'Verdana','sans-serif'; mso-bidi-font-family: Arial;\">Nas primeiras linhas do Direito Constitucional, deparamo-nos com o<br \/>\nconceito e classifica\u00e7\u00e3o das Constitui\u00e7\u00f5es. Na tentativa de uniformizar a<br \/>\nmat\u00e9ria, a doutrina faz o registro de um sem n\u00famero de crit\u00e9rios, como, por<br \/>\nexemplo, quanto \u00e0 <u>estabilidade<\/u> [r\u00edgida, semirr\u00edgida e flex\u00edvel], \u00e0 <u>extens\u00e3o<\/u><br \/>\n[anal\u00edtica e sint\u00e9tica], \u00e0 <u>forma<\/u> [escrita e n\u00e3o escrita<br \/>\n(consuetudin\u00e1ria)], ao <u>modo de elabora\u00e7\u00e3o<\/u> [dogm\u00e1tica e hist\u00f3rica], <u>\u00e0<br \/>\norigem<\/u> [promulgada (democr\u00e1tica) e outorgada], \u00e0 <u>finalidade<\/u><br \/>\n[dirigente e garantia (negativa)].<\/span><\/p>\n<p class=\"MsoNormal\" style=\"margin-bottom: .0001pt; text-align: justify; line-height: normal; mso-layout-grid-align: none; text-autospace: none;\"><span style=\"font-size: 14.0pt; font-family: 'Verdana','sans-serif'; mso-bidi-font-family: Arial;\"><span style=\"mso-spacerun: yes;\">\u00a0<\/span><\/span><\/p>\n<p class=\"MsoNormal\" style=\"margin-bottom: .0001pt; text-align: justify; line-height: normal; mso-layout-grid-align: none; text-autospace: none;\"><span style=\"font-size: 14.0pt; font-family: 'Verdana','sans-serif'; mso-bidi-font-family: Arial;\">Restritivamente aos crit\u00e9rios acima mencionados, temos que a <b style=\"mso-bidi-font-weight: normal;\"><u>CF, de 1988<\/u><\/b>, \u00e9:<\/span><\/p>\n<p class=\"MsoNormal\" style=\"margin-bottom: .0001pt; text-align: justify; line-height: normal; mso-layout-grid-align: none; text-autospace: none;\"><span style=\"font-size: 14.0pt; font-family: 'Verdana','sans-serif'; mso-bidi-font-family: Arial;\">\u00a0<\/span><\/p>\n<p class=\"MsoNormal\" style=\"margin-bottom: .0001pt; text-align: justify; line-height: normal; mso-layout-grid-align: none; text-autospace: none;\"><span style=\"font-size: 14.0pt; font-family: 'Verdana','sans-serif'; mso-bidi-font-family: Arial;\">&#8211; <b style=\"mso-bidi-font-weight: normal;\"><u>r\u00edgida<\/u><\/b> [a altera\u00e7\u00e3o<br \/>\ndos dispositivos segue rito mais dificultoso do que o previsto para as normas<br \/>\ninfraconstitucionais] ou <b style=\"mso-bidi-font-weight: normal;\"><u>superr\u00edgida<\/u><\/b><br \/>\n[h\u00e1 quem, como Alexandre de Moraes, classifique assim em raz\u00e3o da presen\u00e7a das<br \/>\ncl\u00e1usulas p\u00e9treas, o que confere a CF uma natureza de s\u00f3 parcialmente<br \/>\ninalter\u00e1vel], <\/span><\/p>\n<p class=\"MsoNormal\" style=\"margin-bottom: .0001pt; text-align: justify; line-height: normal; mso-layout-grid-align: none; text-autospace: none;\"><span style=\"font-size: 14.0pt; font-family: 'Verdana','sans-serif'; mso-bidi-font-family: Arial;\">\u00a0<\/span><\/p>\n<p class=\"MsoNormal\" style=\"margin-bottom: .0001pt; text-align: justify; line-height: normal; mso-layout-grid-align: none; text-autospace: none;\"><span style=\"font-size: 14.0pt; font-family: 'Verdana','sans-serif'; mso-bidi-font-family: Arial;\">&#8211; <b style=\"mso-bidi-font-weight: normal;\"><u>anal\u00edtica<\/u><\/b> [fala<br \/>\ndemais, \u00e9 prolixa (detalhista), afinal h\u00e1 inser\u00e7\u00f5es no texto formal que n\u00e3o<br \/>\ndet\u00eam, necessariamente, conte\u00fado de Constitui\u00e7\u00e3o], <\/span><\/p>\n<p class=\"MsoNormal\" style=\"margin-bottom: .0001pt; text-align: justify; line-height: normal; mso-layout-grid-align: none; text-autospace: none;\"><span style=\"font-size: 14.0pt; font-family: 'Verdana','sans-serif'; mso-bidi-font-family: Arial;\">\u00a0<\/span><\/p>\n<p class=\"MsoNormal\" style=\"margin-bottom: .0001pt; text-align: justify; line-height: normal; mso-layout-grid-align: none; text-autospace: none;\"><span style=\"font-size: 14.0pt; font-family: 'Verdana','sans-serif'; mso-bidi-font-family: Arial;\">&#8211; <b style=\"mso-bidi-font-weight: normal;\"><u>escrita<\/u><\/b> [conjunto de<br \/>\nregras reunidas em texto solene e n\u00e3o de forma esparsa],<\/span><\/p>\n<p class=\"MsoNormal\" style=\"margin-bottom: .0001pt; text-align: justify; line-height: normal; mso-layout-grid-align: none; text-autospace: none;\"><span style=\"font-size: 14.0pt; font-family: 'Verdana','sans-serif'; mso-bidi-font-family: Arial;\">\u00a0<\/span><\/p>\n<p class=\"MsoNormal\" style=\"margin-bottom: .0001pt; text-align: justify; line-height: normal; mso-layout-grid-align: none; text-autospace: none;\"><span style=\"font-size: 14.0pt; font-family: 'Verdana','sans-serif'; mso-bidi-font-family: Arial;\">&#8211; <b style=\"mso-bidi-font-weight: normal;\"><u>dogm\u00e1tica<\/u><\/b> [produto<br \/>\nescrito e sistematizado de normas e princ\u00edpios, em contraponto \u00e0 Constitui\u00e7\u00e3o<br \/>\nconstru\u00edda lentamente em tradi\u00e7\u00f5es, costumes (consuetudin\u00e1ria)], <\/span><\/p>\n<p class=\"MsoNormal\" style=\"margin-bottom: .0001pt; text-align: justify; line-height: normal; mso-layout-grid-align: none; text-autospace: none;\"><span style=\"font-size: 14.0pt; font-family: 'Verdana','sans-serif'; mso-bidi-font-family: Arial;\">\u00a0<\/span><\/p>\n<p class=\"MsoNormal\" style=\"margin-bottom: .0001pt; text-align: justify; line-height: normal; mso-layout-grid-align: none; text-autospace: none;\"><span style=\"font-size: 14.0pt; font-family: 'Verdana','sans-serif'; mso-bidi-font-family: Arial;\">&#8211; <b style=\"mso-bidi-font-weight: normal;\"><u>promulgada\/democr\u00e1tica<\/u><\/b><br \/>\n[n\u00e3o decorre de imposi\u00e7\u00e3o do governante (outorgada), mas sim extrai do povo o<br \/>\nfundamento de validade], e<\/span><\/p>\n<p class=\"MsoNormal\" style=\"margin-bottom: .0001pt; text-align: justify; line-height: normal; mso-layout-grid-align: none; text-autospace: none;\"><span style=\"font-size: 14.0pt; font-family: 'Verdana','sans-serif'; mso-bidi-font-family: Arial;\">\u00a0<\/span><\/p>\n<p class=\"MsoNormal\" style=\"margin-bottom: .0001pt; text-align: justify; line-height: normal; mso-layout-grid-align: none; text-autospace: none;\"><span style=\"font-size: 14.0pt; font-family: 'Verdana','sans-serif'; mso-bidi-font-family: Arial;\">&#8211; <b style=\"mso-bidi-font-weight: normal;\"><u>dirigente<\/u><\/b> [al\u00e9m da<br \/>\nprevis\u00e3o dos direitos negativos (os de 1\u00aa dimens\u00e3o &#8211; civis e pol\u00edticos), foram<br \/>\nprevistas normas program\u00e1ticas].<span style=\"mso-spacerun: yes;\">\u00a0 <\/span><\/span><\/p>\n<p class=\"MsoNormal\" style=\"margin-bottom: .0001pt; text-align: justify; line-height: normal; mso-layout-grid-align: none; text-autospace: none;\"><span style=\"font-size: 14.0pt; font-family: 'Verdana','sans-serif'; mso-bidi-font-family: Arial;\">\u00a0<\/span><\/p>\n<p class=\"MsoNormal\" style=\"margin-bottom: .0001pt; text-align: justify; line-height: normal; mso-layout-grid-align: none; text-autospace: none;\"><span style=\"font-size: 14.0pt; font-family: 'Verdana','sans-serif'; mso-bidi-font-family: Arial;\">S\u00f3 com base nessas informa\u00e7\u00f5es, e sem conhecer a classifica\u00e7\u00e3o da<br \/>\nConstitui\u00e7\u00e3o dos EUA, o concursando j\u00e1 pode eliminar as alternativas<br \/>\nincorretas. Vejamos.<\/span><\/p>\n<p class=\"MsoNormal\" style=\"margin-bottom: .0001pt; text-align: justify; line-height: normal; mso-layout-grid-align: none; text-autospace: none;\"><span style=\"font-size: 14.0pt; font-family: 'Verdana','sans-serif'; mso-bidi-font-family: Arial;\">\u00a0<\/span><\/p>\n<p class=\"MsoNormal\" style=\"margin-bottom: .0001pt; text-align: justify; line-height: normal; mso-layout-grid-align: none; text-autospace: none;\"><b style=\"mso-bidi-font-weight: normal;\"><u><span style=\"font-size: 14.0pt; font-family: 'Verdana','sans-serif'; mso-bidi-font-family: Arial;\">Na letra B<\/span><\/u><\/b><span style=\"font-size: 14.0pt; font-family: 'Verdana','sans-serif'; mso-bidi-font-family: Arial;\">, a Constitui\u00e7\u00e3o da Rep\u00fablica Federativa do Brasil de 1988 \u00e9 do tipo <s>hist\u00f3rica<\/s><br \/>\n<b style=\"mso-bidi-font-weight: normal;\">DOGM\u00c1TICA<\/b>, r\u00edgida, <s>outorgada<\/s> <b style=\"mso-bidi-font-weight: normal;\">PROMULGADA<\/b>, e a dos Estados Unidos<br \/>\nr\u00edgida, sint\u00e9tica.<\/span><\/p>\n<p class=\"MsoNormal\" style=\"margin-bottom: .0001pt; text-align: justify; line-height: normal; mso-layout-grid-align: none; text-autospace: none;\"><span style=\"font-size: 14.0pt; font-family: 'Verdana','sans-serif'; mso-bidi-font-family: Arial;\">\u00a0<\/span><\/p>\n<p class=\"MsoNormal\" style=\"margin-bottom: .0001pt; text-align: justify; line-height: normal; mso-layout-grid-align: none; text-autospace: none;\"><b style=\"mso-bidi-font-weight: normal;\"><u><span style=\"font-size: 14.0pt; font-family: 'Verdana','sans-serif'; mso-bidi-font-family: Arial;\">Na letra C<\/span><\/u><\/b><span style=\"font-size: 14.0pt; font-family: 'Verdana','sans-serif'; mso-bidi-font-family: Arial;\">, a Constitui\u00e7\u00e3o dos Estados Unidos \u00e9 do tipo <s>consuetudin\u00e1ria<\/s> <b style=\"mso-bidi-font-weight: normal;\">DOGM\u00c1TICA<\/b>, flex\u00edvel <b style=\"mso-bidi-font-weight: normal;\">R\u00cdGIDA<\/b> [isso a banca informou no<br \/>\nenunciado da quest\u00e3o], e a da Rep\u00fablica Federativa do Brasil de 1988 \u00e9 escrita,<br \/>\nr\u00edgida e detalhista.<\/span><\/p>\n<p class=\"MsoNormal\" style=\"margin-bottom: .0001pt; text-align: justify; line-height: normal; mso-layout-grid-align: none; text-autospace: none;\"><span style=\"font-size: 14.0pt; font-family: 'Verdana','sans-serif'; mso-bidi-font-family: Arial;\">\u00a0<\/span><\/p>\n<p class=\"MsoNormal\" style=\"margin-bottom: .0001pt; text-align: justify; line-height: normal; mso-layout-grid-align: none; text-autospace: none;\"><b style=\"mso-bidi-font-weight: normal;\"><u><span style=\"font-size: 14.0pt; font-family: 'Verdana','sans-serif'; mso-bidi-font-family: Arial;\">Na letra D<\/span><\/u><\/b><span style=\"font-size: 14.0pt; font-family: 'Verdana','sans-serif'; mso-bidi-font-family: Arial;\">, a Constitui\u00e7\u00e3o dos Estados Unidos \u00e9 <s>anal\u00edtica<\/s> <b style=\"mso-bidi-font-weight: normal;\">SINT\u00c9TICA<\/b>, r\u00edgida e a da Rep\u00fablica<br \/>\nFederativa do Brasil de 1988 \u00e9 <s>hist\u00f3rica<\/s> <b style=\"mso-bidi-font-weight: normal;\">DOGM\u00c1TICA<\/b> e <s>consuetudin\u00e1ria<\/s><b style=\"mso-bidi-font-weight: normal;\"> ESCRITA.<\/b><\/span><\/p>\n<p class=\"MsoNormal\" style=\"margin-bottom: .0001pt; text-align: justify; line-height: normal; mso-layout-grid-align: none; text-autospace: none;\"><span style=\"font-size: 14.0pt; font-family: 'Verdana','sans-serif'; mso-bidi-font-family: Arial;\">\u00a0<\/span><\/p>\n<p class=\"MsoNormal\" style=\"margin-bottom: .0001pt; text-align: justify; line-height: normal; mso-layout-grid-align: none; text-autospace: none;\"><b style=\"mso-bidi-font-weight: normal;\"><u><span style=\"font-size: 14.0pt; font-family: 'Verdana','sans-serif'; mso-bidi-font-family: Arial;\">Na letra E<\/span><\/u><\/b><span style=\"font-size: 14.0pt; font-family: 'Verdana','sans-serif'; mso-bidi-font-family: Arial;\">, a Constitui\u00e7\u00e3o da Rep\u00fablica Federativa do Brasil de 1988 \u00e9<br \/>\ndemocr\u00e1tica, promulgada e <s>flex\u00edvel<\/s> <b style=\"mso-bidi-font-weight: normal;\">R\u00cdGIDA<\/b>,<br \/>\na dos Estados Unidos, r\u00edgida, sint\u00e9tica e democr\u00e1tica.<\/span><\/p>\n<p class=\"MsoNormal\" style=\"margin-bottom: .0001pt; text-align: justify; line-height: normal; mso-layout-grid-align: none; text-autospace: none;\"><span style=\"font-size: 14.0pt; font-family: 'Verdana','sans-serif'; mso-bidi-font-family: Arial;\">\u00a0<\/span><\/p>\n<p class=\"MsoNormal\" style=\"margin-bottom: .0001pt; text-align: justify; line-height: normal; mso-layout-grid-align: none; text-autospace: none;\"><span style=\"font-size: 14.0pt; font-family: 'Verdana','sans-serif'; mso-bidi-font-family: Arial;\">\u00a0<\/span><\/p>\n<p class=\"MsoNormal\" style=\"margin-bottom: .0001pt; text-align: justify; line-height: normal; mso-layout-grid-align: none; text-autospace: none;\"><span style=\"font-size: 14.0pt; font-family: 'Verdana','sans-serif'; mso-bidi-font-family: Arial;\">2 &#8211; O controle de constitucionalidade das leis \u00e9 um dos mais importantes<br \/>\ninstrumentos da manuten\u00e7\u00e3o da supremacia da Constitui\u00e7\u00e3o. Por essa raz\u00e3o \u00e9<br \/>\nadotado, com algumas varia\u00e7\u00f5es, pela grande maioria dos pa\u00edses democr\u00e1ticos.<\/span><\/p>\n<p class=\"MsoNormal\" style=\"margin-bottom: .0001pt; text-align: justify; line-height: normal; mso-layout-grid-align: none; text-autospace: none;\"><span style=\"font-size: 14.0pt; font-family: 'Verdana','sans-serif'; mso-bidi-font-family: Arial;\">Com rela\u00e7\u00e3o ao controle de constitucionalidade, pode-se afi rmar que<\/span><\/p>\n<p class=\"MsoNormal\" style=\"margin-bottom: .0001pt; text-align: justify; line-height: normal; mso-layout-grid-align: none; text-autospace: none;\"><span style=\"font-size: 14.0pt; font-family: 'Verdana','sans-serif'; mso-bidi-font-family: Arial;\">a) o controle difuso caracteriza-se por possibilitar a um n\u00famero amplo<br \/>\nde interessados impugnar a constitucionalidade de uma norma perante um \u00fanico tribunal.<\/span><\/p>\n<p class=\"MsoNormal\" style=\"margin-bottom: .0001pt; text-align: justify; line-height: normal; mso-layout-grid-align: none; text-autospace: none;\"><span style=\"font-size: 14.0pt; font-family: 'Verdana','sans-serif'; mso-bidi-font-family: Arial;\">b) o controle abstrato permite que um grupo restrito de pessoas impugne<br \/>\numa determinada norma, desde que fundamentado em um caso concreto, perante qualquer<br \/>\ntribunal.<\/span><\/p>\n<p class=\"MsoNormal\" style=\"margin-bottom: .0001pt; text-align: justify; line-height: normal; mso-layout-grid-align: none; text-autospace: none;\"><span style=\"font-size: 14.0pt; font-family: 'Verdana','sans-serif'; mso-bidi-font-family: Arial;\">c) o controle concentrado decorre de constru\u00e7\u00e3o normativa de Hans Kelsen<br \/>\ne a primeira Constitui\u00e7\u00e3o a incorpor\u00e1-lo foi a Constitui\u00e7\u00e3o Alem\u00e3 de 1919, tamb\u00e9m<br \/>\nconhecida como Constitui\u00e7\u00e3o de Weimar.<\/span><\/p>\n<p class=\"MsoNormal\" style=\"margin-bottom: .0001pt; text-align: justify; line-height: normal; mso-layout-grid-align: none; text-autospace: none;\"><span style=\"font-size: 14.0pt; font-family: 'Verdana','sans-serif'; mso-bidi-font-family: Arial;\">d) o Brasil adota o controle difuso e o abstrato desde a Constitui\u00e7\u00e3o<br \/>\nFederal de 1891.<\/span><\/p>\n<p class=\"MsoNormal\" style=\"margin-bottom: .0001pt; text-align: justify; line-height: normal; mso-layout-grid-align: none; text-autospace: none;\"><span style=\"font-size: 14.0pt; font-family: 'Verdana','sans-serif'; mso-bidi-font-family: Arial;\">e) o controle difuso \u00e9 fruto de constru\u00e7\u00e3o jurisprudencial da Suprema<br \/>\nCorte dos Estados Unidos, embora alguns autores defendam que decis\u00f5es<br \/>\nanteriores j\u00e1 indicavam a possibilidade de o Judici\u00e1rio declarar uma norma<br \/>\ncontr\u00e1ria \u00e0 Constitui\u00e7\u00e3o.<\/span><\/p>\n<p class=\"MsoNormal\" style=\"margin-bottom: .0001pt; text-align: justify; line-height: normal; mso-layout-grid-align: none; text-autospace: none;\"><span style=\"font-size: 14.0pt; font-family: 'Verdana','sans-serif'; mso-bidi-font-family: Arial;\">\u00a0<\/span><\/p>\n<p class=\"MsoNormal\" style=\"margin-bottom: .0001pt; text-align: justify; line-height: normal; mso-layout-grid-align: none; text-autospace: none;\"><b style=\"mso-bidi-font-weight: normal;\"><span style=\"font-size: 14.0pt; font-family: 'Verdana','sans-serif'; mso-bidi-font-family: Arial;\">Coment\u00e1rios<\/span><\/b><span style=\"font-size: 14.0pt; font-family: 'Verdana','sans-serif'; mso-bidi-font-family: Arial;\">:<\/span><\/p>\n<p class=\"MsoNormal\" style=\"margin-bottom: .0001pt; text-align: justify; line-height: normal; mso-layout-grid-align: none; text-autospace: none;\"><span style=\"font-size: 14.0pt; font-family: 'Verdana','sans-serif'; mso-bidi-font-family: Arial;\">\u00a0<\/span><\/p>\n<p class=\"MsoNormal\" style=\"margin-bottom: .0001pt; text-align: justify; line-height: normal; mso-layout-grid-align: none; text-autospace: none;\"><b style=\"mso-bidi-font-weight: normal;\"><u><span style=\"font-size: 14.0pt; font-family: 'Verdana','sans-serif'; mso-bidi-font-family: Arial;\">A resposta \u00e9<br \/>\nletra E<\/span><\/u><\/b><span style=\"font-size: 14.0pt; font-family: 'Verdana','sans-serif'; mso-bidi-font-family: Arial;\">.<\/span><\/p>\n<p class=\"MsoNormal\" style=\"margin-bottom: .0001pt; text-align: justify; line-height: normal; mso-layout-grid-align: none; text-autospace: none;\"><span style=\"font-size: 14.0pt; font-family: 'Verdana','sans-serif'; mso-bidi-font-family: Arial;\">\u00a0<\/span><\/p>\n<p class=\"MsoNormal\" style=\"margin-bottom: .0001pt; text-align: justify; line-height: normal; mso-layout-grid-align: none; text-autospace: none;\"><span style=\"font-size: 14.0pt; font-family: 'Verdana','sans-serif'; mso-bidi-font-family: Arial;\">N\u00e3o \u00e9 um item trivial. Nos cursos de Direito Constitucional, e nos mais<br \/>\ndiversos manuais, \u00e9 creditada \u00e0 Suprema Corte norte-americana a consagra\u00e7\u00e3o do<br \/>\nsistema difuso de controle de constitucionalidade, mais precisamente do<br \/>\nprecedente <u>Marbury <i style=\"mso-bidi-font-style: normal;\">versus<\/i> Madison<br \/>\n[1803]<\/u>. No entanto, a ilustre organizadora registra que, alguns autores,<br \/>\ndefendem que decis\u00f5es anteriores j\u00e1 indicavam a possibilidade de controle<br \/>\njudicial.<\/span><\/p>\n<p class=\"MsoNormal\" style=\"margin-bottom: .0001pt; text-align: justify; line-height: normal; mso-layout-grid-align: none; text-autospace: none;\"><span style=\"font-size: 14.0pt; font-family: 'Verdana','sans-serif'; mso-bidi-font-family: Arial;\">\u00a0<\/span><\/p>\n<p class=\"MsoNormal\" style=\"margin-bottom: .0001pt; text-align: justify; line-height: normal; mso-layout-grid-align: none; text-autospace: none;\"><span style=\"font-size: 14.0pt; font-family: 'Verdana','sans-serif'; mso-bidi-font-family: Arial;\">Sobre o tema, o autor Dirley da Cunha Jr., citando Ronaldo Polleti,<br \/>\nesclarece que o juiz Marshall da Suprema Corte dos EUA foi original na l\u00f3gica<br \/>\nde sua decis\u00e3o, n\u00e3o, por\u00e9m quanto \u00e0 subst\u00e2ncia da ideia. Por exemplo: a justi\u00e7a<br \/>\ndo Estado de New Jersey, em 1780, declarou nula uma lei por contrariar a<br \/>\nConstitui\u00e7\u00e3o do Estado. Desde 1782, os ju\u00edzes da Virg\u00ednia julgavam-se<br \/>\ncompetentes para dizer da constitucionalidade das leis. Em 1787, a Suprema<br \/>\nCorte da Carolina do Norte invalidou lei pelo fato de ela colidir com os<br \/>\nartigos da Confedera\u00e7\u00e3o.<\/span><\/p>\n<p class=\"MsoNormal\" style=\"margin-bottom: .0001pt; text-align: justify; line-height: normal; mso-layout-grid-align: none; text-autospace: none;\"><span style=\"font-size: 14.0pt; font-family: 'Verdana','sans-serif'; mso-bidi-font-family: Arial;\">\u00a0<\/span><\/p>\n<p class=\"MsoNormal\" style=\"margin-bottom: .0001pt; text-align: justify; line-height: normal; mso-layout-grid-align: none; text-autospace: none;\"><span style=\"font-size: 14.0pt; font-family: 'Verdana','sans-serif'; mso-bidi-font-family: Arial;\">A banca foi na ferida! A quest\u00e3o \u00e9 <u>t\u00e3o espec\u00edfica<\/u> que, a meu ver,<br \/>\nseria merecedora de anula\u00e7\u00e3o. Os principais livros de Direito Constitucional<br \/>\nsinalizam, quase que <i style=\"mso-bidi-font-style: normal;\">unanimemente<\/i>,<br \/>\nque o controle difuso originou-se em 1803. A aus\u00eancia de indica\u00e7\u00e3o<br \/>\nbibliogr\u00e1fica prejudica a maior parte dos concursandos, orientando-o para<br \/>\np\u00fablico que teve a sorte de, eventualmente, ter lido a literatura certa. <\/span><\/p>\n<p class=\"MsoNormal\" style=\"margin-bottom: .0001pt; text-align: justify; line-height: normal; mso-layout-grid-align: none; text-autospace: none;\"><span style=\"font-size: 14.0pt; font-family: 'Verdana','sans-serif'; mso-bidi-font-family: Arial;\"><span style=\"mso-spacerun: yes;\">\u00a0<\/span><span style=\"mso-spacerun: yes;\">\u00a0<\/span><\/span><\/p>\n<p class=\"MsoNormal\" style=\"margin-bottom: .0001pt; text-align: justify; line-height: normal; mso-layout-grid-align: none; text-autospace: none;\"><span style=\"font-size: 14.0pt; font-family: 'Verdana','sans-serif'; mso-bidi-font-family: Arial;\">As demais alternativas <b style=\"mso-bidi-font-weight: normal;\"><u>est\u00e3o<br \/>\nincorretas<\/u><\/b>.<\/span><\/p>\n<p class=\"MsoNormal\" style=\"margin-bottom: .0001pt; text-align: justify; line-height: normal; mso-layout-grid-align: none; text-autospace: none;\"><span style=\"font-size: 14.0pt; font-family: 'Verdana','sans-serif'; mso-bidi-font-family: Arial;\">\u00a0<\/span><\/p>\n<p class=\"MsoNormal\" style=\"margin-bottom: .0001pt; text-align: justify; line-height: normal; mso-layout-grid-align: none; text-autospace: none;\"><span style=\"font-size: 14.0pt; font-family: 'Verdana','sans-serif'; mso-bidi-font-family: Arial;\">Antes da an\u00e1lise propriamente dita, aproveito para \u0093passear\u0094 no tema sistema<br \/>\nde controle de constitucionalidade, sobretudo o adotado no Brasil.<\/span><\/p>\n<p class=\"MsoNormal\" style=\"margin-bottom: .0001pt; text-align: justify; line-height: normal; mso-layout-grid-align: none; text-autospace: none;\"><span style=\"font-size: 14.0pt; font-family: 'Verdana','sans-serif'; mso-bidi-font-family: Arial;\">\u00a0<\/span><\/p>\n<p class=\"MsoNormal\" style=\"margin-bottom: .0001pt; text-align: justify; line-height: normal; mso-layout-grid-align: none; text-autospace: none;\"><span style=\"font-size: 14.0pt; font-family: 'Verdana','sans-serif'; mso-bidi-font-family: Arial;\">Nos Estados em que as Constitui\u00e7\u00f5es <b style=\"mso-bidi-font-weight: normal;\">s\u00e3o<br \/>\nr\u00edgidas e formalmente escritas [exemplo do Brasil]<\/b>, h\u00e1, por consequ\u00eancia, a<br \/>\nSupremacia da Constitui\u00e7\u00e3o sobre todo o ordenamento jur\u00eddico, de tal sorte que<br \/>\na edi\u00e7\u00e3o de leis e atos normativos deve se compatibilizar com as diretrizes<br \/>\nconstitucionais. A partir dessa perspectiva \u00e9 que se permite o controle de<br \/>\nconstitucionalidade das v\u00e1rias esp\u00e9cies normativas, com a verifica\u00e7\u00e3o da<br \/>\ncompatibilidade dessas com a Constitui\u00e7\u00e3o, quanto aos requisitos formais e<br \/>\nmateriais, conforme o caso.<\/span><\/p>\n<p class=\"MsoNormal\" style=\"margin-bottom: .0001pt; text-align: justify; line-height: normal; mso-layout-grid-align: none; text-autospace: none;\"><span style=\"font-size: 14.0pt; font-family: 'Verdana','sans-serif'; mso-bidi-font-family: Arial;\">\u00a0<\/span><\/p>\n<p class=\"MsoNormal\" style=\"margin-bottom: .0001pt; text-align: justify; line-height: normal; mso-layout-grid-align: none; text-autospace: none;\"><span style=\"font-size: 14.0pt; font-family: 'Verdana','sans-serif'; mso-bidi-font-family: Arial;\">Apesar de o controle de constitucionalidade ser uma constante nos pa\u00edses<br \/>\nem que os textos constitucionais s\u00e3o r\u00edgidos, ressalta-se que nem todos adotam<br \/>\nid\u00eantico sistema de controle. Com efeito, os diversos Territ\u00f3rios t\u00eam-se<br \/>\nutilizado, com exclusividade, do sistema difuso, tamb\u00e9m chamado de sistema<br \/>\nnorte-americano, ou do sistema concentrado, reconhecido como sistema austr\u00edaco.<br \/>\nH\u00e1 ainda pa\u00edses, <b style=\"mso-bidi-font-weight: normal;\"><u>a exemplo do Brasil<\/u><\/b>,<br \/>\nem que o sistema de controle \u00e9 misto, por conjugar as caracter\u00edsticas dos<br \/>\nsistemas difuso e concentrado.<\/span><\/p>\n<p class=\"MsoNormal\" style=\"margin-bottom: .0001pt; text-align: justify; line-height: normal; mso-layout-grid-align: none; text-autospace: none;\"><span style=\"font-size: 14.0pt; font-family: 'Verdana','sans-serif'; mso-bidi-font-family: Arial;\"><span style=\"mso-spacerun: yes;\">\u00a0<\/span><\/span><\/p>\n<p class=\"MsoNormal\" style=\"margin-bottom: .0001pt; text-align: justify; line-height: normal; mso-layout-grid-align: none; text-autospace: none;\"><span style=\"font-size: 14.0pt; font-family: 'Verdana','sans-serif'; mso-bidi-font-family: Arial;\">No sistema <b style=\"mso-bidi-font-weight: normal;\"><u>difuso ou<br \/>\nincidental<\/u><\/b>, o controle \u00e9 exercido por \u0093via de exce\u00e7\u00e3o\u0094, no \u00e2mbito de<br \/>\ncasos concretos, decorrendo da\u00ed sua natureza subjetiva, por envolver interesses<br \/>\ndas partes, r\u00e9u e autor. Assim, o exame da constitucionalidade n\u00e3o \u00e9 o objetivo<br \/>\nprincipal da demanda, mas apenas o fundamento para a obten\u00e7\u00e3o de um direito<br \/>\nsubjetivo. Por decorr\u00eancia disso, a declara\u00e7\u00e3o de inconstitucionalidade, de<br \/>\nregra, apenas possui efeitos entre as partes. Outra peculiaridade deste sistema<br \/>\n\u00e9 o fato de que todo e qualquer \u00f3rg\u00e3o do Poder Judici\u00e1rio pode realizar a<br \/>\nconformidade das normas com a Constitui\u00e7\u00e3o por oportunidade do julgamento dos<br \/>\ncasos concretos.<\/span><\/p>\n<p class=\"MsoNormal\" style=\"margin-bottom: .0001pt; text-align: justify; line-height: normal; mso-layout-grid-align: none; text-autospace: none;\"><span style=\"font-size: 14.0pt; font-family: 'Verdana','sans-serif'; mso-bidi-font-family: Arial;\"><span style=\"mso-spacerun: yes;\">\u00a0<\/span><\/span><\/p>\n<p class=\"MsoNormal\" style=\"margin-bottom: .0001pt; text-align: justify; line-height: normal; mso-layout-grid-align: none; text-autospace: none;\"><span style=\"font-size: 14.0pt; font-family: 'Verdana','sans-serif'; mso-bidi-font-family: Arial;\">No sistema concentrado, por sua vez, o controle se realiza por \u0093via de<br \/>\na\u00e7\u00e3o\u0094 e tem natureza abstrata, uma vez que o exame da constitucionalidade das<br \/>\nleis e atos normativos \u00e9 o objetivo principal da demanda, que n\u00e3o far\u00e1 alus\u00e3o a<br \/>\ncasos concretos. A declara\u00e7\u00e3o de inconstitucionalidade, nesse caso, tem<br \/>\nefeitos, de regra, para todos ou \u0093erga omnes\u0094, uma vez que \u00e9 subtra\u00edda a<br \/>\nvalidade da norma, a qual deixa de fazer parte do ordenamento jur\u00eddico.<br \/>\nDistintamente do concreto difuso, por meio do controle concentrado, o exerc\u00edcio<br \/>\ndo controle de constitucionalidade \u00e9 reservado a um Tribunal.<\/span><\/p>\n<p class=\"MsoNormal\" style=\"margin-bottom: .0001pt; text-align: justify; line-height: normal; mso-layout-grid-align: none; text-autospace: none;\"><span style=\"font-size: 14.0pt; font-family: 'Verdana','sans-serif'; mso-bidi-font-family: Arial;\">\u00a0<\/span><\/p>\n<p class=\"MsoNormal\" style=\"margin-bottom: .0001pt; text-align: justify; line-height: normal; mso-layout-grid-align: none; text-autospace: none;\"><b style=\"mso-bidi-font-weight: normal;\"><u><span style=\"font-size: 14.0pt; font-family: 'Verdana','sans-serif'; mso-bidi-font-family: Arial;\">Na letra A<\/span><\/u><\/b><span style=\"font-size: 14.0pt; font-family: 'Verdana','sans-serif'; mso-bidi-font-family: Arial;\">, o erro \u00e9 que, <u>no controle difuso<\/u>, qualquer juiz ou Tribunal \u00e9<br \/>\ncompetente para apreciar a constitucionalidade das leis. \u00c9 t\u00edpico do <u>controle<br \/>\nconcentrado<\/u> o exerc\u00edcio por Tribunal \u00fanico [o STF \u00e9 o guardi\u00e3o da CF; se o<br \/>\npar\u00e2metro \u00e9 a Constitui\u00e7\u00e3o do Estado, o guardi\u00e3o ser\u00e1 o TJ local].<\/span><\/p>\n<p class=\"MsoNormal\" style=\"margin-bottom: .0001pt; text-align: justify; line-height: normal; mso-layout-grid-align: none; text-autospace: none;\"><span style=\"font-size: 14.0pt; font-family: 'Verdana','sans-serif'; mso-bidi-font-family: Arial;\">\u00a0<\/span><\/p>\n<p class=\"MsoNormal\" style=\"margin-bottom: .0001pt; text-align: justify; line-height: normal; mso-layout-grid-align: none; text-autospace: none;\"><b style=\"mso-bidi-font-weight: normal;\"><u><span style=\"font-size: 14.0pt; font-family: 'Verdana','sans-serif'; mso-bidi-font-family: Arial;\">Na letra B<\/span><\/u><\/b><span style=\"font-size: 14.0pt; font-family: 'Verdana','sans-serif'; mso-bidi-font-family: Arial;\">, de fato, no controle abstrato, o n\u00famero de legitimados \u00e9 reduzido [ver<br \/>\nart. 103 da CF]. O erro \u00e9 que, no controle abstrato, a lei \u00e9 avaliada<br \/>\nunicamente <i style=\"mso-bidi-font-style: normal;\">em tese<\/i>.<\/span><\/p>\n<p class=\"MsoNormal\" style=\"margin-bottom: .0001pt; text-align: justify; line-height: normal; mso-layout-grid-align: none; text-autospace: none;\"><span style=\"font-size: 14.0pt; font-family: 'Verdana','sans-serif'; mso-bidi-font-family: Arial;\">\u00a0<\/span><\/p>\n<p class=\"MsoNormal\" style=\"margin-bottom: .0001pt; text-align: justify; line-height: normal; mso-layout-grid-align: none; text-autospace: none;\"><b style=\"mso-bidi-font-weight: normal;\"><u><span style=\"font-size: 14.0pt; font-family: 'Verdana','sans-serif'; mso-bidi-font-family: Arial;\">Na letra C<\/span><\/u><\/b><span style=\"font-size: 14.0pt; font-family: 'Verdana','sans-serif'; mso-bidi-font-family: Arial;\">, o erro \u00e9 bem sutil. <u>Hans Kelsen<\/u> \u00e9 austr\u00edaco, da\u00ed decorre,<br \/>\ninclusive, o nome do modelo concentrado. O controle abstrato, de jurisdi\u00e7\u00e3o<br \/>\nconcentrada, <b style=\"mso-bidi-font-weight: normal;\">foi incorporado na<br \/>\nConstitui\u00e7\u00e3o Austr\u00edaca [1920]<\/b>. Ah! A Constitui\u00e7\u00e3o Alem\u00e3 \u00e9 chamada,<br \/>\nrealmente, de Weimar, e \u00e9 data de 1919.<\/span><\/p>\n<p class=\"MsoNormal\" style=\"margin-bottom: .0001pt; text-align: justify; line-height: normal; mso-layout-grid-align: none; text-autospace: none;\"><span style=\"font-size: 14.0pt; font-family: 'Verdana','sans-serif'; mso-bidi-font-family: Arial;\">\u00a0<\/span><\/p>\n<p class=\"MsoNormal\" style=\"margin-bottom: .0001pt; text-align: justify; line-height: normal; mso-layout-grid-align: none; text-autospace: none;\"><b style=\"mso-bidi-font-weight: normal;\"><u><span style=\"font-size: 14.0pt; font-family: 'Verdana','sans-serif'; mso-bidi-font-family: Arial;\">Na letra D<\/span><\/u><\/b><span style=\"font-size: 14.0pt; font-family: 'Verdana','sans-serif'; mso-bidi-font-family: Arial;\">, o controle difuso \u00e9 de inspira\u00e7\u00e3o norte-americana, e, no Brasil, foi<br \/>\nconsagrado com a CF de 1891. O erro da quest\u00e3o \u00e9 que o controle concentrado<br \/>\n(via de a\u00e7\u00e3o) surgiu com a CF de 1946.<\/span><\/p>\n<p><!-- [if gte mso 9]><xml>\n <w:worddocument>\n  <w:view>Normal<\/w:view>\n  <w:zoom>0<\/w:zoom>\n  <w:trackmoves><\/w:trackmoves>\n  <w:trackformatting><\/w:trackformatting>\n  <w:hyphenationzone>21<\/w:hyphenationzone>\n  <w:punctuationkerning><\/w:punctuationkerning>\n  <w:validateagainstschemas><\/w:validateagainstschemas>\n  <w:saveifxmlinvalid>false<\/w:saveifxmlinvalid>\n  <w:ignoremixedcontent>false<\/w:ignoremixedcontent>\n  <w:alwaysshowplaceholdertext>false<\/w:alwaysshowplaceholdertext>\n  <w:donotpromoteqf><\/w:donotpromoteqf>\n  <w:lidthemeother>PT-BR<\/w:lidthemeother>\n  <w:lidthemeasian>X-NONE<\/w:lidthemeasian>\n  <w:lidthemecomplexscript>X-NONE<\/w:lidthemecomplexscript>\n  <w:compatibility>\n   <w:breakwrappedtables><\/w:breakwrappedtables>\n   <w:snaptogridincell><\/w:snaptogridincell>\n   <w:wraptextwithpunct><\/w:wraptextwithpunct>\n   <w:useasianbreakrules><\/w:useasianbreakrules>\n   <w:dontgrowautofit><\/w:dontgrowautofit>\n   <w:splitpgbreakandparamark><\/w:splitpgbreakandparamark>\n   <w:enableopentypekerning><\/w:enableopentypekerning>\n   <w:dontflipmirrorindents><\/w:dontflipmirrorindents>\n   <w:overridetablestylehps><\/w:overridetablestylehps>\n  <\/w:compatibility>\n  <m:mathpr>\n   <m:mathfont m:val=\"Cambria Math\"><\/m:mathfont>\n   <m:brkbin m:val=\"before\"><\/m:brkbin>\n   <m:brkbinsub m:val=\"&#45;-\"><\/m:brkbinsub>\n   <m:smallfrac m:val=\"off\"><\/m:smallfrac>\n   <m:dispdef><\/m:dispdef>\n   <m:lmargin m:val=\"0\"><\/m:lmargin>\n   <m:rmargin m:val=\"0\"><\/m:rmargin>\n   <m:defjc m:val=\"centerGroup\"><\/m:defjc>\n   <m:wrapindent m:val=\"1440\"><\/m:wrapindent>\n   <m:intlim m:val=\"subSup\"><\/m:intlim>\n   <m:narylim m:val=\"undOvr\"><\/m:narylim>\n  <\/m:mathpr><\/w:worddocument>\n<\/xml>< ![endif]--><!-- [if gte mso 9]><xml>\n <w:latentstyles DefLockedState=\"false\" DefUnhideWhenUsed=\"true\"\n  DefSemiHidden=\"true\" DefQFormat=\"false\" DefPriority=\"99\"\n  LatentStyleCount=\"267\">\n  <w:lsdexception Locked=\"false\" Priority=\"0\" SemiHidden=\"false\"\n   UnhideWhenUsed=\"false\" QFormat=\"true\" Name=\"Normal\"><\/w:lsdexception>\n  <w:lsdexception Locked=\"false\" Priority=\"9\" SemiHidden=\"false\"\n   UnhideWhenUsed=\"false\" QFormat=\"true\" Name=\"heading 1\"><\/w:lsdexception>\n  <w:lsdexception Locked=\"false\" Priority=\"9\" QFormat=\"true\" Name=\"heading 2\"><\/w:lsdexception>\n  <w:lsdexception Locked=\"false\" Priority=\"9\" QFormat=\"true\" Name=\"heading 3\"><\/w:lsdexception>\n  <w:lsdexception Locked=\"false\" Priority=\"9\" QFormat=\"true\" Name=\"heading 4\"><\/w:lsdexception>\n  <w:lsdexception Locked=\"false\" Priority=\"9\" QFormat=\"true\" Name=\"heading 5\"><\/w:lsdexception>\n  <w:lsdexception Locked=\"false\" Priority=\"9\" QFormat=\"true\" Name=\"heading 6\"><\/w:lsdexception>\n  <w:lsdexception Locked=\"false\" Priority=\"9\" QFormat=\"true\" Name=\"heading 7\"><\/w:lsdexception>\n  <w:lsdexception Locked=\"false\" Priority=\"9\" QFormat=\"true\" Name=\"heading 8\"><\/w:lsdexception>\n  <w:lsdexception Locked=\"false\" Priority=\"9\" QFormat=\"true\" Name=\"heading 9\"><\/w:lsdexception>\n  <w:lsdexception Locked=\"false\" Priority=\"39\" Name=\"toc 1\"><\/w:lsdexception>\n  <w:lsdexception Locked=\"false\" Priority=\"39\" Name=\"toc 2\"><\/w:lsdexception>\n  <w:lsdexception Locked=\"false\" Priority=\"39\" Name=\"toc 3\"><\/w:lsdexception>\n  <w:lsdexception Locked=\"false\" Priority=\"39\" Name=\"toc 4\"><\/w:lsdexception>\n  <w:lsdexception Locked=\"false\" Priority=\"39\" Name=\"toc 5\"><\/w:lsdexception>\n  <w:lsdexception Locked=\"false\" Priority=\"39\" Name=\"toc 6\"><\/w:lsdexception>\n  <w:lsdexception Locked=\"false\" Priority=\"39\" Name=\"toc 7\"><\/w:lsdexception>\n  <w:lsdexception Locked=\"false\" Priority=\"39\" Name=\"toc 8\"><\/w:lsdexception>\n  <w:lsdexception Locked=\"false\" Priority=\"39\" Name=\"toc 9\"><\/w:lsdexception>\n  <w:lsdexception Locked=\"false\" Priority=\"35\" QFormat=\"true\" Name=\"caption\"><\/w:lsdexception>\n  <w:lsdexception Locked=\"false\" Priority=\"10\" SemiHidden=\"false\"\n   UnhideWhenUsed=\"false\" QFormat=\"true\" Name=\"Title\"><\/w:lsdexception>\n  <w:lsdexception Locked=\"false\" Priority=\"1\" Name=\"Default Paragraph Font\"><\/w:lsdexception>\n  <w:lsdexception Locked=\"false\" Priority=\"11\" SemiHidden=\"false\"\n   UnhideWhenUsed=\"false\" QFormat=\"true\" Name=\"Subtitle\"><\/w:lsdexception>\n  <w:lsdexception Locked=\"false\" Priority=\"22\" SemiHidden=\"false\"\n   UnhideWhenUsed=\"false\" QFormat=\"true\" Name=\"Strong\"><\/w:lsdexception>\n  <w:lsdexception Locked=\"false\" Priority=\"20\" SemiHidden=\"false\"\n   UnhideWhenUsed=\"false\" QFormat=\"true\" Name=\"Emphasis\"><\/w:lsdexception>\n  <w:lsdexception Locked=\"false\" Priority=\"0\" Name=\"Table Grid 5\"><\/w:lsdexception>\n  <w:lsdexception Locked=\"false\" Priority=\"59\" SemiHidden=\"false\"\n   UnhideWhenUsed=\"false\" Name=\"Table Grid\"><\/w:lsdexception>\n  <w:lsdexception Locked=\"false\" UnhideWhenUsed=\"false\" Name=\"Placeholder Text\"><\/w:lsdexception>\n  <w:lsdexception Locked=\"false\" Priority=\"1\" SemiHidden=\"false\"\n   UnhideWhenUsed=\"false\" QFormat=\"true\" Name=\"No Spacing\"><\/w:lsdexception>\n  <w:lsdexception Locked=\"false\" Priority=\"60\" SemiHidden=\"false\"\n   UnhideWhenUsed=\"false\" Name=\"Light Shading\"><\/w:lsdexception>\n  <w:lsdexception Locked=\"false\" Priority=\"61\" SemiHidden=\"false\"\n   UnhideWhenUsed=\"false\" Name=\"Light List\"><\/w:lsdexception>\n  <w:lsdexception Locked=\"false\" Priority=\"62\" SemiHidden=\"false\"\n   UnhideWhenUsed=\"false\" Name=\"Light Grid\"><\/w:lsdexception>\n  <w:lsdexception Locked=\"false\" Priority=\"63\" SemiHidden=\"false\"\n   UnhideWhenUsed=\"false\" Name=\"Medium Shading 1\"><\/w:lsdexception>\n  <w:lsdexception Locked=\"false\" Priority=\"64\" SemiHidden=\"false\"\n   UnhideWhenUsed=\"false\" Name=\"Medium Shading 2\"><\/w:lsdexception>\n  <w:lsdexception Locked=\"false\" Priority=\"65\" SemiHidden=\"false\"\n   UnhideWhenUsed=\"false\" Name=\"Medium List 1\"><\/w:lsdexception>\n  <w:lsdexception Locked=\"false\" Priority=\"66\" SemiHidden=\"false\"\n   UnhideWhenUsed=\"false\" Name=\"Medium List 2\"><\/w:lsdexception>\n  <w:lsdexception Locked=\"false\" Priority=\"67\" SemiHidden=\"false\"\n   UnhideWhenUsed=\"false\" Name=\"Medium Grid 1\"><\/w:lsdexception>\n  <w:lsdexception Locked=\"false\" Priority=\"68\" SemiHidden=\"false\"\n   UnhideWhenUsed=\"false\" Name=\"Medium Grid 2\"><\/w:lsdexception>\n  <w:lsdexception Locked=\"false\" Priority=\"69\" SemiHidden=\"false\"\n   UnhideWhenUsed=\"false\" Name=\"Medium Grid 3\"><\/w:lsdexception>\n  <w:lsdexception Locked=\"false\" Priority=\"70\" SemiHidden=\"false\"\n   UnhideWhenUsed=\"false\" Name=\"Dark List\"><\/w:lsdexception>\n  <w:lsdexception Locked=\"false\" Priority=\"71\" SemiHidden=\"false\"\n   UnhideWhenUsed=\"false\" Name=\"Colorful Shading\"><\/w:lsdexception>\n  <w:lsdexception Locked=\"false\" Priority=\"72\" SemiHidden=\"false\"\n   UnhideWhenUsed=\"false\" Name=\"Colorful List\"><\/w:lsdexception>\n  <w:lsdexception Locked=\"false\" Priority=\"73\" SemiHidden=\"false\"\n   UnhideWhenUsed=\"false\" Name=\"Colorful Grid\"><\/w:lsdexception>\n  <w:lsdexception Locked=\"false\" Priority=\"60\" SemiHidden=\"false\"\n   UnhideWhenUsed=\"false\" Name=\"Light Shading Accent 1\"><\/w:lsdexception>\n  <w:lsdexception Locked=\"false\" Priority=\"61\" SemiHidden=\"false\"\n   UnhideWhenUsed=\"false\" Name=\"Light List Accent 1\"><\/w:lsdexception>\n  <w:lsdexception Locked=\"false\" Priority=\"62\" SemiHidden=\"false\"\n   UnhideWhenUsed=\"false\" Name=\"Light Grid Accent 1\"><\/w:lsdexception>\n  <w:lsdexception Locked=\"false\" Priority=\"63\" SemiHidden=\"false\"\n   UnhideWhenUsed=\"false\" Name=\"Medium Shading 1 Accent 1\"><\/w:lsdexception>\n  <w:lsdexception Locked=\"false\" Priority=\"64\" SemiHidden=\"false\"\n   UnhideWhenUsed=\"false\" Name=\"Medium Shading 2 Accent 1\"><\/w:lsdexception>\n  <w:lsdexception Locked=\"false\" Priority=\"65\" SemiHidden=\"false\"\n   UnhideWhenUsed=\"false\" Name=\"Medium List 1 Accent 1\"><\/w:lsdexception>\n  <w:lsdexception Locked=\"false\" UnhideWhenUsed=\"false\" Name=\"Revision\"><\/w:lsdexception>\n  <w:lsdexception Locked=\"false\" Priority=\"34\" SemiHidden=\"false\"\n   UnhideWhenUsed=\"false\" QFormat=\"true\" Name=\"List Paragraph\"><\/w:lsdexception>\n  <w:lsdexception Locked=\"false\" Priority=\"29\" SemiHidden=\"false\"\n   UnhideWhenUsed=\"false\" QFormat=\"true\" Name=\"Quote\"><\/w:lsdexception>\n  <w:lsdexception Locked=\"false\" Priority=\"30\" SemiHidden=\"false\"\n   UnhideWhenUsed=\"false\" QFormat=\"true\" Name=\"Intense Quote\"><\/w:lsdexception>\n  <w:lsdexception Locked=\"false\" Priority=\"66\" SemiHidden=\"false\"\n   UnhideWhenUsed=\"false\" Name=\"Medium List 2 Accent 1\"><\/w:lsdexception>\n  <w:lsdexception Locked=\"false\" Priority=\"67\" SemiHidden=\"false\"\n   UnhideWhenUsed=\"false\" Name=\"Medium Grid 1 Accent 1\"><\/w:lsdexception>\n  <w:lsdexception Locked=\"false\" Priority=\"68\" SemiHidden=\"false\"\n   UnhideWhenUsed=\"false\" Name=\"Medium Grid 2 Accent 1\"><\/w:lsdexception>\n  <w:lsdexception Locked=\"false\" Priority=\"69\" SemiHidden=\"false\"\n   UnhideWhenUsed=\"false\" Name=\"Medium Grid 3 Accent 1\"><\/w:lsdexception>\n  <w:lsdexception Locked=\"false\" Priority=\"70\" SemiHidden=\"false\"\n   UnhideWhenUsed=\"false\" Name=\"Dark List Accent 1\"><\/w:lsdexception>\n  <w:lsdexception Locked=\"false\" Priority=\"71\" SemiHidden=\"false\"\n   UnhideWhenUsed=\"false\" Name=\"Colorful Shading Accent 1\"><\/w:lsdexception>\n  <w:lsdexception Locked=\"false\" Priority=\"72\" SemiHidden=\"false\"\n   UnhideWhenUsed=\"false\" Name=\"Colorful List Accent 1\"><\/w:lsdexception>\n  <w:lsdexception Locked=\"false\" Priority=\"73\" SemiHidden=\"false\"\n   UnhideWhenUsed=\"false\" Name=\"Colorful Grid Accent 1\"><\/w:lsdexception>\n  <w:lsdexception Locked=\"false\" Priority=\"60\" SemiHidden=\"false\"\n   UnhideWhenUsed=\"false\" Name=\"Light Shading Accent 2\"><\/w:lsdexception>\n  <w:lsdexception Locked=\"false\" Priority=\"61\" SemiHidden=\"false\"\n   UnhideWhenUsed=\"false\" Name=\"Light List Accent 2\"><\/w:lsdexception>\n  <w:lsdexception Locked=\"false\" Priority=\"62\" SemiHidden=\"false\"\n   UnhideWhenUsed=\"false\" Name=\"Light Grid Accent 2\"><\/w:lsdexception>\n  <w:lsdexception Locked=\"false\" Priority=\"63\" SemiHidden=\"false\"\n   UnhideWhenUsed=\"false\" Name=\"Medium Shading 1 Accent 2\"><\/w:lsdexception>\n  <w:lsdexception Locked=\"false\" Priority=\"64\" SemiHidden=\"false\"\n   UnhideWhenUsed=\"false\" Name=\"Medium Shading 2 Accent 2\"><\/w:lsdexception>\n  <w:lsdexception Locked=\"false\" Priority=\"65\" SemiHidden=\"false\"\n   UnhideWhenUsed=\"false\" Name=\"Medium List 1 Accent 2\"><\/w:lsdexception>\n  <w:lsdexception Locked=\"false\" Priority=\"66\" SemiHidden=\"false\"\n   UnhideWhenUsed=\"false\" Name=\"Medium List 2 Accent 2\"><\/w:lsdexception>\n  <w:lsdexception Locked=\"false\" Priority=\"67\" SemiHidden=\"false\"\n   UnhideWhenUsed=\"false\" Name=\"Medium Grid 1 Accent 2\"><\/w:lsdexception>\n  <w:lsdexception Locked=\"false\" Priority=\"68\" SemiHidden=\"false\"\n   UnhideWhenUsed=\"false\" Name=\"Medium Grid 2 Accent 2\"><\/w:lsdexception>\n  <w:lsdexception Locked=\"false\" Priority=\"69\" SemiHidden=\"false\"\n   UnhideWhenUsed=\"false\" Name=\"Medium Grid 3 Accent 2\"><\/w:lsdexception>\n  <w:lsdexception Locked=\"false\" Priority=\"70\" SemiHidden=\"false\"\n   UnhideWhenUsed=\"false\" Name=\"Dark List Accent 2\"><\/w:lsdexception>\n  <w:lsdexception Locked=\"false\" Priority=\"71\" SemiHidden=\"false\"\n   UnhideWhenUsed=\"false\" Name=\"Colorful Shading Accent 2\"><\/w:lsdexception>\n  <w:lsdexception Locked=\"false\" Priority=\"72\" SemiHidden=\"false\"\n   UnhideWhenUsed=\"false\" Name=\"Colorful List Accent 2\"><\/w:lsdexception>\n  <w:lsdexception Locked=\"false\" Priority=\"73\" SemiHidden=\"false\"\n   UnhideWhenUsed=\"false\" Name=\"Colorful Grid Accent 2\"><\/w:lsdexception>\n  <w:lsdexception Locked=\"false\" Priority=\"60\" SemiHidden=\"false\"\n   UnhideWhenUsed=\"false\" Name=\"Light Shading Accent 3\"><\/w:lsdexception>\n  <w:lsdexception Locked=\"false\" Priority=\"61\" SemiHidden=\"false\"\n   UnhideWhenUsed=\"false\" Name=\"Light List Accent 3\"><\/w:lsdexception>\n  <w:lsdexception Locked=\"false\" Priority=\"62\" SemiHidden=\"false\"\n   UnhideWhenUsed=\"false\" Name=\"Light Grid Accent 3\"><\/w:lsdexception>\n  <w:lsdexception Locked=\"false\" Priority=\"63\" SemiHidden=\"false\"\n   UnhideWhenUsed=\"false\" Name=\"Medium Shading 1 Accent 3\"><\/w:lsdexception>\n  <w:lsdexception Locked=\"false\" Priority=\"64\" SemiHidden=\"false\"\n   UnhideWhenUsed=\"false\" Name=\"Medium Shading 2 Accent 3\"><\/w:lsdexception>\n  <w:lsdexception Locked=\"false\" Priority=\"65\" SemiHidden=\"false\"\n   UnhideWhenUsed=\"false\" Name=\"Medium List 1 Accent 3\"><\/w:lsdexception>\n  <w:lsdexception Locked=\"false\" Priority=\"66\" SemiHidden=\"false\"\n   UnhideWhenUsed=\"false\" Name=\"Medium List 2 Accent 3\"><\/w:lsdexception>\n  <w:lsdexception Locked=\"false\" Priority=\"67\" SemiHidden=\"false\"\n   UnhideWhenUsed=\"false\" Name=\"Medium Grid 1 Accent 3\"><\/w:lsdexception>\n  <w:lsdexception Locked=\"false\" Priority=\"68\" SemiHidden=\"false\"\n   UnhideWhenUsed=\"false\" Name=\"Medium Grid 2 Accent 3\"><\/w:lsdexception>\n  <w:lsdexception Locked=\"false\" Priority=\"69\" SemiHidden=\"false\"\n   UnhideWhenUsed=\"false\" Name=\"Medium Grid 3 Accent 3\"><\/w:lsdexception>\n  <w:lsdexception Locked=\"false\" Priority=\"70\" SemiHidden=\"false\"\n   UnhideWhenUsed=\"false\" Name=\"Dark List Accent 3\"><\/w:lsdexception>\n  <w:lsdexception Locked=\"false\" Priority=\"71\" SemiHidden=\"false\"\n   UnhideWhenUsed=\"false\" Name=\"Colorful Shading Accent 3\"><\/w:lsdexception>\n  <w:lsdexception Locked=\"false\" Priority=\"72\" SemiHidden=\"false\"\n   UnhideWhenUsed=\"false\" Name=\"Colorful List Accent 3\"><\/w:lsdexception>\n  <w:lsdexception Locked=\"false\" Priority=\"73\" SemiHidden=\"false\"\n   UnhideWhenUsed=\"false\" Name=\"Colorful Grid Accent 3\"><\/w:lsdexception>\n  <w:lsdexception Locked=\"false\" Priority=\"60\" SemiHidden=\"false\"\n   UnhideWhenUsed=\"false\" Name=\"Light Shading Accent 4\"><\/w:lsdexception>\n  <w:lsdexception Locked=\"false\" Priority=\"61\" SemiHidden=\"false\"\n   UnhideWhenUsed=\"false\" Name=\"Light List Accent 4\"><\/w:lsdexception>\n  <w:lsdexception Locked=\"false\" Priority=\"62\" SemiHidden=\"false\"\n   UnhideWhenUsed=\"false\" Name=\"Light Grid Accent 4\"><\/w:lsdexception>\n  <w:lsdexception Locked=\"false\" Priority=\"63\" SemiHidden=\"false\"\n   UnhideWhenUsed=\"false\" Name=\"Medium Shading 1 Accent 4\"><\/w:lsdexception>\n  <w:lsdexception Locked=\"false\" Priority=\"64\" SemiHidden=\"false\"\n   UnhideWhenUsed=\"false\" Name=\"Medium Shading 2 Accent 4\"><\/w:lsdexception>\n  <w:lsdexception Locked=\"false\" Priority=\"65\" SemiHidden=\"false\"\n   UnhideWhenUsed=\"false\" Name=\"Medium List 1 Accent 4\"><\/w:lsdexception>\n  <w:lsdexception Locked=\"false\" Priority=\"66\" SemiHidden=\"false\"\n   UnhideWhenUsed=\"false\" Name=\"Medium List 2 Accent 4\"><\/w:lsdexception>\n  <w:lsdexception Locked=\"false\" Priority=\"67\" SemiHidden=\"false\"\n   UnhideWhenUsed=\"false\" Name=\"Medium Grid 1 Accent 4\"><\/w:lsdexception>\n  <w:lsdexception Locked=\"false\" Priority=\"68\" SemiHidden=\"false\"\n   UnhideWhenUsed=\"false\" Name=\"Medium Grid 2 Accent 4\"><\/w:lsdexception>\n  <w:lsdexception Locked=\"false\" Priority=\"69\" SemiHidden=\"false\"\n   UnhideWhenUsed=\"false\" Name=\"Medium Grid 3 Accent 4\"><\/w:lsdexception>\n  <w:lsdexception Locked=\"false\" Priority=\"70\" SemiHidden=\"false\"\n   UnhideWhenUsed=\"false\" Name=\"Dark List Accent 4\"><\/w:lsdexception>\n  <w:lsdexception Locked=\"false\" Priority=\"71\" SemiHidden=\"false\"\n   UnhideWhenUsed=\"false\" Name=\"Colorful Shading Accent 4\"><\/w:lsdexception>\n  <w:lsdexception Locked=\"false\" Priority=\"72\" SemiHidden=\"false\"\n   UnhideWhenUsed=\"false\" Name=\"Colorful List Accent 4\"><\/w:lsdexception>\n  <w:lsdexception Locked=\"false\" Priority=\"73\" SemiHidden=\"false\"\n   UnhideWhenUsed=\"false\" Name=\"Colorful Grid Accent 4\"><\/w:lsdexception>\n  <w:lsdexception Locked=\"false\" Priority=\"60\" SemiHidden=\"false\"\n   UnhideWhenUsed=\"false\" Name=\"Light Shading Accent 5\"><\/w:lsdexception>\n  <w:lsdexception Locked=\"false\" Priority=\"61\" SemiHidden=\"false\"\n   UnhideWhenUsed=\"false\" Name=\"Light List Accent 5\"><\/w:lsdexception>\n  <w:lsdexception Locked=\"false\" Priority=\"62\" SemiHidden=\"false\"\n   UnhideWhenUsed=\"false\" Name=\"Light Grid Accent 5\"><\/w:lsdexception>\n  <w:lsdexception Locked=\"false\" Priority=\"63\" SemiHidden=\"false\"\n   UnhideWhenUsed=\"false\" Name=\"Medium Shading 1 Accent 5\"><\/w:lsdexception>\n  <w:lsdexception Locked=\"false\" Priority=\"64\" SemiHidden=\"false\"\n   UnhideWhenUsed=\"false\" Name=\"Medium Shading 2 Accent 5\"><\/w:lsdexception>\n  <w:lsdexception Locked=\"false\" Priority=\"65\" SemiHidden=\"false\"\n   UnhideWhenUsed=\"false\" Name=\"Medium List 1 Accent 5\"><\/w:lsdexception>\n  <w:lsdexception Locked=\"false\" Priority=\"66\" SemiHidden=\"false\"\n   UnhideWhenUsed=\"false\" Name=\"Medium List 2 Accent 5\"><\/w:lsdexception>\n  <w:lsdexception Locked=\"false\" Priority=\"67\" SemiHidden=\"false\"\n   UnhideWhenUsed=\"false\" Name=\"Medium Grid 1 Accent 5\"><\/w:lsdexception>\n  <w:lsdexception Locked=\"false\" Priority=\"68\" SemiHidden=\"false\"\n   UnhideWhenUsed=\"false\" Name=\"Medium Grid 2 Accent 5\"><\/w:lsdexception>\n  <w:lsdexception Locked=\"false\" Priority=\"69\" SemiHidden=\"false\"\n   UnhideWhenUsed=\"false\" Name=\"Medium Grid 3 Accent 5\"><\/w:lsdexception>\n  <w:lsdexception Locked=\"false\" Priority=\"70\" SemiHidden=\"false\"\n   UnhideWhenUsed=\"false\" Name=\"Dark List Accent 5\"><\/w:lsdexception>\n  <w:lsdexception Locked=\"false\" Priority=\"71\" SemiHidden=\"false\"\n   UnhideWhenUsed=\"false\" Name=\"Colorful Shading Accent 5\"><\/w:lsdexception>\n  <w:lsdexception Locked=\"false\" Priority=\"72\" SemiHidden=\"false\"\n   UnhideWhenUsed=\"false\" Name=\"Colorful List Accent 5\"><\/w:lsdexception>\n  <w:lsdexception Locked=\"false\" Priority=\"73\" SemiHidden=\"false\"\n   UnhideWhenUsed=\"false\" Name=\"Colorful Grid Accent 5\"><\/w:lsdexception>\n  <w:lsdexception Locked=\"false\" Priority=\"60\" SemiHidden=\"false\"\n   UnhideWhenUsed=\"false\" Name=\"Light Shading Accent 6\"><\/w:lsdexception>\n  <w:lsdexception Locked=\"false\" Priority=\"61\" SemiHidden=\"false\"\n   UnhideWhenUsed=\"false\" Name=\"Light List Accent 6\"><\/w:lsdexception>\n  <w:lsdexception Locked=\"false\" Priority=\"62\" SemiHidden=\"false\"\n   UnhideWhenUsed=\"false\" Name=\"Light Grid Accent 6\"><\/w:lsdexception>\n  <w:lsdexception Locked=\"false\" Priority=\"63\" SemiHidden=\"false\"\n   UnhideWhenUsed=\"false\" Name=\"Medium Shading 1 Accent 6\"><\/w:lsdexception>\n  <w:lsdexception Locked=\"false\" Priority=\"64\" SemiHidden=\"false\"\n   UnhideWhenUsed=\"false\" Name=\"Medium Shading 2 Accent 6\"><\/w:lsdexception>\n  <w:lsdexception Locked=\"false\" Priority=\"65\" SemiHidden=\"false\"\n   UnhideWhenUsed=\"false\" Name=\"Medium List 1 Accent 6\"><\/w:lsdexception>\n  <w:lsdexception Locked=\"false\" Priority=\"66\" SemiHidden=\"false\"\n   UnhideWhenUsed=\"false\" Name=\"Medium List 2 Accent 6\"><\/w:lsdexception>\n  <w:lsdexception Locked=\"false\" Priority=\"67\" SemiHidden=\"false\"\n   UnhideWhenUsed=\"false\" Name=\"Medium Grid 1 Accent 6\"><\/w:lsdexception>\n  <w:lsdexception Locked=\"false\" Priority=\"68\" SemiHidden=\"false\"\n   UnhideWhenUsed=\"false\" Name=\"Medium Grid 2 Accent 6\"><\/w:lsdexception>\n  <w:lsdexception Locked=\"false\" Priority=\"69\" SemiHidden=\"false\"\n   UnhideWhenUsed=\"false\" Name=\"Medium Grid 3 Accent 6\"><\/w:lsdexception>\n  <w:lsdexception Locked=\"false\" Priority=\"70\" SemiHidden=\"false\"\n   UnhideWhenUsed=\"false\" Name=\"Dark List Accent 6\"><\/w:lsdexception>\n  <w:lsdexception Locked=\"false\" Priority=\"71\" SemiHidden=\"false\"\n   UnhideWhenUsed=\"false\" Name=\"Colorful Shading Accent 6\"><\/w:lsdexception>\n  <w:lsdexception Locked=\"false\" Priority=\"72\" SemiHidden=\"false\"\n   UnhideWhenUsed=\"false\" Name=\"Colorful List Accent 6\"><\/w:lsdexception>\n  <w:lsdexception Locked=\"false\" Priority=\"73\" SemiHidden=\"false\"\n   UnhideWhenUsed=\"false\" Name=\"Colorful Grid Accent 6\"><\/w:lsdexception>\n  <w:lsdexception Locked=\"false\" Priority=\"19\" SemiHidden=\"false\"\n   UnhideWhenUsed=\"false\" QFormat=\"true\" Name=\"Subtle Emphasis\"><\/w:lsdexception>\n  <w:lsdexception Locked=\"false\" Priority=\"21\" SemiHidden=\"false\"\n   UnhideWhenUsed=\"false\" QFormat=\"true\" Name=\"Intense Emphasis\"><\/w:lsdexception>\n  <w:lsdexception Locked=\"false\" Priority=\"31\" SemiHidden=\"false\"\n   UnhideWhenUsed=\"false\" QFormat=\"true\" Name=\"Subtle Reference\"><\/w:lsdexception>\n  <w:lsdexception Locked=\"false\" Priority=\"32\" SemiHidden=\"false\"\n   UnhideWhenUsed=\"false\" QFormat=\"true\" Name=\"Intense Reference\"><\/w:lsdexception>\n  <w:lsdexception Locked=\"false\" Priority=\"33\" SemiHidden=\"false\"\n   UnhideWhenUsed=\"false\" QFormat=\"true\" Name=\"Book Title\"><\/w:lsdexception>\n  <w:lsdexception Locked=\"false\" Priority=\"37\" Name=\"Bibliography\"><\/w:lsdexception>\n  <w:lsdexception Locked=\"false\" Priority=\"39\" QFormat=\"true\" Name=\"TOC Heading\"><\/w:lsdexception>\n <\/w:latentstyles>\n<\/xml>< ![endif]--><!-- [if gte mso 10]>\n\n\n\n<style>\n \/* Style Definitions *\/\n table.MsoNormalTable\n\t{mso-style-name:\"Tabela normal\";\n\tmso-tstyle-rowband-size:0;\n\tmso-tstyle-colband-size:0;\n\tmso-style-noshow:yes;\n\tmso-style-priority:99;\n\tmso-style-parent:\"\";\n\tmso-padding-alt:0cm 5.4pt 0cm 5.4pt;\n\tmso-para-margin-top:0cm;\n\tmso-para-margin-right:0cm;\n\tmso-para-margin-bottom:10.0pt;\n\tmso-para-margin-left:0cm;\n\tline-height:115%;\n\tmso-pagination:widow-orphan;\n\tfont-size:11.0pt;\n\tfont-family:\"Calibri\",\"sans-serif\";\n\tmso-ascii-font-family:Calibri;\n\tmso-ascii-theme-font:minor-latin;\n\tmso-hansi-font-family:Calibri;\n\tmso-hansi-theme-font:minor-latin;\n\tmso-bidi-font-family:\"Times New Roman\";\n\tmso-bidi-theme-font:minor-bidi;\n\tmso-fareast-language:EN-US;}\n<\/style>\n\n\n\n< ![endif]--><\/p>\n<\/div>\n","protected":false},"excerpt":{"rendered":"<p>A\u00ed Galerinha, Prova boa! Sim, boa &#8220;pra&#8221; quem? &#8220;Pra&#8221; minha sogra que fez o concurso, e eu torci tanto por ela. Deixando a sogra de lado, a prova foi diferente. A sorte \u00e9 que mais da metade das quest\u00f5es eram conhecidas, algumas, inclusive, j\u00e1 aplicadas no ano de 2012, ou pela ESAF, ou pelo CESPE. [&hellip;]<\/p>\n","protected":false},"author":7,"featured_media":0,"comment_status":"open","ping_status":"open","sticky":false,"template":"","format":"standard","meta":{"post_tipo":"article","footnotes":""},"categories":[1],"tags":[],"tax_estado":[],"class_list":["post-9077","post","type-post","status-publish","format-standard","hentry","category-cursos-e-concursos"],"acf":[],"yoast_head":"<!-- This site is optimized with the Yoast SEO Premium plugin v27.2 (Yoast SEO v27.2) - https:\/\/yoast.com\/product\/yoast-seo-premium-wordpress\/ -->\n<title>Prova Comentada da Receita Federal 2012 (Constitucional)<\/title>\n<meta name=\"robots\" content=\"index, follow, max-snippet:-1, max-image-preview:large, max-video-preview:-1\" \/>\n<link rel=\"canonical\" href=\"https:\/\/www.estrategiaconcursos.com.br\/blog\/prova-comentada-da-receita-federal-2012-constitucional-4\/\" \/>\n<meta property=\"og:locale\" content=\"pt_BR\" \/>\n<meta property=\"og:type\" content=\"article\" \/>\n<meta property=\"og:title\" content=\"Prova Comentada da Receita Federal 2012 (Constitucional)\" \/>\n<meta property=\"og:description\" content=\"A\u00ed Galerinha, Prova boa! Sim, boa &#8220;pra&#8221; quem? &#8220;Pra&#8221; minha sogra que fez o concurso, e eu torci tanto por ela. Deixando a sogra de lado, a prova foi diferente. A sorte \u00e9 que mais da metade das quest\u00f5es eram conhecidas, algumas, inclusive, j\u00e1 aplicadas no ano de 2012, ou pela ESAF, ou pelo CESPE. [&hellip;]\" \/>\n<meta property=\"og:url\" content=\"https:\/\/www.estrategiaconcursos.com.br\/blog\/prova-comentada-da-receita-federal-2012-constitucional-4\/\" \/>\n<meta property=\"og:site_name\" content=\"Estrat\u00e9gia Concursos\" \/>\n<meta property=\"article:published_time\" content=\"2012-09-29T00:32:01+00:00\" \/>\n<meta property=\"article:modified_time\" content=\"2019-11-08T18:42:31+00:00\" \/>\n<meta name=\"author\" content=\"Cyonil Borges\" \/>\n<meta name=\"twitter:card\" content=\"summary_large_image\" \/>\n<meta name=\"twitter:creator\" content=\"@EstratConcursos\" \/>\n<meta name=\"twitter:site\" content=\"@EstratConcursos\" \/>\n<meta name=\"twitter:label1\" content=\"Escrito por\" \/>\n\t<meta name=\"twitter:data1\" content=\"Cyonil Borges\" \/>\n\t<meta name=\"twitter:label2\" content=\"Est. tempo de leitura\" \/>\n\t<meta name=\"twitter:data2\" content=\"9 minutos\" \/>\n<script type=\"application\/ld+json\" class=\"yoast-schema-graph\">{\"@context\":\"https:\/\/schema.org\",\"@graph\":[{\"@type\":\"NewsArticle\",\"@id\":\"https:\/\/www.estrategiaconcursos.com.br\/blog\/prova-comentada-da-receita-federal-2012-constitucional-4\/#article\",\"isPartOf\":{\"@id\":\"https:\/\/www.estrategiaconcursos.com.br\/blog\/prova-comentada-da-receita-federal-2012-constitucional-4\/\"},\"author\":{\"name\":\"Cyonil Borges\",\"@id\":\"https:\/\/www.estrategiaconcursos.com.br\/blog\/#\/schema\/person\/4c53a2597f1322ea2310e358e73830fe\"},\"headline\":\"Prova Comentada da Receita Federal 2012 (Constitucional)\",\"datePublished\":\"2012-09-29T00:32:01+00:00\",\"dateModified\":\"2019-11-08T18:42:31+00:00\",\"mainEntityOfPage\":{\"@id\":\"https:\/\/www.estrategiaconcursos.com.br\/blog\/prova-comentada-da-receita-federal-2012-constitucional-4\/\"},\"wordCount\":1715,\"commentCount\":0,\"publisher\":{\"@id\":\"https:\/\/www.estrategiaconcursos.com.br\/blog\/#organization\"},\"articleSection\":[\"Concursos P\u00fablicos\"],\"inLanguage\":\"pt-BR\",\"potentialAction\":[{\"@type\":\"CommentAction\",\"name\":\"Comment\",\"target\":[\"https:\/\/www.estrategiaconcursos.com.br\/blog\/prova-comentada-da-receita-federal-2012-constitucional-4\/#respond\"]}],\"copyrightYear\":\"2012\",\"copyrightHolder\":{\"@id\":\"https:\/\/www.estrategiaconcursos.com.br\/blog\/#organization\"}},{\"@type\":\"WebPage\",\"@id\":\"https:\/\/www.estrategiaconcursos.com.br\/blog\/prova-comentada-da-receita-federal-2012-constitucional-4\/\",\"url\":\"https:\/\/www.estrategiaconcursos.com.br\/blog\/prova-comentada-da-receita-federal-2012-constitucional-4\/\",\"name\":\"Prova Comentada da Receita Federal 2012 (Constitucional)\",\"isPartOf\":{\"@id\":\"https:\/\/www.estrategiaconcursos.com.br\/blog\/#website\"},\"datePublished\":\"2012-09-29T00:32:01+00:00\",\"dateModified\":\"2019-11-08T18:42:31+00:00\",\"breadcrumb\":{\"@id\":\"https:\/\/www.estrategiaconcursos.com.br\/blog\/prova-comentada-da-receita-federal-2012-constitucional-4\/#breadcrumb\"},\"inLanguage\":\"pt-BR\",\"potentialAction\":[{\"@type\":\"ReadAction\",\"target\":[\"https:\/\/www.estrategiaconcursos.com.br\/blog\/prova-comentada-da-receita-federal-2012-constitucional-4\/\"]}]},{\"@type\":\"BreadcrumbList\",\"@id\":\"https:\/\/www.estrategiaconcursos.com.br\/blog\/prova-comentada-da-receita-federal-2012-constitucional-4\/#breadcrumb\",\"itemListElement\":[{\"@type\":\"ListItem\",\"position\":1,\"name\":\"In\u00edcio\",\"item\":\"https:\/\/www.estrategiaconcursos.com.br\/blog\/\"},{\"@type\":\"ListItem\",\"position\":2,\"name\":\"Prova Comentada da Receita Federal 2012 (Constitucional)\"}]},{\"@type\":\"WebSite\",\"@id\":\"https:\/\/www.estrategiaconcursos.com.br\/blog\/#website\",\"url\":\"https:\/\/www.estrategiaconcursos.com.br\/blog\/\",\"name\":\"Estrat\u00e9gia Concursos\",\"description\":\"O blog da Estrat\u00e9gia Concursos traz not\u00edcias sobre concursos e artigos de professores oferecendo cursos para concursos (pdf + videaulas) no site.\",\"publisher\":{\"@id\":\"https:\/\/www.estrategiaconcursos.com.br\/blog\/#organization\"},\"potentialAction\":[{\"@type\":\"SearchAction\",\"target\":{\"@type\":\"EntryPoint\",\"urlTemplate\":\"https:\/\/www.estrategiaconcursos.com.br\/blog\/?s={search_term_string}\"},\"query-input\":{\"@type\":\"PropertyValueSpecification\",\"valueRequired\":true,\"valueName\":\"search_term_string\"}}],\"inLanguage\":\"pt-BR\"},{\"@type\":\"Organization\",\"@id\":\"https:\/\/www.estrategiaconcursos.com.br\/blog\/#organization\",\"name\":\"Estrat\u00e9gia Concursos\",\"url\":\"https:\/\/www.estrategiaconcursos.com.br\/blog\/\",\"logo\":{\"@type\":\"ImageObject\",\"inLanguage\":\"pt-BR\",\"@id\":\"https:\/\/www.estrategiaconcursos.com.br\/blog\/#\/schema\/logo\/image\/\",\"url\":\"https:\/\/dhg1h5j42swfq.cloudfront.net\/2025\/06\/03203428\/logo_concursos-1.jpg\",\"contentUrl\":\"https:\/\/dhg1h5j42swfq.cloudfront.net\/2025\/06\/03203428\/logo_concursos-1.jpg\",\"width\":230,\"height\":60,\"caption\":\"Estrat\u00e9gia Concursos\"},\"image\":{\"@id\":\"https:\/\/www.estrategiaconcursos.com.br\/blog\/#\/schema\/logo\/image\/\"},\"sameAs\":[\"https:\/\/x.com\/EstratConcursos\"]},{\"@type\":\"Person\",\"@id\":\"https:\/\/www.estrategiaconcursos.com.br\/blog\/#\/schema\/person\/4c53a2597f1322ea2310e358e73830fe\",\"name\":\"Cyonil Borges\",\"image\":{\"@type\":\"ImageObject\",\"inLanguage\":\"pt-BR\",\"@id\":\"https:\/\/secure.gravatar.com\/avatar\/c2c7886a1b5c1e2b09a8f6619c7d9dc842157f1aae77fcfd4999672deeb26a7c?s=96&d=mm&r=g\",\"url\":\"https:\/\/secure.gravatar.com\/avatar\/c2c7886a1b5c1e2b09a8f6619c7d9dc842157f1aae77fcfd4999672deeb26a7c?s=96&d=mm&r=g\",\"contentUrl\":\"https:\/\/secure.gravatar.com\/avatar\/c2c7886a1b5c1e2b09a8f6619c7d9dc842157f1aae77fcfd4999672deeb26a7c?s=96&d=mm&r=g\",\"caption\":\"Cyonil Borges\"},\"url\":\"https:\/\/www.estrategiaconcursos.com.br\/blog\/author\/cyonilestrategiaconcursos-com-br\/\"}]}<\/script>\n<!-- \/ Yoast SEO Premium plugin. -->","yoast_head_json":{"title":"Prova Comentada da Receita Federal 2012 (Constitucional)","robots":{"index":"index","follow":"follow","max-snippet":"max-snippet:-1","max-image-preview":"max-image-preview:large","max-video-preview":"max-video-preview:-1"},"canonical":"https:\/\/www.estrategiaconcursos.com.br\/blog\/prova-comentada-da-receita-federal-2012-constitucional-4\/","og_locale":"pt_BR","og_type":"article","og_title":"Prova Comentada da Receita Federal 2012 (Constitucional)","og_description":"A\u00ed Galerinha, Prova boa! Sim, boa &#8220;pra&#8221; quem? &#8220;Pra&#8221; minha sogra que fez o concurso, e eu torci tanto por ela. Deixando a sogra de lado, a prova foi diferente. A sorte \u00e9 que mais da metade das quest\u00f5es eram conhecidas, algumas, inclusive, j\u00e1 aplicadas no ano de 2012, ou pela ESAF, ou pelo CESPE. [&hellip;]","og_url":"https:\/\/www.estrategiaconcursos.com.br\/blog\/prova-comentada-da-receita-federal-2012-constitucional-4\/","og_site_name":"Estrat\u00e9gia Concursos","article_published_time":"2012-09-29T00:32:01+00:00","article_modified_time":"2019-11-08T18:42:31+00:00","author":"Cyonil Borges","twitter_card":"summary_large_image","twitter_creator":"@EstratConcursos","twitter_site":"@EstratConcursos","twitter_misc":{"Escrito por":"Cyonil Borges","Est. tempo de leitura":"9 minutos"},"schema":{"@context":"https:\/\/schema.org","@graph":[{"@type":"NewsArticle","@id":"https:\/\/www.estrategiaconcursos.com.br\/blog\/prova-comentada-da-receita-federal-2012-constitucional-4\/#article","isPartOf":{"@id":"https:\/\/www.estrategiaconcursos.com.br\/blog\/prova-comentada-da-receita-federal-2012-constitucional-4\/"},"author":{"name":"Cyonil Borges","@id":"https:\/\/www.estrategiaconcursos.com.br\/blog\/#\/schema\/person\/4c53a2597f1322ea2310e358e73830fe"},"headline":"Prova Comentada da Receita Federal 2012 (Constitucional)","datePublished":"2012-09-29T00:32:01+00:00","dateModified":"2019-11-08T18:42:31+00:00","mainEntityOfPage":{"@id":"https:\/\/www.estrategiaconcursos.com.br\/blog\/prova-comentada-da-receita-federal-2012-constitucional-4\/"},"wordCount":1715,"commentCount":0,"publisher":{"@id":"https:\/\/www.estrategiaconcursos.com.br\/blog\/#organization"},"articleSection":["Concursos P\u00fablicos"],"inLanguage":"pt-BR","potentialAction":[{"@type":"CommentAction","name":"Comment","target":["https:\/\/www.estrategiaconcursos.com.br\/blog\/prova-comentada-da-receita-federal-2012-constitucional-4\/#respond"]}],"copyrightYear":"2012","copyrightHolder":{"@id":"https:\/\/www.estrategiaconcursos.com.br\/blog\/#organization"}},{"@type":"WebPage","@id":"https:\/\/www.estrategiaconcursos.com.br\/blog\/prova-comentada-da-receita-federal-2012-constitucional-4\/","url":"https:\/\/www.estrategiaconcursos.com.br\/blog\/prova-comentada-da-receita-federal-2012-constitucional-4\/","name":"Prova Comentada da Receita Federal 2012 (Constitucional)","isPartOf":{"@id":"https:\/\/www.estrategiaconcursos.com.br\/blog\/#website"},"datePublished":"2012-09-29T00:32:01+00:00","dateModified":"2019-11-08T18:42:31+00:00","breadcrumb":{"@id":"https:\/\/www.estrategiaconcursos.com.br\/blog\/prova-comentada-da-receita-federal-2012-constitucional-4\/#breadcrumb"},"inLanguage":"pt-BR","potentialAction":[{"@type":"ReadAction","target":["https:\/\/www.estrategiaconcursos.com.br\/blog\/prova-comentada-da-receita-federal-2012-constitucional-4\/"]}]},{"@type":"BreadcrumbList","@id":"https:\/\/www.estrategiaconcursos.com.br\/blog\/prova-comentada-da-receita-federal-2012-constitucional-4\/#breadcrumb","itemListElement":[{"@type":"ListItem","position":1,"name":"In\u00edcio","item":"https:\/\/www.estrategiaconcursos.com.br\/blog\/"},{"@type":"ListItem","position":2,"name":"Prova Comentada da Receita Federal 2012 (Constitucional)"}]},{"@type":"WebSite","@id":"https:\/\/www.estrategiaconcursos.com.br\/blog\/#website","url":"https:\/\/www.estrategiaconcursos.com.br\/blog\/","name":"Estrat\u00e9gia Concursos","description":"O blog da Estrat\u00e9gia Concursos traz not\u00edcias sobre concursos e artigos de professores oferecendo cursos para concursos (pdf + videaulas) no site.","publisher":{"@id":"https:\/\/www.estrategiaconcursos.com.br\/blog\/#organization"},"potentialAction":[{"@type":"SearchAction","target":{"@type":"EntryPoint","urlTemplate":"https:\/\/www.estrategiaconcursos.com.br\/blog\/?s={search_term_string}"},"query-input":{"@type":"PropertyValueSpecification","valueRequired":true,"valueName":"search_term_string"}}],"inLanguage":"pt-BR"},{"@type":"Organization","@id":"https:\/\/www.estrategiaconcursos.com.br\/blog\/#organization","name":"Estrat\u00e9gia Concursos","url":"https:\/\/www.estrategiaconcursos.com.br\/blog\/","logo":{"@type":"ImageObject","inLanguage":"pt-BR","@id":"https:\/\/www.estrategiaconcursos.com.br\/blog\/#\/schema\/logo\/image\/","url":"https:\/\/dhg1h5j42swfq.cloudfront.net\/2025\/06\/03203428\/logo_concursos-1.jpg","contentUrl":"https:\/\/dhg1h5j42swfq.cloudfront.net\/2025\/06\/03203428\/logo_concursos-1.jpg","width":230,"height":60,"caption":"Estrat\u00e9gia Concursos"},"image":{"@id":"https:\/\/www.estrategiaconcursos.com.br\/blog\/#\/schema\/logo\/image\/"},"sameAs":["https:\/\/x.com\/EstratConcursos"]},{"@type":"Person","@id":"https:\/\/www.estrategiaconcursos.com.br\/blog\/#\/schema\/person\/4c53a2597f1322ea2310e358e73830fe","name":"Cyonil Borges","image":{"@type":"ImageObject","inLanguage":"pt-BR","@id":"https:\/\/secure.gravatar.com\/avatar\/c2c7886a1b5c1e2b09a8f6619c7d9dc842157f1aae77fcfd4999672deeb26a7c?s=96&d=mm&r=g","url":"https:\/\/secure.gravatar.com\/avatar\/c2c7886a1b5c1e2b09a8f6619c7d9dc842157f1aae77fcfd4999672deeb26a7c?s=96&d=mm&r=g","contentUrl":"https:\/\/secure.gravatar.com\/avatar\/c2c7886a1b5c1e2b09a8f6619c7d9dc842157f1aae77fcfd4999672deeb26a7c?s=96&d=mm&r=g","caption":"Cyonil Borges"},"url":"https:\/\/www.estrategiaconcursos.com.br\/blog\/author\/cyonilestrategiaconcursos-com-br\/"}]}},"_links":{"self":[{"href":"https:\/\/www.estrategiaconcursos.com.br\/blog\/wp-json\/wp\/v2\/posts\/9077","targetHints":{"allow":["GET"]}}],"collection":[{"href":"https:\/\/www.estrategiaconcursos.com.br\/blog\/wp-json\/wp\/v2\/posts"}],"about":[{"href":"https:\/\/www.estrategiaconcursos.com.br\/blog\/wp-json\/wp\/v2\/types\/post"}],"author":[{"embeddable":true,"href":"https:\/\/www.estrategiaconcursos.com.br\/blog\/wp-json\/wp\/v2\/users\/7"}],"replies":[{"embeddable":true,"href":"https:\/\/www.estrategiaconcursos.com.br\/blog\/wp-json\/wp\/v2\/comments?post=9077"}],"version-history":[{"count":1,"href":"https:\/\/www.estrategiaconcursos.com.br\/blog\/wp-json\/wp\/v2\/posts\/9077\/revisions"}],"predecessor-version":[{"id":445905,"href":"https:\/\/www.estrategiaconcursos.com.br\/blog\/wp-json\/wp\/v2\/posts\/9077\/revisions\/445905"}],"wp:attachment":[{"href":"https:\/\/www.estrategiaconcursos.com.br\/blog\/wp-json\/wp\/v2\/media?parent=9077"}],"wp:term":[{"taxonomy":"category","embeddable":true,"href":"https:\/\/www.estrategiaconcursos.com.br\/blog\/wp-json\/wp\/v2\/categories?post=9077"},{"taxonomy":"post_tag","embeddable":true,"href":"https:\/\/www.estrategiaconcursos.com.br\/blog\/wp-json\/wp\/v2\/tags?post=9077"},{"taxonomy":"tax_estado","embeddable":true,"href":"https:\/\/www.estrategiaconcursos.com.br\/blog\/wp-json\/wp\/v2\/tax_estado?post=9077"}],"curies":[{"name":"wp","href":"https:\/\/api.w.org\/{rel}","templated":true}]}}