{"id":907241,"date":"2021-11-18T10:00:00","date_gmt":"2021-11-18T13:00:00","guid":{"rendered":"https:\/\/www.estrategiaconcursos.com.br\/blog\/?p=907241"},"modified":"2021-11-12T16:23:01","modified_gmt":"2021-11-12T19:23:01","slug":"defeitos-dos-negocios-juridicos-sefaz-santa-catarina","status":"publish","type":"post","link":"https:\/\/www.estrategiaconcursos.com.br\/blog\/defeitos-dos-negocios-juridicos-sefaz-santa-catarina\/","title":{"rendered":"Defeitos dos Neg\u00f3cios Jur\u00eddicos: SEFAZ Santa Catarina"},"content":{"rendered":"\n<p>Entenda quais s\u00e3o os t\u00f3picos mais importantes no que diz respeito aos Defeitos dos Neg\u00f3cios Jur\u00eddicos e direcione seus estudos para o <strong>Sefaz Santa Catarina (SC)<\/strong>, focando nos assuntos que costumam ser cobrados nas provas de concursos.<\/p>\n\n\n\n<p>Est\u00e3o abertas as inscri\u00e7\u00f5es do <a href=\"https:\/\/dhg1h5j42swfq.cloudfront.net\/2021\/10\/05102910\/edital_sefsc_2021_01outubro2021_versao_final.pdf\">concurso&nbsp;Sefaz Santa Catarina (SC)&nbsp;<\/a>para provimento de&nbsp;<strong>58 vagas ao cargo de Analista da Receita Estadual IV.<\/strong>&nbsp; As <strong>provas <\/strong>est\u00e3o marcadas para o dia <strong>19 de dezembro de 2021<\/strong>.<\/p>\n\n\n\n<p><strong>Defeitos dos Neg\u00f3cios Jur\u00eddicos<\/strong> \u00e9 assunto recorrente em provas de Direito Civil, especialmente para concursos fiscais, nos quais o peso da disciplina costuma ter grande incid\u00eancia. No caso da Sefaz SC n\u00e3o \u00e9 diferente, uma vez que o Direito Civil aparece com 08 quest\u00f5es dentre as 40 quest\u00f5es dos \u201cconhecimentos gerais\u201d da prova objetiva.<\/p>\n\n\n\n<p>Para explica\u00e7\u00f5es mais detalhadas, com exemplos pr\u00e1ticos e resolu\u00e7\u00e3o passo a passo dos exerc\u00edcios<a href=\"https:\/\/www.estrategiaconcursos.com.br\/cursosPorConcurso\/secretaria-da-fazenda-do-estado-de-santa-catarina-sefaz-sc\/\">, acesse aqui&nbsp;<\/a>nossos cursos para o Concurso da Sefaz SC, elaborados pelos melhores professores da \u00e1rea.<\/p>\n\n\n\n<figure class=\"wp-block-gallery columns-1 is-cropped wp-block-gallery-1 is-layout-flex wp-block-gallery-is-layout-flex\"><ul class=\"blocks-gallery-grid\"><li class=\"blocks-gallery-item\"><figure><img loading=\"lazy\" decoding=\"async\" width=\"768\" height=\"432\" src=\"https:\/\/dhg1h5j42swfq.cloudfront.net\/2021\/05\/24100723\/sefaz-sc.jpg\" alt=\"Defeitos dos Neg\u00f3cios Jur\u00eddicos SEFAZ SC\" data-id=\"749134\" data-full-url=\"https:\/\/dhg1h5j42swfq.cloudfront.net\/2021\/05\/24100723\/sefaz-sc.jpg\" data-link=\"https:\/\/www.estrategiaconcursos.com.br\/blog\/concurso-sefaz-sc\/sefaz-sc-2\/\" class=\"wp-image-749134\" srcset=\"https:\/\/dhg1h5j42swfq.cloudfront.net\/2021\/05\/24100723\/sefaz-sc.jpg 768w, https:\/\/dhg1h5j42swfq.cloudfront.net\/2021\/05\/24100723\/sefaz-sc-300x169.jpg 300w, https:\/\/dhg1h5j42swfq.cloudfront.net\/2021\/05\/24100723\/sefaz-sc-610x343.jpg 610w\" sizes=\"auto, (max-width: 768px) 100vw, 768px\" \/><\/figure><\/li><\/ul><\/figure>\n\n\n\n<h2 class=\"wp-block-heading\"><strong>Defeitos dos Neg\u00f3cios Jur\u00eddicos para o Sefaz Santa Catarina<\/strong><\/h2>\n\n\n\n<p>Os dispositivos que dizem respeito aos <strong>Defeitos dos Neg\u00f3cios Jur\u00eddicos<\/strong> est\u00e3o concentrados nos <strong>artigos 138 a 165 do C\u00f3digo Civil<\/strong>.<\/p>\n\n\n\n<p>Via de regra, para provas objetivas, \u00e9 necess\u00e1rio o conhecimento da lei seca e de algumas decis\u00f5es dos Tribunais Superiores relacionadas a esses dispositivos. Essas regras apresentam certo grau de dificuldade de apreens\u00e3o pelos candidatos.<\/p>\n\n\n\n<p>Dito isso, a seguir vamos dispor de forma estruturada sobre os principais pontos dos <strong>Defeitos dos Neg\u00f3cios Jur\u00eddicos<\/strong> e jurisprud\u00eancia correlata, de forma a facilitar a compreens\u00e3o do conte\u00fado e garantir pontos aos candidatos do concurso da Sefaz SC.<\/p>\n\n\n\n<p>Para mais informa\u00e7\u00f5es acerca do concurso da <strong>Sefaz SC clique <\/strong><a href=\"https:\/\/www.estrategiaconcursos.com.br\/blog\/concurso-sefaz-sc\/#etapas\">aqui<\/a><strong>.<\/strong><\/p>\n\n\n\n<h2 class=\"wp-block-heading\"><strong>Neg\u00f3cios Jur\u00eddicos (NJ)<\/strong><\/h2>\n\n\n\n<p>Os <strong>neg\u00f3cios jur\u00eddicos<\/strong> s\u00e3o esp\u00e9cie de<strong> ato jur\u00eddico lato sensu<\/strong>, caracterizados pela exterioriza\u00e7\u00e3o consciente de vontade, que tenha por objeto obter um resultado juridicamente protegido ou n\u00e3o proibido e poss\u00edvel.<\/p>\n\n\n\n<p>O quadro abaixo mostra a localiza\u00e7\u00e3o dos neg\u00f3cios jur\u00eddicos dentro da doutrina dos <strong>fatos jur\u00eddicos latu sensu:<\/strong><\/p>\n\n\n\n<p><strong>FATOS JUR\u00cdDICOS EM SENTIDO AMPLO (LATO SENSU)<\/strong><strong><\/strong><\/p>\n\n\n\n<figure class=\"wp-block-table is-style-stripes\"><table><tbody><tr><td>Fato jur\u00eddico em sentido estrito (stricto sensu)<\/td><td>Independe da conduta humana (mas ela pode estar presente). Ex.: frutifica\u00e7\u00e3o de uma \u00e1rvore ou o nascimento de uma crian\u00e7a, a maioridade e a morte.<\/td><\/tr><tr><td>Atos-fatos jur\u00eddicos (atos reais)<\/td><td>Existe conduta humana, mas a vontade humana n\u00e3o \u00e9 relevante. Ex.: a ca\u00e7a ou a pesca, bem como a tomada de posse ou o descobrimento do tesouro, menor comprar um lanche<\/td><\/tr><tr><td>Atos jur\u00eddicos em sentido amplo (lato sensu): Ato jur\u00eddico em sentido estrito (stricto sensu \u2013 ato n\u00e3o negocial)Neg\u00f3cio jur\u00eddico (ato negocial)<\/td><td>Exterioriza\u00e7\u00e3o consciente de vontade, que tenha por objeto obter um resultado juridicamente protegido ou n\u00e3o proibido e poss\u00edvel. Ex.: &nbsp;Pagamento Contratos<\/td><\/tr><\/tbody><\/table><\/figure>\n\n\n\n<h3 class=\"wp-block-heading\"><strong>Requisitos de validade dos neg\u00f3cios jur\u00eddicos<\/strong><\/h3>\n\n\n\n<p>A validade dos neg\u00f3cios jur\u00eddicos tem como requisitos:<\/p>\n\n\n\n<p><strong>I \u2013 Agente:<\/strong><\/p>\n\n\n\n<ol class=\"wp-block-list\" type=\"a\"><li>Capaz;<\/li><li>Manifesta\u00e7\u00e3o perfeita (livre de v\u00edcios).<\/li><\/ol>\n\n\n\n<p><strong>II &#8211; Objeto:&nbsp;<\/strong><\/p>\n\n\n\n<ol class=\"wp-block-list\" type=\"a\"><li>L\u00edcito;<\/li><li>Poss\u00edvel;<\/li><li>Determinado ou determin\u00e1vel.<\/li><\/ol>\n\n\n\n<p><strong>III \u2013 Forma:<\/strong><\/p>\n\n\n\n<ol class=\"wp-block-list\" type=\"a\"><li>Prescrita em lei;<\/li><li>N\u00e3o defesa (n\u00e3o proibida) em lei.<\/li><\/ol>\n\n\n\n<h2 class=\"wp-block-heading\"><strong>Invalidade dos neg\u00f3cios jur\u00eddicos<\/strong><\/h2>\n\n\n\n<p>Antes de falar propriamente dos defeitos dos neg\u00f3cios jur\u00eddicos, \u00e9 necess\u00e1rio fazer algumas considera\u00e7\u00f5es introdut\u00f3rias.<\/p>\n\n\n\n<p>Os <strong>neg\u00f3cios jur\u00eddicos<\/strong> est\u00e3o sujeitos a dois tipos de <strong>invalidades<\/strong>: as <strong>nulidades <\/strong>(nulidades absolutas) e as <strong>anulabilidades<\/strong> (nulidades relativas).<\/p>\n\n\n\n<p>Na invalida\u00e7\u00e3o do ato, seja decorrente de uma nulidade ou de uma anulabilidade, o objetivo \u00e9 exatamente retornar as coisas ao estado anterior, ou seja, ambas produzem <strong>efeitos <em>ex tunc<\/em>.<\/strong><\/p>\n\n\n\n<h2 class=\"wp-block-heading\"><strong>Nulidades<\/strong><\/h2>\n\n\n\n<p>O <strong>art.166 do C\u00f3digo Civil<\/strong> prev\u00ea os<strong> casos gen\u00e9ricos de nulidade dos neg\u00f3cios jur\u00eddicos<\/strong>, entretanto, h\u00e1 diversas nulidades textuais (quando a lei expressamente prev\u00ea ser nulo o ato) e virtuais (quando a lei pro\u00edbe a pr\u00e1tica de ato sem cominar san\u00e7\u00e3o) espalhadas em outros dispositivos no ordenamento jur\u00eddico.<\/p>\n\n\n\n<p><strong>Hip\u00f3teses gen\u00e9ricas de nulidade:<\/strong><\/p>\n\n\n\n<p>Neg\u00f3cio jur\u00eddico:<\/p>\n\n\n\n<p>I &#8211; celebrado por <strong>pessoa absolutamente incapaz<\/strong>;<\/p>\n\n\n\n<p>II &#8211; com <strong>objeto il\u00edcito, imposs\u00edvel ou indetermin\u00e1vel<\/strong>;<\/p>\n\n\n\n<p>III &#8211; em que o <strong>motivo determinante, comum a ambas as partes, for il\u00edcito<\/strong>;<\/p>\n\n\n\n<p>IV &#8211; <strong>n\u00e3o revestido da forma prescrita em lei<\/strong>;<\/p>\n\n\n\n<p>V &#8211; se <strong>preterida alguma solenidade que a lei considere essencial<\/strong> para a sua validade;<\/p>\n\n\n\n<p>VI &#8211; com <strong>objetivo de fraudar lei imperativa<\/strong>;<\/p>\n\n\n\n<p>VII &#8211; se a <strong>lei taxativamente o declarar nulo, ou proibir-lhe a pr\u00e1tica, sem cominar san\u00e7\u00e3o<\/strong>;<\/p>\n\n\n\n<p>VII &#8211; <strong>simulado<\/strong>.<\/p>\n\n\n\n<h2 class=\"wp-block-heading\"><strong>Anulabilidades<\/strong><\/h2>\n\n\n\n<p>O n\u00facleo das <strong>anulabilidades <\/strong>est\u00e1 no <strong>art. 171 do C\u00f3digo Civil<\/strong>, mas ele \u00e9 incompleto, pois faltam as anulabilidades espec\u00edficas, que est\u00e3o determinadas na lei e por ela espalhadas.<\/p>\n\n\n\n<p><em>Art. 171. Al\u00e9m dos casos expressamente declarados na lei, \u00e9 <strong>anul\u00e1vel <\/strong>o neg\u00f3cio jur\u00eddico:<\/em><\/p>\n\n\n\n<p><em>I &#8211; por <strong>incapacidade relativa do agente<\/strong>;<\/em><\/p>\n\n\n\n<p><em>II &#8211; por v\u00edcio resultante de<strong> erro, dolo, coa\u00e7\u00e3o, estado de perigo, les\u00e3o<\/strong> <\/em><strong><em>ou fraude contra<\/em> credores<\/strong>.<\/p>\n\n\n\n<p>Os principais pontos que diferenciam a nulidade e a anula\u00e7\u00e3o dos neg\u00f3cios jur\u00eddicos s\u00e3o os seguintes:<\/p>\n\n\n\n<figure class=\"wp-block-table is-style-stripes\"><table><tbody><tr><td>NULIDADE<\/td><td>ANULABILIDADE<\/td><\/tr><tr><td>N\u00e3o convalescem pelo decurso do tempo (prescri\u00e7\u00e3o e decad\u00eancia);<br \/>Nem o juiz nem as partes podem suprir;<br \/>Devem ser pronunciadas de of\u00edcio pelo juiz;<br \/>Podem ser alegadas por qualquer interessado e pelo MP.<\/td><td>Convalescem pelo decurso do tempo (prescri\u00e7\u00e3o e decad\u00eancia);<br \/>Podem ser supridas;<br \/>N\u00e3o podem ser pronunciadas de of\u00edcio pelo juiz;<br \/>N\u00e3o podem ser alegadas por qualquer interessado, apenas pelas pr\u00f3prias partes.<\/td><\/tr><\/tbody><\/table><\/figure>\n\n\n\n<h2 class=\"wp-block-heading\"><strong>Defeitos dos Neg\u00f3cios Jur\u00eddicos<\/strong><\/h2>\n\n\n\n<p>O objeto principal do nosso resumo \u00e9 o que o C\u00f3digo Civil convencionou chamar de <strong>Defeitos dos Neg\u00f3cios Jur\u00eddicos<\/strong>. Eles est\u00e3o presentes quando a vontade do sujeito praticante do neg\u00f3cio jur\u00eddico \u00e9 eivada de<strong> v\u00edcio de vontade, <\/strong>sendo<strong> causa de anulabilidade do neg\u00f3cio jur\u00eddico.<\/strong><\/p>\n\n\n\n<p>Os defeitos dos neg\u00f3cios jur\u00eddicos s\u00e3o <strong>erro, dolo, coa\u00e7\u00e3o e estado de perigo<\/strong>.<\/p>\n\n\n\n<p>A fraude contra credores tamb\u00e9m \u00e9 defeito do neg\u00f3cio jur\u00eddico, mas esta n\u00e3o \u00e9 v\u00edcio de vontade, e sim v\u00edcio social e ser\u00e1 abordada em uma pr\u00f3xima oportunidade, quando tratarmos especificamente do assunto.<\/p>\n\n\n\n<p>Vamos entender os defeitos dos neg\u00f3cios jur\u00eddicos, a seguir:<strong><\/strong><\/p>\n\n\n\n<h2 class=\"wp-block-heading\"><strong>ERRO\/IGNOR\u00c2NCIA<\/strong><\/h2>\n\n\n\n<p>\u00c9 a falsa representa\u00e7\u00e3o psicol\u00f3gica da realidade, ou seja, da situa\u00e7\u00e3o em face da qual a pessoa se encontra e que poderia ser percebido por pessoa de dilig\u00eancia normal.<\/p>\n\n\n\n<p>\u00c9 irrelevante ser ou n\u00e3o escus\u00e1vel o erro, pois adota-se o princ\u00edpio da confian\u00e7a.<\/p>\n\n\n\n<p>Erro deve ser <strong>SUBSTANCIAL, <\/strong>o que se caracteriza nas seguintes hip\u00f3teses:<\/p>\n\n\n\n<p><strong>&#8211; Erro quanto \u00e0 natureza do neg\u00f3cio (error in negotio):<\/strong> interessa \u00e0 natureza do neg\u00f3cio ou a alguma das qualidades a ele essenciais;<\/p>\n\n\n\n<p><strong>&#8211; Erro da coisa (error in corpore):<\/strong> interessa ao objeto principal da declara\u00e7\u00e3o, ou a alguma das qualidades a ele essenciais;<\/p>\n\n\n\n<p><strong>&#8211; Erro de indica\u00e7\u00e3o da pessoa (error in persona):<\/strong> concerne \u00e0 identidade ou \u00e0 qualidade essencial da pessoa a quem se refira a declara\u00e7\u00e3o de vontade, desde que tenha influ\u00eddo nesta de modo relevante;<\/p>\n\n\n\n<p><strong>&#8211; Erro de direito: <\/strong>sendo de direito e n\u00e3o implicando recusa \u00e0 aplica\u00e7\u00e3o da lei, for o motivo \u00fanico ou principal do neg\u00f3cio jur\u00eddico.<\/p>\n\n\n\n<p>&nbsp;<strong>Obs.: Transmiss\u00e3o err\u00f4nea da vontade por meios interpostos:<\/strong> \u00e9 anul\u00e1vel nos mesmos casos em que o \u00e9 a declara\u00e7\u00e3o direta.<\/p>\n\n\n\n<h3 class=\"wp-block-heading\"><strong>N\u00e3o \u00e9 caracterizado o erro nos seguintes casos:<\/strong><\/h3>\n\n\n\n<p><strong>&#8211; Erro de indica\u00e7\u00e3o da pessoa ou da coisa:<\/strong> n\u00e3o vicia o neg\u00f3cio quando, por seu contexto e pelas circunst\u00e2ncias, puder se identificar a coisa ou pessoa cogitada;<\/p>\n\n\n\n<p><strong>&#8211; Erro de c\u00e1lculo<\/strong>: apenas autoriza a retifica\u00e7\u00e3o da declara\u00e7\u00e3o de vontade, mas n\u00e3o comporta anula\u00e7\u00e3o;<\/p>\n\n\n\n<p><strong>&#8211; F<\/strong><strong>also motivo:<\/strong> s\u00f3 vicia a declara\u00e7\u00e3o de vontade quando expresso como raz\u00e3o determinante.<\/p>\n\n\n\n<h3 class=\"wp-block-heading\"><strong>Convalida\u00e7\u00e3o<\/strong>:<\/h3>\n\n\n\n<p>Pode-se, em qualquer caso, afastar a anula\u00e7\u00e3o do ato se o outro consentir em cumpri-lo em conformidade com a vontade daquele que havia feito a declara\u00e7\u00e3o.<\/p>\n\n\n\n<h2 class=\"wp-block-heading\"><strong>DOLO<\/strong><\/h2>\n\n\n\n<p>Sin\u00f4nimo de engano, embuste, trai\u00e7\u00e3o, trapa\u00e7a. \u00c9 a a\u00e7\u00e3o ou omiss\u00e3o em induzir, fortalecer ou manter o outro na falsa representa\u00e7\u00e3o da realidade para beneficiar a si ou a outrem.<\/p>\n\n\n\n<p>O dolo deve ser a <strong>CAUSA EFICIENTE<\/strong> do neg\u00f3cio jur\u00eddico e o sil\u00eancio pode ser interpretado como omiss\u00e3o dolosa.<\/p>\n\n\n\n<h3 class=\"wp-block-heading\"><strong>Dolo de terceiro:<\/strong><\/h3>\n\n\n\n<ol class=\"wp-block-list\" type=\"a\"><li><strong>Vicia o NJ:<\/strong> Se a parte a quem aproveite o dolo tivesse ou devesse ter conhecimento da pr\u00e1tica;<\/li><li><strong>Subsiste o NJ:<\/strong> se a parte a quem aproveite o dolo n\u00e3o tivesse ou n\u00e3o devesse ter conhecimento da pr\u00e1tica. Ainda que subsista o neg\u00f3cio jur\u00eddico, o terceiro responder\u00e1 pelas perdas e danos da parte a quem ludibriou.<\/li><\/ol>\n\n\n\n<h3 class=\"wp-block-heading\"><strong>Dolo do representante:<\/strong><\/h3>\n\n\n\n<p><strong>&#8211; <\/strong><strong>&nbsp;Dolo do representante legal:<\/strong> s\u00f3 obriga o representado a responder civilmente at\u00e9 a import\u00e2ncia do proveito que teve.<\/p>\n\n\n\n<p><strong>&#8211; Dolo do representante convencional:<\/strong> &nbsp;representado responder\u00e1 solidariamente por perdas e danos.<\/p>\n\n\n\n<h3 class=\"wp-block-heading\"><strong>N\u00e3o \u00e9 caracterizado o dolo nos seguintes casos:<\/strong><\/h3>\n\n\n\n<p><strong>&#8211; Dolo incidental\/acidental (dolo incidens):<\/strong> ocorre quando o neg\u00f3cio se realizaria mesmo que eu soubesse que o produto era mera r\u00e9plica, mas n\u00e3o por aquele pre\u00e7o, por exemplo. Apenas se indeniza o prejudicado pelas perdas e danos.<\/p>\n\n\n\n<p><strong>&#8211; Dolo rec\u00edproco (bilateral ou enantiom\u00f3rfico):<\/strong> ambos sabiam do defeito, pelo que ningu\u00e9m pode reclamar do neg\u00f3cio.<\/p>\n\n\n\n<p><strong>Obs.:<\/strong> o espalhafato e o exagero n\u00e3o s\u00e3o dolo.<\/p>\n\n\n\n<h2 class=\"wp-block-heading\"><strong>COA\u00c7\u00c3O<\/strong><\/h2>\n\n\n\n<p>A vontade \u00e9 viciada pelo medo de dano a si, a sua fam\u00edlia, ou aos bens da pessoa, a partir de uma amea\u00e7a f\u00edsica ou moral (vis compulsiva).<\/p>\n\n\n\n<p>Se a coa\u00e7\u00e3o for contra terceiro, n\u00e3o pertencente \u00e0 fam\u00edlia do paciente, o juiz, com base nas circunst\u00e2ncias, decidir\u00e1 se houve coa\u00e7\u00e3o.<\/p>\n\n\n\n<p>Ao apreciar a coa\u00e7\u00e3o, deve-se ter em conta o sexo, a idade, a condi\u00e7\u00e3o, a sa\u00fade, o temperamento do paciente e todas as demais circunst\u00e2ncias que possam influir na gravidade dela.<\/p>\n\n\n\n<p><strong>Obs.: Coa\u00e7\u00e3o f\u00edsica (vis absoluta): <\/strong>retira completamente a vontade do coato, o neg\u00f3cio jur\u00eddico \u00e9 inexistente.<\/p>\n\n\n\n<h3 class=\"wp-block-heading\"><strong>Coa\u00e7\u00e3o exercida por terceiro:<\/strong><\/h3>\n\n\n\n<p><strong>a) Vicia o NJ:<\/strong> Se dela tivesse ou devesse ter conhecimento a parte a que aproveite, e esta responder\u00e1 solidariamente com aquele por perdas e danos.<\/p>\n\n\n\n<p><strong>b)&nbsp;Subsiste o NJ:<\/strong> Sem que dela tivesse ou devesse ter conhecimento a parte a que aproveite, subsistir\u00e1 o neg\u00f3cio jur\u00eddico, mas o autor da coa\u00e7\u00e3o responder\u00e1 por todas as perdas e danos que houver causado.<\/p>\n\n\n\n<h3 class=\"wp-block-heading\"><strong>N\u00e3o \u00e9 caracterizada a coa\u00e7\u00e3o nos seguintes casos:<\/strong><\/h3>\n\n\n\n<ul class=\"wp-block-list\"><li><strong>Amea\u00e7a do exerc\u00edcio normal de um direito:<\/strong> quando um vizinho amea\u00e7a chamar a pol\u00edcia diante da perturba\u00e7\u00e3o de sossego por conta do som alto do outro vizinho;<\/li><li><strong>Temor reverencial:<\/strong> m\u00e3e que amea\u00e7a castigar o filho.<\/li><\/ul>\n\n\n\n<h2 class=\"wp-block-heading\"><strong>LES\u00c3O<\/strong><\/h2>\n\n\n\n<p>Conhecida como \u201cgalinha morta\u201d, \u201cneg\u00f3cio da China\u201d, agiotagem. Neg\u00f3cio jur\u00eddico manifestamente desproporcional que se deu por estado de <strong>necessidade <\/strong>ou <strong>inexperi\u00eancia <\/strong>de um dos negociantes.<\/p>\n\n\n\n<p>A aprecia\u00e7\u00e3o da despropor\u00e7\u00e3o das presta\u00e7\u00f5es se d\u00e1 segundo os valores vigentes ao tempo em que foi celebrado o neg\u00f3cio jur\u00eddico. N\u00e3o h\u00e1 les\u00e3o se \u00e9 verificada despropor\u00e7\u00e3o de valores durante a execu\u00e7\u00e3o do contrato.<\/p>\n\n\n\n<p>Na les\u00e3o ocorrida por <strong>inexperi\u00eancia<\/strong>, o \u201clesado\u201d \u00e0s vezes sequer sabe que est\u00e1 sendo lesado. Ademais, sua caracteriza\u00e7\u00e3o independe de o \u201clesador\u201d saber do estado de necessidade ou inexperi\u00eancia da contraparte (n\u00e3o exige dolo de aproveitamento).<\/p>\n\n\n\n<h3 class=\"wp-block-heading\"><strong>Convalida\u00e7\u00e3o<\/strong>:<\/h3>\n\n\n\n<p>Pode o benefici\u00e1rio manter o neg\u00f3cio, reduzindo a onerosidade a patamar justo.<\/p>\n\n\n\n<h2 class=\"wp-block-heading\"><strong>ESTADO DE PERIGO<\/strong><\/h2>\n\n\n\n<p>Algu\u00e9m, premido pela necessidade de salvar-se, ou a pessoa de sua fam\u00edlia, de grave dano conhecido pela outra parte, assume obriga\u00e7\u00e3o excessivamente onerosa.<\/p>\n\n\n\n<p>Tratando-se de pessoa n\u00e3o pertencente \u00e0 fam\u00edlia do declarante, o juiz decidir\u00e1 segundo as circunst\u00e2ncias do caso.<\/p>\n\n\n\n<h3 class=\"wp-block-heading\"><strong>Pressupostos<\/strong>:<\/h3>\n\n\n\n<ul class=\"wp-block-list\"><li><strong>Dano <\/strong>deve ser <strong>pessoal <\/strong>(n\u00e3o patrimonial);<\/li><li><strong>Urg\u00eancia e gravidade do dano\/risco<\/strong>;<\/li><li><strong>Rela\u00e7\u00e3o de causa e efeito <\/strong>entre o perigo e o neg\u00f3cio;<\/li><li><strong>Dolo <\/strong>da contraparte;<\/li><li><strong>Excessiva onerosidade<\/strong>.<\/li><\/ul>\n\n\n\n<h3 class=\"wp-block-heading\"><strong>Convalida\u00e7\u00e3o<\/strong>:<\/h3>\n\n\n\n<p>Apesar de n\u00e3o previsto no CC, a convalida\u00e7\u00e3o no NJ se aplica por analogia \u00e0 les\u00e3o: n\u00e3o se decretar\u00e1 a anula\u00e7\u00e3o do neg\u00f3cio, se for oferecido suplemento suficiente, ou se a parte favorecida concordar com a redu\u00e7\u00e3o do proveito.<\/p>\n\n\n\n<p>O quadro a seguir ajuda na diferencia\u00e7\u00e3o entre a les\u00e3o e o estado de perigo:<\/p>\n\n\n\n<figure class=\"wp-block-table is-style-stripes\"><table><tbody><tr><td>LES\u00c3O<\/td><td>ESTADO DE PERIGO<\/td><\/tr><tr><td>\u2022 Independe do conhecimento da outra parte <br \/>\u2022 Patrimonial, n\u00e3o pessoal <br \/>\u2022 Desproporcionalidade na presta\u00e7\u00e3o<\/td><td>\u2022 Dolo da outra parte <br \/>\u2022 Pessoal, n\u00e3o patrimonial <br \/>\u2022 Excessiva onerosidade na presta\u00e7\u00e3o<\/td><\/tr><\/tbody><\/table><\/figure>\n\n\n\n<h2 class=\"wp-block-heading\"><strong>Prazo de decadencial<\/strong><\/h2>\n\n\n\n<p>O prazo decadencial para anula\u00e7\u00e3o dos neg\u00f3cios jur\u00eddicos eivados de defeitos \u00e9 de<strong> 4 anos<\/strong>, contados:<\/p>\n\n\n\n<p>I &#8211; no caso de coa\u00e7\u00e3o, do dia em que ela cessar;<\/p>\n\n\n\n<p>II &#8211; no de erro, dolo, fraude contra credores, estado de perigo ou les\u00e3o, do dia em que se realizou o neg\u00f3cio jur\u00eddico.<\/p>\n\n\n\n<h2 class=\"wp-block-heading\" id=\"h-boa-sorte\"><strong>Boa sorte!<\/strong>&nbsp;&nbsp;<\/h2>\n\n\n\n<p>Faltam pouco dois meses at\u00e9 a data da prova e, por isso, \u00e9 preciso realizar um estudo estrat\u00e9gico de reta final. Em vista da import\u00e2ncia do tema Defeitos dos Neg\u00f3cios Jur\u00eddicos para sua prova, \u00e9 imprescind\u00edvel a compreens\u00e3o e memoriza\u00e7\u00e3o dos dispositivos tratados aqui, por meio da leitura atenta do <strong>artigo 138 a 165 do C\u00f3digo Civil<\/strong>, al\u00e9m da realiza\u00e7\u00e3o de muitas quest\u00f5es no&nbsp;<a href=\"https:\/\/concursos.estrategiaeducacional.com.br\/\">Sistema de Quest\u00f5es<\/a>&nbsp;do Estrat\u00e9gia Concursos!<\/p>\n\n\n\n<p>Achou esse artigo \u00fatil? Deixe seu coment\u00e1rio.&nbsp;&nbsp;&nbsp;&nbsp;&nbsp;&nbsp;&nbsp;<\/p>\n\n\n\n<p>Um forte abra\u00e7o e at\u00e9 o pr\u00f3ximo artigo!&nbsp;&nbsp;&nbsp;&nbsp;&nbsp;&nbsp;&nbsp;<\/p>\n\n\n\n<p>Ana Luiza Tib\u00farcio.&nbsp;&nbsp;&nbsp;<\/p>\n\n\n\n<h2 class=\"has-text-align-center wp-block-heading\" id=\"h-cursos-e-assinaturas\">Cursos e Assinaturas<\/h2>\n\n\n\n<p>Prepare-se com o melhor material e com quem mais aprova em <a href=\"https:\/\/www.estrategiaconcursos.com.br\/cursos\/concurso\/\">Concursos P\u00fablicos<\/a> em todo o pa\u00eds!<\/p>\n\n\n\n<div class=\"container\" id=\"boxes\">\n  <div class=\"row\">\n    <div class=\"col-sm\">\n      <div class=\"estrategia\" id=\"box-assinatura\">\n        <h3 class=\"titulo-assinatura\">Assinatura de Concursos<\/h3>\n        <p class=\"subtitulo-assinatura\">Assinatura de 1 ano ou 2 anos<\/p>\n        <div class=\"box-botao\">\n          <a class=\"btn-assinatura\" target=\"_blank\" href=\"https:\/\/www.estrategiaconcursos.com.br\/assinaturas\/\" role=\"button\" rel=\"noopener noreferrer\">ASSINE AGORA<\/a>\n        <\/div>\n      <\/div>\n      <p class=\"texto-auxiliar\"><\/p>\n    <\/div>\n    <div class=\"col-sm\">\n      <div class=\"questoes\" id=\"box-assinatura\">\n        <h3 class=\"titulo-assinatura\">Sistema de Quest\u00f5es<\/h3>\n        <p class=\"subtitulo-assinatura\">Assinatura de 1 ano ou 2 anos\n<\/p>\n        <div class=\"box-botao\">\n          <a class=\"btn-assinatura\" target=\"_blank\" href=\"https:\/\/www.estrategiaconcursos.com.br\/cursosPorConcurso\/sistema-de-questoes\/#\/\" role=\"button\" rel=\"noopener noreferrer\">ASSINE AGORA<\/a>\n        <\/div>\n      <\/div>\n      <p class=\"texto-auxiliar\"><\/p>\n    <\/div>\n  <\/div>\n<\/div>\n\n\n\n<div class=\"container\" id=\"boxes\">\n  <div class=\"row\">\n\n    <div class=\"col-sm\" id=\"boxes-concursos\">\n      <div style=\"background-color: #005DAD;\" class=\"conteudo-concursos\" id=\"box-concursos\">\n        <h3 class=\"titulo-assinatura\">Concursos Abertos<\/h3>\n        <p class=\"subtitulo-assinatura\">mais de 15 mil vagas<\/p>\n        <div class=\"box-botao\">\n          <a class=\"btn-assinatura\" target=\"_blank\" href=\"https:\/\/www.estrategiaconcursos.com.br\/blog\/concursos-abertos\/\" role=\"button\" rel=\"noopener noreferrer\">Conhe\u00e7a Agora<\/a>\n        <\/div>\n      <\/div>\n    <\/div>\n\n    \n\n    <div class=\"col-sm\" id=\"boxes-concursos\">\n      <div style=\"background-color: #419FF0;\" class=\"conteudo-concursos\" id=\"box-concursos\">\n        <h3 class=\"titulo-assinatura\">Concursos 2021<\/h3>\n        <p class=\"subtitulo-assinatura\">mais de 17 mil vagas<\/p>\n        <div class=\"box-botao\">\n          <a class=\"btn-assinatura\" target=\"_blank\" href=\"https:\/\/www.estrategiaconcursos.com.br\/blog\/concursos-2021\/\" role=\"button\" rel=\"noopener noreferrer\">Conhe\u00e7a Agora<\/a>\n        <\/div>\n      <\/div>\n    <\/div>\n\n  <\/div>\n<\/div>\n\n\n\n<p>&nbsp;&nbsp;&nbsp;<\/p>\n","protected":false},"excerpt":{"rendered":"<p>Entenda quais s\u00e3o os t\u00f3picos mais importantes no que diz respeito aos Defeitos dos Neg\u00f3cios Jur\u00eddicos e direcione seus estudos para o Sefaz Santa Catarina (SC), focando nos assuntos que costumam ser cobrados nas provas de concursos. Est\u00e3o abertas as inscri\u00e7\u00f5es do concurso&nbsp;Sefaz Santa Catarina (SC)&nbsp;para provimento de&nbsp;58 vagas ao cargo de Analista da Receita [&hellip;]<\/p>\n","protected":false},"author":1666,"featured_media":749134,"comment_status":"open","ping_status":"closed","sticky":false,"template":"","format":"standard","meta":{"post_tipo":"article","footnotes":""},"categories":[1,1983],"tags":[],"tax_estado":[219987],"class_list":["post-907241","post","type-post","status-publish","format-standard","has-post-thumbnail","hentry","category-cursos-e-concursos","category-fiscal-estadual","tax_estado-sc"],"acf":[],"yoast_head":"<!-- This site is optimized with the Yoast SEO Premium plugin v27.2 (Yoast SEO v27.2) - https:\/\/yoast.com\/product\/yoast-seo-premium-wordpress\/ -->\n<title>Defeitos dos Neg\u00f3cios Jur\u00eddicos: SEFAZ Santa Catarina<\/title>\n<meta name=\"description\" content=\"Entenda quais s\u00e3o os t\u00f3picos mais importantes no que tange aos Defeitos dos Neg\u00f3cios Jur\u00eddicos e direcione seus estudos para o Sefaz SC.\" \/>\n<meta name=\"robots\" content=\"index, follow, max-snippet:-1, max-image-preview:large, max-video-preview:-1\" \/>\n<link rel=\"canonical\" href=\"https:\/\/www.estrategiaconcursos.com.br\/blog\/defeitos-dos-negocios-juridicos-sefaz-santa-catarina\/\" \/>\n<meta property=\"og:locale\" content=\"pt_BR\" \/>\n<meta property=\"og:type\" content=\"article\" \/>\n<meta property=\"og:title\" content=\"Defeitos dos Neg\u00f3cios Jur\u00eddicos: SEFAZ Santa Catarina\" \/>\n<meta property=\"og:description\" content=\"Entenda quais s\u00e3o os t\u00f3picos mais importantes no que tange aos Defeitos dos Neg\u00f3cios Jur\u00eddicos e direcione seus estudos para o Sefaz SC.\" \/>\n<meta property=\"og:url\" content=\"https:\/\/www.estrategiaconcursos.com.br\/blog\/defeitos-dos-negocios-juridicos-sefaz-santa-catarina\/\" \/>\n<meta property=\"og:site_name\" content=\"Estrat\u00e9gia Concursos\" \/>\n<meta property=\"article:published_time\" content=\"2021-11-18T13:00:00+00:00\" \/>\n<meta property=\"og:image\" content=\"https:\/\/dhg1h5j42swfq.cloudfront.net\/2021\/05\/24100723\/sefaz-sc.jpg\" \/>\n\t<meta property=\"og:image:width\" content=\"768\" \/>\n\t<meta property=\"og:image:height\" content=\"432\" \/>\n\t<meta property=\"og:image:type\" content=\"image\/jpeg\" \/>\n<meta name=\"author\" content=\"Ana Luiza Tib\u00farcio Guimar\u00e3es\" \/>\n<meta name=\"twitter:card\" content=\"summary_large_image\" \/>\n<meta name=\"twitter:creator\" content=\"@EstratConcursos\" \/>\n<meta name=\"twitter:site\" content=\"@EstratConcursos\" \/>\n<meta name=\"twitter:label1\" content=\"Escrito por\" \/>\n\t<meta name=\"twitter:data1\" content=\"Ana Luiza Tib\u00farcio Guimar\u00e3es\" \/>\n\t<meta name=\"twitter:label2\" content=\"Est. tempo de leitura\" \/>\n\t<meta name=\"twitter:data2\" content=\"10 minutos\" \/>\n<script type=\"application\/ld+json\" class=\"yoast-schema-graph\">{\"@context\":\"https:\/\/schema.org\",\"@graph\":[{\"@type\":\"NewsArticle\",\"@id\":\"https:\/\/www.estrategiaconcursos.com.br\/blog\/defeitos-dos-negocios-juridicos-sefaz-santa-catarina\/#article\",\"isPartOf\":{\"@id\":\"https:\/\/www.estrategiaconcursos.com.br\/blog\/defeitos-dos-negocios-juridicos-sefaz-santa-catarina\/\"},\"author\":{\"name\":\"Ana Luiza Tib\u00farcio Guimar\u00e3es\",\"@id\":\"https:\/\/www.estrategiaconcursos.com.br\/blog\/#\/schema\/person\/adbd974f815a3acb9e572fdf7315d7c2\"},\"headline\":\"Defeitos dos Neg\u00f3cios Jur\u00eddicos: SEFAZ Santa Catarina\",\"datePublished\":\"2021-11-18T13:00:00+00:00\",\"mainEntityOfPage\":{\"@id\":\"https:\/\/www.estrategiaconcursos.com.br\/blog\/defeitos-dos-negocios-juridicos-sefaz-santa-catarina\/\"},\"wordCount\":2411,\"commentCount\":0,\"publisher\":{\"@id\":\"https:\/\/www.estrategiaconcursos.com.br\/blog\/#organization\"},\"image\":{\"@id\":\"https:\/\/www.estrategiaconcursos.com.br\/blog\/defeitos-dos-negocios-juridicos-sefaz-santa-catarina\/#primaryimage\"},\"thumbnailUrl\":\"https:\/\/dhg1h5j42swfq.cloudfront.net\/2021\/05\/24100723\/sefaz-sc.jpg\",\"articleSection\":[\"Concursos P\u00fablicos\",\"Fiscal - Estadual (ICMS)\"],\"inLanguage\":\"pt-BR\",\"potentialAction\":[{\"@type\":\"CommentAction\",\"name\":\"Comment\",\"target\":[\"https:\/\/www.estrategiaconcursos.com.br\/blog\/defeitos-dos-negocios-juridicos-sefaz-santa-catarina\/#respond\"]}],\"copyrightYear\":\"2021\",\"copyrightHolder\":{\"@id\":\"https:\/\/www.estrategiaconcursos.com.br\/blog\/#organization\"}},{\"@type\":\"WebPage\",\"@id\":\"https:\/\/www.estrategiaconcursos.com.br\/blog\/defeitos-dos-negocios-juridicos-sefaz-santa-catarina\/\",\"url\":\"https:\/\/www.estrategiaconcursos.com.br\/blog\/defeitos-dos-negocios-juridicos-sefaz-santa-catarina\/\",\"name\":\"Defeitos dos Neg\u00f3cios Jur\u00eddicos: SEFAZ Santa Catarina\",\"isPartOf\":{\"@id\":\"https:\/\/www.estrategiaconcursos.com.br\/blog\/#website\"},\"primaryImageOfPage\":{\"@id\":\"https:\/\/www.estrategiaconcursos.com.br\/blog\/defeitos-dos-negocios-juridicos-sefaz-santa-catarina\/#primaryimage\"},\"image\":{\"@id\":\"https:\/\/www.estrategiaconcursos.com.br\/blog\/defeitos-dos-negocios-juridicos-sefaz-santa-catarina\/#primaryimage\"},\"thumbnailUrl\":\"https:\/\/dhg1h5j42swfq.cloudfront.net\/2021\/05\/24100723\/sefaz-sc.jpg\",\"datePublished\":\"2021-11-18T13:00:00+00:00\",\"description\":\"Entenda quais s\u00e3o os t\u00f3picos mais importantes no que tange aos Defeitos dos Neg\u00f3cios Jur\u00eddicos e direcione seus estudos para o Sefaz SC.\",\"breadcrumb\":{\"@id\":\"https:\/\/www.estrategiaconcursos.com.br\/blog\/defeitos-dos-negocios-juridicos-sefaz-santa-catarina\/#breadcrumb\"},\"inLanguage\":\"pt-BR\",\"potentialAction\":[{\"@type\":\"ReadAction\",\"target\":[\"https:\/\/www.estrategiaconcursos.com.br\/blog\/defeitos-dos-negocios-juridicos-sefaz-santa-catarina\/\"]}]},{\"@type\":\"ImageObject\",\"inLanguage\":\"pt-BR\",\"@id\":\"https:\/\/www.estrategiaconcursos.com.br\/blog\/defeitos-dos-negocios-juridicos-sefaz-santa-catarina\/#primaryimage\",\"url\":\"https:\/\/dhg1h5j42swfq.cloudfront.net\/2021\/05\/24100723\/sefaz-sc.jpg\",\"contentUrl\":\"https:\/\/dhg1h5j42swfq.cloudfront.net\/2021\/05\/24100723\/sefaz-sc.jpg\",\"width\":768,\"height\":432,\"caption\":\"Lei n\u00ba 17715 para a SEFAZ-SC\"},{\"@type\":\"BreadcrumbList\",\"@id\":\"https:\/\/www.estrategiaconcursos.com.br\/blog\/defeitos-dos-negocios-juridicos-sefaz-santa-catarina\/#breadcrumb\",\"itemListElement\":[{\"@type\":\"ListItem\",\"position\":1,\"name\":\"In\u00edcio\",\"item\":\"https:\/\/www.estrategiaconcursos.com.br\/blog\/\"},{\"@type\":\"ListItem\",\"position\":2,\"name\":\"Defeitos dos Neg\u00f3cios Jur\u00eddicos: SEFAZ Santa Catarina\"}]},{\"@type\":\"WebSite\",\"@id\":\"https:\/\/www.estrategiaconcursos.com.br\/blog\/#website\",\"url\":\"https:\/\/www.estrategiaconcursos.com.br\/blog\/\",\"name\":\"Estrat\u00e9gia Concursos\",\"description\":\"O blog da Estrat\u00e9gia Concursos traz not\u00edcias sobre concursos e artigos de professores oferecendo cursos para concursos (pdf + videaulas) no site.\",\"publisher\":{\"@id\":\"https:\/\/www.estrategiaconcursos.com.br\/blog\/#organization\"},\"potentialAction\":[{\"@type\":\"SearchAction\",\"target\":{\"@type\":\"EntryPoint\",\"urlTemplate\":\"https:\/\/www.estrategiaconcursos.com.br\/blog\/?s={search_term_string}\"},\"query-input\":{\"@type\":\"PropertyValueSpecification\",\"valueRequired\":true,\"valueName\":\"search_term_string\"}}],\"inLanguage\":\"pt-BR\"},{\"@type\":\"Organization\",\"@id\":\"https:\/\/www.estrategiaconcursos.com.br\/blog\/#organization\",\"name\":\"Estrat\u00e9gia Concursos\",\"url\":\"https:\/\/www.estrategiaconcursos.com.br\/blog\/\",\"logo\":{\"@type\":\"ImageObject\",\"inLanguage\":\"pt-BR\",\"@id\":\"https:\/\/www.estrategiaconcursos.com.br\/blog\/#\/schema\/logo\/image\/\",\"url\":\"https:\/\/dhg1h5j42swfq.cloudfront.net\/2025\/06\/03203428\/logo_concursos-1.jpg\",\"contentUrl\":\"https:\/\/dhg1h5j42swfq.cloudfront.net\/2025\/06\/03203428\/logo_concursos-1.jpg\",\"width\":230,\"height\":60,\"caption\":\"Estrat\u00e9gia Concursos\"},\"image\":{\"@id\":\"https:\/\/www.estrategiaconcursos.com.br\/blog\/#\/schema\/logo\/image\/\"},\"sameAs\":[\"https:\/\/x.com\/EstratConcursos\"]},{\"@type\":\"Person\",\"@id\":\"https:\/\/www.estrategiaconcursos.com.br\/blog\/#\/schema\/person\/adbd974f815a3acb9e572fdf7315d7c2\",\"name\":\"Ana Luiza Tib\u00farcio Guimar\u00e3es\",\"image\":{\"@type\":\"ImageObject\",\"inLanguage\":\"pt-BR\",\"@id\":\"https:\/\/secure.gravatar.com\/avatar\/d0e9fa767d159d6bdb59324855854ef2672e0774dce8705b1c42c80a5b4de7b8?s=96&d=mm&r=g\",\"url\":\"https:\/\/secure.gravatar.com\/avatar\/d0e9fa767d159d6bdb59324855854ef2672e0774dce8705b1c42c80a5b4de7b8?s=96&d=mm&r=g\",\"contentUrl\":\"https:\/\/secure.gravatar.com\/avatar\/d0e9fa767d159d6bdb59324855854ef2672e0774dce8705b1c42c80a5b4de7b8?s=96&d=mm&r=g\",\"caption\":\"Ana Luiza Tib\u00farcio Guimar\u00e3es\"},\"description\":\"Graduada em Direito pela Pontif\u00edcia Universidade Cat\u00f3lica de Minas Gerais e graduada em Ci\u00eancias do Estado pela Universidade Federal de Minas Gerais. P\u00f3s Graduada em Direito P\u00fablico pela PUC Minas. Gradua\u00e7\u00e3o em Gest\u00e3o P\u00fablica e P\u00f3s Gradua\u00e7\u00e3o em Ci\u00eancia Pol\u00edtica em andamento. Analista de Processo Legislativo do Senado Federal, lotada na Secretaria Legislativa do Senado. Aprova\u00e7\u00f5es em concursos: Aprovada para o cargo de Analista Judici\u00e1ria do TRF 3 (2025) Aprovada para o cargo de Procuradora do Munic\u00edpio de S\u00e3o Paulo (2024) Aprovada para o cargo de Analista Legislativa do Senado Federal (2023) Aprovada em 1\u00ba lugar para o cargo de T\u00e9cnico Judici\u00e1rio do TRF 3 (2019) Aprovada para o cargo de Juiz Leigo do Tribunal de Justi\u00e7a de Minas Gerais (2019).\",\"url\":\"https:\/\/www.estrategiaconcursos.com.br\/blog\/author\/anatiburcio-ggmail-com\/\"}]}<\/script>\n<!-- \/ Yoast SEO Premium plugin. -->","yoast_head_json":{"title":"Defeitos dos Neg\u00f3cios Jur\u00eddicos: SEFAZ Santa Catarina","description":"Entenda quais s\u00e3o os t\u00f3picos mais importantes no que tange aos Defeitos dos Neg\u00f3cios Jur\u00eddicos e direcione seus estudos para o Sefaz SC.","robots":{"index":"index","follow":"follow","max-snippet":"max-snippet:-1","max-image-preview":"max-image-preview:large","max-video-preview":"max-video-preview:-1"},"canonical":"https:\/\/www.estrategiaconcursos.com.br\/blog\/defeitos-dos-negocios-juridicos-sefaz-santa-catarina\/","og_locale":"pt_BR","og_type":"article","og_title":"Defeitos dos Neg\u00f3cios Jur\u00eddicos: SEFAZ Santa Catarina","og_description":"Entenda quais s\u00e3o os t\u00f3picos mais importantes no que tange aos Defeitos dos Neg\u00f3cios Jur\u00eddicos e direcione seus estudos para o Sefaz SC.","og_url":"https:\/\/www.estrategiaconcursos.com.br\/blog\/defeitos-dos-negocios-juridicos-sefaz-santa-catarina\/","og_site_name":"Estrat\u00e9gia Concursos","article_published_time":"2021-11-18T13:00:00+00:00","og_image":[{"width":768,"height":432,"url":"https:\/\/dhg1h5j42swfq.cloudfront.net\/2021\/05\/24100723\/sefaz-sc.jpg","type":"image\/jpeg"}],"author":"Ana Luiza Tib\u00farcio Guimar\u00e3es","twitter_card":"summary_large_image","twitter_creator":"@EstratConcursos","twitter_site":"@EstratConcursos","twitter_misc":{"Escrito por":"Ana Luiza Tib\u00farcio Guimar\u00e3es","Est. tempo de leitura":"10 minutos"},"schema":{"@context":"https:\/\/schema.org","@graph":[{"@type":"NewsArticle","@id":"https:\/\/www.estrategiaconcursos.com.br\/blog\/defeitos-dos-negocios-juridicos-sefaz-santa-catarina\/#article","isPartOf":{"@id":"https:\/\/www.estrategiaconcursos.com.br\/blog\/defeitos-dos-negocios-juridicos-sefaz-santa-catarina\/"},"author":{"name":"Ana Luiza Tib\u00farcio Guimar\u00e3es","@id":"https:\/\/www.estrategiaconcursos.com.br\/blog\/#\/schema\/person\/adbd974f815a3acb9e572fdf7315d7c2"},"headline":"Defeitos dos Neg\u00f3cios Jur\u00eddicos: SEFAZ Santa Catarina","datePublished":"2021-11-18T13:00:00+00:00","mainEntityOfPage":{"@id":"https:\/\/www.estrategiaconcursos.com.br\/blog\/defeitos-dos-negocios-juridicos-sefaz-santa-catarina\/"},"wordCount":2411,"commentCount":0,"publisher":{"@id":"https:\/\/www.estrategiaconcursos.com.br\/blog\/#organization"},"image":{"@id":"https:\/\/www.estrategiaconcursos.com.br\/blog\/defeitos-dos-negocios-juridicos-sefaz-santa-catarina\/#primaryimage"},"thumbnailUrl":"https:\/\/dhg1h5j42swfq.cloudfront.net\/2021\/05\/24100723\/sefaz-sc.jpg","articleSection":["Concursos P\u00fablicos","Fiscal - Estadual (ICMS)"],"inLanguage":"pt-BR","potentialAction":[{"@type":"CommentAction","name":"Comment","target":["https:\/\/www.estrategiaconcursos.com.br\/blog\/defeitos-dos-negocios-juridicos-sefaz-santa-catarina\/#respond"]}],"copyrightYear":"2021","copyrightHolder":{"@id":"https:\/\/www.estrategiaconcursos.com.br\/blog\/#organization"}},{"@type":"WebPage","@id":"https:\/\/www.estrategiaconcursos.com.br\/blog\/defeitos-dos-negocios-juridicos-sefaz-santa-catarina\/","url":"https:\/\/www.estrategiaconcursos.com.br\/blog\/defeitos-dos-negocios-juridicos-sefaz-santa-catarina\/","name":"Defeitos dos Neg\u00f3cios Jur\u00eddicos: SEFAZ Santa Catarina","isPartOf":{"@id":"https:\/\/www.estrategiaconcursos.com.br\/blog\/#website"},"primaryImageOfPage":{"@id":"https:\/\/www.estrategiaconcursos.com.br\/blog\/defeitos-dos-negocios-juridicos-sefaz-santa-catarina\/#primaryimage"},"image":{"@id":"https:\/\/www.estrategiaconcursos.com.br\/blog\/defeitos-dos-negocios-juridicos-sefaz-santa-catarina\/#primaryimage"},"thumbnailUrl":"https:\/\/dhg1h5j42swfq.cloudfront.net\/2021\/05\/24100723\/sefaz-sc.jpg","datePublished":"2021-11-18T13:00:00+00:00","description":"Entenda quais s\u00e3o os t\u00f3picos mais importantes no que tange aos Defeitos dos Neg\u00f3cios Jur\u00eddicos e direcione seus estudos para o Sefaz SC.","breadcrumb":{"@id":"https:\/\/www.estrategiaconcursos.com.br\/blog\/defeitos-dos-negocios-juridicos-sefaz-santa-catarina\/#breadcrumb"},"inLanguage":"pt-BR","potentialAction":[{"@type":"ReadAction","target":["https:\/\/www.estrategiaconcursos.com.br\/blog\/defeitos-dos-negocios-juridicos-sefaz-santa-catarina\/"]}]},{"@type":"ImageObject","inLanguage":"pt-BR","@id":"https:\/\/www.estrategiaconcursos.com.br\/blog\/defeitos-dos-negocios-juridicos-sefaz-santa-catarina\/#primaryimage","url":"https:\/\/dhg1h5j42swfq.cloudfront.net\/2021\/05\/24100723\/sefaz-sc.jpg","contentUrl":"https:\/\/dhg1h5j42swfq.cloudfront.net\/2021\/05\/24100723\/sefaz-sc.jpg","width":768,"height":432,"caption":"Lei n\u00ba 17715 para a SEFAZ-SC"},{"@type":"BreadcrumbList","@id":"https:\/\/www.estrategiaconcursos.com.br\/blog\/defeitos-dos-negocios-juridicos-sefaz-santa-catarina\/#breadcrumb","itemListElement":[{"@type":"ListItem","position":1,"name":"In\u00edcio","item":"https:\/\/www.estrategiaconcursos.com.br\/blog\/"},{"@type":"ListItem","position":2,"name":"Defeitos dos Neg\u00f3cios Jur\u00eddicos: SEFAZ Santa Catarina"}]},{"@type":"WebSite","@id":"https:\/\/www.estrategiaconcursos.com.br\/blog\/#website","url":"https:\/\/www.estrategiaconcursos.com.br\/blog\/","name":"Estrat\u00e9gia Concursos","description":"O blog da Estrat\u00e9gia Concursos traz not\u00edcias sobre concursos e artigos de professores oferecendo cursos para concursos (pdf + videaulas) no site.","publisher":{"@id":"https:\/\/www.estrategiaconcursos.com.br\/blog\/#organization"},"potentialAction":[{"@type":"SearchAction","target":{"@type":"EntryPoint","urlTemplate":"https:\/\/www.estrategiaconcursos.com.br\/blog\/?s={search_term_string}"},"query-input":{"@type":"PropertyValueSpecification","valueRequired":true,"valueName":"search_term_string"}}],"inLanguage":"pt-BR"},{"@type":"Organization","@id":"https:\/\/www.estrategiaconcursos.com.br\/blog\/#organization","name":"Estrat\u00e9gia Concursos","url":"https:\/\/www.estrategiaconcursos.com.br\/blog\/","logo":{"@type":"ImageObject","inLanguage":"pt-BR","@id":"https:\/\/www.estrategiaconcursos.com.br\/blog\/#\/schema\/logo\/image\/","url":"https:\/\/dhg1h5j42swfq.cloudfront.net\/2025\/06\/03203428\/logo_concursos-1.jpg","contentUrl":"https:\/\/dhg1h5j42swfq.cloudfront.net\/2025\/06\/03203428\/logo_concursos-1.jpg","width":230,"height":60,"caption":"Estrat\u00e9gia Concursos"},"image":{"@id":"https:\/\/www.estrategiaconcursos.com.br\/blog\/#\/schema\/logo\/image\/"},"sameAs":["https:\/\/x.com\/EstratConcursos"]},{"@type":"Person","@id":"https:\/\/www.estrategiaconcursos.com.br\/blog\/#\/schema\/person\/adbd974f815a3acb9e572fdf7315d7c2","name":"Ana Luiza Tib\u00farcio Guimar\u00e3es","image":{"@type":"ImageObject","inLanguage":"pt-BR","@id":"https:\/\/secure.gravatar.com\/avatar\/d0e9fa767d159d6bdb59324855854ef2672e0774dce8705b1c42c80a5b4de7b8?s=96&d=mm&r=g","url":"https:\/\/secure.gravatar.com\/avatar\/d0e9fa767d159d6bdb59324855854ef2672e0774dce8705b1c42c80a5b4de7b8?s=96&d=mm&r=g","contentUrl":"https:\/\/secure.gravatar.com\/avatar\/d0e9fa767d159d6bdb59324855854ef2672e0774dce8705b1c42c80a5b4de7b8?s=96&d=mm&r=g","caption":"Ana Luiza Tib\u00farcio Guimar\u00e3es"},"description":"Graduada em Direito pela Pontif\u00edcia Universidade Cat\u00f3lica de Minas Gerais e graduada em Ci\u00eancias do Estado pela Universidade Federal de Minas Gerais. P\u00f3s Graduada em Direito P\u00fablico pela PUC Minas. Gradua\u00e7\u00e3o em Gest\u00e3o P\u00fablica e P\u00f3s Gradua\u00e7\u00e3o em Ci\u00eancia Pol\u00edtica em andamento. Analista de Processo Legislativo do Senado Federal, lotada na Secretaria Legislativa do Senado. Aprova\u00e7\u00f5es em concursos: Aprovada para o cargo de Analista Judici\u00e1ria do TRF 3 (2025) Aprovada para o cargo de Procuradora do Munic\u00edpio de S\u00e3o Paulo (2024) Aprovada para o cargo de Analista Legislativa do Senado Federal (2023) Aprovada em 1\u00ba lugar para o cargo de T\u00e9cnico Judici\u00e1rio do TRF 3 (2019) Aprovada para o cargo de Juiz Leigo do Tribunal de Justi\u00e7a de Minas Gerais (2019).","url":"https:\/\/www.estrategiaconcursos.com.br\/blog\/author\/anatiburcio-ggmail-com\/"}]}},"_links":{"self":[{"href":"https:\/\/www.estrategiaconcursos.com.br\/blog\/wp-json\/wp\/v2\/posts\/907241","targetHints":{"allow":["GET"]}}],"collection":[{"href":"https:\/\/www.estrategiaconcursos.com.br\/blog\/wp-json\/wp\/v2\/posts"}],"about":[{"href":"https:\/\/www.estrategiaconcursos.com.br\/blog\/wp-json\/wp\/v2\/types\/post"}],"author":[{"embeddable":true,"href":"https:\/\/www.estrategiaconcursos.com.br\/blog\/wp-json\/wp\/v2\/users\/1666"}],"replies":[{"embeddable":true,"href":"https:\/\/www.estrategiaconcursos.com.br\/blog\/wp-json\/wp\/v2\/comments?post=907241"}],"version-history":[{"count":5,"href":"https:\/\/www.estrategiaconcursos.com.br\/blog\/wp-json\/wp\/v2\/posts\/907241\/revisions"}],"predecessor-version":[{"id":907687,"href":"https:\/\/www.estrategiaconcursos.com.br\/blog\/wp-json\/wp\/v2\/posts\/907241\/revisions\/907687"}],"wp:featuredmedia":[{"embeddable":true,"href":"https:\/\/www.estrategiaconcursos.com.br\/blog\/wp-json\/wp\/v2\/media\/749134"}],"wp:attachment":[{"href":"https:\/\/www.estrategiaconcursos.com.br\/blog\/wp-json\/wp\/v2\/media?parent=907241"}],"wp:term":[{"taxonomy":"category","embeddable":true,"href":"https:\/\/www.estrategiaconcursos.com.br\/blog\/wp-json\/wp\/v2\/categories?post=907241"},{"taxonomy":"post_tag","embeddable":true,"href":"https:\/\/www.estrategiaconcursos.com.br\/blog\/wp-json\/wp\/v2\/tags?post=907241"},{"taxonomy":"tax_estado","embeddable":true,"href":"https:\/\/www.estrategiaconcursos.com.br\/blog\/wp-json\/wp\/v2\/tax_estado?post=907241"}],"curies":[{"name":"wp","href":"https:\/\/api.w.org\/{rel}","templated":true}]}}