{"id":906860,"date":"2021-11-28T09:20:00","date_gmt":"2021-11-28T12:20:00","guid":{"rendered":"https:\/\/www.estrategiaconcursos.com.br\/blog\/?p=906860"},"modified":"2021-11-29T09:21:01","modified_gmt":"2021-11-29T12:21:01","slug":"residencia-juridica-pge-sp","status":"publish","type":"post","link":"https:\/\/www.estrategiaconcursos.com.br\/blog\/residencia-juridica-pge-sp\/","title":{"rendered":"Resid\u00eancia Jur\u00eddica PGE SP: inscri\u00e7\u00f5es encerradas! 30 vagas"},"content":{"rendered":"\n<p><strong>Est\u00e3o encerradas as inscri\u00e7\u00f5es da Resid\u00eancia Jur\u00eddica PGE SP<\/strong>. As <strong>provas objetivas<\/strong> est\u00e3o previstas para o dia <strong>18 de dezembro de 2021<\/strong>, s\u00e1bado, no turno da manh\u00e3. <\/p>\n\n\n\n<ul id=\"block-1c25dbb6-3d50-4480-9da8-a10738a32581\" class=\"has-luminous-vivid-amber-to-luminous-vivid-orange-gradient-background has-background wp-block-list\"><li><strong>Resid\u00eancia Jur\u00eddica PGE SP <\/strong><\/li><li><strong>Status:<\/strong>\u00a0inscri\u00e7\u00f5es encerradas<\/li><li><strong>Banca:\u00a0<\/strong>Fundatec<\/li><li><strong>Vagas:\u00a0<\/strong>30<\/li><li><strong>Bolsa-aux\u00edlio:<\/strong>\u00a0R$ 1.700,00<\/li><li><strong>Edital:<\/strong>\u00a0<a href=\"https:\/\/dhg1h5j42swfq.cloudfront.net\/2021\/11\/11193929\/edital_abertura_638618c2e48c8127.pdf\" target=\"_blank\" rel=\"noreferrer noopener\">Edital Resid\u00eancia Jur\u00eddica PGE SP<\/a><\/li><\/ul>\n\n\n\n<p>O edital do <strong>1\u00ba processo seletivo relativo ao Programa de Resid\u00eancia Jur\u00eddica PGE SP<\/strong>, destina-se \u00e0 sele\u00e7\u00e3o de <strong>30 bachar\u00e9is em Direito<\/strong> que frequentar\u00e3o gratuitamente o <strong>curso de p\u00f3s-gradua\u00e7\u00e3o em Advocacia P\u00fablica<\/strong> da Escola Superior da PGE e <strong>desempenhar\u00e3o atividades pr\u00e1ticas na Capital de S\u00e3o Paulo<\/strong>, conforme a necessidade do servi\u00e7o e a disponibilidade or\u00e7ament\u00e1ria existente.<\/p>\n\n\n\n<p class=\"has-text-align-center has-luminous-vivid-orange-color has-black-background-color has-text-color has-background\"> <strong>Quer estudar com quem mais aprova em concursos p\u00fablicos no Brasil, com um valor que cabe no seu bolso? Confira a nossa Black Friday!<\/strong> <strong><span style=\"text-decoration: underline;\">Clique no banner para participar<\/span>:<\/strong> <\/p>\n\n\n\n<div class=\"wp-block-image\"><figure class=\"aligncenter size-full\"><a href=\"https:\/\/gratis.estrategiaconcursos.com.br\/bf-ec\/\" target=\"_blank\" rel=\"noopener\"><img loading=\"lazy\" decoding=\"async\" width=\"801\" height=\"274\" src=\"https:\/\/dhg1h5j42swfq.cloudfront.net\/2021\/10\/28093835\/image-503.png\" alt=\"Resid\u00eancia Jur\u00eddica PGE SP\" class=\"wp-image-895601\" srcset=\"https:\/\/dhg1h5j42swfq.cloudfront.net\/2021\/10\/28093835\/image-503.png 801w, https:\/\/dhg1h5j42swfq.cloudfront.net\/2021\/10\/28093835\/image-503-300x103.png 300w, https:\/\/dhg1h5j42swfq.cloudfront.net\/2021\/10\/28093835\/image-503-768x263.png 768w, https:\/\/dhg1h5j42swfq.cloudfront.net\/2021\/10\/28093835\/image-503-610x209.png 610w\" sizes=\"auto, (max-width: 801px) 100vw, 801px\" \/><\/a><\/figure><\/div>\n\n\n\n<ul class=\"wp-block-list\" id=\"indice\"><li><strong><a href=\"#atual\">Situa\u00e7\u00e3o atual<\/a> <\/strong><\/li><li><a href=\"#principais\"><strong>Principais informa\u00e7\u00f5es<\/strong><\/a><\/li><li><a href=\"#carreira\"><strong>Carreira<\/strong><\/a><ul><li><a href=\"#cargo\">Cargos e vagas<\/a><\/li><li><a href=\"#salario\">Sal\u00e1rios e Benef\u00edcios<\/a> <\/li><li><a href=\"#requisito\">Requisitos<\/a><\/li><\/ul><\/li><li><a href=\"#etapas\"><strong>Etapa de provas<\/strong><\/a><ul><li><a href=\"#objetiva\">Prova Objetiva<\/a><\/li><li><a href=\"#discursiva\">Prova Discursiva<\/a><\/li><\/ul><\/li><li><strong><a href=\"#cursos\">Cursos e Assinaturas<\/a><\/strong><\/li><li><strong><a href=\"#ficha\">Ficha T\u00e9cnica<\/a><\/strong><\/li><\/ul>\n\n\n\n<h2 class=\"wp-block-heading\" id=\"atual\">Situa\u00e7\u00e3o atual <\/h2>\n\n\n\n<h3 class=\"wp-block-heading\" id=\"principais\">Principais informa\u00e7\u00f5es<\/h3>\n\n\n\n<p class=\"has-background\" style=\"background-color:#e5f2fb\"><strong>Inscri\u00e7\u00f5es<\/strong>: <s>11 a 28\/11\/2021<\/s><br \/><strong>Isen\u00e7\u00e3o<\/strong>: 11 a 16\/11\/2021 <br \/><strong>Taxa:<\/strong> R$ 75,00<br \/><strong>Prova: <\/strong>18\/12\/2021<\/p>\n\n\n\n<h2 class=\"wp-block-heading\" id=\"carreira\">Resid\u00eancia Jur\u00eddica PGE SP: Carreira<\/h2>\n\n\n\n<h3 class=\"wp-block-heading\" id=\"cargo\">Cargos e Vagas<\/h3>\n\n\n\n<figure class=\"wp-block-table is-style-stripes\"><table><tbody><tr><td><strong>CARGO<\/strong><\/td><td><strong>Carga Hor\u00e1ria<\/strong><\/td><td><strong>Vagas<\/strong><\/td><\/tr><tr><td>Residente Jur\u00eddico<\/td><td>30h\/s<\/td><td>30<\/td><\/tr><\/tbody><\/table><\/figure>\n\n\n\n<h3 class=\"wp-block-heading\" id=\"sal\u00e1rio\">Sal\u00e1rios e Benef\u00edcios<\/h3>\n\n\n\n<p>Os alunos-residentes far\u00e3o jus ao recebimento de bolsa-aux\u00edlio no valor de R$ 1.700,00 por m\u00eas, al\u00e9m de aux\u00edlio-transporte, seguro contra acidentes pessoais, e ter\u00e3o gratuidade nas mensalidades do curso de P\u00f3s-Gradua\u00e7\u00e3o lato sensu de Advocacia P\u00fablica da Escola Superior da PGE, enquanto perdurar o seu v\u00ednculo com o Programa de Resid\u00eancia Jur\u00eddica e desde que cumpridas as exig\u00eancias regulamentares da Institui\u00e7\u00e3o.<\/p>\n\n\n\n<p>A carga hor\u00e1ria ser\u00e1 de 28 horas semanais, de acordo com o expediente da Procuradoria Geral do Estado de S\u00e3o Paulo, sendo 20 horas destinadas \u00e0s atividades pr\u00e1ticas, distribu\u00eddas em 4 horas di\u00e1rias e 8 horas semanais destinadas a atividades acad\u00eamicas na Escola Superior da PGE.<\/p>\n\n\n\n<h3 class=\"wp-block-heading\" id=\"requisito\">Requisitos <\/h3>\n\n\n\n<p>Poder\u00e3o se inscrever no processo seletivo os brasileiros natos ou naturalizados e candidatos estrangeiros portadores de t\u00edtulo de bacharel em Direito expedido por institui\u00e7\u00e3o de ensino superior brasileira reconhecida pelo Minist\u00e9rio da Educa\u00e7\u00e3o.<\/p>\n\n\n\n<h2 class=\"wp-block-heading\" id=\"etapas\">Resid\u00eancia Jur\u00eddica PGE SP: Etapas de provas<\/h2>\n\n\n\n<p>O processo seletivo ser\u00e1 online e compreender\u00e1 etapa \u00fanica, dividida em prova objetiva e dissertativa, realizadas em um \u00fanico dia e hor\u00e1rio, divulgado conforme previsto no Anexo I \u2013 Cronograma de Execu\u00e7\u00e3o, atrav\u00e9s de ambiente virtual que ser\u00e1 disponibilizado ao candidato.<\/p>\n\n\n\n<h3 class=\"wp-block-heading\" id=\"objetiva\">Prova Objetiva<\/h3>\n\n\n\n<p>A prova objetiva ser\u00e1 composta de <strong>50 quest\u00f5es<\/strong> de m\u00faltipla escolha, com <strong>05 alternativas<\/strong> (A, B, C, D e E) e uma \u00fanica resposta correta, no valor de um ponto cada, e ter\u00e1 car\u00e1ter eliminat\u00f3rio e classificat\u00f3rio. Ser\u00e1 composta pelas seguintes mat\u00e9rias:<\/p>\n\n\n\n<figure class=\"wp-block-table is-style-stripes\"><table class=\"has-background has-fixed-layout\" style=\"background-color:#e9fbe5\"><tbody><tr><td><strong>DISCIPLINAS<\/strong><\/td><td><strong>N\u00daMERO DE QUEST\u00d5ES<\/strong><\/td><td><strong>PONTOS POR QUEST\u00c3O<\/strong><\/td><\/tr><tr><td>DIREITO ADMINISTRATIVO<\/td><td>10<\/td><td>1,0<\/td><\/tr><tr><td>DIREITO CONSTITUCIONAL<\/td><td>10<\/td><td>1,0<\/td><\/tr><tr><td>DIREITO DO TRABALHO E PROCESSUAL DO TRABALHO<\/td><td>10<\/td><td>1,0<\/td><\/tr><tr><td>DIREITO PROCESSUAL CIVIL<\/td><td>10<\/td><td>1,0<\/td><\/tr><tr><td>DIREITO CIVIL<\/td><td>05<\/td><td>1,0<\/td><\/tr><tr><td>DEONTOLOGIA JUR\u00cdDICA E ADVOCACIA P\u00daBLICA<\/td><td>05<\/td><td>1,0<\/td><\/tr><tr><td>TOTAL DE QUEST\u00d5ES<\/td><td>50 quest\u00f5es<\/td><td><\/td><\/tr><tr><td>PONTUA\u00c7\u00c3O M\u00c1XIMA<\/td><td>50 pontos<\/td><td><\/td><\/tr><\/tbody><\/table><\/figure>\n\n\n\n<h3 class=\"wp-block-heading\" id=\"discursiva\">Prova Discursiva<\/h3>\n\n\n\n<p>A disserta\u00e7\u00e3o ter\u00e1 car\u00e1ter classificat\u00f3rio e o seu objetivo ser\u00e1 avaliar o dom\u00ednio da modalidade escrita formal da L\u00edngua Portuguesa, a correta utiliza\u00e7\u00e3o das regras gramaticais, bem como as capacidades de an\u00e1lise, argumenta\u00e7\u00e3o e compreens\u00e3o de texto. A prova dissertativa valer\u00e1 25 pontos e ser\u00e1 realizada por todos os candidatos, mas ser\u00e3o corrigidas somente as provas dos candidatos que obtiverem nota igual ou superior a 25 pontos na prova objetiva e estiverem entre os 150 candidatos com maior pontua\u00e7\u00e3o, al\u00e9m dos eventuais empates nessa posi\u00e7\u00e3o.<\/p>\n\n\n\n<p>Ser\u00e1 exigido o m\u00ednimo de 15 linhas e o m\u00e1ximo de 30  linhas. Qualquer texto al\u00e9m ou aqu\u00e9m desta extens\u00e3o ser\u00e1 desconsiderado.<\/p>\n\n\n\n<p>A corre\u00e7\u00e3o das disserta\u00e7\u00f5es ser\u00e1 dividida em hol\u00edstica (texto como unidade, como um todo) e anal\u00edtica (conte\u00fado, estrutura e express\u00e3o lingu\u00edstica): <\/p>\n\n\n\n<p>I) <span style=\"text-decoration: underline;\">Em rela\u00e7\u00e3o ao Conte\u00fado<\/span>: O texto deve abordar integralmente o tema proposto. Avaliarse-\u00e3o a capacidade argumentativa, a criatividade do autor, bem como a originalidade do ponto de vista.<br \/>II) <span style=\"text-decoration: underline;\">Em rela\u00e7\u00e3o \u00e0 Estrutura<\/span>: avaliar-se-\u00e1 a capacidade de o autor do texto elaborar um texto dissertativo, distribuindo-o adequadamente nas partes que o comp\u00f5e. Al\u00e9m disso, deve-se atentar tamb\u00e9m para a constru\u00e7\u00e3o dos par\u00e1grafos: \u00e9 esperado que o texto apresente os seguintes elementos: introdu\u00e7\u00e3o adequada ao tema\/posicionamento, apresenta\u00e7\u00e3o da ideia a ser discutida e a tese a ser defendida.<br \/>III) <span style=\"text-decoration: underline;\">Em rela\u00e7\u00e3o \u00e0 Express\u00e3o<\/span>: avaliar-se-\u00e1 os seguintes aspectos: adequa\u00e7\u00e3o vocabular, pontua\u00e7\u00e3o, concord\u00e2ncia e reg\u00eancia verbal e nominal, ortografia oficial vigente, acentua\u00e7\u00e3o gr\u00e1fica, sintaxe e morfossintaxe.<\/p>\n\n\n\n<p>O candidato ter\u00e1 03h30 para a resolu\u00e7\u00e3o da prova objetiva e compor sua disserta\u00e7\u00e3o, atrav\u00e9s do sistema pr\u00f3prio para essa finalidade.<\/p>\n\n\n\n<h3 class=\"wp-block-heading\">C\u00e1lculo da nota<\/h3>\n\n\n\n<p>A classifica\u00e7\u00e3o final se dar\u00e1 pela soma das notas, em escala aritm\u00e9tica, com a habilita\u00e7\u00e3o dos <strong>30 primeiros colocados<\/strong>.<\/p>\n\n\n\n<h3 class=\"wp-block-heading\">Crit\u00e9rios de desempate<\/h3>\n\n\n\n<ul class=\"wp-block-list\"><li>Idade igual ou superior a 60 anos, nos termos da Lei federal n\u00ba 10.741, de 1\u00ba de outubro de 2003, entre si e frente aos demais, sendo que ser\u00e1 dada prefer\u00eancia ao de idade mais elevada;<\/li><li>Que tiver exercido a fun\u00e7\u00e3o de jurado nos termos da Lei federal n\u00ba 11.689, de 9 de junho de 2008;<\/li><li>Que tiver inscrito no \u201cCadastro \u00danico Para Programas Sociais do Governo Federal\u201d;<\/li><li>Maior pontua\u00e7\u00e3o nas quest\u00f5es de Direito Constitucional;<\/li><li>Maior pontua\u00e7\u00e3o nas quest\u00f5es de Direito Administrativo;<\/li><li>Maior pontua\u00e7\u00e3o nas quest\u00f5es de Direito Processual Civil;<\/li><li>Maior pontua\u00e7\u00e3o nas quest\u00f5es de Direito do Trabalho e Processual do Trabalho;<\/li><li>Maior pontua\u00e7\u00e3o nas quest\u00f5es de Direito Civil;<\/li><li>Maior pontua\u00e7\u00e3o nas quest\u00f5es de Deontologia Jur\u00eddica e Advocacia P\u00fablica.<\/li><\/ul>\n\n\n\n<h2 class=\"has-text-align-center wp-block-heading\" id=\"h-quer-saber-tudo-sobre-concursos-previstos-confira-nossos-artigos\">Quer saber tudo sobre concursos previstos?<br \/>Confira nossos artigos!<\/h2>\n\n\n\n<ul class=\"wp-block-list\"><li><a href=\"https:\/\/www.estrategiaconcursos.com.br\/blog\/concursos-abertos\/\" target=\"_blank\" rel=\"noreferrer noopener\">Concursos abertos<\/a><\/li><li><a href=\"https:\/\/www.estrategiaconcursos.com.br\/blog\/concursos-2021\/\" target=\"_blank\" rel=\"noreferrer noopener\">Concursos 2021<\/a><\/li><li><a href=\"https:\/\/www.estrategiaconcursos.com.br\/blog\/concursos-2022\/\" target=\"_blank\" rel=\"noreferrer noopener\">Concursos 2022<\/a><\/li><\/ul>\n\n\n\n<h2 class=\"has-text-align-center wp-block-heading\" id=\"cursos\">CURSOS E ASSINATURAS<\/h2>\n\n\n\n<div class=\"container\" id=\"boxes\">\n  <div class=\"row\">\n\n    <div class=\"col-sm\">\n      <div class=\"banner-ecj\" id=\"box-assinatura\">\n        <h3 class=\"titulo-assinatura\">Curso para Concurso PGE SP Procurador <\/h3>\n        <p class=\"subtitulo-assinatura\">Cursos focados no edital do concurso<\/p>\n        <div class=\"box-botao\">\n          <a class=\"btn-assinatura\" target=\"_blank\" href=\"https:\/\/www.estrategiaconcursos.com.br\/cursosPorConcurso\/pge-sp-procurador-do-estado\/\" role=\"button\" rel=\"noopener noreferrer\">Conhe\u00e7a mais<\/a>\n        <\/div>\n      <\/div>\n      <p class=\"texto-auxiliar\">Prepare-se com o melhor material e com quem mais aprova em concursos em todo o pa\u00eds. \n<\/p>\n    <\/div>\n\n  <\/div>\n<\/div>\n\n\n\n<div class=\"container\" id=\"boxes\">\n  <div class=\"row\">\n\n    <div class=\"col-sm\">\n      <div class=\"banner-ecj\" id=\"box-assinatura\">\n        <h3 class=\"titulo-assinatura\">Assinatura Jur\u00eddica <\/h3>\n        <p class=\"subtitulo-assinatura\">Conhe\u00e7a os planos<\/p>\n        <div class=\"box-botao\">\n          <a class=\"btn-assinatura\" target=\"_blank\" href=\"https:\/\/www.estrategiaconcursos.com.br\/assinaturas-ecj\/\" role=\"button\" rel=\"noopener noreferrer\">Conhe\u00e7a mais<\/a>\n        <\/div>\n      <\/div>\n      <p class=\"texto-auxiliar\">Prepare-se com o melhor material e com quem mais aprova em Concursos P\u00fablicos em todo o pa\u00eds. \n<\/p>\n    <\/div>\n\n  <\/div>\n<\/div>\n\n\n\n<figure class=\"wp-block-image is-resized\"><img loading=\"lazy\" decoding=\"async\" src=\"https:\/\/dhg1h5j42swfq.cloudfront.net\/2021\/04\/24111712\/ficha-tecnica-170-1024x632.png\" alt=\"\" class=\"wp-image-722718\" width=\"166\" height=\"102\" srcset=\"https:\/\/dhg1h5j42swfq.cloudfront.net\/2021\/04\/24111712\/ficha-tecnica-170-1024x632.png 1024w, https:\/\/dhg1h5j42swfq.cloudfront.net\/2021\/04\/24111712\/ficha-tecnica-170-300x185.png 300w, https:\/\/dhg1h5j42swfq.cloudfront.net\/2021\/04\/24111712\/ficha-tecnica-170-768x474.png 768w, https:\/\/dhg1h5j42swfq.cloudfront.net\/2021\/04\/24111712\/ficha-tecnica-170-1536x948.png 1536w, https:\/\/dhg1h5j42swfq.cloudfront.net\/2021\/04\/24111712\/ficha-tecnica-170-610x377.png 610w, https:\/\/dhg1h5j42swfq.cloudfront.net\/2021\/04\/24111712\/ficha-tecnica-170.png 1571w\" sizes=\"auto, (max-width: 166px) 100vw, 166px\" \/><\/figure>\n\n\n\n<h4 class=\"wp-block-heading\" id=\"ficha\"><strong>\u25baInforma\u00e7\u00f5es da Resid\u00eancia Jur\u00eddica PGE SP<\/strong><\/h4>\n\n\n\n<p>\u25ba<strong>Data<\/strong>: 18\/12\/1985<br \/>\u25ba<strong>Vagas<\/strong>: 30<br \/>\u25ba<strong>Cargos<\/strong>: Resid\u00eancia Jur\u00eddica<br \/>\u25ba<strong>Banca<\/strong>: Fundatec<br \/>\u25ba<strong>Escolaridade<\/strong>: N\u00edvel superior em Direito<br \/>\u25ba<strong>Edital<\/strong>:&nbsp;<a href=\"https:\/\/dhg1h5j42swfq.cloudfront.net\/2021\/11\/11193929\/edital_abertura_638618c2e48c8127.pdf\" target=\"_blank\" rel=\"noreferrer noopener\">Edital Resid\u00eancia Jur\u00eddica PGE SP<\/a><\/p>\n","protected":false},"excerpt":{"rendered":"<p>Est\u00e3o encerradas as inscri\u00e7\u00f5es da Resid\u00eancia Jur\u00eddica PGE SP. As provas objetivas est\u00e3o previstas para o dia 18 de dezembro de 2021, s\u00e1bado, no turno da manh\u00e3. Resid\u00eancia Jur\u00eddica PGE SP Status:\u00a0inscri\u00e7\u00f5es encerradas Banca:\u00a0Fundatec Vagas:\u00a030 Bolsa-aux\u00edlio:\u00a0R$ 1.700,00 Edital:\u00a0Edital Resid\u00eancia Jur\u00eddica PGE SP O edital do 1\u00ba processo seletivo relativo ao Programa de Resid\u00eancia Jur\u00eddica PGE [&hellip;]<\/p>\n","protected":false},"author":1,"featured_media":906941,"comment_status":"open","ping_status":"closed","sticky":false,"template":"","format":"standard","meta":{"post_tipo":"news_page","footnotes":""},"categories":[220196],"tags":[],"tax_estado":[219989],"class_list":["post-906860","post","type-post","status-publish","format-standard","has-post-thumbnail","hentry","category-procuradorias","tax_estado-sp"],"acf":[],"yoast_head":"<!-- This site is optimized with the Yoast SEO Premium plugin v27.2 (Yoast SEO v27.2) - https:\/\/yoast.com\/product\/yoast-seo-premium-wordpress\/ -->\n<title>Resid\u00eancia Jur\u00eddica PGE SP: inscri\u00e7\u00f5es encerradas! 30 vagas<\/title>\n<meta name=\"description\" content=\"Resid\u00eancia Jur\u00eddica PGE SP: inscri\u00e7\u00f5es encerradas! S\u00e3o ofertadas 30 vagas para bachar\u00e9is em Direito participarem do programa. Confira!\" \/>\n<meta name=\"robots\" content=\"index, follow, max-snippet:-1, max-image-preview:large, max-video-preview:-1\" \/>\n<link rel=\"canonical\" href=\"https:\/\/www.estrategiaconcursos.com.br\/blog\/residencia-juridica-pge-sp\/\" \/>\n<meta property=\"og:locale\" content=\"pt_BR\" \/>\n<meta property=\"og:type\" content=\"article\" \/>\n<meta property=\"og:title\" content=\"Resid\u00eancia Jur\u00eddica PGE SP: inscri\u00e7\u00f5es encerradas! 30 vagas\" \/>\n<meta property=\"og:description\" content=\"Resid\u00eancia Jur\u00eddica PGE SP: inscri\u00e7\u00f5es encerradas! S\u00e3o ofertadas 30 vagas para bachar\u00e9is em Direito participarem do programa. Confira!\" \/>\n<meta property=\"og:url\" content=\"https:\/\/www.estrategiaconcursos.com.br\/blog\/residencia-juridica-pge-sp\/\" \/>\n<meta property=\"og:site_name\" content=\"Estrat\u00e9gia Concursos\" \/>\n<meta property=\"article:author\" content=\"https:\/\/www.facebook.com\/EstrategiaConcursos\" \/>\n<meta property=\"article:published_time\" content=\"2021-11-28T12:20:00+00:00\" \/>\n<meta property=\"article:modified_time\" content=\"2021-11-29T12:21:01+00:00\" \/>\n<meta property=\"og:image\" content=\"https:\/\/dhg1h5j42swfq.cloudfront.net\/2021\/11\/11200949\/pge-sp6.jpg\" \/>\n\t<meta property=\"og:image:width\" content=\"1200\" \/>\n\t<meta property=\"og:image:height\" content=\"628\" \/>\n\t<meta property=\"og:image:type\" content=\"image\/jpeg\" \/>\n<meta name=\"author\" content=\"Coordena\u00e7\u00e3o\" \/>\n<meta name=\"twitter:card\" content=\"summary_large_image\" \/>\n<meta name=\"twitter:creator\" content=\"@EstratConcursos\" \/>\n<meta name=\"twitter:site\" content=\"@EstratConcursos\" \/>\n<meta name=\"twitter:label1\" content=\"Escrito por\" \/>\n\t<meta name=\"twitter:data1\" content=\"Coordena\u00e7\u00e3o\" \/>\n\t<meta name=\"twitter:label2\" content=\"Est. tempo de leitura\" \/>\n\t<meta name=\"twitter:data2\" content=\"5 minutos\" \/>\n<script type=\"application\/ld+json\" class=\"yoast-schema-graph\">{\"@context\":\"https:\/\/schema.org\",\"@graph\":[{\"@type\":\"NewsArticle\",\"@id\":\"https:\/\/www.estrategiaconcursos.com.br\/blog\/residencia-juridica-pge-sp\/#article\",\"isPartOf\":{\"@id\":\"https:\/\/www.estrategiaconcursos.com.br\/blog\/residencia-juridica-pge-sp\/\"},\"author\":{\"name\":\"Coordena\u00e7\u00e3o\",\"@id\":\"https:\/\/www.estrategiaconcursos.com.br\/blog\/#\/schema\/person\/b4a388c97673c5f483d72185668afa1f\"},\"headline\":\"Resid\u00eancia Jur\u00eddica PGE SP: inscri\u00e7\u00f5es encerradas! 30 vagas\",\"datePublished\":\"2021-11-28T12:20:00+00:00\",\"dateModified\":\"2021-11-29T12:21:01+00:00\",\"mainEntityOfPage\":{\"@id\":\"https:\/\/www.estrategiaconcursos.com.br\/blog\/residencia-juridica-pge-sp\/\"},\"wordCount\":1109,\"commentCount\":0,\"publisher\":{\"@id\":\"https:\/\/www.estrategiaconcursos.com.br\/blog\/#organization\"},\"image\":{\"@id\":\"https:\/\/www.estrategiaconcursos.com.br\/blog\/residencia-juridica-pge-sp\/#primaryimage\"},\"thumbnailUrl\":\"https:\/\/dhg1h5j42swfq.cloudfront.net\/2021\/11\/11200949\/pge-sp6.jpg\",\"articleSection\":[\"Jur\u00eddico - Procuradorias\"],\"inLanguage\":\"pt-BR\",\"potentialAction\":[{\"@type\":\"CommentAction\",\"name\":\"Comment\",\"target\":[\"https:\/\/www.estrategiaconcursos.com.br\/blog\/residencia-juridica-pge-sp\/#respond\"]}],\"copyrightYear\":\"2021\",\"copyrightHolder\":{\"@id\":\"https:\/\/www.estrategiaconcursos.com.br\/blog\/#organization\"}},{\"@type\":\"WebPage\",\"@id\":\"https:\/\/www.estrategiaconcursos.com.br\/blog\/residencia-juridica-pge-sp\/\",\"url\":\"https:\/\/www.estrategiaconcursos.com.br\/blog\/residencia-juridica-pge-sp\/\",\"name\":\"Resid\u00eancia Jur\u00eddica PGE SP: inscri\u00e7\u00f5es encerradas! 30 vagas\",\"isPartOf\":{\"@id\":\"https:\/\/www.estrategiaconcursos.com.br\/blog\/#website\"},\"primaryImageOfPage\":{\"@id\":\"https:\/\/www.estrategiaconcursos.com.br\/blog\/residencia-juridica-pge-sp\/#primaryimage\"},\"image\":{\"@id\":\"https:\/\/www.estrategiaconcursos.com.br\/blog\/residencia-juridica-pge-sp\/#primaryimage\"},\"thumbnailUrl\":\"https:\/\/dhg1h5j42swfq.cloudfront.net\/2021\/11\/11200949\/pge-sp6.jpg\",\"datePublished\":\"2021-11-28T12:20:00+00:00\",\"dateModified\":\"2021-11-29T12:21:01+00:00\",\"description\":\"Resid\u00eancia Jur\u00eddica PGE SP: inscri\u00e7\u00f5es encerradas! S\u00e3o ofertadas 30 vagas para bachar\u00e9is em Direito participarem do programa. Confira!\",\"breadcrumb\":{\"@id\":\"https:\/\/www.estrategiaconcursos.com.br\/blog\/residencia-juridica-pge-sp\/#breadcrumb\"},\"inLanguage\":\"pt-BR\",\"potentialAction\":[{\"@type\":\"ReadAction\",\"target\":[\"https:\/\/www.estrategiaconcursos.com.br\/blog\/residencia-juridica-pge-sp\/\"]}]},{\"@type\":\"ImageObject\",\"inLanguage\":\"pt-BR\",\"@id\":\"https:\/\/www.estrategiaconcursos.com.br\/blog\/residencia-juridica-pge-sp\/#primaryimage\",\"url\":\"https:\/\/dhg1h5j42swfq.cloudfront.net\/2021\/11\/11200949\/pge-sp6.jpg\",\"contentUrl\":\"https:\/\/dhg1h5j42swfq.cloudfront.net\/2021\/11\/11200949\/pge-sp6.jpg\",\"width\":1200,\"height\":628,\"caption\":\"Resid\u00eancia Jur\u00eddica PGE SP\"},{\"@type\":\"BreadcrumbList\",\"@id\":\"https:\/\/www.estrategiaconcursos.com.br\/blog\/residencia-juridica-pge-sp\/#breadcrumb\",\"itemListElement\":[{\"@type\":\"ListItem\",\"position\":1,\"name\":\"In\u00edcio\",\"item\":\"https:\/\/www.estrategiaconcursos.com.br\/blog\/\"},{\"@type\":\"ListItem\",\"position\":2,\"name\":\"Resid\u00eancia Jur\u00eddica PGE SP: inscri\u00e7\u00f5es encerradas! 30 vagas\"}]},{\"@type\":\"WebSite\",\"@id\":\"https:\/\/www.estrategiaconcursos.com.br\/blog\/#website\",\"url\":\"https:\/\/www.estrategiaconcursos.com.br\/blog\/\",\"name\":\"Estrat\u00e9gia Concursos\",\"description\":\"O blog da Estrat\u00e9gia Concursos traz not\u00edcias sobre concursos e artigos de professores oferecendo cursos para concursos (pdf + videaulas) no site.\",\"publisher\":{\"@id\":\"https:\/\/www.estrategiaconcursos.com.br\/blog\/#organization\"},\"potentialAction\":[{\"@type\":\"SearchAction\",\"target\":{\"@type\":\"EntryPoint\",\"urlTemplate\":\"https:\/\/www.estrategiaconcursos.com.br\/blog\/?s={search_term_string}\"},\"query-input\":{\"@type\":\"PropertyValueSpecification\",\"valueRequired\":true,\"valueName\":\"search_term_string\"}}],\"inLanguage\":\"pt-BR\"},{\"@type\":\"Organization\",\"@id\":\"https:\/\/www.estrategiaconcursos.com.br\/blog\/#organization\",\"name\":\"Estrat\u00e9gia Concursos\",\"url\":\"https:\/\/www.estrategiaconcursos.com.br\/blog\/\",\"logo\":{\"@type\":\"ImageObject\",\"inLanguage\":\"pt-BR\",\"@id\":\"https:\/\/www.estrategiaconcursos.com.br\/blog\/#\/schema\/logo\/image\/\",\"url\":\"https:\/\/dhg1h5j42swfq.cloudfront.net\/2025\/06\/03203428\/logo_concursos-1.jpg\",\"contentUrl\":\"https:\/\/dhg1h5j42swfq.cloudfront.net\/2025\/06\/03203428\/logo_concursos-1.jpg\",\"width\":230,\"height\":60,\"caption\":\"Estrat\u00e9gia Concursos\"},\"image\":{\"@id\":\"https:\/\/www.estrategiaconcursos.com.br\/blog\/#\/schema\/logo\/image\/\"},\"sameAs\":[\"https:\/\/x.com\/EstratConcursos\"]},{\"@type\":\"Person\",\"@id\":\"https:\/\/www.estrategiaconcursos.com.br\/blog\/#\/schema\/person\/b4a388c97673c5f483d72185668afa1f\",\"name\":\"Coordena\u00e7\u00e3o\",\"image\":{\"@type\":\"ImageObject\",\"inLanguage\":\"pt-BR\",\"@id\":\"https:\/\/secure.gravatar.com\/avatar\/b720319e4c9a967eb58678d110f4fe35452fc5d5f97b202bac7b8acceb18c6ad?s=96&d=mm&r=g\",\"url\":\"https:\/\/secure.gravatar.com\/avatar\/b720319e4c9a967eb58678d110f4fe35452fc5d5f97b202bac7b8acceb18c6ad?s=96&d=mm&r=g\",\"contentUrl\":\"https:\/\/secure.gravatar.com\/avatar\/b720319e4c9a967eb58678d110f4fe35452fc5d5f97b202bac7b8acceb18c6ad?s=96&d=mm&r=g\",\"caption\":\"Coordena\u00e7\u00e3o\"},\"sameAs\":[\"https:\/\/www.facebook.com\/EstrategiaConcursos\",\"https:\/\/x.com\/EstratConcursos\"],\"url\":\"https:\/\/www.estrategiaconcursos.com.br\/blog\/author\/estrategia2013\/\"}]}<\/script>\n<!-- \/ Yoast SEO Premium plugin. -->","yoast_head_json":{"title":"Resid\u00eancia Jur\u00eddica PGE SP: inscri\u00e7\u00f5es encerradas! 30 vagas","description":"Resid\u00eancia Jur\u00eddica PGE SP: inscri\u00e7\u00f5es encerradas! S\u00e3o ofertadas 30 vagas para bachar\u00e9is em Direito participarem do programa. Confira!","robots":{"index":"index","follow":"follow","max-snippet":"max-snippet:-1","max-image-preview":"max-image-preview:large","max-video-preview":"max-video-preview:-1"},"canonical":"https:\/\/www.estrategiaconcursos.com.br\/blog\/residencia-juridica-pge-sp\/","og_locale":"pt_BR","og_type":"article","og_title":"Resid\u00eancia Jur\u00eddica PGE SP: inscri\u00e7\u00f5es encerradas! 30 vagas","og_description":"Resid\u00eancia Jur\u00eddica PGE SP: inscri\u00e7\u00f5es encerradas! S\u00e3o ofertadas 30 vagas para bachar\u00e9is em Direito participarem do programa. Confira!","og_url":"https:\/\/www.estrategiaconcursos.com.br\/blog\/residencia-juridica-pge-sp\/","og_site_name":"Estrat\u00e9gia Concursos","article_author":"https:\/\/www.facebook.com\/EstrategiaConcursos","article_published_time":"2021-11-28T12:20:00+00:00","article_modified_time":"2021-11-29T12:21:01+00:00","og_image":[{"width":1200,"height":628,"url":"https:\/\/dhg1h5j42swfq.cloudfront.net\/2021\/11\/11200949\/pge-sp6.jpg","type":"image\/jpeg"}],"author":"Coordena\u00e7\u00e3o","twitter_card":"summary_large_image","twitter_creator":"@EstratConcursos","twitter_site":"@EstratConcursos","twitter_misc":{"Escrito por":"Coordena\u00e7\u00e3o","Est. tempo de leitura":"5 minutos"},"schema":{"@context":"https:\/\/schema.org","@graph":[{"@type":"NewsArticle","@id":"https:\/\/www.estrategiaconcursos.com.br\/blog\/residencia-juridica-pge-sp\/#article","isPartOf":{"@id":"https:\/\/www.estrategiaconcursos.com.br\/blog\/residencia-juridica-pge-sp\/"},"author":{"name":"Coordena\u00e7\u00e3o","@id":"https:\/\/www.estrategiaconcursos.com.br\/blog\/#\/schema\/person\/b4a388c97673c5f483d72185668afa1f"},"headline":"Resid\u00eancia Jur\u00eddica PGE SP: inscri\u00e7\u00f5es encerradas! 30 vagas","datePublished":"2021-11-28T12:20:00+00:00","dateModified":"2021-11-29T12:21:01+00:00","mainEntityOfPage":{"@id":"https:\/\/www.estrategiaconcursos.com.br\/blog\/residencia-juridica-pge-sp\/"},"wordCount":1109,"commentCount":0,"publisher":{"@id":"https:\/\/www.estrategiaconcursos.com.br\/blog\/#organization"},"image":{"@id":"https:\/\/www.estrategiaconcursos.com.br\/blog\/residencia-juridica-pge-sp\/#primaryimage"},"thumbnailUrl":"https:\/\/dhg1h5j42swfq.cloudfront.net\/2021\/11\/11200949\/pge-sp6.jpg","articleSection":["Jur\u00eddico - Procuradorias"],"inLanguage":"pt-BR","potentialAction":[{"@type":"CommentAction","name":"Comment","target":["https:\/\/www.estrategiaconcursos.com.br\/blog\/residencia-juridica-pge-sp\/#respond"]}],"copyrightYear":"2021","copyrightHolder":{"@id":"https:\/\/www.estrategiaconcursos.com.br\/blog\/#organization"}},{"@type":"WebPage","@id":"https:\/\/www.estrategiaconcursos.com.br\/blog\/residencia-juridica-pge-sp\/","url":"https:\/\/www.estrategiaconcursos.com.br\/blog\/residencia-juridica-pge-sp\/","name":"Resid\u00eancia Jur\u00eddica PGE SP: inscri\u00e7\u00f5es encerradas! 30 vagas","isPartOf":{"@id":"https:\/\/www.estrategiaconcursos.com.br\/blog\/#website"},"primaryImageOfPage":{"@id":"https:\/\/www.estrategiaconcursos.com.br\/blog\/residencia-juridica-pge-sp\/#primaryimage"},"image":{"@id":"https:\/\/www.estrategiaconcursos.com.br\/blog\/residencia-juridica-pge-sp\/#primaryimage"},"thumbnailUrl":"https:\/\/dhg1h5j42swfq.cloudfront.net\/2021\/11\/11200949\/pge-sp6.jpg","datePublished":"2021-11-28T12:20:00+00:00","dateModified":"2021-11-29T12:21:01+00:00","description":"Resid\u00eancia Jur\u00eddica PGE SP: inscri\u00e7\u00f5es encerradas! S\u00e3o ofertadas 30 vagas para bachar\u00e9is em Direito participarem do programa. Confira!","breadcrumb":{"@id":"https:\/\/www.estrategiaconcursos.com.br\/blog\/residencia-juridica-pge-sp\/#breadcrumb"},"inLanguage":"pt-BR","potentialAction":[{"@type":"ReadAction","target":["https:\/\/www.estrategiaconcursos.com.br\/blog\/residencia-juridica-pge-sp\/"]}]},{"@type":"ImageObject","inLanguage":"pt-BR","@id":"https:\/\/www.estrategiaconcursos.com.br\/blog\/residencia-juridica-pge-sp\/#primaryimage","url":"https:\/\/dhg1h5j42swfq.cloudfront.net\/2021\/11\/11200949\/pge-sp6.jpg","contentUrl":"https:\/\/dhg1h5j42swfq.cloudfront.net\/2021\/11\/11200949\/pge-sp6.jpg","width":1200,"height":628,"caption":"Resid\u00eancia Jur\u00eddica PGE SP"},{"@type":"BreadcrumbList","@id":"https:\/\/www.estrategiaconcursos.com.br\/blog\/residencia-juridica-pge-sp\/#breadcrumb","itemListElement":[{"@type":"ListItem","position":1,"name":"In\u00edcio","item":"https:\/\/www.estrategiaconcursos.com.br\/blog\/"},{"@type":"ListItem","position":2,"name":"Resid\u00eancia Jur\u00eddica PGE SP: inscri\u00e7\u00f5es encerradas! 30 vagas"}]},{"@type":"WebSite","@id":"https:\/\/www.estrategiaconcursos.com.br\/blog\/#website","url":"https:\/\/www.estrategiaconcursos.com.br\/blog\/","name":"Estrat\u00e9gia Concursos","description":"O blog da Estrat\u00e9gia Concursos traz not\u00edcias sobre concursos e artigos de professores oferecendo cursos para concursos (pdf + videaulas) no site.","publisher":{"@id":"https:\/\/www.estrategiaconcursos.com.br\/blog\/#organization"},"potentialAction":[{"@type":"SearchAction","target":{"@type":"EntryPoint","urlTemplate":"https:\/\/www.estrategiaconcursos.com.br\/blog\/?s={search_term_string}"},"query-input":{"@type":"PropertyValueSpecification","valueRequired":true,"valueName":"search_term_string"}}],"inLanguage":"pt-BR"},{"@type":"Organization","@id":"https:\/\/www.estrategiaconcursos.com.br\/blog\/#organization","name":"Estrat\u00e9gia Concursos","url":"https:\/\/www.estrategiaconcursos.com.br\/blog\/","logo":{"@type":"ImageObject","inLanguage":"pt-BR","@id":"https:\/\/www.estrategiaconcursos.com.br\/blog\/#\/schema\/logo\/image\/","url":"https:\/\/dhg1h5j42swfq.cloudfront.net\/2025\/06\/03203428\/logo_concursos-1.jpg","contentUrl":"https:\/\/dhg1h5j42swfq.cloudfront.net\/2025\/06\/03203428\/logo_concursos-1.jpg","width":230,"height":60,"caption":"Estrat\u00e9gia Concursos"},"image":{"@id":"https:\/\/www.estrategiaconcursos.com.br\/blog\/#\/schema\/logo\/image\/"},"sameAs":["https:\/\/x.com\/EstratConcursos"]},{"@type":"Person","@id":"https:\/\/www.estrategiaconcursos.com.br\/blog\/#\/schema\/person\/b4a388c97673c5f483d72185668afa1f","name":"Coordena\u00e7\u00e3o","image":{"@type":"ImageObject","inLanguage":"pt-BR","@id":"https:\/\/secure.gravatar.com\/avatar\/b720319e4c9a967eb58678d110f4fe35452fc5d5f97b202bac7b8acceb18c6ad?s=96&d=mm&r=g","url":"https:\/\/secure.gravatar.com\/avatar\/b720319e4c9a967eb58678d110f4fe35452fc5d5f97b202bac7b8acceb18c6ad?s=96&d=mm&r=g","contentUrl":"https:\/\/secure.gravatar.com\/avatar\/b720319e4c9a967eb58678d110f4fe35452fc5d5f97b202bac7b8acceb18c6ad?s=96&d=mm&r=g","caption":"Coordena\u00e7\u00e3o"},"sameAs":["https:\/\/www.facebook.com\/EstrategiaConcursos","https:\/\/x.com\/EstratConcursos"],"url":"https:\/\/www.estrategiaconcursos.com.br\/blog\/author\/estrategia2013\/"}]}},"_links":{"self":[{"href":"https:\/\/www.estrategiaconcursos.com.br\/blog\/wp-json\/wp\/v2\/posts\/906860","targetHints":{"allow":["GET"]}}],"collection":[{"href":"https:\/\/www.estrategiaconcursos.com.br\/blog\/wp-json\/wp\/v2\/posts"}],"about":[{"href":"https:\/\/www.estrategiaconcursos.com.br\/blog\/wp-json\/wp\/v2\/types\/post"}],"author":[{"embeddable":true,"href":"https:\/\/www.estrategiaconcursos.com.br\/blog\/wp-json\/wp\/v2\/users\/1"}],"replies":[{"embeddable":true,"href":"https:\/\/www.estrategiaconcursos.com.br\/blog\/wp-json\/wp\/v2\/comments?post=906860"}],"version-history":[{"count":61,"href":"https:\/\/www.estrategiaconcursos.com.br\/blog\/wp-json\/wp\/v2\/posts\/906860\/revisions"}],"predecessor-version":[{"id":917780,"href":"https:\/\/www.estrategiaconcursos.com.br\/blog\/wp-json\/wp\/v2\/posts\/906860\/revisions\/917780"}],"wp:featuredmedia":[{"embeddable":true,"href":"https:\/\/www.estrategiaconcursos.com.br\/blog\/wp-json\/wp\/v2\/media\/906941"}],"wp:attachment":[{"href":"https:\/\/www.estrategiaconcursos.com.br\/blog\/wp-json\/wp\/v2\/media?parent=906860"}],"wp:term":[{"taxonomy":"category","embeddable":true,"href":"https:\/\/www.estrategiaconcursos.com.br\/blog\/wp-json\/wp\/v2\/categories?post=906860"},{"taxonomy":"post_tag","embeddable":true,"href":"https:\/\/www.estrategiaconcursos.com.br\/blog\/wp-json\/wp\/v2\/tags?post=906860"},{"taxonomy":"tax_estado","embeddable":true,"href":"https:\/\/www.estrategiaconcursos.com.br\/blog\/wp-json\/wp\/v2\/tax_estado?post=906860"}],"curies":[{"name":"wp","href":"https:\/\/api.w.org\/{rel}","templated":true}]}}