{"id":906280,"date":"2021-11-11T10:20:44","date_gmt":"2021-11-11T13:20:44","guid":{"rendered":"https:\/\/www.estrategiaconcursos.com.br\/blog\/?p=906280"},"modified":"2021-11-11T13:15:24","modified_gmt":"2021-11-11T16:15:24","slug":"aprovados-concurso-pc-ministerio-publico","status":"publish","type":"post","link":"https:\/\/www.estrategiaconcursos.com.br\/blog\/aprovados-concurso-pc-ministerio-publico\/","title":{"rendered":"Aprovados no concurso PC AL acionam o Minist\u00e9rio P\u00fablico"},"content":{"rendered":"\n<p>A <a href=\"https:\/\/www.instagram.com\/p\/CWHO6_eruWO\/\" target=\"_blank\" rel=\"noreferrer noopener\">comiss\u00e3o de aprovados<\/a> no concurso p\u00fablico da Pol\u00edcia Civil de Alagoas (PC AL) comunicou que acionou o Minist\u00e9rio P\u00fablico e a Defensoria P\u00fablica para que a anula\u00e7\u00e3o das etapas da sele\u00e7\u00e3o seja revogada.<\/p>\n\n\n\n<figure class=\"wp-block-image size-large\"><img loading=\"lazy\" decoding=\"async\" width=\"1024\" height=\"576\" src=\"https:\/\/dhg1h5j42swfq.cloudfront.net\/2021\/10\/13113616\/policia-civil-1024x576.jpg\" alt=\"\" class=\"wp-image-883545\" srcset=\"https:\/\/dhg1h5j42swfq.cloudfront.net\/2021\/10\/13113616\/policia-civil-1024x576.jpg 1024w, https:\/\/dhg1h5j42swfq.cloudfront.net\/2021\/10\/13113616\/policia-civil-300x169.jpg 300w, https:\/\/dhg1h5j42swfq.cloudfront.net\/2021\/10\/13113616\/policia-civil-768x432.jpg 768w, https:\/\/dhg1h5j42swfq.cloudfront.net\/2021\/10\/13113616\/policia-civil-610x343.jpg 610w, https:\/\/dhg1h5j42swfq.cloudfront.net\/2021\/10\/13113616\/policia-civil.jpg 1280w\" sizes=\"auto, (max-width: 1024px) 100vw, 1024px\" \/><figcaption>Aprovados do concurso PC AL acionam o MP | Imagem: reprodu\u00e7\u00e3o<\/figcaption><\/figure>\n\n\n\n<p>Os aprovados pedem a manuten\u00e7\u00e3o do cronograma de divulga\u00e7\u00e3o do resultado final da primeira fase e realiza\u00e7\u00e3o das demais fases do certame at\u00e9 que as investiga\u00e7\u00f5es em andamento, por meio do Inqu\u00e9rito Policial n\u00ba 8458\/2021-GRE\/DEIC, sejam conclu\u00eddas.<\/p>\n\n\n\n<p>Caso o estado n\u00e3o siga a recomenda\u00e7\u00e3o, a comiss\u00e3o pede abertura de A\u00e7\u00e3o Civil P\u00fablica para que o ato administrativo que cancelou o concurso p\u00fablico da Pol\u00edcia Civil seja anulado pela Justi\u00e7a. <\/p>\n\n\n\n<p>A solicita\u00e7\u00e3o aos \u00f3rg\u00e3os tamb\u00e9m aponta que a SEPLAG utilizou o mesmo argumento, apontado como gen\u00e9rico pela comiss\u00e3o, para cancelar as fases de todos os concursos policiais em andamento.<\/p>\n\n\n\n<p>Recentemente, o secret\u00e1rio de Estado do Planejamento, Gest\u00e3o e Patrim\u00f4nio de\u00a0Alagoas, Fabr\u00edcio Marques, revelou que as investiga\u00e7\u00f5es deixar\u00e3o claro que n\u00e3o havia outro caminho a seguir [a n\u00e3o ser a anula\u00e7\u00e3o das etapas] e que a Pasta segue trabalhando para que os certames sejam conclu\u00eddos nos primeiros meses de 2022.  <\/p>\n\n\n\n<p>Em comunicado nas&nbsp;<a href=\"https:\/\/www.instagram.com\/p\/CV0mrqED9x2\/\" target=\"_blank\" rel=\"noreferrer noopener\">redes sociais<\/a>, o secret\u00e1rio de Estado do Planejamento, Gest\u00e3o e Patrim\u00f4nio de&nbsp;Alagoas, Fabr\u00edcio Marques, revelou que as provas do&nbsp;<strong>concurso PC AL<\/strong>&nbsp;ser\u00e3o aplicadas na&nbsp;<strong>data prov\u00e1vel de 30 de janeiro de 2022<\/strong>.<\/p>\n\n\n\n<blockquote class=\"wp-block-quote is-layout-flow wp-block-quote-is-layout-flow\"><p><em>\u201cEstamos trabalhando para que seja divulgado o mais breve poss\u00edvel [edital de reaplica\u00e7\u00e3o das provas]. A data prevista inicialmente, para a realiza\u00e7\u00e3o das provas, \u00e9 de 22, 23 e 30 de janeiro. Em 22 e 23 de janeiro ser\u00e3o aplicadas as provas da PM e CBM e, no dia 30, a reaplica\u00e7\u00e3o da prova da PC. \u00c9 importante refor\u00e7ar que n\u00e3o reabriremos as inscri\u00e7\u00f5es e as provas ocorrer\u00e3o apenas em Alagoas, tanto Macei\u00f3 quanto Arapiraca\u201d<\/em>, explicou!<\/p><\/blockquote>\n\n\n\n<p>O edital do concurso p\u00fablico da Pol\u00edcia Civil de Alagoas (PC AL) oferece 500 vagas para os cargos de Agente e Escriv\u00e3o.<\/p>\n\n\n\n<p>Para mais informa\u00e7\u00f5es sobre o concurso PC AL, cuja comiss\u00e3o de aprovados acionou o Minist\u00e9rio P\u00fablico, acesse o link abaixo. Preparamos um artigo completo para voc\u00ea!<\/p>\n\n\n\n<p class=\"has-text-align-center has-luminous-vivid-orange-color has-black-background-color has-text-color has-background has-medium-font-size\"><strong><a href=\"https:\/\/www.estrategiaconcursos.com.br\/blog\/concurso-pc-al\/\" target=\"_blank\" rel=\"noreferrer noopener\">Concurso PC AL<\/a><\/strong><\/p>\n\n\n\n<p class=\"has-text-align-center has-luminous-vivid-orange-color has-black-background-color has-text-color has-background\"><strong>Quer estudar com quem mais aprova em concursos p\u00fablicos no Brasil, com um valor que cabe no seu bolso? Confira a nossa Black Friday!<\/strong>&nbsp;<strong>Clique no banner para participar:<\/strong><\/p>\n\n\n\n<div class=\"wp-block-image\"><figure class=\"aligncenter\"><a href=\"https:\/\/gratis.estrategiaconcursos.com.br\/bf-ec\/\" target=\"_blank\" rel=\"noreferrer noopener\"><img loading=\"lazy\" decoding=\"async\" width=\"801\" height=\"274\" src=\"https:\/\/dhg1h5j42swfq.cloudfront.net\/2021\/10\/28093835\/image-503.png\" alt=\"\" class=\"wp-image-895601\" srcset=\"https:\/\/dhg1h5j42swfq.cloudfront.net\/2021\/10\/28093835\/image-503.png 801w, https:\/\/dhg1h5j42swfq.cloudfront.net\/2021\/10\/28093835\/image-503-300x103.png 300w, https:\/\/dhg1h5j42swfq.cloudfront.net\/2021\/10\/28093835\/image-503-768x263.png 768w, https:\/\/dhg1h5j42swfq.cloudfront.net\/2021\/10\/28093835\/image-503-610x209.png 610w\" sizes=\"auto, (max-width: 801px) 100vw, 801px\" \/><\/a><\/figure><\/div>\n\n\n\n<hr class=\"wp-block-separator\"\/>\n\n\n\n<h2 class=\"has-text-align-center wp-block-heading\" id=\"h-quer-saber-tudo-sobre-concursos-previstos-confira-nossos-artigos\">Quer saber tudo sobre concursos previstos?<br \/>Confira nossos artigos!<\/h2>\n\n\n\n<ul class=\"wp-block-list\"><li><a href=\"https:\/\/www.estrategiaconcursos.com.br\/blog\/concursos-abertos\/\" target=\"_blank\" rel=\"noreferrer noopener\">Concursos abertos<\/a><\/li><li><a href=\"https:\/\/www.estrategiaconcursos.com.br\/blog\/concursos-2021\/\" target=\"_blank\" rel=\"noreferrer noopener\">Concursos 2021<\/a><\/li><li><a href=\"https:\/\/www.estrategiaconcursos.com.br\/blog\/concursos-2022\/\" target=\"_blank\" rel=\"noreferrer noopener\">Concursos 2022<\/a><\/li><li><a href=\"https:\/\/www.estrategiaconcursos.com.br\/blog\/concursos-de-policia\/\" target=\"_blank\" rel=\"noreferrer noopener\">Concursos de Pol\u00edcia<\/a><\/li><\/ul>\n\n\n\n<h2 class=\"has-text-align-center wp-block-heading\" id=\"cursos-assinatura\">Quer estudar para o concurso PC AL?<\/h2>\n\n\n\n<div id=\"boxes\" class=\"container\">\n<div class=\"row\">\n<div class=\"col-sm\">\n<div id=\"box-assinatura\" class=\"banner-policial\">\n<h3 class=\"titulo-assinatura\">Concurso PC AL<\/h3>\n<p class=\"subtitulo-assinatura\">Conhe\u00e7a os cursos<\/p>\n<div class=\"box-botao\"><a class=\"btn-assinatura\" role=\"button\" href=\"https:\/\/www.estrategiaconcursos.com.br\/cursosPorConcurso\/policia-civil-al-agente-e-escrivao\/\/\/\" target=\"_blank\" rel=\"noopener noreferrer\">Conhe\u00e7a mais<\/a><\/div>\n<\/div>\n\n<\/div>\n<\/div>\n<\/div>\n\n\n\n<div class=\"container\" id=\"boxes\">\n  <div class=\"row\">\n\n    <div class=\"col-sm\">\n      <div class=\"estrategia\" id=\"box-assinatura\">\n        <h3 class=\"titulo-assinatura\">Assinatura Concursos<\/h3>\n        <p class=\"subtitulo-assinatura\">Assinatura de 1 ano ou 2 anos<\/p>\n        <div class=\"box-botao\">\n          <a class=\"btn-assinatura\" target=\"_blank\" href=\"https:\/\/www.estrategiaconcursos.com.br\/assinaturas\/\" role=\"button\" rel=\"noopener noreferrer\">ASSINE AGORA<\/a>\n        <\/div>\n      <\/div>\n     \n    <\/div><\/div><\/div>\n\n\n\n<p> <\/p>\n","protected":false},"excerpt":{"rendered":"<p>A comiss\u00e3o de aprovados no concurso p\u00fablico da Pol\u00edcia Civil de Alagoas (PC AL) comunicou que acionou o Minist\u00e9rio P\u00fablico e a Defensoria P\u00fablica para que a anula\u00e7\u00e3o das etapas da sele\u00e7\u00e3o seja revogada. Os aprovados pedem a manuten\u00e7\u00e3o do cronograma de divulga\u00e7\u00e3o do resultado final da primeira fase e realiza\u00e7\u00e3o das demais fases do [&hellip;]<\/p>\n","protected":false},"author":1483,"featured_media":851298,"comment_status":"open","ping_status":"closed","sticky":false,"template":"","format":"standard","meta":{"post_tipo":"news","footnotes":""},"categories":[1988,220219],"tags":[],"tax_estado":[219965],"class_list":["post-906280","post","type-post","status-publish","format-standard","has-post-thumbnail","hentry","category-policia","category-noticias","tax_estado-al"],"acf":[],"yoast_head":"<!-- This site is optimized with the Yoast SEO Premium plugin v27.2 (Yoast SEO v27.2) - https:\/\/yoast.com\/product\/yoast-seo-premium-wordpress\/ -->\n<title>Aprovados no concurso PC AL acionam o Minist\u00e9rio P\u00fablico<\/title>\n<meta name=\"description\" content=\"A comiss\u00e3o de aprovados no concurso PC AL comunicou que acionou o Minist\u00e9rio P\u00fablico para que a anula\u00e7\u00e3o das etapas seja revogada. Veja!\" \/>\n<meta name=\"robots\" content=\"index, follow, max-snippet:-1, max-image-preview:large, max-video-preview:-1\" \/>\n<link rel=\"canonical\" href=\"https:\/\/www.estrategiaconcursos.com.br\/blog\/aprovados-concurso-pc-ministerio-publico\/\" \/>\n<meta property=\"og:locale\" content=\"pt_BR\" \/>\n<meta property=\"og:type\" content=\"article\" \/>\n<meta property=\"og:title\" content=\"Aprovados no concurso PC AL acionam o Minist\u00e9rio P\u00fablico\" \/>\n<meta property=\"og:description\" content=\"A comiss\u00e3o de aprovados no concurso PC AL comunicou que acionou o Minist\u00e9rio P\u00fablico para que a anula\u00e7\u00e3o das etapas seja revogada. Veja!\" \/>\n<meta property=\"og:url\" content=\"https:\/\/www.estrategiaconcursos.com.br\/blog\/aprovados-concurso-pc-ministerio-publico\/\" \/>\n<meta property=\"og:site_name\" content=\"Estrat\u00e9gia Concursos\" \/>\n<meta property=\"article:published_time\" content=\"2021-11-11T13:20:44+00:00\" \/>\n<meta property=\"article:modified_time\" content=\"2021-11-11T16:15:24+00:00\" \/>\n<meta property=\"og:image\" content=\"https:\/\/dhg1h5j42swfq.cloudfront.net\/2021\/09\/01150154\/pc-al.jpg\" \/>\n\t<meta property=\"og:image:width\" content=\"768\" \/>\n\t<meta property=\"og:image:height\" content=\"432\" \/>\n\t<meta property=\"og:image:type\" content=\"image\/jpeg\" \/>\n<meta name=\"author\" content=\"Diogo Mendes\" \/>\n<meta name=\"twitter:card\" content=\"summary_large_image\" \/>\n<meta name=\"twitter:creator\" content=\"@EstratConcursos\" \/>\n<meta name=\"twitter:site\" content=\"@EstratConcursos\" \/>\n<meta name=\"twitter:label1\" content=\"Escrito por\" \/>\n\t<meta name=\"twitter:data1\" content=\"Diogo Mendes\" \/>\n\t<meta name=\"twitter:label2\" content=\"Est. tempo de leitura\" \/>\n\t<meta name=\"twitter:data2\" content=\"3 minutos\" \/>\n<script type=\"application\/ld+json\" class=\"yoast-schema-graph\">{\"@context\":\"https:\/\/schema.org\",\"@graph\":[{\"@type\":\"NewsArticle\",\"@id\":\"https:\/\/www.estrategiaconcursos.com.br\/blog\/aprovados-concurso-pc-ministerio-publico\/#article\",\"isPartOf\":{\"@id\":\"https:\/\/www.estrategiaconcursos.com.br\/blog\/aprovados-concurso-pc-ministerio-publico\/\"},\"author\":{\"name\":\"Diogo Mendes\",\"@id\":\"https:\/\/www.estrategiaconcursos.com.br\/blog\/#\/schema\/person\/cc9e76173880338ce9f656c88664a1f6\"},\"headline\":\"Aprovados no concurso PC AL acionam o Minist\u00e9rio P\u00fablico\",\"datePublished\":\"2021-11-11T13:20:44+00:00\",\"dateModified\":\"2021-11-11T16:15:24+00:00\",\"mainEntityOfPage\":{\"@id\":\"https:\/\/www.estrategiaconcursos.com.br\/blog\/aprovados-concurso-pc-ministerio-publico\/\"},\"wordCount\":496,\"commentCount\":0,\"publisher\":{\"@id\":\"https:\/\/www.estrategiaconcursos.com.br\/blog\/#organization\"},\"image\":{\"@id\":\"https:\/\/www.estrategiaconcursos.com.br\/blog\/aprovados-concurso-pc-ministerio-publico\/#primaryimage\"},\"thumbnailUrl\":\"https:\/\/dhg1h5j42swfq.cloudfront.net\/2021\/09\/01150154\/pc-al.jpg\",\"articleSection\":[\"Policial (Agente, Escriv\u00e3o e Investigador)\",\"\u00daltimas not\u00edcias\"],\"inLanguage\":\"pt-BR\",\"potentialAction\":[{\"@type\":\"CommentAction\",\"name\":\"Comment\",\"target\":[\"https:\/\/www.estrategiaconcursos.com.br\/blog\/aprovados-concurso-pc-ministerio-publico\/#respond\"]}],\"copyrightYear\":\"2021\",\"copyrightHolder\":{\"@id\":\"https:\/\/www.estrategiaconcursos.com.br\/blog\/#organization\"}},{\"@type\":\"WebPage\",\"@id\":\"https:\/\/www.estrategiaconcursos.com.br\/blog\/aprovados-concurso-pc-ministerio-publico\/\",\"url\":\"https:\/\/www.estrategiaconcursos.com.br\/blog\/aprovados-concurso-pc-ministerio-publico\/\",\"name\":\"Aprovados no concurso PC AL acionam o Minist\u00e9rio P\u00fablico\",\"isPartOf\":{\"@id\":\"https:\/\/www.estrategiaconcursos.com.br\/blog\/#website\"},\"primaryImageOfPage\":{\"@id\":\"https:\/\/www.estrategiaconcursos.com.br\/blog\/aprovados-concurso-pc-ministerio-publico\/#primaryimage\"},\"image\":{\"@id\":\"https:\/\/www.estrategiaconcursos.com.br\/blog\/aprovados-concurso-pc-ministerio-publico\/#primaryimage\"},\"thumbnailUrl\":\"https:\/\/dhg1h5j42swfq.cloudfront.net\/2021\/09\/01150154\/pc-al.jpg\",\"datePublished\":\"2021-11-11T13:20:44+00:00\",\"dateModified\":\"2021-11-11T16:15:24+00:00\",\"description\":\"A comiss\u00e3o de aprovados no concurso PC AL comunicou que acionou o Minist\u00e9rio P\u00fablico para que a anula\u00e7\u00e3o das etapas seja revogada. Veja!\",\"breadcrumb\":{\"@id\":\"https:\/\/www.estrategiaconcursos.com.br\/blog\/aprovados-concurso-pc-ministerio-publico\/#breadcrumb\"},\"inLanguage\":\"pt-BR\",\"potentialAction\":[{\"@type\":\"ReadAction\",\"target\":[\"https:\/\/www.estrategiaconcursos.com.br\/blog\/aprovados-concurso-pc-ministerio-publico\/\"]}]},{\"@type\":\"ImageObject\",\"inLanguage\":\"pt-BR\",\"@id\":\"https:\/\/www.estrategiaconcursos.com.br\/blog\/aprovados-concurso-pc-ministerio-publico\/#primaryimage\",\"url\":\"https:\/\/dhg1h5j42swfq.cloudfront.net\/2021\/09\/01150154\/pc-al.jpg\",\"contentUrl\":\"https:\/\/dhg1h5j42swfq.cloudfront.net\/2021\/09\/01150154\/pc-al.jpg\",\"width\":768,\"height\":432,\"caption\":\"concurso pc al\"},{\"@type\":\"BreadcrumbList\",\"@id\":\"https:\/\/www.estrategiaconcursos.com.br\/blog\/aprovados-concurso-pc-ministerio-publico\/#breadcrumb\",\"itemListElement\":[{\"@type\":\"ListItem\",\"position\":1,\"name\":\"In\u00edcio\",\"item\":\"https:\/\/www.estrategiaconcursos.com.br\/blog\/\"},{\"@type\":\"ListItem\",\"position\":2,\"name\":\"Aprovados no concurso PC AL acionam o Minist\u00e9rio P\u00fablico\"}]},{\"@type\":\"WebSite\",\"@id\":\"https:\/\/www.estrategiaconcursos.com.br\/blog\/#website\",\"url\":\"https:\/\/www.estrategiaconcursos.com.br\/blog\/\",\"name\":\"Estrat\u00e9gia Concursos\",\"description\":\"O blog da Estrat\u00e9gia Concursos traz not\u00edcias sobre concursos e artigos de professores oferecendo cursos para concursos (pdf + videaulas) no site.\",\"publisher\":{\"@id\":\"https:\/\/www.estrategiaconcursos.com.br\/blog\/#organization\"},\"potentialAction\":[{\"@type\":\"SearchAction\",\"target\":{\"@type\":\"EntryPoint\",\"urlTemplate\":\"https:\/\/www.estrategiaconcursos.com.br\/blog\/?s={search_term_string}\"},\"query-input\":{\"@type\":\"PropertyValueSpecification\",\"valueRequired\":true,\"valueName\":\"search_term_string\"}}],\"inLanguage\":\"pt-BR\"},{\"@type\":\"Organization\",\"@id\":\"https:\/\/www.estrategiaconcursos.com.br\/blog\/#organization\",\"name\":\"Estrat\u00e9gia Concursos\",\"url\":\"https:\/\/www.estrategiaconcursos.com.br\/blog\/\",\"logo\":{\"@type\":\"ImageObject\",\"inLanguage\":\"pt-BR\",\"@id\":\"https:\/\/www.estrategiaconcursos.com.br\/blog\/#\/schema\/logo\/image\/\",\"url\":\"https:\/\/dhg1h5j42swfq.cloudfront.net\/2025\/06\/03203428\/logo_concursos-1.jpg\",\"contentUrl\":\"https:\/\/dhg1h5j42swfq.cloudfront.net\/2025\/06\/03203428\/logo_concursos-1.jpg\",\"width\":230,\"height\":60,\"caption\":\"Estrat\u00e9gia Concursos\"},\"image\":{\"@id\":\"https:\/\/www.estrategiaconcursos.com.br\/blog\/#\/schema\/logo\/image\/\"},\"sameAs\":[\"https:\/\/x.com\/EstratConcursos\"]},{\"@type\":\"Person\",\"@id\":\"https:\/\/www.estrategiaconcursos.com.br\/blog\/#\/schema\/person\/cc9e76173880338ce9f656c88664a1f6\",\"name\":\"Diogo Mendes\",\"image\":{\"@type\":\"ImageObject\",\"inLanguage\":\"pt-BR\",\"@id\":\"https:\/\/secure.gravatar.com\/avatar\/9754d6777d460a45ef4067b586b94c32005cc2345a0404b8d96adc620cf63806?s=96&d=mm&r=g\",\"url\":\"https:\/\/secure.gravatar.com\/avatar\/9754d6777d460a45ef4067b586b94c32005cc2345a0404b8d96adc620cf63806?s=96&d=mm&r=g\",\"contentUrl\":\"https:\/\/secure.gravatar.com\/avatar\/9754d6777d460a45ef4067b586b94c32005cc2345a0404b8d96adc620cf63806?s=96&d=mm&r=g\",\"caption\":\"Diogo Mendes\"},\"description\":\"Diogo Mendes \u00e9 jornalista formado pela Universidade Paulista, com experi\u00eancia em reda\u00e7\u00f5es de diversos ve\u00edculos e na produ\u00e7\u00e3o de conte\u00fados especializados em concursos p\u00fablicos. Desde 2019, atua no Estrat\u00e9gia Concursos como Jornalista e Analista de Conte\u00fado, com foco na apura\u00e7\u00e3o de informa\u00e7\u00f5es junto a \u00f3rg\u00e3os e fontes oficiais. Dedica-se especialmente \u00e0 produ\u00e7\u00e3o de not\u00edcias e reportagens sobre Concursos Legislativos, al\u00e9m de acompanhar diariamente os concursos policiais, banc\u00e1rios e da \u00e1rea da sa\u00fade.\",\"url\":\"https:\/\/www.estrategiaconcursos.com.br\/blog\/author\/diogo-mendesestrategiaconcursos-com-br\/\"}]}<\/script>\n<!-- \/ Yoast SEO Premium plugin. -->","yoast_head_json":{"title":"Aprovados no concurso PC AL acionam o Minist\u00e9rio P\u00fablico","description":"A comiss\u00e3o de aprovados no concurso PC AL comunicou que acionou o Minist\u00e9rio P\u00fablico para que a anula\u00e7\u00e3o das etapas seja revogada. Veja!","robots":{"index":"index","follow":"follow","max-snippet":"max-snippet:-1","max-image-preview":"max-image-preview:large","max-video-preview":"max-video-preview:-1"},"canonical":"https:\/\/www.estrategiaconcursos.com.br\/blog\/aprovados-concurso-pc-ministerio-publico\/","og_locale":"pt_BR","og_type":"article","og_title":"Aprovados no concurso PC AL acionam o Minist\u00e9rio P\u00fablico","og_description":"A comiss\u00e3o de aprovados no concurso PC AL comunicou que acionou o Minist\u00e9rio P\u00fablico para que a anula\u00e7\u00e3o das etapas seja revogada. Veja!","og_url":"https:\/\/www.estrategiaconcursos.com.br\/blog\/aprovados-concurso-pc-ministerio-publico\/","og_site_name":"Estrat\u00e9gia Concursos","article_published_time":"2021-11-11T13:20:44+00:00","article_modified_time":"2021-11-11T16:15:24+00:00","og_image":[{"width":768,"height":432,"url":"https:\/\/dhg1h5j42swfq.cloudfront.net\/2021\/09\/01150154\/pc-al.jpg","type":"image\/jpeg"}],"author":"Diogo Mendes","twitter_card":"summary_large_image","twitter_creator":"@EstratConcursos","twitter_site":"@EstratConcursos","twitter_misc":{"Escrito por":"Diogo Mendes","Est. tempo de leitura":"3 minutos"},"schema":{"@context":"https:\/\/schema.org","@graph":[{"@type":"NewsArticle","@id":"https:\/\/www.estrategiaconcursos.com.br\/blog\/aprovados-concurso-pc-ministerio-publico\/#article","isPartOf":{"@id":"https:\/\/www.estrategiaconcursos.com.br\/blog\/aprovados-concurso-pc-ministerio-publico\/"},"author":{"name":"Diogo Mendes","@id":"https:\/\/www.estrategiaconcursos.com.br\/blog\/#\/schema\/person\/cc9e76173880338ce9f656c88664a1f6"},"headline":"Aprovados no concurso PC AL acionam o Minist\u00e9rio P\u00fablico","datePublished":"2021-11-11T13:20:44+00:00","dateModified":"2021-11-11T16:15:24+00:00","mainEntityOfPage":{"@id":"https:\/\/www.estrategiaconcursos.com.br\/blog\/aprovados-concurso-pc-ministerio-publico\/"},"wordCount":496,"commentCount":0,"publisher":{"@id":"https:\/\/www.estrategiaconcursos.com.br\/blog\/#organization"},"image":{"@id":"https:\/\/www.estrategiaconcursos.com.br\/blog\/aprovados-concurso-pc-ministerio-publico\/#primaryimage"},"thumbnailUrl":"https:\/\/dhg1h5j42swfq.cloudfront.net\/2021\/09\/01150154\/pc-al.jpg","articleSection":["Policial (Agente, Escriv\u00e3o e Investigador)","\u00daltimas not\u00edcias"],"inLanguage":"pt-BR","potentialAction":[{"@type":"CommentAction","name":"Comment","target":["https:\/\/www.estrategiaconcursos.com.br\/blog\/aprovados-concurso-pc-ministerio-publico\/#respond"]}],"copyrightYear":"2021","copyrightHolder":{"@id":"https:\/\/www.estrategiaconcursos.com.br\/blog\/#organization"}},{"@type":"WebPage","@id":"https:\/\/www.estrategiaconcursos.com.br\/blog\/aprovados-concurso-pc-ministerio-publico\/","url":"https:\/\/www.estrategiaconcursos.com.br\/blog\/aprovados-concurso-pc-ministerio-publico\/","name":"Aprovados no concurso PC AL acionam o Minist\u00e9rio P\u00fablico","isPartOf":{"@id":"https:\/\/www.estrategiaconcursos.com.br\/blog\/#website"},"primaryImageOfPage":{"@id":"https:\/\/www.estrategiaconcursos.com.br\/blog\/aprovados-concurso-pc-ministerio-publico\/#primaryimage"},"image":{"@id":"https:\/\/www.estrategiaconcursos.com.br\/blog\/aprovados-concurso-pc-ministerio-publico\/#primaryimage"},"thumbnailUrl":"https:\/\/dhg1h5j42swfq.cloudfront.net\/2021\/09\/01150154\/pc-al.jpg","datePublished":"2021-11-11T13:20:44+00:00","dateModified":"2021-11-11T16:15:24+00:00","description":"A comiss\u00e3o de aprovados no concurso PC AL comunicou que acionou o Minist\u00e9rio P\u00fablico para que a anula\u00e7\u00e3o das etapas seja revogada. Veja!","breadcrumb":{"@id":"https:\/\/www.estrategiaconcursos.com.br\/blog\/aprovados-concurso-pc-ministerio-publico\/#breadcrumb"},"inLanguage":"pt-BR","potentialAction":[{"@type":"ReadAction","target":["https:\/\/www.estrategiaconcursos.com.br\/blog\/aprovados-concurso-pc-ministerio-publico\/"]}]},{"@type":"ImageObject","inLanguage":"pt-BR","@id":"https:\/\/www.estrategiaconcursos.com.br\/blog\/aprovados-concurso-pc-ministerio-publico\/#primaryimage","url":"https:\/\/dhg1h5j42swfq.cloudfront.net\/2021\/09\/01150154\/pc-al.jpg","contentUrl":"https:\/\/dhg1h5j42swfq.cloudfront.net\/2021\/09\/01150154\/pc-al.jpg","width":768,"height":432,"caption":"concurso pc al"},{"@type":"BreadcrumbList","@id":"https:\/\/www.estrategiaconcursos.com.br\/blog\/aprovados-concurso-pc-ministerio-publico\/#breadcrumb","itemListElement":[{"@type":"ListItem","position":1,"name":"In\u00edcio","item":"https:\/\/www.estrategiaconcursos.com.br\/blog\/"},{"@type":"ListItem","position":2,"name":"Aprovados no concurso PC AL acionam o Minist\u00e9rio P\u00fablico"}]},{"@type":"WebSite","@id":"https:\/\/www.estrategiaconcursos.com.br\/blog\/#website","url":"https:\/\/www.estrategiaconcursos.com.br\/blog\/","name":"Estrat\u00e9gia Concursos","description":"O blog da Estrat\u00e9gia Concursos traz not\u00edcias sobre concursos e artigos de professores oferecendo cursos para concursos (pdf + videaulas) no site.","publisher":{"@id":"https:\/\/www.estrategiaconcursos.com.br\/blog\/#organization"},"potentialAction":[{"@type":"SearchAction","target":{"@type":"EntryPoint","urlTemplate":"https:\/\/www.estrategiaconcursos.com.br\/blog\/?s={search_term_string}"},"query-input":{"@type":"PropertyValueSpecification","valueRequired":true,"valueName":"search_term_string"}}],"inLanguage":"pt-BR"},{"@type":"Organization","@id":"https:\/\/www.estrategiaconcursos.com.br\/blog\/#organization","name":"Estrat\u00e9gia Concursos","url":"https:\/\/www.estrategiaconcursos.com.br\/blog\/","logo":{"@type":"ImageObject","inLanguage":"pt-BR","@id":"https:\/\/www.estrategiaconcursos.com.br\/blog\/#\/schema\/logo\/image\/","url":"https:\/\/dhg1h5j42swfq.cloudfront.net\/2025\/06\/03203428\/logo_concursos-1.jpg","contentUrl":"https:\/\/dhg1h5j42swfq.cloudfront.net\/2025\/06\/03203428\/logo_concursos-1.jpg","width":230,"height":60,"caption":"Estrat\u00e9gia Concursos"},"image":{"@id":"https:\/\/www.estrategiaconcursos.com.br\/blog\/#\/schema\/logo\/image\/"},"sameAs":["https:\/\/x.com\/EstratConcursos"]},{"@type":"Person","@id":"https:\/\/www.estrategiaconcursos.com.br\/blog\/#\/schema\/person\/cc9e76173880338ce9f656c88664a1f6","name":"Diogo Mendes","image":{"@type":"ImageObject","inLanguage":"pt-BR","@id":"https:\/\/secure.gravatar.com\/avatar\/9754d6777d460a45ef4067b586b94c32005cc2345a0404b8d96adc620cf63806?s=96&d=mm&r=g","url":"https:\/\/secure.gravatar.com\/avatar\/9754d6777d460a45ef4067b586b94c32005cc2345a0404b8d96adc620cf63806?s=96&d=mm&r=g","contentUrl":"https:\/\/secure.gravatar.com\/avatar\/9754d6777d460a45ef4067b586b94c32005cc2345a0404b8d96adc620cf63806?s=96&d=mm&r=g","caption":"Diogo Mendes"},"description":"Diogo Mendes \u00e9 jornalista formado pela Universidade Paulista, com experi\u00eancia em reda\u00e7\u00f5es de diversos ve\u00edculos e na produ\u00e7\u00e3o de conte\u00fados especializados em concursos p\u00fablicos. Desde 2019, atua no Estrat\u00e9gia Concursos como Jornalista e Analista de Conte\u00fado, com foco na apura\u00e7\u00e3o de informa\u00e7\u00f5es junto a \u00f3rg\u00e3os e fontes oficiais. Dedica-se especialmente \u00e0 produ\u00e7\u00e3o de not\u00edcias e reportagens sobre Concursos Legislativos, al\u00e9m de acompanhar diariamente os concursos policiais, banc\u00e1rios e da \u00e1rea da sa\u00fade.","url":"https:\/\/www.estrategiaconcursos.com.br\/blog\/author\/diogo-mendesestrategiaconcursos-com-br\/"}]}},"_links":{"self":[{"href":"https:\/\/www.estrategiaconcursos.com.br\/blog\/wp-json\/wp\/v2\/posts\/906280","targetHints":{"allow":["GET"]}}],"collection":[{"href":"https:\/\/www.estrategiaconcursos.com.br\/blog\/wp-json\/wp\/v2\/posts"}],"about":[{"href":"https:\/\/www.estrategiaconcursos.com.br\/blog\/wp-json\/wp\/v2\/types\/post"}],"author":[{"embeddable":true,"href":"https:\/\/www.estrategiaconcursos.com.br\/blog\/wp-json\/wp\/v2\/users\/1483"}],"replies":[{"embeddable":true,"href":"https:\/\/www.estrategiaconcursos.com.br\/blog\/wp-json\/wp\/v2\/comments?post=906280"}],"version-history":[{"count":8,"href":"https:\/\/www.estrategiaconcursos.com.br\/blog\/wp-json\/wp\/v2\/posts\/906280\/revisions"}],"predecessor-version":[{"id":906461,"href":"https:\/\/www.estrategiaconcursos.com.br\/blog\/wp-json\/wp\/v2\/posts\/906280\/revisions\/906461"}],"wp:featuredmedia":[{"embeddable":true,"href":"https:\/\/www.estrategiaconcursos.com.br\/blog\/wp-json\/wp\/v2\/media\/851298"}],"wp:attachment":[{"href":"https:\/\/www.estrategiaconcursos.com.br\/blog\/wp-json\/wp\/v2\/media?parent=906280"}],"wp:term":[{"taxonomy":"category","embeddable":true,"href":"https:\/\/www.estrategiaconcursos.com.br\/blog\/wp-json\/wp\/v2\/categories?post=906280"},{"taxonomy":"post_tag","embeddable":true,"href":"https:\/\/www.estrategiaconcursos.com.br\/blog\/wp-json\/wp\/v2\/tags?post=906280"},{"taxonomy":"tax_estado","embeddable":true,"href":"https:\/\/www.estrategiaconcursos.com.br\/blog\/wp-json\/wp\/v2\/tax_estado?post=906280"}],"curies":[{"name":"wp","href":"https:\/\/api.w.org\/{rel}","templated":true}]}}