{"id":90624,"date":"2017-09-27T16:14:04","date_gmt":"2017-09-27T19:14:04","guid":{"rendered":"https:\/\/www.estrategiaconcursos.com.br\/blog\/?p=90624"},"modified":"2017-09-27T16:15:30","modified_gmt":"2017-09-27T19:15:30","slug":"prova-discursiva-procurador-camara-bh-analise-geral","status":"publish","type":"post","link":"https:\/\/www.estrategiaconcursos.com.br\/blog\/prova-discursiva-procurador-camara-bh-analise-geral\/","title":{"rendered":"Prova Discursiva Procurador C\u00e2mara BH &#8211; An\u00e1lise Geral"},"content":{"rendered":"<h5 style=\"text-align: center\"><img loading=\"lazy\" decoding=\"async\" class=\"size-full wp-image-84239 alignleft\" src=\"https:\/\/dhg1h5j42swfq.cloudfront.net\/2017\/08\/07041902\/CORUJA-2.jpg\" alt=\"Prova Discursiva Procurador C\u00e2mara BH\" width=\"289\" height=\"241\" \/>Prova Discursiva Procurador C\u00e2mara BH &#8211; An\u00e1lise Geral<\/h5>\n<p>Ol\u00e1 meus amigos, tudo bem? O tema de hoje \u00e9: Prova Discursiva Procurador C\u00e2mara BH.<\/p>\n<p style=\"text-align: justify\">Em nosso \u00faltimo post analisamos o <a href=\"https:\/\/www.estrategiaconcursos.com.br\/blog\/procurador-camara-bh-analise-edital\/\" target=\"_blank\" rel=\"noopener\">edital do concurso Procurador da C\u00e2mara de Belo Horizonte\/MG<\/a>. \u00a0O edital fora publicado em 23.09.2017 e a banca respons\u00e1vel pelo certame ser\u00e1 a <a href=\"http:\/\/www.consulplan.net\/home.aspx\" target=\"_blank\" rel=\"noopener\">CONSULPLAN .<\/a><\/p>\n<p>Hoje, aprofundaremos o debate na prova discursiva, combinado?<\/p>\n<p>&nbsp;<\/p>\n<h5>Apresenta\u00e7\u00e3o do Professor<\/h5>\n<p style=\"text-align: justify\">Antes, por\u00e9m, gostaria de me apresentar. Me chamo <strong>Igor Maciel<\/strong>, sou advogado e professor aqui do Estrat\u00e9gia Concursos nas disciplinas de Direito Administrativo, Aspectos de Direito Processual Civil aplicados \u00e0 Fazenda P\u00fablica e Direitos Difusos e Coletivos.<\/p>\n<p style=\"text-align: justify\">Sou graduado na Universidade Federal de Pernambuco, com extens\u00e3o na Universidade de Coimbra\/Portugal, especialista LLM em Direito Corporativo pelo IBMEC\/RJ e Mestre em Direito e Pol\u00edticas P\u00fablicas pelo UNICEUB\/DF.\u00a0Convido-os a seguir minhas redes sociais. Basta clicar no \u00edcone desejado:<\/p>\n<p><a href=\"https:\/\/www.facebook.com\/profigormaciel\/?ref=bookmarks\" target=\"_blank\" rel=\"noopener\"><img loading=\"lazy\" decoding=\"async\" class=\"alignleft wp-image-44754\" title=\"Prova Discursiva Procurador C\u00e2mara BH\" src=\"https:\/\/dhg1h5j42swfq.cloudfront.net\/2016\/07\/28224414\/facebook_120x120px.png\" alt=\"\" width=\"42\" height=\"42\" \/><\/a><a href=\"https:\/\/www.youtube.com\/channel\/UC8j0Uou4WqygSNVXJhWHLvQ\" target=\"_blank\" rel=\"noopener\"><img loading=\"lazy\" decoding=\"async\" class=\"alignleft wp-image-39614\" title=\"Prova Discursiva Procurador C\u00e2mara BH\" src=\"https:\/\/dhg1h5j42swfq.cloudfront.net\/2016\/05\/22220220\/YOUTUBE.png\" alt=\"\" width=\"52\" height=\"32\" srcset=\"https:\/\/dhg1h5j42swfq.cloudfront.net\/2016\/05\/22220220\/YOUTUBE.png 773w, https:\/\/dhg1h5j42swfq.cloudfront.net\/2016\/05\/22220220\/YOUTUBE.png 300w, https:\/\/dhg1h5j42swfq.cloudfront.net\/2016\/05\/22220220\/YOUTUBE.png 768w, https:\/\/dhg1h5j42swfq.cloudfront.net\/2016\/05\/22220220\/YOUTUBE.png 482w\" sizes=\"auto, (max-width: 52px) 100vw, 52px\" \/><\/a><\/p>\n<p><a href=\"https:\/\/www.instagram.com\/profigormaciel\/\" target=\"_blank\" rel=\"noopener\"><strong><img loading=\"lazy\" decoding=\"async\" class=\"alignleft wp-image-45743\" title=\"Prova Discursiva Procurador C\u00e2mara BH\" src=\"https:\/\/dhg1h5j42swfq.cloudfront.net\/2016\/08\/08104857\/instagram.jpeg\" alt=\"\" width=\"61\" height=\"45\" srcset=\"https:\/\/dhg1h5j42swfq.cloudfront.net\/2016\/08\/08104857\/instagram.jpeg 880w, https:\/\/dhg1h5j42swfq.cloudfront.net\/2016\/08\/08104857\/instagram.jpeg 300w, https:\/\/dhg1h5j42swfq.cloudfront.net\/2016\/08\/08104857\/instagram.jpeg 768w, https:\/\/dhg1h5j42swfq.cloudfront.net\/2016\/08\/08104857\/instagram.jpeg 411w\" sizes=\"auto, (max-width: 61px) 100vw, 61px\" \/><\/strong><\/a><\/p>\n<p><strong>@Prof Igor Maciel<\/strong><\/p>\n<p>&nbsp;<\/p>\n<h5><strong><u>Prova Discursiva Procurador C\u00e2mara BH<\/u><\/strong><\/h5>\n<p style=\"text-align: justify\">Os candidatos precisar\u00e3o realizar em um mesmo dia tanto a prova objetiva quanto a prova discursiva no concurso de Procurador da C\u00e2mara de Belo Horizonte, raz\u00e3o pela qual \u00e9 essencial que o aluno esteja bem preparado para ambas as provas.<\/p>\n<p style=\"text-align: justify\">Os 160 (cento e sessenta) primeiros colocados e aqueles empatados nesta posi\u00e7\u00e3o ter\u00e3o suas provas corrigidas, desde que obedecidos outros requisitos do <a href=\"https:\/\/dhg1h5j42swfq.cloudfront.net\/2017\/09\/23080010\/Edital-Ca%CC%82mara-BH-2017.pdf\" target=\"_blank\" rel=\"noopener\">Edital<\/a>, conforme explicado <a href=\"https:\/\/www.estrategiaconcursos.com.br\/blog\/procurador-camara-bh-analise-edital\/\" target=\"_blank\" rel=\"noopener\">aqui<\/a>.<\/p>\n<p style=\"text-align: justify\">Entendidos alguns aspectos da prova discursiva procurador C\u00e2mara BH, gostaria de conversar com os senhores sobre alguns mitos e verdades sobre provas discursivas.<\/p>\n<h4 style=\"text-align: center\"><strong><u>Alguns mitos e verdades sobre Provas Discursivas<\/u><\/strong><\/h4>\n<h5><strong>Vale a pena fazer rascunho?<\/strong><\/h5>\n<p style=\"text-align: justify\">Amigos, o tempo de prova ser\u00e1 muito curto: 05 (cinco) horas para responder a prova objetiva, redigir a pe\u00e7a pr\u00e1tica e ainda transcrever o gabarito definitivo. Escrever um rascunho e ainda passar a pe\u00e7a a limpo, sem d\u00favidas, ir\u00e1 prejudicar sensivelmente o desempenho do candidato.<\/p>\n<p>Fazer rascunho da pe\u00e7a e depois passar a limpo est\u00e1 fora de cogita\u00e7\u00e3o.<\/p>\n<p>&nbsp;<\/p>\n<h5><strong>O que fazer ent\u00e3o na Prova Discursiva Procurador C\u00e2mara BH?<\/strong><\/h5>\n<p style=\"text-align: justify\">A ideia \u00e9 que na prova discursiva procurador C\u00e2mara BH o candidato n\u00e3o fa\u00e7a rascunho da pe\u00e7a, mas t\u00e3o somente identifique os principais pontos que ser\u00e3o discutidos ao longo do texto.<\/p>\n<p style=\"text-align: justify\">Assim, dever\u00e1 o candidato na sua folha de rascunho apontar itens como: identifica\u00e7\u00e3o da pe\u00e7a, fundamenta\u00e7\u00e3o, quest\u00f5es preliminares a serem discutidas com a respectiva fundamenta\u00e7\u00e3o e tamb\u00e9m os pontos de m\u00e9rito.<\/p>\n<p style=\"text-align: justify\">Interessante, ainda, fazer no rascunho alguns dos pedidos da pe\u00e7a ou as conclus\u00f5es do parecer para que n\u00e3o se perca qualquer ponto importante na elabora\u00e7\u00e3o da folha de respostas.<\/p>\n<p>&nbsp;<\/p>\n<h5><strong>Escrever t\u00f3picos na prova discursiva procurador C\u00e2mara BH, vale a pena?<\/strong><\/h5>\n<p style=\"text-align: justify\">Amigos, entendo que sim.<\/p>\n<p style=\"text-align: justify\">A identifica\u00e7\u00e3o da pe\u00e7a em t\u00f3picos facilita a corre\u00e7\u00e3o do examinador, al\u00e9m de facilitar a elabora\u00e7\u00e3o da pe\u00e7a e impedir que o candidato esque\u00e7a eventual ponto relevante.<\/p>\n<p style=\"text-align: justify\">A estrutura da pe\u00e7a na prova discursiva Procurador C\u00e2mara BH deve conter algo parecido com o seguinte exemplo:<\/p>\n<p style=\"padding-left: 60px\">DOS FATOS<\/p>\n<p style=\"padding-left: 60px\"><em>DA PRELIMINAR DE PRESCRI\u00c7\u00c3O<\/em><\/p>\n<p style=\"padding-left: 60px\"><em>DA PRELIMINAR DE ILEGITIMIDADE PASSIVA<\/em><\/p>\n<p style=\"padding-left: 60px\">DO M\u00c9RITO<\/p>\n<p style=\"padding-left: 60px\"><em>DA RESPONSABILIDADE CIVIL DA ADMINISTRA\u00c7\u00c3O<\/em><\/p>\n<p style=\"padding-left: 60px\"><em>DA INEXIST\u00caNCIA DE DANO MORAL<\/em><\/p>\n<p style=\"padding-left: 60px\">DOS PEDIDOS<\/p>\n<p>&nbsp;<\/p>\n<h5><strong>No meu escrit\u00f3rio sempre pulo v\u00e1rias linhas para facilitar a compreens\u00e3o do juiz. \u00c9 necess\u00e1rio pular linhas na prova Discursiva Procurador C\u00e2mara BH?<\/strong><\/h5>\n<p style=\"text-align: justify\">Pessoal, na prova discursiva Procurador C\u00e2mara BH o candidato apenas ter\u00e1 entre 90 e 130 linhas para redigir a pe\u00e7a processual ou o parecer. Se teremos apenas cerca de 04 p\u00e1ginas para escrever, n\u00e3o podemos perder linhas preciosas \u201cpulando\u201d.<\/p>\n<p style=\"text-align: justify\"><strong>A ideia, portanto, \u00e9: n\u00e3o pule mais que uma linha! N\u00e3o h\u00e1 raz\u00e3o.<\/strong><\/p>\n<p style=\"text-align: justify\">No m\u00e1ximo, escreva determinados pontos da pe\u00e7a na linha abaixo, como forma de destacar e organizar o texto, mas n\u00e3o iremos pular v\u00e1rias linhas, ok?<\/p>\n<p style=\"text-align: justify\">Estas podem fazer muita falta ao fim da prova.<\/p>\n<p>&nbsp;<\/p>\n<h5><strong>Como funciona a corre\u00e7\u00e3o de uma prova discursiva?<\/strong><\/h5>\n<p style=\"text-align: justify\"><strong>\u00a0<\/strong>Apesar do car\u00e1ter subjetivo da prova discursiva Procurador C\u00e2mara BH, a corre\u00e7\u00e3o \u00e9 feita pelo examinador de forma objetiva, no formato \u201ccara crach\u00e1\u201d. O examinador olha o espelho, identifica o item a ser pontuado e depois l\u00ea a prova do candidato (ou melhor, \u201ccorre o olho\u201d na pe\u00e7a) procurando aquele item em especial.<\/p>\n<p style=\"text-align: justify\">O candidato falou sobre o ponto da forma esperada?<\/p>\n<p style=\"text-align: justify\">Sim. Pontua\u00e7\u00e3o conferida.<\/p>\n<p style=\"text-align: justify\">N\u00e3o. N\u00e3o soma pontos no item.<\/p>\n<p style=\"text-align: justify\">Simples assim.<\/p>\n<h5><strong>E o que ser\u00e1 avaliado no espelho da prova discursiva Procurador C\u00e2mara BH?<\/strong><\/h5>\n<p>O espelho da Prova Discursiva Procurador C\u00e2mara BH ser\u00e1 algo parecido com o quadro a seguir, conforme divulgado no edital:<\/p>\n<p><img loading=\"lazy\" decoding=\"async\" class=\"aligncenter wp-image-90626 size-full\" title=\"Prova Discursiva Procurador C\u00e2mara BH\" src=\"https:\/\/dhg1h5j42swfq.cloudfront.net\/2017\/09\/27160925\/Prova-Discursiva-Procurador-C%C3%A2mara-BH.jpg\" alt=\"\" width=\"418\" height=\"281\" srcset=\"https:\/\/dhg1h5j42swfq.cloudfront.net\/2017\/09\/27160925\/Prova-Discursiva-Procurador-C%C3%A2mara-BH.jpg 418w, https:\/\/dhg1h5j42swfq.cloudfront.net\/2017\/09\/27160925\/Prova-Discursiva-Procurador-C%C3%A2mara-BH.jpg 300w\" sizes=\"auto, (max-width: 418px) 100vw, 418px\" \/><\/p>\n<h5><strong>\u00c9 necess\u00e1ria a transcri\u00e7\u00e3o de dispositivos normativos na pe\u00e7a?<\/strong><\/h5>\n<p style=\"text-align: justify\">Amigos, percebam: o espelho jamais exigir\u00e1 a transcri\u00e7\u00e3o literal de dispositivos!<\/p>\n<p style=\"text-align: justify\">Em geral, o espelho exige a identifica\u00e7\u00e3o do problema com a respectiva fundamenta\u00e7\u00e3o, mas n\u00e3o a transcri\u00e7\u00e3o do dispositivo. Assim, na sua prova discursiva Procurador C\u00e2mara BH, a ideia \u00e9 que voc\u00ea explique a aplica\u00e7\u00e3o do direito ao caso concreto e fundamente no respectivo dispositivo legal.<\/p>\n<p style=\"text-align: justify\">Mas, jamais transcreva o dispositivo normativo, ok?<\/p>\n<h5><strong>Nunca fiz uma prova discursiva, vale a pena fazer este concurso?<\/strong><\/h5>\n<p style=\"text-align: justify\"><strong>\u00a0<\/strong>Com certeza!<\/p>\n<p style=\"text-align: justify\">Isto porque TODOS os candidatos far\u00e3o tanto a prova objetiva quanto a prova discursiva Procurador C\u00e2mara BH. Excelente, portanto, a oportunidade para o aluno testar sua aptid\u00e3o e desenvoltura em provas discursivas.<\/p>\n<p>&nbsp;<\/p>\n<h5><strong>E o que fazer para ir bem na Prova Discursiva Procurador C\u00e2mara BH?<\/strong><\/h5>\n<p>Praticar, praticar e praticar.<\/p>\n<p>N\u00e3o h\u00e1 segredo.<\/p>\n<h5>Finalizando<\/h5>\n<p>\u00c9 isso, amigos, espero ter ajudado.<\/p>\n<p>Lembro aos senhores que o Estrat\u00e9gia lan\u00e7ou um curso espec\u00edfico para a prova discursiva Procurador C\u00e2mara BH, que voc\u00ea poder\u00e1 adquirir aqui o curso <a href=\"https:\/\/www.estrategiaconcursos.com.br\/curso\/discursiva-p-camara-municipal-bh-procurador-com-4-correcoes-por-aluno\/\" target=\"_blank\" rel=\"noopener\">COM 04 CORRE\u00c7\u00d5ES EXCLUSIVAS<\/a> e aqui o mesmo curso <a href=\"https:\/\/www.estrategiaconcursos.com.br\/curso\/discursiva-p-camara-municipal-bh-procurador-sem-correcao\/\" target=\"_blank\" rel=\"noopener\">SEM A CORRE\u00c7\u00c3O EXCLUSIVA.<\/a><\/p>\n<p>Tudo tranquilo?<\/p>\n<p>Convido-os a seguir minhas redes sociais. Basta clicar no \u00edcone desejado.<\/p>\n<p>Grande abra\u00e7o a todos,<\/p>\n<p><a href=\"https:\/\/www.facebook.com\/profigormaciel\/?ref=bookmarks\" target=\"_blank\" rel=\"noopener\"><img loading=\"lazy\" decoding=\"async\" class=\"alignleft wp-image-44754\" title=\"Prova Discursiva Procurador C\u00e2mara BH\" src=\"https:\/\/dhg1h5j42swfq.cloudfront.net\/2016\/07\/28224414\/facebook_120x120px.png\" alt=\"\" width=\"42\" height=\"42\" \/><\/a><a href=\"https:\/\/www.youtube.com\/channel\/UC8j0Uou4WqygSNVXJhWHLvQ\" target=\"_blank\" rel=\"noopener\"><img loading=\"lazy\" decoding=\"async\" class=\"alignleft wp-image-39614\" title=\"Prova Discursiva Procurador C\u00e2mara BH\" src=\"https:\/\/dhg1h5j42swfq.cloudfront.net\/2016\/05\/22220220\/YOUTUBE.png\" alt=\"\" width=\"52\" height=\"32\" srcset=\"https:\/\/dhg1h5j42swfq.cloudfront.net\/2016\/05\/22220220\/YOUTUBE.png 773w, https:\/\/dhg1h5j42swfq.cloudfront.net\/2016\/05\/22220220\/YOUTUBE.png 300w, https:\/\/dhg1h5j42swfq.cloudfront.net\/2016\/05\/22220220\/YOUTUBE.png 768w, https:\/\/dhg1h5j42swfq.cloudfront.net\/2016\/05\/22220220\/YOUTUBE.png 482w\" sizes=\"auto, (max-width: 52px) 100vw, 52px\" \/><\/a><\/p>\n<p><a href=\"https:\/\/www.instagram.com\/profigormaciel\/\" target=\"_blank\" rel=\"noopener\"><strong><img loading=\"lazy\" decoding=\"async\" class=\"alignleft wp-image-45743\" title=\"Prova Discursiva Procurador C\u00e2mara BH\" src=\"https:\/\/dhg1h5j42swfq.cloudfront.net\/2016\/08\/08104857\/instagram.jpeg\" alt=\"\" width=\"61\" height=\"45\" srcset=\"https:\/\/dhg1h5j42swfq.cloudfront.net\/2016\/08\/08104857\/instagram.jpeg 880w, https:\/\/dhg1h5j42swfq.cloudfront.net\/2016\/08\/08104857\/instagram.jpeg 300w, https:\/\/dhg1h5j42swfq.cloudfront.net\/2016\/08\/08104857\/instagram.jpeg 768w, https:\/\/dhg1h5j42swfq.cloudfront.net\/2016\/08\/08104857\/instagram.jpeg 411w\" sizes=\"auto, (max-width: 61px) 100vw, 61px\" \/><\/strong><\/a><\/p>\n<p><strong>@Prof Igor Maciel<\/strong><\/p>\n<p>&nbsp;<\/p>\n","protected":false},"excerpt":{"rendered":"<p>Prova Discursiva Procurador C\u00e2mara BH &#8211; An\u00e1lise Geral Ol\u00e1 meus amigos, tudo bem? O tema de hoje \u00e9: Prova Discursiva Procurador C\u00e2mara BH. Em nosso \u00faltimo post analisamos o edital do concurso Procurador da C\u00e2mara de Belo Horizonte\/MG. \u00a0O edital fora publicado em 23.09.2017 e a banca respons\u00e1vel pelo certame ser\u00e1 a CONSULPLAN . Hoje, [&hellip;]<\/p>\n","protected":false},"author":317,"featured_media":0,"comment_status":"open","ping_status":"open","sticky":false,"template":"","format":"standard","meta":{"post_tipo":"article","footnotes":""},"categories":[1],"tags":[],"tax_estado":[],"class_list":["post-90624","post","type-post","status-publish","format-standard","hentry","category-cursos-e-concursos"],"acf":[],"yoast_head":"<!-- This site is optimized with the Yoast SEO Premium plugin v27.2 (Yoast SEO v27.2) - https:\/\/yoast.com\/product\/yoast-seo-premium-wordpress\/ -->\n<title>Prova Discursiva Procurador C\u00e2mara BH - An\u00e1lise Geral<\/title>\n<meta name=\"description\" content=\"Prova Discursiva Procurador C\u00e2mara BH. An\u00e1lise e dicas para a prova discursiva do concurso de Procurador da C\u00e2mara Municipal de Belo Horizonte\/MG.\" \/>\n<meta name=\"robots\" content=\"index, follow, max-snippet:-1, max-image-preview:large, max-video-preview:-1\" \/>\n<link rel=\"canonical\" href=\"https:\/\/www.estrategiaconcursos.com.br\/blog\/prova-discursiva-procurador-camara-bh-analise-geral\/\" \/>\n<meta property=\"og:locale\" content=\"pt_BR\" \/>\n<meta property=\"og:type\" content=\"article\" \/>\n<meta property=\"og:title\" content=\"Prova Discursiva Procurador C\u00e2mara BH - An\u00e1lise Geral\" \/>\n<meta property=\"og:description\" content=\"Prova Discursiva Procurador C\u00e2mara BH. An\u00e1lise e dicas para a prova discursiva do concurso de Procurador da C\u00e2mara Municipal de Belo Horizonte\/MG.\" \/>\n<meta property=\"og:url\" content=\"https:\/\/www.estrategiaconcursos.com.br\/blog\/prova-discursiva-procurador-camara-bh-analise-geral\/\" \/>\n<meta property=\"og:site_name\" content=\"Estrat\u00e9gia Concursos\" \/>\n<meta property=\"article:author\" content=\"https:\/\/www.facebook.com\/igor.maciel.1420\" \/>\n<meta property=\"article:published_time\" content=\"2017-09-27T19:14:04+00:00\" \/>\n<meta property=\"article:modified_time\" content=\"2017-09-27T19:15:30+00:00\" \/>\n<meta property=\"og:image\" content=\"https:\/\/www.estrategiaconcursos.com.br\/blog\/wp-content\/uploads\/2017\/08\/CORUJA-2.jpg\" \/>\n<meta name=\"author\" content=\"Igor Maciel\" \/>\n<meta name=\"twitter:card\" content=\"summary_large_image\" \/>\n<meta name=\"twitter:creator\" content=\"@EstratConcursos\" \/>\n<meta name=\"twitter:site\" content=\"@EstratConcursos\" \/>\n<meta name=\"twitter:label1\" content=\"Escrito por\" \/>\n\t<meta name=\"twitter:data1\" content=\"Igor Maciel\" \/>\n\t<meta name=\"twitter:label2\" content=\"Est. tempo de leitura\" \/>\n\t<meta name=\"twitter:data2\" content=\"5 minutos\" \/>\n<script type=\"application\/ld+json\" class=\"yoast-schema-graph\">{\"@context\":\"https:\/\/schema.org\",\"@graph\":[{\"@type\":\"NewsArticle\",\"@id\":\"https:\/\/www.estrategiaconcursos.com.br\/blog\/prova-discursiva-procurador-camara-bh-analise-geral\/#article\",\"isPartOf\":{\"@id\":\"https:\/\/www.estrategiaconcursos.com.br\/blog\/prova-discursiva-procurador-camara-bh-analise-geral\/\"},\"author\":{\"name\":\"Igor Maciel\",\"@id\":\"https:\/\/www.estrategiaconcursos.com.br\/blog\/#\/schema\/person\/024d26d5efb06d95dfc04025d7301591\"},\"headline\":\"Prova Discursiva Procurador C\u00e2mara BH &#8211; An\u00e1lise Geral\",\"datePublished\":\"2017-09-27T19:14:04+00:00\",\"dateModified\":\"2017-09-27T19:15:30+00:00\",\"mainEntityOfPage\":{\"@id\":\"https:\/\/www.estrategiaconcursos.com.br\/blog\/prova-discursiva-procurador-camara-bh-analise-geral\/\"},\"wordCount\":1032,\"commentCount\":16,\"publisher\":{\"@id\":\"https:\/\/www.estrategiaconcursos.com.br\/blog\/#organization\"},\"image\":{\"@id\":\"https:\/\/www.estrategiaconcursos.com.br\/blog\/prova-discursiva-procurador-camara-bh-analise-geral\/#primaryimage\"},\"thumbnailUrl\":\"https:\/\/www.estrategiaconcursos.com.br\/blog\/wp-content\/uploads\/2017\/08\/CORUJA-2.jpg\",\"articleSection\":[\"Concursos P\u00fablicos\"],\"inLanguage\":\"pt-BR\",\"potentialAction\":[{\"@type\":\"CommentAction\",\"name\":\"Comment\",\"target\":[\"https:\/\/www.estrategiaconcursos.com.br\/blog\/prova-discursiva-procurador-camara-bh-analise-geral\/#respond\"]}],\"copyrightYear\":\"2017\",\"copyrightHolder\":{\"@id\":\"https:\/\/www.estrategiaconcursos.com.br\/blog\/#organization\"}},{\"@type\":\"WebPage\",\"@id\":\"https:\/\/www.estrategiaconcursos.com.br\/blog\/prova-discursiva-procurador-camara-bh-analise-geral\/\",\"url\":\"https:\/\/www.estrategiaconcursos.com.br\/blog\/prova-discursiva-procurador-camara-bh-analise-geral\/\",\"name\":\"Prova Discursiva Procurador C\u00e2mara BH - An\u00e1lise Geral\",\"isPartOf\":{\"@id\":\"https:\/\/www.estrategiaconcursos.com.br\/blog\/#website\"},\"primaryImageOfPage\":{\"@id\":\"https:\/\/www.estrategiaconcursos.com.br\/blog\/prova-discursiva-procurador-camara-bh-analise-geral\/#primaryimage\"},\"image\":{\"@id\":\"https:\/\/www.estrategiaconcursos.com.br\/blog\/prova-discursiva-procurador-camara-bh-analise-geral\/#primaryimage\"},\"thumbnailUrl\":\"https:\/\/www.estrategiaconcursos.com.br\/blog\/wp-content\/uploads\/2017\/08\/CORUJA-2.jpg\",\"datePublished\":\"2017-09-27T19:14:04+00:00\",\"dateModified\":\"2017-09-27T19:15:30+00:00\",\"description\":\"Prova Discursiva Procurador C\u00e2mara BH. An\u00e1lise e dicas para a prova discursiva do concurso de Procurador da C\u00e2mara Municipal de Belo Horizonte\/MG.\",\"breadcrumb\":{\"@id\":\"https:\/\/www.estrategiaconcursos.com.br\/blog\/prova-discursiva-procurador-camara-bh-analise-geral\/#breadcrumb\"},\"inLanguage\":\"pt-BR\",\"potentialAction\":[{\"@type\":\"ReadAction\",\"target\":[\"https:\/\/www.estrategiaconcursos.com.br\/blog\/prova-discursiva-procurador-camara-bh-analise-geral\/\"]}]},{\"@type\":\"ImageObject\",\"inLanguage\":\"pt-BR\",\"@id\":\"https:\/\/www.estrategiaconcursos.com.br\/blog\/prova-discursiva-procurador-camara-bh-analise-geral\/#primaryimage\",\"url\":\"https:\/\/dhg1h5j42swfq.cloudfront.net\/2017\/08\/07041902\/CORUJA-2.jpg\",\"contentUrl\":\"https:\/\/dhg1h5j42swfq.cloudfront.net\/2017\/08\/07041902\/CORUJA-2.jpg\",\"width\":289,\"height\":241,\"caption\":\"Corre\u00e7\u00e3o da prova ISS Petrolina\"},{\"@type\":\"BreadcrumbList\",\"@id\":\"https:\/\/www.estrategiaconcursos.com.br\/blog\/prova-discursiva-procurador-camara-bh-analise-geral\/#breadcrumb\",\"itemListElement\":[{\"@type\":\"ListItem\",\"position\":1,\"name\":\"In\u00edcio\",\"item\":\"https:\/\/www.estrategiaconcursos.com.br\/blog\/\"},{\"@type\":\"ListItem\",\"position\":2,\"name\":\"Prova Discursiva Procurador C\u00e2mara BH &#8211; An\u00e1lise Geral\"}]},{\"@type\":\"WebSite\",\"@id\":\"https:\/\/www.estrategiaconcursos.com.br\/blog\/#website\",\"url\":\"https:\/\/www.estrategiaconcursos.com.br\/blog\/\",\"name\":\"Estrat\u00e9gia Concursos\",\"description\":\"O blog da Estrat\u00e9gia Concursos traz not\u00edcias sobre concursos e artigos de professores oferecendo cursos para concursos (pdf + videaulas) no site.\",\"publisher\":{\"@id\":\"https:\/\/www.estrategiaconcursos.com.br\/blog\/#organization\"},\"potentialAction\":[{\"@type\":\"SearchAction\",\"target\":{\"@type\":\"EntryPoint\",\"urlTemplate\":\"https:\/\/www.estrategiaconcursos.com.br\/blog\/?s={search_term_string}\"},\"query-input\":{\"@type\":\"PropertyValueSpecification\",\"valueRequired\":true,\"valueName\":\"search_term_string\"}}],\"inLanguage\":\"pt-BR\"},{\"@type\":\"Organization\",\"@id\":\"https:\/\/www.estrategiaconcursos.com.br\/blog\/#organization\",\"name\":\"Estrat\u00e9gia Concursos\",\"url\":\"https:\/\/www.estrategiaconcursos.com.br\/blog\/\",\"logo\":{\"@type\":\"ImageObject\",\"inLanguage\":\"pt-BR\",\"@id\":\"https:\/\/www.estrategiaconcursos.com.br\/blog\/#\/schema\/logo\/image\/\",\"url\":\"https:\/\/dhg1h5j42swfq.cloudfront.net\/2025\/06\/03203428\/logo_concursos-1.jpg\",\"contentUrl\":\"https:\/\/dhg1h5j42swfq.cloudfront.net\/2025\/06\/03203428\/logo_concursos-1.jpg\",\"width\":230,\"height\":60,\"caption\":\"Estrat\u00e9gia Concursos\"},\"image\":{\"@id\":\"https:\/\/www.estrategiaconcursos.com.br\/blog\/#\/schema\/logo\/image\/\"},\"sameAs\":[\"https:\/\/x.com\/EstratConcursos\"]},{\"@type\":\"Person\",\"@id\":\"https:\/\/www.estrategiaconcursos.com.br\/blog\/#\/schema\/person\/024d26d5efb06d95dfc04025d7301591\",\"name\":\"Igor Maciel\",\"image\":{\"@type\":\"ImageObject\",\"inLanguage\":\"pt-BR\",\"@id\":\"https:\/\/secure.gravatar.com\/avatar\/e983a676af6facf4aebcb2989d49e3bf61b718712d5e7a4b3f355b7fe651bc2f?s=96&d=mm&r=g\",\"url\":\"https:\/\/secure.gravatar.com\/avatar\/e983a676af6facf4aebcb2989d49e3bf61b718712d5e7a4b3f355b7fe651bc2f?s=96&d=mm&r=g\",\"contentUrl\":\"https:\/\/secure.gravatar.com\/avatar\/e983a676af6facf4aebcb2989d49e3bf61b718712d5e7a4b3f355b7fe651bc2f?s=96&d=mm&r=g\",\"caption\":\"Igor Maciel\"},\"description\":\"Graduado na Universidade Federal de Pernambuco, com extens\u00e3o na Universidade de Coimbra\/Portugal. Especialista LLM em Direito Corporativo pelo IBMEC\/RJ. Mestrando em Direito e Pol\u00edticas P\u00fablicas pelo UNICEUB\/DF. Advogado com atua\u00e7\u00e3o profissional centrada no Direito Tribut\u00e1rio e no Direito Administrativo, especialmente na defesa de servidores p\u00fablicos.\",\"sameAs\":[\"http:\/\/www.imaciel.com.br\",\"https:\/\/www.facebook.com\/igor.maciel.1420\"],\"url\":\"https:\/\/www.estrategiaconcursos.com.br\/blog\/author\/contatoimaciel-com-br\/\"}]}<\/script>\n<!-- \/ Yoast SEO Premium plugin. -->","yoast_head_json":{"title":"Prova Discursiva Procurador C\u00e2mara BH - An\u00e1lise Geral","description":"Prova Discursiva Procurador C\u00e2mara BH. An\u00e1lise e dicas para a prova discursiva do concurso de Procurador da C\u00e2mara Municipal de Belo Horizonte\/MG.","robots":{"index":"index","follow":"follow","max-snippet":"max-snippet:-1","max-image-preview":"max-image-preview:large","max-video-preview":"max-video-preview:-1"},"canonical":"https:\/\/www.estrategiaconcursos.com.br\/blog\/prova-discursiva-procurador-camara-bh-analise-geral\/","og_locale":"pt_BR","og_type":"article","og_title":"Prova Discursiva Procurador C\u00e2mara BH - An\u00e1lise Geral","og_description":"Prova Discursiva Procurador C\u00e2mara BH. An\u00e1lise e dicas para a prova discursiva do concurso de Procurador da C\u00e2mara Municipal de Belo Horizonte\/MG.","og_url":"https:\/\/www.estrategiaconcursos.com.br\/blog\/prova-discursiva-procurador-camara-bh-analise-geral\/","og_site_name":"Estrat\u00e9gia Concursos","article_author":"https:\/\/www.facebook.com\/igor.maciel.1420","article_published_time":"2017-09-27T19:14:04+00:00","article_modified_time":"2017-09-27T19:15:30+00:00","og_image":[{"url":"https:\/\/www.estrategiaconcursos.com.br\/blog\/wp-content\/uploads\/2017\/08\/CORUJA-2.jpg","type":"","width":"","height":""}],"author":"Igor Maciel","twitter_card":"summary_large_image","twitter_creator":"@EstratConcursos","twitter_site":"@EstratConcursos","twitter_misc":{"Escrito por":"Igor Maciel","Est. tempo de leitura":"5 minutos"},"schema":{"@context":"https:\/\/schema.org","@graph":[{"@type":"NewsArticle","@id":"https:\/\/www.estrategiaconcursos.com.br\/blog\/prova-discursiva-procurador-camara-bh-analise-geral\/#article","isPartOf":{"@id":"https:\/\/www.estrategiaconcursos.com.br\/blog\/prova-discursiva-procurador-camara-bh-analise-geral\/"},"author":{"name":"Igor Maciel","@id":"https:\/\/www.estrategiaconcursos.com.br\/blog\/#\/schema\/person\/024d26d5efb06d95dfc04025d7301591"},"headline":"Prova Discursiva Procurador C\u00e2mara BH &#8211; An\u00e1lise Geral","datePublished":"2017-09-27T19:14:04+00:00","dateModified":"2017-09-27T19:15:30+00:00","mainEntityOfPage":{"@id":"https:\/\/www.estrategiaconcursos.com.br\/blog\/prova-discursiva-procurador-camara-bh-analise-geral\/"},"wordCount":1032,"commentCount":16,"publisher":{"@id":"https:\/\/www.estrategiaconcursos.com.br\/blog\/#organization"},"image":{"@id":"https:\/\/www.estrategiaconcursos.com.br\/blog\/prova-discursiva-procurador-camara-bh-analise-geral\/#primaryimage"},"thumbnailUrl":"https:\/\/www.estrategiaconcursos.com.br\/blog\/wp-content\/uploads\/2017\/08\/CORUJA-2.jpg","articleSection":["Concursos P\u00fablicos"],"inLanguage":"pt-BR","potentialAction":[{"@type":"CommentAction","name":"Comment","target":["https:\/\/www.estrategiaconcursos.com.br\/blog\/prova-discursiva-procurador-camara-bh-analise-geral\/#respond"]}],"copyrightYear":"2017","copyrightHolder":{"@id":"https:\/\/www.estrategiaconcursos.com.br\/blog\/#organization"}},{"@type":"WebPage","@id":"https:\/\/www.estrategiaconcursos.com.br\/blog\/prova-discursiva-procurador-camara-bh-analise-geral\/","url":"https:\/\/www.estrategiaconcursos.com.br\/blog\/prova-discursiva-procurador-camara-bh-analise-geral\/","name":"Prova Discursiva Procurador C\u00e2mara BH - An\u00e1lise Geral","isPartOf":{"@id":"https:\/\/www.estrategiaconcursos.com.br\/blog\/#website"},"primaryImageOfPage":{"@id":"https:\/\/www.estrategiaconcursos.com.br\/blog\/prova-discursiva-procurador-camara-bh-analise-geral\/#primaryimage"},"image":{"@id":"https:\/\/www.estrategiaconcursos.com.br\/blog\/prova-discursiva-procurador-camara-bh-analise-geral\/#primaryimage"},"thumbnailUrl":"https:\/\/www.estrategiaconcursos.com.br\/blog\/wp-content\/uploads\/2017\/08\/CORUJA-2.jpg","datePublished":"2017-09-27T19:14:04+00:00","dateModified":"2017-09-27T19:15:30+00:00","description":"Prova Discursiva Procurador C\u00e2mara BH. An\u00e1lise e dicas para a prova discursiva do concurso de Procurador da C\u00e2mara Municipal de Belo Horizonte\/MG.","breadcrumb":{"@id":"https:\/\/www.estrategiaconcursos.com.br\/blog\/prova-discursiva-procurador-camara-bh-analise-geral\/#breadcrumb"},"inLanguage":"pt-BR","potentialAction":[{"@type":"ReadAction","target":["https:\/\/www.estrategiaconcursos.com.br\/blog\/prova-discursiva-procurador-camara-bh-analise-geral\/"]}]},{"@type":"ImageObject","inLanguage":"pt-BR","@id":"https:\/\/www.estrategiaconcursos.com.br\/blog\/prova-discursiva-procurador-camara-bh-analise-geral\/#primaryimage","url":"https:\/\/dhg1h5j42swfq.cloudfront.net\/2017\/08\/07041902\/CORUJA-2.jpg","contentUrl":"https:\/\/dhg1h5j42swfq.cloudfront.net\/2017\/08\/07041902\/CORUJA-2.jpg","width":289,"height":241,"caption":"Corre\u00e7\u00e3o da prova ISS Petrolina"},{"@type":"BreadcrumbList","@id":"https:\/\/www.estrategiaconcursos.com.br\/blog\/prova-discursiva-procurador-camara-bh-analise-geral\/#breadcrumb","itemListElement":[{"@type":"ListItem","position":1,"name":"In\u00edcio","item":"https:\/\/www.estrategiaconcursos.com.br\/blog\/"},{"@type":"ListItem","position":2,"name":"Prova Discursiva Procurador C\u00e2mara BH &#8211; An\u00e1lise Geral"}]},{"@type":"WebSite","@id":"https:\/\/www.estrategiaconcursos.com.br\/blog\/#website","url":"https:\/\/www.estrategiaconcursos.com.br\/blog\/","name":"Estrat\u00e9gia Concursos","description":"O blog da Estrat\u00e9gia Concursos traz not\u00edcias sobre concursos e artigos de professores oferecendo cursos para concursos (pdf + videaulas) no site.","publisher":{"@id":"https:\/\/www.estrategiaconcursos.com.br\/blog\/#organization"},"potentialAction":[{"@type":"SearchAction","target":{"@type":"EntryPoint","urlTemplate":"https:\/\/www.estrategiaconcursos.com.br\/blog\/?s={search_term_string}"},"query-input":{"@type":"PropertyValueSpecification","valueRequired":true,"valueName":"search_term_string"}}],"inLanguage":"pt-BR"},{"@type":"Organization","@id":"https:\/\/www.estrategiaconcursos.com.br\/blog\/#organization","name":"Estrat\u00e9gia Concursos","url":"https:\/\/www.estrategiaconcursos.com.br\/blog\/","logo":{"@type":"ImageObject","inLanguage":"pt-BR","@id":"https:\/\/www.estrategiaconcursos.com.br\/blog\/#\/schema\/logo\/image\/","url":"https:\/\/dhg1h5j42swfq.cloudfront.net\/2025\/06\/03203428\/logo_concursos-1.jpg","contentUrl":"https:\/\/dhg1h5j42swfq.cloudfront.net\/2025\/06\/03203428\/logo_concursos-1.jpg","width":230,"height":60,"caption":"Estrat\u00e9gia Concursos"},"image":{"@id":"https:\/\/www.estrategiaconcursos.com.br\/blog\/#\/schema\/logo\/image\/"},"sameAs":["https:\/\/x.com\/EstratConcursos"]},{"@type":"Person","@id":"https:\/\/www.estrategiaconcursos.com.br\/blog\/#\/schema\/person\/024d26d5efb06d95dfc04025d7301591","name":"Igor Maciel","image":{"@type":"ImageObject","inLanguage":"pt-BR","@id":"https:\/\/secure.gravatar.com\/avatar\/e983a676af6facf4aebcb2989d49e3bf61b718712d5e7a4b3f355b7fe651bc2f?s=96&d=mm&r=g","url":"https:\/\/secure.gravatar.com\/avatar\/e983a676af6facf4aebcb2989d49e3bf61b718712d5e7a4b3f355b7fe651bc2f?s=96&d=mm&r=g","contentUrl":"https:\/\/secure.gravatar.com\/avatar\/e983a676af6facf4aebcb2989d49e3bf61b718712d5e7a4b3f355b7fe651bc2f?s=96&d=mm&r=g","caption":"Igor Maciel"},"description":"Graduado na Universidade Federal de Pernambuco, com extens\u00e3o na Universidade de Coimbra\/Portugal. Especialista LLM em Direito Corporativo pelo IBMEC\/RJ. Mestrando em Direito e Pol\u00edticas P\u00fablicas pelo UNICEUB\/DF. Advogado com atua\u00e7\u00e3o profissional centrada no Direito Tribut\u00e1rio e no Direito Administrativo, especialmente na defesa de servidores p\u00fablicos.","sameAs":["http:\/\/www.imaciel.com.br","https:\/\/www.facebook.com\/igor.maciel.1420"],"url":"https:\/\/www.estrategiaconcursos.com.br\/blog\/author\/contatoimaciel-com-br\/"}]}},"_links":{"self":[{"href":"https:\/\/www.estrategiaconcursos.com.br\/blog\/wp-json\/wp\/v2\/posts\/90624","targetHints":{"allow":["GET"]}}],"collection":[{"href":"https:\/\/www.estrategiaconcursos.com.br\/blog\/wp-json\/wp\/v2\/posts"}],"about":[{"href":"https:\/\/www.estrategiaconcursos.com.br\/blog\/wp-json\/wp\/v2\/types\/post"}],"author":[{"embeddable":true,"href":"https:\/\/www.estrategiaconcursos.com.br\/blog\/wp-json\/wp\/v2\/users\/317"}],"replies":[{"embeddable":true,"href":"https:\/\/www.estrategiaconcursos.com.br\/blog\/wp-json\/wp\/v2\/comments?post=90624"}],"version-history":[{"count":2,"href":"https:\/\/www.estrategiaconcursos.com.br\/blog\/wp-json\/wp\/v2\/posts\/90624\/revisions"}],"predecessor-version":[{"id":90627,"href":"https:\/\/www.estrategiaconcursos.com.br\/blog\/wp-json\/wp\/v2\/posts\/90624\/revisions\/90627"}],"wp:attachment":[{"href":"https:\/\/www.estrategiaconcursos.com.br\/blog\/wp-json\/wp\/v2\/media?parent=90624"}],"wp:term":[{"taxonomy":"category","embeddable":true,"href":"https:\/\/www.estrategiaconcursos.com.br\/blog\/wp-json\/wp\/v2\/categories?post=90624"},{"taxonomy":"post_tag","embeddable":true,"href":"https:\/\/www.estrategiaconcursos.com.br\/blog\/wp-json\/wp\/v2\/tags?post=90624"},{"taxonomy":"tax_estado","embeddable":true,"href":"https:\/\/www.estrategiaconcursos.com.br\/blog\/wp-json\/wp\/v2\/tax_estado?post=90624"}],"curies":[{"name":"wp","href":"https:\/\/api.w.org\/{rel}","templated":true}]}}