{"id":906144,"date":"2021-11-11T14:03:00","date_gmt":"2021-11-11T17:03:00","guid":{"rendered":"https:\/\/www.estrategiaconcursos.com.br\/blog\/?p=906144"},"modified":"2021-11-11T15:07:59","modified_gmt":"2021-11-11T18:07:59","slug":"pm-ce-soldado-recursos","status":"publish","type":"post","link":"https:\/\/www.estrategiaconcursos.com.br\/blog\/pm-ce-soldado-recursos\/","title":{"rendered":"Concurso PM CE Soldado: veja os recursos poss\u00edveis!"},"content":{"rendered":"\n<p>As provas do concurso p\u00fablico da Pol\u00edcia Militar do Cear\u00e1 (PM CE) para Soldado, aplicadas pela Funda\u00e7\u00e3o Getulio Vargas (FGV), aceitar\u00e3o <strong>recursos contra os resultados at\u00e9 a pr\u00f3xima quinta-feira (11)<\/strong>. Os <a href=\"https:\/\/dhg1h5j42swfq.cloudfront.net\/2021\/11\/10083133\/pmce2021_gabarito_preliminar-1.pdf\" target=\"_blank\" rel=\"noreferrer noopener nofollow\">gabaritos preliminares<\/a>, inclusive, j\u00e1 foram publicados.<\/p>\n\n\n\n<p>E para saber quais quest\u00f5es s\u00e3o pass\u00edveis de anula\u00e7\u00e3o, reunimos nosso time de professores, os mesmos que participaram do evento &#8216;Gabarito Extraoficial PM CE&#8217;, para apont\u00e1-las.<\/p>\n\n\n\n<p>Confira tamb\u00e9m nosso webin\u00e1rio especial com as possibilidades de recurso no concurso PM CE:<\/p>\n\n\n<figure class=\"wp-block-embed-youtube wp-block-embed is-type-video is-provider-youtube wp-embed-aspect-16-9 wp-has-aspect-ratio\"><div class=\"lyte-wrapper\" style=\"width:853px;max-width:100%;margin:5px;\"><div class=\"lyMe\" id=\"WYL_Fghnearbevc\"><div id=\"lyte_Fghnearbevc\" data-src=\"\/\/i.ytimg.com\/vi\/Fghnearbevc\/hqdefault.jpg\" class=\"pL\"><div class=\"tC\"><div class=\"tT\"><\/div><\/div><div class=\"play\"><\/div><div class=\"ctrl\"><div class=\"Lctrl\"><\/div><div class=\"Rctrl\"><\/div><\/div><\/div><noscript><a href=\"https:\/\/youtu.be\/Fghnearbevc\" rel=\"nofollow\"><img loading=\"lazy\" decoding=\"async\" src=\"https:\/\/i.ytimg.com\/vi\/Fghnearbevc\/0.jpg\" alt=\"YouTube video thumbnail\" width=\"853\" height=\"460\" \/><br \/>Assista a este v\u00eddeo no YouTube<\/a><\/noscript><\/div><\/div><div class=\"lL\" style=\"max-width:100%;width:853px;margin:5px;\"><\/div><figcaption><\/figcaption><\/figure>\n\n\n<h3 class=\"has-cyan-bluish-gray-background-color has-background wp-block-heading\" id=\"h-recursos-pm-ce-soldado-l-ngua-portuguesa\">Recursos PM CE Soldado &#8211; L\u00edngua Portuguesa<\/h3>\n\n\n\n<p><strong>Quest\u00e3o 3:<\/strong><\/p>\n\n\n\n<p><strong>Gabarito<\/strong>&nbsp;<strong>da Banca<\/strong>: Letra E<\/p>\n\n\n\n<p><strong>Gabarito pleiteado:<\/strong>&nbsp;<strong>ANULA\u00c7\u00c3O<\/strong><\/p>\n\n\n\n<h4 class=\"wp-block-heading\">Fundamento para Recurso:<\/h4>\n\n\n\n<p>A quest\u00e3o de n\u00famero 03 traz uma cita\u00e7\u00e3o do cartunista Henfil, que trata sobre a\u00e7\u00f5es, inten\u00e7\u00f5es e atitudes. A resposta correta, de acordo com o gabarito preliminar, \u00e9 Letra E: as inten\u00e7\u00f5es das a\u00e7\u00f5es \u00e9 que as justificam.<\/p>\n\n\n\n<p>Contudo, respeitosamente h\u00e1 de discordar do gabarito preliminar, pois n\u00e3o \u00e9 apenas a Letra E que traz uma poss\u00edvel interpreta\u00e7\u00e3o da cita\u00e7\u00e3o.<\/p>\n\n\n\n<p>O encadeamento de ideias frutos \u2013 flores \u2013 folhas \u2013 semente denota n\u00e3o apenas as inten\u00e7\u00f5es das a\u00e7\u00f5es, mas tamb\u00e9m uma forma de v\u00ea-las de forma positiva. Percebe-se que quando o autor constr\u00f3i as ora\u00e7\u00f5es a partir do condicional \u201cse\u201d, ele est\u00e1 mostrando ao leitor que, por mais que algo n\u00e3o saia conforme o esperado, h\u00e1 de se considerar que existe algo de positivo naquela a\u00e7\u00e3o.<\/p>\n\n\n\n<p>Al\u00e9m disso, o comando da quest\u00e3o pede apenas o ensinamento que a cita\u00e7\u00e3o passa, ou seja, percebe-se claramente dois ensinamentos nas palavras do cartunista: (i) a inten\u00e7\u00e3o \u00e9 uma justificativa para a a\u00e7\u00e3o em si (Letra E); e (ii) deve-se ter uma atitude positiva ao julgar ou se deparar com uma situa\u00e7\u00e3o (Letra C).<\/p>\n\n\n\n<p>Assim, esclarece-se que o afirmado na Alternativa E (\u201c<em>as inten\u00e7\u00f5es das a\u00e7\u00f5es \u00e9 que as justificam<\/em>\u201d), de fato, \u00e9 um ensinamento da cita\u00e7\u00e3o, mas n\u00e3o se pode descartar que o trazido na Letra C (\u201c<em>as atitudes positivas devem pautar nossos julgamentos<\/em>\u201d) tamb\u00e9m \u00e9 algo que pode ser deduzido do texto. Dessa forma, n\u00e3o h\u00e1 como afirmar que a \u00fanica alternativa correta \u00e9 a Letra (E).<\/p>\n\n\n\n<p>Diante do exposto, requer, humildemente, a <strong>ANULA\u00c7\u00c3O da quest\u00e3o<\/strong>.<\/p>\n\n\n\n<p><strong>Quest\u00e3o 7:<\/strong><\/p>\n\n\n\n<p><strong>Gabarito<\/strong>&nbsp;<strong>da Banca<\/strong>: Letra E<\/p>\n\n\n\n<p><strong>Gabarito pleiteado:<\/strong>&nbsp;<strong>Letra C<\/strong><\/p>\n\n\n\n<h4 class=\"wp-block-heading\">Fundamento para Recurso:<\/h4>\n\n\n\n<p>A quest\u00e3o de n\u00famero 07 traz o seguinte enunciado: \u201cAs frases a seguir estruturam-se a partir de uma compara\u00e7\u00e3o, \u00e0 exce\u00e7\u00e3o de uma\u201d. A resposta correta, de acordo com o gabarito preliminar, \u00e9 Letra E: \u201cFantasia n\u00e3o \u00e9 exatamente uma fuga da realidade. \u00c9 um modo de entend\u00ea-la\u201d.<\/p>\n\n\n\n<p>Dada essa afirma\u00e7\u00e3o, nota-se um equ\u00edvoco ao considerar a exce\u00e7\u00e3o dentro do espectro de compara\u00e7\u00e3o e desconsiderar a estrutura trazida na letra (C).<\/p>\n\n\n\n<p>Segundo Cherubim (2005 \u2013 \u201cDicion\u00e1rio de Figuras de Linguagem\u201d), \u201ccompara\u00e7\u00e3o\u201d \u00e9 a express\u00e3o formal da semelhan\u00e7a entre duas entidades, um paralelo entre seres ou objeto, baseado em uma caracter\u00edstica comum que os aproxima. Ainda segundo o dicion\u00e1rio, a compara\u00e7\u00e3o tem um elemento formal, que pode ser um conectivo comparativo (como, tal qual, tal como) ou at\u00e9 mesmo um verbo que indique semelhan\u00e7a (parecer, assemelhar-se, sugerir ou equivalente).<\/p>\n\n\n\n<p>De forma distinta, a met\u00e1fora \u00e9 uma associa\u00e7\u00e3o entre duas entidades, que ocorre de forma impl\u00edcita. Assim, n\u00e3o h\u00e1 o elemento comparativo expl\u00edcito.<\/p>\n\n\n\n<p>Ao voltar para o comando da quest\u00e3o, percebe-se que ele \u00e9 claro ao pedir a alternativa que n\u00e3o contenha uma \u201ccompara\u00e7\u00e3o\u201d.<\/p>\n\n\n\n<p>Observando a letra (C),&nbsp; percebe-se que n\u00e3o h\u00e1 nenhum tipo de compara\u00e7\u00e3o direta, expl\u00edcita, em \u201cO sonho \u00e9 o domingo do pensamento\u201d. Ao rev\u00e9s: observa-se uma met\u00e1fora, ou seja, a alternativa extrapola o conceito t\u00e9cnico de compara\u00e7\u00e3o e, assim, deve ser considerada a exce\u00e7\u00e3o dentre as alternativas. Diante do exposto, requer, humildemente, a <strong>ALTERA\u00c7\u00c3O do Gabarito para LETRA C<\/strong>.<\/p>\n\n\n\n<h3 class=\"has-cyan-bluish-gray-background-color has-background wp-block-heading\" id=\"h-recursos-pm-ce-soldado-administra-o-p-blica-e-tica-no-servi-o-p-blico\">Recursos PM CE Soldado &#8211; Administra\u00e7\u00e3o P\u00fablica e \u00c9tica no Servi\u00e7o P\u00fablico<\/h3>\n\n\n\n<p><strong>Quest\u00e3o 33:<\/strong><\/p>\n\n\n\n<p>Requerimento: Anula\u00e7\u00e3o da quest\u00e3o<\/p>\n\n\n\n<p>Fundamenta\u00e7\u00e3o: Fuga do edital<\/p>\n\n\n\n<p>No item do edital \u201c4. NO\u00c7\u00d5ES DE ADMINISTRA\u00c7\u00c3O P\u00daBLICA \/ \u00c9TICA NO SERVI\u00c7O P\u00daBLICO\u201d, acerca do conte\u00fado de \u00c9tica \u00e9 cobrado apenas o subitem \u201c10. \u00c9tica e cidadania.\u201d Em nenhum momento \u00e9 especificado o Decreto 1.171\/94, que trata do C\u00f3digo de \u00c9tica do servidor civil do Poder Executivo Federal. Vale salientar que esse Decreto \u00e9 aplicado no \u00e2mbito Federal, e n\u00e3o no \u00e2mbito estadual (como no caso do presente concurso) e se refere aos servidores civis, e n\u00e3o aos servidores militares (como no caso do presente concurso). Desse modo, n\u00e3o \u00e9 plaus\u00edvel a presun\u00e7\u00e3o de que tal conte\u00fado estaria impl\u00edcito no edital, vez que ele n\u00e3o possui nenhuma rela\u00e7\u00e3o com a esfera do \u00f3rg\u00e3o realizador do concurso.<\/p>\n\n\n\n<p>Assim, de modo<strong> <\/strong>a manter a lisura e imparcialidade do presente certame, requer-se a anula\u00e7\u00e3o da presente quest\u00e3o.<\/p>\n\n\n\n<p><strong>Quest\u00e3o 38:<\/strong><\/p>\n\n\n\n<p>Requerimento: Anula\u00e7\u00e3o da quest\u00e3o<\/p>\n\n\n\n<p>Fundamenta\u00e7\u00e3o: Fuga do edital<\/p>\n\n\n\n<p>No item do edital \u201c4. NO\u00c7\u00d5ES DE ADMINISTRA\u00c7\u00c3O P\u00daBLICA \/ \u00c9TICA NO SERVI\u00c7O P\u00daBLICO\u201d, acerca do conte\u00fado de \u00c9tica \u00e9 cobrado apenas o subitem \u201c10. \u00c9tica e cidadania.\u201d<\/p>\n\n\n\n<p>A quest\u00e3o apontada, contudo, cobrou conte\u00fado relativo a um subt\u00f3pico da \u00c9tica relativo \u00e0 \u201c\u00e9tica e moral\u201d. Importante ressaltar que o tema \u201c\u00c9tica\u201d possui diversas subdivis\u00f5es: \u00e9tica no servi\u00e7o p\u00fablico, \u00e9tica nas rela\u00e7\u00f5es privadas, \u00e9tica e cidadania, \u00e9tica e moral etc. O edital, contudo, abarcou de forma expressa apenas o subitem \u201c\u00e9tica e cidadania\u201d, n\u00e3o fazendo qualquer men\u00e7\u00e3o ao subitem \u201c\u00e9tica e moral\u201d.<\/p>\n\n\n\n<p>Desse modo, encontramos uma disson\u00e2ncia entre o edital e o conte\u00fado abordado, o que justifica a anula\u00e7\u00e3o da presente quest\u00e3o, de forma a manter a imparcialidade e lisura do presente certame.<\/p>\n\n\n\n<h3 class=\"has-cyan-bluish-gray-background-color has-background wp-block-heading\">Recursos PM CE Soldado &#8211; Direito Constitucional<\/h3>\n\n\n\n<p><strong>Quest\u00e3o 44:<\/strong><\/p>\n\n\n\n<p><strong>Gabarito Preliminar: C<\/strong><\/p>\n\n\n\n<h4 class=\"wp-block-heading\">Requerimento: anula\u00e7\u00e3o ou altera\u00e7\u00e3o de gabarito<\/h4>\n\n\n\n<p>A quest\u00e3o exige que o candidato indique dos tr\u00eas itens quais correspondem a tutela de direitos difusos, que ensejaria a atua\u00e7\u00e3o do Minist\u00e9rio P\u00fablico.<\/p>\n\n\n\n<p>Para melhor analisar as alternativas necess\u00e1rio verificar a diferen\u00e7a entre direitos difusos, coletivos e individuais homog\u00eaneos.<\/p>\n\n\n\n<p>A Constitui\u00e7\u00e3o Federal faz refer\u00eancia aos direitos difusos e coletivos ao tratar da compet\u00eancia institucional do Minist\u00e9rio P\u00fablico (inciso III do art. 129), mas n\u00e3o os define. Foi a Lei 8.078\/90 \u2013 c\u00f3digo de defesa do consumidor, que tratou de apresentar os par\u00e2metros definidores de direitos difusos e direitos coletivos, o que fez no seu artigo 81.<\/p>\n\n\n\n<p><em>Art. 81. A defesa dos interesses e direitos dos consumidores e das v\u00edtimas poder\u00e1 ser exercida em ju\u00edzo individualmente, ou a t\u00edtulo coletivo.<\/em><\/p>\n\n\n\n<p><em>&nbsp;&nbsp;&nbsp;&nbsp;&nbsp;&nbsp;&nbsp; Par\u00e1grafo \u00fanico. A defesa coletiva ser\u00e1 exercida quando se tratar de:<\/em><\/p>\n\n\n\n<p><em>&nbsp;&nbsp;&nbsp;&nbsp;&nbsp;&nbsp;&nbsp; I &#8211; interesses ou direitos difusos, assim entendidos, para efeitos deste c\u00f3digo, os transindividuais, de natureza indivis\u00edvel, de que sejam titulares pessoas indeterminadas e ligadas por circunst\u00e2ncias de fato;<\/em><\/p>\n\n\n\n<p><em>&nbsp;&nbsp;&nbsp;&nbsp;&nbsp;&nbsp;&nbsp; II &#8211; interesses ou direitos coletivos, assim entendidos, para efeitos deste c\u00f3digo, os transindividuais, de natureza indivis\u00edvel de que seja titular grupo, categoria ou classe de pessoas ligadas entre si ou com a parte contr\u00e1ria por uma rela\u00e7\u00e3o jur\u00eddica base;<\/em><\/p>\n\n\n\n<p><em>&nbsp;&nbsp;&nbsp;&nbsp;&nbsp;&nbsp;&nbsp; III &#8211; interesses ou direitos individuais homog\u00eaneos, assim entendidos os decorrentes de origem comum.<\/em><\/p>\n\n\n\n<p>Assim, podemos dizer que direitos difusos s\u00e3o aqueles de titularidade de pessoas indeterminadas e indetermin\u00e1veis; j\u00e1 os direitos coletivos pertencem a um grupo ou categoria de pessoas.<\/p>\n\n\n\n<p>O item I ao tratar de vazamento de res\u00edduos s\u00f3lidos, comprometendo a pesca local, se refere ao direito ao meio ambiente.<\/p>\n\n\n\n<p>O Item II trata do aumento abusivo das mensalidades de determinada escola particular e se refere a prote\u00e7\u00e3o do consumidor.<\/p>\n\n\n\n<p>O item III trata de direito meramente individual, n\u00e3o sendo homog\u00eaneo.<\/p>\n\n\n\n<p>A defesa do meio ambiente assim como a defesa do consumidor, s\u00e3o considerados pela doutrina como direitos difusos, uma vez que n\u00e3o \u00e9 poss\u00edvel se determinar os seus titulares.<\/p>\n\n\n\n<p>O professor Edilson Vitorelli em sua obra \u201cManual de Direitos Difusos\u201d (2019), afirma que:<\/p>\n\n\n\n<p><em>\u201cOs direitos difusos se preocupam com quest\u00f5es da coletividade, como as ligadas ao meio ambiente, patrim\u00f4nio p\u00fablico e direitos do consumidor\u201d<\/em><\/p>\n\n\n\n<p>Dessa forma, analisando-se apenas os direitos envolvidos, pode-se concluir que a letra B \u00e9 a correta. Contudo, poderia se dizer que nos itens I e II apresentados estar\u00edamos diante de direitos coletivos, uma vez que o item I afirma que o vazamento comprometeu a pesca local \u2013 logo, poderia se identificar as pessoas\/grupos que tiveram seus direitos violados; bem como o item II ao tratar das mensalidades na escola YY poderia ser considerado como direito coletivo, pois seria poss\u00edvel identificar as pessoas\/grupo detentor daquele direito.<\/p>\n\n\n\n<p>Entretanto, se assim fosse n\u00e3o haveria alternativa correta.<\/p>\n\n\n\n<p>Dessa forma, o candidato ou consideraria os itens I e II como direitos difusos, sem aprofundar no fato em espec\u00edfico, mas t\u00e3o somente no direito tutelado e marcaria a letra B, ou consideraria os dois primeiros itens como direitos coletivos e n\u00e3o teria alternativa correta.<\/p>\n\n\n\n<p>Sendo assim, requer:<\/p>\n\n\n\n<p>Seja alterado o gabarito para a letra B, considerando que os direitos envolvidos, Meio Ambiente e Defesa do consumidor, s\u00e3o considerados como direitos difusos; ou, seja anulada a quest\u00e3o, posto que, tanto o item I, quanto o item II, dada a possibilidade de se determinar o grupo de pessoas envolvidas (pesca local e mensalidade da escola YY) podem ser considerados como direitos coletivos, n\u00e3o havendo alternativa correta.<\/p>\n\n\n\n<h3 class=\"has-cyan-bluish-gray-background-color has-background wp-block-heading\">Recursos PM CE Soldado &#8211; Direito Penal Militar<\/h3>\n\n\n\n<p><strong>Quest\u00e3o 54:<\/strong><\/p>\n\n\n\n<p>A Banca FGV trouxe, no gabarito preliminar, a alternativa C como correta.<\/p>\n\n\n\n<p>Ocorre que a segunda afirmativa est\u00e1 errada, tendo em vista que de acordo com o art.5\u00ba do C\u00f3digo Penal Militar, quanto ao tempo do crime, a teoria que foi adotada foi a teoria da atividade, consoante abaixo:<\/p>\n\n\n\n<p>Art.&nbsp;5\u00ba Considera-se praticado o crime no momento da a\u00e7\u00e3o ou omiss\u00e3o, ainda que outro seja o do resultado.<\/p>\n\n\n\n<p>Cabe ressaltar que de acordo com o Professor Guilherme de Souza Nucci:<\/p>\n\n\n\n<p>\u201cAdota-se, segundo demonstra o art. 5.\u00ba do CPM, a teoria da atividade.\u201d<\/p>\n\n\n\n<p>Pelo exposto, <strong>requer a altera\u00e7\u00e3o do gabarito da Letra C para a Letra A da quest\u00e3o de n\u00ba 54 da prova Tipo 2 , vez que \u00e9 a \u00fanica alternativa correta<\/strong><\/p>\n\n\n\n<p>NUCCI, Guilherme de Souza, C\u00f3digo Penal Militar. 2\u00aa edi\u00e7\u00e3o. Rio de Janeiro. Editora Gen, 2014<\/p>\n\n\n\n<p><strong>Quest\u00e3o 56:<\/strong><\/p>\n\n\n\n<p>A Banca FGV trouxe, no gabarito preliminar, a alternativa D como correta.<\/p>\n\n\n\n<p>O enunciado da quest\u00e3o trata do crime de deser\u00e7\u00e3o, previsto no art.187 do C\u00f3digo Penal Militar, entretanto, dentre as alternativas que foram cobradas, a alternativa A e D, requer o conhecimento sobre o procedimento do crime de deser\u00e7\u00e3o, previsto no C\u00f3digo de Processo Penal Militar, t\u00edtulo II, dos processos especiais. Ocorre que esse tema n\u00e3o est\u00e1 previsto no edital.<\/p>\n\n\n\n<p>A inclus\u00e3o de temas n\u00e3o exigidos em edital afronta o princ\u00edpio da publicidade, j\u00e1 que, como se sabe, a Administra\u00e7\u00e3o, na formula\u00e7\u00e3o das quest\u00f5es de prova de concurso p\u00fablico, vincula-se \u00e0s regras estabelecidas no instrumento convocat\u00f3rio. Em vista do exposto, em sede de recurso \u00e0 quest\u00e3o, tendo em vista que o conhecimento exigido para sua resolu\u00e7\u00e3o n\u00e3o constava do edital de abertura de inscri\u00e7\u00f5es do concurso, requer o candidato <strong>que a quest\u00e3o&nbsp;56, prova tipo 2,&nbsp;seja ANULADA\u201d.<\/strong><\/p>\n\n\n\n<h3 class=\"has-cyan-bluish-gray-background-color has-background wp-block-heading\">Recursos PM CE Soldado &#8211; Direito Penal<\/h3>\n\n\n\n<p><strong>Quest\u00e3o 64:<\/strong><\/p>\n\n\n\n<p>Ot\u00e1vio foi preso em flagrante e, posteriormente, sua pris\u00e3o foi convertida em tempor\u00e1ria, em raz\u00e3o de ter sido encontrado portando uma arma de fogo de uso restrito, tendo a autoridade policial enquadrado a sua conduta no crime previsto no Art. 16 da Lei n\u00b0 10.826\/03.<\/p>\n\n\n\n<p>Com rela\u00e7\u00e3o \u00e0 dura\u00e7\u00e3o da pris\u00e3o tempor\u00e1ria de Ot\u00e1vio, assinale a afirmativa correta.<\/p>\n\n\n\n<ul class=\"wp-block-list\"><li>A) Ter\u00e1 a dura\u00e7\u00e3o de 60 dias, podendo ser prorrogada por igual per\u00edodo em caso de extrema e comprovada necessidade.<\/li><li>(B) Ter\u00e1 a dura\u00e7\u00e3o de 5 dias prorrog\u00e1veis por mais S, uma vez que n\u00e3o se trata de crime hediondo.<\/li><li>(C) Ter\u00e1 a dura\u00e7\u00e3o de 15 dias prorrog\u00e1veis por mais 15, em caso de extrema e comprovada necessidade, por se tratar de crime hediondo.<\/li><li>(D) Ter\u00e1 a dura\u00e7\u00e3o de 90 dias, devendo ser relaxada ao t\u00e9rmino do referido prazo, caso n\u00e3o haja renova\u00e7\u00e3o de seus fundamentos por parte do Minist\u00e9rio P\u00fablico.<\/li><li>(E) Ter\u00e1 a dura\u00e7\u00e3o de 30 dias, prorrog\u00e1veis por mais 30, em caso de extrema e comprovada necessidade.<\/li><\/ul>\n\n\n\n<p>A banca trouxe como gabarito a letra E.<\/p>\n\n\n\n<p>Embora tenhamos acertado o gabarito, n\u00e3o concordo com o gabarito. Explico. A &nbsp;quest\u00e3o&nbsp; tratou do crime de porte de arma de fogo de uso restrito, tipificado no art. 16 Lei n\u00ba 10.826, onde o enunciado cobra do candidato o conhecimento sobre a dura\u00e7\u00e3o da pris\u00e3o tempor\u00e1rio em rela\u00e7\u00e3o ao referido crime. <\/p>\n\n\n\n<p>O delito de porte de arma de fogo de uso restrito de igual forma &nbsp;n\u00e3o est\u00e1 previsto na Lei n\u00ba 7.960\/60, que possui um rol taxativo de crimes que cabem a pris\u00e3o tempor\u00e1ria. Logo, \u00e9 necess\u00e1rio verificar se o mencionado crime \u00e9 hediondo ou n\u00e3o. <\/p>\n\n\n\n<p>Ocorre que a Lei n\u00ba 13.964\/19 modificou o art. 1\u00ba da Lei 8.072\/90, cujo par\u00e1grafo \u00fanico, inciso II que atualmente disp\u00f5e ser hediondo \u201co crime de posse ou porte ilegal de arma de fogo de uso proibido, previsto no art. 16 da Lei n\u00ba 10.826, de 22 de dezembro de 2003\u201d. <\/p>\n\n\n\n<p>Com a atual reda\u00e7\u00e3o, n\u00e3o \u00e9 mais poss\u00edvel sustentar que todo o tipo penal do art. 16 da Estatuto do Desarmamento \u00e9 hediondo; apenas as condutas relativas \u00e0s armas de fogo de uso proibido ser\u00e3o classificadas como hediondo. <\/p>\n\n\n\n<p>Diante disso, ante ao fato de o porte de arma de fogo de uso restrito n\u00e3o ser considerado hediondo, e tamb\u00e9m n\u00e3o estar no rol dos crimes que comportam a pris\u00e3o tempor\u00e1ria no artigo 1\u00ba, inciso III da lei 7960\/89, n\u00e3o ser\u00e1 cab\u00edvel a aplica\u00e7\u00e3o da pris\u00e3o tempor\u00e1ria. <\/p>\n\n\n\n<p>Portanto, a quest\u00e3o deve ser ANULADA, por n\u00e3o possuir alternativa correta.<\/p>\n\n\n\n<h4 class=\"wp-block-heading\">PLEITO: Diante do exposto, requer a ANULA\u00c7\u00c3O da quest\u00e3o, vez que n\u00e3o h\u00e1 resposta correta nas assertivas colacionadas pela banca.<\/h4>\n\n\n\n<p><strong>Quest\u00e3o 66:<\/strong><\/p>\n\n\n\n<p>Jo\u00e3o, policial militar, responde a Inqu\u00e9rito policial pela pr\u00e1tica do crime de abuso de autoridade, por ter violado o domic\u00edlio de M\u00e1rio, em 7 de junho de 2019, sem estar respaldado pelo respectivo Mandado de Busca e Apreens\u00e3o.<\/p>\n\n\n\n<p>A autoridade policial indicia Jo\u00e3o pela pr\u00e1tica do crime previsto no Art. 39, al\u00ednea b, da Lei n\u00b0 4.898\/65, que trata do atentado contra a inviolabilidade de domicilio, cuja pena \u00e9 de deten\u00e7\u00e3o de 10 dias a 6 meses. <\/p>\n\n\n\n<p>Uma vez relatado o Inqu\u00e9rito, este \u00e9 remetido para o Minist\u00e9rio P\u00fablico para o oferecimento da den\u00fancia. Em virtude da entrada em vigor da Lei n\u00b0 13.869\/19, o promotor com atribui\u00e7\u00e3o oferece den\u00fancia contra Jo\u00e3o, imputando, a ele, a pr\u00e1tica do crime previsto no Art. 22 da nova Lei, que trata da mesma figura criminal, qual seja, a conduta de violar o domic\u00edlio sem obedecer \u00e0s formalidades legais, cuja pena \u00e9 deten\u00e7\u00e3o de 1 a 4 anos.<\/p>\n\n\n\n<p>Acerca da conduta do promotor, assinale a afirmativa correta.<\/p>\n\n\n\n<ul class=\"wp-block-list\"><li>(A) Est\u00e1 correta, uma vez que a irretroatividade da lei penal mais severa vale apenas para processos j\u00e1 em curso, n\u00e3o se aplicando para casos em que a a\u00e7\u00e3o n\u00e3o tenha sido proposta.<\/li><li>(B) Est\u00e1 correta, uma vez que a nova lei de abuso de autoridade retroage aos fatos anteriores, mesmo que a pena cominada seja maior do que a anterior.<\/li><li>(C) Est\u00e1 correta, uma vez que em rela\u00e7\u00e3o \u00e0 lei no tempo, o Direito Penal adota a teoria da ubiquidade, valendo a lei que estava em vigor na data da propositura da a\u00e7\u00e3o, pouco<\/li><li>importando a lei em vigor na data do fato.<\/li><li>(D) Est\u00e1 incorreta, uma vez que a lei penal mais severa jamais retroage, mesmo em caso de crimes permanentes e crimes continuados.<\/li><li>(E) Est\u00e1 incorreta, em raz\u00e3o do principio da irretroatividade da lei penal mais severa, sendo certo que esta regra apenas admite exce\u00e7\u00e3o em casos de crime permanente<\/li><\/ul>\n\n\n\n<p>A quest\u00e3o considerou como certa a letra E.<\/p>\n\n\n\n<p>Contudo, o artigo 5\u00ba p, inciso XL da CF preceitua que a lei penal mal\u00e9fica n\u00e3o retroage. O enunciado exigia do candidato o conhecimento sobre a aplica\u00e7\u00e3o da lei penal no tempo, em especial o conflito intertemporal, em especial a aplica\u00e7\u00e3o da lei gravosa &nbsp;em crimes permanentes e continuados. &nbsp;<\/p>\n\n\n\n<p>Para a S\u00famula 711 do STF, analisando-se apenas o momento da ocorr\u00eancia do fato, este sempre ser\u00e1 regido pela lei vigente na ocasi\u00e3o da conduta (\u00faltimo ato execut\u00f3rio), ainda que ela seja mais grave do que a lei que vigia no in\u00edcio do ato de execu\u00e7\u00e3o. <\/p>\n\n\n\n<p>Logo, n\u00e3o h\u00e1 que se falar em irretroatividade da lei penal e sim aplica\u00e7\u00e3o da lei penal vigente ao tempo da pr\u00e1tica do fato criminoso, de acordo com o princ\u00edpio do <em>tempus regit actum<\/em>, pois o sujeito pratica o fato durante a vig\u00eancia da norma mais gravosa, e n\u00e3o que a lei retroage excepcionalmente, conforme trazido na quest\u00e3o como alternativa correta.<\/p>\n\n\n\n<h4 class=\"wp-block-heading\">PLEITO: Diante do exposto, requer a mudan\u00e7a do gabarito para a letra D, vez que n\u00e3o h\u00e1 retroatividade na lei penal mal\u00e9fica.<\/h4>\n\n\n\n<p class=\"has-text-align-center has-luminous-vivid-orange-color has-black-background-color has-text-color has-background\" style=\"font-size:clamp(14.642px, 0.915rem + ((1vw - 3.2px) * 0.721), 22px);\"><strong>Saiba mais: <a href=\"https:\/\/www.estrategiaconcursos.com.br\/blog\/concurso-pm-ce\/\" target=\"_blank\" rel=\"noreferrer noopener\">concurso PM CE<\/a><\/strong><\/p>\n\n\n\n<p class=\"has-text-align-center has-luminous-vivid-orange-color has-black-background-color has-text-color has-background\"> <strong>Quer estudar com quem mais aprova em concursos p\u00fablicos no Brasil, com um valor que cabe no seu bolso? Confira a nossa Black Friday!<\/strong> <strong><span style=\"text-decoration: underline;\">Clique no banner para participar<\/span>:<\/strong> <\/p>\n\n\n\n<div class=\"wp-block-image\"><figure class=\"aligncenter size-full\"><a href=\"https:\/\/gratis.estrategiaconcursos.com.br\/bf-ec\/\" target=\"_blank\" rel=\"noopener\"><img loading=\"lazy\" decoding=\"async\" width=\"801\" height=\"274\" src=\"https:\/\/dhg1h5j42swfq.cloudfront.net\/2021\/10\/28093835\/image-503.png\" alt=\"\" class=\"wp-image-895601\" srcset=\"https:\/\/dhg1h5j42swfq.cloudfront.net\/2021\/10\/28093835\/image-503.png 801w, https:\/\/dhg1h5j42swfq.cloudfront.net\/2021\/10\/28093835\/image-503-300x103.png 300w, https:\/\/dhg1h5j42swfq.cloudfront.net\/2021\/10\/28093835\/image-503-768x263.png 768w, https:\/\/dhg1h5j42swfq.cloudfront.net\/2021\/10\/28093835\/image-503-610x209.png 610w\" sizes=\"auto, (max-width: 801px) 100vw, 801px\" \/><\/a><\/figure><\/div>\n\n\n\n<div class=\"container\" id=\"boxes\">\n  <div class=\"row\">\n\n    <div class=\"col-sm\">\n      <div class=\"banner-policial\" id=\"box-assinatura\">\n        <h3 class=\"titulo-assinatura\">PM CE<\/h3>\n        <p class=\"subtitulo-assinatura\">Conhe\u00e7a os cursos<\/p>\n        <div class=\"box-botao\">\n          <a class=\"btn-assinatura\" target=\"_blank\" href=\"https:\/\/www.estrategiaconcursos.com.br\/cursosPorConcurso\/policia-militar-ce\/\" role=\"button\" rel=\"noopener noreferrer\">Conhe\u00e7a mais<\/a>\n        <\/div>\n      <\/div>\n     \n    <\/div>\n\n  <\/div>\n<\/div>\n","protected":false},"excerpt":{"rendered":"<p>As provas do concurso p\u00fablico da Pol\u00edcia Militar do Cear\u00e1 (PM CE) para Soldado, aplicadas pela Funda\u00e7\u00e3o Getulio Vargas (FGV), aceitar\u00e3o recursos contra os resultados at\u00e9 a pr\u00f3xima quinta-feira (11). Os gabaritos preliminares, inclusive, j\u00e1 foram publicados. E para saber quais quest\u00f5es s\u00e3o pass\u00edveis de anula\u00e7\u00e3o, reunimos nosso time de professores, os mesmos que participaram [&hellip;]<\/p>\n","protected":false},"author":1,"featured_media":741188,"comment_status":"open","ping_status":"closed","sticky":false,"template":"","format":"standard","meta":{"post_tipo":"news","footnotes":""},"categories":[220187,220219],"tags":[],"tax_estado":[219969],"class_list":["post-906144","post","type-post","status-publish","format-standard","has-post-thumbnail","hentry","category-policial-pracas","category-noticias","tax_estado-ce"],"acf":[],"yoast_head":"<!-- This site is optimized with the Yoast SEO Premium plugin v27.2 (Yoast SEO v27.2) - https:\/\/yoast.com\/product\/yoast-seo-premium-wordpress\/ -->\n<title>Concurso PM CE Soldado: veja os recursos poss\u00edveis!<\/title>\n<meta name=\"description\" content=\"Confira neste artigo os recursos poss\u00edveis para a prova do concurso PM CE Soldado. Mais informa\u00e7\u00f5es no site do Estrat\u00e9gia Concursos!\" \/>\n<meta name=\"robots\" content=\"index, follow, max-snippet:-1, max-image-preview:large, max-video-preview:-1\" \/>\n<link rel=\"canonical\" href=\"https:\/\/www.estrategiaconcursos.com.br\/blog\/pm-ce-soldado-recursos\/\" \/>\n<meta property=\"og:locale\" content=\"pt_BR\" \/>\n<meta property=\"og:type\" content=\"article\" \/>\n<meta property=\"og:title\" content=\"Concurso PM CE Soldado: veja os recursos poss\u00edveis!\" \/>\n<meta property=\"og:description\" content=\"Confira neste artigo os recursos poss\u00edveis para a prova do concurso PM CE Soldado. Mais informa\u00e7\u00f5es no site do Estrat\u00e9gia Concursos!\" \/>\n<meta property=\"og:url\" content=\"https:\/\/www.estrategiaconcursos.com.br\/blog\/pm-ce-soldado-recursos\/\" \/>\n<meta property=\"og:site_name\" content=\"Estrat\u00e9gia Concursos\" \/>\n<meta property=\"article:author\" content=\"https:\/\/www.facebook.com\/EstrategiaConcursos\" \/>\n<meta property=\"article:published_time\" content=\"2021-11-11T17:03:00+00:00\" \/>\n<meta property=\"article:modified_time\" content=\"2021-11-11T18:07:59+00:00\" \/>\n<meta property=\"og:image\" content=\"https:\/\/dhg1h5j42swfq.cloudfront.net\/2021\/05\/14151016\/pm-ce.jpg\" \/>\n\t<meta property=\"og:image:width\" content=\"768\" \/>\n\t<meta property=\"og:image:height\" content=\"432\" \/>\n\t<meta property=\"og:image:type\" content=\"image\/jpeg\" \/>\n<meta name=\"author\" content=\"Coordena\u00e7\u00e3o\" \/>\n<meta name=\"twitter:card\" content=\"summary_large_image\" \/>\n<meta name=\"twitter:creator\" content=\"@EstratConcursos\" \/>\n<meta name=\"twitter:site\" content=\"@EstratConcursos\" \/>\n<meta name=\"twitter:label1\" content=\"Escrito por\" \/>\n\t<meta name=\"twitter:data1\" content=\"Coordena\u00e7\u00e3o\" \/>\n\t<meta name=\"twitter:label2\" content=\"Est. tempo de leitura\" \/>\n\t<meta name=\"twitter:data2\" content=\"13 minutos\" \/>\n<script type=\"application\/ld+json\" class=\"yoast-schema-graph\">{\"@context\":\"https:\/\/schema.org\",\"@graph\":[{\"@type\":\"NewsArticle\",\"@id\":\"https:\/\/www.estrategiaconcursos.com.br\/blog\/pm-ce-soldado-recursos\/#article\",\"isPartOf\":{\"@id\":\"https:\/\/www.estrategiaconcursos.com.br\/blog\/pm-ce-soldado-recursos\/\"},\"author\":{\"name\":\"Coordena\u00e7\u00e3o\",\"@id\":\"https:\/\/www.estrategiaconcursos.com.br\/blog\/#\/schema\/person\/b4a388c97673c5f483d72185668afa1f\"},\"headline\":\"Concurso PM CE Soldado: veja os recursos poss\u00edveis!\",\"datePublished\":\"2021-11-11T17:03:00+00:00\",\"dateModified\":\"2021-11-11T18:07:59+00:00\",\"mainEntityOfPage\":{\"@id\":\"https:\/\/www.estrategiaconcursos.com.br\/blog\/pm-ce-soldado-recursos\/\"},\"wordCount\":3047,\"commentCount\":0,\"publisher\":{\"@id\":\"https:\/\/www.estrategiaconcursos.com.br\/blog\/#organization\"},\"image\":{\"@id\":\"https:\/\/www.estrategiaconcursos.com.br\/blog\/pm-ce-soldado-recursos\/#primaryimage\"},\"thumbnailUrl\":\"https:\/\/dhg1h5j42swfq.cloudfront.net\/2021\/05\/14151016\/pm-ce.jpg\",\"articleSection\":[\"Policial (PM\/BM - Pra\u00e7as)\",\"\u00daltimas not\u00edcias\"],\"inLanguage\":\"pt-BR\",\"potentialAction\":[{\"@type\":\"CommentAction\",\"name\":\"Comment\",\"target\":[\"https:\/\/www.estrategiaconcursos.com.br\/blog\/pm-ce-soldado-recursos\/#respond\"]}],\"copyrightYear\":\"2021\",\"copyrightHolder\":{\"@id\":\"https:\/\/www.estrategiaconcursos.com.br\/blog\/#organization\"}},{\"@type\":\"WebPage\",\"@id\":\"https:\/\/www.estrategiaconcursos.com.br\/blog\/pm-ce-soldado-recursos\/\",\"url\":\"https:\/\/www.estrategiaconcursos.com.br\/blog\/pm-ce-soldado-recursos\/\",\"name\":\"Concurso PM CE Soldado: veja os recursos poss\u00edveis!\",\"isPartOf\":{\"@id\":\"https:\/\/www.estrategiaconcursos.com.br\/blog\/#website\"},\"primaryImageOfPage\":{\"@id\":\"https:\/\/www.estrategiaconcursos.com.br\/blog\/pm-ce-soldado-recursos\/#primaryimage\"},\"image\":{\"@id\":\"https:\/\/www.estrategiaconcursos.com.br\/blog\/pm-ce-soldado-recursos\/#primaryimage\"},\"thumbnailUrl\":\"https:\/\/dhg1h5j42swfq.cloudfront.net\/2021\/05\/14151016\/pm-ce.jpg\",\"datePublished\":\"2021-11-11T17:03:00+00:00\",\"dateModified\":\"2021-11-11T18:07:59+00:00\",\"description\":\"Confira neste artigo os recursos poss\u00edveis para a prova do concurso PM CE Soldado. Mais informa\u00e7\u00f5es no site do Estrat\u00e9gia Concursos!\",\"breadcrumb\":{\"@id\":\"https:\/\/www.estrategiaconcursos.com.br\/blog\/pm-ce-soldado-recursos\/#breadcrumb\"},\"inLanguage\":\"pt-BR\",\"potentialAction\":[{\"@type\":\"ReadAction\",\"target\":[\"https:\/\/www.estrategiaconcursos.com.br\/blog\/pm-ce-soldado-recursos\/\"]}]},{\"@type\":\"ImageObject\",\"inLanguage\":\"pt-BR\",\"@id\":\"https:\/\/www.estrategiaconcursos.com.br\/blog\/pm-ce-soldado-recursos\/#primaryimage\",\"url\":\"https:\/\/dhg1h5j42swfq.cloudfront.net\/2021\/05\/14151016\/pm-ce.jpg\",\"contentUrl\":\"https:\/\/dhg1h5j42swfq.cloudfront.net\/2021\/05\/14151016\/pm-ce.jpg\",\"width\":768,\"height\":432,\"caption\":\"concurso pm ce\"},{\"@type\":\"BreadcrumbList\",\"@id\":\"https:\/\/www.estrategiaconcursos.com.br\/blog\/pm-ce-soldado-recursos\/#breadcrumb\",\"itemListElement\":[{\"@type\":\"ListItem\",\"position\":1,\"name\":\"In\u00edcio\",\"item\":\"https:\/\/www.estrategiaconcursos.com.br\/blog\/\"},{\"@type\":\"ListItem\",\"position\":2,\"name\":\"Concurso PM CE Soldado: veja os recursos poss\u00edveis!\"}]},{\"@type\":\"WebSite\",\"@id\":\"https:\/\/www.estrategiaconcursos.com.br\/blog\/#website\",\"url\":\"https:\/\/www.estrategiaconcursos.com.br\/blog\/\",\"name\":\"Estrat\u00e9gia Concursos\",\"description\":\"O blog da Estrat\u00e9gia Concursos traz not\u00edcias sobre concursos e artigos de professores oferecendo cursos para concursos (pdf + videaulas) no site.\",\"publisher\":{\"@id\":\"https:\/\/www.estrategiaconcursos.com.br\/blog\/#organization\"},\"potentialAction\":[{\"@type\":\"SearchAction\",\"target\":{\"@type\":\"EntryPoint\",\"urlTemplate\":\"https:\/\/www.estrategiaconcursos.com.br\/blog\/?s={search_term_string}\"},\"query-input\":{\"@type\":\"PropertyValueSpecification\",\"valueRequired\":true,\"valueName\":\"search_term_string\"}}],\"inLanguage\":\"pt-BR\"},{\"@type\":\"Organization\",\"@id\":\"https:\/\/www.estrategiaconcursos.com.br\/blog\/#organization\",\"name\":\"Estrat\u00e9gia Concursos\",\"url\":\"https:\/\/www.estrategiaconcursos.com.br\/blog\/\",\"logo\":{\"@type\":\"ImageObject\",\"inLanguage\":\"pt-BR\",\"@id\":\"https:\/\/www.estrategiaconcursos.com.br\/blog\/#\/schema\/logo\/image\/\",\"url\":\"https:\/\/dhg1h5j42swfq.cloudfront.net\/2025\/06\/03203428\/logo_concursos-1.jpg\",\"contentUrl\":\"https:\/\/dhg1h5j42swfq.cloudfront.net\/2025\/06\/03203428\/logo_concursos-1.jpg\",\"width\":230,\"height\":60,\"caption\":\"Estrat\u00e9gia Concursos\"},\"image\":{\"@id\":\"https:\/\/www.estrategiaconcursos.com.br\/blog\/#\/schema\/logo\/image\/\"},\"sameAs\":[\"https:\/\/x.com\/EstratConcursos\"]},{\"@type\":\"Person\",\"@id\":\"https:\/\/www.estrategiaconcursos.com.br\/blog\/#\/schema\/person\/b4a388c97673c5f483d72185668afa1f\",\"name\":\"Coordena\u00e7\u00e3o\",\"image\":{\"@type\":\"ImageObject\",\"inLanguage\":\"pt-BR\",\"@id\":\"https:\/\/secure.gravatar.com\/avatar\/b720319e4c9a967eb58678d110f4fe35452fc5d5f97b202bac7b8acceb18c6ad?s=96&d=mm&r=g\",\"url\":\"https:\/\/secure.gravatar.com\/avatar\/b720319e4c9a967eb58678d110f4fe35452fc5d5f97b202bac7b8acceb18c6ad?s=96&d=mm&r=g\",\"contentUrl\":\"https:\/\/secure.gravatar.com\/avatar\/b720319e4c9a967eb58678d110f4fe35452fc5d5f97b202bac7b8acceb18c6ad?s=96&d=mm&r=g\",\"caption\":\"Coordena\u00e7\u00e3o\"},\"sameAs\":[\"https:\/\/www.facebook.com\/EstrategiaConcursos\",\"https:\/\/x.com\/EstratConcursos\"],\"url\":\"https:\/\/www.estrategiaconcursos.com.br\/blog\/author\/estrategia2013\/\"}]}<\/script>\n<!-- \/ Yoast SEO Premium plugin. -->","yoast_head_json":{"title":"Concurso PM CE Soldado: veja os recursos poss\u00edveis!","description":"Confira neste artigo os recursos poss\u00edveis para a prova do concurso PM CE Soldado. Mais informa\u00e7\u00f5es no site do Estrat\u00e9gia Concursos!","robots":{"index":"index","follow":"follow","max-snippet":"max-snippet:-1","max-image-preview":"max-image-preview:large","max-video-preview":"max-video-preview:-1"},"canonical":"https:\/\/www.estrategiaconcursos.com.br\/blog\/pm-ce-soldado-recursos\/","og_locale":"pt_BR","og_type":"article","og_title":"Concurso PM CE Soldado: veja os recursos poss\u00edveis!","og_description":"Confira neste artigo os recursos poss\u00edveis para a prova do concurso PM CE Soldado. Mais informa\u00e7\u00f5es no site do Estrat\u00e9gia Concursos!","og_url":"https:\/\/www.estrategiaconcursos.com.br\/blog\/pm-ce-soldado-recursos\/","og_site_name":"Estrat\u00e9gia Concursos","article_author":"https:\/\/www.facebook.com\/EstrategiaConcursos","article_published_time":"2021-11-11T17:03:00+00:00","article_modified_time":"2021-11-11T18:07:59+00:00","og_image":[{"width":768,"height":432,"url":"https:\/\/dhg1h5j42swfq.cloudfront.net\/2021\/05\/14151016\/pm-ce.jpg","type":"image\/jpeg"}],"author":"Coordena\u00e7\u00e3o","twitter_card":"summary_large_image","twitter_creator":"@EstratConcursos","twitter_site":"@EstratConcursos","twitter_misc":{"Escrito por":"Coordena\u00e7\u00e3o","Est. tempo de leitura":"13 minutos"},"schema":{"@context":"https:\/\/schema.org","@graph":[{"@type":"NewsArticle","@id":"https:\/\/www.estrategiaconcursos.com.br\/blog\/pm-ce-soldado-recursos\/#article","isPartOf":{"@id":"https:\/\/www.estrategiaconcursos.com.br\/blog\/pm-ce-soldado-recursos\/"},"author":{"name":"Coordena\u00e7\u00e3o","@id":"https:\/\/www.estrategiaconcursos.com.br\/blog\/#\/schema\/person\/b4a388c97673c5f483d72185668afa1f"},"headline":"Concurso PM CE Soldado: veja os recursos poss\u00edveis!","datePublished":"2021-11-11T17:03:00+00:00","dateModified":"2021-11-11T18:07:59+00:00","mainEntityOfPage":{"@id":"https:\/\/www.estrategiaconcursos.com.br\/blog\/pm-ce-soldado-recursos\/"},"wordCount":3047,"commentCount":0,"publisher":{"@id":"https:\/\/www.estrategiaconcursos.com.br\/blog\/#organization"},"image":{"@id":"https:\/\/www.estrategiaconcursos.com.br\/blog\/pm-ce-soldado-recursos\/#primaryimage"},"thumbnailUrl":"https:\/\/dhg1h5j42swfq.cloudfront.net\/2021\/05\/14151016\/pm-ce.jpg","articleSection":["Policial (PM\/BM - Pra\u00e7as)","\u00daltimas not\u00edcias"],"inLanguage":"pt-BR","potentialAction":[{"@type":"CommentAction","name":"Comment","target":["https:\/\/www.estrategiaconcursos.com.br\/blog\/pm-ce-soldado-recursos\/#respond"]}],"copyrightYear":"2021","copyrightHolder":{"@id":"https:\/\/www.estrategiaconcursos.com.br\/blog\/#organization"}},{"@type":"WebPage","@id":"https:\/\/www.estrategiaconcursos.com.br\/blog\/pm-ce-soldado-recursos\/","url":"https:\/\/www.estrategiaconcursos.com.br\/blog\/pm-ce-soldado-recursos\/","name":"Concurso PM CE Soldado: veja os recursos poss\u00edveis!","isPartOf":{"@id":"https:\/\/www.estrategiaconcursos.com.br\/blog\/#website"},"primaryImageOfPage":{"@id":"https:\/\/www.estrategiaconcursos.com.br\/blog\/pm-ce-soldado-recursos\/#primaryimage"},"image":{"@id":"https:\/\/www.estrategiaconcursos.com.br\/blog\/pm-ce-soldado-recursos\/#primaryimage"},"thumbnailUrl":"https:\/\/dhg1h5j42swfq.cloudfront.net\/2021\/05\/14151016\/pm-ce.jpg","datePublished":"2021-11-11T17:03:00+00:00","dateModified":"2021-11-11T18:07:59+00:00","description":"Confira neste artigo os recursos poss\u00edveis para a prova do concurso PM CE Soldado. Mais informa\u00e7\u00f5es no site do Estrat\u00e9gia Concursos!","breadcrumb":{"@id":"https:\/\/www.estrategiaconcursos.com.br\/blog\/pm-ce-soldado-recursos\/#breadcrumb"},"inLanguage":"pt-BR","potentialAction":[{"@type":"ReadAction","target":["https:\/\/www.estrategiaconcursos.com.br\/blog\/pm-ce-soldado-recursos\/"]}]},{"@type":"ImageObject","inLanguage":"pt-BR","@id":"https:\/\/www.estrategiaconcursos.com.br\/blog\/pm-ce-soldado-recursos\/#primaryimage","url":"https:\/\/dhg1h5j42swfq.cloudfront.net\/2021\/05\/14151016\/pm-ce.jpg","contentUrl":"https:\/\/dhg1h5j42swfq.cloudfront.net\/2021\/05\/14151016\/pm-ce.jpg","width":768,"height":432,"caption":"concurso pm ce"},{"@type":"BreadcrumbList","@id":"https:\/\/www.estrategiaconcursos.com.br\/blog\/pm-ce-soldado-recursos\/#breadcrumb","itemListElement":[{"@type":"ListItem","position":1,"name":"In\u00edcio","item":"https:\/\/www.estrategiaconcursos.com.br\/blog\/"},{"@type":"ListItem","position":2,"name":"Concurso PM CE Soldado: veja os recursos poss\u00edveis!"}]},{"@type":"WebSite","@id":"https:\/\/www.estrategiaconcursos.com.br\/blog\/#website","url":"https:\/\/www.estrategiaconcursos.com.br\/blog\/","name":"Estrat\u00e9gia Concursos","description":"O blog da Estrat\u00e9gia Concursos traz not\u00edcias sobre concursos e artigos de professores oferecendo cursos para concursos (pdf + videaulas) no site.","publisher":{"@id":"https:\/\/www.estrategiaconcursos.com.br\/blog\/#organization"},"potentialAction":[{"@type":"SearchAction","target":{"@type":"EntryPoint","urlTemplate":"https:\/\/www.estrategiaconcursos.com.br\/blog\/?s={search_term_string}"},"query-input":{"@type":"PropertyValueSpecification","valueRequired":true,"valueName":"search_term_string"}}],"inLanguage":"pt-BR"},{"@type":"Organization","@id":"https:\/\/www.estrategiaconcursos.com.br\/blog\/#organization","name":"Estrat\u00e9gia Concursos","url":"https:\/\/www.estrategiaconcursos.com.br\/blog\/","logo":{"@type":"ImageObject","inLanguage":"pt-BR","@id":"https:\/\/www.estrategiaconcursos.com.br\/blog\/#\/schema\/logo\/image\/","url":"https:\/\/dhg1h5j42swfq.cloudfront.net\/2025\/06\/03203428\/logo_concursos-1.jpg","contentUrl":"https:\/\/dhg1h5j42swfq.cloudfront.net\/2025\/06\/03203428\/logo_concursos-1.jpg","width":230,"height":60,"caption":"Estrat\u00e9gia Concursos"},"image":{"@id":"https:\/\/www.estrategiaconcursos.com.br\/blog\/#\/schema\/logo\/image\/"},"sameAs":["https:\/\/x.com\/EstratConcursos"]},{"@type":"Person","@id":"https:\/\/www.estrategiaconcursos.com.br\/blog\/#\/schema\/person\/b4a388c97673c5f483d72185668afa1f","name":"Coordena\u00e7\u00e3o","image":{"@type":"ImageObject","inLanguage":"pt-BR","@id":"https:\/\/secure.gravatar.com\/avatar\/b720319e4c9a967eb58678d110f4fe35452fc5d5f97b202bac7b8acceb18c6ad?s=96&d=mm&r=g","url":"https:\/\/secure.gravatar.com\/avatar\/b720319e4c9a967eb58678d110f4fe35452fc5d5f97b202bac7b8acceb18c6ad?s=96&d=mm&r=g","contentUrl":"https:\/\/secure.gravatar.com\/avatar\/b720319e4c9a967eb58678d110f4fe35452fc5d5f97b202bac7b8acceb18c6ad?s=96&d=mm&r=g","caption":"Coordena\u00e7\u00e3o"},"sameAs":["https:\/\/www.facebook.com\/EstrategiaConcursos","https:\/\/x.com\/EstratConcursos"],"url":"https:\/\/www.estrategiaconcursos.com.br\/blog\/author\/estrategia2013\/"}]}},"_links":{"self":[{"href":"https:\/\/www.estrategiaconcursos.com.br\/blog\/wp-json\/wp\/v2\/posts\/906144","targetHints":{"allow":["GET"]}}],"collection":[{"href":"https:\/\/www.estrategiaconcursos.com.br\/blog\/wp-json\/wp\/v2\/posts"}],"about":[{"href":"https:\/\/www.estrategiaconcursos.com.br\/blog\/wp-json\/wp\/v2\/types\/post"}],"author":[{"embeddable":true,"href":"https:\/\/www.estrategiaconcursos.com.br\/blog\/wp-json\/wp\/v2\/users\/1"}],"replies":[{"embeddable":true,"href":"https:\/\/www.estrategiaconcursos.com.br\/blog\/wp-json\/wp\/v2\/comments?post=906144"}],"version-history":[{"count":10,"href":"https:\/\/www.estrategiaconcursos.com.br\/blog\/wp-json\/wp\/v2\/posts\/906144\/revisions"}],"predecessor-version":[{"id":906604,"href":"https:\/\/www.estrategiaconcursos.com.br\/blog\/wp-json\/wp\/v2\/posts\/906144\/revisions\/906604"}],"wp:featuredmedia":[{"embeddable":true,"href":"https:\/\/www.estrategiaconcursos.com.br\/blog\/wp-json\/wp\/v2\/media\/741188"}],"wp:attachment":[{"href":"https:\/\/www.estrategiaconcursos.com.br\/blog\/wp-json\/wp\/v2\/media?parent=906144"}],"wp:term":[{"taxonomy":"category","embeddable":true,"href":"https:\/\/www.estrategiaconcursos.com.br\/blog\/wp-json\/wp\/v2\/categories?post=906144"},{"taxonomy":"post_tag","embeddable":true,"href":"https:\/\/www.estrategiaconcursos.com.br\/blog\/wp-json\/wp\/v2\/tags?post=906144"},{"taxonomy":"tax_estado","embeddable":true,"href":"https:\/\/www.estrategiaconcursos.com.br\/blog\/wp-json\/wp\/v2\/tax_estado?post=906144"}],"curies":[{"name":"wp","href":"https:\/\/api.w.org\/{rel}","templated":true}]}}