{"id":90473,"date":"2017-09-26T13:36:11","date_gmt":"2017-09-26T16:36:11","guid":{"rendered":"https:\/\/www.estrategiaconcursos.com.br\/blog\/?p=90473"},"modified":"2021-01-19T18:14:52","modified_gmt":"2021-01-19T21:14:52","slug":"dpu-gabarito-extraoficial-legislacao-institucional","status":"publish","type":"post","link":"https:\/\/www.estrategiaconcursos.com.br\/blog\/dpu-gabarito-extraoficial-legislacao-institucional\/","title":{"rendered":"DPU &#8211; Gabarito EXTRAOFICIAL (Legisla\u00e7\u00e3o Institucional)"},"content":{"rendered":"<p style=\"text-align: center\"><span style=\"color: #0000ff\"><b>GABARITO EXTRAOFICIAL DPU (DEFENSOR P\u00daBLUCO FEDERAL) &#8211; LEGISLA\u00c7\u00c3O INSTITUCIONAL DA DP<\/b><\/span><\/p>\n<p>Ol\u00e1, pessoal<\/p>\n<p style=\"text-align: justify\">Para quem n\u00e3o me conhece ainda, meu nome \u00e9 <strong>Renan Araujo<\/strong> e sou professor aqui no Estrat\u00e9gia Concursos, lecionando as mat\u00e9rias de Direito Penal, Processual Penal e Legisla\u00e7\u00e3o Institucional.<\/p>\n<p style=\"text-align: justify\">Neste artigo vamos comentar as quest\u00f5es de Legisla\u00e7\u00e3o Institucional &nbsp;que foram cobradas na <strong>recente prova da DPU, para o cargo de Defensor P\u00fablico Federal.<\/strong><\/p>\n<p style=\"text-align: justify\">A prova teve um bom n\u00edvel, e quem estudou pelo nosso curso com certeza se saiu&nbsp;bem. A Banca, como se esperava, cobrou muita jurisprud\u00eancia dos Tribunais Superiores. <span style=\"color: #ff0000\"><strong>S\u00f3 na nossa revis\u00e3o abordamos temas relativos a 04 das 08 quest\u00f5es, ou seja, quem estudou s\u00f3 a revis\u00e3o de v\u00e9spera acertou 50% dessa parte da prova!<\/strong><\/span><\/p>\n<p style=\"text-align: justify\">Vamos aos coment\u00e1rios:<\/p>\n<p style=\"text-align: justify\">__________________<\/p>\n<p><img loading=\"lazy\" decoding=\"async\" class=\" wp-image-90474 alignleft\" src=\"https:\/\/dhg1h5j42swfq.cloudfront.net\/2017\/09\/26133431\/DPU-Legisla%C3%A7%C3%A3o-institucional-143-146.png\" alt=\"\" width=\"342\" height=\"327\" srcset=\"https:\/\/dhg1h5j42swfq.cloudfront.net\/2017\/09\/26133431\/DPU-Legisla%C3%A7%C3%A3o-institucional-143-146.png 389w, https:\/\/dhg1h5j42swfq.cloudfront.net\/2017\/09\/26133431\/DPU-Legisla%C3%A7%C3%A3o-institucional-143-146.png 300w\" sizes=\"auto, (max-width: 342px) 100vw, 342px\" \/><\/p>\n<p>&nbsp;<\/p>\n<p>&nbsp;<\/p>\n<p>&nbsp;<\/p>\n<p>&nbsp;<\/p>\n<p>&nbsp;<\/p>\n<p>&nbsp;<\/p>\n<p>&nbsp;<\/p>\n<p>&nbsp;<\/p>\n<p>&nbsp;<\/p>\n<p style=\"text-align: justify\"><strong>143 &#8211; COMENT\u00c1RIOS: <\/strong>Item correto, pois o Brasil adotou o sistema do <em>staff model, <\/em>segundo o qual a assist\u00eancia jur\u00eddica integral e gratuita, fornecida pelo ESTADO, ser\u00e1 realizada por uma Institui\u00e7\u00e3o composta por membros que recebem seus sal\u00e1rios diretamente do Estado, ou seja, o prestador de assist\u00eancia jur\u00eddica gratuita (defensor p\u00fablico) \u00e9 servidor do Estado, recebendo dele o seu sal\u00e1rio, mensalmente, e integra os quadros da Institui\u00e7\u00e3o a quem compete a presta\u00e7\u00e3o da assist\u00eancia jur\u00eddica (defensoria p\u00fablica).<\/p>\n<p><span style=\"color: #0000ff\"><strong>Portanto, a AFIRMATIVA EST\u00c1 CORRETA.<\/strong><\/span><\/p>\n<p>&nbsp;<\/p>\n<p style=\"text-align: justify\"><strong>144 &#8211; COMENT\u00c1RIOS: <\/strong>Item errado, pois neste caso n\u00e3o se trata de autonomia funcional, e sim de autonomia financeira\/or\u00e7ament\u00e1ria, que confere \u00e0s DPs a iniciativa da proposta or\u00e7ament\u00e1ria, dentro dos limites da LDO, na forma do art. 134, \u00a72\u00ba da CF-88.<\/p>\n<p style=\"text-align: justify\"><span style=\"color: #ff0000\"><strong>Portanto, a AFIRMATIVA EST\u00c1 ERRADA.<\/strong><\/span><\/p>\n<p style=\"text-align: justify\"><strong>145 &#8211; COMENT\u00c1RIOS: <\/strong>Item correto, pois este \u00e9 o entendimento do STJ (AgRg no AREsp n. 230.296\/AL, Ministro Og Fernandes, Sexta Turma, DJe 4\/6\/2013). De fato, as DPEs possuem atribui\u00e7\u00e3o para atuar perante os Tribunais Superiores. Todavia, como a maior parte das DPEs n\u00e3o possui estrutura para tanto, cabe \u00e0 DPU a atua\u00e7\u00e3o em tais casos, ainda que se trate de demanda que tenha tido in\u00edcio em \u00f3rg\u00e3o do Poder Judici\u00e1rio perante o qual a DPU n\u00e3o atua (ex.: processo criminal que tramitou na Justi\u00e7a Estadual de primeira inst\u00e2ncia, onde a atribui\u00e7\u00e3o pertence \u00e0 DPE).<\/p>\n<p style=\"text-align: justify\"><span style=\"color: #0000ff\"><strong>Portanto, a AFIRMATIVA EST\u00c1 CORRETA.<\/strong><\/span><\/p>\n<p style=\"text-align: justify\"><strong>146 &#8211; COMENT\u00c1RIOS: <\/strong>Item correto, pois esta \u00e9 a exata previs\u00e3o contida no art. 50, \u00a76\u00ba da LC 80\/94.<\/p>\n<p style=\"text-align: justify\"><span style=\"color: #0000ff\"><strong>Portanto, a AFIRMATIVA EST\u00c1 CORRETA.<\/strong><\/span><\/p>\n<p>&nbsp;<\/p>\n<p><img loading=\"lazy\" decoding=\"async\" class=\" wp-image-90475 alignleft\" src=\"https:\/\/dhg1h5j42swfq.cloudfront.net\/2017\/09\/26133432\/DPU-Legisla%C3%A7%C3%A3o-institucional-147-150.png\" alt=\"\" width=\"358\" height=\"329\" srcset=\"https:\/\/dhg1h5j42swfq.cloudfront.net\/2017\/09\/26133432\/DPU-Legisla%C3%A7%C3%A3o-institucional-147-150.png 387w, https:\/\/dhg1h5j42swfq.cloudfront.net\/2017\/09\/26133432\/DPU-Legisla%C3%A7%C3%A3o-institucional-147-150.png 300w\" sizes=\"auto, (max-width: 358px) 100vw, 358px\" \/><\/p>\n<p>&nbsp;<\/p>\n<p>&nbsp;<\/p>\n<p>&nbsp;<\/p>\n<p>&nbsp;<\/p>\n<p>&nbsp;<\/p>\n<p>&nbsp;<\/p>\n<p>&nbsp;<\/p>\n<p>&nbsp;<\/p>\n<p>&nbsp;<\/p>\n<p style=\"text-align: justify\"><strong>147 &#8211; COMENT\u00c1RIOS: <\/strong>Item correto, pois esta \u00e9 a previs\u00e3o contida no art. 4\u00ba, II e \u00a74\u00ba da LC 80\/94.<\/p>\n<p style=\"text-align: justify\"><span style=\"color: #0000ff\"><strong>Portanto, a AFIRMATIVA EST\u00c1 CORRETA.<\/strong><\/span><\/p>\n<p style=\"text-align: justify\"><strong>&nbsp;<\/strong><\/p>\n<p style=\"text-align: justify\"><strong>148 &#8211; COMENT\u00c1RIOS: <\/strong>Item correto, pois o benef\u00edcio da assist\u00eancia judici\u00e1ria (Basicamente gratuidade de Justi\u00e7a, eis que a assist\u00eancia jur\u00eddica \u00e9 prestada pela DP) pode ser requerido a qualquer tempo, mas possui efeitos ex nunc, ou seja, n\u00e3o retroage para gerar direito, por exemplo, \u00e0 restitui\u00e7\u00e3o de valores que j\u00e1 tenham sido pagos antes do requerimento e deferimento do benef\u00edcio (AgInt no AREsp 909.951\/SP, Rel. Ministro MARCO BUZZI, QUARTA TURMA, julgado em 22\/11\/2016, DJe 01\/12\/2016).<\/p>\n<p style=\"text-align: justify\"><span style=\"color: #0000ff\"><strong>Portanto, a AFIRMATIVA EST\u00c1 CORRETA.<\/strong><\/span><\/p>\n<p style=\"text-align: justify\"><strong>&nbsp;<\/strong><\/p>\n<p style=\"text-align: justify\"><strong>149 &#8211; COMENT\u00c1RIOS: <\/strong>Item errado, pois a atua\u00e7\u00e3o da DP como curadora especial \u00e9 atua\u00e7\u00e3o at\u00edpica, ou seja, n\u00e3o depende da comprova\u00e7\u00e3o da hipossufici\u00eancia econ\u00f4mica do benefici\u00e1rio. Isso, inclusive, faria com que fosse poss\u00edvel o arbitramento de honor\u00e1rios em favor da DP. Todavia, o STJ possui entendimento no sentido de que n\u00e3o dever\u00e3o ser arbitrados honor\u00e1rios em favor da DP, pelo exerc\u00edcio da fun\u00e7\u00e3o de curador, embora esta possa receber honor\u00e1rios decorrentes da sucumb\u00eancia (caso seu assistido seja vencedor no processo), que ser\u00e3o pagos \u00e0 DP pela parte contr\u00e1ria.<\/p>\n<p style=\"text-align: justify\"><span style=\"color: #ff0000\"><strong>Portanto, a AFIRMATIVA EST\u00c1 ERRADA.<\/strong><\/span><\/p>\n<p style=\"text-align: justify\"><strong>&nbsp;<\/strong><\/p>\n<p style=\"text-align: justify\"><strong>150 &#8211; COMENT\u00c1RIOS: <\/strong>Item errado, pois a atua\u00e7\u00e3o da DP no \u00e2mbito da tutela coletiva abarca a defesa dos interesses coletivos propriamente ditos, dos direitos individuais homog\u00eaneos e dos direitos difusos, conforme entendimento do STJ (AgRg no REsp 1404305\/RJ, Rel. Ministro MAURO CAMPBELL MARQUES, SEGUNDA TURMA, julgado em 25\/08\/2015, DJe 03\/09\/2015).<\/p>\n<p style=\"text-align: justify\"><span style=\"color: #ff0000\"><strong>Portanto, a AFIRMATIVA EST\u00c1 ERRADA.<\/strong><\/span><\/p>\n<p style=\"text-align: justify\">__________________<\/p>\n<p style=\"text-align: justify\">Se voc\u00ea quer conhecer mais do meu trabalho aqui no Estrat\u00e9gia Concursos, <a href=\"https:\/\/www.estrategiaconcursos.com.br\/cursosPorProfessor\/renan-araujo-3209\/\">clique aqui<\/a> e baixe, gratuitamente, as aulas demonstrativas dos meus cursos.<\/p>\n<p style=\"text-align: justify\"><strong>Bons estudos!<\/strong><\/p>\n<p style=\"text-align: justify\"><strong>Prof. Renan Araujo<\/strong><\/p>\n<p style=\"text-align: justify\"><strong>E-mail:&nbsp;<\/strong><a href=\"mailto:profrenanaraujo@gmail.com\"><strong>prof<\/strong><\/a><strong>renanaraujo@gmail.com<\/strong><\/p>\n<p style=\"text-align: justify\"><strong>Periscope: @profrenanaraujo&nbsp;<\/strong><\/p>\n<p style=\"text-align: justify\"><strong>Facebook:&nbsp;<\/strong><a href=\"http:\/\/www.facebook.com\/profrenanaraujoestrategia\"><strong>www.facebook.com\/profrenanaraujoestrategia<\/strong><\/a><\/p>\n<p style=\"text-align: justify\"><strong>Instagram:&nbsp;<\/strong><a href=\"http:\/\/www.instagram.com\/profrenanaraujo\/?hl=pt-br\"><strong>www.instagram.com\/profrenanaraujo\/?hl=pt-br<\/strong><\/a><\/p>\n<p style=\"text-align: justify\"><strong>Youtube:&nbsp;<\/strong><a href=\"http:\/\/www.youtube.com\/channel\/UClIFS2cyREWT35OELN8wcFQ\"><strong>www.youtube.com\/channel\/UClIFS2cyREWT35OELN8wcFQ<\/strong><\/a><\/p>\n","protected":false},"excerpt":{"rendered":"<p>GABARITO EXTRAOFICIAL DPU (DEFENSOR P\u00daBLUCO FEDERAL) &#8211; LEGISLA\u00c7\u00c3O INSTITUCIONAL DA DP Ol\u00e1, pessoal Para quem n\u00e3o me conhece ainda, meu nome \u00e9 Renan Araujo e sou professor aqui no Estrat\u00e9gia Concursos, lecionando as mat\u00e9rias de Direito Penal, Processual Penal e Legisla\u00e7\u00e3o Institucional. Neste artigo vamos comentar as quest\u00f5es de Legisla\u00e7\u00e3o Institucional &nbsp;que foram cobradas na [&hellip;]<\/p>\n","protected":false},"author":39,"featured_media":0,"comment_status":"open","ping_status":"open","sticky":false,"template":"","format":"standard","meta":{"post_tipo":"article","footnotes":""},"categories":[1,2185],"tags":[538],"tax_estado":[219963],"class_list":["post-90473","post","type-post","status-publish","format-standard","hentry","category-cursos-e-concursos","category-carreiras-juridicas","tag-dpu","tax_estado-concursos-federais"],"acf":[],"yoast_head":"<!-- This site is optimized with the Yoast SEO Premium plugin v27.2 (Yoast SEO v27.2) - https:\/\/yoast.com\/product\/yoast-seo-premium-wordpress\/ -->\n<title>DPU - Gabarito EXTRAOFICIAL (Legisla\u00e7\u00e3o Institucional)<\/title>\n<meta name=\"description\" content=\"Comentarios do Prof. Renan Araujo \u00e0s quest\u00f5es de Legisla\u00e7\u00e3o Institucional do concurso da DPU, para o cargo de Defensor P\u00fablico Federal.\" \/>\n<meta name=\"robots\" content=\"index, follow, max-snippet:-1, max-image-preview:large, max-video-preview:-1\" \/>\n<link rel=\"canonical\" href=\"https:\/\/www.estrategiaconcursos.com.br\/blog\/dpu-gabarito-extraoficial-legislacao-institucional\/\" \/>\n<meta property=\"og:locale\" content=\"pt_BR\" \/>\n<meta property=\"og:type\" content=\"article\" \/>\n<meta property=\"og:title\" content=\"DPU - Gabarito EXTRAOFICIAL (Legisla\u00e7\u00e3o Institucional)\" \/>\n<meta property=\"og:description\" content=\"Comentarios do Prof. Renan Araujo \u00e0s quest\u00f5es de Legisla\u00e7\u00e3o Institucional do concurso da DPU, para o cargo de Defensor P\u00fablico Federal.\" \/>\n<meta property=\"og:url\" content=\"https:\/\/www.estrategiaconcursos.com.br\/blog\/dpu-gabarito-extraoficial-legislacao-institucional\/\" \/>\n<meta property=\"og:site_name\" content=\"Estrat\u00e9gia Concursos\" \/>\n<meta property=\"article:published_time\" content=\"2017-09-26T16:36:11+00:00\" \/>\n<meta property=\"article:modified_time\" content=\"2021-01-19T21:14:52+00:00\" \/>\n<meta name=\"author\" content=\"Renan Araujo\" \/>\n<meta name=\"twitter:card\" content=\"summary_large_image\" \/>\n<meta name=\"twitter:creator\" content=\"@EstratConcursos\" \/>\n<meta name=\"twitter:site\" content=\"@EstratConcursos\" \/>\n<meta name=\"twitter:label1\" content=\"Escrito por\" \/>\n\t<meta name=\"twitter:data1\" content=\"Renan Araujo\" \/>\n\t<meta name=\"twitter:label2\" content=\"Est. tempo de leitura\" \/>\n\t<meta name=\"twitter:data2\" content=\"4 minutos\" \/>\n<script type=\"application\/ld+json\" class=\"yoast-schema-graph\">{\"@context\":\"https:\/\/schema.org\",\"@graph\":[{\"@type\":\"NewsArticle\",\"@id\":\"https:\/\/www.estrategiaconcursos.com.br\/blog\/dpu-gabarito-extraoficial-legislacao-institucional\/#article\",\"isPartOf\":{\"@id\":\"https:\/\/www.estrategiaconcursos.com.br\/blog\/dpu-gabarito-extraoficial-legislacao-institucional\/\"},\"author\":{\"name\":\"Renan Araujo\",\"@id\":\"https:\/\/www.estrategiaconcursos.com.br\/blog\/#\/schema\/person\/1a7a7af72da82939a6308b2ee292162b\"},\"headline\":\"DPU &#8211; Gabarito EXTRAOFICIAL (Legisla\u00e7\u00e3o Institucional)\",\"datePublished\":\"2017-09-26T16:36:11+00:00\",\"dateModified\":\"2021-01-19T21:14:52+00:00\",\"mainEntityOfPage\":{\"@id\":\"https:\/\/www.estrategiaconcursos.com.br\/blog\/dpu-gabarito-extraoficial-legislacao-institucional\/\"},\"wordCount\":775,\"commentCount\":8,\"publisher\":{\"@id\":\"https:\/\/www.estrategiaconcursos.com.br\/blog\/#organization\"},\"keywords\":[\"DPU\"],\"articleSection\":[\"Concursos P\u00fablicos\",\"Jur\u00eddico\"],\"inLanguage\":\"pt-BR\",\"potentialAction\":[{\"@type\":\"CommentAction\",\"name\":\"Comment\",\"target\":[\"https:\/\/www.estrategiaconcursos.com.br\/blog\/dpu-gabarito-extraoficial-legislacao-institucional\/#respond\"]}],\"copyrightYear\":\"2017\",\"copyrightHolder\":{\"@id\":\"https:\/\/www.estrategiaconcursos.com.br\/blog\/#organization\"}},{\"@type\":\"WebPage\",\"@id\":\"https:\/\/www.estrategiaconcursos.com.br\/blog\/dpu-gabarito-extraoficial-legislacao-institucional\/\",\"url\":\"https:\/\/www.estrategiaconcursos.com.br\/blog\/dpu-gabarito-extraoficial-legislacao-institucional\/\",\"name\":\"DPU - Gabarito EXTRAOFICIAL (Legisla\u00e7\u00e3o Institucional)\",\"isPartOf\":{\"@id\":\"https:\/\/www.estrategiaconcursos.com.br\/blog\/#website\"},\"datePublished\":\"2017-09-26T16:36:11+00:00\",\"dateModified\":\"2021-01-19T21:14:52+00:00\",\"description\":\"Comentarios do Prof. Renan Araujo \u00e0s quest\u00f5es de Legisla\u00e7\u00e3o Institucional do concurso da DPU, para o cargo de Defensor P\u00fablico Federal.\",\"breadcrumb\":{\"@id\":\"https:\/\/www.estrategiaconcursos.com.br\/blog\/dpu-gabarito-extraoficial-legislacao-institucional\/#breadcrumb\"},\"inLanguage\":\"pt-BR\",\"potentialAction\":[{\"@type\":\"ReadAction\",\"target\":[\"https:\/\/www.estrategiaconcursos.com.br\/blog\/dpu-gabarito-extraoficial-legislacao-institucional\/\"]}]},{\"@type\":\"BreadcrumbList\",\"@id\":\"https:\/\/www.estrategiaconcursos.com.br\/blog\/dpu-gabarito-extraoficial-legislacao-institucional\/#breadcrumb\",\"itemListElement\":[{\"@type\":\"ListItem\",\"position\":1,\"name\":\"In\u00edcio\",\"item\":\"https:\/\/www.estrategiaconcursos.com.br\/blog\/\"},{\"@type\":\"ListItem\",\"position\":2,\"name\":\"DPU &#8211; Gabarito EXTRAOFICIAL (Legisla\u00e7\u00e3o Institucional)\"}]},{\"@type\":\"WebSite\",\"@id\":\"https:\/\/www.estrategiaconcursos.com.br\/blog\/#website\",\"url\":\"https:\/\/www.estrategiaconcursos.com.br\/blog\/\",\"name\":\"Estrat\u00e9gia Concursos\",\"description\":\"O blog da Estrat\u00e9gia Concursos traz not\u00edcias sobre concursos e artigos de professores oferecendo cursos para concursos (pdf + videaulas) no site.\",\"publisher\":{\"@id\":\"https:\/\/www.estrategiaconcursos.com.br\/blog\/#organization\"},\"potentialAction\":[{\"@type\":\"SearchAction\",\"target\":{\"@type\":\"EntryPoint\",\"urlTemplate\":\"https:\/\/www.estrategiaconcursos.com.br\/blog\/?s={search_term_string}\"},\"query-input\":{\"@type\":\"PropertyValueSpecification\",\"valueRequired\":true,\"valueName\":\"search_term_string\"}}],\"inLanguage\":\"pt-BR\"},{\"@type\":\"Organization\",\"@id\":\"https:\/\/www.estrategiaconcursos.com.br\/blog\/#organization\",\"name\":\"Estrat\u00e9gia Concursos\",\"url\":\"https:\/\/www.estrategiaconcursos.com.br\/blog\/\",\"logo\":{\"@type\":\"ImageObject\",\"inLanguage\":\"pt-BR\",\"@id\":\"https:\/\/www.estrategiaconcursos.com.br\/blog\/#\/schema\/logo\/image\/\",\"url\":\"https:\/\/dhg1h5j42swfq.cloudfront.net\/2025\/06\/03203428\/logo_concursos-1.jpg\",\"contentUrl\":\"https:\/\/dhg1h5j42swfq.cloudfront.net\/2025\/06\/03203428\/logo_concursos-1.jpg\",\"width\":230,\"height\":60,\"caption\":\"Estrat\u00e9gia Concursos\"},\"image\":{\"@id\":\"https:\/\/www.estrategiaconcursos.com.br\/blog\/#\/schema\/logo\/image\/\"},\"sameAs\":[\"https:\/\/x.com\/EstratConcursos\"]},{\"@type\":\"Person\",\"@id\":\"https:\/\/www.estrategiaconcursos.com.br\/blog\/#\/schema\/person\/1a7a7af72da82939a6308b2ee292162b\",\"name\":\"Renan Araujo\",\"image\":{\"@type\":\"ImageObject\",\"inLanguage\":\"pt-BR\",\"@id\":\"https:\/\/secure.gravatar.com\/avatar\/ca6cb9ba5a547fbe93c05c63d6103dff6c2566555a601f1efb8590a69fb9ed76?s=96&d=mm&r=g\",\"url\":\"https:\/\/secure.gravatar.com\/avatar\/ca6cb9ba5a547fbe93c05c63d6103dff6c2566555a601f1efb8590a69fb9ed76?s=96&d=mm&r=g\",\"contentUrl\":\"https:\/\/secure.gravatar.com\/avatar\/ca6cb9ba5a547fbe93c05c63d6103dff6c2566555a601f1efb8590a69fb9ed76?s=96&d=mm&r=g\",\"caption\":\"Renan Araujo\"},\"url\":\"https:\/\/www.estrategiaconcursos.com.br\/blog\/author\/renanaraujoestrategiaconcursos-com-br\/\"}]}<\/script>\n<!-- \/ Yoast SEO Premium plugin. -->","yoast_head_json":{"title":"DPU - Gabarito EXTRAOFICIAL (Legisla\u00e7\u00e3o Institucional)","description":"Comentarios do Prof. Renan Araujo \u00e0s quest\u00f5es de Legisla\u00e7\u00e3o Institucional do concurso da DPU, para o cargo de Defensor P\u00fablico Federal.","robots":{"index":"index","follow":"follow","max-snippet":"max-snippet:-1","max-image-preview":"max-image-preview:large","max-video-preview":"max-video-preview:-1"},"canonical":"https:\/\/www.estrategiaconcursos.com.br\/blog\/dpu-gabarito-extraoficial-legislacao-institucional\/","og_locale":"pt_BR","og_type":"article","og_title":"DPU - Gabarito EXTRAOFICIAL (Legisla\u00e7\u00e3o Institucional)","og_description":"Comentarios do Prof. Renan Araujo \u00e0s quest\u00f5es de Legisla\u00e7\u00e3o Institucional do concurso da DPU, para o cargo de Defensor P\u00fablico Federal.","og_url":"https:\/\/www.estrategiaconcursos.com.br\/blog\/dpu-gabarito-extraoficial-legislacao-institucional\/","og_site_name":"Estrat\u00e9gia Concursos","article_published_time":"2017-09-26T16:36:11+00:00","article_modified_time":"2021-01-19T21:14:52+00:00","author":"Renan Araujo","twitter_card":"summary_large_image","twitter_creator":"@EstratConcursos","twitter_site":"@EstratConcursos","twitter_misc":{"Escrito por":"Renan Araujo","Est. tempo de leitura":"4 minutos"},"schema":{"@context":"https:\/\/schema.org","@graph":[{"@type":"NewsArticle","@id":"https:\/\/www.estrategiaconcursos.com.br\/blog\/dpu-gabarito-extraoficial-legislacao-institucional\/#article","isPartOf":{"@id":"https:\/\/www.estrategiaconcursos.com.br\/blog\/dpu-gabarito-extraoficial-legislacao-institucional\/"},"author":{"name":"Renan Araujo","@id":"https:\/\/www.estrategiaconcursos.com.br\/blog\/#\/schema\/person\/1a7a7af72da82939a6308b2ee292162b"},"headline":"DPU &#8211; Gabarito EXTRAOFICIAL (Legisla\u00e7\u00e3o Institucional)","datePublished":"2017-09-26T16:36:11+00:00","dateModified":"2021-01-19T21:14:52+00:00","mainEntityOfPage":{"@id":"https:\/\/www.estrategiaconcursos.com.br\/blog\/dpu-gabarito-extraoficial-legislacao-institucional\/"},"wordCount":775,"commentCount":8,"publisher":{"@id":"https:\/\/www.estrategiaconcursos.com.br\/blog\/#organization"},"keywords":["DPU"],"articleSection":["Concursos P\u00fablicos","Jur\u00eddico"],"inLanguage":"pt-BR","potentialAction":[{"@type":"CommentAction","name":"Comment","target":["https:\/\/www.estrategiaconcursos.com.br\/blog\/dpu-gabarito-extraoficial-legislacao-institucional\/#respond"]}],"copyrightYear":"2017","copyrightHolder":{"@id":"https:\/\/www.estrategiaconcursos.com.br\/blog\/#organization"}},{"@type":"WebPage","@id":"https:\/\/www.estrategiaconcursos.com.br\/blog\/dpu-gabarito-extraoficial-legislacao-institucional\/","url":"https:\/\/www.estrategiaconcursos.com.br\/blog\/dpu-gabarito-extraoficial-legislacao-institucional\/","name":"DPU - Gabarito EXTRAOFICIAL (Legisla\u00e7\u00e3o Institucional)","isPartOf":{"@id":"https:\/\/www.estrategiaconcursos.com.br\/blog\/#website"},"datePublished":"2017-09-26T16:36:11+00:00","dateModified":"2021-01-19T21:14:52+00:00","description":"Comentarios do Prof. Renan Araujo \u00e0s quest\u00f5es de Legisla\u00e7\u00e3o Institucional do concurso da DPU, para o cargo de Defensor P\u00fablico Federal.","breadcrumb":{"@id":"https:\/\/www.estrategiaconcursos.com.br\/blog\/dpu-gabarito-extraoficial-legislacao-institucional\/#breadcrumb"},"inLanguage":"pt-BR","potentialAction":[{"@type":"ReadAction","target":["https:\/\/www.estrategiaconcursos.com.br\/blog\/dpu-gabarito-extraoficial-legislacao-institucional\/"]}]},{"@type":"BreadcrumbList","@id":"https:\/\/www.estrategiaconcursos.com.br\/blog\/dpu-gabarito-extraoficial-legislacao-institucional\/#breadcrumb","itemListElement":[{"@type":"ListItem","position":1,"name":"In\u00edcio","item":"https:\/\/www.estrategiaconcursos.com.br\/blog\/"},{"@type":"ListItem","position":2,"name":"DPU &#8211; Gabarito EXTRAOFICIAL (Legisla\u00e7\u00e3o Institucional)"}]},{"@type":"WebSite","@id":"https:\/\/www.estrategiaconcursos.com.br\/blog\/#website","url":"https:\/\/www.estrategiaconcursos.com.br\/blog\/","name":"Estrat\u00e9gia Concursos","description":"O blog da Estrat\u00e9gia Concursos traz not\u00edcias sobre concursos e artigos de professores oferecendo cursos para concursos (pdf + videaulas) no site.","publisher":{"@id":"https:\/\/www.estrategiaconcursos.com.br\/blog\/#organization"},"potentialAction":[{"@type":"SearchAction","target":{"@type":"EntryPoint","urlTemplate":"https:\/\/www.estrategiaconcursos.com.br\/blog\/?s={search_term_string}"},"query-input":{"@type":"PropertyValueSpecification","valueRequired":true,"valueName":"search_term_string"}}],"inLanguage":"pt-BR"},{"@type":"Organization","@id":"https:\/\/www.estrategiaconcursos.com.br\/blog\/#organization","name":"Estrat\u00e9gia Concursos","url":"https:\/\/www.estrategiaconcursos.com.br\/blog\/","logo":{"@type":"ImageObject","inLanguage":"pt-BR","@id":"https:\/\/www.estrategiaconcursos.com.br\/blog\/#\/schema\/logo\/image\/","url":"https:\/\/dhg1h5j42swfq.cloudfront.net\/2025\/06\/03203428\/logo_concursos-1.jpg","contentUrl":"https:\/\/dhg1h5j42swfq.cloudfront.net\/2025\/06\/03203428\/logo_concursos-1.jpg","width":230,"height":60,"caption":"Estrat\u00e9gia Concursos"},"image":{"@id":"https:\/\/www.estrategiaconcursos.com.br\/blog\/#\/schema\/logo\/image\/"},"sameAs":["https:\/\/x.com\/EstratConcursos"]},{"@type":"Person","@id":"https:\/\/www.estrategiaconcursos.com.br\/blog\/#\/schema\/person\/1a7a7af72da82939a6308b2ee292162b","name":"Renan Araujo","image":{"@type":"ImageObject","inLanguage":"pt-BR","@id":"https:\/\/secure.gravatar.com\/avatar\/ca6cb9ba5a547fbe93c05c63d6103dff6c2566555a601f1efb8590a69fb9ed76?s=96&d=mm&r=g","url":"https:\/\/secure.gravatar.com\/avatar\/ca6cb9ba5a547fbe93c05c63d6103dff6c2566555a601f1efb8590a69fb9ed76?s=96&d=mm&r=g","contentUrl":"https:\/\/secure.gravatar.com\/avatar\/ca6cb9ba5a547fbe93c05c63d6103dff6c2566555a601f1efb8590a69fb9ed76?s=96&d=mm&r=g","caption":"Renan Araujo"},"url":"https:\/\/www.estrategiaconcursos.com.br\/blog\/author\/renanaraujoestrategiaconcursos-com-br\/"}]}},"_links":{"self":[{"href":"https:\/\/www.estrategiaconcursos.com.br\/blog\/wp-json\/wp\/v2\/posts\/90473","targetHints":{"allow":["GET"]}}],"collection":[{"href":"https:\/\/www.estrategiaconcursos.com.br\/blog\/wp-json\/wp\/v2\/posts"}],"about":[{"href":"https:\/\/www.estrategiaconcursos.com.br\/blog\/wp-json\/wp\/v2\/types\/post"}],"author":[{"embeddable":true,"href":"https:\/\/www.estrategiaconcursos.com.br\/blog\/wp-json\/wp\/v2\/users\/39"}],"replies":[{"embeddable":true,"href":"https:\/\/www.estrategiaconcursos.com.br\/blog\/wp-json\/wp\/v2\/comments?post=90473"}],"version-history":[{"count":3,"href":"https:\/\/www.estrategiaconcursos.com.br\/blog\/wp-json\/wp\/v2\/posts\/90473\/revisions"}],"predecessor-version":[{"id":653873,"href":"https:\/\/www.estrategiaconcursos.com.br\/blog\/wp-json\/wp\/v2\/posts\/90473\/revisions\/653873"}],"wp:attachment":[{"href":"https:\/\/www.estrategiaconcursos.com.br\/blog\/wp-json\/wp\/v2\/media?parent=90473"}],"wp:term":[{"taxonomy":"category","embeddable":true,"href":"https:\/\/www.estrategiaconcursos.com.br\/blog\/wp-json\/wp\/v2\/categories?post=90473"},{"taxonomy":"post_tag","embeddable":true,"href":"https:\/\/www.estrategiaconcursos.com.br\/blog\/wp-json\/wp\/v2\/tags?post=90473"},{"taxonomy":"tax_estado","embeddable":true,"href":"https:\/\/www.estrategiaconcursos.com.br\/blog\/wp-json\/wp\/v2\/tax_estado?post=90473"}],"curies":[{"name":"wp","href":"https:\/\/api.w.org\/{rel}","templated":true}]}}