{"id":90462,"date":"2017-09-26T12:55:22","date_gmt":"2017-09-26T15:55:22","guid":{"rendered":"https:\/\/www.estrategiaconcursos.com.br\/blog\/?p=90462"},"modified":"2021-01-19T18:15:12","modified_gmt":"2021-01-19T21:15:12","slug":"dpu-gabarito-extraoficial-direito-processual-penal","status":"publish","type":"post","link":"https:\/\/www.estrategiaconcursos.com.br\/blog\/dpu-gabarito-extraoficial-direito-processual-penal\/","title":{"rendered":"DPU &#8211; GABARITO EXTRAOFICIAL (Direito Processual Penal)"},"content":{"rendered":"<p style=\"text-align: center\"><span style=\"color: #0000ff\"><b>GABARITO EXTRAOFICIAL DPU (DEFENSOR P\u00daBLUCO FEDERAL) &#8211; DIREITO PROCESSUAL PENAL<\/b><\/span><\/p>\n<p>Ol\u00e1, pessoal<\/p>\n<p>Para quem n\u00e3o me conhece ainda, meu nome \u00e9 <strong>Renan Araujo<\/strong> e sou professor aqui no Estrat\u00e9gia Concursos, lecionando as mat\u00e9rias de Direito Penal e Processual Penal.<\/p>\n<p>Neste artigo vamos comentar as quest\u00f5es de Direito Processual Penal &nbsp;que foram cobradas na <strong>recente prova da DPU, para o cargo de Defensor P\u00fablico Federal.<\/strong><\/p>\n<p>A prova teve um bom n\u00edvel, e quem estudou pelo nosso curso com certeza se saiu&nbsp;bem. A Banca, como se esperava, cobrou muita jurisprud\u00eancia dos Tribunais Superiores.<\/p>\n<p>Vamos aos coment\u00e1rios:<\/p>\n<p>__________________<\/p>\n<p><img loading=\"lazy\" decoding=\"async\" class=\" wp-image-90464 alignleft\" src=\"https:\/\/dhg1h5j42swfq.cloudfront.net\/2017\/09\/26124949\/DPU-Processo-penal-63-64.png\" alt=\"\" width=\"362\" height=\"249\" srcset=\"https:\/\/dhg1h5j42swfq.cloudfront.net\/2017\/09\/26124949\/DPU-Processo-penal-63-64.png 445w, https:\/\/dhg1h5j42swfq.cloudfront.net\/2017\/09\/26124949\/DPU-Processo-penal-63-64.png 300w\" sizes=\"auto, (max-width: 362px) 100vw, 362px\" \/><\/p>\n<p>&nbsp;<\/p>\n<p>&nbsp;<\/p>\n<p>&nbsp;<\/p>\n<p>&nbsp;<\/p>\n<p>&nbsp;<\/p>\n<p>&nbsp;<\/p>\n<p>&nbsp;<\/p>\n<p style=\"text-align: justify\"><strong>63 &#8211; COMENT\u00c1RIOS: <\/strong>Item correto, pois o arquivamento do Inqu\u00e9rito Policial pelo Poder Judici\u00e1rio, ap\u00f3s o devido requerimento de arquivamento do MP, faz coisa julgada formal, impedindo a reabertura das investiga\u00e7\u00f5es com base nos mesmos elementos de convic\u00e7\u00e3o j\u00e1 analisados. Todavia, admite-se a reabertura das investiga\u00e7\u00f5es se houver not\u00edcia de prova nova, na forma do art. 18 do CPP, motivo pelo qual se diz que o arquivamento do IP, como regra, n\u00e3o faz coisa julgada material.<\/p>\n<p style=\"text-align: justify\"><span style=\"color: #0000ff\"><strong>Portanto, a AFIRMATIVA EST\u00c1 CORRETA.<\/strong><\/span><\/p>\n<p style=\"text-align: justify\"><strong>&nbsp;<\/strong><strong>64 &#8211; COMENT\u00c1RIOS: <\/strong>Item errado, pois o arquivamento, neste caso, faz coisa julgada material, segundo o entendimento do STF, vez que se baseou na atipicidade da conduta. Assim, em tendo havido o arquivamento com base na atipicidade do fato, n\u00e3o ser\u00e1 poss\u00edvel a reabertura das investiga\u00e7\u00f5es ou o ajuizamento da a\u00e7\u00e3o penal, operando-se a coisa julgada MATERIAL.<\/p>\n<p style=\"text-align: justify\"><span style=\"color: #ff0000\"><strong>Portanto, a AFIRMATIVA EST\u00c1 ERRADA.<\/strong><\/span><\/p>\n<p><img loading=\"lazy\" decoding=\"async\" class=\" wp-image-90465 alignleft\" src=\"https:\/\/dhg1h5j42swfq.cloudfront.net\/2017\/09\/26124950\/DPU-Processo-penal-65.png\" alt=\"\" width=\"318\" height=\"162\" srcset=\"https:\/\/dhg1h5j42swfq.cloudfront.net\/2017\/09\/26124950\/DPU-Processo-penal-65.png 448w, https:\/\/dhg1h5j42swfq.cloudfront.net\/2017\/09\/26124950\/DPU-Processo-penal-65.png 300w\" sizes=\"auto, (max-width: 318px) 100vw, 318px\" \/><\/p>\n<p>&nbsp;<\/p>\n<p>&nbsp;<\/p>\n<p>&nbsp;<\/p>\n<p>&nbsp;<\/p>\n<p>&nbsp;<\/p>\n<p style=\"text-align: justify\"><strong>65 &#8211; COMENT\u00c1RIOS: <\/strong>Item errado, pois o STJ (n\u00e3o o STF) possui entendimento nesse sentido. O STF, embora tenha vacilado sobre a quest\u00e3o, vem decidindo pela possibilidade de reabertura das investiga\u00e7\u00f5es, caso surjam novas provas, mesmo no caso de arquivamento em raz\u00e3o da presen\u00e7a de excludente de ilicitude. O STJ entende o contr\u00e1rio, ou seja, o STJ entende que tal decis\u00e3o faz coisa julgada material. A Banca, contudo, pediu o entendimento do STF.<\/p>\n<p style=\"text-align: justify\"><span style=\"color: #ff0000\"><strong>Portanto, a AFIRMATIVA EST\u00c1 ERRADA.<\/strong><\/span><\/p>\n<p><img loading=\"lazy\" decoding=\"async\" class=\" wp-image-90466 alignleft\" src=\"https:\/\/dhg1h5j42swfq.cloudfront.net\/2017\/09\/26124951\/DPU-Processo-penal-66-67.png\" alt=\"\" width=\"340\" height=\"266\" srcset=\"https:\/\/dhg1h5j42swfq.cloudfront.net\/2017\/09\/26124951\/DPU-Processo-penal-66-67.png 452w, https:\/\/dhg1h5j42swfq.cloudfront.net\/2017\/09\/26124951\/DPU-Processo-penal-66-67.png 300w\" sizes=\"auto, (max-width: 340px) 100vw, 340px\" \/><\/p>\n<p>&nbsp;<\/p>\n<p>&nbsp;<\/p>\n<p>&nbsp;<\/p>\n<p>&nbsp;<\/p>\n<p>&nbsp;<\/p>\n<p>&nbsp;<\/p>\n<p>&nbsp;<\/p>\n<p>&nbsp;<\/p>\n<p style=\"text-align: justify\"><strong>66 &#8211; COMENT\u00c1RIOS: <\/strong>Item correto, pois o CPP adota, como regra geral, o sistema da persuas\u00e3o racional, ou sistema do livre convencimento baseado em provas, na forma do art. 155 do CPP.<\/p>\n<p style=\"text-align: justify\">Todavia, em alguns casos, o CPP se remete ao sistema da prova tarifada, quando, por exemplo, exige a certid\u00e3o de \u00f3bito para a prova da morte com vistas \u00e0 extin\u00e7\u00e3o da punibilidade (art. 62 do CPP).<\/p>\n<p style=\"text-align: justify\">O mesmo se d\u00e1 com rela\u00e7\u00e3o \u00e0 prova do estado civil das pessoas, que exige o cumprimento das restri\u00e7\u00f5es impostas pela lei civil, na forma do art. 155, \u00a7 \u00fanico do CPP.<\/p>\n<p style=\"text-align: justify\"><span style=\"color: #0000ff\"><strong>Portanto, a AFIRMATIVA EST\u00c1 CORRETA.<\/strong><\/span><\/p>\n<p style=\"text-align: justify\"><strong>67 &#8211; COMENT\u00c1RIOS: <\/strong>Item errado, pois neste caso n\u00e3o houve intercepta\u00e7\u00e3o telef\u00f4nica, o que configuraria prova il\u00edcita, j\u00e1 que realizada sem autoriza\u00e7\u00e3o judicial. Neste caso houve grava\u00e7\u00e3o telef\u00f4nica, que \u00e9 aquela realizada por um dos interlocutores, sem o consentimento do outro. Tal grava\u00e7\u00e3o \u00e9 V\u00c1LIDA, de acordo com o STF, n\u00e3o se exigindo autoriza\u00e7\u00e3o judicial para tanto, eis que n\u00e3o se confunde com a intercepta\u00e7\u00e3o telef\u00f4nica (realizada por terceira pessoa sem o consentimento de qualquer dos interlocutores).<\/p>\n<p style=\"text-align: justify\"><span style=\"color: #ff0000\"><strong>Portanto, a AFIRMATIVA EST\u00c1 ERRADA.<\/strong><\/span><\/p>\n<p>&nbsp;<\/p>\n<p><img loading=\"lazy\" decoding=\"async\" class=\" wp-image-90467 alignleft\" src=\"https:\/\/dhg1h5j42swfq.cloudfront.net\/2017\/09\/26124953\/DPU-Processo-penal-68-69.png\" alt=\"\" width=\"355\" height=\"260\" srcset=\"https:\/\/dhg1h5j42swfq.cloudfront.net\/2017\/09\/26124953\/DPU-Processo-penal-68-69.png 448w, https:\/\/dhg1h5j42swfq.cloudfront.net\/2017\/09\/26124953\/DPU-Processo-penal-68-69.png 300w\" sizes=\"auto, (max-width: 355px) 100vw, 355px\" \/><\/p>\n<p>&nbsp;<\/p>\n<p>&nbsp;<\/p>\n<p>&nbsp;<\/p>\n<p>&nbsp;<\/p>\n<p>&nbsp;<\/p>\n<p>&nbsp;<\/p>\n<p>&nbsp;<\/p>\n<p style=\"text-align: justify\"><strong>68 &#8211; COMENT\u00c1RIOS: <\/strong>Item correto, vez que a compet\u00eancia para o processo e julgamento dos crimes de lavagem de capitais ser\u00e1 da Justi\u00e7a Federal quando esta for competente para o processo e julgamento da infra\u00e7\u00e3o penal antecedente (art. 2\u00ba, III, \u201cb\u201d da Lei 9.613\/98), como \u00e9 o caso do tr\u00e1fico internacional de drogas, que \u00e9 crime da compet\u00eancia da Justi\u00e7a Federal, dada a transnacionalidade do delito.<\/p>\n<p style=\"text-align: justify\"><span style=\"color: #0000ff\"><strong>Portanto, a AFIRMATIVA EST\u00c1 CORRETA.<\/strong><\/span><\/p>\n<p style=\"text-align: justify\"><strong>69 &#8211; COMENT\u00c1RIOS: <\/strong>Item errado, pois no caso teremos um crime da compet\u00eancia da Justi\u00e7a Federal, vez que a verba advinda da Uni\u00e3o ainda estava sujeita \u00e0 presta\u00e7\u00e3o de contas perante \u00f3rg\u00e3o federal (S\u00famula 208 do STJ).<\/p>\n<p style=\"text-align: justify\">O art. 29, X da CF-88 estabelece que compete ao TJ local processar e julgar prefeitos por crime comum, o que faria com que a quest\u00e3o estivesse certa. Todavia, o STF, por meio do verbete de s\u00famula n\u00ba 702, solidificou entendimento no sentido de que essa compet\u00eancia do TJ s\u00f3 se aplica aos crimes da compet\u00eancia da Justi\u00e7a Comum Estadual. Em se tratando de crime federal, a compet\u00eancia ser\u00e1 do TRF, e em se tratando de crime eleitoral a compet\u00eancia ser\u00e1 do TRE.<\/p>\n<p style=\"text-align: justify\"><span style=\"color: #ff0000\"><strong>Portanto, a AFIRMATIVA EST\u00c1 ERRADA.<\/strong><\/span><\/p>\n<p>&nbsp;<\/p>\n<p><img loading=\"lazy\" decoding=\"async\" class=\" wp-image-90468 alignleft\" src=\"https:\/\/dhg1h5j42swfq.cloudfront.net\/2017\/09\/26124954\/DPU-Processo-penal-70-71.png\" alt=\"\" width=\"336\" height=\"253\" srcset=\"https:\/\/dhg1h5j42swfq.cloudfront.net\/2017\/09\/26124954\/DPU-Processo-penal-70-71.png 436w, https:\/\/dhg1h5j42swfq.cloudfront.net\/2017\/09\/26124954\/DPU-Processo-penal-70-71.png 300w\" sizes=\"auto, (max-width: 336px) 100vw, 336px\" \/><\/p>\n<p>&nbsp;<\/p>\n<p>&nbsp;<\/p>\n<p>&nbsp;<\/p>\n<p>&nbsp;<\/p>\n<p>&nbsp;<\/p>\n<p>&nbsp;<\/p>\n<p>&nbsp;<\/p>\n<p style=\"text-align: justify\"><strong>70 &#8211; COMENT\u00c1RIOS: <\/strong>Item errado, pois apesar de tais atos n\u00e3o servirem para fins de reincid\u00eancia, podem ser levados em considera\u00e7\u00e3o para determinar-se a probabilidade de reitera\u00e7\u00e3o delitiva e, por consequ\u00eancia, podem ser levados em considera\u00e7\u00e3o para a decreta\u00e7\u00e3o da pris\u00e3o preventiva para a garantia da ordem p\u00fablica:<\/p>\n<p style=\"text-align: justify\">(&#8230;) O&nbsp; Superior Tribunal de Justi\u00e7a possui entendimento segundo o qual&nbsp; a&nbsp; pr\u00e1tica&nbsp; de&nbsp; atos&nbsp; infracionais,&nbsp; apesar&nbsp; de&nbsp; n\u00e3o poder ser considerada&nbsp; para&nbsp; fins&nbsp; de reincid\u00eancia ou maus antecedentes, serve para&nbsp; justificar&nbsp; a manuten\u00e7\u00e3o da pris\u00e3o preventiva para garantia da ordem p\u00fablica (v.g. RHC n. 60.213\/MS, Quinta Turma, Rel. Min. Gurgel de Faria, DJe de 3\/9\/2015).<\/p>\n<p style=\"text-align: justify\">(RHC 74.731\/BA, Rel. Ministro FELIX FISCHER, QUINTA TURMA, julgado em 04\/10\/2016, DJe 21\/10\/2016)<\/p>\n<p style=\"text-align: justify\"><span style=\"color: #ff0000\"><strong>Portanto, a AFIRMATIVA EST\u00c1 ERRADA.<\/strong><\/span><\/p>\n<p style=\"text-align: justify\"><strong>71 &#8211; COMENT\u00c1RIOS: <\/strong>Item correto, pois o STF entende que n\u00e3o cabe habeas corpus perante o STF para impugnar decis\u00e3o monocr\u00e1tica proferida pelo relator de Tribunal Superior em aprecia\u00e7\u00e3o de pedido de liminar (s\u00famula 691 do STF). Este entendimento, j\u00e1 sumulado, vem sendo reiterado pelo STF em julgados mais recentes, confirmando-se a tese de que o manejo do HC nestes casos gera viola\u00e7\u00e3o \u00e0 sistem\u00e1tica recursal, eis que h\u00e1 recurso cab\u00edvel na hip\u00f3tese (agravo interno).<\/p>\n<p style=\"text-align: justify\"><span style=\"color: #0000ff\"><strong>Portanto, a AFIRMATIVA EST\u00c1 CORRETA.<\/strong><\/span><\/p>\n<p>&nbsp;<\/p>\n<p><img loading=\"lazy\" decoding=\"async\" class=\" wp-image-90469 alignleft\" src=\"https:\/\/dhg1h5j42swfq.cloudfront.net\/2017\/09\/26124955\/DPU-Processo-penal-72.png\" alt=\"\" width=\"344\" height=\"39\" srcset=\"https:\/\/dhg1h5j42swfq.cloudfront.net\/2017\/09\/26124955\/DPU-Processo-penal-72.png 415w, https:\/\/dhg1h5j42swfq.cloudfront.net\/2017\/09\/26124955\/DPU-Processo-penal-72.png 300w\" sizes=\"auto, (max-width: 344px) 100vw, 344px\" \/><\/p>\n<p>&nbsp;<\/p>\n<p>&nbsp;<\/p>\n<p style=\"text-align: justify\"><strong>72 &#8211; COMENT\u00c1RIOS: <\/strong>Item correto. O defensor p\u00fablico n\u00e3o depende de procura\u00e7\u00e3o para a defesa dos interesses de seus assistidos, nos termos do art. 44, XI da LC 80\/94. Todavia, o pr\u00f3prio art. 44, XI da referida lei ressalva os casos em que a Lei exija poderes especiais. Para a alega\u00e7\u00e3o de suspei\u00e7\u00e3o do Juiz o art. 98 do CPP exige que a peti\u00e7\u00e3o de suspei\u00e7\u00e3o seja assinada pela pr\u00f3pria parte ou por procurador com poderes especiais, de maneira que neste caso o DP dever\u00e1 juntar a referida procura\u00e7\u00e3o, conferindo-lhe poderes especiais, para alegar a suspei\u00e7\u00e3o do magistrado.<\/p>\n<p style=\"text-align: justify\"><span style=\"color: #0000ff\"><strong>Portanto, a AFIRMATIVA EST\u00c1 CORRETA.<\/strong><\/span><\/p>\n<p>&nbsp;<\/p>\n<p><img loading=\"lazy\" decoding=\"async\" class=\" wp-image-90470 alignleft\" src=\"https:\/\/dhg1h5j42swfq.cloudfront.net\/2017\/09\/26124956\/DPU-Processo-penal-73.png\" alt=\"\" width=\"331\" height=\"246\" srcset=\"https:\/\/dhg1h5j42swfq.cloudfront.net\/2017\/09\/26124956\/DPU-Processo-penal-73.png 408w, https:\/\/dhg1h5j42swfq.cloudfront.net\/2017\/09\/26124956\/DPU-Processo-penal-73.png 300w\" sizes=\"auto, (max-width: 331px) 100vw, 331px\" \/><\/p>\n<p>&nbsp;<\/p>\n<p>&nbsp;<\/p>\n<p>&nbsp;<\/p>\n<p>&nbsp;<\/p>\n<p>&nbsp;<\/p>\n<p>&nbsp;<\/p>\n<p>&nbsp;<\/p>\n<p style=\"text-align: justify\"><strong>73 &#8211; COMENT\u00c1RIOS: <\/strong>Item errado, pois o ato citat\u00f3rio \u00e9 absolutamente indispens\u00e1vel para a validade do processo penal, sendo incab\u00edvel falar-se em dispensabilidade da cita\u00e7\u00e3o pelo fato de o infrator j\u00e1 ter constitu\u00eddo defensor durante a fase pr\u00e9-processual.<\/p>\n<p style=\"text-align: justify\">O art. 564, III, \u201ce\u201d estabelece que a aus\u00eancia de cita\u00e7\u00e3o \u00e9 causa de nulidade absoluta. O STJ, indo mais al\u00e9m, estabelece que o ato citat\u00f3rio \u00e9 pressuposto de exist\u00eancia do processo, eis que antes da cita\u00e7\u00e3o n\u00e3o est\u00e1 formada plenamente a rela\u00e7\u00e3o jur\u00eddico-processual.<\/p>\n<p style=\"text-align: justify\"><span style=\"color: #ff0000\"><strong>Portanto, a AFIRMATIVA EST\u00c1 ERRADA.<\/strong><\/span><\/p>\n<p>&nbsp;<\/p>\n<p><img loading=\"lazy\" decoding=\"async\" class=\" wp-image-90471 alignleft\" src=\"https:\/\/dhg1h5j42swfq.cloudfront.net\/2017\/09\/26124957\/DPU-Processo-penal-74.png\" alt=\"\" width=\"344\" height=\"209\" srcset=\"https:\/\/dhg1h5j42swfq.cloudfront.net\/2017\/09\/26124957\/DPU-Processo-penal-74.png 408w, https:\/\/dhg1h5j42swfq.cloudfront.net\/2017\/09\/26124957\/DPU-Processo-penal-74.png 300w\" sizes=\"auto, (max-width: 344px) 100vw, 344px\" \/><\/p>\n<p>&nbsp;<\/p>\n<p>&nbsp;<\/p>\n<p>&nbsp;<\/p>\n<p>&nbsp;<\/p>\n<p>&nbsp;<\/p>\n<p>&nbsp;<\/p>\n<p style=\"text-align: justify\"><strong>74 &#8211; COMENT\u00c1RIOS: <\/strong>Item errado, pois o STJ possui entendimento no sentido de que o Juiz deve, ao analisar a resposta \u00e0 acusa\u00e7\u00e3o, se manifestar sobre todas as teses defensivas sustentadas pela defesa, ainda que sejam relativas ao m\u00e9rito, at\u00e9 porque, neste momento processual, seria cab\u00edvel a absolvi\u00e7\u00e3o sum\u00e1ria, e se o magistrado entende que n\u00e3o houve a excludente de ilicitude citada, ou entende que n\u00e3o h\u00e1 provas, por ora, da referida excludente, dever\u00e1 manifestar-se fundamentadamente sobre tal ponto, sob pena de estar, de maneira indireta, indeferindo o pedido de absolvi\u00e7\u00e3o sum\u00e1ria sem fundamentar a decis\u00e3o.<\/p>\n<p style=\"text-align: justify\"><span style=\"color: #ff0000\"><strong>Portanto, a AFIRMATIVA EST\u00c1 ERRADA.<\/strong><\/span><\/p>\n<p>__________________<\/p>\n<p>Se voc\u00ea quer conhecer mais do meu trabalho aqui no Estrat\u00e9gia Concursos, <a href=\"https:\/\/www.estrategiaconcursos.com.br\/cursosPorProfessor\/renan-araujo-3209\/\">clique aqui<\/a> e baixe, gratuitamente, as aulas demonstrativas dos meus cursos.<\/p>\n<p><strong>Bons estudos!<\/strong><\/p>\n<p><strong>Prof. Renan Araujo<\/strong><\/p>\n<p><strong>E-mail:&nbsp;<\/strong><a href=\"mailto:profrenanaraujo@gmail.com\"><strong>prof<\/strong><\/a><strong>renanaraujo@gmail.com<\/strong><\/p>\n<p><strong>Periscope: @profrenanaraujo&nbsp;<\/strong><\/p>\n<p><strong>Facebook:&nbsp;<\/strong><a href=\"http:\/\/www.facebook.com\/profrenanaraujoestrategia\"><strong>www.facebook.com\/profrenanaraujoestrategia<\/strong><\/a><\/p>\n<p><strong>Instagram:&nbsp;<\/strong><a href=\"http:\/\/www.instagram.com\/profrenanaraujo\/?hl=pt-br\"><strong>www.instagram.com\/profrenanaraujo\/?hl=pt-br<\/strong><\/a><\/p>\n<p><strong>Youtube:&nbsp;<\/strong><a href=\"http:\/\/www.youtube.com\/channel\/UClIFS2cyREWT35OELN8wcFQ\"><strong>www.youtube.com\/channel\/UClIFS2cyREWT35OELN8wcFQ<\/strong><\/a><\/p>\n","protected":false},"excerpt":{"rendered":"<p>GABARITO EXTRAOFICIAL DPU (DEFENSOR P\u00daBLUCO FEDERAL) &#8211; DIREITO PROCESSUAL PENAL Ol\u00e1, pessoal Para quem n\u00e3o me conhece ainda, meu nome \u00e9 Renan Araujo e sou professor aqui no Estrat\u00e9gia Concursos, lecionando as mat\u00e9rias de Direito Penal e Processual Penal. Neste artigo vamos comentar as quest\u00f5es de Direito Processual Penal &nbsp;que foram cobradas na recente prova [&hellip;]<\/p>\n","protected":false},"author":39,"featured_media":0,"comment_status":"open","ping_status":"open","sticky":false,"template":"","format":"standard","meta":{"post_tipo":"article","footnotes":""},"categories":[1],"tags":[],"tax_estado":[219963],"class_list":["post-90462","post","type-post","status-publish","format-standard","hentry","category-cursos-e-concursos","tax_estado-concursos-federais"],"acf":[],"yoast_head":"<!-- This site is optimized with the Yoast SEO Premium plugin v27.2 (Yoast SEO v27.2) - https:\/\/yoast.com\/product\/yoast-seo-premium-wordpress\/ -->\n<title>DPU - GABARITO EXTRAOFICIAL (Direito Processual Penal)<\/title>\n<meta name=\"description\" content=\"Coment\u00e1rios do Prof. Renan Araujo \u00e0s quest\u00f5es de Direito Processual Penal do concurso da DPU, para o cargo de Defensor P\u00fablico Federal.\" \/>\n<meta name=\"robots\" content=\"index, follow, max-snippet:-1, max-image-preview:large, max-video-preview:-1\" \/>\n<link rel=\"canonical\" href=\"https:\/\/www.estrategiaconcursos.com.br\/blog\/dpu-gabarito-extraoficial-direito-processual-penal\/\" \/>\n<meta property=\"og:locale\" content=\"pt_BR\" \/>\n<meta property=\"og:type\" content=\"article\" \/>\n<meta property=\"og:title\" content=\"DPU - GABARITO EXTRAOFICIAL (Direito Processual Penal)\" \/>\n<meta property=\"og:description\" content=\"Coment\u00e1rios do Prof. Renan Araujo \u00e0s quest\u00f5es de Direito Processual Penal do concurso da DPU, para o cargo de Defensor P\u00fablico Federal.\" \/>\n<meta property=\"og:url\" content=\"https:\/\/www.estrategiaconcursos.com.br\/blog\/dpu-gabarito-extraoficial-direito-processual-penal\/\" \/>\n<meta property=\"og:site_name\" content=\"Estrat\u00e9gia Concursos\" \/>\n<meta property=\"article:published_time\" content=\"2017-09-26T15:55:22+00:00\" \/>\n<meta property=\"article:modified_time\" content=\"2021-01-19T21:15:12+00:00\" \/>\n<meta property=\"og:image\" content=\"https:\/\/www.estrategiaconcursos.com.br\/blog\/wp-content\/uploads\/2017\/09\/DPU-Processo-penal-63-64-300x206.png\" \/>\n<meta name=\"author\" content=\"Renan Araujo\" \/>\n<meta name=\"twitter:card\" content=\"summary_large_image\" \/>\n<meta name=\"twitter:creator\" content=\"@EstratConcursos\" \/>\n<meta name=\"twitter:site\" content=\"@EstratConcursos\" \/>\n<meta name=\"twitter:label1\" content=\"Escrito por\" \/>\n\t<meta name=\"twitter:data1\" content=\"Renan Araujo\" \/>\n\t<meta name=\"twitter:label2\" content=\"Est. tempo de leitura\" \/>\n\t<meta name=\"twitter:data2\" content=\"7 minutos\" \/>\n<script type=\"application\/ld+json\" class=\"yoast-schema-graph\">{\"@context\":\"https:\/\/schema.org\",\"@graph\":[{\"@type\":\"NewsArticle\",\"@id\":\"https:\/\/www.estrategiaconcursos.com.br\/blog\/dpu-gabarito-extraoficial-direito-processual-penal\/#article\",\"isPartOf\":{\"@id\":\"https:\/\/www.estrategiaconcursos.com.br\/blog\/dpu-gabarito-extraoficial-direito-processual-penal\/\"},\"author\":{\"name\":\"Renan Araujo\",\"@id\":\"https:\/\/www.estrategiaconcursos.com.br\/blog\/#\/schema\/person\/1a7a7af72da82939a6308b2ee292162b\"},\"headline\":\"DPU &#8211; GABARITO EXTRAOFICIAL (Direito Processual Penal)\",\"datePublished\":\"2017-09-26T15:55:22+00:00\",\"dateModified\":\"2021-01-19T21:15:12+00:00\",\"mainEntityOfPage\":{\"@id\":\"https:\/\/www.estrategiaconcursos.com.br\/blog\/dpu-gabarito-extraoficial-direito-processual-penal\/\"},\"wordCount\":1427,\"commentCount\":0,\"publisher\":{\"@id\":\"https:\/\/www.estrategiaconcursos.com.br\/blog\/#organization\"},\"image\":{\"@id\":\"https:\/\/www.estrategiaconcursos.com.br\/blog\/dpu-gabarito-extraoficial-direito-processual-penal\/#primaryimage\"},\"thumbnailUrl\":\"https:\/\/www.estrategiaconcursos.com.br\/blog\/wp-content\/uploads\/2017\/09\/DPU-Processo-penal-63-64-300x206.png\",\"articleSection\":[\"Concursos P\u00fablicos\"],\"inLanguage\":\"pt-BR\",\"potentialAction\":[{\"@type\":\"CommentAction\",\"name\":\"Comment\",\"target\":[\"https:\/\/www.estrategiaconcursos.com.br\/blog\/dpu-gabarito-extraoficial-direito-processual-penal\/#respond\"]}],\"copyrightYear\":\"2017\",\"copyrightHolder\":{\"@id\":\"https:\/\/www.estrategiaconcursos.com.br\/blog\/#organization\"}},{\"@type\":\"WebPage\",\"@id\":\"https:\/\/www.estrategiaconcursos.com.br\/blog\/dpu-gabarito-extraoficial-direito-processual-penal\/\",\"url\":\"https:\/\/www.estrategiaconcursos.com.br\/blog\/dpu-gabarito-extraoficial-direito-processual-penal\/\",\"name\":\"DPU - GABARITO EXTRAOFICIAL (Direito Processual Penal)\",\"isPartOf\":{\"@id\":\"https:\/\/www.estrategiaconcursos.com.br\/blog\/#website\"},\"primaryImageOfPage\":{\"@id\":\"https:\/\/www.estrategiaconcursos.com.br\/blog\/dpu-gabarito-extraoficial-direito-processual-penal\/#primaryimage\"},\"image\":{\"@id\":\"https:\/\/www.estrategiaconcursos.com.br\/blog\/dpu-gabarito-extraoficial-direito-processual-penal\/#primaryimage\"},\"thumbnailUrl\":\"https:\/\/www.estrategiaconcursos.com.br\/blog\/wp-content\/uploads\/2017\/09\/DPU-Processo-penal-63-64-300x206.png\",\"datePublished\":\"2017-09-26T15:55:22+00:00\",\"dateModified\":\"2021-01-19T21:15:12+00:00\",\"description\":\"Coment\u00e1rios do Prof. Renan Araujo \u00e0s quest\u00f5es de Direito Processual Penal do concurso da DPU, para o cargo de Defensor P\u00fablico Federal.\",\"breadcrumb\":{\"@id\":\"https:\/\/www.estrategiaconcursos.com.br\/blog\/dpu-gabarito-extraoficial-direito-processual-penal\/#breadcrumb\"},\"inLanguage\":\"pt-BR\",\"potentialAction\":[{\"@type\":\"ReadAction\",\"target\":[\"https:\/\/www.estrategiaconcursos.com.br\/blog\/dpu-gabarito-extraoficial-direito-processual-penal\/\"]}]},{\"@type\":\"ImageObject\",\"inLanguage\":\"pt-BR\",\"@id\":\"https:\/\/www.estrategiaconcursos.com.br\/blog\/dpu-gabarito-extraoficial-direito-processual-penal\/#primaryimage\",\"url\":\"https:\/\/dhg1h5j42swfq.cloudfront.net\/2017\/09\/26124949\/DPU-Processo-penal-63-64.png\",\"contentUrl\":\"https:\/\/dhg1h5j42swfq.cloudfront.net\/2017\/09\/26124949\/DPU-Processo-penal-63-64.png\",\"width\":445,\"height\":306},{\"@type\":\"BreadcrumbList\",\"@id\":\"https:\/\/www.estrategiaconcursos.com.br\/blog\/dpu-gabarito-extraoficial-direito-processual-penal\/#breadcrumb\",\"itemListElement\":[{\"@type\":\"ListItem\",\"position\":1,\"name\":\"In\u00edcio\",\"item\":\"https:\/\/www.estrategiaconcursos.com.br\/blog\/\"},{\"@type\":\"ListItem\",\"position\":2,\"name\":\"DPU &#8211; GABARITO EXTRAOFICIAL (Direito Processual Penal)\"}]},{\"@type\":\"WebSite\",\"@id\":\"https:\/\/www.estrategiaconcursos.com.br\/blog\/#website\",\"url\":\"https:\/\/www.estrategiaconcursos.com.br\/blog\/\",\"name\":\"Estrat\u00e9gia Concursos\",\"description\":\"O blog da Estrat\u00e9gia Concursos traz not\u00edcias sobre concursos e artigos de professores oferecendo cursos para concursos (pdf + videaulas) no site.\",\"publisher\":{\"@id\":\"https:\/\/www.estrategiaconcursos.com.br\/blog\/#organization\"},\"potentialAction\":[{\"@type\":\"SearchAction\",\"target\":{\"@type\":\"EntryPoint\",\"urlTemplate\":\"https:\/\/www.estrategiaconcursos.com.br\/blog\/?s={search_term_string}\"},\"query-input\":{\"@type\":\"PropertyValueSpecification\",\"valueRequired\":true,\"valueName\":\"search_term_string\"}}],\"inLanguage\":\"pt-BR\"},{\"@type\":\"Organization\",\"@id\":\"https:\/\/www.estrategiaconcursos.com.br\/blog\/#organization\",\"name\":\"Estrat\u00e9gia Concursos\",\"url\":\"https:\/\/www.estrategiaconcursos.com.br\/blog\/\",\"logo\":{\"@type\":\"ImageObject\",\"inLanguage\":\"pt-BR\",\"@id\":\"https:\/\/www.estrategiaconcursos.com.br\/blog\/#\/schema\/logo\/image\/\",\"url\":\"https:\/\/dhg1h5j42swfq.cloudfront.net\/2025\/06\/03203428\/logo_concursos-1.jpg\",\"contentUrl\":\"https:\/\/dhg1h5j42swfq.cloudfront.net\/2025\/06\/03203428\/logo_concursos-1.jpg\",\"width\":230,\"height\":60,\"caption\":\"Estrat\u00e9gia Concursos\"},\"image\":{\"@id\":\"https:\/\/www.estrategiaconcursos.com.br\/blog\/#\/schema\/logo\/image\/\"},\"sameAs\":[\"https:\/\/x.com\/EstratConcursos\"]},{\"@type\":\"Person\",\"@id\":\"https:\/\/www.estrategiaconcursos.com.br\/blog\/#\/schema\/person\/1a7a7af72da82939a6308b2ee292162b\",\"name\":\"Renan Araujo\",\"image\":{\"@type\":\"ImageObject\",\"inLanguage\":\"pt-BR\",\"@id\":\"https:\/\/secure.gravatar.com\/avatar\/ca6cb9ba5a547fbe93c05c63d6103dff6c2566555a601f1efb8590a69fb9ed76?s=96&d=mm&r=g\",\"url\":\"https:\/\/secure.gravatar.com\/avatar\/ca6cb9ba5a547fbe93c05c63d6103dff6c2566555a601f1efb8590a69fb9ed76?s=96&d=mm&r=g\",\"contentUrl\":\"https:\/\/secure.gravatar.com\/avatar\/ca6cb9ba5a547fbe93c05c63d6103dff6c2566555a601f1efb8590a69fb9ed76?s=96&d=mm&r=g\",\"caption\":\"Renan Araujo\"},\"url\":\"https:\/\/www.estrategiaconcursos.com.br\/blog\/author\/renanaraujoestrategiaconcursos-com-br\/\"}]}<\/script>\n<!-- \/ Yoast SEO Premium plugin. -->","yoast_head_json":{"title":"DPU - GABARITO EXTRAOFICIAL (Direito Processual Penal)","description":"Coment\u00e1rios do Prof. Renan Araujo \u00e0s quest\u00f5es de Direito Processual Penal do concurso da DPU, para o cargo de Defensor P\u00fablico Federal.","robots":{"index":"index","follow":"follow","max-snippet":"max-snippet:-1","max-image-preview":"max-image-preview:large","max-video-preview":"max-video-preview:-1"},"canonical":"https:\/\/www.estrategiaconcursos.com.br\/blog\/dpu-gabarito-extraoficial-direito-processual-penal\/","og_locale":"pt_BR","og_type":"article","og_title":"DPU - GABARITO EXTRAOFICIAL (Direito Processual Penal)","og_description":"Coment\u00e1rios do Prof. Renan Araujo \u00e0s quest\u00f5es de Direito Processual Penal do concurso da DPU, para o cargo de Defensor P\u00fablico Federal.","og_url":"https:\/\/www.estrategiaconcursos.com.br\/blog\/dpu-gabarito-extraoficial-direito-processual-penal\/","og_site_name":"Estrat\u00e9gia Concursos","article_published_time":"2017-09-26T15:55:22+00:00","article_modified_time":"2021-01-19T21:15:12+00:00","og_image":[{"url":"https:\/\/www.estrategiaconcursos.com.br\/blog\/wp-content\/uploads\/2017\/09\/DPU-Processo-penal-63-64-300x206.png","type":"","width":"","height":""}],"author":"Renan Araujo","twitter_card":"summary_large_image","twitter_creator":"@EstratConcursos","twitter_site":"@EstratConcursos","twitter_misc":{"Escrito por":"Renan Araujo","Est. tempo de leitura":"7 minutos"},"schema":{"@context":"https:\/\/schema.org","@graph":[{"@type":"NewsArticle","@id":"https:\/\/www.estrategiaconcursos.com.br\/blog\/dpu-gabarito-extraoficial-direito-processual-penal\/#article","isPartOf":{"@id":"https:\/\/www.estrategiaconcursos.com.br\/blog\/dpu-gabarito-extraoficial-direito-processual-penal\/"},"author":{"name":"Renan Araujo","@id":"https:\/\/www.estrategiaconcursos.com.br\/blog\/#\/schema\/person\/1a7a7af72da82939a6308b2ee292162b"},"headline":"DPU &#8211; GABARITO EXTRAOFICIAL (Direito Processual Penal)","datePublished":"2017-09-26T15:55:22+00:00","dateModified":"2021-01-19T21:15:12+00:00","mainEntityOfPage":{"@id":"https:\/\/www.estrategiaconcursos.com.br\/blog\/dpu-gabarito-extraoficial-direito-processual-penal\/"},"wordCount":1427,"commentCount":0,"publisher":{"@id":"https:\/\/www.estrategiaconcursos.com.br\/blog\/#organization"},"image":{"@id":"https:\/\/www.estrategiaconcursos.com.br\/blog\/dpu-gabarito-extraoficial-direito-processual-penal\/#primaryimage"},"thumbnailUrl":"https:\/\/www.estrategiaconcursos.com.br\/blog\/wp-content\/uploads\/2017\/09\/DPU-Processo-penal-63-64-300x206.png","articleSection":["Concursos P\u00fablicos"],"inLanguage":"pt-BR","potentialAction":[{"@type":"CommentAction","name":"Comment","target":["https:\/\/www.estrategiaconcursos.com.br\/blog\/dpu-gabarito-extraoficial-direito-processual-penal\/#respond"]}],"copyrightYear":"2017","copyrightHolder":{"@id":"https:\/\/www.estrategiaconcursos.com.br\/blog\/#organization"}},{"@type":"WebPage","@id":"https:\/\/www.estrategiaconcursos.com.br\/blog\/dpu-gabarito-extraoficial-direito-processual-penal\/","url":"https:\/\/www.estrategiaconcursos.com.br\/blog\/dpu-gabarito-extraoficial-direito-processual-penal\/","name":"DPU - GABARITO EXTRAOFICIAL (Direito Processual Penal)","isPartOf":{"@id":"https:\/\/www.estrategiaconcursos.com.br\/blog\/#website"},"primaryImageOfPage":{"@id":"https:\/\/www.estrategiaconcursos.com.br\/blog\/dpu-gabarito-extraoficial-direito-processual-penal\/#primaryimage"},"image":{"@id":"https:\/\/www.estrategiaconcursos.com.br\/blog\/dpu-gabarito-extraoficial-direito-processual-penal\/#primaryimage"},"thumbnailUrl":"https:\/\/www.estrategiaconcursos.com.br\/blog\/wp-content\/uploads\/2017\/09\/DPU-Processo-penal-63-64-300x206.png","datePublished":"2017-09-26T15:55:22+00:00","dateModified":"2021-01-19T21:15:12+00:00","description":"Coment\u00e1rios do Prof. Renan Araujo \u00e0s quest\u00f5es de Direito Processual Penal do concurso da DPU, para o cargo de Defensor P\u00fablico Federal.","breadcrumb":{"@id":"https:\/\/www.estrategiaconcursos.com.br\/blog\/dpu-gabarito-extraoficial-direito-processual-penal\/#breadcrumb"},"inLanguage":"pt-BR","potentialAction":[{"@type":"ReadAction","target":["https:\/\/www.estrategiaconcursos.com.br\/blog\/dpu-gabarito-extraoficial-direito-processual-penal\/"]}]},{"@type":"ImageObject","inLanguage":"pt-BR","@id":"https:\/\/www.estrategiaconcursos.com.br\/blog\/dpu-gabarito-extraoficial-direito-processual-penal\/#primaryimage","url":"https:\/\/dhg1h5j42swfq.cloudfront.net\/2017\/09\/26124949\/DPU-Processo-penal-63-64.png","contentUrl":"https:\/\/dhg1h5j42swfq.cloudfront.net\/2017\/09\/26124949\/DPU-Processo-penal-63-64.png","width":445,"height":306},{"@type":"BreadcrumbList","@id":"https:\/\/www.estrategiaconcursos.com.br\/blog\/dpu-gabarito-extraoficial-direito-processual-penal\/#breadcrumb","itemListElement":[{"@type":"ListItem","position":1,"name":"In\u00edcio","item":"https:\/\/www.estrategiaconcursos.com.br\/blog\/"},{"@type":"ListItem","position":2,"name":"DPU &#8211; GABARITO EXTRAOFICIAL (Direito Processual Penal)"}]},{"@type":"WebSite","@id":"https:\/\/www.estrategiaconcursos.com.br\/blog\/#website","url":"https:\/\/www.estrategiaconcursos.com.br\/blog\/","name":"Estrat\u00e9gia Concursos","description":"O blog da Estrat\u00e9gia Concursos traz not\u00edcias sobre concursos e artigos de professores oferecendo cursos para concursos (pdf + videaulas) no site.","publisher":{"@id":"https:\/\/www.estrategiaconcursos.com.br\/blog\/#organization"},"potentialAction":[{"@type":"SearchAction","target":{"@type":"EntryPoint","urlTemplate":"https:\/\/www.estrategiaconcursos.com.br\/blog\/?s={search_term_string}"},"query-input":{"@type":"PropertyValueSpecification","valueRequired":true,"valueName":"search_term_string"}}],"inLanguage":"pt-BR"},{"@type":"Organization","@id":"https:\/\/www.estrategiaconcursos.com.br\/blog\/#organization","name":"Estrat\u00e9gia Concursos","url":"https:\/\/www.estrategiaconcursos.com.br\/blog\/","logo":{"@type":"ImageObject","inLanguage":"pt-BR","@id":"https:\/\/www.estrategiaconcursos.com.br\/blog\/#\/schema\/logo\/image\/","url":"https:\/\/dhg1h5j42swfq.cloudfront.net\/2025\/06\/03203428\/logo_concursos-1.jpg","contentUrl":"https:\/\/dhg1h5j42swfq.cloudfront.net\/2025\/06\/03203428\/logo_concursos-1.jpg","width":230,"height":60,"caption":"Estrat\u00e9gia Concursos"},"image":{"@id":"https:\/\/www.estrategiaconcursos.com.br\/blog\/#\/schema\/logo\/image\/"},"sameAs":["https:\/\/x.com\/EstratConcursos"]},{"@type":"Person","@id":"https:\/\/www.estrategiaconcursos.com.br\/blog\/#\/schema\/person\/1a7a7af72da82939a6308b2ee292162b","name":"Renan Araujo","image":{"@type":"ImageObject","inLanguage":"pt-BR","@id":"https:\/\/secure.gravatar.com\/avatar\/ca6cb9ba5a547fbe93c05c63d6103dff6c2566555a601f1efb8590a69fb9ed76?s=96&d=mm&r=g","url":"https:\/\/secure.gravatar.com\/avatar\/ca6cb9ba5a547fbe93c05c63d6103dff6c2566555a601f1efb8590a69fb9ed76?s=96&d=mm&r=g","contentUrl":"https:\/\/secure.gravatar.com\/avatar\/ca6cb9ba5a547fbe93c05c63d6103dff6c2566555a601f1efb8590a69fb9ed76?s=96&d=mm&r=g","caption":"Renan Araujo"},"url":"https:\/\/www.estrategiaconcursos.com.br\/blog\/author\/renanaraujoestrategiaconcursos-com-br\/"}]}},"_links":{"self":[{"href":"https:\/\/www.estrategiaconcursos.com.br\/blog\/wp-json\/wp\/v2\/posts\/90462","targetHints":{"allow":["GET"]}}],"collection":[{"href":"https:\/\/www.estrategiaconcursos.com.br\/blog\/wp-json\/wp\/v2\/posts"}],"about":[{"href":"https:\/\/www.estrategiaconcursos.com.br\/blog\/wp-json\/wp\/v2\/types\/post"}],"author":[{"embeddable":true,"href":"https:\/\/www.estrategiaconcursos.com.br\/blog\/wp-json\/wp\/v2\/users\/39"}],"replies":[{"embeddable":true,"href":"https:\/\/www.estrategiaconcursos.com.br\/blog\/wp-json\/wp\/v2\/comments?post=90462"}],"version-history":[{"count":2,"href":"https:\/\/www.estrategiaconcursos.com.br\/blog\/wp-json\/wp\/v2\/posts\/90462\/revisions"}],"predecessor-version":[{"id":653877,"href":"https:\/\/www.estrategiaconcursos.com.br\/blog\/wp-json\/wp\/v2\/posts\/90462\/revisions\/653877"}],"wp:attachment":[{"href":"https:\/\/www.estrategiaconcursos.com.br\/blog\/wp-json\/wp\/v2\/media?parent=90462"}],"wp:term":[{"taxonomy":"category","embeddable":true,"href":"https:\/\/www.estrategiaconcursos.com.br\/blog\/wp-json\/wp\/v2\/categories?post=90462"},{"taxonomy":"post_tag","embeddable":true,"href":"https:\/\/www.estrategiaconcursos.com.br\/blog\/wp-json\/wp\/v2\/tags?post=90462"},{"taxonomy":"tax_estado","embeddable":true,"href":"https:\/\/www.estrategiaconcursos.com.br\/blog\/wp-json\/wp\/v2\/tax_estado?post=90462"}],"curies":[{"name":"wp","href":"https:\/\/api.w.org\/{rel}","templated":true}]}}