{"id":90424,"date":"2017-09-27T21:53:28","date_gmt":"2017-09-28T00:53:28","guid":{"rendered":"https:\/\/www.estrategiaconcursos.com.br\/blog\/?p=90424"},"modified":"2017-09-28T23:09:43","modified_gmt":"2017-09-29T02:09:43","slug":"curso-de-discursivas-para-camara-municipal-de-belo-horizonte-tecnico-legislativo","status":"publish","type":"post","link":"https:\/\/www.estrategiaconcursos.com.br\/blog\/curso-de-discursivas-para-camara-municipal-de-belo-horizonte-tecnico-legislativo\/","title":{"rendered":"Curso de Discursivas para a C\u00e2mara Municipal de Belo Horizonte &#8211; T\u00e9cnico Legislativo"},"content":{"rendered":"<p style=\"text-align: justify\">Ol\u00e1 galera,<\/p>\n<p style=\"text-align: justify\">A <strong>C\u00c2MARA MUNICIPAL DE BELO HORIZONTE<\/strong> publicou o Edital n\u00ba 1, de 22 de setembro de 2017, tornando p\u00fablico a realiza\u00e7\u00e3o de concurso p\u00fablico para diversos cargos. Um dos cargos \u00e9 o de <span style=\"color: #0000ff\"><strong>T\u00e9cnico Legislativo II<\/strong> <\/span>com <strong><span style=\"color: #0000ff\">57 vagas,<\/span><\/strong> que contar\u00e1 com uma prova objetiva e uma <strong><span style=\"color: #0000ff\">prova discursiva de reda\u00e7\u00e3o<\/span><\/strong>. A reda\u00e7\u00e3o ser\u00e1 sobre um tema geral. Podemos entender como <span style=\"color: #ff0000\"><strong>tema geral<\/strong><\/span> um tema relacionado ao mundo e ao Brasil atual, ao nosso cotidiano de vida.<\/p>\n<p style=\"text-align: justify\">A nota m\u00e1xima que um candidato poder\u00e1 obter na prova objetiva \u00e9 de 100 pontos. J\u00e1 na prova de reda\u00e7\u00e3o, o candidato poder\u00e1 obter at\u00e9 150 pontos. Isso por que a prova de reda\u00e7\u00e3o ter\u00e1 peso 3. A nota m\u00e1xima que se poder\u00e1 obter \u00e9 de 50 pontos, mas a nota final do candidato na discursiva ser\u00e1 multiplicada por tr\u00eas.<\/p>\n<p style=\"text-align: justify\">\u00c9 uma realidade em que a nota da prova discursiva ter\u00e1 um peso maior do que a nota da prova objetiva.<\/p>\n<p style=\"text-align: justify\">E o n\u00famero de provas discursivas corrigidas corresponder\u00e1 a 20 (vinte) vezes o n\u00famero total de vagas de cargo. Ainda ser\u00e3o acrescentadas \u00e0s provas discursivas a serem corrigidas 10% (dez por cento) do total para os candidatos com defici\u00eancia melhor classificados, desde que atingida a pontua\u00e7\u00e3o m\u00ednima na prova objetiva. Ou seja, ser\u00e3o corrigidas mais de 1.100 reda\u00e7\u00f5es. Assim, muitos, mas muitos, candidatos estar\u00e3o no p\u00e1reo da aprova\u00e7\u00e3o.<\/p>\n<p style=\"text-align: justify\">Est\u00e1 muito claro que uma excelente prepara\u00e7\u00e3o para a prova discursiva ser\u00e1 determinante para a aprova\u00e7\u00e3o no concurso p\u00fablico, o que demonstra a import\u00e2ncia de uma prepara\u00e7\u00e3o de excel\u00eancia para essa prova.<\/p>\n<p>&nbsp;<\/p>\n<p style=\"text-align: justify\"><strong>Crit\u00e9rios para corre\u00e7\u00e3o da prova de reda\u00e7\u00e3o<\/strong><\/p>\n<p style=\"text-align: justify\">Na corre\u00e7\u00e3o das reda\u00e7\u00f5es, a banca avaliar\u00e1 a <span style=\"color: #ff0000\"><strong>dimens\u00e3o conceitual<\/strong><\/span> e a <span style=\"color: #ff0000\"><strong>dimens\u00e3o formal<\/strong><\/span>, cada uma valendo 25 pontos. A dimens\u00e3o conceitual est\u00e1 relacionada \u00e0 adequa\u00e7\u00e3o ao tema, \u00e0 articula\u00e7\u00e3o e progress\u00e3o das ideias, \u00e0 pertin\u00eancia e relev\u00e2ncia argumentativa e \u00e0 sufici\u00eancia argumentativa. A dimens\u00e3o formal avaliar\u00e1 a coes\u00e3o, morfossintaxe, pontua\u00e7\u00e3o, ortografia e acentua\u00e7\u00e3o. Ou seja, galera, a dimens\u00e3o conceitual relaciona-se ao conte\u00fado, ao tema da prova discursiva, e a dimens\u00e3o formal ao idioma.<\/p>\n<p>&nbsp;<\/p>\n<p style=\"text-align: justify\"><strong>Aprendendo a fazer uma prova discursiva<\/strong><\/p>\n<p style=\"text-align: justify\">Para ensinar o candidato a elaborar uma prova discursiva de reda\u00e7\u00e3o para este concurso, o Estrat\u00e9gia Concursos lan\u00e7ou um curso completo com <span style=\"color: #0000ff\"><strong>3 corre\u00e7\u00f5es por aluno<\/strong><\/span>, que ser\u00e1 ministrado pelo professor <span style=\"color: #0000ff\"><strong>Carlos Roberto<\/strong><\/span> e pela minha pessoa.<\/p>\n<p style=\"text-align: justify\">O professor Carlos Roberto \u00e9 formado em Ci\u00eancias Cont\u00e1beis e Atuariais pela Universidade de Bras\u00edlia (UnB), p\u00f3s-graduado em Controladoria Governamental e em L\u00edngua Portuguesa. Aprovado para os cargos de T\u00e9cnico Judici\u00e1rio (2003) e de Analista Judici\u00e1rio \u2013 Contador (2008) do Tribunal de Justi\u00e7a do Distrito Federal e Territ\u00f3rios (TJDFT), no qual trabalhou de 2003 a 2014. Atualmente, ocupa o cargo de Analista da carreira de Especialista do Banco Central do Brasil (BCB), aprovado no concurso de 2013.<\/p>\n<p style=\"text-align: justify\">Sou licenciado em Geografia pela Universidade Federal do Rio Grande do Sul (UFRGS) e Bacharel em Geografia pelo UniCEUB (Bras\u00edlia). Sou ex-servidor p\u00fablico e trabalhei nas seguintes institui\u00e7\u00f5es: Prefeitura de S\u00e3o Leopoldo (RS), Prefeitura de Porto Alegre (RS), Companhia Riograndense de Saneamento (Corsan) e Minist\u00e9rio da Integra\u00e7\u00e3o Nacional. Leciono as disciplinas de Atualidades, Conhecimentos Gerais, Geografia, Realidade Brasileira e Hist\u00f3ria, em cursos on-line e presenciais preparat\u00f3rios para concursos p\u00fablicos.<\/p>\n<p>&nbsp;<\/p>\n<p style=\"text-align: justify\"><strong>Sobre o curso<\/strong><\/p>\n<p style=\"text-align: justify\">No curso, ser\u00e1 abordado o perfil da banca examinadora, a estrutura e as caracter\u00edsticas do texto dissertativo, os aspectos gramaticais pertinentes, os principais erros e como evit\u00e1-los (exemplos pr\u00e1ticos) e express\u00f5es que causam d\u00favidas na hora da prova.<\/p>\n<p style=\"text-align: justify\">Al\u00e9m disso, ser\u00e3o oferecidos nove simulados com temas gerais para o aluno treinar a elabora\u00e7\u00e3o da reda\u00e7\u00e3o. Ser\u00e3o tr\u00eas rodadas de temas, em que, em cada rodada, o aluno selecionar\u00e1 um tema para elaborar a reda\u00e7\u00e3o e submeter \u00e0 corre\u00e7\u00e3o dos especialistas do Estrat\u00e9gia Concursos.<\/p>\n<p style=\"text-align: justify\">Para cada tema, ser\u00e3o oferecidos textos com subs\u00eddios te\u00f3ricos. E, ao final do curso, ser\u00e3o disponibilizados os padr\u00f5es definitivos de resposta dos nove simulados propostos.<\/p>\n<p style=\"text-align: justify\">\u00c9 isso a\u00ed, galera! Segue o link do curso de Discursivas p\/ C\u00e2mara Municipal de Belo Horizonte (T\u00e9cnico Legislativo) \u2013 3 corre\u00e7\u00f5es por aluno<\/p>\n<p style=\"text-align: center\"><a href=\"https:\/\/www.estrategiaconcursos.com.br\/curso\/discursiva-p-camara-municipal-bh-tecnico-legislativo-3-correcoes-por-aluno\/\">https:\/\/www.estrategiaconcursos.com.br\/curso\/discursiva-p-camara-municipal-bh-tecnico-legislativo-3-correcoes-por-aluno\/<\/a><\/p>\n<p style=\"text-align: justify\">Um grande abra\u00e7o meu e do professor Carlos Roberto,<\/p>\n<p style=\"text-align: justify\">Leandro Signori<\/p>\n","protected":false},"excerpt":{"rendered":"<p>Ol\u00e1 galera, A C\u00c2MARA MUNICIPAL DE BELO HORIZONTE publicou o Edital n\u00ba 1, de 22 de setembro de 2017, tornando p\u00fablico a realiza\u00e7\u00e3o de concurso p\u00fablico para diversos cargos. Um dos cargos \u00e9 o de T\u00e9cnico Legislativo II com 57 vagas, que contar\u00e1 com uma prova objetiva e uma prova discursiva de reda\u00e7\u00e3o. A reda\u00e7\u00e3o [&hellip;]<\/p>\n","protected":false},"author":306,"featured_media":0,"comment_status":"open","ping_status":"open","sticky":false,"template":"","format":"standard","meta":{"post_tipo":"article","footnotes":""},"categories":[1,2017],"tags":[2448,2933,1069],"tax_estado":[],"class_list":["post-90424","post","type-post","status-publish","format-standard","hentry","category-cursos-e-concursos","category-concursos-legislativos","tag-camara-bh","tag-curso-de-redacao-para-concursos","tag-curso-discursivas"],"acf":[],"yoast_head":"<!-- This site is optimized with the Yoast SEO Premium plugin v27.2 (Yoast SEO v27.2) - https:\/\/yoast.com\/product\/yoast-seo-premium-wordpress\/ -->\n<title>Curso de Discursivas para a C\u00e2mara Municipal de Belo Horizonte - T\u00e9cnico Legislativo<\/title>\n<meta name=\"robots\" content=\"index, follow, max-snippet:-1, max-image-preview:large, max-video-preview:-1\" \/>\n<link rel=\"canonical\" href=\"https:\/\/www.estrategiaconcursos.com.br\/blog\/curso-de-discursivas-para-camara-municipal-de-belo-horizonte-tecnico-legislativo\/\" \/>\n<meta property=\"og:locale\" content=\"pt_BR\" \/>\n<meta property=\"og:type\" content=\"article\" \/>\n<meta property=\"og:title\" content=\"Curso de Discursivas para a C\u00e2mara Municipal de Belo Horizonte - T\u00e9cnico Legislativo\" \/>\n<meta property=\"og:description\" content=\"Ol\u00e1 galera, A C\u00c2MARA MUNICIPAL DE BELO HORIZONTE publicou o Edital n\u00ba 1, de 22 de setembro de 2017, tornando p\u00fablico a realiza\u00e7\u00e3o de concurso p\u00fablico para diversos cargos. Um dos cargos \u00e9 o de T\u00e9cnico Legislativo II com 57 vagas, que contar\u00e1 com uma prova objetiva e uma prova discursiva de reda\u00e7\u00e3o. A reda\u00e7\u00e3o [&hellip;]\" \/>\n<meta property=\"og:url\" content=\"https:\/\/www.estrategiaconcursos.com.br\/blog\/curso-de-discursivas-para-camara-municipal-de-belo-horizonte-tecnico-legislativo\/\" \/>\n<meta property=\"og:site_name\" content=\"Estrat\u00e9gia Concursos\" \/>\n<meta property=\"article:author\" content=\"https:\/\/www.facebook.com\/leandrosignoriatualidades\/\" \/>\n<meta property=\"article:published_time\" content=\"2017-09-28T00:53:28+00:00\" \/>\n<meta property=\"article:modified_time\" content=\"2017-09-29T02:09:43+00:00\" \/>\n<meta name=\"author\" content=\"Leandro Signori\" \/>\n<meta name=\"twitter:card\" content=\"summary_large_image\" \/>\n<meta name=\"twitter:creator\" content=\"@EstratConcursos\" \/>\n<meta name=\"twitter:site\" content=\"@EstratConcursos\" \/>\n<meta name=\"twitter:label1\" content=\"Escrito por\" \/>\n\t<meta name=\"twitter:data1\" content=\"Leandro Signori\" \/>\n\t<meta name=\"twitter:label2\" content=\"Est. tempo de leitura\" \/>\n\t<meta name=\"twitter:data2\" content=\"4 minutos\" \/>\n<script type=\"application\/ld+json\" class=\"yoast-schema-graph\">{\"@context\":\"https:\/\/schema.org\",\"@graph\":[{\"@type\":\"NewsArticle\",\"@id\":\"https:\/\/www.estrategiaconcursos.com.br\/blog\/curso-de-discursivas-para-camara-municipal-de-belo-horizonte-tecnico-legislativo\/#article\",\"isPartOf\":{\"@id\":\"https:\/\/www.estrategiaconcursos.com.br\/blog\/curso-de-discursivas-para-camara-municipal-de-belo-horizonte-tecnico-legislativo\/\"},\"author\":{\"name\":\"Leandro Signori\",\"@id\":\"https:\/\/www.estrategiaconcursos.com.br\/blog\/#\/schema\/person\/d2e7d78de4b9d6ba51cc24fd558a7f42\"},\"headline\":\"Curso de Discursivas para a C\u00e2mara Municipal de Belo Horizonte &#8211; T\u00e9cnico Legislativo\",\"datePublished\":\"2017-09-28T00:53:28+00:00\",\"dateModified\":\"2017-09-29T02:09:43+00:00\",\"mainEntityOfPage\":{\"@id\":\"https:\/\/www.estrategiaconcursos.com.br\/blog\/curso-de-discursivas-para-camara-municipal-de-belo-horizonte-tecnico-legislativo\/\"},\"wordCount\":766,\"commentCount\":4,\"publisher\":{\"@id\":\"https:\/\/www.estrategiaconcursos.com.br\/blog\/#organization\"},\"keywords\":[\"C\u00e2mara BH\",\"Curso de reda\u00e7\u00e3o para concursos\",\"Curso Discursivas\"],\"articleSection\":[\"Concursos P\u00fablicos\",\"Legislativo\"],\"inLanguage\":\"pt-BR\",\"potentialAction\":[{\"@type\":\"CommentAction\",\"name\":\"Comment\",\"target\":[\"https:\/\/www.estrategiaconcursos.com.br\/blog\/curso-de-discursivas-para-camara-municipal-de-belo-horizonte-tecnico-legislativo\/#respond\"]}],\"copyrightYear\":\"2017\",\"copyrightHolder\":{\"@id\":\"https:\/\/www.estrategiaconcursos.com.br\/blog\/#organization\"}},{\"@type\":\"WebPage\",\"@id\":\"https:\/\/www.estrategiaconcursos.com.br\/blog\/curso-de-discursivas-para-camara-municipal-de-belo-horizonte-tecnico-legislativo\/\",\"url\":\"https:\/\/www.estrategiaconcursos.com.br\/blog\/curso-de-discursivas-para-camara-municipal-de-belo-horizonte-tecnico-legislativo\/\",\"name\":\"Curso de Discursivas para a C\u00e2mara Municipal de Belo Horizonte - T\u00e9cnico Legislativo\",\"isPartOf\":{\"@id\":\"https:\/\/www.estrategiaconcursos.com.br\/blog\/#website\"},\"datePublished\":\"2017-09-28T00:53:28+00:00\",\"dateModified\":\"2017-09-29T02:09:43+00:00\",\"breadcrumb\":{\"@id\":\"https:\/\/www.estrategiaconcursos.com.br\/blog\/curso-de-discursivas-para-camara-municipal-de-belo-horizonte-tecnico-legislativo\/#breadcrumb\"},\"inLanguage\":\"pt-BR\",\"potentialAction\":[{\"@type\":\"ReadAction\",\"target\":[\"https:\/\/www.estrategiaconcursos.com.br\/blog\/curso-de-discursivas-para-camara-municipal-de-belo-horizonte-tecnico-legislativo\/\"]}]},{\"@type\":\"BreadcrumbList\",\"@id\":\"https:\/\/www.estrategiaconcursos.com.br\/blog\/curso-de-discursivas-para-camara-municipal-de-belo-horizonte-tecnico-legislativo\/#breadcrumb\",\"itemListElement\":[{\"@type\":\"ListItem\",\"position\":1,\"name\":\"In\u00edcio\",\"item\":\"https:\/\/www.estrategiaconcursos.com.br\/blog\/\"},{\"@type\":\"ListItem\",\"position\":2,\"name\":\"Curso de Discursivas para a C\u00e2mara Municipal de Belo Horizonte &#8211; T\u00e9cnico Legislativo\"}]},{\"@type\":\"WebSite\",\"@id\":\"https:\/\/www.estrategiaconcursos.com.br\/blog\/#website\",\"url\":\"https:\/\/www.estrategiaconcursos.com.br\/blog\/\",\"name\":\"Estrat\u00e9gia Concursos\",\"description\":\"O blog da Estrat\u00e9gia Concursos traz not\u00edcias sobre concursos e artigos de professores oferecendo cursos para concursos (pdf + videaulas) no site.\",\"publisher\":{\"@id\":\"https:\/\/www.estrategiaconcursos.com.br\/blog\/#organization\"},\"potentialAction\":[{\"@type\":\"SearchAction\",\"target\":{\"@type\":\"EntryPoint\",\"urlTemplate\":\"https:\/\/www.estrategiaconcursos.com.br\/blog\/?s={search_term_string}\"},\"query-input\":{\"@type\":\"PropertyValueSpecification\",\"valueRequired\":true,\"valueName\":\"search_term_string\"}}],\"inLanguage\":\"pt-BR\"},{\"@type\":\"Organization\",\"@id\":\"https:\/\/www.estrategiaconcursos.com.br\/blog\/#organization\",\"name\":\"Estrat\u00e9gia Concursos\",\"url\":\"https:\/\/www.estrategiaconcursos.com.br\/blog\/\",\"logo\":{\"@type\":\"ImageObject\",\"inLanguage\":\"pt-BR\",\"@id\":\"https:\/\/www.estrategiaconcursos.com.br\/blog\/#\/schema\/logo\/image\/\",\"url\":\"https:\/\/dhg1h5j42swfq.cloudfront.net\/2025\/06\/03203428\/logo_concursos-1.jpg\",\"contentUrl\":\"https:\/\/dhg1h5j42swfq.cloudfront.net\/2025\/06\/03203428\/logo_concursos-1.jpg\",\"width\":230,\"height\":60,\"caption\":\"Estrat\u00e9gia Concursos\"},\"image\":{\"@id\":\"https:\/\/www.estrategiaconcursos.com.br\/blog\/#\/schema\/logo\/image\/\"},\"sameAs\":[\"https:\/\/x.com\/EstratConcursos\"]},{\"@type\":\"Person\",\"@id\":\"https:\/\/www.estrategiaconcursos.com.br\/blog\/#\/schema\/person\/d2e7d78de4b9d6ba51cc24fd558a7f42\",\"name\":\"Leandro Signori\",\"image\":{\"@type\":\"ImageObject\",\"inLanguage\":\"pt-BR\",\"@id\":\"https:\/\/secure.gravatar.com\/avatar\/aa2ef98e93764dcf1758f52d2792d4b3e4089ee25bc520608dde62ad802ae541?s=96&d=mm&r=g\",\"url\":\"https:\/\/secure.gravatar.com\/avatar\/aa2ef98e93764dcf1758f52d2792d4b3e4089ee25bc520608dde62ad802ae541?s=96&d=mm&r=g\",\"contentUrl\":\"https:\/\/secure.gravatar.com\/avatar\/aa2ef98e93764dcf1758f52d2792d4b3e4089ee25bc520608dde62ad802ae541?s=96&d=mm&r=g\",\"caption\":\"Leandro Signori\"},\"description\":\"Licenciado em Geografia pela Universidade Federal do Rio Grande do Sul (UFRGS) e Bacharel em Geografia pela Uniceub (Bras\u00edlia). Como servidor p\u00fablico, foi funcion\u00e1rio da Prefeitura de S\u00e3o Leopoldo (RS), Prefeitura de Porto Alegre (RS), Companhia Riograndense de Saneamento (Corsan) e Minist\u00e9rio da Integra\u00e7\u00e3o Nacional. \u00c9 professor de Geografia para o ensino m\u00e9dio na rede particular de ensino. Leciona as disciplinas de Atualidades, Conhecimentos Gerais, Geografia, Realidade Brasileira e Hist\u00f3ria, em cursos on line e presenciais preparat\u00f3rios para concursos p\u00fablicos.\",\"sameAs\":[\"https:\/\/www.facebook.com\/leandrosignoriatualidades\/\"],\"url\":\"https:\/\/www.estrategiaconcursos.com.br\/blog\/author\/leandroestrategiaconcursos-com-br\/\"}]}<\/script>\n<!-- \/ Yoast SEO Premium plugin. -->","yoast_head_json":{"title":"Curso de Discursivas para a C\u00e2mara Municipal de Belo Horizonte - T\u00e9cnico Legislativo","robots":{"index":"index","follow":"follow","max-snippet":"max-snippet:-1","max-image-preview":"max-image-preview:large","max-video-preview":"max-video-preview:-1"},"canonical":"https:\/\/www.estrategiaconcursos.com.br\/blog\/curso-de-discursivas-para-camara-municipal-de-belo-horizonte-tecnico-legislativo\/","og_locale":"pt_BR","og_type":"article","og_title":"Curso de Discursivas para a C\u00e2mara Municipal de Belo Horizonte - T\u00e9cnico Legislativo","og_description":"Ol\u00e1 galera, A C\u00c2MARA MUNICIPAL DE BELO HORIZONTE publicou o Edital n\u00ba 1, de 22 de setembro de 2017, tornando p\u00fablico a realiza\u00e7\u00e3o de concurso p\u00fablico para diversos cargos. Um dos cargos \u00e9 o de T\u00e9cnico Legislativo II com 57 vagas, que contar\u00e1 com uma prova objetiva e uma prova discursiva de reda\u00e7\u00e3o. A reda\u00e7\u00e3o [&hellip;]","og_url":"https:\/\/www.estrategiaconcursos.com.br\/blog\/curso-de-discursivas-para-camara-municipal-de-belo-horizonte-tecnico-legislativo\/","og_site_name":"Estrat\u00e9gia Concursos","article_author":"https:\/\/www.facebook.com\/leandrosignoriatualidades\/","article_published_time":"2017-09-28T00:53:28+00:00","article_modified_time":"2017-09-29T02:09:43+00:00","author":"Leandro Signori","twitter_card":"summary_large_image","twitter_creator":"@EstratConcursos","twitter_site":"@EstratConcursos","twitter_misc":{"Escrito por":"Leandro Signori","Est. tempo de leitura":"4 minutos"},"schema":{"@context":"https:\/\/schema.org","@graph":[{"@type":"NewsArticle","@id":"https:\/\/www.estrategiaconcursos.com.br\/blog\/curso-de-discursivas-para-camara-municipal-de-belo-horizonte-tecnico-legislativo\/#article","isPartOf":{"@id":"https:\/\/www.estrategiaconcursos.com.br\/blog\/curso-de-discursivas-para-camara-municipal-de-belo-horizonte-tecnico-legislativo\/"},"author":{"name":"Leandro Signori","@id":"https:\/\/www.estrategiaconcursos.com.br\/blog\/#\/schema\/person\/d2e7d78de4b9d6ba51cc24fd558a7f42"},"headline":"Curso de Discursivas para a C\u00e2mara Municipal de Belo Horizonte &#8211; T\u00e9cnico Legislativo","datePublished":"2017-09-28T00:53:28+00:00","dateModified":"2017-09-29T02:09:43+00:00","mainEntityOfPage":{"@id":"https:\/\/www.estrategiaconcursos.com.br\/blog\/curso-de-discursivas-para-camara-municipal-de-belo-horizonte-tecnico-legislativo\/"},"wordCount":766,"commentCount":4,"publisher":{"@id":"https:\/\/www.estrategiaconcursos.com.br\/blog\/#organization"},"keywords":["C\u00e2mara BH","Curso de reda\u00e7\u00e3o para concursos","Curso Discursivas"],"articleSection":["Concursos P\u00fablicos","Legislativo"],"inLanguage":"pt-BR","potentialAction":[{"@type":"CommentAction","name":"Comment","target":["https:\/\/www.estrategiaconcursos.com.br\/blog\/curso-de-discursivas-para-camara-municipal-de-belo-horizonte-tecnico-legislativo\/#respond"]}],"copyrightYear":"2017","copyrightHolder":{"@id":"https:\/\/www.estrategiaconcursos.com.br\/blog\/#organization"}},{"@type":"WebPage","@id":"https:\/\/www.estrategiaconcursos.com.br\/blog\/curso-de-discursivas-para-camara-municipal-de-belo-horizonte-tecnico-legislativo\/","url":"https:\/\/www.estrategiaconcursos.com.br\/blog\/curso-de-discursivas-para-camara-municipal-de-belo-horizonte-tecnico-legislativo\/","name":"Curso de Discursivas para a C\u00e2mara Municipal de Belo Horizonte - T\u00e9cnico Legislativo","isPartOf":{"@id":"https:\/\/www.estrategiaconcursos.com.br\/blog\/#website"},"datePublished":"2017-09-28T00:53:28+00:00","dateModified":"2017-09-29T02:09:43+00:00","breadcrumb":{"@id":"https:\/\/www.estrategiaconcursos.com.br\/blog\/curso-de-discursivas-para-camara-municipal-de-belo-horizonte-tecnico-legislativo\/#breadcrumb"},"inLanguage":"pt-BR","potentialAction":[{"@type":"ReadAction","target":["https:\/\/www.estrategiaconcursos.com.br\/blog\/curso-de-discursivas-para-camara-municipal-de-belo-horizonte-tecnico-legislativo\/"]}]},{"@type":"BreadcrumbList","@id":"https:\/\/www.estrategiaconcursos.com.br\/blog\/curso-de-discursivas-para-camara-municipal-de-belo-horizonte-tecnico-legislativo\/#breadcrumb","itemListElement":[{"@type":"ListItem","position":1,"name":"In\u00edcio","item":"https:\/\/www.estrategiaconcursos.com.br\/blog\/"},{"@type":"ListItem","position":2,"name":"Curso de Discursivas para a C\u00e2mara Municipal de Belo Horizonte &#8211; T\u00e9cnico Legislativo"}]},{"@type":"WebSite","@id":"https:\/\/www.estrategiaconcursos.com.br\/blog\/#website","url":"https:\/\/www.estrategiaconcursos.com.br\/blog\/","name":"Estrat\u00e9gia Concursos","description":"O blog da Estrat\u00e9gia Concursos traz not\u00edcias sobre concursos e artigos de professores oferecendo cursos para concursos (pdf + videaulas) no site.","publisher":{"@id":"https:\/\/www.estrategiaconcursos.com.br\/blog\/#organization"},"potentialAction":[{"@type":"SearchAction","target":{"@type":"EntryPoint","urlTemplate":"https:\/\/www.estrategiaconcursos.com.br\/blog\/?s={search_term_string}"},"query-input":{"@type":"PropertyValueSpecification","valueRequired":true,"valueName":"search_term_string"}}],"inLanguage":"pt-BR"},{"@type":"Organization","@id":"https:\/\/www.estrategiaconcursos.com.br\/blog\/#organization","name":"Estrat\u00e9gia Concursos","url":"https:\/\/www.estrategiaconcursos.com.br\/blog\/","logo":{"@type":"ImageObject","inLanguage":"pt-BR","@id":"https:\/\/www.estrategiaconcursos.com.br\/blog\/#\/schema\/logo\/image\/","url":"https:\/\/dhg1h5j42swfq.cloudfront.net\/2025\/06\/03203428\/logo_concursos-1.jpg","contentUrl":"https:\/\/dhg1h5j42swfq.cloudfront.net\/2025\/06\/03203428\/logo_concursos-1.jpg","width":230,"height":60,"caption":"Estrat\u00e9gia Concursos"},"image":{"@id":"https:\/\/www.estrategiaconcursos.com.br\/blog\/#\/schema\/logo\/image\/"},"sameAs":["https:\/\/x.com\/EstratConcursos"]},{"@type":"Person","@id":"https:\/\/www.estrategiaconcursos.com.br\/blog\/#\/schema\/person\/d2e7d78de4b9d6ba51cc24fd558a7f42","name":"Leandro Signori","image":{"@type":"ImageObject","inLanguage":"pt-BR","@id":"https:\/\/secure.gravatar.com\/avatar\/aa2ef98e93764dcf1758f52d2792d4b3e4089ee25bc520608dde62ad802ae541?s=96&d=mm&r=g","url":"https:\/\/secure.gravatar.com\/avatar\/aa2ef98e93764dcf1758f52d2792d4b3e4089ee25bc520608dde62ad802ae541?s=96&d=mm&r=g","contentUrl":"https:\/\/secure.gravatar.com\/avatar\/aa2ef98e93764dcf1758f52d2792d4b3e4089ee25bc520608dde62ad802ae541?s=96&d=mm&r=g","caption":"Leandro Signori"},"description":"Licenciado em Geografia pela Universidade Federal do Rio Grande do Sul (UFRGS) e Bacharel em Geografia pela Uniceub (Bras\u00edlia). Como servidor p\u00fablico, foi funcion\u00e1rio da Prefeitura de S\u00e3o Leopoldo (RS), Prefeitura de Porto Alegre (RS), Companhia Riograndense de Saneamento (Corsan) e Minist\u00e9rio da Integra\u00e7\u00e3o Nacional. \u00c9 professor de Geografia para o ensino m\u00e9dio na rede particular de ensino. Leciona as disciplinas de Atualidades, Conhecimentos Gerais, Geografia, Realidade Brasileira e Hist\u00f3ria, em cursos on line e presenciais preparat\u00f3rios para concursos p\u00fablicos.","sameAs":["https:\/\/www.facebook.com\/leandrosignoriatualidades\/"],"url":"https:\/\/www.estrategiaconcursos.com.br\/blog\/author\/leandroestrategiaconcursos-com-br\/"}]}},"_links":{"self":[{"href":"https:\/\/www.estrategiaconcursos.com.br\/blog\/wp-json\/wp\/v2\/posts\/90424","targetHints":{"allow":["GET"]}}],"collection":[{"href":"https:\/\/www.estrategiaconcursos.com.br\/blog\/wp-json\/wp\/v2\/posts"}],"about":[{"href":"https:\/\/www.estrategiaconcursos.com.br\/blog\/wp-json\/wp\/v2\/types\/post"}],"author":[{"embeddable":true,"href":"https:\/\/www.estrategiaconcursos.com.br\/blog\/wp-json\/wp\/v2\/users\/306"}],"replies":[{"embeddable":true,"href":"https:\/\/www.estrategiaconcursos.com.br\/blog\/wp-json\/wp\/v2\/comments?post=90424"}],"version-history":[{"count":4,"href":"https:\/\/www.estrategiaconcursos.com.br\/blog\/wp-json\/wp\/v2\/posts\/90424\/revisions"}],"predecessor-version":[{"id":90784,"href":"https:\/\/www.estrategiaconcursos.com.br\/blog\/wp-json\/wp\/v2\/posts\/90424\/revisions\/90784"}],"wp:attachment":[{"href":"https:\/\/www.estrategiaconcursos.com.br\/blog\/wp-json\/wp\/v2\/media?parent=90424"}],"wp:term":[{"taxonomy":"category","embeddable":true,"href":"https:\/\/www.estrategiaconcursos.com.br\/blog\/wp-json\/wp\/v2\/categories?post=90424"},{"taxonomy":"post_tag","embeddable":true,"href":"https:\/\/www.estrategiaconcursos.com.br\/blog\/wp-json\/wp\/v2\/tags?post=90424"},{"taxonomy":"tax_estado","embeddable":true,"href":"https:\/\/www.estrategiaconcursos.com.br\/blog\/wp-json\/wp\/v2\/tax_estado?post=90424"}],"curies":[{"name":"wp","href":"https:\/\/api.w.org\/{rel}","templated":true}]}}