{"id":90422,"date":"2017-09-26T10:49:37","date_gmt":"2017-09-26T13:49:37","guid":{"rendered":"https:\/\/www.estrategiaconcursos.com.br\/blog\/?p=90422"},"modified":"2021-08-28T13:11:38","modified_gmt":"2021-08-28T16:11:38","slug":"geografia-corpo-de-bombeiros-de-santa-catarina-prova-comentada","status":"publish","type":"post","link":"https:\/\/www.estrategiaconcursos.com.br\/blog\/geografia-corpo-de-bombeiros-de-santa-catarina-prova-comentada\/","title":{"rendered":"Geografia \u2013 Corpo de Bombeiros de Santa Catarina \u2013 prova comentada"},"content":{"rendered":"<p style=\"text-align: justify\">Ol\u00e1 galera do Estrat\u00e9gia Concursos,<\/p>\n<p style=\"text-align: justify\">Seguem os coment\u00e1rios das quest\u00f5es de Geografia da prova do Corpo de Bombeiros de Santa Catarina \u2013 Soldado, aplicada no \u00faltimo domingo, realizada pela Objetiva Concursos.<\/p>\n<p style=\"text-align: justify\">Tudo o que foi cobrado na prova estava no nosso curso. Concordo com o gabarito preliminar da banca.<\/p>\n<p style=\"text-align: justify\">Vamos aos coment\u00e1rios:<\/p>\n<p>&nbsp;<\/p>\n<p style=\"text-align: justify\"><strong>21) A preocupa\u00e7\u00e3o com o meio ambiente emerge como problema no Brasil a partir da d\u00e9cada de 1960 como consequ\u00eancia do desenvolvimento industrial, da polui\u00e7\u00e3o e do crescimento da sociedade de consumo. Pode-se resumir de forma sint\u00e9tica algumas causas gen\u00e9ricas que levaram \u00e0 acelera\u00e7\u00e3o da degrada\u00e7\u00e3o ambiental a partir da d\u00e9cada de 1960 no Brasil:<\/strong><br \/>\n<strong> I- As teorias econ\u00f4micas dos anos 50 que preconizavam a maximiza\u00e7\u00e3o dos benef\u00edcios monet\u00e1rios, sem preocupa\u00e7\u00e3o com a renova\u00e7\u00e3o dos recursos.<\/strong><br \/>\n<strong> II- A planifica\u00e7\u00e3o e a gest\u00e3o fragment\u00e1ria e setorial dos recursos naturais sem ter em conta suas intera\u00e7\u00f5es com todos os n\u00edveis ecol\u00f3gicos, sociais e econ\u00f4micos.<\/strong><br \/>\n<strong> III- A n\u00e3o inclus\u00e3o do homem nos sistemas naturais.<\/strong><br \/>\n<strong> Est\u00e1(\u00e3o) CORRETOS(S):<\/strong><br \/>\n<strong> a) Somente o item I.<\/strong><br \/>\n<strong> b) Somente o item II.<\/strong><br \/>\n<strong> c) Somente os itens I e II.<\/strong><br \/>\n<strong> d) Somente os itens II e III.<\/strong><br \/>\n<strong> e) Todos os itens.<\/strong><\/p>\n<p>&nbsp;<\/p>\n<p style=\"text-align: justify\"><strong><span style=\"text-decoration: underline\">COMENT\u00c1RIOS:<\/span><\/strong><\/p>\n<p style=\"text-align: justify\">Todas as alternativas est\u00e3o corretas, pois todas fazem parte do mesmo contexto, s\u00e3o complementares. A banca exp\u00f5e os problemas de forma bastante rom\u00e2ntica e, de certa forma, filos\u00f3fica, mas s\u00e3o ideias que tamb\u00e9m s\u00e3o pass\u00edveis de uma vis\u00e3o mais cient\u00edfica e objetiva, dependendo da \u00e1rea cient\u00edfica utilizada para embasar tais quest\u00f5es.<\/p>\n<p style=\"text-align: justify\"><strong>I- Correto.<\/strong> N\u00e3o somente no Brasil, como em todo o mundo, sempre se privilegiou a maximiza\u00e7\u00e3o do lucro, sem levar em considera\u00e7\u00e3o o esgotamento dos recursos naturais. Foi nas d\u00e9cadas de 1960 e 1970 que a quest\u00e3o ambiental emergiu como um problema global e que se passou a preconizar a quest\u00e3o da finitude dos recursos naturais e a sua preserva\u00e7\u00e3o.<\/p>\n<p style=\"text-align: justify\"><strong>II- Correto.<\/strong> A natureza \u00e9 uma rede complexa e interligada, e afetar uma de suas partes pode ter consequ\u00eancias no todo. N\u00e3o havia uma vis\u00e3o de mundo \u201chol\u00edstica\u201d e a preocupa\u00e7\u00e3o com as gera\u00e7\u00f5es seguintes. Com a ascens\u00e3o do pensamento ambientalista, essas quest\u00f5es entram em pauta.<\/p>\n<p style=\"text-align: justify\"><strong>III- Correto.<\/strong> Com o pensamento cartesiano, a natureza \u00e9 algo externo ao ser humano, ela deve ser \u201cdomada\u201d, \u201ccombatida\u201d. N\u00e3o se tinha a consci\u00eancia de que alterar a qualidade dos recursos naturais afetaria, de alguma forma, a vida humana, por isso o homem n\u00e3o era inclu\u00eddo nos sistemas naturais.<\/p>\n<p style=\"text-align: justify\"><strong>Gabarito: E<\/strong><\/p>\n<p>&nbsp;<\/p>\n<p style=\"text-align: justify\"><strong>22) \u201cOs fusos hor\u00e1rios se vinculam ao per\u00edodo de rota\u00e7\u00e3o do Planeta. Os fusos est\u00e3o referidos ao Meridiano de Greenwich ou Meridiano Internacional de Origem (meridiano que passa sobre o antigo Observat\u00f3rio Real de Greenwich, em um sub\u00farbio a leste de Londres), cuja longitude \u00e9 de zero grau, e ao seu antemeridiano, a 180\u00b0 deste, sobre o qual se localiza a Linha Internacional de Mudan\u00e7a de Data. Os fusos hor\u00e1rios s\u00e3o numerados de 1 a 12, a partir do meridiano de origem, com sinal positivo para leste, quando as horas est\u00e3o adiantadas em rela\u00e7\u00e3o \u00e0 origem, e sinal negativo para oeste, quando as horas est\u00e3o atrasadas em rela\u00e7\u00e3o \u00e0 Greenwich.\u201d FITZ, P.R. Cartografia B\u00e1sica. 2008.<\/strong><\/p>\n<p style=\"text-align: justify\"><strong>Em rela\u00e7\u00e3o aos fusos hor\u00e1rios presentes no territ\u00f3rio brasileiro, marcar C para as afirmativas Certas, E para as Erradas e, ap\u00f3s, assinalar a alternativa que apresenta a sequ\u00eancia CORRETA:<\/strong><\/p>\n<p style=\"text-align: justify\"><strong>( ) O Brasil, a partir de 2013, passou a ter quatro fusos. O quarto e novo fuso compreende o Acre e o lado oeste do Amazonas, que t\u00eam menos cinco horas em rela\u00e7\u00e3o \u00e0 hora de Greenwich.<\/strong><\/p>\n<p style=\"text-align: justify\"><strong>( ) O primeiro fuso engloba o arquip\u00e9lago de Fernando de Noronha, arquip\u00e9lago de S\u00e3o Pedro e S\u00e3o Paulo, ilha da Trindade e arquip\u00e9lago Martin Vaz, com menos duas horas em rela\u00e7\u00e3o \u00e0 hora de Greenwich.<\/strong><\/p>\n<p style=\"text-align: justify\"><strong>( ) O Estado de Santa Catarina est\u00e1 inserido no segundo fuso hor\u00e1rio, ou seja, menos tr\u00eas horas em rela\u00e7\u00e3o \u00e0 hora de Greenwich.<\/strong><\/p>\n<p style=\"text-align: justify\"><strong>a) C &#8211; C &#8211; C.<\/strong><\/p>\n<p style=\"text-align: justify\"><strong>b) E &#8211; E &#8211; C.<\/strong><\/p>\n<p style=\"text-align: justify\"><strong>c) C &#8211; E &#8211; E.<\/strong><\/p>\n<p style=\"text-align: justify\"><strong>d) E &#8211; C &#8211; C.<\/strong><\/p>\n<p style=\"text-align: justify\"><strong>e) C &#8211; E -E.<\/strong><\/p>\n<p>&nbsp;<\/p>\n<p style=\"text-align: justify\"><span style=\"text-decoration: underline\"><strong>COMENT\u00c1RIOS:<\/strong><\/span><\/p>\n<p style=\"text-align: justify\"><strong>I- Correto.<\/strong> O Brasil, a partir de 2013, passou a ter quatro fusos. O quarto e novo fuso compreende o Acre e o lado oeste do Amazonas, que t\u00eam menos cinco horas em rela\u00e7\u00e3o \u00e0 hora de Greenwich.<\/p>\n<p style=\"text-align: justify\"><strong>II- Correto.<\/strong> O primeiro fuso engloba o arquip\u00e9lago de Fernando de Noronha, arquip\u00e9lago de S\u00e3o Pedro e S\u00e3o Paulo, ilha da Trindade e arquip\u00e9lago Martin Vaz, com menos duas horas em rela\u00e7\u00e3o \u00e0 hora de Greenwich.<\/p>\n<p style=\"text-align: justify\"><strong>III- Correto.<\/strong> O estado de Santa Catarina est\u00e1 inserido no segundo fuso hor\u00e1rio, ou seja, menos tr\u00eas horas em rela\u00e7\u00e3o \u00e0 hora de Greenwich.<\/p>\n<p style=\"text-align: justify\"><strong>Gabarito: A<\/strong><\/p>\n<p>&nbsp;<\/p>\n<p style=\"text-align: justify\"><strong>23) Diariamente, os telejornais e os jornais, em seus servi\u00e7os de previs\u00e3o do tempo, mostram imagens de sat\u00e9lites onde se veem as posi\u00e7\u00f5es das frentes frias e quentes e das \u00e1reas de instabilidade, acompanhadas de informa\u00e7\u00f5es de interesse meteorol\u00f3gico. A cada dia a situa\u00e7\u00e3o muda, e mesmo dentro de um mesmo per\u00edodo de 24 horas podem ocorrer altera\u00e7\u00f5es significativas, exigindo uma observa\u00e7\u00e3o permanente para entender e, se poss\u00edvel, prever a varia\u00e7\u00e3o dos elementos que comp\u00f5em o complicado mecanismo do clima. S\u00e3o elementos constitutivos do clima:<\/strong><\/p>\n<p style=\"text-align: justify\"><strong>I &#8211; Temperatura.<\/strong><\/p>\n<p style=\"text-align: justify\"><strong>II &#8211; Umidade.<\/strong><\/p>\n<p style=\"text-align: justify\"><strong>III &#8211; Press\u00e3o atmosf\u00e9rica.<\/strong><\/p>\n<p style=\"text-align: justify\"><strong>IV &#8211; Maritimidade.<\/strong><\/p>\n<p style=\"text-align: justify\"><strong>Est\u00e3o CORRETOS:<\/strong><\/p>\n<p style=\"text-align: justify\"><strong>a) Somente os itens I e II.<\/strong><\/p>\n<p style=\"text-align: justify\"><strong>b) Somente os itens I, II e III.<\/strong><\/p>\n<p style=\"text-align: justify\"><strong>c) Somente os itens I, III e IV.<\/strong><\/p>\n<p style=\"text-align: justify\"><strong>d) Somente os itens II, III e IV.<\/strong><\/p>\n<p style=\"text-align: justify\"><strong>e) Todos os itens.<\/strong><\/p>\n<p>&nbsp;<\/p>\n<p style=\"text-align: justify\"><span style=\"text-decoration: underline\"><strong>COMENT\u00c1RIOS:<\/strong><\/span><\/p>\n<p style=\"text-align: justify\">S\u00e3o elementos constitutivos do clima a temperatura, umidade e press\u00e3o atmosf\u00e9rica. A maritimidade, junto com a continentalidade, latitude, altitude, entre outros, s\u00e3o fatores do clima, isto \u00e9, s\u00e3o fatores que atuam em uma determinada regi\u00e3o alterando os elementos constitutivos do clima, a saber, a temperatura, umidade e press\u00e3o.<br \/>\n<strong>Gabarito: B<\/strong><\/p>\n<p>&nbsp;<\/p>\n<p style=\"text-align: justify\"><strong>24) A atividade econ\u00f4mica do estado de Santa Catarina \u00e9 caracterizada pela divis\u00e3o em complexos. Com base nisso, \u00e9 CORRETO afirmar que, no Sul Catarinense, destaca-se o complexo:<\/strong><br \/>\n<strong> a) T\u00eaxtil.<\/strong><br \/>\n<strong> b) Eletro-metal-mec\u00e2nico.<\/strong><br \/>\n<strong> c) Agroindustrial.<\/strong><br \/>\n<strong> d) Mineral.<\/strong><br \/>\n<strong> e) Tecnol\u00f3gico.<\/strong><\/p>\n<p>&nbsp;<\/p>\n<p style=\"text-align: justify\"><span style=\"text-decoration: underline\"><strong>COMENT\u00c1RIOS:<\/strong><\/span><\/p>\n<p style=\"text-align: justify\">No Sul Catarinense, em cidades como Crici\u00fama e Tubar\u00e3o, \u00e9 onde est\u00e1 maior concentra\u00e7\u00e3o de ind\u00fastrias de extra\u00e7\u00e3o mineral e de produtos minerais do estado, em virtude das jazidas de carv\u00e3o mineral, argila, bauxita e caulim.<\/p>\n<p style=\"text-align: justify\">O complexo t\u00eaxtil se concentra na regi\u00e3o do Vale do Itaja\u00ed; o complexo eletro-metal-mec\u00e2nico se concentra na regi\u00e3o Nordeste; o complexo agroindustrial est\u00e1 na regi\u00e3o Oeste, ou Extremo Oeste; e o complexo tecnol\u00f3gico est\u00e1 na regi\u00e3o litor\u00e2nea, sobretudo em Florian\u00f3polis.<\/p>\n<p style=\"text-align: justify\"><strong>Gabarito: D<\/strong><\/p>\n<p>&nbsp;<\/p>\n<p style=\"text-align: justify\">Sucesso no concurso!<\/p>\n<p style=\"text-align: justify\">Prof. Leandro Signori<\/p>\n","protected":false},"excerpt":{"rendered":"<p>Ol\u00e1 galera do Estrat\u00e9gia Concursos, Seguem os coment\u00e1rios das quest\u00f5es de Geografia da prova do Corpo de Bombeiros de Santa Catarina \u2013 Soldado, aplicada no \u00faltimo domingo, realizada pela Objetiva Concursos. Tudo o que foi cobrado na prova estava no nosso curso. Concordo com o gabarito preliminar da banca. Vamos aos coment\u00e1rios: &nbsp; 21) A [&hellip;]<\/p>\n","protected":false},"author":306,"featured_media":0,"comment_status":"open","ping_status":"open","sticky":false,"template":"","format":"standard","meta":{"post_tipo":"article","footnotes":""},"categories":[1,1988],"tags":[547],"tax_estado":[219987],"class_list":["post-90422","post","type-post","status-publish","format-standard","hentry","category-cursos-e-concursos","category-policia","tag-geografia","tax_estado-sc"],"acf":[],"yoast_head":"<!-- This site is optimized with the Yoast SEO Premium plugin v27.2 (Yoast SEO v27.2) - https:\/\/yoast.com\/product\/yoast-seo-premium-wordpress\/ -->\n<title>Geografia \u2013 Corpo de Bombeiros de Santa Catarina \u2013 prova comentada<\/title>\n<meta name=\"robots\" content=\"index, follow, max-snippet:-1, max-image-preview:large, max-video-preview:-1\" \/>\n<link rel=\"canonical\" href=\"https:\/\/www.estrategiaconcursos.com.br\/blog\/geografia-corpo-de-bombeiros-de-santa-catarina-prova-comentada\/\" \/>\n<meta property=\"og:locale\" content=\"pt_BR\" \/>\n<meta property=\"og:type\" content=\"article\" \/>\n<meta property=\"og:title\" content=\"Geografia \u2013 Corpo de Bombeiros de Santa Catarina \u2013 prova comentada\" \/>\n<meta property=\"og:description\" content=\"Ol\u00e1 galera do Estrat\u00e9gia Concursos, Seguem os coment\u00e1rios das quest\u00f5es de Geografia da prova do Corpo de Bombeiros de Santa Catarina \u2013 Soldado, aplicada no \u00faltimo domingo, realizada pela Objetiva Concursos. Tudo o que foi cobrado na prova estava no nosso curso. Concordo com o gabarito preliminar da banca. Vamos aos coment\u00e1rios: &nbsp; 21) A [&hellip;]\" \/>\n<meta property=\"og:url\" content=\"https:\/\/www.estrategiaconcursos.com.br\/blog\/geografia-corpo-de-bombeiros-de-santa-catarina-prova-comentada\/\" \/>\n<meta property=\"og:site_name\" content=\"Estrat\u00e9gia Concursos\" \/>\n<meta property=\"article:author\" content=\"https:\/\/www.facebook.com\/leandrosignoriatualidades\/\" \/>\n<meta property=\"article:published_time\" content=\"2017-09-26T13:49:37+00:00\" \/>\n<meta property=\"article:modified_time\" content=\"2021-08-28T16:11:38+00:00\" \/>\n<meta name=\"author\" content=\"Leandro Signori\" \/>\n<meta name=\"twitter:card\" content=\"summary_large_image\" \/>\n<meta name=\"twitter:creator\" content=\"@EstratConcursos\" \/>\n<meta name=\"twitter:site\" content=\"@EstratConcursos\" \/>\n<meta name=\"twitter:label1\" content=\"Escrito por\" \/>\n\t<meta name=\"twitter:data1\" content=\"Leandro Signori\" \/>\n\t<meta name=\"twitter:label2\" content=\"Est. tempo de leitura\" \/>\n\t<meta name=\"twitter:data2\" content=\"5 minutos\" \/>\n<script type=\"application\/ld+json\" class=\"yoast-schema-graph\">{\"@context\":\"https:\/\/schema.org\",\"@graph\":[{\"@type\":\"NewsArticle\",\"@id\":\"https:\/\/www.estrategiaconcursos.com.br\/blog\/geografia-corpo-de-bombeiros-de-santa-catarina-prova-comentada\/#article\",\"isPartOf\":{\"@id\":\"https:\/\/www.estrategiaconcursos.com.br\/blog\/geografia-corpo-de-bombeiros-de-santa-catarina-prova-comentada\/\"},\"author\":{\"name\":\"Leandro Signori\",\"@id\":\"https:\/\/www.estrategiaconcursos.com.br\/blog\/#\/schema\/person\/d2e7d78de4b9d6ba51cc24fd558a7f42\"},\"headline\":\"Geografia \u2013 Corpo de Bombeiros de Santa Catarina \u2013 prova comentada\",\"datePublished\":\"2017-09-26T13:49:37+00:00\",\"dateModified\":\"2021-08-28T16:11:38+00:00\",\"mainEntityOfPage\":{\"@id\":\"https:\/\/www.estrategiaconcursos.com.br\/blog\/geografia-corpo-de-bombeiros-de-santa-catarina-prova-comentada\/\"},\"wordCount\":1214,\"commentCount\":0,\"publisher\":{\"@id\":\"https:\/\/www.estrategiaconcursos.com.br\/blog\/#organization\"},\"keywords\":[\"Geografia\"],\"articleSection\":[\"Concursos P\u00fablicos\",\"Policial (Agente, Escriv\u00e3o e Investigador)\"],\"inLanguage\":\"pt-BR\",\"potentialAction\":[{\"@type\":\"CommentAction\",\"name\":\"Comment\",\"target\":[\"https:\/\/www.estrategiaconcursos.com.br\/blog\/geografia-corpo-de-bombeiros-de-santa-catarina-prova-comentada\/#respond\"]}],\"copyrightYear\":\"2017\",\"copyrightHolder\":{\"@id\":\"https:\/\/www.estrategiaconcursos.com.br\/blog\/#organization\"}},{\"@type\":\"WebPage\",\"@id\":\"https:\/\/www.estrategiaconcursos.com.br\/blog\/geografia-corpo-de-bombeiros-de-santa-catarina-prova-comentada\/\",\"url\":\"https:\/\/www.estrategiaconcursos.com.br\/blog\/geografia-corpo-de-bombeiros-de-santa-catarina-prova-comentada\/\",\"name\":\"Geografia \u2013 Corpo de Bombeiros de Santa Catarina \u2013 prova comentada\",\"isPartOf\":{\"@id\":\"https:\/\/www.estrategiaconcursos.com.br\/blog\/#website\"},\"datePublished\":\"2017-09-26T13:49:37+00:00\",\"dateModified\":\"2021-08-28T16:11:38+00:00\",\"breadcrumb\":{\"@id\":\"https:\/\/www.estrategiaconcursos.com.br\/blog\/geografia-corpo-de-bombeiros-de-santa-catarina-prova-comentada\/#breadcrumb\"},\"inLanguage\":\"pt-BR\",\"potentialAction\":[{\"@type\":\"ReadAction\",\"target\":[\"https:\/\/www.estrategiaconcursos.com.br\/blog\/geografia-corpo-de-bombeiros-de-santa-catarina-prova-comentada\/\"]}]},{\"@type\":\"BreadcrumbList\",\"@id\":\"https:\/\/www.estrategiaconcursos.com.br\/blog\/geografia-corpo-de-bombeiros-de-santa-catarina-prova-comentada\/#breadcrumb\",\"itemListElement\":[{\"@type\":\"ListItem\",\"position\":1,\"name\":\"In\u00edcio\",\"item\":\"https:\/\/www.estrategiaconcursos.com.br\/blog\/\"},{\"@type\":\"ListItem\",\"position\":2,\"name\":\"Geografia \u2013 Corpo de Bombeiros de Santa Catarina \u2013 prova comentada\"}]},{\"@type\":\"WebSite\",\"@id\":\"https:\/\/www.estrategiaconcursos.com.br\/blog\/#website\",\"url\":\"https:\/\/www.estrategiaconcursos.com.br\/blog\/\",\"name\":\"Estrat\u00e9gia Concursos\",\"description\":\"O blog da Estrat\u00e9gia Concursos traz not\u00edcias sobre concursos e artigos de professores oferecendo cursos para concursos (pdf + videaulas) no site.\",\"publisher\":{\"@id\":\"https:\/\/www.estrategiaconcursos.com.br\/blog\/#organization\"},\"potentialAction\":[{\"@type\":\"SearchAction\",\"target\":{\"@type\":\"EntryPoint\",\"urlTemplate\":\"https:\/\/www.estrategiaconcursos.com.br\/blog\/?s={search_term_string}\"},\"query-input\":{\"@type\":\"PropertyValueSpecification\",\"valueRequired\":true,\"valueName\":\"search_term_string\"}}],\"inLanguage\":\"pt-BR\"},{\"@type\":\"Organization\",\"@id\":\"https:\/\/www.estrategiaconcursos.com.br\/blog\/#organization\",\"name\":\"Estrat\u00e9gia Concursos\",\"url\":\"https:\/\/www.estrategiaconcursos.com.br\/blog\/\",\"logo\":{\"@type\":\"ImageObject\",\"inLanguage\":\"pt-BR\",\"@id\":\"https:\/\/www.estrategiaconcursos.com.br\/blog\/#\/schema\/logo\/image\/\",\"url\":\"https:\/\/dhg1h5j42swfq.cloudfront.net\/2025\/06\/03203428\/logo_concursos-1.jpg\",\"contentUrl\":\"https:\/\/dhg1h5j42swfq.cloudfront.net\/2025\/06\/03203428\/logo_concursos-1.jpg\",\"width\":230,\"height\":60,\"caption\":\"Estrat\u00e9gia Concursos\"},\"image\":{\"@id\":\"https:\/\/www.estrategiaconcursos.com.br\/blog\/#\/schema\/logo\/image\/\"},\"sameAs\":[\"https:\/\/x.com\/EstratConcursos\"]},{\"@type\":\"Person\",\"@id\":\"https:\/\/www.estrategiaconcursos.com.br\/blog\/#\/schema\/person\/d2e7d78de4b9d6ba51cc24fd558a7f42\",\"name\":\"Leandro Signori\",\"image\":{\"@type\":\"ImageObject\",\"inLanguage\":\"pt-BR\",\"@id\":\"https:\/\/secure.gravatar.com\/avatar\/aa2ef98e93764dcf1758f52d2792d4b3e4089ee25bc520608dde62ad802ae541?s=96&d=mm&r=g\",\"url\":\"https:\/\/secure.gravatar.com\/avatar\/aa2ef98e93764dcf1758f52d2792d4b3e4089ee25bc520608dde62ad802ae541?s=96&d=mm&r=g\",\"contentUrl\":\"https:\/\/secure.gravatar.com\/avatar\/aa2ef98e93764dcf1758f52d2792d4b3e4089ee25bc520608dde62ad802ae541?s=96&d=mm&r=g\",\"caption\":\"Leandro Signori\"},\"description\":\"Licenciado em Geografia pela Universidade Federal do Rio Grande do Sul (UFRGS) e Bacharel em Geografia pela Uniceub (Bras\u00edlia). Como servidor p\u00fablico, foi funcion\u00e1rio da Prefeitura de S\u00e3o Leopoldo (RS), Prefeitura de Porto Alegre (RS), Companhia Riograndense de Saneamento (Corsan) e Minist\u00e9rio da Integra\u00e7\u00e3o Nacional. \u00c9 professor de Geografia para o ensino m\u00e9dio na rede particular de ensino. Leciona as disciplinas de Atualidades, Conhecimentos Gerais, Geografia, Realidade Brasileira e Hist\u00f3ria, em cursos on line e presenciais preparat\u00f3rios para concursos p\u00fablicos.\",\"sameAs\":[\"https:\/\/www.facebook.com\/leandrosignoriatualidades\/\"],\"url\":\"https:\/\/www.estrategiaconcursos.com.br\/blog\/author\/leandroestrategiaconcursos-com-br\/\"}]}<\/script>\n<!-- \/ Yoast SEO Premium plugin. -->","yoast_head_json":{"title":"Geografia \u2013 Corpo de Bombeiros de Santa Catarina \u2013 prova comentada","robots":{"index":"index","follow":"follow","max-snippet":"max-snippet:-1","max-image-preview":"max-image-preview:large","max-video-preview":"max-video-preview:-1"},"canonical":"https:\/\/www.estrategiaconcursos.com.br\/blog\/geografia-corpo-de-bombeiros-de-santa-catarina-prova-comentada\/","og_locale":"pt_BR","og_type":"article","og_title":"Geografia \u2013 Corpo de Bombeiros de Santa Catarina \u2013 prova comentada","og_description":"Ol\u00e1 galera do Estrat\u00e9gia Concursos, Seguem os coment\u00e1rios das quest\u00f5es de Geografia da prova do Corpo de Bombeiros de Santa Catarina \u2013 Soldado, aplicada no \u00faltimo domingo, realizada pela Objetiva Concursos. Tudo o que foi cobrado na prova estava no nosso curso. Concordo com o gabarito preliminar da banca. Vamos aos coment\u00e1rios: &nbsp; 21) A [&hellip;]","og_url":"https:\/\/www.estrategiaconcursos.com.br\/blog\/geografia-corpo-de-bombeiros-de-santa-catarina-prova-comentada\/","og_site_name":"Estrat\u00e9gia Concursos","article_author":"https:\/\/www.facebook.com\/leandrosignoriatualidades\/","article_published_time":"2017-09-26T13:49:37+00:00","article_modified_time":"2021-08-28T16:11:38+00:00","author":"Leandro Signori","twitter_card":"summary_large_image","twitter_creator":"@EstratConcursos","twitter_site":"@EstratConcursos","twitter_misc":{"Escrito por":"Leandro Signori","Est. tempo de leitura":"5 minutos"},"schema":{"@context":"https:\/\/schema.org","@graph":[{"@type":"NewsArticle","@id":"https:\/\/www.estrategiaconcursos.com.br\/blog\/geografia-corpo-de-bombeiros-de-santa-catarina-prova-comentada\/#article","isPartOf":{"@id":"https:\/\/www.estrategiaconcursos.com.br\/blog\/geografia-corpo-de-bombeiros-de-santa-catarina-prova-comentada\/"},"author":{"name":"Leandro Signori","@id":"https:\/\/www.estrategiaconcursos.com.br\/blog\/#\/schema\/person\/d2e7d78de4b9d6ba51cc24fd558a7f42"},"headline":"Geografia \u2013 Corpo de Bombeiros de Santa Catarina \u2013 prova comentada","datePublished":"2017-09-26T13:49:37+00:00","dateModified":"2021-08-28T16:11:38+00:00","mainEntityOfPage":{"@id":"https:\/\/www.estrategiaconcursos.com.br\/blog\/geografia-corpo-de-bombeiros-de-santa-catarina-prova-comentada\/"},"wordCount":1214,"commentCount":0,"publisher":{"@id":"https:\/\/www.estrategiaconcursos.com.br\/blog\/#organization"},"keywords":["Geografia"],"articleSection":["Concursos P\u00fablicos","Policial (Agente, Escriv\u00e3o e Investigador)"],"inLanguage":"pt-BR","potentialAction":[{"@type":"CommentAction","name":"Comment","target":["https:\/\/www.estrategiaconcursos.com.br\/blog\/geografia-corpo-de-bombeiros-de-santa-catarina-prova-comentada\/#respond"]}],"copyrightYear":"2017","copyrightHolder":{"@id":"https:\/\/www.estrategiaconcursos.com.br\/blog\/#organization"}},{"@type":"WebPage","@id":"https:\/\/www.estrategiaconcursos.com.br\/blog\/geografia-corpo-de-bombeiros-de-santa-catarina-prova-comentada\/","url":"https:\/\/www.estrategiaconcursos.com.br\/blog\/geografia-corpo-de-bombeiros-de-santa-catarina-prova-comentada\/","name":"Geografia \u2013 Corpo de Bombeiros de Santa Catarina \u2013 prova comentada","isPartOf":{"@id":"https:\/\/www.estrategiaconcursos.com.br\/blog\/#website"},"datePublished":"2017-09-26T13:49:37+00:00","dateModified":"2021-08-28T16:11:38+00:00","breadcrumb":{"@id":"https:\/\/www.estrategiaconcursos.com.br\/blog\/geografia-corpo-de-bombeiros-de-santa-catarina-prova-comentada\/#breadcrumb"},"inLanguage":"pt-BR","potentialAction":[{"@type":"ReadAction","target":["https:\/\/www.estrategiaconcursos.com.br\/blog\/geografia-corpo-de-bombeiros-de-santa-catarina-prova-comentada\/"]}]},{"@type":"BreadcrumbList","@id":"https:\/\/www.estrategiaconcursos.com.br\/blog\/geografia-corpo-de-bombeiros-de-santa-catarina-prova-comentada\/#breadcrumb","itemListElement":[{"@type":"ListItem","position":1,"name":"In\u00edcio","item":"https:\/\/www.estrategiaconcursos.com.br\/blog\/"},{"@type":"ListItem","position":2,"name":"Geografia \u2013 Corpo de Bombeiros de Santa Catarina \u2013 prova comentada"}]},{"@type":"WebSite","@id":"https:\/\/www.estrategiaconcursos.com.br\/blog\/#website","url":"https:\/\/www.estrategiaconcursos.com.br\/blog\/","name":"Estrat\u00e9gia Concursos","description":"O blog da Estrat\u00e9gia Concursos traz not\u00edcias sobre concursos e artigos de professores oferecendo cursos para concursos (pdf + videaulas) no site.","publisher":{"@id":"https:\/\/www.estrategiaconcursos.com.br\/blog\/#organization"},"potentialAction":[{"@type":"SearchAction","target":{"@type":"EntryPoint","urlTemplate":"https:\/\/www.estrategiaconcursos.com.br\/blog\/?s={search_term_string}"},"query-input":{"@type":"PropertyValueSpecification","valueRequired":true,"valueName":"search_term_string"}}],"inLanguage":"pt-BR"},{"@type":"Organization","@id":"https:\/\/www.estrategiaconcursos.com.br\/blog\/#organization","name":"Estrat\u00e9gia Concursos","url":"https:\/\/www.estrategiaconcursos.com.br\/blog\/","logo":{"@type":"ImageObject","inLanguage":"pt-BR","@id":"https:\/\/www.estrategiaconcursos.com.br\/blog\/#\/schema\/logo\/image\/","url":"https:\/\/dhg1h5j42swfq.cloudfront.net\/2025\/06\/03203428\/logo_concursos-1.jpg","contentUrl":"https:\/\/dhg1h5j42swfq.cloudfront.net\/2025\/06\/03203428\/logo_concursos-1.jpg","width":230,"height":60,"caption":"Estrat\u00e9gia Concursos"},"image":{"@id":"https:\/\/www.estrategiaconcursos.com.br\/blog\/#\/schema\/logo\/image\/"},"sameAs":["https:\/\/x.com\/EstratConcursos"]},{"@type":"Person","@id":"https:\/\/www.estrategiaconcursos.com.br\/blog\/#\/schema\/person\/d2e7d78de4b9d6ba51cc24fd558a7f42","name":"Leandro Signori","image":{"@type":"ImageObject","inLanguage":"pt-BR","@id":"https:\/\/secure.gravatar.com\/avatar\/aa2ef98e93764dcf1758f52d2792d4b3e4089ee25bc520608dde62ad802ae541?s=96&d=mm&r=g","url":"https:\/\/secure.gravatar.com\/avatar\/aa2ef98e93764dcf1758f52d2792d4b3e4089ee25bc520608dde62ad802ae541?s=96&d=mm&r=g","contentUrl":"https:\/\/secure.gravatar.com\/avatar\/aa2ef98e93764dcf1758f52d2792d4b3e4089ee25bc520608dde62ad802ae541?s=96&d=mm&r=g","caption":"Leandro Signori"},"description":"Licenciado em Geografia pela Universidade Federal do Rio Grande do Sul (UFRGS) e Bacharel em Geografia pela Uniceub (Bras\u00edlia). Como servidor p\u00fablico, foi funcion\u00e1rio da Prefeitura de S\u00e3o Leopoldo (RS), Prefeitura de Porto Alegre (RS), Companhia Riograndense de Saneamento (Corsan) e Minist\u00e9rio da Integra\u00e7\u00e3o Nacional. \u00c9 professor de Geografia para o ensino m\u00e9dio na rede particular de ensino. Leciona as disciplinas de Atualidades, Conhecimentos Gerais, Geografia, Realidade Brasileira e Hist\u00f3ria, em cursos on line e presenciais preparat\u00f3rios para concursos p\u00fablicos.","sameAs":["https:\/\/www.facebook.com\/leandrosignoriatualidades\/"],"url":"https:\/\/www.estrategiaconcursos.com.br\/blog\/author\/leandroestrategiaconcursos-com-br\/"}]}},"_links":{"self":[{"href":"https:\/\/www.estrategiaconcursos.com.br\/blog\/wp-json\/wp\/v2\/posts\/90422","targetHints":{"allow":["GET"]}}],"collection":[{"href":"https:\/\/www.estrategiaconcursos.com.br\/blog\/wp-json\/wp\/v2\/posts"}],"about":[{"href":"https:\/\/www.estrategiaconcursos.com.br\/blog\/wp-json\/wp\/v2\/types\/post"}],"author":[{"embeddable":true,"href":"https:\/\/www.estrategiaconcursos.com.br\/blog\/wp-json\/wp\/v2\/users\/306"}],"replies":[{"embeddable":true,"href":"https:\/\/www.estrategiaconcursos.com.br\/blog\/wp-json\/wp\/v2\/comments?post=90422"}],"version-history":[{"count":5,"href":"https:\/\/www.estrategiaconcursos.com.br\/blog\/wp-json\/wp\/v2\/posts\/90422\/revisions"}],"predecessor-version":[{"id":90786,"href":"https:\/\/www.estrategiaconcursos.com.br\/blog\/wp-json\/wp\/v2\/posts\/90422\/revisions\/90786"}],"wp:attachment":[{"href":"https:\/\/www.estrategiaconcursos.com.br\/blog\/wp-json\/wp\/v2\/media?parent=90422"}],"wp:term":[{"taxonomy":"category","embeddable":true,"href":"https:\/\/www.estrategiaconcursos.com.br\/blog\/wp-json\/wp\/v2\/categories?post=90422"},{"taxonomy":"post_tag","embeddable":true,"href":"https:\/\/www.estrategiaconcursos.com.br\/blog\/wp-json\/wp\/v2\/tags?post=90422"},{"taxonomy":"tax_estado","embeddable":true,"href":"https:\/\/www.estrategiaconcursos.com.br\/blog\/wp-json\/wp\/v2\/tax_estado?post=90422"}],"curies":[{"name":"wp","href":"https:\/\/api.w.org\/{rel}","templated":true}]}}