{"id":903339,"date":"2021-12-07T19:00:00","date_gmt":"2021-12-07T22:00:00","guid":{"rendered":"https:\/\/www.estrategiaconcursos.com.br\/blog\/?p=903339"},"modified":"2023-07-21T11:28:01","modified_gmt":"2023-07-21T14:28:01","slug":"comunicacao-social-para-uerj-4-anos-em-50-dias","status":"publish","type":"post","link":"https:\/\/www.estrategiaconcursos.com.br\/blog\/comunicacao-social-para-uerj-4-anos-em-50-dias\/","title":{"rendered":"Comunica\u00e7\u00e3o Social para UERJ: 4 anos em 50 dias: nesta ter\u00e7a!"},"content":{"rendered":"\n<p>A professora <em><strong>J\u00falia Branco<\/strong><\/em> ministra nesta ter\u00e7a-feira, 07 de dezembro de 2021, \u00e0s 20:00, a aula &#8220;Comunica\u00e7\u00e3o Social para UERJ: 4 anos em 50 dias&#8221;. Acompanhe ao vivo e gratuitamente pelo canal do Estrat\u00e9gia Concursos no Youtube! Confira abaixo as principais informa\u00e7\u00f5es: <\/p>\n\n\n\n<h3 class=\"wp-block-heading\">Comunica\u00e7\u00e3o Social para UERJ: cronograma<\/h3>\n\n\n\n<p class=\"has-light-green-cyan-background-color has-background\"><strong>Data: 07\/12\/2021<br \/>Hor\u00e1rio: 20:00<\/strong><br \/><strong>Onde: <a href=\"https:\/\/www.youtube.com\/channel\/UChvwkhC3eHxJsVxW_ItDjdA\" target=\"_blank\" rel=\"noreferrer noopener\">canal do Estrat\u00e9gia Concursos no Youtube<\/a> <\/strong><br \/><strong>Professor: J\u00falia Branco<\/strong><\/p>\n\n\n\n<h3 class=\"wp-block-heading\">Comunica\u00e7\u00e3o Social para UERJ: curiosidades<\/h3>\n\n\n\n<p>O concurso UERJ, j\u00e1 com edital publicado inscri\u00e7\u00f5es encerradas em novembro, oferta&nbsp;<strong>15 vagas<\/strong>&nbsp;para as \u00e1reas de&nbsp;<strong>Jornalismo, Rela\u00e7\u00f5es P\u00fablicas e Publicidade<\/strong>. As remunera\u00e7\u00f5es, ap\u00f3s a aprova\u00e7\u00e3o no concurso, ser\u00e3o de R$5.400. Esse valor inclui o vencimento base de R$4.800 mais o aux\u00edlio-alimenta\u00e7\u00e3o de R$600.<\/p>\n\n\n\n<p>O pr\u00e9-requisito \u00e9 ter o ensino superior em Comunica\u00e7\u00e3o Social com habilita\u00e7\u00e3o na \u00e1rea espec\u00edfica do perfil ao qual concorre \u2013 Jornalismo, Rela\u00e7\u00f5es P\u00fablicas ou Publicidade e Propaganda.&nbsp;<\/p>\n\n\n\n<p>Os aprovados tamb\u00e9m ter\u00e3o outros benef\u00edcios, como por exemplo, Aux\u00edlio-transporte; Adicional por Tempo de Servi\u00e7o; Aux\u00edlio ao Dependente Portador de Necessidades Especiais; Aux\u00edlio-Creche; Aux\u00edlio-Doen\u00e7a; Aux\u00edlio-Funeral.<\/p>\n\n\n\n<p>O pagamento dos benef\u00edcios depende da situa\u00e7\u00e3o de cada servidor. A Uerj ainda concede adicional de qualifica\u00e7\u00e3o para quem tem n\u00edvel acima ao requisito do cargo. No caso de t\u00e9cnico de t\u00e9cnico universit\u00e1rio superior os valores s\u00e3o de:<\/p>\n\n\n\n<ul class=\"wp-block-list\">\n<li>R$210 para quem tem especializa\u00e7\u00e3o;<\/li>\n\n\n\n<li>R$420 para quem tem mestrado; e<\/li>\n\n\n\n<li>R$840 para quem tem doutorado.<\/li>\n<\/ul>\n\n\n\n<p>A Universidade do Estado do Rio de Janeiro registrou&nbsp;1.842 inscritos no concurso, sendo 1.412 para Jornalismo, 282 para Publicidade e 148 para Rela\u00e7\u00f5es P\u00fablicas. As provas est\u00e3o previstas para 30 de janeiro de 2022.<\/p>\n\n\n\n<p class=\"has-text-align-center has-background has-medium-font-size\" style=\"background-color:#d9d9d9\"><strong>Saiba mais: <a href=\"https:\/\/www.estrategiaconcursos.com.br\/blog\/concurso-uerj-comunicador-social\/\" target=\"_blank\" rel=\"noreferrer noopener\">concurso UERJ<\/a><\/strong><\/p>\n\n\n\n<h2 class=\"wp-block-heading has-text-align-center\" id=\"h-quer-saber-tudo-sobre-concursos-previstos-confira-nossos-artigos\">Quer saber tudo sobre concursos previstos?<br \/>Confira nossos artigos!<\/h2>\n\n\n\n<ul class=\"wp-block-list\">\n<li><a href=\"https:\/\/www.estrategiaconcursos.com.br\/blog\/concursos-abertos\/\" target=\"_blank\" rel=\"noreferrer noopener\">Concursos abertos<\/a><\/li>\n\n\n\n<li><a href=\"https:\/\/www.estrategiaconcursos.com.br\/blog\/concursos-2021\/\" target=\"_blank\" rel=\"noreferrer noopener\">Concursos 2021<\/a><\/li>\n\n\n\n<li><a href=\"https:\/\/www.estrategiaconcursos.com.br\/blog\/concursos-2022\/\" target=\"_blank\" rel=\"noreferrer noopener\">Concursos 2022<\/a><\/li>\n<\/ul>\n\n\n\n<h2 class=\"wp-block-heading has-text-align-center\" id=\"cursos\">Cursos e assinaturas<\/h2>\n\n\n\n<hr class=\"wp-block-separator has-css-opacity\"\/>\n\n\n\n<div class=\"container\" id=\"boxes\">\n  <div class=\"row\">\n\n    <div class=\"col-sm\">\n      <div class=\"banner-estrategia\" id=\"box-assinatura\">\n        <h3 class=\"titulo-assinatura\">Curso para o concurso UERJ<\/h3>\n        <p class=\"subtitulo-assinatura\">Estude conosco<\/p>\n        <div class=\"box-botao\">\n          <a class=\"btn-assinatura\" target=\"_blank\" href=\"https:\/\/www.estrategiaconcursos.com.br\/cursosPorMateria\/educacao-187\/\" rel=\"noopener noreferrer\">Conhe\u00e7a os cursos<\/a>\n        <\/div>\n      <\/div>\n    \n    <\/div>\n\n  <\/div>\n<\/div>\n\n\n\n<div class=\"container\" id=\"boxes\">\n  <div class=\"row\">\n\n    <div class=\"col-sm\">\n      <div class=\"estrategia\" id=\"box-assinatura\">\n        <h3 class=\"titulo-assinatura\">Assinaturas<\/h3>\n        <p class=\"subtitulo-assinatura\">Assinatura de 1 ano ou 2 anos<\/p>\n        <div class=\"box-botao\">\n          <a class=\"btn-assinatura\" target=\"_blank\" href=\"https:\/\/www.estrategiaconcursos.com.br\/assinaturas\/\" role=\"button\" rel=\"noopener noreferrer\">ASSINE AGORA<\/a>\n        <\/div>\n         <\/div><\/div><\/div><\/div>\n","protected":false},"excerpt":{"rendered":"<p>A professora J\u00falia Branco ministra nesta ter\u00e7a-feira, 07 de dezembro de 2021, \u00e0s 20:00, a aula &#8220;Comunica\u00e7\u00e3o Social para UERJ: 4 anos em 50 dias&#8221;. Acompanhe ao vivo e gratuitamente pelo canal do Estrat\u00e9gia Concursos no Youtube! Confira abaixo as principais informa\u00e7\u00f5es: Comunica\u00e7\u00e3o Social para UERJ: cronograma Data: 07\/12\/2021Hor\u00e1rio: 20:00Onde: canal do Estrat\u00e9gia Concursos no [&hellip;]<\/p>\n","protected":false},"author":1,"featured_media":796054,"comment_status":"open","ping_status":"closed","sticky":false,"template":"","format":"standard","meta":{"post_tipo":"news","footnotes":""},"categories":[3766],"tags":[],"tax_estado":[219982],"class_list":["post-903339","post","type-post","status-publish","format-standard","has-post-thumbnail","hentry","category-educacional","tax_estado-rj"],"acf":[],"yoast_head":"<!-- This site is optimized with the Yoast SEO Premium plugin v27.2 (Yoast SEO v27.2) - https:\/\/yoast.com\/product\/yoast-seo-premium-wordpress\/ -->\n<title>Comunica\u00e7\u00e3o Social para UERJ: 4 anos em 50 dias: nesta ter\u00e7a!<\/title>\n<meta name=\"description\" content=\"Comunica\u00e7\u00e3o Social para UERJ: 4 anos em 50 dias. Este evento ir\u00e1 nortear seus estusos para a realiza\u00e7\u00e3o do certame. Saiba tudo neste artigo!\" \/>\n<meta name=\"robots\" content=\"index, follow, max-snippet:-1, max-image-preview:large, max-video-preview:-1\" \/>\n<link rel=\"canonical\" href=\"https:\/\/www.estrategiaconcursos.com.br\/blog\/comunicacao-social-para-uerj-4-anos-em-50-dias\/\" \/>\n<meta property=\"og:locale\" content=\"pt_BR\" \/>\n<meta property=\"og:type\" content=\"article\" \/>\n<meta property=\"og:title\" content=\"Comunica\u00e7\u00e3o Social para UERJ: 4 anos em 50 dias: nesta ter\u00e7a!\" \/>\n<meta property=\"og:description\" content=\"Comunica\u00e7\u00e3o Social para UERJ: 4 anos em 50 dias. Este evento ir\u00e1 nortear seus estusos para a realiza\u00e7\u00e3o do certame. Saiba tudo neste artigo!\" \/>\n<meta property=\"og:url\" content=\"https:\/\/www.estrategiaconcursos.com.br\/blog\/comunicacao-social-para-uerj-4-anos-em-50-dias\/\" \/>\n<meta property=\"og:site_name\" content=\"Estrat\u00e9gia Concursos\" \/>\n<meta property=\"article:author\" content=\"https:\/\/www.facebook.com\/EstrategiaConcursos\" \/>\n<meta property=\"article:published_time\" content=\"2021-12-07T22:00:00+00:00\" \/>\n<meta property=\"article:modified_time\" content=\"2023-07-21T14:28:01+00:00\" \/>\n<meta property=\"og:image\" content=\"https:\/\/dhg1h5j42swfq.cloudfront.net\/2021\/06\/15155537\/concurso-uerj.jpg\" \/>\n\t<meta property=\"og:image:width\" content=\"768\" \/>\n\t<meta property=\"og:image:height\" content=\"432\" \/>\n\t<meta property=\"og:image:type\" content=\"image\/jpeg\" \/>\n<meta name=\"author\" content=\"Coordena\u00e7\u00e3o\" \/>\n<meta name=\"twitter:card\" content=\"summary_large_image\" \/>\n<meta name=\"twitter:creator\" content=\"@EstratConcursos\" \/>\n<meta name=\"twitter:site\" content=\"@EstratConcursos\" \/>\n<meta name=\"twitter:label1\" content=\"Escrito por\" \/>\n\t<meta name=\"twitter:data1\" content=\"Coordena\u00e7\u00e3o\" \/>\n\t<meta name=\"twitter:label2\" content=\"Est. tempo de leitura\" \/>\n\t<meta name=\"twitter:data2\" content=\"2 minutos\" \/>\n<script type=\"application\/ld+json\" class=\"yoast-schema-graph\">{\"@context\":\"https:\/\/schema.org\",\"@graph\":[{\"@type\":\"NewsArticle\",\"@id\":\"https:\/\/www.estrategiaconcursos.com.br\/blog\/comunicacao-social-para-uerj-4-anos-em-50-dias\/#article\",\"isPartOf\":{\"@id\":\"https:\/\/www.estrategiaconcursos.com.br\/blog\/comunicacao-social-para-uerj-4-anos-em-50-dias\/\"},\"author\":{\"name\":\"Coordena\u00e7\u00e3o\",\"@id\":\"https:\/\/www.estrategiaconcursos.com.br\/blog\/#\/schema\/person\/b4a388c97673c5f483d72185668afa1f\"},\"headline\":\"Comunica\u00e7\u00e3o Social para UERJ: 4 anos em 50 dias: nesta ter\u00e7a!\",\"datePublished\":\"2021-12-07T22:00:00+00:00\",\"dateModified\":\"2023-07-21T14:28:01+00:00\",\"mainEntityOfPage\":{\"@id\":\"https:\/\/www.estrategiaconcursos.com.br\/blog\/comunicacao-social-para-uerj-4-anos-em-50-dias\/\"},\"wordCount\":340,\"commentCount\":0,\"publisher\":{\"@id\":\"https:\/\/www.estrategiaconcursos.com.br\/blog\/#organization\"},\"image\":{\"@id\":\"https:\/\/www.estrategiaconcursos.com.br\/blog\/comunicacao-social-para-uerj-4-anos-em-50-dias\/#primaryimage\"},\"thumbnailUrl\":\"https:\/\/dhg1h5j42swfq.cloudfront.net\/2021\/06\/15155537\/concurso-uerj.jpg\",\"articleSection\":[\"Educa\u00e7\u00e3o\"],\"inLanguage\":\"pt-BR\",\"potentialAction\":[{\"@type\":\"CommentAction\",\"name\":\"Comment\",\"target\":[\"https:\/\/www.estrategiaconcursos.com.br\/blog\/comunicacao-social-para-uerj-4-anos-em-50-dias\/#respond\"]}],\"copyrightYear\":\"2021\",\"copyrightHolder\":{\"@id\":\"https:\/\/www.estrategiaconcursos.com.br\/blog\/#organization\"}},{\"@type\":\"WebPage\",\"@id\":\"https:\/\/www.estrategiaconcursos.com.br\/blog\/comunicacao-social-para-uerj-4-anos-em-50-dias\/\",\"url\":\"https:\/\/www.estrategiaconcursos.com.br\/blog\/comunicacao-social-para-uerj-4-anos-em-50-dias\/\",\"name\":\"Comunica\u00e7\u00e3o Social para UERJ: 4 anos em 50 dias: nesta ter\u00e7a!\",\"isPartOf\":{\"@id\":\"https:\/\/www.estrategiaconcursos.com.br\/blog\/#website\"},\"primaryImageOfPage\":{\"@id\":\"https:\/\/www.estrategiaconcursos.com.br\/blog\/comunicacao-social-para-uerj-4-anos-em-50-dias\/#primaryimage\"},\"image\":{\"@id\":\"https:\/\/www.estrategiaconcursos.com.br\/blog\/comunicacao-social-para-uerj-4-anos-em-50-dias\/#primaryimage\"},\"thumbnailUrl\":\"https:\/\/dhg1h5j42swfq.cloudfront.net\/2021\/06\/15155537\/concurso-uerj.jpg\",\"datePublished\":\"2021-12-07T22:00:00+00:00\",\"dateModified\":\"2023-07-21T14:28:01+00:00\",\"description\":\"Comunica\u00e7\u00e3o Social para UERJ: 4 anos em 50 dias. Este evento ir\u00e1 nortear seus estusos para a realiza\u00e7\u00e3o do certame. Saiba tudo neste artigo!\",\"breadcrumb\":{\"@id\":\"https:\/\/www.estrategiaconcursos.com.br\/blog\/comunicacao-social-para-uerj-4-anos-em-50-dias\/#breadcrumb\"},\"inLanguage\":\"pt-BR\",\"potentialAction\":[{\"@type\":\"ReadAction\",\"target\":[\"https:\/\/www.estrategiaconcursos.com.br\/blog\/comunicacao-social-para-uerj-4-anos-em-50-dias\/\"]}]},{\"@type\":\"ImageObject\",\"inLanguage\":\"pt-BR\",\"@id\":\"https:\/\/www.estrategiaconcursos.com.br\/blog\/comunicacao-social-para-uerj-4-anos-em-50-dias\/#primaryimage\",\"url\":\"https:\/\/dhg1h5j42swfq.cloudfront.net\/2021\/06\/15155537\/concurso-uerj.jpg\",\"contentUrl\":\"https:\/\/dhg1h5j42swfq.cloudfront.net\/2021\/06\/15155537\/concurso-uerj.jpg\",\"width\":768,\"height\":432,\"caption\":\"Concurso UERJ\"},{\"@type\":\"BreadcrumbList\",\"@id\":\"https:\/\/www.estrategiaconcursos.com.br\/blog\/comunicacao-social-para-uerj-4-anos-em-50-dias\/#breadcrumb\",\"itemListElement\":[{\"@type\":\"ListItem\",\"position\":1,\"name\":\"In\u00edcio\",\"item\":\"https:\/\/www.estrategiaconcursos.com.br\/blog\/\"},{\"@type\":\"ListItem\",\"position\":2,\"name\":\"Comunica\u00e7\u00e3o Social para UERJ: 4 anos em 50 dias: nesta ter\u00e7a!\"}]},{\"@type\":\"WebSite\",\"@id\":\"https:\/\/www.estrategiaconcursos.com.br\/blog\/#website\",\"url\":\"https:\/\/www.estrategiaconcursos.com.br\/blog\/\",\"name\":\"Estrat\u00e9gia Concursos\",\"description\":\"O blog da Estrat\u00e9gia Concursos traz not\u00edcias sobre concursos e artigos de professores oferecendo cursos para concursos (pdf + videaulas) no site.\",\"publisher\":{\"@id\":\"https:\/\/www.estrategiaconcursos.com.br\/blog\/#organization\"},\"potentialAction\":[{\"@type\":\"SearchAction\",\"target\":{\"@type\":\"EntryPoint\",\"urlTemplate\":\"https:\/\/www.estrategiaconcursos.com.br\/blog\/?s={search_term_string}\"},\"query-input\":{\"@type\":\"PropertyValueSpecification\",\"valueRequired\":true,\"valueName\":\"search_term_string\"}}],\"inLanguage\":\"pt-BR\"},{\"@type\":\"Organization\",\"@id\":\"https:\/\/www.estrategiaconcursos.com.br\/blog\/#organization\",\"name\":\"Estrat\u00e9gia Concursos\",\"url\":\"https:\/\/www.estrategiaconcursos.com.br\/blog\/\",\"logo\":{\"@type\":\"ImageObject\",\"inLanguage\":\"pt-BR\",\"@id\":\"https:\/\/www.estrategiaconcursos.com.br\/blog\/#\/schema\/logo\/image\/\",\"url\":\"https:\/\/dhg1h5j42swfq.cloudfront.net\/2025\/06\/03203428\/logo_concursos-1.jpg\",\"contentUrl\":\"https:\/\/dhg1h5j42swfq.cloudfront.net\/2025\/06\/03203428\/logo_concursos-1.jpg\",\"width\":230,\"height\":60,\"caption\":\"Estrat\u00e9gia Concursos\"},\"image\":{\"@id\":\"https:\/\/www.estrategiaconcursos.com.br\/blog\/#\/schema\/logo\/image\/\"},\"sameAs\":[\"https:\/\/x.com\/EstratConcursos\"]},{\"@type\":\"Person\",\"@id\":\"https:\/\/www.estrategiaconcursos.com.br\/blog\/#\/schema\/person\/b4a388c97673c5f483d72185668afa1f\",\"name\":\"Coordena\u00e7\u00e3o\",\"image\":{\"@type\":\"ImageObject\",\"inLanguage\":\"pt-BR\",\"@id\":\"https:\/\/secure.gravatar.com\/avatar\/b720319e4c9a967eb58678d110f4fe35452fc5d5f97b202bac7b8acceb18c6ad?s=96&d=mm&r=g\",\"url\":\"https:\/\/secure.gravatar.com\/avatar\/b720319e4c9a967eb58678d110f4fe35452fc5d5f97b202bac7b8acceb18c6ad?s=96&d=mm&r=g\",\"contentUrl\":\"https:\/\/secure.gravatar.com\/avatar\/b720319e4c9a967eb58678d110f4fe35452fc5d5f97b202bac7b8acceb18c6ad?s=96&d=mm&r=g\",\"caption\":\"Coordena\u00e7\u00e3o\"},\"sameAs\":[\"https:\/\/www.facebook.com\/EstrategiaConcursos\",\"https:\/\/x.com\/EstratConcursos\"],\"url\":\"https:\/\/www.estrategiaconcursos.com.br\/blog\/author\/estrategia2013\/\"}]}<\/script>\n<!-- \/ Yoast SEO Premium plugin. -->","yoast_head_json":{"title":"Comunica\u00e7\u00e3o Social para UERJ: 4 anos em 50 dias: nesta ter\u00e7a!","description":"Comunica\u00e7\u00e3o Social para UERJ: 4 anos em 50 dias. Este evento ir\u00e1 nortear seus estusos para a realiza\u00e7\u00e3o do certame. Saiba tudo neste artigo!","robots":{"index":"index","follow":"follow","max-snippet":"max-snippet:-1","max-image-preview":"max-image-preview:large","max-video-preview":"max-video-preview:-1"},"canonical":"https:\/\/www.estrategiaconcursos.com.br\/blog\/comunicacao-social-para-uerj-4-anos-em-50-dias\/","og_locale":"pt_BR","og_type":"article","og_title":"Comunica\u00e7\u00e3o Social para UERJ: 4 anos em 50 dias: nesta ter\u00e7a!","og_description":"Comunica\u00e7\u00e3o Social para UERJ: 4 anos em 50 dias. Este evento ir\u00e1 nortear seus estusos para a realiza\u00e7\u00e3o do certame. Saiba tudo neste artigo!","og_url":"https:\/\/www.estrategiaconcursos.com.br\/blog\/comunicacao-social-para-uerj-4-anos-em-50-dias\/","og_site_name":"Estrat\u00e9gia Concursos","article_author":"https:\/\/www.facebook.com\/EstrategiaConcursos","article_published_time":"2021-12-07T22:00:00+00:00","article_modified_time":"2023-07-21T14:28:01+00:00","og_image":[{"width":768,"height":432,"url":"https:\/\/dhg1h5j42swfq.cloudfront.net\/2021\/06\/15155537\/concurso-uerj.jpg","type":"image\/jpeg"}],"author":"Coordena\u00e7\u00e3o","twitter_card":"summary_large_image","twitter_creator":"@EstratConcursos","twitter_site":"@EstratConcursos","twitter_misc":{"Escrito por":"Coordena\u00e7\u00e3o","Est. tempo de leitura":"2 minutos"},"schema":{"@context":"https:\/\/schema.org","@graph":[{"@type":"NewsArticle","@id":"https:\/\/www.estrategiaconcursos.com.br\/blog\/comunicacao-social-para-uerj-4-anos-em-50-dias\/#article","isPartOf":{"@id":"https:\/\/www.estrategiaconcursos.com.br\/blog\/comunicacao-social-para-uerj-4-anos-em-50-dias\/"},"author":{"name":"Coordena\u00e7\u00e3o","@id":"https:\/\/www.estrategiaconcursos.com.br\/blog\/#\/schema\/person\/b4a388c97673c5f483d72185668afa1f"},"headline":"Comunica\u00e7\u00e3o Social para UERJ: 4 anos em 50 dias: nesta ter\u00e7a!","datePublished":"2021-12-07T22:00:00+00:00","dateModified":"2023-07-21T14:28:01+00:00","mainEntityOfPage":{"@id":"https:\/\/www.estrategiaconcursos.com.br\/blog\/comunicacao-social-para-uerj-4-anos-em-50-dias\/"},"wordCount":340,"commentCount":0,"publisher":{"@id":"https:\/\/www.estrategiaconcursos.com.br\/blog\/#organization"},"image":{"@id":"https:\/\/www.estrategiaconcursos.com.br\/blog\/comunicacao-social-para-uerj-4-anos-em-50-dias\/#primaryimage"},"thumbnailUrl":"https:\/\/dhg1h5j42swfq.cloudfront.net\/2021\/06\/15155537\/concurso-uerj.jpg","articleSection":["Educa\u00e7\u00e3o"],"inLanguage":"pt-BR","potentialAction":[{"@type":"CommentAction","name":"Comment","target":["https:\/\/www.estrategiaconcursos.com.br\/blog\/comunicacao-social-para-uerj-4-anos-em-50-dias\/#respond"]}],"copyrightYear":"2021","copyrightHolder":{"@id":"https:\/\/www.estrategiaconcursos.com.br\/blog\/#organization"}},{"@type":"WebPage","@id":"https:\/\/www.estrategiaconcursos.com.br\/blog\/comunicacao-social-para-uerj-4-anos-em-50-dias\/","url":"https:\/\/www.estrategiaconcursos.com.br\/blog\/comunicacao-social-para-uerj-4-anos-em-50-dias\/","name":"Comunica\u00e7\u00e3o Social para UERJ: 4 anos em 50 dias: nesta ter\u00e7a!","isPartOf":{"@id":"https:\/\/www.estrategiaconcursos.com.br\/blog\/#website"},"primaryImageOfPage":{"@id":"https:\/\/www.estrategiaconcursos.com.br\/blog\/comunicacao-social-para-uerj-4-anos-em-50-dias\/#primaryimage"},"image":{"@id":"https:\/\/www.estrategiaconcursos.com.br\/blog\/comunicacao-social-para-uerj-4-anos-em-50-dias\/#primaryimage"},"thumbnailUrl":"https:\/\/dhg1h5j42swfq.cloudfront.net\/2021\/06\/15155537\/concurso-uerj.jpg","datePublished":"2021-12-07T22:00:00+00:00","dateModified":"2023-07-21T14:28:01+00:00","description":"Comunica\u00e7\u00e3o Social para UERJ: 4 anos em 50 dias. Este evento ir\u00e1 nortear seus estusos para a realiza\u00e7\u00e3o do certame. Saiba tudo neste artigo!","breadcrumb":{"@id":"https:\/\/www.estrategiaconcursos.com.br\/blog\/comunicacao-social-para-uerj-4-anos-em-50-dias\/#breadcrumb"},"inLanguage":"pt-BR","potentialAction":[{"@type":"ReadAction","target":["https:\/\/www.estrategiaconcursos.com.br\/blog\/comunicacao-social-para-uerj-4-anos-em-50-dias\/"]}]},{"@type":"ImageObject","inLanguage":"pt-BR","@id":"https:\/\/www.estrategiaconcursos.com.br\/blog\/comunicacao-social-para-uerj-4-anos-em-50-dias\/#primaryimage","url":"https:\/\/dhg1h5j42swfq.cloudfront.net\/2021\/06\/15155537\/concurso-uerj.jpg","contentUrl":"https:\/\/dhg1h5j42swfq.cloudfront.net\/2021\/06\/15155537\/concurso-uerj.jpg","width":768,"height":432,"caption":"Concurso UERJ"},{"@type":"BreadcrumbList","@id":"https:\/\/www.estrategiaconcursos.com.br\/blog\/comunicacao-social-para-uerj-4-anos-em-50-dias\/#breadcrumb","itemListElement":[{"@type":"ListItem","position":1,"name":"In\u00edcio","item":"https:\/\/www.estrategiaconcursos.com.br\/blog\/"},{"@type":"ListItem","position":2,"name":"Comunica\u00e7\u00e3o Social para UERJ: 4 anos em 50 dias: nesta ter\u00e7a!"}]},{"@type":"WebSite","@id":"https:\/\/www.estrategiaconcursos.com.br\/blog\/#website","url":"https:\/\/www.estrategiaconcursos.com.br\/blog\/","name":"Estrat\u00e9gia Concursos","description":"O blog da Estrat\u00e9gia Concursos traz not\u00edcias sobre concursos e artigos de professores oferecendo cursos para concursos (pdf + videaulas) no site.","publisher":{"@id":"https:\/\/www.estrategiaconcursos.com.br\/blog\/#organization"},"potentialAction":[{"@type":"SearchAction","target":{"@type":"EntryPoint","urlTemplate":"https:\/\/www.estrategiaconcursos.com.br\/blog\/?s={search_term_string}"},"query-input":{"@type":"PropertyValueSpecification","valueRequired":true,"valueName":"search_term_string"}}],"inLanguage":"pt-BR"},{"@type":"Organization","@id":"https:\/\/www.estrategiaconcursos.com.br\/blog\/#organization","name":"Estrat\u00e9gia Concursos","url":"https:\/\/www.estrategiaconcursos.com.br\/blog\/","logo":{"@type":"ImageObject","inLanguage":"pt-BR","@id":"https:\/\/www.estrategiaconcursos.com.br\/blog\/#\/schema\/logo\/image\/","url":"https:\/\/dhg1h5j42swfq.cloudfront.net\/2025\/06\/03203428\/logo_concursos-1.jpg","contentUrl":"https:\/\/dhg1h5j42swfq.cloudfront.net\/2025\/06\/03203428\/logo_concursos-1.jpg","width":230,"height":60,"caption":"Estrat\u00e9gia Concursos"},"image":{"@id":"https:\/\/www.estrategiaconcursos.com.br\/blog\/#\/schema\/logo\/image\/"},"sameAs":["https:\/\/x.com\/EstratConcursos"]},{"@type":"Person","@id":"https:\/\/www.estrategiaconcursos.com.br\/blog\/#\/schema\/person\/b4a388c97673c5f483d72185668afa1f","name":"Coordena\u00e7\u00e3o","image":{"@type":"ImageObject","inLanguage":"pt-BR","@id":"https:\/\/secure.gravatar.com\/avatar\/b720319e4c9a967eb58678d110f4fe35452fc5d5f97b202bac7b8acceb18c6ad?s=96&d=mm&r=g","url":"https:\/\/secure.gravatar.com\/avatar\/b720319e4c9a967eb58678d110f4fe35452fc5d5f97b202bac7b8acceb18c6ad?s=96&d=mm&r=g","contentUrl":"https:\/\/secure.gravatar.com\/avatar\/b720319e4c9a967eb58678d110f4fe35452fc5d5f97b202bac7b8acceb18c6ad?s=96&d=mm&r=g","caption":"Coordena\u00e7\u00e3o"},"sameAs":["https:\/\/www.facebook.com\/EstrategiaConcursos","https:\/\/x.com\/EstratConcursos"],"url":"https:\/\/www.estrategiaconcursos.com.br\/blog\/author\/estrategia2013\/"}]}},"_links":{"self":[{"href":"https:\/\/www.estrategiaconcursos.com.br\/blog\/wp-json\/wp\/v2\/posts\/903339","targetHints":{"allow":["GET"]}}],"collection":[{"href":"https:\/\/www.estrategiaconcursos.com.br\/blog\/wp-json\/wp\/v2\/posts"}],"about":[{"href":"https:\/\/www.estrategiaconcursos.com.br\/blog\/wp-json\/wp\/v2\/types\/post"}],"author":[{"embeddable":true,"href":"https:\/\/www.estrategiaconcursos.com.br\/blog\/wp-json\/wp\/v2\/users\/1"}],"replies":[{"embeddable":true,"href":"https:\/\/www.estrategiaconcursos.com.br\/blog\/wp-json\/wp\/v2\/comments?post=903339"}],"version-history":[{"count":11,"href":"https:\/\/www.estrategiaconcursos.com.br\/blog\/wp-json\/wp\/v2\/posts\/903339\/revisions"}],"predecessor-version":[{"id":1252708,"href":"https:\/\/www.estrategiaconcursos.com.br\/blog\/wp-json\/wp\/v2\/posts\/903339\/revisions\/1252708"}],"wp:featuredmedia":[{"embeddable":true,"href":"https:\/\/www.estrategiaconcursos.com.br\/blog\/wp-json\/wp\/v2\/media\/796054"}],"wp:attachment":[{"href":"https:\/\/www.estrategiaconcursos.com.br\/blog\/wp-json\/wp\/v2\/media?parent=903339"}],"wp:term":[{"taxonomy":"category","embeddable":true,"href":"https:\/\/www.estrategiaconcursos.com.br\/blog\/wp-json\/wp\/v2\/categories?post=903339"},{"taxonomy":"post_tag","embeddable":true,"href":"https:\/\/www.estrategiaconcursos.com.br\/blog\/wp-json\/wp\/v2\/tags?post=903339"},{"taxonomy":"tax_estado","embeddable":true,"href":"https:\/\/www.estrategiaconcursos.com.br\/blog\/wp-json\/wp\/v2\/tax_estado?post=903339"}],"curies":[{"name":"wp","href":"https:\/\/api.w.org\/{rel}","templated":true}]}}