{"id":90323,"date":"2017-09-25T17:05:21","date_gmt":"2017-09-25T20:05:21","guid":{"rendered":"https:\/\/www.estrategiaconcursos.com.br\/blog\/?p=90323"},"modified":"2017-09-25T17:05:21","modified_gmt":"2017-09-25T20:05:21","slug":"gabarito-extraoficial-direito-constitucional-tcepe-analista-de-gestao-administracao","status":"publish","type":"post","link":"https:\/\/www.estrategiaconcursos.com.br\/blog\/gabarito-extraoficial-direito-constitucional-tcepe-analista-de-gestao-administracao\/","title":{"rendered":"Gabarito Extraoficial &#8211; Direito Constitucional TCE\/PE &#8211; Analista de Gest\u00e3o (Administra\u00e7\u00e3o)"},"content":{"rendered":"<p>Ol\u00e1, pessoal! Tudo bem?<\/p>\n<p>Nesse domingo, tivemos a prova do <strong>TCE-PE.<\/strong><\/p>\n<p>A seguir, comento a prova de Direito Constitucional do cargo de <strong>Analista de Gest\u00e3o (Administra\u00e7\u00e3o).<\/strong><\/p>\n<p>Foi uma prova bem interessante elaborada pelo CESPE!<\/p>\n<p>Abra\u00e7os,<\/p>\n<p>Ricardo Vale<\/p>\n<p><em><strong>&#8220;O segredo do sucesso \u00e9 a const\u00e2ncia no objetivo&#8221;<\/strong><\/em><\/p>\n<p>P.S: Sigam-me no Instagram e acompanhem o meu projeto de 100 Dicas CESPE.<\/p>\n<p><a href=\"https:\/\/www.instagram.com\/profricardovale\/\">https:\/\/www.instagram.com\/profricardovale\/<\/a><\/p>\n<p style=\"text-align: center\"><span style=\"color: #0000ff\"><strong>DIREITO CONSTITUCIONAL &#8211; TCE\/PE &#8211; Analista de Gest\u00e3o (Administra\u00e7\u00e3o)<\/strong><\/span><\/p>\n<p style=\"text-align: justify\"><strong>A respeito dos princ\u00edpios fundamentais e dos direitos e deveres individuais e coletivos, julgue os itens a seguir.<\/strong><\/p>\n<p style=\"text-align: justify\"><strong>76 &#8211; (CESPE \/ TCE-PE \u2013 2017) A liberdade de reuni\u00e3o e o direito \u00e0 livre manifesta\u00e7\u00e3o do pensamento excluem a possibilidade de pessoas se reunirem em espa\u00e7os p\u00fablicos para protestar em favor da legaliza\u00e7\u00e3o do uso e da comercializa\u00e7\u00e3o de drogas no pa\u00eds.<\/strong><\/p>\n<p style=\"text-align: justify\"><strong>Coment\u00e1rios:<\/strong><\/p>\n<p style=\"text-align: justify\">Segundo o STF, a defesa da legaliza\u00e7\u00e3o das drogas em espa\u00e7os p\u00fablicos (\u201c<em>marcha da maconha<\/em>\u201d) <strong><em>\u00e9 compat\u00edvel<\/em><\/strong> com a liberdade de express\u00e3o e com o direito de reuni\u00e3o. Quest\u00e3o errada.<\/p>\n<p style=\"text-align: justify\"><strong>77 &#8211; (CESPE \/ TCE-PE \u2013 2017) A regra da separa\u00e7\u00e3o dos poderes impede que os requisitos de relev\u00e2ncia e urg\u00eancia, necess\u00e1rios \u00e0 edi\u00e7\u00e3o de medidas provis\u00f3rias pelo presidente da Rep\u00fablica, sejam submetidos ao crivo do Poder Judici\u00e1rio.<\/strong><\/p>\n<p style=\"text-align: justify\"><strong>Coment\u00e1rios:<\/strong><\/p>\n<p style=\"text-align: justify\">Na ADI 4029, o STF considerou que <strong><em>\u00e9 poss\u00edvel o controle jurisdicional<\/em><\/strong> dos requisitos de urg\u00eancia e relev\u00e2ncia, mas <strong><em>apenas em casos excepcionais<\/em><\/strong>, nos quais for evidente a aus\u00eancia desses pressupostos. Quest\u00e3o errada.<\/p>\n<p style=\"text-align: justify\"><strong>78 &#8211; (CESPE \/ TCE-PE \u2013 2017) \u00d3rg\u00e3o estatal somente poder\u00e1 exigir, em edital de concurso p\u00fablico, realiza\u00e7\u00e3o de exame psicot\u00e9cnico para a habilita\u00e7\u00e3o de candidatos ao cargo previsto, se houver previs\u00e3o legal para tal aplica\u00e7\u00e3o.<\/strong><\/p>\n<p style=\"text-align: justify\"><strong>Coment\u00e1rios:<\/strong><\/p>\n<p style=\"text-align: justify\">A S\u00famula Vinculante n\u00ba 44 prev\u00ea que \u201c<em>s\u00f3 por lei se pode sujeitar a exame psicot\u00e9cnico a habilita\u00e7\u00e3o de candidato a cargo p\u00fablico\u201d<\/em>. Assim, o edital de concurso n\u00e3o \u00e9 instrumento suficiente para, sozinho, exigir exame psicot\u00e9cnico. \u00c9 necess\u00e1ria previs\u00e3o legal nesse sentido. Quest\u00e3o correta.<\/p>\n<p style=\"text-align: justify\"><strong>79 &#8211; (CESPE \/ TCE-PE \u2013 2017) O princ\u00edpio constitucional da publicidade de atos processuais alcan\u00e7a n\u00e3o apenas os autos do processo, mas tamb\u00e9m as sess\u00f5es e audi\u00eancias.<\/strong><\/p>\n<p style=\"text-align: justify\"><strong>Coment\u00e1rios:<\/strong><\/p>\n<p style=\"text-align: justify\">\u00c9 isso mesmo. O princ\u00edpio constitucional da publicidade alcan\u00e7a os autos do processo, as sess\u00f5es e as audi\u00eancias. Quest\u00e3o correta.<\/p>\n<p style=\"text-align: justify\"><strong>Considerando o que disp\u00f5e a CF acerca dos direitos sociais, direitos de nacionalidade e direitos pol\u00edticos, bem como dos partidos pol\u00edticos, julgue os itens subsequentes.<\/strong><\/p>\n<p style=\"text-align: justify\"><strong>80 &#8211; (CESPE \/ TCE-PE \u2013 2017) Os partidos pol\u00edticos adquirem personalidade jur\u00eddica na forma da lei eleitoral, devendo seus estatutos ser registrados no Tribunal Superior Eleitoral e no tribunal regional eleitoral do estado em que estiverem sediados.<\/strong><\/p>\n<p style=\"text-align: justify\"><strong>Coment\u00e1rios:<\/strong><\/p>\n<p style=\"text-align: justify\">Segundo o art. 17, \u00a7 2\u00ba, CF\/88, \u201c<em>os partidos pol\u00edticos, ap\u00f3s adquirirem personalidade jur\u00eddica, <strong>na forma da lei civil<\/strong>, registrar\u00e3o seus estatutos no <strong>Tribunal Superior Eleitoral<\/strong><\/em>\u201d.<\/p>\n<p style=\"text-align: justify\">N\u00e3o h\u00e1 que se falar em aquisi\u00e7\u00e3o de personalidade \u201c<em>na forma da lei eleitoral<\/em>\u201d, tampouco em \u201c<em>registro do estatuto no TRE<\/em>\u201d do estado da sede. Quest\u00e3o errada.<\/p>\n<p style=\"text-align: justify\"><strong>81 &#8211; (CESPE \/ TCE-PE \u2013 2017) Por imposi\u00e7\u00e3o de lei, se um \u00f3rg\u00e3o estadual for criado, os servidores ocupantes de cargo efetivo desse \u00f3rg\u00e3o poder\u00e3o, desde que com pr\u00e9via autoriza\u00e7\u00e3o do \u00f3rg\u00e3o estatal competente, fundar sindicato.<\/strong><\/p>\n<p style=\"text-align: justify\"><strong>Coment\u00e1rios:<\/strong><\/p>\n<p style=\"text-align: justify\">A cria\u00e7\u00e3o de sindicato <strong><em>independe<\/em><\/strong> de autoriza\u00e7\u00e3o do Poder P\u00fablico. Segundo o art. 8\u00ba, I, CF\/88, \u201c<em>a lei <u>n\u00e3o poder\u00e1 exigir autoriza\u00e7\u00e3o do Estado<\/u> para a funda\u00e7\u00e3o de sindicato, ressalvado o registro no \u00f3rg\u00e3o competente, vedadas ao Poder P\u00fablico a interfer\u00eancia e a interven\u00e7\u00e3o na organiza\u00e7\u00e3o sindical<\/em>\u201d. Quest\u00e3o errada.<\/p>\n<p style=\"text-align: justify\"><strong>82 &#8211; (CESPE \/ TCE-PE \u2013 2017) <u>Situa\u00e7\u00e3o hipot\u00e9tica<\/u>: Cl\u00e1udio, brasileiro nato, por interesse exclusivamente pessoal, residiu em pa\u00eds estrangeiro, onde teve um filho com uma cidad\u00e3 local. <u>Assertiva<\/u>: Nessa situa\u00e7\u00e3o, segundo a CF, o filho de Cl\u00e1udio poder\u00e1 ser considerado brasileiro nato, ainda que n\u00e3o venha a residir no Brasil.<\/strong><\/p>\n<p style=\"text-align: justify\"><strong>Coment\u00e1rios:<\/strong><\/p>\n<p style=\"text-align: justify\">O filho de Cl\u00e1udio poder\u00e1 ser brasileiro nato <strong><em>se for registrado em reparti\u00e7\u00e3o brasileira competente<\/em><\/strong> <u>OU<\/u> se vier a residir no Brasil e optar, a qualquer tempo, depois de atingida a maioridade, pela nacionalidade brasileira. Assim, ele pode ser considerado brasileiro nato mesmo que nunca venha a residir no Brasil. Quest\u00e3o correta.<\/p>\n<p style=\"text-align: justify\"><strong>83 &#8211; (CESPE \/ TCE-PE \u2013 2017) Se, no ano de 2018, o presidente da assembleia legislativa de um estado, em seu primeiro mandato, substituir o governador nos seis meses anteriores ao pleito eleitoral, ele poder\u00e1 concorrer ao cargo de governador, no mesmo estado, nas elei\u00e7\u00f5es estaduais daquele ano, mas n\u00e3o poder\u00e1 concorrer \u00e0 reelei\u00e7\u00e3o no pleito posterior.<\/strong><\/p>\n<p style=\"text-align: justify\"><strong>Coment\u00e1rios:<\/strong><\/p>\n<p style=\"text-align: justify\">Segundo o art. 14, \u00a7 5\u00ba, CF\/88, \u201c<em>o Presidente da Rep\u00fablica, os Governadores de Estado e do Distrito Federal, os Prefeitos e <strong>quem os houver sucedido, ou substitu\u00eddo<\/strong> no curso dos mandatos poder\u00e3o ser <u>reeleitos para um \u00fanico per\u00ed<\/u>odo subseq\u00fcente<\/em>\u201d.<\/p>\n<p style=\"text-align: justify\">Assim, se o Presidente da Assembleia Legislativa substituiu o Governador nos seis meses antes das elei\u00e7\u00f5es, ele <strong><em>poder\u00e1 concorrer ao cargo de Governador naquele ano<\/em><\/strong>, mas n\u00e3o poder\u00e1 concorrer \u00e0 reelei\u00e7\u00e3o no pleito posterior.<\/p>\n<p style=\"text-align: justify\">Quest\u00e3o correta.<\/p>\n<p style=\"text-align: justify\"><strong>Com rela\u00e7\u00e3o \u00e0 organiza\u00e7\u00e3o pol\u00edtico-administrativa do Estado federal brasileiro, \u00e0 Uni\u00e3o, aos estados federados e aos munic\u00edpios, julgue os pr\u00f3ximos itens.<\/strong><\/p>\n<p style=\"text-align: justify\"><strong>84 &#8211; (CESPE \/ TCE-PE \u2013 2017) A cria\u00e7\u00e3o de um munic\u00edpio pelo governador do estado depende de lei estadual e de lei complementar federal, al\u00e9m da realiza\u00e7\u00e3o de consulta pr\u00e9via \u00e0s popula\u00e7\u00f5es envolvidas.<\/strong><\/p>\n<p style=\"text-align: justify\"><strong>Coment\u00e1rios:<\/strong><\/p>\n<p style=\"text-align: justify\">A cria\u00e7\u00e3o de um Munic\u00edpio <u>\u00e9 compet\u00eancia da Assembleia Legislativa <\/u>(e n\u00e3o do Governador!), por meio de lei ordin\u00e1ria estadual. Como exemplo, o art. 15, VI, da Constitui\u00e7\u00e3o de Pernambuco reconhece tal compet\u00eancia \u00e0 Assembleia Legislativa.<\/p>\n<p style=\"text-align: justify\">Cabe destacar que, para a cria\u00e7\u00e3o de Munic\u00edpio exige-se, ainda, a realiza\u00e7\u00e3o de <strong><em>estudos de viabilidade municipal<\/em><\/strong> e de consulta pr\u00e9via mediante <strong><em>plebiscito<\/em><\/strong>. H\u00e1 necessidade tamb\u00e9m da edi\u00e7\u00e3o de lei complementar federal, definindo o per\u00edodo dentro do qual podem ocorrer altera\u00e7\u00f5es federativas envolvendo Munic\u00edpios.<\/p>\n<p style=\"text-align: justify\">Quest\u00e3o errada.<\/p>\n<p style=\"text-align: justify\"><strong>85 &#8211; (CESPE \/ TCE-PE \u2013 2017) Lei municipal de interesse local que tratar de combate \u00e0 polui\u00e7\u00e3o contrariar\u00e1 a CF, uma vez que esta compet\u00eancia \u00e9 privativa da Uni\u00e3o.<\/strong><\/p>\n<p style=\"text-align: justify\"><strong>Coment\u00e1rios:<\/strong><\/p>\n<p style=\"text-align: justify\">Segundo o STF, o Munic\u00edpio <strong><em>\u00e9 competente<\/em><\/strong> para legislar sobre meio ambiente, <strong><em>desde que haja interesse local<\/em><\/strong>. Assim, \u00e9 poss\u00edvel que os Munic\u00edpios legislem sobre o combate \u00e0 polui\u00e7\u00e3o. Refor\u00e7ando essa ideia, cabe registrar que o art. 23, VI, CF\/88, estabelece que \u00e9 compet\u00eancia comum a todos os entes federativos \u201c<em>proteger o meio ambiente e combater a polui\u00e7\u00e3o em qualquer de suas formas<\/em>\u201d. Quest\u00e3o errada.<\/p>\n<p style=\"text-align: justify\"><strong>No que diz respeito \u00e0s atribui\u00e7\u00f5es e responsabilidades do presidente da Rep\u00fablica e \u00e0s atribui\u00e7\u00f5es do Poder Legislativo, julgue os seguintes itens.<\/strong><\/p>\n<p style=\"text-align: justify\"><strong>86 &#8211; (CESPE \/ TCE-PE \u2013 2017) Caso pretenda consultar o povo para deliberar sobre mat\u00e9ria de acentuada relev\u00e2ncia de natureza legislativa, o presidente da Rep\u00fablica poder\u00e1 convocar plebiscito, mediante decreto presidencial.<\/strong><\/p>\n<p style=\"text-align: justify\"><strong>Coment\u00e1rios:<\/strong><\/p>\n<p style=\"text-align: justify\">A convoca\u00e7\u00e3o de plebiscito <strong><em>compete ao Congresso Nacional<\/em><\/strong>, nos termos do art. 49, XV, CF\/88. Essa convoca\u00e7\u00e3o ocorre <u>mediante a edi\u00e7\u00e3o de decreto legislativo<\/u>. Quest\u00e3o errada.<\/p>\n<p style=\"text-align: justify\"><strong>87 &#8211; (CESPE \/ TCE-PE \u2013 2017) Quando um cargo p\u00fablico federal estiver vago, o presidente da Rep\u00fablica poder\u00e1 extingui-lo por decreto, sendo essa compet\u00eancia indeleg\u00e1vel.<\/strong><\/p>\n<p style=\"text-align: justify\"><strong>Coment\u00e1rios:<\/strong><\/p>\n<p style=\"text-align: justify\">O Presidente pode, mediante decreto aut\u00f4nomo, <strong><em>extinguir cargo p\u00fablico vago<\/em><\/strong>. Trata-se de <u>compet\u00eancia deleg\u00e1vel<\/u> do Presidente da Rep\u00fablica. Quest\u00e3o errada.<\/p>\n<p style=\"text-align: justify\"><strong>A respeito de processo legislativo, julgue os itens a seguir.<\/strong><\/p>\n<p style=\"text-align: justify\"><strong>88 &#8211; (CESPE \/ TCE-PE \u2013 2017) Dado o princ\u00edpio da simetria, lei estadual para tratar de situa\u00e7\u00e3o funcional de servidores p\u00fablicos da administra\u00e7\u00e3o direta e indireta dever\u00e1 ser proposta pelo governador do estado.<\/strong><\/p>\n<p style=\"text-align: justify\"><strong>Coment\u00e1rios:<\/strong><\/p>\n<p style=\"text-align: justify\">\u00c9 exatamente isso! \u00c9 de <strong><em>iniciativa privativa do Governador<\/em><\/strong> projeto de lei que versa sobre a situa\u00e7\u00e3o funcional de servidores p\u00fablicos estaduais. Quest\u00e3o correta.<\/p>\n<p style=\"text-align: justify\"><strong>89 &#8211; (CESPE \/ TCE-PE \u2013 2017) Comiss\u00e3o do Senado Federal poder\u00e1 propor emenda \u00e0 Constitui\u00e7\u00e3o, mas tal emenda, mesmo ap\u00f3s discuss\u00e3o e vota\u00e7\u00e3o em dois turnos em cada Casa do Congresso Nacional, n\u00e3o poder\u00e1 ser promulgada na vig\u00eancia de interven\u00e7\u00e3o federal.<\/strong><\/p>\n<p style=\"text-align: justify\"><strong>Coment\u00e1rios:<\/strong><\/p>\n<p style=\"text-align: justify\">As <u>Comiss\u00f5es<\/u> da C\u00e2mara dos Deputados e do Senado Federal <strong><em>n\u00e3o t\u00eam legitimidade <\/em><\/strong>para propor PEC. A PEC pode ser proposta por: i) 1\/3 (um ter\u00e7o), no m\u00ednimo, dos Deputados Federais ou Senadores; ii) Presidente da Rep\u00fablica; iii) mais da metade das Assembleias Legislativas dos estados, manifestando-se cada uma delas pela maioria relativa dos seus membros. Quest\u00e3o errada.<\/p>\n<p style=\"text-align: justify\"><strong>90 &#8211; (CESPE \/ TCE-PE \u2013 2017) O presidente da Rep\u00fablica poder\u00e1 vetar al\u00ednea de projeto de lei aprovado pelo Congresso Nacional, desde que o fa\u00e7a integralmente.<\/strong><\/p>\n<p style=\"text-align: justify\"><strong>Coment\u00e1rios:<\/strong><\/p>\n<p style=\"text-align: justify\">O veto pode ser total ou parcial. No caso de veto parcial, este dever\u00e1 <u>abranger o texto integral<\/u> de artigo, par\u00e1grafo, inciso ou al\u00ednea. Quest\u00e3o correta.<\/p>\n<p style=\"text-align: justify\"><strong>Acerca da fiscaliza\u00e7\u00e3o cont\u00e1bil, financeira e or\u00e7ament\u00e1ria, <\/strong><strong>julgue os itens subsecutivos.<\/strong><\/p>\n<p style=\"text-align: justify\"><strong>91 &#8211; (CESPE \/ TCE-PE \u2013 2017) <u>Situa\u00e7\u00e3o hipot\u00e9tica<\/u>: Jo\u00e3o, servidor p\u00fablico federal, aposentou-se em 2013. No mesmo ano, ao apreciar a legalidade do ato concess\u00f3rio inicial da aposentadoria, o Tribunal de Contas da Uni\u00e3o (TCU), sem o contradit\u00f3rio e a ampla defesa, considerou-o ilegal. <u>Assertiva<\/u>: A atua\u00e7\u00e3o do TCU foi constitucional, pois a aprecia\u00e7\u00e3o da referida concess\u00e3o dispensa a participa\u00e7\u00e3o do aposentado.<\/strong><\/p>\n<p style=\"text-align: justify\"><strong>Coment\u00e1rios:<\/strong><\/p>\n<p style=\"text-align: justify\">Para resolver essa quest\u00e3o, era importante que o aluno conhecesse a S\u00famula Vinculante n\u00ba 03, que disp\u00f5e o seguinte:<\/p>\n<p style=\"text-align: justify\"><strong><em>S\u00famula Vinculante n\u00ba 03:<\/em><\/strong><em> Nos processos perante o Tribunal de Contas da Uni\u00e3o asseguram-se o contradit\u00f3rio e a ampla defesa quando da decis\u00e3o puder resultar anula\u00e7\u00e3o ou revoga\u00e7\u00e3o de ato administrativo que beneficie o interessado, <u>excetuada<\/u> a aprecia\u00e7\u00e3o da legalidade do ato de concess\u00e3o inicial de aposentadoria, reforma e pens\u00e3o.<\/em><\/p>\n<p style=\"text-align: justify\">Desse modo, <strong><em>n\u00e3o h\u00e1 ampla defesa e contradit\u00f3rio<\/em><\/strong> na aprecia\u00e7\u00e3o da legalidade do ato de concess\u00e3o inicial de aposentadoria. Na situa\u00e7\u00e3o apresentada pelo enunciado, a atua\u00e7\u00e3o do TCU foi constitucional.<\/p>\n<p style=\"text-align: justify\">Quest\u00e3o correta.<\/p>\n<p style=\"text-align: justify\"><strong>92 &#8211; (CESPE \/ TCE-PE \u2013 2017) Lei estadual que preveja que o Poder Legislativo poder\u00e1 realizar o controle das contas dos tribunais de contas que o auxiliam est\u00e1 de acordo com a CF.<\/strong><\/p>\n<p style=\"text-align: justify\"><strong>Coment\u00e1rios:<\/strong><\/p>\n<p style=\"text-align: justify\">\u00c9 poss\u00edvel que lei estadual preveja que <strong><em>compete \u00e0 Assembleia Legislativa<\/em><\/strong> realizar o <u>controle das contas do Tribunal de Contas do Estado<\/u>. Na ADI 2597, decidiu o STF que &#8220;<em>n\u00e3o obstante o relevante papel do Tribunal de Contas no controle financeiro e or\u00e7ament\u00e1rio, como \u00f3rg\u00e3o eminentemente t\u00e9cnico, nada impede que o Poder Legislativo, exercitando o controle externo, aprecie as contas daquele que, no particular, situa-se como \u00f3rg\u00e3o auxiliar\u201d. <\/em><\/p>\n<p style=\"text-align: justify\">Quest\u00e3o correta.<\/p>\n<p style=\"text-align: justify\"><strong>93 &#8211; (CESPE \/ TCE-PE \u2013 2017) O Tribunal de Contas da Uni\u00e3o (TCU) pode realizar, por iniciativa pr\u00f3pria, auditoria de natureza cont\u00e1bil, financeira, or\u00e7ament\u00e1ria, operacional e patrimonial nas unidades administrativas de todos os poderes da Rep\u00fablica.<\/strong><\/p>\n<p style=\"text-align: justify\"><strong>Coment\u00e1rios:<\/strong><\/p>\n<p style=\"text-align: justify\">Segundo o art. 71, IV, CF\/88, o Tribunal de Contas da Uni\u00e3o (TCU) tem compet\u00eancia para \u201c<em>realizar, por <u>iniciativa pr\u00f3pria<\/u>, da C\u00e2mara dos Deputados, do Senado Federal, de Comiss\u00e3o t\u00e9cnica ou de inqu\u00e9rito, <u>inspe\u00e7\u00f5es e auditorias<\/u> de natureza cont\u00e1bil, financeira, or\u00e7ament\u00e1ria, operacional e patrimonial, nas unidades administrativas dos Poderes Legislativo, Executivo e Judici\u00e1rio<\/em>\u201d. Quest\u00e3o correta.<\/p>\n<p style=\"text-align: justify\"><strong>No que diz respeito ao Poder Judici\u00e1rio, julgue os pr\u00f3ximos itens.<\/strong><\/p>\n<p style=\"text-align: justify\"><strong>94 &#8211; (CESPE \/ TCE-PE \u2013 2017) No exerc\u00edcio de suas atribui\u00e7\u00f5es, o Conselho Nacional de Justi\u00e7a \u00e9 dotado de compet\u00eancia administrativa e jurisdicional.<\/strong><\/p>\n<p style=\"text-align: justify\"><strong>Coment\u00e1rios:<\/strong><\/p>\n<p style=\"text-align: justify\">O CNJ <strong><em>n\u00e3o tem compet\u00eancia jurisdicional<\/em><\/strong>, mas apenas administrativa. Quest\u00e3o errada.<\/p>\n<p style=\"text-align: justify\"><strong>95 &#8211; (CESPE \/ TCE-PE \u2013 2017) Desembargador aposentado que cometer crime comum ser\u00e1 processado e julgado pelo primeiro grau de jurisdi\u00e7\u00e3o, haja vista o foro por prerrogativa de fun\u00e7\u00e3o restringir-se aos magistrados da ativa.<\/strong><\/p>\n<p style=\"text-align: justify\"><strong>Coment\u00e1rios:<\/strong><\/p>\n<p style=\"text-align: justify\">No RE 546.609, o STF decidiu que, <u>ap\u00f3s a aposentadoria<\/u>, o Desembargador <strong><em>n\u00e3o tem direito ao foro por prerrogativa de fun\u00e7\u00e3o<\/em><\/strong>. Assim, o Desembargador aposentado ser\u00e1 processado e julgado no primeiro grau de jurisdi\u00e7\u00e3o. Quest\u00e3o correta.<\/p>\n<p style=\"text-align: justify\"><strong>96 &#8211; (CESPE \/ TCE-PE \u2013 2017) Em caso de crime de responsabilidade, caber\u00e1 \u00e0 assembleia legislativa local processar e julgar membros do tribunal de contas estadual, desde que a Constitui\u00e7\u00e3o do estado assim determine.<\/strong><\/p>\n<p style=\"text-align: justify\"><strong>Coment\u00e1rios:<\/strong><\/p>\n<p style=\"text-align: justify\">Nos crimes de responsabilidade, os membros dos Tribunais de Contas do estado s\u00e3o <strong><em>processados e julgados pelo STJ<\/em><\/strong> (art. 105, I, al\u00ednea \u201ca\u201d). Ademais, \u00e9 <u>compet\u00eancia privativa da Uni\u00e3o<\/u> legislar sobre crimes de responsabilidade, n\u00e3o podendo dispor sobre o tema a Constitui\u00e7\u00e3o Estadual. Quest\u00e3o errada.<\/p>\n<p style=\"text-align: justify\"><strong>97 -(CESPE \/ TCE-PE \u2013 2017) Cidad\u00e3o comum que cometer crime contra a organiza\u00e7\u00e3o do trabalho ser\u00e1 processado e julgado pela justi\u00e7a federal.<\/strong><\/p>\n<p style=\"text-align: justify\"><strong>Coment\u00e1rios:<\/strong><\/p>\n<p style=\"text-align: justify\">Os ju\u00edzes federais t\u00eam compet\u00eancia para processar e julgar os crimes contra a organiza\u00e7\u00e3o do trabalho. Quest\u00e3o correta.<\/p>\n<p style=\"text-align: justify\"><strong>Com rela\u00e7\u00e3o \u00e0s fun\u00e7\u00f5es essenciais \u00e0 justi\u00e7a, julgue os itens a seguir.<\/strong><\/p>\n<p style=\"text-align: justify\"><strong>98 &#8211; (CESPE \/ TCE-PE \u2013 2017) Aos procuradores do estado, assim como aos membros das defensorias p\u00fablicas, \u00e9 garantida, institucionalmente, a inamovibilidade.<\/strong><\/p>\n<p style=\"text-align: justify\"><strong>Coment\u00e1rios:<\/strong><\/p>\n<p style=\"text-align: justify\">Os procuradores do Estado n\u00e3o possuem a garantia da inamovibilidade. Quest\u00e3o errada.<\/p>\n<p style=\"text-align: justify\"><strong>99 &#8211; (CESPE \/ TCE-PE \u2013 2017) Emenda \u00e0 CF reconheceu \u00e0 defensoria p\u00fablica a independ\u00eancia funcional.<\/strong><\/p>\n<p style=\"text-align: justify\"><strong>Coment\u00e1rios:<\/strong><\/p>\n<p style=\"text-align: justify\">A EC n\u00ba 80\/2014 previu que s\u00e3o princ\u00edpios institucionais da Defensoria P\u00fablica a unidade, a indivisibilidade e a <strong><em>independ\u00eancia funcional<\/em><\/strong>. Quest\u00e3o correta.<\/p>\n<p style=\"text-align: justify\"><strong>100 &#8211; (CESPE \/ TCE-PE \u2013 2017) Segundo a CF, Minist\u00e9rio P\u00fablico que atue junto ao TCU ou junto ao tribunal de contas estadual integrar\u00e1, respectivamente, o Minist\u00e9rio P\u00fablico da Uni\u00e3o ou o Minist\u00e9rio P\u00fablico do Estado em quest\u00e3o.<\/strong><\/p>\n<p style=\"text-align: justify\"><strong>Coment\u00e1rios:<\/strong><\/p>\n<p style=\"text-align: justify\">O Minist\u00e9rio P\u00fablico junto ao TCU n\u00e3o integra o MPU. Do mesmo modo, o Minist\u00e9rio P\u00fablico junto ao TCE n\u00e3o integra o Minist\u00e9rio P\u00fablico do Estado. Quest\u00e3o errada.<\/p>\n<p>&nbsp;<\/p>\n","protected":false},"excerpt":{"rendered":"<p>Ol\u00e1, pessoal! Tudo bem? Nesse domingo, tivemos a prova do TCE-PE. A seguir, comento a prova de Direito Constitucional do cargo de Analista de Gest\u00e3o (Administra\u00e7\u00e3o). Foi uma prova bem interessante elaborada pelo CESPE! Abra\u00e7os, Ricardo Vale &#8220;O segredo do sucesso \u00e9 a const\u00e2ncia no objetivo&#8221; P.S: Sigam-me no Instagram e acompanhem o meu projeto [&hellip;]<\/p>\n","protected":false},"author":26,"featured_media":0,"comment_status":"open","ping_status":"open","sticky":false,"template":"","format":"standard","meta":{"post_tipo":"article","footnotes":""},"categories":[1],"tags":[],"tax_estado":[],"class_list":["post-90323","post","type-post","status-publish","format-standard","hentry","category-cursos-e-concursos"],"acf":[],"yoast_head":"<!-- This site is optimized with the Yoast SEO Premium plugin v27.2 (Yoast SEO v27.2) - https:\/\/yoast.com\/product\/yoast-seo-premium-wordpress\/ -->\n<title>Gabarito Extraoficial - Direito Constitucional TCE\/PE - Analista de Gest\u00e3o (Administra\u00e7\u00e3o)<\/title>\n<meta name=\"robots\" content=\"index, follow, max-snippet:-1, max-image-preview:large, max-video-preview:-1\" \/>\n<link rel=\"canonical\" href=\"https:\/\/www.estrategiaconcursos.com.br\/blog\/gabarito-extraoficial-direito-constitucional-tcepe-analista-de-gestao-administracao\/\" \/>\n<meta property=\"og:locale\" content=\"pt_BR\" \/>\n<meta property=\"og:type\" content=\"article\" \/>\n<meta property=\"og:title\" content=\"Gabarito Extraoficial - Direito Constitucional TCE\/PE - Analista de Gest\u00e3o (Administra\u00e7\u00e3o)\" \/>\n<meta property=\"og:description\" content=\"Ol\u00e1, pessoal! Tudo bem? Nesse domingo, tivemos a prova do TCE-PE. A seguir, comento a prova de Direito Constitucional do cargo de Analista de Gest\u00e3o (Administra\u00e7\u00e3o). Foi uma prova bem interessante elaborada pelo CESPE! Abra\u00e7os, Ricardo Vale &#8220;O segredo do sucesso \u00e9 a const\u00e2ncia no objetivo&#8221; P.S: Sigam-me no Instagram e acompanhem o meu projeto [&hellip;]\" \/>\n<meta property=\"og:url\" content=\"https:\/\/www.estrategiaconcursos.com.br\/blog\/gabarito-extraoficial-direito-constitucional-tcepe-analista-de-gestao-administracao\/\" \/>\n<meta property=\"og:site_name\" content=\"Estrat\u00e9gia Concursos\" \/>\n<meta property=\"article:author\" content=\"https:\/\/www.facebook.com\/rvale01\" \/>\n<meta property=\"article:published_time\" content=\"2017-09-25T20:05:21+00:00\" \/>\n<meta name=\"author\" content=\"Ricardo Vale\" \/>\n<meta name=\"twitter:card\" content=\"summary_large_image\" \/>\n<meta name=\"twitter:creator\" content=\"@https:\/\/twitter.com\/EstratConcursos\" \/>\n<meta name=\"twitter:site\" content=\"@EstratConcursos\" \/>\n<meta name=\"twitter:label1\" content=\"Escrito por\" \/>\n\t<meta name=\"twitter:data1\" content=\"Ricardo Vale\" \/>\n\t<meta name=\"twitter:label2\" content=\"Est. tempo de leitura\" \/>\n\t<meta name=\"twitter:data2\" content=\"12 minutos\" \/>\n<script type=\"application\/ld+json\" class=\"yoast-schema-graph\">{\"@context\":\"https:\/\/schema.org\",\"@graph\":[{\"@type\":\"NewsArticle\",\"@id\":\"https:\/\/www.estrategiaconcursos.com.br\/blog\/gabarito-extraoficial-direito-constitucional-tcepe-analista-de-gestao-administracao\/#article\",\"isPartOf\":{\"@id\":\"https:\/\/www.estrategiaconcursos.com.br\/blog\/gabarito-extraoficial-direito-constitucional-tcepe-analista-de-gestao-administracao\/\"},\"author\":{\"name\":\"Ricardo Vale\",\"@id\":\"https:\/\/www.estrategiaconcursos.com.br\/blog\/#\/schema\/person\/c32e47dba2159cafe7796a9569a6ff7e\"},\"headline\":\"Gabarito Extraoficial &#8211; Direito Constitucional TCE\/PE &#8211; Analista de Gest\u00e3o (Administra\u00e7\u00e3o)\",\"datePublished\":\"2017-09-25T20:05:21+00:00\",\"mainEntityOfPage\":{\"@id\":\"https:\/\/www.estrategiaconcursos.com.br\/blog\/gabarito-extraoficial-direito-constitucional-tcepe-analista-de-gestao-administracao\/\"},\"wordCount\":2384,\"commentCount\":1,\"publisher\":{\"@id\":\"https:\/\/www.estrategiaconcursos.com.br\/blog\/#organization\"},\"articleSection\":[\"Concursos P\u00fablicos\"],\"inLanguage\":\"pt-BR\",\"potentialAction\":[{\"@type\":\"CommentAction\",\"name\":\"Comment\",\"target\":[\"https:\/\/www.estrategiaconcursos.com.br\/blog\/gabarito-extraoficial-direito-constitucional-tcepe-analista-de-gestao-administracao\/#respond\"]}],\"copyrightYear\":\"2017\",\"copyrightHolder\":{\"@id\":\"https:\/\/www.estrategiaconcursos.com.br\/blog\/#organization\"}},{\"@type\":\"WebPage\",\"@id\":\"https:\/\/www.estrategiaconcursos.com.br\/blog\/gabarito-extraoficial-direito-constitucional-tcepe-analista-de-gestao-administracao\/\",\"url\":\"https:\/\/www.estrategiaconcursos.com.br\/blog\/gabarito-extraoficial-direito-constitucional-tcepe-analista-de-gestao-administracao\/\",\"name\":\"Gabarito Extraoficial - Direito Constitucional TCE\/PE - Analista de Gest\u00e3o (Administra\u00e7\u00e3o)\",\"isPartOf\":{\"@id\":\"https:\/\/www.estrategiaconcursos.com.br\/blog\/#website\"},\"datePublished\":\"2017-09-25T20:05:21+00:00\",\"breadcrumb\":{\"@id\":\"https:\/\/www.estrategiaconcursos.com.br\/blog\/gabarito-extraoficial-direito-constitucional-tcepe-analista-de-gestao-administracao\/#breadcrumb\"},\"inLanguage\":\"pt-BR\",\"potentialAction\":[{\"@type\":\"ReadAction\",\"target\":[\"https:\/\/www.estrategiaconcursos.com.br\/blog\/gabarito-extraoficial-direito-constitucional-tcepe-analista-de-gestao-administracao\/\"]}]},{\"@type\":\"BreadcrumbList\",\"@id\":\"https:\/\/www.estrategiaconcursos.com.br\/blog\/gabarito-extraoficial-direito-constitucional-tcepe-analista-de-gestao-administracao\/#breadcrumb\",\"itemListElement\":[{\"@type\":\"ListItem\",\"position\":1,\"name\":\"In\u00edcio\",\"item\":\"https:\/\/www.estrategiaconcursos.com.br\/blog\/\"},{\"@type\":\"ListItem\",\"position\":2,\"name\":\"Gabarito Extraoficial &#8211; Direito Constitucional TCE\/PE &#8211; Analista de Gest\u00e3o (Administra\u00e7\u00e3o)\"}]},{\"@type\":\"WebSite\",\"@id\":\"https:\/\/www.estrategiaconcursos.com.br\/blog\/#website\",\"url\":\"https:\/\/www.estrategiaconcursos.com.br\/blog\/\",\"name\":\"Estrat\u00e9gia Concursos\",\"description\":\"O blog da Estrat\u00e9gia Concursos traz not\u00edcias sobre concursos e artigos de professores oferecendo cursos para concursos (pdf + videaulas) no site.\",\"publisher\":{\"@id\":\"https:\/\/www.estrategiaconcursos.com.br\/blog\/#organization\"},\"potentialAction\":[{\"@type\":\"SearchAction\",\"target\":{\"@type\":\"EntryPoint\",\"urlTemplate\":\"https:\/\/www.estrategiaconcursos.com.br\/blog\/?s={search_term_string}\"},\"query-input\":{\"@type\":\"PropertyValueSpecification\",\"valueRequired\":true,\"valueName\":\"search_term_string\"}}],\"inLanguage\":\"pt-BR\"},{\"@type\":\"Organization\",\"@id\":\"https:\/\/www.estrategiaconcursos.com.br\/blog\/#organization\",\"name\":\"Estrat\u00e9gia Concursos\",\"url\":\"https:\/\/www.estrategiaconcursos.com.br\/blog\/\",\"logo\":{\"@type\":\"ImageObject\",\"inLanguage\":\"pt-BR\",\"@id\":\"https:\/\/www.estrategiaconcursos.com.br\/blog\/#\/schema\/logo\/image\/\",\"url\":\"https:\/\/dhg1h5j42swfq.cloudfront.net\/2025\/06\/03203428\/logo_concursos-1.jpg\",\"contentUrl\":\"https:\/\/dhg1h5j42swfq.cloudfront.net\/2025\/06\/03203428\/logo_concursos-1.jpg\",\"width\":230,\"height\":60,\"caption\":\"Estrat\u00e9gia Concursos\"},\"image\":{\"@id\":\"https:\/\/www.estrategiaconcursos.com.br\/blog\/#\/schema\/logo\/image\/\"},\"sameAs\":[\"https:\/\/x.com\/EstratConcursos\"]},{\"@type\":\"Person\",\"@id\":\"https:\/\/www.estrategiaconcursos.com.br\/blog\/#\/schema\/person\/c32e47dba2159cafe7796a9569a6ff7e\",\"name\":\"Ricardo Vale\",\"image\":{\"@type\":\"ImageObject\",\"inLanguage\":\"pt-BR\",\"@id\":\"https:\/\/secure.gravatar.com\/avatar\/e5a5658c798bb49dd53314263f59f38c192d73370fb65839a372c2ae9027be74?s=96&d=mm&r=g\",\"url\":\"https:\/\/secure.gravatar.com\/avatar\/e5a5658c798bb49dd53314263f59f38c192d73370fb65839a372c2ae9027be74?s=96&d=mm&r=g\",\"contentUrl\":\"https:\/\/secure.gravatar.com\/avatar\/e5a5658c798bb49dd53314263f59f38c192d73370fb65839a372c2ae9027be74?s=96&d=mm&r=g\",\"caption\":\"Ricardo Vale\"},\"sameAs\":[\"https:\/\/www.facebook.com\/rvale01\",\"https:\/\/x.com\/https:\/\/twitter.com\/EstratConcursos\"],\"url\":\"https:\/\/www.estrategiaconcursos.com.br\/blog\/author\/ricardovaleestrategiaconcursos-com-br\/\"}]}<\/script>\n<!-- \/ Yoast SEO Premium plugin. -->","yoast_head_json":{"title":"Gabarito Extraoficial - Direito Constitucional TCE\/PE - Analista de Gest\u00e3o (Administra\u00e7\u00e3o)","robots":{"index":"index","follow":"follow","max-snippet":"max-snippet:-1","max-image-preview":"max-image-preview:large","max-video-preview":"max-video-preview:-1"},"canonical":"https:\/\/www.estrategiaconcursos.com.br\/blog\/gabarito-extraoficial-direito-constitucional-tcepe-analista-de-gestao-administracao\/","og_locale":"pt_BR","og_type":"article","og_title":"Gabarito Extraoficial - Direito Constitucional TCE\/PE - Analista de Gest\u00e3o (Administra\u00e7\u00e3o)","og_description":"Ol\u00e1, pessoal! Tudo bem? Nesse domingo, tivemos a prova do TCE-PE. A seguir, comento a prova de Direito Constitucional do cargo de Analista de Gest\u00e3o (Administra\u00e7\u00e3o). Foi uma prova bem interessante elaborada pelo CESPE! Abra\u00e7os, Ricardo Vale &#8220;O segredo do sucesso \u00e9 a const\u00e2ncia no objetivo&#8221; P.S: Sigam-me no Instagram e acompanhem o meu projeto [&hellip;]","og_url":"https:\/\/www.estrategiaconcursos.com.br\/blog\/gabarito-extraoficial-direito-constitucional-tcepe-analista-de-gestao-administracao\/","og_site_name":"Estrat\u00e9gia Concursos","article_author":"https:\/\/www.facebook.com\/rvale01","article_published_time":"2017-09-25T20:05:21+00:00","author":"Ricardo Vale","twitter_card":"summary_large_image","twitter_creator":"@https:\/\/twitter.com\/EstratConcursos","twitter_site":"@EstratConcursos","twitter_misc":{"Escrito por":"Ricardo Vale","Est. tempo de leitura":"12 minutos"},"schema":{"@context":"https:\/\/schema.org","@graph":[{"@type":"NewsArticle","@id":"https:\/\/www.estrategiaconcursos.com.br\/blog\/gabarito-extraoficial-direito-constitucional-tcepe-analista-de-gestao-administracao\/#article","isPartOf":{"@id":"https:\/\/www.estrategiaconcursos.com.br\/blog\/gabarito-extraoficial-direito-constitucional-tcepe-analista-de-gestao-administracao\/"},"author":{"name":"Ricardo Vale","@id":"https:\/\/www.estrategiaconcursos.com.br\/blog\/#\/schema\/person\/c32e47dba2159cafe7796a9569a6ff7e"},"headline":"Gabarito Extraoficial &#8211; Direito Constitucional TCE\/PE &#8211; Analista de Gest\u00e3o (Administra\u00e7\u00e3o)","datePublished":"2017-09-25T20:05:21+00:00","mainEntityOfPage":{"@id":"https:\/\/www.estrategiaconcursos.com.br\/blog\/gabarito-extraoficial-direito-constitucional-tcepe-analista-de-gestao-administracao\/"},"wordCount":2384,"commentCount":1,"publisher":{"@id":"https:\/\/www.estrategiaconcursos.com.br\/blog\/#organization"},"articleSection":["Concursos P\u00fablicos"],"inLanguage":"pt-BR","potentialAction":[{"@type":"CommentAction","name":"Comment","target":["https:\/\/www.estrategiaconcursos.com.br\/blog\/gabarito-extraoficial-direito-constitucional-tcepe-analista-de-gestao-administracao\/#respond"]}],"copyrightYear":"2017","copyrightHolder":{"@id":"https:\/\/www.estrategiaconcursos.com.br\/blog\/#organization"}},{"@type":"WebPage","@id":"https:\/\/www.estrategiaconcursos.com.br\/blog\/gabarito-extraoficial-direito-constitucional-tcepe-analista-de-gestao-administracao\/","url":"https:\/\/www.estrategiaconcursos.com.br\/blog\/gabarito-extraoficial-direito-constitucional-tcepe-analista-de-gestao-administracao\/","name":"Gabarito Extraoficial - Direito Constitucional TCE\/PE - Analista de Gest\u00e3o (Administra\u00e7\u00e3o)","isPartOf":{"@id":"https:\/\/www.estrategiaconcursos.com.br\/blog\/#website"},"datePublished":"2017-09-25T20:05:21+00:00","breadcrumb":{"@id":"https:\/\/www.estrategiaconcursos.com.br\/blog\/gabarito-extraoficial-direito-constitucional-tcepe-analista-de-gestao-administracao\/#breadcrumb"},"inLanguage":"pt-BR","potentialAction":[{"@type":"ReadAction","target":["https:\/\/www.estrategiaconcursos.com.br\/blog\/gabarito-extraoficial-direito-constitucional-tcepe-analista-de-gestao-administracao\/"]}]},{"@type":"BreadcrumbList","@id":"https:\/\/www.estrategiaconcursos.com.br\/blog\/gabarito-extraoficial-direito-constitucional-tcepe-analista-de-gestao-administracao\/#breadcrumb","itemListElement":[{"@type":"ListItem","position":1,"name":"In\u00edcio","item":"https:\/\/www.estrategiaconcursos.com.br\/blog\/"},{"@type":"ListItem","position":2,"name":"Gabarito Extraoficial &#8211; Direito Constitucional TCE\/PE &#8211; Analista de Gest\u00e3o (Administra\u00e7\u00e3o)"}]},{"@type":"WebSite","@id":"https:\/\/www.estrategiaconcursos.com.br\/blog\/#website","url":"https:\/\/www.estrategiaconcursos.com.br\/blog\/","name":"Estrat\u00e9gia Concursos","description":"O blog da Estrat\u00e9gia Concursos traz not\u00edcias sobre concursos e artigos de professores oferecendo cursos para concursos (pdf + videaulas) no site.","publisher":{"@id":"https:\/\/www.estrategiaconcursos.com.br\/blog\/#organization"},"potentialAction":[{"@type":"SearchAction","target":{"@type":"EntryPoint","urlTemplate":"https:\/\/www.estrategiaconcursos.com.br\/blog\/?s={search_term_string}"},"query-input":{"@type":"PropertyValueSpecification","valueRequired":true,"valueName":"search_term_string"}}],"inLanguage":"pt-BR"},{"@type":"Organization","@id":"https:\/\/www.estrategiaconcursos.com.br\/blog\/#organization","name":"Estrat\u00e9gia Concursos","url":"https:\/\/www.estrategiaconcursos.com.br\/blog\/","logo":{"@type":"ImageObject","inLanguage":"pt-BR","@id":"https:\/\/www.estrategiaconcursos.com.br\/blog\/#\/schema\/logo\/image\/","url":"https:\/\/dhg1h5j42swfq.cloudfront.net\/2025\/06\/03203428\/logo_concursos-1.jpg","contentUrl":"https:\/\/dhg1h5j42swfq.cloudfront.net\/2025\/06\/03203428\/logo_concursos-1.jpg","width":230,"height":60,"caption":"Estrat\u00e9gia Concursos"},"image":{"@id":"https:\/\/www.estrategiaconcursos.com.br\/blog\/#\/schema\/logo\/image\/"},"sameAs":["https:\/\/x.com\/EstratConcursos"]},{"@type":"Person","@id":"https:\/\/www.estrategiaconcursos.com.br\/blog\/#\/schema\/person\/c32e47dba2159cafe7796a9569a6ff7e","name":"Ricardo Vale","image":{"@type":"ImageObject","inLanguage":"pt-BR","@id":"https:\/\/secure.gravatar.com\/avatar\/e5a5658c798bb49dd53314263f59f38c192d73370fb65839a372c2ae9027be74?s=96&d=mm&r=g","url":"https:\/\/secure.gravatar.com\/avatar\/e5a5658c798bb49dd53314263f59f38c192d73370fb65839a372c2ae9027be74?s=96&d=mm&r=g","contentUrl":"https:\/\/secure.gravatar.com\/avatar\/e5a5658c798bb49dd53314263f59f38c192d73370fb65839a372c2ae9027be74?s=96&d=mm&r=g","caption":"Ricardo Vale"},"sameAs":["https:\/\/www.facebook.com\/rvale01","https:\/\/x.com\/https:\/\/twitter.com\/EstratConcursos"],"url":"https:\/\/www.estrategiaconcursos.com.br\/blog\/author\/ricardovaleestrategiaconcursos-com-br\/"}]}},"_links":{"self":[{"href":"https:\/\/www.estrategiaconcursos.com.br\/blog\/wp-json\/wp\/v2\/posts\/90323","targetHints":{"allow":["GET"]}}],"collection":[{"href":"https:\/\/www.estrategiaconcursos.com.br\/blog\/wp-json\/wp\/v2\/posts"}],"about":[{"href":"https:\/\/www.estrategiaconcursos.com.br\/blog\/wp-json\/wp\/v2\/types\/post"}],"author":[{"embeddable":true,"href":"https:\/\/www.estrategiaconcursos.com.br\/blog\/wp-json\/wp\/v2\/users\/26"}],"replies":[{"embeddable":true,"href":"https:\/\/www.estrategiaconcursos.com.br\/blog\/wp-json\/wp\/v2\/comments?post=90323"}],"version-history":[{"count":1,"href":"https:\/\/www.estrategiaconcursos.com.br\/blog\/wp-json\/wp\/v2\/posts\/90323\/revisions"}],"predecessor-version":[{"id":90324,"href":"https:\/\/www.estrategiaconcursos.com.br\/blog\/wp-json\/wp\/v2\/posts\/90323\/revisions\/90324"}],"wp:attachment":[{"href":"https:\/\/www.estrategiaconcursos.com.br\/blog\/wp-json\/wp\/v2\/media?parent=90323"}],"wp:term":[{"taxonomy":"category","embeddable":true,"href":"https:\/\/www.estrategiaconcursos.com.br\/blog\/wp-json\/wp\/v2\/categories?post=90323"},{"taxonomy":"post_tag","embeddable":true,"href":"https:\/\/www.estrategiaconcursos.com.br\/blog\/wp-json\/wp\/v2\/tags?post=90323"},{"taxonomy":"tax_estado","embeddable":true,"href":"https:\/\/www.estrategiaconcursos.com.br\/blog\/wp-json\/wp\/v2\/tax_estado?post=90323"}],"curies":[{"name":"wp","href":"https:\/\/api.w.org\/{rel}","templated":true}]}}