{"id":902831,"date":"2021-11-18T06:40:00","date_gmt":"2021-11-18T09:40:00","guid":{"rendered":"https:\/\/www.estrategiaconcursos.com.br\/blog\/?p=902831"},"modified":"2021-11-18T13:34:32","modified_gmt":"2021-11-18T16:34:32","slug":"edital-pss-ministerio-da-justica","status":"publish","type":"post","link":"https:\/\/www.estrategiaconcursos.com.br\/blog\/edital-pss-ministerio-da-justica\/","title":{"rendered":"Edital PSS Minist\u00e9rio da Justi\u00e7a: novo cronograma divulgado!"},"content":{"rendered":"\n<p>Foi divulgado o <a href=\"https:\/\/dhg1h5j42swfq.cloudfront.net\/2021\/11\/18072752\/edital-ministerio-da-justica-inscricoes-prorrogadas.pdf\" target=\"_blank\" rel=\"noreferrer noopener nofollow\">novo cronograma<\/a> do<strong> processo seletivo simplificado<\/strong> (<strong>PSS<\/strong>) <strong>Minist\u00e9rio da Justi\u00e7a<\/strong>. Com isso, as inscri\u00e7\u00f5es foram prorrogadas at\u00e9 o dia <strong>26 de novembro<\/strong>.<\/p>\n\n\n\n<p>Al\u00e9m disso, a aplica\u00e7\u00e3o das Provas Objetivas, agora, ocorrer\u00e1 no dia <strong>09 de janeiro de 2022<\/strong>. Lembrando que o processo de candidatura precisa ser realizado diretamente pelo site da banca, <strong>Cebraspe<\/strong>.<\/p>\n\n\n\n<p>Ser\u00e1 necess\u00e1rio efetuar o pagamento da taxa de inscri\u00e7\u00e3o no valor de<strong> R$ 76,00<\/strong>.  <\/p>\n\n\n\n<p>O edital do PSS Minist\u00e9rio da Justi\u00e7a oferta, no total, 66 vagas para fun\u00e7\u00f5es de T\u00e9cnico. Remunera\u00e7\u00f5es iniciais chegam ao valor de<strong> R$ 6.130,00<\/strong>. <\/p>\n\n\n<figure class=\"wp-block-embed-youtube wp-block-embed is-type-video is-provider-youtube wp-embed-aspect-16-9 wp-has-aspect-ratio lyte-align aligncenter\"><div class=\"lyte-wrapper\" style=\"width:853px;max-width:100%;margin:5px;\"><div class=\"lyMe\" id=\"WYL_f7Kk4r7SuFk\"><div id=\"lyte_f7Kk4r7SuFk\" data-src=\"\/\/i.ytimg.com\/vi\/f7Kk4r7SuFk\/hqdefault.jpg\" class=\"pL\"><div class=\"tC\"><div class=\"tT\"><\/div><\/div><div class=\"play\"><\/div><div class=\"ctrl\"><div class=\"Lctrl\"><\/div><div class=\"Rctrl\"><\/div><\/div><\/div><noscript><a href=\"https:\/\/youtu.be\/f7Kk4r7SuFk\" rel=\"nofollow\"><img loading=\"lazy\" decoding=\"async\" src=\"https:\/\/i.ytimg.com\/vi\/f7Kk4r7SuFk\/0.jpg\" alt=\"YouTube video thumbnail\" width=\"853\" height=\"460\" \/><br \/>Assista a este v\u00eddeo no YouTube<\/a><\/noscript><\/div><\/div><div class=\"lL\" style=\"max-width:100%;width:853px;margin:5px;\"><\/div><figcaption><\/figcaption><\/figure>\n\n\n<h2 class=\"wp-block-heading\" id=\"h-principais-datas-do-edital-pss-minist-rio-da-justi-a\">Principais datas do edital PSS Minist\u00e9rio da Justi\u00e7a <\/h2>\n\n\n\n<p class=\"has-background\" style=\"background-color:#b9d2e1\"><strong>Inscri\u00e7\u00f5es<\/strong>: 08 a 26\/11\/2021<br \/><strong>Isen\u00e7\u00e3o da taxa<\/strong>: 08 a 26\/11\/2021 <br \/><strong>Prova<\/strong>: 09\/01\/2022<\/p>\n\n\n\n<h2 class=\"wp-block-heading\">Cargos, vagas e remunera\u00e7\u00f5es do edital PSS Minist\u00e9rio da Justi\u00e7a<\/h2>\n\n\n\n<figure class=\"wp-block-table is-style-stripes\"><table class=\"has-background has-fixed-layout\" style=\"background-color:#b9d2e1\"><thead><tr><th class=\"has-text-align-center\" data-align=\"center\">Cargo<\/th><th class=\"has-text-align-center\" data-align=\"center\">Vagas<\/th><th class=\"has-text-align-center\" data-align=\"center\">PcD<\/th><th class=\"has-text-align-center\" data-align=\"center\">Negros<\/th><th class=\"has-text-align-center\" data-align=\"center\">Remunera\u00e7\u00e3o<\/th><\/tr><\/thead><tbody><tr><td class=\"has-text-align-center\" data-align=\"center\">T\u00e9cnico Especializado em Forma\u00e7\u00e3o e Capacita\u00e7\u00e3o<\/td><td class=\"has-text-align-center\" data-align=\"center\">02<\/td><td class=\"has-text-align-center\" data-align=\"center\">&#8211;<\/td><td class=\"has-text-align-center\" data-align=\"center\">01<\/td><td class=\"has-text-align-center\" data-align=\"center\">R$ 6.130,00<\/td><\/tr><tr><td class=\"has-text-align-center\" data-align=\"center\">T\u00e9cnico Especializado em Gest\u00e3o de Ativos e Parcerias<\/td><td class=\"has-text-align-center\" data-align=\"center\">43<\/td><td class=\"has-text-align-center\" data-align=\"center\">03<\/td><td class=\"has-text-align-center\" data-align=\"center\">11<\/td><td class=\"has-text-align-center\" data-align=\"center\"> R$ 6.130,00 <\/td><\/tr><tr><td class=\"has-text-align-center\" data-align=\"center\">T\u00e9cnico Especializado em Pesquisa e An\u00e1lise de Dados<\/td><td class=\"has-text-align-center\" data-align=\"center\">04<\/td><td class=\"has-text-align-center\" data-align=\"center\">01<\/td><td class=\"has-text-align-center\" data-align=\"center\">01<\/td><td class=\"has-text-align-center\" data-align=\"center\"> R$ 6.130,00 <\/td><\/tr><\/tbody><\/table><\/figure>\n\n\n\n<h3 class=\"wp-block-heading\">Requisitos<\/h3>\n\n\n\n<ul class=\"wp-block-list\"><li><strong>T\u00e9cnico Especializado em Forma\u00e7\u00e3o e Capacita\u00e7\u00e3o <\/strong><\/li><\/ul>\n\n\n\n<p><strong>Requisitos:<\/strong> diploma, devidamente registrado, de conclus\u00e3o de curso de gradua\u00e7\u00e3o em Pedagogia, fornecido por institui\u00e7\u00e3o reconhecida pelo Minist\u00e9rio da Educa\u00e7\u00e3o (MEC), acrescido de experi\u00eancia profissional superior a tr\u00eas anos em organiza\u00e7\u00f5es p\u00fablicas ou privadas; ou de t\u00edtulo de p\u00f3s-gradua\u00e7\u00e3o lato sensu, mestrado ou doutorado na \u00e1rea.<\/p>\n\n\n\n<ul class=\"wp-block-list\"><li><strong>T\u00e9cnico Especializado em Gest\u00e3o de Ativos e Parcerias <\/strong><\/li><\/ul>\n\n\n\n<p><strong>Requisitos<\/strong>: diploma, devidamente registrado, de conclus\u00e3o de curso de gradua\u00e7\u00e3o em Direito ou Contabilidade ou Administra\u00e7\u00e3o, fornecido por institui\u00e7\u00e3o reconhecida pelo MEC, acrescido de experi\u00eancia profissional superior a tr\u00eas anos em organiza\u00e7\u00f5es p\u00fablicas ou privadas; ou de t\u00edtulo de p\u00f3s-gradua\u00e7\u00e3o lato sensu, mestrado ou doutorado, em qualquer dessas \u00e1reas.<\/p>\n\n\n\n<ul class=\"wp-block-list\"><li><strong>T\u00e9cnico Especializado em Pesquisa e An\u00e1lise de Dados <\/strong><\/li><\/ul>\n\n\n\n<p><strong>Requisitos<\/strong>: diploma, devidamente registrado, de conclus\u00e3o de curso de gradua\u00e7\u00e3o em Estat\u00edstica ou Matem\u00e1tica, fornecido por institui\u00e7\u00e3o reconhecida pelo MEC, acrescido de experi\u00eancia profissional superior a tr\u00eas anos em organiza\u00e7\u00f5es p\u00fablicas ou privadas; ou de t\u00edtulo de p\u00f3s-gradua\u00e7\u00e3o lato sensu, mestrado ou doutorado na \u00e1rea.<\/p>\n\n\n\n<h2 class=\"wp-block-heading\">Etapas do edital PSS Minist\u00e9rio da Justi\u00e7a<\/h2>\n\n\n\n<p>A sele\u00e7\u00e3o para os perfis profissionais compreender\u00e1 as seguintes fases, de responsabilidade do Cebraspe:<\/p>\n\n\n\n<ul class=\"wp-block-list\"><li><strong>a) <\/strong>Provas Objetivas, de car\u00e1ter eliminat\u00f3rio e classificat\u00f3rio; e<\/li><li><strong>b) <\/strong>Prova de T\u00edtulos, de car\u00e1ter classificat\u00f3rio.<\/li><\/ul>\n\n\n\n<div class=\"wp-block-image\"><figure class=\"aligncenter size-full\"><img loading=\"lazy\" decoding=\"async\" width=\"600\" height=\"201\" src=\"https:\/\/dhg1h5j42swfq.cloudfront.net\/2021\/11\/08080142\/image-95.png\" alt=\"Etapas do edital Minist\u00e9rio da Justi\u00e7a\" class=\"wp-image-902841\" srcset=\"https:\/\/dhg1h5j42swfq.cloudfront.net\/2021\/11\/08080142\/image-95.png 600w, https:\/\/dhg1h5j42swfq.cloudfront.net\/2021\/11\/08080142\/image-95-300x101.png 300w\" sizes=\"auto, (max-width: 600px) 100vw, 600px\" \/><\/figure><\/div>\n\n\n\n<h3 class=\"wp-block-heading\">Prova Objetiva<\/h3>\n\n\n\n<p>As Provas Objetivas ter\u00e3o a dura\u00e7\u00e3o de 4 horas e ser\u00e3o aplicadas no turno da tarde. O julgamento de cada item ser\u00e1 do tipo CERTO ou ERRADO. <\/p>\n\n\n\n<p>A nota em cada item das provas, feita com base nas marca\u00e7\u00f5es da folha de respostas, ser\u00e1 igual a: 1,00 ponto, caso a resposta do candidato esteja em concord\u00e2ncia com o gabarito oficial definitivo das provas.<\/p>\n\n\n\n<h3 class=\"wp-block-heading\">Prova de T\u00edtulos<\/h3>\n\n\n\n<p>Ser\u00e3o convocados para a Prova de T\u00edtulos os candidatos aprovados nas Provas Objetivas e classificados at\u00e9 as posi\u00e7\u00f5es constantes do quadro abaixo: <\/p>\n\n\n\n<div class=\"wp-block-image\"><figure class=\"aligncenter size-full\"><img loading=\"lazy\" decoding=\"async\" width=\"595\" height=\"185\" src=\"https:\/\/dhg1h5j42swfq.cloudfront.net\/2021\/11\/08080301\/image-96.png\" alt=\"\" class=\"wp-image-902843\" srcset=\"https:\/\/dhg1h5j42swfq.cloudfront.net\/2021\/11\/08080301\/image-96.png 595w, https:\/\/dhg1h5j42swfq.cloudfront.net\/2021\/11\/08080301\/image-96-300x93.png 300w\" sizes=\"auto, (max-width: 595px) 100vw, 595px\" \/><\/figure><\/div>\n\n\n\n<p>Esta etapa valer\u00e1 10,00 pontos, ainda que a soma dos valores dos t\u00edtulos enviados seja superior a esse valor. Somente ser\u00e3o aceitos os t\u00edtulos abaixo relacionados: <\/p>\n\n\n\n<div class=\"wp-block-image\"><figure class=\"aligncenter size-full is-resized\"><img loading=\"lazy\" decoding=\"async\" src=\"https:\/\/dhg1h5j42swfq.cloudfront.net\/2021\/11\/08080404\/image-97.png\" alt=\"Prova de T\u00edtulos Minist\u00e9rio da Justi\u00e7a\" class=\"wp-image-902844\" width=\"463\" height=\"788\" srcset=\"https:\/\/dhg1h5j42swfq.cloudfront.net\/2021\/11\/08080404\/image-97.png 445w, https:\/\/dhg1h5j42swfq.cloudfront.net\/2021\/11\/08080404\/image-97-176x300.png 176w\" sizes=\"auto, (max-width: 463px) 100vw, 463px\" \/><\/figure><\/div>\n\n\n\n<hr class=\"wp-block-separator\"\/>\n\n\n\n<p class=\"has-text-align-center has-luminous-vivid-orange-color has-black-background-color has-text-color has-background\"> <strong>Quer estudar com quem mais aprova em concursos p\u00fablicos no Brasil, com um valor que cabe no seu bolso? Confira a nossa Black Friday!<\/strong> <strong><span style=\"text-decoration: underline;\">Clique no banner para participar<\/span>:<\/strong> <\/p>\n\n\n\n<div class=\"wp-block-image\"><figure class=\"aligncenter size-full\"><a href=\"https:\/\/gratis.estrategiaconcursos.com.br\/bf-ec\/\" target=\"_blank\" rel=\"noopener\"><img loading=\"lazy\" decoding=\"async\" width=\"801\" height=\"274\" src=\"https:\/\/dhg1h5j42swfq.cloudfront.net\/2021\/10\/28093835\/image-503.png\" alt=\"\" class=\"wp-image-895601\" srcset=\"https:\/\/dhg1h5j42swfq.cloudfront.net\/2021\/10\/28093835\/image-503.png 801w, https:\/\/dhg1h5j42swfq.cloudfront.net\/2021\/10\/28093835\/image-503-300x103.png 300w, https:\/\/dhg1h5j42swfq.cloudfront.net\/2021\/10\/28093835\/image-503-768x263.png 768w, https:\/\/dhg1h5j42swfq.cloudfront.net\/2021\/10\/28093835\/image-503-610x209.png 610w\" sizes=\"auto, (max-width: 801px) 100vw, 801px\" \/><\/a><\/figure><\/div>\n\n\n\n<h2 class=\"has-text-align-center wp-block-heading\" id=\"assinatura-e-cursos\"><em><strong>Quer estudar para o edital PSS do Minist\u00e9rio da Justi\u00e7a?<\/strong><\/em><\/h2>\n\n\n\n<div class=\"container\" id=\"boxes\">\n  <div class=\"row\">\n\n    <div class=\"col-sm\">\n      <div class=\"banner-adm\" id=\"box-assinatura\">\n        <h3 class=\"titulo-assinatura\">Cursos Minist\u00e9rio da Justi\u00e7a<\/h3>\n        <p class=\"subtitulo-assinatura\">Conhe\u00e7a os cursos<\/p>\n        <div class=\"box-botao\">\n          <a class=\"btn-assinatura\" target=\"_blank\" href=\"https:\/\/www.estrategiaconcursos.com.br\/cursosPorConcurso\/ministerio-da-justica-172\/\" role=\"button\" rel=\"noopener noreferrer\">Conhe\u00e7a mais<\/a>\n        <\/div>\n      <\/div>\n      \n    <\/div>\n\n  <\/div>\n<\/div>\n\n\n\n<div class=\"container\" id=\"boxes\">\n  <div class=\"row\">\n\n    <div class=\"col-sm\">\n      <div class=\"estrategia\" id=\"box-assinatura\">\n        <h3 class=\"titulo-assinatura\"> Concursos P\u00fablicos\n        <p class=\"subtitulo-assinatura\">Assinatura de 1 ano ou 2 anos<\/p>\n        <div class=\"box-botao\">\n          <a class=\"btn-assinatura\" target=\"_blank\" href=\"https:\/\/www.estrategiaconcursos.com.br\/assinaturas\/\" role=\"button\" rel=\"noopener noreferrer\">ASSINE AGORA<\/a>\n        <\/div>\n      <\/h3><\/div><\/div><\/div><\/div>\n\n\n\n<h2 class=\"has-text-align-center wp-block-heading\" id=\"h-quer-saber-tudo-sobre-concursos-previstos-confira-nossos-artigos\">Quer saber tudo sobre concursos previstos?<br \/>Confira nossos artigos!<\/h2>\n\n\n\n<ul class=\"wp-block-list\"><li><a href=\"https:\/\/www.estrategiaconcursos.com.br\/blog\/concursos-abertos\/\" target=\"_blank\" rel=\"noreferrer noopener\">Concursos abertos<\/a><\/li><li><a href=\"https:\/\/www.estrategiaconcursos.com.br\/blog\/concursos-2021\/\" target=\"_blank\" rel=\"noreferrer noopener\">Concursos 2021<\/a><\/li><li><a href=\"https:\/\/www.estrategiaconcursos.com.br\/blog\/concursos-2022\/\" target=\"_blank\" rel=\"noreferrer noopener\">Concursos 2022<\/a><\/li><\/ul>\n\n\n\n<figure class=\"wp-block-image size-large is-resized\"><img loading=\"lazy\" decoding=\"async\" src=\"https:\/\/dhg1h5j42swfq.cloudfront.net\/2021\/07\/09123111\/ficha-tecnica-3-1024x632.png\" alt=\"\" class=\"wp-image-791156\" width=\"252\" height=\"155\" srcset=\"https:\/\/dhg1h5j42swfq.cloudfront.net\/2021\/07\/09123111\/ficha-tecnica-3-1024x632.png 1024w, https:\/\/dhg1h5j42swfq.cloudfront.net\/2021\/07\/09123111\/ficha-tecnica-3-300x185.png 300w, https:\/\/dhg1h5j42swfq.cloudfront.net\/2021\/07\/09123111\/ficha-tecnica-3-768x474.png 768w, https:\/\/dhg1h5j42swfq.cloudfront.net\/2021\/07\/09123111\/ficha-tecnica-3-1536x948.png 1536w, https:\/\/dhg1h5j42swfq.cloudfront.net\/2021\/07\/09123111\/ficha-tecnica-3-610x377.png 610w, https:\/\/dhg1h5j42swfq.cloudfront.net\/2021\/07\/09123111\/ficha-tecnica-3.png 1571w\" sizes=\"auto, (max-width: 252px) 100vw, 252px\" \/><\/figure>\n\n\n\n<ul class=\"wp-block-list\"><li><strong>Data da prova<\/strong>: 09\/01\/2022<\/li><li><strong>Vagas<\/strong>: 66<\/li><li><strong>Cargos<\/strong>: T\u00e9cnico<\/li><li><strong>Banca<\/strong>: Cebraspe<\/li><li><strong>Escolaridade<\/strong>: Superior<\/li><li><strong>Edital:<\/strong>&nbsp;<a href=\"https:\/\/dhg1h5j42swfq.cloudfront.net\/2021\/11\/08103441\/ed_39_mj_pss_21_abertura.pdf\" target=\"_blank\" rel=\"noreferrer noopener nofollow\">Minist\u00e9rio da Justi\u00e7a 2021<\/a><\/li><\/ul>\n","protected":false},"excerpt":{"rendered":"<p>Foi divulgado o novo cronograma do processo seletivo simplificado (PSS) Minist\u00e9rio da Justi\u00e7a. Com isso, as inscri\u00e7\u00f5es foram prorrogadas at\u00e9 o dia 26 de novembro. Al\u00e9m disso, a aplica\u00e7\u00e3o das Provas Objetivas, agora, ocorrer\u00e1 no dia 09 de janeiro de 2022. Lembrando que o processo de candidatura precisa ser realizado diretamente pelo site da banca, [&hellip;]<\/p>\n","protected":false},"author":2018,"featured_media":756008,"comment_status":"open","ping_status":"closed","sticky":false,"template":"","format":"standard","meta":{"post_tipo":"news","footnotes":""},"categories":[214992,220219],"tags":[],"tax_estado":[219963],"class_list":["post-902831","post","type-post","status-publish","format-standard","has-post-thumbnail","hentry","category-concursos-administrativos","category-noticias","tax_estado-concursos-federais"],"acf":[],"yoast_head":"<!-- This site is optimized with the Yoast SEO Premium plugin v27.2 (Yoast SEO v27.2) - https:\/\/yoast.com\/product\/yoast-seo-premium-wordpress\/ -->\n<title>Edital PSS Minist\u00e9rio da Justi\u00e7a: novo cronograma divulgado!<\/title>\n<meta name=\"description\" content=\"O edital do PSS Minist\u00e9rio da Justi\u00e7a foi modificado! Altera\u00e7\u00f5es s\u00e3o apontadas no cronograma do documento. Novas datas divulgadas. Veja!\" \/>\n<meta name=\"robots\" content=\"index, follow, max-snippet:-1, max-image-preview:large, max-video-preview:-1\" \/>\n<link rel=\"canonical\" href=\"https:\/\/www.estrategiaconcursos.com.br\/blog\/edital-pss-ministerio-da-justica\/\" \/>\n<meta property=\"og:locale\" content=\"pt_BR\" \/>\n<meta property=\"og:type\" content=\"article\" \/>\n<meta property=\"og:title\" content=\"Edital PSS Minist\u00e9rio da Justi\u00e7a: novo cronograma divulgado!\" \/>\n<meta property=\"og:description\" content=\"O edital do PSS Minist\u00e9rio da Justi\u00e7a foi modificado! Altera\u00e7\u00f5es s\u00e3o apontadas no cronograma do documento. Novas datas divulgadas. Veja!\" \/>\n<meta property=\"og:url\" content=\"https:\/\/www.estrategiaconcursos.com.br\/blog\/edital-pss-ministerio-da-justica\/\" \/>\n<meta property=\"og:site_name\" content=\"Estrat\u00e9gia Concursos\" \/>\n<meta property=\"article:published_time\" content=\"2021-11-18T09:40:00+00:00\" \/>\n<meta property=\"article:modified_time\" content=\"2021-11-18T16:34:32+00:00\" \/>\n<meta property=\"og:image\" content=\"https:\/\/dhg1h5j42swfq.cloudfront.net\/2021\/05\/31140104\/ministerio-da-justica.jpg\" \/>\n\t<meta property=\"og:image:width\" content=\"768\" \/>\n\t<meta property=\"og:image:height\" content=\"432\" \/>\n\t<meta property=\"og:image:type\" content=\"image\/jpeg\" \/>\n<meta name=\"author\" content=\"B\u00e1rbara Carvalho Santos\" \/>\n<meta name=\"twitter:card\" content=\"summary_large_image\" \/>\n<meta name=\"twitter:creator\" content=\"@EstratConcursos\" \/>\n<meta name=\"twitter:site\" content=\"@EstratConcursos\" \/>\n<meta name=\"twitter:label1\" content=\"Escrito por\" \/>\n\t<meta name=\"twitter:data1\" content=\"B\u00e1rbara Carvalho Santos\" \/>\n\t<meta name=\"twitter:label2\" content=\"Est. tempo de leitura\" \/>\n\t<meta name=\"twitter:data2\" content=\"4 minutos\" \/>\n<script type=\"application\/ld+json\" class=\"yoast-schema-graph\">{\"@context\":\"https:\/\/schema.org\",\"@graph\":[{\"@type\":\"NewsArticle\",\"@id\":\"https:\/\/www.estrategiaconcursos.com.br\/blog\/edital-pss-ministerio-da-justica\/#article\",\"isPartOf\":{\"@id\":\"https:\/\/www.estrategiaconcursos.com.br\/blog\/edital-pss-ministerio-da-justica\/\"},\"author\":{\"name\":\"B\u00e1rbara Carvalho Santos\",\"@id\":\"https:\/\/www.estrategiaconcursos.com.br\/blog\/#\/schema\/person\/e3882259fa157d54c44c21f4ee4e0e60\"},\"headline\":\"Edital PSS Minist\u00e9rio da Justi\u00e7a: novo cronograma divulgado!\",\"datePublished\":\"2021-11-18T09:40:00+00:00\",\"dateModified\":\"2021-11-18T16:34:32+00:00\",\"mainEntityOfPage\":{\"@id\":\"https:\/\/www.estrategiaconcursos.com.br\/blog\/edital-pss-ministerio-da-justica\/\"},\"wordCount\":663,\"commentCount\":0,\"publisher\":{\"@id\":\"https:\/\/www.estrategiaconcursos.com.br\/blog\/#organization\"},\"image\":{\"@id\":\"https:\/\/www.estrategiaconcursos.com.br\/blog\/edital-pss-ministerio-da-justica\/#primaryimage\"},\"thumbnailUrl\":\"https:\/\/dhg1h5j42swfq.cloudfront.net\/2021\/05\/31140104\/ministerio-da-justica.jpg\",\"articleSection\":[\"Executivo (Administrativa)\",\"\u00daltimas not\u00edcias\"],\"inLanguage\":\"pt-BR\",\"potentialAction\":[{\"@type\":\"CommentAction\",\"name\":\"Comment\",\"target\":[\"https:\/\/www.estrategiaconcursos.com.br\/blog\/edital-pss-ministerio-da-justica\/#respond\"]}],\"copyrightYear\":\"2021\",\"copyrightHolder\":{\"@id\":\"https:\/\/www.estrategiaconcursos.com.br\/blog\/#organization\"}},{\"@type\":\"WebPage\",\"@id\":\"https:\/\/www.estrategiaconcursos.com.br\/blog\/edital-pss-ministerio-da-justica\/\",\"url\":\"https:\/\/www.estrategiaconcursos.com.br\/blog\/edital-pss-ministerio-da-justica\/\",\"name\":\"Edital PSS Minist\u00e9rio da Justi\u00e7a: novo cronograma divulgado!\",\"isPartOf\":{\"@id\":\"https:\/\/www.estrategiaconcursos.com.br\/blog\/#website\"},\"primaryImageOfPage\":{\"@id\":\"https:\/\/www.estrategiaconcursos.com.br\/blog\/edital-pss-ministerio-da-justica\/#primaryimage\"},\"image\":{\"@id\":\"https:\/\/www.estrategiaconcursos.com.br\/blog\/edital-pss-ministerio-da-justica\/#primaryimage\"},\"thumbnailUrl\":\"https:\/\/dhg1h5j42swfq.cloudfront.net\/2021\/05\/31140104\/ministerio-da-justica.jpg\",\"datePublished\":\"2021-11-18T09:40:00+00:00\",\"dateModified\":\"2021-11-18T16:34:32+00:00\",\"description\":\"O edital do PSS Minist\u00e9rio da Justi\u00e7a foi modificado! Altera\u00e7\u00f5es s\u00e3o apontadas no cronograma do documento. Novas datas divulgadas. Veja!\",\"breadcrumb\":{\"@id\":\"https:\/\/www.estrategiaconcursos.com.br\/blog\/edital-pss-ministerio-da-justica\/#breadcrumb\"},\"inLanguage\":\"pt-BR\",\"potentialAction\":[{\"@type\":\"ReadAction\",\"target\":[\"https:\/\/www.estrategiaconcursos.com.br\/blog\/edital-pss-ministerio-da-justica\/\"]}]},{\"@type\":\"ImageObject\",\"inLanguage\":\"pt-BR\",\"@id\":\"https:\/\/www.estrategiaconcursos.com.br\/blog\/edital-pss-ministerio-da-justica\/#primaryimage\",\"url\":\"https:\/\/dhg1h5j42swfq.cloudfront.net\/2021\/05\/31140104\/ministerio-da-justica.jpg\",\"contentUrl\":\"https:\/\/dhg1h5j42swfq.cloudfront.net\/2021\/05\/31140104\/ministerio-da-justica.jpg\",\"width\":768,\"height\":432,\"caption\":\"Comiss\u00e3o do concurso Minist\u00e9rio da Justi\u00e7a em forma\u00e7\u00e3o!\"},{\"@type\":\"BreadcrumbList\",\"@id\":\"https:\/\/www.estrategiaconcursos.com.br\/blog\/edital-pss-ministerio-da-justica\/#breadcrumb\",\"itemListElement\":[{\"@type\":\"ListItem\",\"position\":1,\"name\":\"In\u00edcio\",\"item\":\"https:\/\/www.estrategiaconcursos.com.br\/blog\/\"},{\"@type\":\"ListItem\",\"position\":2,\"name\":\"Edital PSS Minist\u00e9rio da Justi\u00e7a: novo cronograma divulgado!\"}]},{\"@type\":\"WebSite\",\"@id\":\"https:\/\/www.estrategiaconcursos.com.br\/blog\/#website\",\"url\":\"https:\/\/www.estrategiaconcursos.com.br\/blog\/\",\"name\":\"Estrat\u00e9gia Concursos\",\"description\":\"O blog da Estrat\u00e9gia Concursos traz not\u00edcias sobre concursos e artigos de professores oferecendo cursos para concursos (pdf + videaulas) no site.\",\"publisher\":{\"@id\":\"https:\/\/www.estrategiaconcursos.com.br\/blog\/#organization\"},\"potentialAction\":[{\"@type\":\"SearchAction\",\"target\":{\"@type\":\"EntryPoint\",\"urlTemplate\":\"https:\/\/www.estrategiaconcursos.com.br\/blog\/?s={search_term_string}\"},\"query-input\":{\"@type\":\"PropertyValueSpecification\",\"valueRequired\":true,\"valueName\":\"search_term_string\"}}],\"inLanguage\":\"pt-BR\"},{\"@type\":\"Organization\",\"@id\":\"https:\/\/www.estrategiaconcursos.com.br\/blog\/#organization\",\"name\":\"Estrat\u00e9gia Concursos\",\"url\":\"https:\/\/www.estrategiaconcursos.com.br\/blog\/\",\"logo\":{\"@type\":\"ImageObject\",\"inLanguage\":\"pt-BR\",\"@id\":\"https:\/\/www.estrategiaconcursos.com.br\/blog\/#\/schema\/logo\/image\/\",\"url\":\"https:\/\/dhg1h5j42swfq.cloudfront.net\/2025\/06\/03203428\/logo_concursos-1.jpg\",\"contentUrl\":\"https:\/\/dhg1h5j42swfq.cloudfront.net\/2025\/06\/03203428\/logo_concursos-1.jpg\",\"width\":230,\"height\":60,\"caption\":\"Estrat\u00e9gia Concursos\"},\"image\":{\"@id\":\"https:\/\/www.estrategiaconcursos.com.br\/blog\/#\/schema\/logo\/image\/\"},\"sameAs\":[\"https:\/\/x.com\/EstratConcursos\"]},{\"@type\":\"Person\",\"@id\":\"https:\/\/www.estrategiaconcursos.com.br\/blog\/#\/schema\/person\/e3882259fa157d54c44c21f4ee4e0e60\",\"name\":\"B\u00e1rbara Carvalho Santos\",\"image\":{\"@type\":\"ImageObject\",\"inLanguage\":\"pt-BR\",\"@id\":\"https:\/\/secure.gravatar.com\/avatar\/353300f73140f779692b9be2b39f434d1341e4e34c7f55bd5a990fe29ef352eb?s=96&d=mm&r=g\",\"url\":\"https:\/\/secure.gravatar.com\/avatar\/353300f73140f779692b9be2b39f434d1341e4e34c7f55bd5a990fe29ef352eb?s=96&d=mm&r=g\",\"contentUrl\":\"https:\/\/secure.gravatar.com\/avatar\/353300f73140f779692b9be2b39f434d1341e4e34c7f55bd5a990fe29ef352eb?s=96&d=mm&r=g\",\"caption\":\"B\u00e1rbara Carvalho Santos\"},\"description\":\"M\u00e3e e jornalista formada pela UNIP, possui ampla experi\u00eancia na cobertura de entretenimento em grandes ve\u00edculos, como o site da CNN, RedeTV! e Estrat\u00e9gia Educacional. Atuou tamb\u00e9m em ag\u00eancias de marketing, produtoras musicais e assessorias de imprensa, com foco especial no trabalho com personalidades p\u00fablicas. Atualmente, integra a equipe do Estrat\u00e9gia Concursos, onde \u00e9 respons\u00e1vel pela produ\u00e7\u00e3o de conte\u00fados estrat\u00e9gicos voltados para o setor de concursos p\u00fablicos, com destaque para a \u00e1rea fiscal, gest\u00e3o, controle, concursos administrativos e Minist\u00e9rios participantes do CNU, al\u00e9m de diversos \u00f3rg\u00e3os federais. Tem como miss\u00e3o transformar informa\u00e7\u00f5es complexas em conte\u00fados acess\u00edveis, relevantes e de alto valor para quem sonha com uma carreira no servi\u00e7o p\u00fablico.\",\"url\":\"https:\/\/www.estrategiaconcursos.com.br\/blog\/author\/barbara-santos\/\"}]}<\/script>\n<!-- \/ Yoast SEO Premium plugin. -->","yoast_head_json":{"title":"Edital PSS Minist\u00e9rio da Justi\u00e7a: novo cronograma divulgado!","description":"O edital do PSS Minist\u00e9rio da Justi\u00e7a foi modificado! Altera\u00e7\u00f5es s\u00e3o apontadas no cronograma do documento. Novas datas divulgadas. Veja!","robots":{"index":"index","follow":"follow","max-snippet":"max-snippet:-1","max-image-preview":"max-image-preview:large","max-video-preview":"max-video-preview:-1"},"canonical":"https:\/\/www.estrategiaconcursos.com.br\/blog\/edital-pss-ministerio-da-justica\/","og_locale":"pt_BR","og_type":"article","og_title":"Edital PSS Minist\u00e9rio da Justi\u00e7a: novo cronograma divulgado!","og_description":"O edital do PSS Minist\u00e9rio da Justi\u00e7a foi modificado! Altera\u00e7\u00f5es s\u00e3o apontadas no cronograma do documento. Novas datas divulgadas. Veja!","og_url":"https:\/\/www.estrategiaconcursos.com.br\/blog\/edital-pss-ministerio-da-justica\/","og_site_name":"Estrat\u00e9gia Concursos","article_published_time":"2021-11-18T09:40:00+00:00","article_modified_time":"2021-11-18T16:34:32+00:00","og_image":[{"width":768,"height":432,"url":"https:\/\/dhg1h5j42swfq.cloudfront.net\/2021\/05\/31140104\/ministerio-da-justica.jpg","type":"image\/jpeg"}],"author":"B\u00e1rbara Carvalho Santos","twitter_card":"summary_large_image","twitter_creator":"@EstratConcursos","twitter_site":"@EstratConcursos","twitter_misc":{"Escrito por":"B\u00e1rbara Carvalho Santos","Est. tempo de leitura":"4 minutos"},"schema":{"@context":"https:\/\/schema.org","@graph":[{"@type":"NewsArticle","@id":"https:\/\/www.estrategiaconcursos.com.br\/blog\/edital-pss-ministerio-da-justica\/#article","isPartOf":{"@id":"https:\/\/www.estrategiaconcursos.com.br\/blog\/edital-pss-ministerio-da-justica\/"},"author":{"name":"B\u00e1rbara Carvalho Santos","@id":"https:\/\/www.estrategiaconcursos.com.br\/blog\/#\/schema\/person\/e3882259fa157d54c44c21f4ee4e0e60"},"headline":"Edital PSS Minist\u00e9rio da Justi\u00e7a: novo cronograma divulgado!","datePublished":"2021-11-18T09:40:00+00:00","dateModified":"2021-11-18T16:34:32+00:00","mainEntityOfPage":{"@id":"https:\/\/www.estrategiaconcursos.com.br\/blog\/edital-pss-ministerio-da-justica\/"},"wordCount":663,"commentCount":0,"publisher":{"@id":"https:\/\/www.estrategiaconcursos.com.br\/blog\/#organization"},"image":{"@id":"https:\/\/www.estrategiaconcursos.com.br\/blog\/edital-pss-ministerio-da-justica\/#primaryimage"},"thumbnailUrl":"https:\/\/dhg1h5j42swfq.cloudfront.net\/2021\/05\/31140104\/ministerio-da-justica.jpg","articleSection":["Executivo (Administrativa)","\u00daltimas not\u00edcias"],"inLanguage":"pt-BR","potentialAction":[{"@type":"CommentAction","name":"Comment","target":["https:\/\/www.estrategiaconcursos.com.br\/blog\/edital-pss-ministerio-da-justica\/#respond"]}],"copyrightYear":"2021","copyrightHolder":{"@id":"https:\/\/www.estrategiaconcursos.com.br\/blog\/#organization"}},{"@type":"WebPage","@id":"https:\/\/www.estrategiaconcursos.com.br\/blog\/edital-pss-ministerio-da-justica\/","url":"https:\/\/www.estrategiaconcursos.com.br\/blog\/edital-pss-ministerio-da-justica\/","name":"Edital PSS Minist\u00e9rio da Justi\u00e7a: novo cronograma divulgado!","isPartOf":{"@id":"https:\/\/www.estrategiaconcursos.com.br\/blog\/#website"},"primaryImageOfPage":{"@id":"https:\/\/www.estrategiaconcursos.com.br\/blog\/edital-pss-ministerio-da-justica\/#primaryimage"},"image":{"@id":"https:\/\/www.estrategiaconcursos.com.br\/blog\/edital-pss-ministerio-da-justica\/#primaryimage"},"thumbnailUrl":"https:\/\/dhg1h5j42swfq.cloudfront.net\/2021\/05\/31140104\/ministerio-da-justica.jpg","datePublished":"2021-11-18T09:40:00+00:00","dateModified":"2021-11-18T16:34:32+00:00","description":"O edital do PSS Minist\u00e9rio da Justi\u00e7a foi modificado! Altera\u00e7\u00f5es s\u00e3o apontadas no cronograma do documento. Novas datas divulgadas. Veja!","breadcrumb":{"@id":"https:\/\/www.estrategiaconcursos.com.br\/blog\/edital-pss-ministerio-da-justica\/#breadcrumb"},"inLanguage":"pt-BR","potentialAction":[{"@type":"ReadAction","target":["https:\/\/www.estrategiaconcursos.com.br\/blog\/edital-pss-ministerio-da-justica\/"]}]},{"@type":"ImageObject","inLanguage":"pt-BR","@id":"https:\/\/www.estrategiaconcursos.com.br\/blog\/edital-pss-ministerio-da-justica\/#primaryimage","url":"https:\/\/dhg1h5j42swfq.cloudfront.net\/2021\/05\/31140104\/ministerio-da-justica.jpg","contentUrl":"https:\/\/dhg1h5j42swfq.cloudfront.net\/2021\/05\/31140104\/ministerio-da-justica.jpg","width":768,"height":432,"caption":"Comiss\u00e3o do concurso Minist\u00e9rio da Justi\u00e7a em forma\u00e7\u00e3o!"},{"@type":"BreadcrumbList","@id":"https:\/\/www.estrategiaconcursos.com.br\/blog\/edital-pss-ministerio-da-justica\/#breadcrumb","itemListElement":[{"@type":"ListItem","position":1,"name":"In\u00edcio","item":"https:\/\/www.estrategiaconcursos.com.br\/blog\/"},{"@type":"ListItem","position":2,"name":"Edital PSS Minist\u00e9rio da Justi\u00e7a: novo cronograma divulgado!"}]},{"@type":"WebSite","@id":"https:\/\/www.estrategiaconcursos.com.br\/blog\/#website","url":"https:\/\/www.estrategiaconcursos.com.br\/blog\/","name":"Estrat\u00e9gia Concursos","description":"O blog da Estrat\u00e9gia Concursos traz not\u00edcias sobre concursos e artigos de professores oferecendo cursos para concursos (pdf + videaulas) no site.","publisher":{"@id":"https:\/\/www.estrategiaconcursos.com.br\/blog\/#organization"},"potentialAction":[{"@type":"SearchAction","target":{"@type":"EntryPoint","urlTemplate":"https:\/\/www.estrategiaconcursos.com.br\/blog\/?s={search_term_string}"},"query-input":{"@type":"PropertyValueSpecification","valueRequired":true,"valueName":"search_term_string"}}],"inLanguage":"pt-BR"},{"@type":"Organization","@id":"https:\/\/www.estrategiaconcursos.com.br\/blog\/#organization","name":"Estrat\u00e9gia Concursos","url":"https:\/\/www.estrategiaconcursos.com.br\/blog\/","logo":{"@type":"ImageObject","inLanguage":"pt-BR","@id":"https:\/\/www.estrategiaconcursos.com.br\/blog\/#\/schema\/logo\/image\/","url":"https:\/\/dhg1h5j42swfq.cloudfront.net\/2025\/06\/03203428\/logo_concursos-1.jpg","contentUrl":"https:\/\/dhg1h5j42swfq.cloudfront.net\/2025\/06\/03203428\/logo_concursos-1.jpg","width":230,"height":60,"caption":"Estrat\u00e9gia Concursos"},"image":{"@id":"https:\/\/www.estrategiaconcursos.com.br\/blog\/#\/schema\/logo\/image\/"},"sameAs":["https:\/\/x.com\/EstratConcursos"]},{"@type":"Person","@id":"https:\/\/www.estrategiaconcursos.com.br\/blog\/#\/schema\/person\/e3882259fa157d54c44c21f4ee4e0e60","name":"B\u00e1rbara Carvalho Santos","image":{"@type":"ImageObject","inLanguage":"pt-BR","@id":"https:\/\/secure.gravatar.com\/avatar\/353300f73140f779692b9be2b39f434d1341e4e34c7f55bd5a990fe29ef352eb?s=96&d=mm&r=g","url":"https:\/\/secure.gravatar.com\/avatar\/353300f73140f779692b9be2b39f434d1341e4e34c7f55bd5a990fe29ef352eb?s=96&d=mm&r=g","contentUrl":"https:\/\/secure.gravatar.com\/avatar\/353300f73140f779692b9be2b39f434d1341e4e34c7f55bd5a990fe29ef352eb?s=96&d=mm&r=g","caption":"B\u00e1rbara Carvalho Santos"},"description":"M\u00e3e e jornalista formada pela UNIP, possui ampla experi\u00eancia na cobertura de entretenimento em grandes ve\u00edculos, como o site da CNN, RedeTV! e Estrat\u00e9gia Educacional. Atuou tamb\u00e9m em ag\u00eancias de marketing, produtoras musicais e assessorias de imprensa, com foco especial no trabalho com personalidades p\u00fablicas. Atualmente, integra a equipe do Estrat\u00e9gia Concursos, onde \u00e9 respons\u00e1vel pela produ\u00e7\u00e3o de conte\u00fados estrat\u00e9gicos voltados para o setor de concursos p\u00fablicos, com destaque para a \u00e1rea fiscal, gest\u00e3o, controle, concursos administrativos e Minist\u00e9rios participantes do CNU, al\u00e9m de diversos \u00f3rg\u00e3os federais. Tem como miss\u00e3o transformar informa\u00e7\u00f5es complexas em conte\u00fados acess\u00edveis, relevantes e de alto valor para quem sonha com uma carreira no servi\u00e7o p\u00fablico.","url":"https:\/\/www.estrategiaconcursos.com.br\/blog\/author\/barbara-santos\/"}]}},"_links":{"self":[{"href":"https:\/\/www.estrategiaconcursos.com.br\/blog\/wp-json\/wp\/v2\/posts\/902831","targetHints":{"allow":["GET"]}}],"collection":[{"href":"https:\/\/www.estrategiaconcursos.com.br\/blog\/wp-json\/wp\/v2\/posts"}],"about":[{"href":"https:\/\/www.estrategiaconcursos.com.br\/blog\/wp-json\/wp\/v2\/types\/post"}],"author":[{"embeddable":true,"href":"https:\/\/www.estrategiaconcursos.com.br\/blog\/wp-json\/wp\/v2\/users\/2018"}],"replies":[{"embeddable":true,"href":"https:\/\/www.estrategiaconcursos.com.br\/blog\/wp-json\/wp\/v2\/comments?post=902831"}],"version-history":[{"count":25,"href":"https:\/\/www.estrategiaconcursos.com.br\/blog\/wp-json\/wp\/v2\/posts\/902831\/revisions"}],"predecessor-version":[{"id":911457,"href":"https:\/\/www.estrategiaconcursos.com.br\/blog\/wp-json\/wp\/v2\/posts\/902831\/revisions\/911457"}],"wp:featuredmedia":[{"embeddable":true,"href":"https:\/\/www.estrategiaconcursos.com.br\/blog\/wp-json\/wp\/v2\/media\/756008"}],"wp:attachment":[{"href":"https:\/\/www.estrategiaconcursos.com.br\/blog\/wp-json\/wp\/v2\/media?parent=902831"}],"wp:term":[{"taxonomy":"category","embeddable":true,"href":"https:\/\/www.estrategiaconcursos.com.br\/blog\/wp-json\/wp\/v2\/categories?post=902831"},{"taxonomy":"post_tag","embeddable":true,"href":"https:\/\/www.estrategiaconcursos.com.br\/blog\/wp-json\/wp\/v2\/tags?post=902831"},{"taxonomy":"tax_estado","embeddable":true,"href":"https:\/\/www.estrategiaconcursos.com.br\/blog\/wp-json\/wp\/v2\/tax_estado?post=902831"}],"curies":[{"name":"wp","href":"https:\/\/api.w.org\/{rel}","templated":true}]}}