{"id":90216,"date":"2017-09-25T10:11:10","date_gmt":"2017-09-25T13:11:10","guid":{"rendered":"https:\/\/www.estrategiaconcursos.com.br\/blog\/?p=90216"},"modified":"2017-09-27T16:18:53","modified_gmt":"2017-09-27T19:18:53","slug":"procurador-camara-bh-analise-edital","status":"publish","type":"post","link":"https:\/\/www.estrategiaconcursos.com.br\/blog\/procurador-camara-bh-analise-edital\/","title":{"rendered":"Procurador C\u00e2mara BH &#8211; An\u00e1lise Edital"},"content":{"rendered":"<h5 style=\"text-align: center\">Procurador C\u00e2mara BH<br \/>\n<img loading=\"lazy\" decoding=\"async\" class=\"size-full wp-image-90222 alignleft\" src=\"https:\/\/dhg1h5j42swfq.cloudfront.net\/2017\/09\/25100822\/Procurador-C%C3%A2mara-BH.png\" alt=\"Procurador C\u00e2mara BH\" width=\"125\" height=\"165\" \/><\/h5>\n<p style=\"text-align: justify\">Ol\u00e1 pessoal, tudo bem? O tema de hoje ser\u00e1: Edital do Concurso para Procurador C\u00e2mara BH.<\/p>\n<p style=\"text-align: justify\">Queria conversar com voc\u00eas sobre o rec\u00e9m publicado <a href=\"https:\/\/www.estrategiaconcursos.com.br\/blog\/wp-content\/uploads\/2017\/09\/Edital-Ca\u0302mara-BH-2017.pdf\" target=\"_blank\" rel=\"noopener\">Edital<\/a> de Procurador da C\u00e2mara Municipal de Belo Horizonte\/MG (Procurador C\u00e2mara de BH).<\/p>\n<p style=\"text-align: justify\">Trata-se de uma excelente oportunidade para aqueles que est\u00e3o estudando para concursos de advocacia p\u00fablica, eis que tanto a remunera\u00e7\u00e3o quanto o volume de trabalho s\u00e3o interessantes.<\/p>\n<p style=\"text-align: justify\">O concurso ficar\u00e1 a cargo da Banca <a href=\"http:\/\/www.consulplan.net\/home.aspx\" target=\"_blank\" rel=\"noopener\">CONSULPLAN.<\/a><\/p>\n<p style=\"text-align: justify\">Antes, por\u00e9m, gostaria de me apresentar.<\/p>\n<p style=\"text-align: justify\">Me chamo <strong>Igor Maciel<\/strong> e sou Professor aqui do Estrat\u00e9gia Carreiras Jur\u00eddicas de Direitos Difusos e Coletivos (Urban\u00edstico e Consumidor), Direito Administrativo e de Aspectos de Direito Processual Civil aplicados \u00e0 Fazenda P\u00fablica.<\/p>\n<p style=\"text-align: justify\">Sou graduado na Universidade Federal de Pernambuco, com extens\u00e3o na Universidade de Coimbra\/Portugal, especialista LLM em Direito Corporativo pelo IBMEC\/RJ e Mestre em Direito e Pol\u00edticas P\u00fablicas pelo UNICEUB\/DF.\u00a0Convido-os a seguir minhas redes sociais. Basta clicar no \u00edcone desejado:<\/p>\n<p>&nbsp;<\/p>\n<p><a href=\"https:\/\/www.youtube.com\/channel\/UC8j0Uou4WqygSNVXJhWHLvQ\" target=\"_blank\" rel=\"noopener\"><img loading=\"lazy\" decoding=\"async\" class=\"alignleft wp-image-32736\" title=\"Procurador C\u00e2mara BH\" src=\"https:\/\/dhg1h5j42swfq.cloudfront.net\/2016\/02\/03152106\/youtube.png\" alt=\"\" width=\"35\" height=\"24\" \/><\/a><a href=\"https:\/\/www.instagram.com\/profigormaciel\/\" target=\"_blank\" rel=\"noopener\"><img loading=\"lazy\" decoding=\"async\" class=\"alignleft wp-image-45743\" title=\"Procurador C\u00e2mara BH\" src=\"https:\/\/dhg1h5j42swfq.cloudfront.net\/2016\/08\/08104857\/instagram.jpeg\" alt=\"\" width=\"46\" height=\"34\" srcset=\"https:\/\/dhg1h5j42swfq.cloudfront.net\/2016\/08\/08104857\/instagram.jpeg 880w, https:\/\/dhg1h5j42swfq.cloudfront.net\/2016\/08\/08104857\/instagram.jpeg 300w, https:\/\/dhg1h5j42swfq.cloudfront.net\/2016\/08\/08104857\/instagram.jpeg 768w, https:\/\/dhg1h5j42swfq.cloudfront.net\/2016\/08\/08104857\/instagram.jpeg 411w\" sizes=\"auto, (max-width: 46px) 100vw, 46px\" \/><\/a><a href=\"https:\/\/www.facebook.com\/profigormaciel\/?ref=bookmarks\" target=\"_blank\" rel=\"noopener\"><img loading=\"lazy\" decoding=\"async\" class=\"alignleft wp-image-32735\" title=\"Procurador C\u00e2mara BH\" src=\"https:\/\/dhg1h5j42swfq.cloudfront.net\/2016\/02\/03152041\/imagem-facebook.png\" alt=\"\" width=\"30\" height=\"30\" \/><\/a><\/p>\n<p style=\"text-align: left\"><strong>@Prof Igor Maciel<\/strong><\/p>\n<p>&nbsp;<\/p>\n<p style=\"text-align: justify\"><span style=\"text-decoration: underline\"><strong>Chega de conversa. Vamos \u00e0 an\u00e1lise do edital para\u00a0Procurador C\u00e2mara BH.<\/strong><\/span><\/p>\n<h5>Atribui\u00e7\u00f5es do Cargo<\/h5>\n<p style=\"text-align: justify\">O Procurador da C\u00e2mara de Belo Horizonte (Procurador C\u00e2mara BH) possui como atribui\u00e7\u00e3o atuar em defesa dos interesses da C\u00e2mara, em ju\u00edzo ou na esfera administrativa.<\/p>\n<p style=\"text-align: justify\">Cabe a este servidor, portanto, o assessoramento jur\u00eddico aos \u00f3rg\u00e3os da secretaria da C\u00e2mara bem como minutar e analisar contratos, termos de compromisso e de responsabilidade, editais e demais atos licitat\u00f3rios, fornecendo apoio consultivo \u00e0s comiss\u00f5es em assuntos afetos \u00e0 sua fun\u00e7\u00e3o.<\/p>\n<h5>Remunera\u00e7\u00e3o<\/h5>\n<p>A remunera\u00e7\u00e3o tamb\u00e9m \u00e9 bastante interessante: sal\u00e1rio de R$. 7.853,62 (sete mil oitocentos e cinquenta e tr\u00eas reais e sessenta e dois centavos) al\u00e9m dos seguintes benef\u00edcios:<\/p>\n<p style=\"padding-left: 30px\"><em>a) Aux\u00edlio-Alimenta\u00e7\u00e3o no valor de R$ 30,25 (trinta reais vinte e cinco centavos) por dia \u00fatil efetivamente trabalhado. Base legal: Lei Municipal n\u00ba 9.936\/2013;<\/em><\/p>\n<p style=\"padding-left: 30px\"><em>b) Aux\u00edlio-Creche parcialmente subsidiado pela CMBH. Base legal: Lei Municipal n\u00ba 7.863\/1999 (art. 85, \u00a7 3\u00ba);<\/em><\/p>\n<p style=\"padding-left: 30px\"><em>c) Aux\u00edlio-Transporte parcialmente subsidiado pela CMBH. Base legal: Lei Federal n\u00ba 7.418\/1985, regulamentada pela Delibera\u00e7\u00e3o n\u00ba 12\/2005;<\/em><\/p>\n<p style=\"padding-left: 30px\"><em>d) Plano de sa\u00fade parcialmente subsidiado pela CMBH. Base legal: Lei Municipal n\u00ba 10.107\/2011, regulamentada pela Delibera\u00e7\u00e3o n\u00ba 2\/2012.<\/em><\/p>\n<h5>Carga Hor\u00e1ria<\/h5>\n<p>A carga hor\u00e1ria tamb\u00e9m \u00e9 bastante interessante, eis que dever\u00e1 o Procurador trabalhar seis horas di\u00e1rias em um total de 30 (trinta) horas semanais.<\/p>\n<h5>Requisitos do Cargo<\/h5>\n<p style=\"text-align: justify\">Al\u00e9m disso, o Edital exige t\u00e3o somente a Gradua\u00e7\u00e3o em Direito com o registro na OAB como requisitos para exerc\u00edcio do cargo, sem qualquer ressalva quanto \u00e0 necessidade de pr\u00e1tica jur\u00eddica.<\/p>\n<h5>Vagas<\/h5>\n<p>Aqui o Edital foi bastante generoso: 8 vagas para o cargo de Procurador C\u00e2mara BH.<\/p>\n<h5>Inscri\u00e7\u00f5es<\/h5>\n<p>O per\u00edodo de inscri\u00e7\u00f5es, meus amigos, ser\u00e1 entre os dias 28.11.2017 (a partir das 14 horas) e 04.01.2018 (at\u00e9 as 16 horas) a um custo de R$. 40,10 (quarenta reais e dez centavos).<\/p>\n<h5>Data das Provas<\/h5>\n<p style=\"text-align: justify\">As provas objetiva e subjetiva ser\u00e3o realizadas conjuntamente no dia 18\/02\/2018 em hor\u00e1rio a ser definido. Uma observa\u00e7\u00e3o se faz necess\u00e1ria: o candidato ter\u00e1 apenas 5 (cinco) horas para entregar tanto a folha de respostas objetivas como a folha com a transcri\u00e7\u00e3o da prova discursiva.<\/p>\n<h5>Prova Objetiva<\/h5>\n<p style=\"text-align: justify\">A prova objetiva constar\u00e1 de 60 quest\u00f5es de m\u00faltipla escolha (A, B, C e D), sendo 20 (vinte) quest\u00f5es de L\u00edngua Portuguesa e 40 (quarenta) quest\u00f5es exigindo os seguintes Conhecimentos Espec\u00edficos:<\/p>\n<p style=\"padding-left: 30px\"><em>Direito Constitucional<\/em><br \/>\n<em> Direito Administrativo<\/em><br \/>\n<em> Direito Civil<\/em><br \/>\n<em> Direito Processual Civil<\/em><br \/>\n<em> Direito Penal<\/em><br \/>\n<em> Direito Tribut\u00e1rio e Financeiro<\/em><br \/>\n<em> Direito do Trabalho<\/em><br \/>\n<em> Direito Urban\u00edstico<\/em><\/p>\n<p>Cada quest\u00e3o da prova objetiva valer\u00e1 2,0 (dois) pontos, independente da mat\u00e9ria sobre a qual verse.<\/p>\n<h5>Prova Discursiva<\/h5>\n<p style=\"text-align: justify\">A prova discursiva ser\u00e1 realizada no mesmo dia da prova objetiva e versar\u00e1 sobre a elabora\u00e7\u00e3o de pe\u00e7a pr\u00e1tico-profissional privativa de advogado (peti\u00e7\u00e3o ou parecer), versando exclusivamente sobre argumenta\u00e7\u00e3o jur\u00eddica, contendo no m\u00ednimo 90 (noventa) linhas e, no m\u00e1ximo, 130 (cento e trinta) linhas.\u00a0A prova discursiva valer\u00e1 50 pontos que ser\u00e3o avaliados da seguinte forma:<\/p>\n<p style=\"padding-left: 30px\"><em>Dimens\u00e3o Conceitual \u2013 40 (quarenta) pontos;<\/em><br \/>\n<em> Dimens\u00e3o Formal \u2013 10 (dez) pontos;<\/em><\/p>\n<h6 style=\"text-align: center\"><a href=\"https:\/\/www.estrategiaconcursos.com.br\/blog\/prova-discursiva-procurador-camara-bh-analise-geral\/\" target=\"_blank\" rel=\"noopener\">Quer saber como estudar para a Prova Discursiva do Concurso Procurador C\u00e2mara BH? Fizemos um artigo sobre isso! Clique Aqui!<\/a><\/h6>\n<h5>E quem ter\u00e1 sua prova discursiva corrigida no concurso Procurador C\u00e2mara BH?<\/h5>\n<p style=\"text-align: justify\">Pessoal, em que pese todos os candidatos responderem tanto as provas objetivas quanto as provas discursivas, apenas ter\u00e3o sua prova discursivas corrigidas os candidatos que cumulativamente:<\/p>\n<p style=\"padding-left: 30px\"><em>1- Obtiver pontua\u00e7\u00e3o igual ou superior a 50% (cinquenta por cento) na prova objetiva;<\/em><\/p>\n<p style=\"padding-left: 30px\"><em>2- Obtiver pontua\u00e7\u00e3o igual ou superior a 20% (vinte por cento) tanto no conte\u00fado de L\u00edngua Portuguesa quanto nos Conhecimentos Espec\u00edficos na prova objetiva;<\/em><\/p>\n<p style=\"padding-left: 30px\"><em>3- Estiver classificado na prova objetiva entre os 160 (cento e sessenta) primeiros colocados, incluindo-se todos aqueles que estiverem empatados nesta posi\u00e7\u00e3o;<\/em><\/p>\n<h5>E quem ser\u00e1 considerado aprovado na prova discursiva do concurso Procurador C\u00e2mara BH?<\/h5>\n<p>Ser\u00e1 considerado aprovado na prova discursiva o candidato que obtiver pontua\u00e7\u00e3o igual ou superior a 50% (cinquenta por cento) da pontua\u00e7\u00e3o total da prova discursiva.<\/p>\n<p>Por fim, o prazo de validade do concurso ser\u00e1 de 2 (dois) anos + 2 (dois) anos.<\/p>\n<p>Tudo tranquilo?<\/p>\n<p>Convido-os a seguir minhas redes sociais. Basta clicar no \u00edcone desejado.<\/p>\n<p>Grande abra\u00e7o a todos,<\/p>\n<p><a href=\"https:\/\/www.youtube.com\/channel\/UC8j0Uou4WqygSNVXJhWHLvQ\" target=\"_blank\" rel=\"noopener\"><img loading=\"lazy\" decoding=\"async\" class=\"alignleft wp-image-32736\" title=\"Procurador C\u00e2mara BH\" src=\"https:\/\/dhg1h5j42swfq.cloudfront.net\/2016\/02\/03152106\/youtube.png\" alt=\"\" width=\"35\" height=\"24\" \/><\/a><a href=\"https:\/\/www.instagram.com\/profigormaciel\/\" target=\"_blank\" rel=\"noopener\"><img loading=\"lazy\" decoding=\"async\" class=\"alignleft wp-image-45743\" title=\"Procurador C\u00e2mara BH\" src=\"https:\/\/dhg1h5j42swfq.cloudfront.net\/2016\/08\/08104857\/instagram.jpeg\" alt=\"\" width=\"46\" height=\"34\" srcset=\"https:\/\/dhg1h5j42swfq.cloudfront.net\/2016\/08\/08104857\/instagram.jpeg 880w, https:\/\/dhg1h5j42swfq.cloudfront.net\/2016\/08\/08104857\/instagram.jpeg 300w, https:\/\/dhg1h5j42swfq.cloudfront.net\/2016\/08\/08104857\/instagram.jpeg 768w, https:\/\/dhg1h5j42swfq.cloudfront.net\/2016\/08\/08104857\/instagram.jpeg 411w\" sizes=\"auto, (max-width: 46px) 100vw, 46px\" \/><\/a><a href=\"https:\/\/www.facebook.com\/profigormaciel\/?ref=bookmarks\" target=\"_blank\" rel=\"noopener\"><img loading=\"lazy\" decoding=\"async\" class=\"alignleft wp-image-32735\" title=\"Procurador C\u00e2mara BH\" src=\"https:\/\/dhg1h5j42swfq.cloudfront.net\/2016\/02\/03152041\/imagem-facebook.png\" alt=\"\" width=\"30\" height=\"30\" \/><\/a><\/p>\n<p><strong>@Prof Igor Maciel<\/strong><\/p>\n<p>&nbsp;<\/p>\n","protected":false},"excerpt":{"rendered":"<p>Procurador C\u00e2mara BH Ol\u00e1 pessoal, tudo bem? O tema de hoje ser\u00e1: Edital do Concurso para Procurador C\u00e2mara BH. Queria conversar com voc\u00eas sobre o rec\u00e9m publicado Edital de Procurador da C\u00e2mara Municipal de Belo Horizonte\/MG (Procurador C\u00e2mara de BH). Trata-se de uma excelente oportunidade para aqueles que est\u00e3o estudando para concursos de advocacia p\u00fablica, [&hellip;]<\/p>\n","protected":false},"author":317,"featured_media":0,"comment_status":"open","ping_status":"open","sticky":false,"template":"","format":"standard","meta":{"post_tipo":"article","footnotes":""},"categories":[1],"tags":[],"tax_estado":[],"class_list":["post-90216","post","type-post","status-publish","format-standard","hentry","category-cursos-e-concursos"],"acf":[],"yoast_head":"<!-- This site is optimized with the Yoast SEO Premium plugin v27.2 (Yoast SEO v27.2) - https:\/\/yoast.com\/product\/yoast-seo-premium-wordpress\/ -->\n<title>Procurador C\u00e2mara BH - An\u00e1lise de Edital - C\u00e2mara de Belo Horizonte<\/title>\n<meta name=\"description\" content=\"An\u00e1lise do Edital do Concurso para Procurador da C\u00e2mara de Vereadores do Munic\u00edpio de Belo Horizonte\/MG. Procurador C\u00e2mara BH - An\u00e1lise Edital.\" \/>\n<meta name=\"robots\" content=\"index, follow, max-snippet:-1, max-image-preview:large, max-video-preview:-1\" \/>\n<link rel=\"canonical\" href=\"https:\/\/www.estrategiaconcursos.com.br\/blog\/procurador-camara-bh-analise-edital\/\" \/>\n<meta property=\"og:locale\" content=\"pt_BR\" \/>\n<meta property=\"og:type\" content=\"article\" \/>\n<meta property=\"og:title\" content=\"Procurador C\u00e2mara BH - An\u00e1lise Edital\" \/>\n<meta property=\"og:description\" content=\"An\u00e1lise do Edital do Concurso para Procurador da C\u00e2mara de Vereadores do Munic\u00edpio de Belo Horizonte\/MG. Procurador C\u00e2mara BH - An\u00e1lise Edital.\" \/>\n<meta property=\"og:url\" content=\"https:\/\/www.estrategiaconcursos.com.br\/blog\/procurador-camara-bh-analise-edital\/\" \/>\n<meta property=\"og:site_name\" content=\"Estrat\u00e9gia Concursos\" \/>\n<meta property=\"article:author\" content=\"https:\/\/www.facebook.com\/igor.maciel.1420\" \/>\n<meta property=\"article:published_time\" content=\"2017-09-25T13:11:10+00:00\" \/>\n<meta property=\"article:modified_time\" content=\"2017-09-27T19:18:53+00:00\" \/>\n<meta property=\"og:image\" content=\"https:\/\/www.estrategiaconcursos.com.br\/blog\/wp-content\/uploads\/2016\/02\/youtube.png\" \/>\n<meta name=\"author\" content=\"Igor Maciel\" \/>\n<meta name=\"twitter:card\" content=\"summary_large_image\" \/>\n<meta name=\"twitter:creator\" content=\"@EstratConcursos\" \/>\n<meta name=\"twitter:site\" content=\"@EstratConcursos\" \/>\n<meta name=\"twitter:label1\" content=\"Escrito por\" \/>\n\t<meta name=\"twitter:data1\" content=\"Igor Maciel\" \/>\n\t<meta name=\"twitter:label2\" content=\"Est. tempo de leitura\" \/>\n\t<meta name=\"twitter:data2\" content=\"4 minutos\" \/>\n<script type=\"application\/ld+json\" class=\"yoast-schema-graph\">{\"@context\":\"https:\/\/schema.org\",\"@graph\":[{\"@type\":\"NewsArticle\",\"@id\":\"https:\/\/www.estrategiaconcursos.com.br\/blog\/procurador-camara-bh-analise-edital\/#article\",\"isPartOf\":{\"@id\":\"https:\/\/www.estrategiaconcursos.com.br\/blog\/procurador-camara-bh-analise-edital\/\"},\"author\":{\"name\":\"Igor Maciel\",\"@id\":\"https:\/\/www.estrategiaconcursos.com.br\/blog\/#\/schema\/person\/024d26d5efb06d95dfc04025d7301591\"},\"headline\":\"Procurador C\u00e2mara BH &#8211; An\u00e1lise Edital\",\"datePublished\":\"2017-09-25T13:11:10+00:00\",\"dateModified\":\"2017-09-27T19:18:53+00:00\",\"mainEntityOfPage\":{\"@id\":\"https:\/\/www.estrategiaconcursos.com.br\/blog\/procurador-camara-bh-analise-edital\/\"},\"wordCount\":904,\"commentCount\":12,\"publisher\":{\"@id\":\"https:\/\/www.estrategiaconcursos.com.br\/blog\/#organization\"},\"image\":{\"@id\":\"https:\/\/www.estrategiaconcursos.com.br\/blog\/procurador-camara-bh-analise-edital\/#primaryimage\"},\"thumbnailUrl\":\"https:\/\/www.estrategiaconcursos.com.br\/blog\/wp-content\/uploads\/2016\/02\/youtube.png\",\"articleSection\":[\"Concursos P\u00fablicos\"],\"inLanguage\":\"pt-BR\",\"potentialAction\":[{\"@type\":\"CommentAction\",\"name\":\"Comment\",\"target\":[\"https:\/\/www.estrategiaconcursos.com.br\/blog\/procurador-camara-bh-analise-edital\/#respond\"]}],\"copyrightYear\":\"2017\",\"copyrightHolder\":{\"@id\":\"https:\/\/www.estrategiaconcursos.com.br\/blog\/#organization\"}},{\"@type\":\"WebPage\",\"@id\":\"https:\/\/www.estrategiaconcursos.com.br\/blog\/procurador-camara-bh-analise-edital\/\",\"url\":\"https:\/\/www.estrategiaconcursos.com.br\/blog\/procurador-camara-bh-analise-edital\/\",\"name\":\"Procurador C\u00e2mara BH - An\u00e1lise de Edital - C\u00e2mara de Belo Horizonte\",\"isPartOf\":{\"@id\":\"https:\/\/www.estrategiaconcursos.com.br\/blog\/#website\"},\"primaryImageOfPage\":{\"@id\":\"https:\/\/www.estrategiaconcursos.com.br\/blog\/procurador-camara-bh-analise-edital\/#primaryimage\"},\"image\":{\"@id\":\"https:\/\/www.estrategiaconcursos.com.br\/blog\/procurador-camara-bh-analise-edital\/#primaryimage\"},\"thumbnailUrl\":\"https:\/\/www.estrategiaconcursos.com.br\/blog\/wp-content\/uploads\/2016\/02\/youtube.png\",\"datePublished\":\"2017-09-25T13:11:10+00:00\",\"dateModified\":\"2017-09-27T19:18:53+00:00\",\"description\":\"An\u00e1lise do Edital do Concurso para Procurador da C\u00e2mara de Vereadores do Munic\u00edpio de Belo Horizonte\/MG. Procurador C\u00e2mara BH - An\u00e1lise Edital.\",\"breadcrumb\":{\"@id\":\"https:\/\/www.estrategiaconcursos.com.br\/blog\/procurador-camara-bh-analise-edital\/#breadcrumb\"},\"inLanguage\":\"pt-BR\",\"potentialAction\":[{\"@type\":\"ReadAction\",\"target\":[\"https:\/\/www.estrategiaconcursos.com.br\/blog\/procurador-camara-bh-analise-edital\/\"]}]},{\"@type\":\"ImageObject\",\"inLanguage\":\"pt-BR\",\"@id\":\"https:\/\/www.estrategiaconcursos.com.br\/blog\/procurador-camara-bh-analise-edital\/#primaryimage\",\"url\":\"https:\/\/www.estrategiaconcursos.com.br\/blog\/wp-content\/uploads\/2016\/02\/youtube.png\",\"contentUrl\":\"https:\/\/www.estrategiaconcursos.com.br\/blog\/wp-content\/uploads\/2016\/02\/youtube.png\"},{\"@type\":\"BreadcrumbList\",\"@id\":\"https:\/\/www.estrategiaconcursos.com.br\/blog\/procurador-camara-bh-analise-edital\/#breadcrumb\",\"itemListElement\":[{\"@type\":\"ListItem\",\"position\":1,\"name\":\"In\u00edcio\",\"item\":\"https:\/\/www.estrategiaconcursos.com.br\/blog\/\"},{\"@type\":\"ListItem\",\"position\":2,\"name\":\"Procurador C\u00e2mara BH &#8211; An\u00e1lise Edital\"}]},{\"@type\":\"WebSite\",\"@id\":\"https:\/\/www.estrategiaconcursos.com.br\/blog\/#website\",\"url\":\"https:\/\/www.estrategiaconcursos.com.br\/blog\/\",\"name\":\"Estrat\u00e9gia Concursos\",\"description\":\"O blog da Estrat\u00e9gia Concursos traz not\u00edcias sobre concursos e artigos de professores oferecendo cursos para concursos (pdf + videaulas) no site.\",\"publisher\":{\"@id\":\"https:\/\/www.estrategiaconcursos.com.br\/blog\/#organization\"},\"potentialAction\":[{\"@type\":\"SearchAction\",\"target\":{\"@type\":\"EntryPoint\",\"urlTemplate\":\"https:\/\/www.estrategiaconcursos.com.br\/blog\/?s={search_term_string}\"},\"query-input\":{\"@type\":\"PropertyValueSpecification\",\"valueRequired\":true,\"valueName\":\"search_term_string\"}}],\"inLanguage\":\"pt-BR\"},{\"@type\":\"Organization\",\"@id\":\"https:\/\/www.estrategiaconcursos.com.br\/blog\/#organization\",\"name\":\"Estrat\u00e9gia Concursos\",\"url\":\"https:\/\/www.estrategiaconcursos.com.br\/blog\/\",\"logo\":{\"@type\":\"ImageObject\",\"inLanguage\":\"pt-BR\",\"@id\":\"https:\/\/www.estrategiaconcursos.com.br\/blog\/#\/schema\/logo\/image\/\",\"url\":\"https:\/\/dhg1h5j42swfq.cloudfront.net\/2025\/06\/03203428\/logo_concursos-1.jpg\",\"contentUrl\":\"https:\/\/dhg1h5j42swfq.cloudfront.net\/2025\/06\/03203428\/logo_concursos-1.jpg\",\"width\":230,\"height\":60,\"caption\":\"Estrat\u00e9gia Concursos\"},\"image\":{\"@id\":\"https:\/\/www.estrategiaconcursos.com.br\/blog\/#\/schema\/logo\/image\/\"},\"sameAs\":[\"https:\/\/x.com\/EstratConcursos\"]},{\"@type\":\"Person\",\"@id\":\"https:\/\/www.estrategiaconcursos.com.br\/blog\/#\/schema\/person\/024d26d5efb06d95dfc04025d7301591\",\"name\":\"Igor Maciel\",\"image\":{\"@type\":\"ImageObject\",\"inLanguage\":\"pt-BR\",\"@id\":\"https:\/\/secure.gravatar.com\/avatar\/e983a676af6facf4aebcb2989d49e3bf61b718712d5e7a4b3f355b7fe651bc2f?s=96&d=mm&r=g\",\"url\":\"https:\/\/secure.gravatar.com\/avatar\/e983a676af6facf4aebcb2989d49e3bf61b718712d5e7a4b3f355b7fe651bc2f?s=96&d=mm&r=g\",\"contentUrl\":\"https:\/\/secure.gravatar.com\/avatar\/e983a676af6facf4aebcb2989d49e3bf61b718712d5e7a4b3f355b7fe651bc2f?s=96&d=mm&r=g\",\"caption\":\"Igor Maciel\"},\"description\":\"Graduado na Universidade Federal de Pernambuco, com extens\u00e3o na Universidade de Coimbra\/Portugal. Especialista LLM em Direito Corporativo pelo IBMEC\/RJ. Mestrando em Direito e Pol\u00edticas P\u00fablicas pelo UNICEUB\/DF. Advogado com atua\u00e7\u00e3o profissional centrada no Direito Tribut\u00e1rio e no Direito Administrativo, especialmente na defesa de servidores p\u00fablicos.\",\"sameAs\":[\"http:\/\/www.imaciel.com.br\",\"https:\/\/www.facebook.com\/igor.maciel.1420\"],\"url\":\"https:\/\/www.estrategiaconcursos.com.br\/blog\/author\/contatoimaciel-com-br\/\"}]}<\/script>\n<!-- \/ Yoast SEO Premium plugin. -->","yoast_head_json":{"title":"Procurador C\u00e2mara BH - An\u00e1lise de Edital - C\u00e2mara de Belo Horizonte","description":"An\u00e1lise do Edital do Concurso para Procurador da C\u00e2mara de Vereadores do Munic\u00edpio de Belo Horizonte\/MG. Procurador C\u00e2mara BH - An\u00e1lise Edital.","robots":{"index":"index","follow":"follow","max-snippet":"max-snippet:-1","max-image-preview":"max-image-preview:large","max-video-preview":"max-video-preview:-1"},"canonical":"https:\/\/www.estrategiaconcursos.com.br\/blog\/procurador-camara-bh-analise-edital\/","og_locale":"pt_BR","og_type":"article","og_title":"Procurador C\u00e2mara BH - An\u00e1lise Edital","og_description":"An\u00e1lise do Edital do Concurso para Procurador da C\u00e2mara de Vereadores do Munic\u00edpio de Belo Horizonte\/MG. Procurador C\u00e2mara BH - An\u00e1lise Edital.","og_url":"https:\/\/www.estrategiaconcursos.com.br\/blog\/procurador-camara-bh-analise-edital\/","og_site_name":"Estrat\u00e9gia Concursos","article_author":"https:\/\/www.facebook.com\/igor.maciel.1420","article_published_time":"2017-09-25T13:11:10+00:00","article_modified_time":"2017-09-27T19:18:53+00:00","og_image":[{"url":"https:\/\/www.estrategiaconcursos.com.br\/blog\/wp-content\/uploads\/2016\/02\/youtube.png","type":"","width":"","height":""}],"author":"Igor Maciel","twitter_card":"summary_large_image","twitter_creator":"@EstratConcursos","twitter_site":"@EstratConcursos","twitter_misc":{"Escrito por":"Igor Maciel","Est. tempo de leitura":"4 minutos"},"schema":{"@context":"https:\/\/schema.org","@graph":[{"@type":"NewsArticle","@id":"https:\/\/www.estrategiaconcursos.com.br\/blog\/procurador-camara-bh-analise-edital\/#article","isPartOf":{"@id":"https:\/\/www.estrategiaconcursos.com.br\/blog\/procurador-camara-bh-analise-edital\/"},"author":{"name":"Igor Maciel","@id":"https:\/\/www.estrategiaconcursos.com.br\/blog\/#\/schema\/person\/024d26d5efb06d95dfc04025d7301591"},"headline":"Procurador C\u00e2mara BH &#8211; An\u00e1lise Edital","datePublished":"2017-09-25T13:11:10+00:00","dateModified":"2017-09-27T19:18:53+00:00","mainEntityOfPage":{"@id":"https:\/\/www.estrategiaconcursos.com.br\/blog\/procurador-camara-bh-analise-edital\/"},"wordCount":904,"commentCount":12,"publisher":{"@id":"https:\/\/www.estrategiaconcursos.com.br\/blog\/#organization"},"image":{"@id":"https:\/\/www.estrategiaconcursos.com.br\/blog\/procurador-camara-bh-analise-edital\/#primaryimage"},"thumbnailUrl":"https:\/\/www.estrategiaconcursos.com.br\/blog\/wp-content\/uploads\/2016\/02\/youtube.png","articleSection":["Concursos P\u00fablicos"],"inLanguage":"pt-BR","potentialAction":[{"@type":"CommentAction","name":"Comment","target":["https:\/\/www.estrategiaconcursos.com.br\/blog\/procurador-camara-bh-analise-edital\/#respond"]}],"copyrightYear":"2017","copyrightHolder":{"@id":"https:\/\/www.estrategiaconcursos.com.br\/blog\/#organization"}},{"@type":"WebPage","@id":"https:\/\/www.estrategiaconcursos.com.br\/blog\/procurador-camara-bh-analise-edital\/","url":"https:\/\/www.estrategiaconcursos.com.br\/blog\/procurador-camara-bh-analise-edital\/","name":"Procurador C\u00e2mara BH - An\u00e1lise de Edital - C\u00e2mara de Belo Horizonte","isPartOf":{"@id":"https:\/\/www.estrategiaconcursos.com.br\/blog\/#website"},"primaryImageOfPage":{"@id":"https:\/\/www.estrategiaconcursos.com.br\/blog\/procurador-camara-bh-analise-edital\/#primaryimage"},"image":{"@id":"https:\/\/www.estrategiaconcursos.com.br\/blog\/procurador-camara-bh-analise-edital\/#primaryimage"},"thumbnailUrl":"https:\/\/www.estrategiaconcursos.com.br\/blog\/wp-content\/uploads\/2016\/02\/youtube.png","datePublished":"2017-09-25T13:11:10+00:00","dateModified":"2017-09-27T19:18:53+00:00","description":"An\u00e1lise do Edital do Concurso para Procurador da C\u00e2mara de Vereadores do Munic\u00edpio de Belo Horizonte\/MG. Procurador C\u00e2mara BH - An\u00e1lise Edital.","breadcrumb":{"@id":"https:\/\/www.estrategiaconcursos.com.br\/blog\/procurador-camara-bh-analise-edital\/#breadcrumb"},"inLanguage":"pt-BR","potentialAction":[{"@type":"ReadAction","target":["https:\/\/www.estrategiaconcursos.com.br\/blog\/procurador-camara-bh-analise-edital\/"]}]},{"@type":"ImageObject","inLanguage":"pt-BR","@id":"https:\/\/www.estrategiaconcursos.com.br\/blog\/procurador-camara-bh-analise-edital\/#primaryimage","url":"https:\/\/www.estrategiaconcursos.com.br\/blog\/wp-content\/uploads\/2016\/02\/youtube.png","contentUrl":"https:\/\/www.estrategiaconcursos.com.br\/blog\/wp-content\/uploads\/2016\/02\/youtube.png"},{"@type":"BreadcrumbList","@id":"https:\/\/www.estrategiaconcursos.com.br\/blog\/procurador-camara-bh-analise-edital\/#breadcrumb","itemListElement":[{"@type":"ListItem","position":1,"name":"In\u00edcio","item":"https:\/\/www.estrategiaconcursos.com.br\/blog\/"},{"@type":"ListItem","position":2,"name":"Procurador C\u00e2mara BH &#8211; An\u00e1lise Edital"}]},{"@type":"WebSite","@id":"https:\/\/www.estrategiaconcursos.com.br\/blog\/#website","url":"https:\/\/www.estrategiaconcursos.com.br\/blog\/","name":"Estrat\u00e9gia Concursos","description":"O blog da Estrat\u00e9gia Concursos traz not\u00edcias sobre concursos e artigos de professores oferecendo cursos para concursos (pdf + videaulas) no site.","publisher":{"@id":"https:\/\/www.estrategiaconcursos.com.br\/blog\/#organization"},"potentialAction":[{"@type":"SearchAction","target":{"@type":"EntryPoint","urlTemplate":"https:\/\/www.estrategiaconcursos.com.br\/blog\/?s={search_term_string}"},"query-input":{"@type":"PropertyValueSpecification","valueRequired":true,"valueName":"search_term_string"}}],"inLanguage":"pt-BR"},{"@type":"Organization","@id":"https:\/\/www.estrategiaconcursos.com.br\/blog\/#organization","name":"Estrat\u00e9gia Concursos","url":"https:\/\/www.estrategiaconcursos.com.br\/blog\/","logo":{"@type":"ImageObject","inLanguage":"pt-BR","@id":"https:\/\/www.estrategiaconcursos.com.br\/blog\/#\/schema\/logo\/image\/","url":"https:\/\/dhg1h5j42swfq.cloudfront.net\/2025\/06\/03203428\/logo_concursos-1.jpg","contentUrl":"https:\/\/dhg1h5j42swfq.cloudfront.net\/2025\/06\/03203428\/logo_concursos-1.jpg","width":230,"height":60,"caption":"Estrat\u00e9gia Concursos"},"image":{"@id":"https:\/\/www.estrategiaconcursos.com.br\/blog\/#\/schema\/logo\/image\/"},"sameAs":["https:\/\/x.com\/EstratConcursos"]},{"@type":"Person","@id":"https:\/\/www.estrategiaconcursos.com.br\/blog\/#\/schema\/person\/024d26d5efb06d95dfc04025d7301591","name":"Igor Maciel","image":{"@type":"ImageObject","inLanguage":"pt-BR","@id":"https:\/\/secure.gravatar.com\/avatar\/e983a676af6facf4aebcb2989d49e3bf61b718712d5e7a4b3f355b7fe651bc2f?s=96&d=mm&r=g","url":"https:\/\/secure.gravatar.com\/avatar\/e983a676af6facf4aebcb2989d49e3bf61b718712d5e7a4b3f355b7fe651bc2f?s=96&d=mm&r=g","contentUrl":"https:\/\/secure.gravatar.com\/avatar\/e983a676af6facf4aebcb2989d49e3bf61b718712d5e7a4b3f355b7fe651bc2f?s=96&d=mm&r=g","caption":"Igor Maciel"},"description":"Graduado na Universidade Federal de Pernambuco, com extens\u00e3o na Universidade de Coimbra\/Portugal. Especialista LLM em Direito Corporativo pelo IBMEC\/RJ. Mestrando em Direito e Pol\u00edticas P\u00fablicas pelo UNICEUB\/DF. Advogado com atua\u00e7\u00e3o profissional centrada no Direito Tribut\u00e1rio e no Direito Administrativo, especialmente na defesa de servidores p\u00fablicos.","sameAs":["http:\/\/www.imaciel.com.br","https:\/\/www.facebook.com\/igor.maciel.1420"],"url":"https:\/\/www.estrategiaconcursos.com.br\/blog\/author\/contatoimaciel-com-br\/"}]}},"_links":{"self":[{"href":"https:\/\/www.estrategiaconcursos.com.br\/blog\/wp-json\/wp\/v2\/posts\/90216","targetHints":{"allow":["GET"]}}],"collection":[{"href":"https:\/\/www.estrategiaconcursos.com.br\/blog\/wp-json\/wp\/v2\/posts"}],"about":[{"href":"https:\/\/www.estrategiaconcursos.com.br\/blog\/wp-json\/wp\/v2\/types\/post"}],"author":[{"embeddable":true,"href":"https:\/\/www.estrategiaconcursos.com.br\/blog\/wp-json\/wp\/v2\/users\/317"}],"replies":[{"embeddable":true,"href":"https:\/\/www.estrategiaconcursos.com.br\/blog\/wp-json\/wp\/v2\/comments?post=90216"}],"version-history":[{"count":5,"href":"https:\/\/www.estrategiaconcursos.com.br\/blog\/wp-json\/wp\/v2\/posts\/90216\/revisions"}],"predecessor-version":[{"id":90629,"href":"https:\/\/www.estrategiaconcursos.com.br\/blog\/wp-json\/wp\/v2\/posts\/90216\/revisions\/90629"}],"wp:attachment":[{"href":"https:\/\/www.estrategiaconcursos.com.br\/blog\/wp-json\/wp\/v2\/media?parent=90216"}],"wp:term":[{"taxonomy":"category","embeddable":true,"href":"https:\/\/www.estrategiaconcursos.com.br\/blog\/wp-json\/wp\/v2\/categories?post=90216"},{"taxonomy":"post_tag","embeddable":true,"href":"https:\/\/www.estrategiaconcursos.com.br\/blog\/wp-json\/wp\/v2\/tags?post=90216"},{"taxonomy":"tax_estado","embeddable":true,"href":"https:\/\/www.estrategiaconcursos.com.br\/blog\/wp-json\/wp\/v2\/tax_estado?post=90216"}],"curies":[{"name":"wp","href":"https:\/\/api.w.org\/{rel}","templated":true}]}}