{"id":90201,"date":"2017-09-25T10:54:37","date_gmt":"2017-09-25T13:54:37","guid":{"rendered":"https:\/\/www.estrategiaconcursos.com.br\/blog\/?p=90201"},"modified":"2017-09-26T11:48:19","modified_gmt":"2017-09-26T14:48:19","slug":"gabarito-extraoficial-dpu-direito-empresarial","status":"publish","type":"post","link":"https:\/\/www.estrategiaconcursos.com.br\/blog\/gabarito-extraoficial-dpu-direito-empresarial\/","title":{"rendered":"Gabarito Extraoficial &#8211; DPU &#8211; Prova de Direito Empresarial"},"content":{"rendered":"<p>Oi pessoal!<\/p>\n<p>A seguir analiso as quest\u00f5es de Direito Empresarial aplicadas na prova do dia 24\/9 para o cargo de Defensor P\u00fablico Federal. Direito Empresarial \u00e9 uma mat\u00e9ria secund\u00e1ria no concurso da DPU, mas as poucas quest\u00f5es aplicadas n\u00e3o foram f\u00e1ceis.<\/p>\n<p>&nbsp;<\/p>\n<p><a href=\"https:\/\/dhg1h5j42swfq.cloudfront.net\/2017\/09\/25104912\/Quest%C3%A3o-01.jpg\"><img loading=\"lazy\" decoding=\"async\" class=\"aligncenter size-full wp-image-90244\" src=\"https:\/\/dhg1h5j42swfq.cloudfront.net\/2017\/09\/25104912\/Quest%C3%A3o-01.jpg\" alt=\"\" width=\"285\" height=\"139\" \/><\/a><\/p>\n<p>QUEST\u00c3O 1.<\/p>\n<p>A situa\u00e7\u00e3o descrita pela banca n\u00e3o faz muito sentido. As obriga\u00e7\u00f5es do s\u00f3cio para com a sociedade s\u00e3o reguladas pelo contrato social, e por isso n\u00e3o faz sentido que a sociedade requeira a desconsidera\u00e7\u00e3o de sua pr\u00f3pria personalidade jur\u00eddica. A reda\u00e7\u00e3o da quest\u00e3o \u00e9 um pouco confusa, mas acredito que podemos dizer que esteja errada sem muito medo&#8230;! J<\/p>\n<p>GABARITO: ERRADA<\/p>\n<p>&nbsp;<\/p>\n<p><a href=\"https:\/\/dhg1h5j42swfq.cloudfront.net\/2017\/09\/25104948\/Quest%C3%A3o-14-1-enunciado.jpg\"><img loading=\"lazy\" decoding=\"async\" class=\"aligncenter size-full wp-image-90245\" src=\"https:\/\/dhg1h5j42swfq.cloudfront.net\/2017\/09\/25104948\/Quest%C3%A3o-14-1-enunciado.jpg\" alt=\"\" width=\"272\" height=\"133\" \/><\/a><\/p>\n<p><a href=\"https:\/\/dhg1h5j42swfq.cloudfront.net\/2017\/09\/25105001\/Quest%C3%A3o-14-2-Corpo.jpg\"><img loading=\"lazy\" decoding=\"async\" class=\"aligncenter size-full wp-image-90246\" src=\"https:\/\/dhg1h5j42swfq.cloudfront.net\/2017\/09\/25105001\/Quest%C3%A3o-14-2-Corpo.jpg\" alt=\"\" width=\"275\" height=\"82\" \/><\/a><\/p>\n<p>QUEST\u00c3O 14.<\/p>\n<p>Em primeiro lugar precisamos salientar que a situa\u00e7\u00e3o descrita pela quest\u00e3o \u00e9 a da sociedade irregular, j\u00e1 que existe um instrumento jur\u00eddico que regula seu funcionamento, mas este n\u00e3o foi devidamente registrado. De fato, o contrato social pode servir como prova da exist\u00eancia da sociedade, e poder\u00e1 ser usado inclusive para discutir a titularidade dos seus bens, j\u00e1 que o C\u00f3digo Civil exige que os s\u00f3cios da sociedade em comum fa\u00e7am prova por escrito da sua exist\u00eancia (art. 987).<\/p>\n<p>GABARITO: CERTA<\/p>\n<p>&nbsp;<\/p>\n<p><a href=\"https:\/\/dhg1h5j42swfq.cloudfront.net\/2017\/09\/25105028\/Quest%C3%A3o-15.jpg\"><img loading=\"lazy\" decoding=\"async\" class=\"aligncenter size-full wp-image-90247\" src=\"https:\/\/dhg1h5j42swfq.cloudfront.net\/2017\/09\/25105028\/Quest%C3%A3o-15.jpg\" alt=\"\" width=\"275\" height=\"53\" \/><\/a><\/p>\n<p>QUEST\u00c3O 15.<\/p>\n<p>No caso da sociedade irregular, os bens e d\u00edvidas sociais constituem patrim\u00f4nio especial, do qual os s\u00f3cios s\u00e3o titulares em comum, nos termos do art. 988 do C\u00f3digo Civil.<\/p>\n<p>GABARITO: CERTA<\/p>\n<p>&nbsp;<\/p>\n<p><a href=\"https:\/\/dhg1h5j42swfq.cloudfront.net\/2017\/09\/25105050\/Quest%C3%A3o-16-17-e-18.jpg\"><img loading=\"lazy\" decoding=\"async\" class=\"aligncenter size-full wp-image-90248\" src=\"https:\/\/dhg1h5j42swfq.cloudfront.net\/2017\/09\/25105050\/Quest%C3%A3o-16-17-e-18.jpg\" alt=\"\" width=\"288\" height=\"201\" \/><\/a><\/p>\n<p>QUEST\u00c3O 16.<\/p>\n<p>Nos termos do art. 82 da Lei n. 11.101\/2005, no caso da sociedade em que todos os s\u00f3cios t\u00eam responsabilidade limitada, caber\u00e1 ao ju\u00edzo da fal\u00eancia apurar eventual responsabilidade pessoal dos quotistas e administradores. Essa a\u00e7\u00e3o para apura\u00e7\u00e3o de responsabilidade dos s\u00f3cios e administradores <strong>prescreve em 2 anos<\/strong> contados do tr\u00e2nsito em julgado da senten\u00e7a que encerra a fal\u00eancia, sendo poss\u00edvel ao juiz ordenar a indisponibilidade de bens particulares dos r\u00e9us em montante compat\u00edvel com o dano provocado, de of\u00edcio ou a requerimento das partes interessadas.<\/p>\n<p>GABARITO: CERTA<\/p>\n<p>&nbsp;<\/p>\n<p>QUEST\u00c3O 17.<\/p>\n<p>Quest\u00e3o muito simples. Como o nome empresarial \u00e9 formado pelo nome civil de um dos s\u00f3cios, estamos diante de firma, e n\u00e3o de denomina\u00e7\u00e3o.<\/p>\n<p>GABARITO: ERRADA<\/p>\n<p>&nbsp;<\/p>\n<p>QUEST\u00c3O 18.<\/p>\n<p>De acordo com o art. 81 do C\u00f3digo Civil, a decis\u00e3o que decreta a fal\u00eancia da sociedade com s\u00f3cios ilimitadamente respons\u00e1veis tamb\u00e9m acarreta a fal\u00eancia destes, que ficam sujeitos aos mesmos efeitos jur\u00eddicos produzidos em rela\u00e7\u00e3o \u00e0 sociedade falida e, por isso, dever\u00e3o ser citados para apresentar contesta\u00e7\u00e3o, se assim o desejarem. A situa\u00e7\u00e3o apresentada pela quest\u00e3o, por\u00e9m, envolve uma sociedade limitada, e por isso podemos dizer que todos os s\u00f3cios s\u00e3o de responsabilidade limitada, e por isso n\u00e3o h\u00e1 obrigatoriedade de cita\u00e7\u00e3o pessoal, j\u00e1 que o sujeito passivo da a\u00e7\u00e3o de fal\u00eancia \u00e9 a sociedade.<\/p>\n<p>GABARITO: ERRADA<\/p>\n<p>&nbsp;<\/p>\n<p>Se ficar alguma d\u00favida \u00e9 s\u00f3 chamar ;)<\/p>\n<p>Prof. Paulo Guimar\u00e3es<\/p>\n<p>professorpauloguimaraes@gmail.com<\/p>\n<p><a href=\"http:\/\/www.instagram.com\/profpauloguimaraes\">www.instagram.com\/profpauloguimaraes<\/a><\/p>\n<p><a href=\"http:\/\/www.facebook.com\/profpauloguimaraes\" target=\"_blank\" rel=\"noopener\">www.facebook.com\/profpauloguimaraes<\/a><\/p>\n<p>&nbsp;<\/p>\n","protected":false},"excerpt":{"rendered":"<p>Oi pessoal! A seguir analiso as quest\u00f5es de Direito Empresarial aplicadas na prova do dia 24\/9 para o cargo de Defensor P\u00fablico Federal. Direito Empresarial \u00e9 uma mat\u00e9ria secund\u00e1ria no concurso da DPU, mas as poucas quest\u00f5es aplicadas n\u00e3o foram f\u00e1ceis. &nbsp; QUEST\u00c3O 1. A situa\u00e7\u00e3o descrita pela banca n\u00e3o faz muito sentido. As obriga\u00e7\u00f5es [&hellip;]<\/p>\n","protected":false},"author":99,"featured_media":0,"comment_status":"open","ping_status":"open","sticky":false,"template":"","format":"standard","meta":{"post_tipo":"article","footnotes":""},"categories":[1,2185],"tags":[1050,538],"tax_estado":[],"class_list":["post-90201","post","type-post","status-publish","format-standard","hentry","category-cursos-e-concursos","category-carreiras-juridicas","tag-concurso-dpu","tag-dpu"],"acf":[],"yoast_head":"<!-- This site is optimized with the Yoast SEO Premium plugin v27.2 (Yoast SEO v27.2) - https:\/\/yoast.com\/product\/yoast-seo-premium-wordpress\/ -->\n<title>Gabarito Extraoficial - DPU - Prova de Direito Empresarial<\/title>\n<meta name=\"robots\" content=\"index, follow, max-snippet:-1, max-image-preview:large, max-video-preview:-1\" \/>\n<link rel=\"canonical\" href=\"https:\/\/www.estrategiaconcursos.com.br\/blog\/gabarito-extraoficial-dpu-direito-empresarial\/\" \/>\n<meta property=\"og:locale\" content=\"pt_BR\" \/>\n<meta property=\"og:type\" content=\"article\" \/>\n<meta property=\"og:title\" content=\"Gabarito Extraoficial - DPU - Prova de Direito Empresarial\" \/>\n<meta property=\"og:description\" content=\"Oi pessoal! A seguir analiso as quest\u00f5es de Direito Empresarial aplicadas na prova do dia 24\/9 para o cargo de Defensor P\u00fablico Federal. Direito Empresarial \u00e9 uma mat\u00e9ria secund\u00e1ria no concurso da DPU, mas as poucas quest\u00f5es aplicadas n\u00e3o foram f\u00e1ceis. &nbsp; QUEST\u00c3O 1. A situa\u00e7\u00e3o descrita pela banca n\u00e3o faz muito sentido. As obriga\u00e7\u00f5es [&hellip;]\" \/>\n<meta property=\"og:url\" content=\"https:\/\/www.estrategiaconcursos.com.br\/blog\/gabarito-extraoficial-dpu-direito-empresarial\/\" \/>\n<meta property=\"og:site_name\" content=\"Estrat\u00e9gia Concursos\" \/>\n<meta property=\"article:published_time\" content=\"2017-09-25T13:54:37+00:00\" \/>\n<meta property=\"article:modified_time\" content=\"2017-09-26T14:48:19+00:00\" \/>\n<meta name=\"author\" content=\"Paulo Guimar\u00e3es\" \/>\n<meta name=\"twitter:card\" content=\"summary_large_image\" \/>\n<meta name=\"twitter:creator\" content=\"@EstratConcursos\" \/>\n<meta name=\"twitter:site\" content=\"@EstratConcursos\" \/>\n<meta name=\"twitter:label1\" content=\"Escrito por\" \/>\n\t<meta name=\"twitter:data1\" content=\"Paulo Guimar\u00e3es\" \/>\n\t<meta name=\"twitter:label2\" content=\"Est. tempo de leitura\" \/>\n\t<meta name=\"twitter:data2\" content=\"3 minutos\" \/>\n<script type=\"application\/ld+json\" class=\"yoast-schema-graph\">{\"@context\":\"https:\/\/schema.org\",\"@graph\":[{\"@type\":\"NewsArticle\",\"@id\":\"https:\/\/www.estrategiaconcursos.com.br\/blog\/gabarito-extraoficial-dpu-direito-empresarial\/#article\",\"isPartOf\":{\"@id\":\"https:\/\/www.estrategiaconcursos.com.br\/blog\/gabarito-extraoficial-dpu-direito-empresarial\/\"},\"author\":{\"name\":\"Paulo Guimar\u00e3es\",\"@id\":\"https:\/\/www.estrategiaconcursos.com.br\/blog\/#\/schema\/person\/80ff9f9f52e43a90b6efd99f2869d22b\"},\"headline\":\"Gabarito Extraoficial &#8211; DPU &#8211; Prova de Direito Empresarial\",\"datePublished\":\"2017-09-25T13:54:37+00:00\",\"dateModified\":\"2017-09-26T14:48:19+00:00\",\"mainEntityOfPage\":{\"@id\":\"https:\/\/www.estrategiaconcursos.com.br\/blog\/gabarito-extraoficial-dpu-direito-empresarial\/\"},\"wordCount\":534,\"commentCount\":1,\"publisher\":{\"@id\":\"https:\/\/www.estrategiaconcursos.com.br\/blog\/#organization\"},\"keywords\":[\"concurso DPU\",\"DPU\"],\"articleSection\":[\"Concursos P\u00fablicos\",\"Jur\u00eddico\"],\"inLanguage\":\"pt-BR\",\"potentialAction\":[{\"@type\":\"CommentAction\",\"name\":\"Comment\",\"target\":[\"https:\/\/www.estrategiaconcursos.com.br\/blog\/gabarito-extraoficial-dpu-direito-empresarial\/#respond\"]}],\"copyrightYear\":\"2017\",\"copyrightHolder\":{\"@id\":\"https:\/\/www.estrategiaconcursos.com.br\/blog\/#organization\"}},{\"@type\":\"WebPage\",\"@id\":\"https:\/\/www.estrategiaconcursos.com.br\/blog\/gabarito-extraoficial-dpu-direito-empresarial\/\",\"url\":\"https:\/\/www.estrategiaconcursos.com.br\/blog\/gabarito-extraoficial-dpu-direito-empresarial\/\",\"name\":\"Gabarito Extraoficial - DPU - Prova de Direito Empresarial\",\"isPartOf\":{\"@id\":\"https:\/\/www.estrategiaconcursos.com.br\/blog\/#website\"},\"datePublished\":\"2017-09-25T13:54:37+00:00\",\"dateModified\":\"2017-09-26T14:48:19+00:00\",\"breadcrumb\":{\"@id\":\"https:\/\/www.estrategiaconcursos.com.br\/blog\/gabarito-extraoficial-dpu-direito-empresarial\/#breadcrumb\"},\"inLanguage\":\"pt-BR\",\"potentialAction\":[{\"@type\":\"ReadAction\",\"target\":[\"https:\/\/www.estrategiaconcursos.com.br\/blog\/gabarito-extraoficial-dpu-direito-empresarial\/\"]}]},{\"@type\":\"BreadcrumbList\",\"@id\":\"https:\/\/www.estrategiaconcursos.com.br\/blog\/gabarito-extraoficial-dpu-direito-empresarial\/#breadcrumb\",\"itemListElement\":[{\"@type\":\"ListItem\",\"position\":1,\"name\":\"In\u00edcio\",\"item\":\"https:\/\/www.estrategiaconcursos.com.br\/blog\/\"},{\"@type\":\"ListItem\",\"position\":2,\"name\":\"Gabarito Extraoficial &#8211; DPU &#8211; Prova de Direito Empresarial\"}]},{\"@type\":\"WebSite\",\"@id\":\"https:\/\/www.estrategiaconcursos.com.br\/blog\/#website\",\"url\":\"https:\/\/www.estrategiaconcursos.com.br\/blog\/\",\"name\":\"Estrat\u00e9gia Concursos\",\"description\":\"O blog da Estrat\u00e9gia Concursos traz not\u00edcias sobre concursos e artigos de professores oferecendo cursos para concursos (pdf + videaulas) no site.\",\"publisher\":{\"@id\":\"https:\/\/www.estrategiaconcursos.com.br\/blog\/#organization\"},\"potentialAction\":[{\"@type\":\"SearchAction\",\"target\":{\"@type\":\"EntryPoint\",\"urlTemplate\":\"https:\/\/www.estrategiaconcursos.com.br\/blog\/?s={search_term_string}\"},\"query-input\":{\"@type\":\"PropertyValueSpecification\",\"valueRequired\":true,\"valueName\":\"search_term_string\"}}],\"inLanguage\":\"pt-BR\"},{\"@type\":\"Organization\",\"@id\":\"https:\/\/www.estrategiaconcursos.com.br\/blog\/#organization\",\"name\":\"Estrat\u00e9gia Concursos\",\"url\":\"https:\/\/www.estrategiaconcursos.com.br\/blog\/\",\"logo\":{\"@type\":\"ImageObject\",\"inLanguage\":\"pt-BR\",\"@id\":\"https:\/\/www.estrategiaconcursos.com.br\/blog\/#\/schema\/logo\/image\/\",\"url\":\"https:\/\/dhg1h5j42swfq.cloudfront.net\/2025\/06\/03203428\/logo_concursos-1.jpg\",\"contentUrl\":\"https:\/\/dhg1h5j42swfq.cloudfront.net\/2025\/06\/03203428\/logo_concursos-1.jpg\",\"width\":230,\"height\":60,\"caption\":\"Estrat\u00e9gia Concursos\"},\"image\":{\"@id\":\"https:\/\/www.estrategiaconcursos.com.br\/blog\/#\/schema\/logo\/image\/\"},\"sameAs\":[\"https:\/\/x.com\/EstratConcursos\"]},{\"@type\":\"Person\",\"@id\":\"https:\/\/www.estrategiaconcursos.com.br\/blog\/#\/schema\/person\/80ff9f9f52e43a90b6efd99f2869d22b\",\"name\":\"Paulo Guimar\u00e3es\",\"image\":{\"@type\":\"ImageObject\",\"inLanguage\":\"pt-BR\",\"@id\":\"https:\/\/secure.gravatar.com\/avatar\/08d24bbaa2d103a1d6aba72ee81baa1680267436588d5d9cfb8d32c3aa4ca278?s=96&d=mm&r=g\",\"url\":\"https:\/\/secure.gravatar.com\/avatar\/08d24bbaa2d103a1d6aba72ee81baa1680267436588d5d9cfb8d32c3aa4ca278?s=96&d=mm&r=g\",\"contentUrl\":\"https:\/\/secure.gravatar.com\/avatar\/08d24bbaa2d103a1d6aba72ee81baa1680267436588d5d9cfb8d32c3aa4ca278?s=96&d=mm&r=g\",\"caption\":\"Paulo Guimar\u00e3es\"},\"url\":\"https:\/\/www.estrategiaconcursos.com.br\/blog\/author\/pauloguimaraesestrategiaconcursos-com-br\/\"}]}<\/script>\n<!-- \/ Yoast SEO Premium plugin. -->","yoast_head_json":{"title":"Gabarito Extraoficial - DPU - Prova de Direito Empresarial","robots":{"index":"index","follow":"follow","max-snippet":"max-snippet:-1","max-image-preview":"max-image-preview:large","max-video-preview":"max-video-preview:-1"},"canonical":"https:\/\/www.estrategiaconcursos.com.br\/blog\/gabarito-extraoficial-dpu-direito-empresarial\/","og_locale":"pt_BR","og_type":"article","og_title":"Gabarito Extraoficial - DPU - Prova de Direito Empresarial","og_description":"Oi pessoal! A seguir analiso as quest\u00f5es de Direito Empresarial aplicadas na prova do dia 24\/9 para o cargo de Defensor P\u00fablico Federal. Direito Empresarial \u00e9 uma mat\u00e9ria secund\u00e1ria no concurso da DPU, mas as poucas quest\u00f5es aplicadas n\u00e3o foram f\u00e1ceis. &nbsp; QUEST\u00c3O 1. A situa\u00e7\u00e3o descrita pela banca n\u00e3o faz muito sentido. As obriga\u00e7\u00f5es [&hellip;]","og_url":"https:\/\/www.estrategiaconcursos.com.br\/blog\/gabarito-extraoficial-dpu-direito-empresarial\/","og_site_name":"Estrat\u00e9gia Concursos","article_published_time":"2017-09-25T13:54:37+00:00","article_modified_time":"2017-09-26T14:48:19+00:00","author":"Paulo Guimar\u00e3es","twitter_card":"summary_large_image","twitter_creator":"@EstratConcursos","twitter_site":"@EstratConcursos","twitter_misc":{"Escrito por":"Paulo Guimar\u00e3es","Est. tempo de leitura":"3 minutos"},"schema":{"@context":"https:\/\/schema.org","@graph":[{"@type":"NewsArticle","@id":"https:\/\/www.estrategiaconcursos.com.br\/blog\/gabarito-extraoficial-dpu-direito-empresarial\/#article","isPartOf":{"@id":"https:\/\/www.estrategiaconcursos.com.br\/blog\/gabarito-extraoficial-dpu-direito-empresarial\/"},"author":{"name":"Paulo Guimar\u00e3es","@id":"https:\/\/www.estrategiaconcursos.com.br\/blog\/#\/schema\/person\/80ff9f9f52e43a90b6efd99f2869d22b"},"headline":"Gabarito Extraoficial &#8211; DPU &#8211; Prova de Direito Empresarial","datePublished":"2017-09-25T13:54:37+00:00","dateModified":"2017-09-26T14:48:19+00:00","mainEntityOfPage":{"@id":"https:\/\/www.estrategiaconcursos.com.br\/blog\/gabarito-extraoficial-dpu-direito-empresarial\/"},"wordCount":534,"commentCount":1,"publisher":{"@id":"https:\/\/www.estrategiaconcursos.com.br\/blog\/#organization"},"keywords":["concurso DPU","DPU"],"articleSection":["Concursos P\u00fablicos","Jur\u00eddico"],"inLanguage":"pt-BR","potentialAction":[{"@type":"CommentAction","name":"Comment","target":["https:\/\/www.estrategiaconcursos.com.br\/blog\/gabarito-extraoficial-dpu-direito-empresarial\/#respond"]}],"copyrightYear":"2017","copyrightHolder":{"@id":"https:\/\/www.estrategiaconcursos.com.br\/blog\/#organization"}},{"@type":"WebPage","@id":"https:\/\/www.estrategiaconcursos.com.br\/blog\/gabarito-extraoficial-dpu-direito-empresarial\/","url":"https:\/\/www.estrategiaconcursos.com.br\/blog\/gabarito-extraoficial-dpu-direito-empresarial\/","name":"Gabarito Extraoficial - DPU - Prova de Direito Empresarial","isPartOf":{"@id":"https:\/\/www.estrategiaconcursos.com.br\/blog\/#website"},"datePublished":"2017-09-25T13:54:37+00:00","dateModified":"2017-09-26T14:48:19+00:00","breadcrumb":{"@id":"https:\/\/www.estrategiaconcursos.com.br\/blog\/gabarito-extraoficial-dpu-direito-empresarial\/#breadcrumb"},"inLanguage":"pt-BR","potentialAction":[{"@type":"ReadAction","target":["https:\/\/www.estrategiaconcursos.com.br\/blog\/gabarito-extraoficial-dpu-direito-empresarial\/"]}]},{"@type":"BreadcrumbList","@id":"https:\/\/www.estrategiaconcursos.com.br\/blog\/gabarito-extraoficial-dpu-direito-empresarial\/#breadcrumb","itemListElement":[{"@type":"ListItem","position":1,"name":"In\u00edcio","item":"https:\/\/www.estrategiaconcursos.com.br\/blog\/"},{"@type":"ListItem","position":2,"name":"Gabarito Extraoficial &#8211; DPU &#8211; Prova de Direito Empresarial"}]},{"@type":"WebSite","@id":"https:\/\/www.estrategiaconcursos.com.br\/blog\/#website","url":"https:\/\/www.estrategiaconcursos.com.br\/blog\/","name":"Estrat\u00e9gia Concursos","description":"O blog da Estrat\u00e9gia Concursos traz not\u00edcias sobre concursos e artigos de professores oferecendo cursos para concursos (pdf + videaulas) no site.","publisher":{"@id":"https:\/\/www.estrategiaconcursos.com.br\/blog\/#organization"},"potentialAction":[{"@type":"SearchAction","target":{"@type":"EntryPoint","urlTemplate":"https:\/\/www.estrategiaconcursos.com.br\/blog\/?s={search_term_string}"},"query-input":{"@type":"PropertyValueSpecification","valueRequired":true,"valueName":"search_term_string"}}],"inLanguage":"pt-BR"},{"@type":"Organization","@id":"https:\/\/www.estrategiaconcursos.com.br\/blog\/#organization","name":"Estrat\u00e9gia Concursos","url":"https:\/\/www.estrategiaconcursos.com.br\/blog\/","logo":{"@type":"ImageObject","inLanguage":"pt-BR","@id":"https:\/\/www.estrategiaconcursos.com.br\/blog\/#\/schema\/logo\/image\/","url":"https:\/\/dhg1h5j42swfq.cloudfront.net\/2025\/06\/03203428\/logo_concursos-1.jpg","contentUrl":"https:\/\/dhg1h5j42swfq.cloudfront.net\/2025\/06\/03203428\/logo_concursos-1.jpg","width":230,"height":60,"caption":"Estrat\u00e9gia Concursos"},"image":{"@id":"https:\/\/www.estrategiaconcursos.com.br\/blog\/#\/schema\/logo\/image\/"},"sameAs":["https:\/\/x.com\/EstratConcursos"]},{"@type":"Person","@id":"https:\/\/www.estrategiaconcursos.com.br\/blog\/#\/schema\/person\/80ff9f9f52e43a90b6efd99f2869d22b","name":"Paulo Guimar\u00e3es","image":{"@type":"ImageObject","inLanguage":"pt-BR","@id":"https:\/\/secure.gravatar.com\/avatar\/08d24bbaa2d103a1d6aba72ee81baa1680267436588d5d9cfb8d32c3aa4ca278?s=96&d=mm&r=g","url":"https:\/\/secure.gravatar.com\/avatar\/08d24bbaa2d103a1d6aba72ee81baa1680267436588d5d9cfb8d32c3aa4ca278?s=96&d=mm&r=g","contentUrl":"https:\/\/secure.gravatar.com\/avatar\/08d24bbaa2d103a1d6aba72ee81baa1680267436588d5d9cfb8d32c3aa4ca278?s=96&d=mm&r=g","caption":"Paulo Guimar\u00e3es"},"url":"https:\/\/www.estrategiaconcursos.com.br\/blog\/author\/pauloguimaraesestrategiaconcursos-com-br\/"}]}},"_links":{"self":[{"href":"https:\/\/www.estrategiaconcursos.com.br\/blog\/wp-json\/wp\/v2\/posts\/90201","targetHints":{"allow":["GET"]}}],"collection":[{"href":"https:\/\/www.estrategiaconcursos.com.br\/blog\/wp-json\/wp\/v2\/posts"}],"about":[{"href":"https:\/\/www.estrategiaconcursos.com.br\/blog\/wp-json\/wp\/v2\/types\/post"}],"author":[{"embeddable":true,"href":"https:\/\/www.estrategiaconcursos.com.br\/blog\/wp-json\/wp\/v2\/users\/99"}],"replies":[{"embeddable":true,"href":"https:\/\/www.estrategiaconcursos.com.br\/blog\/wp-json\/wp\/v2\/comments?post=90201"}],"version-history":[{"count":3,"href":"https:\/\/www.estrategiaconcursos.com.br\/blog\/wp-json\/wp\/v2\/posts\/90201\/revisions"}],"predecessor-version":[{"id":90300,"href":"https:\/\/www.estrategiaconcursos.com.br\/blog\/wp-json\/wp\/v2\/posts\/90201\/revisions\/90300"}],"wp:attachment":[{"href":"https:\/\/www.estrategiaconcursos.com.br\/blog\/wp-json\/wp\/v2\/media?parent=90201"}],"wp:term":[{"taxonomy":"category","embeddable":true,"href":"https:\/\/www.estrategiaconcursos.com.br\/blog\/wp-json\/wp\/v2\/categories?post=90201"},{"taxonomy":"post_tag","embeddable":true,"href":"https:\/\/www.estrategiaconcursos.com.br\/blog\/wp-json\/wp\/v2\/tags?post=90201"},{"taxonomy":"tax_estado","embeddable":true,"href":"https:\/\/www.estrategiaconcursos.com.br\/blog\/wp-json\/wp\/v2\/tax_estado?post=90201"}],"curies":[{"name":"wp","href":"https:\/\/api.w.org\/{rel}","templated":true}]}}