{"id":90172,"date":"2026-04-16T12:00:00","date_gmt":"2026-04-16T15:00:00","guid":{"rendered":"https:\/\/www.estrategiaconcursos.com.br\/blog\/?p=90172"},"modified":"2026-04-16T13:23:15","modified_gmt":"2026-04-16T16:23:15","slug":"concurso-trf5","status":"publish","type":"post","link":"https:\/\/www.estrategiaconcursos.com.br\/blog\/concurso-trf5\/","title":{"rendered":"Concurso TRF 5: veja os novos sal\u00e1rios para 2026!"},"content":{"rendered":"<p><center><a id=\"cta-icon\" href=\"https:\/\/sndflw.com\/i\/trf5-grupo\" target=\"_blank\" style=\"background:#29a61a; display:inline-flex; align-items:center; padding:10px 15px; border-radius:6px; color:#fff; text-decoration:none; font-weight:500; font-size:15px;\"><img decoding=\"async\" src=\"https:\/\/dhg1h5j42swfq.cloudfront.net\/2023\/12\/07154107\/whatsapp_13851.png\" alt=\"\" style=\"width:20px; height:20px; margin-right:8px;\"><span>Acesse agora o Grupo de Estudos para o Concurso TRF 5<\/span><\/a><\/center><\/p>\n\n\n\n<p>O <strong>concurso do <a href=\"https:\/\/www.estrategiaconcursos.com.br\/cursosPorConcurso\/trf-5-regiao\/\">Tribunal Regional Federal da 5\u00aa Regi\u00e3o<\/a> (TRF 5)<\/strong>, que contou com <span style=\"text-decoration: underline;\">86 mil candidatos<\/span>, teve o <strong>resultado final republicado<\/strong>. Abaixo, confira o documento completo!<\/p>\n\n\n\n<ul class=\"wp-block-list\">\n<li><a href=\"https:\/\/dhg1h5j42swfq.cloudfront.net\/2025\/12\/16132128\/resultado-inal-trf-5-republicado.pdf\" target=\"_blank\" rel=\"noreferrer noopener\">Resultado final homologado.<\/a><\/li>\n<\/ul>\n\n\n\n<p>Os cargos de <strong>Analista e T\u00e9cnico<\/strong> em cadastro reserva com iniciais de at\u00e9 <strong>R$ 13.994,78<\/strong> ser\u00e3o lotados na sede do TRF da 5\u00aa Regi\u00e3o, em Recife\/PE, ou em uma das seis se\u00e7\u00f5es judici\u00e1rias vinculadas:<\/p>\n\n\n\n<ul class=\"wp-block-list\">\n<li>Alagoas;<\/li>\n\n\n\n<li>Cear\u00e1;<\/li>\n\n\n\n<li>Para\u00edba;<\/li>\n\n\n\n<li>Pernambuco;<\/li>\n\n\n\n<li>Rio Grande do Norte; e<\/li>\n\n\n\n<li>Sergipe.<\/li>\n<\/ul>\n\n\n\n<p>Importante lembrar que a partir de julho de 2026, os aprovados ter\u00e3o novos sal\u00e1rios previstos na&nbsp;<strong>Lei 15293\/25<\/strong>. Assim, as remunera\u00e7\u00f5es iniciais passam a ter os valores abaixo:<\/p>\n\n\n\n<ul class=\"wp-block-list\">\n<li><strong>T\u00e9cnico Judici\u00e1rio:<\/strong>&nbsp;R$ 9.776,74.<\/li>\n\n\n\n<li><strong>Analista Judici\u00e1rio:<\/strong>&nbsp;R$ 16.041,21.<\/li>\n<\/ul>\n\n\n\n<ul class=\"wp-block-list has-very-light-gray-to-cyan-bluish-gray-gradient-background has-background\">\n<li><strong>Concurso TRF5 <\/strong><\/li>\n\n\n\n<li><strong>Status<\/strong>: resultado final homologado<\/li>\n\n\n\n<li><strong>Banca<\/strong>: <a href=\"https:\/\/www.estrategiaconcursos.com.br\/blog\/concurso-trf-5-banca-definida\/\" target=\"_blank\" rel=\"noreferrer noopener\">IBFC<\/a><\/li>\n\n\n\n<li><strong>Escolaridade:<\/strong> n\u00edvel superior<\/li>\n\n\n\n<li><strong>Vagas<\/strong>: CR<\/li>\n\n\n\n<li><strong>Sal\u00e1rios a partir de Jul. de 2026:&nbsp;<\/strong>R$ 9.776,74 (T\u00e9cnico)\/R$ 16.041,21 (Analista)<\/li>\n\n\n\n<li><strong>Edital: <\/strong><a href=\"https:\/\/anexos.cdn.selecao.net.br\/uploads\/747\/concursos\/466\/anexos\/0VkbLaPtJK3WbRh2hKC8SGo0qDO7ovOZEqaCjGx2.pdf\">TRF5 2024<\/a> \/&nbsp;<a href=\"https:\/\/dhg1h5j42swfq.cloudfront.net\/2024\/08\/07084443\/trf.pdf\" target=\"_blank\" rel=\"noreferrer noopener\">Retifica\u00e7\u00e3o<\/a><\/li>\n<\/ul>\n\n\n\n<p>Para saber todos os detalhes do concurso TRF 5, bem como da \u00faltima sele\u00e7\u00e3o, basta acessar os t\u00f3picos abaixo:<\/p>\n\n\n\n<div class=\"container\" id=\"boxes\">\n  <div class=\"row\">\n\n    <div class=\"col-sm\">\n      <div class=\"banner-tribunal\" id=\"box-assinatura\">\n        <h3 class=\"titulo-assinatura\">Curso TRF5<\/h3>\n        <p class=\"subtitulo-assinatura\">Conhe\u00e7a os cursos<\/p>\n        <div class=\"box-botao\">\n          <a class=\"btn-assinatura\" target=\"_blank\" href=\"https:\/\/www.estrategiaconcursos.com.br\/cursosPorConcurso\/trf-5-regiao\/\" role=\"button\" rel=\"noopener noreferrer\">Conhe\u00e7a mais<\/a>\n        <\/div>\n      <\/div>\n      <p class=\"texto-auxiliar\">Prepare-se com o melhor material e com quem mais aprova em Concursos P\u00fablicos em todo o pa\u00eds.<\/p>\n    <\/div>\n\n  <\/div>\n<\/div>\n\n\n\n<ul class=\"wp-block-list\">\n<li><a href=\"#situacao-atual-do-concurso-seccionais\"><strong>Situa\u00e7\u00e3o atual do concurso &#8211; Analista e T\u00e9cnico<\/strong><\/a><\/li>\n\n\n\n<li><a href=\"#cargos\"><strong>Cargos e vagas<\/strong><\/a><\/li>\n\n\n\n<li><a href=\"#requisitos\"><strong>Requisitos<\/strong><\/a><\/li>\n\n\n\n<li><a href=\"#etapas\"><strong>Etapas e provas<\/strong><\/a>\n<ul class=\"wp-block-list\">\n<li><a href=\"#objetiva\"><strong>Prova objetiva<\/strong><\/a><\/li>\n\n\n\n<li><a href=\"#discursiva\"><strong>Prova discursiva<\/strong><\/a><\/li>\n\n\n\n<li><a href=\"#aptid\u00e3o\"><strong>Aptid\u00e3o f\u00edsica<\/strong><\/a><\/li>\n<\/ul>\n<\/li>\n\n\n\n<li><strong><a href=\"#atual\">Situa\u00e7\u00e3o atual do concurso T.I.<\/a><\/strong>\n<ul class=\"wp-block-list\">\n<li><strong><a href=\"#cargos-vagas-e-remuneracoes\">Cargos, vagas e remunera\u00e7\u00f5es T.I.<\/a><\/strong><\/li>\n\n\n\n<li><strong><a href=\"#etapas-e-provas\">Etapas e provas T.I.<\/a><\/strong><\/li>\n<\/ul>\n<\/li>\n\n\n\n<li><strong><a href=\"#carreira\">Carreira no TRF 5<\/a><\/strong>\n<ul class=\"wp-block-list\">\n<li><a href=\"#escolaridade\"><strong>Altera\u00e7\u00e3o de escolaridade<\/strong><\/a><\/li>\n\n\n\n<li><strong><a href=\"#estado\">Sal\u00e1rios e <\/a><\/strong><font color=\"#0073aa\"><span style=\"caret-color: rgb(0, 115, 170);\"><b><u>benef<\/u><\/b><\/span><\/font><strong><a href=\"#estado\">\u00edcios <\/a><\/strong><\/li>\n\n\n\n<li><a href=\"#cargos-vagos\"><strong>Cargos vagos<\/strong><\/a><\/li>\n<\/ul>\n<\/li>\n\n\n\n<li><a href=\"#ultimo\"><strong>Concurso 2017<\/strong><\/a>\n<ul class=\"wp-block-list\">\n<li><strong><a href=\"#nomeacoes\">Nomea\u00e7\u00f5es<\/a><\/strong><\/li>\n<\/ul>\n<\/li>\n\n\n\n<li><strong><a href=\"#curso\">Cursos e Assinaturas<\/a><\/strong><\/li>\n\n\n\n<li><strong><a href=\"#ficha-tecnica\">Ficha T\u00e9cnica<\/a><\/strong><\/li>\n<\/ul>\n\n\n\n<h2 class=\"wp-block-heading\" id=\"datas\">Concurso TRF5: situa\u00e7\u00e3o atual<\/h2>\n\n\n\n<h3 class=\"wp-block-heading\" id=\"h-salarios-e-adicionais-de-qualificacao-reajustados\">Sal\u00e1rios e adicionais de qualifica\u00e7\u00e3o reajustados<\/h3>\n\n\n\n<p>A Justi\u00e7a Federal teve o&nbsp;<a href=\"https:\/\/www.estrategiaconcursos.com.br\/blog\/lula-sancionou-reajuste-salarial-aos-servidores-para-2026\/\">reajuste salarial de 8%<\/a>&nbsp;para todas as carreiras sancionado pelo governo federal. Com isso, os sal\u00e1rios iniciais podem&nbsp;<strong>chegar a R$&nbsp;16.041,21<\/strong>, al\u00e9m de benef\u00edcios.<\/p>\n\n\n\n<p>O adicional de qualifica\u00e7\u00e3o tamb\u00e9m foi reajustado. Atualmente, um analista em final de carreira pode somar R$ 1.161,52 se tiver doutorado, por exemplo.&nbsp;<\/p>\n\n\n\n<p>Com a mudan\u00e7a, o valor vai para&nbsp;<strong>R$ 3.857,75<\/strong>&nbsp;a partir de 2026, considerando-se o reajuste de 8% a partir do pr\u00f3ximo ano, previsto na&nbsp;Lei 15.293, de 19 de dezembro de 2025.<\/p>\n\n\n\n<p>Tamb\u00e9m a partir de 2026, o mestrado valer\u00e1&nbsp;<strong>R$ 2.700,43 (contra os atuais R$ 929,21)<\/strong>. Essas duas qualifica\u00e7\u00f5es n\u00e3o podem ser acumuladas entre si e absorvem outras de valores menores.<\/p>\n\n\n\n<p>Com o reajuste, os vencimentos b\u00e1sicos iniciais para os cargos ficam com os seguintes valores a partir de julho de 2026:<\/p>\n\n\n\n<ul class=\"wp-block-list\">\n<li><strong>R$ 9.776,74 (T\u00e9cnico)&nbsp;<\/strong><\/li>\n\n\n\n<li><strong>R$ 16.041,21 (Analista)<\/strong><\/li>\n<\/ul>\n\n\n\n<p>Al\u00e9m do vencimento b\u00e1sico atualizado, os aprovados ter\u00e3o direito a benef\u00edcios como&nbsp;<strong>aux\u00edlio pr\u00e9-escolar<\/strong>&nbsp;no valor de&nbsp;<strong><\/strong><strong>R$ 1.288,47<\/strong>, e&nbsp;<strong>aux\u00edlio alimenta\u00e7\u00e3o<\/strong>&nbsp;no valor de&nbsp;<strong><\/strong><strong>R$ 1.860,51<\/strong>,&nbsp;<strong>Aux\u00edlio-Natalidade<\/strong>&nbsp;no valor de&nbsp;<strong>R$718,58<\/strong>&nbsp;e&nbsp;<strong>Aux\u00edlio-Sa\u00fade&nbsp;<\/strong>no valor de&nbsp;<strong>R$579,39<\/strong>.<\/p>\n\n\n\n<h3 class=\"wp-block-heading\" id=\"h-homologacao\">Homologa\u00e7\u00e3o<\/h3>\n\n\n\n<p>O <strong>concurso do Tribunal Regional Federal da 5\u00aa Regi\u00e3o (TRF 5)<\/strong> est\u00e1 com o <strong>resultado final homologado<\/strong>. Abaixo, confira o documento completo:<\/p>\n\n\n\n<ul class=\"wp-block-list\">\n<li><a href=\"https:\/\/dhg1h5j42swfq.cloudfront.net\/2025\/12\/16132128\/resultado-inal-trf-5-republicado.pdf\">Resultado final homologado.<\/a><\/li>\n<\/ul>\n\n\n\n<h2 class=\"wp-block-heading\" id=\"cargos\">Concurso TRF5: cargos e vagas<\/h2>\n\n\n\n<p>Este certame foi exclusivamente para forma\u00e7\u00e3o de <strong>cadastro de reserva<\/strong>, sendo os cargos (<strong>de n\u00edvel superior<\/strong>) \u00e1reas\/especialidades e as localidades os discriminados a seguir:<\/p>\n\n\n\n<figure class=\"wp-block-table is-style-stripes\"><table class=\"has-fixed-layout\"><thead><tr><th class=\"has-text-align-center\" data-align=\"center\">CARGOS<\/th><th class=\"has-text-align-center\" data-align=\"center\">VAGAS<\/th><th class=\"has-text-align-center\" data-align=\"center\">SAL\u00c1RIO<\/th><\/tr><\/thead><tbody><tr><td class=\"has-text-align-center\" data-align=\"center\"><a href=\"https:\/\/www.estrategiaconcursos.com.br\/cursosPorConcurso\/trf-5-regiao\/\">Analista Judici\u00e1rio &#8211; \u00c1rea Administrativa<\/a><\/td><td class=\"has-text-align-center\" data-align=\"center\">CR<\/td><td class=\"has-text-align-center\" data-align=\"center\"><span style=\"font-size: revert; color: initial;\">R$ 13.994,78<\/span>*<\/td><\/tr><tr><td class=\"has-text-align-center\" data-align=\"center\"><a href=\"https:\/\/www.estrategiaconcursos.com.br\/cursosPorConcurso\/trf-5-regiao\/\">Analista Judici\u00e1rio &#8211; \u00c1rea Apoio Especializado Especialidade An\u00e1lise de Dados<\/a><\/td><td class=\"has-text-align-center\" data-align=\"center\">CR<\/td><td class=\"has-text-align-center\" data-align=\"center\"><span style=\"font-size: revert; color: initial;\">R$ 13.994,78<\/span>*<\/td><\/tr><tr><td class=\"has-text-align-center\" data-align=\"center\"><a href=\"https:\/\/www.estrategiaconcursos.com.br\/cursosPorConcurso\/trf-5-regiao\/\">Analista Judici\u00e1rio &#8211; \u00c1rea Apoio Especializado Especialidade An\u00e1lise de Sistemas de Informa\u00e7\u00e3o<\/a><\/td><td class=\"has-text-align-center\" data-align=\"center\">CR<\/td><td class=\"has-text-align-center\" data-align=\"center\"><span style=\"font-size: revert; color: initial;\">R$ 13.994,78<\/span>*<\/td><\/tr><tr><td class=\"has-text-align-center\" data-align=\"center\"><a href=\"https:\/\/www.estrategiaconcursos.com.br\/cursosPorConcurso\/trf-5-regiao\/\">Analista Judici\u00e1rio &#8211; \u00c1rea Apoio Especializado &#8211; Especialidade Arquitetura<\/a><\/td><td class=\"has-text-align-center\" data-align=\"center\">CR<\/td><td class=\"has-text-align-center\" data-align=\"center\"><span style=\"font-size: revert; color: initial;\">R$ 13.994,78<\/span>*<\/td><\/tr><tr><td class=\"has-text-align-center\" data-align=\"center\"><a href=\"https:\/\/www.estrategiaconcursos.com.br\/cursosPorConcurso\/trf-5-regiao\/\">Analista Judici\u00e1rio &#8211; \u00c1rea Apoio Especializado Especialidade Arquivologia<\/a><\/td><td class=\"has-text-align-center\" data-align=\"center\">CR<\/td><td class=\"has-text-align-center\" data-align=\"center\"><span style=\"font-size: revert; color: initial;\">R$ 13.994,78<\/span>*<\/td><\/tr><tr><td class=\"has-text-align-center\" data-align=\"center\"><a href=\"https:\/\/www.estrategiaconcursos.com.br\/cursosPorConcurso\/trf-5-regiao\/\">Analista Judici\u00e1rio &#8211; \u00c1rea Apoio Especializado Especialidade Biblioteconomia<\/a><\/td><td class=\"has-text-align-center\" data-align=\"center\">CR<\/td><td class=\"has-text-align-center\" data-align=\"center\"><span style=\"font-size: revert; color: initial;\">R$ 13.994,78<\/span>*<\/td><\/tr><tr><td class=\"has-text-align-center\" data-align=\"center\"><a href=\"https:\/\/www.estrategiaconcursos.com.br\/cursosPorConcurso\/trf-5-regiao\/\">Analista Judici\u00e1rio &#8211; \u00c1rea Apoio Especializado Especialidade Comunica\u00e7\u00e3o Social<\/a><\/td><td class=\"has-text-align-center\" data-align=\"center\">CR<\/td><td class=\"has-text-align-center\" data-align=\"center\"><span style=\"font-size: revert; color: initial;\">R$ 13.994,78<\/span>*<\/td><\/tr><tr><td class=\"has-text-align-center\" data-align=\"center\"><a href=\"https:\/\/www.estrategiaconcursos.com.br\/cursosPorConcurso\/trf-5-regiao\/\">Analista Judici\u00e1rio &#8211; \u00c1rea Apoio Especializado Especialidade Contabilidade<\/a><\/td><td class=\"has-text-align-center\" data-align=\"center\">CR<\/td><td class=\"has-text-align-center\" data-align=\"center\"><span style=\"font-size: revert; color: initial;\">R$ 13.994,78<\/span>*<\/td><\/tr><tr><td class=\"has-text-align-center\" data-align=\"center\"><a href=\"https:\/\/www.estrategiaconcursos.com.br\/cursosPorConcurso\/trf-5-regiao\/\">Analista Judici\u00e1rio &#8211; \u00c1rea Apoio Especializado Especialidade Engenharia<\/a><\/td><td class=\"has-text-align-center\" data-align=\"center\">CR<\/td><td class=\"has-text-align-center\" data-align=\"center\"><span style=\"font-size: revert; color: initial;\">R$ 13.994,78<\/span>*<\/td><\/tr><tr><td class=\"has-text-align-center\" data-align=\"center\"><a href=\"https:\/\/www.estrategiaconcursos.com.br\/cursosPorConcurso\/trf-5-regiao\/\">Analista Judici\u00e1rio &#8211; \u00c1rea Apoio Especializado Especialidade Engenharia El\u00e9trica<\/a><\/td><td class=\"has-text-align-center\" data-align=\"center\">CR<\/td><td class=\"has-text-align-center\" data-align=\"center\"><span style=\"font-size: revert; color: initial;\">R$ 13.994,78<\/span>*<\/td><\/tr><tr><td class=\"has-text-align-center\" data-align=\"center\"><a href=\"https:\/\/www.estrategiaconcursos.com.br\/cursosPorConcurso\/trf-5-regiao\/\">Analista Judici\u00e1rio &#8211; \u00c1rea Apoio Especializado Especialidade Engenharia Mec\u00e2nica<\/a><\/td><td class=\"has-text-align-center\" data-align=\"center\">CR<\/td><td class=\"has-text-align-center\" data-align=\"center\"><span style=\"font-size: revert; color: initial;\">R$ 13.994,78<\/span>*<\/td><\/tr><tr><td class=\"has-text-align-center\" data-align=\"center\"><a href=\"https:\/\/www.estrategiaconcursos.com.br\/cursosPorConcurso\/trf-5-regiao\/\">Analista Judici\u00e1rio &#8211; \u00c1rea Apoio Especializado Especialidade Estat\u00edstica<\/a><\/td><td class=\"has-text-align-center\" data-align=\"center\">CR<\/td><td class=\"has-text-align-center\" data-align=\"center\"><span style=\"font-size: revert; color: initial;\">R$ 13.994,78<\/span>*<\/td><\/tr><tr><td class=\"has-text-align-center\" data-align=\"center\"><a href=\"https:\/\/www.estrategiaconcursos.com.br\/cursosPorConcurso\/trf-5-regiao\/\">Analista Judici\u00e1rio &#8211; \u00c1rea Apoio Especializado Especialidade Governan\u00e7a e Gest\u00e3o de Tecnologia da Informa\u00e7\u00e3o<\/a><\/td><td class=\"has-text-align-center\" data-align=\"center\">CR<\/td><td class=\"has-text-align-center\" data-align=\"center\"><span style=\"font-size: revert; color: initial;\">R$ 13.994,78<\/span>*<\/td><\/tr><tr><td class=\"has-text-align-center\" data-align=\"center\"><a href=\"https:\/\/www.estrategiaconcursos.com.br\/cursosPorConcurso\/trf-5-regiao\/\">Analista Judici\u00e1rio &#8211; \u00c1rea Apoio Especializado Especialidade Medicina (Cl\u00ednica Geral)<\/a><\/td><td class=\"has-text-align-center\" data-align=\"center\">CR<\/td><td class=\"has-text-align-center\" data-align=\"center\"><span style=\"font-size: revert; color: initial;\">R$ 13.994,78<\/span>*<\/td><\/tr><tr><td class=\"has-text-align-center\" data-align=\"center\"><a href=\"https:\/\/www.estrategiaconcursos.com.br\/cursosPorConcurso\/trf-5-regiao\/\">Analista Judici\u00e1rio &#8211; \u00c1rea Apoio Especializado Especialidade Medicina (Psiquiatria)<\/a><\/td><td class=\"has-text-align-center\" data-align=\"center\">CR<\/td><td class=\"has-text-align-center\" data-align=\"center\"><span style=\"font-size: revert; color: initial;\">R$ 13.994,78<\/span>*<\/td><\/tr><tr><td class=\"has-text-align-center\" data-align=\"center\"><a href=\"https:\/\/www.estrategiaconcursos.com.br\/cursosPorConcurso\/trf-5-regiao\/\">Analista Judici\u00e1rio &#8211; \u00c1rea Apoio Especializado Especialidade Odontologia<\/a><\/td><td class=\"has-text-align-center\" data-align=\"center\">CR<\/td><td class=\"has-text-align-center\" data-align=\"center\"><span style=\"font-size: revert; color: initial;\">R$ 13.994,78<\/span>*<\/td><\/tr><tr><td class=\"has-text-align-center\" data-align=\"center\"><a href=\"https:\/\/www.estrategiaconcursos.com.br\/cursosPorConcurso\/trf-5-regiao\/\">Analista Judici\u00e1rio &#8211; \u00c1rea Apoio Especializado Especialidade Psicologia<\/a><\/td><td class=\"has-text-align-center\" data-align=\"center\">CR<\/td><td class=\"has-text-align-center\" data-align=\"center\"><span style=\"font-size: revert; color: initial;\">R$ 13.994,78<\/span>*<\/td><\/tr><tr><td class=\"has-text-align-center\" data-align=\"center\"><a href=\"https:\/\/www.estrategiaconcursos.com.br\/cursosPorConcurso\/trf-5-regiao\/\">Analista Judici\u00e1rio &#8211; \u00c1rea Apoio Especializado Especialidade Seguran\u00e7a da Informa\u00e7\u00e3o<\/a><\/td><td class=\"has-text-align-center\" data-align=\"center\">CR<\/td><td class=\"has-text-align-center\" data-align=\"center\"><span style=\"font-size: revert; color: initial;\">R$ 13.994,78<\/span>*<\/td><\/tr><tr><td class=\"has-text-align-center\" data-align=\"center\"><a href=\"https:\/\/www.estrategiaconcursos.com.br\/cursosPorConcurso\/trf-5-regiao\/\">Analista Judici\u00e1rio &#8211; \u00c1rea Apoio Especializado Especialidade Suporte em Tecnologia da Informa\u00e7\u00e3o<\/a><\/td><td class=\"has-text-align-center\" data-align=\"center\">CR<\/td><td class=\"has-text-align-center\" data-align=\"center\"><span style=\"font-size: revert; color: initial;\">R$ 13.994,78<\/span>*<\/td><\/tr><tr><td class=\"has-text-align-center\" data-align=\"center\"><a href=\"https:\/\/www.estrategiaconcursos.com.br\/cursosPorConcurso\/trf-5-regiao\/\">Analista Judici\u00e1rio &#8211; \u00c1rea Judici\u00e1ria<\/a><\/td><td class=\"has-text-align-center\" data-align=\"center\">CR<\/td><td class=\"has-text-align-center\" data-align=\"center\"><span style=\"font-size: revert; color: initial;\">R$ 13.994,78<\/span>*<\/td><\/tr><tr><td class=\"has-text-align-center\" data-align=\"center\"><a href=\"https:\/\/www.estrategiaconcursos.com.br\/cursosPorConcurso\/trf-5-regiao\/\">Analista Judici\u00e1rio &#8211; \u00c1rea Judici\u00e1ria &#8211; Especialidade Oficial de Justi\u00e7a Avaliador Federal<\/a><\/td><td class=\"has-text-align-center\" data-align=\"center\">CR<\/td><td class=\"has-text-align-center\" data-align=\"center\"><span style=\"font-size: revert; color: initial;\">R$ 13.994,78<\/span>*<\/td><\/tr><tr><td class=\"has-text-align-center\" data-align=\"center\"><a href=\"https:\/\/www.estrategiaconcursos.com.br\/cursosPorConcurso\/trf-5-regiao\/\">T\u00e9cnico Judici\u00e1rio &#8211; \u00c1rea Administrativa<\/a><\/td><td class=\"has-text-align-center\" data-align=\"center\">CR<\/td><td class=\"has-text-align-center\" data-align=\"center\">R$ 8.529,65*<\/td><\/tr><tr><td class=\"has-text-align-center\" data-align=\"center\"><a href=\"https:\/\/www.estrategiaconcursos.com.br\/cursosPorConcurso\/trf-5-regiao\/\">T\u00e9cnico Judici\u00e1rio &#8211; \u00c1rea Administrativa &#8211; Especialidade Agente da Pol\u00edcia Judicial<\/a><\/td><td class=\"has-text-align-center\" data-align=\"center\">CR<\/td><td class=\"has-text-align-center\" data-align=\"center\">R$ 8.529,65*<\/td><\/tr><tr><td class=\"has-text-align-center\" data-align=\"center\"><a href=\"https:\/\/www.estrategiaconcursos.com.br\/cursosPorConcurso\/trf-5-regiao\/\">T\u00e9cnico Judici\u00e1rio &#8211; \u00c1rea Apoio Especializado &#8211; Especialidade Contabilidade<\/a><\/td><td class=\"has-text-align-center\" data-align=\"center\">CR<\/td><td class=\"has-text-align-center\" data-align=\"center\">R$ 8.529,65*<\/td><\/tr><\/tbody><\/table><figcaption class=\"wp-element-caption\">Distribui\u00e7\u00e3o dos cargos, vagas e remunera\u00e7\u00f5es ofertados<\/figcaption><\/figure>\n\n\n\n<p>* Valores conforme o edital. <\/p>\n\n\n\n<h3 class=\"wp-block-heading\" id=\"requisitos\">Requisitos<\/h3>\n\n\n\n<p>Confira os cargos e seus respectivos requisitos:<\/p>\n\n\n\n<figure class=\"wp-block-table is-style-stripes\"><table><thead><tr><th class=\"has-text-align-center\" data-align=\"center\">Cargo<\/th><th>Requisitos<\/th><\/tr><\/thead><tbody><tr><td class=\"has-text-align-center\" data-align=\"center\">Analista Judici\u00e1rio &#8211; \u00c1rea Administrativa<\/td><td>Diploma ou Certificado (acompanhado do Hist\u00f3rico Escolar) de curso superior completo em qualquer \u00e1rea de forma\u00e7\u00e3o acad\u00eamica, realizado em institui\u00e7\u00e3o de Ensino Superior reconhecida pelo Minist\u00e9rio da Educa\u00e7\u00e3o.<\/td><\/tr><tr><td class=\"has-text-align-center\" data-align=\"center\">Analista Judici\u00e1rio &#8211; \u00c1rea Judici\u00e1ria<\/td><td>Diploma ou Certificado (acompanhado do Hist\u00f3rico Escolar) do curso superior completo em Direito, realizado em institui\u00e7\u00e3o de ensino superior reconhecida pelo Minist\u00e9rio da Educa\u00e7\u00e3o.<\/td><\/tr><tr><td class=\"has-text-align-center\" data-align=\"center\">Analista Judici\u00e1rio &#8211; \u00c1rea Judici\u00e1ria &#8211; Oficial de Justi\u00e7a Avaliador Federal<\/td><td>Diploma ou Certificado (acompanhado do Hist\u00f3rico Escolar) do superior completo em Direito realizado em institui\u00e7\u00e3o de ensino superior reconhecida pelo Minist\u00e9rio da Educa\u00e7\u00e3o.<\/td><\/tr><tr><td class=\"has-text-align-center\" data-align=\"center\">Analista Judici\u00e1rio &#8211; \u00c1rea Apoio Especializado &#8211; An\u00e1lise de Dados<\/td><td>Diploma ou Certificado (acompanhado do Hist\u00f3rico Escolar) do curso superior completo na \u00e1rea de Tecnologia da Informa\u00e7\u00e3o fornecido por institui\u00e7\u00e3o de ensino superior reconhecida pelo Minist\u00e9rio da Educa\u00e7\u00e3o; ou n\u00edvel superior em qualquer \u00e1rea de forma\u00e7\u00e3o, acrescido de curso de p\u00f3s-gradua\u00e7\u00e3o em \u00e1rea de Tecnologia da Informa\u00e7\u00e3o a ser definida em edital, com no m\u00ednimo 360 horas, ambos fornecidos por institui\u00e7\u00e3o de ensino superior reconhecida pelo Minist\u00e9rio da Educa\u00e7\u00e3o.<\/td><\/tr><tr><td class=\"has-text-align-center\" data-align=\"center\">Analista Judici\u00e1rio &#8211; \u00c1rea Apoio Especializado &#8211; An\u00e1lise de Sistemas de Informa\u00e7\u00e3o<\/td><td>Diploma ou Certificado (acompanhado do Hist\u00f3rico Escolar) de curso superior completo na \u00e1rea de Tecnologia da Informa\u00e7\u00e3o fornecido por institui\u00e7\u00e3o de Ensino Superior reconhecida pelo Minist\u00e9rio da Educa\u00e7\u00e3o; ou n\u00edvel superior em qualquer \u00e1rea de forma\u00e7\u00e3o, acrescido de curso de p\u00f3s-gradua\u00e7\u00e3o em \u00e1rea de Tecnologia da Informa\u00e7\u00e3o a ser definida em edital, com no m\u00ednimo 360 horas, ambos fornecidos por institui\u00e7\u00e3o de ensino superior reconhecida pelo Minist\u00e9rio da Educa\u00e7\u00e3o.<\/td><\/tr><tr><td class=\"has-text-align-center\" data-align=\"center\">Analista Judici\u00e1rio &#8211; \u00c1rea Apoio Especializado &#8211; Arquitetura<\/td><td>Diploma ou Certificado (acompanhado do Hist\u00f3rico Escolar) do curso superior completo em Arquitetura, realizado em institui\u00e7\u00e3o de ensino superior reconhecida pelo Minist\u00e9rio da Educa\u00e7\u00e3o, e registro no Conselho Regional correspondente.<\/td><\/tr><tr><td class=\"has-text-align-center\" data-align=\"center\">Analista Judici\u00e1rio &#8211; \u00c1rea Apoio Especializado &#8211; Arquivologia<\/td><td>Diploma ou Certificado (acompanhado do Hist\u00f3rico Escolar) do curso Superior completo em Arquivologia, realizado em institui\u00e7\u00e3o de ensino superior reconhecida pelo Minist\u00e9rio da Educa\u00e7\u00e3o, e registro na Delegacia Regional do Trabalho.<\/td><\/tr><tr><td class=\"has-text-align-center\" data-align=\"center\">Analista Judici\u00e1rio &#8211; \u00c1rea Apoio Especializado &#8211; Biblioteconomia<\/td><td>Diploma ou Certificado (acompanhado do Hist\u00f3rico Escolar) do curso superior completo em Biblioteconomia realizado em institui\u00e7\u00e3o de ensino superior reconhecida pelo Minist\u00e9rio da Educa\u00e7\u00e3o e com registro no \u00f3rg\u00e3o de classe competente.<\/td><\/tr><tr><td class=\"has-text-align-center\" data-align=\"center\">Analista Judici\u00e1rio &#8211; \u00c1rea Apoio Especializado &#8211; Comunica\u00e7\u00e3o Social<\/td><td>Diploma ou Certificado (acompanhado do Hist\u00f3rico Escolar) do curso superior completo em Comunica\u00e7\u00e3o Social e suas diversas \u00e1reas, realizado em institui\u00e7\u00e3o de ensino superior reconhecida pelo Minist\u00e9rio da Educa\u00e7\u00e3o.<\/td><\/tr><tr><td class=\"has-text-align-center\" data-align=\"center\">Analista Judici\u00e1rio &#8211; \u00c1rea Apoio Especializado &#8211; Contabilidade<\/td><td>Diploma ou Certificado (acompanhado do Hist\u00f3rico Escolar) do curso superior completo em Ci\u00eancias Cont\u00e1beis, realizado em institui\u00e7\u00e3o de ensino superior reconhecida pelo Minist\u00e9rio da Educa\u00e7\u00e3o, e registro no Conselho Regional correspondente.<\/td><\/tr><tr><td class=\"has-text-align-center\" data-align=\"center\">Analista Judici\u00e1rio &#8211; \u00c1rea Apoio Especializado &#8211; Engenharia Civil<\/td><td>Diploma ou Certificado (acompanhado do Hist\u00f3rico Escolar) do curso superior completo em Engenharia Civil, realizado em institui\u00e7\u00e3o de ensino superior reconhecida pelo Minist\u00e9rio da Educa\u00e7\u00e3o, e registro no Conselho Regional correspondente.<\/td><\/tr><tr><td class=\"has-text-align-center\" data-align=\"center\">Analista Judici\u00e1rio &#8211; \u00c1rea Apoio Especializado &#8211; Engenharia El\u00e9trica<\/td><td>Diploma ou Certificado (acompanhado do Hist\u00f3rico Escolar) do curso superior completo em Engenharia El\u00e9trica, realizado em institui\u00e7\u00e3o de ensino superior reconhecida pelo Minist\u00e9rio da Educa\u00e7\u00e3o, e registro no Conselho Regional correspondente.<\/td><\/tr><tr><td class=\"has-text-align-center\" data-align=\"center\">Analista Judici\u00e1rio &#8211; \u00c1rea Apoio Especializado &#8211; Engenharia Mec\u00e2nica<\/td><td>Diploma ou Certificado (acompanhado do Hist\u00f3rico Escolar) do curso superior completo em Engenharia Mec\u00e2nica, realizado em institui\u00e7\u00e3o de ensino superior reconhecida pelo Minist\u00e9rio da Educa\u00e7\u00e3o, e registro no Conselho Regional correspondente.<\/td><\/tr><tr><td class=\"has-text-align-center\" data-align=\"center\">Analista Judici\u00e1rio &#8211; \u00c1rea Apoio Especializado &#8211; Estat\u00edstica<\/td><td>Diploma ou Certificado (acompanhado do Hist\u00f3rico Escolar) do curso superior completo em Estat\u00edstica, realizado em institui\u00e7\u00e3o de ensino superior reconhecida pelo Minist\u00e9rio da Educa\u00e7\u00e3o, e registro no Conselho Regional correspondente.<\/td><\/tr><tr><td class=\"has-text-align-center\" data-align=\"center\">Analista Judici\u00e1rio &#8211; \u00c1rea Apoio Especializado &#8211; Governan\u00e7a e Gest\u00e3o de Tecnologia da Informa\u00e7\u00e3o<\/td><td>Diploma ou Certificado (acompanhado do Hist\u00f3rico Escolar) de curso superior completo na \u00e1rea de Tecnologia da Informa\u00e7\u00e3o fornecido por institui\u00e7\u00e3o de ensino superior reconhecida pelo Minist\u00e9rio da Educa\u00e7\u00e3o; ou n\u00edvel superior em qualquer \u00e1rea de forma\u00e7\u00e3o, acrescido de curso de p\u00f3s-gradua\u00e7\u00e3o em \u00e1rea de Tecnologia da Informa\u00e7\u00e3o a ser definida em edital, com no m\u00ednimo 360 horas, ambos fornecidos por institui\u00e7\u00e3o de ensino superior reconhecida pelo Minist\u00e9rio da Educa\u00e7\u00e3o.<\/td><\/tr><tr><td class=\"has-text-align-center\" data-align=\"center\">Analista Judici\u00e1rio &#8211; \u00c1rea Apoio Especializado &#8211; Medicina &#8211; Cl\u00ednica Geral<\/td><td>Diploma ou Certificado (acompanhado do Hist\u00f3rico Escolar) do curso superior completo em Medicina, resid\u00eancia em Cl\u00ednica M\u00e9dica credenciada pelo Minist\u00e9rio da Educa\u00e7\u00e3o ou t\u00edtulo de especialista em Cl\u00ednica M\u00e9dica; com carga hor\u00e1ria m\u00ednima de 360 horas, em institui\u00e7\u00e3o de ensino superior credenciada pelo Minist\u00e9rio da Educa\u00e7\u00e3o, registro no Conselho Regional correspondente e 2 anos de experi\u00eancia profissional comprovada como m\u00e9dico cl\u00ednico geral.<\/td><\/tr><tr><td class=\"has-text-align-center\" data-align=\"center\">Analista Judici\u00e1rio &#8211; \u00c1rea Apoio Especializado &#8211; Medicina &#8211; Psiquiatria<\/td><td>Diploma ou Certificado (acompanhado do Hist\u00f3rico Escolar) do curso Superior completo em Medicina, resid\u00eancia em Psiquiatria credenciada pelo Minist\u00e9rio da Educa\u00e7\u00e3o ou t\u00edtulo de especialista em Psiquiatria, com carga hor\u00e1ria m\u00ednima de 360 horas, em institui\u00e7\u00e3o de ensino superior reconhecida pelo Minist\u00e9rio da Educa\u00e7\u00e3o, registro no Conselho Regional correspondente e 2 anos de experi\u00eancia profissional comprovada como m\u00e9dico psiquiatra.<\/td><\/tr><tr><td class=\"has-text-align-center\" data-align=\"center\">Analista Judici\u00e1rio &#8211; \u00c1rea Apoio Especializado &#8211; Odontologia<\/td><td>Diploma ou Certificado (acompanhado do Hist\u00f3rico Escolar) do Curso Superior completo em Odontologia, realizado em institui\u00e7\u00e3o de Ensino Superior reconhecida pelo Minist\u00e9rio da Educa\u00e7\u00e3o, registro no Conselho Regional correspondente e 2 anos de experi\u00eancia profissional comprovada em cl\u00ednica odontol\u00f3gica.<\/td><\/tr><tr><td class=\"has-text-align-center\" data-align=\"center\">Analista Judici\u00e1rio &#8211; \u00c1rea Apoio Especializado &#8211; Psicologia<\/td><td>Diploma ou Certificado (acompanhado do Hist\u00f3rico Escolar) do curso superior completo em Psicologia, realizado em institui\u00e7\u00e3o de ensino superior reconhecida pelo Minist\u00e9rio da Educa\u00e7\u00e3o, registro no Conselho Regional correspondente e 2 anos de experi\u00eancia profissional comprovada como psic\u00f3logo cl\u00ednico.<\/td><\/tr><tr><td class=\"has-text-align-center\" data-align=\"center\">Analista Judici\u00e1rio &#8211; \u00c1rea Apoio Especializado &#8211; Seguran\u00e7a da Informa\u00e7\u00e3o<\/td><td>Diploma ou certificado de curso superior completo na \u00e1rea de Tecnologia da Informa\u00e7\u00e3o fornecido por institui\u00e7\u00e3o de ensino superior reconhecida pelo Minist\u00e9rio da Educa\u00e7\u00e3o; ou n\u00edvel superior em qualquer \u00e1rea de forma\u00e7\u00e3o, acrescido de curso de p\u00f3s-gradua\u00e7\u00e3o em \u00e1rea de Tecnologia da Informa\u00e7\u00e3o a ser definida em edital, com no m\u00ednimo 360 horas, ambos fornecidos por institui\u00e7\u00e3o de ensino superior reconhecida pelo Minist\u00e9rio da Educa\u00e7\u00e3o.<\/td><\/tr><tr><td class=\"has-text-align-center\" data-align=\"center\">Analista Judici\u00e1rio &#8211; \u00c1rea Apoio Especializado &#8211; Suporte em Tecnologia da Informa\u00e7\u00e3o<\/td><td>Diploma ou certificado de curso superior completo na \u00e1rea de Tecnologia da Informa\u00e7\u00e3o fornecido por institui\u00e7\u00e3o de ensino superior reconhecida pelo Minist\u00e9rio da Educa\u00e7\u00e3o; ou n\u00edvel superior em qualquer \u00e1rea de forma\u00e7\u00e3o, acrescido de curso de p\u00f3s-gradua\u00e7\u00e3o em \u00e1rea de Tecnologia da Informa\u00e7\u00e3o a ser definida em edital, com no m\u00ednimo 360 horas, ambos fornecidos por institui\u00e7\u00e3o de ensino superior reconhecida pelo Minist\u00e9rio da Educa\u00e7\u00e3o.<\/td><\/tr><tr><td class=\"has-text-align-center\" data-align=\"center\">T\u00e9cnico Judici\u00e1rio &#8211; \u00c1rea Administrativa<\/td><td>Diploma ou Certificado (acompanhado do Hist\u00f3rico Escolar) de curso superior completo em qualquer \u00e1rea de forma\u00e7\u00e3o acad\u00eamica, realizado em institui\u00e7\u00e3o de ensino superior reconhecida pelo Minist\u00e9rio da Educa\u00e7\u00e3o.<\/td><\/tr><tr><td class=\"has-text-align-center\" data-align=\"center\">T\u00e9cnico Judici\u00e1rio &#8211; \u00c1rea Administrativa &#8211; Agente da Pol\u00edcia Judicial<\/td><td>Diploma ou Certificado (acompanhado do Hist\u00f3rico Escolar) de curso superior completo em qualquer \u00e1rea de forma\u00e7\u00e3o acad\u00eamica, realizado em institui\u00e7\u00e3o de ensino reconhecida pelo Minist\u00e9rio da Educa\u00e7\u00e3o, e Carteira Nacional de Habilita\u00e7\u00e3o, categoria &#8220;B&#8221; ou superior.<\/td><\/tr><tr><td class=\"has-text-align-center\" data-align=\"center\">T\u00e9cnico Judici\u00e1rio &#8211; \u00c1rea Apoio Especializado &#8211; Contabilidade<\/td><td>Diploma ou Certificado (acompanhado do Hist\u00f3rico Escolar) de curso superior completo em Contabilidade fornecido por institui\u00e7\u00e3o de ensino superior reconhecida pelo Minist\u00e9rio da Educa\u00e7\u00e3o e registro no \u00f3rg\u00e3o de classe competente; ou n\u00edvel superior completo em qualquer \u00e1rea de forma\u00e7\u00e3o acad\u00eamica realizado em institui\u00e7\u00e3o de ensino superior reconhecida pelo Minist\u00e9rio da Educa\u00e7\u00e3o, acrescido de Curso T\u00e9cnico de Contabilidade, e registro no \u00f3rg\u00e3o de classe competente.<\/td><\/tr><\/tbody><\/table><figcaption class=\"wp-element-caption\">Requisitos dos cargos de Analista e T\u00e9cnico<\/figcaption><\/figure>\n\n\n\n<h2 class=\"wp-block-heading\" id=\"etapas\">Concurso TRF5: etapas e provas<\/h2>\n\n\n\n<p>Os candidatos enfrentaram as seguintes etapas:<\/p>\n\n\n\n<ul class=\"wp-block-list\">\n<li><strong>Prova objetiva:<\/strong> todos os cargos;<\/li>\n\n\n\n<li><strong>Prova discursiva:<\/strong> todos os cargos; e<\/li>\n\n\n\n<li><strong>Teste de Aptid\u00e3o F\u00edsica: <\/strong>somente para Agente de Pol\u00edcia Judicial.<\/li>\n<\/ul>\n\n\n\n<p>As etapas foram realizadas, simultaneamente, nas cidades de Aracaju\/SE, Fortaleza\/CE, Jo\u00e3o Pessoa\/PB, Macei\u00f3\/AL, Natal\/RN e Recife\/PE, conforme op\u00e7\u00e3o de estado de classifica\u00e7\u00e3o indicada pelo candidato no ato da inscri\u00e7\u00e3o.<\/p>\n\n\n\n<h3 class=\"wp-block-heading\" id=\"objetiva\">Prova objetiva<\/h3>\n\n\n\n<p>A Prova Objetiva teve car\u00e1ter eliminat\u00f3rio e classificat\u00f3rio e foi avaliada na escala de 0 (zero) a 10 (dez) pontos, considerando-se HABILITADO nesta etapa o candidato que tenha acertado, no m\u00ednimo:<\/p>\n\n\n\n<p><strong>Ampla Concorr\u00eancia:<\/strong><\/p>\n\n\n\n<ul class=\"wp-block-list\">\n<li>tenha acertado, no m\u00ednimo, 1,2 (um v\u00edrgula dois) pontos na prova de conhecimentos gerais; e<\/li>\n\n\n\n<li>tenha acertado, no m\u00ednimo, 4,8 (quatro v\u00edrgula oito) pontos na prova de conhecimentos espec\u00edficos.<\/li>\n<\/ul>\n\n\n\n<p><strong>Pessoas com Defici\u00eancia, Ind\u00edgena e Negros:<\/strong><\/p>\n\n\n\n<ul class=\"wp-block-list\">\n<li>tenha acertado, no m\u00ednimo, 0,96 (zero v\u00edrgula noventa e seis) pontos na prova de conhecimentos gerais; e<\/li>\n\n\n\n<li>tenha acertado, no m\u00ednimo, 3,84 (tr\u00eas v\u00edrgula oitenta e quatro) pontos na prova de conhecimentos espec\u00edficos.<\/li>\n<\/ul>\n\n\n\n<p>Al\u00e9m disso, esta etapa foi composta por 60 quest\u00f5es de m\u00faltipla escolha, distribu\u00eddas da seguinte forma:<\/p>\n\n\n\n<ul class=\"wp-block-list\">\n<li><strong>Analista Judici\u00e1rio &#8211; \u00c1rea Administrativa<\/strong>\n<ul class=\"wp-block-list\">\n<li>Disciplinas: Direito Administrativo, Direito Constitucional, Gest\u00e3o P\u00fablica, No\u00e7\u00f5es de Direito Penal, No\u00e7\u00f5es de Direito Processual Penal, No\u00e7\u00f5es de Direito Civil, No\u00e7\u00f5es de Direito Processual Civil, Racioc\u00ednio L\u00f3gico, No\u00e7\u00f5es de Inform\u00e1tica, L\u00edngua Portuguesa.<\/li>\n<\/ul>\n<\/li>\n\n\n\n<li><strong>Analista Judici\u00e1rio &#8211; \u00c1rea Judici\u00e1ria<\/strong>\n<ul class=\"wp-block-list\">\n<li>Disciplinas: Direito Constitucional, Direito Administrativo, Direito Civil, Direito Processual Civil, Direito Penal, Direito Processual Penal, Direito do Trabalho, Direito Processual do Trabalho, Direito Previdenci\u00e1rio, Racioc\u00ednio L\u00f3gico, No\u00e7\u00f5es de Inform\u00e1tica, L\u00edngua Portuguesa.<\/li>\n<\/ul>\n<\/li>\n\n\n\n<li><strong>Analista Judici\u00e1rio &#8211; \u00c1rea Judici\u00e1ria &#8211; Oficial de Justi\u00e7a Avaliador Federal<\/strong>\n<ul class=\"wp-block-list\">\n<li>Disciplinas: Direito Constitucional, Direito Administrativo, Direito Civil, Direito Processual Civil, Direito Penal, Direito Processual Penal, Direito do Trabalho, Direito Processual do Trabalho, Direito Previdenci\u00e1rio, Racioc\u00ednio L\u00f3gico, No\u00e7\u00f5es de Inform\u00e1tica, L\u00edngua Portuguesa.<\/li>\n<\/ul>\n<\/li>\n\n\n\n<li><strong>Analista Judici\u00e1rio &#8211; \u00c1rea Apoio Especializado &#8211; An\u00e1lise de Dados<\/strong>\n<ul class=\"wp-block-list\">\n<li>Disciplinas: An\u00e1lise de Dados, Big Data, Banco de Dados, No\u00e7\u00f5es de Direito Constitucional, No\u00e7\u00f5es de Direito Administrativo, No\u00e7\u00f5es de Inform\u00e1tica, L\u00edngua Portuguesa.<\/li>\n<\/ul>\n<\/li>\n\n\n\n<li><strong>Analista Judici\u00e1rio &#8211; \u00c1rea Apoio Especializado &#8211; An\u00e1lise de Sistemas de Informa\u00e7\u00e3o<\/strong>\n<ul class=\"wp-block-list\">\n<li>Disciplinas: Engenharia de Software, Desenvolvimento de Sistemas, Seguran\u00e7a da Informa\u00e7\u00e3o, Banco de Dados, Redes de Computadores, No\u00e7\u00f5es de Direito Constitucional, No\u00e7\u00f5es de Direito Administrativo, No\u00e7\u00f5es de Inform\u00e1tica, L\u00edngua Portuguesa.<\/li>\n<\/ul>\n<\/li>\n\n\n\n<li><strong>Analista Judici\u00e1rio &#8211; \u00c1rea Apoio Especializado &#8211; Arquitetura<\/strong>\n<ul class=\"wp-block-list\">\n<li>Disciplinas: Arquitetura e Urbanismo, Planejamento Urbano, Desenho T\u00e9cnico, No\u00e7\u00f5es de Direito Constitucional, No\u00e7\u00f5es de Direito Administrativo, No\u00e7\u00f5es de Inform\u00e1tica, L\u00edngua Portuguesa.<\/li>\n<\/ul>\n<\/li>\n\n\n\n<li><strong>Analista Judici\u00e1rio &#8211; \u00c1rea Apoio Especializado &#8211; Arquivologia<\/strong>\n<ul class=\"wp-block-list\">\n<li>Disciplinas: Arquivologia, Gest\u00e3o de Documentos, Preserva\u00e7\u00e3o Documental, No\u00e7\u00f5es de Direito Constitucional, No\u00e7\u00f5es de Direito Administrativo, No\u00e7\u00f5es de Inform\u00e1tica, L\u00edngua Portuguesa.<\/li>\n<\/ul>\n<\/li>\n\n\n\n<li><strong>Analista Judici\u00e1rio &#8211; \u00c1rea Apoio Especializado &#8211; Biblioteconomia<\/strong>\n<ul class=\"wp-block-list\">\n<li>Disciplinas: Biblioteconomia, Cataloga\u00e7\u00e3o, Indexa\u00e7\u00e3o, No\u00e7\u00f5es de Direito Constitucional, No\u00e7\u00f5es de Direito Administrativo, No\u00e7\u00f5es de Inform\u00e1tica, L\u00edngua Portuguesa.<\/li>\n<\/ul>\n<\/li>\n\n\n\n<li><strong>Analista Judici\u00e1rio &#8211; \u00c1rea Apoio Especializado &#8211; Comunica\u00e7\u00e3o Social<\/strong>\n<ul class=\"wp-block-list\">\n<li>Disciplinas: Teoria da Comunica\u00e7\u00e3o, Jornalismo, Publicidade e Propaganda, No\u00e7\u00f5es de Direito Constitucional, No\u00e7\u00f5es de Direito Administrativo, No\u00e7\u00f5es de Inform\u00e1tica, L\u00edngua Portuguesa.<\/li>\n<\/ul>\n<\/li>\n\n\n\n<li><strong>Analista Judici\u00e1rio &#8211; \u00c1rea Apoio Especializado &#8211; Contabilidade<\/strong>\n<ul class=\"wp-block-list\">\n<li>Disciplinas: Contabilidade Geral, Contabilidade P\u00fablica, Auditoria, No\u00e7\u00f5es de Direito Constitucional, No\u00e7\u00f5es de Direito Administrativo, No\u00e7\u00f5es de Inform\u00e1tica, L\u00edngua Portuguesa.<\/li>\n<\/ul>\n<\/li>\n\n\n\n<li><strong>Analista Judici\u00e1rio &#8211; \u00c1rea Apoio Especializado &#8211; Engenharia Civil<\/strong>\n<ul class=\"wp-block-list\">\n<li>Disciplinas: Engenharia Civil, Constru\u00e7\u00e3o Civil, Materiais de Constru\u00e7\u00e3o, No\u00e7\u00f5es de Direito Constitucional, No\u00e7\u00f5es de Direito Administrativo, No\u00e7\u00f5es de Inform\u00e1tica, L\u00edngua Portuguesa.<\/li>\n<\/ul>\n<\/li>\n\n\n\n<li><strong>Analista Judici\u00e1rio &#8211; \u00c1rea Apoio Especializado &#8211; Engenharia El\u00e9trica<\/strong>\n<ul class=\"wp-block-list\">\n<li>Disciplinas: Engenharia El\u00e9trica, Eletricidade B\u00e1sica, Sistemas El\u00e9tricos, No\u00e7\u00f5es de Direito Constitucional, No\u00e7\u00f5es de Direito Administrativo, No\u00e7\u00f5es de Inform\u00e1tica, L\u00edngua Portuguesa.<\/li>\n<\/ul>\n<\/li>\n\n\n\n<li><strong>Analista Judici\u00e1rio &#8211; \u00c1rea Apoio Especializado &#8211; Engenharia Mec\u00e2nica<\/strong>\n<ul class=\"wp-block-list\">\n<li>Disciplinas: Engenharia Mec\u00e2nica, Mec\u00e2nica dos Fluidos, Termodin\u00e2mica, No\u00e7\u00f5es de Direito Constitucional, No\u00e7\u00f5es de Direito Administrativo, No\u00e7\u00f5es de Inform\u00e1tica, L\u00edngua Portuguesa.<\/li>\n<\/ul>\n<\/li>\n\n\n\n<li><strong>Analista Judici\u00e1rio &#8211; \u00c1rea Apoio Especializado &#8211; Estat\u00edstica<\/strong>\n<ul class=\"wp-block-list\">\n<li>Disciplinas: Estat\u00edstica Descritiva, Infer\u00eancia Estat\u00edstica, Probabilidade, No\u00e7\u00f5es de Direito Constitucional, No\u00e7\u00f5es de Direito Administrativo, No\u00e7\u00f5es de Inform\u00e1tica, L\u00edngua Portuguesa.<\/li>\n<\/ul>\n<\/li>\n\n\n\n<li><strong>Analista Judici\u00e1rio &#8211; \u00c1rea Apoio Especializado &#8211; Governan\u00e7a e Gest\u00e3o de Tecnologia da Informa\u00e7\u00e3o<\/strong>\n<ul class=\"wp-block-list\">\n<li>Disciplinas: Governan\u00e7a de TI, Gest\u00e3o de Projetos, Seguran\u00e7a da Informa\u00e7\u00e3o, No\u00e7\u00f5es de Direito Constitucional, No\u00e7\u00f5es de Direito Administrativo, No\u00e7\u00f5es de Inform\u00e1tica, L\u00edngua Portuguesa.<\/li>\n<\/ul>\n<\/li>\n\n\n\n<li><strong>Analista Judici\u00e1rio &#8211; \u00c1rea Apoio Especializado &#8211; Medicina &#8211; Cl\u00ednica Geral<\/strong>\n<ul class=\"wp-block-list\">\n<li>Disciplinas: Medicina Cl\u00ednica, Semiologia, Diagn\u00f3stico e Tratamento, No\u00e7\u00f5es de Direito Constitucional, No\u00e7\u00f5es de Direito Administrativo, No\u00e7\u00f5es de Inform\u00e1tica, L\u00edngua Portuguesa.<\/li>\n<\/ul>\n<\/li>\n\n\n\n<li><strong>Analista Judici\u00e1rio &#8211; \u00c1rea Apoio Especializado &#8211; Medicina &#8211; Psiquiatria<\/strong>\n<ul class=\"wp-block-list\">\n<li>Disciplinas: Psiquiatria, Psicopatologia, Diagn\u00f3stico e Tratamento, No\u00e7\u00f5es de Direito Constitucional, No\u00e7\u00f5es de Direito Administrativo, No\u00e7\u00f5es de Inform\u00e1tica, L\u00edngua Portuguesa.<\/li>\n<\/ul>\n<\/li>\n\n\n\n<li><strong>Analista Judici\u00e1rio &#8211; \u00c1rea Apoio Especializado &#8211; Odontologia<\/strong>\n<ul class=\"wp-block-list\">\n<li>Disciplinas: Odontologia Geral, Cirurgia Oral, Diagn\u00f3stico e Tratamento, No\u00e7\u00f5es de Direito Constitucional, No\u00e7\u00f5es de Direito Administrativo, No\u00e7\u00f5es de Inform\u00e1tica, L\u00edngua Portuguesa.<\/li>\n<\/ul>\n<\/li>\n\n\n\n<li><strong>Analista Judici\u00e1rio &#8211; \u00c1rea Apoio Especializado &#8211; Psicologia<\/strong>\n<ul class=\"wp-block-list\">\n<li>Disciplinas: Psicologia Cl\u00ednica, Psicopatologia, Diagn\u00f3stico e Tratamento, No\u00e7\u00f5es de Direito Constitucional, No\u00e7\u00f5es de Direito Administrativo, No\u00e7\u00f5es de Inform\u00e1tica, L\u00edngua Portuguesa.<\/li>\n<\/ul>\n<\/li>\n\n\n\n<li><strong>Analista Judici\u00e1rio &#8211; \u00c1rea Apoio Especializado &#8211; Seguran\u00e7a da Informa\u00e7\u00e3o<\/strong>\n<ul class=\"wp-block-list\">\n<li>Disciplinas: Seguran\u00e7a da Informa\u00e7\u00e3o, Criptografia, Governan\u00e7a de TI, No\u00e7\u00f5es de Direito Constitucional, No\u00e7\u00f5es de Direito Administrativo, No\u00e7\u00f5es de Inform\u00e1tica, L\u00edngua Portuguesa.<\/li>\n<\/ul>\n<\/li>\n\n\n\n<li><strong>Analista Judici\u00e1rio &#8211; \u00c1rea Apoio Especializado &#8211; Suporte em Tecnologia da Informa\u00e7\u00e3o<\/strong>\n<ul class=\"wp-block-list\">\n<li>Disciplinas: Redes de Computadores, Sistemas Operacionais, Suporte T\u00e9cnico, No\u00e7\u00f5es de Direito Constitucional, No\u00e7\u00f5es de Direito Administrativo, No\u00e7\u00f5es de Inform\u00e1tica, L\u00edngua Portuguesa.<\/li>\n<\/ul>\n<\/li>\n\n\n\n<li><strong>T\u00e9cnico Judici\u00e1rio &#8211; \u00c1rea Administrativa<\/strong>\n<ul class=\"wp-block-list\">\n<li>Disciplinas: No\u00e7\u00f5es de Direito Constitucional, No\u00e7\u00f5es de Direito Administrativo, No\u00e7\u00f5es de Inform\u00e1tica, Racioc\u00ednio L\u00f3gico, L\u00edngua Portuguesa.<\/li>\n<\/ul>\n<\/li>\n\n\n\n<li><strong>T\u00e9cnico Judici\u00e1rio &#8211; \u00c1rea Administrativa &#8211; Agente da Pol\u00edcia Judicial<\/strong>\n<ul class=\"wp-block-list\">\n<li>Disciplinas: No\u00e7\u00f5es de Direito Constitucional, No\u00e7\u00f5es de Direito Administrativo, No\u00e7\u00f5es de Direito Penal, No\u00e7\u00f5es de Direito Processual Penal, No\u00e7\u00f5es de Inform\u00e1tica, Racioc\u00ednio L\u00f3gico, L\u00edngua Portuguesa.<\/li>\n<\/ul>\n<\/li>\n\n\n\n<li><strong>T\u00e9cnico Judici\u00e1rio &#8211; \u00c1rea Apoio Especializado &#8211; Contabilidade<\/strong>\n<ul class=\"wp-block-list\">\n<li>Disciplinas: Contabilidade Geral, Contabilidade P\u00fablica, Auditoria, No\u00e7\u00f5es de Direito Constitucional, No\u00e7\u00f5es de Direito Administrativo, No\u00e7\u00f5es de Inform\u00e1tica, L\u00edngua Portuguesa.<\/li>\n<\/ul>\n<\/li>\n<\/ul>\n\n\n\n<h3 class=\"wp-block-heading\" id=\"discursiva\">Prova discursiva<\/h3>\n\n\n\n<p>A Prova Discursiva teve car\u00e1ter eliminat\u00f3rio e classificat\u00f3rio e foi avaliada na escala de 0 (zero) a 10 (dez) pontos, considerando-se HABILITADO o candidato que nela obtiver nota igual ou superior a 6 (seis) pontos.<\/p>\n\n\n\n<p>Ela foi realizada no mesmo dia e hor\u00e1rio da Prova Objetiva e ser\u00e1 composta de:<\/p>\n\n\n\n<p><strong><span style=\"text-decoration: underline;\">Estudo de Caso<\/span><\/strong><\/p>\n\n\n\n<p>Foi 01 (uma) quest\u00e3o sobre o conhecimento espec\u00edfico constante do Anexo III deste Edital. Para o desenvolvimento da Prova Discursiva, o candidato teve que redigir no m\u00ednimo 10 (dez) e no m\u00e1ximo 15 (quinze) linhas por quest\u00e3o, observando os crit\u00e9rios de corre\u00e7\u00e3o a seguir:<\/p>\n\n\n\n<ul class=\"wp-block-list\">\n<li>ESTRUTURA: o conte\u00fado apresentado pelo candidato deve ser um texto predominantemente dissertativo-argumentativo, devendo constituir-se de um conjunto articulado de ideias relacionadas ao tema proposto.<\/li>\n\n\n\n<li>CONTEUDO: an\u00e1lise das ideias fundamentais do texto observando a fidelidade ao tema proposto; consist\u00eancia e relev\u00e2ncia argumentativa; progress\u00e3o tem\u00e1tica; e senso cr\u00edtico do candidato.<\/li>\n\n\n\n<li>EXPRESSAO: adequa\u00e7\u00e3o vocabular e emprego do registro culto da l\u00edngua portuguesa; clareza na apresenta\u00e7\u00e3o das ideias; coes\u00e3o e coer\u00eancia.<\/li>\n<\/ul>\n\n\n\n<p><strong><span style=\"text-decoration: underline;\">Reda\u00e7\u00e3o<\/span><\/strong><\/p>\n\n\n\n<p>Para o desenvolvimento da Prova Discursiva, o candidato teve que redigir no m\u00ednimo 20 (vinte) e no m\u00e1ximo 30 (trinta) linhas, observando os crit\u00e9rios de corre\u00e7\u00e3o a seguir:<\/p>\n\n\n\n<ul class=\"wp-block-list\">\n<li>Progress\u00e3o: grau de informatividade e coer\u00eancia.<\/li>\n\n\n\n<li>Qualidade do conte\u00fado: capacidade do candidato para selecionar, relacionar, organizar e interpretar fatos, informa\u00e7\u00f5es, opini\u00f5es e argumentos, em defesa de um ponto de vista, demonstrando conhecimento dos mecanismos lingu\u00edsticodiscursivos necess\u00e1rios para a constru\u00e7\u00e3o do seu texto.<\/li>\n\n\n\n<li>Linguagem: Coes\u00e3o: uso adequado e expressivo dos recursos lingu\u00edsticos como atividade de composi\u00e7\u00e3o textual. Norma padr\u00e3o: dom\u00ednio da norma padr\u00e3o formal da L\u00edngua Portuguesa.<\/li>\n<\/ul>\n\n\n\n<p>As etapas foram aplicadas para cargos espec\u00edficos, sendo:<\/p>\n\n\n\n<figure class=\"wp-block-table is-style-stripes\"><table><thead><tr><th>CARGOS QUE TER\u00c3O REDA\u00c7\u00c3O<\/th><th class=\"has-text-align-left\" data-align=\"left\">CARGOS QUE TER\u00c3O ESTUDO DE CASO<\/th><\/tr><\/thead><tbody><tr><td><strong>Analista Judici\u00e1rio<\/strong><br \/>&#8211; Arquivologia<br \/>&#8211; Biblioteconomia<br \/>&#8211; Comunica\u00e7\u00e3o Social<br \/>&#8211; Contabilidade<br \/>&#8211; Estat\u00edstica<br \/>&#8211; Medicina(Cl\u00ednica M\u00e9dica)<br \/>&#8211; Medicina (Psiquiatria)<br \/>&#8211; Odontologia<br \/>&#8211; Psicologia<br \/>&#8211; Administrativa<br \/>&#8211; Judici\u00e1ria<br \/>&#8211; Oficial de Justi\u00e7a Avaliador Federal<\/td><td class=\"has-text-align-left\" data-align=\"left\"><strong>Analista Judici\u00e1rio<\/strong><br \/><br \/>&#8211; Arquitetura<br \/>&#8211; Engenharia Civil<br \/>&#8211; Engenharia El\u00e9trica<br \/>&#8211; Engenharia Mec\u00e2nica<br \/>&#8211; Governan\u00e7a e Gest\u00e3o de Tecnologia da Informa\u00e7\u00e3o<br \/>&#8211; Seguran\u00e7a da Informa\u00e7\u00e3o<br \/>&#8211; Suporte em Tecnologia da Informa\u00e7\u00e3o<\/td><\/tr><tr><td><strong>T\u00e9cnico Judici\u00e1rio<\/strong><br \/>&#8211; \u00c1rea Administrativa<br \/>&#8211; Agente de Pol\u00edcia Judicial<br \/>&#8211; Contabilidade<\/td><td class=\"has-text-align-left\" data-align=\"left\"><\/td><\/tr><\/tbody><\/table><figcaption class=\"wp-element-caption\">Reda\u00e7\u00e3o e estudo de caso<\/figcaption><\/figure>\n\n\n\n<h3 class=\"wp-block-heading\" id=\"aptid\u00e3o\">Teste de Aptid\u00e3o F\u00edsica (Agente de Pol\u00edcia Judicial)<\/h3>\n\n\n\n<p>O Teste de Aptid\u00e3o F\u00edsica consistir\u00e1 na execu\u00e7\u00e3o de baterias de testes, todos de realiza\u00e7\u00e3o obrigat\u00f3ria independentemente do desempenho dos candidatos em cada um deles, considerando-se apto o candidato que atingir o desempenho m\u00ednimo indicado para cada teste.<\/p>\n\n\n\n<ul class=\"wp-block-list\">\n<li><strong>Masculino:<\/strong> Barra Fixa 04 repeti\u00e7\u00f5es; Flex\u00e3o 20 repeti\u00e7\u00f5es; Abdominal 30 repeti\u00e7\u00f5es; Corrida \u2013 12 minutos 2.000 metros.<\/li>\n\n\n\n<li><strong>Feminino:<\/strong> Barra Fixa 15 segundos; Flex\u00e3o 12 repeti\u00e7\u00f5es; Abdominal 20 repeti\u00e7\u00f5es; Corrida \u2013 12 minutos 1.800 metros.<\/li>\n<\/ul>\n\n\n\n<hr class=\"wp-block-separator has-alpha-channel-opacity\"\/>\n\n\n\n<h2 class=\"wp-block-heading\" id=\"atual\">Concurso TRF5: situa\u00e7\u00e3o atual T.I<\/h2>\n\n\n\n<p>O&nbsp;Tribunal Regional Federal da 5\u00aa Regi\u00e3o, que ofertou vagas para T\u00e9cnico Judici\u00e1rio em TI, divulgou o resultado final do concurso.<\/p>\n\n\n\n<ul class=\"wp-block-list\">\n<li><strong><a href=\"https:\/\/dhg1h5j42swfq.cloudfront.net\/2024\/06\/03092933\/trf5-resultado-final.pdf\" target=\"_blank\" rel=\"noreferrer noopener\">Confira o resultado final<\/a>.<\/strong><\/li>\n<\/ul>\n\n\n\n<p>Sob organiza\u00e7\u00e3o do&nbsp;<a href=\"https:\/\/concursos.ibfc.org.br\/informacoes\/442\/\" target=\"_blank\" rel=\"noreferrer noopener\">IBFC<\/a>, as oportunidades foram de n\u00edvel superior de forma\u00e7\u00e3o. Os sal\u00e1rios iniciais foram fixados em&nbsp;<strong>R$ 8.046,84<\/strong>, composto pelo vencimento b\u00e1sico e gratifica\u00e7\u00e3o.<\/p>\n\n\n\n<h2 class=\"wp-block-heading\" id=\"cargos-vagas\">Concurso TRF5: cargos, vagas e remunera\u00e7\u00f5es T.I<\/h2>\n\n\n\n<figure class=\"wp-block-table is-style-stripes\"><table class=\"has-background has-fixed-layout\" style=\"background-color:#e7f5fe\"><thead><tr><th class=\"has-text-align-center\" data-align=\"center\">CARGOS<\/th><th class=\"has-text-align-center\" data-align=\"center\">VAGAS<\/th><th class=\"has-text-align-center\" data-align=\"center\">SAL\u00c1RIO<\/th><\/tr><\/thead><tbody><tr><td class=\"has-text-align-center\" data-align=\"center\">T\u00e9cnico Judici\u00e1rio \u2013 Desenvolvimento de Sistemas de Informa\u00e7\u00e3o<\/td><td class=\"has-text-align-center\" data-align=\"center\">CR<\/td><td class=\"has-text-align-center\" data-align=\"center\">R$ 8.046,84<\/td><\/tr><tr><td class=\"has-text-align-center\" data-align=\"center\">T\u00e9cnico Judici\u00e1rio \u2013 Tecnologia da Informa\u00e7\u00e3o<\/td><td class=\"has-text-align-center\" data-align=\"center\">CR<\/td><td class=\"has-text-align-center\" data-align=\"center\">R$ 8.046,84<\/td><\/tr><\/tbody><\/table><figcaption class=\"wp-element-caption\">Concurso TRF5: cargos, vagas e remunera\u00e7\u00f5es <\/figcaption><\/figure>\n\n\n\n<p>Ressalta-se que a distribui\u00e7\u00e3o das vagas ser\u00e1 nos estados em que o \u00f3rg\u00e3o possui jurisdi\u00e7\u00e3o, ou seja, em Alagoas, Cear\u00e1, Para\u00edba, Pernambuco, Rio Grande do Norte e Sergipe.<\/p>\n\n\n\n<h2 class=\"wp-block-heading\" id=\"etapas\">Concurso TRF5: etapas e provas T.I<\/h2>\n\n\n\n<p>A sele\u00e7\u00e3o dos candidatos inscritos no edital TRF5 se deu mediante aplica\u00e7\u00e3o das seguintes etapas:<\/p>\n\n\n\n<ul class=\"wp-block-list\">\n<li>Prova objetiva \u2013 eliminat\u00f3rio e classificat\u00f3rio.<\/li>\n<\/ul>\n\n\n\n<h3 class=\"wp-block-heading\" id=\"objetiva\">Provas Objetivas<\/h3>\n\n\n\n<p>Os candidatos foram avaliados por <strong>provas objetivas<\/strong> compostas por <strong>60 quest\u00f5es <\/strong>sobre conhecimentos gerias e espec\u00edficos. <\/p>\n\n\n\n<p> A Prova Objetiva foi de m\u00faltipla escolha, sendo que cada quest\u00e3o conteve 04 (quatro) alternativas e apenas 1 (uma) correta.<\/p>\n\n\n\n<p>A Prova Objetiva foi realizada, simultaneamente, nas cidades de Aracaju\/SE, Fortaleza\/CE, Jo\u00e3o Pessoa\/PB, Macei\u00f3\/AL, Natal\/RN e Recife\/PE, conforme op\u00e7\u00e3o de Estado de Classifica\u00e7\u00e3o indicada pelo candidato no ato da inscri\u00e7\u00e3o.<\/p>\n\n\n\n<h2 class=\"wp-block-heading\" id=\"carreira\">Carreira no TRF 5<\/h2>\n\n\n\n<h3 class=\"wp-block-heading\" id=\"escolaridade\">Altera\u00e7\u00e3o de escolaridade<\/h3>\n\n\n\n<p>O Projeto de Lei&nbsp;<strong>3662\/21<\/strong>, que altera a escolaridade do cargo de T\u00e9cnico Judici\u00e1rio e estabelece o n\u00edvel superior como requisito aos concursos Tribunais, foi promulgado.<\/p>\n\n\n\n<p>Desta forma, para assumir o cargo de T\u00e9cnico Judici\u00e1rio, os candidatos agora devem possuir como requisito n\u00edvel superior de escolaridade.<\/p>\n\n\n\n<h3 class=\"wp-block-heading\" id=\"h-\"><\/h3>\n\n\n\n<h3 class=\"wp-block-heading\" id=\"cargos-vagos\">Cargos vagos<\/h3>\n\n\n\n<p>Segundo a Transpar\u00eancia do TRF5, em levantamento realizado em agosto de 2025 atualmente o \u00f3rg\u00e3o conta com <strong>5 cargos vagos<\/strong>*, sendo:<\/p>\n\n\n\n<figure class=\"wp-block-table is-style-stripes\"><table class=\"has-fixed-layout\"><thead><tr><th class=\"has-text-align-center\" data-align=\"center\">CARGO<\/th><th class=\"has-text-align-center\" data-align=\"center\">VAC\u00c2NCIAS<\/th><\/tr><\/thead><tbody><tr><td class=\"has-text-align-center\" data-align=\"center\">Analista<\/td><td class=\"has-text-align-center\" data-align=\"center\">3 cargos vagos<\/td><\/tr><tr><td class=\"has-text-align-center\" data-align=\"center\">T\u00e9cnico<\/td><td class=\"has-text-align-center\" data-align=\"center\">2 cargos vagos<\/td><\/tr><\/tbody><\/table><figcaption class=\"wp-element-caption\">Cargos vagos no TRF5<\/figcaption><\/figure>\n\n\n\n<h3 class=\"wp-block-heading\" id=\"estado\">Estados abrangidos<\/h3>\n\n\n\n<p>A 5\u00aa Regi\u00e3o da justi\u00e7a federal \u00e9 compreendida pelos seguintes estados:&nbsp;Pernambuco, Cear\u00e1, Rio Grande do Norte, Para\u00edba, Alagoas e Sergipe. <\/p>\n\n\n\n<h2 class=\"wp-block-heading\" id=\"ultimo\">Concurso TRF 5: edital 2017<\/h2>\n\n\n\n<p>O concurso de <strong>2017<\/strong> foi de responsabilidade da FCC e contou com a oferta de <strong>14 vagas imediatas, al\u00e9m de cadastro de reserva<\/strong>, nas carreiras de t\u00e9cnico e analista.<\/p>\n\n\n\n<p>O resultado final do concurso foi homologado em junho de 2018 e teve a validade suspensa em raz\u00e3o da pandemia. Com isso, a validade que se encerraria em junho de 2022, foi prorrogada at\u00e9<strong> janeiro de 2024<\/strong>.<\/p>\n\n\n\n<p>Segundo informa\u00e7\u00f5es da FCC, o \u00faltimo edital recebeu, no total, <strong>111.832<\/strong> inscritos!<\/p>\n\n\n\n<p>O cargo que recebeu mais inscri\u00e7\u00f5es foi o de t\u00e9cnico judici\u00e1rio da \u00e1rea administrativa, que teve&nbsp;<strong>49.955 candidaturas<\/strong> para 5 vagas em ampla concorr\u00eancia<\/p>\n\n\n\n<h3 class=\"wp-block-heading\" id=\"cargo\">Cargos e vagas<\/h3>\n\n\n\n<p>O \u00faltimo edital do concurso TRF 5 ofertou 14 vagas e forma\u00e7\u00e3o de cadastro de reserva para os seguintes cargos:<\/p>\n\n\n\n<p><strong>Analista Judici\u00e1rio:<\/strong><\/p>\n\n\n\n<ul class=\"wp-block-list\">\n<li><em><strong>Judici\u00e1ria (AJAJ):<\/strong><\/em> para formados em Direito;<\/li>\n\n\n\n<li><em><strong>Oficial de Justi\u00e7a (OJAF):<\/strong><\/em> para formados em Direito;<\/li>\n\n\n\n<li><em><strong>Administrativa (AJAA)<\/strong><\/em>: qualquer forma\u00e7\u00e3o superior;<\/li>\n\n\n\n<li><em><strong>Inform\u00e1tica\/Infraestrutura e Inform\u00e1tica\/Desenvolvimento:<\/strong><\/em> qualquer curso superior, com especializa\u00e7\u00e3o em TI (m\u00ednimo de 360 horas);<\/li>\n\n\n\n<li><em><strong>Medicina<\/strong><\/em> (Cl\u00ednica Geral);<\/li>\n\n\n\n<li><em><strong>Contadoria:<\/strong><\/em> para formados em Ci\u00eancias Cont\u00e1beis.<\/li>\n<\/ul>\n\n\n\n<p><strong>T\u00e9cnico Judici\u00e1rio:<\/strong><\/p>\n\n\n\n<ul class=\"wp-block-list\">\n<li><em><strong>Administrativa (TJAA):<\/strong><\/em> n\u00edvel m\u00e9dio;<\/li>\n\n\n\n<li><em><strong>Seguran\u00e7a e Transporte:<\/strong><\/em> n\u00edvel m\u00e9dio e CNH tipo D ou E;<\/li>\n\n\n\n<li><em><strong>Inform\u00e1tica:<\/strong><\/em> n\u00edvel m\u00e9dio e curso de programa\u00e7\u00e3o (m\u00ednimo 120 horas) ou t\u00e9cnico em inform\u00e1tica.<\/li>\n<\/ul>\n\n\n\n<p>A distribui\u00e7\u00e3o de vagas se deu da seguinte maneira:<\/p>\n\n\n\n<ul class=\"wp-block-list\">\n<li>AJAJ: 2 vagas em Pernambuco;<\/li>\n\n\n\n<li>Analista &#8211; Inform\u00e1tica\/Infraestrutura: 1 vaga em Pernambuco e 1 em Alagoas;<\/li>\n\n\n\n<li>Medicina: 1 vaga em Pernambuco e 1 no Cear\u00e1;<\/li>\n\n\n\n<li>Contadoria: 1 vaga em Pernambuco;<\/li>\n\n\n\n<li>TJAA: 2 vagas em Pernambuco, 2 na Para\u00edba e 1 no Rio Grande do Norte;<\/li>\n\n\n\n<li>T\u00e9cnico &#8211; Seguran\u00e7a e Transporte: 1 vaga na Para\u00edba.<\/li>\n<\/ul>\n\n\n\n<h3 class=\"wp-block-heading\" id=\"nota-de-corte\">Nota de corte <\/h3>\n\n\n\n<p>Confira abaixo a nota de corte dos aprovados no \u00faltimo edital:<\/p>\n\n\n\n<figure class=\"wp-block-image size-large is-resized\"><img loading=\"lazy\" decoding=\"async\" width=\"1024\" height=\"375\" src=\"https:\/\/dhg1h5j42swfq.cloudfront.net\/2023\/02\/24124221\/captura-de-tela-2023-02-24-as-12-39-58-1024x375.png\" alt=\"Nota de corte das se\u00e7\u00f5es de Pernambuco e Cear\u00e1\" class=\"wp-image-1177127\" style=\"width:840px;height:auto\" srcset=\"https:\/\/dhg1h5j42swfq.cloudfront.net\/2023\/02\/24124221\/captura-de-tela-2023-02-24-as-12-39-58-1024x375.png 1024w, https:\/\/dhg1h5j42swfq.cloudfront.net\/2023\/02\/24124221\/captura-de-tela-2023-02-24-as-12-39-58-300x110.png 300w, https:\/\/dhg1h5j42swfq.cloudfront.net\/2023\/02\/24124221\/captura-de-tela-2023-02-24-as-12-39-58-768x281.png 768w, https:\/\/dhg1h5j42swfq.cloudfront.net\/2023\/02\/24124221\/captura-de-tela-2023-02-24-as-12-39-58-610x223.png 610w, https:\/\/dhg1h5j42swfq.cloudfront.net\/2023\/02\/24124221\/captura-de-tela-2023-02-24-as-12-39-58-150x55.png 150w, https:\/\/dhg1h5j42swfq.cloudfront.net\/2023\/02\/24124221\/captura-de-tela-2023-02-24-as-12-39-58.png 1208w\" sizes=\"auto, (max-width: 1024px) 100vw, 1024px\" \/><figcaption class=\"wp-element-caption\">Nota de corte TRF5<\/figcaption><\/figure>\n\n\n\n<figure class=\"wp-block-image size-large\"><img loading=\"lazy\" decoding=\"async\" width=\"1024\" height=\"395\" src=\"https:\/\/dhg1h5j42swfq.cloudfront.net\/2023\/02\/24124242\/captura-de-tela-2023-02-24-as-12-40-08-1024x395.png\" alt=\"Nota de corte das se\u00e7\u00f5es de Para\u00edba e Rio Grande do Norte\" class=\"wp-image-1177128\" srcset=\"https:\/\/dhg1h5j42swfq.cloudfront.net\/2023\/02\/24124242\/captura-de-tela-2023-02-24-as-12-40-08-1024x395.png 1024w, https:\/\/dhg1h5j42swfq.cloudfront.net\/2023\/02\/24124242\/captura-de-tela-2023-02-24-as-12-40-08-300x116.png 300w, https:\/\/dhg1h5j42swfq.cloudfront.net\/2023\/02\/24124242\/captura-de-tela-2023-02-24-as-12-40-08-768x296.png 768w, https:\/\/dhg1h5j42swfq.cloudfront.net\/2023\/02\/24124242\/captura-de-tela-2023-02-24-as-12-40-08-610x235.png 610w, https:\/\/dhg1h5j42swfq.cloudfront.net\/2023\/02\/24124242\/captura-de-tela-2023-02-24-as-12-40-08-150x58.png 150w, https:\/\/dhg1h5j42swfq.cloudfront.net\/2023\/02\/24124242\/captura-de-tela-2023-02-24-as-12-40-08.png 1204w\" sizes=\"auto, (max-width: 1024px) 100vw, 1024px\" \/><figcaption class=\"wp-element-caption\">Nota de corte TRF5<\/figcaption><\/figure>\n\n\n\n<figure class=\"wp-block-image size-large\"><img loading=\"lazy\" decoding=\"async\" width=\"1024\" height=\"400\" src=\"https:\/\/dhg1h5j42swfq.cloudfront.net\/2023\/02\/24124306\/captura-de-tela-2023-02-24-as-12-40-21-1024x400.png\" alt=\"Nota de corte das se\u00e7\u00f5es de Alagoas e Sergipe\" class=\"wp-image-1177129\" srcset=\"https:\/\/dhg1h5j42swfq.cloudfront.net\/2023\/02\/24124306\/captura-de-tela-2023-02-24-as-12-40-21-1024x400.png 1024w, https:\/\/dhg1h5j42swfq.cloudfront.net\/2023\/02\/24124306\/captura-de-tela-2023-02-24-as-12-40-21-300x117.png 300w, https:\/\/dhg1h5j42swfq.cloudfront.net\/2023\/02\/24124306\/captura-de-tela-2023-02-24-as-12-40-21-768x300.png 768w, https:\/\/dhg1h5j42swfq.cloudfront.net\/2023\/02\/24124306\/captura-de-tela-2023-02-24-as-12-40-21-610x238.png 610w, https:\/\/dhg1h5j42swfq.cloudfront.net\/2023\/02\/24124306\/captura-de-tela-2023-02-24-as-12-40-21-150x59.png 150w, https:\/\/dhg1h5j42swfq.cloudfront.net\/2023\/02\/24124306\/captura-de-tela-2023-02-24-as-12-40-21.png 1204w\" sizes=\"auto, (max-width: 1024px) 100vw, 1024px\" \/><figcaption class=\"wp-element-caption\">Nota de corte TRF5<\/figcaption><\/figure>\n\n\n\n<h3 class=\"wp-block-heading\" id=\"nomea\u00e7\u00f5es\">Nomea\u00e7\u00f5es <\/h3>\n\n\n\n<p>O TRF5 nomeou entre abril de 2021 e fevereiro de 2023, 189 aprovados no certame de 2017, com validade at\u00e9 janeiro do pr\u00f3ximo ano &#8211; 2024. A informa\u00e7\u00e3o foi divulgada nas <a href=\"https:\/\/www.instagram.com\/p\/CpSZT1eB81N\/?igshid=YmMyMTA2M2Y%3D\">redes sociais do Tribunal<\/a> no dia 02 de mar\u00e7o de 2023.<\/p>\n\n\n\n<p>No entanto, o n\u00famero de convoca\u00e7\u00f5es foi bem maior. Confira abaixo o n\u00famero de candidatos convocados por cargo:<\/p>\n\n\n\n<figure class=\"wp-block-table is-style-stripes\"><table><thead><tr><th>Cargo<\/th><th>Vagas<\/th><th class=\"has-text-align-center\" data-align=\"center\">Convocados<\/th><\/tr><\/thead><tbody><tr><td>Analista Judici\u00e1rio &#8211; \u00c1rea Judici\u00e1ria<\/td><td>2<\/td><td class=\"has-text-align-center\" data-align=\"center\">83<\/td><\/tr><tr><td>Analista Judici\u00e1rio &#8211; \u00c1rea Judici\u00e1ria &#8211; Especialidade Oficial de Justi\u00e7a Avaliador Federal<\/td><td>CR<\/td><td class=\"has-text-align-center\" data-align=\"center\">9<\/td><\/tr><tr><td>Analista Judici\u00e1rio &#8211; \u00c1rea Administrativa<\/td><td>CR<\/td><td class=\"has-text-align-center\" data-align=\"center\">14<\/td><\/tr><tr><td>Analista Judici\u00e1rio &#8211; \u00c1rea Apoio Especializado &#8211; Especialidade Contadoria<\/td><td>1<\/td><td class=\"has-text-align-center\" data-align=\"center\">16<\/td><\/tr><tr><td>Analista Judici\u00e1rio &#8211; \u00c1rea Apoio Especializado &#8211; Especialidade Inform\u00e1tica (Desenvolvimento)<\/td><td>CR<\/td><td class=\"has-text-align-center\" data-align=\"center\">13<\/td><\/tr><tr><td>Analista Judici\u00e1rio &#8211; \u00c1rea Apoio Especializado &#8211; Especialidade Inform\u00e1tica (Infraestrutura)<\/td><td>2<\/td><td class=\"has-text-align-center\" data-align=\"center\">19<\/td><\/tr><tr><td>Analista Judici\u00e1rio &#8211; \u00c1rea Apoio Especializado &#8211; Especialidade Medicina (Cl\u00ednica Geral)<\/td><td>2<\/td><td class=\"has-text-align-center\" data-align=\"center\">10<\/td><\/tr><tr><td>T\u00e9cnico Judici\u00e1rio &#8211; \u00c1rea Administrativa<\/td><td>5<\/td><td class=\"has-text-align-center\" data-align=\"center\">242<\/td><\/tr><tr><td>T\u00e9cnico Judici\u00e1rio &#8211; \u00c1rea Administrativa &#8211; Especialidade Agente da Pol\u00edcia Judicial<\/td><td>1<\/td><td class=\"has-text-align-center\" data-align=\"center\">10<\/td><\/tr><tr><td>T\u00e9cnico Judici\u00e1rio &#8211; \u00c1rea Apoio Especializado &#8211; Especialidade Inform\u00e1tica<\/td><td>CR<\/td><td class=\"has-text-align-center\" data-align=\"center\">28<\/td><\/tr><tr><td><strong>Total TRF 5<\/strong><\/td><td><strong>14<\/strong><\/td><td class=\"has-text-align-center\" data-align=\"center\"><strong>444<\/strong><\/td><\/tr><\/tbody><\/table><figcaption class=\"wp-element-caption\">Nomea\u00e7\u00f5es concurso TRF5<\/figcaption><\/figure>\n\n\n\n<h3 class=\"wp-block-heading has-text-align-center\" id=\"h-quer-saber-tudo-sobre-concursos-previstos-confira-nossos-artigos\">Quer saber tudo sobre concursos previstos?<br \/>Confira nossos artigos!<\/h3>\n\n\n\n<ul class=\"wp-block-list\">\n<li><a href=\"https:\/\/www.estrategiaconcursos.com.br\/blog\/concursos-abertos\/\" target=\"_blank\" rel=\"noreferrer noopener\">Concursos abertos<\/a><\/li>\n\n\n\n<li><a href=\"https:\/\/www.estrategiaconcursos.com.br\/blog\/concursos-tribunais\/\">Concursos tribunais<\/a><\/li>\n\n\n\n<li><a href=\"https:\/\/www.estrategiaconcursos.com.br\/blog\/concursos-trf\/\">Concursos TRF<\/a><\/li>\n\n\n\n<li><a href=\"https:\/\/www.estrategiaconcursos.com.br\/blog\/concursos-2026\/\" target=\"_blank\" rel=\"noreferrer noopener\">Concursos 2026<\/a><br \/><\/li>\n<\/ul>\n\n\n\n<h2 class=\"wp-block-heading has-text-align-center\" id=\"curso\">Cursos para o concurso TRF 5<\/h2>\n\n\n\n<div class=\"container\" id=\"boxes\">\n  <div class=\"row\">\n\n    <div class=\"col-sm\">\n      <div class=\"banner-tribunal\" id=\"box-assinatura\">\n        <h3 class=\"titulo-assinatura\">Curso TRF5<\/h3>\n        <p class=\"subtitulo-assinatura\">Conhe\u00e7a os cursos<\/p>\n        <div class=\"box-botao\">\n          <a class=\"btn-assinatura\" target=\"_blank\" href=\"https:\/\/www.estrategiaconcursos.com.br\/cursosPorConcurso\/trf-5-regiao\/\" role=\"button\" rel=\"noopener noreferrer\">Conhe\u00e7a mais<\/a>\n        <\/div>\n      <\/div>\n      <p class=\"texto-auxiliar\">Prepare-se com o melhor material e com quem mais aprova em Concursos P\u00fablicos em todo o pa\u00eds.<\/p>\n    <\/div>\n\n  <\/div>\n<\/div>\n\n\n\n<div class=\"container\" id=\"boxes\">\n  <div class=\"row\">\n\n    <div class=\"col-sm\">\n      <div class=\"estrategia\" id=\"box-assinatura\">\n        <h3 class=\"titulo-assinatura\">Assinatura Concursos<\/h3>\n        <p class=\"subtitulo-assinatura\">Assinatura de 1 ano ou 2 anos<\/p>\n        <div class=\"box-botao\">\n          <a class=\"btn-assinatura\" target=\"_blank\" href=\"https:\/\/www.estrategiaconcursos.com.br\/assinaturas\/\" role=\"button\" rel=\"noopener noreferrer\">ASSINE AGORA<\/a>\n        <\/div>\n      <\/div><\/div><\/div><\/div>\n\n\n\n<figure class=\"wp-block-image size-large is-resized\"><img loading=\"lazy\" decoding=\"async\" width=\"1024\" height=\"632\" src=\"https:\/\/dhg1h5j42swfq.cloudfront.net\/2021\/04\/21160615\/ficha-tecnica-1-1024x632-1-5.png\" alt=\"Ficha do concurso TRF 5\" class=\"wp-image-720430\" style=\"width:266px;height:164px\" srcset=\"https:\/\/dhg1h5j42swfq.cloudfront.net\/2021\/04\/21160615\/ficha-tecnica-1-1024x632-1-5.png 1024w, https:\/\/dhg1h5j42swfq.cloudfront.net\/2021\/04\/21160615\/ficha-tecnica-1-1024x632-1-5-300x185.png 300w, https:\/\/dhg1h5j42swfq.cloudfront.net\/2021\/04\/21160615\/ficha-tecnica-1-1024x632-1-5-768x474.png 768w, https:\/\/dhg1h5j42swfq.cloudfront.net\/2021\/04\/21160615\/ficha-tecnica-1-1024x632-1-5-610x376.png 610w\" sizes=\"auto, (max-width: 1024px) 100vw, 1024px\" \/><\/figure>\n\n\n\n<h4 class=\"wp-block-heading\" id=\"h-informacoes-nbsp-concurso-trf5-analista-e-tecnico\"><strong>Informa\u00e7\u00f5es&nbsp;concurso TRF5 (Analista e T\u00e9cnico)<\/strong><\/h4>\n\n\n\n<ul id=\"block-46dd482c-33cf-409c-8762-75c111403f14\" class=\"wp-block-list\">\n<li><strong>Provas<\/strong>: <s>13\/10\/2024<\/s><\/li>\n\n\n\n<li><strong>Vagas<\/strong>: CR<\/li>\n\n\n\n<li><strong>Cargos<\/strong>: Analista e T\u00e9cnico<\/li>\n\n\n\n<li><strong>Banca<\/strong>: IBFC<\/li>\n\n\n\n<li><strong>Escolaridade<\/strong>: superior<\/li>\n\n\n\n<li><strong>Edital: <\/strong><a href=\"https:\/\/anexos.cdn.selecao.net.br\/uploads\/747\/concursos\/466\/anexos\/0VkbLaPtJK3WbRh2hKC8SGo0qDO7ovOZEqaCjGx2.pdf\">TRF5 2024<\/a> \/&nbsp;<a href=\"https:\/\/dhg1h5j42swfq.cloudfront.net\/2024\/08\/07084443\/trf.pdf\" target=\"_blank\" rel=\"noreferrer noopener\">Retifica\u00e7\u00e3o<\/a><\/li>\n<\/ul>\n\n\n\n<h4 class=\"wp-block-heading\" id=\"ficha-tecnica\"><strong>Informa\u00e7\u00f5es&nbsp;concurso TRF5 T.I<\/strong><\/h4>\n\n\n\n<ul id=\"block-46dd482c-33cf-409c-8762-75c111403f14\" class=\"wp-block-list\">\n<li><strong>Provas<\/strong>: <s>25\/02\/2024<\/s><\/li>\n\n\n\n<li><strong>Vagas<\/strong>: CR<\/li>\n\n\n\n<li><strong>Cargos<\/strong>: T\u00e9cnico Judici\u00e1rio<\/li>\n\n\n\n<li><strong>Banca<\/strong>: IBFC<\/li>\n\n\n\n<li><strong>Escolaridade<\/strong>: superior <\/li>\n\n\n\n<li><strong>Edital<\/strong>:&nbsp;<a href=\"https:\/\/dhg1h5j42swfq.cloudfront.net\/2023\/12\/19053802\/edital-no-17-de-18-de-dezembro-de-2023-edital-no-17-de-18-de-dezembro-de-2023-dou-imprensa-nacional.pdf\" target=\"_blank\" rel=\"noreferrer noopener nofollow\">TRF5 2024<\/a><\/li>\n<\/ul>\n\n\n\n<p><span style=\"color: #0000ff;\"><\/span><\/p>\n","protected":false},"excerpt":{"rendered":"<p>O concurso do Tribunal Regional Federal da 5\u00aa Regi\u00e3o (TRF 5), que contou com 86 mil candidatos, teve o resultado final republicado. Abaixo, confira o documento completo! Os cargos de Analista e T\u00e9cnico em cadastro reserva com iniciais de at\u00e9 R$ 13.994,78 ser\u00e3o lotados na sede do TRF da 5\u00aa Regi\u00e3o, em Recife\/PE, ou em [&hellip;]<\/p>\n","protected":false},"author":1,"featured_media":1347075,"comment_status":"open","ping_status":"open","sticky":false,"template":"","format":"standard","meta":{"post_tipo":"news_page","footnotes":""},"categories":[1984],"tags":[],"tax_estado":[219965,219969,219979,219983,219988],"class_list":["post-90172","post","type-post","status-publish","format-standard","has-post-thumbnail","hentry","category-tribunais","tax_estado-al","tax_estado-ce","tax_estado-pe","tax_estado-rn","tax_estado-se"],"acf":[],"yoast_head":"<!-- This site is optimized with the Yoast SEO Premium plugin v27.2 (Yoast SEO v27.2) - https:\/\/yoast.com\/product\/yoast-seo-premium-wordpress\/ -->\n<title>Concurso TRF 5: veja os novos sal\u00e1rios para 2026!<\/title>\n<meta name=\"description\" content=\"Concurso TRF5: edital ofertou vagas para Analista e T\u00e9cnico com remunera\u00e7\u00e3o de at\u00e9 R$ 13, 9 mil. Resultado final republicado!\" \/>\n<meta name=\"robots\" content=\"index, follow, max-snippet:-1, max-image-preview:large, max-video-preview:-1\" \/>\n<link rel=\"canonical\" href=\"https:\/\/www.estrategiaconcursos.com.br\/blog\/concurso-trf5\/\" \/>\n<meta property=\"og:locale\" content=\"pt_BR\" \/>\n<meta property=\"og:type\" content=\"article\" \/>\n<meta property=\"og:title\" content=\"Concurso TRF 5: veja os novos sal\u00e1rios para 2026!\" \/>\n<meta property=\"og:description\" content=\"Concurso TRF5: edital ofertou vagas para Analista e T\u00e9cnico com remunera\u00e7\u00e3o de at\u00e9 R$ 13, 9 mil. Resultado final republicado!\" \/>\n<meta property=\"og:url\" content=\"https:\/\/www.estrategiaconcursos.com.br\/blog\/concurso-trf5\/\" \/>\n<meta property=\"og:site_name\" content=\"Estrat\u00e9gia Concursos\" \/>\n<meta property=\"article:author\" content=\"https:\/\/www.facebook.com\/EstrategiaConcursos\" \/>\n<meta property=\"article:published_time\" content=\"2026-04-16T15:00:00+00:00\" \/>\n<meta property=\"article:modified_time\" content=\"2026-04-16T16:23:15+00:00\" \/>\n<meta property=\"og:image\" content=\"https:\/\/dhg1h5j42swfq.cloudfront.net\/2024\/01\/05105216\/trf-5.jpg\" \/>\n\t<meta property=\"og:image:width\" content=\"768\" \/>\n\t<meta property=\"og:image:height\" content=\"432\" \/>\n\t<meta property=\"og:image:type\" content=\"image\/jpeg\" \/>\n<meta name=\"author\" content=\"Coordena\u00e7\u00e3o\" \/>\n<meta name=\"twitter:card\" content=\"summary_large_image\" \/>\n<meta name=\"twitter:creator\" content=\"@EstratConcursos\" \/>\n<meta name=\"twitter:site\" content=\"@EstratConcursos\" \/>\n<meta name=\"twitter:label1\" content=\"Escrito por\" \/>\n\t<meta name=\"twitter:data1\" content=\"Coordena\u00e7\u00e3o\" \/>\n\t<meta name=\"twitter:label2\" content=\"Est. tempo de leitura\" \/>\n\t<meta name=\"twitter:data2\" content=\"6 minutos\" \/>\n<script type=\"application\/ld+json\" class=\"yoast-schema-graph\">{\"@context\":\"https:\/\/schema.org\",\"@graph\":[{\"@type\":\"NewsArticle\",\"@id\":\"https:\/\/www.estrategiaconcursos.com.br\/blog\/concurso-trf5\/#article\",\"isPartOf\":{\"@id\":\"https:\/\/www.estrategiaconcursos.com.br\/blog\/concurso-trf5\/\"},\"author\":{\"name\":\"Coordena\u00e7\u00e3o\",\"@id\":\"https:\/\/www.estrategiaconcursos.com.br\/blog\/#\/schema\/person\/b4a388c97673c5f483d72185668afa1f\"},\"headline\":\"Concurso TRF 5: veja os novos sal\u00e1rios para 2026!\",\"datePublished\":\"2026-04-16T15:00:00+00:00\",\"dateModified\":\"2026-04-16T16:23:15+00:00\",\"mainEntityOfPage\":{\"@id\":\"https:\/\/www.estrategiaconcursos.com.br\/blog\/concurso-trf5\/\"},\"wordCount\":5019,\"commentCount\":20,\"publisher\":{\"@id\":\"https:\/\/www.estrategiaconcursos.com.br\/blog\/#organization\"},\"image\":{\"@id\":\"https:\/\/www.estrategiaconcursos.com.br\/blog\/concurso-trf5\/#primaryimage\"},\"thumbnailUrl\":\"https:\/\/dhg1h5j42swfq.cloudfront.net\/2024\/01\/05105216\/trf-5.jpg\",\"articleSection\":[\"Tribunais\"],\"inLanguage\":\"pt-BR\",\"potentialAction\":[{\"@type\":\"CommentAction\",\"name\":\"Comment\",\"target\":[\"https:\/\/www.estrategiaconcursos.com.br\/blog\/concurso-trf5\/#respond\"]}],\"copyrightYear\":\"2026\",\"copyrightHolder\":{\"@id\":\"https:\/\/www.estrategiaconcursos.com.br\/blog\/#organization\"}},{\"@type\":\"WebPage\",\"@id\":\"https:\/\/www.estrategiaconcursos.com.br\/blog\/concurso-trf5\/\",\"url\":\"https:\/\/www.estrategiaconcursos.com.br\/blog\/concurso-trf5\/\",\"name\":\"Concurso TRF 5: veja os novos sal\u00e1rios para 2026!\",\"isPartOf\":{\"@id\":\"https:\/\/www.estrategiaconcursos.com.br\/blog\/#website\"},\"primaryImageOfPage\":{\"@id\":\"https:\/\/www.estrategiaconcursos.com.br\/blog\/concurso-trf5\/#primaryimage\"},\"image\":{\"@id\":\"https:\/\/www.estrategiaconcursos.com.br\/blog\/concurso-trf5\/#primaryimage\"},\"thumbnailUrl\":\"https:\/\/dhg1h5j42swfq.cloudfront.net\/2024\/01\/05105216\/trf-5.jpg\",\"datePublished\":\"2026-04-16T15:00:00+00:00\",\"dateModified\":\"2026-04-16T16:23:15+00:00\",\"description\":\"Concurso TRF5: edital ofertou vagas para Analista e T\u00e9cnico com remunera\u00e7\u00e3o de at\u00e9 R$ 13, 9 mil. Resultado final republicado!\",\"breadcrumb\":{\"@id\":\"https:\/\/www.estrategiaconcursos.com.br\/blog\/concurso-trf5\/#breadcrumb\"},\"inLanguage\":\"pt-BR\",\"potentialAction\":[{\"@type\":\"ReadAction\",\"target\":[\"https:\/\/www.estrategiaconcursos.com.br\/blog\/concurso-trf5\/\"]}]},{\"@type\":\"ImageObject\",\"inLanguage\":\"pt-BR\",\"@id\":\"https:\/\/www.estrategiaconcursos.com.br\/blog\/concurso-trf5\/#primaryimage\",\"url\":\"https:\/\/dhg1h5j42swfq.cloudfront.net\/2024\/01\/05105216\/trf-5.jpg\",\"contentUrl\":\"https:\/\/dhg1h5j42swfq.cloudfront.net\/2024\/01\/05105216\/trf-5.jpg\",\"width\":768,\"height\":432,\"caption\":\"concurso trf 5\"},{\"@type\":\"BreadcrumbList\",\"@id\":\"https:\/\/www.estrategiaconcursos.com.br\/blog\/concurso-trf5\/#breadcrumb\",\"itemListElement\":[{\"@type\":\"ListItem\",\"position\":1,\"name\":\"In\u00edcio\",\"item\":\"https:\/\/www.estrategiaconcursos.com.br\/blog\/\"},{\"@type\":\"ListItem\",\"position\":2,\"name\":\"Concurso TRF 5: veja os novos sal\u00e1rios para 2026!\"}]},{\"@type\":\"WebSite\",\"@id\":\"https:\/\/www.estrategiaconcursos.com.br\/blog\/#website\",\"url\":\"https:\/\/www.estrategiaconcursos.com.br\/blog\/\",\"name\":\"Estrat\u00e9gia Concursos\",\"description\":\"O blog da Estrat\u00e9gia Concursos traz not\u00edcias sobre concursos e artigos de professores oferecendo cursos para concursos (pdf + videaulas) no site.\",\"publisher\":{\"@id\":\"https:\/\/www.estrategiaconcursos.com.br\/blog\/#organization\"},\"potentialAction\":[{\"@type\":\"SearchAction\",\"target\":{\"@type\":\"EntryPoint\",\"urlTemplate\":\"https:\/\/www.estrategiaconcursos.com.br\/blog\/?s={search_term_string}\"},\"query-input\":{\"@type\":\"PropertyValueSpecification\",\"valueRequired\":true,\"valueName\":\"search_term_string\"}}],\"inLanguage\":\"pt-BR\"},{\"@type\":\"Organization\",\"@id\":\"https:\/\/www.estrategiaconcursos.com.br\/blog\/#organization\",\"name\":\"Estrat\u00e9gia Concursos\",\"url\":\"https:\/\/www.estrategiaconcursos.com.br\/blog\/\",\"logo\":{\"@type\":\"ImageObject\",\"inLanguage\":\"pt-BR\",\"@id\":\"https:\/\/www.estrategiaconcursos.com.br\/blog\/#\/schema\/logo\/image\/\",\"url\":\"https:\/\/dhg1h5j42swfq.cloudfront.net\/2025\/06\/03203428\/logo_concursos-1.jpg\",\"contentUrl\":\"https:\/\/dhg1h5j42swfq.cloudfront.net\/2025\/06\/03203428\/logo_concursos-1.jpg\",\"width\":230,\"height\":60,\"caption\":\"Estrat\u00e9gia Concursos\"},\"image\":{\"@id\":\"https:\/\/www.estrategiaconcursos.com.br\/blog\/#\/schema\/logo\/image\/\"},\"sameAs\":[\"https:\/\/x.com\/EstratConcursos\"]},{\"@type\":\"Person\",\"@id\":\"https:\/\/www.estrategiaconcursos.com.br\/blog\/#\/schema\/person\/b4a388c97673c5f483d72185668afa1f\",\"name\":\"Coordena\u00e7\u00e3o\",\"image\":{\"@type\":\"ImageObject\",\"inLanguage\":\"pt-BR\",\"@id\":\"https:\/\/secure.gravatar.com\/avatar\/b720319e4c9a967eb58678d110f4fe35452fc5d5f97b202bac7b8acceb18c6ad?s=96&d=mm&r=g\",\"url\":\"https:\/\/secure.gravatar.com\/avatar\/b720319e4c9a967eb58678d110f4fe35452fc5d5f97b202bac7b8acceb18c6ad?s=96&d=mm&r=g\",\"contentUrl\":\"https:\/\/secure.gravatar.com\/avatar\/b720319e4c9a967eb58678d110f4fe35452fc5d5f97b202bac7b8acceb18c6ad?s=96&d=mm&r=g\",\"caption\":\"Coordena\u00e7\u00e3o\"},\"sameAs\":[\"https:\/\/www.facebook.com\/EstrategiaConcursos\",\"https:\/\/x.com\/EstratConcursos\"],\"url\":\"https:\/\/www.estrategiaconcursos.com.br\/blog\/author\/estrategia2013\/\"}]}<\/script>\n<!-- \/ Yoast SEO Premium plugin. -->","yoast_head_json":{"title":"Concurso TRF 5: veja os novos sal\u00e1rios para 2026!","description":"Concurso TRF5: edital ofertou vagas para Analista e T\u00e9cnico com remunera\u00e7\u00e3o de at\u00e9 R$ 13, 9 mil. Resultado final republicado!","robots":{"index":"index","follow":"follow","max-snippet":"max-snippet:-1","max-image-preview":"max-image-preview:large","max-video-preview":"max-video-preview:-1"},"canonical":"https:\/\/www.estrategiaconcursos.com.br\/blog\/concurso-trf5\/","og_locale":"pt_BR","og_type":"article","og_title":"Concurso TRF 5: veja os novos sal\u00e1rios para 2026!","og_description":"Concurso TRF5: edital ofertou vagas para Analista e T\u00e9cnico com remunera\u00e7\u00e3o de at\u00e9 R$ 13, 9 mil. Resultado final republicado!","og_url":"https:\/\/www.estrategiaconcursos.com.br\/blog\/concurso-trf5\/","og_site_name":"Estrat\u00e9gia Concursos","article_author":"https:\/\/www.facebook.com\/EstrategiaConcursos","article_published_time":"2026-04-16T15:00:00+00:00","article_modified_time":"2026-04-16T16:23:15+00:00","og_image":[{"width":768,"height":432,"url":"https:\/\/dhg1h5j42swfq.cloudfront.net\/2024\/01\/05105216\/trf-5.jpg","type":"image\/jpeg"}],"author":"Coordena\u00e7\u00e3o","twitter_card":"summary_large_image","twitter_creator":"@EstratConcursos","twitter_site":"@EstratConcursos","twitter_misc":{"Escrito por":"Coordena\u00e7\u00e3o","Est. tempo de leitura":"6 minutos"},"schema":{"@context":"https:\/\/schema.org","@graph":[{"@type":"NewsArticle","@id":"https:\/\/www.estrategiaconcursos.com.br\/blog\/concurso-trf5\/#article","isPartOf":{"@id":"https:\/\/www.estrategiaconcursos.com.br\/blog\/concurso-trf5\/"},"author":{"name":"Coordena\u00e7\u00e3o","@id":"https:\/\/www.estrategiaconcursos.com.br\/blog\/#\/schema\/person\/b4a388c97673c5f483d72185668afa1f"},"headline":"Concurso TRF 5: veja os novos sal\u00e1rios para 2026!","datePublished":"2026-04-16T15:00:00+00:00","dateModified":"2026-04-16T16:23:15+00:00","mainEntityOfPage":{"@id":"https:\/\/www.estrategiaconcursos.com.br\/blog\/concurso-trf5\/"},"wordCount":5019,"commentCount":20,"publisher":{"@id":"https:\/\/www.estrategiaconcursos.com.br\/blog\/#organization"},"image":{"@id":"https:\/\/www.estrategiaconcursos.com.br\/blog\/concurso-trf5\/#primaryimage"},"thumbnailUrl":"https:\/\/dhg1h5j42swfq.cloudfront.net\/2024\/01\/05105216\/trf-5.jpg","articleSection":["Tribunais"],"inLanguage":"pt-BR","potentialAction":[{"@type":"CommentAction","name":"Comment","target":["https:\/\/www.estrategiaconcursos.com.br\/blog\/concurso-trf5\/#respond"]}],"copyrightYear":"2026","copyrightHolder":{"@id":"https:\/\/www.estrategiaconcursos.com.br\/blog\/#organization"}},{"@type":"WebPage","@id":"https:\/\/www.estrategiaconcursos.com.br\/blog\/concurso-trf5\/","url":"https:\/\/www.estrategiaconcursos.com.br\/blog\/concurso-trf5\/","name":"Concurso TRF 5: veja os novos sal\u00e1rios para 2026!","isPartOf":{"@id":"https:\/\/www.estrategiaconcursos.com.br\/blog\/#website"},"primaryImageOfPage":{"@id":"https:\/\/www.estrategiaconcursos.com.br\/blog\/concurso-trf5\/#primaryimage"},"image":{"@id":"https:\/\/www.estrategiaconcursos.com.br\/blog\/concurso-trf5\/#primaryimage"},"thumbnailUrl":"https:\/\/dhg1h5j42swfq.cloudfront.net\/2024\/01\/05105216\/trf-5.jpg","datePublished":"2026-04-16T15:00:00+00:00","dateModified":"2026-04-16T16:23:15+00:00","description":"Concurso TRF5: edital ofertou vagas para Analista e T\u00e9cnico com remunera\u00e7\u00e3o de at\u00e9 R$ 13, 9 mil. Resultado final republicado!","breadcrumb":{"@id":"https:\/\/www.estrategiaconcursos.com.br\/blog\/concurso-trf5\/#breadcrumb"},"inLanguage":"pt-BR","potentialAction":[{"@type":"ReadAction","target":["https:\/\/www.estrategiaconcursos.com.br\/blog\/concurso-trf5\/"]}]},{"@type":"ImageObject","inLanguage":"pt-BR","@id":"https:\/\/www.estrategiaconcursos.com.br\/blog\/concurso-trf5\/#primaryimage","url":"https:\/\/dhg1h5j42swfq.cloudfront.net\/2024\/01\/05105216\/trf-5.jpg","contentUrl":"https:\/\/dhg1h5j42swfq.cloudfront.net\/2024\/01\/05105216\/trf-5.jpg","width":768,"height":432,"caption":"concurso trf 5"},{"@type":"BreadcrumbList","@id":"https:\/\/www.estrategiaconcursos.com.br\/blog\/concurso-trf5\/#breadcrumb","itemListElement":[{"@type":"ListItem","position":1,"name":"In\u00edcio","item":"https:\/\/www.estrategiaconcursos.com.br\/blog\/"},{"@type":"ListItem","position":2,"name":"Concurso TRF 5: veja os novos sal\u00e1rios para 2026!"}]},{"@type":"WebSite","@id":"https:\/\/www.estrategiaconcursos.com.br\/blog\/#website","url":"https:\/\/www.estrategiaconcursos.com.br\/blog\/","name":"Estrat\u00e9gia Concursos","description":"O blog da Estrat\u00e9gia Concursos traz not\u00edcias sobre concursos e artigos de professores oferecendo cursos para concursos (pdf + videaulas) no site.","publisher":{"@id":"https:\/\/www.estrategiaconcursos.com.br\/blog\/#organization"},"potentialAction":[{"@type":"SearchAction","target":{"@type":"EntryPoint","urlTemplate":"https:\/\/www.estrategiaconcursos.com.br\/blog\/?s={search_term_string}"},"query-input":{"@type":"PropertyValueSpecification","valueRequired":true,"valueName":"search_term_string"}}],"inLanguage":"pt-BR"},{"@type":"Organization","@id":"https:\/\/www.estrategiaconcursos.com.br\/blog\/#organization","name":"Estrat\u00e9gia Concursos","url":"https:\/\/www.estrategiaconcursos.com.br\/blog\/","logo":{"@type":"ImageObject","inLanguage":"pt-BR","@id":"https:\/\/www.estrategiaconcursos.com.br\/blog\/#\/schema\/logo\/image\/","url":"https:\/\/dhg1h5j42swfq.cloudfront.net\/2025\/06\/03203428\/logo_concursos-1.jpg","contentUrl":"https:\/\/dhg1h5j42swfq.cloudfront.net\/2025\/06\/03203428\/logo_concursos-1.jpg","width":230,"height":60,"caption":"Estrat\u00e9gia Concursos"},"image":{"@id":"https:\/\/www.estrategiaconcursos.com.br\/blog\/#\/schema\/logo\/image\/"},"sameAs":["https:\/\/x.com\/EstratConcursos"]},{"@type":"Person","@id":"https:\/\/www.estrategiaconcursos.com.br\/blog\/#\/schema\/person\/b4a388c97673c5f483d72185668afa1f","name":"Coordena\u00e7\u00e3o","image":{"@type":"ImageObject","inLanguage":"pt-BR","@id":"https:\/\/secure.gravatar.com\/avatar\/b720319e4c9a967eb58678d110f4fe35452fc5d5f97b202bac7b8acceb18c6ad?s=96&d=mm&r=g","url":"https:\/\/secure.gravatar.com\/avatar\/b720319e4c9a967eb58678d110f4fe35452fc5d5f97b202bac7b8acceb18c6ad?s=96&d=mm&r=g","contentUrl":"https:\/\/secure.gravatar.com\/avatar\/b720319e4c9a967eb58678d110f4fe35452fc5d5f97b202bac7b8acceb18c6ad?s=96&d=mm&r=g","caption":"Coordena\u00e7\u00e3o"},"sameAs":["https:\/\/www.facebook.com\/EstrategiaConcursos","https:\/\/x.com\/EstratConcursos"],"url":"https:\/\/www.estrategiaconcursos.com.br\/blog\/author\/estrategia2013\/"}]}},"_links":{"self":[{"href":"https:\/\/www.estrategiaconcursos.com.br\/blog\/wp-json\/wp\/v2\/posts\/90172","targetHints":{"allow":["GET"]}}],"collection":[{"href":"https:\/\/www.estrategiaconcursos.com.br\/blog\/wp-json\/wp\/v2\/posts"}],"about":[{"href":"https:\/\/www.estrategiaconcursos.com.br\/blog\/wp-json\/wp\/v2\/types\/post"}],"author":[{"embeddable":true,"href":"https:\/\/www.estrategiaconcursos.com.br\/blog\/wp-json\/wp\/v2\/users\/1"}],"replies":[{"embeddable":true,"href":"https:\/\/www.estrategiaconcursos.com.br\/blog\/wp-json\/wp\/v2\/comments?post=90172"}],"version-history":[{"count":148,"href":"https:\/\/www.estrategiaconcursos.com.br\/blog\/wp-json\/wp\/v2\/posts\/90172\/revisions"}],"predecessor-version":[{"id":1754609,"href":"https:\/\/www.estrategiaconcursos.com.br\/blog\/wp-json\/wp\/v2\/posts\/90172\/revisions\/1754609"}],"wp:featuredmedia":[{"embeddable":true,"href":"https:\/\/www.estrategiaconcursos.com.br\/blog\/wp-json\/wp\/v2\/media\/1347075"}],"wp:attachment":[{"href":"https:\/\/www.estrategiaconcursos.com.br\/blog\/wp-json\/wp\/v2\/media?parent=90172"}],"wp:term":[{"taxonomy":"category","embeddable":true,"href":"https:\/\/www.estrategiaconcursos.com.br\/blog\/wp-json\/wp\/v2\/categories?post=90172"},{"taxonomy":"post_tag","embeddable":true,"href":"https:\/\/www.estrategiaconcursos.com.br\/blog\/wp-json\/wp\/v2\/tags?post=90172"},{"taxonomy":"tax_estado","embeddable":true,"href":"https:\/\/www.estrategiaconcursos.com.br\/blog\/wp-json\/wp\/v2\/tax_estado?post=90172"}],"curies":[{"name":"wp","href":"https:\/\/api.w.org\/{rel}","templated":true}]}}