{"id":90134,"date":"2017-09-24T21:42:39","date_gmt":"2017-09-25T00:42:39","guid":{"rendered":"https:\/\/www.estrategiaconcursos.com.br\/blog\/?p=90134"},"modified":"2017-09-24T21:43:26","modified_gmt":"2017-09-25T00:43:26","slug":"gabarito-extraoficial-direito-constitucional-tj-mg-oficial-judiciario-comissario-da-infancia-e-da-juventude","status":"publish","type":"post","link":"https:\/\/www.estrategiaconcursos.com.br\/blog\/gabarito-extraoficial-direito-constitucional-tj-mg-oficial-judiciario-comissario-da-infancia-e-da-juventude\/","title":{"rendered":"Gabarito Extraoficial &#8211; Direito Constitucional TJ-MG &#8211; Oficial Judici\u00e1rio (Comiss\u00e1rio da Inf\u00e2ncia e da Juventude)"},"content":{"rendered":"<p>Ol\u00e1, pessoal! Tudo bem?<\/p>\n<p>Nesse domingo, foi realizada a prova do TJ-MG.<\/p>\n<p>Abaixo, comento as quest\u00f5es de Direito Constitucional do cargo de Oficial Judici\u00e1rio (Comiss\u00e1rio da Inf\u00e2ncia e da Juventude).<\/p>\n<p>Abra\u00e7os,<\/p>\n<p>Ricardo Vale<\/p>\n<p><em><strong>&#8220;O segredo do sucesso \u00e9 a const\u00e2ncia no objetivo&#8221;<\/strong><\/em><\/p>\n<p>P.S: Sigam-me no Instagram e acompanhem meu Projeto de 100 Dicas.<\/p>\n<p><a href=\"https:\/\/www.instagram.com\/profricardovale\/\">https:\/\/www.instagram.com\/profricardovale<\/a><\/p>\n<p>&nbsp;<\/p>\n<p><strong>42 &#8211; (CONSULPLAN \/ TJ-MG \u2013 2017) A respeito das normas dispostas na Constitui\u00e7\u00e3o Estadual de Minas Gerais, assinale a afirmativa INCORRETA:<\/strong><\/p>\n<p>a) As custas e os emolumentos ser\u00e3o destinados exclusivamente ao custeio dos servi\u00e7os afetos \u00e0s atividades espec\u00edficas da Justi\u00e7a.<\/p>\n<p>b) Os servidores receber\u00e3o delega\u00e7\u00e3o para a pr\u00e1tica de atos de administra\u00e7\u00e3o e atos de mero expediente sem car\u00e1ter decis\u00f3rio.<\/p>\n<p>c) \u00c9 est\u00e1vel, ap\u00f3s dois anos de efetivo exerc\u00edcio, o servidor p\u00fablico nomeado para cargo de provimento efetivo em virtude de concurso p\u00fablico.<\/p>\n<p>d) \u00c9 obrigat\u00f3ria a avalia\u00e7\u00e3o especial de desempenho por comiss\u00e3o institu\u00edda para essa finalidade, para aquisi\u00e7\u00e3o de estabilidade, pelo servidor.<\/p>\n<p><strong>Coment\u00e1rios:<\/strong><\/p>\n<p>Letra A: correta. Segundo o art. 97, \u00a7 2\u00ba, CE\/MG, as custas e os emolumentos ser\u00e3o destinados exclusivamente ao custeio dos servi\u00e7os afetos \u00e0s atividades espec\u00edficas da Justi\u00e7a.<\/p>\n<p>Letra B: correta. Segundo o art. 98, XV, CE\/MG, os servidores receber\u00e3o delega\u00e7\u00e3o para a pr\u00e1tica de atos de administra\u00e7\u00e3o e atos de mero expediente sem car\u00e1ter decis\u00f3rio.<\/p>\n<p>Letra C: errada. A estabilidade \u00e9 obtida <strong><em>ap\u00f3s 3 (tr\u00eas) anos<\/em><\/strong> de efetivo exerc\u00edcio.<\/p>\n<p>Letra D: correta. A aquisi\u00e7\u00e3o de estabilidade exige avalia\u00e7\u00e3o especial de desempenho por comiss\u00e3o institu\u00edda com essa finalidade.<\/p>\n<p>O gabarito \u00e9 a letra C.<\/p>\n<p><strong>43 &#8211; (CONSULPLAN \/ TJ-MG \u2013 2017) A Constitui\u00e7\u00e3o Federal de 1988 disp\u00f5e que a vitaliciedade e a inamovibilidade s\u00e3o garantias:<\/strong><\/p>\n<p>a) de todos os servidores p\u00fablicos<\/p>\n<p>b) apenas dos servidores do Poder Judici\u00e1rio.<\/p>\n<p>c) dos policiais civis e militares.<\/p>\n<p>d) dos ju\u00edzes e promotores.<\/p>\n<p><strong>Coment\u00e1rios:<\/strong><\/p>\n<p>A vitaliciedade e a inamovibilidade s\u00e3o garantias funcionais dos ju\u00edzes e dos membros do Minist\u00e9rio P\u00fablico. O gabarito \u00e9 a letra D.<\/p>\n<p><strong>44 &#8211; (CONSULPLAN \/ TJ-MG \u2013 2017) Considere as seguintes assertivas:<\/strong><\/p>\n<p><strong>I) <\/strong>\u00c9 dever da fam\u00edlia, da sociedade e do Estado assegurar \u00e0 crian\u00e7a, ao adolescente e ao jovem, com absoluta prioridade, o direito \u00e0 vida, \u00e0 sa\u00fade, \u00e0 alimenta\u00e7\u00e3o, \u00e0 educa\u00e7\u00e3o, ao lazer, \u00e0 profissionaliza\u00e7\u00e3o, \u00e0 cultura, \u00e0 dignidade, ao respeito, \u00e0 liberdade e \u00e0 conviv\u00eancia familiar e comunit\u00e1ria, al\u00e9m de coloc\u00e1-los a salvo de toda forma de neglig\u00eancia, discrimina\u00e7\u00e3o, explora\u00e7\u00e3o, viol\u00eancia, crueldade e opress\u00e3o.<\/p>\n<p><strong>II) <\/strong>S\u00e3o prote\u00e7\u00f5es especiais constitucionais \u00e0 crian\u00e7a, ao adolescente e ao jovem, dentre outras, idade m\u00ednima de quatorze anos para admiss\u00e3o ao trabalho, observado o disposto no art. 7\u00ba, XXXIII, e a garantia de pleno e formal conhecimento da atribui\u00e7\u00e3o de ato infracional, igualdade na rela\u00e7\u00e3o processual e defesa t\u00e9cnica por profissional habilitado, segundo dispuser a legisla\u00e7\u00e3o tutelar espec\u00edfica.<\/p>\n<p><strong>III) <\/strong>Aos maiores de sessenta anos \u00e9 garantida a gratuidade dos transportes coletivos urbanos.<\/p>\n<p><strong>\u00c0 luz das disposi\u00e7\u00f5es da Constitui\u00e7\u00e3o Federal, est\u00e3o corretas:<\/strong><\/p>\n<p>a) As afirmativas I e III, apenas.<\/p>\n<p>b) As afirmativas I e II, apenas.<\/p>\n<p>c) As afirmativas II e III, apenas.<\/p>\n<p>d) Todas as afirmativas.<\/p>\n<p><strong>Coment\u00e1rios: <\/strong><\/p>\n<p>A <strong><em>primeira assertiva<\/em><\/strong> est\u00e1 correta. \u00c9 exatamente o que prev\u00ea o art. 227, CF\/88:<\/p>\n<p><strong><em>Art. 227.<\/em><\/strong><em> \u00c9 dever da fam\u00edlia, da sociedade e do Estado assegurar \u00e0 crian\u00e7a, ao adolescente e ao jovem, com absoluta prioridade, o direito \u00e0 vida, \u00e0 sa\u00fade, \u00e0 alimenta\u00e7\u00e3o, \u00e0 educa\u00e7\u00e3o, ao lazer, \u00e0 profissionaliza\u00e7\u00e3o, \u00e0 cultura, \u00e0 dignidade, ao respeito, \u00e0 liberdade e \u00e0 conviv\u00eancia familiar e comunit\u00e1ria, al\u00e9m de coloc\u00e1-los a salvo de toda forma de neglig\u00eancia, discrimina\u00e7\u00e3o, explora\u00e7\u00e3o, viol\u00eancia, crueldade e opress\u00e3o.<\/em><\/p>\n<p>A <strong><em>segunda assertiva<\/em><\/strong> est\u00e1 correta. A abrang\u00eancia do direito \u00e0 prote\u00e7\u00e3o especial \u00e9 regulada pelo art. 227, \u00a7 3\u00ba, CF\/88:<\/p>\n<p><strong><em>Art. 227 (&#8230;)<\/em><\/strong><\/p>\n<p><strong><em>\u00a7 3\u00ba<\/em><\/strong><em> O direito a prote\u00e7\u00e3o especial abranger\u00e1 os seguintes aspectos:<\/em><\/p>\n<p><strong><em>I &#8211;<\/em><\/strong><em> <u>idade m\u00ednima de quatorze anos para admiss\u00e3o ao trabalho, observado o disposto no art. 7\u00ba, XXXIII<\/u>;<\/em><\/p>\n<p><strong><em>II &#8211;<\/em><\/strong><em> garantia de direitos previdenci\u00e1rios e trabalhistas;<\/em><\/p>\n<p><strong><em>III &#8211;<\/em><\/strong><em> garantia de acesso do trabalhador adolescente e jovem \u00e0 escola;\u00a0 <\/em><\/p>\n<p><strong><em>IV &#8211;<\/em><\/strong><em> <u>garantia de pleno e formal conhecimento da atribui\u00e7\u00e3o de ato infracional, igualdade na rela\u00e7\u00e3o processual e defesa t\u00e9cnica por profissional habilitado, segundo dispuser a legisla\u00e7\u00e3o tutelar espec\u00edfica<\/u>;<\/em><\/p>\n<p><strong><em>V &#8211;<\/em><\/strong><em> obedi\u00eancia aos princ\u00edpios de brevidade, excepcionalidade e respeito \u00e0 condi\u00e7\u00e3o peculiar de pessoa em desenvolvimento, quando da aplica\u00e7\u00e3o de qualquer medida privativa da liberdade;<\/em><\/p>\n<p><strong><em>VI &#8211;<\/em><\/strong><em> est\u00edmulo do Poder P\u00fablico, atrav\u00e9s de assist\u00eancia jur\u00eddica, incentivos fiscais e subs\u00eddios, nos termos da lei, ao acolhimento, sob a forma de guarda, de crian\u00e7a ou adolescente \u00f3rf\u00e3o ou abandonado;<\/em><\/p>\n<p><strong><em>VII &#8211;<\/em><\/strong><em> programas de preven\u00e7\u00e3o e atendimento especializado \u00e0 crian\u00e7a, ao adolescente e ao jovem dependente de entorpecentes e drogas afins<\/em>.<\/p>\n<p>A <strong><em>terceira assertiva<\/em><\/strong> est\u00e1 errada. A gratuidade dos transportes coletivos urbanos \u00e9 garantida aos <u>maiores de 65 (sessenta e cinco) anos<\/u>.<\/p>\n<p>O gabarito \u00e9 a letra B.<\/p>\n<p><strong>45-(CONSULPLAN \/ TJ-MG \u2013 2017) Considerando o previsto na Constitui\u00e7\u00e3o Federal, assinale a alternativa INCORRETA:<\/strong><\/p>\n<p>a) A casa \u00e9 asilo inviol\u00e1vel do indiv\u00edduo, ningu\u00e9m nela podendo penetrar sem consentimento do morador, salvo em caso de flagrante delito ou desastre, ou para prestar socorro, ou, durante a noite, por determina\u00e7\u00e3o judicial.<\/p>\n<p>b) A obten\u00e7\u00e3o de certid\u00f5es em reparti\u00e7\u00f5es p\u00fablicas, para defesa de direitos e esclarecimento de situa\u00e7\u00f5es de interesse pessoal, \u00e9 assegurada a todos, independentemente do pagamento de taxas.<\/p>\n<p>c) O direito de greve ser\u00e1 exercido nos termos e nos limites definidos em lei espec\u00edfica.<\/p>\n<p>d) O prazo de validade do concurso p\u00fablico ser\u00e1 de at\u00e9 dois anos, prorrog\u00e1vel uma vez, por igual per\u00edodo.<\/p>\n<p><strong>Coment\u00e1rios:<\/strong><\/p>\n<p>Letra A: errada. Pegadinha! Com ordem judicial, s\u00f3 \u00e9 poss\u00edvel a entrada na casa do morador <strong><em>durante o dia<\/em><\/strong>.<\/p>\n<p>Letra B: correta. O direito \u00e0 obten\u00e7\u00e3o de certid\u00f5es <strong><em>independe<\/em><\/strong> do pagamento de taxas.<\/p>\n<p>Letra C: correta. O direito de greve dos servidores p\u00fablicos ser\u00e1 exercido nos termos e limites definidos em lei espec\u00edfica (art. 37, VII, CF\/88).<\/p>\n<p>Letra D: correta. O prazo de validade do concurso p\u00fablico \u00e9 de <strong><em>at\u00e9 2 (dois) anos<\/em><\/strong>, prorrog\u00e1vel uma vez por igual per\u00edodo.<\/p>\n<p>O gabarito \u00e9 a letra A.<\/p>\n<p><strong>(&#8230;)<\/strong><\/p>\n<p><strong>57 &#8211; (CONSULPLAN \/ TJ-MG \u2013 2017) Com rela\u00e7\u00e3o ao Supremo Tribunal Federal, n\u00e3o \u00e9 correto afirmar que:<\/strong><\/p>\n<p>a) comp\u00f5e-se de 11 Ministros.<\/p>\n<p>b) os ministros ser\u00e3o nomeados pelo Presidente da Rep\u00fablica, depois de aprovada a escolha pela maioria absoluta do Senado Federal.<\/p>\n<p>c) os ministros ser\u00e3o escolhidos dentre cidad\u00e3os com mais de 30 (trinta) e menos de 65 (sessenta e cinco) anos.<\/p>\n<p>d) julga, em recurso ordin\u00e1rio, o crime pol\u00edtico.<\/p>\n<p><strong>Coment\u00e1rios:<\/strong><\/p>\n<p>Letra A: correta. De fato, o STF comp\u00f5e-se de 11 Ministros (art. 101, \u201ccaput\u201d, CF).<\/p>\n<p>Letra B: correta. \u00c9 o que prev\u00ea o par\u00e1grafo \u00fanico do art. 101 da CF\/88. Os Ministros do STF s\u00e3o nomeados pelo Presidente da Rep\u00fablica, ap\u00f3s aprova\u00e7\u00e3o por maioria absoluta do Senado Federal.<\/p>\n<p>Letra C: errada. Os Ministros do STF ser\u00e3o escolhidos dentre cidad\u00e3os com mais de <strong><em>trinta e cinco<\/em><\/strong> e menos de sessenta e cinco anos de idade, de not\u00e1vel saber jur\u00eddico e reputa\u00e7\u00e3o ilibada (art. 101, \u201ccaput\u201d, CF).<\/p>\n<p>Letra D: correta. \u00c9 o que determina o art. 102, II, \u201cb\u201d, da CF\/88. O STF tem compet\u00eancia para processar e julgar, em recurso ordin\u00e1rio, o crime pol\u00edtico.<\/p>\n<p>O gabarito \u00e9 a letra C.<\/p>\n<p><strong>58 &#8211; (CONSULPLAN \/ TJ-MG \u2013 2017) A pol\u00edtica de pessoal insculpida na Constitui\u00e7\u00e3o Mineira possui uma s\u00e9rie de regras. A esse respeito, assinale a alternativa correta.<\/strong><\/p>\n<p>a) Sistema do m\u00e9rito subjetivamente apurado para ingresso no servi\u00e7o e desenvolvimento da carreira.<\/p>\n<p>b) Para o provimento de cargo de natureza t\u00e9cnica, exigir-se-\u00e1 a respectiva habilita\u00e7\u00e3o profissional.<br \/>\nc) O servidor que por acidente ou doen\u00e7a, tornar-se inapto para exercer as atribui\u00e7\u00f5es espec\u00edficas de seu cargo, n\u00e3o ter\u00e1 assegurados os direitos e vantagens a ele inerentes.<\/p>\n<p>d) A complexidade e a responsabilidade das tarefas n\u00e3o influenciam na remunera\u00e7\u00e3o do servidor.<\/p>\n<p><strong>Coment\u00e1rios:<\/strong><\/p>\n<p>Letra A: errada. Segundo o art. 30, \u00a7 1<sup>o<\/sup>, IV, da CE\/MG, uma da diretrizes da pol\u00edtica de pessoal \u00e9 o sistema do m\u00e9rito <strong><em>objetivamente<\/em><\/strong> apurado para ingresso no servi\u00e7o e desenvolvimento na carreira.<\/p>\n<p>Letra B: correta. \u00c9 o que prev\u00ea o \u00a7 3<sup>o<\/sup> do art. 30 da CE\/MG.<\/p>\n<p>Letra C: errada. O \u00a7 2<sup>o<\/sup> do art. 30 da Constitui\u00e7\u00e3o do Estado de Minas Gerais assegura que ao servidor p\u00fablico que, por acidente ou doen\u00e7a, tornar-se inapto para exercer as atribui\u00e7\u00f5es espec\u00edficas de seu cargo, <strong><em>ser\u00e3o assegurados <\/em><\/strong>os direitos e vantagens a ele inerentes, at\u00e9 seu definitivo aproveitamento em outro cargo.<\/p>\n<p>Letra D: errada. A remunera\u00e7\u00e3o do servidor dever\u00e1 ser compat\u00edvel com a complexidade e a responsabilidade das tarefas e com a escolaridade exigida para seu desempenho (art. 30, \u00a7 1<sup>o<\/sup>, V, CE\/MG).<\/p>\n<p>O gabarito \u00e9 a letra B.<\/p>\n<p><strong>59 &#8211; (CONSULPLAN \/ TJ-MG \u2013 2017) S\u00e3o \u00f3rg\u00e3os do poder judici\u00e1rio mineiro, EXCETO:<\/strong><\/p>\n<p>a) Ju\u00edzes de Direito.<\/p>\n<p>b) Juizados Especiais.<\/p>\n<p>c) Tribunais do J\u00fari.<\/p>\n<p>d) Tribunais de Al\u00e7ada.<\/p>\n<p><strong>Coment\u00e1rios:<\/strong><\/p>\n<p>O art. 96 da CE\/MG prev\u00ea que s\u00e3o \u00f3rg\u00e3os do Poder Judici\u00e1rio do Estado:<\/p>\n<p><strong><em>I<\/em><\/strong><em> &#8211; o Tribunal de Justi\u00e7a;<\/em><\/p>\n<p><strong><em>II<\/em><\/strong><em> \u2013 (Revogado);<\/em><\/p>\n<p><strong><em>III<\/em><\/strong><em> &#8211; o Tribunal e os Conselhos de Justi\u00e7a Militar;<\/em><\/p>\n<p><strong><em>IV<\/em><\/strong><em> &#8211; os Tribunais do J\u00fari;<\/em><\/p>\n<p><strong><em>V<\/em><\/strong><em> &#8211; os Ju\u00edzes de Direito;<\/em><\/p>\n<p><strong><em>VI<\/em><\/strong><em> &#8211; os Juizados Especiais.<\/em><\/p>\n<p>Os Tribunais de Al\u00e7ada foram extintos pela EC n\u00ba 45\/2004.<\/p>\n<p>O gabarito \u00e9 a letra D.<\/p>\n<p><strong>60 &#8211; (CONSULPLAN \/ TJ-MG \u2013 2017) S\u00e3o todas garantias do magistrado, EXCETO:<\/strong><\/p>\n<p>a) Vitaliciedade.<\/p>\n<p>b) Irredutibilidade do vencimento.<\/p>\n<p>c) Inamovibilidade.<\/p>\n<p>d) Exercer a advocacia imediatamente ap\u00f3s o afastamento do cargo.<\/p>\n<p><strong>Coment\u00e1rios:<\/strong><\/p>\n<p>O art. 95 da CF\/88 prev\u00ea que os ju\u00edzes gozam das seguintes garantias<\/p>\n<p><em>I &#8211; <strong>vitaliciedade<\/strong>, que, no primeiro grau, s\u00f3 ser\u00e1 adquirida ap\u00f3s dois anos de exerc\u00edcio, dependendo a perda do cargo, nesse per\u00edodo, de delibera\u00e7\u00e3o do tribunal a que o juiz estiver vinculado, e, nos demais casos, de senten\u00e7a judicial transitada em julgado;<\/em><\/p>\n<p><em>II &#8211; <strong>inamovibilidade<\/strong>, salvo por motivo de interesse p\u00fablico, na forma do art. 93, VIII;<\/em><\/p>\n<p><em>III <strong>&#8211; irredutibilidade de subs\u00eddio<\/strong>, ressalvado o disposto nos arts. 37, X e XI, 39, \u00a7 4\u00ba, 150, II, 153, III, e 153, \u00a7 2\u00ba, I.<\/em><\/p>\n<p>O par\u00e1grafo \u00fanico, V, do mesmo dispositivo, veda aos ju\u00edzes exercer a advocacia no ju\u00edzo ou tribunal do qual se afastou, <strong><em>antes de decorridos tr\u00eas anos do afastamento do cargo por aposentadoria ou exonera\u00e7\u00e3o<\/em><\/strong>.<\/p>\n<p>O gabarito \u00e9 a letra D.<\/p>\n<p><strong>61 &#8211; (CONSULPLAN \/ TJ-MG \u2013 2017) S\u00e3o \u00f3rg\u00e3os do poder judici\u00e1rio, EXCETO:<\/strong><\/p>\n<p>a) o Conselho Nacional de Justi\u00e7a.<\/p>\n<p>b) Os tribunais e ju\u00edzes militares.<\/p>\n<p>c) Os tribunais de contas.<\/p>\n<p>d) O Superior Tribunal de Justi\u00e7a.<\/p>\n<p><strong>Coment\u00e1rios:<\/strong><\/p>\n<p>Segundo o art. 92 da CF\/88, s\u00e3o \u00f3rg\u00e3os do Poder Judici\u00e1rio:<\/p>\n<p><em>I &#8211; o Supremo Tribunal Federal;<\/em><\/p>\n<p><em>I-A o Conselho Nacional de Justi\u00e7a;<\/em><\/p>\n<p><em>II &#8211; o Superior Tribunal de Justi\u00e7a;<\/em><\/p>\n<p><em>II-A &#8211; o Tribunal Superior do Trabalho;<\/em><\/p>\n<p><em>III &#8211; os Tribunais Regionais Federais e Ju\u00edzes Federais;<\/em><\/p>\n<p><em>IV &#8211; os Tribunais e Ju\u00edzes do Trabalho;<\/em><\/p>\n<p><em>V &#8211; os Tribunais e Ju\u00edzes Eleitorais;<\/em><\/p>\n<p><em>VI &#8211; os Tribunais e Ju\u00edzes Militares;<\/em><\/p>\n<p><em>VII &#8211; os Tribunais e Ju\u00edzes dos Estados e do Distrito Federal e Territ\u00f3rios.<\/em><\/p>\n<p>O gabarito \u00e9 a letra C.<\/p>\n<p><strong>62 &#8211; (CONSULPLAN \/ TJ-MG \u2013 2017) O Estado tem o dever de assegurar \u00e0 crian\u00e7a e ao adolescente:<\/strong><\/p>\n<p>a) Proibi\u00e7\u00e3o do ensino noturno regular.<\/p>\n<p>b) Atendimento em creche e pr\u00e9-escola \u00e0s crian\u00e7as de 0 a 5 anos.<\/p>\n<p>c) Atendimento educacional especializado aos portadores de defici\u00eancia, preferencialmente em rede espec\u00edfica de ensino.<\/p>\n<p>d) Acesso aos n\u00edveis mais elevados do ensino, da pesquisa e da cria\u00e7\u00e3o art\u00edstica, segundo a capacidade de cada um.<\/p>\n<p><strong>Coment\u00e1rios:<\/strong><\/p>\n<p>Letra A: errada. O art. 208, VI, CF\/88, prev\u00ea a <strong><em>oferta de ensino noturno regular<\/em><\/strong>, adequado \u00e0s condi\u00e7\u00f5es do educando.<\/p>\n<p>Letra B: correta. A CF\/88 garante a educa\u00e7\u00e3o infantil, em creches e pr\u00e9-escolas, \u00e0s crian\u00e7as <strong><em>at\u00e9 5 anos de idade<\/em><\/strong>.<\/p>\n<p>Letra C: errada. \u00c9 garantido o atendimento educacional especializado aos portadores de defici\u00eancia, preferencialmente na <strong><em>rede regular de ensino<\/em><\/strong> (art. 208, III, CF\/88).<\/p>\n<p>Letra D: errada. O acesso aos n\u00edveis mais elevados do ensino, da pesquisa e da cria\u00e7\u00e3o art\u00edstica \u00e9 garantido na CF\/88 (art. 208, V). No entanto, <strong><em>n\u00e3o se trata <\/em><\/strong>de um direito <u>atribu\u00eddo \u00e0s crian\u00e7as e aos adolescentes<\/u>.<\/p>\n<p>O gabarito \u00e9 a letra B.<\/p>\n<p><strong>63 &#8211; (CONSULPLAN \/ TJ-MG \u2013 2017) Conforme cap\u00edtulo VII, da Constitui\u00e7\u00e3o Federal\/1988 (Da fam\u00edlia, da crian\u00e7a, do adolescente, do jovem e do idoso), N\u00c3O \u00e9 correto afirmar:<\/strong><\/p>\n<p>a) A fam\u00edlia \u00e9 a base da sociedade.<\/p>\n<p>b) A celebra\u00e7\u00e3o do casamento civil \u00e9 gratuita.<\/p>\n<p>c) O casamento religioso n\u00e3o tem efeito civil.<\/p>\n<p>d) Para efeito da prote\u00e7\u00e3o do Estado, \u00e9 reconhecida a uni\u00e3o est\u00e1vel entre o homem e a mulher como entidade familiar.<\/p>\n<p><strong>Coment\u00e1rios:<\/strong><\/p>\n<p>Letra A: correta. A fam\u00edlia, base da sociedade, tem especial prote\u00e7\u00e3o do Estado (art. 226, <em>caput<\/em>).<\/p>\n<p>Letra B: correta. O casamento \u00e9 civil e gratuita a celebra\u00e7\u00e3o (art. 226, \u00a7 1\u00ba).<\/p>\n<p>Letra C: errada. O casamento religioso tem, sim, efeito civil (art. 226, \u00a7 2\u00ba).<\/p>\n<p>Letra D: correta. \u00c9 reconhecida como entidade familiar a uni\u00e3o est\u00e1vel entre homem e mulher (art. 226, \u00a7 3\u00ba).<\/p>\n<p>O gabarito \u00e9 a letra C.<\/p>\n<p><strong>64 &#8211; (CONSULPLAN \/ TJ-MG \u2013 2017) De acordo com a Constitui\u00e7\u00e3o federal\/1988, os menores t\u00eam uma s\u00e9rie de direitos garantidos, EXCETO:<\/strong><\/p>\n<p>a) Os menores de 18 (dezoito) anos s\u00e3o penalmente imput\u00e1veis.<\/p>\n<p>b) Os pais tem o dever de assistir, criar e educar.<\/p>\n<p>c) Os menores de 18 (dezoito) anos est\u00e3o sujeitos \u00e0s normas da legisla\u00e7\u00e3o especial.<\/p>\n<p>d) Os filhos havidos ou n\u00e3o na rela\u00e7\u00e3o do casamento tem os mesmos direitos e qualifica\u00e7\u00f5es.<\/p>\n<p><strong>Coment\u00e1rios:<\/strong><\/p>\n<p>Letra A: errada. Segundo o art. 228, CF\/88, s\u00e3o penalmente <strong><em>inimput\u00e1veis<\/em><\/strong> os menores de 18 anos.<\/p>\n<p>Letra B: correta. Os pais t\u00eam o dever de assistir, criar e educar os filhos menores, e os filhos maiores t\u00eam o dever de ajudar e amparar os pais na velhice, car\u00eancia ou enfermidade (art. 229, CF\/88).<\/p>\n<p>Letra C: correta. O art. 228, CF\/88, prev\u00ea que \u201c<em>s\u00e3o penalmente inimput\u00e1veis os menores de dezoito anos, <u>sujeitos \u00e0s normas da legisla\u00e7\u00e3o especial<\/u><\/em>\u201d.<\/p>\n<p>Letra D: correta. \u00a0Os filhos, havidos ou n\u00e3o da rela\u00e7\u00e3o do casamento, ou por ado\u00e7\u00e3o, ter\u00e3o os <strong><em>mesmos direitos e qualifica\u00e7\u00f5es<\/em><\/strong>, proibidas quaisquer designa\u00e7\u00f5es discriminat\u00f3rias relativas \u00e0 filia\u00e7\u00e3o (art. 227, \u00a7 6\u00ba).<\/p>\n<p>O gabarito \u00e9 a letra A.<\/p>\n<p><strong>65 &#8211; (CONSULPLAN \/ TJ-MG \u2013 2017) Quanto ao Congresso Nacional, \u00e9 correto afirmar que:<\/strong><\/p>\n<p>a) salvo disposi\u00e7\u00e3o constitucional em contr\u00e1rio, as delibera\u00e7\u00f5es de cada casa e de suas comiss\u00f5es ser\u00e3o tomadas por maioria absoluta dos votos, presente a maioria simples de seus membros.<\/p>\n<p>b) o Senado Federal comp\u00f5e-se de representantes dos Estados, Munic\u00edpios e do Distrito Federal.<\/p>\n<p>c) cada territ\u00f3rio eleger\u00e1 4 (quatro) deputados.<\/p>\n<p>d) cada senador ser\u00e1 eleito com 3 (tr\u00eas) suplentes.<\/p>\n<p><strong>Coment\u00e1rios:<\/strong><\/p>\n<p>Letra A: errada. As delibera\u00e7\u00f5es das Casas Legislativas ser\u00e3o tomadas por <strong><em>maioria dos votos<\/em><\/strong>, <strong><em>presente a maioria absoluta<\/em><\/strong> dos membros.<\/p>\n<p>Letra B: errada. O Senado Federal comp\u00f5e-se de representantes dos <strong><em>Estados e do Distrito Federal<\/em><\/strong>.<\/p>\n<p>Letra C: correta. \u00c9 isso mesmo. Segundo o art. 45, \u00a7 2\u00ba, CF\/88, cada Territ\u00f3rio eleger\u00e1 <strong><em>4 (quatro) Deputados Federais<\/em><\/strong>.<\/p>\n<p>Letra D: errada. Cada Senador ser\u00e1 eleito com <strong><em>2 (dois) suplentes<\/em><\/strong> (art. 46, \u00a7 3\u00ba, CF\/88).<\/p>\n<p>O gabarito \u00e9 a letra C.<\/p>\n","protected":false},"excerpt":{"rendered":"<p>Ol\u00e1, pessoal! Tudo bem? Nesse domingo, foi realizada a prova do TJ-MG. Abaixo, comento as quest\u00f5es de Direito Constitucional do cargo de Oficial Judici\u00e1rio (Comiss\u00e1rio da Inf\u00e2ncia e da Juventude). Abra\u00e7os, Ricardo Vale &#8220;O segredo do sucesso \u00e9 a const\u00e2ncia no objetivo&#8221; P.S: Sigam-me no Instagram e acompanhem meu Projeto de 100 Dicas. https:\/\/www.instagram.com\/profricardovale &nbsp; [&hellip;]<\/p>\n","protected":false},"author":26,"featured_media":0,"comment_status":"open","ping_status":"open","sticky":false,"template":"","format":"standard","meta":{"post_tipo":"article","footnotes":""},"categories":[1],"tags":[],"tax_estado":[],"class_list":["post-90134","post","type-post","status-publish","format-standard","hentry","category-cursos-e-concursos"],"acf":[],"yoast_head":"<!-- This site is optimized with the Yoast SEO Premium plugin v27.2 (Yoast SEO v27.2) - https:\/\/yoast.com\/product\/yoast-seo-premium-wordpress\/ -->\n<title>Gabarito Extraoficial - Direito Constitucional TJ-MG - Oficial Judici\u00e1rio (Comiss\u00e1rio da Inf\u00e2ncia e da Juventude)<\/title>\n<meta name=\"robots\" content=\"index, follow, max-snippet:-1, max-image-preview:large, max-video-preview:-1\" \/>\n<link rel=\"canonical\" href=\"https:\/\/www.estrategiaconcursos.com.br\/blog\/gabarito-extraoficial-direito-constitucional-tj-mg-oficial-judiciario-comissario-da-infancia-e-da-juventude\/\" \/>\n<meta property=\"og:locale\" content=\"pt_BR\" \/>\n<meta property=\"og:type\" content=\"article\" \/>\n<meta property=\"og:title\" content=\"Gabarito Extraoficial - Direito Constitucional TJ-MG - Oficial Judici\u00e1rio (Comiss\u00e1rio da Inf\u00e2ncia e da Juventude)\" \/>\n<meta property=\"og:description\" content=\"Ol\u00e1, pessoal! Tudo bem? Nesse domingo, foi realizada a prova do TJ-MG. Abaixo, comento as quest\u00f5es de Direito Constitucional do cargo de Oficial Judici\u00e1rio (Comiss\u00e1rio da Inf\u00e2ncia e da Juventude). Abra\u00e7os, Ricardo Vale &#8220;O segredo do sucesso \u00e9 a const\u00e2ncia no objetivo&#8221; P.S: Sigam-me no Instagram e acompanhem meu Projeto de 100 Dicas. https:\/\/www.instagram.com\/profricardovale &nbsp; [&hellip;]\" \/>\n<meta property=\"og:url\" content=\"https:\/\/www.estrategiaconcursos.com.br\/blog\/gabarito-extraoficial-direito-constitucional-tj-mg-oficial-judiciario-comissario-da-infancia-e-da-juventude\/\" \/>\n<meta property=\"og:site_name\" content=\"Estrat\u00e9gia Concursos\" \/>\n<meta property=\"article:author\" content=\"https:\/\/www.facebook.com\/rvale01\" \/>\n<meta property=\"article:published_time\" content=\"2017-09-25T00:42:39+00:00\" \/>\n<meta property=\"article:modified_time\" content=\"2017-09-25T00:43:26+00:00\" \/>\n<meta name=\"author\" content=\"Ricardo Vale\" \/>\n<meta name=\"twitter:card\" content=\"summary_large_image\" \/>\n<meta name=\"twitter:creator\" content=\"@https:\/\/twitter.com\/EstratConcursos\" \/>\n<meta name=\"twitter:site\" content=\"@EstratConcursos\" \/>\n<meta name=\"twitter:label1\" content=\"Escrito por\" \/>\n\t<meta name=\"twitter:data1\" content=\"Ricardo Vale\" \/>\n\t<meta name=\"twitter:label2\" content=\"Est. tempo de leitura\" \/>\n\t<meta name=\"twitter:data2\" content=\"13 minutos\" \/>\n<script type=\"application\/ld+json\" class=\"yoast-schema-graph\">{\"@context\":\"https:\/\/schema.org\",\"@graph\":[{\"@type\":\"NewsArticle\",\"@id\":\"https:\/\/www.estrategiaconcursos.com.br\/blog\/gabarito-extraoficial-direito-constitucional-tj-mg-oficial-judiciario-comissario-da-infancia-e-da-juventude\/#article\",\"isPartOf\":{\"@id\":\"https:\/\/www.estrategiaconcursos.com.br\/blog\/gabarito-extraoficial-direito-constitucional-tj-mg-oficial-judiciario-comissario-da-infancia-e-da-juventude\/\"},\"author\":{\"name\":\"Ricardo Vale\",\"@id\":\"https:\/\/www.estrategiaconcursos.com.br\/blog\/#\/schema\/person\/c32e47dba2159cafe7796a9569a6ff7e\"},\"headline\":\"Gabarito Extraoficial &#8211; Direito Constitucional TJ-MG &#8211; Oficial Judici\u00e1rio (Comiss\u00e1rio da Inf\u00e2ncia e da Juventude)\",\"datePublished\":\"2017-09-25T00:42:39+00:00\",\"dateModified\":\"2017-09-25T00:43:26+00:00\",\"mainEntityOfPage\":{\"@id\":\"https:\/\/www.estrategiaconcursos.com.br\/blog\/gabarito-extraoficial-direito-constitucional-tj-mg-oficial-judiciario-comissario-da-infancia-e-da-juventude\/\"},\"wordCount\":2619,\"commentCount\":3,\"publisher\":{\"@id\":\"https:\/\/www.estrategiaconcursos.com.br\/blog\/#organization\"},\"articleSection\":[\"Concursos P\u00fablicos\"],\"inLanguage\":\"pt-BR\",\"potentialAction\":[{\"@type\":\"CommentAction\",\"name\":\"Comment\",\"target\":[\"https:\/\/www.estrategiaconcursos.com.br\/blog\/gabarito-extraoficial-direito-constitucional-tj-mg-oficial-judiciario-comissario-da-infancia-e-da-juventude\/#respond\"]}],\"copyrightYear\":\"2017\",\"copyrightHolder\":{\"@id\":\"https:\/\/www.estrategiaconcursos.com.br\/blog\/#organization\"}},{\"@type\":\"WebPage\",\"@id\":\"https:\/\/www.estrategiaconcursos.com.br\/blog\/gabarito-extraoficial-direito-constitucional-tj-mg-oficial-judiciario-comissario-da-infancia-e-da-juventude\/\",\"url\":\"https:\/\/www.estrategiaconcursos.com.br\/blog\/gabarito-extraoficial-direito-constitucional-tj-mg-oficial-judiciario-comissario-da-infancia-e-da-juventude\/\",\"name\":\"Gabarito Extraoficial - Direito Constitucional TJ-MG - Oficial Judici\u00e1rio (Comiss\u00e1rio da Inf\u00e2ncia e da Juventude)\",\"isPartOf\":{\"@id\":\"https:\/\/www.estrategiaconcursos.com.br\/blog\/#website\"},\"datePublished\":\"2017-09-25T00:42:39+00:00\",\"dateModified\":\"2017-09-25T00:43:26+00:00\",\"breadcrumb\":{\"@id\":\"https:\/\/www.estrategiaconcursos.com.br\/blog\/gabarito-extraoficial-direito-constitucional-tj-mg-oficial-judiciario-comissario-da-infancia-e-da-juventude\/#breadcrumb\"},\"inLanguage\":\"pt-BR\",\"potentialAction\":[{\"@type\":\"ReadAction\",\"target\":[\"https:\/\/www.estrategiaconcursos.com.br\/blog\/gabarito-extraoficial-direito-constitucional-tj-mg-oficial-judiciario-comissario-da-infancia-e-da-juventude\/\"]}]},{\"@type\":\"BreadcrumbList\",\"@id\":\"https:\/\/www.estrategiaconcursos.com.br\/blog\/gabarito-extraoficial-direito-constitucional-tj-mg-oficial-judiciario-comissario-da-infancia-e-da-juventude\/#breadcrumb\",\"itemListElement\":[{\"@type\":\"ListItem\",\"position\":1,\"name\":\"In\u00edcio\",\"item\":\"https:\/\/www.estrategiaconcursos.com.br\/blog\/\"},{\"@type\":\"ListItem\",\"position\":2,\"name\":\"Gabarito Extraoficial &#8211; Direito Constitucional TJ-MG &#8211; Oficial Judici\u00e1rio (Comiss\u00e1rio da Inf\u00e2ncia e da Juventude)\"}]},{\"@type\":\"WebSite\",\"@id\":\"https:\/\/www.estrategiaconcursos.com.br\/blog\/#website\",\"url\":\"https:\/\/www.estrategiaconcursos.com.br\/blog\/\",\"name\":\"Estrat\u00e9gia Concursos\",\"description\":\"O blog da Estrat\u00e9gia Concursos traz not\u00edcias sobre concursos e artigos de professores oferecendo cursos para concursos (pdf + videaulas) no site.\",\"publisher\":{\"@id\":\"https:\/\/www.estrategiaconcursos.com.br\/blog\/#organization\"},\"potentialAction\":[{\"@type\":\"SearchAction\",\"target\":{\"@type\":\"EntryPoint\",\"urlTemplate\":\"https:\/\/www.estrategiaconcursos.com.br\/blog\/?s={search_term_string}\"},\"query-input\":{\"@type\":\"PropertyValueSpecification\",\"valueRequired\":true,\"valueName\":\"search_term_string\"}}],\"inLanguage\":\"pt-BR\"},{\"@type\":\"Organization\",\"@id\":\"https:\/\/www.estrategiaconcursos.com.br\/blog\/#organization\",\"name\":\"Estrat\u00e9gia Concursos\",\"url\":\"https:\/\/www.estrategiaconcursos.com.br\/blog\/\",\"logo\":{\"@type\":\"ImageObject\",\"inLanguage\":\"pt-BR\",\"@id\":\"https:\/\/www.estrategiaconcursos.com.br\/blog\/#\/schema\/logo\/image\/\",\"url\":\"https:\/\/dhg1h5j42swfq.cloudfront.net\/2025\/06\/03203428\/logo_concursos-1.jpg\",\"contentUrl\":\"https:\/\/dhg1h5j42swfq.cloudfront.net\/2025\/06\/03203428\/logo_concursos-1.jpg\",\"width\":230,\"height\":60,\"caption\":\"Estrat\u00e9gia Concursos\"},\"image\":{\"@id\":\"https:\/\/www.estrategiaconcursos.com.br\/blog\/#\/schema\/logo\/image\/\"},\"sameAs\":[\"https:\/\/x.com\/EstratConcursos\"]},{\"@type\":\"Person\",\"@id\":\"https:\/\/www.estrategiaconcursos.com.br\/blog\/#\/schema\/person\/c32e47dba2159cafe7796a9569a6ff7e\",\"name\":\"Ricardo Vale\",\"image\":{\"@type\":\"ImageObject\",\"inLanguage\":\"pt-BR\",\"@id\":\"https:\/\/secure.gravatar.com\/avatar\/e5a5658c798bb49dd53314263f59f38c192d73370fb65839a372c2ae9027be74?s=96&d=mm&r=g\",\"url\":\"https:\/\/secure.gravatar.com\/avatar\/e5a5658c798bb49dd53314263f59f38c192d73370fb65839a372c2ae9027be74?s=96&d=mm&r=g\",\"contentUrl\":\"https:\/\/secure.gravatar.com\/avatar\/e5a5658c798bb49dd53314263f59f38c192d73370fb65839a372c2ae9027be74?s=96&d=mm&r=g\",\"caption\":\"Ricardo Vale\"},\"sameAs\":[\"https:\/\/www.facebook.com\/rvale01\",\"https:\/\/x.com\/https:\/\/twitter.com\/EstratConcursos\"],\"url\":\"https:\/\/www.estrategiaconcursos.com.br\/blog\/author\/ricardovaleestrategiaconcursos-com-br\/\"}]}<\/script>\n<!-- \/ Yoast SEO Premium plugin. -->","yoast_head_json":{"title":"Gabarito Extraoficial - Direito Constitucional TJ-MG - Oficial Judici\u00e1rio (Comiss\u00e1rio da Inf\u00e2ncia e da Juventude)","robots":{"index":"index","follow":"follow","max-snippet":"max-snippet:-1","max-image-preview":"max-image-preview:large","max-video-preview":"max-video-preview:-1"},"canonical":"https:\/\/www.estrategiaconcursos.com.br\/blog\/gabarito-extraoficial-direito-constitucional-tj-mg-oficial-judiciario-comissario-da-infancia-e-da-juventude\/","og_locale":"pt_BR","og_type":"article","og_title":"Gabarito Extraoficial - Direito Constitucional TJ-MG - Oficial Judici\u00e1rio (Comiss\u00e1rio da Inf\u00e2ncia e da Juventude)","og_description":"Ol\u00e1, pessoal! Tudo bem? Nesse domingo, foi realizada a prova do TJ-MG. Abaixo, comento as quest\u00f5es de Direito Constitucional do cargo de Oficial Judici\u00e1rio (Comiss\u00e1rio da Inf\u00e2ncia e da Juventude). Abra\u00e7os, Ricardo Vale &#8220;O segredo do sucesso \u00e9 a const\u00e2ncia no objetivo&#8221; P.S: Sigam-me no Instagram e acompanhem meu Projeto de 100 Dicas. https:\/\/www.instagram.com\/profricardovale &nbsp; [&hellip;]","og_url":"https:\/\/www.estrategiaconcursos.com.br\/blog\/gabarito-extraoficial-direito-constitucional-tj-mg-oficial-judiciario-comissario-da-infancia-e-da-juventude\/","og_site_name":"Estrat\u00e9gia Concursos","article_author":"https:\/\/www.facebook.com\/rvale01","article_published_time":"2017-09-25T00:42:39+00:00","article_modified_time":"2017-09-25T00:43:26+00:00","author":"Ricardo Vale","twitter_card":"summary_large_image","twitter_creator":"@https:\/\/twitter.com\/EstratConcursos","twitter_site":"@EstratConcursos","twitter_misc":{"Escrito por":"Ricardo Vale","Est. tempo de leitura":"13 minutos"},"schema":{"@context":"https:\/\/schema.org","@graph":[{"@type":"NewsArticle","@id":"https:\/\/www.estrategiaconcursos.com.br\/blog\/gabarito-extraoficial-direito-constitucional-tj-mg-oficial-judiciario-comissario-da-infancia-e-da-juventude\/#article","isPartOf":{"@id":"https:\/\/www.estrategiaconcursos.com.br\/blog\/gabarito-extraoficial-direito-constitucional-tj-mg-oficial-judiciario-comissario-da-infancia-e-da-juventude\/"},"author":{"name":"Ricardo Vale","@id":"https:\/\/www.estrategiaconcursos.com.br\/blog\/#\/schema\/person\/c32e47dba2159cafe7796a9569a6ff7e"},"headline":"Gabarito Extraoficial &#8211; Direito Constitucional TJ-MG &#8211; Oficial Judici\u00e1rio (Comiss\u00e1rio da Inf\u00e2ncia e da Juventude)","datePublished":"2017-09-25T00:42:39+00:00","dateModified":"2017-09-25T00:43:26+00:00","mainEntityOfPage":{"@id":"https:\/\/www.estrategiaconcursos.com.br\/blog\/gabarito-extraoficial-direito-constitucional-tj-mg-oficial-judiciario-comissario-da-infancia-e-da-juventude\/"},"wordCount":2619,"commentCount":3,"publisher":{"@id":"https:\/\/www.estrategiaconcursos.com.br\/blog\/#organization"},"articleSection":["Concursos P\u00fablicos"],"inLanguage":"pt-BR","potentialAction":[{"@type":"CommentAction","name":"Comment","target":["https:\/\/www.estrategiaconcursos.com.br\/blog\/gabarito-extraoficial-direito-constitucional-tj-mg-oficial-judiciario-comissario-da-infancia-e-da-juventude\/#respond"]}],"copyrightYear":"2017","copyrightHolder":{"@id":"https:\/\/www.estrategiaconcursos.com.br\/blog\/#organization"}},{"@type":"WebPage","@id":"https:\/\/www.estrategiaconcursos.com.br\/blog\/gabarito-extraoficial-direito-constitucional-tj-mg-oficial-judiciario-comissario-da-infancia-e-da-juventude\/","url":"https:\/\/www.estrategiaconcursos.com.br\/blog\/gabarito-extraoficial-direito-constitucional-tj-mg-oficial-judiciario-comissario-da-infancia-e-da-juventude\/","name":"Gabarito Extraoficial - Direito Constitucional TJ-MG - Oficial Judici\u00e1rio (Comiss\u00e1rio da Inf\u00e2ncia e da Juventude)","isPartOf":{"@id":"https:\/\/www.estrategiaconcursos.com.br\/blog\/#website"},"datePublished":"2017-09-25T00:42:39+00:00","dateModified":"2017-09-25T00:43:26+00:00","breadcrumb":{"@id":"https:\/\/www.estrategiaconcursos.com.br\/blog\/gabarito-extraoficial-direito-constitucional-tj-mg-oficial-judiciario-comissario-da-infancia-e-da-juventude\/#breadcrumb"},"inLanguage":"pt-BR","potentialAction":[{"@type":"ReadAction","target":["https:\/\/www.estrategiaconcursos.com.br\/blog\/gabarito-extraoficial-direito-constitucional-tj-mg-oficial-judiciario-comissario-da-infancia-e-da-juventude\/"]}]},{"@type":"BreadcrumbList","@id":"https:\/\/www.estrategiaconcursos.com.br\/blog\/gabarito-extraoficial-direito-constitucional-tj-mg-oficial-judiciario-comissario-da-infancia-e-da-juventude\/#breadcrumb","itemListElement":[{"@type":"ListItem","position":1,"name":"In\u00edcio","item":"https:\/\/www.estrategiaconcursos.com.br\/blog\/"},{"@type":"ListItem","position":2,"name":"Gabarito Extraoficial &#8211; Direito Constitucional TJ-MG &#8211; Oficial Judici\u00e1rio (Comiss\u00e1rio da Inf\u00e2ncia e da Juventude)"}]},{"@type":"WebSite","@id":"https:\/\/www.estrategiaconcursos.com.br\/blog\/#website","url":"https:\/\/www.estrategiaconcursos.com.br\/blog\/","name":"Estrat\u00e9gia Concursos","description":"O blog da Estrat\u00e9gia Concursos traz not\u00edcias sobre concursos e artigos de professores oferecendo cursos para concursos (pdf + videaulas) no site.","publisher":{"@id":"https:\/\/www.estrategiaconcursos.com.br\/blog\/#organization"},"potentialAction":[{"@type":"SearchAction","target":{"@type":"EntryPoint","urlTemplate":"https:\/\/www.estrategiaconcursos.com.br\/blog\/?s={search_term_string}"},"query-input":{"@type":"PropertyValueSpecification","valueRequired":true,"valueName":"search_term_string"}}],"inLanguage":"pt-BR"},{"@type":"Organization","@id":"https:\/\/www.estrategiaconcursos.com.br\/blog\/#organization","name":"Estrat\u00e9gia Concursos","url":"https:\/\/www.estrategiaconcursos.com.br\/blog\/","logo":{"@type":"ImageObject","inLanguage":"pt-BR","@id":"https:\/\/www.estrategiaconcursos.com.br\/blog\/#\/schema\/logo\/image\/","url":"https:\/\/dhg1h5j42swfq.cloudfront.net\/2025\/06\/03203428\/logo_concursos-1.jpg","contentUrl":"https:\/\/dhg1h5j42swfq.cloudfront.net\/2025\/06\/03203428\/logo_concursos-1.jpg","width":230,"height":60,"caption":"Estrat\u00e9gia Concursos"},"image":{"@id":"https:\/\/www.estrategiaconcursos.com.br\/blog\/#\/schema\/logo\/image\/"},"sameAs":["https:\/\/x.com\/EstratConcursos"]},{"@type":"Person","@id":"https:\/\/www.estrategiaconcursos.com.br\/blog\/#\/schema\/person\/c32e47dba2159cafe7796a9569a6ff7e","name":"Ricardo Vale","image":{"@type":"ImageObject","inLanguage":"pt-BR","@id":"https:\/\/secure.gravatar.com\/avatar\/e5a5658c798bb49dd53314263f59f38c192d73370fb65839a372c2ae9027be74?s=96&d=mm&r=g","url":"https:\/\/secure.gravatar.com\/avatar\/e5a5658c798bb49dd53314263f59f38c192d73370fb65839a372c2ae9027be74?s=96&d=mm&r=g","contentUrl":"https:\/\/secure.gravatar.com\/avatar\/e5a5658c798bb49dd53314263f59f38c192d73370fb65839a372c2ae9027be74?s=96&d=mm&r=g","caption":"Ricardo Vale"},"sameAs":["https:\/\/www.facebook.com\/rvale01","https:\/\/x.com\/https:\/\/twitter.com\/EstratConcursos"],"url":"https:\/\/www.estrategiaconcursos.com.br\/blog\/author\/ricardovaleestrategiaconcursos-com-br\/"}]}},"_links":{"self":[{"href":"https:\/\/www.estrategiaconcursos.com.br\/blog\/wp-json\/wp\/v2\/posts\/90134","targetHints":{"allow":["GET"]}}],"collection":[{"href":"https:\/\/www.estrategiaconcursos.com.br\/blog\/wp-json\/wp\/v2\/posts"}],"about":[{"href":"https:\/\/www.estrategiaconcursos.com.br\/blog\/wp-json\/wp\/v2\/types\/post"}],"author":[{"embeddable":true,"href":"https:\/\/www.estrategiaconcursos.com.br\/blog\/wp-json\/wp\/v2\/users\/26"}],"replies":[{"embeddable":true,"href":"https:\/\/www.estrategiaconcursos.com.br\/blog\/wp-json\/wp\/v2\/comments?post=90134"}],"version-history":[{"count":1,"href":"https:\/\/www.estrategiaconcursos.com.br\/blog\/wp-json\/wp\/v2\/posts\/90134\/revisions"}],"predecessor-version":[{"id":90163,"href":"https:\/\/www.estrategiaconcursos.com.br\/blog\/wp-json\/wp\/v2\/posts\/90134\/revisions\/90163"}],"wp:attachment":[{"href":"https:\/\/www.estrategiaconcursos.com.br\/blog\/wp-json\/wp\/v2\/media?parent=90134"}],"wp:term":[{"taxonomy":"category","embeddable":true,"href":"https:\/\/www.estrategiaconcursos.com.br\/blog\/wp-json\/wp\/v2\/categories?post=90134"},{"taxonomy":"post_tag","embeddable":true,"href":"https:\/\/www.estrategiaconcursos.com.br\/blog\/wp-json\/wp\/v2\/tags?post=90134"},{"taxonomy":"tax_estado","embeddable":true,"href":"https:\/\/www.estrategiaconcursos.com.br\/blog\/wp-json\/wp\/v2\/tax_estado?post=90134"}],"curies":[{"name":"wp","href":"https:\/\/api.w.org\/{rel}","templated":true}]}}