{"id":90132,"date":"2017-09-24T21:09:53","date_gmt":"2017-09-25T00:09:53","guid":{"rendered":"https:\/\/www.estrategiaconcursos.com.br\/blog\/?p=90132"},"modified":"2017-09-24T21:14:06","modified_gmt":"2017-09-25T00:14:06","slug":"gabarito-extraoficial-tjmg-comissario-da-infancia-e-da-juventude-lodj-e-regimento","status":"publish","type":"post","link":"https:\/\/www.estrategiaconcursos.com.br\/blog\/gabarito-extraoficial-tjmg-comissario-da-infancia-e-da-juventude-lodj-e-regimento\/","title":{"rendered":"Gabarito Extraoficial &#8211; TJMG &#8211; Comiss\u00e1rio da Inf\u00e2ncia e da Juventude &#8211; LODJ e Regimento"},"content":{"rendered":"<p><span style=\"font-family: verdana,geneva,sans-serif;\">Oi pessoal!<\/span><\/p>\n<p><span style=\"font-family: verdana,geneva,sans-serif;\">Trago agora o gabarito extraoficial das quest\u00f5es sobre a Lei de Organiza\u00e7\u00e3o e Divis\u00e3o Judici\u00e1rias de Minas Gerais e o Regimento Interno do TJMG,. Aqui comento as quest\u00f5es aplicadas para o cargo de <strong><span style=\"color: #ff0000;\">Oficial Judici\u00e1rio (Comiss\u00e1rio da Inf\u00e2ncia e da Juventude)<\/span><\/strong>, tomando como base o <span style=\"color: #339966;\"><strong>Caderno 2 (verde)<\/strong><\/span>.<\/span><\/p>\n<p>&nbsp;<\/p>\n<p><span style=\"font-family: verdana,geneva,sans-serif;\"><a href=\"https:\/\/dhg1h5j42swfq.cloudfront.net\/2017\/09\/24210606\/Questa%CC%83o-52.jpg\"><img loading=\"lazy\" decoding=\"async\" class=\"aligncenter size-full wp-image-90139\" src=\"https:\/\/dhg1h5j42swfq.cloudfront.net\/2017\/09\/24210606\/Questa%CC%83o-52.jpg\" alt=\"\" width=\"347\" height=\"307\" srcset=\"https:\/\/dhg1h5j42swfq.cloudfront.net\/2017\/09\/24210606\/Questa%CC%83o-52.jpg 347w, https:\/\/dhg1h5j42swfq.cloudfront.net\/2017\/09\/24210606\/Questa%CC%83o-52.jpg 300w\" sizes=\"auto, (max-width: 347px) 100vw, 347px\" \/><\/a><\/span><\/p>\n<p><span style=\"font-family: verdana,geneva,sans-serif;\">QUEST\u00c3O 52<\/span><\/p>\n<p><span style=\"font-family: verdana,geneva,sans-serif;\">Aten\u00e7\u00e3o aqui, pois j\u00e1 na primeira quest\u00e3o sobre a Lei de Organiza\u00e7\u00e3o e Divis\u00e3o Judici\u00e1rias de Minas Gerais a banca nos pede para marcar a alternativa INCORRETA.<\/span><\/p>\n<p><span style=\"font-family: verdana,geneva,sans-serif;\">A alternativa A trata dos auxiliares de encargo, que constam no art. 256 da LODJMG. Correta a alternativa.<\/span><\/p>\n<p><span style=\"font-family: verdana,geneva,sans-serif;\">A alternativa B trata das proibi\u00e7\u00f5es impostas aos servidores dos \u00f3rg\u00e3os auxiliares dos Tribunais e da Justi\u00e7a de Primeira Inst\u00e2ncia. Todos os exemplos constam no art. 274. Correta a alternativa.<\/span><\/p>\n<p><span style=\"font-family: verdana,geneva,sans-serif;\">A alternativa C \u00e9 a nossa resposta. Nos termos do art. 276, a responsabilidade civil decorre de ato omissivo ou comissivo, <strong>doloso ou culposo<\/strong>.<\/span><\/p>\n<p><span style=\"font-family: verdana,geneva,sans-serif;\">A alternativa D est\u00e1 correta. As penas disciplinares est\u00e3o previstas no art. 281, entre elas a cassa\u00e7\u00e3o de aposentadoria e de disponibilidade. Correta a alternativa.<\/span><\/p>\n<p><span style=\"font-family: verdana,geneva,sans-serif;\">GABARITO: C<\/span><\/p>\n<p>&nbsp;<\/p>\n<p><span style=\"font-family: verdana,geneva,sans-serif;\"><a href=\"https:\/\/dhg1h5j42swfq.cloudfront.net\/2017\/09\/24210653\/Questa%CC%83o-55.jpg\"><img loading=\"lazy\" decoding=\"async\" class=\"aligncenter size-full wp-image-90140\" src=\"https:\/\/dhg1h5j42swfq.cloudfront.net\/2017\/09\/24210653\/Questa%CC%83o-55.jpg\" alt=\"\" width=\"358\" height=\"345\" srcset=\"https:\/\/dhg1h5j42swfq.cloudfront.net\/2017\/09\/24210653\/Questa%CC%83o-55.jpg 358w, https:\/\/dhg1h5j42swfq.cloudfront.net\/2017\/09\/24210653\/Questa%CC%83o-55.jpg 300w\" sizes=\"auto, (max-width: 358px) 100vw, 358px\" \/><\/a><\/span><\/p>\n<p><span style=\"font-family: verdana,geneva,sans-serif;\">QUEST\u00c3O 55<\/span><\/p>\n<p><span style=\"font-family: verdana,geneva,sans-serif;\">A alternativa A est\u00e1 incorreta, pois a proibi\u00e7\u00e3o prevista no art. 267 n\u00e3o alcan\u00e7a os servidores aprovados em concurso.<\/span><\/p>\n<p><span style=\"font-family: verdana,geneva,sans-serif;\">A alternativa B est\u00e1 incorreta. O art. 267 n\u00e3o prev\u00ea a necessidade de reconhecimento judicial da uni\u00e3o est\u00e1vel para que incida a proibi\u00e7\u00e3o.<\/span><\/p>\n<p><span style=\"font-family: verdana,geneva,sans-serif;\">A alternativa C \u00e9 a nossa resposta. Nos termos do art. 269, ao servidor do foro judicial, \u00e9 defeso praticar atos de seu of\u00edcio em que for interessado ele pr\u00f3prio, seu c\u00f4njuge, parente consangu\u00edneo ou afim em linha reta ou, na linha colateral, at\u00e9 o terceiro grau.<\/span><\/p>\n<p><span style=\"font-family: verdana,geneva,sans-serif;\">A alternativa D est\u00e1 incorreta. O art. 268 prev\u00ea, no caso de incompatibilidade relacionada a Escriv\u00e3o Judicial e servidores dos Servi\u00e7os Auxiliares do Diretor do Foro, a aplica\u00e7\u00e3o dos arts. 109 e 110 da LODJMG, que se referem \u00e0s regras de incompatibilidade aplic\u00e1veis aos magistrados.<\/span><\/p>\n<p><span style=\"font-family: verdana,geneva,sans-serif;\">GABARITO: C<\/span><\/p>\n<p>&nbsp;<\/p>\n<p><span style=\"font-family: verdana,geneva,sans-serif;\"><a href=\"https:\/\/dhg1h5j42swfq.cloudfront.net\/2017\/09\/24210735\/Questa%CC%83o-59.jpg\"><img loading=\"lazy\" decoding=\"async\" class=\"aligncenter size-full wp-image-90141\" src=\"https:\/\/dhg1h5j42swfq.cloudfront.net\/2017\/09\/24210735\/Questa%CC%83o-59.jpg\" alt=\"\" width=\"285\" height=\"121\" \/><\/a><\/span><\/p>\n<p><span style=\"font-family: verdana,geneva,sans-serif;\">QUEST\u00c3O 59<\/span><\/p>\n<p><span style=\"font-family: verdana,geneva,sans-serif;\">Os \u00f3rg\u00e3os do Poder Judici\u00e1rio do Estado de Minas Gerais constam no art. 9<sup>o<\/sup> da LODJMG, e entre eles n\u00e3o se encontram os Tribunais de Al\u00e7ada.<\/span><\/p>\n<p><span style=\"font-family: verdana,geneva,sans-serif;\">GABARITO: D<\/span><\/p>\n<p>&nbsp;<\/p>\n<p><span style=\"font-family: verdana,geneva,sans-serif;\"><a href=\"https:\/\/dhg1h5j42swfq.cloudfront.net\/2017\/09\/24210814\/Questa%CC%83o-60.jpg\"><img loading=\"lazy\" decoding=\"async\" class=\"aligncenter size-full wp-image-90143\" src=\"https:\/\/dhg1h5j42swfq.cloudfront.net\/2017\/09\/24210814\/Questa%CC%83o-60.jpg\" alt=\"\" width=\"327\" height=\"151\" srcset=\"https:\/\/dhg1h5j42swfq.cloudfront.net\/2017\/09\/24210814\/Questa%CC%83o-60.jpg 327w, https:\/\/dhg1h5j42swfq.cloudfront.net\/2017\/09\/24210814\/Questa%CC%83o-60.jpg 300w\" sizes=\"auto, (max-width: 327px) 100vw, 327px\" \/><\/a><\/span><\/p>\n<p><span style=\"font-family: verdana,geneva,sans-serif;\">QUEST\u00c3O 60<\/span><\/p>\n<p><span style=\"font-family: verdana,geneva,sans-serif;\">Mais uma vez precisamos encontrar o erro da quest\u00e3o, que neste caso est\u00e1 na alternativa D, pois, nos termos do art. 146, V da LODJMG, o Magistrado n\u00e3o pode exercer a advocacia no ju\u00edzo ou tribunal do qual se afastou, antes de decorridos tr\u00eas anos do afastamento do cargo por aposentadoria ou por exonera\u00e7\u00e3o.<\/span><\/p>\n<p><span style=\"font-family: verdana,geneva,sans-serif;\">GABARITO: D<\/span><\/p>\n<p>&nbsp;<\/p>\n<p><span style=\"font-family: verdana,geneva,sans-serif;\">Se ficar alguma d\u00favida \u00e9 s\u00f3 chamar ;)<\/span><\/p>\n<p><span style=\"font-family: verdana,geneva,sans-serif;\">Grande abra\u00e7o!<\/span><\/p>\n<p><span style=\"font-family: verdana,geneva,sans-serif;\">Prof. Paulo Guimar\u00e3es<\/span><\/p>\n<p><span style=\"font-family: verdana,geneva,sans-serif;\">professorpauloguimaraes@gmail.com<\/span><\/p>\n<p><a href=\"http:\/\/www.instagram.com\/profpauloguimaraes\"><span style=\"font-family: verdana,geneva,sans-serif;\">www.instagram.com\/profpauloguimaraes<\/span><\/a><\/p>\n<p><a href=\"http:\/\/www.facebook.com\/profpauloguimaraes\"><span style=\"font-family: verdana,geneva,sans-serif;\">www.facebook.com\/profpauloguimaraes<\/span><\/a><\/p>\n","protected":false},"excerpt":{"rendered":"<p>Oi pessoal! Trago agora o gabarito extraoficial das quest\u00f5es sobre a Lei de Organiza\u00e7\u00e3o e Divis\u00e3o Judici\u00e1rias de Minas Gerais e o Regimento Interno do TJMG,. Aqui comento as quest\u00f5es aplicadas para o cargo de Oficial Judici\u00e1rio (Comiss\u00e1rio da Inf\u00e2ncia e da Juventude), tomando como base o Caderno 2 (verde). &nbsp; QUEST\u00c3O 52 Aten\u00e7\u00e3o aqui, [&hellip;]<\/p>\n","protected":false},"author":99,"featured_media":0,"comment_status":"open","ping_status":"open","sticky":false,"template":"","format":"standard","meta":{"post_tipo":"article","footnotes":""},"categories":[1],"tags":[],"tax_estado":[],"class_list":["post-90132","post","type-post","status-publish","format-standard","hentry","category-cursos-e-concursos"],"acf":[],"yoast_head":"<!-- This site is optimized with the Yoast SEO Premium plugin v27.2 (Yoast SEO v27.2) - https:\/\/yoast.com\/product\/yoast-seo-premium-wordpress\/ -->\n<title>Gabarito Extraoficial - TJMG - Comiss\u00e1rio da Inf\u00e2ncia e da Juventude - LODJ e Regimento<\/title>\n<meta name=\"robots\" content=\"index, follow, max-snippet:-1, max-image-preview:large, max-video-preview:-1\" \/>\n<link rel=\"canonical\" href=\"https:\/\/www.estrategiaconcursos.com.br\/blog\/gabarito-extraoficial-tjmg-comissario-da-infancia-e-da-juventude-lodj-e-regimento\/\" \/>\n<meta property=\"og:locale\" content=\"pt_BR\" \/>\n<meta property=\"og:type\" content=\"article\" \/>\n<meta property=\"og:title\" content=\"Gabarito Extraoficial - TJMG - Comiss\u00e1rio da Inf\u00e2ncia e da Juventude - LODJ e Regimento\" \/>\n<meta property=\"og:description\" content=\"Oi pessoal! Trago agora o gabarito extraoficial das quest\u00f5es sobre a Lei de Organiza\u00e7\u00e3o e Divis\u00e3o Judici\u00e1rias de Minas Gerais e o Regimento Interno do TJMG,. Aqui comento as quest\u00f5es aplicadas para o cargo de Oficial Judici\u00e1rio (Comiss\u00e1rio da Inf\u00e2ncia e da Juventude), tomando como base o Caderno 2 (verde). &nbsp; QUEST\u00c3O 52 Aten\u00e7\u00e3o aqui, [&hellip;]\" \/>\n<meta property=\"og:url\" content=\"https:\/\/www.estrategiaconcursos.com.br\/blog\/gabarito-extraoficial-tjmg-comissario-da-infancia-e-da-juventude-lodj-e-regimento\/\" \/>\n<meta property=\"og:site_name\" content=\"Estrat\u00e9gia Concursos\" \/>\n<meta property=\"article:published_time\" content=\"2017-09-25T00:09:53+00:00\" \/>\n<meta property=\"article:modified_time\" content=\"2017-09-25T00:14:06+00:00\" \/>\n<meta name=\"author\" content=\"Paulo Guimar\u00e3es\" \/>\n<meta name=\"twitter:card\" content=\"summary_large_image\" \/>\n<meta name=\"twitter:creator\" content=\"@EstratConcursos\" \/>\n<meta name=\"twitter:site\" content=\"@EstratConcursos\" \/>\n<meta name=\"twitter:label1\" content=\"Escrito por\" \/>\n\t<meta name=\"twitter:data1\" content=\"Paulo Guimar\u00e3es\" \/>\n\t<meta name=\"twitter:label2\" content=\"Est. tempo de leitura\" \/>\n\t<meta name=\"twitter:data2\" content=\"2 minutos\" \/>\n<script type=\"application\/ld+json\" class=\"yoast-schema-graph\">{\"@context\":\"https:\/\/schema.org\",\"@graph\":[{\"@type\":\"NewsArticle\",\"@id\":\"https:\/\/www.estrategiaconcursos.com.br\/blog\/gabarito-extraoficial-tjmg-comissario-da-infancia-e-da-juventude-lodj-e-regimento\/#article\",\"isPartOf\":{\"@id\":\"https:\/\/www.estrategiaconcursos.com.br\/blog\/gabarito-extraoficial-tjmg-comissario-da-infancia-e-da-juventude-lodj-e-regimento\/\"},\"author\":{\"name\":\"Paulo Guimar\u00e3es\",\"@id\":\"https:\/\/www.estrategiaconcursos.com.br\/blog\/#\/schema\/person\/80ff9f9f52e43a90b6efd99f2869d22b\"},\"headline\":\"Gabarito Extraoficial &#8211; TJMG &#8211; Comiss\u00e1rio da Inf\u00e2ncia e da Juventude &#8211; LODJ e Regimento\",\"datePublished\":\"2017-09-25T00:09:53+00:00\",\"dateModified\":\"2017-09-25T00:14:06+00:00\",\"mainEntityOfPage\":{\"@id\":\"https:\/\/www.estrategiaconcursos.com.br\/blog\/gabarito-extraoficial-tjmg-comissario-da-infancia-e-da-juventude-lodj-e-regimento\/\"},\"wordCount\":479,\"commentCount\":1,\"publisher\":{\"@id\":\"https:\/\/www.estrategiaconcursos.com.br\/blog\/#organization\"},\"articleSection\":[\"Concursos P\u00fablicos\"],\"inLanguage\":\"pt-BR\",\"potentialAction\":[{\"@type\":\"CommentAction\",\"name\":\"Comment\",\"target\":[\"https:\/\/www.estrategiaconcursos.com.br\/blog\/gabarito-extraoficial-tjmg-comissario-da-infancia-e-da-juventude-lodj-e-regimento\/#respond\"]}],\"copyrightYear\":\"2017\",\"copyrightHolder\":{\"@id\":\"https:\/\/www.estrategiaconcursos.com.br\/blog\/#organization\"}},{\"@type\":\"WebPage\",\"@id\":\"https:\/\/www.estrategiaconcursos.com.br\/blog\/gabarito-extraoficial-tjmg-comissario-da-infancia-e-da-juventude-lodj-e-regimento\/\",\"url\":\"https:\/\/www.estrategiaconcursos.com.br\/blog\/gabarito-extraoficial-tjmg-comissario-da-infancia-e-da-juventude-lodj-e-regimento\/\",\"name\":\"Gabarito Extraoficial - TJMG - Comiss\u00e1rio da Inf\u00e2ncia e da Juventude - LODJ e Regimento\",\"isPartOf\":{\"@id\":\"https:\/\/www.estrategiaconcursos.com.br\/blog\/#website\"},\"datePublished\":\"2017-09-25T00:09:53+00:00\",\"dateModified\":\"2017-09-25T00:14:06+00:00\",\"breadcrumb\":{\"@id\":\"https:\/\/www.estrategiaconcursos.com.br\/blog\/gabarito-extraoficial-tjmg-comissario-da-infancia-e-da-juventude-lodj-e-regimento\/#breadcrumb\"},\"inLanguage\":\"pt-BR\",\"potentialAction\":[{\"@type\":\"ReadAction\",\"target\":[\"https:\/\/www.estrategiaconcursos.com.br\/blog\/gabarito-extraoficial-tjmg-comissario-da-infancia-e-da-juventude-lodj-e-regimento\/\"]}]},{\"@type\":\"BreadcrumbList\",\"@id\":\"https:\/\/www.estrategiaconcursos.com.br\/blog\/gabarito-extraoficial-tjmg-comissario-da-infancia-e-da-juventude-lodj-e-regimento\/#breadcrumb\",\"itemListElement\":[{\"@type\":\"ListItem\",\"position\":1,\"name\":\"In\u00edcio\",\"item\":\"https:\/\/www.estrategiaconcursos.com.br\/blog\/\"},{\"@type\":\"ListItem\",\"position\":2,\"name\":\"Gabarito Extraoficial &#8211; TJMG &#8211; Comiss\u00e1rio da Inf\u00e2ncia e da Juventude &#8211; LODJ e Regimento\"}]},{\"@type\":\"WebSite\",\"@id\":\"https:\/\/www.estrategiaconcursos.com.br\/blog\/#website\",\"url\":\"https:\/\/www.estrategiaconcursos.com.br\/blog\/\",\"name\":\"Estrat\u00e9gia Concursos\",\"description\":\"O blog da Estrat\u00e9gia Concursos traz not\u00edcias sobre concursos e artigos de professores oferecendo cursos para concursos (pdf + videaulas) no site.\",\"publisher\":{\"@id\":\"https:\/\/www.estrategiaconcursos.com.br\/blog\/#organization\"},\"potentialAction\":[{\"@type\":\"SearchAction\",\"target\":{\"@type\":\"EntryPoint\",\"urlTemplate\":\"https:\/\/www.estrategiaconcursos.com.br\/blog\/?s={search_term_string}\"},\"query-input\":{\"@type\":\"PropertyValueSpecification\",\"valueRequired\":true,\"valueName\":\"search_term_string\"}}],\"inLanguage\":\"pt-BR\"},{\"@type\":\"Organization\",\"@id\":\"https:\/\/www.estrategiaconcursos.com.br\/blog\/#organization\",\"name\":\"Estrat\u00e9gia Concursos\",\"url\":\"https:\/\/www.estrategiaconcursos.com.br\/blog\/\",\"logo\":{\"@type\":\"ImageObject\",\"inLanguage\":\"pt-BR\",\"@id\":\"https:\/\/www.estrategiaconcursos.com.br\/blog\/#\/schema\/logo\/image\/\",\"url\":\"https:\/\/dhg1h5j42swfq.cloudfront.net\/2025\/06\/03203428\/logo_concursos-1.jpg\",\"contentUrl\":\"https:\/\/dhg1h5j42swfq.cloudfront.net\/2025\/06\/03203428\/logo_concursos-1.jpg\",\"width\":230,\"height\":60,\"caption\":\"Estrat\u00e9gia Concursos\"},\"image\":{\"@id\":\"https:\/\/www.estrategiaconcursos.com.br\/blog\/#\/schema\/logo\/image\/\"},\"sameAs\":[\"https:\/\/x.com\/EstratConcursos\"]},{\"@type\":\"Person\",\"@id\":\"https:\/\/www.estrategiaconcursos.com.br\/blog\/#\/schema\/person\/80ff9f9f52e43a90b6efd99f2869d22b\",\"name\":\"Paulo Guimar\u00e3es\",\"image\":{\"@type\":\"ImageObject\",\"inLanguage\":\"pt-BR\",\"@id\":\"https:\/\/secure.gravatar.com\/avatar\/08d24bbaa2d103a1d6aba72ee81baa1680267436588d5d9cfb8d32c3aa4ca278?s=96&d=mm&r=g\",\"url\":\"https:\/\/secure.gravatar.com\/avatar\/08d24bbaa2d103a1d6aba72ee81baa1680267436588d5d9cfb8d32c3aa4ca278?s=96&d=mm&r=g\",\"contentUrl\":\"https:\/\/secure.gravatar.com\/avatar\/08d24bbaa2d103a1d6aba72ee81baa1680267436588d5d9cfb8d32c3aa4ca278?s=96&d=mm&r=g\",\"caption\":\"Paulo Guimar\u00e3es\"},\"url\":\"https:\/\/www.estrategiaconcursos.com.br\/blog\/author\/pauloguimaraesestrategiaconcursos-com-br\/\"}]}<\/script>\n<!-- \/ Yoast SEO Premium plugin. -->","yoast_head_json":{"title":"Gabarito Extraoficial - TJMG - Comiss\u00e1rio da Inf\u00e2ncia e da Juventude - LODJ e Regimento","robots":{"index":"index","follow":"follow","max-snippet":"max-snippet:-1","max-image-preview":"max-image-preview:large","max-video-preview":"max-video-preview:-1"},"canonical":"https:\/\/www.estrategiaconcursos.com.br\/blog\/gabarito-extraoficial-tjmg-comissario-da-infancia-e-da-juventude-lodj-e-regimento\/","og_locale":"pt_BR","og_type":"article","og_title":"Gabarito Extraoficial - TJMG - Comiss\u00e1rio da Inf\u00e2ncia e da Juventude - LODJ e Regimento","og_description":"Oi pessoal! Trago agora o gabarito extraoficial das quest\u00f5es sobre a Lei de Organiza\u00e7\u00e3o e Divis\u00e3o Judici\u00e1rias de Minas Gerais e o Regimento Interno do TJMG,. Aqui comento as quest\u00f5es aplicadas para o cargo de Oficial Judici\u00e1rio (Comiss\u00e1rio da Inf\u00e2ncia e da Juventude), tomando como base o Caderno 2 (verde). &nbsp; QUEST\u00c3O 52 Aten\u00e7\u00e3o aqui, [&hellip;]","og_url":"https:\/\/www.estrategiaconcursos.com.br\/blog\/gabarito-extraoficial-tjmg-comissario-da-infancia-e-da-juventude-lodj-e-regimento\/","og_site_name":"Estrat\u00e9gia Concursos","article_published_time":"2017-09-25T00:09:53+00:00","article_modified_time":"2017-09-25T00:14:06+00:00","author":"Paulo Guimar\u00e3es","twitter_card":"summary_large_image","twitter_creator":"@EstratConcursos","twitter_site":"@EstratConcursos","twitter_misc":{"Escrito por":"Paulo Guimar\u00e3es","Est. tempo de leitura":"2 minutos"},"schema":{"@context":"https:\/\/schema.org","@graph":[{"@type":"NewsArticle","@id":"https:\/\/www.estrategiaconcursos.com.br\/blog\/gabarito-extraoficial-tjmg-comissario-da-infancia-e-da-juventude-lodj-e-regimento\/#article","isPartOf":{"@id":"https:\/\/www.estrategiaconcursos.com.br\/blog\/gabarito-extraoficial-tjmg-comissario-da-infancia-e-da-juventude-lodj-e-regimento\/"},"author":{"name":"Paulo Guimar\u00e3es","@id":"https:\/\/www.estrategiaconcursos.com.br\/blog\/#\/schema\/person\/80ff9f9f52e43a90b6efd99f2869d22b"},"headline":"Gabarito Extraoficial &#8211; TJMG &#8211; Comiss\u00e1rio da Inf\u00e2ncia e da Juventude &#8211; LODJ e Regimento","datePublished":"2017-09-25T00:09:53+00:00","dateModified":"2017-09-25T00:14:06+00:00","mainEntityOfPage":{"@id":"https:\/\/www.estrategiaconcursos.com.br\/blog\/gabarito-extraoficial-tjmg-comissario-da-infancia-e-da-juventude-lodj-e-regimento\/"},"wordCount":479,"commentCount":1,"publisher":{"@id":"https:\/\/www.estrategiaconcursos.com.br\/blog\/#organization"},"articleSection":["Concursos P\u00fablicos"],"inLanguage":"pt-BR","potentialAction":[{"@type":"CommentAction","name":"Comment","target":["https:\/\/www.estrategiaconcursos.com.br\/blog\/gabarito-extraoficial-tjmg-comissario-da-infancia-e-da-juventude-lodj-e-regimento\/#respond"]}],"copyrightYear":"2017","copyrightHolder":{"@id":"https:\/\/www.estrategiaconcursos.com.br\/blog\/#organization"}},{"@type":"WebPage","@id":"https:\/\/www.estrategiaconcursos.com.br\/blog\/gabarito-extraoficial-tjmg-comissario-da-infancia-e-da-juventude-lodj-e-regimento\/","url":"https:\/\/www.estrategiaconcursos.com.br\/blog\/gabarito-extraoficial-tjmg-comissario-da-infancia-e-da-juventude-lodj-e-regimento\/","name":"Gabarito Extraoficial - TJMG - Comiss\u00e1rio da Inf\u00e2ncia e da Juventude - LODJ e Regimento","isPartOf":{"@id":"https:\/\/www.estrategiaconcursos.com.br\/blog\/#website"},"datePublished":"2017-09-25T00:09:53+00:00","dateModified":"2017-09-25T00:14:06+00:00","breadcrumb":{"@id":"https:\/\/www.estrategiaconcursos.com.br\/blog\/gabarito-extraoficial-tjmg-comissario-da-infancia-e-da-juventude-lodj-e-regimento\/#breadcrumb"},"inLanguage":"pt-BR","potentialAction":[{"@type":"ReadAction","target":["https:\/\/www.estrategiaconcursos.com.br\/blog\/gabarito-extraoficial-tjmg-comissario-da-infancia-e-da-juventude-lodj-e-regimento\/"]}]},{"@type":"BreadcrumbList","@id":"https:\/\/www.estrategiaconcursos.com.br\/blog\/gabarito-extraoficial-tjmg-comissario-da-infancia-e-da-juventude-lodj-e-regimento\/#breadcrumb","itemListElement":[{"@type":"ListItem","position":1,"name":"In\u00edcio","item":"https:\/\/www.estrategiaconcursos.com.br\/blog\/"},{"@type":"ListItem","position":2,"name":"Gabarito Extraoficial &#8211; TJMG &#8211; Comiss\u00e1rio da Inf\u00e2ncia e da Juventude &#8211; LODJ e Regimento"}]},{"@type":"WebSite","@id":"https:\/\/www.estrategiaconcursos.com.br\/blog\/#website","url":"https:\/\/www.estrategiaconcursos.com.br\/blog\/","name":"Estrat\u00e9gia Concursos","description":"O blog da Estrat\u00e9gia Concursos traz not\u00edcias sobre concursos e artigos de professores oferecendo cursos para concursos (pdf + videaulas) no site.","publisher":{"@id":"https:\/\/www.estrategiaconcursos.com.br\/blog\/#organization"},"potentialAction":[{"@type":"SearchAction","target":{"@type":"EntryPoint","urlTemplate":"https:\/\/www.estrategiaconcursos.com.br\/blog\/?s={search_term_string}"},"query-input":{"@type":"PropertyValueSpecification","valueRequired":true,"valueName":"search_term_string"}}],"inLanguage":"pt-BR"},{"@type":"Organization","@id":"https:\/\/www.estrategiaconcursos.com.br\/blog\/#organization","name":"Estrat\u00e9gia Concursos","url":"https:\/\/www.estrategiaconcursos.com.br\/blog\/","logo":{"@type":"ImageObject","inLanguage":"pt-BR","@id":"https:\/\/www.estrategiaconcursos.com.br\/blog\/#\/schema\/logo\/image\/","url":"https:\/\/dhg1h5j42swfq.cloudfront.net\/2025\/06\/03203428\/logo_concursos-1.jpg","contentUrl":"https:\/\/dhg1h5j42swfq.cloudfront.net\/2025\/06\/03203428\/logo_concursos-1.jpg","width":230,"height":60,"caption":"Estrat\u00e9gia Concursos"},"image":{"@id":"https:\/\/www.estrategiaconcursos.com.br\/blog\/#\/schema\/logo\/image\/"},"sameAs":["https:\/\/x.com\/EstratConcursos"]},{"@type":"Person","@id":"https:\/\/www.estrategiaconcursos.com.br\/blog\/#\/schema\/person\/80ff9f9f52e43a90b6efd99f2869d22b","name":"Paulo Guimar\u00e3es","image":{"@type":"ImageObject","inLanguage":"pt-BR","@id":"https:\/\/secure.gravatar.com\/avatar\/08d24bbaa2d103a1d6aba72ee81baa1680267436588d5d9cfb8d32c3aa4ca278?s=96&d=mm&r=g","url":"https:\/\/secure.gravatar.com\/avatar\/08d24bbaa2d103a1d6aba72ee81baa1680267436588d5d9cfb8d32c3aa4ca278?s=96&d=mm&r=g","contentUrl":"https:\/\/secure.gravatar.com\/avatar\/08d24bbaa2d103a1d6aba72ee81baa1680267436588d5d9cfb8d32c3aa4ca278?s=96&d=mm&r=g","caption":"Paulo Guimar\u00e3es"},"url":"https:\/\/www.estrategiaconcursos.com.br\/blog\/author\/pauloguimaraesestrategiaconcursos-com-br\/"}]}},"_links":{"self":[{"href":"https:\/\/www.estrategiaconcursos.com.br\/blog\/wp-json\/wp\/v2\/posts\/90132","targetHints":{"allow":["GET"]}}],"collection":[{"href":"https:\/\/www.estrategiaconcursos.com.br\/blog\/wp-json\/wp\/v2\/posts"}],"about":[{"href":"https:\/\/www.estrategiaconcursos.com.br\/blog\/wp-json\/wp\/v2\/types\/post"}],"author":[{"embeddable":true,"href":"https:\/\/www.estrategiaconcursos.com.br\/blog\/wp-json\/wp\/v2\/users\/99"}],"replies":[{"embeddable":true,"href":"https:\/\/www.estrategiaconcursos.com.br\/blog\/wp-json\/wp\/v2\/comments?post=90132"}],"version-history":[{"count":2,"href":"https:\/\/www.estrategiaconcursos.com.br\/blog\/wp-json\/wp\/v2\/posts\/90132\/revisions"}],"predecessor-version":[{"id":90150,"href":"https:\/\/www.estrategiaconcursos.com.br\/blog\/wp-json\/wp\/v2\/posts\/90132\/revisions\/90150"}],"wp:attachment":[{"href":"https:\/\/www.estrategiaconcursos.com.br\/blog\/wp-json\/wp\/v2\/media?parent=90132"}],"wp:term":[{"taxonomy":"category","embeddable":true,"href":"https:\/\/www.estrategiaconcursos.com.br\/blog\/wp-json\/wp\/v2\/categories?post=90132"},{"taxonomy":"post_tag","embeddable":true,"href":"https:\/\/www.estrategiaconcursos.com.br\/blog\/wp-json\/wp\/v2\/tags?post=90132"},{"taxonomy":"tax_estado","embeddable":true,"href":"https:\/\/www.estrategiaconcursos.com.br\/blog\/wp-json\/wp\/v2\/tax_estado?post=90132"}],"curies":[{"name":"wp","href":"https:\/\/api.w.org\/{rel}","templated":true}]}}