{"id":901234,"date":"2021-11-05T16:00:00","date_gmt":"2021-11-05T19:00:00","guid":{"rendered":"https:\/\/www.estrategiaconcursos.com.br\/blog\/?p=901234"},"modified":"2021-11-05T10:48:34","modified_gmt":"2021-11-05T13:48:34","slug":"ultimo-concurso-receita-federal-ha-7-anos-alerta-sindifisco","status":"publish","type":"post","link":"https:\/\/www.estrategiaconcursos.com.br\/blog\/ultimo-concurso-receita-federal-ha-7-anos-alerta-sindifisco\/","title":{"rendered":"\u00daltimo concurso da RFB foi h\u00e1 7 anos, alerta Sindifisco"},"content":{"rendered":"\n<h3 class=\"wp-block-heading\">&#8220;<em>Esse \u00e9 o espa\u00e7o de tempo mais longo sem concurso&#8221;, alertou o Sindicato<\/em><\/h3>\n\n\n\n<p>A convite da Diretoria Nacional, foi realizado na \u00faltima quinta-feira, 04 de novembro, um encontro que contou com a presen\u00e7a de representantes da Receita Federal e de Auditores-Fiscais lotados na fronteira.<\/p>\n\n\n\n<p>O objetivo da reuni\u00e3o foi discutir a<strong> urg\u00eancia de um novo concurso p\u00fablico<\/strong> para recomposi\u00e7\u00e3o do quadro, assim como a <strong>abertura de concurso de remo\u00e7\u00e3o<\/strong>, para que esses servidores possam mudar de lota\u00e7\u00e3o.<\/p>\n\n\n\n<p>Segundo o presidente do <a href=\"https:\/\/www.sindifisconacional.org.br\/auditores-das-areas-de-fronteira-pressionam-pela-realizacao-de-concurso-junto-a-administracao-da-receita\/\" target=\"_blank\" rel=\"noreferrer noopener\">Sindifisco<\/a> Nacional, Kleber Cabral, esse \u00e9 o espa\u00e7o de tempo mais longo sem concurso, j\u00e1 s\u00e3o sete anos.<\/p>\n\n\n\n<p>Tal situa\u00e7\u00e3o vem <strong>agravando a qualidade de trabalho<\/strong> dos servidores ativos, que reclamam da falta de efetivo, da sobrecarrega\u00a0e desgaste.<\/p>\n\n\n\n<p><em>\u201cNosso apelo \u00e9 que transmitam ao secret\u00e1rio, j\u00e1 que ele n\u00e3o se fez presente, que a situa\u00e7\u00e3o est\u00e1 desesperadora. A gente vai percebendo que as pessoas v\u00e3o saindo, administrativamente ou pela via judicial, e <strong>isso s\u00f3 vai piorar<\/strong>. Precisa ter absoluta prioridade&#8221;<\/em>, ressaltou Kleber.<\/p>\n\n\n\n<h3 class=\"wp-block-heading\">\u00daltimo concurso RFB<\/h3>\n\n\n\n<p>O \u00faltimo concurso da Receita Federal aconteceu em <strong>2014<\/strong>, sob organiza\u00e7\u00e3o da ESAF. Na ocasi\u00e3o, foram ofertadas 278 para Auditor-Fiscal.<\/p>\n\n\n\n<p>Todos os habilitados e classificados foram convocados, sendo<strong>\u00a0550 nomeados<\/strong>. Durante a vig\u00eancia do certame, alguns candidatos foram nomeados por decis\u00e3o judicial.<\/p>\n\n\n\n<p class=\"has-text-align-center has-luminous-vivid-orange-color has-black-background-color has-text-color has-background\"> <strong>Quer estudar com quem mais aprova em concursos p\u00fablicos no Brasil, com um valor que cabe no seu bolso? Confira a nossa Black Friday!<\/strong> <strong><span style=\"text-decoration: underline;\">Clique no banner para participar<\/span>:<\/strong> <\/p>\n\n\n\n<div class=\"wp-block-image\"><figure class=\"aligncenter size-full\"><a href=\"https:\/\/gratis.estrategiaconcursos.com.br\/bf-ec\/\" target=\"_blank\" rel=\"noopener\"><img loading=\"lazy\" decoding=\"async\" width=\"801\" height=\"274\" src=\"https:\/\/dhg1h5j42swfq.cloudfront.net\/2021\/10\/28093835\/image-503.png\" alt=\"\u00daltimo concurso da RFB foi h\u00e1 7 anos, alerta Sindifisco\" class=\"wp-image-895601\" srcset=\"https:\/\/dhg1h5j42swfq.cloudfront.net\/2021\/10\/28093835\/image-503.png 801w, https:\/\/dhg1h5j42swfq.cloudfront.net\/2021\/10\/28093835\/image-503-300x103.png 300w, https:\/\/dhg1h5j42swfq.cloudfront.net\/2021\/10\/28093835\/image-503-768x263.png 768w, https:\/\/dhg1h5j42swfq.cloudfront.net\/2021\/10\/28093835\/image-503-610x209.png 610w\" sizes=\"auto, (max-width: 801px) 100vw, 801px\" \/><\/a><\/figure><\/div>\n\n\n\n<p class=\"has-text-align-center\"><em>Quer ficar por dentro de todas as informa\u00e7\u00f5es sobre o concurso Receita Federal? Ent\u00e3o n\u00e3o deixe de conferir nosso artigo completo sobre a sele\u00e7\u00e3o:<\/em><\/p>\n\n\n\n<p class=\"has-text-align-center has-luminous-vivid-amber-background-color has-background has-medium-font-size\"><strong>Mais informa\u00e7\u00f5es: <a href=\"https:\/\/www.estrategiaconcursos.com.br\/blog\/concurso-receita-federal\/\" target=\"_blank\" rel=\"noreferrer noopener\">Concurso Receita Federal<\/a><\/strong><\/p>\n\n\n\n<h2 class=\"has-text-align-center wp-block-heading\" id=\"cursos\">Quer estudar para o concurso Receita Federal?<\/h2>\n\n\n\n<div class=\"container\" id=\"boxes\">\n  <div class=\"row\">\n\n    <div class=\"col-sm\">\n      <div class=\"banner-fiscal\" id=\"box-assinatura\">\n        <h3 class=\"titulo-assinatura\">Receita Federal<\/h3>\n        <p class=\"subtitulo-assinatura\">Conhe\u00e7a os cursos<\/p>\n        <div class=\"box-botao\">\n          <a class=\"btn-assinatura\" target=\"_blank\" href=\"https:\/\/www.estrategiaconcursos.com.br\/cursosPorConcurso\/receita-federal-auditor-fiscal-7\/\" role=\"button\" rel=\"noopener noreferrer\">Conhe\u00e7a mais<\/a>\n        <\/div>\n      <\/div>\n     \n    <\/div>\n\n  <\/div>\n<\/div>\n","protected":false},"excerpt":{"rendered":"<p>&#8220;Esse \u00e9 o espa\u00e7o de tempo mais longo sem concurso&#8221;, alertou o Sindicato A convite da Diretoria Nacional, foi realizado na \u00faltima quinta-feira, 04 de novembro, um encontro que contou com a presen\u00e7a de representantes da Receita Federal e de Auditores-Fiscais lotados na fronteira. O objetivo da reuni\u00e3o foi discutir a urg\u00eancia de um novo [&hellip;]<\/p>\n","protected":false},"author":659,"featured_media":698463,"comment_status":"open","ping_status":"closed","sticky":false,"template":"","format":"standard","meta":{"post_tipo":"news","footnotes":""},"categories":[220182,220219],"tags":[],"tax_estado":[219963],"class_list":["post-901234","post","type-post","status-publish","format-standard","has-post-thumbnail","hentry","category-fiscal-federal","category-noticias","tax_estado-concursos-federais"],"acf":[],"yoast_head":"<!-- This site is optimized with the Yoast SEO Premium plugin v27.2 (Yoast SEO v27.2) - https:\/\/yoast.com\/product\/yoast-seo-premium-wordpress\/ -->\n<title>\u00daltimo concurso da RFB foi h\u00e1 7 anos, alerta Sindifisco<\/title>\n<meta name=\"description\" content=\"&quot;Esse \u00e9 o espa\u00e7o de tempo mais longo sem concurso&quot;, alertou o Sindicato, durante reuni\u00e3o com autoridade da Receita Federal.\" \/>\n<meta name=\"robots\" content=\"index, follow, max-snippet:-1, max-image-preview:large, max-video-preview:-1\" \/>\n<link rel=\"canonical\" href=\"https:\/\/www.estrategiaconcursos.com.br\/blog\/ultimo-concurso-receita-federal-ha-7-anos-alerta-sindifisco\/\" \/>\n<meta property=\"og:locale\" content=\"pt_BR\" \/>\n<meta property=\"og:type\" content=\"article\" \/>\n<meta property=\"og:title\" content=\"\u00daltimo concurso da RFB foi h\u00e1 7 anos, alerta Sindifisco\" \/>\n<meta property=\"og:description\" content=\"&quot;Esse \u00e9 o espa\u00e7o de tempo mais longo sem concurso&quot;, alertou o Sindicato, durante reuni\u00e3o com autoridade da Receita Federal.\" \/>\n<meta property=\"og:url\" content=\"https:\/\/www.estrategiaconcursos.com.br\/blog\/ultimo-concurso-receita-federal-ha-7-anos-alerta-sindifisco\/\" \/>\n<meta property=\"og:site_name\" content=\"Estrat\u00e9gia Concursos\" \/>\n<meta property=\"article:published_time\" content=\"2021-11-05T19:00:00+00:00\" \/>\n<meta property=\"og:image\" content=\"https:\/\/dhg1h5j42swfq.cloudfront.net\/2021\/03\/22153002\/concurso-receita-federal.jpg\" \/>\n\t<meta property=\"og:image:width\" content=\"1200\" \/>\n\t<meta property=\"og:image:height\" content=\"628\" \/>\n\t<meta property=\"og:image:type\" content=\"image\/jpeg\" \/>\n<meta name=\"author\" content=\"Camila Leite\" \/>\n<meta name=\"twitter:card\" content=\"summary_large_image\" \/>\n<meta name=\"twitter:creator\" content=\"@EstratConcursos\" \/>\n<meta name=\"twitter:site\" content=\"@EstratConcursos\" \/>\n<meta name=\"twitter:label1\" content=\"Escrito por\" \/>\n\t<meta name=\"twitter:data1\" content=\"Camila Leite\" \/>\n\t<meta name=\"twitter:label2\" content=\"Est. tempo de leitura\" \/>\n\t<meta name=\"twitter:data2\" content=\"2 minutos\" \/>\n<script type=\"application\/ld+json\" class=\"yoast-schema-graph\">{\"@context\":\"https:\/\/schema.org\",\"@graph\":[{\"@type\":\"NewsArticle\",\"@id\":\"https:\/\/www.estrategiaconcursos.com.br\/blog\/ultimo-concurso-receita-federal-ha-7-anos-alerta-sindifisco\/#article\",\"isPartOf\":{\"@id\":\"https:\/\/www.estrategiaconcursos.com.br\/blog\/ultimo-concurso-receita-federal-ha-7-anos-alerta-sindifisco\/\"},\"author\":{\"name\":\"Camila Leite\",\"@id\":\"https:\/\/www.estrategiaconcursos.com.br\/blog\/#\/schema\/person\/84ecdc6eb58d3cf1689bf76c5cd8fb38\"},\"headline\":\"\u00daltimo concurso da RFB foi h\u00e1 7 anos, alerta Sindifisco\",\"datePublished\":\"2021-11-05T19:00:00+00:00\",\"mainEntityOfPage\":{\"@id\":\"https:\/\/www.estrategiaconcursos.com.br\/blog\/ultimo-concurso-receita-federal-ha-7-anos-alerta-sindifisco\/\"},\"wordCount\":310,\"commentCount\":0,\"publisher\":{\"@id\":\"https:\/\/www.estrategiaconcursos.com.br\/blog\/#organization\"},\"image\":{\"@id\":\"https:\/\/www.estrategiaconcursos.com.br\/blog\/ultimo-concurso-receita-federal-ha-7-anos-alerta-sindifisco\/#primaryimage\"},\"thumbnailUrl\":\"https:\/\/dhg1h5j42swfq.cloudfront.net\/2021\/03\/22153002\/concurso-receita-federal.jpg\",\"articleSection\":[\"Fiscal - Federal (RFB e AFT)\",\"\u00daltimas not\u00edcias\"],\"inLanguage\":\"pt-BR\",\"potentialAction\":[{\"@type\":\"CommentAction\",\"name\":\"Comment\",\"target\":[\"https:\/\/www.estrategiaconcursos.com.br\/blog\/ultimo-concurso-receita-federal-ha-7-anos-alerta-sindifisco\/#respond\"]}],\"copyrightYear\":\"2021\",\"copyrightHolder\":{\"@id\":\"https:\/\/www.estrategiaconcursos.com.br\/blog\/#organization\"}},{\"@type\":\"WebPage\",\"@id\":\"https:\/\/www.estrategiaconcursos.com.br\/blog\/ultimo-concurso-receita-federal-ha-7-anos-alerta-sindifisco\/\",\"url\":\"https:\/\/www.estrategiaconcursos.com.br\/blog\/ultimo-concurso-receita-federal-ha-7-anos-alerta-sindifisco\/\",\"name\":\"\u00daltimo concurso da RFB foi h\u00e1 7 anos, alerta Sindifisco\",\"isPartOf\":{\"@id\":\"https:\/\/www.estrategiaconcursos.com.br\/blog\/#website\"},\"primaryImageOfPage\":{\"@id\":\"https:\/\/www.estrategiaconcursos.com.br\/blog\/ultimo-concurso-receita-federal-ha-7-anos-alerta-sindifisco\/#primaryimage\"},\"image\":{\"@id\":\"https:\/\/www.estrategiaconcursos.com.br\/blog\/ultimo-concurso-receita-federal-ha-7-anos-alerta-sindifisco\/#primaryimage\"},\"thumbnailUrl\":\"https:\/\/dhg1h5j42swfq.cloudfront.net\/2021\/03\/22153002\/concurso-receita-federal.jpg\",\"datePublished\":\"2021-11-05T19:00:00+00:00\",\"description\":\"\\\"Esse \u00e9 o espa\u00e7o de tempo mais longo sem concurso\\\", alertou o Sindicato, durante reuni\u00e3o com autoridade da Receita Federal.\",\"breadcrumb\":{\"@id\":\"https:\/\/www.estrategiaconcursos.com.br\/blog\/ultimo-concurso-receita-federal-ha-7-anos-alerta-sindifisco\/#breadcrumb\"},\"inLanguage\":\"pt-BR\",\"potentialAction\":[{\"@type\":\"ReadAction\",\"target\":[\"https:\/\/www.estrategiaconcursos.com.br\/blog\/ultimo-concurso-receita-federal-ha-7-anos-alerta-sindifisco\/\"]}]},{\"@type\":\"ImageObject\",\"inLanguage\":\"pt-BR\",\"@id\":\"https:\/\/www.estrategiaconcursos.com.br\/blog\/ultimo-concurso-receita-federal-ha-7-anos-alerta-sindifisco\/#primaryimage\",\"url\":\"https:\/\/dhg1h5j42swfq.cloudfront.net\/2021\/03\/22153002\/concurso-receita-federal.jpg\",\"contentUrl\":\"https:\/\/dhg1h5j42swfq.cloudfront.net\/2021\/03\/22153002\/concurso-receita-federal.jpg\",\"width\":1200,\"height\":628,\"caption\":\"concurso Receita federal cronograma\"},{\"@type\":\"BreadcrumbList\",\"@id\":\"https:\/\/www.estrategiaconcursos.com.br\/blog\/ultimo-concurso-receita-federal-ha-7-anos-alerta-sindifisco\/#breadcrumb\",\"itemListElement\":[{\"@type\":\"ListItem\",\"position\":1,\"name\":\"In\u00edcio\",\"item\":\"https:\/\/www.estrategiaconcursos.com.br\/blog\/\"},{\"@type\":\"ListItem\",\"position\":2,\"name\":\"\u00daltimo concurso da RFB foi h\u00e1 7 anos, alerta Sindifisco\"}]},{\"@type\":\"WebSite\",\"@id\":\"https:\/\/www.estrategiaconcursos.com.br\/blog\/#website\",\"url\":\"https:\/\/www.estrategiaconcursos.com.br\/blog\/\",\"name\":\"Estrat\u00e9gia Concursos\",\"description\":\"O blog da Estrat\u00e9gia Concursos traz not\u00edcias sobre concursos e artigos de professores oferecendo cursos para concursos (pdf + videaulas) no site.\",\"publisher\":{\"@id\":\"https:\/\/www.estrategiaconcursos.com.br\/blog\/#organization\"},\"potentialAction\":[{\"@type\":\"SearchAction\",\"target\":{\"@type\":\"EntryPoint\",\"urlTemplate\":\"https:\/\/www.estrategiaconcursos.com.br\/blog\/?s={search_term_string}\"},\"query-input\":{\"@type\":\"PropertyValueSpecification\",\"valueRequired\":true,\"valueName\":\"search_term_string\"}}],\"inLanguage\":\"pt-BR\"},{\"@type\":\"Organization\",\"@id\":\"https:\/\/www.estrategiaconcursos.com.br\/blog\/#organization\",\"name\":\"Estrat\u00e9gia Concursos\",\"url\":\"https:\/\/www.estrategiaconcursos.com.br\/blog\/\",\"logo\":{\"@type\":\"ImageObject\",\"inLanguage\":\"pt-BR\",\"@id\":\"https:\/\/www.estrategiaconcursos.com.br\/blog\/#\/schema\/logo\/image\/\",\"url\":\"https:\/\/dhg1h5j42swfq.cloudfront.net\/2025\/06\/03203428\/logo_concursos-1.jpg\",\"contentUrl\":\"https:\/\/dhg1h5j42swfq.cloudfront.net\/2025\/06\/03203428\/logo_concursos-1.jpg\",\"width\":230,\"height\":60,\"caption\":\"Estrat\u00e9gia Concursos\"},\"image\":{\"@id\":\"https:\/\/www.estrategiaconcursos.com.br\/blog\/#\/schema\/logo\/image\/\"},\"sameAs\":[\"https:\/\/x.com\/EstratConcursos\"]},{\"@type\":\"Person\",\"@id\":\"https:\/\/www.estrategiaconcursos.com.br\/blog\/#\/schema\/person\/84ecdc6eb58d3cf1689bf76c5cd8fb38\",\"name\":\"Camila Leite\",\"image\":{\"@type\":\"ImageObject\",\"inLanguage\":\"pt-BR\",\"@id\":\"https:\/\/secure.gravatar.com\/avatar\/f2f8faef639c8a2bfb7fb909912a56917f4c3a0aed064500168e2fb8ea55cf61?s=96&d=mm&r=g\",\"url\":\"https:\/\/secure.gravatar.com\/avatar\/f2f8faef639c8a2bfb7fb909912a56917f4c3a0aed064500168e2fb8ea55cf61?s=96&d=mm&r=g\",\"contentUrl\":\"https:\/\/secure.gravatar.com\/avatar\/f2f8faef639c8a2bfb7fb909912a56917f4c3a0aed064500168e2fb8ea55cf61?s=96&d=mm&r=g\",\"caption\":\"Camila Leite\"},\"description\":\"Formada em Design Gr\u00e1fico e em Propaganda e Marketing pela UNIP, integra a equipe de jornalismo do Estrat\u00e9gia Concursos desde 2018. Ao longo dos anos, construiu uma s\u00f3lida experi\u00eancia na produ\u00e7\u00e3o de conte\u00fado informativo e relevante para concurseiros. Desde 2020, atua na cobertura das \u00e1reas Fiscal \u2014 com \u00eanfase nas Secretarias de Fazenda (Sefaz) das regi\u00f5es Sul e Sudeste \u2014, al\u00e9m da cobertura de concursos federais, como CNU, Petrobras, CGU, Receita Federal, ag\u00eancias reguladoras (Anvisa, ANAC, entre outras) e INSS. Mant\u00e9m contato direto com os principais \u00f3rg\u00e3os p\u00fablicos, acompanhando editais, atualiza\u00e7\u00f5es e movimenta\u00e7\u00f5es importantes para os candidatos.\",\"sameAs\":[\"https:\/\/www.linkedin.com\/in\/camila-pinheiro-leite-9ba135b6\/\"],\"url\":\"https:\/\/www.estrategiaconcursos.com.br\/blog\/author\/camila-leiteestrategiaconcursos-com-br\/\"}]}<\/script>\n<!-- \/ Yoast SEO Premium plugin. -->","yoast_head_json":{"title":"\u00daltimo concurso da RFB foi h\u00e1 7 anos, alerta Sindifisco","description":"\"Esse \u00e9 o espa\u00e7o de tempo mais longo sem concurso\", alertou o Sindicato, durante reuni\u00e3o com autoridade da Receita Federal.","robots":{"index":"index","follow":"follow","max-snippet":"max-snippet:-1","max-image-preview":"max-image-preview:large","max-video-preview":"max-video-preview:-1"},"canonical":"https:\/\/www.estrategiaconcursos.com.br\/blog\/ultimo-concurso-receita-federal-ha-7-anos-alerta-sindifisco\/","og_locale":"pt_BR","og_type":"article","og_title":"\u00daltimo concurso da RFB foi h\u00e1 7 anos, alerta Sindifisco","og_description":"\"Esse \u00e9 o espa\u00e7o de tempo mais longo sem concurso\", alertou o Sindicato, durante reuni\u00e3o com autoridade da Receita Federal.","og_url":"https:\/\/www.estrategiaconcursos.com.br\/blog\/ultimo-concurso-receita-federal-ha-7-anos-alerta-sindifisco\/","og_site_name":"Estrat\u00e9gia Concursos","article_published_time":"2021-11-05T19:00:00+00:00","og_image":[{"width":1200,"height":628,"url":"https:\/\/dhg1h5j42swfq.cloudfront.net\/2021\/03\/22153002\/concurso-receita-federal.jpg","type":"image\/jpeg"}],"author":"Camila Leite","twitter_card":"summary_large_image","twitter_creator":"@EstratConcursos","twitter_site":"@EstratConcursos","twitter_misc":{"Escrito por":"Camila Leite","Est. tempo de leitura":"2 minutos"},"schema":{"@context":"https:\/\/schema.org","@graph":[{"@type":"NewsArticle","@id":"https:\/\/www.estrategiaconcursos.com.br\/blog\/ultimo-concurso-receita-federal-ha-7-anos-alerta-sindifisco\/#article","isPartOf":{"@id":"https:\/\/www.estrategiaconcursos.com.br\/blog\/ultimo-concurso-receita-federal-ha-7-anos-alerta-sindifisco\/"},"author":{"name":"Camila Leite","@id":"https:\/\/www.estrategiaconcursos.com.br\/blog\/#\/schema\/person\/84ecdc6eb58d3cf1689bf76c5cd8fb38"},"headline":"\u00daltimo concurso da RFB foi h\u00e1 7 anos, alerta Sindifisco","datePublished":"2021-11-05T19:00:00+00:00","mainEntityOfPage":{"@id":"https:\/\/www.estrategiaconcursos.com.br\/blog\/ultimo-concurso-receita-federal-ha-7-anos-alerta-sindifisco\/"},"wordCount":310,"commentCount":0,"publisher":{"@id":"https:\/\/www.estrategiaconcursos.com.br\/blog\/#organization"},"image":{"@id":"https:\/\/www.estrategiaconcursos.com.br\/blog\/ultimo-concurso-receita-federal-ha-7-anos-alerta-sindifisco\/#primaryimage"},"thumbnailUrl":"https:\/\/dhg1h5j42swfq.cloudfront.net\/2021\/03\/22153002\/concurso-receita-federal.jpg","articleSection":["Fiscal - Federal (RFB e AFT)","\u00daltimas not\u00edcias"],"inLanguage":"pt-BR","potentialAction":[{"@type":"CommentAction","name":"Comment","target":["https:\/\/www.estrategiaconcursos.com.br\/blog\/ultimo-concurso-receita-federal-ha-7-anos-alerta-sindifisco\/#respond"]}],"copyrightYear":"2021","copyrightHolder":{"@id":"https:\/\/www.estrategiaconcursos.com.br\/blog\/#organization"}},{"@type":"WebPage","@id":"https:\/\/www.estrategiaconcursos.com.br\/blog\/ultimo-concurso-receita-federal-ha-7-anos-alerta-sindifisco\/","url":"https:\/\/www.estrategiaconcursos.com.br\/blog\/ultimo-concurso-receita-federal-ha-7-anos-alerta-sindifisco\/","name":"\u00daltimo concurso da RFB foi h\u00e1 7 anos, alerta Sindifisco","isPartOf":{"@id":"https:\/\/www.estrategiaconcursos.com.br\/blog\/#website"},"primaryImageOfPage":{"@id":"https:\/\/www.estrategiaconcursos.com.br\/blog\/ultimo-concurso-receita-federal-ha-7-anos-alerta-sindifisco\/#primaryimage"},"image":{"@id":"https:\/\/www.estrategiaconcursos.com.br\/blog\/ultimo-concurso-receita-federal-ha-7-anos-alerta-sindifisco\/#primaryimage"},"thumbnailUrl":"https:\/\/dhg1h5j42swfq.cloudfront.net\/2021\/03\/22153002\/concurso-receita-federal.jpg","datePublished":"2021-11-05T19:00:00+00:00","description":"\"Esse \u00e9 o espa\u00e7o de tempo mais longo sem concurso\", alertou o Sindicato, durante reuni\u00e3o com autoridade da Receita Federal.","breadcrumb":{"@id":"https:\/\/www.estrategiaconcursos.com.br\/blog\/ultimo-concurso-receita-federal-ha-7-anos-alerta-sindifisco\/#breadcrumb"},"inLanguage":"pt-BR","potentialAction":[{"@type":"ReadAction","target":["https:\/\/www.estrategiaconcursos.com.br\/blog\/ultimo-concurso-receita-federal-ha-7-anos-alerta-sindifisco\/"]}]},{"@type":"ImageObject","inLanguage":"pt-BR","@id":"https:\/\/www.estrategiaconcursos.com.br\/blog\/ultimo-concurso-receita-federal-ha-7-anos-alerta-sindifisco\/#primaryimage","url":"https:\/\/dhg1h5j42swfq.cloudfront.net\/2021\/03\/22153002\/concurso-receita-federal.jpg","contentUrl":"https:\/\/dhg1h5j42swfq.cloudfront.net\/2021\/03\/22153002\/concurso-receita-federal.jpg","width":1200,"height":628,"caption":"concurso Receita federal cronograma"},{"@type":"BreadcrumbList","@id":"https:\/\/www.estrategiaconcursos.com.br\/blog\/ultimo-concurso-receita-federal-ha-7-anos-alerta-sindifisco\/#breadcrumb","itemListElement":[{"@type":"ListItem","position":1,"name":"In\u00edcio","item":"https:\/\/www.estrategiaconcursos.com.br\/blog\/"},{"@type":"ListItem","position":2,"name":"\u00daltimo concurso da RFB foi h\u00e1 7 anos, alerta Sindifisco"}]},{"@type":"WebSite","@id":"https:\/\/www.estrategiaconcursos.com.br\/blog\/#website","url":"https:\/\/www.estrategiaconcursos.com.br\/blog\/","name":"Estrat\u00e9gia Concursos","description":"O blog da Estrat\u00e9gia Concursos traz not\u00edcias sobre concursos e artigos de professores oferecendo cursos para concursos (pdf + videaulas) no site.","publisher":{"@id":"https:\/\/www.estrategiaconcursos.com.br\/blog\/#organization"},"potentialAction":[{"@type":"SearchAction","target":{"@type":"EntryPoint","urlTemplate":"https:\/\/www.estrategiaconcursos.com.br\/blog\/?s={search_term_string}"},"query-input":{"@type":"PropertyValueSpecification","valueRequired":true,"valueName":"search_term_string"}}],"inLanguage":"pt-BR"},{"@type":"Organization","@id":"https:\/\/www.estrategiaconcursos.com.br\/blog\/#organization","name":"Estrat\u00e9gia Concursos","url":"https:\/\/www.estrategiaconcursos.com.br\/blog\/","logo":{"@type":"ImageObject","inLanguage":"pt-BR","@id":"https:\/\/www.estrategiaconcursos.com.br\/blog\/#\/schema\/logo\/image\/","url":"https:\/\/dhg1h5j42swfq.cloudfront.net\/2025\/06\/03203428\/logo_concursos-1.jpg","contentUrl":"https:\/\/dhg1h5j42swfq.cloudfront.net\/2025\/06\/03203428\/logo_concursos-1.jpg","width":230,"height":60,"caption":"Estrat\u00e9gia Concursos"},"image":{"@id":"https:\/\/www.estrategiaconcursos.com.br\/blog\/#\/schema\/logo\/image\/"},"sameAs":["https:\/\/x.com\/EstratConcursos"]},{"@type":"Person","@id":"https:\/\/www.estrategiaconcursos.com.br\/blog\/#\/schema\/person\/84ecdc6eb58d3cf1689bf76c5cd8fb38","name":"Camila Leite","image":{"@type":"ImageObject","inLanguage":"pt-BR","@id":"https:\/\/secure.gravatar.com\/avatar\/f2f8faef639c8a2bfb7fb909912a56917f4c3a0aed064500168e2fb8ea55cf61?s=96&d=mm&r=g","url":"https:\/\/secure.gravatar.com\/avatar\/f2f8faef639c8a2bfb7fb909912a56917f4c3a0aed064500168e2fb8ea55cf61?s=96&d=mm&r=g","contentUrl":"https:\/\/secure.gravatar.com\/avatar\/f2f8faef639c8a2bfb7fb909912a56917f4c3a0aed064500168e2fb8ea55cf61?s=96&d=mm&r=g","caption":"Camila Leite"},"description":"Formada em Design Gr\u00e1fico e em Propaganda e Marketing pela UNIP, integra a equipe de jornalismo do Estrat\u00e9gia Concursos desde 2018. Ao longo dos anos, construiu uma s\u00f3lida experi\u00eancia na produ\u00e7\u00e3o de conte\u00fado informativo e relevante para concurseiros. Desde 2020, atua na cobertura das \u00e1reas Fiscal \u2014 com \u00eanfase nas Secretarias de Fazenda (Sefaz) das regi\u00f5es Sul e Sudeste \u2014, al\u00e9m da cobertura de concursos federais, como CNU, Petrobras, CGU, Receita Federal, ag\u00eancias reguladoras (Anvisa, ANAC, entre outras) e INSS. Mant\u00e9m contato direto com os principais \u00f3rg\u00e3os p\u00fablicos, acompanhando editais, atualiza\u00e7\u00f5es e movimenta\u00e7\u00f5es importantes para os candidatos.","sameAs":["https:\/\/www.linkedin.com\/in\/camila-pinheiro-leite-9ba135b6\/"],"url":"https:\/\/www.estrategiaconcursos.com.br\/blog\/author\/camila-leiteestrategiaconcursos-com-br\/"}]}},"_links":{"self":[{"href":"https:\/\/www.estrategiaconcursos.com.br\/blog\/wp-json\/wp\/v2\/posts\/901234","targetHints":{"allow":["GET"]}}],"collection":[{"href":"https:\/\/www.estrategiaconcursos.com.br\/blog\/wp-json\/wp\/v2\/posts"}],"about":[{"href":"https:\/\/www.estrategiaconcursos.com.br\/blog\/wp-json\/wp\/v2\/types\/post"}],"author":[{"embeddable":true,"href":"https:\/\/www.estrategiaconcursos.com.br\/blog\/wp-json\/wp\/v2\/users\/659"}],"replies":[{"embeddable":true,"href":"https:\/\/www.estrategiaconcursos.com.br\/blog\/wp-json\/wp\/v2\/comments?post=901234"}],"version-history":[{"count":6,"href":"https:\/\/www.estrategiaconcursos.com.br\/blog\/wp-json\/wp\/v2\/posts\/901234\/revisions"}],"predecessor-version":[{"id":901359,"href":"https:\/\/www.estrategiaconcursos.com.br\/blog\/wp-json\/wp\/v2\/posts\/901234\/revisions\/901359"}],"wp:featuredmedia":[{"embeddable":true,"href":"https:\/\/www.estrategiaconcursos.com.br\/blog\/wp-json\/wp\/v2\/media\/698463"}],"wp:attachment":[{"href":"https:\/\/www.estrategiaconcursos.com.br\/blog\/wp-json\/wp\/v2\/media?parent=901234"}],"wp:term":[{"taxonomy":"category","embeddable":true,"href":"https:\/\/www.estrategiaconcursos.com.br\/blog\/wp-json\/wp\/v2\/categories?post=901234"},{"taxonomy":"post_tag","embeddable":true,"href":"https:\/\/www.estrategiaconcursos.com.br\/blog\/wp-json\/wp\/v2\/tags?post=901234"},{"taxonomy":"tax_estado","embeddable":true,"href":"https:\/\/www.estrategiaconcursos.com.br\/blog\/wp-json\/wp\/v2\/tax_estado?post=901234"}],"curies":[{"name":"wp","href":"https:\/\/api.w.org\/{rel}","templated":true}]}}