{"id":900029,"date":"2021-11-03T19:39:58","date_gmt":"2021-11-03T22:39:58","guid":{"rendered":"https:\/\/www.estrategiaconcursos.com.br\/blog\/?p=900029"},"modified":"2021-11-04T18:34:34","modified_gmt":"2021-11-04T21:34:34","slug":"concursos-pf-prf-depen-convocacao-excedentes","status":"publish","type":"post","link":"https:\/\/www.estrategiaconcursos.com.br\/blog\/concursos-pf-prf-depen-convocacao-excedentes\/","title":{"rendered":"Concursos PF, PRF e Depen: poss\u00edvel convoca\u00e7\u00e3o dos excedentes"},"content":{"rendered":"\n<p>Ol\u00e1, corujas! Nesta quarta-feira, 3 de novembro, a Comiss\u00e3o de Seguran\u00e7a P\u00fablica e Combate ao Crime Organizado, aprovou duas Emendas na LOA 2022 que visam convocar os <strong>excedentes<\/strong> dos <strong>concursos PF, PRF e Depen<\/strong>. O an\u00fancio se deu por meio das <a href=\"https:\/\/www.instagram.com\/p\/CV1CRmxjaWj\/?utm_source=ig_embed&amp;ig_rid=c01876ea-62ef-4f6d-a492-f8e927f550f2\" target=\"_blank\" rel=\"noreferrer noopener\">redes sociais<\/a>.<\/p>\n\n\n\n<div class=\"wp-block-image\"><figure class=\"aligncenter size-full is-resized\"><img loading=\"lazy\" decoding=\"async\" src=\"https:\/\/dhg1h5j42swfq.cloudfront.net\/2021\/09\/10174122\/rodovidaprf-1024x768-1.jpg\" alt=\"\" class=\"wp-image-858856\" width=\"705\" height=\"529\" srcset=\"https:\/\/dhg1h5j42swfq.cloudfront.net\/2021\/09\/10174122\/rodovidaprf-1024x768-1.jpg 1024w, https:\/\/dhg1h5j42swfq.cloudfront.net\/2021\/09\/10174122\/rodovidaprf-1024x768-1-300x225.jpg 300w, https:\/\/dhg1h5j42swfq.cloudfront.net\/2021\/09\/10174122\/rodovidaprf-1024x768-1-768x576.jpg 768w, https:\/\/dhg1h5j42swfq.cloudfront.net\/2021\/09\/10174122\/rodovidaprf-1024x768-1-610x458.jpg 610w\" sizes=\"auto, (max-width: 705px) 100vw, 705px\" \/><figcaption>Excedentes de concursos policiais federais poder\u00e3o ser convocados | Imagem: reprodu\u00e7\u00e3o<\/figcaption><\/figure><\/div>\n\n\n\n<p>Em vota\u00e7\u00e3o un\u00e2nime, as Emendas 12 e 13 foram aprovadas no or\u00e7amento da LOA 2022 para os Cursos de Forma\u00e7\u00e3o Profissional dos aprovados excedentes da PF, PRF e DEPEN, al\u00e9m da reestrutura\u00e7\u00e3o de carreiras dos 3 \u00f3rg\u00e3os.<\/p>\n\n\n\n<blockquote class=\"wp-block-quote is-layout-flow wp-block-quote-is-layout-flow\"><p><em>&#8220;As pessoas n\u00e3o entendem o quanto \u00e9 dif\u00edcil fazer um concurso para as pol\u00edcias federais no Brasil, o qu\u00e3o caro \u00e9 e o qu\u00e3o dif\u00edcil \u00e9, que esses colegas que est\u00e3o aqui hoje, t\u00eam de atingir essa aprova\u00e7\u00e3o. Por isso o momento de chamar todos os excedentes \u00c9 AGORA!&#8221;,<\/em> afirmou o delegado Pablo Pontual.<\/p><\/blockquote>\n\n\n\n<p>Pontual ainda ressaltou a import\u00e2ncia do fortalecimento das for\u00e7as de seguran\u00e7a p\u00fablica e do aproveitamento de candidatos j\u00e1 aprovados em todas as fases do certame, o que gera economicidade para os cofres p\u00fablicos.<\/p>\n\n\n\n<p>Al\u00e9m disso, \u00e9 v\u00e1lido ressaltar que o <a href=\"https:\/\/www.estrategiaconcursos.com.br\/blog\/bolsonaro-excedentes-pf-prf\/\" target=\"_blank\" rel=\"noreferrer noopener\">Presidente Jair Bolsonaro<\/a> j\u00e1 havia se manifestado acerca das convoca\u00e7\u00f5es dos excedentes nos concursos PF, PRF.<\/p>\n\n\n\n<blockquote class=\"wp-block-quote is-style-default is-layout-flow wp-block-quote-is-layout-flow\"><p><em>&#8220;Teria uma terceira turma [de excedentes]? Eu entendo que \u00e9 vantajoso para n\u00f3s [a convoca\u00e7\u00e3o]. O que for poss\u00edvel, dentro da lei, n\u00f3s vamos aproveitar essa garotada [aprovados nos concursos]&#8221;<\/em>, confirmou Bolsonaro.<\/p><\/blockquote>\n\n\n\n<h3 class=\"wp-block-heading\">Concurso PF<\/h3>\n\n\n\n<p>O edital da Pol\u00edcia Federal ofertou\u00a0<strong>1.500 vagas<\/strong>\u00a0para os cargos de Agente, Escriv\u00e3o, Papiloscopista e\u00a0<a href=\"https:\/\/www.estrategiaconcursos.com.br\/blog\/concurso-delegado-pf\/\" target=\"_blank\" rel=\"noreferrer noopener\">Delegado<\/a>. De acordo com\u00a0<a href=\"https:\/\/dhg1h5j42swfq.cloudfront.net\/2021\/05\/18165054\/pf_21____demanda_candidatos_por_vaga.pdf\" target=\"_blank\" rel=\"noreferrer noopener\">documento publicado<\/a>, a sele\u00e7\u00e3o registrou o total de\u00a0<strong>321.615 inscritos<\/strong>, sendo o cargo de Agente o mais procurado com mais de 222 mil inscri\u00e7\u00f5es.<\/p>\n\n\n\n<h3 class=\"wp-block-heading\">Concurso PRF<\/h3>\n\n\n\n<p>Recheado de pol\u00eamicas e suspens\u00f5es, o\u00a0<strong>concurso p\u00fablico da Pol\u00edcia Rodovi\u00e1ria Federal<\/strong>\u00a0ofertou\u00a0<strong>1.500 vagas<\/strong>, sendo 1.125 para ampla concorr\u00eancia, 300 para negros e 75 para candidatos com defici\u00eancia. O sal\u00e1rio deste\u00a0<a href=\"https:\/\/www.estrategiaconcursos.com.br\/blog\/concursos-de-policia\/\" target=\"_blank\" rel=\"noreferrer noopener\">concurso policial<\/a>\u00a0\u00e9 na forma de subs\u00eddio, o qual, no in\u00edcio de carreira, \u00e9 no valor de<strong>\u00a0R$ 9.899,88.<\/strong><\/p>\n\n\n\n<h3 class=\"wp-block-heading\">Concurso Depen<\/h3>\n\n\n\n<p>J\u00e1 o concurso <strong>Depen <\/strong>ofereceu <strong>309 vagas<\/strong> entre as \u00e1reas administrativas e policiais, que dever\u00e1 receber uma segunda turma de aprovados.<\/p>\n\n\n\n<p>Para mais informa\u00e7\u00f5es dos concursos PF, PRF e Depen, cujos aprovados excedentes poder\u00e3o ser convocados, acesse os links abaixo. Preparamos artigos completos para voc\u00ea!<\/p>\n\n\n\n<p class=\"has-text-align-center has-cyan-bluish-gray-background-color has-background has-medium-font-size\"><strong>Concursos <a href=\"https:\/\/www.estrategiaconcursos.com.br\/blog\/concurso-policia-federal\/\" target=\"_blank\" rel=\"noreferrer noopener\">PF<\/a> | <a href=\"https:\/\/www.estrategiaconcursos.com.br\/blog\/concurso-prf-3\/\" target=\"_blank\" rel=\"noreferrer noopener\">PRF<\/a><\/strong> | <a href=\"https:\/\/www.estrategiaconcursos.com.br\/blog\/concurso-depen-pr\/\" target=\"_blank\" rel=\"noreferrer noopener\"><strong>Depen<\/strong><\/a><\/p>\n\n\n\n<p class=\"has-text-align-center has-luminous-vivid-orange-color has-black-background-color has-text-color has-background\"><strong>Quer estudar com quem mais aprova em concursos p\u00fablicos no Brasil, com um valor que cabe no seu bolso? Confira a nossa Black Friday!<\/strong>&nbsp;<strong>Clique no banner para participar:<\/strong><\/p>\n\n\n\n<figure class=\"wp-block-image\"><a href=\"https:\/\/gratis.estrategiaconcursos.com.br\/bf-ec\/\" target=\"_blank\" rel=\"noreferrer noopener\"><img loading=\"lazy\" decoding=\"async\" width=\"801\" height=\"274\" src=\"https:\/\/dhg1h5j42swfq.cloudfront.net\/2021\/10\/28093835\/image-503.png\" alt=\"\" class=\"wp-image-895601\" srcset=\"https:\/\/dhg1h5j42swfq.cloudfront.net\/2021\/10\/28093835\/image-503.png 801w, https:\/\/dhg1h5j42swfq.cloudfront.net\/2021\/10\/28093835\/image-503-300x103.png 300w, https:\/\/dhg1h5j42swfq.cloudfront.net\/2021\/10\/28093835\/image-503-768x263.png 768w, https:\/\/dhg1h5j42swfq.cloudfront.net\/2021\/10\/28093835\/image-503-610x209.png 610w\" sizes=\"auto, (max-width: 801px) 100vw, 801px\" \/><\/a><\/figure>\n\n\n\n<h2 class=\"has-text-align-center wp-block-heading\" id=\"cursos\">Quer saber tudo sobre concursos previstos?<br \/>Confira nossos artigos!<\/h2>\n\n\n\n<ul class=\"wp-block-list\"><li><a href=\"https:\/\/www.estrategiaconcursos.com.br\/blog\/concursos-abertos\/\">Concursos abertos<\/a><\/li><li><a href=\"https:\/\/www.estrategiaconcursos.com.br\/blog\/concursos-2021\/\">Concursos 2021<\/a><\/li><li><a href=\"https:\/\/www.estrategiaconcursos.com.br\/blog\/concursos-2022\/\">Concursos 2022<\/a><\/li><\/ul>\n\n\n\n<div class=\"container\" id=\"boxes\">\n  <div class=\"row\">\n\n    <div class=\"col-sm\">\n      <div class=\"estrategia\" id=\"box-assinatura\">\n        <h3 class=\"titulo-assinatura\">Assinatura Concursos<\/h3>\n        <p class=\"subtitulo-assinatura\">Assinatura de 1 ano ou 2 anos<\/p>\n        <div class=\"box-botao\">\n          <a class=\"btn-assinatura\" target=\"_blank\" href=\"https:\/\/www.estrategiaconcursos.com.br\/assinaturas\/\" role=\"button\" rel=\"noopener noreferrer\">ASSINE AGORA<\/a>\n        <\/div>\n      <\/div>\n     \n    <\/div><\/div><\/div>\n","protected":false},"excerpt":{"rendered":"<p>Ol\u00e1, corujas! Nesta quarta-feira, 3 de novembro, a Comiss\u00e3o de Seguran\u00e7a P\u00fablica e Combate ao Crime Organizado, aprovou duas Emendas na LOA 2022 que visam convocar os excedentes dos concursos PF, PRF e Depen. O an\u00fancio se deu por meio das redes sociais. Em vota\u00e7\u00e3o un\u00e2nime, as Emendas 12 e 13 foram aprovadas no or\u00e7amento [&hellip;]<\/p>\n","protected":false},"author":2134,"featured_media":698496,"comment_status":"open","ping_status":"closed","sticky":false,"template":"","format":"standard","meta":{"post_tipo":"news","footnotes":""},"categories":[220194,220188,1988,220219],"tags":[],"tax_estado":[219963],"class_list":["post-900029","post","type-post","status-publish","format-standard","has-post-thumbnail","hentry","category-delegado","category-policial-agente-penitenciario","category-policia","category-noticias","tax_estado-concursos-federais"],"acf":[],"yoast_head":"<!-- This site is optimized with the Yoast SEO Premium plugin v27.2 (Yoast SEO v27.2) - https:\/\/yoast.com\/product\/yoast-seo-premium-wordpress\/ -->\n<title>Concursos PF, PRF e Depen: poss\u00edvel convoca\u00e7\u00e3o dos excedentes<\/title>\n<meta name=\"description\" content=\"Mais excedentes dos concursos PF, PRF e Depen poder\u00e3o ser convocados, segundo informa\u00e7\u00f5es do Delegado Pontual. Confira no site!\" \/>\n<meta name=\"robots\" content=\"index, follow, max-snippet:-1, max-image-preview:large, max-video-preview:-1\" \/>\n<link rel=\"canonical\" href=\"https:\/\/www.estrategiaconcursos.com.br\/blog\/concursos-pf-prf-depen-convocacao-excedentes\/\" \/>\n<meta property=\"og:locale\" content=\"pt_BR\" \/>\n<meta property=\"og:type\" content=\"article\" \/>\n<meta property=\"og:title\" content=\"Concursos PF, PRF e Depen: poss\u00edvel convoca\u00e7\u00e3o dos excedentes\" \/>\n<meta property=\"og:description\" content=\"Mais excedentes dos concursos PF, PRF e Depen poder\u00e3o ser convocados, segundo informa\u00e7\u00f5es do Delegado Pontual. Confira no site!\" \/>\n<meta property=\"og:url\" content=\"https:\/\/www.estrategiaconcursos.com.br\/blog\/concursos-pf-prf-depen-convocacao-excedentes\/\" \/>\n<meta property=\"og:site_name\" content=\"Estrat\u00e9gia Concursos\" \/>\n<meta property=\"article:published_time\" content=\"2021-11-03T22:39:58+00:00\" \/>\n<meta property=\"article:modified_time\" content=\"2021-11-04T21:34:34+00:00\" \/>\n<meta property=\"og:image\" content=\"https:\/\/dhg1h5j42swfq.cloudfront.net\/2021\/03\/22154112\/concursos-de-policia.jpg\" \/>\n\t<meta property=\"og:image:width\" content=\"1200\" \/>\n\t<meta property=\"og:image:height\" content=\"628\" \/>\n\t<meta property=\"og:image:type\" content=\"image\/jpeg\" \/>\n<meta name=\"author\" content=\"Rafaela Teixeira\" \/>\n<meta name=\"twitter:card\" content=\"summary_large_image\" \/>\n<meta name=\"twitter:creator\" content=\"@EstratConcursos\" \/>\n<meta name=\"twitter:site\" content=\"@EstratConcursos\" \/>\n<meta name=\"twitter:label1\" content=\"Escrito por\" \/>\n\t<meta name=\"twitter:data1\" content=\"Rafaela Teixeira\" \/>\n\t<meta name=\"twitter:label2\" content=\"Est. tempo de leitura\" \/>\n\t<meta name=\"twitter:data2\" content=\"3 minutos\" \/>\n<script type=\"application\/ld+json\" class=\"yoast-schema-graph\">{\"@context\":\"https:\/\/schema.org\",\"@graph\":[{\"@type\":\"NewsArticle\",\"@id\":\"https:\/\/www.estrategiaconcursos.com.br\/blog\/concursos-pf-prf-depen-convocacao-excedentes\/#article\",\"isPartOf\":{\"@id\":\"https:\/\/www.estrategiaconcursos.com.br\/blog\/concursos-pf-prf-depen-convocacao-excedentes\/\"},\"author\":{\"name\":\"Rafaela Teixeira\",\"@id\":\"https:\/\/www.estrategiaconcursos.com.br\/blog\/#\/schema\/person\/e75352021ea7f60781c599934f916eb1\"},\"headline\":\"Concursos PF, PRF e Depen: poss\u00edvel convoca\u00e7\u00e3o dos excedentes\",\"datePublished\":\"2021-11-03T22:39:58+00:00\",\"dateModified\":\"2021-11-04T21:34:34+00:00\",\"mainEntityOfPage\":{\"@id\":\"https:\/\/www.estrategiaconcursos.com.br\/blog\/concursos-pf-prf-depen-convocacao-excedentes\/\"},\"wordCount\":473,\"commentCount\":0,\"publisher\":{\"@id\":\"https:\/\/www.estrategiaconcursos.com.br\/blog\/#organization\"},\"image\":{\"@id\":\"https:\/\/www.estrategiaconcursos.com.br\/blog\/concursos-pf-prf-depen-convocacao-excedentes\/#primaryimage\"},\"thumbnailUrl\":\"https:\/\/dhg1h5j42swfq.cloudfront.net\/2021\/03\/22154112\/concursos-de-policia.jpg\",\"articleSection\":[\"Jur\u00eddico - Delegado\",\"Policial (Agente Penitenci\u00e1rio)\",\"Policial (Agente, Escriv\u00e3o e Investigador)\",\"\u00daltimas not\u00edcias\"],\"inLanguage\":\"pt-BR\",\"potentialAction\":[{\"@type\":\"CommentAction\",\"name\":\"Comment\",\"target\":[\"https:\/\/www.estrategiaconcursos.com.br\/blog\/concursos-pf-prf-depen-convocacao-excedentes\/#respond\"]}],\"copyrightYear\":\"2021\",\"copyrightHolder\":{\"@id\":\"https:\/\/www.estrategiaconcursos.com.br\/blog\/#organization\"}},{\"@type\":\"WebPage\",\"@id\":\"https:\/\/www.estrategiaconcursos.com.br\/blog\/concursos-pf-prf-depen-convocacao-excedentes\/\",\"url\":\"https:\/\/www.estrategiaconcursos.com.br\/blog\/concursos-pf-prf-depen-convocacao-excedentes\/\",\"name\":\"Concursos PF, PRF e Depen: poss\u00edvel convoca\u00e7\u00e3o dos excedentes\",\"isPartOf\":{\"@id\":\"https:\/\/www.estrategiaconcursos.com.br\/blog\/#website\"},\"primaryImageOfPage\":{\"@id\":\"https:\/\/www.estrategiaconcursos.com.br\/blog\/concursos-pf-prf-depen-convocacao-excedentes\/#primaryimage\"},\"image\":{\"@id\":\"https:\/\/www.estrategiaconcursos.com.br\/blog\/concursos-pf-prf-depen-convocacao-excedentes\/#primaryimage\"},\"thumbnailUrl\":\"https:\/\/dhg1h5j42swfq.cloudfront.net\/2021\/03\/22154112\/concursos-de-policia.jpg\",\"datePublished\":\"2021-11-03T22:39:58+00:00\",\"dateModified\":\"2021-11-04T21:34:34+00:00\",\"description\":\"Mais excedentes dos concursos PF, PRF e Depen poder\u00e3o ser convocados, segundo informa\u00e7\u00f5es do Delegado Pontual. Confira no site!\",\"breadcrumb\":{\"@id\":\"https:\/\/www.estrategiaconcursos.com.br\/blog\/concursos-pf-prf-depen-convocacao-excedentes\/#breadcrumb\"},\"inLanguage\":\"pt-BR\",\"potentialAction\":[{\"@type\":\"ReadAction\",\"target\":[\"https:\/\/www.estrategiaconcursos.com.br\/blog\/concursos-pf-prf-depen-convocacao-excedentes\/\"]}]},{\"@type\":\"ImageObject\",\"inLanguage\":\"pt-BR\",\"@id\":\"https:\/\/www.estrategiaconcursos.com.br\/blog\/concursos-pf-prf-depen-convocacao-excedentes\/#primaryimage\",\"url\":\"https:\/\/dhg1h5j42swfq.cloudfront.net\/2021\/03\/22154112\/concursos-de-policia.jpg\",\"contentUrl\":\"https:\/\/dhg1h5j42swfq.cloudfront.net\/2021\/03\/22154112\/concursos-de-policia.jpg\",\"width\":1200,\"height\":628,\"caption\":\"Quais s\u00e3o os estados com concursos policiais previstos?\"},{\"@type\":\"BreadcrumbList\",\"@id\":\"https:\/\/www.estrategiaconcursos.com.br\/blog\/concursos-pf-prf-depen-convocacao-excedentes\/#breadcrumb\",\"itemListElement\":[{\"@type\":\"ListItem\",\"position\":1,\"name\":\"In\u00edcio\",\"item\":\"https:\/\/www.estrategiaconcursos.com.br\/blog\/\"},{\"@type\":\"ListItem\",\"position\":2,\"name\":\"Concursos PF, PRF e Depen: poss\u00edvel convoca\u00e7\u00e3o dos excedentes\"}]},{\"@type\":\"WebSite\",\"@id\":\"https:\/\/www.estrategiaconcursos.com.br\/blog\/#website\",\"url\":\"https:\/\/www.estrategiaconcursos.com.br\/blog\/\",\"name\":\"Estrat\u00e9gia Concursos\",\"description\":\"O blog da Estrat\u00e9gia Concursos traz not\u00edcias sobre concursos e artigos de professores oferecendo cursos para concursos (pdf + videaulas) no site.\",\"publisher\":{\"@id\":\"https:\/\/www.estrategiaconcursos.com.br\/blog\/#organization\"},\"potentialAction\":[{\"@type\":\"SearchAction\",\"target\":{\"@type\":\"EntryPoint\",\"urlTemplate\":\"https:\/\/www.estrategiaconcursos.com.br\/blog\/?s={search_term_string}\"},\"query-input\":{\"@type\":\"PropertyValueSpecification\",\"valueRequired\":true,\"valueName\":\"search_term_string\"}}],\"inLanguage\":\"pt-BR\"},{\"@type\":\"Organization\",\"@id\":\"https:\/\/www.estrategiaconcursos.com.br\/blog\/#organization\",\"name\":\"Estrat\u00e9gia Concursos\",\"url\":\"https:\/\/www.estrategiaconcursos.com.br\/blog\/\",\"logo\":{\"@type\":\"ImageObject\",\"inLanguage\":\"pt-BR\",\"@id\":\"https:\/\/www.estrategiaconcursos.com.br\/blog\/#\/schema\/logo\/image\/\",\"url\":\"https:\/\/dhg1h5j42swfq.cloudfront.net\/2025\/06\/03203428\/logo_concursos-1.jpg\",\"contentUrl\":\"https:\/\/dhg1h5j42swfq.cloudfront.net\/2025\/06\/03203428\/logo_concursos-1.jpg\",\"width\":230,\"height\":60,\"caption\":\"Estrat\u00e9gia Concursos\"},\"image\":{\"@id\":\"https:\/\/www.estrategiaconcursos.com.br\/blog\/#\/schema\/logo\/image\/\"},\"sameAs\":[\"https:\/\/x.com\/EstratConcursos\"]},{\"@type\":\"Person\",\"@id\":\"https:\/\/www.estrategiaconcursos.com.br\/blog\/#\/schema\/person\/e75352021ea7f60781c599934f916eb1\",\"name\":\"Rafaela Teixeira\",\"image\":{\"@type\":\"ImageObject\",\"inLanguage\":\"pt-BR\",\"@id\":\"https:\/\/secure.gravatar.com\/avatar\/8a349a2b22039b1ee88fc06461487c950fd6aa411ea8af8633314b43334ae793?s=96&d=mm&r=g\",\"url\":\"https:\/\/secure.gravatar.com\/avatar\/8a349a2b22039b1ee88fc06461487c950fd6aa411ea8af8633314b43334ae793?s=96&d=mm&r=g\",\"contentUrl\":\"https:\/\/secure.gravatar.com\/avatar\/8a349a2b22039b1ee88fc06461487c950fd6aa411ea8af8633314b43334ae793?s=96&d=mm&r=g\",\"caption\":\"Rafaela Teixeira\"},\"description\":\"Rafaela Teixeira \u00e9 advogada conveniada \u00e0 Defensoria P\u00fablica de S\u00e3o Paulo pela OAB, com experi\u00eancia em reda\u00e7\u00e3o jur\u00eddica e atua\u00e7\u00e3o em institui\u00e7\u00f5es p\u00fablicas, incluindo est\u00e1gio no TRE-SP. Possui mais de 7 anos de experi\u00eancia na produ\u00e7\u00e3o de conte\u00fados voltados ao nicho de concursos p\u00fablicos, com foco em apura\u00e7\u00e3o jornal\u00edstica cont\u00ednua, an\u00e1lise de editais e obten\u00e7\u00e3o de informa\u00e7\u00f5es diretamente junto a \u00f3rg\u00e3os e fontes oficiais. No Blog do Estrat\u00e9gia Concursos, atua como Analista de Conte\u00fado S\u00eanior, respons\u00e1vel pelo jornalismo do per\u00edodo noturno e da madrugada, com atua\u00e7\u00e3o transversal na cobertura de concursos p\u00fablicos, garantindo a continuidade, fluidez e confiabilidade das publica\u00e7\u00f5es e dos bastidores dos certames.\",\"url\":\"https:\/\/www.estrategiaconcursos.com.br\/blog\/author\/rafaela-teixeira\/\"}]}<\/script>\n<!-- \/ Yoast SEO Premium plugin. -->","yoast_head_json":{"title":"Concursos PF, PRF e Depen: poss\u00edvel convoca\u00e7\u00e3o dos excedentes","description":"Mais excedentes dos concursos PF, PRF e Depen poder\u00e3o ser convocados, segundo informa\u00e7\u00f5es do Delegado Pontual. Confira no site!","robots":{"index":"index","follow":"follow","max-snippet":"max-snippet:-1","max-image-preview":"max-image-preview:large","max-video-preview":"max-video-preview:-1"},"canonical":"https:\/\/www.estrategiaconcursos.com.br\/blog\/concursos-pf-prf-depen-convocacao-excedentes\/","og_locale":"pt_BR","og_type":"article","og_title":"Concursos PF, PRF e Depen: poss\u00edvel convoca\u00e7\u00e3o dos excedentes","og_description":"Mais excedentes dos concursos PF, PRF e Depen poder\u00e3o ser convocados, segundo informa\u00e7\u00f5es do Delegado Pontual. Confira no site!","og_url":"https:\/\/www.estrategiaconcursos.com.br\/blog\/concursos-pf-prf-depen-convocacao-excedentes\/","og_site_name":"Estrat\u00e9gia Concursos","article_published_time":"2021-11-03T22:39:58+00:00","article_modified_time":"2021-11-04T21:34:34+00:00","og_image":[{"width":1200,"height":628,"url":"https:\/\/dhg1h5j42swfq.cloudfront.net\/2021\/03\/22154112\/concursos-de-policia.jpg","type":"image\/jpeg"}],"author":"Rafaela Teixeira","twitter_card":"summary_large_image","twitter_creator":"@EstratConcursos","twitter_site":"@EstratConcursos","twitter_misc":{"Escrito por":"Rafaela Teixeira","Est. tempo de leitura":"3 minutos"},"schema":{"@context":"https:\/\/schema.org","@graph":[{"@type":"NewsArticle","@id":"https:\/\/www.estrategiaconcursos.com.br\/blog\/concursos-pf-prf-depen-convocacao-excedentes\/#article","isPartOf":{"@id":"https:\/\/www.estrategiaconcursos.com.br\/blog\/concursos-pf-prf-depen-convocacao-excedentes\/"},"author":{"name":"Rafaela Teixeira","@id":"https:\/\/www.estrategiaconcursos.com.br\/blog\/#\/schema\/person\/e75352021ea7f60781c599934f916eb1"},"headline":"Concursos PF, PRF e Depen: poss\u00edvel convoca\u00e7\u00e3o dos excedentes","datePublished":"2021-11-03T22:39:58+00:00","dateModified":"2021-11-04T21:34:34+00:00","mainEntityOfPage":{"@id":"https:\/\/www.estrategiaconcursos.com.br\/blog\/concursos-pf-prf-depen-convocacao-excedentes\/"},"wordCount":473,"commentCount":0,"publisher":{"@id":"https:\/\/www.estrategiaconcursos.com.br\/blog\/#organization"},"image":{"@id":"https:\/\/www.estrategiaconcursos.com.br\/blog\/concursos-pf-prf-depen-convocacao-excedentes\/#primaryimage"},"thumbnailUrl":"https:\/\/dhg1h5j42swfq.cloudfront.net\/2021\/03\/22154112\/concursos-de-policia.jpg","articleSection":["Jur\u00eddico - Delegado","Policial (Agente Penitenci\u00e1rio)","Policial (Agente, Escriv\u00e3o e Investigador)","\u00daltimas not\u00edcias"],"inLanguage":"pt-BR","potentialAction":[{"@type":"CommentAction","name":"Comment","target":["https:\/\/www.estrategiaconcursos.com.br\/blog\/concursos-pf-prf-depen-convocacao-excedentes\/#respond"]}],"copyrightYear":"2021","copyrightHolder":{"@id":"https:\/\/www.estrategiaconcursos.com.br\/blog\/#organization"}},{"@type":"WebPage","@id":"https:\/\/www.estrategiaconcursos.com.br\/blog\/concursos-pf-prf-depen-convocacao-excedentes\/","url":"https:\/\/www.estrategiaconcursos.com.br\/blog\/concursos-pf-prf-depen-convocacao-excedentes\/","name":"Concursos PF, PRF e Depen: poss\u00edvel convoca\u00e7\u00e3o dos excedentes","isPartOf":{"@id":"https:\/\/www.estrategiaconcursos.com.br\/blog\/#website"},"primaryImageOfPage":{"@id":"https:\/\/www.estrategiaconcursos.com.br\/blog\/concursos-pf-prf-depen-convocacao-excedentes\/#primaryimage"},"image":{"@id":"https:\/\/www.estrategiaconcursos.com.br\/blog\/concursos-pf-prf-depen-convocacao-excedentes\/#primaryimage"},"thumbnailUrl":"https:\/\/dhg1h5j42swfq.cloudfront.net\/2021\/03\/22154112\/concursos-de-policia.jpg","datePublished":"2021-11-03T22:39:58+00:00","dateModified":"2021-11-04T21:34:34+00:00","description":"Mais excedentes dos concursos PF, PRF e Depen poder\u00e3o ser convocados, segundo informa\u00e7\u00f5es do Delegado Pontual. Confira no site!","breadcrumb":{"@id":"https:\/\/www.estrategiaconcursos.com.br\/blog\/concursos-pf-prf-depen-convocacao-excedentes\/#breadcrumb"},"inLanguage":"pt-BR","potentialAction":[{"@type":"ReadAction","target":["https:\/\/www.estrategiaconcursos.com.br\/blog\/concursos-pf-prf-depen-convocacao-excedentes\/"]}]},{"@type":"ImageObject","inLanguage":"pt-BR","@id":"https:\/\/www.estrategiaconcursos.com.br\/blog\/concursos-pf-prf-depen-convocacao-excedentes\/#primaryimage","url":"https:\/\/dhg1h5j42swfq.cloudfront.net\/2021\/03\/22154112\/concursos-de-policia.jpg","contentUrl":"https:\/\/dhg1h5j42swfq.cloudfront.net\/2021\/03\/22154112\/concursos-de-policia.jpg","width":1200,"height":628,"caption":"Quais s\u00e3o os estados com concursos policiais previstos?"},{"@type":"BreadcrumbList","@id":"https:\/\/www.estrategiaconcursos.com.br\/blog\/concursos-pf-prf-depen-convocacao-excedentes\/#breadcrumb","itemListElement":[{"@type":"ListItem","position":1,"name":"In\u00edcio","item":"https:\/\/www.estrategiaconcursos.com.br\/blog\/"},{"@type":"ListItem","position":2,"name":"Concursos PF, PRF e Depen: poss\u00edvel convoca\u00e7\u00e3o dos excedentes"}]},{"@type":"WebSite","@id":"https:\/\/www.estrategiaconcursos.com.br\/blog\/#website","url":"https:\/\/www.estrategiaconcursos.com.br\/blog\/","name":"Estrat\u00e9gia Concursos","description":"O blog da Estrat\u00e9gia Concursos traz not\u00edcias sobre concursos e artigos de professores oferecendo cursos para concursos (pdf + videaulas) no site.","publisher":{"@id":"https:\/\/www.estrategiaconcursos.com.br\/blog\/#organization"},"potentialAction":[{"@type":"SearchAction","target":{"@type":"EntryPoint","urlTemplate":"https:\/\/www.estrategiaconcursos.com.br\/blog\/?s={search_term_string}"},"query-input":{"@type":"PropertyValueSpecification","valueRequired":true,"valueName":"search_term_string"}}],"inLanguage":"pt-BR"},{"@type":"Organization","@id":"https:\/\/www.estrategiaconcursos.com.br\/blog\/#organization","name":"Estrat\u00e9gia Concursos","url":"https:\/\/www.estrategiaconcursos.com.br\/blog\/","logo":{"@type":"ImageObject","inLanguage":"pt-BR","@id":"https:\/\/www.estrategiaconcursos.com.br\/blog\/#\/schema\/logo\/image\/","url":"https:\/\/dhg1h5j42swfq.cloudfront.net\/2025\/06\/03203428\/logo_concursos-1.jpg","contentUrl":"https:\/\/dhg1h5j42swfq.cloudfront.net\/2025\/06\/03203428\/logo_concursos-1.jpg","width":230,"height":60,"caption":"Estrat\u00e9gia Concursos"},"image":{"@id":"https:\/\/www.estrategiaconcursos.com.br\/blog\/#\/schema\/logo\/image\/"},"sameAs":["https:\/\/x.com\/EstratConcursos"]},{"@type":"Person","@id":"https:\/\/www.estrategiaconcursos.com.br\/blog\/#\/schema\/person\/e75352021ea7f60781c599934f916eb1","name":"Rafaela Teixeira","image":{"@type":"ImageObject","inLanguage":"pt-BR","@id":"https:\/\/secure.gravatar.com\/avatar\/8a349a2b22039b1ee88fc06461487c950fd6aa411ea8af8633314b43334ae793?s=96&d=mm&r=g","url":"https:\/\/secure.gravatar.com\/avatar\/8a349a2b22039b1ee88fc06461487c950fd6aa411ea8af8633314b43334ae793?s=96&d=mm&r=g","contentUrl":"https:\/\/secure.gravatar.com\/avatar\/8a349a2b22039b1ee88fc06461487c950fd6aa411ea8af8633314b43334ae793?s=96&d=mm&r=g","caption":"Rafaela Teixeira"},"description":"Rafaela Teixeira \u00e9 advogada conveniada \u00e0 Defensoria P\u00fablica de S\u00e3o Paulo pela OAB, com experi\u00eancia em reda\u00e7\u00e3o jur\u00eddica e atua\u00e7\u00e3o em institui\u00e7\u00f5es p\u00fablicas, incluindo est\u00e1gio no TRE-SP. Possui mais de 7 anos de experi\u00eancia na produ\u00e7\u00e3o de conte\u00fados voltados ao nicho de concursos p\u00fablicos, com foco em apura\u00e7\u00e3o jornal\u00edstica cont\u00ednua, an\u00e1lise de editais e obten\u00e7\u00e3o de informa\u00e7\u00f5es diretamente junto a \u00f3rg\u00e3os e fontes oficiais. No Blog do Estrat\u00e9gia Concursos, atua como Analista de Conte\u00fado S\u00eanior, respons\u00e1vel pelo jornalismo do per\u00edodo noturno e da madrugada, com atua\u00e7\u00e3o transversal na cobertura de concursos p\u00fablicos, garantindo a continuidade, fluidez e confiabilidade das publica\u00e7\u00f5es e dos bastidores dos certames.","url":"https:\/\/www.estrategiaconcursos.com.br\/blog\/author\/rafaela-teixeira\/"}]}},"_links":{"self":[{"href":"https:\/\/www.estrategiaconcursos.com.br\/blog\/wp-json\/wp\/v2\/posts\/900029","targetHints":{"allow":["GET"]}}],"collection":[{"href":"https:\/\/www.estrategiaconcursos.com.br\/blog\/wp-json\/wp\/v2\/posts"}],"about":[{"href":"https:\/\/www.estrategiaconcursos.com.br\/blog\/wp-json\/wp\/v2\/types\/post"}],"author":[{"embeddable":true,"href":"https:\/\/www.estrategiaconcursos.com.br\/blog\/wp-json\/wp\/v2\/users\/2134"}],"replies":[{"embeddable":true,"href":"https:\/\/www.estrategiaconcursos.com.br\/blog\/wp-json\/wp\/v2\/comments?post=900029"}],"version-history":[{"count":16,"href":"https:\/\/www.estrategiaconcursos.com.br\/blog\/wp-json\/wp\/v2\/posts\/900029\/revisions"}],"predecessor-version":[{"id":900989,"href":"https:\/\/www.estrategiaconcursos.com.br\/blog\/wp-json\/wp\/v2\/posts\/900029\/revisions\/900989"}],"wp:featuredmedia":[{"embeddable":true,"href":"https:\/\/www.estrategiaconcursos.com.br\/blog\/wp-json\/wp\/v2\/media\/698496"}],"wp:attachment":[{"href":"https:\/\/www.estrategiaconcursos.com.br\/blog\/wp-json\/wp\/v2\/media?parent=900029"}],"wp:term":[{"taxonomy":"category","embeddable":true,"href":"https:\/\/www.estrategiaconcursos.com.br\/blog\/wp-json\/wp\/v2\/categories?post=900029"},{"taxonomy":"post_tag","embeddable":true,"href":"https:\/\/www.estrategiaconcursos.com.br\/blog\/wp-json\/wp\/v2\/tags?post=900029"},{"taxonomy":"tax_estado","embeddable":true,"href":"https:\/\/www.estrategiaconcursos.com.br\/blog\/wp-json\/wp\/v2\/tax_estado?post=900029"}],"curies":[{"name":"wp","href":"https:\/\/api.w.org\/{rel}","templated":true}]}}