{"id":90000,"date":"2017-09-23T05:36:44","date_gmt":"2017-09-23T08:36:44","guid":{"rendered":"https:\/\/www.estrategiaconcursos.com.br\/blog\/?p=90000"},"modified":"2022-11-23T17:15:05","modified_gmt":"2022-11-23T20:15:05","slug":"o-que-causa-o-branco-na-hora-da-prova","status":"publish","type":"post","link":"https:\/\/www.estrategiaconcursos.com.br\/blog\/o-que-causa-o-branco-na-hora-da-prova\/","title":{"rendered":"O que causa o branco na hora da prova?"},"content":{"rendered":"<p style=\"text-align: justify;\">Ol\u00e1, amigos, tudo bem?!<\/p>\n<p style=\"text-align: justify;\">Aqui \u00e9 <strong>Fabr\u00edcio R\u00eago<\/strong>, professor do Estrat\u00e9gia Concursos. Fico feliz em saber que est\u00e3o acompanhando os v\u00eddeos que estou publicando, os mapas mentais gratuitos, e tudo mais. Se n\u00e3o do que estou falando, veja os links ao final da p\u00e1gina.<\/p>\n<p style=\"text-align: justify;\">O t\u00f3pico de hoje \u00e9 o t\u00e3o temido branco na hora da prova, quase uma express\u00e3o que n\u00e3o pode sequer ser pronunciada, rs! Antes, deixe-me te convidar para me acompanhar nas redes sociais, o bicho t\u00e1 pegando por l\u00e1:<\/p>\n<p style=\"text-align: justify;\"><strong><a href=\"https:\/\/www.facebook.com\/professorfabriciorego\/\" target=\"_blank\" rel=\"noopener\">EBOOK DO PROFESSOR FABR\u00cdCIO R\u00caGO<\/a><\/strong><\/p>\n<p style=\"text-align: justify;\"><strong><a href=\"https:\/\/www.instagram.com\/prof.fabriciorego\/\" target=\"_blank\" rel=\"noopener\">INSTAGRAM DO PROFESSOR FABR\u00cdCIO R\u00caGO<\/a><\/strong><\/p>\n<p style=\"text-align: justify;\"><strong><a href=\"https:\/\/www.youtube.com\/channel\/UClhEu_ETPnguVIHhD-B8Juw\/featured\" target=\"_blank\" rel=\"noopener\">YOUTUBE DO PROFESSOR FABR\u00cdCIO R\u00caGO<\/a><\/strong><\/p>\n<p style=\"text-align: justify;\">Veja bem: num primeiro momento eu convido a pessoa a ir l\u00e1 nas redes e espero&#8230; no segundo, jogo uma praga! Olha que praga de professor pega f\u00e1cil, hein?!?! rs! Brincadeira, vamos ao que importa aqui.<\/p>\n<p style=\"text-align: justify;\">O assunto foi estudado por Daniel Goleman e abordado no livro &#8220;Foco&#8221;, o qual, inclusive, \u00e9 beeeem bacana pra galera dos concursos. De vez em quando irei falar dele, pois tem muita coisa legal pra trabalharmos. O ponto que iremos trabalhar aqui \u00e9: <strong>o que o foco tem a ver com o branco na hora da prova?\u00a0<\/strong><\/p>\n<p style=\"text-align: justify;\">R\u00e1, quem n\u00e3o passou ainda por um branco, ainda que em prova do colegial? Pois \u00e9. De in\u00edcio, saiba que o branco pode ser causado por diversos fatores, tais como ansiedade antes da prova, excesso de confian\u00e7a e, pasmem, excesso de foco!<\/p>\n<p>Como prometido, segue abaixo alguns artigos e materiais dos quais falei:<\/p>\n<blockquote class=\"wp-embedded-content\" data-secret=\"l9AE01xtmD\"><p><a href=\"https:\/\/www.estrategiaconcursos.com.br\/blog\/regimento-interno-tst\/\">Regimento Interno TST &#8211; Mapas Mentais GR\u00c1TIS para REVIS\u00c3O<\/a><\/p><\/blockquote>\n<p><iframe loading=\"lazy\" class=\"wp-embedded-content\" sandbox=\"allow-scripts\" security=\"restricted\" style=\"position: absolute; clip: rect(1px, 1px, 1px, 1px);\" title=\"&#8220;Regimento Interno TST &#8211; Mapas Mentais GR\u00c1TIS para REVIS\u00c3O&#8221; &#8212; Estrat\u00e9gia Concursos\" src=\"https:\/\/www.estrategiaconcursos.com.br\/blog\/regimento-interno-tst\/embed\/#?secret=t2hfYGQZPr#?secret=l9AE01xtmD\" data-secret=\"l9AE01xtmD\" width=\"500\" height=\"282\" frameborder=\"0\" marginwidth=\"0\" marginheight=\"0\" scrolling=\"no\"><\/iframe><\/p>\n<blockquote class=\"wp-embedded-content\" data-secret=\"sOTxgNMpSJ\"><p><a href=\"https:\/\/www.estrategiaconcursos.com.br\/blog\/regimento-interno-tst\/\">Regimento Interno TST &#8211; Mapas Mentais GR\u00c1TIS para REVIS\u00c3O<\/a><\/p><\/blockquote>\n<p><iframe loading=\"lazy\" class=\"wp-embedded-content\" sandbox=\"allow-scripts\" security=\"restricted\" style=\"position: absolute; clip: rect(1px, 1px, 1px, 1px);\" title=\"&#8220;Regimento Interno TST &#8211; Mapas Mentais GR\u00c1TIS para REVIS\u00c3O&#8221; &#8212; Estrat\u00e9gia Concursos\" src=\"https:\/\/www.estrategiaconcursos.com.br\/blog\/regimento-interno-tst\/embed\/#?secret=t2hfYGQZPr#?secret=sOTxgNMpSJ\" data-secret=\"sOTxgNMpSJ\" width=\"500\" height=\"282\" frameborder=\"0\" marginwidth=\"0\" marginheight=\"0\" scrolling=\"no\"><\/iframe><\/p>\n<p>https:\/\/www.estrategiaconcursos.com.br\/blog\/carreiras-legislativas-2\/<\/p>\n","protected":false},"excerpt":{"rendered":"<p>Ol\u00e1, amigos, tudo bem?! Aqui \u00e9 Fabr\u00edcio R\u00eago, professor do Estrat\u00e9gia Concursos. Fico feliz em saber que est\u00e3o acompanhando os v\u00eddeos que estou publicando, os mapas mentais gratuitos, e tudo mais. Se n\u00e3o do que estou falando, veja os links ao final da p\u00e1gina. O t\u00f3pico de hoje \u00e9 o t\u00e3o temido branco na hora [&hellip;]<\/p>\n","protected":false},"author":48,"featured_media":0,"comment_status":"open","ping_status":"open","sticky":false,"template":"","format":"standard","meta":{"post_tipo":"article","footnotes":""},"categories":[1],"tags":[],"tax_estado":[],"class_list":["post-90000","post","type-post","status-publish","format-standard","hentry","category-cursos-e-concursos"],"acf":[],"yoast_head":"<!-- This site is optimized with the Yoast SEO Premium plugin v27.2 (Yoast SEO v27.2) - https:\/\/yoast.com\/product\/yoast-seo-premium-wordpress\/ -->\n<title>O que causa o branco na hora da prova?<\/title>\n<meta name=\"robots\" content=\"index, follow, max-snippet:-1, max-image-preview:large, max-video-preview:-1\" \/>\n<link rel=\"canonical\" href=\"https:\/\/www.estrategiaconcursos.com.br\/blog\/o-que-causa-o-branco-na-hora-da-prova\/\" \/>\n<meta property=\"og:locale\" content=\"pt_BR\" \/>\n<meta property=\"og:type\" content=\"article\" \/>\n<meta property=\"og:title\" content=\"O que causa o branco na hora da prova?\" \/>\n<meta property=\"og:description\" content=\"Ol\u00e1, amigos, tudo bem?! Aqui \u00e9 Fabr\u00edcio R\u00eago, professor do Estrat\u00e9gia Concursos. Fico feliz em saber que est\u00e3o acompanhando os v\u00eddeos que estou publicando, os mapas mentais gratuitos, e tudo mais. Se n\u00e3o do que estou falando, veja os links ao final da p\u00e1gina. O t\u00f3pico de hoje \u00e9 o t\u00e3o temido branco na hora [&hellip;]\" \/>\n<meta property=\"og:url\" content=\"https:\/\/www.estrategiaconcursos.com.br\/blog\/o-que-causa-o-branco-na-hora-da-prova\/\" \/>\n<meta property=\"og:site_name\" content=\"Estrat\u00e9gia Concursos\" \/>\n<meta property=\"article:published_time\" content=\"2017-09-23T08:36:44+00:00\" \/>\n<meta property=\"article:modified_time\" content=\"2022-11-23T20:15:05+00:00\" \/>\n<meta name=\"author\" content=\"Coordena\u00e7\u00e3o\" \/>\n<meta name=\"twitter:card\" content=\"summary_large_image\" \/>\n<meta name=\"twitter:creator\" content=\"@EstratConcursos\" \/>\n<meta name=\"twitter:site\" content=\"@EstratConcursos\" \/>\n<meta name=\"twitter:label1\" content=\"Escrito por\" \/>\n\t<meta name=\"twitter:data1\" content=\"Coordena\u00e7\u00e3o\" \/>\n\t<meta name=\"twitter:label2\" content=\"Est. tempo de leitura\" \/>\n\t<meta name=\"twitter:data2\" content=\"1 minuto\" \/>\n<script type=\"application\/ld+json\" class=\"yoast-schema-graph\">{\"@context\":\"https:\/\/schema.org\",\"@graph\":[{\"@type\":\"NewsArticle\",\"@id\":\"https:\/\/www.estrategiaconcursos.com.br\/blog\/o-que-causa-o-branco-na-hora-da-prova\/#article\",\"isPartOf\":{\"@id\":\"https:\/\/www.estrategiaconcursos.com.br\/blog\/o-que-causa-o-branco-na-hora-da-prova\/\"},\"author\":{\"name\":\"Coordena\u00e7\u00e3o\",\"@id\":\"https:\/\/www.estrategiaconcursos.com.br\/blog\/#\/schema\/person\/cdad40b5818eb228a838461fcd656da7\"},\"headline\":\"O que causa o branco na hora da prova?\",\"datePublished\":\"2017-09-23T08:36:44+00:00\",\"dateModified\":\"2022-11-23T20:15:05+00:00\",\"mainEntityOfPage\":{\"@id\":\"https:\/\/www.estrategiaconcursos.com.br\/blog\/o-que-causa-o-branco-na-hora-da-prova\/\"},\"wordCount\":290,\"commentCount\":1,\"publisher\":{\"@id\":\"https:\/\/www.estrategiaconcursos.com.br\/blog\/#organization\"},\"articleSection\":[\"Concursos P\u00fablicos\"],\"inLanguage\":\"pt-BR\",\"potentialAction\":[{\"@type\":\"CommentAction\",\"name\":\"Comment\",\"target\":[\"https:\/\/www.estrategiaconcursos.com.br\/blog\/o-que-causa-o-branco-na-hora-da-prova\/#respond\"]}],\"copyrightYear\":\"2017\",\"copyrightHolder\":{\"@id\":\"https:\/\/www.estrategiaconcursos.com.br\/blog\/#organization\"}},{\"@type\":\"WebPage\",\"@id\":\"https:\/\/www.estrategiaconcursos.com.br\/blog\/o-que-causa-o-branco-na-hora-da-prova\/\",\"url\":\"https:\/\/www.estrategiaconcursos.com.br\/blog\/o-que-causa-o-branco-na-hora-da-prova\/\",\"name\":\"O que causa o branco na hora da prova?\",\"isPartOf\":{\"@id\":\"https:\/\/www.estrategiaconcursos.com.br\/blog\/#website\"},\"datePublished\":\"2017-09-23T08:36:44+00:00\",\"dateModified\":\"2022-11-23T20:15:05+00:00\",\"breadcrumb\":{\"@id\":\"https:\/\/www.estrategiaconcursos.com.br\/blog\/o-que-causa-o-branco-na-hora-da-prova\/#breadcrumb\"},\"inLanguage\":\"pt-BR\",\"potentialAction\":[{\"@type\":\"ReadAction\",\"target\":[\"https:\/\/www.estrategiaconcursos.com.br\/blog\/o-que-causa-o-branco-na-hora-da-prova\/\"]}]},{\"@type\":\"BreadcrumbList\",\"@id\":\"https:\/\/www.estrategiaconcursos.com.br\/blog\/o-que-causa-o-branco-na-hora-da-prova\/#breadcrumb\",\"itemListElement\":[{\"@type\":\"ListItem\",\"position\":1,\"name\":\"In\u00edcio\",\"item\":\"https:\/\/www.estrategiaconcursos.com.br\/blog\/\"},{\"@type\":\"ListItem\",\"position\":2,\"name\":\"O que causa o branco na hora da prova?\"}]},{\"@type\":\"WebSite\",\"@id\":\"https:\/\/www.estrategiaconcursos.com.br\/blog\/#website\",\"url\":\"https:\/\/www.estrategiaconcursos.com.br\/blog\/\",\"name\":\"Estrat\u00e9gia Concursos\",\"description\":\"O blog da Estrat\u00e9gia Concursos traz not\u00edcias sobre concursos e artigos de professores oferecendo cursos para concursos (pdf + videaulas) no site.\",\"publisher\":{\"@id\":\"https:\/\/www.estrategiaconcursos.com.br\/blog\/#organization\"},\"potentialAction\":[{\"@type\":\"SearchAction\",\"target\":{\"@type\":\"EntryPoint\",\"urlTemplate\":\"https:\/\/www.estrategiaconcursos.com.br\/blog\/?s={search_term_string}\"},\"query-input\":{\"@type\":\"PropertyValueSpecification\",\"valueRequired\":true,\"valueName\":\"search_term_string\"}}],\"inLanguage\":\"pt-BR\"},{\"@type\":\"Organization\",\"@id\":\"https:\/\/www.estrategiaconcursos.com.br\/blog\/#organization\",\"name\":\"Estrat\u00e9gia Concursos\",\"url\":\"https:\/\/www.estrategiaconcursos.com.br\/blog\/\",\"logo\":{\"@type\":\"ImageObject\",\"inLanguage\":\"pt-BR\",\"@id\":\"https:\/\/www.estrategiaconcursos.com.br\/blog\/#\/schema\/logo\/image\/\",\"url\":\"https:\/\/dhg1h5j42swfq.cloudfront.net\/2025\/06\/03203428\/logo_concursos-1.jpg\",\"contentUrl\":\"https:\/\/dhg1h5j42swfq.cloudfront.net\/2025\/06\/03203428\/logo_concursos-1.jpg\",\"width\":230,\"height\":60,\"caption\":\"Estrat\u00e9gia Concursos\"},\"image\":{\"@id\":\"https:\/\/www.estrategiaconcursos.com.br\/blog\/#\/schema\/logo\/image\/\"},\"sameAs\":[\"https:\/\/x.com\/EstratConcursos\"]},{\"@type\":\"Person\",\"@id\":\"https:\/\/www.estrategiaconcursos.com.br\/blog\/#\/schema\/person\/cdad40b5818eb228a838461fcd656da7\",\"name\":\"Coordena\u00e7\u00e3o\",\"image\":{\"@type\":\"ImageObject\",\"inLanguage\":\"pt-BR\",\"@id\":\"https:\/\/secure.gravatar.com\/avatar\/a413b22da0f5009c634f6c4586a2dbe5207074fd5becd88db5183b8069ef25e4?s=96&d=mm&r=g\",\"url\":\"https:\/\/secure.gravatar.com\/avatar\/a413b22da0f5009c634f6c4586a2dbe5207074fd5becd88db5183b8069ef25e4?s=96&d=mm&r=g\",\"contentUrl\":\"https:\/\/secure.gravatar.com\/avatar\/a413b22da0f5009c634f6c4586a2dbe5207074fd5becd88db5183b8069ef25e4?s=96&d=mm&r=g\",\"caption\":\"Coordena\u00e7\u00e3o\"},\"url\":\"https:\/\/www.estrategiaconcursos.com.br\/blog\/author\/contatoestrategiaconcursos-com-br\/\"}]}<\/script>\n<!-- \/ Yoast SEO Premium plugin. -->","yoast_head_json":{"title":"O que causa o branco na hora da prova?","robots":{"index":"index","follow":"follow","max-snippet":"max-snippet:-1","max-image-preview":"max-image-preview:large","max-video-preview":"max-video-preview:-1"},"canonical":"https:\/\/www.estrategiaconcursos.com.br\/blog\/o-que-causa-o-branco-na-hora-da-prova\/","og_locale":"pt_BR","og_type":"article","og_title":"O que causa o branco na hora da prova?","og_description":"Ol\u00e1, amigos, tudo bem?! Aqui \u00e9 Fabr\u00edcio R\u00eago, professor do Estrat\u00e9gia Concursos. Fico feliz em saber que est\u00e3o acompanhando os v\u00eddeos que estou publicando, os mapas mentais gratuitos, e tudo mais. Se n\u00e3o do que estou falando, veja os links ao final da p\u00e1gina. O t\u00f3pico de hoje \u00e9 o t\u00e3o temido branco na hora [&hellip;]","og_url":"https:\/\/www.estrategiaconcursos.com.br\/blog\/o-que-causa-o-branco-na-hora-da-prova\/","og_site_name":"Estrat\u00e9gia Concursos","article_published_time":"2017-09-23T08:36:44+00:00","article_modified_time":"2022-11-23T20:15:05+00:00","author":"Coordena\u00e7\u00e3o","twitter_card":"summary_large_image","twitter_creator":"@EstratConcursos","twitter_site":"@EstratConcursos","twitter_misc":{"Escrito por":"Coordena\u00e7\u00e3o","Est. tempo de leitura":"1 minuto"},"schema":{"@context":"https:\/\/schema.org","@graph":[{"@type":"NewsArticle","@id":"https:\/\/www.estrategiaconcursos.com.br\/blog\/o-que-causa-o-branco-na-hora-da-prova\/#article","isPartOf":{"@id":"https:\/\/www.estrategiaconcursos.com.br\/blog\/o-que-causa-o-branco-na-hora-da-prova\/"},"author":{"name":"Coordena\u00e7\u00e3o","@id":"https:\/\/www.estrategiaconcursos.com.br\/blog\/#\/schema\/person\/cdad40b5818eb228a838461fcd656da7"},"headline":"O que causa o branco na hora da prova?","datePublished":"2017-09-23T08:36:44+00:00","dateModified":"2022-11-23T20:15:05+00:00","mainEntityOfPage":{"@id":"https:\/\/www.estrategiaconcursos.com.br\/blog\/o-que-causa-o-branco-na-hora-da-prova\/"},"wordCount":290,"commentCount":1,"publisher":{"@id":"https:\/\/www.estrategiaconcursos.com.br\/blog\/#organization"},"articleSection":["Concursos P\u00fablicos"],"inLanguage":"pt-BR","potentialAction":[{"@type":"CommentAction","name":"Comment","target":["https:\/\/www.estrategiaconcursos.com.br\/blog\/o-que-causa-o-branco-na-hora-da-prova\/#respond"]}],"copyrightYear":"2017","copyrightHolder":{"@id":"https:\/\/www.estrategiaconcursos.com.br\/blog\/#organization"}},{"@type":"WebPage","@id":"https:\/\/www.estrategiaconcursos.com.br\/blog\/o-que-causa-o-branco-na-hora-da-prova\/","url":"https:\/\/www.estrategiaconcursos.com.br\/blog\/o-que-causa-o-branco-na-hora-da-prova\/","name":"O que causa o branco na hora da prova?","isPartOf":{"@id":"https:\/\/www.estrategiaconcursos.com.br\/blog\/#website"},"datePublished":"2017-09-23T08:36:44+00:00","dateModified":"2022-11-23T20:15:05+00:00","breadcrumb":{"@id":"https:\/\/www.estrategiaconcursos.com.br\/blog\/o-que-causa-o-branco-na-hora-da-prova\/#breadcrumb"},"inLanguage":"pt-BR","potentialAction":[{"@type":"ReadAction","target":["https:\/\/www.estrategiaconcursos.com.br\/blog\/o-que-causa-o-branco-na-hora-da-prova\/"]}]},{"@type":"BreadcrumbList","@id":"https:\/\/www.estrategiaconcursos.com.br\/blog\/o-que-causa-o-branco-na-hora-da-prova\/#breadcrumb","itemListElement":[{"@type":"ListItem","position":1,"name":"In\u00edcio","item":"https:\/\/www.estrategiaconcursos.com.br\/blog\/"},{"@type":"ListItem","position":2,"name":"O que causa o branco na hora da prova?"}]},{"@type":"WebSite","@id":"https:\/\/www.estrategiaconcursos.com.br\/blog\/#website","url":"https:\/\/www.estrategiaconcursos.com.br\/blog\/","name":"Estrat\u00e9gia Concursos","description":"O blog da Estrat\u00e9gia Concursos traz not\u00edcias sobre concursos e artigos de professores oferecendo cursos para concursos (pdf + videaulas) no site.","publisher":{"@id":"https:\/\/www.estrategiaconcursos.com.br\/blog\/#organization"},"potentialAction":[{"@type":"SearchAction","target":{"@type":"EntryPoint","urlTemplate":"https:\/\/www.estrategiaconcursos.com.br\/blog\/?s={search_term_string}"},"query-input":{"@type":"PropertyValueSpecification","valueRequired":true,"valueName":"search_term_string"}}],"inLanguage":"pt-BR"},{"@type":"Organization","@id":"https:\/\/www.estrategiaconcursos.com.br\/blog\/#organization","name":"Estrat\u00e9gia Concursos","url":"https:\/\/www.estrategiaconcursos.com.br\/blog\/","logo":{"@type":"ImageObject","inLanguage":"pt-BR","@id":"https:\/\/www.estrategiaconcursos.com.br\/blog\/#\/schema\/logo\/image\/","url":"https:\/\/dhg1h5j42swfq.cloudfront.net\/2025\/06\/03203428\/logo_concursos-1.jpg","contentUrl":"https:\/\/dhg1h5j42swfq.cloudfront.net\/2025\/06\/03203428\/logo_concursos-1.jpg","width":230,"height":60,"caption":"Estrat\u00e9gia Concursos"},"image":{"@id":"https:\/\/www.estrategiaconcursos.com.br\/blog\/#\/schema\/logo\/image\/"},"sameAs":["https:\/\/x.com\/EstratConcursos"]},{"@type":"Person","@id":"https:\/\/www.estrategiaconcursos.com.br\/blog\/#\/schema\/person\/cdad40b5818eb228a838461fcd656da7","name":"Coordena\u00e7\u00e3o","image":{"@type":"ImageObject","inLanguage":"pt-BR","@id":"https:\/\/secure.gravatar.com\/avatar\/a413b22da0f5009c634f6c4586a2dbe5207074fd5becd88db5183b8069ef25e4?s=96&d=mm&r=g","url":"https:\/\/secure.gravatar.com\/avatar\/a413b22da0f5009c634f6c4586a2dbe5207074fd5becd88db5183b8069ef25e4?s=96&d=mm&r=g","contentUrl":"https:\/\/secure.gravatar.com\/avatar\/a413b22da0f5009c634f6c4586a2dbe5207074fd5becd88db5183b8069ef25e4?s=96&d=mm&r=g","caption":"Coordena\u00e7\u00e3o"},"url":"https:\/\/www.estrategiaconcursos.com.br\/blog\/author\/contatoestrategiaconcursos-com-br\/"}]}},"_links":{"self":[{"href":"https:\/\/www.estrategiaconcursos.com.br\/blog\/wp-json\/wp\/v2\/posts\/90000","targetHints":{"allow":["GET"]}}],"collection":[{"href":"https:\/\/www.estrategiaconcursos.com.br\/blog\/wp-json\/wp\/v2\/posts"}],"about":[{"href":"https:\/\/www.estrategiaconcursos.com.br\/blog\/wp-json\/wp\/v2\/types\/post"}],"author":[{"embeddable":true,"href":"https:\/\/www.estrategiaconcursos.com.br\/blog\/wp-json\/wp\/v2\/users\/48"}],"replies":[{"embeddable":true,"href":"https:\/\/www.estrategiaconcursos.com.br\/blog\/wp-json\/wp\/v2\/comments?post=90000"}],"version-history":[{"count":2,"href":"https:\/\/www.estrategiaconcursos.com.br\/blog\/wp-json\/wp\/v2\/posts\/90000\/revisions"}],"predecessor-version":[{"id":1128616,"href":"https:\/\/www.estrategiaconcursos.com.br\/blog\/wp-json\/wp\/v2\/posts\/90000\/revisions\/1128616"}],"wp:attachment":[{"href":"https:\/\/www.estrategiaconcursos.com.br\/blog\/wp-json\/wp\/v2\/media?parent=90000"}],"wp:term":[{"taxonomy":"category","embeddable":true,"href":"https:\/\/www.estrategiaconcursos.com.br\/blog\/wp-json\/wp\/v2\/categories?post=90000"},{"taxonomy":"post_tag","embeddable":true,"href":"https:\/\/www.estrategiaconcursos.com.br\/blog\/wp-json\/wp\/v2\/tags?post=90000"},{"taxonomy":"tax_estado","embeddable":true,"href":"https:\/\/www.estrategiaconcursos.com.br\/blog\/wp-json\/wp\/v2\/tax_estado?post=90000"}],"curies":[{"name":"wp","href":"https:\/\/api.w.org\/{rel}","templated":true}]}}