{"id":899972,"date":"2021-12-23T00:18:00","date_gmt":"2021-12-23T03:18:00","guid":{"rendered":"https:\/\/www.estrategiaconcursos.com.br\/blog\/?p=899972"},"modified":"2021-12-23T08:52:02","modified_gmt":"2021-12-23T11:52:02","slug":"edital-ses-rs","status":"publish","type":"post","link":"https:\/\/www.estrategiaconcursos.com.br\/blog\/edital-ses-rs\/","title":{"rendered":"Edital SES RS est\u00e1 com as inscri\u00e7\u00f5es encerradas"},"content":{"rendered":"\n<p>Est\u00e3o encerradas as inscri\u00e7\u00f5es para o <strong>edital SES RS<\/strong>! Todo o processo de candidatura p\u00f4de  ser feito at\u00e9 os dias 06 e 22 de dezembro, no site da banca organizadora, <span style=\"font-size: revert; color: initial;\"><a href=\"https:\/\/portalfaurgs.com.br\/concursos\/emandamento\" target=\"_blank\" rel=\"noreferrer noopener\">FAURGS<\/a><\/span>, ao custo de R$ 92,64 para m\u00e9dio e R$ 211,22 para superior.<\/p>\n\n\n\n<p>No total, s\u00e3o duas sele\u00e7\u00f5es para a Secretaria de Estado da Sa\u00fade do Rio Grande do Sul em andamento. A primeira oferece <strong>922 vagas<\/strong> para cargos de n\u00edveis t\u00e9cnico e superior. A segunda oferta <strong>26 oportunidades<\/strong> para n\u00edvel superior.<\/p>\n\n\n\n<ul class=\"has-pale-ocean-gradient-background has-background wp-block-list\"><li><strong style=\"background-color: initial; color: initial;\">Banca<\/strong><span style=\"background-color: initial; color: initial;\">: FAURGS<\/span><\/li><li><strong>Vagas<\/strong>: 948<\/li><li><strong>Cargos<\/strong>: Especialistas em Sa\u00fade e T\u00e9cnicos em Sa\u00fade<\/li><li><strong>Sal\u00e1rios<\/strong>: R$ 1.173,11 e R$ 3.473,34 + gratifica\u00e7\u00f5es<\/li><li><strong>Editais SES RS:<\/strong> <a href=\"https:\/\/dhg1h5j42swfq.cloudfront.net\/2021\/11\/05175059\/20211105174145_edital-de-abertura-n_15_2021-final.pdf\" target=\"_blank\" rel=\"noreferrer noopener nofollow\">SES-RS 01\/2021<\/a> | <a href=\"https:\/\/dhg1h5j42swfq.cloudfront.net\/2021\/11\/23093900\/edital_concurso_ses_rs_-_especialista_em_saude_2021.pdf\" target=\"_blank\" rel=\"noreferrer noopener nofollow\">SES-RS 02\/2022<\/a><\/li><\/ul>\n\n\n\n<div class=\"container\" id=\"boxes\">\n  <div class=\"row\">\n\n    <div class=\"col-sm\">\n      <div class=\"banner-medicina\" id=\"box-assinatura\">\n        <h3 class=\"titulo-assinatura\">Concurso SES RS<\/h3>\n        <p class=\"subtitulo-assinatura\">Estude conosco<\/p>\n        <div class=\"box-botao\">\n          <a class=\"btn-assinatura\" target=\"_blank\" href=\"https:\/\/www.estrategiaconcursos.com.br\/cursosPorConcurso\/secretaria-de-saude-do-rio-grande-do-sul-ses-rs\/\" role=\"button\" rel=\"noopener noreferrer\">Conhe\u00e7a mais<\/a>\n        <\/div>\n      <\/div>\n   \n    <\/div>\n\n  <\/div>\n<\/div>\n\n\n\n<h2 class=\"wp-block-heading\" id=\"situacao\">Principais datas do edital SES RS<\/h2>\n\n\n\n<p><strong>1\u00ba edital publicado<\/strong><\/p>\n\n\n\n<p class=\"has-background\" style=\"background-color:#b6e3d4\"><strong>Inscri\u00e7\u00f5es<\/strong>: <s>05 de novembro a 06 de dezembro de 2021<\/s><br \/><strong>Inscri\u00e7\u00f5es<\/strong>: 07 a 22 de dezembro de 2021 (apenas Odont\u00f3logo)<br \/><strong>Isen\u00e7\u00e3o da taxa<\/strong>: <s>05 de novembro a 12 de dezembro de 2021<\/s><br \/><strong>\u00daltimo dia para pagamento<\/strong>: 07 e 23 de dezembro de 2021<br \/><strong>Prova<\/strong>: 09 e 23 de janeiro de 2022<\/p>\n\n\n\n<p><strong>2\u00ba edital publicado<\/strong><\/p>\n\n\n\n<p class=\"has-background\" style=\"background-color:#b6e3d4\"><strong>Inscri\u00e7\u00f5es<\/strong>: <s>23 de novembro a 22 de dezembro de 2021 <\/s><br \/><strong>Isen\u00e7\u00e3o da taxa<\/strong>: <s>23 a 30 de novembro de 2021 <\/s><br \/><strong>\u00daltimo dia para pagamento<\/strong>: 23 de dezembro de 2021<br \/><strong>Prova<\/strong>: 23 de janeiro de 2022<\/p>\n\n\n\n<h2 class=\"wp-block-heading\" id=\"cargos-vagas\">Cargos, vagas e remunera\u00e7\u00f5es do edital SES RS<\/h2>\n\n\n\n<h3 class=\"has-background wp-block-heading\" style=\"background-color:#eeeeee\">1\u00ba edital publicado<\/h3>\n\n\n\n<h4 class=\"wp-block-heading\" id=\"medio\">N\u00edvel m\u00e9dio t\u00e9cnico &#8211; T\u00e9cnicos em Sa\u00fade<\/h4>\n\n\n\n<figure class=\"wp-block-table is-style-stripes\"><table class=\"has-background has-fixed-layout\" style=\"background-color:#b6e3d4\"><thead><tr><th class=\"has-text-align-center\" data-align=\"center\">CARGOS<\/th><th class=\"has-text-align-center\" data-align=\"center\">VAGAS<\/th><th class=\"has-text-align-center\" data-align=\"center\">SAL\u00c1RIO<\/th><\/tr><\/thead><tbody><tr><td class=\"has-text-align-center\" data-align=\"center\">T\u00e9cnico de Enfermagem<\/td><td class=\"has-text-align-center\" data-align=\"center\">193<\/td><td class=\"has-text-align-center\" data-align=\"center\">R$ 1.173,11<\/td><\/tr><tr><td class=\"has-text-align-center\" data-align=\"center\">T\u00e9cnico em Laborat\u00f3rio<\/td><td class=\"has-text-align-center\" data-align=\"center\">5<\/td><td class=\"has-text-align-center\" data-align=\"center\"> R$ 1.173,11 <\/td><\/tr><\/tbody><\/table><\/figure>\n\n\n\n<h4 class=\"wp-block-heading\" id=\"superior\">N\u00edvel superior &#8211; Especialistas em Sa\u00fade <\/h4>\n\n\n\n<figure class=\"wp-block-table is-style-stripes\"><table class=\"has-background has-fixed-layout\" style=\"background-color:#b6e3d4\"><thead><tr><th class=\"has-text-align-center\" data-align=\"center\">CARGOS<\/th><th class=\"has-text-align-center\" data-align=\"center\">VAGAS<\/th><th class=\"has-text-align-center\" data-align=\"center\">SAL\u00c1RIO<\/th><\/tr><\/thead><tbody><tr><td class=\"has-text-align-center\" data-align=\"center\">Administrador<\/td><td class=\"has-text-align-center\" data-align=\"center\">65<\/td><td class=\"has-text-align-center\" data-align=\"center\">R$ 3.473,34 + gratifica\u00e7\u00f5es<\/td><\/tr><tr><td class=\"has-text-align-center\" data-align=\"center\">Administrador de Banco de Dados<\/td><td class=\"has-text-align-center\" data-align=\"center\">1<\/td><td class=\"has-text-align-center\" data-align=\"center\">R$ 3.473,34 + gratifica\u00e7\u00f5es<\/td><\/tr><tr><td class=\"has-text-align-center\" data-align=\"center\">Analista de Desenvolvimento de Sistemas<\/td><td class=\"has-text-align-center\" data-align=\"center\">4<\/td><td class=\"has-text-align-center\" data-align=\"center\">R$ 3.473,34 + gratifica\u00e7\u00f5es<\/td><\/tr><tr><td class=\"has-text-align-center\" data-align=\"center\">Analista de Suporte<\/td><td class=\"has-text-align-center\" data-align=\"center\">3<\/td><td class=\"has-text-align-center\" data-align=\"center\">R$ 3.473,34 + gratifica\u00e7\u00f5es<\/td><\/tr><tr><td class=\"has-text-align-center\" data-align=\"center\">Analista de Sistemas<\/td><td class=\"has-text-align-center\" data-align=\"center\">6<\/td><td class=\"has-text-align-center\" data-align=\"center\">R$ 3.473,34 + gratifica\u00e7\u00f5es<\/td><\/tr><tr><td class=\"has-text-align-center\" data-align=\"center\">Arquiteto<\/td><td class=\"has-text-align-center\" data-align=\"center\">5<\/td><td class=\"has-text-align-center\" data-align=\"center\">R$ 3.473,34 + gratifica\u00e7\u00f5es<\/td><\/tr><tr><td class=\"has-text-align-center\" data-align=\"center\">Arquivista<\/td><td class=\"has-text-align-center\" data-align=\"center\">1<\/td><td class=\"has-text-align-center\" data-align=\"center\">R$ 3.473,34 + gratifica\u00e7\u00f5es<\/td><\/tr><tr><td class=\"has-text-align-center\" data-align=\"center\">Assessor Jur\u00eddico<\/td><td class=\"has-text-align-center\" data-align=\"center\">25<\/td><td class=\"has-text-align-center\" data-align=\"center\">R$ 3.473,34 + gratifica\u00e7\u00f5es<\/td><\/tr><tr><td class=\"has-text-align-center\" data-align=\"center\">Assistente Social<\/td><td class=\"has-text-align-center\" data-align=\"center\">18<\/td><td class=\"has-text-align-center\" data-align=\"center\">R$ 3.473,34 + gratifica\u00e7\u00f5es<\/td><\/tr><tr><td class=\"has-text-align-center\" data-align=\"center\">Bibliotec\u00e1rio<\/td><td class=\"has-text-align-center\" data-align=\"center\">2<\/td><td class=\"has-text-align-center\" data-align=\"center\">R$ 3.473,34 + gratifica\u00e7\u00f5es<\/td><\/tr><tr><td class=\"has-text-align-center\" data-align=\"center\">Bi\u00f3logo<\/td><td class=\"has-text-align-center\" data-align=\"center\">30<\/td><td class=\"has-text-align-center\" data-align=\"center\">R$ 3.473,34 + gratifica\u00e7\u00f5es<\/td><\/tr><tr><td class=\"has-text-align-center\" data-align=\"center\">Bioqu\u00edmico<\/td><td class=\"has-text-align-center\" data-align=\"center\">2<\/td><td class=\"has-text-align-center\" data-align=\"center\">R$ 3.473,34 + gratifica\u00e7\u00f5es<\/td><\/tr><tr><td class=\"has-text-align-center\" data-align=\"center\">Contador<\/td><td class=\"has-text-align-center\" data-align=\"center\">13<\/td><td class=\"has-text-align-center\" data-align=\"center\">R$ 3.473,34 + gratifica\u00e7\u00f5es<\/td><\/tr><tr><td class=\"has-text-align-center\" data-align=\"center\">Designer Gr\u00e1fico<\/td><td class=\"has-text-align-center\" data-align=\"center\">5<\/td><td class=\"has-text-align-center\" data-align=\"center\">R$ 3.473,34 + gratifica\u00e7\u00f5es<\/td><\/tr><tr><td class=\"has-text-align-center\" data-align=\"center\">Economista<\/td><td class=\"has-text-align-center\" data-align=\"center\">4<\/td><td class=\"has-text-align-center\" data-align=\"center\">R$ 3.473,34 + gratifica\u00e7\u00f5es<\/td><\/tr><tr><td class=\"has-text-align-center\" data-align=\"center\">Educador F\u00edsico<\/td><td class=\"has-text-align-center\" data-align=\"center\">4<\/td><td class=\"has-text-align-center\" data-align=\"center\">R$ 3.473,34 + gratifica\u00e7\u00f5es<\/td><\/tr><tr><td class=\"has-text-align-center\" data-align=\"center\">Enfermeiro<\/td><td class=\"has-text-align-center\" data-align=\"center\">109<\/td><td class=\"has-text-align-center\" data-align=\"center\">R$ 3.473,34 + gratifica\u00e7\u00f5es<\/td><\/tr><tr><td class=\"has-text-align-center\" data-align=\"center\">Engenheiro (v\u00e1rios)<\/td><td class=\"has-text-align-center\" data-align=\"center\">30<\/td><td class=\"has-text-align-center\" data-align=\"center\">R$ 3.473,34 + gratifica\u00e7\u00f5es<\/td><\/tr><tr><td class=\"has-text-align-center\" data-align=\"center\">Estat\u00edstico<\/td><td class=\"has-text-align-center\" data-align=\"center\">7<\/td><td class=\"has-text-align-center\" data-align=\"center\">R$ 3.473,34 + gratifica\u00e7\u00f5es<\/td><\/tr><tr><td class=\"has-text-align-center\" data-align=\"center\">Farmac\u00eautico<\/td><td class=\"has-text-align-center\" data-align=\"center\">59<\/td><td class=\"has-text-align-center\" data-align=\"center\">R$ 3.473,34 + gratifica\u00e7\u00f5es<\/td><\/tr><tr><td class=\"has-text-align-center\" data-align=\"center\">F\u00edsico<\/td><td class=\"has-text-align-center\" data-align=\"center\">5<\/td><td class=\"has-text-align-center\" data-align=\"center\">R$ 3.473,34 + gratifica\u00e7\u00f5es<\/td><\/tr><tr><td class=\"has-text-align-center\" data-align=\"center\">Fisioterapeuta<\/td><td class=\"has-text-align-center\" data-align=\"center\">7<\/td><td class=\"has-text-align-center\" data-align=\"center\">R$ 3.473,34 + gratifica\u00e7\u00f5es<\/td><\/tr><tr><td class=\"has-text-align-center\" data-align=\"center\">Fonoaudi\u00f3logo<\/td><td class=\"has-text-align-center\" data-align=\"center\">3<\/td><td class=\"has-text-align-center\" data-align=\"center\">R$ 3.473,34 + gratifica\u00e7\u00f5es<\/td><\/tr><tr><td class=\"has-text-align-center\" data-align=\"center\">Ge\u00f3grafo<\/td><td class=\"has-text-align-center\" data-align=\"center\">1<\/td><td class=\"has-text-align-center\" data-align=\"center\">R$ 3.473,34 + gratifica\u00e7\u00f5es<\/td><\/tr><tr><td class=\"has-text-align-center\" data-align=\"center\">Ge\u00f3logo<\/td><td class=\"has-text-align-center\" data-align=\"center\">3<\/td><td class=\"has-text-align-center\" data-align=\"center\">R$ 3.473,34 + gratifica\u00e7\u00f5es<\/td><\/tr><tr><td class=\"has-text-align-center\" data-align=\"center\">Gestor em Sa\u00fade<\/td><td class=\"has-text-align-center\" data-align=\"center\">10<\/td><td class=\"has-text-align-center\" data-align=\"center\">R$ 3.473,34 + gratifica\u00e7\u00f5es<\/td><\/tr><tr><td class=\"has-text-align-center\" data-align=\"center\">Gestor Financeiro<\/td><td class=\"has-text-align-center\" data-align=\"center\">5<\/td><td class=\"has-text-align-center\" data-align=\"center\">R$ 3.473,34 + gratifica\u00e7\u00f5es<\/td><\/tr><tr><td class=\"has-text-align-center\" data-align=\"center\">Gestor Hospitalar<\/td><td class=\"has-text-align-center\" data-align=\"center\">5<\/td><td class=\"has-text-align-center\" data-align=\"center\">R$ 3.473,34 + gratifica\u00e7\u00f5es<\/td><\/tr><tr><td class=\"has-text-align-center\" data-align=\"center\">Gestor P\u00fablico<\/td><td class=\"has-text-align-center\" data-align=\"center\">3<\/td><td class=\"has-text-align-center\" data-align=\"center\">R$ 3.473,34 + gratifica\u00e7\u00f5es<\/td><\/tr><tr><td class=\"has-text-align-center\" data-align=\"center\">Jornalista<\/td><td class=\"has-text-align-center\" data-align=\"center\">2<\/td><td class=\"has-text-align-center\" data-align=\"center\">R$ 3.473,34 + gratifica\u00e7\u00f5es<\/td><\/tr><tr><td class=\"has-text-align-center\" data-align=\"center\">M\u00e9dico (v\u00e1rios) <\/td><td class=\"has-text-align-center\" data-align=\"center\">148<\/td><td class=\"has-text-align-center\" data-align=\"center\">R$ 3.473,34 + gratifica\u00e7\u00f5es<\/td><\/tr><tr><td class=\"has-text-align-center\" data-align=\"center\">M\u00e9dico Veterin\u00e1rio<\/td><td class=\"has-text-align-center\" data-align=\"center\">24<\/td><td class=\"has-text-align-center\" data-align=\"center\">R$ 3.473,34 + gratifica\u00e7\u00f5es<\/td><\/tr><tr><td class=\"has-text-align-center\" data-align=\"center\">Muse\u00f3logo<\/td><td class=\"has-text-align-center\" data-align=\"center\">1<\/td><td class=\"has-text-align-center\" data-align=\"center\">R$ 3.473,34 + gratifica\u00e7\u00f5es<\/td><\/tr><tr><td class=\"has-text-align-center\" data-align=\"center\">Nutricionista<\/td><td class=\"has-text-align-center\" data-align=\"center\">19<\/td><td class=\"has-text-align-center\" data-align=\"center\">R$ 3.473,34 + gratifica\u00e7\u00f5es<\/td><\/tr><tr><td class=\"has-text-align-center\" data-align=\"center\">Ocean\u00f3logo<\/td><td class=\"has-text-align-center\" data-align=\"center\">1<\/td><td class=\"has-text-align-center\" data-align=\"center\">R$ 3.473,34 + gratifica\u00e7\u00f5es<\/td><\/tr><tr><td class=\"has-text-align-center\" data-align=\"center\">Odont\u00f3logo<\/td><td class=\"has-text-align-center\" data-align=\"center\">5<\/td><td class=\"has-text-align-center\" data-align=\"center\">R$ 3.473,34 + gratifica\u00e7\u00f5es<\/td><\/tr><tr><td class=\"has-text-align-center\" data-align=\"center\">Pedagogo<\/td><td class=\"has-text-align-center\" data-align=\"center\">7<\/td><td class=\"has-text-align-center\" data-align=\"center\">R$ 3.473,34 + gratifica\u00e7\u00f5es<\/td><\/tr><tr><td class=\"has-text-align-center\" data-align=\"center\">Analista de Pol\u00edticas P\u00fablicas<\/td><td class=\"has-text-align-center\" data-align=\"center\">8<\/td><td class=\"has-text-align-center\" data-align=\"center\">R$ 3.473,34 + gratifica\u00e7\u00f5es<\/td><\/tr><tr><td class=\"has-text-align-center\" data-align=\"center\">Produtor Audiovisual<\/td><td class=\"has-text-align-center\" data-align=\"center\">1<\/td><td class=\"has-text-align-center\" data-align=\"center\">R$ 3.473,34 + gratifica\u00e7\u00f5es<\/td><\/tr><tr><td class=\"has-text-align-center\" data-align=\"center\">Psic\u00f3logo<\/td><td class=\"has-text-align-center\" data-align=\"center\">15<\/td><td class=\"has-text-align-center\" data-align=\"center\">R$ 3.473,34 + gratifica\u00e7\u00f5es<\/td><\/tr><tr><td class=\"has-text-align-center\" data-align=\"center\">Publicit\u00e1rio<\/td><td class=\"has-text-align-center\" data-align=\"center\">1<\/td><td class=\"has-text-align-center\" data-align=\"center\">R$ 3.473,34 + gratifica\u00e7\u00f5es<\/td><\/tr><tr><td class=\"has-text-align-center\" data-align=\"center\">Qu\u00edmico<\/td><td class=\"has-text-align-center\" data-align=\"center\">9<\/td><td class=\"has-text-align-center\" data-align=\"center\">R$ 3.473,34 + gratifica\u00e7\u00f5es<\/td><\/tr><tr><td class=\"has-text-align-center\" data-align=\"center\">Rela\u00e7\u00f5es P\u00fablicas<\/td><td class=\"has-text-align-center\" data-align=\"center\">4<\/td><td class=\"has-text-align-center\" data-align=\"center\">R$ 3.473,34 + gratifica\u00e7\u00f5es<\/td><\/tr><tr><td class=\"has-text-align-center\" data-align=\"center\">Bacharel em Sa\u00fade Coletiva<\/td><td class=\"has-text-align-center\" data-align=\"center\">31<\/td><td class=\"has-text-align-center\" data-align=\"center\">R$ 3.473,34 + gratifica\u00e7\u00f5es<\/td><\/tr><tr><td class=\"has-text-align-center\" data-align=\"center\">Secret\u00e1rio Executivo<\/td><td class=\"has-text-align-center\" data-align=\"center\">3<\/td><td class=\"has-text-align-center\" data-align=\"center\">R$ 3.473,34 + gratifica\u00e7\u00f5es<\/td><\/tr><tr><td class=\"has-text-align-center\" data-align=\"center\">Soci\u00f3logo<\/td><td class=\"has-text-align-center\" data-align=\"center\">1<\/td><td class=\"has-text-align-center\" data-align=\"center\">R$ 3.473,34 + gratifica\u00e7\u00f5es<\/td><\/tr><tr><td class=\"has-text-align-center\" data-align=\"center\">Terapeuta Ocupacional<\/td><td class=\"has-text-align-center\" data-align=\"center\">6<\/td><td class=\"has-text-align-center\" data-align=\"center\">R$ 3.473,34 + gratifica\u00e7\u00f5es<\/td><\/tr><tr><td class=\"has-text-align-center\" data-align=\"center\">Zootecnista<\/td><td class=\"has-text-align-center\" data-align=\"center\">3<\/td><td class=\"has-text-align-center\" data-align=\"center\">R$ 3.473,34 + gratifica\u00e7\u00f5es<\/td><\/tr><\/tbody><\/table><\/figure>\n\n\n\n<ul class=\"wp-block-list\"><li><a href=\"https:\/\/dhg1h5j42swfq.cloudfront.net\/2021\/12\/07080436\/20211116200655_edital-retificado.pdf\" target=\"_blank\" rel=\"noreferrer noopener nofollow\">1\u00aa retifica\u00e7\u00e3o<\/a>;<\/li><li><a href=\"https:\/\/dhg1h5j42swfq.cloudfront.net\/2021\/12\/07080549\/20211126102731_edital-retificativo_20_2021-final.pdf\" target=\"_blank\" rel=\"noreferrer noopener nofollow\">2\u00aa retifica\u00e7\u00e3o<\/a>;<\/li><li><a href=\"https:\/\/dhg1h5j42swfq.cloudfront.net\/2021\/12\/07080552\/20211126144738_edital_retificativo_22_2021.pdf\" target=\"_blank\" rel=\"noreferrer noopener nofollow\">3\u00aa retifica\u00e7\u00e3o<\/a>;<\/li><li><a href=\"https:\/\/dhg1h5j42swfq.cloudfront.net\/2021\/12\/07080554\/20211206225053_edital-retificativo_23_2021-_reabertura-de-inscriae280a1aes-cac2b3d-61-odontac2b3logo.pdf\" target=\"_blank\" rel=\"noreferrer noopener nofollow\">4\u00aa retifica\u00e7\u00e3o<\/a>.<\/li><\/ul>\n\n\n\n<h3 class=\"has-background wp-block-heading\" style=\"background-color:#eeeeee\">2\u00ba edital publicado<\/h3>\n\n\n\n<h4 class=\"wp-block-heading\" id=\"superior\">N\u00edvel superior &#8211; Especialistas em Sa\u00fade <\/h4>\n\n\n\n<figure class=\"wp-block-table is-style-stripes\"><table class=\"has-background has-fixed-layout\" style=\"background-color:#b6e3d4\"><thead><tr><th class=\"has-text-align-center\" data-align=\"center\">CARGOS<\/th><th class=\"has-text-align-center\" data-align=\"center\">VAGAS<\/th><th class=\"has-text-align-center\" data-align=\"center\">SAL\u00c1RIO<\/th><\/tr><\/thead><tbody><tr><td class=\"has-text-align-center\" data-align=\"center\">Biom\u00e9dico<\/td><td class=\"has-text-align-center\" data-align=\"center\">13<\/td><td class=\"has-text-align-center\" data-align=\"center\"> R$ 3.473,34 + gratifica\u00e7\u00f5es <\/td><\/tr><tr><td class=\"has-text-align-center\" data-align=\"center\">Epidemiologista<\/td><td class=\"has-text-align-center\" data-align=\"center\">13<\/td><td class=\"has-text-align-center\" data-align=\"center\">  R$ 3.473,34 + gratifica\u00e7\u00f5es <\/td><\/tr><\/tbody><\/table><\/figure>\n\n\n\n<h3 class=\"wp-block-heading\">Sal\u00e1rios e gratifica\u00e7\u00f5es<\/h3>\n\n\n\n<p><strong>N\u00edvel Superior<\/strong>: <strong>Gratifica\u00e7\u00e3o de Est\u00edmulo \u00e0 Capacita\u00e7\u00e3o \u2013 GECAP<\/strong>: paga, mensalmente, aos servidores ativos ocupantes dos cargos efetivos integrantes do grupo ocupacional de Atividades da Sa\u00fade de N\u00edvel Superior do Quadro de Cargos de Provimento Efetivo, conforme estabelecido em regulamento, em raz\u00e3o de sua forma\u00e7\u00e3o acad\u00eamica, obtida mediante conclus\u00e3o dos seguintes cursos, nos valores discriminados a seguir, vedada a percep\u00e7\u00e3o cumulativa: Especializa\u00e7\u00e3o \u2013 R$ 475,00 e Mestrado\/Doutorado \u2013 R$ 790,00 (Conforme Decreto n\u00b0 50.528\/2013).<\/p>\n\n\n\n<p><strong>N\u00edvel T\u00e9cnico \u2013 NT1 A:<\/strong> R$ 878,11 (oitocentos e setenta e oito reais e onze centavos) mais Parcela Aut\u00f4noma de R$ 295,00 (duzentos e noventa e cinco reais). Servidores de N\u00edvel T\u00e9cnico receber\u00e3o Aux\u00edlio-Transporte, de acordo com a Lei Estadual n\u00b0 8.746\/1988 e Decreto n\u00b0 33.104\/1989, e Vale-Refei\u00e7\u00e3o, de acordo com a Lei Estadual n\u00b0 10.002\/1993 e altera\u00e7\u00f5es.<\/p>\n\n\n\n<p><strong>Gratifica\u00e7\u00e3o de Apoio \u00e0 Capacita\u00e7\u00e3o \u2013 GAC<\/strong>: a ser paga, mensalmente, aos servidores ativos integrantes dos grupos ocupacionais de Atividades da Sa\u00fade de N\u00edvel M\u00e9dio e de Atividades da Sa\u00fade de N\u00edvel M\u00e9dio T\u00e9cnico do Quadro de Cargos de Provimento Efetivo, conforme estabelecido em regulamento, que comprovarem a conclus\u00e3o de curso de gradua\u00e7\u00e3o em qualquer \u00e1rea de forma\u00e7\u00e3o, em institui\u00e7\u00e3o de ensino reconhecida pelo Minist\u00e9rio da Educa\u00e7\u00e3o, no valor equivalente a 5% do seu vencimento b\u00e1sico (Conforme Lei Estadual n\u00b0 14.260\/2013).<\/p>\n\n\n\n<h2 class=\"wp-block-heading\" id=\"etapas\">Etapas e provas do edital SES RS<\/h2>\n\n\n\n<p><strong>Para o cargo de N\u00edvel Superior, o Concurso constar\u00e1 de duas etapas: <\/strong><\/p>\n\n\n\n<p>A primeira etapa, Prova Escrita, ser\u00e1 constitu\u00edda de quest\u00f5es objetivas e de Reda\u00e7\u00e3o. As quest\u00f5es objetivas de m\u00faltipla escolha ser\u00e3o subdivididas em seis partes: L\u00edngua Portuguesa, Governan\u00e7a e Gest\u00e3o do Sistema \u00danico de Sa\u00fade &#8211; SUS, Conhecimentos Espec\u00edficos, Legisla\u00e7\u00e3o do Sistema \u00danico de Sa\u00fade &#8211; SUS, Direito P\u00fablico e Inform\u00e1tica. <\/p>\n\n\n\n<p>A segunda etapa ser\u00e1 constitu\u00edda de uma Prova de T\u00edtulos.<\/p>\n\n\n\n<p><strong>Para o cargo de N\u00edvel T\u00e9cnico, o Concurso constar\u00e1 de uma etapa:<\/strong><\/p>\n\n\n\n<p>Prova Escrita, com quest\u00f5es objetivas, de m\u00faltipla escolha e subdivididas em seis partes: L\u00edngua Portuguesa, Governan\u00e7a e Gest\u00e3o do Sistema \u00danico de Sa\u00fade &#8211; SUS, Conhecimentos Espec\u00edficos, Legisla\u00e7\u00e3o do Sistema \u00danico de Sa\u00fade &#8211; SUS, Direito P\u00fablico e Inform\u00e1tica.<\/p>\n\n\n\n<h3 class=\"wp-block-heading\" id=\"objetiva\">Provas Objetivas<\/h3>\n\n\n\n<p>De car\u00e1ter eliminat\u00f3rio e classificat\u00f3rio, as Provas Escritas ser\u00e3o aplicadas na cidade de Porto Alegre, RS, e\/ou na Grande Porto Alegre, com dura\u00e7\u00e3o de 5 horas para os cargos de N\u00edvel Superior (Especialista em Sa\u00fade) e 4 horas para os cargos de N\u00edvel T\u00e9cnico (T\u00e9cnico em Sa\u00fade).<\/p>\n\n\n\n<p>Para o cargo de <strong>N\u00edvel Superior<\/strong>, a Prova Escrita, de car\u00e1ter eliminat\u00f3rio e classificat\u00f3rio, ter\u00e1 o valor de 200 pontos e ser\u00e1 constitu\u00edda de 100 quest\u00f5es objetivas e 1 Reda\u00e7\u00e3o, assim distribu\u00eddas:<\/p>\n\n\n\n<div class=\"wp-block-image\"><figure class=\"aligncenter size-full\"><img loading=\"lazy\" decoding=\"async\" width=\"593\" height=\"315\" src=\"https:\/\/dhg1h5j42swfq.cloudfront.net\/2021\/11\/05182123\/image-66.png\" alt=\"\" class=\"wp-image-901880\" srcset=\"https:\/\/dhg1h5j42swfq.cloudfront.net\/2021\/11\/05182123\/image-66.png 593w, https:\/\/dhg1h5j42swfq.cloudfront.net\/2021\/11\/05182123\/image-66-300x159.png 300w\" sizes=\"auto, (max-width: 593px) 100vw, 593px\" \/><figcaption> Provas do edital SES RS  <\/figcaption><\/figure><\/div>\n\n\n\n<p>Para o cargo de <strong>N\u00edvel T\u00e9cnico,<\/strong> a Prova Escrita, de car\u00e1ter eliminat\u00f3rio e classificat\u00f3rio, ter\u00e1 o valor de 140 pontos e ser\u00e1 constitu\u00edda de 100 quest\u00f5es objetivas, assim distribu\u00eddas:<\/p>\n\n\n\n<div class=\"wp-block-image\"><figure class=\"aligncenter size-full\"><img loading=\"lazy\" decoding=\"async\" width=\"591\" height=\"341\" src=\"https:\/\/dhg1h5j42swfq.cloudfront.net\/2021\/11\/05182327\/image-68.png\" alt=\"\" class=\"wp-image-901885\" srcset=\"https:\/\/dhg1h5j42swfq.cloudfront.net\/2021\/11\/05182327\/image-68.png 591w, https:\/\/dhg1h5j42swfq.cloudfront.net\/2021\/11\/05182327\/image-68-300x173.png 300w\" sizes=\"auto, (max-width: 591px) 100vw, 591px\" \/><figcaption>Provas do edital SES RS <\/figcaption><\/figure><\/div>\n\n\n\n<p>Ser\u00e3o considerados aprovados os candidatos que acertarem o n\u00famero m\u00ednimo de acertos estipulado para cada parte da prova, conforme demonstrado no quadro acima e obtiverem, no m\u00ednimo, 60 acertos no somat\u00f3rio total da prova, ou seja, no m\u00ednimo acertarem 60% da prova.<\/p>\n\n\n\n<h3 class=\"wp-block-heading\" id=\"discursiva\">Prova Discursiva<\/h3>\n\n\n\n<p>Ser\u00e1 corrigida a Prova de Reda\u00e7\u00e3o somente dos candidatos que acertarem o n\u00famero m\u00ednimo de acertos estipulado para cada parte da prova, conforme  demonstrado no quadro acima, e obtiverem, no m\u00ednimo, 60 acertos no somat\u00f3rio total da prova, ou seja, no m\u00ednimo acertarem 60% da prova.<\/p>\n\n\n\n<p>A Prova de Reda\u00e7\u00e3o, que valer\u00e1 30 pontos, com peso 2, e ter\u00e1 car\u00e1ter eliminat\u00f3rio e classificat\u00f3rio. Ser\u00e1 solicitado ao candidato que redija um texto sobre tema relacionado \u00e0 mat\u00e9ria de Governan\u00e7a e Gest\u00e3o do Sistema \u00danico de Sa\u00fade &#8211; SUS. <\/p>\n\n\n\n<p>A partir de dados fornecidos na proposta de reda\u00e7\u00e3o a ser apresentada ao candidato, este dever\u00e1 compor um texto que se defina, primordialmente, por sua singularidade e articula\u00e7\u00e3o em torno do tema e da tipologia textual solicitada.<\/p>\n\n\n\n<h3 class=\"wp-block-heading\" id=\"titulos\">Avalia\u00e7\u00e3o de T\u00edtulos<\/h3>\n\n\n\n<p>Para os cargos de N\u00edvel Superior do edital SES RS, a Prova de T\u00edtulos ser\u00e1 aplicada somente para os candidatos aprovados na Prova Escrita.<\/p>\n\n\n\n<p>A Prova de T\u00edtulos, de car\u00e1ter classificat\u00f3rio, ter\u00e1 o valor de 30 pontos, a serem calculados por meio do somat\u00f3rio dos pontos obtidos nos itens descritos na Tabela de T\u00edtulos que segue.<\/p>\n\n\n\n<div class=\"wp-block-image\"><figure class=\"aligncenter size-full\"><img loading=\"lazy\" decoding=\"async\" width=\"531\" height=\"226\" src=\"https:\/\/dhg1h5j42swfq.cloudfront.net\/2021\/11\/05182458\/image-69.png\" alt=\"\" class=\"wp-image-901888\" srcset=\"https:\/\/dhg1h5j42swfq.cloudfront.net\/2021\/11\/05182458\/image-69.png 531w, https:\/\/dhg1h5j42swfq.cloudfront.net\/2021\/11\/05182458\/image-69-300x128.png 300w\" sizes=\"auto, (max-width: 531px) 100vw, 531px\" \/><figcaption>T\u00edtulos do edital SES RS<\/figcaption><\/figure><\/div>\n\n\n\n<p><strong>Observa\u00e7\u00e3o<\/strong>: ser\u00e3o considerados cursos de gradua\u00e7\u00e3o: bacharelado, licenciatura e tecnol\u00f3gico. Para comprova\u00e7\u00e3o, dever\u00e3o ser entregues dois diplomas (um referente ao pr\u00e9-requisito e outro para pontua\u00e7\u00e3o da Prova de T\u00edtulos). Os cursos apresentados dever\u00e3o ser, obrigatoriamente, reconhecidos pelo MEC. O candidato poder\u00e1 apresentar apenas um t\u00edtulo para cada forma\u00e7\u00e3o. O T\u00cdTULO DEVE ESTAR CORRELACIONADO COM AS ATRIBUI\u00c7\u00d5ES DA FUN\u00c7\u00c3O.<\/p>\n\n\n\n<hr class=\"wp-block-separator\"\/>\n\n\n\n<h2 class=\"has-text-align-center wp-block-heading\" id=\"h-quer-saber-tudo-sobre-concursos-previstos-confira-nossos-artigos\">Quer saber tudo sobre concursos previstos?<br \/>Confira nossos artigos!<\/h2>\n\n\n\n<ul class=\"wp-block-list\"><li><a href=\"https:\/\/www.estrategiaconcursos.com.br\/blog\/concursos-abertos\/\" target=\"_blank\" rel=\"noreferrer noopener\">Concursos abertos<\/a><\/li><li><a href=\"https:\/\/www.estrategiaconcursos.com.br\/blog\/concursos-2021\/\" target=\"_blank\" rel=\"noreferrer noopener\">Concursos 2021<\/a><\/li><li><a href=\"https:\/\/www.estrategiaconcursos.com.br\/blog\/concursos-2022\/\" target=\"_blank\" rel=\"noreferrer noopener\">Concursos 2022<\/a><\/li><\/ul>\n\n\n\n<h2 class=\"has-text-align-center wp-block-heading\" id=\"assinatura\">Quer estudar para o edital do concurso SES RS?<\/h2>\n\n\n\n<div class=\"container\" id=\"boxes\">\n  <div class=\"row\">\n\n    <div class=\"col-sm\">\n      <div class=\"banner-medicina\" id=\"box-assinatura\">\n        <h3 class=\"titulo-assinatura\">Concurso SES RS<\/h3>\n        <p class=\"subtitulo-assinatura\">Estude conosco<\/p>\n        <div class=\"box-botao\">\n          <a class=\"btn-assinatura\" target=\"_blank\" href=\"https:\/\/www.estrategiaconcursos.com.br\/cursosPorConcurso\/secretaria-de-saude-do-rio-grande-do-sul-ses-rs\/\" role=\"button\" rel=\"noopener noreferrer\">Conhe\u00e7a mais<\/a>\n        <\/div>\n      <\/div>\n   \n    <\/div>\n\n  <\/div>\n<\/div>\n\n\n\n<div class=\"container\" id=\"boxes\">\n  <div class=\"row\">\n\n    <div class=\"col-sm\">\n      <div class=\"estrategia\" id=\"box-assinatura\">\n        <h3 class=\"titulo-assinatura\">Assinatura Concursos<\/h3>\n        <p class=\"subtitulo-assinatura\">Assinatura de 1 ano ou 2 anos<\/p>\n        <div class=\"box-botao\">\n          <a class=\"btn-assinatura\" target=\"_blank\" href=\"https:\/\/www.estrategiaconcursos.com.br\/assinaturas\/\" role=\"button\" rel=\"noopener noreferrer\">ASSINE AGORA<\/a>\n        <\/div>\n      <\/div>\n     \n    <\/div><\/div><\/div>\n\n\n\n<figure class=\"wp-block-image size-large is-resized\"><img loading=\"lazy\" decoding=\"async\" src=\"https:\/\/dhg1h5j42swfq.cloudfront.net\/2025\/06\/27101122\/ficha-tecnica-1-1024x632.png\" alt=\"Ficha do edital SES RS\" class=\"wp-image-702728\" width=\"269\" height=\"166\" srcset=\"https:\/\/dhg1h5j42swfq.cloudfront.net\/2025\/06\/27101122\/ficha-tecnica-1-1024x632.png 1024w, https:\/\/dhg1h5j42swfq.cloudfront.net\/2025\/06\/27101122\/ficha-tecnica-1-300x185.png 300w, https:\/\/dhg1h5j42swfq.cloudfront.net\/2025\/06\/27101122\/ficha-tecnica-1-768x474.png 768w, https:\/\/dhg1h5j42swfq.cloudfront.net\/2025\/06\/27101122\/ficha-tecnica-1-1536x948.png 1536w, https:\/\/dhg1h5j42swfq.cloudfront.net\/2025\/06\/27101122\/ficha-tecnica-1-610x377.png 610w, https:\/\/dhg1h5j42swfq.cloudfront.net\/2025\/06\/27101122\/ficha-tecnica-1.png 1571w\" sizes=\"auto, (max-width: 269px) 100vw, 269px\" \/><\/figure>\n\n\n\n<h3 class=\"wp-block-heading\" id=\"ficha\">Informa\u00e7\u00f5es do edital SES RS<\/h3>\n\n\n\n<ul class=\"wp-block-list\"><li><strong>Provas<\/strong>: 09 e 23\/\/01\/2022<\/li><li><strong>Vagas:<\/strong>&nbsp;948<\/li><li><strong>Cargos:<\/strong>&nbsp;Especialistas em Sa\u00fade e T\u00e9cnicos em Sa\u00fade<\/li><li><strong>Banca:<\/strong>&nbsp;FAURG&nbsp;<\/li><li><strong>Escolaridade:<\/strong>&nbsp;N\u00edvel superior e m\u00e9dio\/t\u00e9cnico<\/li><li><strong>Edital:<\/strong>&nbsp;<a href=\"https:\/\/dhg1h5j42swfq.cloudfront.net\/2021\/11\/05175059\/20211105174145_edital-de-abertura-n_15_2021-final.pdf\" target=\"_blank\" rel=\"noreferrer noopener nofollow\">SES-RS 01\/2021<\/a> | <a href=\"https:\/\/dhg1h5j42swfq.cloudfront.net\/2021\/11\/23093900\/edital_concurso_ses_rs_-_especialista_em_saude_2021.pdf\" target=\"_blank\" rel=\"noreferrer noopener nofollow\">SES-RS 02\/2022<\/a><\/li><\/ul>\n","protected":false},"excerpt":{"rendered":"<p>Est\u00e3o encerradas as inscri\u00e7\u00f5es para o edital SES RS! Todo o processo de candidatura p\u00f4de ser feito at\u00e9 os dias 06 e 22 de dezembro, no site da banca organizadora, FAURGS, ao custo de R$ 92,64 para m\u00e9dio e R$ 211,22 para superior. No total, s\u00e3o duas sele\u00e7\u00f5es para a Secretaria de Estado da Sa\u00fade [&hellip;]<\/p>\n","protected":false},"author":1938,"featured_media":869251,"comment_status":"open","ping_status":"closed","sticky":false,"template":"","format":"standard","meta":{"post_tipo":"news","footnotes":""},"categories":[1981,220219],"tags":[],"tax_estado":[219986],"class_list":["post-899972","post","type-post","status-publish","format-standard","has-post-thumbnail","hentry","category-saude","category-noticias","tax_estado-rs"],"acf":[],"yoast_head":"<!-- This site is optimized with the Yoast SEO Premium plugin v27.2 (Yoast SEO v27.2) - https:\/\/yoast.com\/product\/yoast-seo-premium-wordpress\/ -->\n<title>Edital SES RS est\u00e1 com as inscri\u00e7\u00f5es encerradas<\/title>\n<meta name=\"description\" content=\"Edital SES RS: Concurso da Secretaria da Sa\u00fade do Rio Grande do Sul oferta 948 vagas para t\u00e9cnico e superior. Inscri\u00e7\u00f5es encerradas!\" \/>\n<meta name=\"robots\" content=\"index, follow, max-snippet:-1, max-image-preview:large, max-video-preview:-1\" \/>\n<link rel=\"canonical\" href=\"https:\/\/www.estrategiaconcursos.com.br\/blog\/edital-ses-rs\/\" \/>\n<meta property=\"og:locale\" content=\"pt_BR\" \/>\n<meta property=\"og:type\" content=\"article\" \/>\n<meta property=\"og:title\" content=\"Edital SES RS est\u00e1 com as inscri\u00e7\u00f5es encerradas\" \/>\n<meta property=\"og:description\" content=\"Edital SES RS: Concurso da Secretaria da Sa\u00fade do Rio Grande do Sul oferta 948 vagas para t\u00e9cnico e superior. Inscri\u00e7\u00f5es encerradas!\" \/>\n<meta property=\"og:url\" content=\"https:\/\/www.estrategiaconcursos.com.br\/blog\/edital-ses-rs\/\" \/>\n<meta property=\"og:site_name\" content=\"Estrat\u00e9gia Concursos\" \/>\n<meta property=\"article:published_time\" content=\"2021-12-23T03:18:00+00:00\" \/>\n<meta property=\"article:modified_time\" content=\"2021-12-23T11:52:02+00:00\" \/>\n<meta property=\"og:image\" content=\"https:\/\/dhg1h5j42swfq.cloudfront.net\/2021\/04\/24084854\/ses-rs.jpg\" \/>\n\t<meta property=\"og:image:width\" content=\"768\" \/>\n\t<meta property=\"og:image:height\" content=\"432\" \/>\n\t<meta property=\"og:image:type\" content=\"image\/jpeg\" \/>\n<meta name=\"author\" content=\"Andr\u00e9 Rocha (Coordena\u00e7\u00e3o)\" \/>\n<meta name=\"twitter:card\" content=\"summary_large_image\" \/>\n<meta name=\"twitter:creator\" content=\"@EstratConcursos\" \/>\n<meta name=\"twitter:site\" content=\"@EstratConcursos\" \/>\n<meta name=\"twitter:label1\" content=\"Escrito por\" \/>\n\t<meta name=\"twitter:data1\" content=\"Andr\u00e9 Rocha (Coordena\u00e7\u00e3o)\" \/>\n\t<meta name=\"twitter:label2\" content=\"Est. tempo de leitura\" \/>\n\t<meta name=\"twitter:data2\" content=\"7 minutos\" \/>\n<script type=\"application\/ld+json\" class=\"yoast-schema-graph\">{\"@context\":\"https:\/\/schema.org\",\"@graph\":[{\"@type\":\"NewsArticle\",\"@id\":\"https:\/\/www.estrategiaconcursos.com.br\/blog\/edital-ses-rs\/#article\",\"isPartOf\":{\"@id\":\"https:\/\/www.estrategiaconcursos.com.br\/blog\/edital-ses-rs\/\"},\"author\":{\"name\":\"Andr\u00e9 Rocha (Coordena\u00e7\u00e3o)\",\"@id\":\"https:\/\/www.estrategiaconcursos.com.br\/blog\/#\/schema\/person\/e67b24269a8b4cecf85a1f20424b49d6\"},\"headline\":\"Edital SES RS est\u00e1 com as inscri\u00e7\u00f5es encerradas\",\"datePublished\":\"2021-12-23T03:18:00+00:00\",\"dateModified\":\"2021-12-23T11:52:02+00:00\",\"mainEntityOfPage\":{\"@id\":\"https:\/\/www.estrategiaconcursos.com.br\/blog\/edital-ses-rs\/\"},\"wordCount\":1494,\"commentCount\":0,\"publisher\":{\"@id\":\"https:\/\/www.estrategiaconcursos.com.br\/blog\/#organization\"},\"image\":{\"@id\":\"https:\/\/www.estrategiaconcursos.com.br\/blog\/edital-ses-rs\/#primaryimage\"},\"thumbnailUrl\":\"https:\/\/dhg1h5j42swfq.cloudfront.net\/2021\/04\/24084854\/ses-rs.jpg\",\"articleSection\":[\"Sa\u00fade\",\"\u00daltimas not\u00edcias\"],\"inLanguage\":\"pt-BR\",\"potentialAction\":[{\"@type\":\"CommentAction\",\"name\":\"Comment\",\"target\":[\"https:\/\/www.estrategiaconcursos.com.br\/blog\/edital-ses-rs\/#respond\"]}],\"copyrightYear\":\"2021\",\"copyrightHolder\":{\"@id\":\"https:\/\/www.estrategiaconcursos.com.br\/blog\/#organization\"}},{\"@type\":\"WebPage\",\"@id\":\"https:\/\/www.estrategiaconcursos.com.br\/blog\/edital-ses-rs\/\",\"url\":\"https:\/\/www.estrategiaconcursos.com.br\/blog\/edital-ses-rs\/\",\"name\":\"Edital SES RS est\u00e1 com as inscri\u00e7\u00f5es encerradas\",\"isPartOf\":{\"@id\":\"https:\/\/www.estrategiaconcursos.com.br\/blog\/#website\"},\"primaryImageOfPage\":{\"@id\":\"https:\/\/www.estrategiaconcursos.com.br\/blog\/edital-ses-rs\/#primaryimage\"},\"image\":{\"@id\":\"https:\/\/www.estrategiaconcursos.com.br\/blog\/edital-ses-rs\/#primaryimage\"},\"thumbnailUrl\":\"https:\/\/dhg1h5j42swfq.cloudfront.net\/2021\/04\/24084854\/ses-rs.jpg\",\"datePublished\":\"2021-12-23T03:18:00+00:00\",\"dateModified\":\"2021-12-23T11:52:02+00:00\",\"description\":\"Edital SES RS: Concurso da Secretaria da Sa\u00fade do Rio Grande do Sul oferta 948 vagas para t\u00e9cnico e superior. Inscri\u00e7\u00f5es encerradas!\",\"breadcrumb\":{\"@id\":\"https:\/\/www.estrategiaconcursos.com.br\/blog\/edital-ses-rs\/#breadcrumb\"},\"inLanguage\":\"pt-BR\",\"potentialAction\":[{\"@type\":\"ReadAction\",\"target\":[\"https:\/\/www.estrategiaconcursos.com.br\/blog\/edital-ses-rs\/\"]}]},{\"@type\":\"ImageObject\",\"inLanguage\":\"pt-BR\",\"@id\":\"https:\/\/www.estrategiaconcursos.com.br\/blog\/edital-ses-rs\/#primaryimage\",\"url\":\"https:\/\/dhg1h5j42swfq.cloudfront.net\/2021\/04\/24084854\/ses-rs.jpg\",\"contentUrl\":\"https:\/\/dhg1h5j42swfq.cloudfront.net\/2021\/04\/24084854\/ses-rs.jpg\",\"width\":768,\"height\":432,\"caption\":\"SES RS\"},{\"@type\":\"BreadcrumbList\",\"@id\":\"https:\/\/www.estrategiaconcursos.com.br\/blog\/edital-ses-rs\/#breadcrumb\",\"itemListElement\":[{\"@type\":\"ListItem\",\"position\":1,\"name\":\"In\u00edcio\",\"item\":\"https:\/\/www.estrategiaconcursos.com.br\/blog\/\"},{\"@type\":\"ListItem\",\"position\":2,\"name\":\"Edital SES RS est\u00e1 com as inscri\u00e7\u00f5es encerradas\"}]},{\"@type\":\"WebSite\",\"@id\":\"https:\/\/www.estrategiaconcursos.com.br\/blog\/#website\",\"url\":\"https:\/\/www.estrategiaconcursos.com.br\/blog\/\",\"name\":\"Estrat\u00e9gia Concursos\",\"description\":\"O blog da Estrat\u00e9gia Concursos traz not\u00edcias sobre concursos e artigos de professores oferecendo cursos para concursos (pdf + videaulas) no site.\",\"publisher\":{\"@id\":\"https:\/\/www.estrategiaconcursos.com.br\/blog\/#organization\"},\"potentialAction\":[{\"@type\":\"SearchAction\",\"target\":{\"@type\":\"EntryPoint\",\"urlTemplate\":\"https:\/\/www.estrategiaconcursos.com.br\/blog\/?s={search_term_string}\"},\"query-input\":{\"@type\":\"PropertyValueSpecification\",\"valueRequired\":true,\"valueName\":\"search_term_string\"}}],\"inLanguage\":\"pt-BR\"},{\"@type\":\"Organization\",\"@id\":\"https:\/\/www.estrategiaconcursos.com.br\/blog\/#organization\",\"name\":\"Estrat\u00e9gia Concursos\",\"url\":\"https:\/\/www.estrategiaconcursos.com.br\/blog\/\",\"logo\":{\"@type\":\"ImageObject\",\"inLanguage\":\"pt-BR\",\"@id\":\"https:\/\/www.estrategiaconcursos.com.br\/blog\/#\/schema\/logo\/image\/\",\"url\":\"https:\/\/dhg1h5j42swfq.cloudfront.net\/2025\/06\/03203428\/logo_concursos-1.jpg\",\"contentUrl\":\"https:\/\/dhg1h5j42swfq.cloudfront.net\/2025\/06\/03203428\/logo_concursos-1.jpg\",\"width\":230,\"height\":60,\"caption\":\"Estrat\u00e9gia Concursos\"},\"image\":{\"@id\":\"https:\/\/www.estrategiaconcursos.com.br\/blog\/#\/schema\/logo\/image\/\"},\"sameAs\":[\"https:\/\/x.com\/EstratConcursos\"]},{\"@type\":\"Person\",\"@id\":\"https:\/\/www.estrategiaconcursos.com.br\/blog\/#\/schema\/person\/e67b24269a8b4cecf85a1f20424b49d6\",\"name\":\"Andr\u00e9 Rocha (Coordena\u00e7\u00e3o)\",\"image\":{\"@type\":\"ImageObject\",\"inLanguage\":\"pt-BR\",\"@id\":\"https:\/\/secure.gravatar.com\/avatar\/40153430899c7e3f207edb7d27d05d38a22e8a95aaf754d445b6db969384ac2c?s=96&d=mm&r=g\",\"url\":\"https:\/\/secure.gravatar.com\/avatar\/40153430899c7e3f207edb7d27d05d38a22e8a95aaf754d445b6db969384ac2c?s=96&d=mm&r=g\",\"contentUrl\":\"https:\/\/secure.gravatar.com\/avatar\/40153430899c7e3f207edb7d27d05d38a22e8a95aaf754d445b6db969384ac2c?s=96&d=mm&r=g\",\"caption\":\"Andr\u00e9 Rocha (Coordena\u00e7\u00e3o)\"},\"url\":\"https:\/\/www.estrategiaconcursos.com.br\/blog\/author\/andre-rochaestrategiaconcursos-com-br\/\"}]}<\/script>\n<!-- \/ Yoast SEO Premium plugin. -->","yoast_head_json":{"title":"Edital SES RS est\u00e1 com as inscri\u00e7\u00f5es encerradas","description":"Edital SES RS: Concurso da Secretaria da Sa\u00fade do Rio Grande do Sul oferta 948 vagas para t\u00e9cnico e superior. Inscri\u00e7\u00f5es encerradas!","robots":{"index":"index","follow":"follow","max-snippet":"max-snippet:-1","max-image-preview":"max-image-preview:large","max-video-preview":"max-video-preview:-1"},"canonical":"https:\/\/www.estrategiaconcursos.com.br\/blog\/edital-ses-rs\/","og_locale":"pt_BR","og_type":"article","og_title":"Edital SES RS est\u00e1 com as inscri\u00e7\u00f5es encerradas","og_description":"Edital SES RS: Concurso da Secretaria da Sa\u00fade do Rio Grande do Sul oferta 948 vagas para t\u00e9cnico e superior. Inscri\u00e7\u00f5es encerradas!","og_url":"https:\/\/www.estrategiaconcursos.com.br\/blog\/edital-ses-rs\/","og_site_name":"Estrat\u00e9gia Concursos","article_published_time":"2021-12-23T03:18:00+00:00","article_modified_time":"2021-12-23T11:52:02+00:00","og_image":[{"width":768,"height":432,"url":"https:\/\/dhg1h5j42swfq.cloudfront.net\/2021\/04\/24084854\/ses-rs.jpg","type":"image\/jpeg"}],"author":"Andr\u00e9 Rocha (Coordena\u00e7\u00e3o)","twitter_card":"summary_large_image","twitter_creator":"@EstratConcursos","twitter_site":"@EstratConcursos","twitter_misc":{"Escrito por":"Andr\u00e9 Rocha (Coordena\u00e7\u00e3o)","Est. tempo de leitura":"7 minutos"},"schema":{"@context":"https:\/\/schema.org","@graph":[{"@type":"NewsArticle","@id":"https:\/\/www.estrategiaconcursos.com.br\/blog\/edital-ses-rs\/#article","isPartOf":{"@id":"https:\/\/www.estrategiaconcursos.com.br\/blog\/edital-ses-rs\/"},"author":{"name":"Andr\u00e9 Rocha (Coordena\u00e7\u00e3o)","@id":"https:\/\/www.estrategiaconcursos.com.br\/blog\/#\/schema\/person\/e67b24269a8b4cecf85a1f20424b49d6"},"headline":"Edital SES RS est\u00e1 com as inscri\u00e7\u00f5es encerradas","datePublished":"2021-12-23T03:18:00+00:00","dateModified":"2021-12-23T11:52:02+00:00","mainEntityOfPage":{"@id":"https:\/\/www.estrategiaconcursos.com.br\/blog\/edital-ses-rs\/"},"wordCount":1494,"commentCount":0,"publisher":{"@id":"https:\/\/www.estrategiaconcursos.com.br\/blog\/#organization"},"image":{"@id":"https:\/\/www.estrategiaconcursos.com.br\/blog\/edital-ses-rs\/#primaryimage"},"thumbnailUrl":"https:\/\/dhg1h5j42swfq.cloudfront.net\/2021\/04\/24084854\/ses-rs.jpg","articleSection":["Sa\u00fade","\u00daltimas not\u00edcias"],"inLanguage":"pt-BR","potentialAction":[{"@type":"CommentAction","name":"Comment","target":["https:\/\/www.estrategiaconcursos.com.br\/blog\/edital-ses-rs\/#respond"]}],"copyrightYear":"2021","copyrightHolder":{"@id":"https:\/\/www.estrategiaconcursos.com.br\/blog\/#organization"}},{"@type":"WebPage","@id":"https:\/\/www.estrategiaconcursos.com.br\/blog\/edital-ses-rs\/","url":"https:\/\/www.estrategiaconcursos.com.br\/blog\/edital-ses-rs\/","name":"Edital SES RS est\u00e1 com as inscri\u00e7\u00f5es encerradas","isPartOf":{"@id":"https:\/\/www.estrategiaconcursos.com.br\/blog\/#website"},"primaryImageOfPage":{"@id":"https:\/\/www.estrategiaconcursos.com.br\/blog\/edital-ses-rs\/#primaryimage"},"image":{"@id":"https:\/\/www.estrategiaconcursos.com.br\/blog\/edital-ses-rs\/#primaryimage"},"thumbnailUrl":"https:\/\/dhg1h5j42swfq.cloudfront.net\/2021\/04\/24084854\/ses-rs.jpg","datePublished":"2021-12-23T03:18:00+00:00","dateModified":"2021-12-23T11:52:02+00:00","description":"Edital SES RS: Concurso da Secretaria da Sa\u00fade do Rio Grande do Sul oferta 948 vagas para t\u00e9cnico e superior. Inscri\u00e7\u00f5es encerradas!","breadcrumb":{"@id":"https:\/\/www.estrategiaconcursos.com.br\/blog\/edital-ses-rs\/#breadcrumb"},"inLanguage":"pt-BR","potentialAction":[{"@type":"ReadAction","target":["https:\/\/www.estrategiaconcursos.com.br\/blog\/edital-ses-rs\/"]}]},{"@type":"ImageObject","inLanguage":"pt-BR","@id":"https:\/\/www.estrategiaconcursos.com.br\/blog\/edital-ses-rs\/#primaryimage","url":"https:\/\/dhg1h5j42swfq.cloudfront.net\/2021\/04\/24084854\/ses-rs.jpg","contentUrl":"https:\/\/dhg1h5j42swfq.cloudfront.net\/2021\/04\/24084854\/ses-rs.jpg","width":768,"height":432,"caption":"SES RS"},{"@type":"BreadcrumbList","@id":"https:\/\/www.estrategiaconcursos.com.br\/blog\/edital-ses-rs\/#breadcrumb","itemListElement":[{"@type":"ListItem","position":1,"name":"In\u00edcio","item":"https:\/\/www.estrategiaconcursos.com.br\/blog\/"},{"@type":"ListItem","position":2,"name":"Edital SES RS est\u00e1 com as inscri\u00e7\u00f5es encerradas"}]},{"@type":"WebSite","@id":"https:\/\/www.estrategiaconcursos.com.br\/blog\/#website","url":"https:\/\/www.estrategiaconcursos.com.br\/blog\/","name":"Estrat\u00e9gia Concursos","description":"O blog da Estrat\u00e9gia Concursos traz not\u00edcias sobre concursos e artigos de professores oferecendo cursos para concursos (pdf + videaulas) no site.","publisher":{"@id":"https:\/\/www.estrategiaconcursos.com.br\/blog\/#organization"},"potentialAction":[{"@type":"SearchAction","target":{"@type":"EntryPoint","urlTemplate":"https:\/\/www.estrategiaconcursos.com.br\/blog\/?s={search_term_string}"},"query-input":{"@type":"PropertyValueSpecification","valueRequired":true,"valueName":"search_term_string"}}],"inLanguage":"pt-BR"},{"@type":"Organization","@id":"https:\/\/www.estrategiaconcursos.com.br\/blog\/#organization","name":"Estrat\u00e9gia Concursos","url":"https:\/\/www.estrategiaconcursos.com.br\/blog\/","logo":{"@type":"ImageObject","inLanguage":"pt-BR","@id":"https:\/\/www.estrategiaconcursos.com.br\/blog\/#\/schema\/logo\/image\/","url":"https:\/\/dhg1h5j42swfq.cloudfront.net\/2025\/06\/03203428\/logo_concursos-1.jpg","contentUrl":"https:\/\/dhg1h5j42swfq.cloudfront.net\/2025\/06\/03203428\/logo_concursos-1.jpg","width":230,"height":60,"caption":"Estrat\u00e9gia Concursos"},"image":{"@id":"https:\/\/www.estrategiaconcursos.com.br\/blog\/#\/schema\/logo\/image\/"},"sameAs":["https:\/\/x.com\/EstratConcursos"]},{"@type":"Person","@id":"https:\/\/www.estrategiaconcursos.com.br\/blog\/#\/schema\/person\/e67b24269a8b4cecf85a1f20424b49d6","name":"Andr\u00e9 Rocha (Coordena\u00e7\u00e3o)","image":{"@type":"ImageObject","inLanguage":"pt-BR","@id":"https:\/\/secure.gravatar.com\/avatar\/40153430899c7e3f207edb7d27d05d38a22e8a95aaf754d445b6db969384ac2c?s=96&d=mm&r=g","url":"https:\/\/secure.gravatar.com\/avatar\/40153430899c7e3f207edb7d27d05d38a22e8a95aaf754d445b6db969384ac2c?s=96&d=mm&r=g","contentUrl":"https:\/\/secure.gravatar.com\/avatar\/40153430899c7e3f207edb7d27d05d38a22e8a95aaf754d445b6db969384ac2c?s=96&d=mm&r=g","caption":"Andr\u00e9 Rocha (Coordena\u00e7\u00e3o)"},"url":"https:\/\/www.estrategiaconcursos.com.br\/blog\/author\/andre-rochaestrategiaconcursos-com-br\/"}]}},"_links":{"self":[{"href":"https:\/\/www.estrategiaconcursos.com.br\/blog\/wp-json\/wp\/v2\/posts\/899972","targetHints":{"allow":["GET"]}}],"collection":[{"href":"https:\/\/www.estrategiaconcursos.com.br\/blog\/wp-json\/wp\/v2\/posts"}],"about":[{"href":"https:\/\/www.estrategiaconcursos.com.br\/blog\/wp-json\/wp\/v2\/types\/post"}],"author":[{"embeddable":true,"href":"https:\/\/www.estrategiaconcursos.com.br\/blog\/wp-json\/wp\/v2\/users\/1938"}],"replies":[{"embeddable":true,"href":"https:\/\/www.estrategiaconcursos.com.br\/blog\/wp-json\/wp\/v2\/comments?post=899972"}],"version-history":[{"count":32,"href":"https:\/\/www.estrategiaconcursos.com.br\/blog\/wp-json\/wp\/v2\/posts\/899972\/revisions"}],"predecessor-version":[{"id":934571,"href":"https:\/\/www.estrategiaconcursos.com.br\/blog\/wp-json\/wp\/v2\/posts\/899972\/revisions\/934571"}],"wp:featuredmedia":[{"embeddable":true,"href":"https:\/\/www.estrategiaconcursos.com.br\/blog\/wp-json\/wp\/v2\/media\/869251"}],"wp:attachment":[{"href":"https:\/\/www.estrategiaconcursos.com.br\/blog\/wp-json\/wp\/v2\/media?parent=899972"}],"wp:term":[{"taxonomy":"category","embeddable":true,"href":"https:\/\/www.estrategiaconcursos.com.br\/blog\/wp-json\/wp\/v2\/categories?post=899972"},{"taxonomy":"post_tag","embeddable":true,"href":"https:\/\/www.estrategiaconcursos.com.br\/blog\/wp-json\/wp\/v2\/tags?post=899972"},{"taxonomy":"tax_estado","embeddable":true,"href":"https:\/\/www.estrategiaconcursos.com.br\/blog\/wp-json\/wp\/v2\/tax_estado?post=899972"}],"curies":[{"name":"wp","href":"https:\/\/api.w.org\/{rel}","templated":true}]}}