{"id":899211,"date":"2021-11-13T08:36:00","date_gmt":"2021-11-13T11:36:00","guid":{"rendered":"https:\/\/www.estrategiaconcursos.com.br\/blog\/?p=899211"},"modified":"2021-11-11T15:59:32","modified_gmt":"2021-11-11T18:59:32","slug":"planejamento-orcamentario-tema-quente-para-o-tcu-e-para-a-cgu","status":"publish","type":"post","link":"https:\/\/www.estrategiaconcursos.com.br\/blog\/planejamento-orcamentario-tema-quente-para-o-tcu-e-para-a-cgu\/","title":{"rendered":"Planejamento Or\u00e7ament\u00e1rio: Tema quente para o TCU e para a CGU"},"content":{"rendered":"\n<p>No artigo de hoje, apresentaremos uma vis\u00e3o mais aprofundada de planejamento or\u00e7ament\u00e1rio no Brasil, com foco nos concursos do Tribunal de Contas da Uni\u00e3o (TCU) e da Controladoria Geral da Uni\u00e3o (CGU)! Desse modo, \u00e9 importante conhecer esse tema a fundo, pois h\u00e1 uma alta probabilidade de ele ser cobrado em uma prova discursiva da \u00e1rea de controle.<br \/><\/p>\n\n\n\n<p>Outrossim, a disciplina Administra\u00e7\u00e3o Financeira e Or\u00e7ament\u00e1ria foi apresentada no edital do concurso do TCU como parte integrante dos CONHECIMENTOS ESPEC\u00cdFICOS do cargo. Diante disso, o assunto de hoje pode ser cobrado tanto na prova objetiva como na prova discursiva!<br \/><\/p>\n\n\n\n<p>Nesse contexto, cada t\u00f3pico a seguir pode ser um aspecto cobrado na sua prova discursiva, ent\u00e3o preste aten\u00e7\u00e3o em cada t\u00edtulo. Vamos ao que interessa!<br \/><\/p>\n\n\n\n<h2 class=\"wp-block-heading\" id=\"h-fases-em-que-se-desdobra-o-planejamento-or-ament-rio\">Fases em que se desdobra o planejamento or\u00e7ament\u00e1rio:<\/h2>\n\n\n\n<p>Inicialmente, ressalta-se que o planejamento p\u00fablico n\u00e3o se encerra no ciclo de elabora\u00e7\u00e3o (discuss\u00e3o, vota\u00e7\u00e3o, aprova\u00e7\u00e3o), execu\u00e7\u00e3o e controle da Lei Or\u00e7ament\u00e1ria Anual (LOA). Pois tamb\u00e9m envolve o Plano Plurianual (PPA), programa geral de governo de m\u00e9dio prazo, bem como a Lei de Diretrizes Or\u00e7ament\u00e1ria (LDO), lei que representa a fase intermedi\u00e1ria, na qual as linhas fundamentais de trabalho para o exerc\u00edcio financeiro subsequente s\u00e3o estabelecidas.<br \/><br \/>Entretanto, na pr\u00e1tica h\u00e1 dificuldade para a implementa\u00e7\u00e3o do planejamento no Brasil, diante de:<br \/>\u2022 discord\u00e2ncias provocadas pela aus\u00eancia de uma legisla\u00e7\u00e3o atualizada e abrangente sobre planejamento p\u00fablico e<br \/>\u2022 datas fatais, como PPA e LOA no primeiro ano de um mandato presidencial.<\/p>\n\n\n\n<div class=\"wp-block-image\"><figure class=\"aligncenter size-full\"><img loading=\"lazy\" decoding=\"async\" width=\"567\" height=\"330\" src=\"https:\/\/dhg1h5j42swfq.cloudfront.net\/2021\/11\/08223711\/image-118.png\" alt=\"Instrumentos de planejamento or\u00e7ament\u00e1rio\" class=\"wp-image-903781\" srcset=\"https:\/\/dhg1h5j42swfq.cloudfront.net\/2021\/11\/08223711\/image-118.png 567w, https:\/\/dhg1h5j42swfq.cloudfront.net\/2021\/11\/08223711\/image-118-300x175.png 300w\" sizes=\"auto, (max-width: 567px) 100vw, 567px\" \/><figcaption>Instrumentos de planejamento<\/figcaption><\/figure><\/div>\n\n\n\n<h2 class=\"wp-block-heading\" id=\"h-planejamento-or-ament-rio-na-constitui-o-federal\">Planejamento or\u00e7ament\u00e1rio na Constitui\u00e7\u00e3o Federal: <\/h2>\n\n\n\n<p><br \/>Em princ\u00edpio, o art. 165 da CF estabelece a cria\u00e7\u00e3o de tr\u00eas instrumentos de planejamento: o PPA, a LDO e a LOA. Assim, al\u00e9m de estimar receitas e fixar despesas, o or\u00e7amento p\u00fablico passou a ser um instrumento  de concretiza\u00e7\u00e3o de objetivos programados e de controle.<br \/><br \/>Nesse sentido, pode citar que os benef\u00edcios do planejamento s\u00e3o v\u00e1rios, especialmente:<br \/>\u2022 planejamento das pol\u00edticas p\u00fablicas,<br \/>\u2022 indicadores para a medi\u00e7\u00e3o da efetividade da aplica\u00e7\u00e3o de recursos em prol da sociedade,<br \/>\u2022 transpar\u00eancia e participa\u00e7\u00e3o social. <\/p>\n\n\n\n<h2 class=\"wp-block-heading\" id=\"h-principais-problemas-na-implementa-o-das-normas-constitucionais\"> Principais problemas na implementa\u00e7\u00e3o das normas constitucionais: <\/h2>\n\n\n\n<p>\u2022 A prec\u00e1ria separa\u00e7\u00e3o entre or\u00e7amento fiscal e o da seguridade social, em raz\u00e3o das conveni\u00eancias do caixa do Tesouro.<br \/>\u2022 Normas para descentraliza\u00e7\u00e3o pol\u00edtico-administrativa e participa\u00e7\u00e3o social na formula\u00e7\u00e3o de pol\u00edticas nunca foram implementadas.<br \/>\u2022 Pouca articula\u00e7\u00e3o para reduzir as desigualdades inter-regionais<br \/>\u2022 Aus\u00eancia da Lei Complementar do art 165, \u00a7 9\u00b0, que dever\u00e1 substituir a Lei 4.320, a qual apresenta grandes lacunas.<br \/>\u2022 Aus\u00eancia de um plano de longo prazo, maior do que 4 anos, o que desestimula pol\u00edticas para gera\u00e7\u00f5es futuras.<br \/>\u2022 R\u00edgidas regras fiscais e forte vincula\u00e7\u00e3o do or\u00e7amento.<br \/><\/p>\n\n\n\n<h2 class=\"wp-block-heading\">Planejamento na Lei de Responsabilidade Fiscal (LRF):<\/h2>\n\n\n\n<p>De antem\u00e3o, a LRF se baseia nos seguintes Princ\u00edpios: Planejamento , Controle, Transpar\u00eancia, Presta\u00e7\u00e3o de contas e Responsabiliza\u00e7\u00e3o<br \/><br \/>Assim, a LRF fortalece o processo or\u00e7ament\u00e1rio como pe\u00e7a de planejamento, estabelecendo normas de finan\u00e7as P\u00daBLICAS voltadas para a responsabilidade na gest\u00e3o fiscal.<br \/>De acordo com literalidade dessa Lei, a responsabilidade na gest\u00e3o fiscal pressup\u00f5e a a\u00e7\u00e3o <strong>planejada<\/strong> e <strong>transparente<\/strong>, em que se <strong>previnem riscos<\/strong> e <strong>corrigem desvios<\/strong> capazes de afetar o equil\u00edbrio das contas p\u00fablicas, mediante: <br \/>\u2022 o cumprimento de <strong>metas<\/strong> de resultados entre receitas e despesas e <br \/>\u2022 a obedi\u00eancia a <strong>limites <\/strong>e condi\u00e7\u00f5es (previstos na LRF) <br \/><br \/>Ademais, a LRF instituiu o <strong>Anexo de Metas Fiscais<\/strong> e contribuiu para a efic\u00e1cia do PPA, da LDO e da LOA, servindo como um instrumento de articula\u00e7\u00e3o.<br \/><\/p>\n\n\n\n<h2 class=\"wp-block-heading\" id=\"h-defini-es-dos-instrumentos-do-planejamento-or-ament-rio\"> Defini\u00e7\u00f5es dos instrumentos do Planejamento Or\u00e7ament\u00e1rio: <\/h2>\n\n\n\n<h3 class=\"wp-block-heading\" id=\"h-plano-plurianual-ppa\">Plano Plurianual &#8211; PPA<\/h3>\n\n\n\n<p>O PPA \u00e9 um instrumento de planejamento que declara um conjunto das pol\u00edticas p\u00fablicas de m\u00e9dio prazo, e estabelece, de forma regionalizada, <strong>Diretrizes, Objetivos e Metas<\/strong>:<br \/>\u2022 para as despesas de capital e outras delas decorrentes e<br \/>\u2022 para programas de dura\u00e7\u00e3o continuada.<br \/>Ele \u00e9 elaborado no primeiro ano de mandato do presidente eleito, para execu\u00e7\u00e3o do nos 4 anos seguintes. Iniciando-se sua vig\u00eancia no 2\u00b0 ano do mandato do chefe do executivo e terminando no final do 1\u00b0 exerc\u00edcio financeiro do mandato subsequente. Rito do PPA: o Poder Executivo elabora, e encaminha ao Legislativo at\u00e9 4 meses antes do encerramento do exerc\u00edcio. Ent\u00e3o, o legislativo deve devolver para san\u00e7\u00e3o at\u00e9 o encerramento da Sess\u00e3o Legislativa.<br \/><\/p>\n\n\n\n<h3 class=\"wp-block-heading\" id=\"h-lei-de-diretrizes-or-ament-rias-ldo\">Lei de Diretrizes Or\u00e7ament\u00e1rias &#8211; LDO<\/h3>\n\n\n\n<p>A LDO representa o elo entre a LOA e o PPA, e conforme a CF:<br \/>\u2022 1) estabelece as <strong>Metas e Prioridades<\/strong> da administra\u00e7\u00e3o p\u00fablica, incluindo as despesas de capital para o exerc\u00edcio subsequente;<br \/>\u2022 2) orienta a elabora\u00e7\u00e3o da LOA;<br \/>\u2022 3) disp\u00f5e sobre as altera\u00e7\u00f5es na legisla\u00e7\u00e3o tribut\u00e1ria; e<br \/>\u2022 4) estabelece pol\u00edtica de aplica\u00e7\u00e3o das ag\u00eancias financeiras oficiais de fomento.<br \/><br \/>LDO tamb\u00e9m disp\u00f5e, consoante a LRF, sobre<br \/> 1-Equil\u00edbrio de Receitas e Despesas<br \/> 2-Crit\u00e9rios e formas de Limita\u00e7\u00e3o de empenho , <br \/> 3-Controle de custos e avalia\u00e7\u00e3o de resultados de programas e <br \/> 4-Condi\u00e7\u00f5es para transfer\u00eancias de recursos a entidades p\u00fablicas e privadas.<br \/><br \/>Al\u00e9m de acompanhar Anexo de Metas Fiscais, de Riscos Fiscais e, na uni\u00e3o, de proje\u00e7\u00f5es macroecon\u00f4micas.<br \/> <br \/>Rito da LDO: O Poder Executivo elabora e encaminha \u00e0 aprecia\u00e7\u00e3o do Legislativo at\u00e9 os oito meses e meio antes do encerramento do exerc\u00edcio (por volta de 15\/04). Ent\u00e3o, o legislativo deve devolver para san\u00e7\u00e3o at\u00e9 o encerramento do primeiro per\u00edodo da Sess\u00e3o Legislativa (sob pena de interrup\u00e7\u00e3o do recesso parlamentar).<\/p>\n\n\n\n<h3 class=\"wp-block-heading\" id=\"h-loa\">LOA<\/h3>\n\n\n\n<p>A LOA concretiza objetivos e metas previstas no PPA, observando as especifica\u00e7\u00f5es da LDO, \u00e0 qual \u00e9 subordinada. Desse modo, tem a finalidade de <strong>prever receitas<\/strong> e <strong>fixar a programa\u00e7\u00e3o da despesa<\/strong> para um exerc\u00edcio financeiro. Ela \u00e9 desenvolvida a partir de <strong>tr\u00eas or\u00e7amentos<\/strong>: o fiscal, o de seguridade social e o de investimento. <br \/>Rito da LOA: o Poder Executivo elabora e encaminha ao Legislativo at\u00e9 4 meses antes do encerramento do exerc\u00edcio. Ap\u00f3s apreciada e votada, o legislativo deve devolver para san\u00e7\u00e3o at\u00e9 o encerramento da sess\u00e3o legislativa (22\/12).<\/p>\n\n\n\n<h2 class=\"wp-block-heading\" id=\"h-defici-ncias-da-lei-or-ament-ria-anual-loa\">Defici\u00eancias da Lei Or\u00e7ament\u00e1ria Anual (LOA):  <\/h2>\n\n\n\n<p>Em primeiro lugar, cita-se que o <strong>car\u00e1ter autorizativo<\/strong> da lei or\u00e7ament\u00e1ria pode ser encarado como um problema, pois n\u00e3o sendo o Poder Executivo obrigado a executar as a\u00e7\u00f5es consignadas no or\u00e7amento, abre espa\u00e7o para manobras pol\u00edticas entre aquele poder e o legislativo. Entretanto, o or\u00e7amento impositivo, poderia colocar import\u00e2ncia excessiva na fase de tramita\u00e7\u00e3o legislativa da LOA, e, portanto, provocar problemas novos.<br \/><\/p>\n\n\n\n<p><strong>Al\u00e9m disso<\/strong>, outra defici\u00eancia ao se falar na LOA \u00e9 a <strong>n\u00e3o observ\u00e2ncia de diversas regras legais<\/strong>, principalmente as relacionadas com as ren\u00fancias de receitas. Dessa forma, um exemplo disso \u00e9 que a regra da neutralidade trazida no artigo Art. 14 da LRF nunca foi cumprida.<br \/><\/p>\n\n\n\n<h2 class=\"wp-block-heading\" id=\"h-as-4-grandes-fases-do-ciclo-or-ament-rio\"> As 4 grandes fases do ciclo or\u00e7ament\u00e1rio <\/h2>\n\n\n\n<p>1. Elabora\u00e7\u00e3o e revis\u00e3o,<br \/>2. discuss\u00e3o, vota\u00e7\u00e3o e aprova\u00e7\u00e3o,<br \/>3. Execu\u00e7\u00e3o e<br \/>4. Avalia\u00e7\u00e3o e Controle<\/p>\n\n\n\n<p><br \/>A <strong>elabora\u00e7\u00e3o<\/strong> inicia-se com o planejamento no \u00f3rg\u00e3o central do or\u00e7amento (SOF) e com a defini\u00e7\u00e3o de macrodiretrizes, seguida pelas propostas das Unidades Or\u00e7ament\u00e1rias.<br \/>O passo seguinte \u00e9 a <span style=\"text-decoration: underline;\">consolida\u00e7\u00e3o<\/span> de todas estas. Uma vez consolidada, a proposta ser\u00e1 encaminhada ao Chefe do Executivo, a quem incube a iniciativa de submet\u00ea-la para aprova\u00e7\u00e3o do Poder Legislativo.<br \/><br \/>Desse modo, o Legislativo, ao apreciar a proposta, pode propor emendas para modificar o PLOA. Al\u00e9m disso, caber\u00e1 a uma Comiss\u00e3o mista permanente de Senadores e Deputados examinar e emitir parecer sobre os projetos. <br \/><br \/>Em conclus\u00e3o, ap\u00f3s a <strong>aprecia\u00e7\u00e3o e vota\u00e7\u00e3o no legislativo<\/strong>, deve voltar ao Chefe do Executivo, para <strong>san\u00e7\u00e3o ou veto<\/strong>, total ou parcial, e, depois para <strong>promulga\u00e7\u00e3o e publica\u00e7\u00e3o<\/strong>.<\/p>\n\n\n\n<p>Por fim, o <strong>controle e a avalia\u00e7\u00e3o<\/strong> da LOA s\u00e3o feitos pelo sistema de controle interno de cada Poder e tamb\u00e9m pelo Poder Legislativo, com aux\u00edlio dos Tribunais de Contas (controle externo). <br \/><br \/> <\/p>\n\n\n\n<div class=\"wp-block-image\"><figure class=\"aligncenter size-full\"><img loading=\"lazy\" decoding=\"async\" width=\"567\" height=\"303\" src=\"https:\/\/dhg1h5j42swfq.cloudfront.net\/2021\/11\/08223554\/image-117.png\" alt=\"Ciclo or\u00e7ament\u00e1rio no Brasil\" class=\"wp-image-903780\" srcset=\"https:\/\/dhg1h5j42swfq.cloudfront.net\/2021\/11\/08223554\/image-117.png 567w, https:\/\/dhg1h5j42swfq.cloudfront.net\/2021\/11\/08223554\/image-117-300x160.png 300w\" sizes=\"auto, (max-width: 567px) 100vw, 567px\" \/><figcaption>Fases do ciclo or\u00e7ament\u00e1rio<\/figcaption><\/figure><\/div>\n\n\n\n<p><br \/><br \/><strong>Depois disso<\/strong>, segue abaixo, para fins de consulta, o rito sequencial da <strong>Elabora\u00e7\u00e3o<\/strong> da LOA, que \u00e9 a primeira fase do ciclo or\u00e7ament\u00e1rio.<br \/><strong>Processo de ELABORA\u00c7\u00c3O da proposta or\u00e7ament\u00e1ria<\/strong>:<br \/>1-Planejamento do Processo de Elabora\u00e7\u00e3o<br \/>2-Defini\u00e7\u00e3o de Macrodiretrizes<br \/>3-Revis\u00e3o da Estrutura Program\u00e1tica<br \/>4-Elabora\u00e7\u00e3o de Pr\u00e9-proposta<br \/>5-Avalia\u00e7\u00e3o da NFGC (necessidade de financiamento) para a Proposta Or\u00e7ament\u00e1ria<br \/>6-Estudo, Defini\u00e7\u00e3o e Divulga\u00e7\u00e3o de Limites para a Proposta Setorial<br \/>7-Capta\u00e7\u00e3o da Proposta Setorial<br \/>8-An\u00e1lise e Ajuste da Proposta Setorial<br \/>9-Fechamento, Compatibiliza\u00e7\u00e3o e Consolida\u00e7\u00e3o da Proposta Or\u00e7ament\u00e1ria<br \/>10-Elabora\u00e7\u00e3o e Formaliza\u00e7\u00e3o da Mensagem Presidencial e do Projeto de Lei Or\u00e7ament\u00e1ria<br \/>11-Elabora\u00e7\u00e3o e Formaliza\u00e7\u00e3o das Informa\u00e7\u00f5es Complementares ao PLOA<br \/><\/p>\n\n\n\n<h2 class=\"has-cyan-bluish-gray-background-color has-background wp-block-heading\" id=\"h-considera-es-finais\"> Considera\u00e7\u00f5es Finais <\/h2>\n\n\n\n<p>Desse modo, pessoal, chegamos ao final de mais um tema important\u00edssimo. Apesar da complexidade do Planejamento or\u00e7ament\u00e1rio no Brasil, espero que o artigo tenha sido \u00fatil para seu aprendizado. At\u00e9 a pr\u00f3xima!<\/p>\n\n\n\n<p><a href=\"https:\/\/www.instagram.com\/kaioguilherme7\/\">https:\/\/www.instagram.com\/kaioguilherme7\/<\/a><\/p>\n\n\n\n<p>Kaio Guilherme Moraes de Aquino<\/p>\n\n\n\n<h2 class=\"has-text-align-center wp-block-heading\" id=\"h-cursos-e-assinaturas\">Cursos e Assinaturas<\/h2>\n\n\n\n<p>Prepare-se com o melhor material e com quem mais aprova em Concursos P\u00fablicos em todo o pa\u00eds!<\/p>\n\n\n\n<div class=\"container\" id=\"boxes\">\n  <div class=\"row\">\n    <div class=\"col-sm\">\n      <div class=\"estrategia\" id=\"box-assinatura\">\n        <h3 class=\"titulo-assinatura\">Assinatura de Concursos<\/h3>\n        <p class=\"subtitulo-assinatura\">Assinatura de 1 ano ou 2 anos<\/p>\n        <div class=\"box-botao\">\n          <a class=\"btn-assinatura\" target=\"_blank\" href=\"https:\/\/www.estrategiaconcursos.com.br\/assinaturas\/\" role=\"button\" rel=\"noopener noreferrer\">ASSINE AGORA<\/a>\n        <\/div>\n      <\/div>\n      <p class=\"texto-auxiliar\"><\/p>\n    <\/div>\n    <div class=\"col-sm\">\n      <div class=\"questoes\" id=\"box-assinatura\">\n        <h3 class=\"titulo-assinatura\">Sistema de Quest\u00f5es<\/h3>\n        <p class=\"subtitulo-assinatura\">Assinatura de 1 ano ou 2 anos\n<\/p>\n        <div class=\"box-botao\">\n          <a class=\"btn-assinatura\" target=\"_blank\" href=\"https:\/\/www.estrategiaconcursos.com.br\/cursosPorConcurso\/sistema-de-questoes\/#\/\" role=\"button\" rel=\"noopener noreferrer\">ASSINE AGORA<\/a>\n        <\/div>\n      <\/div>\n      <p class=\"texto-auxiliar\"><\/p>\n    <\/div>\n  <\/div>\n<\/div>\n\n\n\n<div class=\"container\" id=\"boxes\">\n  <div class=\"row\">\n\n    <div class=\"col-sm\" id=\"boxes-concursos\">\n      <div style=\"background-color: #005DAD;\" class=\"conteudo-concursos\" id=\"box-concursos\">\n        <h3 class=\"titulo-assinatura\">Concursos Abertos<\/h3>\n        <p class=\"subtitulo-assinatura\">mais de 15 mil vagas<\/p>\n        <div class=\"box-botao\">\n          <a class=\"btn-assinatura\" target=\"_blank\" href=\"https:\/\/www.estrategiaconcursos.com.br\/blog\/concursos-abertos\/\" role=\"button\" rel=\"noopener noreferrer\">Conhe\u00e7a Agora<\/a>\n        <\/div>\n      <\/div>\n    <\/div>\n\n    \n\n    <div class=\"col-sm\" id=\"boxes-concursos\">\n      <div style=\"background-color: #419FF0;\" class=\"conteudo-concursos\" id=\"box-concursos\">\n        <h3 class=\"titulo-assinatura\">Concursos 2021<\/h3>\n        <p class=\"subtitulo-assinatura\">mais de 17 mil vagas<\/p>\n        <div class=\"box-botao\">\n          <a class=\"btn-assinatura\" target=\"_blank\" href=\"https:\/\/www.estrategiaconcursos.com.br\/blog\/concursos-2021\/\" role=\"button\" rel=\"noopener noreferrer\">Conhe\u00e7a Agora<\/a>\n        <\/div>\n      <\/div>\n    <\/div>\n\n  <\/div>\n<\/div>\n","protected":false},"excerpt":{"rendered":"<p>Planejamento Or\u00e7ament\u00e1rio<\/p>\n","protected":false},"author":2236,"featured_media":903793,"comment_status":"open","ping_status":"closed","sticky":false,"template":"","format":"standard","meta":{"post_tipo":"article","footnotes":""},"categories":[1,220180,214710],"tags":[894,772,1562,49593],"tax_estado":[219964,219965,219966,219967,219968,219969,219963,219970,219971,219972,219973,219974,219975,219976,219977,219978,219979,219980,219981,219982,219983,219984,219985,219986,219987,219988,219989,219990],"class_list":["post-899211","post","type-post","status-publish","format-standard","has-post-thumbnail","hentry","category-cursos-e-concursos","category-controle-gestao","category-tribunais-de-contas","tag-afo","tag-cgu","tag-orcamento-publico","tag-tcu-2","tax_estado-ac","tax_estado-al","tax_estado-am","tax_estado-ap","tax_estado-ba","tax_estado-ce","tax_estado-concursos-federais","tax_estado-df","tax_estado-es","tax_estado-go","tax_estado-ma","tax_estado-mg","tax_estado-ms","tax_estado-mt","tax_estado-pa","tax_estado-pb","tax_estado-pe","tax_estado-pi","tax_estado-pr","tax_estado-rj","tax_estado-rn","tax_estado-ro","tax_estado-rr","tax_estado-rs","tax_estado-sc","tax_estado-se","tax_estado-sp","tax_estado-to"],"acf":[],"yoast_head":"<!-- This site is optimized with the Yoast SEO Premium plugin v27.2 (Yoast SEO v27.2) - https:\/\/yoast.com\/product\/yoast-seo-premium-wordpress\/ -->\n<title>Planejamento Or\u00e7ament\u00e1rio: Tema quente para o TCU e para a CGU<\/title>\n<meta name=\"description\" content=\"O planejamento p\u00fablico no Brasil vai al\u00e9m da elabora\u00e7\u00e3o, da execu\u00e7\u00e3o e do controle da LOA. Envolve tamb\u00e9m o Plano Plurianual e a LDO.\" \/>\n<meta name=\"robots\" content=\"index, follow, max-snippet:-1, max-image-preview:large, max-video-preview:-1\" \/>\n<link rel=\"canonical\" href=\"https:\/\/www.estrategiaconcursos.com.br\/blog\/planejamento-orcamentario-tema-quente-para-o-tcu-e-para-a-cgu\/\" \/>\n<meta property=\"og:locale\" content=\"pt_BR\" \/>\n<meta property=\"og:type\" content=\"article\" \/>\n<meta property=\"og:title\" content=\"Planejamento Or\u00e7ament\u00e1rio: Tema quente para o TCU e para a CGU\" \/>\n<meta property=\"og:description\" content=\"O planejamento p\u00fablico no Brasil vai al\u00e9m da elabora\u00e7\u00e3o, da execu\u00e7\u00e3o e do controle da LOA. Envolve tamb\u00e9m o Plano Plurianual e a LDO.\" \/>\n<meta property=\"og:url\" content=\"https:\/\/www.estrategiaconcursos.com.br\/blog\/planejamento-orcamentario-tema-quente-para-o-tcu-e-para-a-cgu\/\" \/>\n<meta property=\"og:site_name\" content=\"Estrat\u00e9gia Concursos\" \/>\n<meta property=\"article:published_time\" content=\"2021-11-13T11:36:00+00:00\" \/>\n<meta property=\"og:image\" content=\"https:\/\/dhg1h5j42swfq.cloudfront.net\/2021\/11\/09000322\/rito.png\" \/>\n\t<meta property=\"og:image:width\" content=\"568\" \/>\n\t<meta property=\"og:image:height\" content=\"304\" \/>\n\t<meta property=\"og:image:type\" content=\"image\/png\" \/>\n<meta name=\"author\" content=\"Kaio Guilherme Moraes de Aquino\" \/>\n<meta name=\"twitter:card\" content=\"summary_large_image\" \/>\n<meta name=\"twitter:creator\" content=\"@EstratConcursos\" \/>\n<meta name=\"twitter:site\" content=\"@EstratConcursos\" \/>\n<meta name=\"twitter:label1\" content=\"Escrito por\" \/>\n\t<meta name=\"twitter:data1\" content=\"Kaio Guilherme Moraes de Aquino\" \/>\n\t<meta name=\"twitter:label2\" content=\"Est. tempo de leitura\" \/>\n\t<meta name=\"twitter:data2\" content=\"7 minutos\" \/>\n<script type=\"application\/ld+json\" class=\"yoast-schema-graph\">{\"@context\":\"https:\/\/schema.org\",\"@graph\":[{\"@type\":\"NewsArticle\",\"@id\":\"https:\/\/www.estrategiaconcursos.com.br\/blog\/planejamento-orcamentario-tema-quente-para-o-tcu-e-para-a-cgu\/#article\",\"isPartOf\":{\"@id\":\"https:\/\/www.estrategiaconcursos.com.br\/blog\/planejamento-orcamentario-tema-quente-para-o-tcu-e-para-a-cgu\/\"},\"author\":{\"name\":\"Kaio Guilherme Moraes de Aquino\",\"@id\":\"https:\/\/www.estrategiaconcursos.com.br\/blog\/#\/schema\/person\/893ca2bbd27a959ad2f97b3b2016ec11\"},\"headline\":\"Planejamento Or\u00e7ament\u00e1rio: Tema quente para o TCU e para a CGU\",\"datePublished\":\"2021-11-13T11:36:00+00:00\",\"mainEntityOfPage\":{\"@id\":\"https:\/\/www.estrategiaconcursos.com.br\/blog\/planejamento-orcamentario-tema-quente-para-o-tcu-e-para-a-cgu\/\"},\"wordCount\":1647,\"commentCount\":0,\"publisher\":{\"@id\":\"https:\/\/www.estrategiaconcursos.com.br\/blog\/#organization\"},\"image\":{\"@id\":\"https:\/\/www.estrategiaconcursos.com.br\/blog\/planejamento-orcamentario-tema-quente-para-o-tcu-e-para-a-cgu\/#primaryimage\"},\"thumbnailUrl\":\"https:\/\/dhg1h5j42swfq.cloudfront.net\/2021\/11\/09000322\/rito.png\",\"keywords\":[\"AFO\",\"CGU\",\"Or\u00e7amento P\u00fablico\",\"TCU\"],\"articleSection\":[\"Concursos P\u00fablicos\",\"Controladorias\/Gest\u00e3o (CGU, CGE, STN, EPPGG)\",\"Tribunais de Contas (TCU, TCE, TCM)\"],\"inLanguage\":\"pt-BR\",\"potentialAction\":[{\"@type\":\"CommentAction\",\"name\":\"Comment\",\"target\":[\"https:\/\/www.estrategiaconcursos.com.br\/blog\/planejamento-orcamentario-tema-quente-para-o-tcu-e-para-a-cgu\/#respond\"]}],\"copyrightYear\":\"2021\",\"copyrightHolder\":{\"@id\":\"https:\/\/www.estrategiaconcursos.com.br\/blog\/#organization\"}},{\"@type\":\"WebPage\",\"@id\":\"https:\/\/www.estrategiaconcursos.com.br\/blog\/planejamento-orcamentario-tema-quente-para-o-tcu-e-para-a-cgu\/\",\"url\":\"https:\/\/www.estrategiaconcursos.com.br\/blog\/planejamento-orcamentario-tema-quente-para-o-tcu-e-para-a-cgu\/\",\"name\":\"Planejamento Or\u00e7ament\u00e1rio: Tema quente para o TCU e para a CGU\",\"isPartOf\":{\"@id\":\"https:\/\/www.estrategiaconcursos.com.br\/blog\/#website\"},\"primaryImageOfPage\":{\"@id\":\"https:\/\/www.estrategiaconcursos.com.br\/blog\/planejamento-orcamentario-tema-quente-para-o-tcu-e-para-a-cgu\/#primaryimage\"},\"image\":{\"@id\":\"https:\/\/www.estrategiaconcursos.com.br\/blog\/planejamento-orcamentario-tema-quente-para-o-tcu-e-para-a-cgu\/#primaryimage\"},\"thumbnailUrl\":\"https:\/\/dhg1h5j42swfq.cloudfront.net\/2021\/11\/09000322\/rito.png\",\"datePublished\":\"2021-11-13T11:36:00+00:00\",\"description\":\"O planejamento p\u00fablico no Brasil vai al\u00e9m da elabora\u00e7\u00e3o, da execu\u00e7\u00e3o e do controle da LOA. Envolve tamb\u00e9m o Plano Plurianual e a LDO.\",\"breadcrumb\":{\"@id\":\"https:\/\/www.estrategiaconcursos.com.br\/blog\/planejamento-orcamentario-tema-quente-para-o-tcu-e-para-a-cgu\/#breadcrumb\"},\"inLanguage\":\"pt-BR\",\"potentialAction\":[{\"@type\":\"ReadAction\",\"target\":[\"https:\/\/www.estrategiaconcursos.com.br\/blog\/planejamento-orcamentario-tema-quente-para-o-tcu-e-para-a-cgu\/\"]}]},{\"@type\":\"ImageObject\",\"inLanguage\":\"pt-BR\",\"@id\":\"https:\/\/www.estrategiaconcursos.com.br\/blog\/planejamento-orcamentario-tema-quente-para-o-tcu-e-para-a-cgu\/#primaryimage\",\"url\":\"https:\/\/dhg1h5j42swfq.cloudfront.net\/2021\/11\/09000322\/rito.png\",\"contentUrl\":\"https:\/\/dhg1h5j42swfq.cloudfront.net\/2021\/11\/09000322\/rito.png\",\"width\":568,\"height\":304,\"caption\":\"Planejamento Or\u00e7ament\u00e1rio no Brasil\"},{\"@type\":\"BreadcrumbList\",\"@id\":\"https:\/\/www.estrategiaconcursos.com.br\/blog\/planejamento-orcamentario-tema-quente-para-o-tcu-e-para-a-cgu\/#breadcrumb\",\"itemListElement\":[{\"@type\":\"ListItem\",\"position\":1,\"name\":\"In\u00edcio\",\"item\":\"https:\/\/www.estrategiaconcursos.com.br\/blog\/\"},{\"@type\":\"ListItem\",\"position\":2,\"name\":\"Planejamento Or\u00e7ament\u00e1rio: Tema quente para o TCU e para a CGU\"}]},{\"@type\":\"WebSite\",\"@id\":\"https:\/\/www.estrategiaconcursos.com.br\/blog\/#website\",\"url\":\"https:\/\/www.estrategiaconcursos.com.br\/blog\/\",\"name\":\"Estrat\u00e9gia Concursos\",\"description\":\"O blog da Estrat\u00e9gia Concursos traz not\u00edcias sobre concursos e artigos de professores oferecendo cursos para concursos (pdf + videaulas) no site.\",\"publisher\":{\"@id\":\"https:\/\/www.estrategiaconcursos.com.br\/blog\/#organization\"},\"potentialAction\":[{\"@type\":\"SearchAction\",\"target\":{\"@type\":\"EntryPoint\",\"urlTemplate\":\"https:\/\/www.estrategiaconcursos.com.br\/blog\/?s={search_term_string}\"},\"query-input\":{\"@type\":\"PropertyValueSpecification\",\"valueRequired\":true,\"valueName\":\"search_term_string\"}}],\"inLanguage\":\"pt-BR\"},{\"@type\":\"Organization\",\"@id\":\"https:\/\/www.estrategiaconcursos.com.br\/blog\/#organization\",\"name\":\"Estrat\u00e9gia Concursos\",\"url\":\"https:\/\/www.estrategiaconcursos.com.br\/blog\/\",\"logo\":{\"@type\":\"ImageObject\",\"inLanguage\":\"pt-BR\",\"@id\":\"https:\/\/www.estrategiaconcursos.com.br\/blog\/#\/schema\/logo\/image\/\",\"url\":\"https:\/\/dhg1h5j42swfq.cloudfront.net\/2025\/06\/03203428\/logo_concursos-1.jpg\",\"contentUrl\":\"https:\/\/dhg1h5j42swfq.cloudfront.net\/2025\/06\/03203428\/logo_concursos-1.jpg\",\"width\":230,\"height\":60,\"caption\":\"Estrat\u00e9gia Concursos\"},\"image\":{\"@id\":\"https:\/\/www.estrategiaconcursos.com.br\/blog\/#\/schema\/logo\/image\/\"},\"sameAs\":[\"https:\/\/x.com\/EstratConcursos\"]},{\"@type\":\"Person\",\"@id\":\"https:\/\/www.estrategiaconcursos.com.br\/blog\/#\/schema\/person\/893ca2bbd27a959ad2f97b3b2016ec11\",\"name\":\"Kaio Guilherme Moraes de Aquino\",\"image\":{\"@type\":\"ImageObject\",\"inLanguage\":\"pt-BR\",\"@id\":\"https:\/\/secure.gravatar.com\/avatar\/ad261d775d88e747a9faf0b4308571b9892e96c89da74e1f11f0d01245116e25?s=96&d=mm&r=g\",\"url\":\"https:\/\/secure.gravatar.com\/avatar\/ad261d775d88e747a9faf0b4308571b9892e96c89da74e1f11f0d01245116e25?s=96&d=mm&r=g\",\"contentUrl\":\"https:\/\/secure.gravatar.com\/avatar\/ad261d775d88e747a9faf0b4308571b9892e96c89da74e1f11f0d01245116e25?s=96&d=mm&r=g\",\"caption\":\"Kaio Guilherme Moraes de Aquino\"},\"url\":\"https:\/\/www.estrategiaconcursos.com.br\/blog\/author\/kaioguilhermemoraesgmail-com\/\"}]}<\/script>\n<!-- \/ Yoast SEO Premium plugin. -->","yoast_head_json":{"title":"Planejamento Or\u00e7ament\u00e1rio: Tema quente para o TCU e para a CGU","description":"O planejamento p\u00fablico no Brasil vai al\u00e9m da elabora\u00e7\u00e3o, da execu\u00e7\u00e3o e do controle da LOA. Envolve tamb\u00e9m o Plano Plurianual e a LDO.","robots":{"index":"index","follow":"follow","max-snippet":"max-snippet:-1","max-image-preview":"max-image-preview:large","max-video-preview":"max-video-preview:-1"},"canonical":"https:\/\/www.estrategiaconcursos.com.br\/blog\/planejamento-orcamentario-tema-quente-para-o-tcu-e-para-a-cgu\/","og_locale":"pt_BR","og_type":"article","og_title":"Planejamento Or\u00e7ament\u00e1rio: Tema quente para o TCU e para a CGU","og_description":"O planejamento p\u00fablico no Brasil vai al\u00e9m da elabora\u00e7\u00e3o, da execu\u00e7\u00e3o e do controle da LOA. Envolve tamb\u00e9m o Plano Plurianual e a LDO.","og_url":"https:\/\/www.estrategiaconcursos.com.br\/blog\/planejamento-orcamentario-tema-quente-para-o-tcu-e-para-a-cgu\/","og_site_name":"Estrat\u00e9gia Concursos","article_published_time":"2021-11-13T11:36:00+00:00","og_image":[{"width":568,"height":304,"url":"https:\/\/dhg1h5j42swfq.cloudfront.net\/2021\/11\/09000322\/rito.png","type":"image\/png"}],"author":"Kaio Guilherme Moraes de Aquino","twitter_card":"summary_large_image","twitter_creator":"@EstratConcursos","twitter_site":"@EstratConcursos","twitter_misc":{"Escrito por":"Kaio Guilherme Moraes de Aquino","Est. tempo de leitura":"7 minutos"},"schema":{"@context":"https:\/\/schema.org","@graph":[{"@type":"NewsArticle","@id":"https:\/\/www.estrategiaconcursos.com.br\/blog\/planejamento-orcamentario-tema-quente-para-o-tcu-e-para-a-cgu\/#article","isPartOf":{"@id":"https:\/\/www.estrategiaconcursos.com.br\/blog\/planejamento-orcamentario-tema-quente-para-o-tcu-e-para-a-cgu\/"},"author":{"name":"Kaio Guilherme Moraes de Aquino","@id":"https:\/\/www.estrategiaconcursos.com.br\/blog\/#\/schema\/person\/893ca2bbd27a959ad2f97b3b2016ec11"},"headline":"Planejamento Or\u00e7ament\u00e1rio: Tema quente para o TCU e para a CGU","datePublished":"2021-11-13T11:36:00+00:00","mainEntityOfPage":{"@id":"https:\/\/www.estrategiaconcursos.com.br\/blog\/planejamento-orcamentario-tema-quente-para-o-tcu-e-para-a-cgu\/"},"wordCount":1647,"commentCount":0,"publisher":{"@id":"https:\/\/www.estrategiaconcursos.com.br\/blog\/#organization"},"image":{"@id":"https:\/\/www.estrategiaconcursos.com.br\/blog\/planejamento-orcamentario-tema-quente-para-o-tcu-e-para-a-cgu\/#primaryimage"},"thumbnailUrl":"https:\/\/dhg1h5j42swfq.cloudfront.net\/2021\/11\/09000322\/rito.png","keywords":["AFO","CGU","Or\u00e7amento P\u00fablico","TCU"],"articleSection":["Concursos P\u00fablicos","Controladorias\/Gest\u00e3o (CGU, CGE, STN, EPPGG)","Tribunais de Contas (TCU, TCE, TCM)"],"inLanguage":"pt-BR","potentialAction":[{"@type":"CommentAction","name":"Comment","target":["https:\/\/www.estrategiaconcursos.com.br\/blog\/planejamento-orcamentario-tema-quente-para-o-tcu-e-para-a-cgu\/#respond"]}],"copyrightYear":"2021","copyrightHolder":{"@id":"https:\/\/www.estrategiaconcursos.com.br\/blog\/#organization"}},{"@type":"WebPage","@id":"https:\/\/www.estrategiaconcursos.com.br\/blog\/planejamento-orcamentario-tema-quente-para-o-tcu-e-para-a-cgu\/","url":"https:\/\/www.estrategiaconcursos.com.br\/blog\/planejamento-orcamentario-tema-quente-para-o-tcu-e-para-a-cgu\/","name":"Planejamento Or\u00e7ament\u00e1rio: Tema quente para o TCU e para a CGU","isPartOf":{"@id":"https:\/\/www.estrategiaconcursos.com.br\/blog\/#website"},"primaryImageOfPage":{"@id":"https:\/\/www.estrategiaconcursos.com.br\/blog\/planejamento-orcamentario-tema-quente-para-o-tcu-e-para-a-cgu\/#primaryimage"},"image":{"@id":"https:\/\/www.estrategiaconcursos.com.br\/blog\/planejamento-orcamentario-tema-quente-para-o-tcu-e-para-a-cgu\/#primaryimage"},"thumbnailUrl":"https:\/\/dhg1h5j42swfq.cloudfront.net\/2021\/11\/09000322\/rito.png","datePublished":"2021-11-13T11:36:00+00:00","description":"O planejamento p\u00fablico no Brasil vai al\u00e9m da elabora\u00e7\u00e3o, da execu\u00e7\u00e3o e do controle da LOA. Envolve tamb\u00e9m o Plano Plurianual e a LDO.","breadcrumb":{"@id":"https:\/\/www.estrategiaconcursos.com.br\/blog\/planejamento-orcamentario-tema-quente-para-o-tcu-e-para-a-cgu\/#breadcrumb"},"inLanguage":"pt-BR","potentialAction":[{"@type":"ReadAction","target":["https:\/\/www.estrategiaconcursos.com.br\/blog\/planejamento-orcamentario-tema-quente-para-o-tcu-e-para-a-cgu\/"]}]},{"@type":"ImageObject","inLanguage":"pt-BR","@id":"https:\/\/www.estrategiaconcursos.com.br\/blog\/planejamento-orcamentario-tema-quente-para-o-tcu-e-para-a-cgu\/#primaryimage","url":"https:\/\/dhg1h5j42swfq.cloudfront.net\/2021\/11\/09000322\/rito.png","contentUrl":"https:\/\/dhg1h5j42swfq.cloudfront.net\/2021\/11\/09000322\/rito.png","width":568,"height":304,"caption":"Planejamento Or\u00e7ament\u00e1rio no Brasil"},{"@type":"BreadcrumbList","@id":"https:\/\/www.estrategiaconcursos.com.br\/blog\/planejamento-orcamentario-tema-quente-para-o-tcu-e-para-a-cgu\/#breadcrumb","itemListElement":[{"@type":"ListItem","position":1,"name":"In\u00edcio","item":"https:\/\/www.estrategiaconcursos.com.br\/blog\/"},{"@type":"ListItem","position":2,"name":"Planejamento Or\u00e7ament\u00e1rio: Tema quente para o TCU e para a CGU"}]},{"@type":"WebSite","@id":"https:\/\/www.estrategiaconcursos.com.br\/blog\/#website","url":"https:\/\/www.estrategiaconcursos.com.br\/blog\/","name":"Estrat\u00e9gia Concursos","description":"O blog da Estrat\u00e9gia Concursos traz not\u00edcias sobre concursos e artigos de professores oferecendo cursos para concursos (pdf + videaulas) no site.","publisher":{"@id":"https:\/\/www.estrategiaconcursos.com.br\/blog\/#organization"},"potentialAction":[{"@type":"SearchAction","target":{"@type":"EntryPoint","urlTemplate":"https:\/\/www.estrategiaconcursos.com.br\/blog\/?s={search_term_string}"},"query-input":{"@type":"PropertyValueSpecification","valueRequired":true,"valueName":"search_term_string"}}],"inLanguage":"pt-BR"},{"@type":"Organization","@id":"https:\/\/www.estrategiaconcursos.com.br\/blog\/#organization","name":"Estrat\u00e9gia Concursos","url":"https:\/\/www.estrategiaconcursos.com.br\/blog\/","logo":{"@type":"ImageObject","inLanguage":"pt-BR","@id":"https:\/\/www.estrategiaconcursos.com.br\/blog\/#\/schema\/logo\/image\/","url":"https:\/\/dhg1h5j42swfq.cloudfront.net\/2025\/06\/03203428\/logo_concursos-1.jpg","contentUrl":"https:\/\/dhg1h5j42swfq.cloudfront.net\/2025\/06\/03203428\/logo_concursos-1.jpg","width":230,"height":60,"caption":"Estrat\u00e9gia Concursos"},"image":{"@id":"https:\/\/www.estrategiaconcursos.com.br\/blog\/#\/schema\/logo\/image\/"},"sameAs":["https:\/\/x.com\/EstratConcursos"]},{"@type":"Person","@id":"https:\/\/www.estrategiaconcursos.com.br\/blog\/#\/schema\/person\/893ca2bbd27a959ad2f97b3b2016ec11","name":"Kaio Guilherme Moraes de Aquino","image":{"@type":"ImageObject","inLanguage":"pt-BR","@id":"https:\/\/secure.gravatar.com\/avatar\/ad261d775d88e747a9faf0b4308571b9892e96c89da74e1f11f0d01245116e25?s=96&d=mm&r=g","url":"https:\/\/secure.gravatar.com\/avatar\/ad261d775d88e747a9faf0b4308571b9892e96c89da74e1f11f0d01245116e25?s=96&d=mm&r=g","contentUrl":"https:\/\/secure.gravatar.com\/avatar\/ad261d775d88e747a9faf0b4308571b9892e96c89da74e1f11f0d01245116e25?s=96&d=mm&r=g","caption":"Kaio Guilherme Moraes de Aquino"},"url":"https:\/\/www.estrategiaconcursos.com.br\/blog\/author\/kaioguilhermemoraesgmail-com\/"}]}},"_links":{"self":[{"href":"https:\/\/www.estrategiaconcursos.com.br\/blog\/wp-json\/wp\/v2\/posts\/899211","targetHints":{"allow":["GET"]}}],"collection":[{"href":"https:\/\/www.estrategiaconcursos.com.br\/blog\/wp-json\/wp\/v2\/posts"}],"about":[{"href":"https:\/\/www.estrategiaconcursos.com.br\/blog\/wp-json\/wp\/v2\/types\/post"}],"author":[{"embeddable":true,"href":"https:\/\/www.estrategiaconcursos.com.br\/blog\/wp-json\/wp\/v2\/users\/2236"}],"replies":[{"embeddable":true,"href":"https:\/\/www.estrategiaconcursos.com.br\/blog\/wp-json\/wp\/v2\/comments?post=899211"}],"version-history":[{"count":7,"href":"https:\/\/www.estrategiaconcursos.com.br\/blog\/wp-json\/wp\/v2\/posts\/899211\/revisions"}],"predecessor-version":[{"id":906690,"href":"https:\/\/www.estrategiaconcursos.com.br\/blog\/wp-json\/wp\/v2\/posts\/899211\/revisions\/906690"}],"wp:featuredmedia":[{"embeddable":true,"href":"https:\/\/www.estrategiaconcursos.com.br\/blog\/wp-json\/wp\/v2\/media\/903793"}],"wp:attachment":[{"href":"https:\/\/www.estrategiaconcursos.com.br\/blog\/wp-json\/wp\/v2\/media?parent=899211"}],"wp:term":[{"taxonomy":"category","embeddable":true,"href":"https:\/\/www.estrategiaconcursos.com.br\/blog\/wp-json\/wp\/v2\/categories?post=899211"},{"taxonomy":"post_tag","embeddable":true,"href":"https:\/\/www.estrategiaconcursos.com.br\/blog\/wp-json\/wp\/v2\/tags?post=899211"},{"taxonomy":"tax_estado","embeddable":true,"href":"https:\/\/www.estrategiaconcursos.com.br\/blog\/wp-json\/wp\/v2\/tax_estado?post=899211"}],"curies":[{"name":"wp","href":"https:\/\/api.w.org\/{rel}","templated":true}]}}