{"id":898996,"date":"2021-11-11T10:51:00","date_gmt":"2021-11-11T13:51:00","guid":{"rendered":"https:\/\/www.estrategiaconcursos.com.br\/blog\/?p=898996"},"modified":"2022-09-01T15:40:50","modified_gmt":"2022-09-01T18:40:50","slug":"responsabilidade-direito-tributario","status":"publish","type":"post","link":"https:\/\/www.estrategiaconcursos.com.br\/blog\/responsabilidade-direito-tributario\/","title":{"rendered":"Responsabilidade no direito tribut\u00e1rio: substitui\u00e7\u00e3o, transfer\u00eancia e solidariedade"},"content":{"rendered":"\n<h2 class=\"wp-block-heading\" id=\"h-conceitos-iniciais\"><strong>Conceitos Iniciais<\/strong><\/h2>\n\n\n\n<p>O objetivo deste texto \u00e9 expor o tema da responsabilidade no direito tribut\u00e1rio pela substitui\u00e7\u00e3o e pela transfer\u00eancia, por meio da solidariedade.<\/p>\n\n\n\n<p>Para abordar este assunto, \u00e9 preciso compreender o escopo da import\u00e2ncia do respons\u00e1vel. A quest\u00e3o que inicia essa tem\u00e1tica vem com a rela\u00e7\u00e3o jur\u00eddico-tribut\u00e1ria, um <strong>liame <\/strong>&nbsp;de deveres e obriga\u00e7\u00f5es entre um sujeito ativo (que \u00e9 <strong>competente<\/strong> para exigir o cumprimento da obriga\u00e7\u00e3o, seja ela principal ou acess\u00f3ria), um sujeito passivo (que \u00e9 <strong>obrigado<\/strong> a cumprir a obriga\u00e7\u00e3o, seja ela qual das duas for), o objeto (o que \u00e9 a <strong>obriga\u00e7\u00e3o <\/strong>em si) e a sua causa (a <strong>previs\u00e3o <\/strong>da hip\u00f3tese de incid\u00eancia em lei ou legisla\u00e7\u00e3o tribut\u00e1ria).<\/p>\n\n\n\n<p>O sujeito passivo, como visto, \u00e9 que possui a <strong>obriga\u00e7\u00e3o de pagar <\/strong>(principal), ou <strong>de fazer ou n\u00e3o fazer <\/strong>(acess\u00f3ria). Este sujeito passivo pode ser <strong>direto<\/strong>, que no caso \u00e9 o <strong>contribuinte<\/strong> \u2013 que possui rela\u00e7\u00e3o <strong>pessoal e direta<\/strong> com a situa\u00e7\u00e3o que constitui seu <strong>fato gerador<\/strong> previsto em lei. Ou ele pode ser o <strong>respons\u00e1vel<\/strong>, um sujeito passivo <strong>indireto<\/strong>, que, <strong>n\u00e3o se revestindo na condi\u00e7\u00e3o de contribuinte<\/strong> (ou seja, n\u00e3o possui rela\u00e7\u00e3o <strong>pessoal e direta<\/strong> com o fato gerador), mas que possui uma rela\u00e7\u00e3o com o fato gerador decorrente de uma determina\u00e7\u00e3o expressa em lei.<\/p>\n\n\n\n<p>A responsabilidade no direito tribut\u00e1rio possui na sua maior fonte a <a href=\"http:\/\/www.planalto.gov.br\/ccivil_03\/leis\/l5172compilado.htm\">lei n. 5.172\/1966, o C\u00f3digo Tribut\u00e1rio Nacional (CTN)<\/a>. Em que pese o fato de que a maior parte dos conceitos utilizados s\u00e3o de outros ramos do direito, segue o art. 109: \u201c<em>Os princ\u00edpios gerais de direito privado utilizam-se para pesquisa da defini\u00e7\u00e3o, do conte\u00fado e do alcance de seus institutos, conceitos e formas, mas n\u00e3o para defini\u00e7\u00e3o dos respectivos efeitos tribut\u00e1rios.\u201d<\/em><\/p>\n\n\n\n<p>Isso quer dizer que o direito tribut\u00e1rio pega emprestado as defini\u00e7\u00f5es, institutos, conceitos e formas de outros ramos do direito \u2013 mas <strong>n\u00e3o necessariamente<\/strong> seus <strong>efeitos<\/strong>, visto que o direito tribut\u00e1rio utiliza os conceitos e <strong>pode criar efeitos pr\u00f3prios. <\/strong>A responsabilidade no direito tribut\u00e1rio \u00e9 um desses conceitos, podendo ser de dois tipos: por <strong>substitui\u00e7\u00e3o<\/strong> ou por <strong>transfer\u00eancia.<\/strong><\/p>\n\n\n\n<h2 class=\"wp-block-heading\" id=\"h-responsabilidade-no-direito-tributario-por-substituicao\"><strong>Responsabilidade n<\/strong>o direito <strong>tribut\u00e1rio por substitui\u00e7\u00e3o<\/strong><\/h2>\n\n\n\n<p>A responsabilidade sempre deve vir prevista em lei. Existem situa\u00e7\u00f5es em que a lei determina que o respons\u00e1vel<strong> ocupe <\/strong>o lugar do contribuinte <strong>desde a ocorr\u00eancia do fato gerador<\/strong> de tal forma que o contribuinte \u201cdesaparece\u201d na previs\u00e3o legal \u2013 sendo que somente o respons\u00e1vel passa a assumir o polo passivo da rela\u00e7\u00e3o jur\u00eddica no direito tribut\u00e1rio.<\/p>\n\n\n\n<p>Um exemplo de responsabilidade por substitui\u00e7\u00e3o no direito tribut\u00e1rio ocorre no Imposto de Renda das Pessoas F\u00edsicas (IRPF), quando a lei atribui \u00e0 fonte pagadora de rendimentos do trabalho assalariado o \u00f4nus de recolher na fonte o imposto devido. Nessa situa\u00e7\u00e3o, a responsabilidade \u00e9 de tal forma atribu\u00edda que a fonte pagadora possui a <strong>obriga\u00e7\u00e3o<\/strong> de recolher o IRPF, que nem mesmo importa se quem prestou os servi\u00e7os o fez de forma assalariada como empregado ou n\u00e3o. E se esta fonte pagadora (empresa, funda\u00e7\u00e3o ou entidade do setor p\u00fablico) n\u00e3o fizer esta reten\u00e7\u00e3o e recolhimento aos cofres p\u00fablicos, sobre ela recair\u00e3o todos os \u00f4nus da exig\u00eancia \u2013 de maneira que ela n\u00e3o possui qualquer chance de regresso contra o contribuinte, que \u00e9 quem, em tese, deveria pagar o tributo.<\/p>\n\n\n\n<p>Outro exemplo de responsabilidade no direito tribut\u00e1rio por substitui\u00e7\u00e3o tribut\u00e1ria ocorre com o Imposto sobre Circula\u00e7\u00e3o de Bens e Servi\u00e7os de Telecomunica\u00e7\u00f5es e Transporte (ICMS), que \u00e9 um imposto indireto (n\u00e3o incide sobre um contribuinte, mas sobre intermitentes transa\u00e7\u00f5es econ\u00f4micas), n\u00e3o-cumulativo (como possui muitas incid\u00eancias, na pr\u00f3xima incid\u00eancia permite-se deduzir o que incidiu na fase anterior) e tamb\u00e9m plurif\u00e1sico (incide em diversas opera\u00e7\u00f5es, ou seja, incide tantas vezes quanto ocorrerem vendas do mesmo produto). Nesse imposto, a lei determina que, em determinados produtos, o recolhimento do ICMS dever\u00e1 ser feito n\u00e3o por quem promove a circula\u00e7\u00e3o da mercadoria, mas por quem a compra, que, desta forma, <strong>substitui<\/strong> o contribuinte, na <strong>substitui\u00e7\u00e3o tribut\u00e1ria regressiva<\/strong> ou <strong>diferimento.<\/strong><\/p>\n\n\n\n<p>Nesse imposto tamb\u00e9m h\u00e1 a <strong>substitui\u00e7\u00e3o tribut\u00e1ria progressiva<\/strong>, ou <strong>para a frente<\/strong>, em que a lei prev\u00ea o recolhimento do imposto <strong>antes <\/strong>do fato gerador das fases seguintes ocorrer, em mais um tipo de responsabilidade no direito tribut\u00e1rio por <strong>substitui\u00e7\u00e3o.<\/strong><\/p>\n\n\n\n<figure class=\"wp-block-image size-large\"><img loading=\"lazy\" decoding=\"async\" width=\"1024\" height=\"576\" src=\"https:\/\/dhg1h5j42swfq.cloudfront.net\/2021\/11\/02153747\/slide1-1024x576.jpg\" alt=\"A responsabilidade no direito tribut\u00e1rio traz a substitui\u00e7\u00e3o tribut\u00e1ria, regressiva e a progressiva.\" class=\"wp-image-899027\" srcset=\"https:\/\/dhg1h5j42swfq.cloudfront.net\/2021\/11\/02153747\/slide1-1024x576.jpg 1024w, https:\/\/dhg1h5j42swfq.cloudfront.net\/2021\/11\/02153747\/slide1-300x169.jpg 300w, https:\/\/dhg1h5j42swfq.cloudfront.net\/2021\/11\/02153747\/slide1-768x432.jpg 768w, https:\/\/dhg1h5j42swfq.cloudfront.net\/2021\/11\/02153747\/slide1-610x343.jpg 610w, https:\/\/dhg1h5j42swfq.cloudfront.net\/2021\/11\/02153747\/slide1.jpg 1280w\" sizes=\"auto, (max-width: 1024px) 100vw, 1024px\" \/><figcaption>A responsabilidade no direito tribut\u00e1rio traz a substitui\u00e7\u00e3o tribut\u00e1ria, de duas maneiras: substitui\u00e7\u00e3o regressiva (paga &#8220;para tr\u00e1s&#8221;) e a progressiva (paga &#8220;para a frente&#8221;)<\/figcaption><\/figure>\n\n\n\n<h2 class=\"wp-block-heading\" id=\"h-responsabilidade-no-direito-tributario-por-transferencia\"><strong>Responsabilidade n<\/strong>o direito <strong>tribut\u00e1ri<\/strong>o<strong> por transfer\u00eancia<\/strong><\/h2>\n\n\n\n<p>A responsabilidade no direito tribut\u00e1rio por <strong>transfer\u00eancia <\/strong>tamb\u00e9m \u00e9 chamada de responsabilidade <strong>derivada <\/strong>ou de <strong>2.o grau<\/strong>. Esse tipo de responsabilidade ocorre quando o respons\u00e1vel <strong>ocupa<\/strong> o lugar do contribuinte em fun\u00e7\u00e3o de um determinado evento que <strong>desloca <\/strong>(transfere) o dever de recolher o tributo para um terceiro selecionado pela lei.<\/p>\n\n\n\n<p>A distin\u00e7\u00e3o da responsabilidade por <strong>transfer\u00eancia<\/strong> se d\u00e1 em fun\u00e7\u00e3o de <strong>um evento delineado por lei<\/strong>, que a partir do momento em que ocorre transfere o d\u00e9bito tribut\u00e1rio para o respons\u00e1vel pagar. O d\u00e9bito, neste caso, <strong>n\u00e3o \u00e9 do respons\u00e1vel<\/strong> \u2013 tendo sido atribu\u00eddo a ele em fun\u00e7\u00e3o do dito evento. Ou seja, a obriga\u00e7\u00e3o surge, com um <strong>devedor original<\/strong>; entretanto, em fun\u00e7\u00e3o de <strong>um evento posterior <\/strong>ao surgimento da obriga\u00e7\u00e3o, o dever de <strong>recolher <\/strong>o tributo \u00e9 <strong>encaminhado<\/strong> a um terceiro, que, embora n\u00e3o tenha rela\u00e7\u00e3o pessoal e direta com o fato gerador, possui uma <strong>rela\u00e7\u00e3o indireta<\/strong> com ele, <strong>suficiente<\/strong> para que seja estabelecido que a obriga\u00e7\u00e3o tribut\u00e1ria seja transferida a ele, nos termos da lei.<\/p>\n\n\n\n<p>Nessas circunst\u00e2ncias, no caso da substitui\u00e7\u00e3o, o respons\u00e1vel responde pelo pr\u00f3prio d\u00e9bito tribut\u00e1rio, ao passo que na transfer\u00eancia, o respons\u00e1vel est\u00e1 <strong>encarregado <\/strong>do d\u00e9bito tribut\u00e1rio <strong>alheio<\/strong>, de outra pessoa.<\/p>\n\n\n\n<p>A responsabilidade no direito tribut\u00e1rio por transfer\u00eancia pode ser de tr\u00eas tipos: por <strong>solidariedade <\/strong>tribut\u00e1ria passiva<strong>, <\/strong>dos <strong>sucessores<\/strong> ou por <strong>sucess\u00e3o, ou de terceiros.<\/strong><\/p>\n\n\n\n<figure class=\"wp-block-image size-large\"><img loading=\"lazy\" decoding=\"async\" width=\"1024\" height=\"683\" src=\"https:\/\/dhg1h5j42swfq.cloudfront.net\/2021\/11\/02153950\/substitute-bench-6382593-1024x683.jpg\" alt=\"\" class=\"wp-image-899030\" srcset=\"https:\/\/dhg1h5j42swfq.cloudfront.net\/2021\/11\/02153950\/substitute-bench-6382593-1024x683.jpg 1024w, https:\/\/dhg1h5j42swfq.cloudfront.net\/2021\/11\/02153950\/substitute-bench-6382593-300x200.jpg 300w, https:\/\/dhg1h5j42swfq.cloudfront.net\/2021\/11\/02153950\/substitute-bench-6382593-768x512.jpg 768w, https:\/\/dhg1h5j42swfq.cloudfront.net\/2021\/11\/02153950\/substitute-bench-6382593-1536x1024.jpg 1536w, https:\/\/dhg1h5j42swfq.cloudfront.net\/2021\/11\/02153950\/substitute-bench-6382593-2048x1365.jpg 2048w, https:\/\/dhg1h5j42swfq.cloudfront.net\/2021\/11\/02153950\/substitute-bench-6382593-610x407.jpg 610w\" sizes=\"auto, (max-width: 1024px) 100vw, 1024px\" \/><figcaption>O respons\u00e1vel est\u00e1 para o contribuinte como o banco de reservas para um time: na falta do contribuinte, outro entra na rela\u00e7\u00e3o tribut\u00e1ria <\/figcaption><\/figure>\n\n\n\n<h2 class=\"wp-block-heading\" id=\"h-responsabilidade-no-direito-tributario-por-transferencia-solidariedade\"><strong>Responsabilidade n<\/strong>o direito <strong>tribut\u00e1rio por transfer\u00eancia: solidariedade<\/strong><\/h2>\n\n\n\n<p>A <strong>solidariedade<\/strong>, acerca da responsabilidade no direito tribut\u00e1rio,  \u00e9 um conceito do direito civil que foi pego emprestado pelo direito tribut\u00e1rio e adaptado. No direito civil, a solidariedade \u00e9 uma ideia que envolve dois devedores que t\u00eam obriga\u00e7\u00e3o de pagar a mesma d\u00edvida. Conforme o CTN, segue o trecho sobre a solidariedade tribut\u00e1ria passiva, come\u00e7ando pelo art. 124: <em>\u201cS\u00e3o solidariamente obrigadas:<\/em><\/p>\n\n\n\n<p><em>&nbsp;&nbsp;&nbsp;&nbsp;&nbsp;&nbsp;&nbsp;&nbsp; I &#8211; as pessoas que tenham interesse comum na situa\u00e7\u00e3o que constitua o fato gerador da obriga\u00e7\u00e3o principal;<\/em><\/p>\n\n\n\n<p><em>&nbsp;&nbsp;&nbsp;&nbsp;&nbsp;&nbsp;&nbsp;&nbsp; II &#8211; as pessoas expressamente designadas por lei.<\/em><\/p>\n\n\n\n<p><em>&nbsp;&nbsp;&nbsp;&nbsp;&nbsp;&nbsp;&nbsp; Par\u00e1grafo \u00fanico. A solidariedade referida neste artigo n\u00e3o comporta benef\u00edcio de ordem.<\/em> \u201c<\/p>\n\n\n\n<p>De forma <strong>distinta<\/strong> do direito civil, que prev\u00ea a possibilidade de um dos devedores pode responder de forma <strong>subsidi\u00e1ria<\/strong> (ele pode responder se o outro devedor for demandado e n\u00e3o cumprir, ou seja, pode ser demandado <strong>depois)<\/strong> \u2013 a solidariedade tribut\u00e1ria passiva <strong>n\u00e3o possui benef\u00edcio de ordem<\/strong>, que funciona como uma garantia de que a administra\u00e7\u00e3o tribut\u00e1ria ir\u00e1 receber seu tributo devido, inclusive podendo <strong>cobrar<\/strong> os devedores <strong>solid\u00e1rios <\/strong>ao <strong>mesmo tempo.<\/strong><\/p>\n\n\n\n<p>Os devedores solid\u00e1rios podem ser determinados pela lei, ou ainda serem pessoas que possuam <strong>interesse comum<\/strong> na situa\u00e7\u00e3o, como um casal que possui um im\u00f3vel de forma conjunta, sobre o qual incide IPTU. Nesta situa\u00e7\u00e3o o munic\u00edpio poder\u00e1 cobrar o imposto de qualquer um dos c\u00f4njuges. H\u00e1 ainda outras disposi\u00e7\u00f5es sobre solidariedade no art. 125: <em>\u201cSalvo disposi\u00e7\u00e3o de lei em contr\u00e1rio, s\u00e3o os seguintes os efeitos da solidariedade:<\/em><\/p>\n\n\n\n<p><em>&nbsp;&nbsp;&nbsp;&nbsp;&nbsp;&nbsp;&nbsp; I &#8211; o pagamento efetuado por um dos obrigados aproveita aos demais;<\/em><\/p>\n\n\n\n<p><em>&nbsp;&nbsp;&nbsp;&nbsp;&nbsp;&nbsp;&nbsp; II &#8211; a isen\u00e7\u00e3o ou remiss\u00e3o de cr\u00e9dito exonera todos os obrigados, salvo se outorgada pessoalmente a um deles, subsistindo, nesse caso, a solidariedade quanto aos demais pelo saldo;<\/em><\/p>\n\n\n\n<p><em>&nbsp;&nbsp;&nbsp;&nbsp;&nbsp;&nbsp;&nbsp; III &#8211; a interrup\u00e7\u00e3o da prescri\u00e7\u00e3o, em favor ou contra um dos obrigados, favorece ou prejudica aos demais.\u201d<\/em><\/p>\n\n\n\n<p>\u00c9 natural que a solidariedade gere esses efeitos, porque a obriga\u00e7\u00e3o tribut\u00e1ria principal \u00e9 <strong>indivis\u00edvel<\/strong>, ela n\u00e3o pode ser particionada, sendo uma situa\u00e7\u00e3o que une esses devedores at\u00e9 a sua extin\u00e7\u00e3o. Desta maneira, o pagamento realizado por qualquer deles ser\u00e1 referente ao montante devido, at\u00e9 a sua quita\u00e7\u00e3o, n\u00e3o importando quanto cada devedor pagou, pois a obriga\u00e7\u00e3o \u00e9 dos devedores solid\u00e1rios.<\/p>\n\n\n\n<p>E os efeitos de uma isen\u00e7\u00e3o ou remiss\u00e3o dada a um dos devedores serve aos outros tamb\u00e9m \u2013 <strong>exceto<\/strong> se for dada <strong>pessoalmente<\/strong> (em fun\u00e7\u00e3o de caracter\u00edsticas <strong>pr\u00f3prias<\/strong> de um devedor), bem como uma interrup\u00e7\u00e3o da prescri\u00e7\u00e3o pode <strong>favorecer<\/strong> ou <strong>prejudicar igualmente <\/strong>todos os devedores solid\u00e1rios.<\/p>\n\n\n\n<figure class=\"wp-block-image size-large\"><img loading=\"lazy\" decoding=\"async\" width=\"1024\" height=\"512\" src=\"https:\/\/dhg1h5j42swfq.cloudfront.net\/2021\/11\/02154444\/distance-5004592-1024x512.png\" alt=\"No direito tribut\u00e1rio, a solidariedade vincula as pessoas, tornando-as coobrigadas.\" class=\"wp-image-899038\" srcset=\"https:\/\/dhg1h5j42swfq.cloudfront.net\/2021\/11\/02154444\/distance-5004592-1024x512.png 1024w, https:\/\/dhg1h5j42swfq.cloudfront.net\/2021\/11\/02154444\/distance-5004592-300x150.png 300w, https:\/\/dhg1h5j42swfq.cloudfront.net\/2021\/11\/02154444\/distance-5004592-768x384.png 768w, https:\/\/dhg1h5j42swfq.cloudfront.net\/2021\/11\/02154444\/distance-5004592-1536x768.png 1536w, https:\/\/dhg1h5j42swfq.cloudfront.net\/2021\/11\/02154444\/distance-5004592-610x305.png 610w, https:\/\/dhg1h5j42swfq.cloudfront.net\/2021\/11\/02154444\/distance-5004592.png 1920w\" sizes=\"auto, (max-width: 1024px) 100vw, 1024px\" \/><figcaption>Na responsabilidade no direito tribut\u00e1rio, a solidariedade vincula as pessoas, tornando-as coobrigadas<\/figcaption><\/figure>\n\n\n\n<h2 class=\"wp-block-heading\" id=\"h-conclusoes\"><strong>Conclus\u00f5es<\/strong><\/h2>\n\n\n\n<p>Neste texto foi buscada uma compreens\u00e3o inicial sobre o tema da responsabilidade no direito tribut\u00e1rio. Foi identificado que a responsabilidade \u00e9 uma rela\u00e7\u00e3o <strong>indireta<\/strong> de uma pessoa <strong>envolvida<\/strong> na rela\u00e7\u00e3o jur\u00eddico-tribut\u00e1ria e que <strong>n\u00e3o \u00e9 pessoal tamb\u00e9m.<\/strong><\/p>\n\n\n\n<p>Dessa forma, o <strong>respons\u00e1vel tamb\u00e9m faz parte<\/strong> da situa\u00e7\u00e3o que envolve o<strong> fato gerador<\/strong>, por\u00e9m, sua <strong>liga\u00e7\u00e3o<\/strong> com a situa\u00e7\u00e3o do fato gerador decorre de <strong>lei<\/strong>, que <strong>explicita<\/strong> de que forma o respons\u00e1vel se relaciona com o fato gerador e como ele cumprir\u00e1 a <strong>obriga\u00e7\u00e3o tribut\u00e1ria.<\/strong><\/p>\n\n\n\n<p>De forma geral, a responsabilidade pode se dar por <strong>substitui\u00e7\u00e3o, <\/strong>por <strong>transfer\u00eancia<\/strong> ou por <strong>solidariedade<\/strong>.<\/p>\n\n\n\n<p>A responsabilidade por <strong>substitui\u00e7\u00e3o <\/strong>\u00e9 definida por uma situa\u00e7\u00e3o em que o <strong>contribuinte existe <\/strong>e \u00e9 <strong>identific\u00e1vel<\/strong>, mas por motivos relacionados \u00e0 arrecada\u00e7\u00e3o e fiscaliza\u00e7\u00e3o do imposto \u00e9 <strong>mais conveniente<\/strong> e <strong>mais adequado <\/strong>que um terceiro, possuidor de <strong>maior autonomia financeira<\/strong>, seja quem deva <strong>assumir o encargo de recolher o tributo.<\/strong><\/p>\n\n\n\n<p>De outra banda, a responsabilidade no direito tribut\u00e1rio por <strong>transfer\u00eancia <\/strong>acontece quando<strong>, <\/strong>por um <strong>evento<\/strong> que pode dificultar a cobran\u00e7a do tributo de seu <strong>devedor original<\/strong>, torna-se necess\u00e1rio <strong>deslocar<\/strong> o cumprimento da obriga\u00e7\u00e3o tribut\u00e1ria para <strong>quem<\/strong> teve contato, ainda que <strong>indireto, <\/strong>com a situa\u00e7\u00e3o que constituiu seu fato gerador. Essa pessoa <strong>passa<\/strong> a ser, por imposi\u00e7\u00e3o da lei, a <strong>segunda melhor alternativa<\/strong> para que o fisco tenha a obriga\u00e7\u00e3o tribut\u00e1ria satisfeita.<\/p>\n\n\n\n<p>A responsabilidade tribut\u00e1ria por transfer\u00eancia pode ser por <strong>solidariedade<\/strong>, por <strong>sucess\u00e3o<\/strong>, ou de <strong>terceiros.&nbsp; <\/strong>A <strong>solidariedade<\/strong> \u00e9 um conceito que coloca pessoas que estejam <strong>coobrigadas <\/strong>(vinculadas \u00e0 mesma obriga\u00e7\u00e3o) em p\u00e9 de igualdade, podendo a obriga\u00e7\u00e3o tribut\u00e1ria ser cobrada de qualquer um deles. &nbsp;A <strong>solidariedade tribut\u00e1ria<\/strong> \u00e9 um conceito adaptado da <strong>solidariedade<\/strong> no Direito Civil, que assume <strong>caracter\u00edsticas pr\u00f3prias<\/strong>, como, por exemplo, <strong>n\u00e3o permitir benef\u00edcio de ordem<\/strong> \u2013 contrariamente ao que o Direito Civil estabelece, mas que <strong>serve a prop\u00f3sitos<\/strong> de mais efetividade na cobran\u00e7a e cumprimento da obriga\u00e7\u00e3o principal.<\/p>\n\n\n\n<p>Ricardo Pereira de Oliveira<\/p>\n\n\n\n<h2 class=\"has-text-align-center wp-block-heading\" id=\"h-cursos-e-assinaturas\">Cursos e Assinaturas<\/h2>\n\n\n\n<div class=\"container\" id=\"boxes\">\n  <div class=\"row\">\n\n    <div class=\"col-sm\">\n      <div class=\"banner-tribunal\" id=\"box-assinatura\">\n        <h3 class=\"titulo-assinatura\">Cursos para Carreiras Jur\u00eddicas<\/h3>\n        <p class=\"subtitulo-assinatura\">Conhe\u00e7a os cursos<\/p>\n        <div class=\"box-botao\">\n          <a class=\"btn-assinatura\" target=\"_blank\" href=\"https:\/\/www.estrategiaconcursos.com.br\/cursosPorConcurso\/assinaturas-carreira-juridica\/\" rel=\"noopener noreferrer\">Conhe\u00e7a mais<\/a>\n        <\/div>\n      <\/div>\n      <p class=\"texto-auxiliar\">Prepare-se com o melhor material e com quem mais aprova em Concursos P\u00fablicos em todo o pa\u00eds.<\/p>\n    <\/div>\n\n  <\/div>\n<\/div>\n\n\n\n<div class=\"container\" id=\"boxes\">\n  <div class=\"row\">\n\n    <div class=\"col-sm\">\n      <div class=\"banner-ecj\" id=\"box-assinatura\">\n        <h3 class=\"titulo-assinatura\">Assinatura Jur\u00eddica <\/h3>\n        <p class=\"subtitulo-assinatura\">Conhe\u00e7a os planos<\/p>\n        <div class=\"box-botao\">\n          <a class=\"btn-assinatura\" target=\"_blank\" href=\"https:\/\/www.estrategiaconcursos.com.br\/assinaturas-ecj\/\" role=\"button\" rel=\"noopener noreferrer\">Conhe\u00e7a mais<\/a>\n        <\/div>\n      <\/div>\n      <p class=\"texto-auxiliar\">Prepare-se com o melhor material e com quem mais aprova em Concursos P\u00fablicos em todo o pa\u00eds. \n<\/p>\n    <\/div>\n\n  <\/div>\n<\/div>\n\n\n\n<p>At\u00e9 mais!!<\/p>\n","protected":false},"excerpt":{"rendered":"<p>Conceitos Iniciais O objetivo deste texto \u00e9 expor o tema da responsabilidade no direito tribut\u00e1rio pela substitui\u00e7\u00e3o e pela transfer\u00eancia, por meio da solidariedade. Para abordar este assunto, \u00e9 preciso compreender o escopo da import\u00e2ncia do respons\u00e1vel. A quest\u00e3o que inicia essa tem\u00e1tica vem com a rela\u00e7\u00e3o jur\u00eddico-tribut\u00e1ria, um liame &nbsp;de deveres e obriga\u00e7\u00f5es entre [&hellip;]<\/p>\n","protected":false},"author":1979,"featured_media":898998,"comment_status":"open","ping_status":"closed","sticky":false,"template":"","format":"standard","meta":{"post_tipo":"article","footnotes":""},"categories":[220215,220216,220015,1,220180,1983,220182,220183,2017,1984,214710],"tags":[],"tax_estado":[219964,219965,219966,219967,219968,219969,219963,219970,219971,219972,219973,219974,219975,219976,219977,219978,219979,219980,219981,219982,219983,219984,219985,219986,219987,219988,219989,219990],"class_list":["post-898996","post","type-post","status-publish","format-standard","has-post-thumbnail","hentry","category-agencia-reguladora","category-agencia-reguladora-agencia-reguladora","category-cfc","category-cursos-e-concursos","category-controle-gestao","category-fiscal-estadual","category-fiscal-federal","category-fiscal-municipal","category-concursos-legislativos","category-tribunais","category-tribunais-de-contas","tax_estado-ac","tax_estado-al","tax_estado-am","tax_estado-ap","tax_estado-ba","tax_estado-ce","tax_estado-concursos-federais","tax_estado-df","tax_estado-es","tax_estado-go","tax_estado-ma","tax_estado-mg","tax_estado-ms","tax_estado-mt","tax_estado-pa","tax_estado-pb","tax_estado-pe","tax_estado-pi","tax_estado-pr","tax_estado-rj","tax_estado-rn","tax_estado-ro","tax_estado-rr","tax_estado-rs","tax_estado-sc","tax_estado-se","tax_estado-sp","tax_estado-to"],"acf":[],"yoast_head":"<!-- This site is optimized with the Yoast SEO Premium plugin v27.2 (Yoast SEO v27.2) - https:\/\/yoast.com\/product\/yoast-seo-premium-wordpress\/ -->\n<title>Responsabilidade no direito tribut\u00e1rio: substitui\u00e7\u00e3o e transfer\u00eancia<\/title>\n<meta name=\"description\" content=\"O objetivo deste texto \u00e9 expor o tema da responsabilidade no direito tribut\u00e1rio pela substitui\u00e7\u00e3o e pela transfer\u00eancia e solidariedade.\" \/>\n<meta name=\"robots\" content=\"index, follow, max-snippet:-1, max-image-preview:large, max-video-preview:-1\" \/>\n<link rel=\"canonical\" href=\"https:\/\/www.estrategiaconcursos.com.br\/blog\/responsabilidade-direito-tributario\/\" \/>\n<meta property=\"og:locale\" content=\"pt_BR\" \/>\n<meta property=\"og:type\" content=\"article\" \/>\n<meta property=\"og:title\" content=\"Responsabilidade no direito tribut\u00e1rio: substitui\u00e7\u00e3o, transfer\u00eancia e solidariedade\" \/>\n<meta property=\"og:description\" content=\"O objetivo deste texto \u00e9 expor o tema da responsabilidade no direito tribut\u00e1rio pela substitui\u00e7\u00e3o e pela transfer\u00eancia e solidariedade.\" \/>\n<meta property=\"og:url\" content=\"https:\/\/www.estrategiaconcursos.com.br\/blog\/responsabilidade-direito-tributario\/\" \/>\n<meta property=\"og:site_name\" content=\"Estrat\u00e9gia Concursos\" \/>\n<meta property=\"article:published_time\" content=\"2021-11-11T13:51:00+00:00\" \/>\n<meta property=\"article:modified_time\" content=\"2022-09-01T18:40:50+00:00\" \/>\n<meta property=\"og:image\" content=\"https:\/\/dhg1h5j42swfq.cloudfront.net\/2021\/11\/02131541\/logo-stf-2.jpg\" \/>\n\t<meta property=\"og:image:width\" content=\"295\" \/>\n\t<meta property=\"og:image:height\" content=\"171\" \/>\n\t<meta property=\"og:image:type\" content=\"image\/jpeg\" \/>\n<meta name=\"author\" content=\"Ricardo Pereira de Oliveira\" \/>\n<meta name=\"twitter:card\" content=\"summary_large_image\" \/>\n<meta name=\"twitter:creator\" content=\"@EstratConcursos\" \/>\n<meta name=\"twitter:site\" content=\"@EstratConcursos\" \/>\n<meta name=\"twitter:label1\" content=\"Escrito por\" \/>\n\t<meta name=\"twitter:data1\" content=\"Ricardo Pereira de Oliveira\" \/>\n\t<meta name=\"twitter:label2\" content=\"Est. tempo de leitura\" \/>\n\t<meta name=\"twitter:data2\" content=\"9 minutos\" \/>\n<script type=\"application\/ld+json\" class=\"yoast-schema-graph\">{\"@context\":\"https:\/\/schema.org\",\"@graph\":[{\"@type\":\"NewsArticle\",\"@id\":\"https:\/\/www.estrategiaconcursos.com.br\/blog\/responsabilidade-direito-tributario\/#article\",\"isPartOf\":{\"@id\":\"https:\/\/www.estrategiaconcursos.com.br\/blog\/responsabilidade-direito-tributario\/\"},\"author\":{\"name\":\"Ricardo Pereira de Oliveira\",\"@id\":\"https:\/\/www.estrategiaconcursos.com.br\/blog\/#\/schema\/person\/bddec4cfff57a846dbc506e0bc7a5b36\"},\"headline\":\"Responsabilidade no direito tribut\u00e1rio: substitui\u00e7\u00e3o, transfer\u00eancia e solidariedade\",\"datePublished\":\"2021-11-11T13:51:00+00:00\",\"dateModified\":\"2022-09-01T18:40:50+00:00\",\"mainEntityOfPage\":{\"@id\":\"https:\/\/www.estrategiaconcursos.com.br\/blog\/responsabilidade-direito-tributario\/\"},\"wordCount\":2036,\"commentCount\":0,\"publisher\":{\"@id\":\"https:\/\/www.estrategiaconcursos.com.br\/blog\/#organization\"},\"image\":{\"@id\":\"https:\/\/www.estrategiaconcursos.com.br\/blog\/responsabilidade-direito-tributario\/#primaryimage\"},\"thumbnailUrl\":\"https:\/\/dhg1h5j42swfq.cloudfront.net\/2021\/11\/02131541\/logo-stf-2.jpg\",\"articleSection\":[\"Ag\u00eancia Reguladora\",\"Ag\u00eancia Reguladora\",\"CFC\",\"Concursos P\u00fablicos\",\"Controladorias\/Gest\u00e3o (CGU, CGE, STN, EPPGG)\",\"Fiscal - Estadual (ICMS)\",\"Fiscal - Federal (RFB e AFT)\",\"Fiscal - Municipal (ISS)\",\"Legislativo\",\"Tribunais\",\"Tribunais de Contas (TCU, TCE, TCM)\"],\"inLanguage\":\"pt-BR\",\"potentialAction\":[{\"@type\":\"CommentAction\",\"name\":\"Comment\",\"target\":[\"https:\/\/www.estrategiaconcursos.com.br\/blog\/responsabilidade-direito-tributario\/#respond\"]}],\"copyrightYear\":\"2021\",\"copyrightHolder\":{\"@id\":\"https:\/\/www.estrategiaconcursos.com.br\/blog\/#organization\"}},{\"@type\":\"WebPage\",\"@id\":\"https:\/\/www.estrategiaconcursos.com.br\/blog\/responsabilidade-direito-tributario\/\",\"url\":\"https:\/\/www.estrategiaconcursos.com.br\/blog\/responsabilidade-direito-tributario\/\",\"name\":\"Responsabilidade no direito tribut\u00e1rio: substitui\u00e7\u00e3o e transfer\u00eancia\",\"isPartOf\":{\"@id\":\"https:\/\/www.estrategiaconcursos.com.br\/blog\/#website\"},\"primaryImageOfPage\":{\"@id\":\"https:\/\/www.estrategiaconcursos.com.br\/blog\/responsabilidade-direito-tributario\/#primaryimage\"},\"image\":{\"@id\":\"https:\/\/www.estrategiaconcursos.com.br\/blog\/responsabilidade-direito-tributario\/#primaryimage\"},\"thumbnailUrl\":\"https:\/\/dhg1h5j42swfq.cloudfront.net\/2021\/11\/02131541\/logo-stf-2.jpg\",\"datePublished\":\"2021-11-11T13:51:00+00:00\",\"dateModified\":\"2022-09-01T18:40:50+00:00\",\"description\":\"O objetivo deste texto \u00e9 expor o tema da responsabilidade no direito tribut\u00e1rio pela substitui\u00e7\u00e3o e pela transfer\u00eancia e solidariedade.\",\"breadcrumb\":{\"@id\":\"https:\/\/www.estrategiaconcursos.com.br\/blog\/responsabilidade-direito-tributario\/#breadcrumb\"},\"inLanguage\":\"pt-BR\",\"potentialAction\":[{\"@type\":\"ReadAction\",\"target\":[\"https:\/\/www.estrategiaconcursos.com.br\/blog\/responsabilidade-direito-tributario\/\"]}]},{\"@type\":\"ImageObject\",\"inLanguage\":\"pt-BR\",\"@id\":\"https:\/\/www.estrategiaconcursos.com.br\/blog\/responsabilidade-direito-tributario\/#primaryimage\",\"url\":\"https:\/\/dhg1h5j42swfq.cloudfront.net\/2021\/11\/02131541\/logo-stf-2.jpg\",\"contentUrl\":\"https:\/\/dhg1h5j42swfq.cloudfront.net\/2021\/11\/02131541\/logo-stf-2.jpg\",\"width\":295,\"height\":171},{\"@type\":\"BreadcrumbList\",\"@id\":\"https:\/\/www.estrategiaconcursos.com.br\/blog\/responsabilidade-direito-tributario\/#breadcrumb\",\"itemListElement\":[{\"@type\":\"ListItem\",\"position\":1,\"name\":\"In\u00edcio\",\"item\":\"https:\/\/www.estrategiaconcursos.com.br\/blog\/\"},{\"@type\":\"ListItem\",\"position\":2,\"name\":\"Responsabilidade no direito tribut\u00e1rio: substitui\u00e7\u00e3o, transfer\u00eancia e solidariedade\"}]},{\"@type\":\"WebSite\",\"@id\":\"https:\/\/www.estrategiaconcursos.com.br\/blog\/#website\",\"url\":\"https:\/\/www.estrategiaconcursos.com.br\/blog\/\",\"name\":\"Estrat\u00e9gia Concursos\",\"description\":\"O blog da Estrat\u00e9gia Concursos traz not\u00edcias sobre concursos e artigos de professores oferecendo cursos para concursos (pdf + videaulas) no site.\",\"publisher\":{\"@id\":\"https:\/\/www.estrategiaconcursos.com.br\/blog\/#organization\"},\"potentialAction\":[{\"@type\":\"SearchAction\",\"target\":{\"@type\":\"EntryPoint\",\"urlTemplate\":\"https:\/\/www.estrategiaconcursos.com.br\/blog\/?s={search_term_string}\"},\"query-input\":{\"@type\":\"PropertyValueSpecification\",\"valueRequired\":true,\"valueName\":\"search_term_string\"}}],\"inLanguage\":\"pt-BR\"},{\"@type\":\"Organization\",\"@id\":\"https:\/\/www.estrategiaconcursos.com.br\/blog\/#organization\",\"name\":\"Estrat\u00e9gia Concursos\",\"url\":\"https:\/\/www.estrategiaconcursos.com.br\/blog\/\",\"logo\":{\"@type\":\"ImageObject\",\"inLanguage\":\"pt-BR\",\"@id\":\"https:\/\/www.estrategiaconcursos.com.br\/blog\/#\/schema\/logo\/image\/\",\"url\":\"https:\/\/dhg1h5j42swfq.cloudfront.net\/2025\/06\/03203428\/logo_concursos-1.jpg\",\"contentUrl\":\"https:\/\/dhg1h5j42swfq.cloudfront.net\/2025\/06\/03203428\/logo_concursos-1.jpg\",\"width\":230,\"height\":60,\"caption\":\"Estrat\u00e9gia Concursos\"},\"image\":{\"@id\":\"https:\/\/www.estrategiaconcursos.com.br\/blog\/#\/schema\/logo\/image\/\"},\"sameAs\":[\"https:\/\/x.com\/EstratConcursos\"]},{\"@type\":\"Person\",\"@id\":\"https:\/\/www.estrategiaconcursos.com.br\/blog\/#\/schema\/person\/bddec4cfff57a846dbc506e0bc7a5b36\",\"name\":\"Ricardo Pereira de Oliveira\",\"image\":{\"@type\":\"ImageObject\",\"inLanguage\":\"pt-BR\",\"@id\":\"https:\/\/secure.gravatar.com\/avatar\/a16d5759c3d4edc0896235928b70e4a79ec591848bb173a92801d67dcb8492b1?s=96&d=mm&r=g\",\"url\":\"https:\/\/secure.gravatar.com\/avatar\/a16d5759c3d4edc0896235928b70e4a79ec591848bb173a92801d67dcb8492b1?s=96&d=mm&r=g\",\"contentUrl\":\"https:\/\/secure.gravatar.com\/avatar\/a16d5759c3d4edc0896235928b70e4a79ec591848bb173a92801d67dcb8492b1?s=96&d=mm&r=g\",\"caption\":\"Ricardo Pereira de Oliveira\"},\"description\":\"Formado em Administra\u00e7\u00e3o de Empresas pelo Mackenzie, p\u00f3s-graduado em Marketing pela ESPM. Concurseiro desde 2014. Auditor Fiscal da Receita Municipal de Campo Grande\/MS Ex-Fiscal de Rendas de Tabo\u00e3o da Serra\/SP\",\"url\":\"https:\/\/www.estrategiaconcursos.com.br\/blog\/author\/ricperogmail-com\/\"}]}<\/script>\n<!-- \/ Yoast SEO Premium plugin. -->","yoast_head_json":{"title":"Responsabilidade no direito tribut\u00e1rio: substitui\u00e7\u00e3o e transfer\u00eancia","description":"O objetivo deste texto \u00e9 expor o tema da responsabilidade no direito tribut\u00e1rio pela substitui\u00e7\u00e3o e pela transfer\u00eancia e solidariedade.","robots":{"index":"index","follow":"follow","max-snippet":"max-snippet:-1","max-image-preview":"max-image-preview:large","max-video-preview":"max-video-preview:-1"},"canonical":"https:\/\/www.estrategiaconcursos.com.br\/blog\/responsabilidade-direito-tributario\/","og_locale":"pt_BR","og_type":"article","og_title":"Responsabilidade no direito tribut\u00e1rio: substitui\u00e7\u00e3o, transfer\u00eancia e solidariedade","og_description":"O objetivo deste texto \u00e9 expor o tema da responsabilidade no direito tribut\u00e1rio pela substitui\u00e7\u00e3o e pela transfer\u00eancia e solidariedade.","og_url":"https:\/\/www.estrategiaconcursos.com.br\/blog\/responsabilidade-direito-tributario\/","og_site_name":"Estrat\u00e9gia Concursos","article_published_time":"2021-11-11T13:51:00+00:00","article_modified_time":"2022-09-01T18:40:50+00:00","og_image":[{"width":295,"height":171,"url":"https:\/\/dhg1h5j42swfq.cloudfront.net\/2021\/11\/02131541\/logo-stf-2.jpg","type":"image\/jpeg"}],"author":"Ricardo Pereira de Oliveira","twitter_card":"summary_large_image","twitter_creator":"@EstratConcursos","twitter_site":"@EstratConcursos","twitter_misc":{"Escrito por":"Ricardo Pereira de Oliveira","Est. tempo de leitura":"9 minutos"},"schema":{"@context":"https:\/\/schema.org","@graph":[{"@type":"NewsArticle","@id":"https:\/\/www.estrategiaconcursos.com.br\/blog\/responsabilidade-direito-tributario\/#article","isPartOf":{"@id":"https:\/\/www.estrategiaconcursos.com.br\/blog\/responsabilidade-direito-tributario\/"},"author":{"name":"Ricardo Pereira de Oliveira","@id":"https:\/\/www.estrategiaconcursos.com.br\/blog\/#\/schema\/person\/bddec4cfff57a846dbc506e0bc7a5b36"},"headline":"Responsabilidade no direito tribut\u00e1rio: substitui\u00e7\u00e3o, transfer\u00eancia e solidariedade","datePublished":"2021-11-11T13:51:00+00:00","dateModified":"2022-09-01T18:40:50+00:00","mainEntityOfPage":{"@id":"https:\/\/www.estrategiaconcursos.com.br\/blog\/responsabilidade-direito-tributario\/"},"wordCount":2036,"commentCount":0,"publisher":{"@id":"https:\/\/www.estrategiaconcursos.com.br\/blog\/#organization"},"image":{"@id":"https:\/\/www.estrategiaconcursos.com.br\/blog\/responsabilidade-direito-tributario\/#primaryimage"},"thumbnailUrl":"https:\/\/dhg1h5j42swfq.cloudfront.net\/2021\/11\/02131541\/logo-stf-2.jpg","articleSection":["Ag\u00eancia Reguladora","Ag\u00eancia Reguladora","CFC","Concursos P\u00fablicos","Controladorias\/Gest\u00e3o (CGU, CGE, STN, EPPGG)","Fiscal - Estadual (ICMS)","Fiscal - Federal (RFB e AFT)","Fiscal - Municipal (ISS)","Legislativo","Tribunais","Tribunais de Contas (TCU, TCE, TCM)"],"inLanguage":"pt-BR","potentialAction":[{"@type":"CommentAction","name":"Comment","target":["https:\/\/www.estrategiaconcursos.com.br\/blog\/responsabilidade-direito-tributario\/#respond"]}],"copyrightYear":"2021","copyrightHolder":{"@id":"https:\/\/www.estrategiaconcursos.com.br\/blog\/#organization"}},{"@type":"WebPage","@id":"https:\/\/www.estrategiaconcursos.com.br\/blog\/responsabilidade-direito-tributario\/","url":"https:\/\/www.estrategiaconcursos.com.br\/blog\/responsabilidade-direito-tributario\/","name":"Responsabilidade no direito tribut\u00e1rio: substitui\u00e7\u00e3o e transfer\u00eancia","isPartOf":{"@id":"https:\/\/www.estrategiaconcursos.com.br\/blog\/#website"},"primaryImageOfPage":{"@id":"https:\/\/www.estrategiaconcursos.com.br\/blog\/responsabilidade-direito-tributario\/#primaryimage"},"image":{"@id":"https:\/\/www.estrategiaconcursos.com.br\/blog\/responsabilidade-direito-tributario\/#primaryimage"},"thumbnailUrl":"https:\/\/dhg1h5j42swfq.cloudfront.net\/2021\/11\/02131541\/logo-stf-2.jpg","datePublished":"2021-11-11T13:51:00+00:00","dateModified":"2022-09-01T18:40:50+00:00","description":"O objetivo deste texto \u00e9 expor o tema da responsabilidade no direito tribut\u00e1rio pela substitui\u00e7\u00e3o e pela transfer\u00eancia e solidariedade.","breadcrumb":{"@id":"https:\/\/www.estrategiaconcursos.com.br\/blog\/responsabilidade-direito-tributario\/#breadcrumb"},"inLanguage":"pt-BR","potentialAction":[{"@type":"ReadAction","target":["https:\/\/www.estrategiaconcursos.com.br\/blog\/responsabilidade-direito-tributario\/"]}]},{"@type":"ImageObject","inLanguage":"pt-BR","@id":"https:\/\/www.estrategiaconcursos.com.br\/blog\/responsabilidade-direito-tributario\/#primaryimage","url":"https:\/\/dhg1h5j42swfq.cloudfront.net\/2021\/11\/02131541\/logo-stf-2.jpg","contentUrl":"https:\/\/dhg1h5j42swfq.cloudfront.net\/2021\/11\/02131541\/logo-stf-2.jpg","width":295,"height":171},{"@type":"BreadcrumbList","@id":"https:\/\/www.estrategiaconcursos.com.br\/blog\/responsabilidade-direito-tributario\/#breadcrumb","itemListElement":[{"@type":"ListItem","position":1,"name":"In\u00edcio","item":"https:\/\/www.estrategiaconcursos.com.br\/blog\/"},{"@type":"ListItem","position":2,"name":"Responsabilidade no direito tribut\u00e1rio: substitui\u00e7\u00e3o, transfer\u00eancia e solidariedade"}]},{"@type":"WebSite","@id":"https:\/\/www.estrategiaconcursos.com.br\/blog\/#website","url":"https:\/\/www.estrategiaconcursos.com.br\/blog\/","name":"Estrat\u00e9gia Concursos","description":"O blog da Estrat\u00e9gia Concursos traz not\u00edcias sobre concursos e artigos de professores oferecendo cursos para concursos (pdf + videaulas) no site.","publisher":{"@id":"https:\/\/www.estrategiaconcursos.com.br\/blog\/#organization"},"potentialAction":[{"@type":"SearchAction","target":{"@type":"EntryPoint","urlTemplate":"https:\/\/www.estrategiaconcursos.com.br\/blog\/?s={search_term_string}"},"query-input":{"@type":"PropertyValueSpecification","valueRequired":true,"valueName":"search_term_string"}}],"inLanguage":"pt-BR"},{"@type":"Organization","@id":"https:\/\/www.estrategiaconcursos.com.br\/blog\/#organization","name":"Estrat\u00e9gia Concursos","url":"https:\/\/www.estrategiaconcursos.com.br\/blog\/","logo":{"@type":"ImageObject","inLanguage":"pt-BR","@id":"https:\/\/www.estrategiaconcursos.com.br\/blog\/#\/schema\/logo\/image\/","url":"https:\/\/dhg1h5j42swfq.cloudfront.net\/2025\/06\/03203428\/logo_concursos-1.jpg","contentUrl":"https:\/\/dhg1h5j42swfq.cloudfront.net\/2025\/06\/03203428\/logo_concursos-1.jpg","width":230,"height":60,"caption":"Estrat\u00e9gia Concursos"},"image":{"@id":"https:\/\/www.estrategiaconcursos.com.br\/blog\/#\/schema\/logo\/image\/"},"sameAs":["https:\/\/x.com\/EstratConcursos"]},{"@type":"Person","@id":"https:\/\/www.estrategiaconcursos.com.br\/blog\/#\/schema\/person\/bddec4cfff57a846dbc506e0bc7a5b36","name":"Ricardo Pereira de Oliveira","image":{"@type":"ImageObject","inLanguage":"pt-BR","@id":"https:\/\/secure.gravatar.com\/avatar\/a16d5759c3d4edc0896235928b70e4a79ec591848bb173a92801d67dcb8492b1?s=96&d=mm&r=g","url":"https:\/\/secure.gravatar.com\/avatar\/a16d5759c3d4edc0896235928b70e4a79ec591848bb173a92801d67dcb8492b1?s=96&d=mm&r=g","contentUrl":"https:\/\/secure.gravatar.com\/avatar\/a16d5759c3d4edc0896235928b70e4a79ec591848bb173a92801d67dcb8492b1?s=96&d=mm&r=g","caption":"Ricardo Pereira de Oliveira"},"description":"Formado em Administra\u00e7\u00e3o de Empresas pelo Mackenzie, p\u00f3s-graduado em Marketing pela ESPM. Concurseiro desde 2014. Auditor Fiscal da Receita Municipal de Campo Grande\/MS Ex-Fiscal de Rendas de Tabo\u00e3o da Serra\/SP","url":"https:\/\/www.estrategiaconcursos.com.br\/blog\/author\/ricperogmail-com\/"}]}},"_links":{"self":[{"href":"https:\/\/www.estrategiaconcursos.com.br\/blog\/wp-json\/wp\/v2\/posts\/898996","targetHints":{"allow":["GET"]}}],"collection":[{"href":"https:\/\/www.estrategiaconcursos.com.br\/blog\/wp-json\/wp\/v2\/posts"}],"about":[{"href":"https:\/\/www.estrategiaconcursos.com.br\/blog\/wp-json\/wp\/v2\/types\/post"}],"author":[{"embeddable":true,"href":"https:\/\/www.estrategiaconcursos.com.br\/blog\/wp-json\/wp\/v2\/users\/1979"}],"replies":[{"embeddable":true,"href":"https:\/\/www.estrategiaconcursos.com.br\/blog\/wp-json\/wp\/v2\/comments?post=898996"}],"version-history":[{"count":8,"href":"https:\/\/www.estrategiaconcursos.com.br\/blog\/wp-json\/wp\/v2\/posts\/898996\/revisions"}],"predecessor-version":[{"id":1087796,"href":"https:\/\/www.estrategiaconcursos.com.br\/blog\/wp-json\/wp\/v2\/posts\/898996\/revisions\/1087796"}],"wp:featuredmedia":[{"embeddable":true,"href":"https:\/\/www.estrategiaconcursos.com.br\/blog\/wp-json\/wp\/v2\/media\/898998"}],"wp:attachment":[{"href":"https:\/\/www.estrategiaconcursos.com.br\/blog\/wp-json\/wp\/v2\/media?parent=898996"}],"wp:term":[{"taxonomy":"category","embeddable":true,"href":"https:\/\/www.estrategiaconcursos.com.br\/blog\/wp-json\/wp\/v2\/categories?post=898996"},{"taxonomy":"post_tag","embeddable":true,"href":"https:\/\/www.estrategiaconcursos.com.br\/blog\/wp-json\/wp\/v2\/tags?post=898996"},{"taxonomy":"tax_estado","embeddable":true,"href":"https:\/\/www.estrategiaconcursos.com.br\/blog\/wp-json\/wp\/v2\/tax_estado?post=898996"}],"curies":[{"name":"wp","href":"https:\/\/api.w.org\/{rel}","templated":true}]}}