{"id":898869,"date":"2022-02-10T21:25:00","date_gmt":"2022-02-11T00:25:00","guid":{"rendered":"https:\/\/www.estrategiaconcursos.com.br\/blog\/?p=898869"},"modified":"2022-02-11T08:15:58","modified_gmt":"2022-02-11T11:15:58","slug":"edital-pc-am","status":"publish","type":"post","link":"https:\/\/www.estrategiaconcursos.com.br\/blog\/edital-pc-am\/","title":{"rendered":"Edital PC AM: inscri\u00e7\u00f5es encerradas para 362 vagas!"},"content":{"rendered":"\n<p>O <strong>edital PC AM<\/strong> est\u00e1 com suas inscri\u00e7\u00f5es encerradas. Todo o processo de candidatura p\u00f4de ser realizado at\u00e9 10 de fevereiro, no site da <a href=\"https:\/\/conhecimento.fgv.br\/concursos\/pcam21\" target=\"_blank\" rel=\"noreferrer noopener\">FGV<\/a>.<\/p>\n\n\n\n<p>S\u00e3o ofertadas <strong>362 vagas<\/strong> distribu\u00eddas entre os cargos de <a href=\"https:\/\/www.estrategiaconcursos.com.br\/curso\/pc-am-investigador-de-policia-pacote-completo-2021-pos-edital\/\" target=\"_blank\" rel=\"noreferrer noopener\">Investigador<\/a>, <a href=\"https:\/\/www.estrategiaconcursos.com.br\/blog\/concurso-delegado-am\/\" target=\"_blank\" rel=\"noreferrer noopener\">Delegado<\/a>, <a href=\"https:\/\/www.estrategiaconcursos.com.br\/curso\/pc-am-escrivao-de-policia-pacote-completo-2022-pre-edital\/\" target=\"_blank\" rel=\"noreferrer noopener\">Escriv\u00e3o<\/a>, Perito Criminal, Perito Legista e <a href=\"https:\/\/www.estrategiaconcursos.com.br\/curso\/pc-am-perito-odontolegista-pacote-completo-2022-pre-edital\/\" target=\"_blank\" rel=\"noreferrer noopener\">Perito Odontolegista<\/a>.<\/p>\n\n\n\n<ul class=\"has-very-light-gray-to-cyan-bluish-gray-gradient-background has-background wp-block-list\"><li><strong>Edital PC AM &#8211; Delegado | Investigador | Escriv\u00e3o | Perito<\/strong><\/li><li><strong>Banca:<\/strong> FGV<\/li><li><strong style=\"background-color: initial; color: initial;\">Vagas:<\/strong><span style=\"background-color: initial; color: initial;\"> 362<\/span><\/li><li><strong>Sal\u00e1rio inicial:<\/strong> R$ 12.948,78 a R$ 20.449,05<\/li><li><strong>Link do edital:<\/strong> <a href=\"https:\/\/dhg1h5j42swfq.cloudfront.net\/2021\/12\/17140711\/pc-am-escrivao-perito-e-investigador-1.pdf\" target=\"_blank\" rel=\"noreferrer noopener nofollow\">Pol\u00edcia Civil AM 2021<\/a> | <a href=\"https:\/\/dhg1h5j42swfq.cloudfront.net\/2021\/12\/17144507\/pc-am-delegado-1-2.pdf\" target=\"_blank\" rel=\"noreferrer noopener nofollow\">Delegado AM<\/a><\/li><\/ul>\n\n\n\n<div class=\"container\" id=\"boxes\">\n  <div class=\"row\">\n\n    <div class=\"col-sm\">\n      <div class=\"banner-policial\" id=\"box-assinatura\">\n        <h3 class=\"titulo-assinatura\">Concurso PC AM<\/h3>\n        <p class=\"subtitulo-assinatura\">Conhe\u00e7a os cursos<\/p>\n        <div class=\"box-botao\">\n          <a class=\"btn-assinatura\" target=\"_blank\" href=\"https:\/\/www.estrategiaconcursos.com.br\/cursosPorConcurso\/policia-civil-de-amazonas-pc-am\/\" role=\"button\" rel=\"noopener noreferrer\">Conhe\u00e7a mais<\/a>\n        <\/div>\n      <\/div>\n    \n    <\/div>\n\n  <\/div>\n<\/div>\n\n\n\n<h2 class=\"wp-block-heading\" id=\"situacao\">Principais datas do edital PC AM<\/h2>\n\n\n\n<p class=\"has-very-light-gray-background-color has-background\"><strong>Inscri\u00e7\u00f5es<\/strong>: <s>03 de janeiro a 10 de fevereiro de 2022<\/s><br \/><strong>Isen\u00e7\u00e3o da taxa<\/strong>: <s>03 a 05 de janeiro<\/s>\u00a0|\u00a0<a href=\"https:\/\/conhecimento.fgv.br\/sites\/default\/files\/concursos\/comunicado_pcam_-_editais_01_e_02-2021_1.pdf\" target=\"_blank\" rel=\"noreferrer noopener\"><s>31 de janeiro a 1\u00ba de fevereiro<\/s><\/a><br \/><strong>\u00daltimo dia para pagamento<\/strong>: <a href=\"https:\/\/dhg1h5j42swfq.cloudfront.net\/2022\/02\/10141404\/comunicado_-_prorrogacao_inscricoes.pdf\" target=\"_blank\" rel=\"noreferrer noopener nofollow\">14 de fevereiro de 2022<\/a><br \/><strong>Prova<\/strong>: 27 de mar\u00e7o e 03 de abril<\/p>\n\n\n\n<h2 class=\"wp-block-heading\" id=\"cargos-vagas\">Cargos, vagas e remunera\u00e7\u00f5es do edital PC AM<\/h2>\n\n\n\n<h3 class=\"wp-block-heading\" id=\"medio\">N\u00edvel superior<\/h3>\n\n\n\n<figure class=\"wp-block-table is-style-stripes\"><table class=\"has-background has-fixed-layout\" style=\"background-color:#e7f5fe\"><thead><tr><th class=\"has-text-align-center\" data-align=\"center\">Cargo<\/th><th class=\"has-text-align-center\" data-align=\"center\">Vagas<\/th><th class=\"has-text-align-center\" data-align=\"center\">Sal\u00e1rio<\/th><\/tr><\/thead><tbody><tr><td class=\"has-text-align-center\" data-align=\"center\">Delegado<\/td><td class=\"has-text-align-center\" data-align=\"center\">62<\/td><td class=\"has-text-align-center\" data-align=\"center\">R$ 20.449,05 <\/td><\/tr><tr><td class=\"has-text-align-center\" data-align=\"center\">  <a href=\"https:\/\/www.estrategiaconcursos.com.br\/curso\/pacote-completo-p-pc-am-escrivao-de-policia-2020-2-pre-edital\/\" target=\"_blank\" rel=\"noreferrer noopener\">Escriv\u00e3o<\/a> <\/td><td class=\"has-text-align-center\" data-align=\"center\">62<\/td><td class=\"has-text-align-center\" data-align=\"center\">R$ 12.948,78<\/td><\/tr><tr><td class=\"has-text-align-center\" data-align=\"center\"> <a href=\"https:\/\/www.estrategiaconcursos.com.br\/curso\/pacote-completo-p-pc-am-investigador-de-policia-2020-2-pre-edital\/\" target=\"_blank\" rel=\"noreferrer noopener\">Investigador<\/a> <\/td><td class=\"has-text-align-center\" data-align=\"center\">200<\/td><td class=\"has-text-align-center\" data-align=\"center\">R$ 12.948,78<\/td><\/tr><tr><td class=\"has-text-align-center\" data-align=\"center\">Perito Criminal*<\/td><td class=\"has-text-align-center\" data-align=\"center\">27<\/td><td class=\"has-text-align-center\" data-align=\"center\">R$ 16.237,85<\/td><\/tr><tr><td class=\"has-text-align-center\" data-align=\"center\">Perito M\u00e9dico-Legista<\/td><td class=\"has-text-align-center\" data-align=\"center\">08<\/td><td class=\"has-text-align-center\" data-align=\"center\">R$ 16.237,85<\/td><\/tr><tr><td class=\"has-text-align-center\" data-align=\"center\"><a href=\"https:\/\/www.estrategiaconcursos.com.br\/curso\/pc-am-perito-odontolegista-pacote-completo-2021-pre-edital\/\" target=\"_blank\" rel=\"noreferrer noopener\">Perito Odontolegista<\/a><\/td><td class=\"has-text-align-center\" data-align=\"center\">03<\/td><td class=\"has-text-align-center\" data-align=\"center\">R$ 16.237,85<\/td><\/tr><\/tbody><\/table><\/figure>\n\n\n\n<p><em>*Especialidades de Perito Criminal:\u00a0<a href=\"https:\/\/www.estrategiaconcursos.com.br\/curso\/pc-am-perito-criminal-farmacia-pacote-completo-2021-pos-edital\/\" target=\"_blank\" rel=\"noreferrer noopener\">Farm\u00e1cia<\/a>,\u00a0<a href=\"https:\/\/www.estrategiaconcursos.com.br\/curso\/pc-am-perito-criminal-engenharia-civil-pacote-completo-2021-pos-edital\/\" target=\"_blank\" rel=\"noreferrer noopener\">Engenharia Civil<\/a>,\u00a0<a href=\"https:\/\/www.estrategiaconcursos.com.br\/curso\/pc-am-perito-criminal-biologia-pacote-completo-2021-pos-edital\/\" target=\"_blank\" rel=\"noreferrer noopener\">Biologia<\/a>,\u00a0<a href=\"https:\/\/www.estrategiaconcursos.com.br\/curso\/pc-am-perito-criminal-contabilidade-pacote-completo-2021-pos-edital\/\" target=\"_blank\" rel=\"noreferrer noopener\">Contabilidade<\/a>,\u00a0<a href=\"https:\/\/www.estrategiaconcursos.com.br\/curso\/pc-am-perito-criminal-engenharia-mecanica-pacote-completo-2021-pos-edital\/\" target=\"_blank\" rel=\"noreferrer noopener\">Engenharia Mec\u00e2nica<\/a>, <a href=\"https:\/\/www.estrategiaconcursos.com.br\/curso\/pc-am-perito-criminal-quimica-pacote-completo-2021-pos-edital\/\" target=\"_blank\" rel=\"noreferrer noopener\">Qu\u00edmica<\/a>,<a href=\"https:\/\/www.estrategiaconcursos.com.br\/curso\/pc-am-perito-criminal-quimica-pacote-completo-2021-pos-edital\/\" target=\"_blank\" rel=\"noreferrer noopener\"> <\/a><a href=\"https:\/\/www.estrategiaconcursos.com.br\/curso\/pc-am-perito-criminal-processamento-de-dados-pacote-completo-2021-pos-edital\/\" target=\"_blank\" rel=\"noreferrer noopener\">Processamento de Dados<\/a>,\u00a0<a href=\"https:\/\/www.estrategiaconcursos.com.br\/curso\/pc-am-perito-criminal-veterinaria-pacote-completo-2021-pos-edital\/\" target=\"_blank\" rel=\"noreferrer noopener\">Veterin\u00e1ria<\/a>,\u00a0<a href=\"https:\/\/www.estrategiaconcursos.com.br\/curso\/pc-am-perito-criminal-fisica-pacote-completo-2021-pos-edital\/\" target=\"_blank\" rel=\"noreferrer noopener\">F\u00edsica<\/a>\u00a0e\u00a0<a href=\"https:\/\/www.estrategiaconcursos.com.br\/curso\/pc-am-perito-criminal-economia-pacote-completo-2021-pos-edital\/\" target=\"_blank\" rel=\"noreferrer noopener\">Economia<\/a>.<\/em><\/p>\n\n\n\n<ul class=\"wp-block-list\"><li><a href=\"https:\/\/dhg1h5j42swfq.cloudfront.net\/2022\/01\/03104313\/retificacao_-_01_pc_am.pdf\" target=\"_blank\" rel=\"noreferrer noopener\">1\u00aa retifica\u00e7\u00e3o<\/a>;<\/li><li><a href=\"https:\/\/dhg1h5j42swfq.cloudfront.net\/2022\/01\/29085442\/retificacao_-_02_demais_cargos_finalizado.pdf\" target=\"_blank\" rel=\"noreferrer noopener\">2\u00ba retifica\u00e7\u00e3o<\/a>.<\/li><\/ul>\n\n\n\n<h2 class=\"wp-block-heading\" id=\"etapas\">Etapas e provas do edital PC AM<\/h2>\n\n\n\n<h3 class=\"wp-block-heading\" id=\"objetiva\">Provas Objetiva e Discursiva<\/h3>\n\n\n\n<p>As provas Objetiva e Discursiva, de car\u00e1ter eliminat\u00f3rio e classificat\u00f3rio, para os cargos de Escriv\u00e3o, Perito Criminal, Perito Legista e Perito Odontolegista ser\u00e3o realizadas nos munic\u00edpios de Coari, Eirunep\u00e9, Humait\u00e1, Itacoatiara, Manaus, Parintins, Tabatinga e Tef\u00e9, no dia <strong>03 de abril de 2022<\/strong>.<\/p>\n\n\n\n<p>Para todos os cargos, a prova Objetiva ser\u00e1 composta por 80 quest\u00f5es do tipo m\u00faltipla escolha, com 05 alternativas e apenas 1 resposta correta.<\/p>\n\n\n\n<p class=\"has-cyan-bluish-gray-background-color has-background has-normal-font-size\"><strong>Escriv\u00e3o<\/strong><\/p>\n\n\n\n<div class=\"wp-block-image\"><figure class=\"aligncenter size-full\"><img loading=\"lazy\" decoding=\"async\" width=\"631\" height=\"357\" src=\"https:\/\/dhg1h5j42swfq.cloudfront.net\/2021\/12\/17142606\/image-370.png\" alt=\"\" class=\"wp-image-931638\" srcset=\"https:\/\/dhg1h5j42swfq.cloudfront.net\/2021\/12\/17142606\/image-370.png 631w, https:\/\/dhg1h5j42swfq.cloudfront.net\/2021\/12\/17142606\/image-370-300x170.png 300w, https:\/\/dhg1h5j42swfq.cloudfront.net\/2021\/12\/17142606\/image-370-610x345.png 610w\" sizes=\"auto, (max-width: 631px) 100vw, 631px\" \/><figcaption>Provas do edital PC AM<\/figcaption><\/figure><\/div>\n\n\n\n<p class=\"has-cyan-bluish-gray-background-color has-background has-normal-font-size\"><strong>Investigador<\/strong><\/p>\n\n\n\n<div class=\"wp-block-image\"><figure class=\"aligncenter size-full\"><img loading=\"lazy\" decoding=\"async\" width=\"633\" height=\"356\" src=\"https:\/\/dhg1h5j42swfq.cloudfront.net\/2021\/12\/17142742\/image-373.png\" alt=\"\" class=\"wp-image-931649\" srcset=\"https:\/\/dhg1h5j42swfq.cloudfront.net\/2021\/12\/17142742\/image-373.png 633w, https:\/\/dhg1h5j42swfq.cloudfront.net\/2021\/12\/17142742\/image-373-300x169.png 300w, https:\/\/dhg1h5j42swfq.cloudfront.net\/2021\/12\/17142742\/image-373-610x343.png 610w\" sizes=\"auto, (max-width: 633px) 100vw, 633px\" \/><\/figure><\/div>\n\n\n\n<p class=\"has-cyan-bluish-gray-background-color has-background has-normal-font-size\" id=\"discursiva\"><strong>Perito Criminal<\/strong><\/p>\n\n\n\n<div class=\"wp-block-image\"><figure class=\"aligncenter size-full\"><img loading=\"lazy\" decoding=\"async\" width=\"631\" height=\"338\" src=\"https:\/\/dhg1h5j42swfq.cloudfront.net\/2021\/12\/17142929\/image-375.png\" alt=\"\" class=\"wp-image-931661\" srcset=\"https:\/\/dhg1h5j42swfq.cloudfront.net\/2021\/12\/17142929\/image-375.png 631w, https:\/\/dhg1h5j42swfq.cloudfront.net\/2021\/12\/17142929\/image-375-300x161.png 300w, https:\/\/dhg1h5j42swfq.cloudfront.net\/2021\/12\/17142929\/image-375-610x327.png 610w\" sizes=\"auto, (max-width: 631px) 100vw, 631px\" \/><\/figure><\/div>\n\n\n\n<p class=\"has-cyan-bluish-gray-background-color has-background has-normal-font-size\"><strong>Perito Legista<\/strong><\/p>\n\n\n\n<div class=\"wp-block-image\"><figure class=\"aligncenter size-full\"><img loading=\"lazy\" decoding=\"async\" width=\"631\" height=\"339\" src=\"https:\/\/dhg1h5j42swfq.cloudfront.net\/2021\/12\/17143123\/image-380.png\" alt=\"\" class=\"wp-image-931676\" srcset=\"https:\/\/dhg1h5j42swfq.cloudfront.net\/2021\/12\/17143123\/image-380.png 631w, https:\/\/dhg1h5j42swfq.cloudfront.net\/2021\/12\/17143123\/image-380-300x161.png 300w, https:\/\/dhg1h5j42swfq.cloudfront.net\/2021\/12\/17143123\/image-380-610x328.png 610w\" sizes=\"auto, (max-width: 631px) 100vw, 631px\" \/><\/figure><\/div>\n\n\n\n<p class=\"has-cyan-bluish-gray-background-color has-background has-normal-font-size\"><strong>Perito Odontolegista<\/strong><\/p>\n\n\n\n<div class=\"wp-block-image\"><figure class=\"aligncenter size-full\"><img loading=\"lazy\" decoding=\"async\" width=\"630\" height=\"337\" src=\"https:\/\/dhg1h5j42swfq.cloudfront.net\/2021\/12\/17143204\/image-382.png\" alt=\"\" class=\"wp-image-931682\" srcset=\"https:\/\/dhg1h5j42swfq.cloudfront.net\/2021\/12\/17143204\/image-382.png 630w, https:\/\/dhg1h5j42swfq.cloudfront.net\/2021\/12\/17143204\/image-382-300x160.png 300w, https:\/\/dhg1h5j42swfq.cloudfront.net\/2021\/12\/17143204\/image-382-610x326.png 610w\" sizes=\"auto, (max-width: 630px) 100vw, 630px\" \/><\/figure><\/div>\n\n\n\n<p class=\"has-cyan-bluish-gray-background-color has-background has-normal-font-size\"><strong>Delegado<\/strong><\/p>\n\n\n\n<p>A prova Objetiva para Delegado ser\u00e1 realizada nos munic\u00edpios de Coari, Eirunep\u00e9, Humait\u00e1, Itacoatiara, Manaus, Parintins, Tabatinga e Tef\u00e9, no dia <strong>10 de abril de 2022<\/strong>, das 8h \u00e0s 13h.<\/p>\n\n\n\n<p>A etapa ser\u00e1 composta por 100 quest\u00f5es do tipo m\u00faltipla escolha, com 5 alternativas cada e apenas uma resposta correta.<\/p>\n\n\n\n<div class=\"wp-block-image\"><figure class=\"aligncenter size-full\"><img loading=\"lazy\" decoding=\"async\" width=\"424\" height=\"395\" src=\"https:\/\/dhg1h5j42swfq.cloudfront.net\/2021\/12\/17143445\/image-384.png\" alt=\"\" class=\"wp-image-931700\" srcset=\"https:\/\/dhg1h5j42swfq.cloudfront.net\/2021\/12\/17143445\/image-384.png 424w, https:\/\/dhg1h5j42swfq.cloudfront.net\/2021\/12\/17143445\/image-384-300x279.png 300w\" sizes=\"auto, (max-width: 424px) 100vw, 424px\" \/><\/figure><\/div>\n\n\n\n<h3 class=\"wp-block-heading\" id=\"prova-discursiva\">Prova Discursiva <\/h3>\n\n\n\n<p>A Discursiva para o cargo de Delegado, que valer\u00e1 100 pontos, consistir\u00e1 em exame dissertativo, constitu\u00eddo de quatro quest\u00f5es discursivas de at\u00e9 10 linhas cada, no valor de 15,00 pontos cada, abrangendo qualquer assunto do programa de provas.<\/p>\n\n\n\n<p>Para os demais cargos, a Prova Discursiva, que valer\u00e1 10 pontos, consistir\u00e1 em exame dissertativo, constitu\u00eddo de uma quest\u00e3o discursiva de at\u00e9 15 linhas, abrangendo qualquer assunto do programa de provas.<\/p>\n\n\n\n<h3 class=\"wp-block-heading\" id=\"titulos\">Exame M\u00e9dico<\/h3>\n\n\n\n<p>Os Exames M\u00e9dicos ter\u00e3o car\u00e1ter eliminat\u00f3rio e, ao final do processo, o candidato ser\u00e1 considerado <strong>APTO ou INAPTO<\/strong>.<\/p>\n\n\n\n<h3 class=\"wp-block-heading\" id=\"pratica\">Teste de Aptid\u00e3o F\u00edsica<\/h3>\n\n\n\n<p>O Teste de Aptid\u00e3o F\u00edsica do edital PC AM ser\u00e1 realizado em uma \u00fanica fase, contemplando dois dias. Os candidatos ter\u00e3o 02 tentativas de realizar os testes, com exce\u00e7\u00e3o da corrida de 12 minutos, que ser\u00e1 realizada em apenas 01 tentativa.<\/p>\n\n\n\n<p>O Teste de Aptid\u00e3o F\u00edsica, de presen\u00e7a obrigat\u00f3ria, ter\u00e1 car\u00e1ter eliminat\u00f3rio e o candidato ser\u00e1 considerado <strong>APTO ou INAPTO<\/strong>.<\/p>\n\n\n\n<div class=\"wp-block-image\"><figure class=\"aligncenter\"><img loading=\"lazy\" decoding=\"async\" width=\"655\" height=\"279\" src=\"https:\/\/dhg1h5j42swfq.cloudfront.net\/2021\/12\/17151845\/taf-pc-am.png\" alt=\"TAF do edital PC AM\" class=\"wp-image-931817\" srcset=\"https:\/\/dhg1h5j42swfq.cloudfront.net\/2021\/12\/17151845\/taf-pc-am.png 655w, https:\/\/dhg1h5j42swfq.cloudfront.net\/2021\/12\/17151845\/taf-pc-am-300x128.png 300w, https:\/\/dhg1h5j42swfq.cloudfront.net\/2021\/12\/17151845\/taf-pc-am-610x260.png 610w\" sizes=\"auto, (max-width: 655px) 100vw, 655px\" \/><figcaption>TAF do edital PC AM<\/figcaption><\/figure><\/div>\n\n\n\n<h3 class=\"wp-block-heading\" id=\"pratica\">Avalia\u00e7\u00e3o Psicol\u00f3gica<\/h3>\n\n\n\n<p>A Avalia\u00e7\u00e3o Psicol\u00f3gica tem como objetivo aprovar os candidatos que possuam capacidade de racioc\u00ednio, habilidades espec\u00edficas e caracter\u00edsticas de personalidade compat\u00edveis com a multiplicidade, periculosidade e sociabilidade das atribui\u00e7\u00f5es dos cargos previstos neste Edital, e reprovar aqueles que apresentem caracter\u00edsticas psicol\u00f3gicas incompat\u00edveis com tais atribui\u00e7\u00f5es, de acordo com os par\u00e2metros estabelecidos para o cargo, em vigor na Corpora\u00e7\u00e3o.<\/p>\n\n\n\n<h3 class=\"wp-block-heading\" id=\"avaliacao-de-titulos\">Avalia\u00e7\u00e3o de T\u00edtulos<\/h3>\n\n\n\n<p>Os t\u00edtulos dever\u00e3o ser apresentados digitalmente, por meio da imagem de documentos originais, e atrav\u00e9s do preenchimento do formul\u00e1rio eletr\u00f4nico, que ser\u00e1 oportunamente disponibilizado no site.<\/p>\n\n\n\n<p><strong>Escriv\u00e3o, Peritos e Investigador:<\/strong><\/p>\n\n\n\n<div class=\"wp-block-image\"><figure class=\"aligncenter size-full\"><img loading=\"lazy\" decoding=\"async\" width=\"595\" height=\"664\" src=\"https:\/\/dhg1h5j42swfq.cloudfront.net\/2021\/12\/17144847\/image-387.png\" alt=\"T\u00edtulos do edital PC AM\" class=\"wp-image-931753\" srcset=\"https:\/\/dhg1h5j42swfq.cloudfront.net\/2021\/12\/17144847\/image-387.png 595w, https:\/\/dhg1h5j42swfq.cloudfront.net\/2021\/12\/17144847\/image-387-269x300.png 269w\" sizes=\"auto, (max-width: 595px) 100vw, 595px\" \/><figcaption>T\u00edtulos do edital PC AM<\/figcaption><\/figure><\/div>\n\n\n\n<p><strong>Delegado:<\/strong><\/p>\n\n\n\n<div class=\"wp-block-image\"><figure class=\"aligncenter size-full\"><img loading=\"lazy\" decoding=\"async\" width=\"594\" height=\"312\" src=\"https:\/\/dhg1h5j42swfq.cloudfront.net\/2021\/12\/17144914\/image-388.png\" alt=\"T\u00edtulos do edital PC AM\" class=\"wp-image-931756\" srcset=\"https:\/\/dhg1h5j42swfq.cloudfront.net\/2021\/12\/17144914\/image-388.png 594w, https:\/\/dhg1h5j42swfq.cloudfront.net\/2021\/12\/17144914\/image-388-300x158.png 300w\" sizes=\"auto, (max-width: 594px) 100vw, 594px\" \/><figcaption> T\u00edtulos do edital PC AM <\/figcaption><\/figure><\/div>\n\n\n\n<h3 class=\"wp-block-heading\" id=\"pratica\">Vida Pregressa e Investiga\u00e7\u00e3o Social<\/h3>\n\n\n\n<p>Todos os candidatos convocados ser\u00e3o submetidos \u00e0 etapa da sindic\u00e2ncia de vida pregressa e investiga\u00e7\u00e3o social, de car\u00e1ter eliminat\u00f3rio, que se estender\u00e1 da convoca\u00e7\u00e3o para a Sindic\u00e2ncia de Vida Pregressa e Investiga\u00e7\u00e3o Social at\u00e9 o dia anterior \u00e0 homologa\u00e7\u00e3o do certame, observando-se antecedentes criminais, sociais, familiares e profissionais.<\/p>\n\n\n\n<p>Ser\u00e3o convocados para a realiza\u00e7\u00e3o da Investiga\u00e7\u00e3o Social, de car\u00e1ter eliminat\u00f3rio, todos os candidatos APTOS no Teste de Aptid\u00e3o F\u00edsica, considerando a divulga\u00e7\u00e3o do resultado preliminar desta etapa do edital PC AM.<\/p>\n\n\n\n<h3 class=\"wp-block-heading\" id=\"pratica\">Curso de Forma\u00e7\u00e3o<\/h3>\n\n\n\n<p>A segunda fase do Concurso P\u00fablico para provimento de cargos na carreira policial consistir\u00e1 de Curso de Forma\u00e7\u00e3o Profissional Policial, de car\u00e1ter eliminat\u00f3rio e classificat\u00f3rio, a ser promovido pelo Instituto Integrado de Ensino de Seguran\u00e7a P\u00fablica &#8211; IESP.<\/p>\n\n\n\n<p class=\"has-text-align-center has-cyan-bluish-gray-background-color has-background has-medium-font-size\"><strong>Saiba mais: <a href=\"https:\/\/www.estrategiaconcursos.com.br\/blog\/concurso-pc-am\/\" target=\"_blank\" rel=\"noreferrer noopener\">Concurso PC AM<\/a> | <a href=\"https:\/\/www.estrategiaconcursos.com.br\/blog\/concurso-delegado-am\/\" target=\"_blank\" rel=\"noreferrer noopener\">Delegado AM<\/a><\/strong><\/p>\n\n\n\n<hr class=\"wp-block-separator\"\/>\n\n\n\n<h2 class=\"has-text-align-center wp-block-heading\" id=\"h-quer-saber-tudo-sobre-concursos-previstos-confira-nossos-artigos\">Quer saber tudo sobre concursos previstos?<br \/>Confira  nossos artigos!<\/h2>\n\n\n\n<ul class=\"wp-block-list\"><li><a href=\"https:\/\/www.estrategiaconcursos.com.br\/blog\/concursos-abertos\/\" target=\"_blank\" rel=\"noreferrer noopener\">Concursos abertos<\/a><\/li><li><a href=\"https:\/\/www.estrategiaconcursos.com.br\/blog\/concursos-2022\/\" target=\"_blank\" rel=\"noreferrer noopener\">Concursos 2022<\/a><\/li><\/ul>\n\n\n\n<h2 class=\"has-text-align-center wp-block-heading\" id=\"assinatura\">Quer estudar para o edital do concurso PC AM?<\/h2>\n\n\n\n<div class=\"container\" id=\"boxes\">\n  <div class=\"row\">\n\n    <div class=\"col-sm\">\n      <div class=\"banner-policial\" id=\"box-assinatura\">\n        <h3 class=\"titulo-assinatura\">Concurso PC AM<\/h3>\n        <p class=\"subtitulo-assinatura\">Conhe\u00e7a os cursos<\/p>\n        <div class=\"box-botao\">\n          <a class=\"btn-assinatura\" target=\"_blank\" href=\"https:\/\/www.estrategiaconcursos.com.br\/cursosPorConcurso\/policia-civil-de-amazonas-pc-am\/\" role=\"button\" rel=\"noopener noreferrer\">Conhe\u00e7a mais<\/a>\n        <\/div>\n      <\/div>\n    \n    <\/div>\n\n  <\/div>\n<\/div>\n\n\n\n<div class=\"container\" id=\"boxes\">\n  <div class=\"row\">\n\n    <div class=\"col-sm\">\n      <div class=\"estrategia\" id=\"box-assinatura\">\n        <h3 class=\"titulo-assinatura\">Assinatura Concursos<\/h3>\n        <p class=\"subtitulo-assinatura\">Assinatura de 1 ano ou 2 anos<\/p>\n        <div class=\"box-botao\">\n          <a class=\"btn-assinatura\" target=\"_blank\" href=\"https:\/\/www.estrategiaconcursos.com.br\/assinaturas\/\" role=\"button\" rel=\"noopener noreferrer\">ASSINE AGORA<\/a>\n        <\/div>\n      <\/div>\n     \n    <\/div><\/div><\/div>\n\n\n\n<figure class=\"wp-block-image size-large is-resized\"><img loading=\"lazy\" decoding=\"async\" src=\"https:\/\/dhg1h5j42swfq.cloudfront.net\/2025\/06\/27101122\/ficha-tecnica-1-1024x632.png\" alt=\"Ficha do edital PC AM\" class=\"wp-image-702728\" width=\"269\" height=\"166\" srcset=\"https:\/\/dhg1h5j42swfq.cloudfront.net\/2025\/06\/27101122\/ficha-tecnica-1-1024x632.png 1024w, https:\/\/dhg1h5j42swfq.cloudfront.net\/2025\/06\/27101122\/ficha-tecnica-1-300x185.png 300w, https:\/\/dhg1h5j42swfq.cloudfront.net\/2025\/06\/27101122\/ficha-tecnica-1-768x474.png 768w, https:\/\/dhg1h5j42swfq.cloudfront.net\/2025\/06\/27101122\/ficha-tecnica-1-1536x948.png 1536w, https:\/\/dhg1h5j42swfq.cloudfront.net\/2025\/06\/27101122\/ficha-tecnica-1-610x377.png 610w, https:\/\/dhg1h5j42swfq.cloudfront.net\/2025\/06\/27101122\/ficha-tecnica-1.png 1571w\" sizes=\"auto, (max-width: 269px) 100vw, 269px\" \/><\/figure>\n\n\n\n<h3 class=\"wp-block-heading\" id=\"ficha-tecnica\">Informa\u00e7\u00f5es do pr\u00f3ximo edital PC AM<\/h3>\n\n\n\n<p>\u25ba<strong>Data da prova:<\/strong> 27\/03 e 03\/04<br \/>\u25ba<strong>Vagas:<\/strong> 362<br \/>\u25ba<strong>Lota\u00e7\u00f5es:<\/strong> Amazonas<br \/>\u25ba<strong>Banca:<\/strong> FGV<br \/>\u25ba<strong>Escolaridade:<\/strong> N\u00edvel superior<br \/>\u25ba<strong>Edital:<\/strong> <a href=\"https:\/\/dhg1h5j42swfq.cloudfront.net\/2021\/12\/17142832\/pc-am-escrivao-perito-e-investigador-2.pdf\" target=\"_blank\" rel=\"noreferrer noopener nofollow\">PC AM 2<\/a><a href=\"https:\/\/dhg1h5j42swfq.cloudfront.net\/2021\/12\/17142832\/pc-am-escrivao-perito-e-investigador-2.pdf\" target=\"_blank\" rel=\"noreferrer noopener\">021<\/a> | <a style=\"font-size: revert;\" href=\"https:\/\/dhg1h5j42swfq.cloudfront.net\/2021\/12\/17144507\/pc-am-delegado-1-2.pdf\" target=\"_blank\" rel=\"noreferrer noopener nofollow\">Delegado 2021<\/a> <\/p>\n","protected":false},"excerpt":{"rendered":"<p>O edital PC AM est\u00e1 com suas inscri\u00e7\u00f5es encerradas. Todo o processo de candidatura p\u00f4de ser realizado at\u00e9 10 de fevereiro, no site da FGV. S\u00e3o ofertadas 362 vagas distribu\u00eddas entre os cargos de Investigador, Delegado, Escriv\u00e3o, Perito Criminal, Perito Legista e Perito Odontolegista. Edital PC AM &#8211; Delegado | Investigador | Escriv\u00e3o | Perito [&hellip;]<\/p>\n","protected":false},"author":1483,"featured_media":772567,"comment_status":"open","ping_status":"closed","sticky":false,"template":"","format":"standard","meta":{"post_tipo":"news","footnotes":""},"categories":[1988,220190],"tags":[],"tax_estado":[219966],"class_list":["post-898869","post","type-post","status-publish","format-standard","has-post-thumbnail","hentry","category-policia","category-policial-peritos","tax_estado-am"],"acf":[],"yoast_head":"<!-- This site is optimized with the Yoast SEO Premium plugin v27.2 (Yoast SEO v27.2) - https:\/\/yoast.com\/product\/yoast-seo-premium-wordpress\/ -->\n<title>Edital PC AM: inscri\u00e7\u00f5es encerradas para 362 vagas!<\/title>\n<meta name=\"description\" content=\"Edital do concurso Pol\u00edcia Civil do Amazonas (PC AM) oferece 362 vagas para v\u00e1rios cargos. Confira os detalhes no site da coruja!\" \/>\n<meta name=\"robots\" content=\"index, follow, max-snippet:-1, max-image-preview:large, max-video-preview:-1\" \/>\n<link rel=\"canonical\" href=\"https:\/\/www.estrategiaconcursos.com.br\/blog\/edital-pc-am\/\" \/>\n<meta property=\"og:locale\" content=\"pt_BR\" \/>\n<meta property=\"og:type\" content=\"article\" \/>\n<meta property=\"og:title\" content=\"Edital PC AM: inscri\u00e7\u00f5es encerradas para 362 vagas!\" \/>\n<meta property=\"og:description\" content=\"Edital do concurso Pol\u00edcia Civil do Amazonas (PC AM) oferece 362 vagas para v\u00e1rios cargos. Confira os detalhes no site da coruja!\" \/>\n<meta property=\"og:url\" content=\"https:\/\/www.estrategiaconcursos.com.br\/blog\/edital-pc-am\/\" \/>\n<meta property=\"og:site_name\" content=\"Estrat\u00e9gia Concursos\" \/>\n<meta property=\"article:published_time\" content=\"2022-02-11T00:25:00+00:00\" \/>\n<meta property=\"article:modified_time\" content=\"2022-02-11T11:15:58+00:00\" \/>\n<meta property=\"og:image\" content=\"https:\/\/dhg1h5j42swfq.cloudfront.net\/2021\/06\/21120554\/pc-am.jpg\" \/>\n\t<meta property=\"og:image:width\" content=\"768\" \/>\n\t<meta property=\"og:image:height\" content=\"432\" \/>\n\t<meta property=\"og:image:type\" content=\"image\/jpeg\" \/>\n<meta name=\"author\" content=\"Diogo Mendes\" \/>\n<meta name=\"twitter:card\" content=\"summary_large_image\" \/>\n<meta name=\"twitter:creator\" content=\"@EstratConcursos\" \/>\n<meta name=\"twitter:site\" content=\"@EstratConcursos\" \/>\n<meta name=\"twitter:label1\" content=\"Escrito por\" \/>\n\t<meta name=\"twitter:data1\" content=\"Diogo Mendes\" \/>\n\t<meta name=\"twitter:label2\" content=\"Est. tempo de leitura\" \/>\n\t<meta name=\"twitter:data2\" content=\"7 minutos\" \/>\n<script type=\"application\/ld+json\" class=\"yoast-schema-graph\">{\"@context\":\"https:\/\/schema.org\",\"@graph\":[{\"@type\":\"NewsArticle\",\"@id\":\"https:\/\/www.estrategiaconcursos.com.br\/blog\/edital-pc-am\/#article\",\"isPartOf\":{\"@id\":\"https:\/\/www.estrategiaconcursos.com.br\/blog\/edital-pc-am\/\"},\"author\":{\"name\":\"Diogo Mendes\",\"@id\":\"https:\/\/www.estrategiaconcursos.com.br\/blog\/#\/schema\/person\/cc9e76173880338ce9f656c88664a1f6\"},\"headline\":\"Edital PC AM: inscri\u00e7\u00f5es encerradas para 362 vagas!\",\"datePublished\":\"2022-02-11T00:25:00+00:00\",\"dateModified\":\"2022-02-11T11:15:58+00:00\",\"mainEntityOfPage\":{\"@id\":\"https:\/\/www.estrategiaconcursos.com.br\/blog\/edital-pc-am\/\"},\"wordCount\":863,\"commentCount\":0,\"publisher\":{\"@id\":\"https:\/\/www.estrategiaconcursos.com.br\/blog\/#organization\"},\"image\":{\"@id\":\"https:\/\/www.estrategiaconcursos.com.br\/blog\/edital-pc-am\/#primaryimage\"},\"thumbnailUrl\":\"https:\/\/dhg1h5j42swfq.cloudfront.net\/2021\/06\/21120554\/pc-am.jpg\",\"articleSection\":[\"Policial (Agente, Escriv\u00e3o e Investigador)\",\"Policial (Peritos, Papiloscopistas)\"],\"inLanguage\":\"pt-BR\",\"potentialAction\":[{\"@type\":\"CommentAction\",\"name\":\"Comment\",\"target\":[\"https:\/\/www.estrategiaconcursos.com.br\/blog\/edital-pc-am\/#respond\"]}],\"copyrightYear\":\"2022\",\"copyrightHolder\":{\"@id\":\"https:\/\/www.estrategiaconcursos.com.br\/blog\/#organization\"}},{\"@type\":\"WebPage\",\"@id\":\"https:\/\/www.estrategiaconcursos.com.br\/blog\/edital-pc-am\/\",\"url\":\"https:\/\/www.estrategiaconcursos.com.br\/blog\/edital-pc-am\/\",\"name\":\"Edital PC AM: inscri\u00e7\u00f5es encerradas para 362 vagas!\",\"isPartOf\":{\"@id\":\"https:\/\/www.estrategiaconcursos.com.br\/blog\/#website\"},\"primaryImageOfPage\":{\"@id\":\"https:\/\/www.estrategiaconcursos.com.br\/blog\/edital-pc-am\/#primaryimage\"},\"image\":{\"@id\":\"https:\/\/www.estrategiaconcursos.com.br\/blog\/edital-pc-am\/#primaryimage\"},\"thumbnailUrl\":\"https:\/\/dhg1h5j42swfq.cloudfront.net\/2021\/06\/21120554\/pc-am.jpg\",\"datePublished\":\"2022-02-11T00:25:00+00:00\",\"dateModified\":\"2022-02-11T11:15:58+00:00\",\"description\":\"Edital do concurso Pol\u00edcia Civil do Amazonas (PC AM) oferece 362 vagas para v\u00e1rios cargos. Confira os detalhes no site da coruja!\",\"breadcrumb\":{\"@id\":\"https:\/\/www.estrategiaconcursos.com.br\/blog\/edital-pc-am\/#breadcrumb\"},\"inLanguage\":\"pt-BR\",\"potentialAction\":[{\"@type\":\"ReadAction\",\"target\":[\"https:\/\/www.estrategiaconcursos.com.br\/blog\/edital-pc-am\/\"]}]},{\"@type\":\"ImageObject\",\"inLanguage\":\"pt-BR\",\"@id\":\"https:\/\/www.estrategiaconcursos.com.br\/blog\/edital-pc-am\/#primaryimage\",\"url\":\"https:\/\/dhg1h5j42swfq.cloudfront.net\/2021\/06\/21120554\/pc-am.jpg\",\"contentUrl\":\"https:\/\/dhg1h5j42swfq.cloudfront.net\/2021\/06\/21120554\/pc-am.jpg\",\"width\":768,\"height\":432,\"caption\":\"PC AM\"},{\"@type\":\"BreadcrumbList\",\"@id\":\"https:\/\/www.estrategiaconcursos.com.br\/blog\/edital-pc-am\/#breadcrumb\",\"itemListElement\":[{\"@type\":\"ListItem\",\"position\":1,\"name\":\"In\u00edcio\",\"item\":\"https:\/\/www.estrategiaconcursos.com.br\/blog\/\"},{\"@type\":\"ListItem\",\"position\":2,\"name\":\"Edital PC AM: inscri\u00e7\u00f5es encerradas para 362 vagas!\"}]},{\"@type\":\"WebSite\",\"@id\":\"https:\/\/www.estrategiaconcursos.com.br\/blog\/#website\",\"url\":\"https:\/\/www.estrategiaconcursos.com.br\/blog\/\",\"name\":\"Estrat\u00e9gia Concursos\",\"description\":\"O blog da Estrat\u00e9gia Concursos traz not\u00edcias sobre concursos e artigos de professores oferecendo cursos para concursos (pdf + videaulas) no site.\",\"publisher\":{\"@id\":\"https:\/\/www.estrategiaconcursos.com.br\/blog\/#organization\"},\"potentialAction\":[{\"@type\":\"SearchAction\",\"target\":{\"@type\":\"EntryPoint\",\"urlTemplate\":\"https:\/\/www.estrategiaconcursos.com.br\/blog\/?s={search_term_string}\"},\"query-input\":{\"@type\":\"PropertyValueSpecification\",\"valueRequired\":true,\"valueName\":\"search_term_string\"}}],\"inLanguage\":\"pt-BR\"},{\"@type\":\"Organization\",\"@id\":\"https:\/\/www.estrategiaconcursos.com.br\/blog\/#organization\",\"name\":\"Estrat\u00e9gia Concursos\",\"url\":\"https:\/\/www.estrategiaconcursos.com.br\/blog\/\",\"logo\":{\"@type\":\"ImageObject\",\"inLanguage\":\"pt-BR\",\"@id\":\"https:\/\/www.estrategiaconcursos.com.br\/blog\/#\/schema\/logo\/image\/\",\"url\":\"https:\/\/dhg1h5j42swfq.cloudfront.net\/2025\/06\/03203428\/logo_concursos-1.jpg\",\"contentUrl\":\"https:\/\/dhg1h5j42swfq.cloudfront.net\/2025\/06\/03203428\/logo_concursos-1.jpg\",\"width\":230,\"height\":60,\"caption\":\"Estrat\u00e9gia Concursos\"},\"image\":{\"@id\":\"https:\/\/www.estrategiaconcursos.com.br\/blog\/#\/schema\/logo\/image\/\"},\"sameAs\":[\"https:\/\/x.com\/EstratConcursos\"]},{\"@type\":\"Person\",\"@id\":\"https:\/\/www.estrategiaconcursos.com.br\/blog\/#\/schema\/person\/cc9e76173880338ce9f656c88664a1f6\",\"name\":\"Diogo Mendes\",\"image\":{\"@type\":\"ImageObject\",\"inLanguage\":\"pt-BR\",\"@id\":\"https:\/\/secure.gravatar.com\/avatar\/9754d6777d460a45ef4067b586b94c32005cc2345a0404b8d96adc620cf63806?s=96&d=mm&r=g\",\"url\":\"https:\/\/secure.gravatar.com\/avatar\/9754d6777d460a45ef4067b586b94c32005cc2345a0404b8d96adc620cf63806?s=96&d=mm&r=g\",\"contentUrl\":\"https:\/\/secure.gravatar.com\/avatar\/9754d6777d460a45ef4067b586b94c32005cc2345a0404b8d96adc620cf63806?s=96&d=mm&r=g\",\"caption\":\"Diogo Mendes\"},\"description\":\"Diogo Mendes \u00e9 jornalista formado pela Universidade Paulista, com experi\u00eancia em reda\u00e7\u00f5es de diversos ve\u00edculos e na produ\u00e7\u00e3o de conte\u00fados especializados em concursos p\u00fablicos. Desde 2019, atua no Estrat\u00e9gia Concursos como Jornalista e Analista de Conte\u00fado, com foco na apura\u00e7\u00e3o de informa\u00e7\u00f5es junto a \u00f3rg\u00e3os e fontes oficiais. Dedica-se especialmente \u00e0 produ\u00e7\u00e3o de not\u00edcias e reportagens sobre Concursos Legislativos, al\u00e9m de acompanhar diariamente os concursos policiais, banc\u00e1rios e da \u00e1rea da sa\u00fade.\",\"url\":\"https:\/\/www.estrategiaconcursos.com.br\/blog\/author\/diogo-mendesestrategiaconcursos-com-br\/\"}]}<\/script>\n<!-- \/ Yoast SEO Premium plugin. -->","yoast_head_json":{"title":"Edital PC AM: inscri\u00e7\u00f5es encerradas para 362 vagas!","description":"Edital do concurso Pol\u00edcia Civil do Amazonas (PC AM) oferece 362 vagas para v\u00e1rios cargos. Confira os detalhes no site da coruja!","robots":{"index":"index","follow":"follow","max-snippet":"max-snippet:-1","max-image-preview":"max-image-preview:large","max-video-preview":"max-video-preview:-1"},"canonical":"https:\/\/www.estrategiaconcursos.com.br\/blog\/edital-pc-am\/","og_locale":"pt_BR","og_type":"article","og_title":"Edital PC AM: inscri\u00e7\u00f5es encerradas para 362 vagas!","og_description":"Edital do concurso Pol\u00edcia Civil do Amazonas (PC AM) oferece 362 vagas para v\u00e1rios cargos. Confira os detalhes no site da coruja!","og_url":"https:\/\/www.estrategiaconcursos.com.br\/blog\/edital-pc-am\/","og_site_name":"Estrat\u00e9gia Concursos","article_published_time":"2022-02-11T00:25:00+00:00","article_modified_time":"2022-02-11T11:15:58+00:00","og_image":[{"width":768,"height":432,"url":"https:\/\/dhg1h5j42swfq.cloudfront.net\/2021\/06\/21120554\/pc-am.jpg","type":"image\/jpeg"}],"author":"Diogo Mendes","twitter_card":"summary_large_image","twitter_creator":"@EstratConcursos","twitter_site":"@EstratConcursos","twitter_misc":{"Escrito por":"Diogo Mendes","Est. tempo de leitura":"7 minutos"},"schema":{"@context":"https:\/\/schema.org","@graph":[{"@type":"NewsArticle","@id":"https:\/\/www.estrategiaconcursos.com.br\/blog\/edital-pc-am\/#article","isPartOf":{"@id":"https:\/\/www.estrategiaconcursos.com.br\/blog\/edital-pc-am\/"},"author":{"name":"Diogo Mendes","@id":"https:\/\/www.estrategiaconcursos.com.br\/blog\/#\/schema\/person\/cc9e76173880338ce9f656c88664a1f6"},"headline":"Edital PC AM: inscri\u00e7\u00f5es encerradas para 362 vagas!","datePublished":"2022-02-11T00:25:00+00:00","dateModified":"2022-02-11T11:15:58+00:00","mainEntityOfPage":{"@id":"https:\/\/www.estrategiaconcursos.com.br\/blog\/edital-pc-am\/"},"wordCount":863,"commentCount":0,"publisher":{"@id":"https:\/\/www.estrategiaconcursos.com.br\/blog\/#organization"},"image":{"@id":"https:\/\/www.estrategiaconcursos.com.br\/blog\/edital-pc-am\/#primaryimage"},"thumbnailUrl":"https:\/\/dhg1h5j42swfq.cloudfront.net\/2021\/06\/21120554\/pc-am.jpg","articleSection":["Policial (Agente, Escriv\u00e3o e Investigador)","Policial (Peritos, Papiloscopistas)"],"inLanguage":"pt-BR","potentialAction":[{"@type":"CommentAction","name":"Comment","target":["https:\/\/www.estrategiaconcursos.com.br\/blog\/edital-pc-am\/#respond"]}],"copyrightYear":"2022","copyrightHolder":{"@id":"https:\/\/www.estrategiaconcursos.com.br\/blog\/#organization"}},{"@type":"WebPage","@id":"https:\/\/www.estrategiaconcursos.com.br\/blog\/edital-pc-am\/","url":"https:\/\/www.estrategiaconcursos.com.br\/blog\/edital-pc-am\/","name":"Edital PC AM: inscri\u00e7\u00f5es encerradas para 362 vagas!","isPartOf":{"@id":"https:\/\/www.estrategiaconcursos.com.br\/blog\/#website"},"primaryImageOfPage":{"@id":"https:\/\/www.estrategiaconcursos.com.br\/blog\/edital-pc-am\/#primaryimage"},"image":{"@id":"https:\/\/www.estrategiaconcursos.com.br\/blog\/edital-pc-am\/#primaryimage"},"thumbnailUrl":"https:\/\/dhg1h5j42swfq.cloudfront.net\/2021\/06\/21120554\/pc-am.jpg","datePublished":"2022-02-11T00:25:00+00:00","dateModified":"2022-02-11T11:15:58+00:00","description":"Edital do concurso Pol\u00edcia Civil do Amazonas (PC AM) oferece 362 vagas para v\u00e1rios cargos. Confira os detalhes no site da coruja!","breadcrumb":{"@id":"https:\/\/www.estrategiaconcursos.com.br\/blog\/edital-pc-am\/#breadcrumb"},"inLanguage":"pt-BR","potentialAction":[{"@type":"ReadAction","target":["https:\/\/www.estrategiaconcursos.com.br\/blog\/edital-pc-am\/"]}]},{"@type":"ImageObject","inLanguage":"pt-BR","@id":"https:\/\/www.estrategiaconcursos.com.br\/blog\/edital-pc-am\/#primaryimage","url":"https:\/\/dhg1h5j42swfq.cloudfront.net\/2021\/06\/21120554\/pc-am.jpg","contentUrl":"https:\/\/dhg1h5j42swfq.cloudfront.net\/2021\/06\/21120554\/pc-am.jpg","width":768,"height":432,"caption":"PC AM"},{"@type":"BreadcrumbList","@id":"https:\/\/www.estrategiaconcursos.com.br\/blog\/edital-pc-am\/#breadcrumb","itemListElement":[{"@type":"ListItem","position":1,"name":"In\u00edcio","item":"https:\/\/www.estrategiaconcursos.com.br\/blog\/"},{"@type":"ListItem","position":2,"name":"Edital PC AM: inscri\u00e7\u00f5es encerradas para 362 vagas!"}]},{"@type":"WebSite","@id":"https:\/\/www.estrategiaconcursos.com.br\/blog\/#website","url":"https:\/\/www.estrategiaconcursos.com.br\/blog\/","name":"Estrat\u00e9gia Concursos","description":"O blog da Estrat\u00e9gia Concursos traz not\u00edcias sobre concursos e artigos de professores oferecendo cursos para concursos (pdf + videaulas) no site.","publisher":{"@id":"https:\/\/www.estrategiaconcursos.com.br\/blog\/#organization"},"potentialAction":[{"@type":"SearchAction","target":{"@type":"EntryPoint","urlTemplate":"https:\/\/www.estrategiaconcursos.com.br\/blog\/?s={search_term_string}"},"query-input":{"@type":"PropertyValueSpecification","valueRequired":true,"valueName":"search_term_string"}}],"inLanguage":"pt-BR"},{"@type":"Organization","@id":"https:\/\/www.estrategiaconcursos.com.br\/blog\/#organization","name":"Estrat\u00e9gia Concursos","url":"https:\/\/www.estrategiaconcursos.com.br\/blog\/","logo":{"@type":"ImageObject","inLanguage":"pt-BR","@id":"https:\/\/www.estrategiaconcursos.com.br\/blog\/#\/schema\/logo\/image\/","url":"https:\/\/dhg1h5j42swfq.cloudfront.net\/2025\/06\/03203428\/logo_concursos-1.jpg","contentUrl":"https:\/\/dhg1h5j42swfq.cloudfront.net\/2025\/06\/03203428\/logo_concursos-1.jpg","width":230,"height":60,"caption":"Estrat\u00e9gia Concursos"},"image":{"@id":"https:\/\/www.estrategiaconcursos.com.br\/blog\/#\/schema\/logo\/image\/"},"sameAs":["https:\/\/x.com\/EstratConcursos"]},{"@type":"Person","@id":"https:\/\/www.estrategiaconcursos.com.br\/blog\/#\/schema\/person\/cc9e76173880338ce9f656c88664a1f6","name":"Diogo Mendes","image":{"@type":"ImageObject","inLanguage":"pt-BR","@id":"https:\/\/secure.gravatar.com\/avatar\/9754d6777d460a45ef4067b586b94c32005cc2345a0404b8d96adc620cf63806?s=96&d=mm&r=g","url":"https:\/\/secure.gravatar.com\/avatar\/9754d6777d460a45ef4067b586b94c32005cc2345a0404b8d96adc620cf63806?s=96&d=mm&r=g","contentUrl":"https:\/\/secure.gravatar.com\/avatar\/9754d6777d460a45ef4067b586b94c32005cc2345a0404b8d96adc620cf63806?s=96&d=mm&r=g","caption":"Diogo Mendes"},"description":"Diogo Mendes \u00e9 jornalista formado pela Universidade Paulista, com experi\u00eancia em reda\u00e7\u00f5es de diversos ve\u00edculos e na produ\u00e7\u00e3o de conte\u00fados especializados em concursos p\u00fablicos. Desde 2019, atua no Estrat\u00e9gia Concursos como Jornalista e Analista de Conte\u00fado, com foco na apura\u00e7\u00e3o de informa\u00e7\u00f5es junto a \u00f3rg\u00e3os e fontes oficiais. Dedica-se especialmente \u00e0 produ\u00e7\u00e3o de not\u00edcias e reportagens sobre Concursos Legislativos, al\u00e9m de acompanhar diariamente os concursos policiais, banc\u00e1rios e da \u00e1rea da sa\u00fade.","url":"https:\/\/www.estrategiaconcursos.com.br\/blog\/author\/diogo-mendesestrategiaconcursos-com-br\/"}]}},"_links":{"self":[{"href":"https:\/\/www.estrategiaconcursos.com.br\/blog\/wp-json\/wp\/v2\/posts\/898869","targetHints":{"allow":["GET"]}}],"collection":[{"href":"https:\/\/www.estrategiaconcursos.com.br\/blog\/wp-json\/wp\/v2\/posts"}],"about":[{"href":"https:\/\/www.estrategiaconcursos.com.br\/blog\/wp-json\/wp\/v2\/types\/post"}],"author":[{"embeddable":true,"href":"https:\/\/www.estrategiaconcursos.com.br\/blog\/wp-json\/wp\/v2\/users\/1483"}],"replies":[{"embeddable":true,"href":"https:\/\/www.estrategiaconcursos.com.br\/blog\/wp-json\/wp\/v2\/comments?post=898869"}],"version-history":[{"count":23,"href":"https:\/\/www.estrategiaconcursos.com.br\/blog\/wp-json\/wp\/v2\/posts\/898869\/revisions"}],"predecessor-version":[{"id":966598,"href":"https:\/\/www.estrategiaconcursos.com.br\/blog\/wp-json\/wp\/v2\/posts\/898869\/revisions\/966598"}],"wp:featuredmedia":[{"embeddable":true,"href":"https:\/\/www.estrategiaconcursos.com.br\/blog\/wp-json\/wp\/v2\/media\/772567"}],"wp:attachment":[{"href":"https:\/\/www.estrategiaconcursos.com.br\/blog\/wp-json\/wp\/v2\/media?parent=898869"}],"wp:term":[{"taxonomy":"category","embeddable":true,"href":"https:\/\/www.estrategiaconcursos.com.br\/blog\/wp-json\/wp\/v2\/categories?post=898869"},{"taxonomy":"post_tag","embeddable":true,"href":"https:\/\/www.estrategiaconcursos.com.br\/blog\/wp-json\/wp\/v2\/tags?post=898869"},{"taxonomy":"tax_estado","embeddable":true,"href":"https:\/\/www.estrategiaconcursos.com.br\/blog\/wp-json\/wp\/v2\/tax_estado?post=898869"}],"curies":[{"name":"wp","href":"https:\/\/api.w.org\/{rel}","templated":true}]}}