{"id":898734,"date":"2025-12-16T06:28:00","date_gmt":"2025-12-16T09:28:00","guid":{"rendered":"https:\/\/www.estrategiaconcursos.com.br\/blog\/?p=898734"},"modified":"2025-12-16T08:23:38","modified_gmt":"2025-12-16T11:23:38","slug":"concurso-crefito-6","status":"publish","type":"post","link":"https:\/\/www.estrategiaconcursos.com.br\/blog\/concurso-crefito-6\/","title":{"rendered":"Concurso CREFITO 6: resultado final homologado!"},"content":{"rendered":"<p><center><a id=\"cta-icon\" href=\"https:\/\/sndflw.com\/i\/crefito-6-grupo\" target=\"_blank\" style=\"background:#29a61a; display:inline-flex; align-items:center; padding:10px 15px; border-radius:6px; color:#fff; text-decoration:none; font-weight:500; font-size:15px;\"><img decoding=\"async\" src=\"https:\/\/dhg1h5j42swfq.cloudfront.net\/2023\/12\/07154107\/whatsapp_13851.png\" alt=\"\" style=\"width:20px; height:20px; margin-right:8px;\"><span>Acesse agora o Grupo de Estudos para o Concurso CREFITO 6<\/span><\/a><\/center><\/p>\n\n\n\n<p>O <a href=\"http:\/\/www.estrategiaconcursos.com.br\/cursos\/concurso\/\">Conselho Regional de Fisioterapia e Terapia Ocupacional do Cear\u00e1<\/a> (Crefito 6) oferta <strong>3 vagas imediatas e cadastro reserva<\/strong> para os cargos de <strong>auxiliar administrativo<\/strong> (n\u00edvel m\u00e9dio) e <strong>agente fiscal <\/strong>(n\u00edvel superior).<\/p>\n\n\n\n<p>As inscri\u00e7\u00f5es poderiam ser realizadas no site da banca, Ibade, at\u00e9 14 de agosto, no valor de R$ 40,00 para o cargo de n\u00edvel m\u00e9dio e R$ 61,00 para n\u00edvel superior.<\/p>\n\n\n\n<p>As <strong>provas objetiva e discursiva<\/strong> foram aplicadas no <strong>dia 28 de setembro<\/strong>. E no dia 16 de dezembro de 2025 foi homologado o resultado final.<\/p>\n\n\n\n<ul class=\"wp-block-list has-very-light-gray-to-cyan-bluish-gray-gradient-background has-background\">\n<li><strong>Concurso CREFITO 6<\/strong><\/li>\n\n\n\n<li><strong>Status:<\/strong> resultado final homologado <\/li>\n\n\n\n<li><strong>Banca:<\/strong> <a href=\"https:\/\/portal.ibade.selecao.site\/edital\/ver\/104\">Ibade<\/a><\/li>\n\n\n\n<li><strong>Vagas:<\/strong> 3 + CR<\/li>\n\n\n\n<li><strong>Sal\u00e1rio inicial:<\/strong> R$ 3.100,00 e R$ 4.608,00<\/li>\n\n\n\n<li><strong>Edital: <\/strong><a href=\"https:\/\/dhg1h5j42swfq.cloudfront.net\/2021\/11\/16164035\/crefito-6.pdf\">Crefito 6 2025<\/a><\/li>\n\n\n\n<li><strong>\u00daltimo edital:<\/strong> <a href=\"https:\/\/dhg1h5j42swfq.cloudfront.net\/2021\/11\/01165551\/1_crefito-6_concurso_publico_2021_edital_1.pdf\" target=\"_blank\" rel=\"noreferrer noopener\">Crefito 6 2021<\/a><\/li>\n<\/ul>\n\n\n\n<ul id=\"indice\" class=\"wp-block-list\">\n<li><strong><a href=\"#atual\">Situa\u00e7\u00e3o atual do concurso<\/a><\/strong><\/li>\n\n\n\n<li><strong><a href=\"#cargos\">Cargos e vagas<\/a><\/strong><\/li>\n\n\n\n<li><strong><a href=\"#etapas\">Etapas de provas<\/a><\/strong>\n<ul class=\"wp-block-list\">\n<li><strong><a href=\"#objetiva\">Prova objetiva<\/a><\/strong><\/li>\n\n\n\n<li><strong><a href=\"#discursiva\">Prova discursiva<\/a><\/strong><\/li>\n<\/ul>\n<\/li>\n\n\n\n<li><strong><a href=\"#carreira\">Carreira<\/a><\/strong>\n<ul class=\"wp-block-list\">\n<li><strong><a href=\"#salario\">Sal\u00e1rios e Benef\u00edcios<\/a>  <\/strong><\/li>\n<\/ul>\n<\/li>\n\n\n\n<li><strong><a href=\"#ultimo-concurso-crefito-6\">\u00daltimo concurso<\/a><\/strong><\/li>\n\n\n\n<li><strong><a href=\"#crefito\">O que \u00e9 o CREFITO 6<\/a><\/strong><\/li>\n\n\n\n<li><strong><a href=\"#cursos\">Cursos<\/a><\/strong><\/li>\n\n\n\n<li><strong><a href=\"#ficha\">Ficha T\u00e9cnica<\/a><\/strong><\/li>\n<\/ul>\n\n\n\n<h2 class=\"wp-block-heading\" id=\"atual\">Concurso CREFITO 6: situa\u00e7\u00e3o atual<\/h2>\n\n\n\n<p>Foi publicado no Di\u00e1rio Oficial da Uni\u00e3o do dia 16 de dezembro de 2025 a <a href=\"https:\/\/www.in.gov.br\/web\/dou\/-\/edital-675651487\">homologa\u00e7\u00e3o do resultado final do concurso<\/a>. <\/p>\n\n\n\n<h2 class=\"wp-block-heading\" id=\"cargos\">Concurso CREFITO 6: cargos e vagas<\/h2>\n\n\n\n<p>Confira a nova distribui\u00e7\u00e3o de vagas do concurso: <\/p>\n\n\n\n<figure class=\"wp-block-table is-style-stripes\"><table class=\"has-background has-fixed-layout\" style=\"background-color:#e7f5fe\"><tbody><tr><td class=\"has-text-align-center\" data-align=\"center\"><strong>Cargos<\/strong><\/td><td class=\"has-text-align-center\" data-align=\"center\"><strong>Escolaridade<\/strong><\/td><td class=\"has-text-align-center\" data-align=\"center\"><strong>Vagas A\/C<\/strong><\/td><td class=\"has-text-align-center\" data-align=\"center\"><strong>Vagas PcD <\/strong><\/td><td class=\"has-text-align-center\" data-align=\"center\"><strong>Vagas negros <\/strong><\/td><td class=\"has-text-align-center\" data-align=\"center\"><strong>Vagas<\/strong><\/td><\/tr><tr><td class=\"has-text-align-center\" data-align=\"center\">Auxiliar<br \/>Administrativo<\/td><td class=\"has-text-align-center\" data-align=\"center\">N\u00edvel m\u00e9dio<\/td><td class=\"has-text-align-center\" data-align=\"center\">CR<\/td><td class=\"has-text-align-center\" data-align=\"center\">CR<\/td><td class=\"has-text-align-center\" data-align=\"center\">CR<\/td><td class=\"has-text-align-center\" data-align=\"center\">CR<\/td><\/tr><tr><td class=\"has-text-align-center\" data-align=\"center\">Agente Fiscal<\/td><td class=\"has-text-align-center\" data-align=\"center\">Ensino Superior de Bacharelado em<br \/>Fisioterapia e\/ou Terapia<br \/>Ocupacional<\/td><td class=\"has-text-align-center\" data-align=\"center\">2<\/td><td class=\"has-text-align-center\" data-align=\"center\">&#8211;<\/td><td class=\"has-text-align-center\" data-align=\"center\">1<\/td><td class=\"has-text-align-center\" data-align=\"center\"><strong>3<\/strong><\/td><\/tr><\/tbody><\/table><\/figure>\n\n\n\n<h2 class=\"wp-block-heading\" id=\"h-etapas-de-provas-do-concurso-crefito-6\">Etapas de provas do concurso Crefito 6<\/h2>\n\n\n\n<p>O concurso foi composto das seguintes fases:<\/p>\n\n\n\n<ul class=\"wp-block-list\">\n<li><strong>Prova Objetiv<\/strong>a, de car\u00e1ter eliminat\u00f3rio e classificat\u00f3rio;<\/li>\n\n\n\n<li><strong>Prova Discursiva<\/strong>, de car\u00e1ter eliminat\u00f3rio e classificat\u00f3rio, somente para o cargo do Ensino Superior;<\/li>\n\n\n\n<li><strong>Prova de T\u00edtulos<\/strong>, de car\u00e1ter classificat\u00f3rio, somente para o cargo do Ensino Superior.<\/li>\n<\/ul>\n\n\n\n<h3 class=\"wp-block-heading\" id=\"objetiva\">Prova objetiva<\/h3>\n\n\n\n<p>A prova objetiva foi composta de <strong>50 quest\u00f5es <\/strong>de m\u00faltipla escolha e 5 alternativas, valendo 100 pontos. Confira abaixo as disciplinas do certame:<\/p>\n\n\n\n<p><strong>N\u00edvel m\u00e9dio<\/strong><\/p>\n\n\n\n<figure class=\"wp-block-table is-style-stripes\"><table class=\"has-background has-fixed-layout\" style=\"background-color:#e7f5fe\"><tbody><tr><td><strong><em>Disciplinas<\/em><\/strong> <\/td><td><strong><em>Quest\u00f5es<\/em><\/strong><\/td><td><strong><em>Pontua\u00e7\u00e3o M\u00e1xima<\/em><\/strong><\/td><\/tr><tr><td>L\u00edngua Portuguesa<\/td><td>10 quest\u00f5es<\/td><td>20,00<\/td><\/tr><tr><td>Racioc\u00ednio L\u00f3gico-Matem\u00e1tico<\/td><td>10 quest\u00f5es<\/td><td>10,00<\/td><\/tr><tr><td>No\u00e7\u00f5es de Inform\u00e1tica<\/td><td>10 quest\u00f5es<\/td><td>10,00<\/td><\/tr><tr><td>Conhecimentos Espec\u00edficos<\/td><td>20 quest\u00f5es<\/td><td>60,00<\/td><\/tr><tr><td><strong>Total<\/strong><\/td><td><strong>50 quest\u00f5es<\/strong><\/td><td><strong>100,00 pontos<\/strong><\/td><\/tr><\/tbody><\/table><\/figure>\n\n\n\n<p><strong>N\u00edvel superior<\/strong><\/p>\n\n\n\n<figure class=\"wp-block-table is-style-stripes\"><table class=\"has-background has-fixed-layout\" style=\"background-color:#e7f5fe\"><tbody><tr><td><strong><em>Disciplinas<\/em><\/strong> <\/td><td><strong><em>Quest\u00f5es<\/em><\/strong><\/td><td><strong><em>Pontua\u00e7\u00e3o M\u00e1xima<\/em><\/strong><\/td><\/tr><tr><td>L\u00edngua Portuguesa<\/td><td>10 quest\u00f5es<\/td><td>20,00<\/td><\/tr><tr><td>Racioc\u00ednio L\u00f3gico-Matem\u00e1tico<\/td><td>10 quest\u00f5es<\/td><td>10,00<\/td><\/tr><tr><td>Legisla\u00e7\u00e3o e \u00c9tica Profissional<\/td><td>10 quest\u00f5es<\/td><td>10,00<\/td><\/tr><tr><td>Conhecimentos Espec\u00edficos<\/td><td>20 quest\u00f5es<\/td><td>60,00<\/td><\/tr><tr><td><strong>Total<\/strong><\/td><td><strong>50 quest\u00f5es<\/strong><\/td><td><strong>100,00 pontos<\/strong><\/td><\/tr><\/tbody><\/table><\/figure>\n\n\n\n<h3 class=\"wp-block-heading\" id=\"discursiva\">Prova Discursiva<\/h3>\n\n\n\n<p>A Prova Discursiva\/Reda\u00e7\u00e3o consistiu na reda\u00e7\u00e3o de um texto dissertativo, de no m\u00ednimo 20<br \/>linhas e no m\u00e1ximo de 30 linhas, e valeu 20,00 pontos.<\/p>\n\n\n\n<figure class=\"wp-block-image size-large\"><img loading=\"lazy\" decoding=\"async\" width=\"1024\" height=\"488\" src=\"https:\/\/dhg1h5j42swfq.cloudfront.net\/2025\/07\/16165903\/captura-de-tela-2025-07-16-as-16-58-36-1024x488.png\" alt=\"Tabela de detalhes da prova discursiva\" class=\"wp-image-1608323\" srcset=\"https:\/\/dhg1h5j42swfq.cloudfront.net\/2025\/07\/16165903\/captura-de-tela-2025-07-16-as-16-58-36-1024x488.png 1024w, https:\/\/dhg1h5j42swfq.cloudfront.net\/2025\/07\/16165903\/captura-de-tela-2025-07-16-as-16-58-36-300x143.png 300w, https:\/\/dhg1h5j42swfq.cloudfront.net\/2025\/07\/16165903\/captura-de-tela-2025-07-16-as-16-58-36-768x366.png 768w, https:\/\/dhg1h5j42swfq.cloudfront.net\/2025\/07\/16165903\/captura-de-tela-2025-07-16-as-16-58-36-150x71.png 150w, https:\/\/dhg1h5j42swfq.cloudfront.net\/2025\/07\/16165903\/captura-de-tela-2025-07-16-as-16-58-36.png 1284w\" sizes=\"auto, (max-width: 1024px) 100vw, 1024px\" \/><\/figure>\n\n\n\n<h3 class=\"wp-block-heading\" id=\"h-prova-de-titulos\">Prova de t\u00edtulos<\/h3>\n\n\n\n<p>Participaram desta etapa todos os candidatos do cargo de Ensino Superior inscritos no Concurso.<\/p>\n\n\n\n<figure class=\"wp-block-image size-large\"><img loading=\"lazy\" decoding=\"async\" width=\"1024\" height=\"528\" src=\"https:\/\/dhg1h5j42swfq.cloudfront.net\/2025\/07\/16170016\/captura-de-tela-2025-07-16-as-16-59-25-1024x528.png\" alt=\"Tabela de atribui\u00e7\u00e3o de pontos na avalia\u00e7\u00e3o de t\u00edtulos\" class=\"wp-image-1608326\" srcset=\"https:\/\/dhg1h5j42swfq.cloudfront.net\/2025\/07\/16170016\/captura-de-tela-2025-07-16-as-16-59-25-1024x528.png 1024w, https:\/\/dhg1h5j42swfq.cloudfront.net\/2025\/07\/16170016\/captura-de-tela-2025-07-16-as-16-59-25-300x155.png 300w, https:\/\/dhg1h5j42swfq.cloudfront.net\/2025\/07\/16170016\/captura-de-tela-2025-07-16-as-16-59-25-768x396.png 768w, https:\/\/dhg1h5j42swfq.cloudfront.net\/2025\/07\/16170016\/captura-de-tela-2025-07-16-as-16-59-25-150x77.png 150w, https:\/\/dhg1h5j42swfq.cloudfront.net\/2025\/07\/16170016\/captura-de-tela-2025-07-16-as-16-59-25.png 1206w\" sizes=\"auto, (max-width: 1024px) 100vw, 1024px\" \/><\/figure>\n\n\n\n<h2 class=\"wp-block-heading\" id=\"crefito\">Carreira no Crefito 6<\/h2>\n\n\n\n<h3 class=\"wp-block-heading\" id=\"salario\">Sal\u00e1rios e Benef\u00edcios <\/h3>\n\n\n\n<figure class=\"wp-block-table is-style-stripes\"><table class=\"has-background has-fixed-layout\" style=\"background-color:#e7f5fe\"><tbody><tr><td class=\"has-text-align-center\" data-align=\"center\"><strong>Cargos<\/strong><\/td><td class=\"has-text-align-center\" data-align=\"center\"><strong>Remunera\u00e7\u00f5es<\/strong><\/td><\/tr><tr><td class=\"has-text-align-center\" data-align=\"center\">Auxiliar Administrativo<\/td><td class=\"has-text-align-center\" data-align=\"center\">R$ 3.100,00 + Benef\u00edcios*<\/td><\/tr><tr><td class=\"has-text-align-center\" data-align=\"center\">Agente Fiscal<\/td><td class=\"has-text-align-center\" data-align=\"center\">R$ 4.608,00 + Benef\u00edcios*<\/td><\/tr><\/tbody><\/table><\/figure>\n\n\n\n<p>BENEF\u00cdCIOS: vale alimenta\u00e7\u00e3o, vale transporte, Plano de sa\u00fade\/Aux\u00edlio sa\u00fade ou outro similar, dentre outros, a serem concedidos ou atualizados por Acordo coletivo vigente desde que preenchidos os requisitos para recebimento de cada benef\u00edcio.<\/p>\n\n\n\n<h2 class=\"wp-block-heading\" id=\"h-ultimo-concurso-crefito-6\">\u00daltimo concurso Crefito 6<\/h2>\n\n\n\n<p>O concurso ofertou 90 vagas para recepcionista, cargo de n\u00edvel m\u00e9dio. A remunera\u00e7\u00e3o ofertada foi de R$ 1.800,00 mais benef\u00edcios.<\/p>\n\n\n\n<figure class=\"wp-block-table is-style-stripes\"><table class=\"has-background has-fixed-layout\" style=\"background-color:#e7f5fe\"><tbody><tr><td><strong>Cargos<\/strong><\/td><td><strong>Lota\u00e7\u00e3o<\/strong><\/td><td><strong>Vagas A\/C<\/strong><\/td><td><strong>Vagas PcD <\/strong><\/td><td><strong>Vagas negros <\/strong><\/td><td><strong>Vagas<\/strong><\/td><\/tr><tr><td>Recepcionista<\/td><td>Fortaleza\/CE<\/td><td>22<\/td><td>6<\/td><td>2<\/td><td><strong>30<\/strong><\/td><\/tr><tr><td>Recepcionista  <\/td><td>Juazeiro do Norte\/CE<\/td><td>22<\/td><td>6<\/td><td>2<\/td><td><strong>30<\/strong><\/td><\/tr><tr><td>Recepcionista <\/td><td>Sobral\/CE<\/td><td>22<\/td><td>6<\/td><td>2<\/td><td><strong>30<\/strong><\/td><\/tr><\/tbody><\/table><\/figure>\n\n\n\n<h3 class=\"wp-block-heading\" id=\"etapas\">Etapas de provas do \u00faltimo concurso<\/h3>\n\n\n\n<p>O concurso foi composto das seguintes fases:<\/p>\n\n\n\n<ul class=\"wp-block-list\">\n<li><strong>Prova Objetiv<\/strong>a, de car\u00e1ter eliminat\u00f3rio e classificat\u00f3rio;<\/li>\n\n\n\n<li><strong>Prova Discursiva<\/strong>, de car\u00e1ter eliminat\u00f3rio e classificat\u00f3rio.<\/li>\n<\/ul>\n\n\n\n<h3 class=\"wp-block-heading\" id=\"objetiva\">Prova objetiva<\/h3>\n\n\n\n<p>A prova objetiva foi composta de 50 quest\u00f5es de m\u00faltipla escolha, com peso 2,00 e 5 alternativas para escolha de uma \u00fanica resposta e pontua\u00e7\u00e3o total variando entre o m\u00ednimo de 0 e o m\u00e1ximo de 100 pontos. Confira abaixo as <strong><em>disciplinas do certame: <\/em><\/strong><\/p>\n\n\n\n<figure class=\"wp-block-table is-style-stripes\"><table class=\"has-background has-fixed-layout\" style=\"background-color:#e7f5fe\"><tbody><tr><td><strong><em>Disciplinas<\/em><\/strong> <\/td><td><strong><em>Quest\u00f5es<\/em><\/strong><\/td><td><strong><em>Pontua\u00e7\u00e3o M\u00e1xima<\/em><\/strong><\/td><\/tr><tr><td>L\u00edngua Portuguesa<\/td><td>10 quest\u00f5es<\/td><td>20,00<\/td><\/tr><tr><td>No\u00e7\u00f5es de Inform\u00e1tica<\/td><td>10 quest\u00f5es<\/td><td>20,00<\/td><\/tr><tr><td>Atualidades<\/td><td>5 quest\u00f5es<\/td><td>10,00<\/td><\/tr><tr><td>Conhecimentos Espec\u00edficos<\/td><td>25 quest\u00f5es<\/td><td>50,00<\/td><\/tr><tr><td><strong>Total<\/strong><\/td><td><strong>50 quest\u00f5es<\/strong><\/td><td><strong>100,00 pontos<\/strong><\/td><\/tr><\/tbody><\/table><\/figure>\n\n\n\n<h3 class=\"wp-block-heading\" id=\"discursiva\">Prova Discursiva<\/h3>\n\n\n\n<p>A prova discursiva, de car\u00e1ter eliminat\u00f3rio e classificat\u00f3rio, no mesmo dia e dentro dos prazos de dura\u00e7\u00e3o previstos para a realiza\u00e7\u00e3o da prova objetiva, valeu 10,00 pontos. Consistiu em reda\u00e7\u00e3o de texto de g\u00eaneros textuais\/discursivos, de at\u00e9 30 linhas, acerca de tema baseado nos principais acontecimentos e assuntos da atualidade que envolvem o Brasil e o mundo.<\/p>\n\n\n\n<h3 class=\"wp-block-heading\" id=\"crefito\">O que \u00e9 o CREFITO 6?<\/h3>\n\n\n\n<p>O CREFITO-6 \u00e9 uma Autarquia P\u00fablica Federal, Institui\u00e7\u00e3o de Controle Social, tendo como miss\u00e3o garantir os direitos da popula\u00e7\u00e3o assistida pela Fisioterapia e pela Terapia Ocupacional atrav\u00e9s da normatiza\u00e7\u00e3o e fiscaliza\u00e7\u00e3o do exerc\u00edcio profissional visando a plena atua\u00e7\u00e3o terap\u00eautica com qualidade e humaniza\u00e7\u00e3o.<\/p>\n\n\n\n<p>O COFFITO assim como o CREFITOs s\u00e3o autarquias \u2013 ou seja, \u00f3rg\u00e3os da administra\u00e7\u00e3o p\u00fablica com autonomia administrativa. O sistema COFFITO\/CREFITO foi criado pela lei federal 6.316, em 1975, e tem como atribui\u00e7\u00f5es principais regular, orientar e fiscalizar o exerc\u00edcio profissional de fisioterapeutas e terapeutas ocupacionais, exercendo controle \u00e9tico-social da Fisioterapia e da Terapia Ocupacional, protegendo a sociedade contra o exerc\u00edcio ilegal e\/ou irrespons\u00e1vel dessas profiss\u00f5es.<\/p>\n\n\n\n<h2 class=\"wp-block-heading has-text-align-center\" id=\"h-quer-saber-tudo-sobre-concursos-previstos-confira-nossos-artigos\">Quer saber tudo sobre concursos previstos?<br \/>Confira nossos artigos!<\/h2>\n\n\n\n<ul class=\"wp-block-list\">\n<li><a href=\"https:\/\/www.estrategiaconcursos.com.br\/blog\/concursos-abertos\/\" target=\"_blank\" rel=\"noreferrer noopener\">Concursos abertos<\/a><\/li>\n\n\n\n<li><a href=\"https:\/\/www.estrategiaconcursos.com.br\/blog\/concursos-conselhos\/\">Concursos conselhos<\/a><\/li>\n\n\n\n<li><a href=\"https:\/\/www.estrategiaconcursos.com.br\/blog\/concursos-2026\/\">Concursos 2026<\/a><\/li>\n<\/ul>\n\n\n\n<h2 class=\"wp-block-heading has-text-align-center\" id=\"cursos\"><strong><em>Quer estudar para Concurso&nbsp;<\/em><\/strong><em>CREFITO 6<\/em><strong><em>?<\/em><\/strong><\/h2>\n\n\n\n<p class=\"has-text-align-center\"><em><strong>Gostou desta oportunidade e deseja come\u00e7ar se preparar agora mesmo? Ent\u00e3o, confira os nossos cursos e comece a estudar para&nbsp;<\/strong><\/em>o <font style=\"background-color: rgba(25, 30, 35, 0.2);\"><strong><em>CREFITO<\/em><\/strong><em><strong>-6:<\/strong><\/em><\/font><\/p>\n\n\n\n<div class=\"col-sm\">\n      <div class=\"banner-estrategia\" id=\"box-assinatura\">\n        <h3 class=\"titulo-assinatura\">Cursos para CREFITO 6<\/h3>\n        <p class=\"subtitulo-assinatura\">Conhe\u00e7a os cursos<\/p>\n        <div class=\"box-botao\">\n          <a class=\"btn-assinatura\" target=\"_blank\" href=\"https:\/\/www.estrategiaconcursos.com.br\/cursos\/concurso\/\" role=\"button\" rel=\"noopener noreferrer\">Conhe\u00e7a mais<\/a>\n        <\/div>\n      <\/div>\n      <p class=\"texto-auxiliar\">Prepare-se com o melhor material e com quem mais aprova em Concursos P\u00fablicos em todo o pa\u00eds.<\/p>\n    <\/div>\n\n\n\n<div class=\"container\" id=\"boxes\">\n  <div class=\"row\">\n    <div class=\"col-sm\">\n      <div class=\"estrategia\" id=\"box-assinatura\">\n        <h3 class=\"titulo-assinatura\">Assinatura Concursos<\/h3>\n        <p class=\"subtitulo-assinatura\">Assinatura de 1 ano ou 2 anos*<\/p>\n        <div class=\"box-botao\">\n          <a class=\"btn-assinatura\" target=\"_blank\" href=\"https:\/\/www.estrategiaconcursos.com.br\/assinaturas\/\" role=\"button\" rel=\"noopener noreferrer\">ASSINE AGORA<\/a>\n        <\/div>\n      <\/div>\n      <p class=\"texto-auxiliar\"><\/p>\n    <\/div>\n    <div class=\"col-sm\">\n      <div class=\"questoes\" id=\"box-assinatura\">\n        <h3 class=\"titulo-assinatura\">Sistema de Quest\u00f5es<\/h3>\n        <p class=\"subtitulo-assinatura\">Assinatura de 1 ano ou 2 anos\n<\/p>\n        <div class=\"box-botao\">\n          <a class=\"btn-assinatura\" target=\"_blank\" href=\"https:\/\/www.estrategiaconcursos.com.br\/cursosPorConcurso\/sistema-de-questoes\/#\/\" role=\"button\" rel=\"noopener noreferrer\">ASSINE AGORA<\/a>\n        <\/div>\n      <\/div>\n      <p class=\"texto-auxiliar\"><\/p>\n    <\/div>\n  <\/div>\n<\/div>\n\n\n\n<figure class=\"wp-block-image size-large is-resized\"><img loading=\"lazy\" decoding=\"async\" width=\"1024\" height=\"632\" src=\"https:\/\/dhg1h5j42swfq.cloudfront.net\/2021\/04\/05172451\/ficha-tecnica-36-1024x632.png\" alt=\"\" class=\"wp-image-707839\" style=\"width:176px;height:108px\" srcset=\"https:\/\/dhg1h5j42swfq.cloudfront.net\/2021\/04\/05172451\/ficha-tecnica-36-1024x632.png 1024w, https:\/\/dhg1h5j42swfq.cloudfront.net\/2021\/04\/05172451\/ficha-tecnica-36-300x185.png 300w, https:\/\/dhg1h5j42swfq.cloudfront.net\/2021\/04\/05172451\/ficha-tecnica-36-768x474.png 768w, https:\/\/dhg1h5j42swfq.cloudfront.net\/2021\/04\/05172451\/ficha-tecnica-36-1536x948.png 1536w, https:\/\/dhg1h5j42swfq.cloudfront.net\/2021\/04\/05172451\/ficha-tecnica-36-610x377.png 610w, https:\/\/dhg1h5j42swfq.cloudfront.net\/2021\/04\/05172451\/ficha-tecnica-36.png 1571w\" sizes=\"auto, (max-width: 1024px) 100vw, 1024px\" \/><\/figure>\n\n\n\n<h3 class=\"wp-block-heading\" id=\"ficha\">Informa\u00e7\u00f5es sobre o Concurso CREFITO 6<\/h3>\n\n\n\n<p>\u25ba<strong>Vagas<\/strong>: 3 + CR<br \/>\u25ba<strong>Cargos:<\/strong> Auxiliar e Fiscal<br \/>\u25ba<strong>Banca<\/strong>: Ibade<br \/>\u25ba<strong>Escolaridade<\/strong>: N\u00edvel m\u00e9dio e superior<br \/>\u25ba<strong>Edital<\/strong>: <a href=\"https:\/\/dhg1h5j42swfq.cloudfront.net\/2021\/11\/16164035\/crefito-6.pdf\">Crefito 6 2025<br \/><\/a>\u25ba<strong>\u00daltimo Edital: <\/strong><a style=\"background-color: rgba(19, 94, 150, 0.2); font-weight: 600; font-size: revert;\" href=\"https:\/\/dhg1h5j42swfq.cloudfront.net\/2021\/11\/01165551\/1_crefito-6_concurso_publico_2021_edital_1.pdf\" target=\"_blank\" rel=\"noreferrer noopener\"><mark style=\"background-color:#ffffff\" class=\"has-inline-color has-vivid-cyan-blue-color\">Crefito 6 2021<\/mark><\/a> \/ <a href=\"https:\/\/www.in.gov.br\/en\/web\/dou\/-\/edital-n-2-de-6-de-dezembro-de-2021-365682864\" target=\"_blank\" rel=\"noreferrer noopener\">Retifica\u00e7\u00e3o<\/a><\/p>\n\n\n\n<p><\/p>\n","protected":false},"excerpt":{"rendered":"<p>O Conselho Regional de Fisioterapia e Terapia Ocupacional do Cear\u00e1 (Crefito 6) oferta 3 vagas imediatas e cadastro reserva para os cargos de auxiliar administrativo (n\u00edvel m\u00e9dio) e agente fiscal (n\u00edvel superior). As inscri\u00e7\u00f5es poderiam ser realizadas no site da banca, Ibade, at\u00e9 14 de agosto, no valor de R$ 40,00 para o cargo de [&hellip;]<\/p>\n","protected":false},"author":1,"featured_media":1532409,"comment_status":"open","ping_status":"closed","sticky":false,"template":"","format":"standard","meta":{"post_tipo":"news_page","footnotes":""},"categories":[222234],"tags":[],"tax_estado":[219969],"class_list":["post-898734","post","type-post","status-publish","format-standard","has-post-thumbnail","hentry","category-conselhos-regionais","tax_estado-ce"],"acf":[],"yoast_head":"<!-- This site is optimized with the Yoast SEO Premium plugin v27.2 (Yoast SEO v27.2) - https:\/\/yoast.com\/product\/yoast-seo-premium-wordpress\/ -->\n<title>Concurso CREFITO 6: resultado final homologado!<\/title>\n<meta name=\"description\" content=\"Concurso CREFITO 6: edital ofertou 3 vagas + CR para cargos de n\u00edveis m\u00e9dio e superior. Homologa\u00e7\u00e3o publicada!\" \/>\n<meta name=\"robots\" content=\"index, follow, max-snippet:-1, max-image-preview:large, max-video-preview:-1\" \/>\n<link rel=\"canonical\" href=\"https:\/\/www.estrategiaconcursos.com.br\/blog\/concurso-crefito-6\/\" \/>\n<meta property=\"og:locale\" content=\"pt_BR\" \/>\n<meta property=\"og:type\" content=\"article\" \/>\n<meta property=\"og:title\" content=\"Concurso CREFITO 6: resultado final homologado!\" \/>\n<meta property=\"og:description\" content=\"Concurso CREFITO 6: edital ofertou 3 vagas + CR para cargos de n\u00edveis m\u00e9dio e superior. Homologa\u00e7\u00e3o publicada!\" \/>\n<meta property=\"og:url\" content=\"https:\/\/www.estrategiaconcursos.com.br\/blog\/concurso-crefito-6\/\" \/>\n<meta property=\"og:site_name\" content=\"Estrat\u00e9gia Concursos\" \/>\n<meta property=\"article:author\" content=\"https:\/\/www.facebook.com\/EstrategiaConcursos\" \/>\n<meta property=\"article:published_time\" content=\"2025-12-16T09:28:00+00:00\" \/>\n<meta property=\"article:modified_time\" content=\"2025-12-16T11:23:38+00:00\" \/>\n<meta property=\"og:image\" content=\"https:\/\/dhg1h5j42swfq.cloudfront.net\/2025\/02\/14111851\/concursos-conselhos.jpg\" \/>\n\t<meta property=\"og:image:width\" content=\"768\" \/>\n\t<meta property=\"og:image:height\" content=\"432\" \/>\n\t<meta property=\"og:image:type\" content=\"image\/jpeg\" \/>\n<meta name=\"author\" content=\"Coordena\u00e7\u00e3o\" \/>\n<meta name=\"twitter:card\" content=\"summary_large_image\" \/>\n<meta name=\"twitter:creator\" content=\"@EstratConcursos\" \/>\n<meta name=\"twitter:site\" content=\"@EstratConcursos\" \/>\n<meta name=\"twitter:label1\" content=\"Escrito por\" \/>\n\t<meta name=\"twitter:data1\" content=\"Coordena\u00e7\u00e3o\" \/>\n\t<meta name=\"twitter:label2\" content=\"Est. tempo de leitura\" \/>\n\t<meta name=\"twitter:data2\" content=\"7 minutos\" \/>\n<script type=\"application\/ld+json\" class=\"yoast-schema-graph\">{\"@context\":\"https:\/\/schema.org\",\"@graph\":[{\"@type\":\"NewsArticle\",\"@id\":\"https:\/\/www.estrategiaconcursos.com.br\/blog\/concurso-crefito-6\/#article\",\"isPartOf\":{\"@id\":\"https:\/\/www.estrategiaconcursos.com.br\/blog\/concurso-crefito-6\/\"},\"author\":{\"name\":\"Coordena\u00e7\u00e3o\",\"@id\":\"https:\/\/www.estrategiaconcursos.com.br\/blog\/#\/schema\/person\/b4a388c97673c5f483d72185668afa1f\"},\"headline\":\"Concurso CREFITO 6: resultado final homologado!\",\"datePublished\":\"2025-12-16T09:28:00+00:00\",\"dateModified\":\"2025-12-16T11:23:38+00:00\",\"mainEntityOfPage\":{\"@id\":\"https:\/\/www.estrategiaconcursos.com.br\/blog\/concurso-crefito-6\/\"},\"wordCount\":989,\"commentCount\":0,\"publisher\":{\"@id\":\"https:\/\/www.estrategiaconcursos.com.br\/blog\/#organization\"},\"image\":{\"@id\":\"https:\/\/www.estrategiaconcursos.com.br\/blog\/concurso-crefito-6\/#primaryimage\"},\"thumbnailUrl\":\"https:\/\/dhg1h5j42swfq.cloudfront.net\/2025\/02\/14111851\/concursos-conselhos.jpg\",\"articleSection\":[\"Conselhos Regionais\"],\"inLanguage\":\"pt-BR\",\"potentialAction\":[{\"@type\":\"CommentAction\",\"name\":\"Comment\",\"target\":[\"https:\/\/www.estrategiaconcursos.com.br\/blog\/concurso-crefito-6\/#respond\"]}],\"copyrightYear\":\"2025\",\"copyrightHolder\":{\"@id\":\"https:\/\/www.estrategiaconcursos.com.br\/blog\/#organization\"}},{\"@type\":\"WebPage\",\"@id\":\"https:\/\/www.estrategiaconcursos.com.br\/blog\/concurso-crefito-6\/\",\"url\":\"https:\/\/www.estrategiaconcursos.com.br\/blog\/concurso-crefito-6\/\",\"name\":\"Concurso CREFITO 6: resultado final homologado!\",\"isPartOf\":{\"@id\":\"https:\/\/www.estrategiaconcursos.com.br\/blog\/#website\"},\"primaryImageOfPage\":{\"@id\":\"https:\/\/www.estrategiaconcursos.com.br\/blog\/concurso-crefito-6\/#primaryimage\"},\"image\":{\"@id\":\"https:\/\/www.estrategiaconcursos.com.br\/blog\/concurso-crefito-6\/#primaryimage\"},\"thumbnailUrl\":\"https:\/\/dhg1h5j42swfq.cloudfront.net\/2025\/02\/14111851\/concursos-conselhos.jpg\",\"datePublished\":\"2025-12-16T09:28:00+00:00\",\"dateModified\":\"2025-12-16T11:23:38+00:00\",\"description\":\"Concurso CREFITO 6: edital ofertou 3 vagas + CR para cargos de n\u00edveis m\u00e9dio e superior. Homologa\u00e7\u00e3o publicada!\",\"breadcrumb\":{\"@id\":\"https:\/\/www.estrategiaconcursos.com.br\/blog\/concurso-crefito-6\/#breadcrumb\"},\"inLanguage\":\"pt-BR\",\"potentialAction\":[{\"@type\":\"ReadAction\",\"target\":[\"https:\/\/www.estrategiaconcursos.com.br\/blog\/concurso-crefito-6\/\"]}]},{\"@type\":\"ImageObject\",\"inLanguage\":\"pt-BR\",\"@id\":\"https:\/\/www.estrategiaconcursos.com.br\/blog\/concurso-crefito-6\/#primaryimage\",\"url\":\"https:\/\/dhg1h5j42swfq.cloudfront.net\/2025\/02\/14111851\/concursos-conselhos.jpg\",\"contentUrl\":\"https:\/\/dhg1h5j42swfq.cloudfront.net\/2025\/02\/14111851\/concursos-conselhos.jpg\",\"width\":768,\"height\":432,\"caption\":\"Concursos Conselhos\"},{\"@type\":\"BreadcrumbList\",\"@id\":\"https:\/\/www.estrategiaconcursos.com.br\/blog\/concurso-crefito-6\/#breadcrumb\",\"itemListElement\":[{\"@type\":\"ListItem\",\"position\":1,\"name\":\"In\u00edcio\",\"item\":\"https:\/\/www.estrategiaconcursos.com.br\/blog\/\"},{\"@type\":\"ListItem\",\"position\":2,\"name\":\"Concurso CREFITO 6: resultado final homologado!\"}]},{\"@type\":\"WebSite\",\"@id\":\"https:\/\/www.estrategiaconcursos.com.br\/blog\/#website\",\"url\":\"https:\/\/www.estrategiaconcursos.com.br\/blog\/\",\"name\":\"Estrat\u00e9gia Concursos\",\"description\":\"O blog da Estrat\u00e9gia Concursos traz not\u00edcias sobre concursos e artigos de professores oferecendo cursos para concursos (pdf + videaulas) no site.\",\"publisher\":{\"@id\":\"https:\/\/www.estrategiaconcursos.com.br\/blog\/#organization\"},\"potentialAction\":[{\"@type\":\"SearchAction\",\"target\":{\"@type\":\"EntryPoint\",\"urlTemplate\":\"https:\/\/www.estrategiaconcursos.com.br\/blog\/?s={search_term_string}\"},\"query-input\":{\"@type\":\"PropertyValueSpecification\",\"valueRequired\":true,\"valueName\":\"search_term_string\"}}],\"inLanguage\":\"pt-BR\"},{\"@type\":\"Organization\",\"@id\":\"https:\/\/www.estrategiaconcursos.com.br\/blog\/#organization\",\"name\":\"Estrat\u00e9gia Concursos\",\"url\":\"https:\/\/www.estrategiaconcursos.com.br\/blog\/\",\"logo\":{\"@type\":\"ImageObject\",\"inLanguage\":\"pt-BR\",\"@id\":\"https:\/\/www.estrategiaconcursos.com.br\/blog\/#\/schema\/logo\/image\/\",\"url\":\"https:\/\/dhg1h5j42swfq.cloudfront.net\/2025\/06\/03203428\/logo_concursos-1.jpg\",\"contentUrl\":\"https:\/\/dhg1h5j42swfq.cloudfront.net\/2025\/06\/03203428\/logo_concursos-1.jpg\",\"width\":230,\"height\":60,\"caption\":\"Estrat\u00e9gia Concursos\"},\"image\":{\"@id\":\"https:\/\/www.estrategiaconcursos.com.br\/blog\/#\/schema\/logo\/image\/\"},\"sameAs\":[\"https:\/\/x.com\/EstratConcursos\"]},{\"@type\":\"Person\",\"@id\":\"https:\/\/www.estrategiaconcursos.com.br\/blog\/#\/schema\/person\/b4a388c97673c5f483d72185668afa1f\",\"name\":\"Coordena\u00e7\u00e3o\",\"image\":{\"@type\":\"ImageObject\",\"inLanguage\":\"pt-BR\",\"@id\":\"https:\/\/secure.gravatar.com\/avatar\/b720319e4c9a967eb58678d110f4fe35452fc5d5f97b202bac7b8acceb18c6ad?s=96&d=mm&r=g\",\"url\":\"https:\/\/secure.gravatar.com\/avatar\/b720319e4c9a967eb58678d110f4fe35452fc5d5f97b202bac7b8acceb18c6ad?s=96&d=mm&r=g\",\"contentUrl\":\"https:\/\/secure.gravatar.com\/avatar\/b720319e4c9a967eb58678d110f4fe35452fc5d5f97b202bac7b8acceb18c6ad?s=96&d=mm&r=g\",\"caption\":\"Coordena\u00e7\u00e3o\"},\"sameAs\":[\"https:\/\/www.facebook.com\/EstrategiaConcursos\",\"https:\/\/x.com\/EstratConcursos\"],\"url\":\"https:\/\/www.estrategiaconcursos.com.br\/blog\/author\/estrategia2013\/\"}]}<\/script>\n<!-- \/ Yoast SEO Premium plugin. -->","yoast_head_json":{"title":"Concurso CREFITO 6: resultado final homologado!","description":"Concurso CREFITO 6: edital ofertou 3 vagas + CR para cargos de n\u00edveis m\u00e9dio e superior. Homologa\u00e7\u00e3o publicada!","robots":{"index":"index","follow":"follow","max-snippet":"max-snippet:-1","max-image-preview":"max-image-preview:large","max-video-preview":"max-video-preview:-1"},"canonical":"https:\/\/www.estrategiaconcursos.com.br\/blog\/concurso-crefito-6\/","og_locale":"pt_BR","og_type":"article","og_title":"Concurso CREFITO 6: resultado final homologado!","og_description":"Concurso CREFITO 6: edital ofertou 3 vagas + CR para cargos de n\u00edveis m\u00e9dio e superior. Homologa\u00e7\u00e3o publicada!","og_url":"https:\/\/www.estrategiaconcursos.com.br\/blog\/concurso-crefito-6\/","og_site_name":"Estrat\u00e9gia Concursos","article_author":"https:\/\/www.facebook.com\/EstrategiaConcursos","article_published_time":"2025-12-16T09:28:00+00:00","article_modified_time":"2025-12-16T11:23:38+00:00","og_image":[{"width":768,"height":432,"url":"https:\/\/dhg1h5j42swfq.cloudfront.net\/2025\/02\/14111851\/concursos-conselhos.jpg","type":"image\/jpeg"}],"author":"Coordena\u00e7\u00e3o","twitter_card":"summary_large_image","twitter_creator":"@EstratConcursos","twitter_site":"@EstratConcursos","twitter_misc":{"Escrito por":"Coordena\u00e7\u00e3o","Est. tempo de leitura":"7 minutos"},"schema":{"@context":"https:\/\/schema.org","@graph":[{"@type":"NewsArticle","@id":"https:\/\/www.estrategiaconcursos.com.br\/blog\/concurso-crefito-6\/#article","isPartOf":{"@id":"https:\/\/www.estrategiaconcursos.com.br\/blog\/concurso-crefito-6\/"},"author":{"name":"Coordena\u00e7\u00e3o","@id":"https:\/\/www.estrategiaconcursos.com.br\/blog\/#\/schema\/person\/b4a388c97673c5f483d72185668afa1f"},"headline":"Concurso CREFITO 6: resultado final homologado!","datePublished":"2025-12-16T09:28:00+00:00","dateModified":"2025-12-16T11:23:38+00:00","mainEntityOfPage":{"@id":"https:\/\/www.estrategiaconcursos.com.br\/blog\/concurso-crefito-6\/"},"wordCount":989,"commentCount":0,"publisher":{"@id":"https:\/\/www.estrategiaconcursos.com.br\/blog\/#organization"},"image":{"@id":"https:\/\/www.estrategiaconcursos.com.br\/blog\/concurso-crefito-6\/#primaryimage"},"thumbnailUrl":"https:\/\/dhg1h5j42swfq.cloudfront.net\/2025\/02\/14111851\/concursos-conselhos.jpg","articleSection":["Conselhos Regionais"],"inLanguage":"pt-BR","potentialAction":[{"@type":"CommentAction","name":"Comment","target":["https:\/\/www.estrategiaconcursos.com.br\/blog\/concurso-crefito-6\/#respond"]}],"copyrightYear":"2025","copyrightHolder":{"@id":"https:\/\/www.estrategiaconcursos.com.br\/blog\/#organization"}},{"@type":"WebPage","@id":"https:\/\/www.estrategiaconcursos.com.br\/blog\/concurso-crefito-6\/","url":"https:\/\/www.estrategiaconcursos.com.br\/blog\/concurso-crefito-6\/","name":"Concurso CREFITO 6: resultado final homologado!","isPartOf":{"@id":"https:\/\/www.estrategiaconcursos.com.br\/blog\/#website"},"primaryImageOfPage":{"@id":"https:\/\/www.estrategiaconcursos.com.br\/blog\/concurso-crefito-6\/#primaryimage"},"image":{"@id":"https:\/\/www.estrategiaconcursos.com.br\/blog\/concurso-crefito-6\/#primaryimage"},"thumbnailUrl":"https:\/\/dhg1h5j42swfq.cloudfront.net\/2025\/02\/14111851\/concursos-conselhos.jpg","datePublished":"2025-12-16T09:28:00+00:00","dateModified":"2025-12-16T11:23:38+00:00","description":"Concurso CREFITO 6: edital ofertou 3 vagas + CR para cargos de n\u00edveis m\u00e9dio e superior. Homologa\u00e7\u00e3o publicada!","breadcrumb":{"@id":"https:\/\/www.estrategiaconcursos.com.br\/blog\/concurso-crefito-6\/#breadcrumb"},"inLanguage":"pt-BR","potentialAction":[{"@type":"ReadAction","target":["https:\/\/www.estrategiaconcursos.com.br\/blog\/concurso-crefito-6\/"]}]},{"@type":"ImageObject","inLanguage":"pt-BR","@id":"https:\/\/www.estrategiaconcursos.com.br\/blog\/concurso-crefito-6\/#primaryimage","url":"https:\/\/dhg1h5j42swfq.cloudfront.net\/2025\/02\/14111851\/concursos-conselhos.jpg","contentUrl":"https:\/\/dhg1h5j42swfq.cloudfront.net\/2025\/02\/14111851\/concursos-conselhos.jpg","width":768,"height":432,"caption":"Concursos Conselhos"},{"@type":"BreadcrumbList","@id":"https:\/\/www.estrategiaconcursos.com.br\/blog\/concurso-crefito-6\/#breadcrumb","itemListElement":[{"@type":"ListItem","position":1,"name":"In\u00edcio","item":"https:\/\/www.estrategiaconcursos.com.br\/blog\/"},{"@type":"ListItem","position":2,"name":"Concurso CREFITO 6: resultado final homologado!"}]},{"@type":"WebSite","@id":"https:\/\/www.estrategiaconcursos.com.br\/blog\/#website","url":"https:\/\/www.estrategiaconcursos.com.br\/blog\/","name":"Estrat\u00e9gia Concursos","description":"O blog da Estrat\u00e9gia Concursos traz not\u00edcias sobre concursos e artigos de professores oferecendo cursos para concursos (pdf + videaulas) no site.","publisher":{"@id":"https:\/\/www.estrategiaconcursos.com.br\/blog\/#organization"},"potentialAction":[{"@type":"SearchAction","target":{"@type":"EntryPoint","urlTemplate":"https:\/\/www.estrategiaconcursos.com.br\/blog\/?s={search_term_string}"},"query-input":{"@type":"PropertyValueSpecification","valueRequired":true,"valueName":"search_term_string"}}],"inLanguage":"pt-BR"},{"@type":"Organization","@id":"https:\/\/www.estrategiaconcursos.com.br\/blog\/#organization","name":"Estrat\u00e9gia Concursos","url":"https:\/\/www.estrategiaconcursos.com.br\/blog\/","logo":{"@type":"ImageObject","inLanguage":"pt-BR","@id":"https:\/\/www.estrategiaconcursos.com.br\/blog\/#\/schema\/logo\/image\/","url":"https:\/\/dhg1h5j42swfq.cloudfront.net\/2025\/06\/03203428\/logo_concursos-1.jpg","contentUrl":"https:\/\/dhg1h5j42swfq.cloudfront.net\/2025\/06\/03203428\/logo_concursos-1.jpg","width":230,"height":60,"caption":"Estrat\u00e9gia Concursos"},"image":{"@id":"https:\/\/www.estrategiaconcursos.com.br\/blog\/#\/schema\/logo\/image\/"},"sameAs":["https:\/\/x.com\/EstratConcursos"]},{"@type":"Person","@id":"https:\/\/www.estrategiaconcursos.com.br\/blog\/#\/schema\/person\/b4a388c97673c5f483d72185668afa1f","name":"Coordena\u00e7\u00e3o","image":{"@type":"ImageObject","inLanguage":"pt-BR","@id":"https:\/\/secure.gravatar.com\/avatar\/b720319e4c9a967eb58678d110f4fe35452fc5d5f97b202bac7b8acceb18c6ad?s=96&d=mm&r=g","url":"https:\/\/secure.gravatar.com\/avatar\/b720319e4c9a967eb58678d110f4fe35452fc5d5f97b202bac7b8acceb18c6ad?s=96&d=mm&r=g","contentUrl":"https:\/\/secure.gravatar.com\/avatar\/b720319e4c9a967eb58678d110f4fe35452fc5d5f97b202bac7b8acceb18c6ad?s=96&d=mm&r=g","caption":"Coordena\u00e7\u00e3o"},"sameAs":["https:\/\/www.facebook.com\/EstrategiaConcursos","https:\/\/x.com\/EstratConcursos"],"url":"https:\/\/www.estrategiaconcursos.com.br\/blog\/author\/estrategia2013\/"}]}},"_links":{"self":[{"href":"https:\/\/www.estrategiaconcursos.com.br\/blog\/wp-json\/wp\/v2\/posts\/898734","targetHints":{"allow":["GET"]}}],"collection":[{"href":"https:\/\/www.estrategiaconcursos.com.br\/blog\/wp-json\/wp\/v2\/posts"}],"about":[{"href":"https:\/\/www.estrategiaconcursos.com.br\/blog\/wp-json\/wp\/v2\/types\/post"}],"author":[{"embeddable":true,"href":"https:\/\/www.estrategiaconcursos.com.br\/blog\/wp-json\/wp\/v2\/users\/1"}],"replies":[{"embeddable":true,"href":"https:\/\/www.estrategiaconcursos.com.br\/blog\/wp-json\/wp\/v2\/comments?post=898734"}],"version-history":[{"count":58,"href":"https:\/\/www.estrategiaconcursos.com.br\/blog\/wp-json\/wp\/v2\/posts\/898734\/revisions"}],"predecessor-version":[{"id":1686280,"href":"https:\/\/www.estrategiaconcursos.com.br\/blog\/wp-json\/wp\/v2\/posts\/898734\/revisions\/1686280"}],"wp:featuredmedia":[{"embeddable":true,"href":"https:\/\/www.estrategiaconcursos.com.br\/blog\/wp-json\/wp\/v2\/media\/1532409"}],"wp:attachment":[{"href":"https:\/\/www.estrategiaconcursos.com.br\/blog\/wp-json\/wp\/v2\/media?parent=898734"}],"wp:term":[{"taxonomy":"category","embeddable":true,"href":"https:\/\/www.estrategiaconcursos.com.br\/blog\/wp-json\/wp\/v2\/categories?post=898734"},{"taxonomy":"post_tag","embeddable":true,"href":"https:\/\/www.estrategiaconcursos.com.br\/blog\/wp-json\/wp\/v2\/tags?post=898734"},{"taxonomy":"tax_estado","embeddable":true,"href":"https:\/\/www.estrategiaconcursos.com.br\/blog\/wp-json\/wp\/v2\/tax_estado?post=898734"}],"curies":[{"name":"wp","href":"https:\/\/api.w.org\/{rel}","templated":true}]}}