{"id":8983,"date":"2012-09-15T08:03:20","date_gmt":"2012-09-15T08:03:20","guid":{"rendered":"https:\/\/www.estrategiaconcursos.com.br\/blog\/noticia\/publicado-o-edital-do-concurso-da-prf-administrativo-4\/"},"modified":"2017-05-26T15:59:49","modified_gmt":"2017-05-26T18:59:49","slug":"publicado-o-edital-do-concurso-da-prf-administrativo-4","status":"publish","type":"post","link":"https:\/\/www.estrategiaconcursos.com.br\/blog\/publicado-o-edital-do-concurso-da-prf-administrativo-4\/","title":{"rendered":"Publicado o edital do concurso da PRF (Administrativo)"},"content":{"rendered":"<div style=\"text-align: justify; \">\n\tOl&aacute; caros(as) amigos(as),\n<\/div>\n<div style=\"text-align: justify; \">\n\t&nbsp;\n<\/div>\n<div style=\"text-align: justify; \">\n\tSaiu edital para cargos administrativos da&nbsp;<b>PRF&nbsp;<\/b>(Pol&iacute;cia Rodovi&aacute;ria Federal). S&atilde;o<b>&nbsp;71 vaga<\/b>s distribu&iacute;das para os cargos de:\n<\/div>\n<div style=\"text-align: justify; \">\n\t&nbsp;\n<\/div>\n<div style=\"text-align: justify; \">\n\tN&iacute;vel superior:\n<\/div>\n<div>\n\t<b><span style=\"background-color: rgb(255, 255, 255); \">&#8211; T&eacute;cnico de N&iacute;vel Superior (01 vaga) &#8211; at&eacute; R$ 4.393,22;<\/span><br style=\"background-color: rgb(255, 255, 255); \" \/><br \/>\n\t<span style=\"background-color: rgb(255, 255, 255); \">&#8211; T&eacute;cnico em Assuntos Educacionais (03 vagas) &#8211; at&eacute; R$ 4.393,22.<\/span><\/b>\n<\/div>\n<div>\n\t&nbsp;\n<\/div>\n<div style=\"text-align: justify; \">\n\tN&iacute;vel m&eacute;dio:\n<\/div>\n<div style=\"text-align: justify; \">\n\t<b>&#8211; Agente Administrativo (67 vagas) &#8211; at&eacute; R$ 3.435,47.<\/b>\n<\/div>\n<div style=\"text-align: justify; \">\n\t&nbsp;\n<\/div>\n<div style=\"text-align: justify; \">\n\tAs provas&nbsp;ser&atilde;o aplicadas em&nbsp;<b>18 de Novembro<\/b>.&nbsp;O&nbsp;<b><font color=\"#0000ff\">Estrat&eacute;gia Concursos<\/font>&nbsp;<u>j&aacute; lan&ccedil;ou<\/u><\/b> um pacote completo para o cargo de Agente Administrativo e um pacote de conhecimentos b&aacute;sicos para os cargos de n&iacute;vel superior, al&eacute;m de diversos cursos avulsos.\n<\/div>\n<div style=\"text-align: justify; \">\n\t&nbsp;\n<\/div>\n<div style=\"text-align: justify; \">\n\tOs cursos da PRF podem ser vistos <b><font color=\"#ff0000\"><a href=\"http:\/\/www.estrategiaconcursos.com.br\/cursos-concursos\/20\/prf-policia-rodoviaria-federal\"><font color=\"#ff0000\">NESTE LINK<\/font><\/a>.<\/font><\/b>\n<\/div>\n<div style=\"text-align: justify; \">\n\t&nbsp;\n<\/div>\n<div style=\"text-align: justify; \">\n\tO&nbsp;<b>Edital<\/b>&nbsp;pode ser conferido no link abaixo:\n<\/div>\n<div style=\"text-align: justify; \">\n\t<font color=\"#0000ff\"><a href=\"http:\/\/www.cespe.unb.br\/concursos\/dprf_12_administrativo\/arquivos\/ED_1_2012_DPRF_ADM_ABT.PDF\">http:\/\/www.cespe.unb.br\/concursos\/dprf_12_administrativo\/arquivos\/ED_1_2012_DPRF_ADM_ABT.PDF<\/a><\/font>\n<\/div>\n<div style=\"text-align: justify; \">\n\t&nbsp;\n<\/div>\n<div>\n\tVeja a <a href=\"https:\/\/www.estrategiaconcursos.com.br\/blog\/edital-prf\/\">an&aacute;lise do Edital PRF aqui<\/a>\n<\/div>\n<div>\n\t&nbsp;\n<\/div>\n<div style=\"text-align: justify; \">\n\tAbra&ccedil;os e bons estudos!\n<\/div>\n<div style=\"text-align: justify; \">\n\tCoordena&ccedil;&atilde;o do Estrat&eacute;gia\n<\/div>\n","protected":false},"excerpt":{"rendered":"<p>Ol&aacute; caros(as) amigos(as), &nbsp; Saiu edital para cargos administrativos da&nbsp;PRF&nbsp;(Pol&iacute;cia Rodovi&aacute;ria Federal). S&atilde;o&nbsp;71 vagas distribu&iacute;das para os cargos de: &nbsp; N&iacute;vel superior: &#8211; T&eacute;cnico de N&iacute;vel Superior (01 vaga) &#8211; at&eacute; R$ 4.393,22; &#8211; T&eacute;cnico em Assuntos Educacionais (03 vagas) &#8211; at&eacute; R$ 4.393,22. &nbsp; N&iacute;vel m&eacute;dio: &#8211; Agente Administrativo (67 vagas) &#8211; at&eacute; R$ [&hellip;]<\/p>\n","protected":false},"author":117,"featured_media":0,"comment_status":"open","ping_status":"open","sticky":false,"template":"","format":"standard","meta":{"post_tipo":"article","footnotes":""},"categories":[1],"tags":[],"tax_estado":[],"class_list":["post-8983","post","type-post","status-publish","format-standard","hentry","category-cursos-e-concursos"],"acf":[],"yoast_head":"<!-- This site is optimized with the Yoast SEO Premium plugin v27.2 (Yoast SEO v27.2) - https:\/\/yoast.com\/product\/yoast-seo-premium-wordpress\/ -->\n<title>Publicado o edital do concurso da PRF (Administrativo)<\/title>\n<meta name=\"robots\" content=\"index, follow, max-snippet:-1, max-image-preview:large, max-video-preview:-1\" \/>\n<link rel=\"canonical\" href=\"https:\/\/www.estrategiaconcursos.com.br\/blog\/publicado-o-edital-do-concurso-da-prf-administrativo-4\/\" \/>\n<meta property=\"og:locale\" content=\"pt_BR\" \/>\n<meta property=\"og:type\" content=\"article\" \/>\n<meta property=\"og:title\" content=\"Publicado o edital do concurso da PRF (Administrativo)\" \/>\n<meta property=\"og:description\" content=\"Ol&aacute; caros(as) amigos(as), &nbsp; Saiu edital para cargos administrativos da&nbsp;PRF&nbsp;(Pol&iacute;cia Rodovi&aacute;ria Federal). S&atilde;o&nbsp;71 vagas distribu&iacute;das para os cargos de: &nbsp; N&iacute;vel superior: &#8211; T&eacute;cnico de N&iacute;vel Superior (01 vaga) &#8211; at&eacute; R$ 4.393,22; &#8211; T&eacute;cnico em Assuntos Educacionais (03 vagas) &#8211; at&eacute; R$ 4.393,22. &nbsp; N&iacute;vel m&eacute;dio: &#8211; Agente Administrativo (67 vagas) &#8211; at&eacute; R$ [&hellip;]\" \/>\n<meta property=\"og:url\" content=\"https:\/\/www.estrategiaconcursos.com.br\/blog\/publicado-o-edital-do-concurso-da-prf-administrativo-4\/\" \/>\n<meta property=\"og:site_name\" content=\"Estrat\u00e9gia Concursos\" \/>\n<meta property=\"article:author\" content=\"https:\/\/www.facebook.com\/heber.economia\" \/>\n<meta property=\"article:published_time\" content=\"2012-09-15T08:03:20+00:00\" \/>\n<meta property=\"article:modified_time\" content=\"2017-05-26T18:59:49+00:00\" \/>\n<meta name=\"author\" content=\"Heber\" \/>\n<meta name=\"twitter:card\" content=\"summary_large_image\" \/>\n<meta name=\"twitter:creator\" content=\"@EstratConcursos\" \/>\n<meta name=\"twitter:site\" content=\"@EstratConcursos\" \/>\n<meta name=\"twitter:label1\" content=\"Escrito por\" \/>\n\t<meta name=\"twitter:data1\" content=\"Heber\" \/>\n\t<meta name=\"twitter:label2\" content=\"Est. tempo de leitura\" \/>\n\t<meta name=\"twitter:data2\" content=\"1 minuto\" \/>\n<script type=\"application\/ld+json\" class=\"yoast-schema-graph\">{\"@context\":\"https:\/\/schema.org\",\"@graph\":[{\"@type\":\"NewsArticle\",\"@id\":\"https:\/\/www.estrategiaconcursos.com.br\/blog\/publicado-o-edital-do-concurso-da-prf-administrativo-4\/#article\",\"isPartOf\":{\"@id\":\"https:\/\/www.estrategiaconcursos.com.br\/blog\/publicado-o-edital-do-concurso-da-prf-administrativo-4\/\"},\"author\":{\"name\":\"Heber\",\"@id\":\"https:\/\/www.estrategiaconcursos.com.br\/blog\/#\/schema\/person\/25c964f4c9f8344ab8501a793f610e6e\"},\"headline\":\"Publicado o edital do concurso da PRF (Administrativo)\",\"datePublished\":\"2012-09-15T08:03:20+00:00\",\"dateModified\":\"2017-05-26T18:59:49+00:00\",\"mainEntityOfPage\":{\"@id\":\"https:\/\/www.estrategiaconcursos.com.br\/blog\/publicado-o-edital-do-concurso-da-prf-administrativo-4\/\"},\"wordCount\":206,\"commentCount\":0,\"publisher\":{\"@id\":\"https:\/\/www.estrategiaconcursos.com.br\/blog\/#organization\"},\"articleSection\":[\"Concursos P\u00fablicos\"],\"inLanguage\":\"pt-BR\",\"potentialAction\":[{\"@type\":\"CommentAction\",\"name\":\"Comment\",\"target\":[\"https:\/\/www.estrategiaconcursos.com.br\/blog\/publicado-o-edital-do-concurso-da-prf-administrativo-4\/#respond\"]}],\"copyrightYear\":\"2012\",\"copyrightHolder\":{\"@id\":\"https:\/\/www.estrategiaconcursos.com.br\/blog\/#organization\"}},{\"@type\":\"WebPage\",\"@id\":\"https:\/\/www.estrategiaconcursos.com.br\/blog\/publicado-o-edital-do-concurso-da-prf-administrativo-4\/\",\"url\":\"https:\/\/www.estrategiaconcursos.com.br\/blog\/publicado-o-edital-do-concurso-da-prf-administrativo-4\/\",\"name\":\"Publicado o edital do concurso da PRF (Administrativo)\",\"isPartOf\":{\"@id\":\"https:\/\/www.estrategiaconcursos.com.br\/blog\/#website\"},\"datePublished\":\"2012-09-15T08:03:20+00:00\",\"dateModified\":\"2017-05-26T18:59:49+00:00\",\"breadcrumb\":{\"@id\":\"https:\/\/www.estrategiaconcursos.com.br\/blog\/publicado-o-edital-do-concurso-da-prf-administrativo-4\/#breadcrumb\"},\"inLanguage\":\"pt-BR\",\"potentialAction\":[{\"@type\":\"ReadAction\",\"target\":[\"https:\/\/www.estrategiaconcursos.com.br\/blog\/publicado-o-edital-do-concurso-da-prf-administrativo-4\/\"]}]},{\"@type\":\"BreadcrumbList\",\"@id\":\"https:\/\/www.estrategiaconcursos.com.br\/blog\/publicado-o-edital-do-concurso-da-prf-administrativo-4\/#breadcrumb\",\"itemListElement\":[{\"@type\":\"ListItem\",\"position\":1,\"name\":\"In\u00edcio\",\"item\":\"https:\/\/www.estrategiaconcursos.com.br\/blog\/\"},{\"@type\":\"ListItem\",\"position\":2,\"name\":\"Publicado o edital do concurso da PRF (Administrativo)\"}]},{\"@type\":\"WebSite\",\"@id\":\"https:\/\/www.estrategiaconcursos.com.br\/blog\/#website\",\"url\":\"https:\/\/www.estrategiaconcursos.com.br\/blog\/\",\"name\":\"Estrat\u00e9gia Concursos\",\"description\":\"O blog da Estrat\u00e9gia Concursos traz not\u00edcias sobre concursos e artigos de professores oferecendo cursos para concursos (pdf + videaulas) no site.\",\"publisher\":{\"@id\":\"https:\/\/www.estrategiaconcursos.com.br\/blog\/#organization\"},\"potentialAction\":[{\"@type\":\"SearchAction\",\"target\":{\"@type\":\"EntryPoint\",\"urlTemplate\":\"https:\/\/www.estrategiaconcursos.com.br\/blog\/?s={search_term_string}\"},\"query-input\":{\"@type\":\"PropertyValueSpecification\",\"valueRequired\":true,\"valueName\":\"search_term_string\"}}],\"inLanguage\":\"pt-BR\"},{\"@type\":\"Organization\",\"@id\":\"https:\/\/www.estrategiaconcursos.com.br\/blog\/#organization\",\"name\":\"Estrat\u00e9gia Concursos\",\"url\":\"https:\/\/www.estrategiaconcursos.com.br\/blog\/\",\"logo\":{\"@type\":\"ImageObject\",\"inLanguage\":\"pt-BR\",\"@id\":\"https:\/\/www.estrategiaconcursos.com.br\/blog\/#\/schema\/logo\/image\/\",\"url\":\"https:\/\/dhg1h5j42swfq.cloudfront.net\/2025\/06\/03203428\/logo_concursos-1.jpg\",\"contentUrl\":\"https:\/\/dhg1h5j42swfq.cloudfront.net\/2025\/06\/03203428\/logo_concursos-1.jpg\",\"width\":230,\"height\":60,\"caption\":\"Estrat\u00e9gia Concursos\"},\"image\":{\"@id\":\"https:\/\/www.estrategiaconcursos.com.br\/blog\/#\/schema\/logo\/image\/\"},\"sameAs\":[\"https:\/\/x.com\/EstratConcursos\"]},{\"@type\":\"Person\",\"@id\":\"https:\/\/www.estrategiaconcursos.com.br\/blog\/#\/schema\/person\/25c964f4c9f8344ab8501a793f610e6e\",\"name\":\"Heber\",\"image\":{\"@type\":\"ImageObject\",\"inLanguage\":\"pt-BR\",\"@id\":\"https:\/\/secure.gravatar.com\/avatar\/103d47c5547e05c67bc893ccd3ab69e3a288fd2c759694ef30b530b2f046a242?s=96&d=mm&r=g\",\"url\":\"https:\/\/secure.gravatar.com\/avatar\/103d47c5547e05c67bc893ccd3ab69e3a288fd2c759694ef30b530b2f046a242?s=96&d=mm&r=g\",\"contentUrl\":\"https:\/\/secure.gravatar.com\/avatar\/103d47c5547e05c67bc893ccd3ab69e3a288fd2c759694ef30b530b2f046a242?s=96&d=mm&r=g\",\"caption\":\"Heber\"},\"sameAs\":[\"https:\/\/www.facebook.com\/heber.economia\"],\"url\":\"https:\/\/www.estrategiaconcursos.com.br\/blog\/author\/heberestrategiaconcursos-com-br\/\"}]}<\/script>\n<!-- \/ Yoast SEO Premium plugin. -->","yoast_head_json":{"title":"Publicado o edital do concurso da PRF (Administrativo)","robots":{"index":"index","follow":"follow","max-snippet":"max-snippet:-1","max-image-preview":"max-image-preview:large","max-video-preview":"max-video-preview:-1"},"canonical":"https:\/\/www.estrategiaconcursos.com.br\/blog\/publicado-o-edital-do-concurso-da-prf-administrativo-4\/","og_locale":"pt_BR","og_type":"article","og_title":"Publicado o edital do concurso da PRF (Administrativo)","og_description":"Ol&aacute; caros(as) amigos(as), &nbsp; Saiu edital para cargos administrativos da&nbsp;PRF&nbsp;(Pol&iacute;cia Rodovi&aacute;ria Federal). S&atilde;o&nbsp;71 vagas distribu&iacute;das para os cargos de: &nbsp; N&iacute;vel superior: &#8211; T&eacute;cnico de N&iacute;vel Superior (01 vaga) &#8211; at&eacute; R$ 4.393,22; &#8211; T&eacute;cnico em Assuntos Educacionais (03 vagas) &#8211; at&eacute; R$ 4.393,22. &nbsp; N&iacute;vel m&eacute;dio: &#8211; Agente Administrativo (67 vagas) &#8211; at&eacute; R$ [&hellip;]","og_url":"https:\/\/www.estrategiaconcursos.com.br\/blog\/publicado-o-edital-do-concurso-da-prf-administrativo-4\/","og_site_name":"Estrat\u00e9gia Concursos","article_author":"https:\/\/www.facebook.com\/heber.economia","article_published_time":"2012-09-15T08:03:20+00:00","article_modified_time":"2017-05-26T18:59:49+00:00","author":"Heber","twitter_card":"summary_large_image","twitter_creator":"@EstratConcursos","twitter_site":"@EstratConcursos","twitter_misc":{"Escrito por":"Heber","Est. tempo de leitura":"1 minuto"},"schema":{"@context":"https:\/\/schema.org","@graph":[{"@type":"NewsArticle","@id":"https:\/\/www.estrategiaconcursos.com.br\/blog\/publicado-o-edital-do-concurso-da-prf-administrativo-4\/#article","isPartOf":{"@id":"https:\/\/www.estrategiaconcursos.com.br\/blog\/publicado-o-edital-do-concurso-da-prf-administrativo-4\/"},"author":{"name":"Heber","@id":"https:\/\/www.estrategiaconcursos.com.br\/blog\/#\/schema\/person\/25c964f4c9f8344ab8501a793f610e6e"},"headline":"Publicado o edital do concurso da PRF (Administrativo)","datePublished":"2012-09-15T08:03:20+00:00","dateModified":"2017-05-26T18:59:49+00:00","mainEntityOfPage":{"@id":"https:\/\/www.estrategiaconcursos.com.br\/blog\/publicado-o-edital-do-concurso-da-prf-administrativo-4\/"},"wordCount":206,"commentCount":0,"publisher":{"@id":"https:\/\/www.estrategiaconcursos.com.br\/blog\/#organization"},"articleSection":["Concursos P\u00fablicos"],"inLanguage":"pt-BR","potentialAction":[{"@type":"CommentAction","name":"Comment","target":["https:\/\/www.estrategiaconcursos.com.br\/blog\/publicado-o-edital-do-concurso-da-prf-administrativo-4\/#respond"]}],"copyrightYear":"2012","copyrightHolder":{"@id":"https:\/\/www.estrategiaconcursos.com.br\/blog\/#organization"}},{"@type":"WebPage","@id":"https:\/\/www.estrategiaconcursos.com.br\/blog\/publicado-o-edital-do-concurso-da-prf-administrativo-4\/","url":"https:\/\/www.estrategiaconcursos.com.br\/blog\/publicado-o-edital-do-concurso-da-prf-administrativo-4\/","name":"Publicado o edital do concurso da PRF (Administrativo)","isPartOf":{"@id":"https:\/\/www.estrategiaconcursos.com.br\/blog\/#website"},"datePublished":"2012-09-15T08:03:20+00:00","dateModified":"2017-05-26T18:59:49+00:00","breadcrumb":{"@id":"https:\/\/www.estrategiaconcursos.com.br\/blog\/publicado-o-edital-do-concurso-da-prf-administrativo-4\/#breadcrumb"},"inLanguage":"pt-BR","potentialAction":[{"@type":"ReadAction","target":["https:\/\/www.estrategiaconcursos.com.br\/blog\/publicado-o-edital-do-concurso-da-prf-administrativo-4\/"]}]},{"@type":"BreadcrumbList","@id":"https:\/\/www.estrategiaconcursos.com.br\/blog\/publicado-o-edital-do-concurso-da-prf-administrativo-4\/#breadcrumb","itemListElement":[{"@type":"ListItem","position":1,"name":"In\u00edcio","item":"https:\/\/www.estrategiaconcursos.com.br\/blog\/"},{"@type":"ListItem","position":2,"name":"Publicado o edital do concurso da PRF (Administrativo)"}]},{"@type":"WebSite","@id":"https:\/\/www.estrategiaconcursos.com.br\/blog\/#website","url":"https:\/\/www.estrategiaconcursos.com.br\/blog\/","name":"Estrat\u00e9gia Concursos","description":"O blog da Estrat\u00e9gia Concursos traz not\u00edcias sobre concursos e artigos de professores oferecendo cursos para concursos (pdf + videaulas) no site.","publisher":{"@id":"https:\/\/www.estrategiaconcursos.com.br\/blog\/#organization"},"potentialAction":[{"@type":"SearchAction","target":{"@type":"EntryPoint","urlTemplate":"https:\/\/www.estrategiaconcursos.com.br\/blog\/?s={search_term_string}"},"query-input":{"@type":"PropertyValueSpecification","valueRequired":true,"valueName":"search_term_string"}}],"inLanguage":"pt-BR"},{"@type":"Organization","@id":"https:\/\/www.estrategiaconcursos.com.br\/blog\/#organization","name":"Estrat\u00e9gia Concursos","url":"https:\/\/www.estrategiaconcursos.com.br\/blog\/","logo":{"@type":"ImageObject","inLanguage":"pt-BR","@id":"https:\/\/www.estrategiaconcursos.com.br\/blog\/#\/schema\/logo\/image\/","url":"https:\/\/dhg1h5j42swfq.cloudfront.net\/2025\/06\/03203428\/logo_concursos-1.jpg","contentUrl":"https:\/\/dhg1h5j42swfq.cloudfront.net\/2025\/06\/03203428\/logo_concursos-1.jpg","width":230,"height":60,"caption":"Estrat\u00e9gia Concursos"},"image":{"@id":"https:\/\/www.estrategiaconcursos.com.br\/blog\/#\/schema\/logo\/image\/"},"sameAs":["https:\/\/x.com\/EstratConcursos"]},{"@type":"Person","@id":"https:\/\/www.estrategiaconcursos.com.br\/blog\/#\/schema\/person\/25c964f4c9f8344ab8501a793f610e6e","name":"Heber","image":{"@type":"ImageObject","inLanguage":"pt-BR","@id":"https:\/\/secure.gravatar.com\/avatar\/103d47c5547e05c67bc893ccd3ab69e3a288fd2c759694ef30b530b2f046a242?s=96&d=mm&r=g","url":"https:\/\/secure.gravatar.com\/avatar\/103d47c5547e05c67bc893ccd3ab69e3a288fd2c759694ef30b530b2f046a242?s=96&d=mm&r=g","contentUrl":"https:\/\/secure.gravatar.com\/avatar\/103d47c5547e05c67bc893ccd3ab69e3a288fd2c759694ef30b530b2f046a242?s=96&d=mm&r=g","caption":"Heber"},"sameAs":["https:\/\/www.facebook.com\/heber.economia"],"url":"https:\/\/www.estrategiaconcursos.com.br\/blog\/author\/heberestrategiaconcursos-com-br\/"}]}},"_links":{"self":[{"href":"https:\/\/www.estrategiaconcursos.com.br\/blog\/wp-json\/wp\/v2\/posts\/8983","targetHints":{"allow":["GET"]}}],"collection":[{"href":"https:\/\/www.estrategiaconcursos.com.br\/blog\/wp-json\/wp\/v2\/posts"}],"about":[{"href":"https:\/\/www.estrategiaconcursos.com.br\/blog\/wp-json\/wp\/v2\/types\/post"}],"author":[{"embeddable":true,"href":"https:\/\/www.estrategiaconcursos.com.br\/blog\/wp-json\/wp\/v2\/users\/117"}],"replies":[{"embeddable":true,"href":"https:\/\/www.estrategiaconcursos.com.br\/blog\/wp-json\/wp\/v2\/comments?post=8983"}],"version-history":[{"count":1,"href":"https:\/\/www.estrategiaconcursos.com.br\/blog\/wp-json\/wp\/v2\/posts\/8983\/revisions"}],"predecessor-version":[{"id":75588,"href":"https:\/\/www.estrategiaconcursos.com.br\/blog\/wp-json\/wp\/v2\/posts\/8983\/revisions\/75588"}],"wp:attachment":[{"href":"https:\/\/www.estrategiaconcursos.com.br\/blog\/wp-json\/wp\/v2\/media?parent=8983"}],"wp:term":[{"taxonomy":"category","embeddable":true,"href":"https:\/\/www.estrategiaconcursos.com.br\/blog\/wp-json\/wp\/v2\/categories?post=8983"},{"taxonomy":"post_tag","embeddable":true,"href":"https:\/\/www.estrategiaconcursos.com.br\/blog\/wp-json\/wp\/v2\/tags?post=8983"},{"taxonomy":"tax_estado","embeddable":true,"href":"https:\/\/www.estrategiaconcursos.com.br\/blog\/wp-json\/wp\/v2\/tax_estado?post=8983"}],"curies":[{"name":"wp","href":"https:\/\/api.w.org\/{rel}","templated":true}]}}